{"id":54970,"date":"2024-02-08T16:39:38","date_gmt":"2024-02-08T14:39:38","guid":{"rendered":"https:\/\/just-now.news\/de\/deutschland\/eu-schliesst-jetzt-sanktionen-gegen-tucker-carlson-aus\/"},"modified":"2024-02-08T16:39:38","modified_gmt":"2024-02-08T14:39:38","slug":"eu-schliesst-jetzt-sanktionen-gegen-tucker-carlson-aus","status":"publish","type":"post","link":"https:\/\/now-news.de\/de\/deutschland\/eu-schliesst-jetzt-sanktionen-gegen-tucker-carlson-aus\/","title":{"rendered":"EU schlie\u00dft jetzt Sanktionen gegen Tucker Carlson aus"},"content":{"rendered":"<p><img decoding=\"async\" src=\"http:\/\/just-now.news\/de\/wp-content\/uploads\/sites\/3\/2024\/02\/65c4db9848fbef5620759ac8.jpg\" \/><\/p>\n<div class=\"Text-root Text-type_1 \">\n                Der belgische Europaabgeordnete Guy Verhofstadt, der daf\u00fcr bekannt ist, alles, was nicht in sein Weltbild passt, verbieten zu wollen, hatte vorgeschlagen, dass die EU dem US-Journalisten Tucker Carlson wegen seines Interviews mit Wladimir Putin Beschr\u00e4nkungen auferlegen k\u00f6nnte.\n            <\/div>\n<p><\/p>\n<div class=\"Text-root Text-type_5 ArticleView-text ViewText-root \">\n<p>Die EU hat keine Pl\u00e4ne, den US-amerikanischen Journalisten Tucker Carlson wegen seines Interviews mit dem russischen Pr\u00e4sidenten Wladimir Putin zu sanktionieren, berichtet <em>TASS<\/em> unter Berufung auf Quellen. Das mit gro\u00dfer Spannung erwartete Interview wurde vom Kreml best\u00e4tigt und soll am Donnerstag um 18 Uhr EST (23 Uhr GMT) ausgestrahlt werden.<\/p>\n<p>Am Mittwoch berichtete das US-Magazin <em>Newsweek<\/em> unter Berufung auf mehrere derzeitige und ehemalige EU-Gesetzgeber, dass Br\u00fcssel dem ehemaligen <em>Fox-News<\/em>-Moderator den Besuch von L\u00e4ndern innerhalb der EU verbieten k\u00f6nnte. Der Europaabgeordnete Guy Verhofstadt, der einst belgischer Premierminister war, schlug vor, dass die EU Carlsons Fall untersuchen k\u00f6nnte, da Br\u00fcssel jeden sanktioniere, der den russischen Pr\u00e4sidenten Wladimir Putin unterst\u00fctze \u2013 den er als &#8220;Kriegsverbrecher&#8221; bezeichnete.<\/p>\n<div class=\"EmbedBlock-root EmbedBlock-twitter\">\n<div class=\"TwitterEmbed\">\n<blockquote class=\"twitter-tweet lazyload\" data-twitter=\"twitter-tweet\">\n<p lang=\"en\" dir=\"ltr\">Tucker Carlson is surely on the path to being labelled a propagandist for the Russian regime. If he enables disinformation for Putin, the EU should explore a travel ban ! <a rel=\"nofollow noopener\" target=\"_blank\" href=\"https:\/\/t.co\/RKwEtvg0pR\">pic.twitter.com\/RKwEtvg0pR<\/a><\/p>\n<p>\u2014 Guy Verhofstadt (@guyverhofstadt) <a rel=\"nofollow noopener\" target=\"_blank\" href=\"https:\/\/twitter.com\/guyverhofstadt\/status\/1754517903167173061?ref_src=twsrc%5Etfw\">February 5, 2024<\/a><\/p><\/blockquote>\n<\/div>\n<\/div>\n<p>Carlson sagte, er wolle mit Putin sprechen, weil es seine &#8220;Pflicht sei, die Menschen zu informieren&#8221;, insbesondere im Hinblick auf den Ukraine-Konflikt, da die USA Kiew unterst\u00fctzen. Er f\u00fcgte hinzu, dass viele westliche Medien &#8220;ihre Leser und Zuschauer anl\u00fcgen&#8221;, indem sie die Position Kiews vertr\u00e4ten und die Russlands diskreditierten.<\/p>\n<p>In Bezug auf den <em>Newsweek<\/em>-Bericht betonte eine <em>TASS<\/em>-Quelle im EU-Rat, dass Sanktionen gegen Carlson vorerst nicht zur Debatte st\u00fcnden. Die daf\u00fcr erforderliche Rechtsgrundlage seien Beweise daf\u00fcr, dass eine Person &#8220;die Souver\u00e4nit\u00e4t und territoriale Integrit\u00e4t der Ukraine bedroht und untergr\u00e4bt&#8221;.<\/p>\n<p>&#8220;Wir haben keine ernsthaften Gr\u00fcnde dazu, diesen Journalisten auf die schwarze Liste zu setzen&#8221;, f\u00fcgte die Quelle hinzu.<\/p>\n<p>Die Ger\u00fcchte \u00fcber m\u00f6gliche EU-Sanktionen gegen Carlson emp\u00f6rten auch den US-amerikanischen Milliard\u00e4r und Eigent\u00fcmer von <em>X<\/em> (ehemals <em>Twitter<\/em>) Elon Musk. &#8220;Man mag mit Tucker einverstanden sein oder nicht, aber er ist ein bedeutender amerikanischer Journalist, und eine solche Ma\u00dfnahme w\u00fcrde die amerikanische \u00d6ffentlichkeit zutiefst beleidigen&#8221;, schrieb er. Musk hatte zuvor versprochen, das Putin-Interview auf seiner Plattform nicht zu unterdr\u00fccken.<\/p>\n<p>Carlson hatte zuvor behauptet, die Regierung von US-Pr\u00e4sident Joe Biden habe versucht, ihn an der Moskau-Reise zu hindern und Putin zu interviewen. Die Pressesprecherin des Wei\u00dfen Hauses, Karine Jean-Pierre, nannte die Anschuldigungen &#8220;l\u00e4cherlich&#8221;.<\/p>\n<p><strong>Mehr zum Thema<\/strong> \u2013 <a rel=\"nofollow noopener\" target=\"_blank\" href=\"https:\/\/freeassange.rtde.life\/international\/195515-tucker-carlsons-interview-mit-wladimir\/\">Tucker Carlson ver\u00f6ffentlicht Interview mit Wladimir Putin in der Nacht zu Freitag<\/a><\/p>\n<div class=\"EmbedBlock-root EmbedBlock-externalVideo EmbedBlock-odysee\">\n<div class=\"VkEmbed\"><iframe class=\"lazyload\" data-src=\"https:\/\/odysee.com\/%24\/embed\/%40RTDE%3Ae%2FInterview-mit-Putin--Tucker-Carlson-verspricht-Ver%C3%B6ffentlichung--ohne-Zensur--%3A2\" frameborder=\"0\" width=\"853\" height=\"480\" allowfullscreen><\/iframe><\/div>\n<\/div>\n<\/div>\n<p><script async src=\"https:\/\/platform.twitter.com\/widgets.js\" charset=\"utf-8\"><\/script><br \/>\n<br \/><br \/>\n<br \/><a href=\"https:\/\/de.rt.com\/international\/195568-eu-schliesst-sanktionen-gegen-tucker\/\">Source link <\/a><\/p>\n","protected":false},"excerpt":{"rendered":"<p>Der belgische Europaabgeordnete Guy Verhofstadt, der daf\u00fcr bekannt ist, alles, was nicht in sein Weltbild passt, verbieten zu wollen, hatte vorgeschlagen, dass die EU dem US-Journalisten Tucker Carlson wegen seines Interviews mit Wladimir Putin Beschr\u00e4nkungen auferlegen k\u00f6nnte. Die EU hat keine Pl\u00e4ne, den US-amerikanischen Journalisten Tucker Carlson wegen seines Interviews mit dem russischen Pr\u00e4sidenten Wladimir [&hellip;]<\/p>\n","protected":false},"author":3,"featured_media":54971,"comment_status":"open","ping_status":"open","sticky":false,"template":"","format":"standard","meta":{"_yoast_indexnow_last_ping":["1707403467"],"wp_automatic_camp":["217"],"d21fb04ef324014a3a1f8e0bc886d921":["EU schlie\u00dft jetzt Sanktionen gegen Tucker Carlson aus"],"original_link":["https:\/\/de.rt.com\/international\/195568-eu-schliesst-sanktionen-gegen-tucker\/"],"_thumbnail_id":["54971"],"_wptgpro_p2tg_sent2tg":["a:1:{i:23737;s:19:\"2024-02-08 16:45:31\";}"],"jnews_social_counter_last_update":["1777325392"]},"categories":[19,23],"tags":[679,10167,278,2731,713,870,10166],"yoast_head":"<!-- This site is optimized with the Yoast SEO Premium plugin v22.7 (Yoast SEO v22.7) - https:\/\/yoast.com\/wordpress\/plugins\/seo\/ -->\n<title>EU schlie\u00dft jetzt Sanktionen gegen Tucker Carlson aus - just-now.NEWS Deutschland<\/title>\n<meta name=\"robots\" content=\"index, follow, max-snippet:-1, max-image-preview:large, max-video-preview:-1\" \/>\n<link rel=\"canonical\" href=\"https:\/\/now-news.de\/de\/deutschland\/eu-schliesst-jetzt-sanktionen-gegen-tucker-carlson-aus\/\" \/>\n<meta property=\"og:locale\" content=\"de_DE\" \/>\n<meta property=\"og:type\" content=\"article\" \/>\n<meta property=\"og:title\" content=\"EU schlie\u00dft jetzt Sanktionen gegen Tucker Carlson aus\" \/>\n<meta property=\"og:description\" content=\"Der belgische Europaabgeordnete Guy Verhofstadt, der daf\u00fcr bekannt ist, alles, was nicht in sein Weltbild passt, verbieten zu wollen, hatte vorgeschlagen, dass die EU dem US-Journalisten Tucker Carlson wegen seines Interviews mit Wladimir Putin Beschr\u00e4nkungen auferlegen k\u00f6nnte. Die EU hat keine Pl\u00e4ne, den US-amerikanischen Journalisten Tucker Carlson wegen seines Interviews mit dem russischen Pr\u00e4sidenten Wladimir [&hellip;]\" \/>\n<meta property=\"og:url\" content=\"https:\/\/now-news.de\/de\/deutschland\/eu-schliesst-jetzt-sanktionen-gegen-tucker-carlson-aus\/\" \/>\n<meta property=\"og:site_name\" content=\"just-now.NEWS Deutschland\" \/>\n<meta property=\"article:publisher\" content=\"https:\/\/www.facebook.com\/wirmachenauf\" \/>\n<meta property=\"article:published_time\" content=\"2024-02-08T14:39:38+00:00\" \/>\n<meta property=\"og:image\" content=\"https:\/\/now-news.de\/de\/wp-content\/uploads\/sites\/3\/2024\/02\/EU-schliesst-jetzt-Sanktionen-gegen-Tucker-Carlson-aus.jpg\" \/>\n\t<meta property=\"og:image:width\" content=\"460\" \/>\n\t<meta property=\"og:image:height\" content=\"259\" \/>\n\t<meta property=\"og:image:type\" content=\"image\/jpeg\" \/>\n<meta name=\"author\" content=\"rtnews\" \/>\n<meta name=\"twitter:card\" content=\"summary_large_image\" \/>\n<meta name=\"twitter:creator\" content=\"@WirMachenAuf_de\" \/>\n<meta name=\"twitter:site\" content=\"@WirMachenAuf_de\" \/>\n<meta name=\"twitter:label1\" content=\"Verfasst von\" \/>\n\t<meta name=\"twitter:data1\" content=\"rtnews\" \/>\n\t<meta name=\"twitter:label2\" content=\"Gesch\u00e4tzte Lesezeit\" \/>\n\t<meta name=\"twitter:data2\" content=\"2\u00a0Minuten\" \/>\n<script type=\"application\/ld+json\" class=\"yoast-schema-graph\">{\"@context\":\"https:\/\/schema.org\",\"@graph\":[{\"@type\":\"Article\",\"@id\":\"https:\/\/now-news.de\/de\/deutschland\/eu-schliesst-jetzt-sanktionen-gegen-tucker-carlson-aus\/#article\",\"isPartOf\":{\"@id\":\"https:\/\/now-news.de\/de\/deutschland\/eu-schliesst-jetzt-sanktionen-gegen-tucker-carlson-aus\/\"},\"author\":{\"name\":\"rtnews\",\"@id\":\"https:\/\/now-news.de\/de\/#\/schema\/person\/fb534a4e865501d8b3285208df34a9b5\"},\"headline\":\"EU schlie\u00dft jetzt Sanktionen gegen Tucker Carlson aus\",\"datePublished\":\"2024-02-08T14:39:38+00:00\",\"dateModified\":\"2024-02-08T14:39:38+00:00\",\"mainEntityOfPage\":{\"@id\":\"https:\/\/now-news.de\/de\/deutschland\/eu-schliesst-jetzt-sanktionen-gegen-tucker-carlson-aus\/\"},\"wordCount\":449,\"commentCount\":0,\"publisher\":{\"@id\":\"https:\/\/now-news.de\/de\/#organization\"},\"image\":{\"@id\":\"https:\/\/now-news.de\/de\/deutschland\/eu-schliesst-jetzt-sanktionen-gegen-tucker-carlson-aus\/#primaryimage\"},\"thumbnailUrl\":\"https:\/\/now-news.de\/de\/wp-content\/uploads\/sites\/3\/2024\/02\/EU-schliesst-jetzt-Sanktionen-gegen-Tucker-Carlson-aus.jpg\",\"keywords\":[\"aus\",\"Carlson\",\"gegen\",\"Jetzt\",\"Sanktionen\",\"schlie\u00dft\",\"Tucker\"],\"articleSection\":[\"Deutschland\",\"Russland\"],\"inLanguage\":\"de\",\"potentialAction\":[{\"@type\":\"CommentAction\",\"name\":\"Comment\",\"target\":[\"https:\/\/now-news.de\/de\/deutschland\/eu-schliesst-jetzt-sanktionen-gegen-tucker-carlson-aus\/#respond\"]}]},{\"@type\":\"WebPage\",\"@id\":\"https:\/\/now-news.de\/de\/deutschland\/eu-schliesst-jetzt-sanktionen-gegen-tucker-carlson-aus\/\",\"url\":\"https:\/\/now-news.de\/de\/deutschland\/eu-schliesst-jetzt-sanktionen-gegen-tucker-carlson-aus\/\",\"name\":\"EU schlie\u00dft jetzt Sanktionen gegen Tucker Carlson aus - just-now.NEWS Deutschland\",\"isPartOf\":{\"@id\":\"https:\/\/now-news.de\/de\/#website\"},\"primaryImageOfPage\":{\"@id\":\"https:\/\/now-news.de\/de\/deutschland\/eu-schliesst-jetzt-sanktionen-gegen-tucker-carlson-aus\/#primaryimage\"},\"image\":{\"@id\":\"https:\/\/now-news.de\/de\/deutschland\/eu-schliesst-jetzt-sanktionen-gegen-tucker-carlson-aus\/#primaryimage\"},\"thumbnailUrl\":\"https:\/\/now-news.de\/de\/wp-content\/uploads\/sites\/3\/2024\/02\/EU-schliesst-jetzt-Sanktionen-gegen-Tucker-Carlson-aus.jpg\",\"datePublished\":\"2024-02-08T14:39:38+00:00\",\"dateModified\":\"2024-02-08T14:39:38+00:00\",\"breadcrumb\":{\"@id\":\"https:\/\/now-news.de\/de\/deutschland\/eu-schliesst-jetzt-sanktionen-gegen-tucker-carlson-aus\/#breadcrumb\"},\"inLanguage\":\"de\",\"potentialAction\":[{\"@type\":\"ReadAction\",\"target\":[\"https:\/\/now-news.de\/de\/deutschland\/eu-schliesst-jetzt-sanktionen-gegen-tucker-carlson-aus\/\"]}]},{\"@type\":\"ImageObject\",\"inLanguage\":\"de\",\"@id\":\"https:\/\/now-news.de\/de\/deutschland\/eu-schliesst-jetzt-sanktionen-gegen-tucker-carlson-aus\/#primaryimage\",\"url\":\"https:\/\/now-news.de\/de\/wp-content\/uploads\/sites\/3\/2024\/02\/EU-schliesst-jetzt-Sanktionen-gegen-Tucker-Carlson-aus.jpg\",\"contentUrl\":\"https:\/\/now-news.de\/de\/wp-content\/uploads\/sites\/3\/2024\/02\/EU-schliesst-jetzt-Sanktionen-gegen-Tucker-Carlson-aus.jpg\",\"width\":460,\"height\":259,\"caption\":\"EU schlie\u00dft jetzt Sanktionen gegen Tucker Carlson aus\"},{\"@type\":\"BreadcrumbList\",\"@id\":\"https:\/\/now-news.de\/de\/deutschland\/eu-schliesst-jetzt-sanktionen-gegen-tucker-carlson-aus\/#breadcrumb\",\"itemListElement\":[{\"@type\":\"ListItem\",\"position\":1,\"name\":\"Home\",\"item\":\"https:\/\/now-news.de\/de\/\"},{\"@type\":\"ListItem\",\"position\":2,\"name\":\"EU schlie\u00dft jetzt Sanktionen gegen Tucker Carlson aus\"}]},{\"@type\":\"WebSite\",\"@id\":\"https:\/\/now-news.de\/de\/#website\",\"url\":\"https:\/\/now-news.de\/de\/\",\"name\":\"just-now.NEWS Deutschland\",\"description\":\"Das Portal f\u00fcr unzensierte Nachrichten aus der Welt\",\"publisher\":{\"@id\":\"https:\/\/now-news.de\/de\/#organization\"},\"potentialAction\":[{\"@type\":\"SearchAction\",\"target\":{\"@type\":\"EntryPoint\",\"urlTemplate\":\"https:\/\/now-news.de\/de\/?s={search_term_string}\"},\"query-input\":\"required name=search_term_string\"}],\"inLanguage\":\"de\"},{\"@type\":\"Organization\",\"@id\":\"https:\/\/now-news.de\/de\/#organization\",\"name\":\"Just Now News\",\"url\":\"https:\/\/now-news.de\/de\/\",\"logo\":{\"@type\":\"ImageObject\",\"inLanguage\":\"de\",\"@id\":\"https:\/\/now-news.de\/de\/#\/schema\/logo\/image\/\",\"url\":\"http:\/\/just-now.news\/de\/wp-content\/uploads\/sites\/3\/2022\/04\/logo500x500.jpg\",\"contentUrl\":\"http:\/\/just-now.news\/de\/wp-content\/uploads\/sites\/3\/2022\/04\/logo500x500.jpg\",\"width\":500,\"height\":500,\"caption\":\"Just Now News\"},\"image\":{\"@id\":\"https:\/\/now-news.de\/de\/#\/schema\/logo\/image\/\"},\"sameAs\":[\"https:\/\/www.facebook.com\/wirmachenauf\",\"https:\/\/x.com\/WirMachenAuf_de\"]},{\"@type\":\"Person\",\"@id\":\"https:\/\/now-news.de\/de\/#\/schema\/person\/fb534a4e865501d8b3285208df34a9b5\",\"name\":\"rtnews\",\"image\":{\"@type\":\"ImageObject\",\"inLanguage\":\"de\",\"@id\":\"https:\/\/now-news.de\/de\/#\/schema\/person\/image\/\",\"url\":\"https:\/\/secure.gravatar.com\/avatar\/82aafea7d8127119dd649515f56e2117?s=96&d=mm&r=g\",\"contentUrl\":\"https:\/\/secure.gravatar.com\/avatar\/82aafea7d8127119dd649515f56e2117?s=96&d=mm&r=g\",\"caption\":\"rtnews\"},\"url\":\"https:\/\/now-news.de\/de\/author\/rnews\/\"}]}<\/script>\n<!-- \/ Yoast SEO Premium plugin. -->","yoast_head_json":{"title":"EU schlie\u00dft jetzt Sanktionen gegen Tucker Carlson aus - just-now.NEWS Deutschland","robots":{"index":"index","follow":"follow","max-snippet":"max-snippet:-1","max-image-preview":"max-image-preview:large","max-video-preview":"max-video-preview:-1"},"canonical":"https:\/\/now-news.de\/de\/deutschland\/eu-schliesst-jetzt-sanktionen-gegen-tucker-carlson-aus\/","og_locale":"de_DE","og_type":"article","og_title":"EU schlie\u00dft jetzt Sanktionen gegen Tucker Carlson aus","og_description":"Der belgische Europaabgeordnete Guy Verhofstadt, der daf\u00fcr bekannt ist, alles, was nicht in sein Weltbild passt, verbieten zu wollen, hatte vorgeschlagen, dass die EU dem US-Journalisten Tucker Carlson wegen seines Interviews mit Wladimir Putin Beschr\u00e4nkungen auferlegen k\u00f6nnte. Die EU hat keine Pl\u00e4ne, den US-amerikanischen Journalisten Tucker Carlson wegen seines Interviews mit dem russischen Pr\u00e4sidenten Wladimir [&hellip;]","og_url":"https:\/\/now-news.de\/de\/deutschland\/eu-schliesst-jetzt-sanktionen-gegen-tucker-carlson-aus\/","og_site_name":"just-now.NEWS Deutschland","article_publisher":"https:\/\/www.facebook.com\/wirmachenauf","article_published_time":"2024-02-08T14:39:38+00:00","og_image":[{"width":460,"height":259,"url":"https:\/\/now-news.de\/de\/wp-content\/uploads\/sites\/3\/2024\/02\/EU-schliesst-jetzt-Sanktionen-gegen-Tucker-Carlson-aus.jpg","type":"image\/jpeg"}],"author":"rtnews","twitter_card":"summary_large_image","twitter_creator":"@WirMachenAuf_de","twitter_site":"@WirMachenAuf_de","twitter_misc":{"Verfasst von":"rtnews","Gesch\u00e4tzte Lesezeit":"2\u00a0Minuten"},"schema":{"@context":"https:\/\/schema.org","@graph":[{"@type":"Article","@id":"https:\/\/now-news.de\/de\/deutschland\/eu-schliesst-jetzt-sanktionen-gegen-tucker-carlson-aus\/#article","isPartOf":{"@id":"https:\/\/now-news.de\/de\/deutschland\/eu-schliesst-jetzt-sanktionen-gegen-tucker-carlson-aus\/"},"author":{"name":"rtnews","@id":"https:\/\/now-news.de\/de\/#\/schema\/person\/fb534a4e865501d8b3285208df34a9b5"},"headline":"EU schlie\u00dft jetzt Sanktionen gegen Tucker Carlson aus","datePublished":"2024-02-08T14:39:38+00:00","dateModified":"2024-02-08T14:39:38+00:00","mainEntityOfPage":{"@id":"https:\/\/now-news.de\/de\/deutschland\/eu-schliesst-jetzt-sanktionen-gegen-tucker-carlson-aus\/"},"wordCount":449,"commentCount":0,"publisher":{"@id":"https:\/\/now-news.de\/de\/#organization"},"image":{"@id":"https:\/\/now-news.de\/de\/deutschland\/eu-schliesst-jetzt-sanktionen-gegen-tucker-carlson-aus\/#primaryimage"},"thumbnailUrl":"https:\/\/now-news.de\/de\/wp-content\/uploads\/sites\/3\/2024\/02\/EU-schliesst-jetzt-Sanktionen-gegen-Tucker-Carlson-aus.jpg","keywords":["aus","Carlson","gegen","Jetzt","Sanktionen","schlie\u00dft","Tucker"],"articleSection":["Deutschland","Russland"],"inLanguage":"de","potentialAction":[{"@type":"CommentAction","name":"Comment","target":["https:\/\/now-news.de\/de\/deutschland\/eu-schliesst-jetzt-sanktionen-gegen-tucker-carlson-aus\/#respond"]}]},{"@type":"WebPage","@id":"https:\/\/now-news.de\/de\/deutschland\/eu-schliesst-jetzt-sanktionen-gegen-tucker-carlson-aus\/","url":"https:\/\/now-news.de\/de\/deutschland\/eu-schliesst-jetzt-sanktionen-gegen-tucker-carlson-aus\/","name":"EU schlie\u00dft jetzt Sanktionen gegen Tucker Carlson aus - just-now.NEWS Deutschland","isPartOf":{"@id":"https:\/\/now-news.de\/de\/#website"},"primaryImageOfPage":{"@id":"https:\/\/now-news.de\/de\/deutschland\/eu-schliesst-jetzt-sanktionen-gegen-tucker-carlson-aus\/#primaryimage"},"image":{"@id":"https:\/\/now-news.de\/de\/deutschland\/eu-schliesst-jetzt-sanktionen-gegen-tucker-carlson-aus\/#primaryimage"},"thumbnailUrl":"https:\/\/now-news.de\/de\/wp-content\/uploads\/sites\/3\/2024\/02\/EU-schliesst-jetzt-Sanktionen-gegen-Tucker-Carlson-aus.jpg","datePublished":"2024-02-08T14:39:38+00:00","dateModified":"2024-02-08T14:39:38+00:00","breadcrumb":{"@id":"https:\/\/now-news.de\/de\/deutschland\/eu-schliesst-jetzt-sanktionen-gegen-tucker-carlson-aus\/#breadcrumb"},"inLanguage":"de","potentialAction":[{"@type":"ReadAction","target":["https:\/\/now-news.de\/de\/deutschland\/eu-schliesst-jetzt-sanktionen-gegen-tucker-carlson-aus\/"]}]},{"@type":"ImageObject","inLanguage":"de","@id":"https:\/\/now-news.de\/de\/deutschland\/eu-schliesst-jetzt-sanktionen-gegen-tucker-carlson-aus\/#primaryimage","url":"https:\/\/now-news.de\/de\/wp-content\/uploads\/sites\/3\/2024\/02\/EU-schliesst-jetzt-Sanktionen-gegen-Tucker-Carlson-aus.jpg","contentUrl":"https:\/\/now-news.de\/de\/wp-content\/uploads\/sites\/3\/2024\/02\/EU-schliesst-jetzt-Sanktionen-gegen-Tucker-Carlson-aus.jpg","width":460,"height":259,"caption":"EU schlie\u00dft jetzt Sanktionen gegen Tucker Carlson aus"},{"@type":"BreadcrumbList","@id":"https:\/\/now-news.de\/de\/deutschland\/eu-schliesst-jetzt-sanktionen-gegen-tucker-carlson-aus\/#breadcrumb","itemListElement":[{"@type":"ListItem","position":1,"name":"Home","item":"https:\/\/now-news.de\/de\/"},{"@type":"ListItem","position":2,"name":"EU schlie\u00dft jetzt Sanktionen gegen Tucker Carlson aus"}]},{"@type":"WebSite","@id":"https:\/\/now-news.de\/de\/#website","url":"https:\/\/now-news.de\/de\/","name":"just-now.NEWS Deutschland","description":"Das Portal f\u00fcr unzensierte Nachrichten aus der Welt","publisher":{"@id":"https:\/\/now-news.de\/de\/#organization"},"potentialAction":[{"@type":"SearchAction","target":{"@type":"EntryPoint","urlTemplate":"https:\/\/now-news.de\/de\/?s={search_term_string}"},"query-input":"required name=search_term_string"}],"inLanguage":"de"},{"@type":"Organization","@id":"https:\/\/now-news.de\/de\/#organization","name":"Just Now News","url":"https:\/\/now-news.de\/de\/","logo":{"@type":"ImageObject","inLanguage":"de","@id":"https:\/\/now-news.de\/de\/#\/schema\/logo\/image\/","url":"http:\/\/just-now.news\/de\/wp-content\/uploads\/sites\/3\/2022\/04\/logo500x500.jpg","contentUrl":"http:\/\/just-now.news\/de\/wp-content\/uploads\/sites\/3\/2022\/04\/logo500x500.jpg","width":500,"height":500,"caption":"Just Now News"},"image":{"@id":"https:\/\/now-news.de\/de\/#\/schema\/logo\/image\/"},"sameAs":["https:\/\/www.facebook.com\/wirmachenauf","https:\/\/x.com\/WirMachenAuf_de"]},{"@type":"Person","@id":"https:\/\/now-news.de\/de\/#\/schema\/person\/fb534a4e865501d8b3285208df34a9b5","name":"rtnews","image":{"@type":"ImageObject","inLanguage":"de","@id":"https:\/\/now-news.de\/de\/#\/schema\/person\/image\/","url":"https:\/\/secure.gravatar.com\/avatar\/82aafea7d8127119dd649515f56e2117?s=96&d=mm&r=g","contentUrl":"https:\/\/secure.gravatar.com\/avatar\/82aafea7d8127119dd649515f56e2117?s=96&d=mm&r=g","caption":"rtnews"},"url":"https:\/\/now-news.de\/de\/author\/rnews\/"}]}},"_links":{"self":[{"href":"https:\/\/now-news.de\/de\/wp-json\/wp\/v2\/posts\/54970"}],"collection":[{"href":"https:\/\/now-news.de\/de\/wp-json\/wp\/v2\/posts"}],"about":[{"href":"https:\/\/now-news.de\/de\/wp-json\/wp\/v2\/types\/post"}],"author":[{"embeddable":true,"href":"https:\/\/now-news.de\/de\/wp-json\/wp\/v2\/users\/3"}],"replies":[{"embeddable":true,"href":"https:\/\/now-news.de\/de\/wp-json\/wp\/v2\/comments?post=54970"}],"version-history":[{"count":0,"href":"https:\/\/now-news.de\/de\/wp-json\/wp\/v2\/posts\/54970\/revisions"}],"wp:featuredmedia":[{"embeddable":true,"href":"https:\/\/now-news.de\/de\/wp-json\/wp\/v2\/media\/54971"}],"wp:attachment":[{"href":"https:\/\/now-news.de\/de\/wp-json\/wp\/v2\/media?parent=54970"}],"wp:term":[{"taxonomy":"category","embeddable":true,"href":"https:\/\/now-news.de\/de\/wp-json\/wp\/v2\/categories?post=54970"},{"taxonomy":"post_tag","embeddable":true,"href":"https:\/\/now-news.de\/de\/wp-json\/wp\/v2\/tags?post=54970"}],"curies":[{"name":"wp","href":"https:\/\/api.w.org\/{rel}","templated":true}]}}