{"id":54968,"date":"2024-02-08T16:21:50","date_gmt":"2024-02-08T14:21:50","guid":{"rendered":"https:\/\/just-now.news\/de\/deutschland\/parlamentswahl-in-pakistan-mobilfunknetz-abgeschaltet-anschlaege-auf-wahllokale\/"},"modified":"2024-02-08T16:21:50","modified_gmt":"2024-02-08T14:21:50","slug":"parlamentswahl-in-pakistan-mobilfunknetz-abgeschaltet-anschlaege-auf-wahllokale","status":"publish","type":"post","link":"https:\/\/now-news.de\/de\/deutschland\/parlamentswahl-in-pakistan-mobilfunknetz-abgeschaltet-anschlaege-auf-wahllokale\/","title":{"rendered":"Parlamentswahl in Pakistan: Mobilfunknetz abgeschaltet \u2013 Anschl\u00e4ge auf Wahllokale"},"content":{"rendered":"<p><img decoding=\"async\" src=\"http:\/\/just-now.news\/de\/wp-content\/uploads\/sites\/3\/2024\/02\/65c4b28eb480cc155f33cd34.jpg\" \/><\/p>\n<div class=\"Text-root Text-type_1 \">\n                Die Menschen in Pakistan sind heute aufgerufen, ein neues Parlament zu w\u00e4hlen. In Washington hatte man sich im Vorfeld dieser Wahlen mit offener Kritik an den unfairen Bedingungen zur\u00fcckgehalten. Viele Beobachter warnten, alle politischen Machenschaften seit dem Sturz von Imran Khan im Jahr 2022 h\u00e4tten die Stimmung im Land gegen das Establishment angeheizt.\n            <\/div>\n<p><\/p>\n<div class=\"Text-root Text-type_5 ArticleView-text ViewText-root \">\n<p>Mindestens f\u00fcnf Menschen wurden am Donnerstag bei weiteren Anschl\u00e4gen in Pakistan get\u00f6tet,\u00a0nachdem bereits Mobilfunkdienste vor\u00fcbergehend w\u00e4hrend der Parlamentswahlen eingestellt und einige Landesgrenzen geschlossen worden waren, um so Recht und Ordnung aufrechtzuerhalten.<br \/> Das Innenministerium erkl\u00e4rte, es habe diese Ma\u00dfnahmen ergriffen, nachdem schon am Mittwoch mindestens 26 Menschen bei zwei Explosionen in der N\u00e4he der B\u00fcros von Wahlkandidaten in der s\u00fcdwestlichen Provinz Belutschistan get\u00f6tet worden waren. Der Islamische Staat bekannte sich sp\u00e4ter zu diesen Anschl\u00e4gen.<\/p>\n<p>Tausende von Soldaten wurden am Donnerstag auf den Stra\u00dfen und in den Wahllokalen im ganzen Land stationiert, als die Wahlen begannen. Die Grenzen nach Iran und Afghanistan wurden vor\u00fcbergehend geschlossen.<\/p>\n<p>Dass sich die Sicherheitslage in Pakistan in den vergangenen Jahren verschlechtert hat, h\u00e4ngt allerdings nicht direkt mit diesen Wahlen zusammen, sondern hat eher mit der politischen Entwicklung in Pakistan zu tun. Seit in dem Nachbarland Afghanistan im August 2021 die Taliban die Macht \u00fcbernahmen, steigt die Zahl der Anschl\u00e4ge im Grenzgebiet zu Pakistan, denn mit der Macht\u00fcbernahme der Taliban wurde auch deren pakistanischer Ableger gest\u00e4rkt.<\/p>\n<p>Die Beziehungen Pakistans zu Afghanistan und den Taliban brachen ein, nachdem Pakistan begann, illegal im Land lebende Ausl\u00e4nder \u2013 darunter rund 1,7 Millionen Afghanen \u2013 zu verhaften und abzuschieben.\u00a0Die beiden Nachbarl\u00e4nder beschuldigen sich regelm\u00e4\u00dfig gegenseitig f\u00fcr grenz\u00fcberschreitende militante Angriffe, bei denen es zu Scharm\u00fctzeln kommt.<\/p>\n<p>Allgemein wird bei den Wahlen mit einem Sieg des fr\u00fcheren Ministerpr\u00e4sidenten und Unternehmers Nawaz Sharif von der Partei &#8220;Pakistan Muslim League (PML-N)&#8221; gerechnet, der erst im Oktober nach Jahren im selbst gew\u00e4hlten Londoner Exil nach Pakistan zur\u00fcckgekehrt war. Die gegen ihn noch anh\u00e4ngige Haftstrafe wegen Korruption wurde fallen gelassen, ebenso das gegen ihn verh\u00e4ngte lebenslange Verbot zu politischer Bet\u00e4tigung. Offensichtlich genie\u00dft Sharif diesmal die Unterst\u00fctzung des Milit\u00e4rs, nachdem er in der Vergangenheit dreimal als Regierungschef abgesetzt worden war.<\/p>\n<p>Der fr\u00fchere Premierminister Pakistans Imran Khan ist k\u00fcrzlich zu zehn Jahren Haft verurteilt worden und durfte nicht bei den jetzigen Wahlen antreten. Die Justiz warf ihm unter anderem die Weitergabe &#8220;geheimer Dokumente&#8221; vor.\u00a0Das fr\u00fchere Cricket-Idol war als selbst ernannter Korruptionsj\u00e4ger im Jahr 2018 mit Unterst\u00fctzung des pakistanischen Milit\u00e4rs an die Macht als pakistanischer Premierminister gekommen. Sp\u00e4ter fiel er in Ungnade und suchte den Machtkampf mit den Gener\u00e4len. Im Gegensatz zu Imran Khan gilt Nawaz Sharif als au\u00dfenpolitisch berechenbar und prowestlich. Die Beziehungen zu den USA d\u00fcrften sich damit verbessern. In Washington, D.C. hatte man sich im Vorfeld dieser Wahlen mit offener Kritik an den unfairen Bedingungen zur\u00fcckgehalten. Viele Beobachter\u00a0warnten, alle politischen Machenschaften\u00a0seit dem Sturz von Imran Khan im Jahr 2022\u00a0h\u00e4tten die Stimmung im Land gegen das Establishment angeheizt.<\/p>\n<p><strong>Mehr zum Thema<\/strong> &#8211; <a rel=\"nofollow noopener\" target=\"_blank\" href=\"https:\/\/freeassange.rtde.life\/international\/194562-weitere-haftstrafe-gegen-premierminister\/\">Imran Khan erh\u00e4lt weitere Gef\u00e4ngnisstrafe \u2013 14 Jahre wegen Korruption<\/a><\/p>\n<div class=\"EmbedBlock-root EmbedBlock-externalVideo EmbedBlock-vk\">\n<div class=\"VkEmbed\"><iframe class=\"lazyload\" data-src=\"https:\/\/vk.com\/video_ext.php?oid=-134310637&amp;id=456268939\" frameborder=\"0\" width=\"853\" height=\"480\" allowfullscreen><\/iframe><\/div>\n<\/div>\n<\/div>\n<p><br \/>\n<br \/><a href=\"https:\/\/de.rt.com\/asien\/195550-parlamentswahl-in-pakistan-mobilfunknetz-abgeschaltet\/\">Source link <\/a><\/p>\n","protected":false},"excerpt":{"rendered":"<p>Die Menschen in Pakistan sind heute aufgerufen, ein neues Parlament zu w\u00e4hlen. In Washington hatte man sich im Vorfeld dieser Wahlen mit offener Kritik an den unfairen Bedingungen zur\u00fcckgehalten. Viele Beobachter warnten, alle politischen Machenschaften seit dem Sturz von Imran Khan im Jahr 2022 h\u00e4tten die Stimmung im Land gegen das Establishment angeheizt. Mindestens f\u00fcnf [&hellip;]<\/p>\n","protected":false},"author":3,"featured_media":54969,"comment_status":"open","ping_status":"open","sticky":false,"template":"","format":"standard","meta":{"_yoast_indexnow_last_ping":["1707402508"],"wp_automatic_camp":["217"],"90a8ad5824579ac8c18a1ac0f3c1f503":["Parlamentswahl in Pakistan: Mobilfunknetz abgeschaltet \u2013 Anschl\u00e4ge auf Wahllokale"],"original_link":["https:\/\/de.rt.com\/asien\/195550-parlamentswahl-in-pakistan-mobilfunknetz-abgeschaltet\/"],"_thumbnail_id":["54969"],"_wptgpro_p2tg_sent2tg":["a:1:{i:23737;s:19:\"2024-02-08 16:29:28\";}"],"jnews_social_counter_last_update":["1777282723"]},"categories":[19,23],"tags":[31303,5016,133,53333,1787,20243,19171],"yoast_head":"<!-- This site is optimized with the Yoast SEO Premium plugin v22.7 (Yoast SEO v22.7) - https:\/\/yoast.com\/wordpress\/plugins\/seo\/ -->\n<title>Parlamentswahl in Pakistan: Mobilfunknetz abgeschaltet \u2013 Anschl\u00e4ge auf Wahllokale - just-now.NEWS Deutschland<\/title>\n<meta name=\"robots\" content=\"index, follow, max-snippet:-1, max-image-preview:large, max-video-preview:-1\" \/>\n<link rel=\"canonical\" href=\"https:\/\/now-news.de\/de\/deutschland\/parlamentswahl-in-pakistan-mobilfunknetz-abgeschaltet-anschlaege-auf-wahllokale\/\" \/>\n<meta property=\"og:locale\" content=\"de_DE\" \/>\n<meta property=\"og:type\" content=\"article\" \/>\n<meta property=\"og:title\" content=\"Parlamentswahl in Pakistan: Mobilfunknetz abgeschaltet \u2013 Anschl\u00e4ge auf Wahllokale\" \/>\n<meta property=\"og:description\" content=\"Die Menschen in Pakistan sind heute aufgerufen, ein neues Parlament zu w\u00e4hlen. In Washington hatte man sich im Vorfeld dieser Wahlen mit offener Kritik an den unfairen Bedingungen zur\u00fcckgehalten. Viele Beobachter warnten, alle politischen Machenschaften seit dem Sturz von Imran Khan im Jahr 2022 h\u00e4tten die Stimmung im Land gegen das Establishment angeheizt. Mindestens f\u00fcnf [&hellip;]\" \/>\n<meta property=\"og:url\" content=\"https:\/\/now-news.de\/de\/deutschland\/parlamentswahl-in-pakistan-mobilfunknetz-abgeschaltet-anschlaege-auf-wahllokale\/\" \/>\n<meta property=\"og:site_name\" content=\"just-now.NEWS Deutschland\" \/>\n<meta property=\"article:publisher\" content=\"https:\/\/www.facebook.com\/wirmachenauf\" \/>\n<meta property=\"article:published_time\" content=\"2024-02-08T14:21:50+00:00\" \/>\n<meta property=\"og:image\" content=\"https:\/\/now-news.de\/de\/wp-content\/uploads\/sites\/3\/2024\/02\/Parlamentswahl-in-Pakistan-Mobilfunknetz-abgeschaltet-\u2013-Anschlaege-auf-Wahllokale.jpg\" \/>\n\t<meta property=\"og:image:width\" content=\"460\" \/>\n\t<meta property=\"og:image:height\" content=\"259\" \/>\n\t<meta property=\"og:image:type\" content=\"image\/jpeg\" \/>\n<meta name=\"author\" content=\"rtnews\" \/>\n<meta name=\"twitter:card\" content=\"summary_large_image\" \/>\n<meta name=\"twitter:creator\" content=\"@WirMachenAuf_de\" \/>\n<meta name=\"twitter:site\" content=\"@WirMachenAuf_de\" \/>\n<meta name=\"twitter:label1\" content=\"Verfasst von\" \/>\n\t<meta name=\"twitter:data1\" content=\"rtnews\" \/>\n\t<meta name=\"twitter:label2\" content=\"Gesch\u00e4tzte Lesezeit\" \/>\n\t<meta name=\"twitter:data2\" content=\"3\u00a0Minuten\" \/>\n<script type=\"application\/ld+json\" class=\"yoast-schema-graph\">{\"@context\":\"https:\/\/schema.org\",\"@graph\":[{\"@type\":\"Article\",\"@id\":\"https:\/\/now-news.de\/de\/deutschland\/parlamentswahl-in-pakistan-mobilfunknetz-abgeschaltet-anschlaege-auf-wahllokale\/#article\",\"isPartOf\":{\"@id\":\"https:\/\/now-news.de\/de\/deutschland\/parlamentswahl-in-pakistan-mobilfunknetz-abgeschaltet-anschlaege-auf-wahllokale\/\"},\"author\":{\"name\":\"rtnews\",\"@id\":\"https:\/\/now-news.de\/de\/#\/schema\/person\/fb534a4e865501d8b3285208df34a9b5\"},\"headline\":\"Parlamentswahl in Pakistan: Mobilfunknetz abgeschaltet \u2013 Anschl\u00e4ge auf Wahllokale\",\"datePublished\":\"2024-02-08T14:21:50+00:00\",\"dateModified\":\"2024-02-08T14:21:50+00:00\",\"mainEntityOfPage\":{\"@id\":\"https:\/\/now-news.de\/de\/deutschland\/parlamentswahl-in-pakistan-mobilfunknetz-abgeschaltet-anschlaege-auf-wahllokale\/\"},\"wordCount\":547,\"commentCount\":0,\"publisher\":{\"@id\":\"https:\/\/now-news.de\/de\/#organization\"},\"image\":{\"@id\":\"https:\/\/now-news.de\/de\/deutschland\/parlamentswahl-in-pakistan-mobilfunknetz-abgeschaltet-anschlaege-auf-wahllokale\/#primaryimage\"},\"thumbnailUrl\":\"https:\/\/now-news.de\/de\/wp-content\/uploads\/sites\/3\/2024\/02\/Parlamentswahl-in-Pakistan-Mobilfunknetz-abgeschaltet-\u2013-Anschlaege-auf-Wahllokale.jpg\",\"keywords\":[\"abgeschaltet\",\"Anschl\u00e4ge\",\"AUF\",\"Mobilfunknetz\",\"Pakistan\",\"Parlamentswahl\",\"Wahllokale\"],\"articleSection\":[\"Deutschland\",\"Russland\"],\"inLanguage\":\"de\",\"potentialAction\":[{\"@type\":\"CommentAction\",\"name\":\"Comment\",\"target\":[\"https:\/\/now-news.de\/de\/deutschland\/parlamentswahl-in-pakistan-mobilfunknetz-abgeschaltet-anschlaege-auf-wahllokale\/#respond\"]}]},{\"@type\":\"WebPage\",\"@id\":\"https:\/\/now-news.de\/de\/deutschland\/parlamentswahl-in-pakistan-mobilfunknetz-abgeschaltet-anschlaege-auf-wahllokale\/\",\"url\":\"https:\/\/now-news.de\/de\/deutschland\/parlamentswahl-in-pakistan-mobilfunknetz-abgeschaltet-anschlaege-auf-wahllokale\/\",\"name\":\"Parlamentswahl in Pakistan: Mobilfunknetz abgeschaltet \u2013 Anschl\u00e4ge auf Wahllokale - just-now.NEWS Deutschland\",\"isPartOf\":{\"@id\":\"https:\/\/now-news.de\/de\/#website\"},\"primaryImageOfPage\":{\"@id\":\"https:\/\/now-news.de\/de\/deutschland\/parlamentswahl-in-pakistan-mobilfunknetz-abgeschaltet-anschlaege-auf-wahllokale\/#primaryimage\"},\"image\":{\"@id\":\"https:\/\/now-news.de\/de\/deutschland\/parlamentswahl-in-pakistan-mobilfunknetz-abgeschaltet-anschlaege-auf-wahllokale\/#primaryimage\"},\"thumbnailUrl\":\"https:\/\/now-news.de\/de\/wp-content\/uploads\/sites\/3\/2024\/02\/Parlamentswahl-in-Pakistan-Mobilfunknetz-abgeschaltet-\u2013-Anschlaege-auf-Wahllokale.jpg\",\"datePublished\":\"2024-02-08T14:21:50+00:00\",\"dateModified\":\"2024-02-08T14:21:50+00:00\",\"breadcrumb\":{\"@id\":\"https:\/\/now-news.de\/de\/deutschland\/parlamentswahl-in-pakistan-mobilfunknetz-abgeschaltet-anschlaege-auf-wahllokale\/#breadcrumb\"},\"inLanguage\":\"de\",\"potentialAction\":[{\"@type\":\"ReadAction\",\"target\":[\"https:\/\/now-news.de\/de\/deutschland\/parlamentswahl-in-pakistan-mobilfunknetz-abgeschaltet-anschlaege-auf-wahllokale\/\"]}]},{\"@type\":\"ImageObject\",\"inLanguage\":\"de\",\"@id\":\"https:\/\/now-news.de\/de\/deutschland\/parlamentswahl-in-pakistan-mobilfunknetz-abgeschaltet-anschlaege-auf-wahllokale\/#primaryimage\",\"url\":\"https:\/\/now-news.de\/de\/wp-content\/uploads\/sites\/3\/2024\/02\/Parlamentswahl-in-Pakistan-Mobilfunknetz-abgeschaltet-\u2013-Anschlaege-auf-Wahllokale.jpg\",\"contentUrl\":\"https:\/\/now-news.de\/de\/wp-content\/uploads\/sites\/3\/2024\/02\/Parlamentswahl-in-Pakistan-Mobilfunknetz-abgeschaltet-\u2013-Anschlaege-auf-Wahllokale.jpg\",\"width\":460,\"height\":259,\"caption\":\"Parlamentswahl in Pakistan: Mobilfunknetz abgeschaltet \u2013 Anschl\u00e4ge auf Wahllokale\"},{\"@type\":\"BreadcrumbList\",\"@id\":\"https:\/\/now-news.de\/de\/deutschland\/parlamentswahl-in-pakistan-mobilfunknetz-abgeschaltet-anschlaege-auf-wahllokale\/#breadcrumb\",\"itemListElement\":[{\"@type\":\"ListItem\",\"position\":1,\"name\":\"Home\",\"item\":\"https:\/\/now-news.de\/de\/\"},{\"@type\":\"ListItem\",\"position\":2,\"name\":\"Parlamentswahl in Pakistan: Mobilfunknetz abgeschaltet \u2013 Anschl\u00e4ge auf Wahllokale\"}]},{\"@type\":\"WebSite\",\"@id\":\"https:\/\/now-news.de\/de\/#website\",\"url\":\"https:\/\/now-news.de\/de\/\",\"name\":\"just-now.NEWS Deutschland\",\"description\":\"Das Portal f\u00fcr unzensierte Nachrichten aus der Welt\",\"publisher\":{\"@id\":\"https:\/\/now-news.de\/de\/#organization\"},\"potentialAction\":[{\"@type\":\"SearchAction\",\"target\":{\"@type\":\"EntryPoint\",\"urlTemplate\":\"https:\/\/now-news.de\/de\/?s={search_term_string}\"},\"query-input\":\"required name=search_term_string\"}],\"inLanguage\":\"de\"},{\"@type\":\"Organization\",\"@id\":\"https:\/\/now-news.de\/de\/#organization\",\"name\":\"Just Now News\",\"url\":\"https:\/\/now-news.de\/de\/\",\"logo\":{\"@type\":\"ImageObject\",\"inLanguage\":\"de\",\"@id\":\"https:\/\/now-news.de\/de\/#\/schema\/logo\/image\/\",\"url\":\"http:\/\/just-now.news\/de\/wp-content\/uploads\/sites\/3\/2022\/04\/logo500x500.jpg\",\"contentUrl\":\"http:\/\/just-now.news\/de\/wp-content\/uploads\/sites\/3\/2022\/04\/logo500x500.jpg\",\"width\":500,\"height\":500,\"caption\":\"Just Now News\"},\"image\":{\"@id\":\"https:\/\/now-news.de\/de\/#\/schema\/logo\/image\/\"},\"sameAs\":[\"https:\/\/www.facebook.com\/wirmachenauf\",\"https:\/\/x.com\/WirMachenAuf_de\"]},{\"@type\":\"Person\",\"@id\":\"https:\/\/now-news.de\/de\/#\/schema\/person\/fb534a4e865501d8b3285208df34a9b5\",\"name\":\"rtnews\",\"image\":{\"@type\":\"ImageObject\",\"inLanguage\":\"de\",\"@id\":\"https:\/\/now-news.de\/de\/#\/schema\/person\/image\/\",\"url\":\"https:\/\/secure.gravatar.com\/avatar\/82aafea7d8127119dd649515f56e2117?s=96&d=mm&r=g\",\"contentUrl\":\"https:\/\/secure.gravatar.com\/avatar\/82aafea7d8127119dd649515f56e2117?s=96&d=mm&r=g\",\"caption\":\"rtnews\"},\"url\":\"https:\/\/now-news.de\/de\/author\/rnews\/\"}]}<\/script>\n<!-- \/ Yoast SEO Premium plugin. -->","yoast_head_json":{"title":"Parlamentswahl in Pakistan: Mobilfunknetz abgeschaltet \u2013 Anschl\u00e4ge auf Wahllokale - just-now.NEWS Deutschland","robots":{"index":"index","follow":"follow","max-snippet":"max-snippet:-1","max-image-preview":"max-image-preview:large","max-video-preview":"max-video-preview:-1"},"canonical":"https:\/\/now-news.de\/de\/deutschland\/parlamentswahl-in-pakistan-mobilfunknetz-abgeschaltet-anschlaege-auf-wahllokale\/","og_locale":"de_DE","og_type":"article","og_title":"Parlamentswahl in Pakistan: Mobilfunknetz abgeschaltet \u2013 Anschl\u00e4ge auf Wahllokale","og_description":"Die Menschen in Pakistan sind heute aufgerufen, ein neues Parlament zu w\u00e4hlen. In Washington hatte man sich im Vorfeld dieser Wahlen mit offener Kritik an den unfairen Bedingungen zur\u00fcckgehalten. Viele Beobachter warnten, alle politischen Machenschaften seit dem Sturz von Imran Khan im Jahr 2022 h\u00e4tten die Stimmung im Land gegen das Establishment angeheizt. Mindestens f\u00fcnf [&hellip;]","og_url":"https:\/\/now-news.de\/de\/deutschland\/parlamentswahl-in-pakistan-mobilfunknetz-abgeschaltet-anschlaege-auf-wahllokale\/","og_site_name":"just-now.NEWS Deutschland","article_publisher":"https:\/\/www.facebook.com\/wirmachenauf","article_published_time":"2024-02-08T14:21:50+00:00","og_image":[{"width":460,"height":259,"url":"https:\/\/now-news.de\/de\/wp-content\/uploads\/sites\/3\/2024\/02\/Parlamentswahl-in-Pakistan-Mobilfunknetz-abgeschaltet-\u2013-Anschlaege-auf-Wahllokale.jpg","type":"image\/jpeg"}],"author":"rtnews","twitter_card":"summary_large_image","twitter_creator":"@WirMachenAuf_de","twitter_site":"@WirMachenAuf_de","twitter_misc":{"Verfasst von":"rtnews","Gesch\u00e4tzte Lesezeit":"3\u00a0Minuten"},"schema":{"@context":"https:\/\/schema.org","@graph":[{"@type":"Article","@id":"https:\/\/now-news.de\/de\/deutschland\/parlamentswahl-in-pakistan-mobilfunknetz-abgeschaltet-anschlaege-auf-wahllokale\/#article","isPartOf":{"@id":"https:\/\/now-news.de\/de\/deutschland\/parlamentswahl-in-pakistan-mobilfunknetz-abgeschaltet-anschlaege-auf-wahllokale\/"},"author":{"name":"rtnews","@id":"https:\/\/now-news.de\/de\/#\/schema\/person\/fb534a4e865501d8b3285208df34a9b5"},"headline":"Parlamentswahl in Pakistan: Mobilfunknetz abgeschaltet \u2013 Anschl\u00e4ge auf Wahllokale","datePublished":"2024-02-08T14:21:50+00:00","dateModified":"2024-02-08T14:21:50+00:00","mainEntityOfPage":{"@id":"https:\/\/now-news.de\/de\/deutschland\/parlamentswahl-in-pakistan-mobilfunknetz-abgeschaltet-anschlaege-auf-wahllokale\/"},"wordCount":547,"commentCount":0,"publisher":{"@id":"https:\/\/now-news.de\/de\/#organization"},"image":{"@id":"https:\/\/now-news.de\/de\/deutschland\/parlamentswahl-in-pakistan-mobilfunknetz-abgeschaltet-anschlaege-auf-wahllokale\/#primaryimage"},"thumbnailUrl":"https:\/\/now-news.de\/de\/wp-content\/uploads\/sites\/3\/2024\/02\/Parlamentswahl-in-Pakistan-Mobilfunknetz-abgeschaltet-\u2013-Anschlaege-auf-Wahllokale.jpg","keywords":["abgeschaltet","Anschl\u00e4ge","AUF","Mobilfunknetz","Pakistan","Parlamentswahl","Wahllokale"],"articleSection":["Deutschland","Russland"],"inLanguage":"de","potentialAction":[{"@type":"CommentAction","name":"Comment","target":["https:\/\/now-news.de\/de\/deutschland\/parlamentswahl-in-pakistan-mobilfunknetz-abgeschaltet-anschlaege-auf-wahllokale\/#respond"]}]},{"@type":"WebPage","@id":"https:\/\/now-news.de\/de\/deutschland\/parlamentswahl-in-pakistan-mobilfunknetz-abgeschaltet-anschlaege-auf-wahllokale\/","url":"https:\/\/now-news.de\/de\/deutschland\/parlamentswahl-in-pakistan-mobilfunknetz-abgeschaltet-anschlaege-auf-wahllokale\/","name":"Parlamentswahl in Pakistan: Mobilfunknetz abgeschaltet \u2013 Anschl\u00e4ge auf Wahllokale - just-now.NEWS Deutschland","isPartOf":{"@id":"https:\/\/now-news.de\/de\/#website"},"primaryImageOfPage":{"@id":"https:\/\/now-news.de\/de\/deutschland\/parlamentswahl-in-pakistan-mobilfunknetz-abgeschaltet-anschlaege-auf-wahllokale\/#primaryimage"},"image":{"@id":"https:\/\/now-news.de\/de\/deutschland\/parlamentswahl-in-pakistan-mobilfunknetz-abgeschaltet-anschlaege-auf-wahllokale\/#primaryimage"},"thumbnailUrl":"https:\/\/now-news.de\/de\/wp-content\/uploads\/sites\/3\/2024\/02\/Parlamentswahl-in-Pakistan-Mobilfunknetz-abgeschaltet-\u2013-Anschlaege-auf-Wahllokale.jpg","datePublished":"2024-02-08T14:21:50+00:00","dateModified":"2024-02-08T14:21:50+00:00","breadcrumb":{"@id":"https:\/\/now-news.de\/de\/deutschland\/parlamentswahl-in-pakistan-mobilfunknetz-abgeschaltet-anschlaege-auf-wahllokale\/#breadcrumb"},"inLanguage":"de","potentialAction":[{"@type":"ReadAction","target":["https:\/\/now-news.de\/de\/deutschland\/parlamentswahl-in-pakistan-mobilfunknetz-abgeschaltet-anschlaege-auf-wahllokale\/"]}]},{"@type":"ImageObject","inLanguage":"de","@id":"https:\/\/now-news.de\/de\/deutschland\/parlamentswahl-in-pakistan-mobilfunknetz-abgeschaltet-anschlaege-auf-wahllokale\/#primaryimage","url":"https:\/\/now-news.de\/de\/wp-content\/uploads\/sites\/3\/2024\/02\/Parlamentswahl-in-Pakistan-Mobilfunknetz-abgeschaltet-\u2013-Anschlaege-auf-Wahllokale.jpg","contentUrl":"https:\/\/now-news.de\/de\/wp-content\/uploads\/sites\/3\/2024\/02\/Parlamentswahl-in-Pakistan-Mobilfunknetz-abgeschaltet-\u2013-Anschlaege-auf-Wahllokale.jpg","width":460,"height":259,"caption":"Parlamentswahl in Pakistan: Mobilfunknetz abgeschaltet \u2013 Anschl\u00e4ge auf Wahllokale"},{"@type":"BreadcrumbList","@id":"https:\/\/now-news.de\/de\/deutschland\/parlamentswahl-in-pakistan-mobilfunknetz-abgeschaltet-anschlaege-auf-wahllokale\/#breadcrumb","itemListElement":[{"@type":"ListItem","position":1,"name":"Home","item":"https:\/\/now-news.de\/de\/"},{"@type":"ListItem","position":2,"name":"Parlamentswahl in Pakistan: Mobilfunknetz abgeschaltet \u2013 Anschl\u00e4ge auf Wahllokale"}]},{"@type":"WebSite","@id":"https:\/\/now-news.de\/de\/#website","url":"https:\/\/now-news.de\/de\/","name":"just-now.NEWS Deutschland","description":"Das Portal f\u00fcr unzensierte Nachrichten aus der Welt","publisher":{"@id":"https:\/\/now-news.de\/de\/#organization"},"potentialAction":[{"@type":"SearchAction","target":{"@type":"EntryPoint","urlTemplate":"https:\/\/now-news.de\/de\/?s={search_term_string}"},"query-input":"required name=search_term_string"}],"inLanguage":"de"},{"@type":"Organization","@id":"https:\/\/now-news.de\/de\/#organization","name":"Just Now News","url":"https:\/\/now-news.de\/de\/","logo":{"@type":"ImageObject","inLanguage":"de","@id":"https:\/\/now-news.de\/de\/#\/schema\/logo\/image\/","url":"http:\/\/just-now.news\/de\/wp-content\/uploads\/sites\/3\/2022\/04\/logo500x500.jpg","contentUrl":"http:\/\/just-now.news\/de\/wp-content\/uploads\/sites\/3\/2022\/04\/logo500x500.jpg","width":500,"height":500,"caption":"Just Now News"},"image":{"@id":"https:\/\/now-news.de\/de\/#\/schema\/logo\/image\/"},"sameAs":["https:\/\/www.facebook.com\/wirmachenauf","https:\/\/x.com\/WirMachenAuf_de"]},{"@type":"Person","@id":"https:\/\/now-news.de\/de\/#\/schema\/person\/fb534a4e865501d8b3285208df34a9b5","name":"rtnews","image":{"@type":"ImageObject","inLanguage":"de","@id":"https:\/\/now-news.de\/de\/#\/schema\/person\/image\/","url":"https:\/\/secure.gravatar.com\/avatar\/82aafea7d8127119dd649515f56e2117?s=96&d=mm&r=g","contentUrl":"https:\/\/secure.gravatar.com\/avatar\/82aafea7d8127119dd649515f56e2117?s=96&d=mm&r=g","caption":"rtnews"},"url":"https:\/\/now-news.de\/de\/author\/rnews\/"}]}},"_links":{"self":[{"href":"https:\/\/now-news.de\/de\/wp-json\/wp\/v2\/posts\/54968"}],"collection":[{"href":"https:\/\/now-news.de\/de\/wp-json\/wp\/v2\/posts"}],"about":[{"href":"https:\/\/now-news.de\/de\/wp-json\/wp\/v2\/types\/post"}],"author":[{"embeddable":true,"href":"https:\/\/now-news.de\/de\/wp-json\/wp\/v2\/users\/3"}],"replies":[{"embeddable":true,"href":"https:\/\/now-news.de\/de\/wp-json\/wp\/v2\/comments?post=54968"}],"version-history":[{"count":0,"href":"https:\/\/now-news.de\/de\/wp-json\/wp\/v2\/posts\/54968\/revisions"}],"wp:featuredmedia":[{"embeddable":true,"href":"https:\/\/now-news.de\/de\/wp-json\/wp\/v2\/media\/54969"}],"wp:attachment":[{"href":"https:\/\/now-news.de\/de\/wp-json\/wp\/v2\/media?parent=54968"}],"wp:term":[{"taxonomy":"category","embeddable":true,"href":"https:\/\/now-news.de\/de\/wp-json\/wp\/v2\/categories?post=54968"},{"taxonomy":"post_tag","embeddable":true,"href":"https:\/\/now-news.de\/de\/wp-json\/wp\/v2\/tags?post=54968"}],"curies":[{"name":"wp","href":"https:\/\/api.w.org\/{rel}","templated":true}]}}