{"id":54965,"date":"2024-02-08T15:48:09","date_gmt":"2024-02-08T13:48:09","guid":{"rendered":"https:\/\/just-now.news\/de\/deutschland\/strafanzeige-gegen-bundespraesident-frank-walter-steinmeier-wegen-volksverhetzung\/"},"modified":"2024-02-08T15:48:09","modified_gmt":"2024-02-08T13:48:09","slug":"strafanzeige-gegen-bundespraesident-frank-walter-steinmeier-wegen-volksverhetzung","status":"publish","type":"post","link":"https:\/\/now-news.de\/de\/deutschland\/strafanzeige-gegen-bundespraesident-frank-walter-steinmeier-wegen-volksverhetzung\/","title":{"rendered":"Strafanzeige gegen Bundespr\u00e4sident Frank-Walter Steinmeier wegen Volksverhetzung"},"content":{"rendered":"<p><img decoding=\"async\" src=\"http:\/\/just-now.news\/de\/wp-content\/uploads\/sites\/3\/2024\/02\/65c4c3d748fbef5620759ab3.jpg\" \/><\/p>\n<div class=\"Text-root Text-type_1 \">\n                Frank-Walter Steinmeier habe bei einer offiziellen Rede Millionen von W\u00e4hlern indirekt als &#8220;Ratten&#8221; diffamiert, befanden Aktivisten der B\u00fcrgerinitiative GemeinWohl-Lobby. Sie stellten beim Bundesgerichtshof Strafanzeige gegen den Bundespr\u00e4sidenten wegen Volksverhetzung.\n            <\/div>\n<p><\/p>\n<div class=\"Text-root Text-type_5 ArticleView-text ViewText-root \">\n<p>Bei\u00a0einem Empfang von Gewerkschaften, Wirtschaftsverb\u00e4nden und Betriebsr\u00e4ten bezeichnete der deutsche Bundespr\u00e4sident Frank-Walter-Steinmeier am 29. Januar bestimmte, nicht n\u00e4her definierte Teile der Bev\u00f6lkerung als &#8220;extremistische Rattenf\u00e4nger&#8221;. Damit habe er bei einer Rede w\u00e4hrend seiner offiziellen Amtsaus\u00fcbung als Bundespr\u00e4sident Millionen von W\u00e4hlern indirekt als &#8220;Ratten&#8221; diffamiert, so die Auffassung einiger Unterst\u00fctzer der B\u00fcrgerinitiative GemeinWohl-Lobby.<\/p>\n<p>Ganz davon abgesehen, dass eine wahre Demokratie aus Gegens\u00e4tzen bestehe und Gegens\u00e4tze ertrage, sei Steinmeiers Verhalten nicht mit dem Amt des Bundespr\u00e4sidenten vereinbar, so die Aktivisten von <a rel=\"nofollow noopener\" target=\"_blank\" href=\"https:\/\/gemeinwohl-lobby.de\/strafantrag-steinmeier\/\">GemeinWohl-Lobby<\/a>. <a rel=\"nofollow noopener\" target=\"_blank\" href=\"https:\/\/gemeinwohl-lobby.de\/strafantrag-steinmeier\/\">Sie stellten <\/a>deshalb am 2. Februar Strafanzeige gegen Steinmeier wegen Volksverhetzung nach <a rel=\"nofollow noopener\" target=\"_blank\" href=\"https:\/\/www.gesetze-im-internet.de\/stgb\/__130.html\">\u00a7 130 Strafgesetzbuch<\/a>. Dar\u00fcber <a rel=\"nofollow noopener\" target=\"_blank\" href=\"https:\/\/apolut.net\/strafantrag-gegen-den-bundespraesidenten-frank-walter-steinmeier\/\">berichtete<\/a> am Dienstag das Nachrichtenportal <em>apolut.net<\/em>.<\/p>\n<p>Zur Definition des Amtes des deutschen Bundespr\u00e4sidenten hei\u00dft es auf dessen <a rel=\"nofollow noopener\" target=\"_blank\" href=\"https:\/\/www.bundespraesident.de\/DE\/amt-und-aufgaben\/rolle-im-staat\/rolle-im-staat_node.html\">Webseite<\/a>: Autorit\u00e4t und W\u00fcrde des Amtes seien vor allem auf geistig-moralische Wirkung angelegt. Der Bundespr\u00e4sident solle parteipolitische Neutralit\u00e4t wahren, insbesondere bei parteipolitisch umstrittenen gesellschaftlichen Fragen.<\/p>\n<p><em>&#8220;Dies gilt insbesondere in Bezug auf parteipolitisch umstrittene gesellschaftliche Fragen. Die vom Bundespr\u00e4sidenten gewahrte parteipolitische Neutralit\u00e4t und Distanz zur Parteipolitik des Alltags geben ihm die M\u00f6glichkeit, kl\u00e4rende Kraft zu sein, Vorurteile abzubauen, B\u00fcrgerinteressen zu artikulieren, die \u00f6ffentliche Diskussion zu beeinflussen, Kritik zu \u00fcben, Anregungen und Vorschl\u00e4ge zu machen.&#8221;<\/em><\/p>\n<p>Diesbez\u00fcglich zitierte die B\u00fcrgerinitiative GemeinWohl-Lobby aus den offiziellen Aufgaben des Staatspr\u00e4sidenten:<\/p>\n<p><em>&#8220;\u00dcber den Parteien stehend, wirkt er durch Aus\u00fcbung seiner verfassungsrechtlichen Befugnisse, in Reden, Ansprachen, Gespr\u00e4chen, durch Schirmherrschaften und andere Initiativen integrierend, moderierend und motivierend.&#8221;<\/em><\/p>\n<p>In der Begr\u00fcndung f\u00fcr die Strafanzeige schreiben die Kl\u00e4ger: Mit seiner Aussage &#8220;Wir lassen uns dieses Land nicht von extremistischen Rattenf\u00e4ngern kaputtmachen&#8221;, habe Frank-Walter Steinmeier in die demokratischen Prozesse unseres Landes eingriffen. Dazu sei er nicht berechtigt. Abgesehen davon, dass solche Redensweisen dem Amt und der W\u00fcrde eines Bundespr\u00e4sidenten grunds\u00e4tzlich nicht angemessen seien, habe er damit Millionen von B\u00fcrgern indirekt als Ratten bezeichnet.<\/p>\n<p><em> &#8220;Damit sind Millionen von W\u00e4hlern indirekt Ratten, wenn sie nicht in dem Sinne des Bundespr\u00e4sidenten gew\u00e4hlt haben.<\/em><\/p>\n<p><em>Dies muss als Volksverhetzung nach <a rel=\"nofollow noopener\" target=\"_blank\" href=\"https:\/\/www.gesetze-im-internet.de\/stgb\/__130.html\">\u00a7130 StGB<\/a> geahndet werden, weshalb wir Strafantrag bei der\u00a0Generalbundesanwaltschaft gestellt haben.&#8221;<\/em><\/p>\n<p>Des Weiteren hat die B\u00fcrgerinitiative eine Musterklageschrift ver\u00f6ffentlicht. Mit diesem Schreiben an die Generalbundesanwaltschaft beim Bundesgerichtshof in Karlsruhe k\u00f6nne man sich der Strafanzeige gegen den Bundespr\u00e4sidenten anschlie\u00dfen. In der <a rel=\"nofollow noopener\" target=\"_blank\" href=\"https:\/\/gemeinwohl-lobby.de\/wp-content\/uploads\/2024\/02\/Steinmeier-Strafantrag.pdf\">Klageschrift<\/a> hei\u00dft es:<\/p>\n<p><em> &#8220;Nach Ansicht des obengenannten Anzeigenerstatters macht sich die o. g. Person wegen strafbarem Handeln bez\u00fcglich folgenden Straftatbestandes strafbar:<\/em><\/p>\n<p><em>\u00a7 130 StGB Abs. 1 (2) Volksverhetzung (1) Wer in einer Weise, die geeignet ist, den \u00f6ffentlichen Frieden zu st\u00f6ren, die Menschenw\u00fcrde anderer dadurch angreift, dass er eine vorbezeichnete Gruppe, Teile der Bev\u00f6lkerung oder einen Einzelnen wegen dessen Zugeh\u00f6rigkeit zu einer vorbezeichneten Gruppe oder zu einem Teil der Bev\u00f6lkerung beschimpft, b\u00f6swillig ver\u00e4chtlich macht oder verleumdet, wird mit Freiheitsstrafe von drei Monaten bis zu f\u00fcnf Jahren bestraft.&#8221;<\/em><\/p>\n<p>Es folgen einige\u00a0weitere Ausz\u00fcge aus der Begr\u00fcndung der Klage:<\/p>\n<p><em>&#8220;Durch das Amt des Bundespr\u00e4sidenten ist Frank-Walter Steinmeier verpflichtet, sich grunds\u00e4tzlich neutral zu verhalten. Hetze und Spaltung zu sch\u00fcren, ist ihm in jeder Hinsicht untersagt. Es ist ihm nicht erlaubt, demokratische Prozesse in Deutschland in irgendeiner Form zu diskriminieren und noch dazu Volksverhetzung zu betreiben.<\/em><\/p>\n<p><em>Frank-Walter Steinmeier als Bundespr\u00e4sident hetzt mit seiner Aussage &#8216;extremistischen Rattenf\u00e4ngern&#8217;, gegen bestimmte Teile unserer Gesellschaft, statt neutral gem\u00e4\u00df seines Amtes zu offenem Dialog in unserer Gesellschaft beizutragen und &#8216;integrierend, moderierend und motivierend&#8217; zu wirken.<\/em><\/p>\n<p><em>Frank-Walter Steinmeier als Bundespr\u00e4sident hat mit seiner Aussage einen Teil der Bev\u00f6lkerung ver\u00e4chtlich gemacht und gezielt zur weiteren Spaltung der Gesellschaft beigetragen. Es l\u00e4sst sich daraus der Straftatbestand &#8216;Volksverhetzung&#8217; gem\u00e4\u00df \u00a7 130 StGB Abs. 2 eindeutig erkennen.&#8221;<\/em><\/p>\n<p><strong>Mehr zum Thema<\/strong> &#8211;\u00a0<a rel=\"nofollow noopener\" target=\"_blank\" href=\"https:\/\/freedert.online\/inland\/193319-rnd-chefredakteurin-bei-illner-afd\/\">&#8220;Die brauchen Razzien zu Hause!&#8221; RND-Chefredakteurin fordert hartes Vorgehen gegen &#8220;Extremisten&#8221;<\/a><\/p>\n<\/p>\n<p>\u00a0<\/p>\n<\/div>\n<p><br \/>\n<br \/><a href=\"https:\/\/de.rt.com\/gesellschaft\/195552-strafanzeige-gegen-bundespraesidenten-frank-walter\/\">Source link <\/a><\/p>\n","protected":false},"excerpt":{"rendered":"<p>Frank-Walter Steinmeier habe bei einer offiziellen Rede Millionen von W\u00e4hlern indirekt als &#8220;Ratten&#8221; diffamiert, befanden Aktivisten der B\u00fcrgerinitiative GemeinWohl-Lobby. Sie stellten beim Bundesgerichtshof Strafanzeige gegen den Bundespr\u00e4sidenten wegen Volksverhetzung. Bei\u00a0einem Empfang von Gewerkschaften, Wirtschaftsverb\u00e4nden und Betriebsr\u00e4ten bezeichnete der deutsche Bundespr\u00e4sident Frank-Walter-Steinmeier am 29. Januar bestimmte, nicht n\u00e4her definierte Teile der Bev\u00f6lkerung als &#8220;extremistische Rattenf\u00e4nger&#8221;. Damit [&hellip;]<\/p>\n","protected":false},"author":3,"featured_media":54966,"comment_status":"open","ping_status":"open","sticky":false,"template":"","format":"standard","meta":{"_yoast_indexnow_last_ping":["1707400589"],"wp_automatic_camp":["217"],"85fac8c177155f06c102285c3d969435":["Strafanzeige gegen Bundespr\u00e4sident Frank-Walter Steinmeier wegen Volksverhetzung"],"original_link":["https:\/\/de.rt.com\/gesellschaft\/195552-strafanzeige-gegen-bundespraesidenten-frank-walter\/"],"_thumbnail_id":["54966"],"jnews_social_counter_last_update":["1777202147"],"_wptgpro_p2tg_sent2tg":["a:1:{i:23737;s:19:\"2024-02-08 15:57:54\";}"]},"categories":[19,23],"tags":[29537,53330,278,1723,31789,22198,145],"yoast_head":"<!-- This site is optimized with the Yoast SEO Premium plugin v22.7 (Yoast SEO v22.7) - https:\/\/yoast.com\/wordpress\/plugins\/seo\/ -->\n<title>Strafanzeige gegen Bundespr\u00e4sident Frank-Walter Steinmeier wegen Volksverhetzung - just-now.NEWS Deutschland<\/title>\n<meta name=\"robots\" content=\"index, follow, max-snippet:-1, max-image-preview:large, max-video-preview:-1\" \/>\n<link rel=\"canonical\" href=\"https:\/\/now-news.de\/de\/deutschland\/strafanzeige-gegen-bundespraesident-frank-walter-steinmeier-wegen-volksverhetzung\/\" \/>\n<meta property=\"og:locale\" content=\"de_DE\" \/>\n<meta property=\"og:type\" content=\"article\" \/>\n<meta property=\"og:title\" content=\"Strafanzeige gegen Bundespr\u00e4sident Frank-Walter Steinmeier wegen Volksverhetzung\" \/>\n<meta property=\"og:description\" content=\"Frank-Walter Steinmeier habe bei einer offiziellen Rede Millionen von W\u00e4hlern indirekt als &#8220;Ratten&#8221; diffamiert, befanden Aktivisten der B\u00fcrgerinitiative GemeinWohl-Lobby. Sie stellten beim Bundesgerichtshof Strafanzeige gegen den Bundespr\u00e4sidenten wegen Volksverhetzung. Bei\u00a0einem Empfang von Gewerkschaften, Wirtschaftsverb\u00e4nden und Betriebsr\u00e4ten bezeichnete der deutsche Bundespr\u00e4sident Frank-Walter-Steinmeier am 29. Januar bestimmte, nicht n\u00e4her definierte Teile der Bev\u00f6lkerung als &#8220;extremistische Rattenf\u00e4nger&#8221;. Damit [&hellip;]\" \/>\n<meta property=\"og:url\" content=\"https:\/\/now-news.de\/de\/deutschland\/strafanzeige-gegen-bundespraesident-frank-walter-steinmeier-wegen-volksverhetzung\/\" \/>\n<meta property=\"og:site_name\" content=\"just-now.NEWS Deutschland\" \/>\n<meta property=\"article:publisher\" content=\"https:\/\/www.facebook.com\/wirmachenauf\" \/>\n<meta property=\"article:published_time\" content=\"2024-02-08T13:48:09+00:00\" \/>\n<meta property=\"og:image\" content=\"https:\/\/now-news.de\/de\/wp-content\/uploads\/sites\/3\/2024\/02\/Strafanzeige-gegen-Bundespraesident-Frank-Walter-Steinmeier-wegen-Volksverhetzung.jpg\" \/>\n\t<meta property=\"og:image:width\" content=\"460\" \/>\n\t<meta property=\"og:image:height\" content=\"259\" \/>\n\t<meta property=\"og:image:type\" content=\"image\/jpeg\" \/>\n<meta name=\"author\" content=\"rtnews\" \/>\n<meta name=\"twitter:card\" content=\"summary_large_image\" \/>\n<meta name=\"twitter:creator\" content=\"@WirMachenAuf_de\" \/>\n<meta name=\"twitter:site\" content=\"@WirMachenAuf_de\" \/>\n<meta name=\"twitter:label1\" content=\"Verfasst von\" \/>\n\t<meta name=\"twitter:data1\" content=\"rtnews\" \/>\n\t<meta name=\"twitter:label2\" content=\"Gesch\u00e4tzte Lesezeit\" \/>\n\t<meta name=\"twitter:data2\" content=\"3\u00a0Minuten\" \/>\n<script type=\"application\/ld+json\" class=\"yoast-schema-graph\">{\"@context\":\"https:\/\/schema.org\",\"@graph\":[{\"@type\":\"Article\",\"@id\":\"https:\/\/now-news.de\/de\/deutschland\/strafanzeige-gegen-bundespraesident-frank-walter-steinmeier-wegen-volksverhetzung\/#article\",\"isPartOf\":{\"@id\":\"https:\/\/now-news.de\/de\/deutschland\/strafanzeige-gegen-bundespraesident-frank-walter-steinmeier-wegen-volksverhetzung\/\"},\"author\":{\"name\":\"rtnews\",\"@id\":\"https:\/\/now-news.de\/de\/#\/schema\/person\/fb534a4e865501d8b3285208df34a9b5\"},\"headline\":\"Strafanzeige gegen Bundespr\u00e4sident Frank-Walter Steinmeier wegen Volksverhetzung\",\"datePublished\":\"2024-02-08T13:48:09+00:00\",\"dateModified\":\"2024-02-08T13:48:09+00:00\",\"mainEntityOfPage\":{\"@id\":\"https:\/\/now-news.de\/de\/deutschland\/strafanzeige-gegen-bundespraesident-frank-walter-steinmeier-wegen-volksverhetzung\/\"},\"wordCount\":677,\"commentCount\":0,\"publisher\":{\"@id\":\"https:\/\/now-news.de\/de\/#organization\"},\"image\":{\"@id\":\"https:\/\/now-news.de\/de\/deutschland\/strafanzeige-gegen-bundespraesident-frank-walter-steinmeier-wegen-volksverhetzung\/#primaryimage\"},\"thumbnailUrl\":\"https:\/\/now-news.de\/de\/wp-content\/uploads\/sites\/3\/2024\/02\/Strafanzeige-gegen-Bundespraesident-Frank-Walter-Steinmeier-wegen-Volksverhetzung.jpg\",\"keywords\":[\"Bundespr\u00e4sident\",\"FrankWalter\",\"gegen\",\"Steinmeier\",\"Strafanzeige\",\"Volksverhetzung\",\"wegen\"],\"articleSection\":[\"Deutschland\",\"Russland\"],\"inLanguage\":\"de\",\"potentialAction\":[{\"@type\":\"CommentAction\",\"name\":\"Comment\",\"target\":[\"https:\/\/now-news.de\/de\/deutschland\/strafanzeige-gegen-bundespraesident-frank-walter-steinmeier-wegen-volksverhetzung\/#respond\"]}]},{\"@type\":\"WebPage\",\"@id\":\"https:\/\/now-news.de\/de\/deutschland\/strafanzeige-gegen-bundespraesident-frank-walter-steinmeier-wegen-volksverhetzung\/\",\"url\":\"https:\/\/now-news.de\/de\/deutschland\/strafanzeige-gegen-bundespraesident-frank-walter-steinmeier-wegen-volksverhetzung\/\",\"name\":\"Strafanzeige gegen Bundespr\u00e4sident Frank-Walter Steinmeier wegen Volksverhetzung - just-now.NEWS Deutschland\",\"isPartOf\":{\"@id\":\"https:\/\/now-news.de\/de\/#website\"},\"primaryImageOfPage\":{\"@id\":\"https:\/\/now-news.de\/de\/deutschland\/strafanzeige-gegen-bundespraesident-frank-walter-steinmeier-wegen-volksverhetzung\/#primaryimage\"},\"image\":{\"@id\":\"https:\/\/now-news.de\/de\/deutschland\/strafanzeige-gegen-bundespraesident-frank-walter-steinmeier-wegen-volksverhetzung\/#primaryimage\"},\"thumbnailUrl\":\"https:\/\/now-news.de\/de\/wp-content\/uploads\/sites\/3\/2024\/02\/Strafanzeige-gegen-Bundespraesident-Frank-Walter-Steinmeier-wegen-Volksverhetzung.jpg\",\"datePublished\":\"2024-02-08T13:48:09+00:00\",\"dateModified\":\"2024-02-08T13:48:09+00:00\",\"breadcrumb\":{\"@id\":\"https:\/\/now-news.de\/de\/deutschland\/strafanzeige-gegen-bundespraesident-frank-walter-steinmeier-wegen-volksverhetzung\/#breadcrumb\"},\"inLanguage\":\"de\",\"potentialAction\":[{\"@type\":\"ReadAction\",\"target\":[\"https:\/\/now-news.de\/de\/deutschland\/strafanzeige-gegen-bundespraesident-frank-walter-steinmeier-wegen-volksverhetzung\/\"]}]},{\"@type\":\"ImageObject\",\"inLanguage\":\"de\",\"@id\":\"https:\/\/now-news.de\/de\/deutschland\/strafanzeige-gegen-bundespraesident-frank-walter-steinmeier-wegen-volksverhetzung\/#primaryimage\",\"url\":\"https:\/\/now-news.de\/de\/wp-content\/uploads\/sites\/3\/2024\/02\/Strafanzeige-gegen-Bundespraesident-Frank-Walter-Steinmeier-wegen-Volksverhetzung.jpg\",\"contentUrl\":\"https:\/\/now-news.de\/de\/wp-content\/uploads\/sites\/3\/2024\/02\/Strafanzeige-gegen-Bundespraesident-Frank-Walter-Steinmeier-wegen-Volksverhetzung.jpg\",\"width\":460,\"height\":259,\"caption\":\"Strafanzeige gegen Bundespr\u00e4sident Frank-Walter Steinmeier wegen Volksverhetzung\"},{\"@type\":\"BreadcrumbList\",\"@id\":\"https:\/\/now-news.de\/de\/deutschland\/strafanzeige-gegen-bundespraesident-frank-walter-steinmeier-wegen-volksverhetzung\/#breadcrumb\",\"itemListElement\":[{\"@type\":\"ListItem\",\"position\":1,\"name\":\"Home\",\"item\":\"https:\/\/now-news.de\/de\/\"},{\"@type\":\"ListItem\",\"position\":2,\"name\":\"Strafanzeige gegen Bundespr\u00e4sident Frank-Walter Steinmeier wegen Volksverhetzung\"}]},{\"@type\":\"WebSite\",\"@id\":\"https:\/\/now-news.de\/de\/#website\",\"url\":\"https:\/\/now-news.de\/de\/\",\"name\":\"just-now.NEWS Deutschland\",\"description\":\"Das Portal f\u00fcr unzensierte Nachrichten aus der Welt\",\"publisher\":{\"@id\":\"https:\/\/now-news.de\/de\/#organization\"},\"potentialAction\":[{\"@type\":\"SearchAction\",\"target\":{\"@type\":\"EntryPoint\",\"urlTemplate\":\"https:\/\/now-news.de\/de\/?s={search_term_string}\"},\"query-input\":\"required name=search_term_string\"}],\"inLanguage\":\"de\"},{\"@type\":\"Organization\",\"@id\":\"https:\/\/now-news.de\/de\/#organization\",\"name\":\"Just Now News\",\"url\":\"https:\/\/now-news.de\/de\/\",\"logo\":{\"@type\":\"ImageObject\",\"inLanguage\":\"de\",\"@id\":\"https:\/\/now-news.de\/de\/#\/schema\/logo\/image\/\",\"url\":\"http:\/\/just-now.news\/de\/wp-content\/uploads\/sites\/3\/2022\/04\/logo500x500.jpg\",\"contentUrl\":\"http:\/\/just-now.news\/de\/wp-content\/uploads\/sites\/3\/2022\/04\/logo500x500.jpg\",\"width\":500,\"height\":500,\"caption\":\"Just Now News\"},\"image\":{\"@id\":\"https:\/\/now-news.de\/de\/#\/schema\/logo\/image\/\"},\"sameAs\":[\"https:\/\/www.facebook.com\/wirmachenauf\",\"https:\/\/x.com\/WirMachenAuf_de\"]},{\"@type\":\"Person\",\"@id\":\"https:\/\/now-news.de\/de\/#\/schema\/person\/fb534a4e865501d8b3285208df34a9b5\",\"name\":\"rtnews\",\"image\":{\"@type\":\"ImageObject\",\"inLanguage\":\"de\",\"@id\":\"https:\/\/now-news.de\/de\/#\/schema\/person\/image\/\",\"url\":\"https:\/\/secure.gravatar.com\/avatar\/82aafea7d8127119dd649515f56e2117?s=96&d=mm&r=g\",\"contentUrl\":\"https:\/\/secure.gravatar.com\/avatar\/82aafea7d8127119dd649515f56e2117?s=96&d=mm&r=g\",\"caption\":\"rtnews\"},\"url\":\"https:\/\/now-news.de\/de\/author\/rnews\/\"}]}<\/script>\n<!-- \/ Yoast SEO Premium plugin. -->","yoast_head_json":{"title":"Strafanzeige gegen Bundespr\u00e4sident Frank-Walter Steinmeier wegen Volksverhetzung - just-now.NEWS Deutschland","robots":{"index":"index","follow":"follow","max-snippet":"max-snippet:-1","max-image-preview":"max-image-preview:large","max-video-preview":"max-video-preview:-1"},"canonical":"https:\/\/now-news.de\/de\/deutschland\/strafanzeige-gegen-bundespraesident-frank-walter-steinmeier-wegen-volksverhetzung\/","og_locale":"de_DE","og_type":"article","og_title":"Strafanzeige gegen Bundespr\u00e4sident Frank-Walter Steinmeier wegen Volksverhetzung","og_description":"Frank-Walter Steinmeier habe bei einer offiziellen Rede Millionen von W\u00e4hlern indirekt als &#8220;Ratten&#8221; diffamiert, befanden Aktivisten der B\u00fcrgerinitiative GemeinWohl-Lobby. Sie stellten beim Bundesgerichtshof Strafanzeige gegen den Bundespr\u00e4sidenten wegen Volksverhetzung. Bei\u00a0einem Empfang von Gewerkschaften, Wirtschaftsverb\u00e4nden und Betriebsr\u00e4ten bezeichnete der deutsche Bundespr\u00e4sident Frank-Walter-Steinmeier am 29. Januar bestimmte, nicht n\u00e4her definierte Teile der Bev\u00f6lkerung als &#8220;extremistische Rattenf\u00e4nger&#8221;. Damit [&hellip;]","og_url":"https:\/\/now-news.de\/de\/deutschland\/strafanzeige-gegen-bundespraesident-frank-walter-steinmeier-wegen-volksverhetzung\/","og_site_name":"just-now.NEWS Deutschland","article_publisher":"https:\/\/www.facebook.com\/wirmachenauf","article_published_time":"2024-02-08T13:48:09+00:00","og_image":[{"width":460,"height":259,"url":"https:\/\/now-news.de\/de\/wp-content\/uploads\/sites\/3\/2024\/02\/Strafanzeige-gegen-Bundespraesident-Frank-Walter-Steinmeier-wegen-Volksverhetzung.jpg","type":"image\/jpeg"}],"author":"rtnews","twitter_card":"summary_large_image","twitter_creator":"@WirMachenAuf_de","twitter_site":"@WirMachenAuf_de","twitter_misc":{"Verfasst von":"rtnews","Gesch\u00e4tzte Lesezeit":"3\u00a0Minuten"},"schema":{"@context":"https:\/\/schema.org","@graph":[{"@type":"Article","@id":"https:\/\/now-news.de\/de\/deutschland\/strafanzeige-gegen-bundespraesident-frank-walter-steinmeier-wegen-volksverhetzung\/#article","isPartOf":{"@id":"https:\/\/now-news.de\/de\/deutschland\/strafanzeige-gegen-bundespraesident-frank-walter-steinmeier-wegen-volksverhetzung\/"},"author":{"name":"rtnews","@id":"https:\/\/now-news.de\/de\/#\/schema\/person\/fb534a4e865501d8b3285208df34a9b5"},"headline":"Strafanzeige gegen Bundespr\u00e4sident Frank-Walter Steinmeier wegen Volksverhetzung","datePublished":"2024-02-08T13:48:09+00:00","dateModified":"2024-02-08T13:48:09+00:00","mainEntityOfPage":{"@id":"https:\/\/now-news.de\/de\/deutschland\/strafanzeige-gegen-bundespraesident-frank-walter-steinmeier-wegen-volksverhetzung\/"},"wordCount":677,"commentCount":0,"publisher":{"@id":"https:\/\/now-news.de\/de\/#organization"},"image":{"@id":"https:\/\/now-news.de\/de\/deutschland\/strafanzeige-gegen-bundespraesident-frank-walter-steinmeier-wegen-volksverhetzung\/#primaryimage"},"thumbnailUrl":"https:\/\/now-news.de\/de\/wp-content\/uploads\/sites\/3\/2024\/02\/Strafanzeige-gegen-Bundespraesident-Frank-Walter-Steinmeier-wegen-Volksverhetzung.jpg","keywords":["Bundespr\u00e4sident","FrankWalter","gegen","Steinmeier","Strafanzeige","Volksverhetzung","wegen"],"articleSection":["Deutschland","Russland"],"inLanguage":"de","potentialAction":[{"@type":"CommentAction","name":"Comment","target":["https:\/\/now-news.de\/de\/deutschland\/strafanzeige-gegen-bundespraesident-frank-walter-steinmeier-wegen-volksverhetzung\/#respond"]}]},{"@type":"WebPage","@id":"https:\/\/now-news.de\/de\/deutschland\/strafanzeige-gegen-bundespraesident-frank-walter-steinmeier-wegen-volksverhetzung\/","url":"https:\/\/now-news.de\/de\/deutschland\/strafanzeige-gegen-bundespraesident-frank-walter-steinmeier-wegen-volksverhetzung\/","name":"Strafanzeige gegen Bundespr\u00e4sident Frank-Walter Steinmeier wegen Volksverhetzung - just-now.NEWS Deutschland","isPartOf":{"@id":"https:\/\/now-news.de\/de\/#website"},"primaryImageOfPage":{"@id":"https:\/\/now-news.de\/de\/deutschland\/strafanzeige-gegen-bundespraesident-frank-walter-steinmeier-wegen-volksverhetzung\/#primaryimage"},"image":{"@id":"https:\/\/now-news.de\/de\/deutschland\/strafanzeige-gegen-bundespraesident-frank-walter-steinmeier-wegen-volksverhetzung\/#primaryimage"},"thumbnailUrl":"https:\/\/now-news.de\/de\/wp-content\/uploads\/sites\/3\/2024\/02\/Strafanzeige-gegen-Bundespraesident-Frank-Walter-Steinmeier-wegen-Volksverhetzung.jpg","datePublished":"2024-02-08T13:48:09+00:00","dateModified":"2024-02-08T13:48:09+00:00","breadcrumb":{"@id":"https:\/\/now-news.de\/de\/deutschland\/strafanzeige-gegen-bundespraesident-frank-walter-steinmeier-wegen-volksverhetzung\/#breadcrumb"},"inLanguage":"de","potentialAction":[{"@type":"ReadAction","target":["https:\/\/now-news.de\/de\/deutschland\/strafanzeige-gegen-bundespraesident-frank-walter-steinmeier-wegen-volksverhetzung\/"]}]},{"@type":"ImageObject","inLanguage":"de","@id":"https:\/\/now-news.de\/de\/deutschland\/strafanzeige-gegen-bundespraesident-frank-walter-steinmeier-wegen-volksverhetzung\/#primaryimage","url":"https:\/\/now-news.de\/de\/wp-content\/uploads\/sites\/3\/2024\/02\/Strafanzeige-gegen-Bundespraesident-Frank-Walter-Steinmeier-wegen-Volksverhetzung.jpg","contentUrl":"https:\/\/now-news.de\/de\/wp-content\/uploads\/sites\/3\/2024\/02\/Strafanzeige-gegen-Bundespraesident-Frank-Walter-Steinmeier-wegen-Volksverhetzung.jpg","width":460,"height":259,"caption":"Strafanzeige gegen Bundespr\u00e4sident Frank-Walter Steinmeier wegen Volksverhetzung"},{"@type":"BreadcrumbList","@id":"https:\/\/now-news.de\/de\/deutschland\/strafanzeige-gegen-bundespraesident-frank-walter-steinmeier-wegen-volksverhetzung\/#breadcrumb","itemListElement":[{"@type":"ListItem","position":1,"name":"Home","item":"https:\/\/now-news.de\/de\/"},{"@type":"ListItem","position":2,"name":"Strafanzeige gegen Bundespr\u00e4sident Frank-Walter Steinmeier wegen Volksverhetzung"}]},{"@type":"WebSite","@id":"https:\/\/now-news.de\/de\/#website","url":"https:\/\/now-news.de\/de\/","name":"just-now.NEWS Deutschland","description":"Das Portal f\u00fcr unzensierte Nachrichten aus der Welt","publisher":{"@id":"https:\/\/now-news.de\/de\/#organization"},"potentialAction":[{"@type":"SearchAction","target":{"@type":"EntryPoint","urlTemplate":"https:\/\/now-news.de\/de\/?s={search_term_string}"},"query-input":"required name=search_term_string"}],"inLanguage":"de"},{"@type":"Organization","@id":"https:\/\/now-news.de\/de\/#organization","name":"Just Now News","url":"https:\/\/now-news.de\/de\/","logo":{"@type":"ImageObject","inLanguage":"de","@id":"https:\/\/now-news.de\/de\/#\/schema\/logo\/image\/","url":"http:\/\/just-now.news\/de\/wp-content\/uploads\/sites\/3\/2022\/04\/logo500x500.jpg","contentUrl":"http:\/\/just-now.news\/de\/wp-content\/uploads\/sites\/3\/2022\/04\/logo500x500.jpg","width":500,"height":500,"caption":"Just Now News"},"image":{"@id":"https:\/\/now-news.de\/de\/#\/schema\/logo\/image\/"},"sameAs":["https:\/\/www.facebook.com\/wirmachenauf","https:\/\/x.com\/WirMachenAuf_de"]},{"@type":"Person","@id":"https:\/\/now-news.de\/de\/#\/schema\/person\/fb534a4e865501d8b3285208df34a9b5","name":"rtnews","image":{"@type":"ImageObject","inLanguage":"de","@id":"https:\/\/now-news.de\/de\/#\/schema\/person\/image\/","url":"https:\/\/secure.gravatar.com\/avatar\/82aafea7d8127119dd649515f56e2117?s=96&d=mm&r=g","contentUrl":"https:\/\/secure.gravatar.com\/avatar\/82aafea7d8127119dd649515f56e2117?s=96&d=mm&r=g","caption":"rtnews"},"url":"https:\/\/now-news.de\/de\/author\/rnews\/"}]}},"_links":{"self":[{"href":"https:\/\/now-news.de\/de\/wp-json\/wp\/v2\/posts\/54965"}],"collection":[{"href":"https:\/\/now-news.de\/de\/wp-json\/wp\/v2\/posts"}],"about":[{"href":"https:\/\/now-news.de\/de\/wp-json\/wp\/v2\/types\/post"}],"author":[{"embeddable":true,"href":"https:\/\/now-news.de\/de\/wp-json\/wp\/v2\/users\/3"}],"replies":[{"embeddable":true,"href":"https:\/\/now-news.de\/de\/wp-json\/wp\/v2\/comments?post=54965"}],"version-history":[{"count":0,"href":"https:\/\/now-news.de\/de\/wp-json\/wp\/v2\/posts\/54965\/revisions"}],"wp:featuredmedia":[{"embeddable":true,"href":"https:\/\/now-news.de\/de\/wp-json\/wp\/v2\/media\/54966"}],"wp:attachment":[{"href":"https:\/\/now-news.de\/de\/wp-json\/wp\/v2\/media?parent=54965"}],"wp:term":[{"taxonomy":"category","embeddable":true,"href":"https:\/\/now-news.de\/de\/wp-json\/wp\/v2\/categories?post=54965"},{"taxonomy":"post_tag","embeddable":true,"href":"https:\/\/now-news.de\/de\/wp-json\/wp\/v2\/tags?post=54965"}],"curies":[{"name":"wp","href":"https:\/\/api.w.org\/{rel}","templated":true}]}}