{"id":54956,"date":"2024-02-08T13:36:26","date_gmt":"2024-02-08T11:36:26","guid":{"rendered":"https:\/\/just-now.news\/de\/deutschland\/hoecke-und-ich-von-der-oberflaechlichkeit-deutscher-propaganda\/"},"modified":"2024-02-08T13:36:26","modified_gmt":"2024-02-08T11:36:26","slug":"hoecke-und-ich-von-der-oberflaechlichkeit-deutscher-propaganda","status":"publish","type":"post","link":"https:\/\/now-news.de\/de\/deutschland\/hoecke-und-ich-von-der-oberflaechlichkeit-deutscher-propaganda\/","title":{"rendered":"H\u00f6cke und ich: Von der Oberfl\u00e4chlichkeit deutscher Propaganda"},"content":{"rendered":"<p><img decoding=\"async\" src=\"http:\/\/just-now.news\/de\/wp-content\/uploads\/sites\/3\/2024\/02\/65c4b44948fbef363e59132c.jpg\" \/><\/p>\n<div class=\"Text-root Text-type_1 \">\n                Wenn es nicht so traurig w\u00e4re, m\u00fcsste man \u00fcber die Oberfl\u00e4chlichkeit deutscher Propaganda lachen. Hier soll es konkret um die Anzeige gegen Bj\u00f6rn H\u00f6cke wegen Volksverhetzung gehen. Denn der Anlass ist haneb\u00fcchen. \u00c4rzte sollten besser keine psychologischen Gutachten mehr erstellen.\n            <\/div>\n<p><\/p>\n<div class=\"Text-root Text-type_5 ArticleView-text ViewText-root \">\n<p><em>Von Tom J. Wellbrock<\/em><\/p>\n<p>Ich will nicht \u00fcber die Anklage gegen den AfD-Politiker Bj\u00f6rn H\u00f6cke wegen seines Satzfetzens &#8220;Alles f\u00fcr Deutschland&#8221; auf einer Wahlkampfveranstaltung sprechen, auch wenn man dazu einiges sagen k\u00f6nnte. Zum Beispiel, dass es rechtlich betrachtet auf den Zusammenhang dieser Aussage ankommt. Wenn man etwa die steile These aufstellt, Angela Merkel habe w\u00e4hrend ihrer Amtszeit &#8220;alles f\u00fcr Deutschland getan, was m\u00f6glich ist&#8221;, d\u00fcrfte man vor Gericht ungeschoren davonkommen. H\u00f6cke hat damals ebenfalls in einem gr\u00f6\u00dferen Zusammenhang die &#8220;b\u00f6sen&#8221; Worte benutzt. Aber ich bin kein Jurist und \u00fcberlasse <a rel=\"nofollow noopener\" target=\"_blank\" href=\"https:\/\/www.anwalt.de\/rechtstipps\/ist-die-parole-alles-fuer-deutschland-strafbar-215975.html\">die letztliche Bewertung<\/a> Gerichten (wenngleich ich mich mit diesem Vertrauen in die Rechtsstaatlichkeit Deutschlands zunehmend schwertue).<\/p>\n<p>Hier geht es um den zweiten Vorwurf, der H\u00f6cke gemacht wird. In der <em>Welt<\/em>-Zeitung (und wortgleich auch in anderen Medien) lesen wir:<\/p>\n<p><em>&#8220;Konkret geht es um einen Post von H\u00f6cke bei Telegram aus dem Jahr 2022, in dem er eine Gewalttat in Ludwigshafen kommentierte. H\u00f6cke schrieb dazu unter anderem: &#8220;Wahrscheinlich ist der T\u00e4ter psychisch krank und leidet an jener unter Einwanderern weit verbreiteten Volkskrankheit, welche die Betroffenen &#8220;Allahu Akbar&#8221; schreien l\u00e4sst und deren Wahrnehmung so verzerrt, dass sie in den &#8220;ungl\u00e4ubigen&#8221; Gastgebern lebensunwertes Leben sehen.&#8221; In Ludwigshafen hatte ein Mann aus Somalia <a rel=\"nofollow noopener\" target=\"_blank\" href=\"https:\/\/www.welt.de\/vermischtes\/article245534288\/Messerattacke-in-Ludwigshafen-Angeklagter-in-Mordprozess-ist-schuldunfaehig-und-muss-in-Psychiatrie.html\">zwei M\u00e4nner erstochen<\/a>.&#8221;<\/em><\/p>\n<p>\u00c4hnliches wie das, was H\u00f6cke damals ge\u00e4u\u00dfert hat, habe ich in zahlreichen Artikeln ebenfalls geschrieben, und ich will erkl\u00e4ren, was die Beweggr\u00fcnde daf\u00fcr waren:<\/p>\n<p>Zun\u00e4chst muss man fragen, wie volksverhetzend die unz\u00e4hligen Angriffe w\u00e4hrend der Corona-Episode auf kritische Menschen und solche, die sich nicht impfen lassen wollten, einzuordnen sind. Erinnern Sie sich?<\/p>\n<p>So zum Beispiel der Welt\u00e4rztechef Frank Ulrich Montgomery:<\/p>\n<p><em>&#8220;Ungeimpfte brauchen nun Peitsche statt Zuckerbrot.&#8221;<\/em><\/p>\n<p>Oder Schauspielerin Natalie W\u00f6rner:<\/p>\n<p><em>&#8220;Ich w\u00fcrde nicht mit Ungeimpften drehen.&#8221;<\/em><\/p>\n<p>Oder auch Marie-Agnes Strack-Zimmermann:<\/p>\n<p><em>&#8220;Ungeimpfte d\u00fcrfen nicht als Minderheit die Mehrheit terrorisieren.&#8221;<\/em><\/p>\n<p>Weitere, zum Teil noch deutlich schlimmere Zitate erspare ich Ihnen. War das keine Volksverhetzung? Und wenn nicht, was war es dann? F\u00fcr kompetente rechtliche Hinweise w\u00e4re ich sehr dankbar.<\/p>\n<p>\u00dcber die psychische Verfassung der hier Zitierten und die der vielen anderen, die damals mitgemacht haben und bis heute nicht einmal so etwas wie ein Unrechtsbewusstsein entwickelt haben, will ich mich besser auch nicht \u00e4u\u00dfern. Ich m\u00f6chte aber anmerken, dass es f\u00fcr mich eine Ungeheuerlichkeit darstellt, dass niemand von ihnen je zur Rechenschaft gezogen wurde. Und wenn ich jetzt noch \u00fcber die damals zutiefst verabscheuungsw\u00fcrdigen Misshandlungen von Kindern sprechen w\u00fcrde, w\u00e4re es wohl endg\u00fcltig vorbei mit meiner guten Kinderstube.<\/p>\n<p>Aber zur\u00fcck zu H\u00f6cke. Ich kann nicht in seinen Kopf schauen, aber was er damals geschrieben hat, hat eine berechtigte Grundlage. Will jemand ernsthaft bestreiten, dass es im Falle einer Flucht aus dem Heimatland zu psychischen Problemen, auch sehr ernsthaften, kommen kann? Ich will damit keineswegs generell alle ausl\u00e4ndischen Straft\u00e4ter freisprechen, im Gegenteil. F\u00fcr jede Straftat gilt, dass sie geahndet werden muss, unabh\u00e4ngig vom Hintergrund des T\u00e4ters. Je schlimmer die Tat, desto h\u00e4rter muss die Strafe ausfallen. Und es steht f\u00fcr mich au\u00dfer Zweifel, dass viele Straftaten (das ist reine Logik) gar nicht begangen worden w\u00e4ren, wenn die T\u00e4ter von vornherein in ihren Heimatl\u00e4ndern geblieben w\u00e4ren. Dass diese T\u00e4ter dorthin zur\u00fcckm\u00fcssen, wenn sie hier straff\u00e4llig werden, ist ebenfalls naheliegend.<\/p>\n<p>Aber das eine schlie\u00dft das andere nicht aus. Und die Zahl der Menschen mit psychischen Problemen (entweder durch die Flucht oder bereits vorher vorhanden) d\u00fcrfte sich in einem relevanten Bereich bewegen. Noch mal: Auch das hei\u00dft nicht, dass sie straflos bleiben sollen. Um es mal ganz platt zu formulieren: Ein Idiot, der einen Mord begeht, ist nicht unschuldig, weil er ein Idiot ist.<\/p>\n<p>Dennoch ist es wichtig, den psychischen Hintergrund des T\u00e4ters zu kennen und zu begreifen (&#8220;verstehen&#8221; darf man ja nicht mehr sagen, weil es mit &#8220;Verst\u00e4ndnis&#8221; gleichgesetzt wird), auch um zuk\u00fcnftige Taten besser einordnen und ihnen wom\u00f6glich pr\u00e4ventiv begegnen zu k\u00f6nnen. Ich kenne den Fall nicht im Detail, auf den H\u00f6cke sich damals bezog. Aber wenn er angenommen hat, dass der T\u00e4ter psychisch krank war, ist das eine Vermutung, die zu \u00e4u\u00dfern keinesfalls strafbewehrt und schon gar keine Volksverhetzung ist.<\/p>\n<p>Langer Rede kurzer Sinn: Ich komme auf den Beginn meines Kommentars zur\u00fcck. Die Propaganda deutscher Politik ist so durchschaubar und oberfl\u00e4chlich, dass ich mich frage: Was stimmt mit den vielen Menschen (psychisch) nicht, die darauf hereinfallen?<\/p>\n<p>Ein Verbot der AfD im Jahr 2024 ist rein formell nicht zu schaffen, aber die kommenden Wahlen treiben den Altparteien Schwei\u00dfperlen auf die Stirn, es muss also aus ihrer Sicht etwas getan werden. Da sie nicht willens und\/oder in der Lage sind, vielleicht mal ihre Politik an den Bed\u00fcrfnissen der Menschen auszurichten, die sie w\u00e4hlen sollen, greifen sie zu anderen Mitteln.<\/p>\n<p>Und liegt es nicht nahe, das Mittel der Volksverhetzung zu w\u00e4hlen, also eines, mit dem sie sich selbst am besten auskennen?<\/p>\n<p><em>Tom J. Wellbrock ist Journalist, Sprecher, Texter, Podcaster, Moderator und Mitherausgeber des Blogs <\/em><a rel=\"nofollow noopener\" target=\"_blank\" href=\"https:\/\/lkto.ru\/uv\/service\/hvtrs8%2F-wuw%2Cngunaldpe%60enlgn%2Cdg%2F\"><em>neulandrebellen<\/em><\/a><em>.<\/em><\/p>\n<p><strong>Mehr zum Thema &#8211;<\/strong>\u00a0<a rel=\"nofollow noopener\" target=\"_blank\" href=\"https:\/\/freedert.online\/inland\/195518-causa-tino-chrupalla-zdf-und\/\">Causa Tino Chrupalla: Das ZDF und das unvollst\u00e4ndige Videomaterial<\/a><\/p>\n<\/p>\n<\/div>\n<p><br \/>\n<br \/><a href=\"https:\/\/de.rt.com\/meinung\/195547-hoecke-und-ich-von-oberflaechlichkeit\/\">Source link <\/a><\/p>\n","protected":false},"excerpt":{"rendered":"<p>Wenn es nicht so traurig w\u00e4re, m\u00fcsste man \u00fcber die Oberfl\u00e4chlichkeit deutscher Propaganda lachen. Hier soll es konkret um die Anzeige gegen Bj\u00f6rn H\u00f6cke wegen Volksverhetzung gehen. Denn der Anlass ist haneb\u00fcchen. \u00c4rzte sollten besser keine psychologischen Gutachten mehr erstellen. Von Tom J. Wellbrock Ich will nicht \u00fcber die Anklage gegen den AfD-Politiker Bj\u00f6rn H\u00f6cke [&hellip;]<\/p>\n","protected":false},"author":3,"featured_media":54957,"comment_status":"open","ping_status":"open","sticky":false,"template":"","format":"standard","meta":{"_yoast_indexnow_last_ping":["1707392926"],"wp_automatic_camp":["217"],"026a05e55458ae522082a2bef12270e7":["H\u00f6cke und ich: Von der Oberfl\u00e4chlichkeit deutscher Propaganda"],"original_link":["https:\/\/de.rt.com\/meinung\/195547-hoecke-und-ich-von-oberflaechlichkeit\/"],"_thumbnail_id":["54957"],"jnews_social_counter_last_update":["1777328226"],"_wptgpro_p2tg_sent2tg":["a:1:{i:23737;s:19:\"2024-02-08 13:49:48\";}"]},"categories":[19,23],"tags":[82,8305,27529,410,53324,498,140,50],"yoast_head":"<!-- This site is optimized with the Yoast SEO Premium plugin v22.7 (Yoast SEO v22.7) - https:\/\/yoast.com\/wordpress\/plugins\/seo\/ -->\n<title>H\u00f6cke und ich: Von der Oberfl\u00e4chlichkeit deutscher Propaganda - just-now.NEWS Deutschland<\/title>\n<meta name=\"robots\" content=\"index, follow, max-snippet:-1, max-image-preview:large, max-video-preview:-1\" \/>\n<link rel=\"canonical\" href=\"https:\/\/now-news.de\/de\/deutschland\/hoecke-und-ich-von-der-oberflaechlichkeit-deutscher-propaganda\/\" \/>\n<meta property=\"og:locale\" content=\"de_DE\" \/>\n<meta property=\"og:type\" content=\"article\" \/>\n<meta property=\"og:title\" content=\"H\u00f6cke und ich: Von der Oberfl\u00e4chlichkeit deutscher Propaganda\" \/>\n<meta property=\"og:description\" content=\"Wenn es nicht so traurig w\u00e4re, m\u00fcsste man \u00fcber die Oberfl\u00e4chlichkeit deutscher Propaganda lachen. Hier soll es konkret um die Anzeige gegen Bj\u00f6rn H\u00f6cke wegen Volksverhetzung gehen. Denn der Anlass ist haneb\u00fcchen. \u00c4rzte sollten besser keine psychologischen Gutachten mehr erstellen. Von Tom J. Wellbrock Ich will nicht \u00fcber die Anklage gegen den AfD-Politiker Bj\u00f6rn H\u00f6cke [&hellip;]\" \/>\n<meta property=\"og:url\" content=\"https:\/\/now-news.de\/de\/deutschland\/hoecke-und-ich-von-der-oberflaechlichkeit-deutscher-propaganda\/\" \/>\n<meta property=\"og:site_name\" content=\"just-now.NEWS Deutschland\" \/>\n<meta property=\"article:publisher\" content=\"https:\/\/www.facebook.com\/wirmachenauf\" \/>\n<meta property=\"article:published_time\" content=\"2024-02-08T11:36:26+00:00\" \/>\n<meta property=\"og:image\" content=\"https:\/\/now-news.de\/de\/wp-content\/uploads\/sites\/3\/2024\/02\/Hoecke-und-ich-Von-der-Oberflaechlichkeit-deutscher-Propaganda.jpg\" \/>\n\t<meta property=\"og:image:width\" content=\"460\" \/>\n\t<meta property=\"og:image:height\" content=\"259\" \/>\n\t<meta property=\"og:image:type\" content=\"image\/jpeg\" \/>\n<meta name=\"author\" content=\"rtnews\" \/>\n<meta name=\"twitter:card\" content=\"summary_large_image\" \/>\n<meta name=\"twitter:creator\" content=\"@WirMachenAuf_de\" \/>\n<meta name=\"twitter:site\" content=\"@WirMachenAuf_de\" \/>\n<meta name=\"twitter:label1\" content=\"Verfasst von\" \/>\n\t<meta name=\"twitter:data1\" content=\"rtnews\" \/>\n\t<meta name=\"twitter:label2\" content=\"Gesch\u00e4tzte Lesezeit\" \/>\n\t<meta name=\"twitter:data2\" content=\"5\u00a0Minuten\" \/>\n<script type=\"application\/ld+json\" class=\"yoast-schema-graph\">{\"@context\":\"https:\/\/schema.org\",\"@graph\":[{\"@type\":\"Article\",\"@id\":\"https:\/\/now-news.de\/de\/deutschland\/hoecke-und-ich-von-der-oberflaechlichkeit-deutscher-propaganda\/#article\",\"isPartOf\":{\"@id\":\"https:\/\/now-news.de\/de\/deutschland\/hoecke-und-ich-von-der-oberflaechlichkeit-deutscher-propaganda\/\"},\"author\":{\"name\":\"rtnews\",\"@id\":\"https:\/\/now-news.de\/de\/#\/schema\/person\/fb534a4e865501d8b3285208df34a9b5\"},\"headline\":\"H\u00f6cke und ich: Von der Oberfl\u00e4chlichkeit deutscher Propaganda\",\"datePublished\":\"2024-02-08T11:36:26+00:00\",\"dateModified\":\"2024-02-08T11:36:26+00:00\",\"mainEntityOfPage\":{\"@id\":\"https:\/\/now-news.de\/de\/deutschland\/hoecke-und-ich-von-der-oberflaechlichkeit-deutscher-propaganda\/\"},\"wordCount\":937,\"commentCount\":0,\"publisher\":{\"@id\":\"https:\/\/now-news.de\/de\/#organization\"},\"image\":{\"@id\":\"https:\/\/now-news.de\/de\/deutschland\/hoecke-und-ich-von-der-oberflaechlichkeit-deutscher-propaganda\/#primaryimage\"},\"thumbnailUrl\":\"https:\/\/now-news.de\/de\/wp-content\/uploads\/sites\/3\/2024\/02\/Hoecke-und-ich-Von-der-Oberflaechlichkeit-deutscher-Propaganda.jpg\",\"keywords\":[\"der\",\"deutscher\",\"Hocke\",\"Ich\",\"Oberfl\u00e4chlichkeit\",\"Propaganda\",\"und\",\"von\"],\"articleSection\":[\"Deutschland\",\"Russland\"],\"inLanguage\":\"de\",\"potentialAction\":[{\"@type\":\"CommentAction\",\"name\":\"Comment\",\"target\":[\"https:\/\/now-news.de\/de\/deutschland\/hoecke-und-ich-von-der-oberflaechlichkeit-deutscher-propaganda\/#respond\"]}]},{\"@type\":\"WebPage\",\"@id\":\"https:\/\/now-news.de\/de\/deutschland\/hoecke-und-ich-von-der-oberflaechlichkeit-deutscher-propaganda\/\",\"url\":\"https:\/\/now-news.de\/de\/deutschland\/hoecke-und-ich-von-der-oberflaechlichkeit-deutscher-propaganda\/\",\"name\":\"H\u00f6cke und ich: Von der Oberfl\u00e4chlichkeit deutscher Propaganda - just-now.NEWS Deutschland\",\"isPartOf\":{\"@id\":\"https:\/\/now-news.de\/de\/#website\"},\"primaryImageOfPage\":{\"@id\":\"https:\/\/now-news.de\/de\/deutschland\/hoecke-und-ich-von-der-oberflaechlichkeit-deutscher-propaganda\/#primaryimage\"},\"image\":{\"@id\":\"https:\/\/now-news.de\/de\/deutschland\/hoecke-und-ich-von-der-oberflaechlichkeit-deutscher-propaganda\/#primaryimage\"},\"thumbnailUrl\":\"https:\/\/now-news.de\/de\/wp-content\/uploads\/sites\/3\/2024\/02\/Hoecke-und-ich-Von-der-Oberflaechlichkeit-deutscher-Propaganda.jpg\",\"datePublished\":\"2024-02-08T11:36:26+00:00\",\"dateModified\":\"2024-02-08T11:36:26+00:00\",\"breadcrumb\":{\"@id\":\"https:\/\/now-news.de\/de\/deutschland\/hoecke-und-ich-von-der-oberflaechlichkeit-deutscher-propaganda\/#breadcrumb\"},\"inLanguage\":\"de\",\"potentialAction\":[{\"@type\":\"ReadAction\",\"target\":[\"https:\/\/now-news.de\/de\/deutschland\/hoecke-und-ich-von-der-oberflaechlichkeit-deutscher-propaganda\/\"]}]},{\"@type\":\"ImageObject\",\"inLanguage\":\"de\",\"@id\":\"https:\/\/now-news.de\/de\/deutschland\/hoecke-und-ich-von-der-oberflaechlichkeit-deutscher-propaganda\/#primaryimage\",\"url\":\"https:\/\/now-news.de\/de\/wp-content\/uploads\/sites\/3\/2024\/02\/Hoecke-und-ich-Von-der-Oberflaechlichkeit-deutscher-Propaganda.jpg\",\"contentUrl\":\"https:\/\/now-news.de\/de\/wp-content\/uploads\/sites\/3\/2024\/02\/Hoecke-und-ich-Von-der-Oberflaechlichkeit-deutscher-Propaganda.jpg\",\"width\":460,\"height\":259,\"caption\":\"H\u00f6cke und ich: Von der Oberfl\u00e4chlichkeit deutscher Propaganda\"},{\"@type\":\"BreadcrumbList\",\"@id\":\"https:\/\/now-news.de\/de\/deutschland\/hoecke-und-ich-von-der-oberflaechlichkeit-deutscher-propaganda\/#breadcrumb\",\"itemListElement\":[{\"@type\":\"ListItem\",\"position\":1,\"name\":\"Home\",\"item\":\"https:\/\/now-news.de\/de\/\"},{\"@type\":\"ListItem\",\"position\":2,\"name\":\"H\u00f6cke und ich: Von der Oberfl\u00e4chlichkeit deutscher Propaganda\"}]},{\"@type\":\"WebSite\",\"@id\":\"https:\/\/now-news.de\/de\/#website\",\"url\":\"https:\/\/now-news.de\/de\/\",\"name\":\"just-now.NEWS Deutschland\",\"description\":\"Das Portal f\u00fcr unzensierte Nachrichten aus der Welt\",\"publisher\":{\"@id\":\"https:\/\/now-news.de\/de\/#organization\"},\"potentialAction\":[{\"@type\":\"SearchAction\",\"target\":{\"@type\":\"EntryPoint\",\"urlTemplate\":\"https:\/\/now-news.de\/de\/?s={search_term_string}\"},\"query-input\":\"required name=search_term_string\"}],\"inLanguage\":\"de\"},{\"@type\":\"Organization\",\"@id\":\"https:\/\/now-news.de\/de\/#organization\",\"name\":\"Just Now News\",\"url\":\"https:\/\/now-news.de\/de\/\",\"logo\":{\"@type\":\"ImageObject\",\"inLanguage\":\"de\",\"@id\":\"https:\/\/now-news.de\/de\/#\/schema\/logo\/image\/\",\"url\":\"http:\/\/just-now.news\/de\/wp-content\/uploads\/sites\/3\/2022\/04\/logo500x500.jpg\",\"contentUrl\":\"http:\/\/just-now.news\/de\/wp-content\/uploads\/sites\/3\/2022\/04\/logo500x500.jpg\",\"width\":500,\"height\":500,\"caption\":\"Just Now News\"},\"image\":{\"@id\":\"https:\/\/now-news.de\/de\/#\/schema\/logo\/image\/\"},\"sameAs\":[\"https:\/\/www.facebook.com\/wirmachenauf\",\"https:\/\/x.com\/WirMachenAuf_de\"]},{\"@type\":\"Person\",\"@id\":\"https:\/\/now-news.de\/de\/#\/schema\/person\/fb534a4e865501d8b3285208df34a9b5\",\"name\":\"rtnews\",\"image\":{\"@type\":\"ImageObject\",\"inLanguage\":\"de\",\"@id\":\"https:\/\/now-news.de\/de\/#\/schema\/person\/image\/\",\"url\":\"https:\/\/secure.gravatar.com\/avatar\/82aafea7d8127119dd649515f56e2117?s=96&d=mm&r=g\",\"contentUrl\":\"https:\/\/secure.gravatar.com\/avatar\/82aafea7d8127119dd649515f56e2117?s=96&d=mm&r=g\",\"caption\":\"rtnews\"},\"url\":\"https:\/\/now-news.de\/de\/author\/rnews\/\"}]}<\/script>\n<!-- \/ Yoast SEO Premium plugin. -->","yoast_head_json":{"title":"H\u00f6cke und ich: Von der Oberfl\u00e4chlichkeit deutscher Propaganda - just-now.NEWS Deutschland","robots":{"index":"index","follow":"follow","max-snippet":"max-snippet:-1","max-image-preview":"max-image-preview:large","max-video-preview":"max-video-preview:-1"},"canonical":"https:\/\/now-news.de\/de\/deutschland\/hoecke-und-ich-von-der-oberflaechlichkeit-deutscher-propaganda\/","og_locale":"de_DE","og_type":"article","og_title":"H\u00f6cke und ich: Von der Oberfl\u00e4chlichkeit deutscher Propaganda","og_description":"Wenn es nicht so traurig w\u00e4re, m\u00fcsste man \u00fcber die Oberfl\u00e4chlichkeit deutscher Propaganda lachen. Hier soll es konkret um die Anzeige gegen Bj\u00f6rn H\u00f6cke wegen Volksverhetzung gehen. Denn der Anlass ist haneb\u00fcchen. \u00c4rzte sollten besser keine psychologischen Gutachten mehr erstellen. Von Tom J. Wellbrock Ich will nicht \u00fcber die Anklage gegen den AfD-Politiker Bj\u00f6rn H\u00f6cke [&hellip;]","og_url":"https:\/\/now-news.de\/de\/deutschland\/hoecke-und-ich-von-der-oberflaechlichkeit-deutscher-propaganda\/","og_site_name":"just-now.NEWS Deutschland","article_publisher":"https:\/\/www.facebook.com\/wirmachenauf","article_published_time":"2024-02-08T11:36:26+00:00","og_image":[{"width":460,"height":259,"url":"https:\/\/now-news.de\/de\/wp-content\/uploads\/sites\/3\/2024\/02\/Hoecke-und-ich-Von-der-Oberflaechlichkeit-deutscher-Propaganda.jpg","type":"image\/jpeg"}],"author":"rtnews","twitter_card":"summary_large_image","twitter_creator":"@WirMachenAuf_de","twitter_site":"@WirMachenAuf_de","twitter_misc":{"Verfasst von":"rtnews","Gesch\u00e4tzte Lesezeit":"5\u00a0Minuten"},"schema":{"@context":"https:\/\/schema.org","@graph":[{"@type":"Article","@id":"https:\/\/now-news.de\/de\/deutschland\/hoecke-und-ich-von-der-oberflaechlichkeit-deutscher-propaganda\/#article","isPartOf":{"@id":"https:\/\/now-news.de\/de\/deutschland\/hoecke-und-ich-von-der-oberflaechlichkeit-deutscher-propaganda\/"},"author":{"name":"rtnews","@id":"https:\/\/now-news.de\/de\/#\/schema\/person\/fb534a4e865501d8b3285208df34a9b5"},"headline":"H\u00f6cke und ich: Von der Oberfl\u00e4chlichkeit deutscher Propaganda","datePublished":"2024-02-08T11:36:26+00:00","dateModified":"2024-02-08T11:36:26+00:00","mainEntityOfPage":{"@id":"https:\/\/now-news.de\/de\/deutschland\/hoecke-und-ich-von-der-oberflaechlichkeit-deutscher-propaganda\/"},"wordCount":937,"commentCount":0,"publisher":{"@id":"https:\/\/now-news.de\/de\/#organization"},"image":{"@id":"https:\/\/now-news.de\/de\/deutschland\/hoecke-und-ich-von-der-oberflaechlichkeit-deutscher-propaganda\/#primaryimage"},"thumbnailUrl":"https:\/\/now-news.de\/de\/wp-content\/uploads\/sites\/3\/2024\/02\/Hoecke-und-ich-Von-der-Oberflaechlichkeit-deutscher-Propaganda.jpg","keywords":["der","deutscher","Hocke","Ich","Oberfl\u00e4chlichkeit","Propaganda","und","von"],"articleSection":["Deutschland","Russland"],"inLanguage":"de","potentialAction":[{"@type":"CommentAction","name":"Comment","target":["https:\/\/now-news.de\/de\/deutschland\/hoecke-und-ich-von-der-oberflaechlichkeit-deutscher-propaganda\/#respond"]}]},{"@type":"WebPage","@id":"https:\/\/now-news.de\/de\/deutschland\/hoecke-und-ich-von-der-oberflaechlichkeit-deutscher-propaganda\/","url":"https:\/\/now-news.de\/de\/deutschland\/hoecke-und-ich-von-der-oberflaechlichkeit-deutscher-propaganda\/","name":"H\u00f6cke und ich: Von der Oberfl\u00e4chlichkeit deutscher Propaganda - just-now.NEWS Deutschland","isPartOf":{"@id":"https:\/\/now-news.de\/de\/#website"},"primaryImageOfPage":{"@id":"https:\/\/now-news.de\/de\/deutschland\/hoecke-und-ich-von-der-oberflaechlichkeit-deutscher-propaganda\/#primaryimage"},"image":{"@id":"https:\/\/now-news.de\/de\/deutschland\/hoecke-und-ich-von-der-oberflaechlichkeit-deutscher-propaganda\/#primaryimage"},"thumbnailUrl":"https:\/\/now-news.de\/de\/wp-content\/uploads\/sites\/3\/2024\/02\/Hoecke-und-ich-Von-der-Oberflaechlichkeit-deutscher-Propaganda.jpg","datePublished":"2024-02-08T11:36:26+00:00","dateModified":"2024-02-08T11:36:26+00:00","breadcrumb":{"@id":"https:\/\/now-news.de\/de\/deutschland\/hoecke-und-ich-von-der-oberflaechlichkeit-deutscher-propaganda\/#breadcrumb"},"inLanguage":"de","potentialAction":[{"@type":"ReadAction","target":["https:\/\/now-news.de\/de\/deutschland\/hoecke-und-ich-von-der-oberflaechlichkeit-deutscher-propaganda\/"]}]},{"@type":"ImageObject","inLanguage":"de","@id":"https:\/\/now-news.de\/de\/deutschland\/hoecke-und-ich-von-der-oberflaechlichkeit-deutscher-propaganda\/#primaryimage","url":"https:\/\/now-news.de\/de\/wp-content\/uploads\/sites\/3\/2024\/02\/Hoecke-und-ich-Von-der-Oberflaechlichkeit-deutscher-Propaganda.jpg","contentUrl":"https:\/\/now-news.de\/de\/wp-content\/uploads\/sites\/3\/2024\/02\/Hoecke-und-ich-Von-der-Oberflaechlichkeit-deutscher-Propaganda.jpg","width":460,"height":259,"caption":"H\u00f6cke und ich: Von der Oberfl\u00e4chlichkeit deutscher Propaganda"},{"@type":"BreadcrumbList","@id":"https:\/\/now-news.de\/de\/deutschland\/hoecke-und-ich-von-der-oberflaechlichkeit-deutscher-propaganda\/#breadcrumb","itemListElement":[{"@type":"ListItem","position":1,"name":"Home","item":"https:\/\/now-news.de\/de\/"},{"@type":"ListItem","position":2,"name":"H\u00f6cke und ich: Von der Oberfl\u00e4chlichkeit deutscher Propaganda"}]},{"@type":"WebSite","@id":"https:\/\/now-news.de\/de\/#website","url":"https:\/\/now-news.de\/de\/","name":"just-now.NEWS Deutschland","description":"Das Portal f\u00fcr unzensierte Nachrichten aus der Welt","publisher":{"@id":"https:\/\/now-news.de\/de\/#organization"},"potentialAction":[{"@type":"SearchAction","target":{"@type":"EntryPoint","urlTemplate":"https:\/\/now-news.de\/de\/?s={search_term_string}"},"query-input":"required name=search_term_string"}],"inLanguage":"de"},{"@type":"Organization","@id":"https:\/\/now-news.de\/de\/#organization","name":"Just Now News","url":"https:\/\/now-news.de\/de\/","logo":{"@type":"ImageObject","inLanguage":"de","@id":"https:\/\/now-news.de\/de\/#\/schema\/logo\/image\/","url":"http:\/\/just-now.news\/de\/wp-content\/uploads\/sites\/3\/2022\/04\/logo500x500.jpg","contentUrl":"http:\/\/just-now.news\/de\/wp-content\/uploads\/sites\/3\/2022\/04\/logo500x500.jpg","width":500,"height":500,"caption":"Just Now News"},"image":{"@id":"https:\/\/now-news.de\/de\/#\/schema\/logo\/image\/"},"sameAs":["https:\/\/www.facebook.com\/wirmachenauf","https:\/\/x.com\/WirMachenAuf_de"]},{"@type":"Person","@id":"https:\/\/now-news.de\/de\/#\/schema\/person\/fb534a4e865501d8b3285208df34a9b5","name":"rtnews","image":{"@type":"ImageObject","inLanguage":"de","@id":"https:\/\/now-news.de\/de\/#\/schema\/person\/image\/","url":"https:\/\/secure.gravatar.com\/avatar\/82aafea7d8127119dd649515f56e2117?s=96&d=mm&r=g","contentUrl":"https:\/\/secure.gravatar.com\/avatar\/82aafea7d8127119dd649515f56e2117?s=96&d=mm&r=g","caption":"rtnews"},"url":"https:\/\/now-news.de\/de\/author\/rnews\/"}]}},"_links":{"self":[{"href":"https:\/\/now-news.de\/de\/wp-json\/wp\/v2\/posts\/54956"}],"collection":[{"href":"https:\/\/now-news.de\/de\/wp-json\/wp\/v2\/posts"}],"about":[{"href":"https:\/\/now-news.de\/de\/wp-json\/wp\/v2\/types\/post"}],"author":[{"embeddable":true,"href":"https:\/\/now-news.de\/de\/wp-json\/wp\/v2\/users\/3"}],"replies":[{"embeddable":true,"href":"https:\/\/now-news.de\/de\/wp-json\/wp\/v2\/comments?post=54956"}],"version-history":[{"count":0,"href":"https:\/\/now-news.de\/de\/wp-json\/wp\/v2\/posts\/54956\/revisions"}],"wp:featuredmedia":[{"embeddable":true,"href":"https:\/\/now-news.de\/de\/wp-json\/wp\/v2\/media\/54957"}],"wp:attachment":[{"href":"https:\/\/now-news.de\/de\/wp-json\/wp\/v2\/media?parent=54956"}],"wp:term":[{"taxonomy":"category","embeddable":true,"href":"https:\/\/now-news.de\/de\/wp-json\/wp\/v2\/categories?post=54956"},{"taxonomy":"post_tag","embeddable":true,"href":"https:\/\/now-news.de\/de\/wp-json\/wp\/v2\/tags?post=54956"}],"curies":[{"name":"wp","href":"https:\/\/api.w.org\/{rel}","templated":true}]}}