{"id":54954,"date":"2024-02-08T13:24:13","date_gmt":"2024-02-08T11:24:13","guid":{"rendered":"https:\/\/just-now.news\/de\/deutschland\/aserbaidschan-alijew-bei-praesidentschaftswahlen-wiedergewaehlt\/"},"modified":"2024-02-08T13:24:13","modified_gmt":"2024-02-08T11:24:13","slug":"aserbaidschan-alijew-bei-praesidentschaftswahlen-wiedergewaehlt","status":"publish","type":"post","link":"https:\/\/now-news.de\/de\/deutschland\/aserbaidschan-alijew-bei-praesidentschaftswahlen-wiedergewaehlt\/","title":{"rendered":"Aserbaidschan: Alijew bei Pr\u00e4sidentschaftswahlen wiedergew\u00e4hlt"},"content":{"rendered":"<p><img decoding=\"async\" src=\"http:\/\/just-now.news\/de\/wp-content\/uploads\/sites\/3\/2024\/02\/65c4ae0848fbef37da06d1c8.jpg\" \/><\/p>\n<div class=\"Text-root Text-type_1 \">\n                Ilham Alijew ist f\u00fcr eine f\u00fcnfte Amtszeit als Pr\u00e4sident Aserbaidschans wiedergew\u00e4hlt worden. Nach Angaben der Zentralen Wahlkommission erhielt er 92,05 Prozent der Stimmen, nachdem rund 93 Prozent der Stimmzettel ausgez\u00e4hlt worden waren.\n            <\/div>\n<p><\/p>\n<div class=\"Text-root Text-type_5 ArticleView-text ViewText-root \">\n<p>Am 7. Februar fanden in Aserbaidschan Pr\u00e4sidentschaftswahlen statt. Wie der Vorsitzende der Zentralen Wahlkommission mitteilte, erhielt der amtierende Pr\u00e4sident Ilham Alijew 92,05 Prozent der Stimmen, nachdem rund 93 Prozent der Stimmzettel ausgez\u00e4hlt worden waren. Alle anderen Kandidaten erhalten weniger als 3 Prozent der Stimmen.<\/p>\n<p>Urspr\u00fcnglich sollten die Wahlen im April 2025 stattfinden, wenn Alijews Amtszeit als Staatsoberhaupt ausl\u00e4uft. Im Dezember 2023 unterzeichnete er jedoch ein Dekret \u00fcber vorgezogene Wahlen und begr\u00fcndete diese Entscheidung mit der Wiederherstellung der territorialen Integrit\u00e4t\u00a0des Landes.<\/p>\n<p>Am 19. September hatte Aserbaidschan eine Milit\u00e4roperation in Bergkarabach gestartet, die nur einen Tag dauerte. Die Beh\u00f6rden der Region k\u00fcndigten die Aufl\u00f6sung der nicht anerkannten Republik zum 1. Januar 2024 an. Im Oktober 2023 unterzeichnete der armenische Premierminister Nikol Paschinjan eine Erkl\u00e4rung, in der er die Republik Bergkarabach als Teil Aserbaidschans anerkannte.<\/p>\n<p>Der venezolanische Pr\u00e4sident Nicolas Maduro, der tadschikische Pr\u00e4sident Emomalij Rahmon, der serbische Pr\u00e4sident Aleksandar Vu\u010di\u0107, der t\u00fcrkische Pr\u00e4sident Recep Tayyip Erdo\u011fan sowie der wei\u00dfrussische Staatschef Alexander Lukaschenko haben Alijew bereits zu seinem Sieg gratuliert. Auch der russische Pr\u00e4sident Wladimir Putin gratulierte.<\/p>\n<p>Alijew ist seit Oktober 2003 Pr\u00e4sident von Aserbaidschan. Er \u00fcbernahm das Amt von seinem Vater.<\/p>\n<p><strong>Mehr zum Thema<\/strong> &#8211; <a rel=\"nofollow noopener\" target=\"_blank\" href=\"https:\/\/freedert.online\/international\/194056-aserbaidschan-koennte-europarat-verlassen\/\">Aserbaidschan k\u00f6nnte Europarat verlassen<\/a><\/p>\n<\/p>\n<\/div>\n<p><br \/>\n<br \/><a href=\"https:\/\/de.rt.com\/international\/195541-aserbaidschan-alijew-bei-praesidentschaftswahlen-wiedergewaehlt\/\">Source link <\/a><\/p>\n","protected":false},"excerpt":{"rendered":"<p>Ilham Alijew ist f\u00fcr eine f\u00fcnfte Amtszeit als Pr\u00e4sident Aserbaidschans wiedergew\u00e4hlt worden. Nach Angaben der Zentralen Wahlkommission erhielt er 92,05 Prozent der Stimmen, nachdem rund 93 Prozent der Stimmzettel ausgez\u00e4hlt worden waren. Am 7. Februar fanden in Aserbaidschan Pr\u00e4sidentschaftswahlen statt. Wie der Vorsitzende der Zentralen Wahlkommission mitteilte, erhielt der amtierende Pr\u00e4sident Ilham Alijew 92,05 Prozent [&hellip;]<\/p>\n","protected":false},"author":3,"featured_media":54955,"comment_status":"open","ping_status":"open","sticky":false,"template":"","format":"standard","meta":{"_yoast_indexnow_last_ping":["1707391972"],"wp_automatic_camp":["217"],"76e31a24536af71664047212491728ca":["Aserbaidschan: Alijew bei Pr\u00e4sidentschaftswahlen wiedergew\u00e4hlt"],"original_link":["https:\/\/de.rt.com\/international\/195541-aserbaidschan-alijew-bei-praesidentschaftswahlen-wiedergewaehlt\/"],"_thumbnail_id":["54955"],"_wptgpro_p2tg_sent2tg":["a:1:{i:23737;s:19:\"2024-02-08 13:34:11\";}"],"jnews_social_counter_last_update":["1777169345"]},"categories":[19,23],"tags":[36530,10003,363,27236,9155],"yoast_head":"<!-- This site is optimized with the Yoast SEO Premium plugin v22.7 (Yoast SEO v22.7) - https:\/\/yoast.com\/wordpress\/plugins\/seo\/ -->\n<title>Aserbaidschan: Alijew bei Pr\u00e4sidentschaftswahlen wiedergew\u00e4hlt - just-now.NEWS Deutschland<\/title>\n<meta name=\"robots\" content=\"index, follow, max-snippet:-1, max-image-preview:large, max-video-preview:-1\" \/>\n<link rel=\"canonical\" href=\"https:\/\/now-news.de\/de\/deutschland\/aserbaidschan-alijew-bei-praesidentschaftswahlen-wiedergewaehlt\/\" \/>\n<meta property=\"og:locale\" content=\"de_DE\" \/>\n<meta property=\"og:type\" content=\"article\" \/>\n<meta property=\"og:title\" content=\"Aserbaidschan: Alijew bei Pr\u00e4sidentschaftswahlen wiedergew\u00e4hlt\" \/>\n<meta property=\"og:description\" content=\"Ilham Alijew ist f\u00fcr eine f\u00fcnfte Amtszeit als Pr\u00e4sident Aserbaidschans wiedergew\u00e4hlt worden. Nach Angaben der Zentralen Wahlkommission erhielt er 92,05 Prozent der Stimmen, nachdem rund 93 Prozent der Stimmzettel ausgez\u00e4hlt worden waren. Am 7. Februar fanden in Aserbaidschan Pr\u00e4sidentschaftswahlen statt. Wie der Vorsitzende der Zentralen Wahlkommission mitteilte, erhielt der amtierende Pr\u00e4sident Ilham Alijew 92,05 Prozent [&hellip;]\" \/>\n<meta property=\"og:url\" content=\"https:\/\/now-news.de\/de\/deutschland\/aserbaidschan-alijew-bei-praesidentschaftswahlen-wiedergewaehlt\/\" \/>\n<meta property=\"og:site_name\" content=\"just-now.NEWS Deutschland\" \/>\n<meta property=\"article:publisher\" content=\"https:\/\/www.facebook.com\/wirmachenauf\" \/>\n<meta property=\"article:published_time\" content=\"2024-02-08T11:24:13+00:00\" \/>\n<meta property=\"og:image\" content=\"https:\/\/now-news.de\/de\/wp-content\/uploads\/sites\/3\/2024\/02\/Aserbaidschan-Alijew-bei-Praesidentschaftswahlen-wiedergewaehlt.jpg\" \/>\n\t<meta property=\"og:image:width\" content=\"460\" \/>\n\t<meta property=\"og:image:height\" content=\"259\" \/>\n\t<meta property=\"og:image:type\" content=\"image\/jpeg\" \/>\n<meta name=\"author\" content=\"rtnews\" \/>\n<meta name=\"twitter:card\" content=\"summary_large_image\" \/>\n<meta name=\"twitter:creator\" content=\"@WirMachenAuf_de\" \/>\n<meta name=\"twitter:site\" content=\"@WirMachenAuf_de\" \/>\n<meta name=\"twitter:label1\" content=\"Verfasst von\" \/>\n\t<meta name=\"twitter:data1\" content=\"rtnews\" \/>\n\t<meta name=\"twitter:label2\" content=\"Gesch\u00e4tzte Lesezeit\" \/>\n\t<meta name=\"twitter:data2\" content=\"1\u00a0Minute\" \/>\n<script type=\"application\/ld+json\" class=\"yoast-schema-graph\">{\"@context\":\"https:\/\/schema.org\",\"@graph\":[{\"@type\":\"Article\",\"@id\":\"https:\/\/now-news.de\/de\/deutschland\/aserbaidschan-alijew-bei-praesidentschaftswahlen-wiedergewaehlt\/#article\",\"isPartOf\":{\"@id\":\"https:\/\/now-news.de\/de\/deutschland\/aserbaidschan-alijew-bei-praesidentschaftswahlen-wiedergewaehlt\/\"},\"author\":{\"name\":\"rtnews\",\"@id\":\"https:\/\/now-news.de\/de\/#\/schema\/person\/fb534a4e865501d8b3285208df34a9b5\"},\"headline\":\"Aserbaidschan: Alijew bei Pr\u00e4sidentschaftswahlen wiedergew\u00e4hlt\",\"datePublished\":\"2024-02-08T11:24:13+00:00\",\"dateModified\":\"2024-02-08T11:24:13+00:00\",\"mainEntityOfPage\":{\"@id\":\"https:\/\/now-news.de\/de\/deutschland\/aserbaidschan-alijew-bei-praesidentschaftswahlen-wiedergewaehlt\/\"},\"wordCount\":254,\"commentCount\":0,\"publisher\":{\"@id\":\"https:\/\/now-news.de\/de\/#organization\"},\"image\":{\"@id\":\"https:\/\/now-news.de\/de\/deutschland\/aserbaidschan-alijew-bei-praesidentschaftswahlen-wiedergewaehlt\/#primaryimage\"},\"thumbnailUrl\":\"https:\/\/now-news.de\/de\/wp-content\/uploads\/sites\/3\/2024\/02\/Aserbaidschan-Alijew-bei-Praesidentschaftswahlen-wiedergewaehlt.jpg\",\"keywords\":[\"Alijew\",\"Aserbaidschan\",\"bei\",\"Pr\u00e4sidentschaftswahlen\",\"wiedergew\u00e4hlt\"],\"articleSection\":[\"Deutschland\",\"Russland\"],\"inLanguage\":\"de\",\"potentialAction\":[{\"@type\":\"CommentAction\",\"name\":\"Comment\",\"target\":[\"https:\/\/now-news.de\/de\/deutschland\/aserbaidschan-alijew-bei-praesidentschaftswahlen-wiedergewaehlt\/#respond\"]}]},{\"@type\":\"WebPage\",\"@id\":\"https:\/\/now-news.de\/de\/deutschland\/aserbaidschan-alijew-bei-praesidentschaftswahlen-wiedergewaehlt\/\",\"url\":\"https:\/\/now-news.de\/de\/deutschland\/aserbaidschan-alijew-bei-praesidentschaftswahlen-wiedergewaehlt\/\",\"name\":\"Aserbaidschan: Alijew bei Pr\u00e4sidentschaftswahlen wiedergew\u00e4hlt - just-now.NEWS Deutschland\",\"isPartOf\":{\"@id\":\"https:\/\/now-news.de\/de\/#website\"},\"primaryImageOfPage\":{\"@id\":\"https:\/\/now-news.de\/de\/deutschland\/aserbaidschan-alijew-bei-praesidentschaftswahlen-wiedergewaehlt\/#primaryimage\"},\"image\":{\"@id\":\"https:\/\/now-news.de\/de\/deutschland\/aserbaidschan-alijew-bei-praesidentschaftswahlen-wiedergewaehlt\/#primaryimage\"},\"thumbnailUrl\":\"https:\/\/now-news.de\/de\/wp-content\/uploads\/sites\/3\/2024\/02\/Aserbaidschan-Alijew-bei-Praesidentschaftswahlen-wiedergewaehlt.jpg\",\"datePublished\":\"2024-02-08T11:24:13+00:00\",\"dateModified\":\"2024-02-08T11:24:13+00:00\",\"breadcrumb\":{\"@id\":\"https:\/\/now-news.de\/de\/deutschland\/aserbaidschan-alijew-bei-praesidentschaftswahlen-wiedergewaehlt\/#breadcrumb\"},\"inLanguage\":\"de\",\"potentialAction\":[{\"@type\":\"ReadAction\",\"target\":[\"https:\/\/now-news.de\/de\/deutschland\/aserbaidschan-alijew-bei-praesidentschaftswahlen-wiedergewaehlt\/\"]}]},{\"@type\":\"ImageObject\",\"inLanguage\":\"de\",\"@id\":\"https:\/\/now-news.de\/de\/deutschland\/aserbaidschan-alijew-bei-praesidentschaftswahlen-wiedergewaehlt\/#primaryimage\",\"url\":\"https:\/\/now-news.de\/de\/wp-content\/uploads\/sites\/3\/2024\/02\/Aserbaidschan-Alijew-bei-Praesidentschaftswahlen-wiedergewaehlt.jpg\",\"contentUrl\":\"https:\/\/now-news.de\/de\/wp-content\/uploads\/sites\/3\/2024\/02\/Aserbaidschan-Alijew-bei-Praesidentschaftswahlen-wiedergewaehlt.jpg\",\"width\":460,\"height\":259,\"caption\":\"Aserbaidschan: Alijew bei Pr\u00e4sidentschaftswahlen wiedergew\u00e4hlt\"},{\"@type\":\"BreadcrumbList\",\"@id\":\"https:\/\/now-news.de\/de\/deutschland\/aserbaidschan-alijew-bei-praesidentschaftswahlen-wiedergewaehlt\/#breadcrumb\",\"itemListElement\":[{\"@type\":\"ListItem\",\"position\":1,\"name\":\"Home\",\"item\":\"https:\/\/now-news.de\/de\/\"},{\"@type\":\"ListItem\",\"position\":2,\"name\":\"Aserbaidschan: Alijew bei Pr\u00e4sidentschaftswahlen wiedergew\u00e4hlt\"}]},{\"@type\":\"WebSite\",\"@id\":\"https:\/\/now-news.de\/de\/#website\",\"url\":\"https:\/\/now-news.de\/de\/\",\"name\":\"just-now.NEWS Deutschland\",\"description\":\"Das Portal f\u00fcr unzensierte Nachrichten aus der Welt\",\"publisher\":{\"@id\":\"https:\/\/now-news.de\/de\/#organization\"},\"potentialAction\":[{\"@type\":\"SearchAction\",\"target\":{\"@type\":\"EntryPoint\",\"urlTemplate\":\"https:\/\/now-news.de\/de\/?s={search_term_string}\"},\"query-input\":\"required name=search_term_string\"}],\"inLanguage\":\"de\"},{\"@type\":\"Organization\",\"@id\":\"https:\/\/now-news.de\/de\/#organization\",\"name\":\"Just Now News\",\"url\":\"https:\/\/now-news.de\/de\/\",\"logo\":{\"@type\":\"ImageObject\",\"inLanguage\":\"de\",\"@id\":\"https:\/\/now-news.de\/de\/#\/schema\/logo\/image\/\",\"url\":\"http:\/\/just-now.news\/de\/wp-content\/uploads\/sites\/3\/2022\/04\/logo500x500.jpg\",\"contentUrl\":\"http:\/\/just-now.news\/de\/wp-content\/uploads\/sites\/3\/2022\/04\/logo500x500.jpg\",\"width\":500,\"height\":500,\"caption\":\"Just Now News\"},\"image\":{\"@id\":\"https:\/\/now-news.de\/de\/#\/schema\/logo\/image\/\"},\"sameAs\":[\"https:\/\/www.facebook.com\/wirmachenauf\",\"https:\/\/x.com\/WirMachenAuf_de\"]},{\"@type\":\"Person\",\"@id\":\"https:\/\/now-news.de\/de\/#\/schema\/person\/fb534a4e865501d8b3285208df34a9b5\",\"name\":\"rtnews\",\"image\":{\"@type\":\"ImageObject\",\"inLanguage\":\"de\",\"@id\":\"https:\/\/now-news.de\/de\/#\/schema\/person\/image\/\",\"url\":\"https:\/\/secure.gravatar.com\/avatar\/82aafea7d8127119dd649515f56e2117?s=96&d=mm&r=g\",\"contentUrl\":\"https:\/\/secure.gravatar.com\/avatar\/82aafea7d8127119dd649515f56e2117?s=96&d=mm&r=g\",\"caption\":\"rtnews\"},\"url\":\"https:\/\/now-news.de\/de\/author\/rnews\/\"}]}<\/script>\n<!-- \/ Yoast SEO Premium plugin. -->","yoast_head_json":{"title":"Aserbaidschan: Alijew bei Pr\u00e4sidentschaftswahlen wiedergew\u00e4hlt - just-now.NEWS Deutschland","robots":{"index":"index","follow":"follow","max-snippet":"max-snippet:-1","max-image-preview":"max-image-preview:large","max-video-preview":"max-video-preview:-1"},"canonical":"https:\/\/now-news.de\/de\/deutschland\/aserbaidschan-alijew-bei-praesidentschaftswahlen-wiedergewaehlt\/","og_locale":"de_DE","og_type":"article","og_title":"Aserbaidschan: Alijew bei Pr\u00e4sidentschaftswahlen wiedergew\u00e4hlt","og_description":"Ilham Alijew ist f\u00fcr eine f\u00fcnfte Amtszeit als Pr\u00e4sident Aserbaidschans wiedergew\u00e4hlt worden. Nach Angaben der Zentralen Wahlkommission erhielt er 92,05 Prozent der Stimmen, nachdem rund 93 Prozent der Stimmzettel ausgez\u00e4hlt worden waren. Am 7. Februar fanden in Aserbaidschan Pr\u00e4sidentschaftswahlen statt. Wie der Vorsitzende der Zentralen Wahlkommission mitteilte, erhielt der amtierende Pr\u00e4sident Ilham Alijew 92,05 Prozent [&hellip;]","og_url":"https:\/\/now-news.de\/de\/deutschland\/aserbaidschan-alijew-bei-praesidentschaftswahlen-wiedergewaehlt\/","og_site_name":"just-now.NEWS Deutschland","article_publisher":"https:\/\/www.facebook.com\/wirmachenauf","article_published_time":"2024-02-08T11:24:13+00:00","og_image":[{"width":460,"height":259,"url":"https:\/\/now-news.de\/de\/wp-content\/uploads\/sites\/3\/2024\/02\/Aserbaidschan-Alijew-bei-Praesidentschaftswahlen-wiedergewaehlt.jpg","type":"image\/jpeg"}],"author":"rtnews","twitter_card":"summary_large_image","twitter_creator":"@WirMachenAuf_de","twitter_site":"@WirMachenAuf_de","twitter_misc":{"Verfasst von":"rtnews","Gesch\u00e4tzte Lesezeit":"1\u00a0Minute"},"schema":{"@context":"https:\/\/schema.org","@graph":[{"@type":"Article","@id":"https:\/\/now-news.de\/de\/deutschland\/aserbaidschan-alijew-bei-praesidentschaftswahlen-wiedergewaehlt\/#article","isPartOf":{"@id":"https:\/\/now-news.de\/de\/deutschland\/aserbaidschan-alijew-bei-praesidentschaftswahlen-wiedergewaehlt\/"},"author":{"name":"rtnews","@id":"https:\/\/now-news.de\/de\/#\/schema\/person\/fb534a4e865501d8b3285208df34a9b5"},"headline":"Aserbaidschan: Alijew bei Pr\u00e4sidentschaftswahlen wiedergew\u00e4hlt","datePublished":"2024-02-08T11:24:13+00:00","dateModified":"2024-02-08T11:24:13+00:00","mainEntityOfPage":{"@id":"https:\/\/now-news.de\/de\/deutschland\/aserbaidschan-alijew-bei-praesidentschaftswahlen-wiedergewaehlt\/"},"wordCount":254,"commentCount":0,"publisher":{"@id":"https:\/\/now-news.de\/de\/#organization"},"image":{"@id":"https:\/\/now-news.de\/de\/deutschland\/aserbaidschan-alijew-bei-praesidentschaftswahlen-wiedergewaehlt\/#primaryimage"},"thumbnailUrl":"https:\/\/now-news.de\/de\/wp-content\/uploads\/sites\/3\/2024\/02\/Aserbaidschan-Alijew-bei-Praesidentschaftswahlen-wiedergewaehlt.jpg","keywords":["Alijew","Aserbaidschan","bei","Pr\u00e4sidentschaftswahlen","wiedergew\u00e4hlt"],"articleSection":["Deutschland","Russland"],"inLanguage":"de","potentialAction":[{"@type":"CommentAction","name":"Comment","target":["https:\/\/now-news.de\/de\/deutschland\/aserbaidschan-alijew-bei-praesidentschaftswahlen-wiedergewaehlt\/#respond"]}]},{"@type":"WebPage","@id":"https:\/\/now-news.de\/de\/deutschland\/aserbaidschan-alijew-bei-praesidentschaftswahlen-wiedergewaehlt\/","url":"https:\/\/now-news.de\/de\/deutschland\/aserbaidschan-alijew-bei-praesidentschaftswahlen-wiedergewaehlt\/","name":"Aserbaidschan: Alijew bei Pr\u00e4sidentschaftswahlen wiedergew\u00e4hlt - just-now.NEWS Deutschland","isPartOf":{"@id":"https:\/\/now-news.de\/de\/#website"},"primaryImageOfPage":{"@id":"https:\/\/now-news.de\/de\/deutschland\/aserbaidschan-alijew-bei-praesidentschaftswahlen-wiedergewaehlt\/#primaryimage"},"image":{"@id":"https:\/\/now-news.de\/de\/deutschland\/aserbaidschan-alijew-bei-praesidentschaftswahlen-wiedergewaehlt\/#primaryimage"},"thumbnailUrl":"https:\/\/now-news.de\/de\/wp-content\/uploads\/sites\/3\/2024\/02\/Aserbaidschan-Alijew-bei-Praesidentschaftswahlen-wiedergewaehlt.jpg","datePublished":"2024-02-08T11:24:13+00:00","dateModified":"2024-02-08T11:24:13+00:00","breadcrumb":{"@id":"https:\/\/now-news.de\/de\/deutschland\/aserbaidschan-alijew-bei-praesidentschaftswahlen-wiedergewaehlt\/#breadcrumb"},"inLanguage":"de","potentialAction":[{"@type":"ReadAction","target":["https:\/\/now-news.de\/de\/deutschland\/aserbaidschan-alijew-bei-praesidentschaftswahlen-wiedergewaehlt\/"]}]},{"@type":"ImageObject","inLanguage":"de","@id":"https:\/\/now-news.de\/de\/deutschland\/aserbaidschan-alijew-bei-praesidentschaftswahlen-wiedergewaehlt\/#primaryimage","url":"https:\/\/now-news.de\/de\/wp-content\/uploads\/sites\/3\/2024\/02\/Aserbaidschan-Alijew-bei-Praesidentschaftswahlen-wiedergewaehlt.jpg","contentUrl":"https:\/\/now-news.de\/de\/wp-content\/uploads\/sites\/3\/2024\/02\/Aserbaidschan-Alijew-bei-Praesidentschaftswahlen-wiedergewaehlt.jpg","width":460,"height":259,"caption":"Aserbaidschan: Alijew bei Pr\u00e4sidentschaftswahlen wiedergew\u00e4hlt"},{"@type":"BreadcrumbList","@id":"https:\/\/now-news.de\/de\/deutschland\/aserbaidschan-alijew-bei-praesidentschaftswahlen-wiedergewaehlt\/#breadcrumb","itemListElement":[{"@type":"ListItem","position":1,"name":"Home","item":"https:\/\/now-news.de\/de\/"},{"@type":"ListItem","position":2,"name":"Aserbaidschan: Alijew bei Pr\u00e4sidentschaftswahlen wiedergew\u00e4hlt"}]},{"@type":"WebSite","@id":"https:\/\/now-news.de\/de\/#website","url":"https:\/\/now-news.de\/de\/","name":"just-now.NEWS Deutschland","description":"Das Portal f\u00fcr unzensierte Nachrichten aus der Welt","publisher":{"@id":"https:\/\/now-news.de\/de\/#organization"},"potentialAction":[{"@type":"SearchAction","target":{"@type":"EntryPoint","urlTemplate":"https:\/\/now-news.de\/de\/?s={search_term_string}"},"query-input":"required name=search_term_string"}],"inLanguage":"de"},{"@type":"Organization","@id":"https:\/\/now-news.de\/de\/#organization","name":"Just Now News","url":"https:\/\/now-news.de\/de\/","logo":{"@type":"ImageObject","inLanguage":"de","@id":"https:\/\/now-news.de\/de\/#\/schema\/logo\/image\/","url":"http:\/\/just-now.news\/de\/wp-content\/uploads\/sites\/3\/2022\/04\/logo500x500.jpg","contentUrl":"http:\/\/just-now.news\/de\/wp-content\/uploads\/sites\/3\/2022\/04\/logo500x500.jpg","width":500,"height":500,"caption":"Just Now News"},"image":{"@id":"https:\/\/now-news.de\/de\/#\/schema\/logo\/image\/"},"sameAs":["https:\/\/www.facebook.com\/wirmachenauf","https:\/\/x.com\/WirMachenAuf_de"]},{"@type":"Person","@id":"https:\/\/now-news.de\/de\/#\/schema\/person\/fb534a4e865501d8b3285208df34a9b5","name":"rtnews","image":{"@type":"ImageObject","inLanguage":"de","@id":"https:\/\/now-news.de\/de\/#\/schema\/person\/image\/","url":"https:\/\/secure.gravatar.com\/avatar\/82aafea7d8127119dd649515f56e2117?s=96&d=mm&r=g","contentUrl":"https:\/\/secure.gravatar.com\/avatar\/82aafea7d8127119dd649515f56e2117?s=96&d=mm&r=g","caption":"rtnews"},"url":"https:\/\/now-news.de\/de\/author\/rnews\/"}]}},"_links":{"self":[{"href":"https:\/\/now-news.de\/de\/wp-json\/wp\/v2\/posts\/54954"}],"collection":[{"href":"https:\/\/now-news.de\/de\/wp-json\/wp\/v2\/posts"}],"about":[{"href":"https:\/\/now-news.de\/de\/wp-json\/wp\/v2\/types\/post"}],"author":[{"embeddable":true,"href":"https:\/\/now-news.de\/de\/wp-json\/wp\/v2\/users\/3"}],"replies":[{"embeddable":true,"href":"https:\/\/now-news.de\/de\/wp-json\/wp\/v2\/comments?post=54954"}],"version-history":[{"count":0,"href":"https:\/\/now-news.de\/de\/wp-json\/wp\/v2\/posts\/54954\/revisions"}],"wp:featuredmedia":[{"embeddable":true,"href":"https:\/\/now-news.de\/de\/wp-json\/wp\/v2\/media\/54955"}],"wp:attachment":[{"href":"https:\/\/now-news.de\/de\/wp-json\/wp\/v2\/media?parent=54954"}],"wp:term":[{"taxonomy":"category","embeddable":true,"href":"https:\/\/now-news.de\/de\/wp-json\/wp\/v2\/categories?post=54954"},{"taxonomy":"post_tag","embeddable":true,"href":"https:\/\/now-news.de\/de\/wp-json\/wp\/v2\/tags?post=54954"}],"curies":[{"name":"wp","href":"https:\/\/api.w.org\/{rel}","templated":true}]}}