{"id":54946,"date":"2024-02-08T11:56:51","date_gmt":"2024-02-08T09:56:51","guid":{"rendered":"https:\/\/just-now.news\/de\/deutschland\/ecuador-legalisiert-sterbehilfe\/"},"modified":"2024-02-08T11:56:51","modified_gmt":"2024-02-08T09:56:51","slug":"ecuador-legalisiert-sterbehilfe","status":"publish","type":"post","link":"https:\/\/now-news.de\/de\/deutschland\/ecuador-legalisiert-sterbehilfe\/","title":{"rendered":"Ecuador legalisiert Sterbehilfe"},"content":{"rendered":"<p><img decoding=\"async\" src=\"http:\/\/just-now.news\/de\/wp-content\/uploads\/sites\/3\/2024\/02\/65c4974bb480cc7ab7667afd.jpg\" \/><\/p>\n<div class=\"Text-root Text-type_1 \">\n                Mit Ecuador hebt ein weiteres Land das Sterbehilfeverbot auf. Im Fall einer an amyotropher Lateralsklerose leidenden Frau entschied das Verfassungsgericht, dass Sterbehilfe erlaubt sei. Seit drei Jahren ist die Frau bettl\u00e4gerig, ihre Krankheit ist unheilbar.\n            <\/div>\n<p><\/p>\n<div class=\"Text-root Text-type_5 ArticleView-text ViewText-root \">\n<p>In Ecuador ist Sterbehilfe nun legal. Das ecuadorianische Verfassungsgericht entschied, dass die Anwendung des Artikels des Strafgesetzbuchs \u00fcber Mord in F\u00e4llen von Sterbehilfe nicht mit der Verfassung des Landes vereinbar ist. Das Urteil erging nach einer Klage der 42-j\u00e4hrigen Paola Roldan, die an amyotropher Lateralsklerose leidet und seit drei Jahren bettl\u00e4gerig ist. Die Zeitung <em>Universo<\/em> zitiert die Erkl\u00e4rung des Gerichts in diesem Zusammenhang:<\/p>\n<blockquote>\n<p><em>&#8220;Das Gericht stellte fest, dass der vorliegende Fall mit dem Recht auf ein w\u00fcrdiges Leben und die freie Entfaltung des Individuums zusammenh\u00e4ngt, und kam daher nach einer Expertenpr\u00fcfung zu dem Schluss, dass vom Recht auf Leben in F\u00e4llen abgewichen werden kann, in denen dies zum Schutz anderer Rechte erforderlich ist.&#8221;<\/em><\/p>\n<\/blockquote>\n<p>Au\u00dferdem wies das Verfassungsgericht das ecuadorianische Gesundheitsministerium an, innerhalb von zwei Monaten ein Dekret zur Regelung der Sterbehilfe zu erlassen. Dar\u00fcber hinaus forderte es das ecuadorianische Parlament auf, das entsprechende Gesetz innerhalb eines Jahres zu pr\u00fcfen und zu verabschieden. \u00a0<\/p>\n<p>Amyotrophe Lateralsklerose\u00a0(ALS) ist eine unheilbare, schwere degenerative Erkrankung des Nervensystems, bei der sowohl die oberen als auch die unteren Motoneuronen betroffen sind, was zu L\u00e4hmungen und anschlie\u00dfendem Muskelschwund f\u00fchrt. ALS verk\u00fcrzt die Lebenserwartung erheblich, Therapien\u00a0lindern\u00a0aber die Symptome, verbessern die Lebensqualit\u00e4t und verz\u00f6gern das Voranschreiten der Erkrankung.<\/p>\n<p>Roldan berichtete im sozialen Netzwerk X von den t\u00e4glichen Komplikationen ihrer Krankheit, unter anderem davon, wie ihr K\u00f6rper begann, intraven\u00f6s zugef\u00fchrte Nahrung abzulehnen. Gegen\u00fcber Journalisten\u00a0\u00e4u\u00dferte sie sich zu\u00a0der Gerichtsentscheidung wie folgt:<\/p>\n<blockquote>\n<p><em>&#8220;Ich bin allen dankbar, denn heute ist Ecuador ein wenig aufgeschlossener, freier und w\u00fcrdevoller.&#8221;<\/em><\/p>\n<\/blockquote>\n<p>Sie f\u00fcgte hinzu, dass sie sich nun Zeit nehmen werde, um zusammen mit ihren Anw\u00e4lten zu verarbeiten, was dies bedeute.<\/p>\n<p>Unter Sterbehilfe versteht man das Lebensende einer Person beschleunigende Ma\u00dfnahmen, um das Leiden aufgrund von Alter oder Krankheit zu beenden. Sie kann passiv und aktiv erfolgen. Im ersteren Fall verweigert der Patient eine weitere Behandlung, was seinen Tod beschleunigt; im letzteren Fall injiziert der Arzt dem Patienten eine t\u00f6dliche Dosis eines Medikaments. Aktive Sterbehilfe ist in der Schweiz, den Niederlanden, Belgien, Luxemburg, Spanien und in einigen US-amerikanischen Bundesstaaten erlaubt.<\/p>\n<p><strong>Mehr zum Thema<\/strong> &#8211; <a rel=\"nofollow noopener\" target=\"_blank\" href=\"https:\/\/kurz.rt.com\/3qr0\">Debatte im Bundestag zur Suizidhilfe: Nur eine halbe Ethik<\/a><\/p>\n<\/p>\n<\/div>\n<p><br \/>\n<br \/><a href=\"https:\/\/de.rt.com\/gesellschaft\/195533-suedamerikanisches-land-legalisiert-sterbehilfe\/\">Source link <\/a><\/p>\n","protected":false},"excerpt":{"rendered":"<p>Mit Ecuador hebt ein weiteres Land das Sterbehilfeverbot auf. Im Fall einer an amyotropher Lateralsklerose leidenden Frau entschied das Verfassungsgericht, dass Sterbehilfe erlaubt sei. Seit drei Jahren ist die Frau bettl\u00e4gerig, ihre Krankheit ist unheilbar. In Ecuador ist Sterbehilfe nun legal. Das ecuadorianische Verfassungsgericht entschied, dass die Anwendung des Artikels des Strafgesetzbuchs \u00fcber Mord in [&hellip;]<\/p>\n","protected":false},"author":3,"featured_media":54947,"comment_status":"open","ping_status":"open","sticky":false,"template":"","format":"standard","meta":{"_yoast_indexnow_last_ping":["1707386970"],"wp_automatic_camp":["217"],"07c713d02f6bde49aa66f98176144257":["Ecuador legalisiert Sterbehilfe"],"original_link":["https:\/\/de.rt.com\/gesellschaft\/195533-suedamerikanisches-land-legalisiert-sterbehilfe\/"],"_thumbnail_id":["54947"],"jnews_social_counter_last_update":["1777078823"],"_wptgpro_p2tg_sent2tg":["a:1:{i:23737;s:19:\"2024-02-08 12:10:37\";}"]},"categories":[19,23],"tags":[24476,33406,46444],"yoast_head":"<!-- This site is optimized with the Yoast SEO Premium plugin v22.7 (Yoast SEO v22.7) - https:\/\/yoast.com\/wordpress\/plugins\/seo\/ -->\n<title>Ecuador legalisiert Sterbehilfe - just-now.NEWS Deutschland<\/title>\n<meta name=\"robots\" content=\"index, follow, max-snippet:-1, max-image-preview:large, max-video-preview:-1\" \/>\n<link rel=\"canonical\" href=\"https:\/\/now-news.de\/de\/deutschland\/ecuador-legalisiert-sterbehilfe\/\" \/>\n<meta property=\"og:locale\" content=\"de_DE\" \/>\n<meta property=\"og:type\" content=\"article\" \/>\n<meta property=\"og:title\" content=\"Ecuador legalisiert Sterbehilfe\" \/>\n<meta property=\"og:description\" content=\"Mit Ecuador hebt ein weiteres Land das Sterbehilfeverbot auf. Im Fall einer an amyotropher Lateralsklerose leidenden Frau entschied das Verfassungsgericht, dass Sterbehilfe erlaubt sei. Seit drei Jahren ist die Frau bettl\u00e4gerig, ihre Krankheit ist unheilbar. In Ecuador ist Sterbehilfe nun legal. Das ecuadorianische Verfassungsgericht entschied, dass die Anwendung des Artikels des Strafgesetzbuchs \u00fcber Mord in [&hellip;]\" \/>\n<meta property=\"og:url\" content=\"https:\/\/now-news.de\/de\/deutschland\/ecuador-legalisiert-sterbehilfe\/\" \/>\n<meta property=\"og:site_name\" content=\"just-now.NEWS Deutschland\" \/>\n<meta property=\"article:publisher\" content=\"https:\/\/www.facebook.com\/wirmachenauf\" \/>\n<meta property=\"article:published_time\" content=\"2024-02-08T09:56:51+00:00\" \/>\n<meta property=\"og:image\" content=\"https:\/\/now-news.de\/de\/wp-content\/uploads\/sites\/3\/2024\/02\/Ecuador-legalisiert-Sterbehilfe.jpg\" \/>\n\t<meta property=\"og:image:width\" content=\"460\" \/>\n\t<meta property=\"og:image:height\" content=\"259\" \/>\n\t<meta property=\"og:image:type\" content=\"image\/jpeg\" \/>\n<meta name=\"author\" content=\"rtnews\" \/>\n<meta name=\"twitter:card\" content=\"summary_large_image\" \/>\n<meta name=\"twitter:creator\" content=\"@WirMachenAuf_de\" \/>\n<meta name=\"twitter:site\" content=\"@WirMachenAuf_de\" \/>\n<meta name=\"twitter:label1\" content=\"Verfasst von\" \/>\n\t<meta name=\"twitter:data1\" content=\"rtnews\" \/>\n\t<meta name=\"twitter:label2\" content=\"Gesch\u00e4tzte Lesezeit\" \/>\n\t<meta name=\"twitter:data2\" content=\"2\u00a0Minuten\" \/>\n<script type=\"application\/ld+json\" class=\"yoast-schema-graph\">{\"@context\":\"https:\/\/schema.org\",\"@graph\":[{\"@type\":\"Article\",\"@id\":\"https:\/\/now-news.de\/de\/deutschland\/ecuador-legalisiert-sterbehilfe\/#article\",\"isPartOf\":{\"@id\":\"https:\/\/now-news.de\/de\/deutschland\/ecuador-legalisiert-sterbehilfe\/\"},\"author\":{\"name\":\"rtnews\",\"@id\":\"https:\/\/now-news.de\/de\/#\/schema\/person\/fb534a4e865501d8b3285208df34a9b5\"},\"headline\":\"Ecuador legalisiert Sterbehilfe\",\"datePublished\":\"2024-02-08T09:56:51+00:00\",\"dateModified\":\"2024-02-08T09:56:51+00:00\",\"mainEntityOfPage\":{\"@id\":\"https:\/\/now-news.de\/de\/deutschland\/ecuador-legalisiert-sterbehilfe\/\"},\"wordCount\":420,\"commentCount\":0,\"publisher\":{\"@id\":\"https:\/\/now-news.de\/de\/#organization\"},\"image\":{\"@id\":\"https:\/\/now-news.de\/de\/deutschland\/ecuador-legalisiert-sterbehilfe\/#primaryimage\"},\"thumbnailUrl\":\"https:\/\/now-news.de\/de\/wp-content\/uploads\/sites\/3\/2024\/02\/Ecuador-legalisiert-Sterbehilfe.jpg\",\"keywords\":[\"Ecuador\",\"legalisiert\",\"Sterbehilfe\"],\"articleSection\":[\"Deutschland\",\"Russland\"],\"inLanguage\":\"de\",\"potentialAction\":[{\"@type\":\"CommentAction\",\"name\":\"Comment\",\"target\":[\"https:\/\/now-news.de\/de\/deutschland\/ecuador-legalisiert-sterbehilfe\/#respond\"]}]},{\"@type\":\"WebPage\",\"@id\":\"https:\/\/now-news.de\/de\/deutschland\/ecuador-legalisiert-sterbehilfe\/\",\"url\":\"https:\/\/now-news.de\/de\/deutschland\/ecuador-legalisiert-sterbehilfe\/\",\"name\":\"Ecuador legalisiert Sterbehilfe - just-now.NEWS Deutschland\",\"isPartOf\":{\"@id\":\"https:\/\/now-news.de\/de\/#website\"},\"primaryImageOfPage\":{\"@id\":\"https:\/\/now-news.de\/de\/deutschland\/ecuador-legalisiert-sterbehilfe\/#primaryimage\"},\"image\":{\"@id\":\"https:\/\/now-news.de\/de\/deutschland\/ecuador-legalisiert-sterbehilfe\/#primaryimage\"},\"thumbnailUrl\":\"https:\/\/now-news.de\/de\/wp-content\/uploads\/sites\/3\/2024\/02\/Ecuador-legalisiert-Sterbehilfe.jpg\",\"datePublished\":\"2024-02-08T09:56:51+00:00\",\"dateModified\":\"2024-02-08T09:56:51+00:00\",\"breadcrumb\":{\"@id\":\"https:\/\/now-news.de\/de\/deutschland\/ecuador-legalisiert-sterbehilfe\/#breadcrumb\"},\"inLanguage\":\"de\",\"potentialAction\":[{\"@type\":\"ReadAction\",\"target\":[\"https:\/\/now-news.de\/de\/deutschland\/ecuador-legalisiert-sterbehilfe\/\"]}]},{\"@type\":\"ImageObject\",\"inLanguage\":\"de\",\"@id\":\"https:\/\/now-news.de\/de\/deutschland\/ecuador-legalisiert-sterbehilfe\/#primaryimage\",\"url\":\"https:\/\/now-news.de\/de\/wp-content\/uploads\/sites\/3\/2024\/02\/Ecuador-legalisiert-Sterbehilfe.jpg\",\"contentUrl\":\"https:\/\/now-news.de\/de\/wp-content\/uploads\/sites\/3\/2024\/02\/Ecuador-legalisiert-Sterbehilfe.jpg\",\"width\":460,\"height\":259,\"caption\":\"Ecuador legalisiert Sterbehilfe\"},{\"@type\":\"BreadcrumbList\",\"@id\":\"https:\/\/now-news.de\/de\/deutschland\/ecuador-legalisiert-sterbehilfe\/#breadcrumb\",\"itemListElement\":[{\"@type\":\"ListItem\",\"position\":1,\"name\":\"Home\",\"item\":\"https:\/\/now-news.de\/de\/\"},{\"@type\":\"ListItem\",\"position\":2,\"name\":\"Ecuador legalisiert Sterbehilfe\"}]},{\"@type\":\"WebSite\",\"@id\":\"https:\/\/now-news.de\/de\/#website\",\"url\":\"https:\/\/now-news.de\/de\/\",\"name\":\"just-now.NEWS Deutschland\",\"description\":\"Das Portal f\u00fcr unzensierte Nachrichten aus der Welt\",\"publisher\":{\"@id\":\"https:\/\/now-news.de\/de\/#organization\"},\"potentialAction\":[{\"@type\":\"SearchAction\",\"target\":{\"@type\":\"EntryPoint\",\"urlTemplate\":\"https:\/\/now-news.de\/de\/?s={search_term_string}\"},\"query-input\":\"required name=search_term_string\"}],\"inLanguage\":\"de\"},{\"@type\":\"Organization\",\"@id\":\"https:\/\/now-news.de\/de\/#organization\",\"name\":\"Just Now News\",\"url\":\"https:\/\/now-news.de\/de\/\",\"logo\":{\"@type\":\"ImageObject\",\"inLanguage\":\"de\",\"@id\":\"https:\/\/now-news.de\/de\/#\/schema\/logo\/image\/\",\"url\":\"http:\/\/just-now.news\/de\/wp-content\/uploads\/sites\/3\/2022\/04\/logo500x500.jpg\",\"contentUrl\":\"http:\/\/just-now.news\/de\/wp-content\/uploads\/sites\/3\/2022\/04\/logo500x500.jpg\",\"width\":500,\"height\":500,\"caption\":\"Just Now News\"},\"image\":{\"@id\":\"https:\/\/now-news.de\/de\/#\/schema\/logo\/image\/\"},\"sameAs\":[\"https:\/\/www.facebook.com\/wirmachenauf\",\"https:\/\/x.com\/WirMachenAuf_de\"]},{\"@type\":\"Person\",\"@id\":\"https:\/\/now-news.de\/de\/#\/schema\/person\/fb534a4e865501d8b3285208df34a9b5\",\"name\":\"rtnews\",\"image\":{\"@type\":\"ImageObject\",\"inLanguage\":\"de\",\"@id\":\"https:\/\/now-news.de\/de\/#\/schema\/person\/image\/\",\"url\":\"https:\/\/secure.gravatar.com\/avatar\/82aafea7d8127119dd649515f56e2117?s=96&d=mm&r=g\",\"contentUrl\":\"https:\/\/secure.gravatar.com\/avatar\/82aafea7d8127119dd649515f56e2117?s=96&d=mm&r=g\",\"caption\":\"rtnews\"},\"url\":\"https:\/\/now-news.de\/de\/author\/rnews\/\"}]}<\/script>\n<!-- \/ Yoast SEO Premium plugin. -->","yoast_head_json":{"title":"Ecuador legalisiert Sterbehilfe - just-now.NEWS Deutschland","robots":{"index":"index","follow":"follow","max-snippet":"max-snippet:-1","max-image-preview":"max-image-preview:large","max-video-preview":"max-video-preview:-1"},"canonical":"https:\/\/now-news.de\/de\/deutschland\/ecuador-legalisiert-sterbehilfe\/","og_locale":"de_DE","og_type":"article","og_title":"Ecuador legalisiert Sterbehilfe","og_description":"Mit Ecuador hebt ein weiteres Land das Sterbehilfeverbot auf. Im Fall einer an amyotropher Lateralsklerose leidenden Frau entschied das Verfassungsgericht, dass Sterbehilfe erlaubt sei. Seit drei Jahren ist die Frau bettl\u00e4gerig, ihre Krankheit ist unheilbar. In Ecuador ist Sterbehilfe nun legal. Das ecuadorianische Verfassungsgericht entschied, dass die Anwendung des Artikels des Strafgesetzbuchs \u00fcber Mord in [&hellip;]","og_url":"https:\/\/now-news.de\/de\/deutschland\/ecuador-legalisiert-sterbehilfe\/","og_site_name":"just-now.NEWS Deutschland","article_publisher":"https:\/\/www.facebook.com\/wirmachenauf","article_published_time":"2024-02-08T09:56:51+00:00","og_image":[{"width":460,"height":259,"url":"https:\/\/now-news.de\/de\/wp-content\/uploads\/sites\/3\/2024\/02\/Ecuador-legalisiert-Sterbehilfe.jpg","type":"image\/jpeg"}],"author":"rtnews","twitter_card":"summary_large_image","twitter_creator":"@WirMachenAuf_de","twitter_site":"@WirMachenAuf_de","twitter_misc":{"Verfasst von":"rtnews","Gesch\u00e4tzte Lesezeit":"2\u00a0Minuten"},"schema":{"@context":"https:\/\/schema.org","@graph":[{"@type":"Article","@id":"https:\/\/now-news.de\/de\/deutschland\/ecuador-legalisiert-sterbehilfe\/#article","isPartOf":{"@id":"https:\/\/now-news.de\/de\/deutschland\/ecuador-legalisiert-sterbehilfe\/"},"author":{"name":"rtnews","@id":"https:\/\/now-news.de\/de\/#\/schema\/person\/fb534a4e865501d8b3285208df34a9b5"},"headline":"Ecuador legalisiert Sterbehilfe","datePublished":"2024-02-08T09:56:51+00:00","dateModified":"2024-02-08T09:56:51+00:00","mainEntityOfPage":{"@id":"https:\/\/now-news.de\/de\/deutschland\/ecuador-legalisiert-sterbehilfe\/"},"wordCount":420,"commentCount":0,"publisher":{"@id":"https:\/\/now-news.de\/de\/#organization"},"image":{"@id":"https:\/\/now-news.de\/de\/deutschland\/ecuador-legalisiert-sterbehilfe\/#primaryimage"},"thumbnailUrl":"https:\/\/now-news.de\/de\/wp-content\/uploads\/sites\/3\/2024\/02\/Ecuador-legalisiert-Sterbehilfe.jpg","keywords":["Ecuador","legalisiert","Sterbehilfe"],"articleSection":["Deutschland","Russland"],"inLanguage":"de","potentialAction":[{"@type":"CommentAction","name":"Comment","target":["https:\/\/now-news.de\/de\/deutschland\/ecuador-legalisiert-sterbehilfe\/#respond"]}]},{"@type":"WebPage","@id":"https:\/\/now-news.de\/de\/deutschland\/ecuador-legalisiert-sterbehilfe\/","url":"https:\/\/now-news.de\/de\/deutschland\/ecuador-legalisiert-sterbehilfe\/","name":"Ecuador legalisiert Sterbehilfe - just-now.NEWS Deutschland","isPartOf":{"@id":"https:\/\/now-news.de\/de\/#website"},"primaryImageOfPage":{"@id":"https:\/\/now-news.de\/de\/deutschland\/ecuador-legalisiert-sterbehilfe\/#primaryimage"},"image":{"@id":"https:\/\/now-news.de\/de\/deutschland\/ecuador-legalisiert-sterbehilfe\/#primaryimage"},"thumbnailUrl":"https:\/\/now-news.de\/de\/wp-content\/uploads\/sites\/3\/2024\/02\/Ecuador-legalisiert-Sterbehilfe.jpg","datePublished":"2024-02-08T09:56:51+00:00","dateModified":"2024-02-08T09:56:51+00:00","breadcrumb":{"@id":"https:\/\/now-news.de\/de\/deutschland\/ecuador-legalisiert-sterbehilfe\/#breadcrumb"},"inLanguage":"de","potentialAction":[{"@type":"ReadAction","target":["https:\/\/now-news.de\/de\/deutschland\/ecuador-legalisiert-sterbehilfe\/"]}]},{"@type":"ImageObject","inLanguage":"de","@id":"https:\/\/now-news.de\/de\/deutschland\/ecuador-legalisiert-sterbehilfe\/#primaryimage","url":"https:\/\/now-news.de\/de\/wp-content\/uploads\/sites\/3\/2024\/02\/Ecuador-legalisiert-Sterbehilfe.jpg","contentUrl":"https:\/\/now-news.de\/de\/wp-content\/uploads\/sites\/3\/2024\/02\/Ecuador-legalisiert-Sterbehilfe.jpg","width":460,"height":259,"caption":"Ecuador legalisiert Sterbehilfe"},{"@type":"BreadcrumbList","@id":"https:\/\/now-news.de\/de\/deutschland\/ecuador-legalisiert-sterbehilfe\/#breadcrumb","itemListElement":[{"@type":"ListItem","position":1,"name":"Home","item":"https:\/\/now-news.de\/de\/"},{"@type":"ListItem","position":2,"name":"Ecuador legalisiert Sterbehilfe"}]},{"@type":"WebSite","@id":"https:\/\/now-news.de\/de\/#website","url":"https:\/\/now-news.de\/de\/","name":"just-now.NEWS Deutschland","description":"Das Portal f\u00fcr unzensierte Nachrichten aus der Welt","publisher":{"@id":"https:\/\/now-news.de\/de\/#organization"},"potentialAction":[{"@type":"SearchAction","target":{"@type":"EntryPoint","urlTemplate":"https:\/\/now-news.de\/de\/?s={search_term_string}"},"query-input":"required name=search_term_string"}],"inLanguage":"de"},{"@type":"Organization","@id":"https:\/\/now-news.de\/de\/#organization","name":"Just Now News","url":"https:\/\/now-news.de\/de\/","logo":{"@type":"ImageObject","inLanguage":"de","@id":"https:\/\/now-news.de\/de\/#\/schema\/logo\/image\/","url":"http:\/\/just-now.news\/de\/wp-content\/uploads\/sites\/3\/2022\/04\/logo500x500.jpg","contentUrl":"http:\/\/just-now.news\/de\/wp-content\/uploads\/sites\/3\/2022\/04\/logo500x500.jpg","width":500,"height":500,"caption":"Just Now News"},"image":{"@id":"https:\/\/now-news.de\/de\/#\/schema\/logo\/image\/"},"sameAs":["https:\/\/www.facebook.com\/wirmachenauf","https:\/\/x.com\/WirMachenAuf_de"]},{"@type":"Person","@id":"https:\/\/now-news.de\/de\/#\/schema\/person\/fb534a4e865501d8b3285208df34a9b5","name":"rtnews","image":{"@type":"ImageObject","inLanguage":"de","@id":"https:\/\/now-news.de\/de\/#\/schema\/person\/image\/","url":"https:\/\/secure.gravatar.com\/avatar\/82aafea7d8127119dd649515f56e2117?s=96&d=mm&r=g","contentUrl":"https:\/\/secure.gravatar.com\/avatar\/82aafea7d8127119dd649515f56e2117?s=96&d=mm&r=g","caption":"rtnews"},"url":"https:\/\/now-news.de\/de\/author\/rnews\/"}]}},"_links":{"self":[{"href":"https:\/\/now-news.de\/de\/wp-json\/wp\/v2\/posts\/54946"}],"collection":[{"href":"https:\/\/now-news.de\/de\/wp-json\/wp\/v2\/posts"}],"about":[{"href":"https:\/\/now-news.de\/de\/wp-json\/wp\/v2\/types\/post"}],"author":[{"embeddable":true,"href":"https:\/\/now-news.de\/de\/wp-json\/wp\/v2\/users\/3"}],"replies":[{"embeddable":true,"href":"https:\/\/now-news.de\/de\/wp-json\/wp\/v2\/comments?post=54946"}],"version-history":[{"count":0,"href":"https:\/\/now-news.de\/de\/wp-json\/wp\/v2\/posts\/54946\/revisions"}],"wp:featuredmedia":[{"embeddable":true,"href":"https:\/\/now-news.de\/de\/wp-json\/wp\/v2\/media\/54947"}],"wp:attachment":[{"href":"https:\/\/now-news.de\/de\/wp-json\/wp\/v2\/media?parent=54946"}],"wp:term":[{"taxonomy":"category","embeddable":true,"href":"https:\/\/now-news.de\/de\/wp-json\/wp\/v2\/categories?post=54946"},{"taxonomy":"post_tag","embeddable":true,"href":"https:\/\/now-news.de\/de\/wp-json\/wp\/v2\/tags?post=54946"}],"curies":[{"name":"wp","href":"https:\/\/api.w.org\/{rel}","templated":true}]}}