{"id":54921,"date":"2024-02-07T21:35:30","date_gmt":"2024-02-07T19:35:30","guid":{"rendered":"https:\/\/just-now.news\/de\/deutschland\/ungarischer-spitzenbeamter-europa-durch-us-politik-in-der-ukraine-in-die-knie-gezwungen\/"},"modified":"2024-02-07T21:35:30","modified_gmt":"2024-02-07T19:35:30","slug":"ungarischer-spitzenbeamter-europa-durch-us-politik-in-der-ukraine-in-die-knie-gezwungen","status":"publish","type":"post","link":"https:\/\/now-news.de\/de\/deutschland\/ungarischer-spitzenbeamter-europa-durch-us-politik-in-der-ukraine-in-die-knie-gezwungen\/","title":{"rendered":"Ungarischer Spitzenbeamter: Europa durch US-Politik in der Ukraine in die Knie gezwungen"},"content":{"rendered":"<p><img decoding=\"async\" src=\"http:\/\/just-now.news\/de\/wp-content\/uploads\/sites\/3\/2024\/02\/65c3b2c7b480cc21bc7e02ad.jpg\" \/><\/p>\n<div class=\"Text-root Text-type_1 \">\n                W\u00e4hrend sich die Lage in Europa zunehmend verschlechtert, hat ein Top-Berater des ungarischen Premierministers Viktor Orb\u00e1n erkl\u00e4rt, dass Russland unter dem Druck des Westens nicht zusammengebrochen sei und seine Beziehungen zu China und anderen L\u00e4ndern sogar gest\u00e4rkt habe.\n            <\/div>\n<p><\/p>\n<div class=\"Text-root Text-type_5 ArticleView-text ViewText-root \">\n<p>Die Haltung der USA im Konflikt zwischen Russland und der Ukraine hat Europa in die Knie gezwungen, so ein Chefberater des ungarischen Ministerpr\u00e4sidenten Viktor Orb\u00e1n.<\/p>\n<p>Bal\u00e1zs Orb\u00e1n, der nicht mit dem Premierminister verwandt ist, betonte am Dienstag bei der Vorstellung seines neuen Buches, dass die Politik des &#8220;Blockismus&#8221; oder die Schaffung geopolitischer Allianzen &#8220;keine L\u00f6sung&#8221; f\u00fcr die aktuelle Situation sei. Sie sei auch f\u00fcr Ungarn, das Mitglied der EU und der NATO ist, gef\u00e4hrlich, da sie viele Entwicklungsm\u00f6glichkeiten ausschlie\u00dfe, erkl\u00e4rte er. Die &#8220;Blockbildung&#8221; st\u00e4rke auch nicht die USA, sondern beschleunige die globalen Ver\u00e4nderungsprozesse, f\u00fcgte er hinzu. Und weiter:\u00a0<\/p>\n<blockquote>\n<p><em>&#8220;Wir sehen, dass Europa durch die Haltung der USA zum Konflikt zwischen Russland und der Ukraine im Grunde in die Knie gezwungen wurde.&#8221;<\/em><\/p>\n<\/blockquote>\n<p>Die EU hat sich den USA angeschlossen, indem sie Russland sanktioniert und seit 2022 Waffen an Kiew liefert, w\u00e4hrend sie sich selbst von den Energieressourcen der Russischen F\u00f6deration\u00a0abschneidet. Infolgedessen hat die Wirtschaft der EU einen R\u00fcckschlag erlitten und ist im Jahr 2023 nur knapp einer Rezession entgangen.<\/p>\n<p>&#8220;Die derzeitigen industriellen Revolutionen basieren auf Technologien, die Rohstoffe erfordern, die in Europa nicht verf\u00fcgbar sind, sodass der Kontinent verwundbar ist&#8221;, warnte der Berater.<\/p>\n<p>&#8220;Russland hingegen ist nicht zusammengebrochen, konnte seine Wirtschaft diversifizieren und hat seine Beziehungen zu China gest\u00e4rkt&#8221;, f\u00fcgte Orb\u00e1n hinzu.<\/p>\n<p>Ungarn sollte seine Position als &#8220;Tor zur EU und zum Balkan&#8221; nutzen und seine Souver\u00e4nit\u00e4t st\u00e4rken, um in den kommenden Jahren wirtschaftlich erfolgreich zu sein, forderte er.<\/p>\n<p>Budapest hat seit dem Ausbruch des Konflikts zwischen Russland und der Ukraine im Februar 2022 eine neutrale Haltung eingenommen. Es verurteilte die russische Milit\u00e4roperation, verzichtete aber auf Waffenlieferungen an die Ukraine und forderte eine diplomatische L\u00f6sung der Krise. Die ungarischen Beh\u00f6rden kritisierten auch die Sanktionen gegen Moskau, mit der Begr\u00fcndung, dass sie der EU mehr schaden als Russland.<\/p>\n<p>Monatelang blockierte Ungarn das Vorhaben der EU, Kiew ein Hilfspaket in H\u00f6he von 50 Milliarden Euro zukommen zu lassen, mit der Begr\u00fcndung, es fehle an Mechanismen, um zu kontrollieren, wie das Geld\u00a0seitens\u00a0der Ukraine verwendet werde. Das Paket wurde schlie\u00dflich letzte Woche beschlossen. Budapest soll im Juli 2024 die rotierende EU-Ratspr\u00e4sidentschaft \u00fcbernehmen, aber da die Regierung von Viktor Orb\u00e1n bei den anderen Mitgliedstaaten immer unbeliebter wird, zweifeln einige daran, ob es \u00fcberhaupt angemessen ist, Ungarn diese Rolle zu \u00fcbertragen.<\/p>\n<p>Das Land bleibt auch ein Hindernis f\u00fcr Schwedens Bewerbung um einen NATO-Beitritt. Am Dienstag boykottierte die regierende Fidesz-Partei eine Abstimmung zu diesem Thema im Parlament und forderte den schwedischen Premierminister auf, nach Budapest zu kommen, um die Beitrittsperspektiven zu besprechen.<\/p>\n<p><strong>Mehr zum Thema<\/strong> &#8211;\u00a0<a rel=\"nofollow noopener\" target=\"_blank\" href=\"https:\/\/freeassange.rtde.life\/international\/131481-liveticker-ukraine-krieg\/\">Liveticker Ukraine-Krieg: Sieben Vampire-Raketen \u00fcber Gebiet Belgorod abgeschossen<\/a><\/p>\n<\/div>\n<p><br \/>\n<br \/><a href=\"https:\/\/de.rt.com\/europa\/195476-ungarischer-spitzenbeamter-europa-durch-us\/\">Source link <\/a><\/p>\n","protected":false},"excerpt":{"rendered":"<p>W\u00e4hrend sich die Lage in Europa zunehmend verschlechtert, hat ein Top-Berater des ungarischen Premierministers Viktor Orb\u00e1n erkl\u00e4rt, dass Russland unter dem Druck des Westens nicht zusammengebrochen sei und seine Beziehungen zu China und anderen L\u00e4ndern sogar gest\u00e4rkt habe. Die Haltung der USA im Konflikt zwischen Russland und der Ukraine hat Europa in die Knie gezwungen, [&hellip;]<\/p>\n","protected":false},"author":3,"featured_media":54922,"comment_status":"open","ping_status":"open","sticky":false,"template":"","format":"standard","meta":{"_yoast_indexnow_last_ping":["1707335296"],"wp_automatic_camp":["217"],"e5bd322d107025490e46b2b2ab5adea6":["Ungarischer Spitzenbeamter: Europa durch US-Politik in der Ukraine in die Knie gezwungen"],"original_link":["https:\/\/de.rt.com\/europa\/195476-ungarischer-spitzenbeamter-europa-durch-us\/"],"_thumbnail_id":["54922"],"jnews_social_counter_last_update":["1777255739"],"_wptgpro_p2tg_sent2tg":["a:1:{i:23737;s:19:\"2024-02-07 21:49:35\";}"]},"categories":[19,23],"tags":[82,45,1024,1370,5141,25029,53304,127,19643,19722],"yoast_head":"<!-- This site is optimized with the Yoast SEO Premium plugin v22.7 (Yoast SEO v22.7) - https:\/\/yoast.com\/wordpress\/plugins\/seo\/ -->\n<title>Ungarischer Spitzenbeamter: Europa durch US-Politik in der Ukraine in die Knie gezwungen - just-now.NEWS Deutschland<\/title>\n<meta name=\"robots\" content=\"index, follow, max-snippet:-1, max-image-preview:large, max-video-preview:-1\" \/>\n<link rel=\"canonical\" href=\"https:\/\/now-news.de\/de\/deutschland\/ungarischer-spitzenbeamter-europa-durch-us-politik-in-der-ukraine-in-die-knie-gezwungen\/\" \/>\n<meta property=\"og:locale\" content=\"de_DE\" \/>\n<meta property=\"og:type\" content=\"article\" \/>\n<meta property=\"og:title\" content=\"Ungarischer Spitzenbeamter: Europa durch US-Politik in der Ukraine in die Knie gezwungen\" \/>\n<meta property=\"og:description\" content=\"W\u00e4hrend sich die Lage in Europa zunehmend verschlechtert, hat ein Top-Berater des ungarischen Premierministers Viktor Orb\u00e1n erkl\u00e4rt, dass Russland unter dem Druck des Westens nicht zusammengebrochen sei und seine Beziehungen zu China und anderen L\u00e4ndern sogar gest\u00e4rkt habe. Die Haltung der USA im Konflikt zwischen Russland und der Ukraine hat Europa in die Knie gezwungen, [&hellip;]\" \/>\n<meta property=\"og:url\" content=\"https:\/\/now-news.de\/de\/deutschland\/ungarischer-spitzenbeamter-europa-durch-us-politik-in-der-ukraine-in-die-knie-gezwungen\/\" \/>\n<meta property=\"og:site_name\" content=\"just-now.NEWS Deutschland\" \/>\n<meta property=\"article:publisher\" content=\"https:\/\/www.facebook.com\/wirmachenauf\" \/>\n<meta property=\"article:published_time\" content=\"2024-02-07T19:35:30+00:00\" \/>\n<meta property=\"og:image\" content=\"https:\/\/now-news.de\/de\/wp-content\/uploads\/sites\/3\/2024\/02\/Ungarischer-Spitzenbeamter-Europa-durch-US-Politik-in-der-Ukraine-in-die.jpg\" \/>\n\t<meta property=\"og:image:width\" content=\"460\" \/>\n\t<meta property=\"og:image:height\" content=\"259\" \/>\n\t<meta property=\"og:image:type\" content=\"image\/jpeg\" \/>\n<meta name=\"author\" content=\"rtnews\" \/>\n<meta name=\"twitter:card\" content=\"summary_large_image\" \/>\n<meta name=\"twitter:creator\" content=\"@WirMachenAuf_de\" \/>\n<meta name=\"twitter:site\" content=\"@WirMachenAuf_de\" \/>\n<meta name=\"twitter:label1\" content=\"Verfasst von\" \/>\n\t<meta name=\"twitter:data1\" content=\"rtnews\" \/>\n\t<meta name=\"twitter:label2\" content=\"Gesch\u00e4tzte Lesezeit\" \/>\n\t<meta name=\"twitter:data2\" content=\"3\u00a0Minuten\" \/>\n<script type=\"application\/ld+json\" class=\"yoast-schema-graph\">{\"@context\":\"https:\/\/schema.org\",\"@graph\":[{\"@type\":\"Article\",\"@id\":\"https:\/\/now-news.de\/de\/deutschland\/ungarischer-spitzenbeamter-europa-durch-us-politik-in-der-ukraine-in-die-knie-gezwungen\/#article\",\"isPartOf\":{\"@id\":\"https:\/\/now-news.de\/de\/deutschland\/ungarischer-spitzenbeamter-europa-durch-us-politik-in-der-ukraine-in-die-knie-gezwungen\/\"},\"author\":{\"name\":\"rtnews\",\"@id\":\"https:\/\/now-news.de\/de\/#\/schema\/person\/fb534a4e865501d8b3285208df34a9b5\"},\"headline\":\"Ungarischer Spitzenbeamter: Europa durch US-Politik in der Ukraine in die Knie gezwungen\",\"datePublished\":\"2024-02-07T19:35:30+00:00\",\"dateModified\":\"2024-02-07T19:35:30+00:00\",\"mainEntityOfPage\":{\"@id\":\"https:\/\/now-news.de\/de\/deutschland\/ungarischer-spitzenbeamter-europa-durch-us-politik-in-der-ukraine-in-die-knie-gezwungen\/\"},\"wordCount\":516,\"commentCount\":0,\"publisher\":{\"@id\":\"https:\/\/now-news.de\/de\/#organization\"},\"image\":{\"@id\":\"https:\/\/now-news.de\/de\/deutschland\/ungarischer-spitzenbeamter-europa-durch-us-politik-in-der-ukraine-in-die-knie-gezwungen\/#primaryimage\"},\"thumbnailUrl\":\"https:\/\/now-news.de\/de\/wp-content\/uploads\/sites\/3\/2024\/02\/Ungarischer-Spitzenbeamter-Europa-durch-US-Politik-in-der-Ukraine-in-die.jpg\",\"keywords\":[\"der\",\"die\",\"durch\",\"Europa\",\"gezwungen\",\"Knie\",\"Spitzenbeamter\",\"ukraine\",\"Ungarischer\",\"USPolitik\"],\"articleSection\":[\"Deutschland\",\"Russland\"],\"inLanguage\":\"de\",\"potentialAction\":[{\"@type\":\"CommentAction\",\"name\":\"Comment\",\"target\":[\"https:\/\/now-news.de\/de\/deutschland\/ungarischer-spitzenbeamter-europa-durch-us-politik-in-der-ukraine-in-die-knie-gezwungen\/#respond\"]}]},{\"@type\":\"WebPage\",\"@id\":\"https:\/\/now-news.de\/de\/deutschland\/ungarischer-spitzenbeamter-europa-durch-us-politik-in-der-ukraine-in-die-knie-gezwungen\/\",\"url\":\"https:\/\/now-news.de\/de\/deutschland\/ungarischer-spitzenbeamter-europa-durch-us-politik-in-der-ukraine-in-die-knie-gezwungen\/\",\"name\":\"Ungarischer Spitzenbeamter: Europa durch US-Politik in der Ukraine in die Knie gezwungen - just-now.NEWS Deutschland\",\"isPartOf\":{\"@id\":\"https:\/\/now-news.de\/de\/#website\"},\"primaryImageOfPage\":{\"@id\":\"https:\/\/now-news.de\/de\/deutschland\/ungarischer-spitzenbeamter-europa-durch-us-politik-in-der-ukraine-in-die-knie-gezwungen\/#primaryimage\"},\"image\":{\"@id\":\"https:\/\/now-news.de\/de\/deutschland\/ungarischer-spitzenbeamter-europa-durch-us-politik-in-der-ukraine-in-die-knie-gezwungen\/#primaryimage\"},\"thumbnailUrl\":\"https:\/\/now-news.de\/de\/wp-content\/uploads\/sites\/3\/2024\/02\/Ungarischer-Spitzenbeamter-Europa-durch-US-Politik-in-der-Ukraine-in-die.jpg\",\"datePublished\":\"2024-02-07T19:35:30+00:00\",\"dateModified\":\"2024-02-07T19:35:30+00:00\",\"breadcrumb\":{\"@id\":\"https:\/\/now-news.de\/de\/deutschland\/ungarischer-spitzenbeamter-europa-durch-us-politik-in-der-ukraine-in-die-knie-gezwungen\/#breadcrumb\"},\"inLanguage\":\"de\",\"potentialAction\":[{\"@type\":\"ReadAction\",\"target\":[\"https:\/\/now-news.de\/de\/deutschland\/ungarischer-spitzenbeamter-europa-durch-us-politik-in-der-ukraine-in-die-knie-gezwungen\/\"]}]},{\"@type\":\"ImageObject\",\"inLanguage\":\"de\",\"@id\":\"https:\/\/now-news.de\/de\/deutschland\/ungarischer-spitzenbeamter-europa-durch-us-politik-in-der-ukraine-in-die-knie-gezwungen\/#primaryimage\",\"url\":\"https:\/\/now-news.de\/de\/wp-content\/uploads\/sites\/3\/2024\/02\/Ungarischer-Spitzenbeamter-Europa-durch-US-Politik-in-der-Ukraine-in-die.jpg\",\"contentUrl\":\"https:\/\/now-news.de\/de\/wp-content\/uploads\/sites\/3\/2024\/02\/Ungarischer-Spitzenbeamter-Europa-durch-US-Politik-in-der-Ukraine-in-die.jpg\",\"width\":460,\"height\":259,\"caption\":\"Ungarischer Spitzenbeamter: Europa durch US-Politik in der Ukraine in die Knie gezwungen\"},{\"@type\":\"BreadcrumbList\",\"@id\":\"https:\/\/now-news.de\/de\/deutschland\/ungarischer-spitzenbeamter-europa-durch-us-politik-in-der-ukraine-in-die-knie-gezwungen\/#breadcrumb\",\"itemListElement\":[{\"@type\":\"ListItem\",\"position\":1,\"name\":\"Home\",\"item\":\"https:\/\/now-news.de\/de\/\"},{\"@type\":\"ListItem\",\"position\":2,\"name\":\"Ungarischer Spitzenbeamter: Europa durch US-Politik in der Ukraine in die Knie gezwungen\"}]},{\"@type\":\"WebSite\",\"@id\":\"https:\/\/now-news.de\/de\/#website\",\"url\":\"https:\/\/now-news.de\/de\/\",\"name\":\"just-now.NEWS Deutschland\",\"description\":\"Das Portal f\u00fcr unzensierte Nachrichten aus der Welt\",\"publisher\":{\"@id\":\"https:\/\/now-news.de\/de\/#organization\"},\"potentialAction\":[{\"@type\":\"SearchAction\",\"target\":{\"@type\":\"EntryPoint\",\"urlTemplate\":\"https:\/\/now-news.de\/de\/?s={search_term_string}\"},\"query-input\":\"required name=search_term_string\"}],\"inLanguage\":\"de\"},{\"@type\":\"Organization\",\"@id\":\"https:\/\/now-news.de\/de\/#organization\",\"name\":\"Just Now News\",\"url\":\"https:\/\/now-news.de\/de\/\",\"logo\":{\"@type\":\"ImageObject\",\"inLanguage\":\"de\",\"@id\":\"https:\/\/now-news.de\/de\/#\/schema\/logo\/image\/\",\"url\":\"http:\/\/just-now.news\/de\/wp-content\/uploads\/sites\/3\/2022\/04\/logo500x500.jpg\",\"contentUrl\":\"http:\/\/just-now.news\/de\/wp-content\/uploads\/sites\/3\/2022\/04\/logo500x500.jpg\",\"width\":500,\"height\":500,\"caption\":\"Just Now News\"},\"image\":{\"@id\":\"https:\/\/now-news.de\/de\/#\/schema\/logo\/image\/\"},\"sameAs\":[\"https:\/\/www.facebook.com\/wirmachenauf\",\"https:\/\/x.com\/WirMachenAuf_de\"]},{\"@type\":\"Person\",\"@id\":\"https:\/\/now-news.de\/de\/#\/schema\/person\/fb534a4e865501d8b3285208df34a9b5\",\"name\":\"rtnews\",\"image\":{\"@type\":\"ImageObject\",\"inLanguage\":\"de\",\"@id\":\"https:\/\/now-news.de\/de\/#\/schema\/person\/image\/\",\"url\":\"https:\/\/secure.gravatar.com\/avatar\/82aafea7d8127119dd649515f56e2117?s=96&d=mm&r=g\",\"contentUrl\":\"https:\/\/secure.gravatar.com\/avatar\/82aafea7d8127119dd649515f56e2117?s=96&d=mm&r=g\",\"caption\":\"rtnews\"},\"url\":\"https:\/\/now-news.de\/de\/author\/rnews\/\"}]}<\/script>\n<!-- \/ Yoast SEO Premium plugin. -->","yoast_head_json":{"title":"Ungarischer Spitzenbeamter: Europa durch US-Politik in der Ukraine in die Knie gezwungen - just-now.NEWS Deutschland","robots":{"index":"index","follow":"follow","max-snippet":"max-snippet:-1","max-image-preview":"max-image-preview:large","max-video-preview":"max-video-preview:-1"},"canonical":"https:\/\/now-news.de\/de\/deutschland\/ungarischer-spitzenbeamter-europa-durch-us-politik-in-der-ukraine-in-die-knie-gezwungen\/","og_locale":"de_DE","og_type":"article","og_title":"Ungarischer Spitzenbeamter: Europa durch US-Politik in der Ukraine in die Knie gezwungen","og_description":"W\u00e4hrend sich die Lage in Europa zunehmend verschlechtert, hat ein Top-Berater des ungarischen Premierministers Viktor Orb\u00e1n erkl\u00e4rt, dass Russland unter dem Druck des Westens nicht zusammengebrochen sei und seine Beziehungen zu China und anderen L\u00e4ndern sogar gest\u00e4rkt habe. Die Haltung der USA im Konflikt zwischen Russland und der Ukraine hat Europa in die Knie gezwungen, [&hellip;]","og_url":"https:\/\/now-news.de\/de\/deutschland\/ungarischer-spitzenbeamter-europa-durch-us-politik-in-der-ukraine-in-die-knie-gezwungen\/","og_site_name":"just-now.NEWS Deutschland","article_publisher":"https:\/\/www.facebook.com\/wirmachenauf","article_published_time":"2024-02-07T19:35:30+00:00","og_image":[{"width":460,"height":259,"url":"https:\/\/now-news.de\/de\/wp-content\/uploads\/sites\/3\/2024\/02\/Ungarischer-Spitzenbeamter-Europa-durch-US-Politik-in-der-Ukraine-in-die.jpg","type":"image\/jpeg"}],"author":"rtnews","twitter_card":"summary_large_image","twitter_creator":"@WirMachenAuf_de","twitter_site":"@WirMachenAuf_de","twitter_misc":{"Verfasst von":"rtnews","Gesch\u00e4tzte Lesezeit":"3\u00a0Minuten"},"schema":{"@context":"https:\/\/schema.org","@graph":[{"@type":"Article","@id":"https:\/\/now-news.de\/de\/deutschland\/ungarischer-spitzenbeamter-europa-durch-us-politik-in-der-ukraine-in-die-knie-gezwungen\/#article","isPartOf":{"@id":"https:\/\/now-news.de\/de\/deutschland\/ungarischer-spitzenbeamter-europa-durch-us-politik-in-der-ukraine-in-die-knie-gezwungen\/"},"author":{"name":"rtnews","@id":"https:\/\/now-news.de\/de\/#\/schema\/person\/fb534a4e865501d8b3285208df34a9b5"},"headline":"Ungarischer Spitzenbeamter: Europa durch US-Politik in der Ukraine in die Knie gezwungen","datePublished":"2024-02-07T19:35:30+00:00","dateModified":"2024-02-07T19:35:30+00:00","mainEntityOfPage":{"@id":"https:\/\/now-news.de\/de\/deutschland\/ungarischer-spitzenbeamter-europa-durch-us-politik-in-der-ukraine-in-die-knie-gezwungen\/"},"wordCount":516,"commentCount":0,"publisher":{"@id":"https:\/\/now-news.de\/de\/#organization"},"image":{"@id":"https:\/\/now-news.de\/de\/deutschland\/ungarischer-spitzenbeamter-europa-durch-us-politik-in-der-ukraine-in-die-knie-gezwungen\/#primaryimage"},"thumbnailUrl":"https:\/\/now-news.de\/de\/wp-content\/uploads\/sites\/3\/2024\/02\/Ungarischer-Spitzenbeamter-Europa-durch-US-Politik-in-der-Ukraine-in-die.jpg","keywords":["der","die","durch","Europa","gezwungen","Knie","Spitzenbeamter","ukraine","Ungarischer","USPolitik"],"articleSection":["Deutschland","Russland"],"inLanguage":"de","potentialAction":[{"@type":"CommentAction","name":"Comment","target":["https:\/\/now-news.de\/de\/deutschland\/ungarischer-spitzenbeamter-europa-durch-us-politik-in-der-ukraine-in-die-knie-gezwungen\/#respond"]}]},{"@type":"WebPage","@id":"https:\/\/now-news.de\/de\/deutschland\/ungarischer-spitzenbeamter-europa-durch-us-politik-in-der-ukraine-in-die-knie-gezwungen\/","url":"https:\/\/now-news.de\/de\/deutschland\/ungarischer-spitzenbeamter-europa-durch-us-politik-in-der-ukraine-in-die-knie-gezwungen\/","name":"Ungarischer Spitzenbeamter: Europa durch US-Politik in der Ukraine in die Knie gezwungen - just-now.NEWS Deutschland","isPartOf":{"@id":"https:\/\/now-news.de\/de\/#website"},"primaryImageOfPage":{"@id":"https:\/\/now-news.de\/de\/deutschland\/ungarischer-spitzenbeamter-europa-durch-us-politik-in-der-ukraine-in-die-knie-gezwungen\/#primaryimage"},"image":{"@id":"https:\/\/now-news.de\/de\/deutschland\/ungarischer-spitzenbeamter-europa-durch-us-politik-in-der-ukraine-in-die-knie-gezwungen\/#primaryimage"},"thumbnailUrl":"https:\/\/now-news.de\/de\/wp-content\/uploads\/sites\/3\/2024\/02\/Ungarischer-Spitzenbeamter-Europa-durch-US-Politik-in-der-Ukraine-in-die.jpg","datePublished":"2024-02-07T19:35:30+00:00","dateModified":"2024-02-07T19:35:30+00:00","breadcrumb":{"@id":"https:\/\/now-news.de\/de\/deutschland\/ungarischer-spitzenbeamter-europa-durch-us-politik-in-der-ukraine-in-die-knie-gezwungen\/#breadcrumb"},"inLanguage":"de","potentialAction":[{"@type":"ReadAction","target":["https:\/\/now-news.de\/de\/deutschland\/ungarischer-spitzenbeamter-europa-durch-us-politik-in-der-ukraine-in-die-knie-gezwungen\/"]}]},{"@type":"ImageObject","inLanguage":"de","@id":"https:\/\/now-news.de\/de\/deutschland\/ungarischer-spitzenbeamter-europa-durch-us-politik-in-der-ukraine-in-die-knie-gezwungen\/#primaryimage","url":"https:\/\/now-news.de\/de\/wp-content\/uploads\/sites\/3\/2024\/02\/Ungarischer-Spitzenbeamter-Europa-durch-US-Politik-in-der-Ukraine-in-die.jpg","contentUrl":"https:\/\/now-news.de\/de\/wp-content\/uploads\/sites\/3\/2024\/02\/Ungarischer-Spitzenbeamter-Europa-durch-US-Politik-in-der-Ukraine-in-die.jpg","width":460,"height":259,"caption":"Ungarischer Spitzenbeamter: Europa durch US-Politik in der Ukraine in die Knie gezwungen"},{"@type":"BreadcrumbList","@id":"https:\/\/now-news.de\/de\/deutschland\/ungarischer-spitzenbeamter-europa-durch-us-politik-in-der-ukraine-in-die-knie-gezwungen\/#breadcrumb","itemListElement":[{"@type":"ListItem","position":1,"name":"Home","item":"https:\/\/now-news.de\/de\/"},{"@type":"ListItem","position":2,"name":"Ungarischer Spitzenbeamter: Europa durch US-Politik in der Ukraine in die Knie gezwungen"}]},{"@type":"WebSite","@id":"https:\/\/now-news.de\/de\/#website","url":"https:\/\/now-news.de\/de\/","name":"just-now.NEWS Deutschland","description":"Das Portal f\u00fcr unzensierte Nachrichten aus der Welt","publisher":{"@id":"https:\/\/now-news.de\/de\/#organization"},"potentialAction":[{"@type":"SearchAction","target":{"@type":"EntryPoint","urlTemplate":"https:\/\/now-news.de\/de\/?s={search_term_string}"},"query-input":"required name=search_term_string"}],"inLanguage":"de"},{"@type":"Organization","@id":"https:\/\/now-news.de\/de\/#organization","name":"Just Now News","url":"https:\/\/now-news.de\/de\/","logo":{"@type":"ImageObject","inLanguage":"de","@id":"https:\/\/now-news.de\/de\/#\/schema\/logo\/image\/","url":"http:\/\/just-now.news\/de\/wp-content\/uploads\/sites\/3\/2022\/04\/logo500x500.jpg","contentUrl":"http:\/\/just-now.news\/de\/wp-content\/uploads\/sites\/3\/2022\/04\/logo500x500.jpg","width":500,"height":500,"caption":"Just Now News"},"image":{"@id":"https:\/\/now-news.de\/de\/#\/schema\/logo\/image\/"},"sameAs":["https:\/\/www.facebook.com\/wirmachenauf","https:\/\/x.com\/WirMachenAuf_de"]},{"@type":"Person","@id":"https:\/\/now-news.de\/de\/#\/schema\/person\/fb534a4e865501d8b3285208df34a9b5","name":"rtnews","image":{"@type":"ImageObject","inLanguage":"de","@id":"https:\/\/now-news.de\/de\/#\/schema\/person\/image\/","url":"https:\/\/secure.gravatar.com\/avatar\/82aafea7d8127119dd649515f56e2117?s=96&d=mm&r=g","contentUrl":"https:\/\/secure.gravatar.com\/avatar\/82aafea7d8127119dd649515f56e2117?s=96&d=mm&r=g","caption":"rtnews"},"url":"https:\/\/now-news.de\/de\/author\/rnews\/"}]}},"_links":{"self":[{"href":"https:\/\/now-news.de\/de\/wp-json\/wp\/v2\/posts\/54921"}],"collection":[{"href":"https:\/\/now-news.de\/de\/wp-json\/wp\/v2\/posts"}],"about":[{"href":"https:\/\/now-news.de\/de\/wp-json\/wp\/v2\/types\/post"}],"author":[{"embeddable":true,"href":"https:\/\/now-news.de\/de\/wp-json\/wp\/v2\/users\/3"}],"replies":[{"embeddable":true,"href":"https:\/\/now-news.de\/de\/wp-json\/wp\/v2\/comments?post=54921"}],"version-history":[{"count":0,"href":"https:\/\/now-news.de\/de\/wp-json\/wp\/v2\/posts\/54921\/revisions"}],"wp:featuredmedia":[{"embeddable":true,"href":"https:\/\/now-news.de\/de\/wp-json\/wp\/v2\/media\/54922"}],"wp:attachment":[{"href":"https:\/\/now-news.de\/de\/wp-json\/wp\/v2\/media?parent=54921"}],"wp:term":[{"taxonomy":"category","embeddable":true,"href":"https:\/\/now-news.de\/de\/wp-json\/wp\/v2\/categories?post=54921"},{"taxonomy":"post_tag","embeddable":true,"href":"https:\/\/now-news.de\/de\/wp-json\/wp\/v2\/tags?post=54921"}],"curies":[{"name":"wp","href":"https:\/\/api.w.org\/{rel}","templated":true}]}}