{"id":54878,"date":"2024-02-07T13:47:36","date_gmt":"2024-02-07T11:47:36","guid":{"rendered":"https:\/\/just-now.news\/de\/deutschland\/polnische-bauern-proteste-wie-sie-europa-kaum-je-gesehen-hat\/"},"modified":"2024-02-07T13:47:36","modified_gmt":"2024-02-07T11:47:36","slug":"polnische-bauern-proteste-wie-sie-europa-kaum-je-gesehen-hat","status":"publish","type":"post","link":"https:\/\/now-news.de\/de\/deutschland\/polnische-bauern-proteste-wie-sie-europa-kaum-je-gesehen-hat\/","title":{"rendered":"Polnische Bauern: Proteste, wie sie Europa kaum je gesehen hat"},"content":{"rendered":"<p><img decoding=\"async\" src=\"http:\/\/just-now.news\/de\/wp-content\/uploads\/sites\/3\/2024\/02\/65c35e2d48fbef363e59128d.jpg\" \/><\/p>\n<div class=\"Text-root Text-type_1 \">\n                Im Januar teilte die EU-Kommission mit, die Zollbefreiung f\u00fcr Produkte aus der Ukraine werde bis 2025 verl\u00e4ngert. Das ist f\u00fcr die polnischen Bauern inakzeptabel. Sie verk\u00fcnden einen Generalstreik, die Blockade aller Grenzen zur Ukraine, und einen Monat Stra\u00dfenblockaden in Polen.\n            <\/div>\n<p><\/p>\n<div class=\"Text-root Text-type_5 ArticleView-text ViewText-root \">\n<p>Die Landwirte in Polen versprechen Protestaktionen, wie sie Europa seit Beginn der j\u00fcngsten Bauernproteste wohl noch nicht gesehen hat, <a rel=\"nofollow noopener\" target=\"_blank\" href=\"https:\/\/www.epochtimes.de\/politik\/ausland\/neue-dimension-des-protests-polens-landwirte-planen-aktionen-fuer-einen-monat-a4582493.html?ea_src=frontpage&amp;ea_pos=col-middle&amp;ea_elmt=main-articles&amp;ea_cnt=18\">kommentierte<\/a> die <em>Epoch Times<\/em> am Dienstag die von der polnischen Gewerkschaft &#8220;Solidarno\u015b\u0107&#8221; angek\u00fcndigten Proteste.<\/p>\n<p>Am vergangenen Freitag k\u00fcndigten die &#8220;Solidarno\u015b\u0107&#8221;-Bauern (deutsch: Solidarit\u00e4t) zun\u00e4chst die Durchf\u00fchrung eines massiven Generalstreiks an. Das hatten die Gewerkschaftsmitglieder bereits Ende Januar einstimmig beschlossen. Dar\u00fcber hinaus planen sie Blockaden aller Grenzen zwischen Polen und der Ukraine und innerhalb von Polen Stra\u00dfenblockaden, die einen Monat andauern sollen.<\/p>\n<p><em>Epoch Times<\/em>\u00a0ver\u00f6ffentlichte Ausz\u00fcge aus der Solidarno\u015b\u0107-Erkl\u00e4rung der Bauern. Ihre Geduld sei nun am Ende, erkl\u00e4ren die Bauern. Was Br\u00fcssel veranstalte, sei inakzeptabel, genauso wie die Passivit\u00e4t der polnischen Beh\u00f6rden in Bezug auf die Lebensmitteleinfuhr aus der Ukraine. Deswegen bliebe ihnen keine andere Wahl als der Generalstreik.<\/p>\n<blockquote>\n<p><em>&#8220;Unsere Geduld ist am Ende. Die Haltung Br\u00fcssels am 31. Januar 2024 ist f\u00fcr unsere gesamte landwirtschaftliche Gemeinschaft inakzeptabel.&#8221;<\/em><\/p>\n<\/blockquote>\n<p>Insbesondere nach der EU-Erkl\u00e4rung, den zollfreien Handel mit der\u00a0<a rel=\"nofollow noopener\" target=\"_blank\" href=\"https:\/\/www.epochtimes.de\/politik\/ausland\/minister-polen-bereitet-sich-auf-krieg-mit-russland-vor-a4582294.html\">Ukraine<\/a>\u00a0bis 2025 zu verl\u00e4ngern, f\u00fchlten sich die polnischen Bauern verraten. Am 29. Januar\u00a0<a rel=\"nofollow noopener\" target=\"_blank\" href=\"https:\/\/t.co\/CoFYhWw9Lj\">beschimpften<\/a>\u00a0sie ihren Landwirtschaftsminister Czes\u0142aw Siekierski\u00a0als &#8220;Verr\u00e4ter, Du hast uns f\u00fcr die Ukraine verkauft&#8221; und bewarfen ihn mit Eiern.<\/p>\n<div class=\"EmbedBlock-root EmbedBlock-twitter\">\n<div class=\"TwitterEmbed\">\n<blockquote class=\"twitter-tweet lazyload\" data-twitter=\"twitter-tweet\" data-media-max-width=\"560\">\n<p lang=\"de\" dir=\"ltr\"><a rel=\"nofollow noopener\" target=\"_blank\" href=\"https:\/\/twitter.com\/hashtag\/BAUERNPROTEST?src=hash&amp;ref_src=twsrc%5Etfw\">#BAUERNPROTEST<\/a>Polen \ud83c\uddf5\ud83c\uddf1Polnische Bauern bewarfen den Landwirtschaftsminister und seine Kollegen aus Litauen und Tschechien mit Eiern.&#8221;Verr\u00e4ter, du hast uns f\u00fcr die Ukraine verkauft.&#8221; <a rel=\"nofollow noopener\" target=\"_blank\" href=\"https:\/\/t.co\/CoFYhWw9Lj\">pic.twitter.com\/CoFYhWw9Lj<\/a><\/p>\n<p>\u2014 Quasi Moto (@RobertS44297515) <a rel=\"nofollow noopener\" target=\"_blank\" href=\"https:\/\/twitter.com\/RobertS44297515\/status\/1751962925823099221?ref_src=twsrc%5Etfw\">January 29, 2024<\/a><\/p><\/blockquote>\n<\/div>\n<\/div>\n<p>Auch wegen des sogenannten &#8220;Green Deal&#8221; sehen die Landwirte ihre Betriebe in Gefahr. Mit dem\u00a0<a rel=\"nofollow noopener\" target=\"_blank\" href=\"https:\/\/commission.europa.eu\/strategy-and-policy\/priorities-2019-2024\/european-green-deal_de\">&#8220;Green Deal&#8221; der Europ\u00e4ischen Union<\/a>\u00a0soll der Klimawandel bek\u00e4mpft werden, der nach einer Erkl\u00e4rung der EU-Kommission &#8220;eine existenzielle Bedrohung f\u00fcr Europa und die Welt&#8221; darstelle. Die polnischen Bauern sehen durch diese EU-Politik die Ern\u00e4hrungssicherheit ihres Landes gef\u00e4hrdet: &#8220;Polnische Familienbetriebe sind die Grundlage f\u00fcr die Ern\u00e4hrungssicherheit des Landes&#8221; hie\u00df es in ihrer Erkl\u00e4rung. Schon allein f\u00fcr den Erhalt des Gemeinwohls des ganzen Landes m\u00fcsse man die Bauern vor dem Bankrott bewahren.<\/p>\n<p>Zudem die Produkte aus der Ukraine nicht einmal den Pflanzen- und Tierschutzvorschriften der EU entspr\u00e4chen. Die Einhaltung dieser EU-Standards verursache bei den europ\u00e4ischen Bauern einen gro\u00dfen Teil ihrer Kosten. Diese Vorschriften gelten nicht f\u00fcr Produkte aus der Ukraine und mache sie daher konkurrenzlos billig. Das f\u00fchre zum Bankrott der einheimischen Bauern.<\/p>\n<p>&#8220;In Bezug auf die von den Landwirten ge\u00e4u\u00dferten Bedenken pr\u00fcft die Kommission derzeit m\u00f6gliche n\u00e4chste Schritte&#8221;, habe ein Sprecher der Kommission mitgeteilt. Nach Aussagen des polnischen Landwirtschaftsministers Czes\u0142aw Siekierski in einem Interview mit RMF FM am Samstag, wolle die polnische Regierung versuchen, die Stra\u00dfenblockaden zu beenden. Siekierski zufolge f\u00fchre die polnische Regierung bilaterale Gespr\u00e4che mit der Ukraine und sei auch in Gespr\u00e4chen mit der EU. Das brauche aber Zeit.<\/p>\n<p><strong>Mehr zum Thema<\/strong> &#8211; <a rel=\"nofollow noopener\" target=\"_blank\" href=\"https:\/\/freedert.online\/meinung\/194900-mit-ukraine-in-abgrund-bruessel\/\">Mit der Ukraine in den Abgrund: Br\u00fcssel und Berlin entscheiden gegen B\u00fcrgerinteressen<\/a><\/p>\n<\/p>\n<\/div>\n<p><script async src=\"https:\/\/platform.twitter.com\/widgets.js\" charset=\"utf-8\"><\/script><br \/>\n<br \/><br \/>\n<br \/><a href=\"https:\/\/de.rt.com\/europa\/195410-polnische-bauern-proteste-wie-sie\/\">Source link <\/a><\/p>\n","protected":false},"excerpt":{"rendered":"<p>Im Januar teilte die EU-Kommission mit, die Zollbefreiung f\u00fcr Produkte aus der Ukraine werde bis 2025 verl\u00e4ngert. Das ist f\u00fcr die polnischen Bauern inakzeptabel. Sie verk\u00fcnden einen Generalstreik, die Blockade aller Grenzen zur Ukraine, und einen Monat Stra\u00dfenblockaden in Polen. Die Landwirte in Polen versprechen Protestaktionen, wie sie Europa seit Beginn der j\u00fcngsten Bauernproteste wohl [&hellip;]<\/p>\n","protected":false},"author":3,"featured_media":54879,"comment_status":"open","ping_status":"open","sticky":false,"template":"","format":"standard","meta":{"_yoast_indexnow_last_ping":["1707308066"],"wp_automatic_camp":["217"],"74ee372543939cd1fc37751430c8abce":["Polnische Bauern: Proteste, wie sie Europa kaum je gesehen hat"],"original_link":["https:\/\/de.rt.com\/europa\/195410-polnische-bauern-proteste-wie-sie\/"],"_thumbnail_id":["54879"],"_wptgpro_p2tg_sent2tg":["a:1:{i:23737;s:19:\"2024-02-07 14:15:30\";}"],"jnews_social_counter_last_update":["1777195742"]},"categories":[19,23],"tags":[22707,1370,22937,423,22503,32076,3824,527,579],"yoast_head":"<!-- This site is optimized with the Yoast SEO Premium plugin v22.7 (Yoast SEO v22.7) - https:\/\/yoast.com\/wordpress\/plugins\/seo\/ -->\n<title>Polnische Bauern: Proteste, wie sie Europa kaum je gesehen hat - just-now.NEWS Deutschland<\/title>\n<meta name=\"robots\" content=\"index, follow, max-snippet:-1, max-image-preview:large, max-video-preview:-1\" \/>\n<link rel=\"canonical\" href=\"https:\/\/now-news.de\/de\/deutschland\/polnische-bauern-proteste-wie-sie-europa-kaum-je-gesehen-hat\/\" \/>\n<meta property=\"og:locale\" content=\"de_DE\" \/>\n<meta property=\"og:type\" content=\"article\" \/>\n<meta property=\"og:title\" content=\"Polnische Bauern: Proteste, wie sie Europa kaum je gesehen hat\" \/>\n<meta property=\"og:description\" content=\"Im Januar teilte die EU-Kommission mit, die Zollbefreiung f\u00fcr Produkte aus der Ukraine werde bis 2025 verl\u00e4ngert. Das ist f\u00fcr die polnischen Bauern inakzeptabel. Sie verk\u00fcnden einen Generalstreik, die Blockade aller Grenzen zur Ukraine, und einen Monat Stra\u00dfenblockaden in Polen. Die Landwirte in Polen versprechen Protestaktionen, wie sie Europa seit Beginn der j\u00fcngsten Bauernproteste wohl [&hellip;]\" \/>\n<meta property=\"og:url\" content=\"https:\/\/now-news.de\/de\/deutschland\/polnische-bauern-proteste-wie-sie-europa-kaum-je-gesehen-hat\/\" \/>\n<meta property=\"og:site_name\" content=\"just-now.NEWS Deutschland\" \/>\n<meta property=\"article:publisher\" content=\"https:\/\/www.facebook.com\/wirmachenauf\" \/>\n<meta property=\"article:published_time\" content=\"2024-02-07T11:47:36+00:00\" \/>\n<meta property=\"og:image\" content=\"https:\/\/now-news.de\/de\/wp-content\/uploads\/sites\/3\/2024\/02\/Polnische-Bauern-Proteste-wie-sie-Europa-kaum-je-gesehen-hat.jpg\" \/>\n\t<meta property=\"og:image:width\" content=\"460\" \/>\n\t<meta property=\"og:image:height\" content=\"259\" \/>\n\t<meta property=\"og:image:type\" content=\"image\/jpeg\" \/>\n<meta name=\"author\" content=\"rtnews\" \/>\n<meta name=\"twitter:card\" content=\"summary_large_image\" \/>\n<meta name=\"twitter:creator\" content=\"@WirMachenAuf_de\" \/>\n<meta name=\"twitter:site\" content=\"@WirMachenAuf_de\" \/>\n<meta name=\"twitter:label1\" content=\"Verfasst von\" \/>\n\t<meta name=\"twitter:data1\" content=\"rtnews\" \/>\n\t<meta name=\"twitter:label2\" content=\"Gesch\u00e4tzte Lesezeit\" \/>\n\t<meta name=\"twitter:data2\" content=\"3\u00a0Minuten\" \/>\n<script type=\"application\/ld+json\" class=\"yoast-schema-graph\">{\"@context\":\"https:\/\/schema.org\",\"@graph\":[{\"@type\":\"Article\",\"@id\":\"https:\/\/now-news.de\/de\/deutschland\/polnische-bauern-proteste-wie-sie-europa-kaum-je-gesehen-hat\/#article\",\"isPartOf\":{\"@id\":\"https:\/\/now-news.de\/de\/deutschland\/polnische-bauern-proteste-wie-sie-europa-kaum-je-gesehen-hat\/\"},\"author\":{\"name\":\"rtnews\",\"@id\":\"https:\/\/now-news.de\/de\/#\/schema\/person\/fb534a4e865501d8b3285208df34a9b5\"},\"headline\":\"Polnische Bauern: Proteste, wie sie Europa kaum je gesehen hat\",\"datePublished\":\"2024-02-07T11:47:36+00:00\",\"dateModified\":\"2024-02-07T11:47:36+00:00\",\"mainEntityOfPage\":{\"@id\":\"https:\/\/now-news.de\/de\/deutschland\/polnische-bauern-proteste-wie-sie-europa-kaum-je-gesehen-hat\/\"},\"wordCount\":549,\"commentCount\":0,\"publisher\":{\"@id\":\"https:\/\/now-news.de\/de\/#organization\"},\"image\":{\"@id\":\"https:\/\/now-news.de\/de\/deutschland\/polnische-bauern-proteste-wie-sie-europa-kaum-je-gesehen-hat\/#primaryimage\"},\"thumbnailUrl\":\"https:\/\/now-news.de\/de\/wp-content\/uploads\/sites\/3\/2024\/02\/Polnische-Bauern-Proteste-wie-sie-Europa-kaum-je-gesehen-hat.jpg\",\"keywords\":[\"Bauern\",\"Europa\",\"gesehen\",\"hat\",\"Kaum\",\"Polnische\",\"Proteste\",\"Sie\",\"Wie\"],\"articleSection\":[\"Deutschland\",\"Russland\"],\"inLanguage\":\"de\",\"potentialAction\":[{\"@type\":\"CommentAction\",\"name\":\"Comment\",\"target\":[\"https:\/\/now-news.de\/de\/deutschland\/polnische-bauern-proteste-wie-sie-europa-kaum-je-gesehen-hat\/#respond\"]}]},{\"@type\":\"WebPage\",\"@id\":\"https:\/\/now-news.de\/de\/deutschland\/polnische-bauern-proteste-wie-sie-europa-kaum-je-gesehen-hat\/\",\"url\":\"https:\/\/now-news.de\/de\/deutschland\/polnische-bauern-proteste-wie-sie-europa-kaum-je-gesehen-hat\/\",\"name\":\"Polnische Bauern: Proteste, wie sie Europa kaum je gesehen hat - just-now.NEWS Deutschland\",\"isPartOf\":{\"@id\":\"https:\/\/now-news.de\/de\/#website\"},\"primaryImageOfPage\":{\"@id\":\"https:\/\/now-news.de\/de\/deutschland\/polnische-bauern-proteste-wie-sie-europa-kaum-je-gesehen-hat\/#primaryimage\"},\"image\":{\"@id\":\"https:\/\/now-news.de\/de\/deutschland\/polnische-bauern-proteste-wie-sie-europa-kaum-je-gesehen-hat\/#primaryimage\"},\"thumbnailUrl\":\"https:\/\/now-news.de\/de\/wp-content\/uploads\/sites\/3\/2024\/02\/Polnische-Bauern-Proteste-wie-sie-Europa-kaum-je-gesehen-hat.jpg\",\"datePublished\":\"2024-02-07T11:47:36+00:00\",\"dateModified\":\"2024-02-07T11:47:36+00:00\",\"breadcrumb\":{\"@id\":\"https:\/\/now-news.de\/de\/deutschland\/polnische-bauern-proteste-wie-sie-europa-kaum-je-gesehen-hat\/#breadcrumb\"},\"inLanguage\":\"de\",\"potentialAction\":[{\"@type\":\"ReadAction\",\"target\":[\"https:\/\/now-news.de\/de\/deutschland\/polnische-bauern-proteste-wie-sie-europa-kaum-je-gesehen-hat\/\"]}]},{\"@type\":\"ImageObject\",\"inLanguage\":\"de\",\"@id\":\"https:\/\/now-news.de\/de\/deutschland\/polnische-bauern-proteste-wie-sie-europa-kaum-je-gesehen-hat\/#primaryimage\",\"url\":\"https:\/\/now-news.de\/de\/wp-content\/uploads\/sites\/3\/2024\/02\/Polnische-Bauern-Proteste-wie-sie-Europa-kaum-je-gesehen-hat.jpg\",\"contentUrl\":\"https:\/\/now-news.de\/de\/wp-content\/uploads\/sites\/3\/2024\/02\/Polnische-Bauern-Proteste-wie-sie-Europa-kaum-je-gesehen-hat.jpg\",\"width\":460,\"height\":259,\"caption\":\"Polnische Bauern: Proteste, wie sie Europa kaum je gesehen hat\"},{\"@type\":\"BreadcrumbList\",\"@id\":\"https:\/\/now-news.de\/de\/deutschland\/polnische-bauern-proteste-wie-sie-europa-kaum-je-gesehen-hat\/#breadcrumb\",\"itemListElement\":[{\"@type\":\"ListItem\",\"position\":1,\"name\":\"Home\",\"item\":\"https:\/\/now-news.de\/de\/\"},{\"@type\":\"ListItem\",\"position\":2,\"name\":\"Polnische Bauern: Proteste, wie sie Europa kaum je gesehen hat\"}]},{\"@type\":\"WebSite\",\"@id\":\"https:\/\/now-news.de\/de\/#website\",\"url\":\"https:\/\/now-news.de\/de\/\",\"name\":\"just-now.NEWS Deutschland\",\"description\":\"Das Portal f\u00fcr unzensierte Nachrichten aus der Welt\",\"publisher\":{\"@id\":\"https:\/\/now-news.de\/de\/#organization\"},\"potentialAction\":[{\"@type\":\"SearchAction\",\"target\":{\"@type\":\"EntryPoint\",\"urlTemplate\":\"https:\/\/now-news.de\/de\/?s={search_term_string}\"},\"query-input\":\"required name=search_term_string\"}],\"inLanguage\":\"de\"},{\"@type\":\"Organization\",\"@id\":\"https:\/\/now-news.de\/de\/#organization\",\"name\":\"Just Now News\",\"url\":\"https:\/\/now-news.de\/de\/\",\"logo\":{\"@type\":\"ImageObject\",\"inLanguage\":\"de\",\"@id\":\"https:\/\/now-news.de\/de\/#\/schema\/logo\/image\/\",\"url\":\"http:\/\/just-now.news\/de\/wp-content\/uploads\/sites\/3\/2022\/04\/logo500x500.jpg\",\"contentUrl\":\"http:\/\/just-now.news\/de\/wp-content\/uploads\/sites\/3\/2022\/04\/logo500x500.jpg\",\"width\":500,\"height\":500,\"caption\":\"Just Now News\"},\"image\":{\"@id\":\"https:\/\/now-news.de\/de\/#\/schema\/logo\/image\/\"},\"sameAs\":[\"https:\/\/www.facebook.com\/wirmachenauf\",\"https:\/\/x.com\/WirMachenAuf_de\"]},{\"@type\":\"Person\",\"@id\":\"https:\/\/now-news.de\/de\/#\/schema\/person\/fb534a4e865501d8b3285208df34a9b5\",\"name\":\"rtnews\",\"image\":{\"@type\":\"ImageObject\",\"inLanguage\":\"de\",\"@id\":\"https:\/\/now-news.de\/de\/#\/schema\/person\/image\/\",\"url\":\"https:\/\/secure.gravatar.com\/avatar\/82aafea7d8127119dd649515f56e2117?s=96&d=mm&r=g\",\"contentUrl\":\"https:\/\/secure.gravatar.com\/avatar\/82aafea7d8127119dd649515f56e2117?s=96&d=mm&r=g\",\"caption\":\"rtnews\"},\"url\":\"https:\/\/now-news.de\/de\/author\/rnews\/\"}]}<\/script>\n<!-- \/ Yoast SEO Premium plugin. -->","yoast_head_json":{"title":"Polnische Bauern: Proteste, wie sie Europa kaum je gesehen hat - just-now.NEWS Deutschland","robots":{"index":"index","follow":"follow","max-snippet":"max-snippet:-1","max-image-preview":"max-image-preview:large","max-video-preview":"max-video-preview:-1"},"canonical":"https:\/\/now-news.de\/de\/deutschland\/polnische-bauern-proteste-wie-sie-europa-kaum-je-gesehen-hat\/","og_locale":"de_DE","og_type":"article","og_title":"Polnische Bauern: Proteste, wie sie Europa kaum je gesehen hat","og_description":"Im Januar teilte die EU-Kommission mit, die Zollbefreiung f\u00fcr Produkte aus der Ukraine werde bis 2025 verl\u00e4ngert. Das ist f\u00fcr die polnischen Bauern inakzeptabel. Sie verk\u00fcnden einen Generalstreik, die Blockade aller Grenzen zur Ukraine, und einen Monat Stra\u00dfenblockaden in Polen. Die Landwirte in Polen versprechen Protestaktionen, wie sie Europa seit Beginn der j\u00fcngsten Bauernproteste wohl [&hellip;]","og_url":"https:\/\/now-news.de\/de\/deutschland\/polnische-bauern-proteste-wie-sie-europa-kaum-je-gesehen-hat\/","og_site_name":"just-now.NEWS Deutschland","article_publisher":"https:\/\/www.facebook.com\/wirmachenauf","article_published_time":"2024-02-07T11:47:36+00:00","og_image":[{"width":460,"height":259,"url":"https:\/\/now-news.de\/de\/wp-content\/uploads\/sites\/3\/2024\/02\/Polnische-Bauern-Proteste-wie-sie-Europa-kaum-je-gesehen-hat.jpg","type":"image\/jpeg"}],"author":"rtnews","twitter_card":"summary_large_image","twitter_creator":"@WirMachenAuf_de","twitter_site":"@WirMachenAuf_de","twitter_misc":{"Verfasst von":"rtnews","Gesch\u00e4tzte Lesezeit":"3\u00a0Minuten"},"schema":{"@context":"https:\/\/schema.org","@graph":[{"@type":"Article","@id":"https:\/\/now-news.de\/de\/deutschland\/polnische-bauern-proteste-wie-sie-europa-kaum-je-gesehen-hat\/#article","isPartOf":{"@id":"https:\/\/now-news.de\/de\/deutschland\/polnische-bauern-proteste-wie-sie-europa-kaum-je-gesehen-hat\/"},"author":{"name":"rtnews","@id":"https:\/\/now-news.de\/de\/#\/schema\/person\/fb534a4e865501d8b3285208df34a9b5"},"headline":"Polnische Bauern: Proteste, wie sie Europa kaum je gesehen hat","datePublished":"2024-02-07T11:47:36+00:00","dateModified":"2024-02-07T11:47:36+00:00","mainEntityOfPage":{"@id":"https:\/\/now-news.de\/de\/deutschland\/polnische-bauern-proteste-wie-sie-europa-kaum-je-gesehen-hat\/"},"wordCount":549,"commentCount":0,"publisher":{"@id":"https:\/\/now-news.de\/de\/#organization"},"image":{"@id":"https:\/\/now-news.de\/de\/deutschland\/polnische-bauern-proteste-wie-sie-europa-kaum-je-gesehen-hat\/#primaryimage"},"thumbnailUrl":"https:\/\/now-news.de\/de\/wp-content\/uploads\/sites\/3\/2024\/02\/Polnische-Bauern-Proteste-wie-sie-Europa-kaum-je-gesehen-hat.jpg","keywords":["Bauern","Europa","gesehen","hat","Kaum","Polnische","Proteste","Sie","Wie"],"articleSection":["Deutschland","Russland"],"inLanguage":"de","potentialAction":[{"@type":"CommentAction","name":"Comment","target":["https:\/\/now-news.de\/de\/deutschland\/polnische-bauern-proteste-wie-sie-europa-kaum-je-gesehen-hat\/#respond"]}]},{"@type":"WebPage","@id":"https:\/\/now-news.de\/de\/deutschland\/polnische-bauern-proteste-wie-sie-europa-kaum-je-gesehen-hat\/","url":"https:\/\/now-news.de\/de\/deutschland\/polnische-bauern-proteste-wie-sie-europa-kaum-je-gesehen-hat\/","name":"Polnische Bauern: Proteste, wie sie Europa kaum je gesehen hat - just-now.NEWS Deutschland","isPartOf":{"@id":"https:\/\/now-news.de\/de\/#website"},"primaryImageOfPage":{"@id":"https:\/\/now-news.de\/de\/deutschland\/polnische-bauern-proteste-wie-sie-europa-kaum-je-gesehen-hat\/#primaryimage"},"image":{"@id":"https:\/\/now-news.de\/de\/deutschland\/polnische-bauern-proteste-wie-sie-europa-kaum-je-gesehen-hat\/#primaryimage"},"thumbnailUrl":"https:\/\/now-news.de\/de\/wp-content\/uploads\/sites\/3\/2024\/02\/Polnische-Bauern-Proteste-wie-sie-Europa-kaum-je-gesehen-hat.jpg","datePublished":"2024-02-07T11:47:36+00:00","dateModified":"2024-02-07T11:47:36+00:00","breadcrumb":{"@id":"https:\/\/now-news.de\/de\/deutschland\/polnische-bauern-proteste-wie-sie-europa-kaum-je-gesehen-hat\/#breadcrumb"},"inLanguage":"de","potentialAction":[{"@type":"ReadAction","target":["https:\/\/now-news.de\/de\/deutschland\/polnische-bauern-proteste-wie-sie-europa-kaum-je-gesehen-hat\/"]}]},{"@type":"ImageObject","inLanguage":"de","@id":"https:\/\/now-news.de\/de\/deutschland\/polnische-bauern-proteste-wie-sie-europa-kaum-je-gesehen-hat\/#primaryimage","url":"https:\/\/now-news.de\/de\/wp-content\/uploads\/sites\/3\/2024\/02\/Polnische-Bauern-Proteste-wie-sie-Europa-kaum-je-gesehen-hat.jpg","contentUrl":"https:\/\/now-news.de\/de\/wp-content\/uploads\/sites\/3\/2024\/02\/Polnische-Bauern-Proteste-wie-sie-Europa-kaum-je-gesehen-hat.jpg","width":460,"height":259,"caption":"Polnische Bauern: Proteste, wie sie Europa kaum je gesehen hat"},{"@type":"BreadcrumbList","@id":"https:\/\/now-news.de\/de\/deutschland\/polnische-bauern-proteste-wie-sie-europa-kaum-je-gesehen-hat\/#breadcrumb","itemListElement":[{"@type":"ListItem","position":1,"name":"Home","item":"https:\/\/now-news.de\/de\/"},{"@type":"ListItem","position":2,"name":"Polnische Bauern: Proteste, wie sie Europa kaum je gesehen hat"}]},{"@type":"WebSite","@id":"https:\/\/now-news.de\/de\/#website","url":"https:\/\/now-news.de\/de\/","name":"just-now.NEWS Deutschland","description":"Das Portal f\u00fcr unzensierte Nachrichten aus der Welt","publisher":{"@id":"https:\/\/now-news.de\/de\/#organization"},"potentialAction":[{"@type":"SearchAction","target":{"@type":"EntryPoint","urlTemplate":"https:\/\/now-news.de\/de\/?s={search_term_string}"},"query-input":"required name=search_term_string"}],"inLanguage":"de"},{"@type":"Organization","@id":"https:\/\/now-news.de\/de\/#organization","name":"Just Now News","url":"https:\/\/now-news.de\/de\/","logo":{"@type":"ImageObject","inLanguage":"de","@id":"https:\/\/now-news.de\/de\/#\/schema\/logo\/image\/","url":"http:\/\/just-now.news\/de\/wp-content\/uploads\/sites\/3\/2022\/04\/logo500x500.jpg","contentUrl":"http:\/\/just-now.news\/de\/wp-content\/uploads\/sites\/3\/2022\/04\/logo500x500.jpg","width":500,"height":500,"caption":"Just Now News"},"image":{"@id":"https:\/\/now-news.de\/de\/#\/schema\/logo\/image\/"},"sameAs":["https:\/\/www.facebook.com\/wirmachenauf","https:\/\/x.com\/WirMachenAuf_de"]},{"@type":"Person","@id":"https:\/\/now-news.de\/de\/#\/schema\/person\/fb534a4e865501d8b3285208df34a9b5","name":"rtnews","image":{"@type":"ImageObject","inLanguage":"de","@id":"https:\/\/now-news.de\/de\/#\/schema\/person\/image\/","url":"https:\/\/secure.gravatar.com\/avatar\/82aafea7d8127119dd649515f56e2117?s=96&d=mm&r=g","contentUrl":"https:\/\/secure.gravatar.com\/avatar\/82aafea7d8127119dd649515f56e2117?s=96&d=mm&r=g","caption":"rtnews"},"url":"https:\/\/now-news.de\/de\/author\/rnews\/"}]}},"_links":{"self":[{"href":"https:\/\/now-news.de\/de\/wp-json\/wp\/v2\/posts\/54878"}],"collection":[{"href":"https:\/\/now-news.de\/de\/wp-json\/wp\/v2\/posts"}],"about":[{"href":"https:\/\/now-news.de\/de\/wp-json\/wp\/v2\/types\/post"}],"author":[{"embeddable":true,"href":"https:\/\/now-news.de\/de\/wp-json\/wp\/v2\/users\/3"}],"replies":[{"embeddable":true,"href":"https:\/\/now-news.de\/de\/wp-json\/wp\/v2\/comments?post=54878"}],"version-history":[{"count":0,"href":"https:\/\/now-news.de\/de\/wp-json\/wp\/v2\/posts\/54878\/revisions"}],"wp:featuredmedia":[{"embeddable":true,"href":"https:\/\/now-news.de\/de\/wp-json\/wp\/v2\/media\/54879"}],"wp:attachment":[{"href":"https:\/\/now-news.de\/de\/wp-json\/wp\/v2\/media?parent=54878"}],"wp:term":[{"taxonomy":"category","embeddable":true,"href":"https:\/\/now-news.de\/de\/wp-json\/wp\/v2\/categories?post=54878"},{"taxonomy":"post_tag","embeddable":true,"href":"https:\/\/now-news.de\/de\/wp-json\/wp\/v2\/tags?post=54878"}],"curies":[{"name":"wp","href":"https:\/\/api.w.org\/{rel}","templated":true}]}}