{"id":54838,"date":"2024-02-06T22:23:42","date_gmt":"2024-02-06T20:23:42","guid":{"rendered":"https:\/\/just-now.news\/de\/deutschland\/baltische-diplomaten-wegen-der-praesidentschaftswahlen-ins-russische-aussenministerium-einbestellt\/"},"modified":"2024-02-06T22:23:42","modified_gmt":"2024-02-06T20:23:42","slug":"baltische-diplomaten-wegen-der-praesidentschaftswahlen-ins-russische-aussenministerium-einbestellt","status":"publish","type":"post","link":"https:\/\/now-news.de\/de\/deutschland\/baltische-diplomaten-wegen-der-praesidentschaftswahlen-ins-russische-aussenministerium-einbestellt\/","title":{"rendered":"Baltische Diplomaten wegen der Pr\u00e4sidentschaftswahlen ins russische Au\u00dfenministerium einbestellt"},"content":{"rendered":"<p><img decoding=\"async\" src=\"http:\/\/just-now.news\/de\/wp-content\/uploads\/sites\/3\/2024\/02\/65c280ceb480cc312f00e7d0.jpg\" \/><\/p>\n<div class=\"Text-root Text-type_1 \">\n                Diplomaten aus Estland, Lettland und Litauen wurden ins russische Au\u00dfenministerium einbestellt, so Sprecherin Maria Sacharowa. Dabei geht es um die Gew\u00e4hrleistung der Sicherheit in den Wahllokalen in Tallinn, Riga und Vilnius w\u00e4hrend der russischen Pr\u00e4sidentschaftswahlen.\n            <\/div>\n<p><\/p>\n<div class=\"Text-root Text-type_5 ArticleView-text ViewText-root \">\n<p>Russlands Au\u00dfenministerium hat die Gesch\u00e4ftstr\u00e4ger Estlands, Lettlands und Litauens einbestellt, teilte die Pressesprecherin der Beh\u00f6rde Maria Sacharowa mit. Sie <a rel=\"nofollow noopener\" target=\"_blank\" href=\"https:\/\/www.mid.ru\/ru\/foreign_policy\/news\/1929817\/\">berichtete<\/a>:<em><\/em><\/p>\n<blockquote>\n<p><em>&#8220;Am 6. Februar wurden die Gesch\u00e4ftstr\u00e4ger der baltischen Staaten in Moskau ins russische Au\u00dfenministerium vorgeladen, weil die Beh\u00f6rden Lettlands, Litauens und Estlands nicht angemessen auf die wiederholten Appelle der russischen Seite reagiert haben, die Sicherheit bei den Pr\u00e4sidentschaftswahlen der Russischen F\u00f6deration im M\u00e4rz dieses Jahres in den Wahllokalen der russischen Botschaften in Vilnius, Riga und Tallinn zu gew\u00e4hrleisten.&#8221;<\/em><\/p>\n<\/blockquote>\n<p>Sacharowa merkte an, dass die Diplomaten an die Notwendigkeit erinnert wurden, gem\u00e4\u00df den internationalen Normen &#8220;alle geeigneten Ma\u00dfnahmen zum Schutz der diplomatischen Vertretungen zu ergreifen&#8221;, und im Falle der Wahlen gelte dies f\u00fcr ihre Mitarbeiter und W\u00e4hler. Sollten die Wahlen behindert werden, w\u00fcrde &#8220;dies zu ernsthaften Protesten unter den in diesen L\u00e4ndern lebenden russischen B\u00fcrgern f\u00fchren&#8221;, warnte das russische Au\u00dfenministerium.<\/p>\n<p>W\u00e4hrend der russischen Pr\u00e4sidentschaftswahlen am 15. und 17. M\u00e4rz werden mehr als 300 Wahllokale im Ausland er\u00f6ffnet, auch in unfreundlichen L\u00e4ndern, zu denen Moskau die baltischen Republiken z\u00e4hlt. Die Wahllokale werden in allen Staaten zu finden sein, in denen Russland diplomatische Vertretungen und konsularische B\u00fcros unterh\u00e4lt.<\/p>\n<p>Zuvor hatte Sacharowa ihr Bedauern dar\u00fcber ge\u00e4u\u00dfert, dass die Schlie\u00dfung russischer diplomatischer Vertretungen in einer Reihe von L\u00e4ndern die M\u00f6glichkeiten Moskaus, Wahllokale zu \u00f6ffnen, eingeschr\u00e4nkt habe. Ihr zufolge geht es dabei vor allem um die baltischen Staaten, Moldawien, Deutschland, die Vereinigten Staaten, die Tschechische Republik und Finnland. In diesen L\u00e4ndern wird es weniger Wahllokale geben als bei den letzten Wahlen.<\/p>\n<p>Im Dezember hatte der estnische Au\u00dfenminister Margus Tsahkna versprochen, dass das Land nicht in die Durchf\u00fchrung der Wahlen auf dem Gebiet der russischen diplomatischen Vertretungen eingreifen werde, da es daf\u00fcr keine &#8220;rechtliche Grundlage&#8221; gebe.<\/p>\n<p><strong>Mehr zum Thema<\/strong> \u2013 <a rel=\"nofollow noopener\" target=\"_blank\" href=\"https:\/\/freedert.online\/kurzclips\/video\/194778-sechs-wochen-vor-praesidentschaftswahlen-in-russland\/\">Sechs Wochen vor Pr\u00e4sidentschaftswahlen in Russland: Putin offiziell als Kandidat im Rennen<\/a><\/p>\n<\/div>\n<p><br \/>\n<br \/><a href=\"https:\/\/de.rt.com\/russland\/195344-baltische-diplomaten-wegen-praesidentschaftswahlen-ins\/\">Source link <\/a><\/p>\n","protected":false},"excerpt":{"rendered":"<p>Diplomaten aus Estland, Lettland und Litauen wurden ins russische Au\u00dfenministerium einbestellt, so Sprecherin Maria Sacharowa. Dabei geht es um die Gew\u00e4hrleistung der Sicherheit in den Wahllokalen in Tallinn, Riga und Vilnius w\u00e4hrend der russischen Pr\u00e4sidentschaftswahlen. Russlands Au\u00dfenministerium hat die Gesch\u00e4ftstr\u00e4ger Estlands, Lettlands und Litauens einbestellt, teilte die Pressesprecherin der Beh\u00f6rde Maria Sacharowa mit. Sie berichtete: [&hellip;]<\/p>\n","protected":false},"author":3,"featured_media":54839,"comment_status":"open","ping_status":"open","sticky":false,"template":"","format":"standard","meta":{"_yoast_indexnow_last_ping":["1707251968"],"wp_automatic_camp":["217"],"2fb8e0798fa5fcb2ae12c3d1704a1c79":["Baltische Diplomaten wegen der Pr\u00e4sidentschaftswahlen ins russische Au\u00dfenministerium einbestellt"],"original_link":["https:\/\/de.rt.com\/russland\/195344-baltische-diplomaten-wegen-praesidentschaftswahlen-ins\/"],"_thumbnail_id":["54839"],"_wptgpro_p2tg_sent2tg":["a:1:{i:23737;s:19:\"2024-02-06 22:40:50\";}"],"jnews_social_counter_last_update":["1777602559"]},"categories":[19,23],"tags":[16681,4748,82,9831,43253,1678,27236,570,145],"yoast_head":"<!-- This site is optimized with the Yoast SEO Premium plugin v22.7 (Yoast SEO v22.7) - https:\/\/yoast.com\/wordpress\/plugins\/seo\/ -->\n<title>Baltische Diplomaten wegen der Pr\u00e4sidentschaftswahlen ins russische Au\u00dfenministerium einbestellt - just-now.NEWS Deutschland<\/title>\n<meta name=\"robots\" content=\"index, follow, max-snippet:-1, max-image-preview:large, max-video-preview:-1\" \/>\n<link rel=\"canonical\" href=\"https:\/\/now-news.de\/de\/deutschland\/baltische-diplomaten-wegen-der-praesidentschaftswahlen-ins-russische-aussenministerium-einbestellt\/\" \/>\n<meta property=\"og:locale\" content=\"de_DE\" \/>\n<meta property=\"og:type\" content=\"article\" \/>\n<meta property=\"og:title\" content=\"Baltische Diplomaten wegen der Pr\u00e4sidentschaftswahlen ins russische Au\u00dfenministerium einbestellt\" \/>\n<meta property=\"og:description\" content=\"Diplomaten aus Estland, Lettland und Litauen wurden ins russische Au\u00dfenministerium einbestellt, so Sprecherin Maria Sacharowa. Dabei geht es um die Gew\u00e4hrleistung der Sicherheit in den Wahllokalen in Tallinn, Riga und Vilnius w\u00e4hrend der russischen Pr\u00e4sidentschaftswahlen. Russlands Au\u00dfenministerium hat die Gesch\u00e4ftstr\u00e4ger Estlands, Lettlands und Litauens einbestellt, teilte die Pressesprecherin der Beh\u00f6rde Maria Sacharowa mit. Sie berichtete: [&hellip;]\" \/>\n<meta property=\"og:url\" content=\"https:\/\/now-news.de\/de\/deutschland\/baltische-diplomaten-wegen-der-praesidentschaftswahlen-ins-russische-aussenministerium-einbestellt\/\" \/>\n<meta property=\"og:site_name\" content=\"just-now.NEWS Deutschland\" \/>\n<meta property=\"article:publisher\" content=\"https:\/\/www.facebook.com\/wirmachenauf\" \/>\n<meta property=\"article:published_time\" content=\"2024-02-06T20:23:42+00:00\" \/>\n<meta property=\"og:image\" content=\"https:\/\/now-news.de\/de\/wp-content\/uploads\/sites\/3\/2024\/02\/Baltische-Diplomaten-wegen-der-Praesidentschaftswahlen-ins-russische-Aussenministerium-einbestellt.jpg\" \/>\n\t<meta property=\"og:image:width\" content=\"460\" \/>\n\t<meta property=\"og:image:height\" content=\"259\" \/>\n\t<meta property=\"og:image:type\" content=\"image\/jpeg\" \/>\n<meta name=\"author\" content=\"rtnews\" \/>\n<meta name=\"twitter:card\" content=\"summary_large_image\" \/>\n<meta name=\"twitter:creator\" content=\"@WirMachenAuf_de\" \/>\n<meta name=\"twitter:site\" content=\"@WirMachenAuf_de\" \/>\n<meta name=\"twitter:label1\" content=\"Verfasst von\" \/>\n\t<meta name=\"twitter:data1\" content=\"rtnews\" \/>\n\t<meta name=\"twitter:label2\" content=\"Gesch\u00e4tzte Lesezeit\" \/>\n\t<meta name=\"twitter:data2\" content=\"2\u00a0Minuten\" \/>\n<script type=\"application\/ld+json\" class=\"yoast-schema-graph\">{\"@context\":\"https:\/\/schema.org\",\"@graph\":[{\"@type\":\"Article\",\"@id\":\"https:\/\/now-news.de\/de\/deutschland\/baltische-diplomaten-wegen-der-praesidentschaftswahlen-ins-russische-aussenministerium-einbestellt\/#article\",\"isPartOf\":{\"@id\":\"https:\/\/now-news.de\/de\/deutschland\/baltische-diplomaten-wegen-der-praesidentschaftswahlen-ins-russische-aussenministerium-einbestellt\/\"},\"author\":{\"name\":\"rtnews\",\"@id\":\"https:\/\/now-news.de\/de\/#\/schema\/person\/fb534a4e865501d8b3285208df34a9b5\"},\"headline\":\"Baltische Diplomaten wegen der Pr\u00e4sidentschaftswahlen ins russische Au\u00dfenministerium einbestellt\",\"datePublished\":\"2024-02-06T20:23:42+00:00\",\"dateModified\":\"2024-02-06T20:23:42+00:00\",\"mainEntityOfPage\":{\"@id\":\"https:\/\/now-news.de\/de\/deutschland\/baltische-diplomaten-wegen-der-praesidentschaftswahlen-ins-russische-aussenministerium-einbestellt\/\"},\"wordCount\":382,\"commentCount\":0,\"publisher\":{\"@id\":\"https:\/\/now-news.de\/de\/#organization\"},\"image\":{\"@id\":\"https:\/\/now-news.de\/de\/deutschland\/baltische-diplomaten-wegen-der-praesidentschaftswahlen-ins-russische-aussenministerium-einbestellt\/#primaryimage\"},\"thumbnailUrl\":\"https:\/\/now-news.de\/de\/wp-content\/uploads\/sites\/3\/2024\/02\/Baltische-Diplomaten-wegen-der-Praesidentschaftswahlen-ins-russische-Aussenministerium-einbestellt.jpg\",\"keywords\":[\"Au\u00dfenministerium\",\"baltische\",\"der\",\"Diplomaten\",\"einbestellt\",\"ins\",\"Pr\u00e4sidentschaftswahlen\",\"Russische\",\"wegen\"],\"articleSection\":[\"Deutschland\",\"Russland\"],\"inLanguage\":\"de\",\"potentialAction\":[{\"@type\":\"CommentAction\",\"name\":\"Comment\",\"target\":[\"https:\/\/now-news.de\/de\/deutschland\/baltische-diplomaten-wegen-der-praesidentschaftswahlen-ins-russische-aussenministerium-einbestellt\/#respond\"]}]},{\"@type\":\"WebPage\",\"@id\":\"https:\/\/now-news.de\/de\/deutschland\/baltische-diplomaten-wegen-der-praesidentschaftswahlen-ins-russische-aussenministerium-einbestellt\/\",\"url\":\"https:\/\/now-news.de\/de\/deutschland\/baltische-diplomaten-wegen-der-praesidentschaftswahlen-ins-russische-aussenministerium-einbestellt\/\",\"name\":\"Baltische Diplomaten wegen der Pr\u00e4sidentschaftswahlen ins russische Au\u00dfenministerium einbestellt - just-now.NEWS Deutschland\",\"isPartOf\":{\"@id\":\"https:\/\/now-news.de\/de\/#website\"},\"primaryImageOfPage\":{\"@id\":\"https:\/\/now-news.de\/de\/deutschland\/baltische-diplomaten-wegen-der-praesidentschaftswahlen-ins-russische-aussenministerium-einbestellt\/#primaryimage\"},\"image\":{\"@id\":\"https:\/\/now-news.de\/de\/deutschland\/baltische-diplomaten-wegen-der-praesidentschaftswahlen-ins-russische-aussenministerium-einbestellt\/#primaryimage\"},\"thumbnailUrl\":\"https:\/\/now-news.de\/de\/wp-content\/uploads\/sites\/3\/2024\/02\/Baltische-Diplomaten-wegen-der-Praesidentschaftswahlen-ins-russische-Aussenministerium-einbestellt.jpg\",\"datePublished\":\"2024-02-06T20:23:42+00:00\",\"dateModified\":\"2024-02-06T20:23:42+00:00\",\"breadcrumb\":{\"@id\":\"https:\/\/now-news.de\/de\/deutschland\/baltische-diplomaten-wegen-der-praesidentschaftswahlen-ins-russische-aussenministerium-einbestellt\/#breadcrumb\"},\"inLanguage\":\"de\",\"potentialAction\":[{\"@type\":\"ReadAction\",\"target\":[\"https:\/\/now-news.de\/de\/deutschland\/baltische-diplomaten-wegen-der-praesidentschaftswahlen-ins-russische-aussenministerium-einbestellt\/\"]}]},{\"@type\":\"ImageObject\",\"inLanguage\":\"de\",\"@id\":\"https:\/\/now-news.de\/de\/deutschland\/baltische-diplomaten-wegen-der-praesidentschaftswahlen-ins-russische-aussenministerium-einbestellt\/#primaryimage\",\"url\":\"https:\/\/now-news.de\/de\/wp-content\/uploads\/sites\/3\/2024\/02\/Baltische-Diplomaten-wegen-der-Praesidentschaftswahlen-ins-russische-Aussenministerium-einbestellt.jpg\",\"contentUrl\":\"https:\/\/now-news.de\/de\/wp-content\/uploads\/sites\/3\/2024\/02\/Baltische-Diplomaten-wegen-der-Praesidentschaftswahlen-ins-russische-Aussenministerium-einbestellt.jpg\",\"width\":460,\"height\":259,\"caption\":\"Baltische Diplomaten wegen der Pr\u00e4sidentschaftswahlen ins russische Au\u00dfenministerium einbestellt\"},{\"@type\":\"BreadcrumbList\",\"@id\":\"https:\/\/now-news.de\/de\/deutschland\/baltische-diplomaten-wegen-der-praesidentschaftswahlen-ins-russische-aussenministerium-einbestellt\/#breadcrumb\",\"itemListElement\":[{\"@type\":\"ListItem\",\"position\":1,\"name\":\"Home\",\"item\":\"https:\/\/now-news.de\/de\/\"},{\"@type\":\"ListItem\",\"position\":2,\"name\":\"Baltische Diplomaten wegen der Pr\u00e4sidentschaftswahlen ins russische Au\u00dfenministerium einbestellt\"}]},{\"@type\":\"WebSite\",\"@id\":\"https:\/\/now-news.de\/de\/#website\",\"url\":\"https:\/\/now-news.de\/de\/\",\"name\":\"just-now.NEWS Deutschland\",\"description\":\"Das Portal f\u00fcr unzensierte Nachrichten aus der Welt\",\"publisher\":{\"@id\":\"https:\/\/now-news.de\/de\/#organization\"},\"potentialAction\":[{\"@type\":\"SearchAction\",\"target\":{\"@type\":\"EntryPoint\",\"urlTemplate\":\"https:\/\/now-news.de\/de\/?s={search_term_string}\"},\"query-input\":\"required name=search_term_string\"}],\"inLanguage\":\"de\"},{\"@type\":\"Organization\",\"@id\":\"https:\/\/now-news.de\/de\/#organization\",\"name\":\"Just Now News\",\"url\":\"https:\/\/now-news.de\/de\/\",\"logo\":{\"@type\":\"ImageObject\",\"inLanguage\":\"de\",\"@id\":\"https:\/\/now-news.de\/de\/#\/schema\/logo\/image\/\",\"url\":\"http:\/\/just-now.news\/de\/wp-content\/uploads\/sites\/3\/2022\/04\/logo500x500.jpg\",\"contentUrl\":\"http:\/\/just-now.news\/de\/wp-content\/uploads\/sites\/3\/2022\/04\/logo500x500.jpg\",\"width\":500,\"height\":500,\"caption\":\"Just Now News\"},\"image\":{\"@id\":\"https:\/\/now-news.de\/de\/#\/schema\/logo\/image\/\"},\"sameAs\":[\"https:\/\/www.facebook.com\/wirmachenauf\",\"https:\/\/x.com\/WirMachenAuf_de\"]},{\"@type\":\"Person\",\"@id\":\"https:\/\/now-news.de\/de\/#\/schema\/person\/fb534a4e865501d8b3285208df34a9b5\",\"name\":\"rtnews\",\"image\":{\"@type\":\"ImageObject\",\"inLanguage\":\"de\",\"@id\":\"https:\/\/now-news.de\/de\/#\/schema\/person\/image\/\",\"url\":\"https:\/\/secure.gravatar.com\/avatar\/82aafea7d8127119dd649515f56e2117?s=96&d=mm&r=g\",\"contentUrl\":\"https:\/\/secure.gravatar.com\/avatar\/82aafea7d8127119dd649515f56e2117?s=96&d=mm&r=g\",\"caption\":\"rtnews\"},\"url\":\"https:\/\/now-news.de\/de\/author\/rnews\/\"}]}<\/script>\n<!-- \/ Yoast SEO Premium plugin. -->","yoast_head_json":{"title":"Baltische Diplomaten wegen der Pr\u00e4sidentschaftswahlen ins russische Au\u00dfenministerium einbestellt - just-now.NEWS Deutschland","robots":{"index":"index","follow":"follow","max-snippet":"max-snippet:-1","max-image-preview":"max-image-preview:large","max-video-preview":"max-video-preview:-1"},"canonical":"https:\/\/now-news.de\/de\/deutschland\/baltische-diplomaten-wegen-der-praesidentschaftswahlen-ins-russische-aussenministerium-einbestellt\/","og_locale":"de_DE","og_type":"article","og_title":"Baltische Diplomaten wegen der Pr\u00e4sidentschaftswahlen ins russische Au\u00dfenministerium einbestellt","og_description":"Diplomaten aus Estland, Lettland und Litauen wurden ins russische Au\u00dfenministerium einbestellt, so Sprecherin Maria Sacharowa. Dabei geht es um die Gew\u00e4hrleistung der Sicherheit in den Wahllokalen in Tallinn, Riga und Vilnius w\u00e4hrend der russischen Pr\u00e4sidentschaftswahlen. Russlands Au\u00dfenministerium hat die Gesch\u00e4ftstr\u00e4ger Estlands, Lettlands und Litauens einbestellt, teilte die Pressesprecherin der Beh\u00f6rde Maria Sacharowa mit. Sie berichtete: [&hellip;]","og_url":"https:\/\/now-news.de\/de\/deutschland\/baltische-diplomaten-wegen-der-praesidentschaftswahlen-ins-russische-aussenministerium-einbestellt\/","og_site_name":"just-now.NEWS Deutschland","article_publisher":"https:\/\/www.facebook.com\/wirmachenauf","article_published_time":"2024-02-06T20:23:42+00:00","og_image":[{"width":460,"height":259,"url":"https:\/\/now-news.de\/de\/wp-content\/uploads\/sites\/3\/2024\/02\/Baltische-Diplomaten-wegen-der-Praesidentschaftswahlen-ins-russische-Aussenministerium-einbestellt.jpg","type":"image\/jpeg"}],"author":"rtnews","twitter_card":"summary_large_image","twitter_creator":"@WirMachenAuf_de","twitter_site":"@WirMachenAuf_de","twitter_misc":{"Verfasst von":"rtnews","Gesch\u00e4tzte Lesezeit":"2\u00a0Minuten"},"schema":{"@context":"https:\/\/schema.org","@graph":[{"@type":"Article","@id":"https:\/\/now-news.de\/de\/deutschland\/baltische-diplomaten-wegen-der-praesidentschaftswahlen-ins-russische-aussenministerium-einbestellt\/#article","isPartOf":{"@id":"https:\/\/now-news.de\/de\/deutschland\/baltische-diplomaten-wegen-der-praesidentschaftswahlen-ins-russische-aussenministerium-einbestellt\/"},"author":{"name":"rtnews","@id":"https:\/\/now-news.de\/de\/#\/schema\/person\/fb534a4e865501d8b3285208df34a9b5"},"headline":"Baltische Diplomaten wegen der Pr\u00e4sidentschaftswahlen ins russische Au\u00dfenministerium einbestellt","datePublished":"2024-02-06T20:23:42+00:00","dateModified":"2024-02-06T20:23:42+00:00","mainEntityOfPage":{"@id":"https:\/\/now-news.de\/de\/deutschland\/baltische-diplomaten-wegen-der-praesidentschaftswahlen-ins-russische-aussenministerium-einbestellt\/"},"wordCount":382,"commentCount":0,"publisher":{"@id":"https:\/\/now-news.de\/de\/#organization"},"image":{"@id":"https:\/\/now-news.de\/de\/deutschland\/baltische-diplomaten-wegen-der-praesidentschaftswahlen-ins-russische-aussenministerium-einbestellt\/#primaryimage"},"thumbnailUrl":"https:\/\/now-news.de\/de\/wp-content\/uploads\/sites\/3\/2024\/02\/Baltische-Diplomaten-wegen-der-Praesidentschaftswahlen-ins-russische-Aussenministerium-einbestellt.jpg","keywords":["Au\u00dfenministerium","baltische","der","Diplomaten","einbestellt","ins","Pr\u00e4sidentschaftswahlen","Russische","wegen"],"articleSection":["Deutschland","Russland"],"inLanguage":"de","potentialAction":[{"@type":"CommentAction","name":"Comment","target":["https:\/\/now-news.de\/de\/deutschland\/baltische-diplomaten-wegen-der-praesidentschaftswahlen-ins-russische-aussenministerium-einbestellt\/#respond"]}]},{"@type":"WebPage","@id":"https:\/\/now-news.de\/de\/deutschland\/baltische-diplomaten-wegen-der-praesidentschaftswahlen-ins-russische-aussenministerium-einbestellt\/","url":"https:\/\/now-news.de\/de\/deutschland\/baltische-diplomaten-wegen-der-praesidentschaftswahlen-ins-russische-aussenministerium-einbestellt\/","name":"Baltische Diplomaten wegen der Pr\u00e4sidentschaftswahlen ins russische Au\u00dfenministerium einbestellt - just-now.NEWS Deutschland","isPartOf":{"@id":"https:\/\/now-news.de\/de\/#website"},"primaryImageOfPage":{"@id":"https:\/\/now-news.de\/de\/deutschland\/baltische-diplomaten-wegen-der-praesidentschaftswahlen-ins-russische-aussenministerium-einbestellt\/#primaryimage"},"image":{"@id":"https:\/\/now-news.de\/de\/deutschland\/baltische-diplomaten-wegen-der-praesidentschaftswahlen-ins-russische-aussenministerium-einbestellt\/#primaryimage"},"thumbnailUrl":"https:\/\/now-news.de\/de\/wp-content\/uploads\/sites\/3\/2024\/02\/Baltische-Diplomaten-wegen-der-Praesidentschaftswahlen-ins-russische-Aussenministerium-einbestellt.jpg","datePublished":"2024-02-06T20:23:42+00:00","dateModified":"2024-02-06T20:23:42+00:00","breadcrumb":{"@id":"https:\/\/now-news.de\/de\/deutschland\/baltische-diplomaten-wegen-der-praesidentschaftswahlen-ins-russische-aussenministerium-einbestellt\/#breadcrumb"},"inLanguage":"de","potentialAction":[{"@type":"ReadAction","target":["https:\/\/now-news.de\/de\/deutschland\/baltische-diplomaten-wegen-der-praesidentschaftswahlen-ins-russische-aussenministerium-einbestellt\/"]}]},{"@type":"ImageObject","inLanguage":"de","@id":"https:\/\/now-news.de\/de\/deutschland\/baltische-diplomaten-wegen-der-praesidentschaftswahlen-ins-russische-aussenministerium-einbestellt\/#primaryimage","url":"https:\/\/now-news.de\/de\/wp-content\/uploads\/sites\/3\/2024\/02\/Baltische-Diplomaten-wegen-der-Praesidentschaftswahlen-ins-russische-Aussenministerium-einbestellt.jpg","contentUrl":"https:\/\/now-news.de\/de\/wp-content\/uploads\/sites\/3\/2024\/02\/Baltische-Diplomaten-wegen-der-Praesidentschaftswahlen-ins-russische-Aussenministerium-einbestellt.jpg","width":460,"height":259,"caption":"Baltische Diplomaten wegen der Pr\u00e4sidentschaftswahlen ins russische Au\u00dfenministerium einbestellt"},{"@type":"BreadcrumbList","@id":"https:\/\/now-news.de\/de\/deutschland\/baltische-diplomaten-wegen-der-praesidentschaftswahlen-ins-russische-aussenministerium-einbestellt\/#breadcrumb","itemListElement":[{"@type":"ListItem","position":1,"name":"Home","item":"https:\/\/now-news.de\/de\/"},{"@type":"ListItem","position":2,"name":"Baltische Diplomaten wegen der Pr\u00e4sidentschaftswahlen ins russische Au\u00dfenministerium einbestellt"}]},{"@type":"WebSite","@id":"https:\/\/now-news.de\/de\/#website","url":"https:\/\/now-news.de\/de\/","name":"just-now.NEWS Deutschland","description":"Das Portal f\u00fcr unzensierte Nachrichten aus der Welt","publisher":{"@id":"https:\/\/now-news.de\/de\/#organization"},"potentialAction":[{"@type":"SearchAction","target":{"@type":"EntryPoint","urlTemplate":"https:\/\/now-news.de\/de\/?s={search_term_string}"},"query-input":"required name=search_term_string"}],"inLanguage":"de"},{"@type":"Organization","@id":"https:\/\/now-news.de\/de\/#organization","name":"Just Now News","url":"https:\/\/now-news.de\/de\/","logo":{"@type":"ImageObject","inLanguage":"de","@id":"https:\/\/now-news.de\/de\/#\/schema\/logo\/image\/","url":"http:\/\/just-now.news\/de\/wp-content\/uploads\/sites\/3\/2022\/04\/logo500x500.jpg","contentUrl":"http:\/\/just-now.news\/de\/wp-content\/uploads\/sites\/3\/2022\/04\/logo500x500.jpg","width":500,"height":500,"caption":"Just Now News"},"image":{"@id":"https:\/\/now-news.de\/de\/#\/schema\/logo\/image\/"},"sameAs":["https:\/\/www.facebook.com\/wirmachenauf","https:\/\/x.com\/WirMachenAuf_de"]},{"@type":"Person","@id":"https:\/\/now-news.de\/de\/#\/schema\/person\/fb534a4e865501d8b3285208df34a9b5","name":"rtnews","image":{"@type":"ImageObject","inLanguage":"de","@id":"https:\/\/now-news.de\/de\/#\/schema\/person\/image\/","url":"https:\/\/secure.gravatar.com\/avatar\/82aafea7d8127119dd649515f56e2117?s=96&d=mm&r=g","contentUrl":"https:\/\/secure.gravatar.com\/avatar\/82aafea7d8127119dd649515f56e2117?s=96&d=mm&r=g","caption":"rtnews"},"url":"https:\/\/now-news.de\/de\/author\/rnews\/"}]}},"_links":{"self":[{"href":"https:\/\/now-news.de\/de\/wp-json\/wp\/v2\/posts\/54838"}],"collection":[{"href":"https:\/\/now-news.de\/de\/wp-json\/wp\/v2\/posts"}],"about":[{"href":"https:\/\/now-news.de\/de\/wp-json\/wp\/v2\/types\/post"}],"author":[{"embeddable":true,"href":"https:\/\/now-news.de\/de\/wp-json\/wp\/v2\/users\/3"}],"replies":[{"embeddable":true,"href":"https:\/\/now-news.de\/de\/wp-json\/wp\/v2\/comments?post=54838"}],"version-history":[{"count":0,"href":"https:\/\/now-news.de\/de\/wp-json\/wp\/v2\/posts\/54838\/revisions"}],"wp:featuredmedia":[{"embeddable":true,"href":"https:\/\/now-news.de\/de\/wp-json\/wp\/v2\/media\/54839"}],"wp:attachment":[{"href":"https:\/\/now-news.de\/de\/wp-json\/wp\/v2\/media?parent=54838"}],"wp:term":[{"taxonomy":"category","embeddable":true,"href":"https:\/\/now-news.de\/de\/wp-json\/wp\/v2\/categories?post=54838"},{"taxonomy":"post_tag","embeddable":true,"href":"https:\/\/now-news.de\/de\/wp-json\/wp\/v2\/tags?post=54838"}],"curies":[{"name":"wp","href":"https:\/\/api.w.org\/{rel}","templated":true}]}}