{"id":54815,"date":"2024-02-06T18:51:06","date_gmt":"2024-02-06T16:51:06","guid":{"rendered":"https:\/\/just-now.news\/de\/deutschland\/sieht-er-gespenster-biden-erinnert-an-juengstes-treffen-mit-laengst-totem-franzoesischen-staatschef\/"},"modified":"2024-02-06T18:51:06","modified_gmt":"2024-02-06T16:51:06","slug":"sieht-er-gespenster-biden-erinnert-an-juengstes-treffen-mit-laengst-totem-franzoesischen-staatschef","status":"publish","type":"post","link":"https:\/\/now-news.de\/de\/deutschland\/sieht-er-gespenster-biden-erinnert-an-juengstes-treffen-mit-laengst-totem-franzoesischen-staatschef\/","title":{"rendered":"Sieht er Gespenster? Biden erinnert an j\u00fcngstes Treffen mit l\u00e4ngst totem franz\u00f6sischen Staatschef"},"content":{"rendered":"<p><img decoding=\"async\" src=\"http:\/\/just-now.news\/de\/wp-content\/uploads\/sites\/3\/2024\/02\/65c239c348fbef362b7c74ce.jpg\" \/><\/p>\n<div class=\"Text-root Text-type_1 \">\n                Der zu Fauxpas neigende Politiker behauptete irrt\u00fcmlich, er habe nach seiner Wahl zum US-Pr\u00e4sidenten mit Fran\u00e7ois Mitterrand &#8220;aus Deutschland \u2013 ich meine, aus Frankreich&#8221; gesprochen. Das Problem? Mitterrand war 1995 sein letztes Jahr im Amt und starb 1996 \u2013 vor 28 Jahren.\n            <\/div>\n<p><\/p>\n<div class=\"Text-root Text-type_5 ArticleView-text ViewText-root \">\n<p>US-Pr\u00e4sident Joe Biden\u00a0scheint den franz\u00f6sischen Pr\u00e4sidenten Emmanuel Macron mit dem verstorbenen Fran\u00e7ois Mitterrand verwechselt zu haben, als er auf einer Wahlkampfveranstaltung am Sonntag ein G7-Treffen im Jahr 2021 beschrieb.<\/p>\n<\/p>\n<p>In einer Rede in Las Vegas erinnerte Biden daran, wie er kurz nach seiner Wahl zum Pr\u00e4sidenten nach S\u00fcdengland reiste, um sich mit den Regierungschefs von sechs anderen bedeutenden westlichen Volkswirtschaften zu treffen, die er f\u00e4lschlicherweise als &#8220;alle NATO-Chefs&#8221; bezeichnete.<\/p>\n<blockquote>\n<p><em>&#8220;Ich habe mich hingesetzt und gesagt: &#8216;Amerika ist zur\u00fcck.&#8217; Und Mitterrand aus Deutschland \u2013 ich meine, aus Frankreich \u2013 sah mich an und sagte: &#8216;Wissen Sie, was \u2013 warum \u2013 wie lange sind Sie zur\u00fcck?'&#8221;,<\/em>\u00a0<em>sagte Biden.<\/em><\/p>\n<\/blockquote>\n<p>Mitterrand war von 1981 bis 1995 Pr\u00e4sident von Frankreich, und starb ein Jahr nach seinem Ausscheiden aus dem Amt im Alter von 79 Jahren. In der offiziellen Niederschrift des Wei\u00dfen Hauses \u00fcber Bidens Rede wird die Person, mit der er bei der G7-Veranstaltung im Juni 2021 in Cornwall sprach, als Emmanuel Macron identifiziert.<\/p>\n<div class=\"EmbedBlock-root EmbedBlock-twitter\">\n<div class=\"TwitterEmbed\">\n<blockquote class=\"twitter-tweet lazyload\" data-twitter=\"twitter-tweet\" data-media-max-width=\"560\">\n<p lang=\"en\" dir=\"ltr\">WATCH: Joe Biden says he recently met with \u201cMitterand from Germany.\u201dMitterand was the FRENCH President between 1981 and 1995.He also died in 1996. <a rel=\"nofollow noopener\" target=\"_blank\" href=\"https:\/\/t.co\/W0YPBDp69n\">pic.twitter.com\/W0YPBDp69n<\/a><\/p>\n<p>\u2014 Raheem. (@RaheemKassam) <a rel=\"nofollow noopener\" target=\"_blank\" href=\"https:\/\/twitter.com\/RaheemKassam\/status\/1754606767898849444?ref_src=twsrc%5Etfw\">February 5, 2024<\/a><\/p><\/blockquote>\n<\/div>\n<\/div>\n<p>Der amtierende US-Regierungschef ist bekannterma\u00dfen anf\u00e4llig f\u00fcr Fauxpas. Kritiker behaupten, dass solche Vorf\u00e4lle immer h\u00e4ufiger vork\u00e4men, und f\u00fchren sie als Beweis f\u00fcr den geistigen Verfall des 81-j\u00e4hrigen Politikers an. In derselben Rede am Sonntag begr\u00fc\u00dfte er ein 3-Milliarden-Dollar-Projekt f\u00fcr eine Hochgeschwindigkeitsbahn, die Las Vegas mit Los Angeles verbinden soll. Biden sagte, die Menschen w\u00fcrden in der Lage sein, in zwei Stunden von hier nach Las Vegas zu reisen, bevor er sich korrigierte.<\/p>\n<div class=\"EmbedBlock-root EmbedBlock-twitter\">\n<div class=\"TwitterEmbed\">\n<blockquote class=\"twitter-tweet lazyload\" data-twitter=\"twitter-tweet\" data-media-max-width=\"560\">\n<p lang=\"en\" dir=\"ltr\">BIDEN in LAS VEGAS: High-speed rail can take you &#8216;From here to Las Vegas!!!\u2019\ud83e\udd14 <a rel=\"nofollow noopener\" target=\"_blank\" href=\"https:\/\/t.co\/AQ6QDJb6jF\">pic.twitter.com\/AQ6QDJb6jF<\/a><\/p>\n<p>\u2014 The First (@TheFirstonTV) <a rel=\"nofollow noopener\" target=\"_blank\" href=\"https:\/\/twitter.com\/TheFirstonTV\/status\/1754592648331968581?ref_src=twsrc%5Etfw\">February 5, 2024<\/a><\/p><\/blockquote>\n<\/div>\n<\/div>\n<p>Bidens Unterst\u00fctzer haben die Bedenken weitgehend heruntergespielt, w\u00e4hrend sie auf \u00e4hnliche Probleme hinwiesen, die Ex-Pr\u00e4sident Donald Trump, seinen mutma\u00dflichen republikanischen Herausforderer im Rennen um die Pr\u00e4sidentschaft, betreffen. Es gab mehrere F\u00e4lle, in denen sich der 77-J\u00e4hrige w\u00e4hrend seiner Wahlkampfveranstaltungen undeutlich ausdr\u00fcckte, und k\u00fcrzlich schien er seine republikanische Konkurrentin Nikki Haley mit der ehemaligen Sprecherin des Repr\u00e4sentantenhauses, Nancy Pelosi, zu verwechseln.<\/p>\n<div class=\"EmbedBlock-root EmbedBlock-twitter\">\n<div class=\"TwitterEmbed\">\n<blockquote class=\"twitter-tweet lazyload\" data-twitter=\"twitter-tweet\" data-media-max-width=\"560\">\n<p lang=\"en\" dir=\"ltr\">Trump slurs his words while ranting: In Mexico until [unintelligible] <a rel=\"nofollow noopener\" target=\"_blank\" href=\"https:\/\/t.co\/IlGqfQdqMO\">pic.twitter.com\/IlGqfQdqMO<\/a><\/p>\n<p>\u2014 Biden-Harris HQ (@BidenHQ) <a rel=\"nofollow noopener\" target=\"_blank\" href=\"https:\/\/twitter.com\/BidenHQ\/status\/1749234696603484650?ref_src=twsrc%5Etfw\">January 22, 2024<\/a><\/p><\/blockquote>\n<\/div>\n<\/div>\n<p>Obwohl ein erneutes Aufeinandertreffen von Biden und Trump im November als fast unvermeidlich angesehen wird, halten die meisten US-W\u00e4hler dies f\u00fcr ein schlechtes Ergebnis. In einer landesweiten UMass-Amherst-Umfrage Anfang des Monats gaben mehr als die H\u00e4lfte der Befragten an, dass sie sich lieber nicht zwischen den beiden an der Wahlurne entscheiden w\u00fcrden. Unter den Demokraten sagten 37 Prozent, es w\u00e4re besser, wenn Biden keine zweite Amtszeit anstreben w\u00fcrde, w\u00e4hrend 29 Prozent der Republikaner dasselbe \u00fcber Trump sagten.<\/p>\n<p><strong>Mehr zum Thema<\/strong> &#8211;\u00a0<a rel=\"nofollow noopener\" target=\"_blank\" href=\"https:\/\/freeassange.rtde.life\/international\/183457-biden-erzaehlt-dreiste-luege-ueber\/\">Biden erz\u00e4hlt dreiste L\u00fcge \u00fcber &#8220;enthauptete Babys&#8221; \u2013 Wei\u00dfes Haus korrigiert ihn<\/a><\/p>\n<\/div>\n<p><script async src=\"https:\/\/platform.twitter.com\/widgets.js\" charset=\"utf-8\"><\/script><br \/>\n<br \/><br \/>\n<br \/><a href=\"https:\/\/de.rt.com\/nordamerika\/195298-sieht-er-gespenster-biden-erinnert\/\">Source link <\/a><\/p>\n","protected":false},"excerpt":{"rendered":"<p>Der zu Fauxpas neigende Politiker behauptete irrt\u00fcmlich, er habe nach seiner Wahl zum US-Pr\u00e4sidenten mit Fran\u00e7ois Mitterrand &#8220;aus Deutschland \u2013 ich meine, aus Frankreich&#8221; gesprochen. Das Problem? Mitterrand war 1995 sein letztes Jahr im Amt und starb 1996 \u2013 vor 28 Jahren. US-Pr\u00e4sident Joe Biden\u00a0scheint den franz\u00f6sischen Pr\u00e4sidenten Emmanuel Macron mit dem verstorbenen Fran\u00e7ois Mitterrand [&hellip;]<\/p>\n","protected":false},"author":3,"featured_media":54816,"comment_status":"open","ping_status":"open","sticky":false,"template":"","format":"standard","meta":{"_yoast_indexnow_last_ping":["1707238288"],"wp_automatic_camp":["217"],"ca6c7741079e89e5ad1df58d9087faab":["Sieht er Gespenster? Biden erinnert an j\u00fcngstes Treffen mit l\u00e4ngst totem franz\u00f6sischen Staatschef"],"original_link":["https:\/\/de.rt.com\/nordamerika\/195298-sieht-er-gespenster-biden-erinnert\/"],"_thumbnail_id":["54816"],"jnews_social_counter_last_update":["1777225307"],"_wptgpro_p2tg_sent2tg":["a:1:{i:23737;s:19:\"2024-02-06 18:52:31\";}"]},"categories":[19,23],"tags":[1348,23552,18875,53251,35214,36132,419,6809,7782,53252,354],"yoast_head":"<!-- This site is optimized with the Yoast SEO Premium plugin v22.7 (Yoast SEO v22.7) - https:\/\/yoast.com\/wordpress\/plugins\/seo\/ -->\n<title>Sieht er Gespenster? Biden erinnert an j\u00fcngstes Treffen mit l\u00e4ngst totem franz\u00f6sischen Staatschef - just-now.NEWS Deutschland<\/title>\n<meta name=\"robots\" content=\"index, follow, max-snippet:-1, max-image-preview:large, max-video-preview:-1\" \/>\n<link rel=\"canonical\" href=\"https:\/\/now-news.de\/de\/deutschland\/sieht-er-gespenster-biden-erinnert-an-juengstes-treffen-mit-laengst-totem-franzoesischen-staatschef\/\" \/>\n<meta property=\"og:locale\" content=\"de_DE\" \/>\n<meta property=\"og:type\" content=\"article\" \/>\n<meta property=\"og:title\" content=\"Sieht er Gespenster? Biden erinnert an j\u00fcngstes Treffen mit l\u00e4ngst totem franz\u00f6sischen Staatschef\" \/>\n<meta property=\"og:description\" content=\"Der zu Fauxpas neigende Politiker behauptete irrt\u00fcmlich, er habe nach seiner Wahl zum US-Pr\u00e4sidenten mit Fran\u00e7ois Mitterrand &#8220;aus Deutschland \u2013 ich meine, aus Frankreich&#8221; gesprochen. Das Problem? Mitterrand war 1995 sein letztes Jahr im Amt und starb 1996 \u2013 vor 28 Jahren. US-Pr\u00e4sident Joe Biden\u00a0scheint den franz\u00f6sischen Pr\u00e4sidenten Emmanuel Macron mit dem verstorbenen Fran\u00e7ois Mitterrand [&hellip;]\" \/>\n<meta property=\"og:url\" content=\"https:\/\/now-news.de\/de\/deutschland\/sieht-er-gespenster-biden-erinnert-an-juengstes-treffen-mit-laengst-totem-franzoesischen-staatschef\/\" \/>\n<meta property=\"og:site_name\" content=\"just-now.NEWS Deutschland\" \/>\n<meta property=\"article:publisher\" content=\"https:\/\/www.facebook.com\/wirmachenauf\" \/>\n<meta property=\"article:published_time\" content=\"2024-02-06T16:51:06+00:00\" \/>\n<meta property=\"og:image\" content=\"https:\/\/now-news.de\/de\/wp-content\/uploads\/sites\/3\/2024\/02\/Sieht-er-Gespenster-Biden-erinnert-an-juengstes-Treffen-mit-laengst.jpg\" \/>\n\t<meta property=\"og:image:width\" content=\"460\" \/>\n\t<meta property=\"og:image:height\" content=\"259\" \/>\n\t<meta property=\"og:image:type\" content=\"image\/jpeg\" \/>\n<meta name=\"author\" content=\"rtnews\" \/>\n<meta name=\"twitter:card\" content=\"summary_large_image\" \/>\n<meta name=\"twitter:creator\" content=\"@WirMachenAuf_de\" \/>\n<meta name=\"twitter:site\" content=\"@WirMachenAuf_de\" \/>\n<meta name=\"twitter:label1\" content=\"Verfasst von\" \/>\n\t<meta name=\"twitter:data1\" content=\"rtnews\" \/>\n\t<meta name=\"twitter:label2\" content=\"Gesch\u00e4tzte Lesezeit\" \/>\n\t<meta name=\"twitter:data2\" content=\"3\u00a0Minuten\" \/>\n<script type=\"application\/ld+json\" class=\"yoast-schema-graph\">{\"@context\":\"https:\/\/schema.org\",\"@graph\":[{\"@type\":\"Article\",\"@id\":\"https:\/\/now-news.de\/de\/deutschland\/sieht-er-gespenster-biden-erinnert-an-juengstes-treffen-mit-laengst-totem-franzoesischen-staatschef\/#article\",\"isPartOf\":{\"@id\":\"https:\/\/now-news.de\/de\/deutschland\/sieht-er-gespenster-biden-erinnert-an-juengstes-treffen-mit-laengst-totem-franzoesischen-staatschef\/\"},\"author\":{\"name\":\"rtnews\",\"@id\":\"https:\/\/now-news.de\/de\/#\/schema\/person\/fb534a4e865501d8b3285208df34a9b5\"},\"headline\":\"Sieht er Gespenster? Biden erinnert an j\u00fcngstes Treffen mit l\u00e4ngst totem franz\u00f6sischen Staatschef\",\"datePublished\":\"2024-02-06T16:51:06+00:00\",\"dateModified\":\"2024-02-06T16:51:06+00:00\",\"mainEntityOfPage\":{\"@id\":\"https:\/\/now-news.de\/de\/deutschland\/sieht-er-gespenster-biden-erinnert-an-juengstes-treffen-mit-laengst-totem-franzoesischen-staatschef\/\"},\"wordCount\":551,\"commentCount\":0,\"publisher\":{\"@id\":\"https:\/\/now-news.de\/de\/#organization\"},\"image\":{\"@id\":\"https:\/\/now-news.de\/de\/deutschland\/sieht-er-gespenster-biden-erinnert-an-juengstes-treffen-mit-laengst-totem-franzoesischen-staatschef\/#primaryimage\"},\"thumbnailUrl\":\"https:\/\/now-news.de\/de\/wp-content\/uploads\/sites\/3\/2024\/02\/Sieht-er-Gespenster-Biden-erinnert-an-juengstes-Treffen-mit-laengst.jpg\",\"keywords\":[\"Biden\",\"ERINNERT\",\"franz\u00f6sischen\",\"Gespenster\",\"j\u00fcngstes\",\"l\u00e4ngst\",\"mit\",\"sieht\",\"Staatschef\",\"totem\",\"Treffen\"],\"articleSection\":[\"Deutschland\",\"Russland\"],\"inLanguage\":\"de\",\"potentialAction\":[{\"@type\":\"CommentAction\",\"name\":\"Comment\",\"target\":[\"https:\/\/now-news.de\/de\/deutschland\/sieht-er-gespenster-biden-erinnert-an-juengstes-treffen-mit-laengst-totem-franzoesischen-staatschef\/#respond\"]}]},{\"@type\":\"WebPage\",\"@id\":\"https:\/\/now-news.de\/de\/deutschland\/sieht-er-gespenster-biden-erinnert-an-juengstes-treffen-mit-laengst-totem-franzoesischen-staatschef\/\",\"url\":\"https:\/\/now-news.de\/de\/deutschland\/sieht-er-gespenster-biden-erinnert-an-juengstes-treffen-mit-laengst-totem-franzoesischen-staatschef\/\",\"name\":\"Sieht er Gespenster? Biden erinnert an j\u00fcngstes Treffen mit l\u00e4ngst totem franz\u00f6sischen Staatschef - just-now.NEWS Deutschland\",\"isPartOf\":{\"@id\":\"https:\/\/now-news.de\/de\/#website\"},\"primaryImageOfPage\":{\"@id\":\"https:\/\/now-news.de\/de\/deutschland\/sieht-er-gespenster-biden-erinnert-an-juengstes-treffen-mit-laengst-totem-franzoesischen-staatschef\/#primaryimage\"},\"image\":{\"@id\":\"https:\/\/now-news.de\/de\/deutschland\/sieht-er-gespenster-biden-erinnert-an-juengstes-treffen-mit-laengst-totem-franzoesischen-staatschef\/#primaryimage\"},\"thumbnailUrl\":\"https:\/\/now-news.de\/de\/wp-content\/uploads\/sites\/3\/2024\/02\/Sieht-er-Gespenster-Biden-erinnert-an-juengstes-Treffen-mit-laengst.jpg\",\"datePublished\":\"2024-02-06T16:51:06+00:00\",\"dateModified\":\"2024-02-06T16:51:06+00:00\",\"breadcrumb\":{\"@id\":\"https:\/\/now-news.de\/de\/deutschland\/sieht-er-gespenster-biden-erinnert-an-juengstes-treffen-mit-laengst-totem-franzoesischen-staatschef\/#breadcrumb\"},\"inLanguage\":\"de\",\"potentialAction\":[{\"@type\":\"ReadAction\",\"target\":[\"https:\/\/now-news.de\/de\/deutschland\/sieht-er-gespenster-biden-erinnert-an-juengstes-treffen-mit-laengst-totem-franzoesischen-staatschef\/\"]}]},{\"@type\":\"ImageObject\",\"inLanguage\":\"de\",\"@id\":\"https:\/\/now-news.de\/de\/deutschland\/sieht-er-gespenster-biden-erinnert-an-juengstes-treffen-mit-laengst-totem-franzoesischen-staatschef\/#primaryimage\",\"url\":\"https:\/\/now-news.de\/de\/wp-content\/uploads\/sites\/3\/2024\/02\/Sieht-er-Gespenster-Biden-erinnert-an-juengstes-Treffen-mit-laengst.jpg\",\"contentUrl\":\"https:\/\/now-news.de\/de\/wp-content\/uploads\/sites\/3\/2024\/02\/Sieht-er-Gespenster-Biden-erinnert-an-juengstes-Treffen-mit-laengst.jpg\",\"width\":460,\"height\":259,\"caption\":\"Sieht er Gespenster? Biden erinnert an j\u00fcngstes Treffen mit l\u00e4ngst totem franz\u00f6sischen Staatschef\"},{\"@type\":\"BreadcrumbList\",\"@id\":\"https:\/\/now-news.de\/de\/deutschland\/sieht-er-gespenster-biden-erinnert-an-juengstes-treffen-mit-laengst-totem-franzoesischen-staatschef\/#breadcrumb\",\"itemListElement\":[{\"@type\":\"ListItem\",\"position\":1,\"name\":\"Home\",\"item\":\"https:\/\/now-news.de\/de\/\"},{\"@type\":\"ListItem\",\"position\":2,\"name\":\"Sieht er Gespenster? Biden erinnert an j\u00fcngstes Treffen mit l\u00e4ngst totem franz\u00f6sischen Staatschef\"}]},{\"@type\":\"WebSite\",\"@id\":\"https:\/\/now-news.de\/de\/#website\",\"url\":\"https:\/\/now-news.de\/de\/\",\"name\":\"just-now.NEWS Deutschland\",\"description\":\"Das Portal f\u00fcr unzensierte Nachrichten aus der Welt\",\"publisher\":{\"@id\":\"https:\/\/now-news.de\/de\/#organization\"},\"potentialAction\":[{\"@type\":\"SearchAction\",\"target\":{\"@type\":\"EntryPoint\",\"urlTemplate\":\"https:\/\/now-news.de\/de\/?s={search_term_string}\"},\"query-input\":\"required name=search_term_string\"}],\"inLanguage\":\"de\"},{\"@type\":\"Organization\",\"@id\":\"https:\/\/now-news.de\/de\/#organization\",\"name\":\"Just Now News\",\"url\":\"https:\/\/now-news.de\/de\/\",\"logo\":{\"@type\":\"ImageObject\",\"inLanguage\":\"de\",\"@id\":\"https:\/\/now-news.de\/de\/#\/schema\/logo\/image\/\",\"url\":\"http:\/\/just-now.news\/de\/wp-content\/uploads\/sites\/3\/2022\/04\/logo500x500.jpg\",\"contentUrl\":\"http:\/\/just-now.news\/de\/wp-content\/uploads\/sites\/3\/2022\/04\/logo500x500.jpg\",\"width\":500,\"height\":500,\"caption\":\"Just Now News\"},\"image\":{\"@id\":\"https:\/\/now-news.de\/de\/#\/schema\/logo\/image\/\"},\"sameAs\":[\"https:\/\/www.facebook.com\/wirmachenauf\",\"https:\/\/x.com\/WirMachenAuf_de\"]},{\"@type\":\"Person\",\"@id\":\"https:\/\/now-news.de\/de\/#\/schema\/person\/fb534a4e865501d8b3285208df34a9b5\",\"name\":\"rtnews\",\"image\":{\"@type\":\"ImageObject\",\"inLanguage\":\"de\",\"@id\":\"https:\/\/now-news.de\/de\/#\/schema\/person\/image\/\",\"url\":\"https:\/\/secure.gravatar.com\/avatar\/82aafea7d8127119dd649515f56e2117?s=96&d=mm&r=g\",\"contentUrl\":\"https:\/\/secure.gravatar.com\/avatar\/82aafea7d8127119dd649515f56e2117?s=96&d=mm&r=g\",\"caption\":\"rtnews\"},\"url\":\"https:\/\/now-news.de\/de\/author\/rnews\/\"}]}<\/script>\n<!-- \/ Yoast SEO Premium plugin. -->","yoast_head_json":{"title":"Sieht er Gespenster? Biden erinnert an j\u00fcngstes Treffen mit l\u00e4ngst totem franz\u00f6sischen Staatschef - just-now.NEWS Deutschland","robots":{"index":"index","follow":"follow","max-snippet":"max-snippet:-1","max-image-preview":"max-image-preview:large","max-video-preview":"max-video-preview:-1"},"canonical":"https:\/\/now-news.de\/de\/deutschland\/sieht-er-gespenster-biden-erinnert-an-juengstes-treffen-mit-laengst-totem-franzoesischen-staatschef\/","og_locale":"de_DE","og_type":"article","og_title":"Sieht er Gespenster? Biden erinnert an j\u00fcngstes Treffen mit l\u00e4ngst totem franz\u00f6sischen Staatschef","og_description":"Der zu Fauxpas neigende Politiker behauptete irrt\u00fcmlich, er habe nach seiner Wahl zum US-Pr\u00e4sidenten mit Fran\u00e7ois Mitterrand &#8220;aus Deutschland \u2013 ich meine, aus Frankreich&#8221; gesprochen. Das Problem? Mitterrand war 1995 sein letztes Jahr im Amt und starb 1996 \u2013 vor 28 Jahren. US-Pr\u00e4sident Joe Biden\u00a0scheint den franz\u00f6sischen Pr\u00e4sidenten Emmanuel Macron mit dem verstorbenen Fran\u00e7ois Mitterrand [&hellip;]","og_url":"https:\/\/now-news.de\/de\/deutschland\/sieht-er-gespenster-biden-erinnert-an-juengstes-treffen-mit-laengst-totem-franzoesischen-staatschef\/","og_site_name":"just-now.NEWS Deutschland","article_publisher":"https:\/\/www.facebook.com\/wirmachenauf","article_published_time":"2024-02-06T16:51:06+00:00","og_image":[{"width":460,"height":259,"url":"https:\/\/now-news.de\/de\/wp-content\/uploads\/sites\/3\/2024\/02\/Sieht-er-Gespenster-Biden-erinnert-an-juengstes-Treffen-mit-laengst.jpg","type":"image\/jpeg"}],"author":"rtnews","twitter_card":"summary_large_image","twitter_creator":"@WirMachenAuf_de","twitter_site":"@WirMachenAuf_de","twitter_misc":{"Verfasst von":"rtnews","Gesch\u00e4tzte Lesezeit":"3\u00a0Minuten"},"schema":{"@context":"https:\/\/schema.org","@graph":[{"@type":"Article","@id":"https:\/\/now-news.de\/de\/deutschland\/sieht-er-gespenster-biden-erinnert-an-juengstes-treffen-mit-laengst-totem-franzoesischen-staatschef\/#article","isPartOf":{"@id":"https:\/\/now-news.de\/de\/deutschland\/sieht-er-gespenster-biden-erinnert-an-juengstes-treffen-mit-laengst-totem-franzoesischen-staatschef\/"},"author":{"name":"rtnews","@id":"https:\/\/now-news.de\/de\/#\/schema\/person\/fb534a4e865501d8b3285208df34a9b5"},"headline":"Sieht er Gespenster? Biden erinnert an j\u00fcngstes Treffen mit l\u00e4ngst totem franz\u00f6sischen Staatschef","datePublished":"2024-02-06T16:51:06+00:00","dateModified":"2024-02-06T16:51:06+00:00","mainEntityOfPage":{"@id":"https:\/\/now-news.de\/de\/deutschland\/sieht-er-gespenster-biden-erinnert-an-juengstes-treffen-mit-laengst-totem-franzoesischen-staatschef\/"},"wordCount":551,"commentCount":0,"publisher":{"@id":"https:\/\/now-news.de\/de\/#organization"},"image":{"@id":"https:\/\/now-news.de\/de\/deutschland\/sieht-er-gespenster-biden-erinnert-an-juengstes-treffen-mit-laengst-totem-franzoesischen-staatschef\/#primaryimage"},"thumbnailUrl":"https:\/\/now-news.de\/de\/wp-content\/uploads\/sites\/3\/2024\/02\/Sieht-er-Gespenster-Biden-erinnert-an-juengstes-Treffen-mit-laengst.jpg","keywords":["Biden","ERINNERT","franz\u00f6sischen","Gespenster","j\u00fcngstes","l\u00e4ngst","mit","sieht","Staatschef","totem","Treffen"],"articleSection":["Deutschland","Russland"],"inLanguage":"de","potentialAction":[{"@type":"CommentAction","name":"Comment","target":["https:\/\/now-news.de\/de\/deutschland\/sieht-er-gespenster-biden-erinnert-an-juengstes-treffen-mit-laengst-totem-franzoesischen-staatschef\/#respond"]}]},{"@type":"WebPage","@id":"https:\/\/now-news.de\/de\/deutschland\/sieht-er-gespenster-biden-erinnert-an-juengstes-treffen-mit-laengst-totem-franzoesischen-staatschef\/","url":"https:\/\/now-news.de\/de\/deutschland\/sieht-er-gespenster-biden-erinnert-an-juengstes-treffen-mit-laengst-totem-franzoesischen-staatschef\/","name":"Sieht er Gespenster? Biden erinnert an j\u00fcngstes Treffen mit l\u00e4ngst totem franz\u00f6sischen Staatschef - just-now.NEWS Deutschland","isPartOf":{"@id":"https:\/\/now-news.de\/de\/#website"},"primaryImageOfPage":{"@id":"https:\/\/now-news.de\/de\/deutschland\/sieht-er-gespenster-biden-erinnert-an-juengstes-treffen-mit-laengst-totem-franzoesischen-staatschef\/#primaryimage"},"image":{"@id":"https:\/\/now-news.de\/de\/deutschland\/sieht-er-gespenster-biden-erinnert-an-juengstes-treffen-mit-laengst-totem-franzoesischen-staatschef\/#primaryimage"},"thumbnailUrl":"https:\/\/now-news.de\/de\/wp-content\/uploads\/sites\/3\/2024\/02\/Sieht-er-Gespenster-Biden-erinnert-an-juengstes-Treffen-mit-laengst.jpg","datePublished":"2024-02-06T16:51:06+00:00","dateModified":"2024-02-06T16:51:06+00:00","breadcrumb":{"@id":"https:\/\/now-news.de\/de\/deutschland\/sieht-er-gespenster-biden-erinnert-an-juengstes-treffen-mit-laengst-totem-franzoesischen-staatschef\/#breadcrumb"},"inLanguage":"de","potentialAction":[{"@type":"ReadAction","target":["https:\/\/now-news.de\/de\/deutschland\/sieht-er-gespenster-biden-erinnert-an-juengstes-treffen-mit-laengst-totem-franzoesischen-staatschef\/"]}]},{"@type":"ImageObject","inLanguage":"de","@id":"https:\/\/now-news.de\/de\/deutschland\/sieht-er-gespenster-biden-erinnert-an-juengstes-treffen-mit-laengst-totem-franzoesischen-staatschef\/#primaryimage","url":"https:\/\/now-news.de\/de\/wp-content\/uploads\/sites\/3\/2024\/02\/Sieht-er-Gespenster-Biden-erinnert-an-juengstes-Treffen-mit-laengst.jpg","contentUrl":"https:\/\/now-news.de\/de\/wp-content\/uploads\/sites\/3\/2024\/02\/Sieht-er-Gespenster-Biden-erinnert-an-juengstes-Treffen-mit-laengst.jpg","width":460,"height":259,"caption":"Sieht er Gespenster? Biden erinnert an j\u00fcngstes Treffen mit l\u00e4ngst totem franz\u00f6sischen Staatschef"},{"@type":"BreadcrumbList","@id":"https:\/\/now-news.de\/de\/deutschland\/sieht-er-gespenster-biden-erinnert-an-juengstes-treffen-mit-laengst-totem-franzoesischen-staatschef\/#breadcrumb","itemListElement":[{"@type":"ListItem","position":1,"name":"Home","item":"https:\/\/now-news.de\/de\/"},{"@type":"ListItem","position":2,"name":"Sieht er Gespenster? Biden erinnert an j\u00fcngstes Treffen mit l\u00e4ngst totem franz\u00f6sischen Staatschef"}]},{"@type":"WebSite","@id":"https:\/\/now-news.de\/de\/#website","url":"https:\/\/now-news.de\/de\/","name":"just-now.NEWS Deutschland","description":"Das Portal f\u00fcr unzensierte Nachrichten aus der Welt","publisher":{"@id":"https:\/\/now-news.de\/de\/#organization"},"potentialAction":[{"@type":"SearchAction","target":{"@type":"EntryPoint","urlTemplate":"https:\/\/now-news.de\/de\/?s={search_term_string}"},"query-input":"required name=search_term_string"}],"inLanguage":"de"},{"@type":"Organization","@id":"https:\/\/now-news.de\/de\/#organization","name":"Just Now News","url":"https:\/\/now-news.de\/de\/","logo":{"@type":"ImageObject","inLanguage":"de","@id":"https:\/\/now-news.de\/de\/#\/schema\/logo\/image\/","url":"http:\/\/just-now.news\/de\/wp-content\/uploads\/sites\/3\/2022\/04\/logo500x500.jpg","contentUrl":"http:\/\/just-now.news\/de\/wp-content\/uploads\/sites\/3\/2022\/04\/logo500x500.jpg","width":500,"height":500,"caption":"Just Now News"},"image":{"@id":"https:\/\/now-news.de\/de\/#\/schema\/logo\/image\/"},"sameAs":["https:\/\/www.facebook.com\/wirmachenauf","https:\/\/x.com\/WirMachenAuf_de"]},{"@type":"Person","@id":"https:\/\/now-news.de\/de\/#\/schema\/person\/fb534a4e865501d8b3285208df34a9b5","name":"rtnews","image":{"@type":"ImageObject","inLanguage":"de","@id":"https:\/\/now-news.de\/de\/#\/schema\/person\/image\/","url":"https:\/\/secure.gravatar.com\/avatar\/82aafea7d8127119dd649515f56e2117?s=96&d=mm&r=g","contentUrl":"https:\/\/secure.gravatar.com\/avatar\/82aafea7d8127119dd649515f56e2117?s=96&d=mm&r=g","caption":"rtnews"},"url":"https:\/\/now-news.de\/de\/author\/rnews\/"}]}},"_links":{"self":[{"href":"https:\/\/now-news.de\/de\/wp-json\/wp\/v2\/posts\/54815"}],"collection":[{"href":"https:\/\/now-news.de\/de\/wp-json\/wp\/v2\/posts"}],"about":[{"href":"https:\/\/now-news.de\/de\/wp-json\/wp\/v2\/types\/post"}],"author":[{"embeddable":true,"href":"https:\/\/now-news.de\/de\/wp-json\/wp\/v2\/users\/3"}],"replies":[{"embeddable":true,"href":"https:\/\/now-news.de\/de\/wp-json\/wp\/v2\/comments?post=54815"}],"version-history":[{"count":0,"href":"https:\/\/now-news.de\/de\/wp-json\/wp\/v2\/posts\/54815\/revisions"}],"wp:featuredmedia":[{"embeddable":true,"href":"https:\/\/now-news.de\/de\/wp-json\/wp\/v2\/media\/54816"}],"wp:attachment":[{"href":"https:\/\/now-news.de\/de\/wp-json\/wp\/v2\/media?parent=54815"}],"wp:term":[{"taxonomy":"category","embeddable":true,"href":"https:\/\/now-news.de\/de\/wp-json\/wp\/v2\/categories?post=54815"},{"taxonomy":"post_tag","embeddable":true,"href":"https:\/\/now-news.de\/de\/wp-json\/wp\/v2\/tags?post=54815"}],"curies":[{"name":"wp","href":"https:\/\/api.w.org\/{rel}","templated":true}]}}