{"id":54741,"date":"2024-02-05T19:20:38","date_gmt":"2024-02-05T17:20:38","guid":{"rendered":"https:\/\/just-now.news\/de\/deutschland\/dieser-schuss-geht-nach-hinten-los-die-drohungen-der-eu-gegen-ungarn\/"},"modified":"2024-02-05T19:20:38","modified_gmt":"2024-02-05T17:20:38","slug":"dieser-schuss-geht-nach-hinten-los-die-drohungen-der-eu-gegen-ungarn","status":"publish","type":"post","link":"https:\/\/now-news.de\/de\/deutschland\/dieser-schuss-geht-nach-hinten-los-die-drohungen-der-eu-gegen-ungarn\/","title":{"rendered":"Dieser Schuss geht nach hinten los: Die Drohungen der EU gegen Ungarn"},"content":{"rendered":"<p><img decoding=\"async\" src=\"http:\/\/just-now.news\/de\/wp-content\/uploads\/sites\/3\/2024\/02\/65c0e09b48fbef32fe16f511.jpg\" \/><\/p>\n<div class=\"Text-root Text-type_1 \">\n                Die Forderungen von Viktor Orb\u00e1n waren berechtigt. Es w\u00e4re schwierig, eine Person zu finden, die nicht damit einverstanden w\u00e4re, mit der Notwendigkeit einer Rechenschaftspflicht und einer Verhinderung, dass ungarische Beitragszahlungen f\u00fcr andere Zwecke umgeleitet werden.\n            <\/div>\n<p><\/p>\n<div class=\"Text-root Text-type_5 ArticleView-text ViewText-root \">\n<p><em>Von Andrew Korybko<\/em><\/p>\n<p>Die britische <em>Financial Times<\/em> berichtete in den Tagen vor dem EU-Gipfel in der vergangenen Woche, dass die Europ\u00e4ische Union plante, Ungarns Wirtschaft zu sabotieren, sollte Premierminister Orban nicht die 50 Milliarden Euro an F\u00f6rdermitteln f\u00fcr die Ukraine genehmigen, die in den folgenden vier Jahren ausgesch\u00fcttet werden sollen, nachdem Ungarn eine entsprechende Einigung im Dezember vergangenen Jahres verhindert hat. Letztendlich stimmte Orb\u00e1n vergangene Woche dem Vorschlag der Europ\u00e4ischen Kommission zu, unter der Bedingung, dass die blockierten Beitragszahlungen Ungarns nicht in die Ukraine umgeleitet werden und dass ein Kontrollmechanismus eingef\u00fchrt wird, der letztlich kein Vetorecht vorsieht.<\/p>\n<p>Das ist eigentlich alles, was Orb\u00e1n von Anfang an wollte. Allerdings hat sich die EU beim letzten Gipfeltreffen der Staats- und Regierungschefs im vergangenen Dezember geweigert, auf die Forderung Ungarns einzugehen, weshalb Ungarn den Vorschlag ablehnte und somit blockierte. Aus diesem Grund feierte Orb\u00e1n auf Twitter den Durchbruch in den Verhandlungen, indem er\u00a0<a rel=\"nofollow noopener\" target=\"_blank\" href=\"https:\/\/x.com\/Infrarot_Medien\/status\/1753710906167685450?s=20\">erkl\u00e4rte<\/a>: &#8220;Mission erf\u00fcllt. Ungarns Mittel werden nicht in der Ukraine enden und wir haben einen Kontrollmechanismus etabliert. Unsere Position zum Krieg in der Ukraine bleibt unver\u00e4ndert. Wir brauchen einen Waffenstillstand und Friedensgespr\u00e4che.&#8221;<\/p>\n<p>Aufgrund weit verbreiteter Fehlinformationen in den Medien \u00fcber den Zweck dieser Mittel, stellte der ungarische Staatschef au\u00dferdem\u00a0<a rel=\"nofollow noopener\" target=\"_blank\" href=\"https:\/\/tass.com\/world\/1740763\">klar<\/a>, dass diese offiziell dazu dienen sollen, der Ukraine bei der Deckung ihres zivilen Haushaltsbedarfs zu helfen, und nicht f\u00fcr die Beschaffung von zus\u00e4tzlicher milit\u00e4rischer Ausr\u00fcstung, obwohl zwangsl\u00e4ufig einiges daf\u00fcr abgezweigt werden wird. Deshalb konnte Orb\u00e1n auch bekr\u00e4ftigen, dass sich die Position seines Landes gegen\u00fcber dem Ukraine-Konflikt nicht ge\u00e4ndert hat, da Ungarn nicht f\u00fcr die Fortsetzung dieses Konflikts einsteht, sondern lediglich daf\u00fcr, zu verhindern, dass der ukrainische Staat zusammenbricht.<\/p>\n<p>Die Forderungen von Viktor Orb\u00e1n waren berechtigt. Es w\u00e4re schwierig, eine Person zu finden, die nicht damit einverstanden w\u00e4re, mit der Notwendigkeit einer Rechenschaftspflicht und einer Verhinderung, dass ungarische Beitragszahlungen f\u00fcr andere Zwecke umgeleitet werden. Dennoch war die EU derma\u00dfen dar\u00fcber ver\u00e4rgert, dass man sich im vergangenen Dezember kollektiv den Forderungen Ungarns widersetzte, und sich anschickte, die vorgeschlagene Finanzierung ohne die ungarischen Bedingungen zu genehmigen. Die EU reagierte darauf in der Folge in harscher Weise und drohte Berichten zufolge damit, die ungarische Wirtschaft zu sabotieren, falls Orb\u00e1n diesen Entscheidungsprozess ein zweites Mal behindern sollte.<\/p>\n<p>Offensichtlich waren auf dem letzten Gipfel so viele rationale F\u00fchrungspers\u00f6nlichkeiten vertreten, dass die beiden Parteien Ungarn und EU diesbez\u00fcglich einen Kompromiss erzielen konnten, der Orb\u00e1n alles gab, was er urspr\u00fcnglich wollte. Es kann nur spekuliert werden, wer diese Leute waren \u2013 vielleicht war die italienische Ministerpr\u00e4sidentin Meloni unter ihnen \u2013, aber sie f\u00f6rderten eine Vereinbarung im guten Glauben zwischen Budapest und Br\u00fcssel, ohne dass die Europ\u00e4ische Union den Rubikon h\u00e4tte \u00fcberschreiten m\u00fcssen, indem sie die Wirtschaft eines Mitglieds derselben Union aus rein politischen Gr\u00fcnden, und im Interesse eines Nichtmitglieds, sabotiert h\u00e4tte.<\/p>\n<p>Angesichts des Endergebnisses des j\u00fcngsten EU-Gipfels war die Ver\u00f6ffentlichung dieser Drohungen in der <em>Financial Times<\/em> v\u00f6llig fehl am Platz und im Grunde genommen kontraproduktiv. Damit wurde die Soft Power der Europ\u00e4ischen Union zus\u00e4tzlich untergraben, indem der Artikel der weit verbreiteten Kritik, dass die Union im vergangenen Jahrzehnt ins Totalit\u00e4re abgeglitten ist, zus\u00e4tzliche Glaubw\u00fcrdigkeit verlieh. Diese Konsequenz war jedoch vorhersehbar, sodass es unklar bleibt, warum die Entscheidung getroffen wurde, den Plan der EU gegen Ungarn an die Presse weiterzugeben. Ein m\u00f6glicher Grund daf\u00fcr k\u00f6nnte sein, dass dies mit der kurzsichtigen Absicht geschah, damit lediglich eine bestimmte Zielgruppe anzusprechen.<\/p>\n<p>Insbesondere h\u00e4tten die Eurokraten damit rechnen k\u00f6nnen, dass nach Vorgespr\u00e4chen mit anderen Staats- und Regierungschefs, von Anfang an eine Einigung erzielt werden wird, von denen einige vermutlich ihre Absicht ge\u00e4u\u00dfert h\u00e4tten, einen pragmatischen Kompromiss jener Art zu vermitteln, wie Orb\u00e1n es sich vorgestellt hatte. Als sie dieses Ergebnis vorhersahen und sich an den Medienrummel nach dem letzten Gipfel im vergangenen Dezember erinnerten, wollten sie vielleicht pr\u00e4ventiv das Narrativ formulieren, dass Orb\u00e1n kapituliert und deshalb seine Interessen verraten hat.<\/p>\n<p>Die Einzigen, die f\u00fcr diese Wendung empf\u00e4nglich w\u00e4ren, sind eingefleischte EU-Bef\u00fcrworter, die Orb\u00e1n aus ideologischen Gr\u00fcnden hassen. Es besteht auch die M\u00f6glichkeit, dass dadurch einige sogenannte &#8220;Euroskeptiker&#8221; sich von Orb\u00e1n abgewendet haben, nachdem sie auf dieses falsche Narrativ der Financial Times hereingefallen sind. Die\u00a0<em>New York Times<\/em>\u00a0deutete dies in einem direkt nach dem Gipfel ver\u00f6ffentlichten Artikel an, in dem sie schrieb: &#8220;Das wahre Ziel von Orb\u00e1n besteht darin, eine populistische und basisorientierte Rebellion gegen die liberale Elite Europas anzuf\u00fchren, obwohl diese Kampagne Anzeichen daf\u00fcr zeigt, dass sie ins Stocken ger\u00e4t.&#8221;<\/p>\n<p>Die pathologische Angst davor, dass Orb\u00e1n mehr Herzen und K\u00f6pfe innerhalb der gesamten Union gewinnen kann, was mit der Zeit zu weiteren demokratisch motivierten populistischen Aufst\u00e4nden f\u00fchren k\u00f6nnte, hat sie m\u00f6glicherweise blind f\u00fcr die Kontraproduktivit\u00e4t gemacht, die Drohung auszusprechen, die ungarische Wirtschaft zu sabotieren, falls es zu keiner Einigung kommt. Auf diese Weise hat die EU m\u00f6glicherweise die Moral einiger Anh\u00e4nger von Orb\u00e1n geschw\u00e4cht und m\u00f6glicherweise eine statistisch unbedeutende Anzahl seiner Anh\u00e4nger in die Irre f\u00fchren k\u00f6nnen, allerdings um den Preis, sich selbst einen irreparablen Rufschaden zugef\u00fcgt zu haben.<\/p>\n<p>Es ist keine &#8220;Verschw\u00f6rungstheorie&#8221; mehr, zu behaupten, dass die EU demokratisch gew\u00e4hlte konservativ-nationalistische Regierungen durch hybride Kriegsmittel zu untergraben versucht, nachdem ein f\u00fchrendes liberal-globalistisches Medium wie die Financial Times unter Berufung auf Insider-Quellen berichtet hat, dass dies genau das sei, was geplant war. Der Leser sollte bedenken, dass es mittlerweile wahrscheinlich ist, dass es von Anfang an zu einem Kompromiss kam, da Orb\u00e1n letztendlich erreichte, was er erreichen wollte, und dass dieses ganze mediale Komplott somit aus rein politischen Gr\u00fcnden erfolgte.<\/p>\n<p>Aber Orb\u00e1n lie\u00df sich davon nicht beeindrucken, da er bereits Wind von dieser &#8220;Verschw\u00f6rung&#8221; bekommen hatte und deren allgemeine Ziele seit Jahren kennt. Au\u00dferdem entsprach der daraus resultierende Kompromiss seinen zuvor dargelegten nationalen Interessen, was der Behauptung noch mehr Gewicht verleiht, dass das Vorgehen der EU auf propagandistischen Motiven beruhte.\u00a0<\/p>\n<p>F\u00fcr die Europ\u00e4ische Union ging der Schuss jedoch nach hinten los. Niemand wird vergessen, was Ungarn angedroht wurde, was dazu f\u00fchren wird, dass Orb\u00e1n all die zus\u00e4tzlichen Herzen und K\u00f6pfe gewinnt, die Br\u00fcssel gerade verloren hat.<\/p>\n<p><em>Aus dem\u00a0<a rel=\"nofollow noopener\" target=\"_blank\" href=\"https:\/\/korybko.substack.com\/p\/reported-eu-threats-against-hungary\">Englischen<\/a>.<\/em><\/p>\n<p><em>Andrew Korybko ist ein in Moskau ans\u00e4ssiger amerikanischer Politologe, der sich auf die US-Strategie in Afrika und Eurasien sowie auf Chinas Belt &amp; Road-Initiative, Russlands geopolitischen Balanceakt und hybride Kriegsf\u00fchrung spezialisiert hat.<\/em><\/p>\n<p><strong>Mehr zum Thema<\/strong> &#8211; <a rel=\"nofollow noopener\" target=\"_blank\" href=\"https:\/\/freedert.online\/europa\/194269-us-botschafter-droht-ungarn-haben\/\">US-Botschafter droht Ungarn: Haben durchaus Druckmittel<\/a><\/p>\n<\/p>\n<\/div>\n<p><br \/>\n<br \/><a href=\"https:\/\/de.rt.com\/europa\/195143-schuss-geht-nach-hinten-los\/\">Source link <\/a><\/p>\n","protected":false},"excerpt":{"rendered":"<p>Die Forderungen von Viktor Orb\u00e1n waren berechtigt. Es w\u00e4re schwierig, eine Person zu finden, die nicht damit einverstanden w\u00e4re, mit der Notwendigkeit einer Rechenschaftspflicht und einer Verhinderung, dass ungarische Beitragszahlungen f\u00fcr andere Zwecke umgeleitet werden. Von Andrew Korybko Die britische Financial Times berichtete in den Tagen vor dem EU-Gipfel in der vergangenen Woche, dass die [&hellip;]<\/p>\n","protected":false},"author":3,"featured_media":54742,"comment_status":"open","ping_status":"open","sticky":false,"template":"","format":"standard","meta":{"_yoast_indexnow_last_ping":["1707154473"],"wp_automatic_camp":["217"],"5a2ef279294f876d4f6adc2d053508b8":["Dieser Schuss geht nach hinten los: Die Drohungen der EU gegen Ungarn"],"original_link":["https:\/\/de.rt.com\/europa\/195143-schuss-geht-nach-hinten-los\/"],"_thumbnail_id":["54742"],"jnews_social_counter_last_update":["1777236159"],"_wptgpro_p2tg_sent2tg":["a:1:{i:23737;s:19:\"2024-02-05 19:35:39\";}"]},"categories":[19,23],"tags":[82,45,19483,10560,278,1673,11577,11578,979,19419,11664],"yoast_head":"<!-- This site is optimized with the Yoast SEO Premium plugin v22.7 (Yoast SEO v22.7) - https:\/\/yoast.com\/wordpress\/plugins\/seo\/ -->\n<title>Dieser Schuss geht nach hinten los: Die Drohungen der EU gegen Ungarn - just-now.NEWS Deutschland<\/title>\n<meta name=\"robots\" content=\"index, follow, max-snippet:-1, max-image-preview:large, max-video-preview:-1\" \/>\n<link rel=\"canonical\" href=\"https:\/\/now-news.de\/de\/deutschland\/dieser-schuss-geht-nach-hinten-los-die-drohungen-der-eu-gegen-ungarn\/\" \/>\n<meta property=\"og:locale\" content=\"de_DE\" \/>\n<meta property=\"og:type\" content=\"article\" \/>\n<meta property=\"og:title\" content=\"Dieser Schuss geht nach hinten los: Die Drohungen der EU gegen Ungarn\" \/>\n<meta property=\"og:description\" content=\"Die Forderungen von Viktor Orb\u00e1n waren berechtigt. Es w\u00e4re schwierig, eine Person zu finden, die nicht damit einverstanden w\u00e4re, mit der Notwendigkeit einer Rechenschaftspflicht und einer Verhinderung, dass ungarische Beitragszahlungen f\u00fcr andere Zwecke umgeleitet werden. Von Andrew Korybko Die britische Financial Times berichtete in den Tagen vor dem EU-Gipfel in der vergangenen Woche, dass die [&hellip;]\" \/>\n<meta property=\"og:url\" content=\"https:\/\/now-news.de\/de\/deutschland\/dieser-schuss-geht-nach-hinten-los-die-drohungen-der-eu-gegen-ungarn\/\" \/>\n<meta property=\"og:site_name\" content=\"just-now.NEWS Deutschland\" \/>\n<meta property=\"article:publisher\" content=\"https:\/\/www.facebook.com\/wirmachenauf\" \/>\n<meta property=\"article:published_time\" content=\"2024-02-05T17:20:38+00:00\" \/>\n<meta property=\"og:image\" content=\"https:\/\/now-news.de\/de\/wp-content\/uploads\/sites\/3\/2024\/02\/Dieser-Schuss-geht-nach-hinten-los-Die-Drohungen-der-EU.jpg\" \/>\n\t<meta property=\"og:image:width\" content=\"460\" \/>\n\t<meta property=\"og:image:height\" content=\"259\" \/>\n\t<meta property=\"og:image:type\" content=\"image\/jpeg\" \/>\n<meta name=\"author\" content=\"rtnews\" \/>\n<meta name=\"twitter:card\" content=\"summary_large_image\" \/>\n<meta name=\"twitter:creator\" content=\"@WirMachenAuf_de\" \/>\n<meta name=\"twitter:site\" content=\"@WirMachenAuf_de\" \/>\n<meta name=\"twitter:label1\" content=\"Verfasst von\" \/>\n\t<meta name=\"twitter:data1\" content=\"rtnews\" \/>\n\t<meta name=\"twitter:label2\" content=\"Gesch\u00e4tzte Lesezeit\" \/>\n\t<meta name=\"twitter:data2\" content=\"6\u00a0Minuten\" \/>\n<script type=\"application\/ld+json\" class=\"yoast-schema-graph\">{\"@context\":\"https:\/\/schema.org\",\"@graph\":[{\"@type\":\"Article\",\"@id\":\"https:\/\/now-news.de\/de\/deutschland\/dieser-schuss-geht-nach-hinten-los-die-drohungen-der-eu-gegen-ungarn\/#article\",\"isPartOf\":{\"@id\":\"https:\/\/now-news.de\/de\/deutschland\/dieser-schuss-geht-nach-hinten-los-die-drohungen-der-eu-gegen-ungarn\/\"},\"author\":{\"name\":\"rtnews\",\"@id\":\"https:\/\/now-news.de\/de\/#\/schema\/person\/fb534a4e865501d8b3285208df34a9b5\"},\"headline\":\"Dieser Schuss geht nach hinten los: Die Drohungen der EU gegen Ungarn\",\"datePublished\":\"2024-02-05T17:20:38+00:00\",\"dateModified\":\"2024-02-05T17:20:38+00:00\",\"mainEntityOfPage\":{\"@id\":\"https:\/\/now-news.de\/de\/deutschland\/dieser-schuss-geht-nach-hinten-los-die-drohungen-der-eu-gegen-ungarn\/\"},\"wordCount\":1185,\"commentCount\":0,\"publisher\":{\"@id\":\"https:\/\/now-news.de\/de\/#organization\"},\"image\":{\"@id\":\"https:\/\/now-news.de\/de\/deutschland\/dieser-schuss-geht-nach-hinten-los-die-drohungen-der-eu-gegen-ungarn\/#primaryimage\"},\"thumbnailUrl\":\"https:\/\/now-news.de\/de\/wp-content\/uploads\/sites\/3\/2024\/02\/Dieser-Schuss-geht-nach-hinten-los-Die-Drohungen-der-EU.jpg\",\"keywords\":[\"der\",\"die\",\"dieser\",\"Drohungen\",\"gegen\",\"Geht\",\"hinten\",\"los\",\"nach\",\"Schuss\",\"Ungarn\"],\"articleSection\":[\"Deutschland\",\"Russland\"],\"inLanguage\":\"de\",\"potentialAction\":[{\"@type\":\"CommentAction\",\"name\":\"Comment\",\"target\":[\"https:\/\/now-news.de\/de\/deutschland\/dieser-schuss-geht-nach-hinten-los-die-drohungen-der-eu-gegen-ungarn\/#respond\"]}]},{\"@type\":\"WebPage\",\"@id\":\"https:\/\/now-news.de\/de\/deutschland\/dieser-schuss-geht-nach-hinten-los-die-drohungen-der-eu-gegen-ungarn\/\",\"url\":\"https:\/\/now-news.de\/de\/deutschland\/dieser-schuss-geht-nach-hinten-los-die-drohungen-der-eu-gegen-ungarn\/\",\"name\":\"Dieser Schuss geht nach hinten los: Die Drohungen der EU gegen Ungarn - just-now.NEWS Deutschland\",\"isPartOf\":{\"@id\":\"https:\/\/now-news.de\/de\/#website\"},\"primaryImageOfPage\":{\"@id\":\"https:\/\/now-news.de\/de\/deutschland\/dieser-schuss-geht-nach-hinten-los-die-drohungen-der-eu-gegen-ungarn\/#primaryimage\"},\"image\":{\"@id\":\"https:\/\/now-news.de\/de\/deutschland\/dieser-schuss-geht-nach-hinten-los-die-drohungen-der-eu-gegen-ungarn\/#primaryimage\"},\"thumbnailUrl\":\"https:\/\/now-news.de\/de\/wp-content\/uploads\/sites\/3\/2024\/02\/Dieser-Schuss-geht-nach-hinten-los-Die-Drohungen-der-EU.jpg\",\"datePublished\":\"2024-02-05T17:20:38+00:00\",\"dateModified\":\"2024-02-05T17:20:38+00:00\",\"breadcrumb\":{\"@id\":\"https:\/\/now-news.de\/de\/deutschland\/dieser-schuss-geht-nach-hinten-los-die-drohungen-der-eu-gegen-ungarn\/#breadcrumb\"},\"inLanguage\":\"de\",\"potentialAction\":[{\"@type\":\"ReadAction\",\"target\":[\"https:\/\/now-news.de\/de\/deutschland\/dieser-schuss-geht-nach-hinten-los-die-drohungen-der-eu-gegen-ungarn\/\"]}]},{\"@type\":\"ImageObject\",\"inLanguage\":\"de\",\"@id\":\"https:\/\/now-news.de\/de\/deutschland\/dieser-schuss-geht-nach-hinten-los-die-drohungen-der-eu-gegen-ungarn\/#primaryimage\",\"url\":\"https:\/\/now-news.de\/de\/wp-content\/uploads\/sites\/3\/2024\/02\/Dieser-Schuss-geht-nach-hinten-los-Die-Drohungen-der-EU.jpg\",\"contentUrl\":\"https:\/\/now-news.de\/de\/wp-content\/uploads\/sites\/3\/2024\/02\/Dieser-Schuss-geht-nach-hinten-los-Die-Drohungen-der-EU.jpg\",\"width\":460,\"height\":259,\"caption\":\"Dieser Schuss geht nach hinten los: Die Drohungen der EU gegen Ungarn\"},{\"@type\":\"BreadcrumbList\",\"@id\":\"https:\/\/now-news.de\/de\/deutschland\/dieser-schuss-geht-nach-hinten-los-die-drohungen-der-eu-gegen-ungarn\/#breadcrumb\",\"itemListElement\":[{\"@type\":\"ListItem\",\"position\":1,\"name\":\"Home\",\"item\":\"https:\/\/now-news.de\/de\/\"},{\"@type\":\"ListItem\",\"position\":2,\"name\":\"Dieser Schuss geht nach hinten los: Die Drohungen der EU gegen Ungarn\"}]},{\"@type\":\"WebSite\",\"@id\":\"https:\/\/now-news.de\/de\/#website\",\"url\":\"https:\/\/now-news.de\/de\/\",\"name\":\"just-now.NEWS Deutschland\",\"description\":\"Das Portal f\u00fcr unzensierte Nachrichten aus der Welt\",\"publisher\":{\"@id\":\"https:\/\/now-news.de\/de\/#organization\"},\"potentialAction\":[{\"@type\":\"SearchAction\",\"target\":{\"@type\":\"EntryPoint\",\"urlTemplate\":\"https:\/\/now-news.de\/de\/?s={search_term_string}\"},\"query-input\":\"required name=search_term_string\"}],\"inLanguage\":\"de\"},{\"@type\":\"Organization\",\"@id\":\"https:\/\/now-news.de\/de\/#organization\",\"name\":\"Just Now News\",\"url\":\"https:\/\/now-news.de\/de\/\",\"logo\":{\"@type\":\"ImageObject\",\"inLanguage\":\"de\",\"@id\":\"https:\/\/now-news.de\/de\/#\/schema\/logo\/image\/\",\"url\":\"http:\/\/just-now.news\/de\/wp-content\/uploads\/sites\/3\/2022\/04\/logo500x500.jpg\",\"contentUrl\":\"http:\/\/just-now.news\/de\/wp-content\/uploads\/sites\/3\/2022\/04\/logo500x500.jpg\",\"width\":500,\"height\":500,\"caption\":\"Just Now News\"},\"image\":{\"@id\":\"https:\/\/now-news.de\/de\/#\/schema\/logo\/image\/\"},\"sameAs\":[\"https:\/\/www.facebook.com\/wirmachenauf\",\"https:\/\/x.com\/WirMachenAuf_de\"]},{\"@type\":\"Person\",\"@id\":\"https:\/\/now-news.de\/de\/#\/schema\/person\/fb534a4e865501d8b3285208df34a9b5\",\"name\":\"rtnews\",\"image\":{\"@type\":\"ImageObject\",\"inLanguage\":\"de\",\"@id\":\"https:\/\/now-news.de\/de\/#\/schema\/person\/image\/\",\"url\":\"https:\/\/secure.gravatar.com\/avatar\/82aafea7d8127119dd649515f56e2117?s=96&d=mm&r=g\",\"contentUrl\":\"https:\/\/secure.gravatar.com\/avatar\/82aafea7d8127119dd649515f56e2117?s=96&d=mm&r=g\",\"caption\":\"rtnews\"},\"url\":\"https:\/\/now-news.de\/de\/author\/rnews\/\"}]}<\/script>\n<!-- \/ Yoast SEO Premium plugin. -->","yoast_head_json":{"title":"Dieser Schuss geht nach hinten los: Die Drohungen der EU gegen Ungarn - just-now.NEWS Deutschland","robots":{"index":"index","follow":"follow","max-snippet":"max-snippet:-1","max-image-preview":"max-image-preview:large","max-video-preview":"max-video-preview:-1"},"canonical":"https:\/\/now-news.de\/de\/deutschland\/dieser-schuss-geht-nach-hinten-los-die-drohungen-der-eu-gegen-ungarn\/","og_locale":"de_DE","og_type":"article","og_title":"Dieser Schuss geht nach hinten los: Die Drohungen der EU gegen Ungarn","og_description":"Die Forderungen von Viktor Orb\u00e1n waren berechtigt. Es w\u00e4re schwierig, eine Person zu finden, die nicht damit einverstanden w\u00e4re, mit der Notwendigkeit einer Rechenschaftspflicht und einer Verhinderung, dass ungarische Beitragszahlungen f\u00fcr andere Zwecke umgeleitet werden. Von Andrew Korybko Die britische Financial Times berichtete in den Tagen vor dem EU-Gipfel in der vergangenen Woche, dass die [&hellip;]","og_url":"https:\/\/now-news.de\/de\/deutschland\/dieser-schuss-geht-nach-hinten-los-die-drohungen-der-eu-gegen-ungarn\/","og_site_name":"just-now.NEWS Deutschland","article_publisher":"https:\/\/www.facebook.com\/wirmachenauf","article_published_time":"2024-02-05T17:20:38+00:00","og_image":[{"width":460,"height":259,"url":"https:\/\/now-news.de\/de\/wp-content\/uploads\/sites\/3\/2024\/02\/Dieser-Schuss-geht-nach-hinten-los-Die-Drohungen-der-EU.jpg","type":"image\/jpeg"}],"author":"rtnews","twitter_card":"summary_large_image","twitter_creator":"@WirMachenAuf_de","twitter_site":"@WirMachenAuf_de","twitter_misc":{"Verfasst von":"rtnews","Gesch\u00e4tzte Lesezeit":"6\u00a0Minuten"},"schema":{"@context":"https:\/\/schema.org","@graph":[{"@type":"Article","@id":"https:\/\/now-news.de\/de\/deutschland\/dieser-schuss-geht-nach-hinten-los-die-drohungen-der-eu-gegen-ungarn\/#article","isPartOf":{"@id":"https:\/\/now-news.de\/de\/deutschland\/dieser-schuss-geht-nach-hinten-los-die-drohungen-der-eu-gegen-ungarn\/"},"author":{"name":"rtnews","@id":"https:\/\/now-news.de\/de\/#\/schema\/person\/fb534a4e865501d8b3285208df34a9b5"},"headline":"Dieser Schuss geht nach hinten los: Die Drohungen der EU gegen Ungarn","datePublished":"2024-02-05T17:20:38+00:00","dateModified":"2024-02-05T17:20:38+00:00","mainEntityOfPage":{"@id":"https:\/\/now-news.de\/de\/deutschland\/dieser-schuss-geht-nach-hinten-los-die-drohungen-der-eu-gegen-ungarn\/"},"wordCount":1185,"commentCount":0,"publisher":{"@id":"https:\/\/now-news.de\/de\/#organization"},"image":{"@id":"https:\/\/now-news.de\/de\/deutschland\/dieser-schuss-geht-nach-hinten-los-die-drohungen-der-eu-gegen-ungarn\/#primaryimage"},"thumbnailUrl":"https:\/\/now-news.de\/de\/wp-content\/uploads\/sites\/3\/2024\/02\/Dieser-Schuss-geht-nach-hinten-los-Die-Drohungen-der-EU.jpg","keywords":["der","die","dieser","Drohungen","gegen","Geht","hinten","los","nach","Schuss","Ungarn"],"articleSection":["Deutschland","Russland"],"inLanguage":"de","potentialAction":[{"@type":"CommentAction","name":"Comment","target":["https:\/\/now-news.de\/de\/deutschland\/dieser-schuss-geht-nach-hinten-los-die-drohungen-der-eu-gegen-ungarn\/#respond"]}]},{"@type":"WebPage","@id":"https:\/\/now-news.de\/de\/deutschland\/dieser-schuss-geht-nach-hinten-los-die-drohungen-der-eu-gegen-ungarn\/","url":"https:\/\/now-news.de\/de\/deutschland\/dieser-schuss-geht-nach-hinten-los-die-drohungen-der-eu-gegen-ungarn\/","name":"Dieser Schuss geht nach hinten los: Die Drohungen der EU gegen Ungarn - just-now.NEWS Deutschland","isPartOf":{"@id":"https:\/\/now-news.de\/de\/#website"},"primaryImageOfPage":{"@id":"https:\/\/now-news.de\/de\/deutschland\/dieser-schuss-geht-nach-hinten-los-die-drohungen-der-eu-gegen-ungarn\/#primaryimage"},"image":{"@id":"https:\/\/now-news.de\/de\/deutschland\/dieser-schuss-geht-nach-hinten-los-die-drohungen-der-eu-gegen-ungarn\/#primaryimage"},"thumbnailUrl":"https:\/\/now-news.de\/de\/wp-content\/uploads\/sites\/3\/2024\/02\/Dieser-Schuss-geht-nach-hinten-los-Die-Drohungen-der-EU.jpg","datePublished":"2024-02-05T17:20:38+00:00","dateModified":"2024-02-05T17:20:38+00:00","breadcrumb":{"@id":"https:\/\/now-news.de\/de\/deutschland\/dieser-schuss-geht-nach-hinten-los-die-drohungen-der-eu-gegen-ungarn\/#breadcrumb"},"inLanguage":"de","potentialAction":[{"@type":"ReadAction","target":["https:\/\/now-news.de\/de\/deutschland\/dieser-schuss-geht-nach-hinten-los-die-drohungen-der-eu-gegen-ungarn\/"]}]},{"@type":"ImageObject","inLanguage":"de","@id":"https:\/\/now-news.de\/de\/deutschland\/dieser-schuss-geht-nach-hinten-los-die-drohungen-der-eu-gegen-ungarn\/#primaryimage","url":"https:\/\/now-news.de\/de\/wp-content\/uploads\/sites\/3\/2024\/02\/Dieser-Schuss-geht-nach-hinten-los-Die-Drohungen-der-EU.jpg","contentUrl":"https:\/\/now-news.de\/de\/wp-content\/uploads\/sites\/3\/2024\/02\/Dieser-Schuss-geht-nach-hinten-los-Die-Drohungen-der-EU.jpg","width":460,"height":259,"caption":"Dieser Schuss geht nach hinten los: Die Drohungen der EU gegen Ungarn"},{"@type":"BreadcrumbList","@id":"https:\/\/now-news.de\/de\/deutschland\/dieser-schuss-geht-nach-hinten-los-die-drohungen-der-eu-gegen-ungarn\/#breadcrumb","itemListElement":[{"@type":"ListItem","position":1,"name":"Home","item":"https:\/\/now-news.de\/de\/"},{"@type":"ListItem","position":2,"name":"Dieser Schuss geht nach hinten los: Die Drohungen der EU gegen Ungarn"}]},{"@type":"WebSite","@id":"https:\/\/now-news.de\/de\/#website","url":"https:\/\/now-news.de\/de\/","name":"just-now.NEWS Deutschland","description":"Das Portal f\u00fcr unzensierte Nachrichten aus der Welt","publisher":{"@id":"https:\/\/now-news.de\/de\/#organization"},"potentialAction":[{"@type":"SearchAction","target":{"@type":"EntryPoint","urlTemplate":"https:\/\/now-news.de\/de\/?s={search_term_string}"},"query-input":"required name=search_term_string"}],"inLanguage":"de"},{"@type":"Organization","@id":"https:\/\/now-news.de\/de\/#organization","name":"Just Now News","url":"https:\/\/now-news.de\/de\/","logo":{"@type":"ImageObject","inLanguage":"de","@id":"https:\/\/now-news.de\/de\/#\/schema\/logo\/image\/","url":"http:\/\/just-now.news\/de\/wp-content\/uploads\/sites\/3\/2022\/04\/logo500x500.jpg","contentUrl":"http:\/\/just-now.news\/de\/wp-content\/uploads\/sites\/3\/2022\/04\/logo500x500.jpg","width":500,"height":500,"caption":"Just Now News"},"image":{"@id":"https:\/\/now-news.de\/de\/#\/schema\/logo\/image\/"},"sameAs":["https:\/\/www.facebook.com\/wirmachenauf","https:\/\/x.com\/WirMachenAuf_de"]},{"@type":"Person","@id":"https:\/\/now-news.de\/de\/#\/schema\/person\/fb534a4e865501d8b3285208df34a9b5","name":"rtnews","image":{"@type":"ImageObject","inLanguage":"de","@id":"https:\/\/now-news.de\/de\/#\/schema\/person\/image\/","url":"https:\/\/secure.gravatar.com\/avatar\/82aafea7d8127119dd649515f56e2117?s=96&d=mm&r=g","contentUrl":"https:\/\/secure.gravatar.com\/avatar\/82aafea7d8127119dd649515f56e2117?s=96&d=mm&r=g","caption":"rtnews"},"url":"https:\/\/now-news.de\/de\/author\/rnews\/"}]}},"_links":{"self":[{"href":"https:\/\/now-news.de\/de\/wp-json\/wp\/v2\/posts\/54741"}],"collection":[{"href":"https:\/\/now-news.de\/de\/wp-json\/wp\/v2\/posts"}],"about":[{"href":"https:\/\/now-news.de\/de\/wp-json\/wp\/v2\/types\/post"}],"author":[{"embeddable":true,"href":"https:\/\/now-news.de\/de\/wp-json\/wp\/v2\/users\/3"}],"replies":[{"embeddable":true,"href":"https:\/\/now-news.de\/de\/wp-json\/wp\/v2\/comments?post=54741"}],"version-history":[{"count":0,"href":"https:\/\/now-news.de\/de\/wp-json\/wp\/v2\/posts\/54741\/revisions"}],"wp:featuredmedia":[{"embeddable":true,"href":"https:\/\/now-news.de\/de\/wp-json\/wp\/v2\/media\/54742"}],"wp:attachment":[{"href":"https:\/\/now-news.de\/de\/wp-json\/wp\/v2\/media?parent=54741"}],"wp:term":[{"taxonomy":"category","embeddable":true,"href":"https:\/\/now-news.de\/de\/wp-json\/wp\/v2\/categories?post=54741"},{"taxonomy":"post_tag","embeddable":true,"href":"https:\/\/now-news.de\/de\/wp-json\/wp\/v2\/tags?post=54741"}],"curies":[{"name":"wp","href":"https:\/\/api.w.org\/{rel}","templated":true}]}}