{"id":54716,"date":"2024-02-05T13:46:45","date_gmt":"2024-02-05T11:46:45","guid":{"rendered":"https:\/\/just-now.news\/de\/deutschland\/ich-entwickele-aktionen-und-erfinde-geschichten-erneute-correctiv-korrektur\/"},"modified":"2024-02-05T13:46:45","modified_gmt":"2024-02-05T11:46:45","slug":"ich-entwickele-aktionen-und-erfinde-geschichten-erneute-correctiv-korrektur","status":"publish","type":"post","link":"https:\/\/now-news.de\/de\/deutschland\/ich-entwickele-aktionen-und-erfinde-geschichten-erneute-correctiv-korrektur\/","title":{"rendered":"&quot;Ich entwickele Aktionen und erfinde Geschichten&quot; \u2013 Erneute Correctiv-&quot;Korrektur&quot;"},"content":{"rendered":"<p><img decoding=\"async\" src=\"http:\/\/just-now.news\/de\/wp-content\/uploads\/sites\/3\/2024\/02\/65c0905d48fbef3027471f0e.jpg\" \/><\/p>\n<div class=\"Text-root Text-type_1 \">\n                Ein Correctiv-Artikel vom 10. Januar ist verantwortlich f\u00fcr herausragende medial-politische Dynamiken und Kampagnen. Auff\u00e4llige Hintergr\u00fcnde und Vorgeschichten r\u00fcckten das &#8220;Rechercheteam&#8221; in den Fokus. Nun reagiert einer der Autoren mit Biografie-Korrekturen auf seiner Webseite.\n            <\/div>\n<p><\/p>\n<div class=\"Text-root Text-type_5 ArticleView-text ViewText-root \">\n<p><em>Von Bernhard Loyen<\/em><\/p>\n<p>Die Causa &#8220;<em>Correctiv<\/em>-Artikel&#8221; zieht weiter mediale Kreise, diese nicht nur bezogen auf die manipulativen Folge-Kampagnen, ausgel\u00f6st durch die verleumderischen Inhalte des Beitrags, sondern auch hinsichtlich des d\u00fcnnh\u00e4utigen Agierens verantwortlicher <em>Correctiv<\/em>-Protagonisten. Die zust\u00e4ndige Redaktion \u00e4nderte Inhalte in der nahenden Ver\u00f6ffentlichung einer themenbezogenen Publikation. Davor distanzierte sich mehr als auff\u00e4llig die stellvertretende Chef-Redakteurin Anette Dowideit von nachweislichen Formulierungen. Nun reagierte einer der lautst\u00e4rksten verantwortlichen <em>Correctiv<\/em>-Autoren, Jean Peters, durch offenkundige Ver\u00e4nderung seiner pers\u00f6nlichen Webseite.<\/p>\n<p>Die Chronologie der Auff\u00e4lligkeiten beginnt am 4. Februar mit der Ver\u00f6ffentlichung eines Artikels auf dem Blog <em>Reitschuster<\/em>. Der Journalist besch\u00e4ftigt sich mit dem <em>Correctiv<\/em>-Mitarbeiter Jean Peters. Die \u00dcberschrift lautet: &#8220;<em>Correctiv<\/em>-Autor: &#8216;Ich entwickele Aktionen und erfinde Geschichten'&#8221;. Das Zitat fand Journalist Boris Reitschuster auf der Webseite des umtriebigen Aktivisten. In der Rubrik &#8220;Taktische Medienarbeit&#8221; hei\u00dft es dort einleitend <a rel=\"nofollow noopener\" target=\"_blank\" href=\"https:\/\/web.archive.org\/web\/20201110225135\/https:\/\/www.jeanpeters.de\/tactical-media\/\">seit dem Jahr 2020<\/a>:<\/p>\n<p><em>&#8220;Ich entwickele Aktionen und erfinde Geschichten, mit denen ich in das politische und \u00f6konomische Geschehen interveniere. Besonders wichtig dabei: Mit der passenden Medienstrategie Aufmerksamkeit erregen, den gesellschaftlichen Diskus anregen und so zum\u00a0Wandel beitragen.&#8221;<\/em><\/p>\n<p>Einen Tag sp\u00e4ter <a rel=\"nofollow noopener\" target=\"_blank\" href=\"https:\/\/twitter.com\/reitschuster\/status\/1754316228259418397\">informierte<\/a> Reitschuster in einem X-Posting:<\/p>\n<p><em>&#8220;Correctiv liest offenbar auf meiner Seite mit. Kaum habe ich einen Artikel \u00fcber Correctiv-Autor Jean Peters geschrieben und sein Bekenntnis \u2013 &#8216;Ich entwickele Aktionen und erfinde Geschichten&#8217;, schon hat Peters die entsprechenden Stellen auf seiner Seite umgeschrieben.&#8221;<\/em><\/p>\n<p>Die Recherche belegt, dass der biografische Er\u00f6ffnungssatz seitens Peters korrigiert wurde. \u00dcber die Motivation l\u00e4sst sich nur spekulieren. Am 4. Februar lautete der Eintrag <a rel=\"nofollow noopener\" target=\"_blank\" href=\"https:\/\/web.archive.org\/web\/20240204052906\/https:\/\/www.jeanpeters.de\/tactical-media\/\">nachweislich<\/a> noch am Vormittag, wie von Reitschuster zitiert, seit dem fr\u00fchen Abend des gleichen Tages lautet die Einleitung <a rel=\"nofollow noopener\" target=\"_blank\" href=\"https:\/\/web.archive.org\/web\/20240204184154\/https:\/\/www.jeanpeters.de\/tactical-media\/\">nun wie folgt<\/a>:<\/p>\n<p><em>&#8220;Ich arbeite mittlerweile als investigativer Journalist bei Correctiv, dem gr\u00f6\u00dften gemeinwohlorientierten Medienhaus in Deutschland. Davor habe ich Aktionen entwickelt, mit denen ich in das politische und \u00f6konomische Geschehen intervenierte.&#8221;<\/em><\/p>\n<p>Die erw\u00e4hnten &#8220;Medienstrategien&#8221; des Jean Peters stellen sich bevorzugt als verleumderische Attacken gegen ihm missliebige Personen dar. So d\u00fcpierte er im Jahr 2016 im Rahmen einer &#8220;Torten-Attacke&#8221;, medienwirksam als &#8220;Kunstaktion&#8221; deklariert, die AfD-Politikerin Beatrix von Storch.<\/p>\n<p>Der \u00f6sterreichische Autor Robert Misik <a rel=\"nofollow noopener\" target=\"_blank\" href=\"https:\/\/shop.falter.at\/detail\/9783103970876\/wenn-die-hoffnung-stirbt-geht-s-trotzdem-weiter\">bezeichnet<\/a> in einer Buchrezension aus dem Jahr 2021 den <em>Correctiv<\/em>-Mitarbeiter als &#8220;witzigen, subversiven Aktionsk\u00fcnstler&#8221;, der zu diesem Zeitpunkt &#8220;eine Art Leitfaden der Widerstandskunst geschrieben&#8221; hatte. Im Rahmen der Besprechung findet sich folgender Hinweis von Misik:<\/p>\n<p><em>&#8220;Einer der witzigsten K\u00fcnstler-Aktivisten ist ein Deutscher mit dem Pseudonym Jean Peters (er hat auch noch ein paar andere Alias-Namen in petto). Er ist einer der Gr\u00fcnder des Peng!-Kollektivs und Mitstreiter in verschiedenen intervenierenden K\u00fcnstlergruppen, die man sich am besten als mutige, subversive Witzbolde vorstellt.&#8221;<\/em><\/p>\n<p>Weitere K\u00fcnstlernamen des Jean Peters <a rel=\"nofollow noopener\" target=\"_blank\" href=\"https:\/\/de.wikipedia.org\/wiki\/Jean_Peters_(Aktionsk%C3%BCnstler)\">lauten<\/a> &#8220;Paul von Ribbeck, Gil Schneider, Sven Ansvar, Jessica Gr\u00e4ber oder Conny Runner&#8221;. Welcher davon nun der Realname ist, wei\u00df mit Sicherheit eine ihn \u2013 rein mutma\u00dfend \u2013 betreuende Sicherheitsbeh\u00f6rde. Eine weitere symptomatische, subversive H\u00f6chstleistung des &#8220;Jean Peters&#8221; war das aktive Agieren, in der in den Jahren 2020\/2021 eskalierenden Medienkampagne gegen den vormaligen Kopf der Plattform <em>KenFM<\/em>, Ken Jebsen (Kayvan Soufi Siavash). So hei\u00dft es in einem <em>taz<\/em>&#8211;<a rel=\"nofollow noopener\" target=\"_blank\" href=\"https:\/\/taz.de\/GLS-Konto-fuer-Ken-Jebsen\/!5708135\/\">Artikel<\/a> aus dem November 2020:<\/p>\n<p><em>&#8220;Zwar haben Faktenchecks etwa des ZDF, des SWR, des Focus oder des Recherchezentrums Correctiv l\u00e4ngst ergeben, dass der Pseudojournalist mit v\u00f6llig \u00fcberzogenen Zahlen um sich wirft \u2026&#8221;<\/em><\/p>\n<p>Die \u00dcberschrift lautete: &#8220;GLS-Konto f\u00fcr Ken Jebsen: Auch zum Coronaleugner sozial&#8221;<em>. <\/em>Die GLS-Bank sah sich mit Vorw\u00fcrfen aus den sozialen Medien konfrontiert, diese ge\u00e4u\u00dfert auf X, damals Twitter. Peters postete zu diesem Zeitpunkt \u00fcber einen Peng!-Kollektiv-Account jubilierend, dass die Vorw\u00fcrfe und Hinweise, die er forciert an die GLS-Bank gerichtet hatte, inzwischen von Erfolg gekr\u00f6nt seien.<\/p>\n<p>Das <em>KenFM<\/em>-Konto wurde final aufgrund des Drucks gek\u00fcndigt, die diskreditierenden und verleumderischen Abl\u00e4ufe sind mir als damaliger regelm\u00e4\u00dfiger Autor bei <em>KenFM<\/em> noch sehr nachdr\u00fccklich in Erinnerung, dies durch pers\u00f6nliche Gespr\u00e4che mit Soufi Siavash. Ein <a rel=\"nofollow noopener\" target=\"_blank\" href=\"https:\/\/blog.gls.de\/bankspiegel\/alles-richtig-gemacht-gut-und-schlecht-auseinander-halten\/\">Blog-Beitrag<\/a> der GLS-Bank aus dem Dezember 2020 beschreibt w\u00e4hrend dieser medialen Phase des Hetzens \u2013 unter anderem ausgehend von einem attackierenden &#8220;Jean Peters&#8221; \u2013 gegen einen deutschen missliebigen Journalisten die damalige Stimmung:<\/p>\n<p><em>&#8220;In den folgenden Wochen fand dazu ein konstruktiver Austausch \u2013 in GLS-Gremien \u2013 im kleineren Rahmen statt. Dann wurde der Ton aber zusehends sch\u00e4rfer. So wurde gegen\u00fcber der GLS Kundschaft etwa per Twitter behauptet: &#8216;Ihre Bank unterst\u00fctzt Repression und Unterdr\u00fcckung der Meinungsfreiheit&#8217;. Andere Kund*innen fragten gleichzeitig: Warum distanziert Ihr Euch erst jetzt von KenFM? Warum nicht schon vor Jahren?&#8221;<\/em><\/p>\n<p>Peters geriet dann, ob provoziert oder rein mutma\u00dfend begleitend gef\u00fchrt, <a rel=\"nofollow noopener\" target=\"_blank\" href=\"https:\/\/freeassange.rtde.live\/inland\/194622-correctiv-autor-mit-auffaelliger-vita\/\">in den Fokus<\/a> des Landeskriminalamts (LKA). Auch dies auff\u00e4llig im Jahr 2021.<em>\u00a0<\/em>Das LKA warf der K\u00fcnstlertruppe damals vor, zur mutwilligen Besch\u00e4digung von ihnen missliebigen Denkm\u00e4lern aufzurufen. Das Peng!-Kollektiv hatte unter dem Titel &#8220;<a rel=\"nofollow noopener\" target=\"_blank\" href=\"https:\/\/www.deutschlandfunkkultur.de\/initiative-zum-umgang-mit-belasteten-denkmaelern-die-100.html\">Tear this down<\/a>&#8221; \u2013 also auf Deutsch &#8220;Rei\u00dft das ab \u2013 eine Webseite online gestellt, auf der eine Karte Denkm\u00e4ler und Stra\u00dfennamen versammelt, die Kolonialisten ehren. Diese m\u00fcssten nach Ansicht der Akteure zerst\u00f6rt werden.<em><\/em><\/p>\n<p>Aufmerksame Nutzer der sozialen Medien erinnern aktuell daran, dass Peters auch <a rel=\"nofollow noopener\" target=\"_blank\" href=\"https:\/\/archive.ph\/PmMoH\">unterzeichnender Unterst\u00fctzer<\/a> der rigiden &#8220;Zero Covid&#8221;-Fraktion war, die &#8220;F\u00fcr einen solidarischen europ\u00e4ischen Shutdown&#8221; warb, eine fordernde\u00a0<a rel=\"nofollow noopener\" target=\"_blank\" href=\"https:\/\/archive.ph\/PmMoH#selection-1127.0-1127.16\">Online-Petition<\/a> an die deutsche, \u00f6sterreichische und Schweizer Bundesregierung sowie an europ\u00e4ische Institutionen. Weitere Unterzeichner im Januar 2021 waren nachweislich der <em>WDR<\/em>-Mitarbeiter Georg Restle, der Journalist Matthias Meisner, d<em>ie Spiegel<\/em>-Kolumnistin Margarete Stokowski, die Klimaktivistin und Mediendarling Luisa Neubauer, die &#8220;Politikwissenschaftlerin&#8221; Natascha Strobl und der <em>\u00d6RR<\/em>-Journalist Stephan Anpalagan\u00a0 \u2013 alle ebenfalls geifernde Protagonisten und Multiplikatoren der aktuellen Kampagne gegen die AfD, ausgehend von dem <em>Correctiv<\/em>-Artikel des Autors Jean Peters.<\/p>\n<div class=\"EmbedBlock-root EmbedBlock-twitter\">\n<div class=\"TwitterEmbed\">\n<blockquote class=\"twitter-tweet lazyload\" data-twitter=\"twitter-tweet\">\n<p lang=\"de\" dir=\"ltr\">Weil die Verharmloser hier wieder unterwegs sind: Wer \u201enicht assimilierte deutsche Staatsb\u00fcrger\u201c aus dem Land vertreiben will, meint genau das: Deportation aller,die nicht ins Bild derer passen, die von der \u201eWiedererweckung\u201c eines reinen deutschen Volkstums tr\u00e4umen. NS-Ideologie.<\/p>\n<p>\u2014 Georg Restle (@georgrestle) <a rel=\"nofollow noopener\" target=\"_blank\" href=\"https:\/\/twitter.com\/georgrestle\/status\/1747271260269408761?ref_src=twsrc%5Etfw\">January 16, 2024<\/a><\/p><\/blockquote>\n<\/div>\n<\/div>\n<p>Der Peters-Buddy Robert Misik <a rel=\"nofollow noopener\" target=\"_blank\" href=\"https:\/\/www.berliner-zeitung.de\/wochenende\/die-impfpflicht-in-oesterreich-ist-politisch-korrekte-diskriminierung-li.211669\">postete<\/a> im November 2021 auf seiner offiziellen Facebook-Seite das Bild eines Blasrohrsch\u00fctzen mit der Unterschrift &#8220;Ein gezielter &#8216;Blow Job&#8217; und wieder ist einer geimpft&#8221;.<\/p>\n<p>Initiiert wurde die &#8220;Zero-Covid&#8221;-Petition auf der Petitionsplattform von Campact, jenen aggressiven Akteuren und Stimmungsmachern, die am vergangenen Wochenende unter dem Hashtag &#8220;Wir sind die Brandmauer&#8221; f\u00fcr eine mutwillige, gesellschaftliche Ausgrenzung von missliebigen B\u00fcrgern zur j\u00fcngsten (Pro-)Regierungsdemonstration nach Berlin mobilisierten.<\/p>\n<div class=\"EmbedBlock-root EmbedBlock-twitter\">\n<div class=\"TwitterEmbed\">\n<blockquote class=\"twitter-tweet lazyload\" data-twitter=\"twitter-tweet\">\n<p lang=\"de\" dir=\"ltr\">Die Gro\u00dfdemo gegen Rechts vor dem Reichstag ist ein klares Zeichen. Die breite Mehrheit der Menschen will sich nicht <a rel=\"nofollow noopener\" target=\"_blank\" href=\"https:\/\/twitter.com\/AfD?ref_src=twsrc%5Etfw\">@AfD<\/a>\u2069 und Halbnazis die Demokratie und den Wohlstand wegnehmen lassen. Vielen wird jetzt bewusst, dass das kein Science Fiction ist, sondern eine echte Gefahr <a rel=\"nofollow noopener\" target=\"_blank\" href=\"https:\/\/t.co\/IAVNThWVp6\">pic.twitter.com\/IAVNThWVp6<\/a><\/p>\n<p>\u2014 Prof. Karl Lauterbach (@Karl_Lauterbach) <a rel=\"nofollow noopener\" target=\"_blank\" href=\"https:\/\/twitter.com\/Karl_Lauterbach\/status\/1753780606360510573?ref_src=twsrc%5Etfw\">February 3, 2024<\/a><\/p><\/blockquote>\n<\/div>\n<\/div>\n<p>So schlie\u00dft sich erneut der sehr bedenkliche Kreis von politischen Akteuren, manipulierenden Aktivisten und dankbaren und biegsamen, billigen Claqueuren, die sich in der gr\u00f6\u00dften Gesellschaftskrise seit Jahrzehnten auf ein Scholz-Kommando hin begeistert unterhaken und erneut gegen kritische Menschen im Land im Gleichschritt zu Felde ziehen.\u00a0<\/p>\n<p>Die &#8220;Coronakrise&#8221; der Jahre 2020 bis 2022 war dabei ein nun nachweislicher, reiner Test-Ballon. Die kommenden Wochen und Monate werden die wahren Demokratie-Verteidiger jetzt erneut bis an die Grenze menschlicher Kraft und Nerven (heraus-)fordern.<\/p>\n<p>Mehr zum Thema \u2013 <a rel=\"nofollow noopener\" target=\"_blank\" href=\"https:\/\/freeassange.rtde.live\/meinung\/194518-arbeitet-correctiv-in-staatlichem-auftrag\/\">Arbeitet Correctiv in staatlichem Auftrag? Falls ja, f\u00fcr welchen Staat? <\/a><\/p>\n<\/p>\n<\/div>\n<p><script async src=\"https:\/\/platform.twitter.com\/widgets.js\" charset=\"utf-8\"><\/script><br \/>\n<br \/><br \/>\n<br \/><a href=\"https:\/\/de.rt.com\/inland\/195108-ich-entwickele-aktionen-und-erfinde\/\">Source link <\/a><\/p>\n","protected":false},"excerpt":{"rendered":"<p>Ein Correctiv-Artikel vom 10. Januar ist verantwortlich f\u00fcr herausragende medial-politische Dynamiken und Kampagnen. Auff\u00e4llige Hintergr\u00fcnde und Vorgeschichten r\u00fcckten das &#8220;Rechercheteam&#8221; in den Fokus. Nun reagiert einer der Autoren mit Biografie-Korrekturen auf seiner Webseite. Von Bernhard Loyen Die Causa &#8220;Correctiv-Artikel&#8221; zieht weiter mediale Kreise, diese nicht nur bezogen auf die manipulativen Folge-Kampagnen, ausgel\u00f6st durch die verleumderischen [&hellip;]<\/p>\n","protected":false},"author":3,"featured_media":54717,"comment_status":"open","ping_status":"open","sticky":false,"template":"","format":"standard","meta":{"_yoast_indexnow_last_ping":["1707134130"],"wp_automatic_camp":["217"],"b9234641cadcf7f16dd9237b19e48636":["&quot;Ich entwickele Aktionen und erfinde Geschichten&quot; \u2013 Erneute Correctiv-&quot;Korrektur&quot;"],"original_link":["https:\/\/de.rt.com\/inland\/195108-ich-entwickele-aktionen-und-erfinde\/"],"_thumbnail_id":["54717"],"jnews_social_counter_last_update":["1777357856"],"_wptgpro_p2tg_sent2tg":["a:1:{i:23737;s:19:\"2024-02-05 13:57:07\";}"]},"categories":[19,23],"tags":[22240,53213,53210,53211,18823,53212,7155,140],"yoast_head":"<!-- This site is optimized with the Yoast SEO Premium plugin v22.7 (Yoast SEO v22.7) - https:\/\/yoast.com\/wordpress\/plugins\/seo\/ -->\n<title>&quot;Ich entwickele Aktionen und erfinde Geschichten&quot; \u2013 Erneute Correctiv-&quot;Korrektur&quot; - just-now.NEWS Deutschland<\/title>\n<meta name=\"robots\" content=\"index, follow, max-snippet:-1, max-image-preview:large, max-video-preview:-1\" \/>\n<link rel=\"canonical\" href=\"https:\/\/now-news.de\/de\/deutschland\/ich-entwickele-aktionen-und-erfinde-geschichten-erneute-correctiv-korrektur\/\" \/>\n<meta property=\"og:locale\" content=\"de_DE\" \/>\n<meta property=\"og:type\" content=\"article\" \/>\n<meta property=\"og:title\" content=\"&quot;Ich entwickele Aktionen und erfinde Geschichten&quot; \u2013 Erneute Correctiv-&quot;Korrektur&quot;\" \/>\n<meta property=\"og:description\" content=\"Ein Correctiv-Artikel vom 10. Januar ist verantwortlich f\u00fcr herausragende medial-politische Dynamiken und Kampagnen. Auff\u00e4llige Hintergr\u00fcnde und Vorgeschichten r\u00fcckten das &#8220;Rechercheteam&#8221; in den Fokus. Nun reagiert einer der Autoren mit Biografie-Korrekturen auf seiner Webseite. Von Bernhard Loyen Die Causa &#8220;Correctiv-Artikel&#8221; zieht weiter mediale Kreise, diese nicht nur bezogen auf die manipulativen Folge-Kampagnen, ausgel\u00f6st durch die verleumderischen [&hellip;]\" \/>\n<meta property=\"og:url\" content=\"https:\/\/now-news.de\/de\/deutschland\/ich-entwickele-aktionen-und-erfinde-geschichten-erneute-correctiv-korrektur\/\" \/>\n<meta property=\"og:site_name\" content=\"just-now.NEWS Deutschland\" \/>\n<meta property=\"article:publisher\" content=\"https:\/\/www.facebook.com\/wirmachenauf\" \/>\n<meta property=\"article:published_time\" content=\"2024-02-05T11:46:45+00:00\" \/>\n<meta property=\"og:image\" content=\"https:\/\/now-news.de\/de\/wp-content\/uploads\/sites\/3\/2024\/02\/quotIch-entwickele-Aktionen-und-erfinde-Geschichtenquot-\u2013-Erneute-Correctiv-quotKorrekturquot.jpg\" \/>\n\t<meta property=\"og:image:width\" content=\"460\" \/>\n\t<meta property=\"og:image:height\" content=\"259\" \/>\n\t<meta property=\"og:image:type\" content=\"image\/jpeg\" \/>\n<meta name=\"author\" content=\"rtnews\" \/>\n<meta name=\"twitter:card\" content=\"summary_large_image\" \/>\n<meta name=\"twitter:creator\" content=\"@WirMachenAuf_de\" \/>\n<meta name=\"twitter:site\" content=\"@WirMachenAuf_de\" \/>\n<meta name=\"twitter:label1\" content=\"Verfasst von\" \/>\n\t<meta name=\"twitter:data1\" content=\"rtnews\" \/>\n\t<meta name=\"twitter:label2\" content=\"Gesch\u00e4tzte Lesezeit\" \/>\n\t<meta name=\"twitter:data2\" content=\"6\u00a0Minuten\" \/>\n<script type=\"application\/ld+json\" class=\"yoast-schema-graph\">{\"@context\":\"https:\/\/schema.org\",\"@graph\":[{\"@type\":\"Article\",\"@id\":\"https:\/\/now-news.de\/de\/deutschland\/ich-entwickele-aktionen-und-erfinde-geschichten-erneute-correctiv-korrektur\/#article\",\"isPartOf\":{\"@id\":\"https:\/\/now-news.de\/de\/deutschland\/ich-entwickele-aktionen-und-erfinde-geschichten-erneute-correctiv-korrektur\/\"},\"author\":{\"name\":\"rtnews\",\"@id\":\"https:\/\/now-news.de\/de\/#\/schema\/person\/fb534a4e865501d8b3285208df34a9b5\"},\"headline\":\"&quot;Ich entwickele Aktionen und erfinde Geschichten&quot; \u2013 Erneute Correctiv-&quot;Korrektur&quot;\",\"datePublished\":\"2024-02-05T11:46:45+00:00\",\"dateModified\":\"2024-02-05T11:46:45+00:00\",\"mainEntityOfPage\":{\"@id\":\"https:\/\/now-news.de\/de\/deutschland\/ich-entwickele-aktionen-und-erfinde-geschichten-erneute-correctiv-korrektur\/\"},\"wordCount\":1228,\"commentCount\":0,\"publisher\":{\"@id\":\"https:\/\/now-news.de\/de\/#organization\"},\"image\":{\"@id\":\"https:\/\/now-news.de\/de\/deutschland\/ich-entwickele-aktionen-und-erfinde-geschichten-erneute-correctiv-korrektur\/#primaryimage\"},\"thumbnailUrl\":\"https:\/\/now-news.de\/de\/wp-content\/uploads\/sites\/3\/2024\/02\/quotIch-entwickele-Aktionen-und-erfinde-Geschichtenquot-\u2013-Erneute-Correctiv-quotKorrekturquot.jpg\",\"keywords\":[\"Aktionen\",\"CorrectivquotKorrekturquot\",\"entwickele\",\"erfinde\",\"erneute\",\"Geschichtenquot\",\"quotIch\",\"und\"],\"articleSection\":[\"Deutschland\",\"Russland\"],\"inLanguage\":\"de\",\"potentialAction\":[{\"@type\":\"CommentAction\",\"name\":\"Comment\",\"target\":[\"https:\/\/now-news.de\/de\/deutschland\/ich-entwickele-aktionen-und-erfinde-geschichten-erneute-correctiv-korrektur\/#respond\"]}]},{\"@type\":\"WebPage\",\"@id\":\"https:\/\/now-news.de\/de\/deutschland\/ich-entwickele-aktionen-und-erfinde-geschichten-erneute-correctiv-korrektur\/\",\"url\":\"https:\/\/now-news.de\/de\/deutschland\/ich-entwickele-aktionen-und-erfinde-geschichten-erneute-correctiv-korrektur\/\",\"name\":\"&quot;Ich entwickele Aktionen und erfinde Geschichten&quot; \u2013 Erneute Correctiv-&quot;Korrektur&quot; - just-now.NEWS Deutschland\",\"isPartOf\":{\"@id\":\"https:\/\/now-news.de\/de\/#website\"},\"primaryImageOfPage\":{\"@id\":\"https:\/\/now-news.de\/de\/deutschland\/ich-entwickele-aktionen-und-erfinde-geschichten-erneute-correctiv-korrektur\/#primaryimage\"},\"image\":{\"@id\":\"https:\/\/now-news.de\/de\/deutschland\/ich-entwickele-aktionen-und-erfinde-geschichten-erneute-correctiv-korrektur\/#primaryimage\"},\"thumbnailUrl\":\"https:\/\/now-news.de\/de\/wp-content\/uploads\/sites\/3\/2024\/02\/quotIch-entwickele-Aktionen-und-erfinde-Geschichtenquot-\u2013-Erneute-Correctiv-quotKorrekturquot.jpg\",\"datePublished\":\"2024-02-05T11:46:45+00:00\",\"dateModified\":\"2024-02-05T11:46:45+00:00\",\"breadcrumb\":{\"@id\":\"https:\/\/now-news.de\/de\/deutschland\/ich-entwickele-aktionen-und-erfinde-geschichten-erneute-correctiv-korrektur\/#breadcrumb\"},\"inLanguage\":\"de\",\"potentialAction\":[{\"@type\":\"ReadAction\",\"target\":[\"https:\/\/now-news.de\/de\/deutschland\/ich-entwickele-aktionen-und-erfinde-geschichten-erneute-correctiv-korrektur\/\"]}]},{\"@type\":\"ImageObject\",\"inLanguage\":\"de\",\"@id\":\"https:\/\/now-news.de\/de\/deutschland\/ich-entwickele-aktionen-und-erfinde-geschichten-erneute-correctiv-korrektur\/#primaryimage\",\"url\":\"https:\/\/now-news.de\/de\/wp-content\/uploads\/sites\/3\/2024\/02\/quotIch-entwickele-Aktionen-und-erfinde-Geschichtenquot-\u2013-Erneute-Correctiv-quotKorrekturquot.jpg\",\"contentUrl\":\"https:\/\/now-news.de\/de\/wp-content\/uploads\/sites\/3\/2024\/02\/quotIch-entwickele-Aktionen-und-erfinde-Geschichtenquot-\u2013-Erneute-Correctiv-quotKorrekturquot.jpg\",\"width\":460,\"height\":259,\"caption\":\"&quot;Ich entwickele Aktionen und erfinde Geschichten&quot; \u2013 Erneute Correctiv-&quot;Korrektur&quot;\"},{\"@type\":\"BreadcrumbList\",\"@id\":\"https:\/\/now-news.de\/de\/deutschland\/ich-entwickele-aktionen-und-erfinde-geschichten-erneute-correctiv-korrektur\/#breadcrumb\",\"itemListElement\":[{\"@type\":\"ListItem\",\"position\":1,\"name\":\"Home\",\"item\":\"https:\/\/now-news.de\/de\/\"},{\"@type\":\"ListItem\",\"position\":2,\"name\":\"&quot;Ich entwickele Aktionen und erfinde Geschichten&quot; \u2013 Erneute Correctiv-&quot;Korrektur&quot;\"}]},{\"@type\":\"WebSite\",\"@id\":\"https:\/\/now-news.de\/de\/#website\",\"url\":\"https:\/\/now-news.de\/de\/\",\"name\":\"just-now.NEWS Deutschland\",\"description\":\"Das Portal f\u00fcr unzensierte Nachrichten aus der Welt\",\"publisher\":{\"@id\":\"https:\/\/now-news.de\/de\/#organization\"},\"potentialAction\":[{\"@type\":\"SearchAction\",\"target\":{\"@type\":\"EntryPoint\",\"urlTemplate\":\"https:\/\/now-news.de\/de\/?s={search_term_string}\"},\"query-input\":\"required name=search_term_string\"}],\"inLanguage\":\"de\"},{\"@type\":\"Organization\",\"@id\":\"https:\/\/now-news.de\/de\/#organization\",\"name\":\"Just Now News\",\"url\":\"https:\/\/now-news.de\/de\/\",\"logo\":{\"@type\":\"ImageObject\",\"inLanguage\":\"de\",\"@id\":\"https:\/\/now-news.de\/de\/#\/schema\/logo\/image\/\",\"url\":\"http:\/\/just-now.news\/de\/wp-content\/uploads\/sites\/3\/2022\/04\/logo500x500.jpg\",\"contentUrl\":\"http:\/\/just-now.news\/de\/wp-content\/uploads\/sites\/3\/2022\/04\/logo500x500.jpg\",\"width\":500,\"height\":500,\"caption\":\"Just Now News\"},\"image\":{\"@id\":\"https:\/\/now-news.de\/de\/#\/schema\/logo\/image\/\"},\"sameAs\":[\"https:\/\/www.facebook.com\/wirmachenauf\",\"https:\/\/x.com\/WirMachenAuf_de\"]},{\"@type\":\"Person\",\"@id\":\"https:\/\/now-news.de\/de\/#\/schema\/person\/fb534a4e865501d8b3285208df34a9b5\",\"name\":\"rtnews\",\"image\":{\"@type\":\"ImageObject\",\"inLanguage\":\"de\",\"@id\":\"https:\/\/now-news.de\/de\/#\/schema\/person\/image\/\",\"url\":\"https:\/\/secure.gravatar.com\/avatar\/82aafea7d8127119dd649515f56e2117?s=96&d=mm&r=g\",\"contentUrl\":\"https:\/\/secure.gravatar.com\/avatar\/82aafea7d8127119dd649515f56e2117?s=96&d=mm&r=g\",\"caption\":\"rtnews\"},\"url\":\"https:\/\/now-news.de\/de\/author\/rnews\/\"}]}<\/script>\n<!-- \/ Yoast SEO Premium plugin. -->","yoast_head_json":{"title":"&quot;Ich entwickele Aktionen und erfinde Geschichten&quot; \u2013 Erneute Correctiv-&quot;Korrektur&quot; - just-now.NEWS Deutschland","robots":{"index":"index","follow":"follow","max-snippet":"max-snippet:-1","max-image-preview":"max-image-preview:large","max-video-preview":"max-video-preview:-1"},"canonical":"https:\/\/now-news.de\/de\/deutschland\/ich-entwickele-aktionen-und-erfinde-geschichten-erneute-correctiv-korrektur\/","og_locale":"de_DE","og_type":"article","og_title":"&quot;Ich entwickele Aktionen und erfinde Geschichten&quot; \u2013 Erneute Correctiv-&quot;Korrektur&quot;","og_description":"Ein Correctiv-Artikel vom 10. Januar ist verantwortlich f\u00fcr herausragende medial-politische Dynamiken und Kampagnen. Auff\u00e4llige Hintergr\u00fcnde und Vorgeschichten r\u00fcckten das &#8220;Rechercheteam&#8221; in den Fokus. Nun reagiert einer der Autoren mit Biografie-Korrekturen auf seiner Webseite. Von Bernhard Loyen Die Causa &#8220;Correctiv-Artikel&#8221; zieht weiter mediale Kreise, diese nicht nur bezogen auf die manipulativen Folge-Kampagnen, ausgel\u00f6st durch die verleumderischen [&hellip;]","og_url":"https:\/\/now-news.de\/de\/deutschland\/ich-entwickele-aktionen-und-erfinde-geschichten-erneute-correctiv-korrektur\/","og_site_name":"just-now.NEWS Deutschland","article_publisher":"https:\/\/www.facebook.com\/wirmachenauf","article_published_time":"2024-02-05T11:46:45+00:00","og_image":[{"width":460,"height":259,"url":"https:\/\/now-news.de\/de\/wp-content\/uploads\/sites\/3\/2024\/02\/quotIch-entwickele-Aktionen-und-erfinde-Geschichtenquot-\u2013-Erneute-Correctiv-quotKorrekturquot.jpg","type":"image\/jpeg"}],"author":"rtnews","twitter_card":"summary_large_image","twitter_creator":"@WirMachenAuf_de","twitter_site":"@WirMachenAuf_de","twitter_misc":{"Verfasst von":"rtnews","Gesch\u00e4tzte Lesezeit":"6\u00a0Minuten"},"schema":{"@context":"https:\/\/schema.org","@graph":[{"@type":"Article","@id":"https:\/\/now-news.de\/de\/deutschland\/ich-entwickele-aktionen-und-erfinde-geschichten-erneute-correctiv-korrektur\/#article","isPartOf":{"@id":"https:\/\/now-news.de\/de\/deutschland\/ich-entwickele-aktionen-und-erfinde-geschichten-erneute-correctiv-korrektur\/"},"author":{"name":"rtnews","@id":"https:\/\/now-news.de\/de\/#\/schema\/person\/fb534a4e865501d8b3285208df34a9b5"},"headline":"&quot;Ich entwickele Aktionen und erfinde Geschichten&quot; \u2013 Erneute Correctiv-&quot;Korrektur&quot;","datePublished":"2024-02-05T11:46:45+00:00","dateModified":"2024-02-05T11:46:45+00:00","mainEntityOfPage":{"@id":"https:\/\/now-news.de\/de\/deutschland\/ich-entwickele-aktionen-und-erfinde-geschichten-erneute-correctiv-korrektur\/"},"wordCount":1228,"commentCount":0,"publisher":{"@id":"https:\/\/now-news.de\/de\/#organization"},"image":{"@id":"https:\/\/now-news.de\/de\/deutschland\/ich-entwickele-aktionen-und-erfinde-geschichten-erneute-correctiv-korrektur\/#primaryimage"},"thumbnailUrl":"https:\/\/now-news.de\/de\/wp-content\/uploads\/sites\/3\/2024\/02\/quotIch-entwickele-Aktionen-und-erfinde-Geschichtenquot-\u2013-Erneute-Correctiv-quotKorrekturquot.jpg","keywords":["Aktionen","CorrectivquotKorrekturquot","entwickele","erfinde","erneute","Geschichtenquot","quotIch","und"],"articleSection":["Deutschland","Russland"],"inLanguage":"de","potentialAction":[{"@type":"CommentAction","name":"Comment","target":["https:\/\/now-news.de\/de\/deutschland\/ich-entwickele-aktionen-und-erfinde-geschichten-erneute-correctiv-korrektur\/#respond"]}]},{"@type":"WebPage","@id":"https:\/\/now-news.de\/de\/deutschland\/ich-entwickele-aktionen-und-erfinde-geschichten-erneute-correctiv-korrektur\/","url":"https:\/\/now-news.de\/de\/deutschland\/ich-entwickele-aktionen-und-erfinde-geschichten-erneute-correctiv-korrektur\/","name":"&quot;Ich entwickele Aktionen und erfinde Geschichten&quot; \u2013 Erneute Correctiv-&quot;Korrektur&quot; - just-now.NEWS Deutschland","isPartOf":{"@id":"https:\/\/now-news.de\/de\/#website"},"primaryImageOfPage":{"@id":"https:\/\/now-news.de\/de\/deutschland\/ich-entwickele-aktionen-und-erfinde-geschichten-erneute-correctiv-korrektur\/#primaryimage"},"image":{"@id":"https:\/\/now-news.de\/de\/deutschland\/ich-entwickele-aktionen-und-erfinde-geschichten-erneute-correctiv-korrektur\/#primaryimage"},"thumbnailUrl":"https:\/\/now-news.de\/de\/wp-content\/uploads\/sites\/3\/2024\/02\/quotIch-entwickele-Aktionen-und-erfinde-Geschichtenquot-\u2013-Erneute-Correctiv-quotKorrekturquot.jpg","datePublished":"2024-02-05T11:46:45+00:00","dateModified":"2024-02-05T11:46:45+00:00","breadcrumb":{"@id":"https:\/\/now-news.de\/de\/deutschland\/ich-entwickele-aktionen-und-erfinde-geschichten-erneute-correctiv-korrektur\/#breadcrumb"},"inLanguage":"de","potentialAction":[{"@type":"ReadAction","target":["https:\/\/now-news.de\/de\/deutschland\/ich-entwickele-aktionen-und-erfinde-geschichten-erneute-correctiv-korrektur\/"]}]},{"@type":"ImageObject","inLanguage":"de","@id":"https:\/\/now-news.de\/de\/deutschland\/ich-entwickele-aktionen-und-erfinde-geschichten-erneute-correctiv-korrektur\/#primaryimage","url":"https:\/\/now-news.de\/de\/wp-content\/uploads\/sites\/3\/2024\/02\/quotIch-entwickele-Aktionen-und-erfinde-Geschichtenquot-\u2013-Erneute-Correctiv-quotKorrekturquot.jpg","contentUrl":"https:\/\/now-news.de\/de\/wp-content\/uploads\/sites\/3\/2024\/02\/quotIch-entwickele-Aktionen-und-erfinde-Geschichtenquot-\u2013-Erneute-Correctiv-quotKorrekturquot.jpg","width":460,"height":259,"caption":"&quot;Ich entwickele Aktionen und erfinde Geschichten&quot; \u2013 Erneute Correctiv-&quot;Korrektur&quot;"},{"@type":"BreadcrumbList","@id":"https:\/\/now-news.de\/de\/deutschland\/ich-entwickele-aktionen-und-erfinde-geschichten-erneute-correctiv-korrektur\/#breadcrumb","itemListElement":[{"@type":"ListItem","position":1,"name":"Home","item":"https:\/\/now-news.de\/de\/"},{"@type":"ListItem","position":2,"name":"&quot;Ich entwickele Aktionen und erfinde Geschichten&quot; \u2013 Erneute Correctiv-&quot;Korrektur&quot;"}]},{"@type":"WebSite","@id":"https:\/\/now-news.de\/de\/#website","url":"https:\/\/now-news.de\/de\/","name":"just-now.NEWS Deutschland","description":"Das Portal f\u00fcr unzensierte Nachrichten aus der Welt","publisher":{"@id":"https:\/\/now-news.de\/de\/#organization"},"potentialAction":[{"@type":"SearchAction","target":{"@type":"EntryPoint","urlTemplate":"https:\/\/now-news.de\/de\/?s={search_term_string}"},"query-input":"required name=search_term_string"}],"inLanguage":"de"},{"@type":"Organization","@id":"https:\/\/now-news.de\/de\/#organization","name":"Just Now News","url":"https:\/\/now-news.de\/de\/","logo":{"@type":"ImageObject","inLanguage":"de","@id":"https:\/\/now-news.de\/de\/#\/schema\/logo\/image\/","url":"http:\/\/just-now.news\/de\/wp-content\/uploads\/sites\/3\/2022\/04\/logo500x500.jpg","contentUrl":"http:\/\/just-now.news\/de\/wp-content\/uploads\/sites\/3\/2022\/04\/logo500x500.jpg","width":500,"height":500,"caption":"Just Now News"},"image":{"@id":"https:\/\/now-news.de\/de\/#\/schema\/logo\/image\/"},"sameAs":["https:\/\/www.facebook.com\/wirmachenauf","https:\/\/x.com\/WirMachenAuf_de"]},{"@type":"Person","@id":"https:\/\/now-news.de\/de\/#\/schema\/person\/fb534a4e865501d8b3285208df34a9b5","name":"rtnews","image":{"@type":"ImageObject","inLanguage":"de","@id":"https:\/\/now-news.de\/de\/#\/schema\/person\/image\/","url":"https:\/\/secure.gravatar.com\/avatar\/82aafea7d8127119dd649515f56e2117?s=96&d=mm&r=g","contentUrl":"https:\/\/secure.gravatar.com\/avatar\/82aafea7d8127119dd649515f56e2117?s=96&d=mm&r=g","caption":"rtnews"},"url":"https:\/\/now-news.de\/de\/author\/rnews\/"}]}},"_links":{"self":[{"href":"https:\/\/now-news.de\/de\/wp-json\/wp\/v2\/posts\/54716"}],"collection":[{"href":"https:\/\/now-news.de\/de\/wp-json\/wp\/v2\/posts"}],"about":[{"href":"https:\/\/now-news.de\/de\/wp-json\/wp\/v2\/types\/post"}],"author":[{"embeddable":true,"href":"https:\/\/now-news.de\/de\/wp-json\/wp\/v2\/users\/3"}],"replies":[{"embeddable":true,"href":"https:\/\/now-news.de\/de\/wp-json\/wp\/v2\/comments?post=54716"}],"version-history":[{"count":0,"href":"https:\/\/now-news.de\/de\/wp-json\/wp\/v2\/posts\/54716\/revisions"}],"wp:featuredmedia":[{"embeddable":true,"href":"https:\/\/now-news.de\/de\/wp-json\/wp\/v2\/media\/54717"}],"wp:attachment":[{"href":"https:\/\/now-news.de\/de\/wp-json\/wp\/v2\/media?parent=54716"}],"wp:term":[{"taxonomy":"category","embeddable":true,"href":"https:\/\/now-news.de\/de\/wp-json\/wp\/v2\/categories?post=54716"},{"taxonomy":"post_tag","embeddable":true,"href":"https:\/\/now-news.de\/de\/wp-json\/wp\/v2\/tags?post=54716"}],"curies":[{"name":"wp","href":"https:\/\/api.w.org\/{rel}","templated":true}]}}