{"id":54677,"date":"2024-02-04T20:18:02","date_gmt":"2024-02-04T18:18:02","guid":{"rendered":"https:\/\/just-now.news\/de\/deutschland\/unternehmensberater-politik-gefaehrdet-ernaehrungssicherheit-%e2%80%92-buerger-werden-darueber-nicht-informiert\/"},"modified":"2024-02-04T20:18:02","modified_gmt":"2024-02-04T18:18:02","slug":"unternehmensberater-politik-gefaehrdet-ernaehrungssicherheit-%e2%80%92-buerger-werden-darueber-nicht-informiert","status":"publish","type":"post","link":"https:\/\/now-news.de\/de\/deutschland\/unternehmensberater-politik-gefaehrdet-ernaehrungssicherheit-%e2%80%92-buerger-werden-darueber-nicht-informiert\/","title":{"rendered":"Unternehmensberater: Politik gef\u00e4hrdet Ern\u00e4hrungssicherheit \u2012 B\u00fcrger werden dar\u00fcber nicht informiert"},"content":{"rendered":"<div class=\"Text-root Text-type_1 \">\n                Zwischen Eindhoven und Antwerpen haben Bauern auf der A67 eine von drei Grenzblockaden errichtet. In den niederl\u00e4ndischen Medien wird fast nur \u00fcber eine  Blockade von Klima-Aktivisten berichtet. Die B\u00fcrger werden \u00fcber die dramatischen Folgen der Landwirtschaftspolitik kaum informiert.\n            <\/div>\n<p><\/p>\n<div class=\"Text-root Text-type_5 ArticleView-text ViewText-root \">\n<p><em>Von Felicitas Rabe<\/em><\/p>\n<p>W\u00e4hrend die franz\u00f6sischen Bauerngewerkschaften nach den Versprechungen des franz\u00f6sischen Pr\u00e4sidenten, den Forderungen der Bauern entgegenzukommen, am Donnerstag ihre Autobahnblockaden fast vollst\u00e4ndig abbrachen, wird in anderen europ\u00e4ischen L\u00e4ndern weiter blockiert, unter anderem auch hierzulande. So wurden beispielsweise am Samstag <a rel=\"nofollow noopener\" target=\"_blank\" href=\"https:\/\/www.merkur.de\/deutschland\/hessen\/warnung-bauernproteste-flughafen-frankfurt-strassen-gesperrt-a5-b43-b44-landwirte-airport-besucher-92812431.html\">Autobahnzufahrten zum Frankfurter Flughafen<\/a> von Traktorenumz\u00fcgen gest\u00f6rt und in <a rel=\"nofollow noopener\" target=\"_blank\" href=\"https:\/\/www.ndr.de\/nachrichten\/niedersachsen\/oldenburg_ostfriesland\/Bauernproteste-in-Bremerhaven-eskalieren-Polizei-ermittelt,bremerhaven656.html\">Bremerhaven die Zufahrt zum Hafen<\/a> von Bauern blockiert. Bei der <a rel=\"nofollow noopener\" target=\"_blank\" href=\"https:\/\/www.ndr.de\/nachrichten\/niedersachsen\/braunschweig_harz_goettingen\/A2-bei-Braunschweig-nach-Blockade-mit-Treckern-und-Mist-wieder-frei,mist104.html\">Bauernblockade auf der A2<\/a> wurden Misthaufen, Holz und Autoreifen eingestreut. Seit Wochen finden t\u00e4glich in Deutschland sich stetig radikalisierende Proteste der Bauern statt.<\/p>\n<p>In Belgien und den Niederlanden hatten sich f\u00fcr dieses Wochenende Bauern zu gemeinsamen Blockaden des Autobahngrenzverkehrs zusammengeschlossen. Dabei <a rel=\"nofollow noopener\" target=\"_blank\" href=\"https:\/\/nltimes.nl\/2024\/02\/02\/dutch-urged-postpone-trips-belgium-protesting-farmers-block-border-crossings\">blockierten sie gleichzeitig<\/a> den Fernverkehr auf drei Autobahnen zwischen den Niederlanden und Belgien. Auf der A4 zwischen Bergen op Zoom und Antwerpen, der A16 zwischen Breda und Antwerpen und der A67 zwischen Eindhoven und Antwerpen. Gem\u00e4\u00df ihrer Ank\u00fcndigung waren die Blockaden f\u00fcr das ganze Wochenende geplant.<\/p>\n<p>Insbesondere um mit belgischen Bauern \u00fcber ihre Auswertung der Ergebnisse nach der gro\u00dfen Blockade um das Europ\u00e4ische Parlament vom Donnerstag zu sprechen und ihre Bewertung der Bauernk\u00e4mpfe in Europa zu erkunden, machte sich die Autorin auf den Weg zur Blockade auf der A67 bei Arendonk.<\/p>\n<p><strong>Verkehrsnachrichten unterschlagen die Vollsperrung der A67 <\/strong><\/p>\n<p>Die Rastst\u00e4tte Bedburg auf der A4 Richtung Venlo war komplett \u00fcberf\u00fcllt mit LKWs. Gern h\u00e4tte die Autorin von den LKW-Fahrern erfahren, welche Auswirkungen die mehrt\u00e4gigen Blockaden der wichtigsten Fernstra\u00dfen nach Antwerpen f\u00fcr sie hatte. Erstaunlicherweise befanden sich nur LKWs aus Polen und Litauen auf der zugestellten Rastst\u00e4tte. Die Angesprochenen sprachen wenig Englisch, schienen aber \u00fcber die massiven Autobahnblockaden v\u00f6llig uninformiert zu sein. Jedenfalls meinten sie, davon w\u00fcssten sie nichts. Vielleicht gab es auch Missverst\u00e4ndnisse.<\/p>\n<p>Deshalb befragte die Berichterstatterin, nachdem sie bereits auf der A67 zwischen Venlo und Eindhoven war, Mitarbeiter auf zwei verschiedenen Autobahnrastst\u00e4tten \u00fcber ihre Wahrnehmung der Blockaden. Diesmal gab es keine Sprachprobleme, aber die Befragten wussten offensichtlich am Samstagnachmittag gar nicht, dass die Autobahn, an der sie arbeiteten, seit zwei Tagen blockiert wurde. Wie kann das sein, im Zeitalter der Digitalisierung? Merkw\u00fcrdig war auch, dass diese &#8220;Verkehrsbehinderung&#8221;\u00a0 beziehungsweise Vollsperrung der A67 in den niederl\u00e4ndischen Verkehrsnachrichten gar nicht durchgegeben wurde, jedenfalls nicht in dem Radioprogramm, das die Autorin unterwegs h\u00f6rte.<\/p>\n<p>Kurz vor der vermuteten Blockadestelle verlie\u00df sie vorsichtshalber die A67. An einer Tankstelle direkt an der Autobahnabfahrt bei der Stadt Eersel wollte sich die Berichterstatterin erkundigen, wo genau die Blockade der Autobahn war und wie\u00a0sie auf Schleichwegen am besten dorthin k\u00e4me.<\/p>\n<p>Wiederum hatte auch diese Tankstellenmitarbeiterin noch nicht von der seit zwei Tagen bestehenden Bauernblockade geh\u00f6rt, die sich in circa zehn Kilometern Entfernung befinden musste. Gl\u00fccklicherweise befand sich ein Kunde in der Tankstelle, ein junger Mann, der Bescheid wusste. Er erkl\u00e4rte der Autorin, wie sie auf Schleichwegen zu einer Br\u00fccke \u00fcber die Autobahn k\u00e4me, genau an der Blockadestelle.<\/p>\n<p><strong>Ein B\u00fcrger aus Amsterdam: Die Politik gef\u00e4hrdet unsere Nahrungsmittelversorgung<\/strong><\/p>\n<p>Nachdem die Autorin noch ein paar Kilometer auf der Autobahn gefahren war, gab es pl\u00f6tzlich die Vollsperrung, von der man in den Nachrichten nichts geh\u00f6rt hatte. Der Verkehr wurde bei der Abfahrt Reusel von der Autobahn gef\u00fchrt. Gegen 16:45 Uhr traf\u00a0die Berichterstatterin an der Br\u00fccke \u00fcber die Blockadestelle ein, aber von den Bauern war keiner mehr da. W\u00e4hrend\u00a0sie da stand, trafen immer mehr Feuerwehren und Ordnungskr\u00e4fte ein, die einen Schwelbrand von Autoreifen l\u00f6schten und Aufr\u00e4umarbeiten durchf\u00fchrten. Es ist unklar, warum die Bauern diese Blockade entgegen ihrer Angaben schon vor Ende des Wochenendes abgebrochen haben.<\/p>\n<figure class=\"RTImage-root\">\n<div class=\"RTImage-image RTImage-original\"><picture class=\"Picture-root Picture-original\"><!--[if IE 9]><video style=\"display: none;\"><![endif]--><source media=\"(-webkit-min-device-pixel-ratio: 2) and (min-resolution: 120dpi)\" data-srcset=\" \nhttp:\/\/just-now.news\/de\/wp-content\/uploads\/sites\/3\/2024\/02\/65bfab3948fbef3027471ee8.jpg 850w,\n                http:\/\/just-now.news\/de\/wp-content\/uploads\/sites\/3\/2024\/02\/65bfab3948fbef3027471ee8.jpg 1960w,            \" ><source data-srcset=\" \nhttp:\/\/just-now.news\/de\/wp-content\/uploads\/sites\/3\/2024\/02\/65bfab3948fbef3027471ee8.jpg 460w,\n              http:\/\/just-now.news\/de\/wp-content\/uploads\/sites\/3\/2024\/02\/65bfab3948fbef3027471ee8.jpg 980w,\n            \" ><!--[if IE 9]><\/video><![endif]--><img decoding=\"async\" data- src=\"data:image\/png;base64,iVBORw0KGgoAAAANSUhEUgAAABAAAAAJCAQAAACRI2S5AAAAEElEQVR42mNkIAAYRxWAAQAG9gAKqv6+AwAAAABJRU5ErkJggg==\" class=\"Picture-root Picture-original lazyload\" data-src=\"http:\/\/just-now.news\/de\/wp-content\/uploads\/sites\/3\/2024\/02\/65bfab3948fbef3027471ee8.jpg\" alt=\"\"><\/source><\/source><\/picture><!-- noscript pattern --><noscript><img decoding=\"async\" src=\"http:\/\/just-now.news\/de\/wp-content\/uploads\/sites\/3\/2024\/02\/65bfab3948fbef3027471ee8.jpg\" alt=\"\"><\/noscript><\/div><figcaption class=\"RTImage-footer\"><span class=\"RTImage-caption\"><span class=\"RTImage-captionItem\">Feuerwehr nach einer Bauernblockade auf der gesperrten A67 bei Arendonk in Belgien, 3. Februar 2024<\/span><\/span><span class=\"RTImage-source\"><span class=\"RTImage-captionItem\">Felicitas Rabe<\/span><\/span><\/figcaption><\/figure>\n<p>Neben ein paar Journalisten, die das Geschehen filmten und kommentierten, standen auch ein paar interessierte B\u00fcrger auf der Br\u00fccke. Thomas S. war extra aus Amsterdam hierhergekommen, um die Bauernblockade per Drohnenaufnahme zu dokumentieren. Im Interview mit der Autorin erkl\u00e4rte der Mittdrei\u00dfiger seine Wahrnehmung der Bauernproteste aus der Sicht eines B\u00fcrgers, der sich vorher noch nie um politische Demonstrationen gek\u00fcmmert habe.<\/p>\n<p>Der niederl\u00e4ndische Unternehmensberater w\u00e4re zum ersten Mal zu einem Demonstrationsort gefahren, berichtete er zu Beginn des Gespr\u00e4ches. Normalerweise nutze er seine Drohne f\u00fcr Urlaubs- und Freizeitaufnahmen. Angesichts der Situation wolle er allerdings mit eigenen Augen sehen, was in seinem Land passiere. Er w\u00fcsste nicht genau, wie man die Situation l\u00f6sen k\u00f6nne, aber das Mindeste w\u00e4re, dass es mehr Berichte dar\u00fcber in den Medien g\u00e4be. Der Amsterdamer w\u00f6rtlich:<\/p>\n<blockquote>\n<p><em>&#8220;Aber auf jeden Fall, so denke ich, braucht es mehr Berichterstattung, \u00fcber die Protestereignisse und \u00fcber deren Hintergr\u00fcnde.&#8221;<\/em><\/p>\n<\/blockquote>\n<p>Warum mehr Berichterstattung ihm als bisher nicht politisch engagierten B\u00fcrger aktuell so wichtig sei, wollte die Autorin von ihm wissen. Es ginge hierbei schlie\u00dflich um etwas ganz Wesentliches, n\u00e4mlich um die Ern\u00e4hrungssicherheit der Menschen:<\/p>\n<blockquote>\n<p><em>&#8220;Die Politik, die die niederl\u00e4ndische Regierung und die EU derzeit verfolgen, gef\u00e4hrdet unsere Ern\u00e4hrungssicherheit. Und diese wichtige Nachricht kommt nirgends vor.&#8221;<\/em><\/p>\n<\/blockquote>\n<p>Stattdessen w\u00fcrde in den Niederlanden ganz massiv verbreitet, dass die Landwirtschaft das Klima gef\u00e4hrde. Aus diesem Grunde d\u00e4chten die Menschen, es sei unmoralisch, die Bauern zu unterst\u00fctzen. Dabei w\u00e4ren die B\u00fcrger nicht in der Lage, die Konsequenzen zu sehen, wenn man die Landwirtschaft und die Bauern immer mehr einschr\u00e4nken w\u00fcrde. In der niederl\u00e4ndischen Politik sei ihm besonders aufgefallen, dass in den Verhandlungen zwischen der\u00a0 Regierung und den Vertretern der Landwirtschaft die Organisation <a rel=\"nofollow noopener\" target=\"_blank\" href=\"https:\/\/farmersdefenceforce.nl\/\">Farmers Defense Force<\/a> (FDF) \u00fcberhaupt nicht vertreten w\u00e4re. Die FDF w\u00fcrde nicht als Verhandlungspartner zugelassen. Seine Hoffnung bestehe darin, dass die Bauern ihren Protest immer weiter ausweiten w\u00fcrden. In den Niederlanden h\u00e4tten schon viele Dinge, die klein anfingen, schlie\u00dflich zum Erfolg gef\u00fchrt. Was wir jetzt bei den Bauernprotesten erlebten, sei erst der Anfang.<\/p>\n<p><strong>Bauernproteste bedrohten angeblich die Regierung<\/strong><\/p>\n<p>Warum man von den Autobahnblockaden und Vollsperrungen nichts in den Verkehrsnachrichten erfahren w\u00fcrde, wollte die Autorin wissen. Nach seinem Kenntnisstand werde in den Medien \u00fcber zwei Autobahnblockaden berichtet, allerdings in unterschiedlichem Ausma\u00df. Haupts\u00e4chlich sei \u00fcber die <a rel=\"nofollow noopener\" target=\"_blank\" href=\"https:\/\/nltimes.nl\/2024\/02\/04\/thousand-climate-activists-arrested-a12-blockade-hague\">Blockade der Klima-Aktivisten<\/a> auf der A12 berichtet worden, die Bauernblockade auf der A67 habe man nur am Rande erw\u00e4hnt.<\/p>\n<p>Nach Ansicht der FDF w\u00fcrden die Mainstream-Medien die Bauern als Bedrohung f\u00fcr die Regierung darstellen, bezog sich Thomas S. auf eine Aussage der Bauernorganisation. Seit ein paar Tagen w\u00fcrde die FDF ihre Aktionen auch nicht mehr auf ihrem <a rel=\"nofollow noopener\" target=\"_blank\" href=\"https:\/\/twitter.com\/FDF_Nederland\">Social-Media-Kanal <\/a>ank\u00fcndigen. Er ginge davon aus, dass diese Transparenz den Blockaden mehr geschadet als genutzt habe \u2013 und dass die Bauernorganisation ihre Pl\u00e4ne lieber unter dem Radar der \u00d6ffentlichkeit machen wolle. \u00a0<\/p>\n<p>Am Ende des Interviews war ihm noch eine Botschaft wichtig: T\u00e4glich w\u00fcrde so viel in der Welt passieren. Aber die Menschen sollten die Darstellung in den Medien nicht einfach so hinnehmen, sondern ihre eigene Recherche betreiben. Und vor allem: &#8220;Entfernen Sie das Wort Verschw\u00f6rungstheorie aus Ihrem Vokabular&#8221;, erkl\u00e4rte der Mann aus Amsterdam.<\/p>\n<p><strong>IWF-Chefin: Die Regierungen w\u00fcrden ein Entgegenkommen bei den Bauern anschlie\u00dfend bereuen m\u00fcssen <\/strong><\/p>\n<p>Ungeachtet der deutschen Bauernproteste <a rel=\"nofollow noopener\" target=\"_blank\" href=\"https:\/\/www.t-online.de\/nachrichten\/deutschland\/id_100335426\/bundestag-beschliesst-abbau-von-steuerentlastungen-fuer-bauern.html\">beschloss der Bundestag<\/a> am Freitag den Abbau der Steuerentlastungen f\u00fcr die Bauern. Ebenfalls am Freitag<a rel=\"nofollow noopener\" target=\"_blank\" href=\"https:\/\/www.manager-magazin.de\/politik\/europa\/europaweite-bauernproteste-iwf-chefin-warnt-davor-landwirten-finanziell-zu-sehr-entgegenzukommen-a-e2681cc3-6a42-42cb-9c73-b02bb80da26f\"> &#8220;warnte&#8221; die Chefin des Internationalen W\u00e4hrungsfonds IWF<\/a>, Kristalina Georgiewa, dem <em>Manager-Magazin<\/em> zufolge die europ\u00e4ischen Regierungen. Man d\u00fcrfe den Bauern finanziell nicht &#8220;zu sehr entgegenkommen&#8221;. Denn ein Entgegenkommen gegen\u00fcber den Bauern w\u00fcrden die Regierungen am Ende bereuen. Sie k\u00f6nnten dann n\u00e4mlich\u00a0nicht mehr das Notwendige tun:<\/p>\n<blockquote>\n<p><em>&#8220;Aber wenn dieses Gef\u00fchl anh\u00e4lt und es Regierungen in eine Ecke dr\u00e4ngt, in der sie nicht mehr das Notwendige zur St\u00e4rkung der Volkswirtschaften unternehmen k\u00f6nnen, dann wird der Zeitpunkt kommen, an dem sie es bereuen.&#8221;<\/em><\/p>\n<\/blockquote>\n<p>Man solle schon deshalb keine Zugest\u00e4ndnisse an die Bauern machen, weil es viel zu schwierig sei, sie anschlie\u00dfend wieder zur\u00fcckzunehmen, erl\u00e4uterte die IWF-Chefin ihren Standpunkt: &#8220;Sie erkennen aber auch, wie schwierig es ist, Unterst\u00fctzung zu entziehen.&#8221; Georgiewa weiter: &#8220;Es ist leicht, zu geben. Es ist schwierig, es wieder zur\u00fcckzunehmen.&#8221;<\/p>\n<p>Unterdessen haben die franz\u00f6sischen Bauern ihrer Regierung zur Umsetzung der angek\u00fcndigten Versprechen <a rel=\"nofollow noopener\" target=\"_blank\" href=\"https:\/\/francais.rt.com\/france\/109256-agriculteurs-colere-forces-ordre-evacuent\">ein Ultimatum gestellt<\/a>. Emmanuel Macron hat jetzt bis Anfang M\u00e4rz Zeit, zu beweisen, ob er den Abbau der B\u00fcrokratie in der Landwirtschaft und seine anderen Versprechen umsetzt.<\/p>\n<p><strong>Mehr zum Thema<\/strong> &#8211; <a rel=\"nofollow noopener\" target=\"_blank\" href=\"https:\/\/freedert.online\/meinung\/194199-franzoesischen-bauern-saeen-samen-revolution\/\">Die franz\u00f6sischen Bauern s\u00e4en den Samen der Revolution gegen die Eliten in Paris<\/a><\/p>\n<\/p>\n<\/div>\n<p><script async src=\"https:\/\/platform.twitter.com\/widgets.js\" charset=\"utf-8\"><\/script><br \/>\n<br \/><br \/>\n<br \/><a href=\"https:\/\/de.rt.com\/meinung\/195061-hollaender-buerger-politik-gefaehrdet-ernaehrungssicherheit\/\">Source link <\/a><\/p>\n","protected":false},"excerpt":{"rendered":"<p>Zwischen Eindhoven und Antwerpen haben Bauern auf der A67 eine von drei Grenzblockaden errichtet. In den niederl\u00e4ndischen Medien wird fast nur \u00fcber eine Blockade von Klima-Aktivisten berichtet. Die B\u00fcrger werden \u00fcber die dramatischen Folgen der Landwirtschaftspolitik kaum informiert. Von Felicitas Rabe W\u00e4hrend die franz\u00f6sischen Bauerngewerkschaften nach den Versprechungen des franz\u00f6sischen Pr\u00e4sidenten, den Forderungen der Bauern [&hellip;]<\/p>\n","protected":false},"author":3,"featured_media":54678,"comment_status":"open","ping_status":"open","sticky":false,"template":"","format":"standard","meta":{"_yoast_indexnow_last_ping":["1707071229"],"wp_automatic_camp":["217"],"10b640286dfe0ed5a181b9675980cb34":["Unternehmensberater: Politik gef\u00e4hrdet Ern\u00e4hrungssicherheit \u2012 B\u00fcrger werden dar\u00fcber nicht informiert"],"original_link":["https:\/\/de.rt.com\/meinung\/195061-hollaender-buerger-politik-gefaehrdet-ernaehrungssicherheit\/"],"_thumbnail_id":["54678"],"jnews_social_counter_last_update":["1777096927"],"_wptgpro_p2tg_sent2tg":["a:1:{i:23737;s:19:\"2024-02-04 20:30:08\";}"]},"categories":[19,23],"tags":[8956,4469,23104,1294,22058,800,592,53184,1040],"yoast_head":"<!-- This site is optimized with the Yoast SEO Premium plugin v22.7 (Yoast SEO v22.7) - https:\/\/yoast.com\/wordpress\/plugins\/seo\/ -->\n<title>Unternehmensberater: Politik gef\u00e4hrdet Ern\u00e4hrungssicherheit \u2012 B\u00fcrger werden dar\u00fcber nicht informiert - just-now.NEWS Deutschland<\/title>\n<meta name=\"robots\" content=\"index, follow, max-snippet:-1, max-image-preview:large, max-video-preview:-1\" \/>\n<link rel=\"canonical\" href=\"https:\/\/now-news.de\/de\/deutschland\/unternehmensberater-politik-gefaehrdet-ernaehrungssicherheit-\u2012-buerger-werden-darueber-nicht-informiert\/\" \/>\n<meta property=\"og:locale\" content=\"de_DE\" \/>\n<meta property=\"og:type\" content=\"article\" \/>\n<meta property=\"og:title\" content=\"Unternehmensberater: Politik gef\u00e4hrdet Ern\u00e4hrungssicherheit \u2012 B\u00fcrger werden dar\u00fcber nicht informiert\" \/>\n<meta property=\"og:description\" content=\"Zwischen Eindhoven und Antwerpen haben Bauern auf der A67 eine von drei Grenzblockaden errichtet. In den niederl\u00e4ndischen Medien wird fast nur \u00fcber eine Blockade von Klima-Aktivisten berichtet. Die B\u00fcrger werden \u00fcber die dramatischen Folgen der Landwirtschaftspolitik kaum informiert. Von Felicitas Rabe W\u00e4hrend die franz\u00f6sischen Bauerngewerkschaften nach den Versprechungen des franz\u00f6sischen Pr\u00e4sidenten, den Forderungen der Bauern [&hellip;]\" \/>\n<meta property=\"og:url\" content=\"https:\/\/now-news.de\/de\/deutschland\/unternehmensberater-politik-gefaehrdet-ernaehrungssicherheit-\u2012-buerger-werden-darueber-nicht-informiert\/\" \/>\n<meta property=\"og:site_name\" content=\"just-now.NEWS Deutschland\" \/>\n<meta property=\"article:publisher\" content=\"https:\/\/www.facebook.com\/wirmachenauf\" \/>\n<meta property=\"article:published_time\" content=\"2024-02-04T18:18:02+00:00\" \/>\n<meta property=\"og:image\" content=\"https:\/\/now-news.de\/de\/wp-content\/uploads\/sites\/3\/2024\/02\/Unternehmensberater-Politik-gefaehrdet-Ernaehrungssicherheit-\u2012-Buerger-werden-darueber-nicht-informiert.jpg\" \/>\n\t<meta property=\"og:image:width\" content=\"1280\" \/>\n\t<meta property=\"og:image:height\" content=\"960\" \/>\n\t<meta property=\"og:image:type\" content=\"image\/jpeg\" \/>\n<meta name=\"author\" content=\"rtnews\" \/>\n<meta name=\"twitter:card\" content=\"summary_large_image\" \/>\n<meta name=\"twitter:creator\" content=\"@WirMachenAuf_de\" \/>\n<meta name=\"twitter:site\" content=\"@WirMachenAuf_de\" \/>\n<meta name=\"twitter:label1\" content=\"Verfasst von\" \/>\n\t<meta name=\"twitter:data1\" content=\"rtnews\" \/>\n\t<meta name=\"twitter:label2\" content=\"Gesch\u00e4tzte Lesezeit\" \/>\n\t<meta name=\"twitter:data2\" content=\"7\u00a0Minuten\" \/>\n<script type=\"application\/ld+json\" class=\"yoast-schema-graph\">{\"@context\":\"https:\/\/schema.org\",\"@graph\":[{\"@type\":\"Article\",\"@id\":\"https:\/\/now-news.de\/de\/deutschland\/unternehmensberater-politik-gefaehrdet-ernaehrungssicherheit-%e2%80%92-buerger-werden-darueber-nicht-informiert\/#article\",\"isPartOf\":{\"@id\":\"https:\/\/now-news.de\/de\/deutschland\/unternehmensberater-politik-gefaehrdet-ernaehrungssicherheit-%e2%80%92-buerger-werden-darueber-nicht-informiert\/\"},\"author\":{\"name\":\"rtnews\",\"@id\":\"https:\/\/now-news.de\/de\/#\/schema\/person\/fb534a4e865501d8b3285208df34a9b5\"},\"headline\":\"Unternehmensberater: Politik gef\u00e4hrdet Ern\u00e4hrungssicherheit \u2012 B\u00fcrger werden dar\u00fcber nicht informiert\",\"datePublished\":\"2024-02-04T18:18:02+00:00\",\"dateModified\":\"2024-02-04T18:18:02+00:00\",\"mainEntityOfPage\":{\"@id\":\"https:\/\/now-news.de\/de\/deutschland\/unternehmensberater-politik-gefaehrdet-ernaehrungssicherheit-%e2%80%92-buerger-werden-darueber-nicht-informiert\/\"},\"wordCount\":1481,\"commentCount\":0,\"publisher\":{\"@id\":\"https:\/\/now-news.de\/de\/#organization\"},\"image\":{\"@id\":\"https:\/\/now-news.de\/de\/deutschland\/unternehmensberater-politik-gefaehrdet-ernaehrungssicherheit-%e2%80%92-buerger-werden-darueber-nicht-informiert\/#primaryimage\"},\"thumbnailUrl\":\"https:\/\/now-news.de\/de\/wp-content\/uploads\/sites\/3\/2024\/02\/Unternehmensberater-Politik-gefaehrdet-Ernaehrungssicherheit-\u2012-Buerger-werden-darueber-nicht-informiert.jpg\",\"keywords\":[\"b\u00fcrger\",\"dar\u00fcber\",\"Ern\u00e4hrungssicherheit\",\"gef\u00e4hrdet\",\"informiert\",\"nicht\",\"Politik\",\"Unternehmensberater\",\"Werden\"],\"articleSection\":[\"Deutschland\",\"Russland\"],\"inLanguage\":\"de\",\"potentialAction\":[{\"@type\":\"CommentAction\",\"name\":\"Comment\",\"target\":[\"https:\/\/now-news.de\/de\/deutschland\/unternehmensberater-politik-gefaehrdet-ernaehrungssicherheit-%e2%80%92-buerger-werden-darueber-nicht-informiert\/#respond\"]}]},{\"@type\":\"WebPage\",\"@id\":\"https:\/\/now-news.de\/de\/deutschland\/unternehmensberater-politik-gefaehrdet-ernaehrungssicherheit-%e2%80%92-buerger-werden-darueber-nicht-informiert\/\",\"url\":\"https:\/\/now-news.de\/de\/deutschland\/unternehmensberater-politik-gefaehrdet-ernaehrungssicherheit-%e2%80%92-buerger-werden-darueber-nicht-informiert\/\",\"name\":\"Unternehmensberater: Politik gef\u00e4hrdet Ern\u00e4hrungssicherheit \u2012 B\u00fcrger werden dar\u00fcber nicht informiert - just-now.NEWS Deutschland\",\"isPartOf\":{\"@id\":\"https:\/\/now-news.de\/de\/#website\"},\"primaryImageOfPage\":{\"@id\":\"https:\/\/now-news.de\/de\/deutschland\/unternehmensberater-politik-gefaehrdet-ernaehrungssicherheit-%e2%80%92-buerger-werden-darueber-nicht-informiert\/#primaryimage\"},\"image\":{\"@id\":\"https:\/\/now-news.de\/de\/deutschland\/unternehmensberater-politik-gefaehrdet-ernaehrungssicherheit-%e2%80%92-buerger-werden-darueber-nicht-informiert\/#primaryimage\"},\"thumbnailUrl\":\"https:\/\/now-news.de\/de\/wp-content\/uploads\/sites\/3\/2024\/02\/Unternehmensberater-Politik-gefaehrdet-Ernaehrungssicherheit-\u2012-Buerger-werden-darueber-nicht-informiert.jpg\",\"datePublished\":\"2024-02-04T18:18:02+00:00\",\"dateModified\":\"2024-02-04T18:18:02+00:00\",\"breadcrumb\":{\"@id\":\"https:\/\/now-news.de\/de\/deutschland\/unternehmensberater-politik-gefaehrdet-ernaehrungssicherheit-%e2%80%92-buerger-werden-darueber-nicht-informiert\/#breadcrumb\"},\"inLanguage\":\"de\",\"potentialAction\":[{\"@type\":\"ReadAction\",\"target\":[\"https:\/\/now-news.de\/de\/deutschland\/unternehmensberater-politik-gefaehrdet-ernaehrungssicherheit-%e2%80%92-buerger-werden-darueber-nicht-informiert\/\"]}]},{\"@type\":\"ImageObject\",\"inLanguage\":\"de\",\"@id\":\"https:\/\/now-news.de\/de\/deutschland\/unternehmensberater-politik-gefaehrdet-ernaehrungssicherheit-%e2%80%92-buerger-werden-darueber-nicht-informiert\/#primaryimage\",\"url\":\"https:\/\/now-news.de\/de\/wp-content\/uploads\/sites\/3\/2024\/02\/Unternehmensberater-Politik-gefaehrdet-Ernaehrungssicherheit-\u2012-Buerger-werden-darueber-nicht-informiert.jpg\",\"contentUrl\":\"https:\/\/now-news.de\/de\/wp-content\/uploads\/sites\/3\/2024\/02\/Unternehmensberater-Politik-gefaehrdet-Ernaehrungssicherheit-\u2012-Buerger-werden-darueber-nicht-informiert.jpg\",\"width\":1280,\"height\":960,\"caption\":\"Unternehmensberater: Politik gef\u00e4hrdet Ern\u00e4hrungssicherheit \u2012 B\u00fcrger werden dar\u00fcber nicht informiert\"},{\"@type\":\"BreadcrumbList\",\"@id\":\"https:\/\/now-news.de\/de\/deutschland\/unternehmensberater-politik-gefaehrdet-ernaehrungssicherheit-%e2%80%92-buerger-werden-darueber-nicht-informiert\/#breadcrumb\",\"itemListElement\":[{\"@type\":\"ListItem\",\"position\":1,\"name\":\"Home\",\"item\":\"https:\/\/now-news.de\/de\/\"},{\"@type\":\"ListItem\",\"position\":2,\"name\":\"Unternehmensberater: Politik gef\u00e4hrdet Ern\u00e4hrungssicherheit \u2012 B\u00fcrger werden dar\u00fcber nicht informiert\"}]},{\"@type\":\"WebSite\",\"@id\":\"https:\/\/now-news.de\/de\/#website\",\"url\":\"https:\/\/now-news.de\/de\/\",\"name\":\"just-now.NEWS Deutschland\",\"description\":\"Das Portal f\u00fcr unzensierte Nachrichten aus der Welt\",\"publisher\":{\"@id\":\"https:\/\/now-news.de\/de\/#organization\"},\"potentialAction\":[{\"@type\":\"SearchAction\",\"target\":{\"@type\":\"EntryPoint\",\"urlTemplate\":\"https:\/\/now-news.de\/de\/?s={search_term_string}\"},\"query-input\":\"required name=search_term_string\"}],\"inLanguage\":\"de\"},{\"@type\":\"Organization\",\"@id\":\"https:\/\/now-news.de\/de\/#organization\",\"name\":\"Just Now News\",\"url\":\"https:\/\/now-news.de\/de\/\",\"logo\":{\"@type\":\"ImageObject\",\"inLanguage\":\"de\",\"@id\":\"https:\/\/now-news.de\/de\/#\/schema\/logo\/image\/\",\"url\":\"http:\/\/just-now.news\/de\/wp-content\/uploads\/sites\/3\/2022\/04\/logo500x500.jpg\",\"contentUrl\":\"http:\/\/just-now.news\/de\/wp-content\/uploads\/sites\/3\/2022\/04\/logo500x500.jpg\",\"width\":500,\"height\":500,\"caption\":\"Just Now News\"},\"image\":{\"@id\":\"https:\/\/now-news.de\/de\/#\/schema\/logo\/image\/\"},\"sameAs\":[\"https:\/\/www.facebook.com\/wirmachenauf\",\"https:\/\/x.com\/WirMachenAuf_de\"]},{\"@type\":\"Person\",\"@id\":\"https:\/\/now-news.de\/de\/#\/schema\/person\/fb534a4e865501d8b3285208df34a9b5\",\"name\":\"rtnews\",\"image\":{\"@type\":\"ImageObject\",\"inLanguage\":\"de\",\"@id\":\"https:\/\/now-news.de\/de\/#\/schema\/person\/image\/\",\"url\":\"https:\/\/secure.gravatar.com\/avatar\/82aafea7d8127119dd649515f56e2117?s=96&d=mm&r=g\",\"contentUrl\":\"https:\/\/secure.gravatar.com\/avatar\/82aafea7d8127119dd649515f56e2117?s=96&d=mm&r=g\",\"caption\":\"rtnews\"},\"url\":\"https:\/\/now-news.de\/de\/author\/rnews\/\"}]}<\/script>\n<!-- \/ Yoast SEO Premium plugin. -->","yoast_head_json":{"title":"Unternehmensberater: Politik gef\u00e4hrdet Ern\u00e4hrungssicherheit \u2012 B\u00fcrger werden dar\u00fcber nicht informiert - just-now.NEWS Deutschland","robots":{"index":"index","follow":"follow","max-snippet":"max-snippet:-1","max-image-preview":"max-image-preview:large","max-video-preview":"max-video-preview:-1"},"canonical":"https:\/\/now-news.de\/de\/deutschland\/unternehmensberater-politik-gefaehrdet-ernaehrungssicherheit-\u2012-buerger-werden-darueber-nicht-informiert\/","og_locale":"de_DE","og_type":"article","og_title":"Unternehmensberater: Politik gef\u00e4hrdet Ern\u00e4hrungssicherheit \u2012 B\u00fcrger werden dar\u00fcber nicht informiert","og_description":"Zwischen Eindhoven und Antwerpen haben Bauern auf der A67 eine von drei Grenzblockaden errichtet. In den niederl\u00e4ndischen Medien wird fast nur \u00fcber eine Blockade von Klima-Aktivisten berichtet. Die B\u00fcrger werden \u00fcber die dramatischen Folgen der Landwirtschaftspolitik kaum informiert. Von Felicitas Rabe W\u00e4hrend die franz\u00f6sischen Bauerngewerkschaften nach den Versprechungen des franz\u00f6sischen Pr\u00e4sidenten, den Forderungen der Bauern [&hellip;]","og_url":"https:\/\/now-news.de\/de\/deutschland\/unternehmensberater-politik-gefaehrdet-ernaehrungssicherheit-\u2012-buerger-werden-darueber-nicht-informiert\/","og_site_name":"just-now.NEWS Deutschland","article_publisher":"https:\/\/www.facebook.com\/wirmachenauf","article_published_time":"2024-02-04T18:18:02+00:00","og_image":[{"width":1280,"height":960,"url":"https:\/\/now-news.de\/de\/wp-content\/uploads\/sites\/3\/2024\/02\/Unternehmensberater-Politik-gefaehrdet-Ernaehrungssicherheit-\u2012-Buerger-werden-darueber-nicht-informiert.jpg","type":"image\/jpeg"}],"author":"rtnews","twitter_card":"summary_large_image","twitter_creator":"@WirMachenAuf_de","twitter_site":"@WirMachenAuf_de","twitter_misc":{"Verfasst von":"rtnews","Gesch\u00e4tzte Lesezeit":"7\u00a0Minuten"},"schema":{"@context":"https:\/\/schema.org","@graph":[{"@type":"Article","@id":"https:\/\/now-news.de\/de\/deutschland\/unternehmensberater-politik-gefaehrdet-ernaehrungssicherheit-%e2%80%92-buerger-werden-darueber-nicht-informiert\/#article","isPartOf":{"@id":"https:\/\/now-news.de\/de\/deutschland\/unternehmensberater-politik-gefaehrdet-ernaehrungssicherheit-%e2%80%92-buerger-werden-darueber-nicht-informiert\/"},"author":{"name":"rtnews","@id":"https:\/\/now-news.de\/de\/#\/schema\/person\/fb534a4e865501d8b3285208df34a9b5"},"headline":"Unternehmensberater: Politik gef\u00e4hrdet Ern\u00e4hrungssicherheit \u2012 B\u00fcrger werden dar\u00fcber nicht informiert","datePublished":"2024-02-04T18:18:02+00:00","dateModified":"2024-02-04T18:18:02+00:00","mainEntityOfPage":{"@id":"https:\/\/now-news.de\/de\/deutschland\/unternehmensberater-politik-gefaehrdet-ernaehrungssicherheit-%e2%80%92-buerger-werden-darueber-nicht-informiert\/"},"wordCount":1481,"commentCount":0,"publisher":{"@id":"https:\/\/now-news.de\/de\/#organization"},"image":{"@id":"https:\/\/now-news.de\/de\/deutschland\/unternehmensberater-politik-gefaehrdet-ernaehrungssicherheit-%e2%80%92-buerger-werden-darueber-nicht-informiert\/#primaryimage"},"thumbnailUrl":"https:\/\/now-news.de\/de\/wp-content\/uploads\/sites\/3\/2024\/02\/Unternehmensberater-Politik-gefaehrdet-Ernaehrungssicherheit-\u2012-Buerger-werden-darueber-nicht-informiert.jpg","keywords":["b\u00fcrger","dar\u00fcber","Ern\u00e4hrungssicherheit","gef\u00e4hrdet","informiert","nicht","Politik","Unternehmensberater","Werden"],"articleSection":["Deutschland","Russland"],"inLanguage":"de","potentialAction":[{"@type":"CommentAction","name":"Comment","target":["https:\/\/now-news.de\/de\/deutschland\/unternehmensberater-politik-gefaehrdet-ernaehrungssicherheit-%e2%80%92-buerger-werden-darueber-nicht-informiert\/#respond"]}]},{"@type":"WebPage","@id":"https:\/\/now-news.de\/de\/deutschland\/unternehmensberater-politik-gefaehrdet-ernaehrungssicherheit-%e2%80%92-buerger-werden-darueber-nicht-informiert\/","url":"https:\/\/now-news.de\/de\/deutschland\/unternehmensberater-politik-gefaehrdet-ernaehrungssicherheit-%e2%80%92-buerger-werden-darueber-nicht-informiert\/","name":"Unternehmensberater: Politik gef\u00e4hrdet Ern\u00e4hrungssicherheit \u2012 B\u00fcrger werden dar\u00fcber nicht informiert - just-now.NEWS Deutschland","isPartOf":{"@id":"https:\/\/now-news.de\/de\/#website"},"primaryImageOfPage":{"@id":"https:\/\/now-news.de\/de\/deutschland\/unternehmensberater-politik-gefaehrdet-ernaehrungssicherheit-%e2%80%92-buerger-werden-darueber-nicht-informiert\/#primaryimage"},"image":{"@id":"https:\/\/now-news.de\/de\/deutschland\/unternehmensberater-politik-gefaehrdet-ernaehrungssicherheit-%e2%80%92-buerger-werden-darueber-nicht-informiert\/#primaryimage"},"thumbnailUrl":"https:\/\/now-news.de\/de\/wp-content\/uploads\/sites\/3\/2024\/02\/Unternehmensberater-Politik-gefaehrdet-Ernaehrungssicherheit-\u2012-Buerger-werden-darueber-nicht-informiert.jpg","datePublished":"2024-02-04T18:18:02+00:00","dateModified":"2024-02-04T18:18:02+00:00","breadcrumb":{"@id":"https:\/\/now-news.de\/de\/deutschland\/unternehmensberater-politik-gefaehrdet-ernaehrungssicherheit-%e2%80%92-buerger-werden-darueber-nicht-informiert\/#breadcrumb"},"inLanguage":"de","potentialAction":[{"@type":"ReadAction","target":["https:\/\/now-news.de\/de\/deutschland\/unternehmensberater-politik-gefaehrdet-ernaehrungssicherheit-%e2%80%92-buerger-werden-darueber-nicht-informiert\/"]}]},{"@type":"ImageObject","inLanguage":"de","@id":"https:\/\/now-news.de\/de\/deutschland\/unternehmensberater-politik-gefaehrdet-ernaehrungssicherheit-%e2%80%92-buerger-werden-darueber-nicht-informiert\/#primaryimage","url":"https:\/\/now-news.de\/de\/wp-content\/uploads\/sites\/3\/2024\/02\/Unternehmensberater-Politik-gefaehrdet-Ernaehrungssicherheit-\u2012-Buerger-werden-darueber-nicht-informiert.jpg","contentUrl":"https:\/\/now-news.de\/de\/wp-content\/uploads\/sites\/3\/2024\/02\/Unternehmensberater-Politik-gefaehrdet-Ernaehrungssicherheit-\u2012-Buerger-werden-darueber-nicht-informiert.jpg","width":1280,"height":960,"caption":"Unternehmensberater: Politik gef\u00e4hrdet Ern\u00e4hrungssicherheit \u2012 B\u00fcrger werden dar\u00fcber nicht informiert"},{"@type":"BreadcrumbList","@id":"https:\/\/now-news.de\/de\/deutschland\/unternehmensberater-politik-gefaehrdet-ernaehrungssicherheit-%e2%80%92-buerger-werden-darueber-nicht-informiert\/#breadcrumb","itemListElement":[{"@type":"ListItem","position":1,"name":"Home","item":"https:\/\/now-news.de\/de\/"},{"@type":"ListItem","position":2,"name":"Unternehmensberater: Politik gef\u00e4hrdet Ern\u00e4hrungssicherheit \u2012 B\u00fcrger werden dar\u00fcber nicht informiert"}]},{"@type":"WebSite","@id":"https:\/\/now-news.de\/de\/#website","url":"https:\/\/now-news.de\/de\/","name":"just-now.NEWS Deutschland","description":"Das Portal f\u00fcr unzensierte Nachrichten aus der Welt","publisher":{"@id":"https:\/\/now-news.de\/de\/#organization"},"potentialAction":[{"@type":"SearchAction","target":{"@type":"EntryPoint","urlTemplate":"https:\/\/now-news.de\/de\/?s={search_term_string}"},"query-input":"required name=search_term_string"}],"inLanguage":"de"},{"@type":"Organization","@id":"https:\/\/now-news.de\/de\/#organization","name":"Just Now News","url":"https:\/\/now-news.de\/de\/","logo":{"@type":"ImageObject","inLanguage":"de","@id":"https:\/\/now-news.de\/de\/#\/schema\/logo\/image\/","url":"http:\/\/just-now.news\/de\/wp-content\/uploads\/sites\/3\/2022\/04\/logo500x500.jpg","contentUrl":"http:\/\/just-now.news\/de\/wp-content\/uploads\/sites\/3\/2022\/04\/logo500x500.jpg","width":500,"height":500,"caption":"Just Now News"},"image":{"@id":"https:\/\/now-news.de\/de\/#\/schema\/logo\/image\/"},"sameAs":["https:\/\/www.facebook.com\/wirmachenauf","https:\/\/x.com\/WirMachenAuf_de"]},{"@type":"Person","@id":"https:\/\/now-news.de\/de\/#\/schema\/person\/fb534a4e865501d8b3285208df34a9b5","name":"rtnews","image":{"@type":"ImageObject","inLanguage":"de","@id":"https:\/\/now-news.de\/de\/#\/schema\/person\/image\/","url":"https:\/\/secure.gravatar.com\/avatar\/82aafea7d8127119dd649515f56e2117?s=96&d=mm&r=g","contentUrl":"https:\/\/secure.gravatar.com\/avatar\/82aafea7d8127119dd649515f56e2117?s=96&d=mm&r=g","caption":"rtnews"},"url":"https:\/\/now-news.de\/de\/author\/rnews\/"}]}},"_links":{"self":[{"href":"https:\/\/now-news.de\/de\/wp-json\/wp\/v2\/posts\/54677"}],"collection":[{"href":"https:\/\/now-news.de\/de\/wp-json\/wp\/v2\/posts"}],"about":[{"href":"https:\/\/now-news.de\/de\/wp-json\/wp\/v2\/types\/post"}],"author":[{"embeddable":true,"href":"https:\/\/now-news.de\/de\/wp-json\/wp\/v2\/users\/3"}],"replies":[{"embeddable":true,"href":"https:\/\/now-news.de\/de\/wp-json\/wp\/v2\/comments?post=54677"}],"version-history":[{"count":0,"href":"https:\/\/now-news.de\/de\/wp-json\/wp\/v2\/posts\/54677\/revisions"}],"wp:featuredmedia":[{"embeddable":true,"href":"https:\/\/now-news.de\/de\/wp-json\/wp\/v2\/media\/54678"}],"wp:attachment":[{"href":"https:\/\/now-news.de\/de\/wp-json\/wp\/v2\/media?parent=54677"}],"wp:term":[{"taxonomy":"category","embeddable":true,"href":"https:\/\/now-news.de\/de\/wp-json\/wp\/v2\/categories?post=54677"},{"taxonomy":"post_tag","embeddable":true,"href":"https:\/\/now-news.de\/de\/wp-json\/wp\/v2\/tags?post=54677"}],"curies":[{"name":"wp","href":"https:\/\/api.w.org\/{rel}","templated":true}]}}