{"id":54675,"date":"2024-02-04T19:38:03","date_gmt":"2024-02-04T17:38:03","guid":{"rendered":"https:\/\/just-now.news\/de\/deutschland\/schweizer-alt-bundesrat-ueli-maurer-natuerlich-handelte-es-sich-bei-corona-um-eine-hysterie\/"},"modified":"2024-02-04T19:38:03","modified_gmt":"2024-02-04T17:38:03","slug":"schweizer-alt-bundesrat-ueli-maurer-natuerlich-handelte-es-sich-bei-corona-um-eine-hysterie","status":"publish","type":"post","link":"https:\/\/now-news.de\/de\/deutschland\/schweizer-alt-bundesrat-ueli-maurer-natuerlich-handelte-es-sich-bei-corona-um-eine-hysterie\/","title":{"rendered":"Schweizer Alt-Bundesrat Ueli Maurer: &quot;Nat\u00fcrlich handelte es sich bei Corona um eine Hysterie!&quot;"},"content":{"rendered":"<p><img decoding=\"async\" src=\"http:\/\/just-now.news\/de\/wp-content\/uploads\/sites\/3\/2024\/02\/65bf3df048fbef362b7c73c2.jpg\" \/><\/p>\n<div class=\"Text-root Text-type_1 \">\n                Der Schweizer Alt-Bundesrat Ueli Maurer sorgt erneut f\u00fcr Diskussionen mit seinen kontroversen Aussagen zur Covid-Politik und gew\u00e4hrt im Gespr\u00e4ch tiefe Einblicke in seine Sichtweise und seine Rolle im Credit-Suisse-Debakel.\n            <\/div>\n<p><\/p>\n<div class=\"Text-root Text-type_5 ArticleView-text ViewText-root \">\n<p>Ueli Maurer hat erneut klare Worte zu seiner kontroversen Haltung bez\u00fcglich der Corona-Politik und dem Credit-Suisse-Debakel gefunden. In einem aktuellen Interview mit der <em><a rel=\"nofollow noopener\" target=\"_blank\" href=\"https:\/\/www.tagesanzeiger.ch\/ueli-maurer-und-die-corona-hysterie-der-alt-bundesrat-im-interview-287928134433\">SonntagsZeitung<\/a><\/em> verteidigt der Alt Bundesrat seine Entscheidungen und nimmt zu den Vorw\u00fcrfen bez\u00fcglich seiner Unt\u00e4tigkeit w\u00e4hrend der zweiten gro\u00dfen Krise seiner Amtszeit Stellung.<\/p>\n<p>Besonders die Frage nach einer staatlichen Intervention bei der angeschlagenen Credit Suisse im Herbst 2022 besch\u00e4ftigt Maurer. Unersch\u00fctterlich verteidigt er seine Entscheidung, die Bank nicht zu verstaatlichen, und betont, dass ein Konkurs \u00e4u\u00dferst unwahrscheinlich gewesen sei. Mit einem klaren Blick auf die Fakten erkl\u00e4rt er, dass die Bank \u00fcber ausreichend Eigenkapital verf\u00fcgte, was das Interesse von Dritten geweckt h\u00e4tte. Die \u00dcbernahme durch die UBS sieht Maurer als die optimale L\u00f6sung an.<\/p>\n<div class=\"EmbedBlock-root EmbedBlock-twitter\">\n<div class=\"TwitterEmbed\">\n<blockquote class=\"twitter-tweet lazyload\" data-twitter=\"twitter-tweet\" data-media-max-width=\"560\">\n<p lang=\"de\" dir=\"ltr\">Mit seinen Aussagen zur Covid-Politik sorgt der Alt-Bundesrat f\u00fcr Aufregung. Im Gespr\u00e4ch bekr\u00e4ftigt er seine Haltung und redet erstmals ausf\u00fchrlich \u00fcber seine Rolle im Credit-Suisse-Debakel. <a rel=\"nofollow noopener\" target=\"_blank\" href=\"https:\/\/t.co\/cSbg2Z3goy\">https:\/\/t.co\/cSbg2Z3goy<\/a><\/p>\n<p>\u2014 tagesanzeiger (@tagesanzeiger) <a rel=\"nofollow noopener\" target=\"_blank\" href=\"https:\/\/twitter.com\/tagesanzeiger\/status\/1753914577941647449?ref_src=twsrc%5Etfw\">February 3, 2024<\/a><\/p><\/blockquote>\n<\/div>\n<\/div>\n<p>In Bezug auf die Corona-Pandemie bekr\u00e4ftigt der ehemalige SVP-Bundesrat seine scharfe Kritik an den getroffenen Ma\u00dfnahmen. Er spricht von einer globalen &#8220;Hysterie&#8221; und stellt die Frage, ob der Staat wirklich f\u00fcr alles verantwortlich sein sollte:<\/p>\n<blockquote>\n<p><em>Nat\u00fcrlich handelte es sich um eine Hysterie! Und zwar weltweit. Man sagte, Corona sei t\u00f6dlich \u2013 und spann unter dieser Pr\u00e4misse ein Netz von Massnahmen, wie man das noch nie gesehen hatte. Wer eine kritische Frage stellte, wurde aussortiert, indem man ihn als &#8216;Verschw\u00f6rer&#8217; oder als &#8216;Rechtsextremer&#8217; brandmarkte, der &#8216;Tote in Kauf nimmt&#8217;. Man kam aus dieser Hypnose nicht mehr raus \u2013 selbst dann nicht, als sich herausstellte, dass die Pandemie gar nicht so t\u00f6dlich war wie bef\u00fcrchtet, zumindest nicht f\u00fcr junge und gesunde Menschen.<\/em><\/p>\n<\/blockquote>\n<p>Maurer bem\u00e4ngelt, dass Kritiker als &#8220;verantwortungslose Spinner&#8221; diffamiert wurden und bezeichnet die Vorg\u00e4nge w\u00e4hrend der Pandemie als eine Art &#8220;Massenhypnose&#8221;. Besonders bedenklich findet er, dass Menschen, selbst als sich herausstellte, dass die Pandemie nicht so t\u00f6dlich war, in dieser Hypnose gefangen blieben. Maurer auf die Frage, ob jemand in seinem Umfeld an Corona gestorben ist:<\/p>\n<blockquote>\n<p><strong><em><\/em><\/strong><em>Nein. Aber Freunde von mir durften ihren todkranken Vater \u2013 der kein Corona hatte \u2013 nicht im Spital besuchen. Er starb nach drei Monaten, vielleicht an Einsamkeit. Nicht einmal in so einem Fall machte man eine Ausnahme. Das ist doch verr\u00fcckt. Es gab weitere Erlebnisse, die mir die Augen \u00f6ffneten.<\/em><\/p>\n<\/blockquote>\n<p>Die allgemeine Impfempfehlung wird von Maurer kritisch betrachtet, und er pl\u00e4diert daf\u00fcr, diese auf Risikogruppen zu beschr\u00e4nken. Seine Sorge um m\u00f6gliche Impfsch\u00e4den spiegelt seine \u00dcberzeugung wider, dass die Gesellschaft in den kommenden Jahren vermehrt mit dieser Impfsch\u00e4den-Thematik konfrontiert sein wird:<\/p>\n<blockquote>\n<p><em>Man hat nicht gehofft, sondern es wurde versprochen. Man h\u00e4tte sich auf eine Impfempfehlung f\u00fcr Risikogruppen beschr\u00e4nken k\u00f6nnen. Stattdessen wurde allen gesagt: \u00abEntweder du bist geimpft oder du kommst nicht rein!\u00bb Man schloss damit viele Leute aus. Das ging zu weit. Ich bin \u00fcberzeugt, dass wir uns in den n\u00e4chsten Jahren zunehmend mit Impfsch\u00e4den besch\u00e4ftigen werden.<\/em><\/p>\n<\/blockquote>\n<p>Abschlie\u00dfend <a rel=\"nofollow noopener\" target=\"_blank\" href=\"https:\/\/www.tagesanzeiger.ch\/ueli-maurer-und-die-corona-hysterie-der-alt-bundesrat-im-interview-287928134433\">mahnt<\/a> Ueli Maurer an, dass der Staat das Vertrauen verloren hat und betont, dass dies gef\u00e4hrliche Auswirkungen habe. Er appelliert daran, diejenigen, die das Vertrauen verloren haben, zur\u00fcckzugewinnen, um Extremismus zu verhindern. Kritisch betrachtet er die Unf\u00e4higkeit des Staates, zuzugeben, dass er bei den Ma\u00dfnahmen w\u00e4hrend der Pandemie \u00fcber das Ziel hinausgeschossen ist, und fordert eine differenzierte Herangehensweise an zuk\u00fcnftige Herausforderungen.<\/p>\n<p><strong>Mehr zum Thema\u00a0<\/strong>\u2013\u00a0<a rel=\"nofollow noopener\" target=\"_blank\" href=\"https:\/\/freedert.online\/meinung\/194155-gefahren-durch-mrna-impfstoffe-wissenschaftler\/\">&#8220;Gefahren durch mRNA-Impfstoffe&#8221;: Wissenschaftler fordern endlich Auskunft vom Paul-Ehrlich-Institut<\/a>\u00a0<\/p>\n<\/p>\n<\/div>\n<p><script async src=\"https:\/\/platform.twitter.com\/widgets.js\" charset=\"utf-8\"><\/script><br \/>\n<br \/><br \/>\n<br \/><a href=\"https:\/\/de.rt.com\/schweiz\/195018-natuerlich-handelte-es-sich-bei-corona-um-eine-hysterie\/\">Source link <\/a><\/p>\n","protected":false},"excerpt":{"rendered":"<p>Der Schweizer Alt-Bundesrat Ueli Maurer sorgt erneut f\u00fcr Diskussionen mit seinen kontroversen Aussagen zur Covid-Politik und gew\u00e4hrt im Gespr\u00e4ch tiefe Einblicke in seine Sichtweise und seine Rolle im Credit-Suisse-Debakel. Ueli Maurer hat erneut klare Worte zu seiner kontroversen Haltung bez\u00fcglich der Corona-Politik und dem Credit-Suisse-Debakel gefunden. In einem aktuellen Interview mit der SonntagsZeitung verteidigt der [&hellip;]<\/p>\n","protected":false},"author":3,"featured_media":54676,"comment_status":"open","ping_status":"open","sticky":false,"template":"","format":"standard","meta":{"_yoast_indexnow_last_ping":["1707068406"],"wp_automatic_camp":["217"],"57e5a903e542acf0d8edd14ca7f2ae53":["Schweizer Alt-Bundesrat Ueli Maurer: &quot;Nat\u00fcrlich handelte es sich bei Corona um eine Hysterie!&quot;"],"original_link":["https:\/\/de.rt.com\/schweiz\/195018-natuerlich-handelte-es-sich-bei-corona-um-eine-hysterie\/"],"_thumbnail_id":["54676"],"_wptgpro_p2tg_sent2tg":["a:1:{i:23737;s:19:\"2024-02-04 19:42:11\";}"],"jnews_social_counter_last_update":["1777649867"]},"categories":[19,23],"tags":[52334,363,124,275,34474,53183,31842,53182,3424,434,53181],"yoast_head":"<!-- This site is optimized with the Yoast SEO Premium plugin v22.7 (Yoast SEO v22.7) - https:\/\/yoast.com\/wordpress\/plugins\/seo\/ -->\n<title>Schweizer Alt-Bundesrat Ueli Maurer: &quot;Nat\u00fcrlich handelte es sich bei Corona um eine Hysterie!&quot; - just-now.NEWS Deutschland<\/title>\n<meta name=\"robots\" content=\"index, follow, max-snippet:-1, max-image-preview:large, max-video-preview:-1\" \/>\n<link rel=\"canonical\" href=\"https:\/\/now-news.de\/de\/deutschland\/schweizer-alt-bundesrat-ueli-maurer-natuerlich-handelte-es-sich-bei-corona-um-eine-hysterie\/\" \/>\n<meta property=\"og:locale\" content=\"de_DE\" \/>\n<meta property=\"og:type\" content=\"article\" \/>\n<meta property=\"og:title\" content=\"Schweizer Alt-Bundesrat Ueli Maurer: &quot;Nat\u00fcrlich handelte es sich bei Corona um eine Hysterie!&quot;\" \/>\n<meta property=\"og:description\" content=\"Der Schweizer Alt-Bundesrat Ueli Maurer sorgt erneut f\u00fcr Diskussionen mit seinen kontroversen Aussagen zur Covid-Politik und gew\u00e4hrt im Gespr\u00e4ch tiefe Einblicke in seine Sichtweise und seine Rolle im Credit-Suisse-Debakel. Ueli Maurer hat erneut klare Worte zu seiner kontroversen Haltung bez\u00fcglich der Corona-Politik und dem Credit-Suisse-Debakel gefunden. In einem aktuellen Interview mit der SonntagsZeitung verteidigt der [&hellip;]\" \/>\n<meta property=\"og:url\" content=\"https:\/\/now-news.de\/de\/deutschland\/schweizer-alt-bundesrat-ueli-maurer-natuerlich-handelte-es-sich-bei-corona-um-eine-hysterie\/\" \/>\n<meta property=\"og:site_name\" content=\"just-now.NEWS Deutschland\" \/>\n<meta property=\"article:publisher\" content=\"https:\/\/www.facebook.com\/wirmachenauf\" \/>\n<meta property=\"article:published_time\" content=\"2024-02-04T17:38:03+00:00\" \/>\n<meta property=\"og:image\" content=\"https:\/\/now-news.de\/de\/wp-content\/uploads\/sites\/3\/2024\/02\/Schweizer-Alt-Bundesrat-Ueli-Maurer-quotNatuerlich-handelte-es-sich-bei-Corona.jpg\" \/>\n\t<meta property=\"og:image:width\" content=\"460\" \/>\n\t<meta property=\"og:image:height\" content=\"259\" \/>\n\t<meta property=\"og:image:type\" content=\"image\/jpeg\" \/>\n<meta name=\"author\" content=\"rtnews\" \/>\n<meta name=\"twitter:card\" content=\"summary_large_image\" \/>\n<meta name=\"twitter:creator\" content=\"@WirMachenAuf_de\" \/>\n<meta name=\"twitter:site\" content=\"@WirMachenAuf_de\" \/>\n<meta name=\"twitter:label1\" content=\"Verfasst von\" \/>\n\t<meta name=\"twitter:data1\" content=\"rtnews\" \/>\n\t<meta name=\"twitter:label2\" content=\"Gesch\u00e4tzte Lesezeit\" \/>\n\t<meta name=\"twitter:data2\" content=\"3\u00a0Minuten\" \/>\n<script type=\"application\/ld+json\" class=\"yoast-schema-graph\">{\"@context\":\"https:\/\/schema.org\",\"@graph\":[{\"@type\":\"Article\",\"@id\":\"https:\/\/now-news.de\/de\/deutschland\/schweizer-alt-bundesrat-ueli-maurer-natuerlich-handelte-es-sich-bei-corona-um-eine-hysterie\/#article\",\"isPartOf\":{\"@id\":\"https:\/\/now-news.de\/de\/deutschland\/schweizer-alt-bundesrat-ueli-maurer-natuerlich-handelte-es-sich-bei-corona-um-eine-hysterie\/\"},\"author\":{\"name\":\"rtnews\",\"@id\":\"https:\/\/now-news.de\/de\/#\/schema\/person\/fb534a4e865501d8b3285208df34a9b5\"},\"headline\":\"Schweizer Alt-Bundesrat Ueli Maurer: &quot;Nat\u00fcrlich handelte es sich bei Corona um eine Hysterie!&quot;\",\"datePublished\":\"2024-02-04T17:38:03+00:00\",\"dateModified\":\"2024-02-04T17:38:03+00:00\",\"mainEntityOfPage\":{\"@id\":\"https:\/\/now-news.de\/de\/deutschland\/schweizer-alt-bundesrat-ueli-maurer-natuerlich-handelte-es-sich-bei-corona-um-eine-hysterie\/\"},\"wordCount\":644,\"commentCount\":0,\"publisher\":{\"@id\":\"https:\/\/now-news.de\/de\/#organization\"},\"image\":{\"@id\":\"https:\/\/now-news.de\/de\/deutschland\/schweizer-alt-bundesrat-ueli-maurer-natuerlich-handelte-es-sich-bei-corona-um-eine-hysterie\/#primaryimage\"},\"thumbnailUrl\":\"https:\/\/now-news.de\/de\/wp-content\/uploads\/sites\/3\/2024\/02\/Schweizer-Alt-Bundesrat-Ueli-Maurer-quotNatuerlich-handelte-es-sich-bei-Corona.jpg\",\"keywords\":[\"AltBundesrat\",\"bei\",\"corona\",\"eine\",\"handelte\",\"Hysteriequot\",\"Maurer\",\"quotNat\u00fcrlich\",\"Schweizer\",\"sich\",\"Ueli\"],\"articleSection\":[\"Deutschland\",\"Russland\"],\"inLanguage\":\"de\",\"potentialAction\":[{\"@type\":\"CommentAction\",\"name\":\"Comment\",\"target\":[\"https:\/\/now-news.de\/de\/deutschland\/schweizer-alt-bundesrat-ueli-maurer-natuerlich-handelte-es-sich-bei-corona-um-eine-hysterie\/#respond\"]}]},{\"@type\":\"WebPage\",\"@id\":\"https:\/\/now-news.de\/de\/deutschland\/schweizer-alt-bundesrat-ueli-maurer-natuerlich-handelte-es-sich-bei-corona-um-eine-hysterie\/\",\"url\":\"https:\/\/now-news.de\/de\/deutschland\/schweizer-alt-bundesrat-ueli-maurer-natuerlich-handelte-es-sich-bei-corona-um-eine-hysterie\/\",\"name\":\"Schweizer Alt-Bundesrat Ueli Maurer: &quot;Nat\u00fcrlich handelte es sich bei Corona um eine Hysterie!&quot; - just-now.NEWS Deutschland\",\"isPartOf\":{\"@id\":\"https:\/\/now-news.de\/de\/#website\"},\"primaryImageOfPage\":{\"@id\":\"https:\/\/now-news.de\/de\/deutschland\/schweizer-alt-bundesrat-ueli-maurer-natuerlich-handelte-es-sich-bei-corona-um-eine-hysterie\/#primaryimage\"},\"image\":{\"@id\":\"https:\/\/now-news.de\/de\/deutschland\/schweizer-alt-bundesrat-ueli-maurer-natuerlich-handelte-es-sich-bei-corona-um-eine-hysterie\/#primaryimage\"},\"thumbnailUrl\":\"https:\/\/now-news.de\/de\/wp-content\/uploads\/sites\/3\/2024\/02\/Schweizer-Alt-Bundesrat-Ueli-Maurer-quotNatuerlich-handelte-es-sich-bei-Corona.jpg\",\"datePublished\":\"2024-02-04T17:38:03+00:00\",\"dateModified\":\"2024-02-04T17:38:03+00:00\",\"breadcrumb\":{\"@id\":\"https:\/\/now-news.de\/de\/deutschland\/schweizer-alt-bundesrat-ueli-maurer-natuerlich-handelte-es-sich-bei-corona-um-eine-hysterie\/#breadcrumb\"},\"inLanguage\":\"de\",\"potentialAction\":[{\"@type\":\"ReadAction\",\"target\":[\"https:\/\/now-news.de\/de\/deutschland\/schweizer-alt-bundesrat-ueli-maurer-natuerlich-handelte-es-sich-bei-corona-um-eine-hysterie\/\"]}]},{\"@type\":\"ImageObject\",\"inLanguage\":\"de\",\"@id\":\"https:\/\/now-news.de\/de\/deutschland\/schweizer-alt-bundesrat-ueli-maurer-natuerlich-handelte-es-sich-bei-corona-um-eine-hysterie\/#primaryimage\",\"url\":\"https:\/\/now-news.de\/de\/wp-content\/uploads\/sites\/3\/2024\/02\/Schweizer-Alt-Bundesrat-Ueli-Maurer-quotNatuerlich-handelte-es-sich-bei-Corona.jpg\",\"contentUrl\":\"https:\/\/now-news.de\/de\/wp-content\/uploads\/sites\/3\/2024\/02\/Schweizer-Alt-Bundesrat-Ueli-Maurer-quotNatuerlich-handelte-es-sich-bei-Corona.jpg\",\"width\":460,\"height\":259,\"caption\":\"Schweizer Alt-Bundesrat Ueli Maurer: &quot;Nat\u00fcrlich handelte es sich bei Corona um eine Hysterie!&quot;\"},{\"@type\":\"BreadcrumbList\",\"@id\":\"https:\/\/now-news.de\/de\/deutschland\/schweizer-alt-bundesrat-ueli-maurer-natuerlich-handelte-es-sich-bei-corona-um-eine-hysterie\/#breadcrumb\",\"itemListElement\":[{\"@type\":\"ListItem\",\"position\":1,\"name\":\"Home\",\"item\":\"https:\/\/now-news.de\/de\/\"},{\"@type\":\"ListItem\",\"position\":2,\"name\":\"Schweizer Alt-Bundesrat Ueli Maurer: &quot;Nat\u00fcrlich handelte es sich bei Corona um eine Hysterie!&quot;\"}]},{\"@type\":\"WebSite\",\"@id\":\"https:\/\/now-news.de\/de\/#website\",\"url\":\"https:\/\/now-news.de\/de\/\",\"name\":\"just-now.NEWS Deutschland\",\"description\":\"Das Portal f\u00fcr unzensierte Nachrichten aus der Welt\",\"publisher\":{\"@id\":\"https:\/\/now-news.de\/de\/#organization\"},\"potentialAction\":[{\"@type\":\"SearchAction\",\"target\":{\"@type\":\"EntryPoint\",\"urlTemplate\":\"https:\/\/now-news.de\/de\/?s={search_term_string}\"},\"query-input\":\"required name=search_term_string\"}],\"inLanguage\":\"de\"},{\"@type\":\"Organization\",\"@id\":\"https:\/\/now-news.de\/de\/#organization\",\"name\":\"Just Now News\",\"url\":\"https:\/\/now-news.de\/de\/\",\"logo\":{\"@type\":\"ImageObject\",\"inLanguage\":\"de\",\"@id\":\"https:\/\/now-news.de\/de\/#\/schema\/logo\/image\/\",\"url\":\"http:\/\/just-now.news\/de\/wp-content\/uploads\/sites\/3\/2022\/04\/logo500x500.jpg\",\"contentUrl\":\"http:\/\/just-now.news\/de\/wp-content\/uploads\/sites\/3\/2022\/04\/logo500x500.jpg\",\"width\":500,\"height\":500,\"caption\":\"Just Now News\"},\"image\":{\"@id\":\"https:\/\/now-news.de\/de\/#\/schema\/logo\/image\/\"},\"sameAs\":[\"https:\/\/www.facebook.com\/wirmachenauf\",\"https:\/\/x.com\/WirMachenAuf_de\"]},{\"@type\":\"Person\",\"@id\":\"https:\/\/now-news.de\/de\/#\/schema\/person\/fb534a4e865501d8b3285208df34a9b5\",\"name\":\"rtnews\",\"image\":{\"@type\":\"ImageObject\",\"inLanguage\":\"de\",\"@id\":\"https:\/\/now-news.de\/de\/#\/schema\/person\/image\/\",\"url\":\"https:\/\/secure.gravatar.com\/avatar\/82aafea7d8127119dd649515f56e2117?s=96&d=mm&r=g\",\"contentUrl\":\"https:\/\/secure.gravatar.com\/avatar\/82aafea7d8127119dd649515f56e2117?s=96&d=mm&r=g\",\"caption\":\"rtnews\"},\"url\":\"https:\/\/now-news.de\/de\/author\/rnews\/\"}]}<\/script>\n<!-- \/ Yoast SEO Premium plugin. -->","yoast_head_json":{"title":"Schweizer Alt-Bundesrat Ueli Maurer: &quot;Nat\u00fcrlich handelte es sich bei Corona um eine Hysterie!&quot; - just-now.NEWS Deutschland","robots":{"index":"index","follow":"follow","max-snippet":"max-snippet:-1","max-image-preview":"max-image-preview:large","max-video-preview":"max-video-preview:-1"},"canonical":"https:\/\/now-news.de\/de\/deutschland\/schweizer-alt-bundesrat-ueli-maurer-natuerlich-handelte-es-sich-bei-corona-um-eine-hysterie\/","og_locale":"de_DE","og_type":"article","og_title":"Schweizer Alt-Bundesrat Ueli Maurer: &quot;Nat\u00fcrlich handelte es sich bei Corona um eine Hysterie!&quot;","og_description":"Der Schweizer Alt-Bundesrat Ueli Maurer sorgt erneut f\u00fcr Diskussionen mit seinen kontroversen Aussagen zur Covid-Politik und gew\u00e4hrt im Gespr\u00e4ch tiefe Einblicke in seine Sichtweise und seine Rolle im Credit-Suisse-Debakel. Ueli Maurer hat erneut klare Worte zu seiner kontroversen Haltung bez\u00fcglich der Corona-Politik und dem Credit-Suisse-Debakel gefunden. In einem aktuellen Interview mit der SonntagsZeitung verteidigt der [&hellip;]","og_url":"https:\/\/now-news.de\/de\/deutschland\/schweizer-alt-bundesrat-ueli-maurer-natuerlich-handelte-es-sich-bei-corona-um-eine-hysterie\/","og_site_name":"just-now.NEWS Deutschland","article_publisher":"https:\/\/www.facebook.com\/wirmachenauf","article_published_time":"2024-02-04T17:38:03+00:00","og_image":[{"width":460,"height":259,"url":"https:\/\/now-news.de\/de\/wp-content\/uploads\/sites\/3\/2024\/02\/Schweizer-Alt-Bundesrat-Ueli-Maurer-quotNatuerlich-handelte-es-sich-bei-Corona.jpg","type":"image\/jpeg"}],"author":"rtnews","twitter_card":"summary_large_image","twitter_creator":"@WirMachenAuf_de","twitter_site":"@WirMachenAuf_de","twitter_misc":{"Verfasst von":"rtnews","Gesch\u00e4tzte Lesezeit":"3\u00a0Minuten"},"schema":{"@context":"https:\/\/schema.org","@graph":[{"@type":"Article","@id":"https:\/\/now-news.de\/de\/deutschland\/schweizer-alt-bundesrat-ueli-maurer-natuerlich-handelte-es-sich-bei-corona-um-eine-hysterie\/#article","isPartOf":{"@id":"https:\/\/now-news.de\/de\/deutschland\/schweizer-alt-bundesrat-ueli-maurer-natuerlich-handelte-es-sich-bei-corona-um-eine-hysterie\/"},"author":{"name":"rtnews","@id":"https:\/\/now-news.de\/de\/#\/schema\/person\/fb534a4e865501d8b3285208df34a9b5"},"headline":"Schweizer Alt-Bundesrat Ueli Maurer: &quot;Nat\u00fcrlich handelte es sich bei Corona um eine Hysterie!&quot;","datePublished":"2024-02-04T17:38:03+00:00","dateModified":"2024-02-04T17:38:03+00:00","mainEntityOfPage":{"@id":"https:\/\/now-news.de\/de\/deutschland\/schweizer-alt-bundesrat-ueli-maurer-natuerlich-handelte-es-sich-bei-corona-um-eine-hysterie\/"},"wordCount":644,"commentCount":0,"publisher":{"@id":"https:\/\/now-news.de\/de\/#organization"},"image":{"@id":"https:\/\/now-news.de\/de\/deutschland\/schweizer-alt-bundesrat-ueli-maurer-natuerlich-handelte-es-sich-bei-corona-um-eine-hysterie\/#primaryimage"},"thumbnailUrl":"https:\/\/now-news.de\/de\/wp-content\/uploads\/sites\/3\/2024\/02\/Schweizer-Alt-Bundesrat-Ueli-Maurer-quotNatuerlich-handelte-es-sich-bei-Corona.jpg","keywords":["AltBundesrat","bei","corona","eine","handelte","Hysteriequot","Maurer","quotNat\u00fcrlich","Schweizer","sich","Ueli"],"articleSection":["Deutschland","Russland"],"inLanguage":"de","potentialAction":[{"@type":"CommentAction","name":"Comment","target":["https:\/\/now-news.de\/de\/deutschland\/schweizer-alt-bundesrat-ueli-maurer-natuerlich-handelte-es-sich-bei-corona-um-eine-hysterie\/#respond"]}]},{"@type":"WebPage","@id":"https:\/\/now-news.de\/de\/deutschland\/schweizer-alt-bundesrat-ueli-maurer-natuerlich-handelte-es-sich-bei-corona-um-eine-hysterie\/","url":"https:\/\/now-news.de\/de\/deutschland\/schweizer-alt-bundesrat-ueli-maurer-natuerlich-handelte-es-sich-bei-corona-um-eine-hysterie\/","name":"Schweizer Alt-Bundesrat Ueli Maurer: &quot;Nat\u00fcrlich handelte es sich bei Corona um eine Hysterie!&quot; - just-now.NEWS Deutschland","isPartOf":{"@id":"https:\/\/now-news.de\/de\/#website"},"primaryImageOfPage":{"@id":"https:\/\/now-news.de\/de\/deutschland\/schweizer-alt-bundesrat-ueli-maurer-natuerlich-handelte-es-sich-bei-corona-um-eine-hysterie\/#primaryimage"},"image":{"@id":"https:\/\/now-news.de\/de\/deutschland\/schweizer-alt-bundesrat-ueli-maurer-natuerlich-handelte-es-sich-bei-corona-um-eine-hysterie\/#primaryimage"},"thumbnailUrl":"https:\/\/now-news.de\/de\/wp-content\/uploads\/sites\/3\/2024\/02\/Schweizer-Alt-Bundesrat-Ueli-Maurer-quotNatuerlich-handelte-es-sich-bei-Corona.jpg","datePublished":"2024-02-04T17:38:03+00:00","dateModified":"2024-02-04T17:38:03+00:00","breadcrumb":{"@id":"https:\/\/now-news.de\/de\/deutschland\/schweizer-alt-bundesrat-ueli-maurer-natuerlich-handelte-es-sich-bei-corona-um-eine-hysterie\/#breadcrumb"},"inLanguage":"de","potentialAction":[{"@type":"ReadAction","target":["https:\/\/now-news.de\/de\/deutschland\/schweizer-alt-bundesrat-ueli-maurer-natuerlich-handelte-es-sich-bei-corona-um-eine-hysterie\/"]}]},{"@type":"ImageObject","inLanguage":"de","@id":"https:\/\/now-news.de\/de\/deutschland\/schweizer-alt-bundesrat-ueli-maurer-natuerlich-handelte-es-sich-bei-corona-um-eine-hysterie\/#primaryimage","url":"https:\/\/now-news.de\/de\/wp-content\/uploads\/sites\/3\/2024\/02\/Schweizer-Alt-Bundesrat-Ueli-Maurer-quotNatuerlich-handelte-es-sich-bei-Corona.jpg","contentUrl":"https:\/\/now-news.de\/de\/wp-content\/uploads\/sites\/3\/2024\/02\/Schweizer-Alt-Bundesrat-Ueli-Maurer-quotNatuerlich-handelte-es-sich-bei-Corona.jpg","width":460,"height":259,"caption":"Schweizer Alt-Bundesrat Ueli Maurer: &quot;Nat\u00fcrlich handelte es sich bei Corona um eine Hysterie!&quot;"},{"@type":"BreadcrumbList","@id":"https:\/\/now-news.de\/de\/deutschland\/schweizer-alt-bundesrat-ueli-maurer-natuerlich-handelte-es-sich-bei-corona-um-eine-hysterie\/#breadcrumb","itemListElement":[{"@type":"ListItem","position":1,"name":"Home","item":"https:\/\/now-news.de\/de\/"},{"@type":"ListItem","position":2,"name":"Schweizer Alt-Bundesrat Ueli Maurer: &quot;Nat\u00fcrlich handelte es sich bei Corona um eine Hysterie!&quot;"}]},{"@type":"WebSite","@id":"https:\/\/now-news.de\/de\/#website","url":"https:\/\/now-news.de\/de\/","name":"just-now.NEWS Deutschland","description":"Das Portal f\u00fcr unzensierte Nachrichten aus der Welt","publisher":{"@id":"https:\/\/now-news.de\/de\/#organization"},"potentialAction":[{"@type":"SearchAction","target":{"@type":"EntryPoint","urlTemplate":"https:\/\/now-news.de\/de\/?s={search_term_string}"},"query-input":"required name=search_term_string"}],"inLanguage":"de"},{"@type":"Organization","@id":"https:\/\/now-news.de\/de\/#organization","name":"Just Now News","url":"https:\/\/now-news.de\/de\/","logo":{"@type":"ImageObject","inLanguage":"de","@id":"https:\/\/now-news.de\/de\/#\/schema\/logo\/image\/","url":"http:\/\/just-now.news\/de\/wp-content\/uploads\/sites\/3\/2022\/04\/logo500x500.jpg","contentUrl":"http:\/\/just-now.news\/de\/wp-content\/uploads\/sites\/3\/2022\/04\/logo500x500.jpg","width":500,"height":500,"caption":"Just Now News"},"image":{"@id":"https:\/\/now-news.de\/de\/#\/schema\/logo\/image\/"},"sameAs":["https:\/\/www.facebook.com\/wirmachenauf","https:\/\/x.com\/WirMachenAuf_de"]},{"@type":"Person","@id":"https:\/\/now-news.de\/de\/#\/schema\/person\/fb534a4e865501d8b3285208df34a9b5","name":"rtnews","image":{"@type":"ImageObject","inLanguage":"de","@id":"https:\/\/now-news.de\/de\/#\/schema\/person\/image\/","url":"https:\/\/secure.gravatar.com\/avatar\/82aafea7d8127119dd649515f56e2117?s=96&d=mm&r=g","contentUrl":"https:\/\/secure.gravatar.com\/avatar\/82aafea7d8127119dd649515f56e2117?s=96&d=mm&r=g","caption":"rtnews"},"url":"https:\/\/now-news.de\/de\/author\/rnews\/"}]}},"_links":{"self":[{"href":"https:\/\/now-news.de\/de\/wp-json\/wp\/v2\/posts\/54675"}],"collection":[{"href":"https:\/\/now-news.de\/de\/wp-json\/wp\/v2\/posts"}],"about":[{"href":"https:\/\/now-news.de\/de\/wp-json\/wp\/v2\/types\/post"}],"author":[{"embeddable":true,"href":"https:\/\/now-news.de\/de\/wp-json\/wp\/v2\/users\/3"}],"replies":[{"embeddable":true,"href":"https:\/\/now-news.de\/de\/wp-json\/wp\/v2\/comments?post=54675"}],"version-history":[{"count":0,"href":"https:\/\/now-news.de\/de\/wp-json\/wp\/v2\/posts\/54675\/revisions"}],"wp:featuredmedia":[{"embeddable":true,"href":"https:\/\/now-news.de\/de\/wp-json\/wp\/v2\/media\/54676"}],"wp:attachment":[{"href":"https:\/\/now-news.de\/de\/wp-json\/wp\/v2\/media?parent=54675"}],"wp:term":[{"taxonomy":"category","embeddable":true,"href":"https:\/\/now-news.de\/de\/wp-json\/wp\/v2\/categories?post=54675"},{"taxonomy":"post_tag","embeddable":true,"href":"https:\/\/now-news.de\/de\/wp-json\/wp\/v2\/tags?post=54675"}],"curies":[{"name":"wp","href":"https:\/\/api.w.org\/{rel}","templated":true}]}}