{"id":54673,"date":"2024-02-04T19:16:21","date_gmt":"2024-02-04T17:16:21","guid":{"rendered":"https:\/\/just-now.news\/de\/deutschland\/iran-warnt-die-usa-vor-eskalation-nach-angriffen\/"},"modified":"2024-02-04T19:16:21","modified_gmt":"2024-02-04T17:16:21","slug":"iran-warnt-die-usa-vor-eskalation-nach-angriffen","status":"publish","type":"post","link":"https:\/\/now-news.de\/de\/deutschland\/iran-warnt-die-usa-vor-eskalation-nach-angriffen\/","title":{"rendered":"Iran warnt die USA vor Eskalation nach Angriffen"},"content":{"rendered":"<p><img decoding=\"async\" src=\"http:\/\/just-now.news\/de\/wp-content\/uploads\/sites\/3\/2024\/02\/65bfa14a48fbef3027471edf.jpg\" \/><\/p>\n<div class=\"Text-root Text-type_1 \">\n                Nicht nur die US-Beziehungen zu Iran eskalieren \u2013 auch die irakische Regierung zeigt sich nach den US-Angriffen in Syrien und im Irak ver\u00e4rgert und wirft den USA vor, sich nicht mit Bagdad abgestimmt zu haben.\n            <\/div>\n<p><\/p>\n<div class=\"Text-root Text-type_5 ArticleView-text ViewText-root \">\n<p>Teheran hat die US-Angriffe vom Freitag auf von Iran unterst\u00fctzte militante Ressourcen und Einrichtungen im Irak und in Syrien scharf kritisiert und gewarnt, dass sie zu einer erheblichen Eskalation f\u00fchren k\u00f6nnten.<\/p>\n<p>Der Angriff &#8220;wird zu nichts anderem f\u00fchren als zu einer Eskalation der Spannungen und der Instabilit\u00e4t in der Region&#8221;, sagte der Sprecher des iranischen Au\u00dfenministeriums, Nasser Kanaani, am Samstag in einer Erkl\u00e4rung. Er f\u00fcgte hinzu, es handele sich um einen &#8220;strategischen Fehler&#8221; der Regierung von US-Pr\u00e4sident Joe Biden.<\/p>\n<p>Der Angriff sei eine Verletzung der Souver\u00e4nit\u00e4t und der territorialen Integrit\u00e4t des Iraks und Syriens, so Kanaani.<\/p>\n<p>Die irakischen Volksmobilisierungskr\u00e4fte meldeten, dass 16 ihrer Mitglieder get\u00f6tet worden seien, w\u00e4hrend in Syrien 23 get\u00f6tet wurden, wie die Nachrichtenagentur <em>Reuters<\/em> berichtete. Nach irakischen Angaben wurden bei den Angriffen auch Zivilisten get\u00f6tet, berichtete <em>Al<\/em>\u00a0<em>Jazeera<\/em>.<\/p>\n<p>Obwohl die Biden-Regierung behauptete, Bagdad vor den Angriffen informiert zu haben, sagte der irakische Regierungssprecher Basem Al-Awadi, dies sei &#8220;eine unbegr\u00fcndete Behauptung, um die internationale \u00d6ffentlichkeit in die Irre zu f\u00fchren&#8221;, so die irakische Nachrichtenagentur.<\/p>\n<p>Der Angriff &#8220;wird die Sicherheitslage im Irak und in der Region an den Rand des Abgrunds bringen&#8221;, erkl\u00e4rte die irakische Regierung. Das irakische Au\u00dfenministerium teilte mit, es habe David Burger, den US-Au\u00dfenbeauftragten in Bagdad, einbestellt, um gegen die Angriffe zu protestieren.<\/p>\n<p>Die alarmierte Reaktion der iranischen und irakischen Regierung zeigt, dass die Vereinigten Staaten in den kommenden Tagen einen prek\u00e4ren Balanceakt vollziehen m\u00fcssen, um eine weitere Eskalation in der Region zu vermeiden.<\/p>\n<p>Die Angriffe, die die Regierung Biden als Reaktion auf den t\u00f6dlichen, aus US-Sicht von Iran unterst\u00fctzten Angriff auf einen US-Au\u00dfenposten in Jordanien durchf\u00fchrte, bei dem drei amerikanische Soldaten ums Leben kamen, werden voraussichtlich die ersten einer Reihe von Reaktionen sein, so das Wei\u00dfe Haus am Freitag.<\/p>\n<p>&#8220;Es wird weitere Reaktionen geben. Es wird weitere Ma\u00dfnahmen geben, die wir ergreifen werden, um diesen Angriffen ein Ende zu setzen und der IRGC [Islamischen Revolutionsgarde] ihre F\u00e4higkeiten zu nehmen&#8221;, sagte John Kirby, Koordinator des Nationalen Sicherheitsrates des Wei\u00dfen Hauses, am Freitag in einem Telefongespr\u00e4ch mit Reportern.<\/p>\n<p><strong>Mehr zum Thema<\/strong> \u2013 <a rel=\"nofollow noopener\" target=\"_blank\" href=\"https:\/\/freedert.online\/international\/195019-usa-und-grossbritannien-bombardieren-36-ziele-im-jemen\/\">USA und Gro\u00dfbritannien bombardieren 36 Ziele im Jemen <\/a><\/p>\n<div class=\"EmbedBlock-root EmbedBlock-externalVideo EmbedBlock-odysee\">\n<div class=\"VkEmbed\"><iframe class=\"lazyload\" data-src=\"https:\/\/odysee.com\/%24\/embed\/%40RTDE%3Ae%2FIran--45-Jahre-Islamische-Revolution%3A8\" frameborder=\"0\" width=\"853\" height=\"480\" allowfullscreen><\/iframe><\/div>\n<\/div>\n<\/div>\n<p><br \/>\n<br \/><a href=\"https:\/\/de.rt.com\/der-nahe-osten\/195065-iran-warnt-usa-vor-eskalation\/\">Source link <\/a><\/p>\n","protected":false},"excerpt":{"rendered":"<p>Nicht nur die US-Beziehungen zu Iran eskalieren \u2013 auch die irakische Regierung zeigt sich nach den US-Angriffen in Syrien und im Irak ver\u00e4rgert und wirft den USA vor, sich nicht mit Bagdad abgestimmt zu haben. Teheran hat die US-Angriffe vom Freitag auf von Iran unterst\u00fctzte militante Ressourcen und Einrichtungen im Irak und in Syrien scharf [&hellip;]<\/p>\n","protected":false},"author":3,"featured_media":54674,"comment_status":"open","ping_status":"open","sticky":false,"template":"","format":"standard","meta":{"_yoast_indexnow_last_ping":["1707067421"],"wp_automatic_camp":["217"],"bd2dfb4bf594189a469f0b61abd507c4":["Iran warnt die USA vor Eskalation nach Angriffen"],"original_link":["https:\/\/de.rt.com\/der-nahe-osten\/195065-iran-warnt-usa-vor-eskalation\/"],"_thumbnail_id":["54674"],"_wptgpro_p2tg_sent2tg":["a:1:{i:23737;s:19:\"2024-02-04 19:25:18\";}"],"jnews_social_counter_last_update":["1777478727"]},"categories":[19,23],"tags":[3013,45,582,1786,979,193,320,912],"yoast_head":"<!-- This site is optimized with the Yoast SEO Premium plugin v22.7 (Yoast SEO v22.7) - https:\/\/yoast.com\/wordpress\/plugins\/seo\/ -->\n<title>Iran warnt die USA vor Eskalation nach Angriffen - just-now.NEWS Deutschland<\/title>\n<meta name=\"robots\" content=\"index, follow, max-snippet:-1, max-image-preview:large, max-video-preview:-1\" \/>\n<link rel=\"canonical\" href=\"https:\/\/now-news.de\/de\/deutschland\/iran-warnt-die-usa-vor-eskalation-nach-angriffen\/\" \/>\n<meta property=\"og:locale\" content=\"de_DE\" \/>\n<meta property=\"og:type\" content=\"article\" \/>\n<meta property=\"og:title\" content=\"Iran warnt die USA vor Eskalation nach Angriffen\" \/>\n<meta property=\"og:description\" content=\"Nicht nur die US-Beziehungen zu Iran eskalieren \u2013 auch die irakische Regierung zeigt sich nach den US-Angriffen in Syrien und im Irak ver\u00e4rgert und wirft den USA vor, sich nicht mit Bagdad abgestimmt zu haben. Teheran hat die US-Angriffe vom Freitag auf von Iran unterst\u00fctzte militante Ressourcen und Einrichtungen im Irak und in Syrien scharf [&hellip;]\" \/>\n<meta property=\"og:url\" content=\"https:\/\/now-news.de\/de\/deutschland\/iran-warnt-die-usa-vor-eskalation-nach-angriffen\/\" \/>\n<meta property=\"og:site_name\" content=\"just-now.NEWS Deutschland\" \/>\n<meta property=\"article:publisher\" content=\"https:\/\/www.facebook.com\/wirmachenauf\" \/>\n<meta property=\"article:published_time\" content=\"2024-02-04T17:16:21+00:00\" \/>\n<meta property=\"og:image\" content=\"https:\/\/now-news.de\/de\/wp-content\/uploads\/sites\/3\/2024\/02\/Iran-warnt-die-USA-vor-Eskalation-nach-Angriffen.jpg\" \/>\n\t<meta property=\"og:image:width\" content=\"460\" \/>\n\t<meta property=\"og:image:height\" content=\"259\" \/>\n\t<meta property=\"og:image:type\" content=\"image\/jpeg\" \/>\n<meta name=\"author\" content=\"rtnews\" \/>\n<meta name=\"twitter:card\" content=\"summary_large_image\" \/>\n<meta name=\"twitter:creator\" content=\"@WirMachenAuf_de\" \/>\n<meta name=\"twitter:site\" content=\"@WirMachenAuf_de\" \/>\n<meta name=\"twitter:label1\" content=\"Verfasst von\" \/>\n\t<meta name=\"twitter:data1\" content=\"rtnews\" \/>\n\t<meta name=\"twitter:label2\" content=\"Gesch\u00e4tzte Lesezeit\" \/>\n\t<meta name=\"twitter:data2\" content=\"2\u00a0Minuten\" \/>\n<script type=\"application\/ld+json\" class=\"yoast-schema-graph\">{\"@context\":\"https:\/\/schema.org\",\"@graph\":[{\"@type\":\"Article\",\"@id\":\"https:\/\/now-news.de\/de\/deutschland\/iran-warnt-die-usa-vor-eskalation-nach-angriffen\/#article\",\"isPartOf\":{\"@id\":\"https:\/\/now-news.de\/de\/deutschland\/iran-warnt-die-usa-vor-eskalation-nach-angriffen\/\"},\"author\":{\"name\":\"rtnews\",\"@id\":\"https:\/\/now-news.de\/de\/#\/schema\/person\/fb534a4e865501d8b3285208df34a9b5\"},\"headline\":\"Iran warnt die USA vor Eskalation nach Angriffen\",\"datePublished\":\"2024-02-04T17:16:21+00:00\",\"dateModified\":\"2024-02-04T17:16:21+00:00\",\"mainEntityOfPage\":{\"@id\":\"https:\/\/now-news.de\/de\/deutschland\/iran-warnt-die-usa-vor-eskalation-nach-angriffen\/\"},\"wordCount\":419,\"commentCount\":0,\"publisher\":{\"@id\":\"https:\/\/now-news.de\/de\/#organization\"},\"image\":{\"@id\":\"https:\/\/now-news.de\/de\/deutschland\/iran-warnt-die-usa-vor-eskalation-nach-angriffen\/#primaryimage\"},\"thumbnailUrl\":\"https:\/\/now-news.de\/de\/wp-content\/uploads\/sites\/3\/2024\/02\/Iran-warnt-die-USA-vor-Eskalation-nach-Angriffen.jpg\",\"keywords\":[\"Angriffen\",\"die\",\"Eskalation\",\"Iran\",\"nach\",\"USA\",\"vor\",\"warnt\"],\"articleSection\":[\"Deutschland\",\"Russland\"],\"inLanguage\":\"de\",\"potentialAction\":[{\"@type\":\"CommentAction\",\"name\":\"Comment\",\"target\":[\"https:\/\/now-news.de\/de\/deutschland\/iran-warnt-die-usa-vor-eskalation-nach-angriffen\/#respond\"]}]},{\"@type\":\"WebPage\",\"@id\":\"https:\/\/now-news.de\/de\/deutschland\/iran-warnt-die-usa-vor-eskalation-nach-angriffen\/\",\"url\":\"https:\/\/now-news.de\/de\/deutschland\/iran-warnt-die-usa-vor-eskalation-nach-angriffen\/\",\"name\":\"Iran warnt die USA vor Eskalation nach Angriffen - just-now.NEWS Deutschland\",\"isPartOf\":{\"@id\":\"https:\/\/now-news.de\/de\/#website\"},\"primaryImageOfPage\":{\"@id\":\"https:\/\/now-news.de\/de\/deutschland\/iran-warnt-die-usa-vor-eskalation-nach-angriffen\/#primaryimage\"},\"image\":{\"@id\":\"https:\/\/now-news.de\/de\/deutschland\/iran-warnt-die-usa-vor-eskalation-nach-angriffen\/#primaryimage\"},\"thumbnailUrl\":\"https:\/\/now-news.de\/de\/wp-content\/uploads\/sites\/3\/2024\/02\/Iran-warnt-die-USA-vor-Eskalation-nach-Angriffen.jpg\",\"datePublished\":\"2024-02-04T17:16:21+00:00\",\"dateModified\":\"2024-02-04T17:16:21+00:00\",\"breadcrumb\":{\"@id\":\"https:\/\/now-news.de\/de\/deutschland\/iran-warnt-die-usa-vor-eskalation-nach-angriffen\/#breadcrumb\"},\"inLanguage\":\"de\",\"potentialAction\":[{\"@type\":\"ReadAction\",\"target\":[\"https:\/\/now-news.de\/de\/deutschland\/iran-warnt-die-usa-vor-eskalation-nach-angriffen\/\"]}]},{\"@type\":\"ImageObject\",\"inLanguage\":\"de\",\"@id\":\"https:\/\/now-news.de\/de\/deutschland\/iran-warnt-die-usa-vor-eskalation-nach-angriffen\/#primaryimage\",\"url\":\"https:\/\/now-news.de\/de\/wp-content\/uploads\/sites\/3\/2024\/02\/Iran-warnt-die-USA-vor-Eskalation-nach-Angriffen.jpg\",\"contentUrl\":\"https:\/\/now-news.de\/de\/wp-content\/uploads\/sites\/3\/2024\/02\/Iran-warnt-die-USA-vor-Eskalation-nach-Angriffen.jpg\",\"width\":460,\"height\":259,\"caption\":\"Iran warnt die USA vor Eskalation nach Angriffen\"},{\"@type\":\"BreadcrumbList\",\"@id\":\"https:\/\/now-news.de\/de\/deutschland\/iran-warnt-die-usa-vor-eskalation-nach-angriffen\/#breadcrumb\",\"itemListElement\":[{\"@type\":\"ListItem\",\"position\":1,\"name\":\"Home\",\"item\":\"https:\/\/now-news.de\/de\/\"},{\"@type\":\"ListItem\",\"position\":2,\"name\":\"Iran warnt die USA vor Eskalation nach Angriffen\"}]},{\"@type\":\"WebSite\",\"@id\":\"https:\/\/now-news.de\/de\/#website\",\"url\":\"https:\/\/now-news.de\/de\/\",\"name\":\"just-now.NEWS Deutschland\",\"description\":\"Das Portal f\u00fcr unzensierte Nachrichten aus der Welt\",\"publisher\":{\"@id\":\"https:\/\/now-news.de\/de\/#organization\"},\"potentialAction\":[{\"@type\":\"SearchAction\",\"target\":{\"@type\":\"EntryPoint\",\"urlTemplate\":\"https:\/\/now-news.de\/de\/?s={search_term_string}\"},\"query-input\":\"required name=search_term_string\"}],\"inLanguage\":\"de\"},{\"@type\":\"Organization\",\"@id\":\"https:\/\/now-news.de\/de\/#organization\",\"name\":\"Just Now News\",\"url\":\"https:\/\/now-news.de\/de\/\",\"logo\":{\"@type\":\"ImageObject\",\"inLanguage\":\"de\",\"@id\":\"https:\/\/now-news.de\/de\/#\/schema\/logo\/image\/\",\"url\":\"http:\/\/just-now.news\/de\/wp-content\/uploads\/sites\/3\/2022\/04\/logo500x500.jpg\",\"contentUrl\":\"http:\/\/just-now.news\/de\/wp-content\/uploads\/sites\/3\/2022\/04\/logo500x500.jpg\",\"width\":500,\"height\":500,\"caption\":\"Just Now News\"},\"image\":{\"@id\":\"https:\/\/now-news.de\/de\/#\/schema\/logo\/image\/\"},\"sameAs\":[\"https:\/\/www.facebook.com\/wirmachenauf\",\"https:\/\/x.com\/WirMachenAuf_de\"]},{\"@type\":\"Person\",\"@id\":\"https:\/\/now-news.de\/de\/#\/schema\/person\/fb534a4e865501d8b3285208df34a9b5\",\"name\":\"rtnews\",\"image\":{\"@type\":\"ImageObject\",\"inLanguage\":\"de\",\"@id\":\"https:\/\/now-news.de\/de\/#\/schema\/person\/image\/\",\"url\":\"https:\/\/secure.gravatar.com\/avatar\/82aafea7d8127119dd649515f56e2117?s=96&d=mm&r=g\",\"contentUrl\":\"https:\/\/secure.gravatar.com\/avatar\/82aafea7d8127119dd649515f56e2117?s=96&d=mm&r=g\",\"caption\":\"rtnews\"},\"url\":\"https:\/\/now-news.de\/de\/author\/rnews\/\"}]}<\/script>\n<!-- \/ Yoast SEO Premium plugin. -->","yoast_head_json":{"title":"Iran warnt die USA vor Eskalation nach Angriffen - just-now.NEWS Deutschland","robots":{"index":"index","follow":"follow","max-snippet":"max-snippet:-1","max-image-preview":"max-image-preview:large","max-video-preview":"max-video-preview:-1"},"canonical":"https:\/\/now-news.de\/de\/deutschland\/iran-warnt-die-usa-vor-eskalation-nach-angriffen\/","og_locale":"de_DE","og_type":"article","og_title":"Iran warnt die USA vor Eskalation nach Angriffen","og_description":"Nicht nur die US-Beziehungen zu Iran eskalieren \u2013 auch die irakische Regierung zeigt sich nach den US-Angriffen in Syrien und im Irak ver\u00e4rgert und wirft den USA vor, sich nicht mit Bagdad abgestimmt zu haben. Teheran hat die US-Angriffe vom Freitag auf von Iran unterst\u00fctzte militante Ressourcen und Einrichtungen im Irak und in Syrien scharf [&hellip;]","og_url":"https:\/\/now-news.de\/de\/deutschland\/iran-warnt-die-usa-vor-eskalation-nach-angriffen\/","og_site_name":"just-now.NEWS Deutschland","article_publisher":"https:\/\/www.facebook.com\/wirmachenauf","article_published_time":"2024-02-04T17:16:21+00:00","og_image":[{"width":460,"height":259,"url":"https:\/\/now-news.de\/de\/wp-content\/uploads\/sites\/3\/2024\/02\/Iran-warnt-die-USA-vor-Eskalation-nach-Angriffen.jpg","type":"image\/jpeg"}],"author":"rtnews","twitter_card":"summary_large_image","twitter_creator":"@WirMachenAuf_de","twitter_site":"@WirMachenAuf_de","twitter_misc":{"Verfasst von":"rtnews","Gesch\u00e4tzte Lesezeit":"2\u00a0Minuten"},"schema":{"@context":"https:\/\/schema.org","@graph":[{"@type":"Article","@id":"https:\/\/now-news.de\/de\/deutschland\/iran-warnt-die-usa-vor-eskalation-nach-angriffen\/#article","isPartOf":{"@id":"https:\/\/now-news.de\/de\/deutschland\/iran-warnt-die-usa-vor-eskalation-nach-angriffen\/"},"author":{"name":"rtnews","@id":"https:\/\/now-news.de\/de\/#\/schema\/person\/fb534a4e865501d8b3285208df34a9b5"},"headline":"Iran warnt die USA vor Eskalation nach Angriffen","datePublished":"2024-02-04T17:16:21+00:00","dateModified":"2024-02-04T17:16:21+00:00","mainEntityOfPage":{"@id":"https:\/\/now-news.de\/de\/deutschland\/iran-warnt-die-usa-vor-eskalation-nach-angriffen\/"},"wordCount":419,"commentCount":0,"publisher":{"@id":"https:\/\/now-news.de\/de\/#organization"},"image":{"@id":"https:\/\/now-news.de\/de\/deutschland\/iran-warnt-die-usa-vor-eskalation-nach-angriffen\/#primaryimage"},"thumbnailUrl":"https:\/\/now-news.de\/de\/wp-content\/uploads\/sites\/3\/2024\/02\/Iran-warnt-die-USA-vor-Eskalation-nach-Angriffen.jpg","keywords":["Angriffen","die","Eskalation","Iran","nach","USA","vor","warnt"],"articleSection":["Deutschland","Russland"],"inLanguage":"de","potentialAction":[{"@type":"CommentAction","name":"Comment","target":["https:\/\/now-news.de\/de\/deutschland\/iran-warnt-die-usa-vor-eskalation-nach-angriffen\/#respond"]}]},{"@type":"WebPage","@id":"https:\/\/now-news.de\/de\/deutschland\/iran-warnt-die-usa-vor-eskalation-nach-angriffen\/","url":"https:\/\/now-news.de\/de\/deutschland\/iran-warnt-die-usa-vor-eskalation-nach-angriffen\/","name":"Iran warnt die USA vor Eskalation nach Angriffen - just-now.NEWS Deutschland","isPartOf":{"@id":"https:\/\/now-news.de\/de\/#website"},"primaryImageOfPage":{"@id":"https:\/\/now-news.de\/de\/deutschland\/iran-warnt-die-usa-vor-eskalation-nach-angriffen\/#primaryimage"},"image":{"@id":"https:\/\/now-news.de\/de\/deutschland\/iran-warnt-die-usa-vor-eskalation-nach-angriffen\/#primaryimage"},"thumbnailUrl":"https:\/\/now-news.de\/de\/wp-content\/uploads\/sites\/3\/2024\/02\/Iran-warnt-die-USA-vor-Eskalation-nach-Angriffen.jpg","datePublished":"2024-02-04T17:16:21+00:00","dateModified":"2024-02-04T17:16:21+00:00","breadcrumb":{"@id":"https:\/\/now-news.de\/de\/deutschland\/iran-warnt-die-usa-vor-eskalation-nach-angriffen\/#breadcrumb"},"inLanguage":"de","potentialAction":[{"@type":"ReadAction","target":["https:\/\/now-news.de\/de\/deutschland\/iran-warnt-die-usa-vor-eskalation-nach-angriffen\/"]}]},{"@type":"ImageObject","inLanguage":"de","@id":"https:\/\/now-news.de\/de\/deutschland\/iran-warnt-die-usa-vor-eskalation-nach-angriffen\/#primaryimage","url":"https:\/\/now-news.de\/de\/wp-content\/uploads\/sites\/3\/2024\/02\/Iran-warnt-die-USA-vor-Eskalation-nach-Angriffen.jpg","contentUrl":"https:\/\/now-news.de\/de\/wp-content\/uploads\/sites\/3\/2024\/02\/Iran-warnt-die-USA-vor-Eskalation-nach-Angriffen.jpg","width":460,"height":259,"caption":"Iran warnt die USA vor Eskalation nach Angriffen"},{"@type":"BreadcrumbList","@id":"https:\/\/now-news.de\/de\/deutschland\/iran-warnt-die-usa-vor-eskalation-nach-angriffen\/#breadcrumb","itemListElement":[{"@type":"ListItem","position":1,"name":"Home","item":"https:\/\/now-news.de\/de\/"},{"@type":"ListItem","position":2,"name":"Iran warnt die USA vor Eskalation nach Angriffen"}]},{"@type":"WebSite","@id":"https:\/\/now-news.de\/de\/#website","url":"https:\/\/now-news.de\/de\/","name":"just-now.NEWS Deutschland","description":"Das Portal f\u00fcr unzensierte Nachrichten aus der Welt","publisher":{"@id":"https:\/\/now-news.de\/de\/#organization"},"potentialAction":[{"@type":"SearchAction","target":{"@type":"EntryPoint","urlTemplate":"https:\/\/now-news.de\/de\/?s={search_term_string}"},"query-input":"required name=search_term_string"}],"inLanguage":"de"},{"@type":"Organization","@id":"https:\/\/now-news.de\/de\/#organization","name":"Just Now News","url":"https:\/\/now-news.de\/de\/","logo":{"@type":"ImageObject","inLanguage":"de","@id":"https:\/\/now-news.de\/de\/#\/schema\/logo\/image\/","url":"http:\/\/just-now.news\/de\/wp-content\/uploads\/sites\/3\/2022\/04\/logo500x500.jpg","contentUrl":"http:\/\/just-now.news\/de\/wp-content\/uploads\/sites\/3\/2022\/04\/logo500x500.jpg","width":500,"height":500,"caption":"Just Now News"},"image":{"@id":"https:\/\/now-news.de\/de\/#\/schema\/logo\/image\/"},"sameAs":["https:\/\/www.facebook.com\/wirmachenauf","https:\/\/x.com\/WirMachenAuf_de"]},{"@type":"Person","@id":"https:\/\/now-news.de\/de\/#\/schema\/person\/fb534a4e865501d8b3285208df34a9b5","name":"rtnews","image":{"@type":"ImageObject","inLanguage":"de","@id":"https:\/\/now-news.de\/de\/#\/schema\/person\/image\/","url":"https:\/\/secure.gravatar.com\/avatar\/82aafea7d8127119dd649515f56e2117?s=96&d=mm&r=g","contentUrl":"https:\/\/secure.gravatar.com\/avatar\/82aafea7d8127119dd649515f56e2117?s=96&d=mm&r=g","caption":"rtnews"},"url":"https:\/\/now-news.de\/de\/author\/rnews\/"}]}},"_links":{"self":[{"href":"https:\/\/now-news.de\/de\/wp-json\/wp\/v2\/posts\/54673"}],"collection":[{"href":"https:\/\/now-news.de\/de\/wp-json\/wp\/v2\/posts"}],"about":[{"href":"https:\/\/now-news.de\/de\/wp-json\/wp\/v2\/types\/post"}],"author":[{"embeddable":true,"href":"https:\/\/now-news.de\/de\/wp-json\/wp\/v2\/users\/3"}],"replies":[{"embeddable":true,"href":"https:\/\/now-news.de\/de\/wp-json\/wp\/v2\/comments?post=54673"}],"version-history":[{"count":0,"href":"https:\/\/now-news.de\/de\/wp-json\/wp\/v2\/posts\/54673\/revisions"}],"wp:featuredmedia":[{"embeddable":true,"href":"https:\/\/now-news.de\/de\/wp-json\/wp\/v2\/media\/54674"}],"wp:attachment":[{"href":"https:\/\/now-news.de\/de\/wp-json\/wp\/v2\/media?parent=54673"}],"wp:term":[{"taxonomy":"category","embeddable":true,"href":"https:\/\/now-news.de\/de\/wp-json\/wp\/v2\/categories?post=54673"},{"taxonomy":"post_tag","embeddable":true,"href":"https:\/\/now-news.de\/de\/wp-json\/wp\/v2\/tags?post=54673"}],"curies":[{"name":"wp","href":"https:\/\/api.w.org\/{rel}","templated":true}]}}