{"id":54669,"date":"2024-02-04T17:06:14","date_gmt":"2024-02-04T15:06:14","guid":{"rendered":"https:\/\/just-now.news\/de\/deutschland\/the-daily-telegraph-drittklassige-politische-eliten-zerstoeren-das-alte-europa-europa-ist-erledigt\/"},"modified":"2024-02-04T17:06:14","modified_gmt":"2024-02-04T15:06:14","slug":"the-daily-telegraph-drittklassige-politische-eliten-zerstoeren-das-alte-europa-europa-ist-erledigt","status":"publish","type":"post","link":"https:\/\/now-news.de\/de\/deutschland\/the-daily-telegraph-drittklassige-politische-eliten-zerstoeren-das-alte-europa-europa-ist-erledigt\/","title":{"rendered":"The Daily Telegraph: Drittklassige politische Eliten zerst\u00f6ren das alte Europa \u2013 Europa ist erledigt"},"content":{"rendered":"<p><img decoding=\"async\" src=\"http:\/\/just-now.news\/de\/wp-content\/uploads\/sites\/3\/2024\/02\/65bf59f048fbef5dfc7b8cb2.jpg\" \/><\/p>\n<div class=\"Text-root Text-type_1 \">\n                Inkompetente Regierungseliten haben Europa in den Niedergang getrieben, meint britische Tageszeitung The Daily Telegraph. Die angeh\u00e4uften Probleme sind so komplex, dass die Politiker sie nicht bew\u00e4ltigen k\u00f6nnen. Das alte Europa kann nun also nur noch betrauert werden.\n            <\/div>\n<p><\/p>\n<div class=\"Text-root Text-type_5 ArticleView-text ViewText-root \">\n<p>Europa ist am Ende, meint Allister Heath, der Herausgeber der britischen Zeitung <em>The Daily Telegraph<\/em>. Dieses Europa sei nicht nur bankrott und stehe am Rande der sozialen Explosion, sondern \u2013 was noch schlimmer ist \u2013 es sei unheilbar. Der renommierte Kolumnist der britischen Zeitung erkl\u00e4rt in seinem <a rel=\"nofollow noopener\" target=\"_blank\" href=\"https:\/\/www.telegraph.co.uk\/news\/2024\/01\/31\/europe-is-finished-condemned-third-rate-elites\/\">Beitrag<\/a>:<\/p>\n<blockquote>\n<p><em>&#8220;Man kann das alte Europa betrauern und seinen Untergang beklagen. Die F\u00e4ulnis ist zu weit fortgeschritten und der Verfall zu tief: M\u00fc\u00dfiggang, Promiskuit\u00e4t, morbider Pazifismus und Selbsthass sind zu tief verwurzelt, und diese t\u00f6dliche Spirale ist kaum zu bremsen. Europa war einst\u00a0der reichste und am weitesten entwickelte Kontinent, aber jetzt ist es am Ende: Sein dem\u00fctigender Niedergang ist f\u00fcr den Rest der Welt bereits offensichtlich, und nur die verblendeten Europ\u00e4er selbst bemerken ihn nicht. Dar\u00fcber hinaus haben seine \u00dcbel \u2013 katastrophales wirtschaftliches Versagen, fast v\u00f6llige geopolitische Irrelevanz, die Migrations- und Integrationskrise und ein eklatantes Demokratiedefizit \u2013 bereits metastasiert. Das Problem ist zu komplex und zu gro\u00df, als dass Europas drittklassige Eliten auch \u00fcberhaupt an eine L\u00f6sung denken k\u00f6nnten \u2013 vor allem jene Egomanen und Demagogen in der Politik, die es so leichtfertig in den sozialen Zerfall und in die &#8216;Wachstumsfeindlichkeit&#8217; gef\u00fchrt haben, mit einer Armee, die eher einem Potjomkinschen Dorf gleicht, und einer erschreckenden Demografie.&#8221;<\/em><\/p>\n<\/blockquote>\n<p>Aus der 248 Jahre alten Rivalit\u00e4t zwischen den Vereinigten Staaten von Amerika und dem alten Europa gebe es nur einen Gewinner, res\u00fcmiert der Journalist. F\u00fcr den europ\u00e4ischen Kontinent gebe es kein Zur\u00fcck mehr, denn Europa habe sich mit &#8220;Neid auf h\u00f6chstem Niveau&#8221; selbst zerst\u00f6rt \u2013 das hei\u00dft mit dem Glauben, dass es f\u00fcr die Rettung des Planeten unverzichtbar sei, erfolgreiche Industrien zu schlie\u00dfen und Menschen in die Armut zu treiben.<\/p>\n<p>Die politische Elite in diesem Europa habe sich in all den letzten Jahren geweigert, auf ihre W\u00e4hler zu h\u00f6ren \u2013 und daher sei es &#8220;also nicht verwunderlich, dass in ihnen eine so explosive und unreflektierte Wut heranreift&#8221;, gei\u00dfelt der Kolumnist in<em> The Daily Telegraph<\/em> weiter.<\/p>\n<p>Doch die europ\u00e4ischen Eliten seien \u00fcberhaupt nicht mehr in der Lage, ihren &#8220;Sozialstaat f\u00fcr alle&#8221; zu reformieren und werden es auch weiterhin nicht sein. Deshalb sagt der Autor voraus:<\/p>\n<blockquote>\n<p><em>&#8220;Der Wohlfahrtsstaat wird zusammenbrechen, die Steuern werden in die H\u00f6he schie\u00dfen, und die jungen Menschen werden f\u00fcr die Gesundheitsversorgung und die Renten der \u00e4lteren Menschen aufkommen m\u00fcssen. Die einzige Antwort der Euro-Elite \u2013 noch mehr Migration \u2013 wird Wasser auf die M\u00fchlen potenziell gef\u00e4hrlicher Extremisten gie\u00dfen. In Frankreich, Deutschland, Belgien und anderswo legt das Versagen der Beh\u00f6rden bei der vollst\u00e4ndigen Integration der j\u00fcngsten Migranten in Verbindung mit der Reaktion der herrschenden Elite \u2013 einer unverhohlenen L\u00fcge, dass alles in Ordnung sei \u2013 den Grundstein f\u00fcr eine zuk\u00fcnftige Katastrophe.&#8221;<\/em><\/p>\n<\/blockquote>\n<p>Alles, was wir jetzt erleben \u2013 n\u00e4mlich wirtschaftlicher Selbstmord auf globaler europ\u00e4ischer Ebene und schrumpfende geopolitische Bedeutung \u2013 ist also ein Auftakt f\u00fcr den endg\u00fcltigen und unwiderruflichen Zerfall der Alten Welt.<\/p>\n<p><strong>Mehr zum Thema &#8211; <\/strong><a rel=\"nofollow noopener\" target=\"_blank\" href=\"https:\/\/freedert.online\/meinung\/194199-franzoesischen-bauern-saeen-samen-revolution\/\">Die franz\u00f6sischen Bauern s\u00e4en den Samen der Revolution gegen die Eliten in Paris<\/a><\/p>\n<\/div>\n<p><br \/>\n<br \/><a href=\"https:\/\/de.rt.com\/europa\/195026-the-daily-telegraph-drittklassige-politische\/\">Source link <\/a><\/p>\n","protected":false},"excerpt":{"rendered":"<p>Inkompetente Regierungseliten haben Europa in den Niedergang getrieben, meint britische Tageszeitung The Daily Telegraph. Die angeh\u00e4uften Probleme sind so komplex, dass die Politiker sie nicht bew\u00e4ltigen k\u00f6nnen. Das alte Europa kann nun also nur noch betrauert werden. Europa ist am Ende, meint Allister Heath, der Herausgeber der britischen Zeitung The Daily Telegraph. Dieses Europa sei [&hellip;]<\/p>\n","protected":false},"author":3,"featured_media":54670,"comment_status":"open","ping_status":"open","sticky":false,"template":"","format":"standard","meta":{"_yoast_indexnow_last_ping":["1707059385"],"wp_automatic_camp":["217"],"577b6ffc1d8e2da1558e116fd4cf6215":["The Daily Telegraph: Drittklassige politische Eliten zerst\u00f6ren das alte Europa \u2013 Europa ist erledigt"],"original_link":["https:\/\/de.rt.com\/europa\/195026-the-daily-telegraph-drittklassige-politische\/"],"_thumbnail_id":["54670"],"jnews_social_counter_last_update":["1777261278"],"_wptgpro_p2tg_sent2tg":["a:1:{i:23737;s:19:\"2024-02-04 17:10:53\";}"]},"categories":[19,23],"tags":[22571,632,427,53178,4435,53179,1370,414,4434,32639,1049],"yoast_head":"<!-- This site is optimized with the Yoast SEO Premium plugin v22.7 (Yoast SEO v22.7) - https:\/\/yoast.com\/wordpress\/plugins\/seo\/ -->\n<title>The Daily Telegraph: Drittklassige politische Eliten zerst\u00f6ren das alte Europa \u2013 Europa ist erledigt - just-now.NEWS Deutschland<\/title>\n<meta name=\"robots\" content=\"index, follow, max-snippet:-1, max-image-preview:large, max-video-preview:-1\" \/>\n<link rel=\"canonical\" href=\"https:\/\/now-news.de\/de\/deutschland\/the-daily-telegraph-drittklassige-politische-eliten-zerstoeren-das-alte-europa-europa-ist-erledigt\/\" \/>\n<meta property=\"og:locale\" content=\"de_DE\" \/>\n<meta property=\"og:type\" content=\"article\" \/>\n<meta property=\"og:title\" content=\"The Daily Telegraph: Drittklassige politische Eliten zerst\u00f6ren das alte Europa \u2013 Europa ist erledigt\" \/>\n<meta property=\"og:description\" content=\"Inkompetente Regierungseliten haben Europa in den Niedergang getrieben, meint britische Tageszeitung The Daily Telegraph. Die angeh\u00e4uften Probleme sind so komplex, dass die Politiker sie nicht bew\u00e4ltigen k\u00f6nnen. Das alte Europa kann nun also nur noch betrauert werden. Europa ist am Ende, meint Allister Heath, der Herausgeber der britischen Zeitung The Daily Telegraph. Dieses Europa sei [&hellip;]\" \/>\n<meta property=\"og:url\" content=\"https:\/\/now-news.de\/de\/deutschland\/the-daily-telegraph-drittklassige-politische-eliten-zerstoeren-das-alte-europa-europa-ist-erledigt\/\" \/>\n<meta property=\"og:site_name\" content=\"just-now.NEWS Deutschland\" \/>\n<meta property=\"article:publisher\" content=\"https:\/\/www.facebook.com\/wirmachenauf\" \/>\n<meta property=\"article:published_time\" content=\"2024-02-04T15:06:14+00:00\" \/>\n<meta property=\"og:image\" content=\"https:\/\/now-news.de\/de\/wp-content\/uploads\/sites\/3\/2024\/02\/The-Daily-Telegraph-Drittklassige-politische-Eliten-zerstoeren-das-alte-Europa.jpg\" \/>\n\t<meta property=\"og:image:width\" content=\"460\" \/>\n\t<meta property=\"og:image:height\" content=\"259\" \/>\n\t<meta property=\"og:image:type\" content=\"image\/jpeg\" \/>\n<meta name=\"author\" content=\"rtnews\" \/>\n<meta name=\"twitter:card\" content=\"summary_large_image\" \/>\n<meta name=\"twitter:creator\" content=\"@WirMachenAuf_de\" \/>\n<meta name=\"twitter:site\" content=\"@WirMachenAuf_de\" \/>\n<meta name=\"twitter:label1\" content=\"Verfasst von\" \/>\n\t<meta name=\"twitter:data1\" content=\"rtnews\" \/>\n\t<meta name=\"twitter:label2\" content=\"Gesch\u00e4tzte Lesezeit\" \/>\n\t<meta name=\"twitter:data2\" content=\"3\u00a0Minuten\" \/>\n<script type=\"application\/ld+json\" class=\"yoast-schema-graph\">{\"@context\":\"https:\/\/schema.org\",\"@graph\":[{\"@type\":\"Article\",\"@id\":\"https:\/\/now-news.de\/de\/deutschland\/the-daily-telegraph-drittklassige-politische-eliten-zerstoeren-das-alte-europa-europa-ist-erledigt\/#article\",\"isPartOf\":{\"@id\":\"https:\/\/now-news.de\/de\/deutschland\/the-daily-telegraph-drittklassige-politische-eliten-zerstoeren-das-alte-europa-europa-ist-erledigt\/\"},\"author\":{\"name\":\"rtnews\",\"@id\":\"https:\/\/now-news.de\/de\/#\/schema\/person\/fb534a4e865501d8b3285208df34a9b5\"},\"headline\":\"The Daily Telegraph: Drittklassige politische Eliten zerst\u00f6ren das alte Europa \u2013 Europa ist erledigt\",\"datePublished\":\"2024-02-04T15:06:14+00:00\",\"dateModified\":\"2024-02-04T15:06:14+00:00\",\"mainEntityOfPage\":{\"@id\":\"https:\/\/now-news.de\/de\/deutschland\/the-daily-telegraph-drittklassige-politische-eliten-zerstoeren-das-alte-europa-europa-ist-erledigt\/\"},\"wordCount\":574,\"commentCount\":0,\"publisher\":{\"@id\":\"https:\/\/now-news.de\/de\/#organization\"},\"image\":{\"@id\":\"https:\/\/now-news.de\/de\/deutschland\/the-daily-telegraph-drittklassige-politische-eliten-zerstoeren-das-alte-europa-europa-ist-erledigt\/#primaryimage\"},\"thumbnailUrl\":\"https:\/\/now-news.de\/de\/wp-content\/uploads\/sites\/3\/2024\/02\/The-Daily-Telegraph-Drittklassige-politische-Eliten-zerstoeren-das-alte-Europa.jpg\",\"keywords\":[\"alte\",\"Daily\",\"das\",\"Drittklassige\",\"Eliten\",\"erledigt\",\"Europa\",\"ist\",\"politische\",\"Telegraph\",\"zerst\u00f6ren\"],\"articleSection\":[\"Deutschland\",\"Russland\"],\"inLanguage\":\"de\",\"potentialAction\":[{\"@type\":\"CommentAction\",\"name\":\"Comment\",\"target\":[\"https:\/\/now-news.de\/de\/deutschland\/the-daily-telegraph-drittklassige-politische-eliten-zerstoeren-das-alte-europa-europa-ist-erledigt\/#respond\"]}]},{\"@type\":\"WebPage\",\"@id\":\"https:\/\/now-news.de\/de\/deutschland\/the-daily-telegraph-drittklassige-politische-eliten-zerstoeren-das-alte-europa-europa-ist-erledigt\/\",\"url\":\"https:\/\/now-news.de\/de\/deutschland\/the-daily-telegraph-drittklassige-politische-eliten-zerstoeren-das-alte-europa-europa-ist-erledigt\/\",\"name\":\"The Daily Telegraph: Drittklassige politische Eliten zerst\u00f6ren das alte Europa \u2013 Europa ist erledigt - just-now.NEWS Deutschland\",\"isPartOf\":{\"@id\":\"https:\/\/now-news.de\/de\/#website\"},\"primaryImageOfPage\":{\"@id\":\"https:\/\/now-news.de\/de\/deutschland\/the-daily-telegraph-drittklassige-politische-eliten-zerstoeren-das-alte-europa-europa-ist-erledigt\/#primaryimage\"},\"image\":{\"@id\":\"https:\/\/now-news.de\/de\/deutschland\/the-daily-telegraph-drittklassige-politische-eliten-zerstoeren-das-alte-europa-europa-ist-erledigt\/#primaryimage\"},\"thumbnailUrl\":\"https:\/\/now-news.de\/de\/wp-content\/uploads\/sites\/3\/2024\/02\/The-Daily-Telegraph-Drittklassige-politische-Eliten-zerstoeren-das-alte-Europa.jpg\",\"datePublished\":\"2024-02-04T15:06:14+00:00\",\"dateModified\":\"2024-02-04T15:06:14+00:00\",\"breadcrumb\":{\"@id\":\"https:\/\/now-news.de\/de\/deutschland\/the-daily-telegraph-drittklassige-politische-eliten-zerstoeren-das-alte-europa-europa-ist-erledigt\/#breadcrumb\"},\"inLanguage\":\"de\",\"potentialAction\":[{\"@type\":\"ReadAction\",\"target\":[\"https:\/\/now-news.de\/de\/deutschland\/the-daily-telegraph-drittklassige-politische-eliten-zerstoeren-das-alte-europa-europa-ist-erledigt\/\"]}]},{\"@type\":\"ImageObject\",\"inLanguage\":\"de\",\"@id\":\"https:\/\/now-news.de\/de\/deutschland\/the-daily-telegraph-drittklassige-politische-eliten-zerstoeren-das-alte-europa-europa-ist-erledigt\/#primaryimage\",\"url\":\"https:\/\/now-news.de\/de\/wp-content\/uploads\/sites\/3\/2024\/02\/The-Daily-Telegraph-Drittklassige-politische-Eliten-zerstoeren-das-alte-Europa.jpg\",\"contentUrl\":\"https:\/\/now-news.de\/de\/wp-content\/uploads\/sites\/3\/2024\/02\/The-Daily-Telegraph-Drittklassige-politische-Eliten-zerstoeren-das-alte-Europa.jpg\",\"width\":460,\"height\":259,\"caption\":\"The Daily Telegraph: Drittklassige politische Eliten zerst\u00f6ren das alte Europa \u2013 Europa ist erledigt\"},{\"@type\":\"BreadcrumbList\",\"@id\":\"https:\/\/now-news.de\/de\/deutschland\/the-daily-telegraph-drittklassige-politische-eliten-zerstoeren-das-alte-europa-europa-ist-erledigt\/#breadcrumb\",\"itemListElement\":[{\"@type\":\"ListItem\",\"position\":1,\"name\":\"Home\",\"item\":\"https:\/\/now-news.de\/de\/\"},{\"@type\":\"ListItem\",\"position\":2,\"name\":\"The Daily Telegraph: Drittklassige politische Eliten zerst\u00f6ren das alte Europa \u2013 Europa ist erledigt\"}]},{\"@type\":\"WebSite\",\"@id\":\"https:\/\/now-news.de\/de\/#website\",\"url\":\"https:\/\/now-news.de\/de\/\",\"name\":\"just-now.NEWS Deutschland\",\"description\":\"Das Portal f\u00fcr unzensierte Nachrichten aus der Welt\",\"publisher\":{\"@id\":\"https:\/\/now-news.de\/de\/#organization\"},\"potentialAction\":[{\"@type\":\"SearchAction\",\"target\":{\"@type\":\"EntryPoint\",\"urlTemplate\":\"https:\/\/now-news.de\/de\/?s={search_term_string}\"},\"query-input\":\"required name=search_term_string\"}],\"inLanguage\":\"de\"},{\"@type\":\"Organization\",\"@id\":\"https:\/\/now-news.de\/de\/#organization\",\"name\":\"Just Now News\",\"url\":\"https:\/\/now-news.de\/de\/\",\"logo\":{\"@type\":\"ImageObject\",\"inLanguage\":\"de\",\"@id\":\"https:\/\/now-news.de\/de\/#\/schema\/logo\/image\/\",\"url\":\"http:\/\/just-now.news\/de\/wp-content\/uploads\/sites\/3\/2022\/04\/logo500x500.jpg\",\"contentUrl\":\"http:\/\/just-now.news\/de\/wp-content\/uploads\/sites\/3\/2022\/04\/logo500x500.jpg\",\"width\":500,\"height\":500,\"caption\":\"Just Now News\"},\"image\":{\"@id\":\"https:\/\/now-news.de\/de\/#\/schema\/logo\/image\/\"},\"sameAs\":[\"https:\/\/www.facebook.com\/wirmachenauf\",\"https:\/\/x.com\/WirMachenAuf_de\"]},{\"@type\":\"Person\",\"@id\":\"https:\/\/now-news.de\/de\/#\/schema\/person\/fb534a4e865501d8b3285208df34a9b5\",\"name\":\"rtnews\",\"image\":{\"@type\":\"ImageObject\",\"inLanguage\":\"de\",\"@id\":\"https:\/\/now-news.de\/de\/#\/schema\/person\/image\/\",\"url\":\"https:\/\/secure.gravatar.com\/avatar\/82aafea7d8127119dd649515f56e2117?s=96&d=mm&r=g\",\"contentUrl\":\"https:\/\/secure.gravatar.com\/avatar\/82aafea7d8127119dd649515f56e2117?s=96&d=mm&r=g\",\"caption\":\"rtnews\"},\"url\":\"https:\/\/now-news.de\/de\/author\/rnews\/\"}]}<\/script>\n<!-- \/ Yoast SEO Premium plugin. -->","yoast_head_json":{"title":"The Daily Telegraph: Drittklassige politische Eliten zerst\u00f6ren das alte Europa \u2013 Europa ist erledigt - just-now.NEWS Deutschland","robots":{"index":"index","follow":"follow","max-snippet":"max-snippet:-1","max-image-preview":"max-image-preview:large","max-video-preview":"max-video-preview:-1"},"canonical":"https:\/\/now-news.de\/de\/deutschland\/the-daily-telegraph-drittklassige-politische-eliten-zerstoeren-das-alte-europa-europa-ist-erledigt\/","og_locale":"de_DE","og_type":"article","og_title":"The Daily Telegraph: Drittklassige politische Eliten zerst\u00f6ren das alte Europa \u2013 Europa ist erledigt","og_description":"Inkompetente Regierungseliten haben Europa in den Niedergang getrieben, meint britische Tageszeitung The Daily Telegraph. Die angeh\u00e4uften Probleme sind so komplex, dass die Politiker sie nicht bew\u00e4ltigen k\u00f6nnen. Das alte Europa kann nun also nur noch betrauert werden. Europa ist am Ende, meint Allister Heath, der Herausgeber der britischen Zeitung The Daily Telegraph. Dieses Europa sei [&hellip;]","og_url":"https:\/\/now-news.de\/de\/deutschland\/the-daily-telegraph-drittklassige-politische-eliten-zerstoeren-das-alte-europa-europa-ist-erledigt\/","og_site_name":"just-now.NEWS Deutschland","article_publisher":"https:\/\/www.facebook.com\/wirmachenauf","article_published_time":"2024-02-04T15:06:14+00:00","og_image":[{"width":460,"height":259,"url":"https:\/\/now-news.de\/de\/wp-content\/uploads\/sites\/3\/2024\/02\/The-Daily-Telegraph-Drittklassige-politische-Eliten-zerstoeren-das-alte-Europa.jpg","type":"image\/jpeg"}],"author":"rtnews","twitter_card":"summary_large_image","twitter_creator":"@WirMachenAuf_de","twitter_site":"@WirMachenAuf_de","twitter_misc":{"Verfasst von":"rtnews","Gesch\u00e4tzte Lesezeit":"3\u00a0Minuten"},"schema":{"@context":"https:\/\/schema.org","@graph":[{"@type":"Article","@id":"https:\/\/now-news.de\/de\/deutschland\/the-daily-telegraph-drittklassige-politische-eliten-zerstoeren-das-alte-europa-europa-ist-erledigt\/#article","isPartOf":{"@id":"https:\/\/now-news.de\/de\/deutschland\/the-daily-telegraph-drittklassige-politische-eliten-zerstoeren-das-alte-europa-europa-ist-erledigt\/"},"author":{"name":"rtnews","@id":"https:\/\/now-news.de\/de\/#\/schema\/person\/fb534a4e865501d8b3285208df34a9b5"},"headline":"The Daily Telegraph: Drittklassige politische Eliten zerst\u00f6ren das alte Europa \u2013 Europa ist erledigt","datePublished":"2024-02-04T15:06:14+00:00","dateModified":"2024-02-04T15:06:14+00:00","mainEntityOfPage":{"@id":"https:\/\/now-news.de\/de\/deutschland\/the-daily-telegraph-drittklassige-politische-eliten-zerstoeren-das-alte-europa-europa-ist-erledigt\/"},"wordCount":574,"commentCount":0,"publisher":{"@id":"https:\/\/now-news.de\/de\/#organization"},"image":{"@id":"https:\/\/now-news.de\/de\/deutschland\/the-daily-telegraph-drittklassige-politische-eliten-zerstoeren-das-alte-europa-europa-ist-erledigt\/#primaryimage"},"thumbnailUrl":"https:\/\/now-news.de\/de\/wp-content\/uploads\/sites\/3\/2024\/02\/The-Daily-Telegraph-Drittklassige-politische-Eliten-zerstoeren-das-alte-Europa.jpg","keywords":["alte","Daily","das","Drittklassige","Eliten","erledigt","Europa","ist","politische","Telegraph","zerst\u00f6ren"],"articleSection":["Deutschland","Russland"],"inLanguage":"de","potentialAction":[{"@type":"CommentAction","name":"Comment","target":["https:\/\/now-news.de\/de\/deutschland\/the-daily-telegraph-drittklassige-politische-eliten-zerstoeren-das-alte-europa-europa-ist-erledigt\/#respond"]}]},{"@type":"WebPage","@id":"https:\/\/now-news.de\/de\/deutschland\/the-daily-telegraph-drittklassige-politische-eliten-zerstoeren-das-alte-europa-europa-ist-erledigt\/","url":"https:\/\/now-news.de\/de\/deutschland\/the-daily-telegraph-drittklassige-politische-eliten-zerstoeren-das-alte-europa-europa-ist-erledigt\/","name":"The Daily Telegraph: Drittklassige politische Eliten zerst\u00f6ren das alte Europa \u2013 Europa ist erledigt - just-now.NEWS Deutschland","isPartOf":{"@id":"https:\/\/now-news.de\/de\/#website"},"primaryImageOfPage":{"@id":"https:\/\/now-news.de\/de\/deutschland\/the-daily-telegraph-drittklassige-politische-eliten-zerstoeren-das-alte-europa-europa-ist-erledigt\/#primaryimage"},"image":{"@id":"https:\/\/now-news.de\/de\/deutschland\/the-daily-telegraph-drittklassige-politische-eliten-zerstoeren-das-alte-europa-europa-ist-erledigt\/#primaryimage"},"thumbnailUrl":"https:\/\/now-news.de\/de\/wp-content\/uploads\/sites\/3\/2024\/02\/The-Daily-Telegraph-Drittklassige-politische-Eliten-zerstoeren-das-alte-Europa.jpg","datePublished":"2024-02-04T15:06:14+00:00","dateModified":"2024-02-04T15:06:14+00:00","breadcrumb":{"@id":"https:\/\/now-news.de\/de\/deutschland\/the-daily-telegraph-drittklassige-politische-eliten-zerstoeren-das-alte-europa-europa-ist-erledigt\/#breadcrumb"},"inLanguage":"de","potentialAction":[{"@type":"ReadAction","target":["https:\/\/now-news.de\/de\/deutschland\/the-daily-telegraph-drittklassige-politische-eliten-zerstoeren-das-alte-europa-europa-ist-erledigt\/"]}]},{"@type":"ImageObject","inLanguage":"de","@id":"https:\/\/now-news.de\/de\/deutschland\/the-daily-telegraph-drittklassige-politische-eliten-zerstoeren-das-alte-europa-europa-ist-erledigt\/#primaryimage","url":"https:\/\/now-news.de\/de\/wp-content\/uploads\/sites\/3\/2024\/02\/The-Daily-Telegraph-Drittklassige-politische-Eliten-zerstoeren-das-alte-Europa.jpg","contentUrl":"https:\/\/now-news.de\/de\/wp-content\/uploads\/sites\/3\/2024\/02\/The-Daily-Telegraph-Drittklassige-politische-Eliten-zerstoeren-das-alte-Europa.jpg","width":460,"height":259,"caption":"The Daily Telegraph: Drittklassige politische Eliten zerst\u00f6ren das alte Europa \u2013 Europa ist erledigt"},{"@type":"BreadcrumbList","@id":"https:\/\/now-news.de\/de\/deutschland\/the-daily-telegraph-drittklassige-politische-eliten-zerstoeren-das-alte-europa-europa-ist-erledigt\/#breadcrumb","itemListElement":[{"@type":"ListItem","position":1,"name":"Home","item":"https:\/\/now-news.de\/de\/"},{"@type":"ListItem","position":2,"name":"The Daily Telegraph: Drittklassige politische Eliten zerst\u00f6ren das alte Europa \u2013 Europa ist erledigt"}]},{"@type":"WebSite","@id":"https:\/\/now-news.de\/de\/#website","url":"https:\/\/now-news.de\/de\/","name":"just-now.NEWS Deutschland","description":"Das Portal f\u00fcr unzensierte Nachrichten aus der Welt","publisher":{"@id":"https:\/\/now-news.de\/de\/#organization"},"potentialAction":[{"@type":"SearchAction","target":{"@type":"EntryPoint","urlTemplate":"https:\/\/now-news.de\/de\/?s={search_term_string}"},"query-input":"required name=search_term_string"}],"inLanguage":"de"},{"@type":"Organization","@id":"https:\/\/now-news.de\/de\/#organization","name":"Just Now News","url":"https:\/\/now-news.de\/de\/","logo":{"@type":"ImageObject","inLanguage":"de","@id":"https:\/\/now-news.de\/de\/#\/schema\/logo\/image\/","url":"http:\/\/just-now.news\/de\/wp-content\/uploads\/sites\/3\/2022\/04\/logo500x500.jpg","contentUrl":"http:\/\/just-now.news\/de\/wp-content\/uploads\/sites\/3\/2022\/04\/logo500x500.jpg","width":500,"height":500,"caption":"Just Now News"},"image":{"@id":"https:\/\/now-news.de\/de\/#\/schema\/logo\/image\/"},"sameAs":["https:\/\/www.facebook.com\/wirmachenauf","https:\/\/x.com\/WirMachenAuf_de"]},{"@type":"Person","@id":"https:\/\/now-news.de\/de\/#\/schema\/person\/fb534a4e865501d8b3285208df34a9b5","name":"rtnews","image":{"@type":"ImageObject","inLanguage":"de","@id":"https:\/\/now-news.de\/de\/#\/schema\/person\/image\/","url":"https:\/\/secure.gravatar.com\/avatar\/82aafea7d8127119dd649515f56e2117?s=96&d=mm&r=g","contentUrl":"https:\/\/secure.gravatar.com\/avatar\/82aafea7d8127119dd649515f56e2117?s=96&d=mm&r=g","caption":"rtnews"},"url":"https:\/\/now-news.de\/de\/author\/rnews\/"}]}},"_links":{"self":[{"href":"https:\/\/now-news.de\/de\/wp-json\/wp\/v2\/posts\/54669"}],"collection":[{"href":"https:\/\/now-news.de\/de\/wp-json\/wp\/v2\/posts"}],"about":[{"href":"https:\/\/now-news.de\/de\/wp-json\/wp\/v2\/types\/post"}],"author":[{"embeddable":true,"href":"https:\/\/now-news.de\/de\/wp-json\/wp\/v2\/users\/3"}],"replies":[{"embeddable":true,"href":"https:\/\/now-news.de\/de\/wp-json\/wp\/v2\/comments?post=54669"}],"version-history":[{"count":0,"href":"https:\/\/now-news.de\/de\/wp-json\/wp\/v2\/posts\/54669\/revisions"}],"wp:featuredmedia":[{"embeddable":true,"href":"https:\/\/now-news.de\/de\/wp-json\/wp\/v2\/media\/54670"}],"wp:attachment":[{"href":"https:\/\/now-news.de\/de\/wp-json\/wp\/v2\/media?parent=54669"}],"wp:term":[{"taxonomy":"category","embeddable":true,"href":"https:\/\/now-news.de\/de\/wp-json\/wp\/v2\/categories?post=54669"},{"taxonomy":"post_tag","embeddable":true,"href":"https:\/\/now-news.de\/de\/wp-json\/wp\/v2\/tags?post=54669"}],"curies":[{"name":"wp","href":"https:\/\/api.w.org\/{rel}","templated":true}]}}