{"id":54624,"date":"2024-02-03T20:56:44","date_gmt":"2024-02-03T18:56:44","guid":{"rendered":"https:\/\/just-now.news\/de\/deutschland\/duda-krim-wird-kaum-zur-ukraine-zurueckkehren\/"},"modified":"2024-02-03T20:56:44","modified_gmt":"2024-02-03T18:56:44","slug":"duda-krim-wird-kaum-zur-ukraine-zurueckkehren","status":"publish","type":"post","link":"https:\/\/now-news.de\/de\/deutschland\/duda-krim-wird-kaum-zur-ukraine-zurueckkehren\/","title":{"rendered":"Duda: Krim wird kaum zur Ukraine zur\u00fcckkehren"},"content":{"rendered":"<p><img decoding=\"async\" src=\"http:\/\/just-now.news\/de\/wp-content\/uploads\/sites\/3\/2024\/02\/65be3ed248fbef411c79c936.jpg\" \/><\/p>\n<div class=\"Text-root Text-type_1 \">\n                F\u00fcr den polnischen Pr\u00e4sidenten sind das neue T\u00f6ne: In einem Radiointerview hat er auf die historische Zugeh\u00f6rigkeit der Halbinsel Krim zu Russland verwiesen und gesagt, er wisse nicht, ob die Ukraine sie jemals in ihren Bestand zur\u00fcckholen kann. Es hagelte Kritik, doch der Fortschritt ist un\u00fcbersehbar.\n            <\/div>\n<p><\/p>\n<div class=\"Text-root Text-type_5 ArticleView-text ViewText-root \">\n<p>Der polnische Pr\u00e4sident Andrzej Duda hat in einem Interview f\u00fcr das Programm <em>Kanal Zero<\/em> bezweifelt, dass die Ukraine in der Lage sein wird, die Krim wieder unter ihre Kontrolle zu bringen.<\/p>\n<blockquote>\n<p><em>&#8220;Ich wei\u00df nicht, ob die Ukraine die Krim zur\u00fcckholen wird&#8221;,<\/em> sagte er.<\/p>\n<\/blockquote>\n<p>Zugleich erkannte Duda an, dass die Halbinsel aus historischer Sicht f\u00fcr Russland eine besondere Bedeutung hat:<\/p>\n<blockquote>\n<p><em>&#8220;Wenn wir uns die Geschichte ansehen, ist die Krim seit Langem in russischer Hand.&#8221;<\/em><\/p>\n<\/blockquote>\n<p>Diese \u00c4u\u00dferung des polnischen Pr\u00e4sidenten ist inzwischen sowohl in Polen als auch in der Ukraine auf Kritik gesto\u00dfen.<\/p>\n<p>Die Halbinsel Krim wurde im M\u00e4rz 2014 nach einem Referendum, das nach dem Staatsstreich in der Ukraine abgehalten wurde, zu einer russischen Region. 96,77 Prozent der W\u00e4hler in der Republik Krim und 95,6 Prozent der Einwohner von Sewastopol sprachen sich f\u00fcr die Wiedervereinigung mit Russland aus. Die Ukraine betrachtet die Halbinsel als ihr eigenes, vor\u00fcbergehend besetztes Gebiet. Moskau hat wiederholt erkl\u00e4rt, dass die Bewohner der Krim die Entscheidung demokratisch und in voller \u00dcbereinstimmung mit dem V\u00f6lkerrecht und der UN-Charta getroffen haben. Umst\u00e4nde, unter denen die Krim zur Ukraine zur\u00fcckkehren k\u00f6nnte, &#8220;gibt es nicht und wird es nie geben&#8221;, so Wladimir Putin.<\/p>\n<p><strong>Mehr zum Thema<\/strong> &#8211; <a rel=\"nofollow noopener\" target=\"_blank\" href=\"https:\/\/freedert.online\/international\/194647-internationaler-gerichtshof-weist-klage-ukraine-ab\/\">Internationaler Gerichtshof weist Klage der Ukraine gegen Russland in fast allen Punkten ab<\/a><\/p>\n<\/div>\n<p><br \/>\n<br \/><a href=\"https:\/\/de.rt.com\/europa\/194966-duda-krim-wird-kaum-zur-ukraine-zur%C3%BCckkehren\/\">Source link <\/a><\/p>\n","protected":false},"excerpt":{"rendered":"<p>F\u00fcr den polnischen Pr\u00e4sidenten sind das neue T\u00f6ne: In einem Radiointerview hat er auf die historische Zugeh\u00f6rigkeit der Halbinsel Krim zu Russland verwiesen und gesagt, er wisse nicht, ob die Ukraine sie jemals in ihren Bestand zur\u00fcckholen kann. Es hagelte Kritik, doch der Fortschritt ist un\u00fcbersehbar. Der polnische Pr\u00e4sident Andrzej Duda hat in einem Interview [&hellip;]<\/p>\n","protected":false},"author":3,"featured_media":54625,"comment_status":"open","ping_status":"open","sticky":false,"template":"","format":"standard","meta":{"_yoast_indexnow_last_ping":["1706986777"],"wp_automatic_camp":["217"],"d6f5723391b2f6ad036d430b6e021ebe":["Duda: Krim wird kaum zur Ukraine zur\u00fcckkehren"],"original_link":["https:\/\/de.rt.com\/europa\/194966-duda-krim-wird-kaum-zur-ukraine-zur%C3%BCckkehren\/"],"_thumbnail_id":["54625"],"_wptgpro_p2tg_sent2tg":["a:1:{i:23737;s:19:\"2024-02-03 21:00:40\";}"],"jnews_social_counter_last_update":["1777361601"]},"categories":[19,23],"tags":[16037,22503,11438,127,374,581,10019],"yoast_head":"<!-- This site is optimized with the Yoast SEO Premium plugin v22.7 (Yoast SEO v22.7) - https:\/\/yoast.com\/wordpress\/plugins\/seo\/ -->\n<title>Duda: Krim wird kaum zur Ukraine zur\u00fcckkehren - just-now.NEWS Deutschland<\/title>\n<meta name=\"robots\" content=\"index, follow, max-snippet:-1, max-image-preview:large, max-video-preview:-1\" \/>\n<link rel=\"canonical\" href=\"https:\/\/now-news.de\/de\/deutschland\/duda-krim-wird-kaum-zur-ukraine-zurueckkehren\/\" \/>\n<meta property=\"og:locale\" content=\"de_DE\" \/>\n<meta property=\"og:type\" content=\"article\" \/>\n<meta property=\"og:title\" content=\"Duda: Krim wird kaum zur Ukraine zur\u00fcckkehren\" \/>\n<meta property=\"og:description\" content=\"F\u00fcr den polnischen Pr\u00e4sidenten sind das neue T\u00f6ne: In einem Radiointerview hat er auf die historische Zugeh\u00f6rigkeit der Halbinsel Krim zu Russland verwiesen und gesagt, er wisse nicht, ob die Ukraine sie jemals in ihren Bestand zur\u00fcckholen kann. Es hagelte Kritik, doch der Fortschritt ist un\u00fcbersehbar. Der polnische Pr\u00e4sident Andrzej Duda hat in einem Interview [&hellip;]\" \/>\n<meta property=\"og:url\" content=\"https:\/\/now-news.de\/de\/deutschland\/duda-krim-wird-kaum-zur-ukraine-zurueckkehren\/\" \/>\n<meta property=\"og:site_name\" content=\"just-now.NEWS Deutschland\" \/>\n<meta property=\"article:publisher\" content=\"https:\/\/www.facebook.com\/wirmachenauf\" \/>\n<meta property=\"article:published_time\" content=\"2024-02-03T18:56:44+00:00\" \/>\n<meta property=\"og:image\" content=\"https:\/\/now-news.de\/de\/wp-content\/uploads\/sites\/3\/2024\/02\/Duda-Krim-wird-kaum-zur-Ukraine-zurueckkehren.jpg\" \/>\n\t<meta property=\"og:image:width\" content=\"460\" \/>\n\t<meta property=\"og:image:height\" content=\"259\" \/>\n\t<meta property=\"og:image:type\" content=\"image\/jpeg\" \/>\n<meta name=\"author\" content=\"rtnews\" \/>\n<meta name=\"twitter:card\" content=\"summary_large_image\" \/>\n<meta name=\"twitter:creator\" content=\"@WirMachenAuf_de\" \/>\n<meta name=\"twitter:site\" content=\"@WirMachenAuf_de\" \/>\n<meta name=\"twitter:label1\" content=\"Verfasst von\" \/>\n\t<meta name=\"twitter:data1\" content=\"rtnews\" \/>\n\t<meta name=\"twitter:label2\" content=\"Gesch\u00e4tzte Lesezeit\" \/>\n\t<meta name=\"twitter:data2\" content=\"1\u00a0Minute\" \/>\n<script type=\"application\/ld+json\" class=\"yoast-schema-graph\">{\"@context\":\"https:\/\/schema.org\",\"@graph\":[{\"@type\":\"Article\",\"@id\":\"https:\/\/now-news.de\/de\/deutschland\/duda-krim-wird-kaum-zur-ukraine-zurueckkehren\/#article\",\"isPartOf\":{\"@id\":\"https:\/\/now-news.de\/de\/deutschland\/duda-krim-wird-kaum-zur-ukraine-zurueckkehren\/\"},\"author\":{\"name\":\"rtnews\",\"@id\":\"https:\/\/now-news.de\/de\/#\/schema\/person\/fb534a4e865501d8b3285208df34a9b5\"},\"headline\":\"Duda: Krim wird kaum zur Ukraine zur\u00fcckkehren\",\"datePublished\":\"2024-02-03T18:56:44+00:00\",\"dateModified\":\"2024-02-03T18:56:44+00:00\",\"mainEntityOfPage\":{\"@id\":\"https:\/\/now-news.de\/de\/deutschland\/duda-krim-wird-kaum-zur-ukraine-zurueckkehren\/\"},\"wordCount\":285,\"commentCount\":0,\"publisher\":{\"@id\":\"https:\/\/now-news.de\/de\/#organization\"},\"image\":{\"@id\":\"https:\/\/now-news.de\/de\/deutschland\/duda-krim-wird-kaum-zur-ukraine-zurueckkehren\/#primaryimage\"},\"thumbnailUrl\":\"https:\/\/now-news.de\/de\/wp-content\/uploads\/sites\/3\/2024\/02\/Duda-Krim-wird-kaum-zur-Ukraine-zurueckkehren.jpg\",\"keywords\":[\"duda\",\"Kaum\",\"krim\",\"ukraine\",\"wird\",\"zur\",\"zur\u00fcckkehren\"],\"articleSection\":[\"Deutschland\",\"Russland\"],\"inLanguage\":\"de\",\"potentialAction\":[{\"@type\":\"CommentAction\",\"name\":\"Comment\",\"target\":[\"https:\/\/now-news.de\/de\/deutschland\/duda-krim-wird-kaum-zur-ukraine-zurueckkehren\/#respond\"]}]},{\"@type\":\"WebPage\",\"@id\":\"https:\/\/now-news.de\/de\/deutschland\/duda-krim-wird-kaum-zur-ukraine-zurueckkehren\/\",\"url\":\"https:\/\/now-news.de\/de\/deutschland\/duda-krim-wird-kaum-zur-ukraine-zurueckkehren\/\",\"name\":\"Duda: Krim wird kaum zur Ukraine zur\u00fcckkehren - just-now.NEWS Deutschland\",\"isPartOf\":{\"@id\":\"https:\/\/now-news.de\/de\/#website\"},\"primaryImageOfPage\":{\"@id\":\"https:\/\/now-news.de\/de\/deutschland\/duda-krim-wird-kaum-zur-ukraine-zurueckkehren\/#primaryimage\"},\"image\":{\"@id\":\"https:\/\/now-news.de\/de\/deutschland\/duda-krim-wird-kaum-zur-ukraine-zurueckkehren\/#primaryimage\"},\"thumbnailUrl\":\"https:\/\/now-news.de\/de\/wp-content\/uploads\/sites\/3\/2024\/02\/Duda-Krim-wird-kaum-zur-Ukraine-zurueckkehren.jpg\",\"datePublished\":\"2024-02-03T18:56:44+00:00\",\"dateModified\":\"2024-02-03T18:56:44+00:00\",\"breadcrumb\":{\"@id\":\"https:\/\/now-news.de\/de\/deutschland\/duda-krim-wird-kaum-zur-ukraine-zurueckkehren\/#breadcrumb\"},\"inLanguage\":\"de\",\"potentialAction\":[{\"@type\":\"ReadAction\",\"target\":[\"https:\/\/now-news.de\/de\/deutschland\/duda-krim-wird-kaum-zur-ukraine-zurueckkehren\/\"]}]},{\"@type\":\"ImageObject\",\"inLanguage\":\"de\",\"@id\":\"https:\/\/now-news.de\/de\/deutschland\/duda-krim-wird-kaum-zur-ukraine-zurueckkehren\/#primaryimage\",\"url\":\"https:\/\/now-news.de\/de\/wp-content\/uploads\/sites\/3\/2024\/02\/Duda-Krim-wird-kaum-zur-Ukraine-zurueckkehren.jpg\",\"contentUrl\":\"https:\/\/now-news.de\/de\/wp-content\/uploads\/sites\/3\/2024\/02\/Duda-Krim-wird-kaum-zur-Ukraine-zurueckkehren.jpg\",\"width\":460,\"height\":259,\"caption\":\"Duda: Krim wird kaum zur Ukraine zur\u00fcckkehren\"},{\"@type\":\"BreadcrumbList\",\"@id\":\"https:\/\/now-news.de\/de\/deutschland\/duda-krim-wird-kaum-zur-ukraine-zurueckkehren\/#breadcrumb\",\"itemListElement\":[{\"@type\":\"ListItem\",\"position\":1,\"name\":\"Home\",\"item\":\"https:\/\/now-news.de\/de\/\"},{\"@type\":\"ListItem\",\"position\":2,\"name\":\"Duda: Krim wird kaum zur Ukraine zur\u00fcckkehren\"}]},{\"@type\":\"WebSite\",\"@id\":\"https:\/\/now-news.de\/de\/#website\",\"url\":\"https:\/\/now-news.de\/de\/\",\"name\":\"just-now.NEWS Deutschland\",\"description\":\"Das Portal f\u00fcr unzensierte Nachrichten aus der Welt\",\"publisher\":{\"@id\":\"https:\/\/now-news.de\/de\/#organization\"},\"potentialAction\":[{\"@type\":\"SearchAction\",\"target\":{\"@type\":\"EntryPoint\",\"urlTemplate\":\"https:\/\/now-news.de\/de\/?s={search_term_string}\"},\"query-input\":\"required name=search_term_string\"}],\"inLanguage\":\"de\"},{\"@type\":\"Organization\",\"@id\":\"https:\/\/now-news.de\/de\/#organization\",\"name\":\"Just Now News\",\"url\":\"https:\/\/now-news.de\/de\/\",\"logo\":{\"@type\":\"ImageObject\",\"inLanguage\":\"de\",\"@id\":\"https:\/\/now-news.de\/de\/#\/schema\/logo\/image\/\",\"url\":\"http:\/\/just-now.news\/de\/wp-content\/uploads\/sites\/3\/2022\/04\/logo500x500.jpg\",\"contentUrl\":\"http:\/\/just-now.news\/de\/wp-content\/uploads\/sites\/3\/2022\/04\/logo500x500.jpg\",\"width\":500,\"height\":500,\"caption\":\"Just Now News\"},\"image\":{\"@id\":\"https:\/\/now-news.de\/de\/#\/schema\/logo\/image\/\"},\"sameAs\":[\"https:\/\/www.facebook.com\/wirmachenauf\",\"https:\/\/x.com\/WirMachenAuf_de\"]},{\"@type\":\"Person\",\"@id\":\"https:\/\/now-news.de\/de\/#\/schema\/person\/fb534a4e865501d8b3285208df34a9b5\",\"name\":\"rtnews\",\"image\":{\"@type\":\"ImageObject\",\"inLanguage\":\"de\",\"@id\":\"https:\/\/now-news.de\/de\/#\/schema\/person\/image\/\",\"url\":\"https:\/\/secure.gravatar.com\/avatar\/82aafea7d8127119dd649515f56e2117?s=96&d=mm&r=g\",\"contentUrl\":\"https:\/\/secure.gravatar.com\/avatar\/82aafea7d8127119dd649515f56e2117?s=96&d=mm&r=g\",\"caption\":\"rtnews\"},\"url\":\"https:\/\/now-news.de\/de\/author\/rnews\/\"}]}<\/script>\n<!-- \/ Yoast SEO Premium plugin. -->","yoast_head_json":{"title":"Duda: Krim wird kaum zur Ukraine zur\u00fcckkehren - just-now.NEWS Deutschland","robots":{"index":"index","follow":"follow","max-snippet":"max-snippet:-1","max-image-preview":"max-image-preview:large","max-video-preview":"max-video-preview:-1"},"canonical":"https:\/\/now-news.de\/de\/deutschland\/duda-krim-wird-kaum-zur-ukraine-zurueckkehren\/","og_locale":"de_DE","og_type":"article","og_title":"Duda: Krim wird kaum zur Ukraine zur\u00fcckkehren","og_description":"F\u00fcr den polnischen Pr\u00e4sidenten sind das neue T\u00f6ne: In einem Radiointerview hat er auf die historische Zugeh\u00f6rigkeit der Halbinsel Krim zu Russland verwiesen und gesagt, er wisse nicht, ob die Ukraine sie jemals in ihren Bestand zur\u00fcckholen kann. Es hagelte Kritik, doch der Fortschritt ist un\u00fcbersehbar. Der polnische Pr\u00e4sident Andrzej Duda hat in einem Interview [&hellip;]","og_url":"https:\/\/now-news.de\/de\/deutschland\/duda-krim-wird-kaum-zur-ukraine-zurueckkehren\/","og_site_name":"just-now.NEWS Deutschland","article_publisher":"https:\/\/www.facebook.com\/wirmachenauf","article_published_time":"2024-02-03T18:56:44+00:00","og_image":[{"width":460,"height":259,"url":"https:\/\/now-news.de\/de\/wp-content\/uploads\/sites\/3\/2024\/02\/Duda-Krim-wird-kaum-zur-Ukraine-zurueckkehren.jpg","type":"image\/jpeg"}],"author":"rtnews","twitter_card":"summary_large_image","twitter_creator":"@WirMachenAuf_de","twitter_site":"@WirMachenAuf_de","twitter_misc":{"Verfasst von":"rtnews","Gesch\u00e4tzte Lesezeit":"1\u00a0Minute"},"schema":{"@context":"https:\/\/schema.org","@graph":[{"@type":"Article","@id":"https:\/\/now-news.de\/de\/deutschland\/duda-krim-wird-kaum-zur-ukraine-zurueckkehren\/#article","isPartOf":{"@id":"https:\/\/now-news.de\/de\/deutschland\/duda-krim-wird-kaum-zur-ukraine-zurueckkehren\/"},"author":{"name":"rtnews","@id":"https:\/\/now-news.de\/de\/#\/schema\/person\/fb534a4e865501d8b3285208df34a9b5"},"headline":"Duda: Krim wird kaum zur Ukraine zur\u00fcckkehren","datePublished":"2024-02-03T18:56:44+00:00","dateModified":"2024-02-03T18:56:44+00:00","mainEntityOfPage":{"@id":"https:\/\/now-news.de\/de\/deutschland\/duda-krim-wird-kaum-zur-ukraine-zurueckkehren\/"},"wordCount":285,"commentCount":0,"publisher":{"@id":"https:\/\/now-news.de\/de\/#organization"},"image":{"@id":"https:\/\/now-news.de\/de\/deutschland\/duda-krim-wird-kaum-zur-ukraine-zurueckkehren\/#primaryimage"},"thumbnailUrl":"https:\/\/now-news.de\/de\/wp-content\/uploads\/sites\/3\/2024\/02\/Duda-Krim-wird-kaum-zur-Ukraine-zurueckkehren.jpg","keywords":["duda","Kaum","krim","ukraine","wird","zur","zur\u00fcckkehren"],"articleSection":["Deutschland","Russland"],"inLanguage":"de","potentialAction":[{"@type":"CommentAction","name":"Comment","target":["https:\/\/now-news.de\/de\/deutschland\/duda-krim-wird-kaum-zur-ukraine-zurueckkehren\/#respond"]}]},{"@type":"WebPage","@id":"https:\/\/now-news.de\/de\/deutschland\/duda-krim-wird-kaum-zur-ukraine-zurueckkehren\/","url":"https:\/\/now-news.de\/de\/deutschland\/duda-krim-wird-kaum-zur-ukraine-zurueckkehren\/","name":"Duda: Krim wird kaum zur Ukraine zur\u00fcckkehren - just-now.NEWS Deutschland","isPartOf":{"@id":"https:\/\/now-news.de\/de\/#website"},"primaryImageOfPage":{"@id":"https:\/\/now-news.de\/de\/deutschland\/duda-krim-wird-kaum-zur-ukraine-zurueckkehren\/#primaryimage"},"image":{"@id":"https:\/\/now-news.de\/de\/deutschland\/duda-krim-wird-kaum-zur-ukraine-zurueckkehren\/#primaryimage"},"thumbnailUrl":"https:\/\/now-news.de\/de\/wp-content\/uploads\/sites\/3\/2024\/02\/Duda-Krim-wird-kaum-zur-Ukraine-zurueckkehren.jpg","datePublished":"2024-02-03T18:56:44+00:00","dateModified":"2024-02-03T18:56:44+00:00","breadcrumb":{"@id":"https:\/\/now-news.de\/de\/deutschland\/duda-krim-wird-kaum-zur-ukraine-zurueckkehren\/#breadcrumb"},"inLanguage":"de","potentialAction":[{"@type":"ReadAction","target":["https:\/\/now-news.de\/de\/deutschland\/duda-krim-wird-kaum-zur-ukraine-zurueckkehren\/"]}]},{"@type":"ImageObject","inLanguage":"de","@id":"https:\/\/now-news.de\/de\/deutschland\/duda-krim-wird-kaum-zur-ukraine-zurueckkehren\/#primaryimage","url":"https:\/\/now-news.de\/de\/wp-content\/uploads\/sites\/3\/2024\/02\/Duda-Krim-wird-kaum-zur-Ukraine-zurueckkehren.jpg","contentUrl":"https:\/\/now-news.de\/de\/wp-content\/uploads\/sites\/3\/2024\/02\/Duda-Krim-wird-kaum-zur-Ukraine-zurueckkehren.jpg","width":460,"height":259,"caption":"Duda: Krim wird kaum zur Ukraine zur\u00fcckkehren"},{"@type":"BreadcrumbList","@id":"https:\/\/now-news.de\/de\/deutschland\/duda-krim-wird-kaum-zur-ukraine-zurueckkehren\/#breadcrumb","itemListElement":[{"@type":"ListItem","position":1,"name":"Home","item":"https:\/\/now-news.de\/de\/"},{"@type":"ListItem","position":2,"name":"Duda: Krim wird kaum zur Ukraine zur\u00fcckkehren"}]},{"@type":"WebSite","@id":"https:\/\/now-news.de\/de\/#website","url":"https:\/\/now-news.de\/de\/","name":"just-now.NEWS Deutschland","description":"Das Portal f\u00fcr unzensierte Nachrichten aus der Welt","publisher":{"@id":"https:\/\/now-news.de\/de\/#organization"},"potentialAction":[{"@type":"SearchAction","target":{"@type":"EntryPoint","urlTemplate":"https:\/\/now-news.de\/de\/?s={search_term_string}"},"query-input":"required name=search_term_string"}],"inLanguage":"de"},{"@type":"Organization","@id":"https:\/\/now-news.de\/de\/#organization","name":"Just Now News","url":"https:\/\/now-news.de\/de\/","logo":{"@type":"ImageObject","inLanguage":"de","@id":"https:\/\/now-news.de\/de\/#\/schema\/logo\/image\/","url":"http:\/\/just-now.news\/de\/wp-content\/uploads\/sites\/3\/2022\/04\/logo500x500.jpg","contentUrl":"http:\/\/just-now.news\/de\/wp-content\/uploads\/sites\/3\/2022\/04\/logo500x500.jpg","width":500,"height":500,"caption":"Just Now News"},"image":{"@id":"https:\/\/now-news.de\/de\/#\/schema\/logo\/image\/"},"sameAs":["https:\/\/www.facebook.com\/wirmachenauf","https:\/\/x.com\/WirMachenAuf_de"]},{"@type":"Person","@id":"https:\/\/now-news.de\/de\/#\/schema\/person\/fb534a4e865501d8b3285208df34a9b5","name":"rtnews","image":{"@type":"ImageObject","inLanguage":"de","@id":"https:\/\/now-news.de\/de\/#\/schema\/person\/image\/","url":"https:\/\/secure.gravatar.com\/avatar\/82aafea7d8127119dd649515f56e2117?s=96&d=mm&r=g","contentUrl":"https:\/\/secure.gravatar.com\/avatar\/82aafea7d8127119dd649515f56e2117?s=96&d=mm&r=g","caption":"rtnews"},"url":"https:\/\/now-news.de\/de\/author\/rnews\/"}]}},"_links":{"self":[{"href":"https:\/\/now-news.de\/de\/wp-json\/wp\/v2\/posts\/54624"}],"collection":[{"href":"https:\/\/now-news.de\/de\/wp-json\/wp\/v2\/posts"}],"about":[{"href":"https:\/\/now-news.de\/de\/wp-json\/wp\/v2\/types\/post"}],"author":[{"embeddable":true,"href":"https:\/\/now-news.de\/de\/wp-json\/wp\/v2\/users\/3"}],"replies":[{"embeddable":true,"href":"https:\/\/now-news.de\/de\/wp-json\/wp\/v2\/comments?post=54624"}],"version-history":[{"count":0,"href":"https:\/\/now-news.de\/de\/wp-json\/wp\/v2\/posts\/54624\/revisions"}],"wp:featuredmedia":[{"embeddable":true,"href":"https:\/\/now-news.de\/de\/wp-json\/wp\/v2\/media\/54625"}],"wp:attachment":[{"href":"https:\/\/now-news.de\/de\/wp-json\/wp\/v2\/media?parent=54624"}],"wp:term":[{"taxonomy":"category","embeddable":true,"href":"https:\/\/now-news.de\/de\/wp-json\/wp\/v2\/categories?post=54624"},{"taxonomy":"post_tag","embeddable":true,"href":"https:\/\/now-news.de\/de\/wp-json\/wp\/v2\/tags?post=54624"}],"curies":[{"name":"wp","href":"https:\/\/api.w.org\/{rel}","templated":true}]}}