{"id":5459,"date":"2022-05-01T03:00:00","date_gmt":"2022-05-01T01:00:00","guid":{"rendered":"http:\/\/just-now.news\/de\/usa\/sie-sind-luegner-sie-sind-schreckliche-menschen-sarah-palin-ueber-die-fuehrer-von-bidens-wahrheitsministerium\/"},"modified":"2022-05-01T03:00:00","modified_gmt":"2022-05-01T01:00:00","slug":"sie-sind-luegner-sie-sind-schreckliche-menschen-sarah-palin-ueber-die-fuehrer-von-bidens-wahrheitsministerium","status":"publish","type":"post","link":"https:\/\/now-news.de\/de\/usa\/sie-sind-luegner-sie-sind-schreckliche-menschen-sarah-palin-ueber-die-fuehrer-von-bidens-wahrheitsministerium\/","title":{"rendered":"\u201eSie sind L\u00fcgner.  Sie sind schreckliche Menschen\u201c \u2013 Sarah Palin \u00fcber die F\u00fchrer von Bidens Wahrheitsministerium"},"content":{"rendered":"<div class=\"entry-content\">\n<p><\/p>\n<p>Sarah Palin war auf Newsmax, wo sie sagte, die Gruppe, die das Ministerium f\u00fcr (Fehl-)Informationen von Biden\/Obama leitet, sei das, was sie sei \u2013 L\u00fcgner.<\/p>\n<blockquote>\n<p>Die fr\u00fchere GOP-Governorin von Alaska, Sarah Palin, berichtete am Newsmax-Freitag \u00fcber eine Vielzahl hei\u00dfer politischer Themen, insbesondere \u00fcber das neue \u201eFehlinformations\u201c-Gremium des Wei\u00dfen Hauses, den Minderheitenf\u00fchrer des Hauses, Kevin McCarthy, und Vizepr\u00e4sidentin Kamala Harris.<\/p>\n<div id=\"IC1-ad\" class=\"sponsor IC1\">\n<p class=\"ad-notice flipboard-remove\" fl:fl-noexcerpt=\"true\">Werbung \u2013 die Geschichte geht unten weiter<\/p>\n<div id=\"IC1\">\n<script>\n\t\t\t\t\tif( FFADS.units.IC1 && FFADS.units.IC1.ad_type == 'custom' && FFADS.units.IC1.custom_ads && ! getCookie( 'ff_subbed' ) ) {\n\t\t\t\t\t\tdocument.getElementById( 'IC1' ).innerHTML = FFADS.units.IC1.custom_ads[0].code;\n\t\t\t\t\t\tif( ! FFADS.units.IC1.lazy_load ) eval( FFADS.units.IC1.custom_ads[0].rendering_script );\n\t\t\t\t\t}\n\t\t\t\t\telse if( FFADS.units.IC1 && ! getCookie( 'ff_subbed' ) ) {\n\t\t\t\t\t\tif( 'IC' != 'SB' && 'IC' != 'SA' && FFADS.use_fixed_containers ) {\n\t\t\t\t\t\t\tlet max_wh = firefly_size_list_to_max_wh( FFADS.units.IC1.sizes );\n\t\t\t\t\t\t\tlet el = document.querySelector( '#IC1' );\n\t\t\t\t\t\t\tif( 'IC' != 'SA' && FFADS.slide_pixels ) {\n\t\t\t\t\t\t\t\tmax_wh[1] += parseInt( FFADS.slide_pixels );\n\t\t\t\t\t\t\t\tel.classList.add( 'sliding' );\n\t\t\t\t\t\t\t}\n\t\t\t\t\t\t\tel.style.width = max_wh[0] + 'px';\n\t\t\t\t\t\t\tel.style.height = max_wh[1] + 'px';\n\t\t\t\t\t\t\tel.classList.add( 'fixed-size' );\n\t\t\t\t\t\t}\n\t\t\t\t\t\tgoogletag.cmd.push( function() {\n\t\t\t\t\t\t\tFFADS.debug( 'googletag.displaying IC1' );\n\t\t\t\t\t\t\tgoogletag.display( 'IC1' );\n\t\t\t\t\t\t} );\n\t\t\t\t\t}\n\t\t\t\t\telse {\n\t\t\t\t\t\tdocument.querySelector( '#IC1-ad' ).style.display = 'none';}\n\t\t\t\t<\/script><\/div>\n<\/div>\n<p>W\u00e4hrend ihres Auftritts bei \u201eEric Bolling: The Balance\u201c sagte Palin Gastgeber Eric Bolling, dass niemand in der Biden-Administration \u2013 oder sonst irgendwo \u2013 daf\u00fcr verantwortlich sein sollte, zu entscheiden, was in Amerika als gute oder schlechte Redefreiheit gilt.<\/p>\n<p>\u201eDiese Leute werden die Schiedsrichter der Wahrheit sein?  Und doch sind sie L\u00fcgner.  Sie sind schreckliche Menschen\u201c, sagte Palin, eine gl\u00fchende Unterst\u00fctzerin der \u201eAmerica First\u201c-Agenda.  \u201eUnd ich wurde daf\u00fcr verpr\u00fcgelt, als ich es sagte [previously] in Ihrer Show \u2013 sogar von einigen Konservativen, die sagen, ich sollte keine Namen nennen.<\/p>\n<\/blockquote>\n<p><script>\n\t\t\t\t\tif( ! getCookie( 'ff_subbed' ) ) if( typeof FFADS.replace_ict != 'undefined' ) if( FFADS.replace_ict ) eval( FFADS.replace_ict );\n\t\t\t\t<\/script><\/p>\n<p>Hier spricht Palin \u00fcber die schrecklichen L\u00fcgner im Wahrheitsministerium von Biden\/Obama.<\/p>\n<blockquote class=\"twitter-tweet\">\n<p dir=\"ltr\" lang=\"en\">.<a rel=\"nofollow noopener\" target=\"_blank\" href=\"https:\/\/twitter.com\/SarahPalinUSA\">@SarahPalinUSA<\/a> \u00fcber Bidens \u201eWahrheitsministerium\u201c: \u201eDiese Leute, die die Wahrheitsrichter sein werden, und doch sind sie L\u00fcgner, sie sind schreckliche Menschen.\u201c <a rel=\"nofollow noopener\" target=\"_blank\" href=\"https:\/\/twitter.com\/ericbolling\">@ericbolling<\/a><\/p>\n<p>MEHR: https:\/\/t.co\/4rIHlylPx2 <a rel=\"nofollow noopener\" target=\"_blank\" href=\"https:\/\/t.co\/Wtnikj6trq\">pic.twitter.com\/Wtnikj6trq<\/a><\/p>\n<p>\u2014 Newsmax (@newsmax) <a rel=\"nofollow noopener\" target=\"_blank\" href=\"https:\/\/twitter.com\/newsmax\/status\/1520145902471729158\">29. April 2022<\/a><\/p>\n<\/blockquote>\n<div id=\"IC2-ad\" class=\"sponsor IC2\">\n<p class=\"ad-notice flipboard-remove\" fl:fl-noexcerpt=\"true\">Werbung \u2013 die Geschichte geht unten weiter<\/p>\n<div id=\"IC2\">\n<script>\n\t\t\t\t\tif( FFADS.units.IC2 && FFADS.units.IC2.ad_type == 'custom' && FFADS.units.IC2.custom_ads && ! getCookie( 'ff_subbed' ) ) {\n\t\t\t\t\t\tdocument.getElementById( 'IC2' ).innerHTML = FFADS.units.IC2.custom_ads[0].code;\n\t\t\t\t\t\tif( ! FFADS.units.IC2.lazy_load ) eval( FFADS.units.IC2.custom_ads[0].rendering_script );\n\t\t\t\t\t}\n\t\t\t\t\telse if( FFADS.units.IC2 && ! getCookie( 'ff_subbed' ) ) {\n\t\t\t\t\t\tif( 'IC' != 'SB' && 'IC' != 'SA' && FFADS.use_fixed_containers ) {\n\t\t\t\t\t\t\tlet max_wh = firefly_size_list_to_max_wh( FFADS.units.IC2.sizes );\n\t\t\t\t\t\t\tlet el = document.querySelector( '#IC2' );\n\t\t\t\t\t\t\tif( 'IC' != 'SA' && FFADS.slide_pixels ) {\n\t\t\t\t\t\t\t\tmax_wh[1] += parseInt( FFADS.slide_pixels );\n\t\t\t\t\t\t\t\tel.classList.add( 'sliding' );\n\t\t\t\t\t\t\t}\n\t\t\t\t\t\t\tel.style.width = max_wh[0] + 'px';\n\t\t\t\t\t\t\tel.style.height = max_wh[1] + 'px';\n\t\t\t\t\t\t\tel.classList.add( 'fixed-size' );\n\t\t\t\t\t\t}\n\t\t\t\t\t\tgoogletag.cmd.push( function() {\n\t\t\t\t\t\t\tFFADS.debug( 'googletag.displaying IC2' );\n\t\t\t\t\t\t\tgoogletag.display( 'IC2' );\n\t\t\t\t\t\t} );\n\t\t\t\t\t}\n\t\t\t\t\telse {\n\t\t\t\t\t\tdocument.querySelector( '#IC2-ad' ).style.display = 'none';}\n\t\t\t\t<\/script><\/div>\n<\/div>\n<p><script async src=\"https:\/\/platform.twitter.com\/widgets.js\" charset=\"utf-8\"><\/script><\/p>\n<p>Palin sprach auch Biden und Harris an, von denen wir alle wissen, dass sie \u201eMarionetten\u201c von jemandem sind \u2013 Obama, China, Soros?<\/p>\n<blockquote class=\"twitter-tweet\">\n<p dir=\"ltr\" lang=\"en\"><a rel=\"nofollow noopener\" target=\"_blank\" href=\"https:\/\/twitter.com\/SarahPalinUSA\">@SarahPalinUSA<\/a>: Joe Biden und Kamala Harris sind \u201eMarionetten\u201c.<\/p>\n<p>&#8220;Ich habe nichts Positives dar\u00fcber geh\u00f6rt, was sie erreichen kann oder erreicht hat.&#8221;<\/p>\n<p>MEHR: https:\/\/t.co\/skgxQGOxYm <a rel=\"nofollow noopener\" target=\"_blank\" href=\"https:\/\/t.co\/rYkBaq2Gpy\">pic.twitter.com\/rYkBaq2Gpy<\/a><\/p>\n<p>\u2014 Newsmax (@newsmax) <a rel=\"nofollow noopener\" target=\"_blank\" href=\"https:\/\/twitter.com\/newsmax\/status\/1520163516593827841\">29. April 2022<\/a><\/p>\n<\/blockquote>\n<p><script async src=\"https:\/\/platform.twitter.com\/widgets.js\" charset=\"utf-8\"><\/script><\/p>\n<p>Sarah Palin ist ehrlich und Amerika stimmt ihr zu.  Deshalb mochten wir sie so sehr, als sie bei den Wahlen 2008 auftauchte.  Sie zerst\u00f6rte Biden in ihrer einzigen Debatte mit ihrer Ehrlichkeit und ihrem Mut.  Biden sah jedoch aus, als w\u00e4re er betrunken.<\/p>\n<p class=\"article-ask\"><span class=\"ask\"><script>\n  if( getParameterByName( \"utm_source\" ) == \"testpage\" ) {\n    !function(e,t,a,n,g){e[n]=e[n]||[],e[n].push({\"gtm.start\":(new Date).getTime(),event:\"gtm.js\"});var m=t.getElementsByTagName(a)[0],r=t.createElement(a);r.async=!0,r.src=\"https:\/\/www.googletagmanager.com\/gtm.js?id=GTM-PL4PD49\",m.parentNode.insertBefore(r,m)}(window.parent,window.parent.document,\"script\",\"dataLayer\");\n    var iframe=window.parent.document.createElement(\"iframe\");iframe.src=\"https:\/\/www.googletagmanager.com\/ns.html?id=GTM-PL4PD49\";iframe.height=\"0\";iframe.width=\"0\";iframe.style=\"display:none;visibility:hidden\";window.parent.document.body.appendChild(iframe);\n    window.parent[\"$$mm-analytics\"] = window.parent[\"$$mm-analytics\"] || {};if (typeof window.parent[\"$$mm-analytics\"].firstEmbed === \"undefined\") {window.parent[\"$$mm-analytics\"].firstEmbed = Date.now();}\n    let as1 = document.createElement( \"script\" );\n    as1.src = \"https:\/\/bucket1.mm-syringe.com\/prod\/configs\/ee2300c8-43d2-7f0b-dac0-40aaf31c9d3d.js\";\n    document.body.appendChild( as1 );\n    let as2 = document.createElement( \"script\" );\n    as2.src = \"https:\/\/bucket1.mm-syringe.com\/prod\/injector\/injector.1.5.3.js\";\n    document.body.appendChild( as2 );\n  }\n<\/script><\/p>\n<div class=\"apester-media\" data-token=\"5f10a39f94902bc81d3d59a7\" data-context=\"true\" data-tags=\"\" data-fallback=\"true\" height=\"350\"><\/div>\n<p><script id=\"apester_script\" src=\"https:\/\/static.apester.com\/js\/sdk\/latest\/apester-sdk.js\" async><\/script><script async src=\"https:\/\/www.googletagmanager.com\/gtag\/js?id=G-EFE91RJVSQ\"><\/script><script>\n  window.dataLayer = window.dataLayer || [];\n  function gtag(){dataLayer.push(arguments);}\n  gtag(\\'js\\', new Date());\n  gtag(\\'config\\', \\'G-EFE91RJVSQ\\');\n<\/script><\/span><\/p>\n<\/div>\n<p><br \/>\n<br \/><a href=\"https:\/\/www.thegatewaypundit.com\/2022\/04\/liars-horrible-people-sarah-palin-leaders-bidens-ministry-truth\/\">Source link <\/a><\/p>\n","protected":false},"excerpt":{"rendered":"<p>Sarah Palin war auf Newsmax, wo sie sagte, die Gruppe, die das Ministerium f\u00fcr (Fehl-)Informationen von Biden\/Obama leitet, sei das, was sie sei \u2013 L\u00fcgner. Die fr\u00fchere GOP-Governorin von Alaska, Sarah Palin, berichtete am Newsmax-Freitag \u00fcber eine Vielzahl hei\u00dfer politischer Themen, insbesondere \u00fcber das neue \u201eFehlinformations\u201c-Gremium des Wei\u00dfen Hauses, den Minderheitenf\u00fchrer des Hauses, Kevin McCarthy, [&hellip;]<\/p>\n","protected":false},"author":5,"featured_media":5460,"comment_status":"open","ping_status":"open","sticky":false,"template":"","format":"standard","meta":{"wp_automatic_camp":["1161"],"8538ada17ee8f85542d5722f9365c967":[" \u201eSie sind L\u00fcgner.  Sie sind schreckliche Menschen\u201c \u2013 Sarah Palin \u00fcber die F\u00fchrer von Bidens Wahrheitsministerium\n"],"original_link":["https:\/\/www.thegatewaypundit.com\/2022\/04\/liars-horrible-people-sarah-palin-leaders-bidens-ministry-truth\/"],"_thumbnail_id":["5460"],"wp_automatic_remove_first_image":["yes"],"jnews_social_counter_last_update":["1777280413"]},"categories":[25],"tags":[670,45,4532,15357,1378,15360,15359,15358,527,1046,139,50,15361],"yoast_head":"<!-- This site is optimized with the Yoast SEO Premium plugin v22.7 (Yoast SEO v22.7) - https:\/\/yoast.com\/wordpress\/plugins\/seo\/ -->\n<title>\u201eSie sind L\u00fcgner. Sie sind schreckliche Menschen\u201c \u2013 Sarah Palin \u00fcber die F\u00fchrer von Bidens Wahrheitsministerium - just-now.NEWS Deutschland<\/title>\n<meta name=\"robots\" content=\"index, follow, max-snippet:-1, max-image-preview:large, max-video-preview:-1\" \/>\n<link rel=\"canonical\" href=\"https:\/\/now-news.de\/de\/usa\/sie-sind-luegner-sie-sind-schreckliche-menschen-sarah-palin-ueber-die-fuehrer-von-bidens-wahrheitsministerium\/\" \/>\n<meta property=\"og:locale\" content=\"de_DE\" \/>\n<meta property=\"og:type\" content=\"article\" \/>\n<meta property=\"og:title\" content=\"\u201eSie sind L\u00fcgner. Sie sind schreckliche Menschen\u201c \u2013 Sarah Palin \u00fcber die F\u00fchrer von Bidens Wahrheitsministerium\" \/>\n<meta property=\"og:description\" content=\"Sarah Palin war auf Newsmax, wo sie sagte, die Gruppe, die das Ministerium f\u00fcr (Fehl-)Informationen von Biden\/Obama leitet, sei das, was sie sei \u2013 L\u00fcgner. Die fr\u00fchere GOP-Governorin von Alaska, Sarah Palin, berichtete am Newsmax-Freitag \u00fcber eine Vielzahl hei\u00dfer politischer Themen, insbesondere \u00fcber das neue \u201eFehlinformations\u201c-Gremium des Wei\u00dfen Hauses, den Minderheitenf\u00fchrer des Hauses, Kevin McCarthy, [&hellip;]\" \/>\n<meta property=\"og:url\" content=\"https:\/\/now-news.de\/de\/usa\/sie-sind-luegner-sie-sind-schreckliche-menschen-sarah-palin-ueber-die-fuehrer-von-bidens-wahrheitsministerium\/\" \/>\n<meta property=\"og:site_name\" content=\"just-now.NEWS Deutschland\" \/>\n<meta property=\"article:publisher\" content=\"https:\/\/www.facebook.com\/wirmachenauf\" \/>\n<meta property=\"article:published_time\" content=\"2022-05-01T01:00:00+00:00\" \/>\n<meta property=\"og:image\" content=\"https:\/\/now-news.de\/de\/wp-content\/uploads\/sites\/3\/2022\/05\/\u201eSie-sind-Luegner-Sie-sind-schreckliche-Menschen-\u2013-Sarah-Palin.jpg\" \/>\n\t<meta property=\"og:image:width\" content=\"650\" \/>\n\t<meta property=\"og:image:height\" content=\"328\" \/>\n\t<meta property=\"og:image:type\" content=\"image\/jpeg\" \/>\n<meta name=\"author\" content=\"greatreset\" \/>\n<meta name=\"twitter:card\" content=\"summary_large_image\" \/>\n<meta name=\"twitter:creator\" content=\"@WirMachenAuf_de\" \/>\n<meta name=\"twitter:site\" content=\"@WirMachenAuf_de\" \/>\n<meta name=\"twitter:label1\" content=\"Verfasst von\" \/>\n\t<meta name=\"twitter:data1\" content=\"greatreset\" \/>\n\t<meta name=\"twitter:label2\" content=\"Gesch\u00e4tzte Lesezeit\" \/>\n\t<meta name=\"twitter:data2\" content=\"2\u00a0Minuten\" \/>\n<script type=\"application\/ld+json\" class=\"yoast-schema-graph\">{\"@context\":\"https:\/\/schema.org\",\"@graph\":[{\"@type\":\"Article\",\"@id\":\"https:\/\/now-news.de\/de\/usa\/sie-sind-luegner-sie-sind-schreckliche-menschen-sarah-palin-ueber-die-fuehrer-von-bidens-wahrheitsministerium\/#article\",\"isPartOf\":{\"@id\":\"https:\/\/now-news.de\/de\/usa\/sie-sind-luegner-sie-sind-schreckliche-menschen-sarah-palin-ueber-die-fuehrer-von-bidens-wahrheitsministerium\/\"},\"author\":{\"name\":\"greatreset\",\"@id\":\"https:\/\/now-news.de\/de\/#\/schema\/person\/8afb4cd92b68572db7902c13a349ffcb\"},\"headline\":\"\u201eSie sind L\u00fcgner. Sie sind schreckliche Menschen\u201c \u2013 Sarah Palin \u00fcber die F\u00fchrer von Bidens Wahrheitsministerium\",\"datePublished\":\"2022-05-01T01:00:00+00:00\",\"dateModified\":\"2022-05-01T01:00:00+00:00\",\"mainEntityOfPage\":{\"@id\":\"https:\/\/now-news.de\/de\/usa\/sie-sind-luegner-sie-sind-schreckliche-menschen-sarah-palin-ueber-die-fuehrer-von-bidens-wahrheitsministerium\/\"},\"wordCount\":342,\"commentCount\":0,\"publisher\":{\"@id\":\"https:\/\/now-news.de\/de\/#organization\"},\"image\":{\"@id\":\"https:\/\/now-news.de\/de\/usa\/sie-sind-luegner-sie-sind-schreckliche-menschen-sarah-palin-ueber-die-fuehrer-von-bidens-wahrheitsministerium\/#primaryimage\"},\"thumbnailUrl\":\"https:\/\/now-news.de\/de\/wp-content\/uploads\/sites\/3\/2022\/05\/\u201eSie-sind-Luegner-Sie-sind-schreckliche-Menschen-\u2013-Sarah-Palin.jpg\",\"keywords\":[\"Bidens\",\"die\",\"F\u00fchrer\",\"L\u00fcgner\",\"Menschen\",\"Palin\",\"Sarah\",\"schreckliche\",\"Sie\",\"sind\",\"\u00fcber\",\"von\",\"Wahrheitsministerium\"],\"articleSection\":[\"USA\"],\"inLanguage\":\"de\",\"potentialAction\":[{\"@type\":\"CommentAction\",\"name\":\"Comment\",\"target\":[\"https:\/\/now-news.de\/de\/usa\/sie-sind-luegner-sie-sind-schreckliche-menschen-sarah-palin-ueber-die-fuehrer-von-bidens-wahrheitsministerium\/#respond\"]}]},{\"@type\":\"WebPage\",\"@id\":\"https:\/\/now-news.de\/de\/usa\/sie-sind-luegner-sie-sind-schreckliche-menschen-sarah-palin-ueber-die-fuehrer-von-bidens-wahrheitsministerium\/\",\"url\":\"https:\/\/now-news.de\/de\/usa\/sie-sind-luegner-sie-sind-schreckliche-menschen-sarah-palin-ueber-die-fuehrer-von-bidens-wahrheitsministerium\/\",\"name\":\"\u201eSie sind L\u00fcgner. Sie sind schreckliche Menschen\u201c \u2013 Sarah Palin \u00fcber die F\u00fchrer von Bidens Wahrheitsministerium - just-now.NEWS Deutschland\",\"isPartOf\":{\"@id\":\"https:\/\/now-news.de\/de\/#website\"},\"primaryImageOfPage\":{\"@id\":\"https:\/\/now-news.de\/de\/usa\/sie-sind-luegner-sie-sind-schreckliche-menschen-sarah-palin-ueber-die-fuehrer-von-bidens-wahrheitsministerium\/#primaryimage\"},\"image\":{\"@id\":\"https:\/\/now-news.de\/de\/usa\/sie-sind-luegner-sie-sind-schreckliche-menschen-sarah-palin-ueber-die-fuehrer-von-bidens-wahrheitsministerium\/#primaryimage\"},\"thumbnailUrl\":\"https:\/\/now-news.de\/de\/wp-content\/uploads\/sites\/3\/2022\/05\/\u201eSie-sind-Luegner-Sie-sind-schreckliche-Menschen-\u2013-Sarah-Palin.jpg\",\"datePublished\":\"2022-05-01T01:00:00+00:00\",\"dateModified\":\"2022-05-01T01:00:00+00:00\",\"breadcrumb\":{\"@id\":\"https:\/\/now-news.de\/de\/usa\/sie-sind-luegner-sie-sind-schreckliche-menschen-sarah-palin-ueber-die-fuehrer-von-bidens-wahrheitsministerium\/#breadcrumb\"},\"inLanguage\":\"de\",\"potentialAction\":[{\"@type\":\"ReadAction\",\"target\":[\"https:\/\/now-news.de\/de\/usa\/sie-sind-luegner-sie-sind-schreckliche-menschen-sarah-palin-ueber-die-fuehrer-von-bidens-wahrheitsministerium\/\"]}]},{\"@type\":\"ImageObject\",\"inLanguage\":\"de\",\"@id\":\"https:\/\/now-news.de\/de\/usa\/sie-sind-luegner-sie-sind-schreckliche-menschen-sarah-palin-ueber-die-fuehrer-von-bidens-wahrheitsministerium\/#primaryimage\",\"url\":\"https:\/\/now-news.de\/de\/wp-content\/uploads\/sites\/3\/2022\/05\/\u201eSie-sind-Luegner-Sie-sind-schreckliche-Menschen-\u2013-Sarah-Palin.jpg\",\"contentUrl\":\"https:\/\/now-news.de\/de\/wp-content\/uploads\/sites\/3\/2022\/05\/\u201eSie-sind-Luegner-Sie-sind-schreckliche-Menschen-\u2013-Sarah-Palin.jpg\",\"width\":650,\"height\":328},{\"@type\":\"BreadcrumbList\",\"@id\":\"https:\/\/now-news.de\/de\/usa\/sie-sind-luegner-sie-sind-schreckliche-menschen-sarah-palin-ueber-die-fuehrer-von-bidens-wahrheitsministerium\/#breadcrumb\",\"itemListElement\":[{\"@type\":\"ListItem\",\"position\":1,\"name\":\"Home\",\"item\":\"https:\/\/now-news.de\/de\/\"},{\"@type\":\"ListItem\",\"position\":2,\"name\":\"\u201eSie sind L\u00fcgner. Sie sind schreckliche Menschen\u201c \u2013 Sarah Palin \u00fcber die F\u00fchrer von Bidens Wahrheitsministerium\"}]},{\"@type\":\"WebSite\",\"@id\":\"https:\/\/now-news.de\/de\/#website\",\"url\":\"https:\/\/now-news.de\/de\/\",\"name\":\"just-now.NEWS Deutschland\",\"description\":\"Das Portal f\u00fcr unzensierte Nachrichten aus der Welt\",\"publisher\":{\"@id\":\"https:\/\/now-news.de\/de\/#organization\"},\"potentialAction\":[{\"@type\":\"SearchAction\",\"target\":{\"@type\":\"EntryPoint\",\"urlTemplate\":\"https:\/\/now-news.de\/de\/?s={search_term_string}\"},\"query-input\":\"required name=search_term_string\"}],\"inLanguage\":\"de\"},{\"@type\":\"Organization\",\"@id\":\"https:\/\/now-news.de\/de\/#organization\",\"name\":\"Just Now News\",\"url\":\"https:\/\/now-news.de\/de\/\",\"logo\":{\"@type\":\"ImageObject\",\"inLanguage\":\"de\",\"@id\":\"https:\/\/now-news.de\/de\/#\/schema\/logo\/image\/\",\"url\":\"http:\/\/just-now.news\/de\/wp-content\/uploads\/sites\/3\/2022\/04\/logo500x500.jpg\",\"contentUrl\":\"http:\/\/just-now.news\/de\/wp-content\/uploads\/sites\/3\/2022\/04\/logo500x500.jpg\",\"width\":500,\"height\":500,\"caption\":\"Just Now News\"},\"image\":{\"@id\":\"https:\/\/now-news.de\/de\/#\/schema\/logo\/image\/\"},\"sameAs\":[\"https:\/\/www.facebook.com\/wirmachenauf\",\"https:\/\/x.com\/WirMachenAuf_de\"]},{\"@type\":\"Person\",\"@id\":\"https:\/\/now-news.de\/de\/#\/schema\/person\/8afb4cd92b68572db7902c13a349ffcb\",\"name\":\"greatreset\",\"image\":{\"@type\":\"ImageObject\",\"inLanguage\":\"de\",\"@id\":\"https:\/\/now-news.de\/de\/#\/schema\/person\/image\/\",\"url\":\"https:\/\/secure.gravatar.com\/avatar\/a088df625d49991c090e78c8b9542592?s=96&d=mm&r=g\",\"contentUrl\":\"https:\/\/secure.gravatar.com\/avatar\/a088df625d49991c090e78c8b9542592?s=96&d=mm&r=g\",\"caption\":\"greatreset\"},\"url\":\"https:\/\/now-news.de\/de\/author\/greatreset\/\"}]}<\/script>\n<!-- \/ Yoast SEO Premium plugin. -->","yoast_head_json":{"title":"\u201eSie sind L\u00fcgner. Sie sind schreckliche Menschen\u201c \u2013 Sarah Palin \u00fcber die F\u00fchrer von Bidens Wahrheitsministerium - just-now.NEWS Deutschland","robots":{"index":"index","follow":"follow","max-snippet":"max-snippet:-1","max-image-preview":"max-image-preview:large","max-video-preview":"max-video-preview:-1"},"canonical":"https:\/\/now-news.de\/de\/usa\/sie-sind-luegner-sie-sind-schreckliche-menschen-sarah-palin-ueber-die-fuehrer-von-bidens-wahrheitsministerium\/","og_locale":"de_DE","og_type":"article","og_title":"\u201eSie sind L\u00fcgner. Sie sind schreckliche Menschen\u201c \u2013 Sarah Palin \u00fcber die F\u00fchrer von Bidens Wahrheitsministerium","og_description":"Sarah Palin war auf Newsmax, wo sie sagte, die Gruppe, die das Ministerium f\u00fcr (Fehl-)Informationen von Biden\/Obama leitet, sei das, was sie sei \u2013 L\u00fcgner. Die fr\u00fchere GOP-Governorin von Alaska, Sarah Palin, berichtete am Newsmax-Freitag \u00fcber eine Vielzahl hei\u00dfer politischer Themen, insbesondere \u00fcber das neue \u201eFehlinformations\u201c-Gremium des Wei\u00dfen Hauses, den Minderheitenf\u00fchrer des Hauses, Kevin McCarthy, [&hellip;]","og_url":"https:\/\/now-news.de\/de\/usa\/sie-sind-luegner-sie-sind-schreckliche-menschen-sarah-palin-ueber-die-fuehrer-von-bidens-wahrheitsministerium\/","og_site_name":"just-now.NEWS Deutschland","article_publisher":"https:\/\/www.facebook.com\/wirmachenauf","article_published_time":"2022-05-01T01:00:00+00:00","og_image":[{"width":650,"height":328,"url":"https:\/\/now-news.de\/de\/wp-content\/uploads\/sites\/3\/2022\/05\/\u201eSie-sind-Luegner-Sie-sind-schreckliche-Menschen-\u2013-Sarah-Palin.jpg","type":"image\/jpeg"}],"author":"greatreset","twitter_card":"summary_large_image","twitter_creator":"@WirMachenAuf_de","twitter_site":"@WirMachenAuf_de","twitter_misc":{"Verfasst von":"greatreset","Gesch\u00e4tzte Lesezeit":"2\u00a0Minuten"},"schema":{"@context":"https:\/\/schema.org","@graph":[{"@type":"Article","@id":"https:\/\/now-news.de\/de\/usa\/sie-sind-luegner-sie-sind-schreckliche-menschen-sarah-palin-ueber-die-fuehrer-von-bidens-wahrheitsministerium\/#article","isPartOf":{"@id":"https:\/\/now-news.de\/de\/usa\/sie-sind-luegner-sie-sind-schreckliche-menschen-sarah-palin-ueber-die-fuehrer-von-bidens-wahrheitsministerium\/"},"author":{"name":"greatreset","@id":"https:\/\/now-news.de\/de\/#\/schema\/person\/8afb4cd92b68572db7902c13a349ffcb"},"headline":"\u201eSie sind L\u00fcgner. Sie sind schreckliche Menschen\u201c \u2013 Sarah Palin \u00fcber die F\u00fchrer von Bidens Wahrheitsministerium","datePublished":"2022-05-01T01:00:00+00:00","dateModified":"2022-05-01T01:00:00+00:00","mainEntityOfPage":{"@id":"https:\/\/now-news.de\/de\/usa\/sie-sind-luegner-sie-sind-schreckliche-menschen-sarah-palin-ueber-die-fuehrer-von-bidens-wahrheitsministerium\/"},"wordCount":342,"commentCount":0,"publisher":{"@id":"https:\/\/now-news.de\/de\/#organization"},"image":{"@id":"https:\/\/now-news.de\/de\/usa\/sie-sind-luegner-sie-sind-schreckliche-menschen-sarah-palin-ueber-die-fuehrer-von-bidens-wahrheitsministerium\/#primaryimage"},"thumbnailUrl":"https:\/\/now-news.de\/de\/wp-content\/uploads\/sites\/3\/2022\/05\/\u201eSie-sind-Luegner-Sie-sind-schreckliche-Menschen-\u2013-Sarah-Palin.jpg","keywords":["Bidens","die","F\u00fchrer","L\u00fcgner","Menschen","Palin","Sarah","schreckliche","Sie","sind","\u00fcber","von","Wahrheitsministerium"],"articleSection":["USA"],"inLanguage":"de","potentialAction":[{"@type":"CommentAction","name":"Comment","target":["https:\/\/now-news.de\/de\/usa\/sie-sind-luegner-sie-sind-schreckliche-menschen-sarah-palin-ueber-die-fuehrer-von-bidens-wahrheitsministerium\/#respond"]}]},{"@type":"WebPage","@id":"https:\/\/now-news.de\/de\/usa\/sie-sind-luegner-sie-sind-schreckliche-menschen-sarah-palin-ueber-die-fuehrer-von-bidens-wahrheitsministerium\/","url":"https:\/\/now-news.de\/de\/usa\/sie-sind-luegner-sie-sind-schreckliche-menschen-sarah-palin-ueber-die-fuehrer-von-bidens-wahrheitsministerium\/","name":"\u201eSie sind L\u00fcgner. Sie sind schreckliche Menschen\u201c \u2013 Sarah Palin \u00fcber die F\u00fchrer von Bidens Wahrheitsministerium - just-now.NEWS Deutschland","isPartOf":{"@id":"https:\/\/now-news.de\/de\/#website"},"primaryImageOfPage":{"@id":"https:\/\/now-news.de\/de\/usa\/sie-sind-luegner-sie-sind-schreckliche-menschen-sarah-palin-ueber-die-fuehrer-von-bidens-wahrheitsministerium\/#primaryimage"},"image":{"@id":"https:\/\/now-news.de\/de\/usa\/sie-sind-luegner-sie-sind-schreckliche-menschen-sarah-palin-ueber-die-fuehrer-von-bidens-wahrheitsministerium\/#primaryimage"},"thumbnailUrl":"https:\/\/now-news.de\/de\/wp-content\/uploads\/sites\/3\/2022\/05\/\u201eSie-sind-Luegner-Sie-sind-schreckliche-Menschen-\u2013-Sarah-Palin.jpg","datePublished":"2022-05-01T01:00:00+00:00","dateModified":"2022-05-01T01:00:00+00:00","breadcrumb":{"@id":"https:\/\/now-news.de\/de\/usa\/sie-sind-luegner-sie-sind-schreckliche-menschen-sarah-palin-ueber-die-fuehrer-von-bidens-wahrheitsministerium\/#breadcrumb"},"inLanguage":"de","potentialAction":[{"@type":"ReadAction","target":["https:\/\/now-news.de\/de\/usa\/sie-sind-luegner-sie-sind-schreckliche-menschen-sarah-palin-ueber-die-fuehrer-von-bidens-wahrheitsministerium\/"]}]},{"@type":"ImageObject","inLanguage":"de","@id":"https:\/\/now-news.de\/de\/usa\/sie-sind-luegner-sie-sind-schreckliche-menschen-sarah-palin-ueber-die-fuehrer-von-bidens-wahrheitsministerium\/#primaryimage","url":"https:\/\/now-news.de\/de\/wp-content\/uploads\/sites\/3\/2022\/05\/\u201eSie-sind-Luegner-Sie-sind-schreckliche-Menschen-\u2013-Sarah-Palin.jpg","contentUrl":"https:\/\/now-news.de\/de\/wp-content\/uploads\/sites\/3\/2022\/05\/\u201eSie-sind-Luegner-Sie-sind-schreckliche-Menschen-\u2013-Sarah-Palin.jpg","width":650,"height":328},{"@type":"BreadcrumbList","@id":"https:\/\/now-news.de\/de\/usa\/sie-sind-luegner-sie-sind-schreckliche-menschen-sarah-palin-ueber-die-fuehrer-von-bidens-wahrheitsministerium\/#breadcrumb","itemListElement":[{"@type":"ListItem","position":1,"name":"Home","item":"https:\/\/now-news.de\/de\/"},{"@type":"ListItem","position":2,"name":"\u201eSie sind L\u00fcgner. Sie sind schreckliche Menschen\u201c \u2013 Sarah Palin \u00fcber die F\u00fchrer von Bidens Wahrheitsministerium"}]},{"@type":"WebSite","@id":"https:\/\/now-news.de\/de\/#website","url":"https:\/\/now-news.de\/de\/","name":"just-now.NEWS Deutschland","description":"Das Portal f\u00fcr unzensierte Nachrichten aus der Welt","publisher":{"@id":"https:\/\/now-news.de\/de\/#organization"},"potentialAction":[{"@type":"SearchAction","target":{"@type":"EntryPoint","urlTemplate":"https:\/\/now-news.de\/de\/?s={search_term_string}"},"query-input":"required name=search_term_string"}],"inLanguage":"de"},{"@type":"Organization","@id":"https:\/\/now-news.de\/de\/#organization","name":"Just Now News","url":"https:\/\/now-news.de\/de\/","logo":{"@type":"ImageObject","inLanguage":"de","@id":"https:\/\/now-news.de\/de\/#\/schema\/logo\/image\/","url":"http:\/\/just-now.news\/de\/wp-content\/uploads\/sites\/3\/2022\/04\/logo500x500.jpg","contentUrl":"http:\/\/just-now.news\/de\/wp-content\/uploads\/sites\/3\/2022\/04\/logo500x500.jpg","width":500,"height":500,"caption":"Just Now News"},"image":{"@id":"https:\/\/now-news.de\/de\/#\/schema\/logo\/image\/"},"sameAs":["https:\/\/www.facebook.com\/wirmachenauf","https:\/\/x.com\/WirMachenAuf_de"]},{"@type":"Person","@id":"https:\/\/now-news.de\/de\/#\/schema\/person\/8afb4cd92b68572db7902c13a349ffcb","name":"greatreset","image":{"@type":"ImageObject","inLanguage":"de","@id":"https:\/\/now-news.de\/de\/#\/schema\/person\/image\/","url":"https:\/\/secure.gravatar.com\/avatar\/a088df625d49991c090e78c8b9542592?s=96&d=mm&r=g","contentUrl":"https:\/\/secure.gravatar.com\/avatar\/a088df625d49991c090e78c8b9542592?s=96&d=mm&r=g","caption":"greatreset"},"url":"https:\/\/now-news.de\/de\/author\/greatreset\/"}]}},"_links":{"self":[{"href":"https:\/\/now-news.de\/de\/wp-json\/wp\/v2\/posts\/5459"}],"collection":[{"href":"https:\/\/now-news.de\/de\/wp-json\/wp\/v2\/posts"}],"about":[{"href":"https:\/\/now-news.de\/de\/wp-json\/wp\/v2\/types\/post"}],"author":[{"embeddable":true,"href":"https:\/\/now-news.de\/de\/wp-json\/wp\/v2\/users\/5"}],"replies":[{"embeddable":true,"href":"https:\/\/now-news.de\/de\/wp-json\/wp\/v2\/comments?post=5459"}],"version-history":[{"count":0,"href":"https:\/\/now-news.de\/de\/wp-json\/wp\/v2\/posts\/5459\/revisions"}],"wp:featuredmedia":[{"embeddable":true,"href":"https:\/\/now-news.de\/de\/wp-json\/wp\/v2\/media\/5460"}],"wp:attachment":[{"href":"https:\/\/now-news.de\/de\/wp-json\/wp\/v2\/media?parent=5459"}],"wp:term":[{"taxonomy":"category","embeddable":true,"href":"https:\/\/now-news.de\/de\/wp-json\/wp\/v2\/categories?post=5459"},{"taxonomy":"post_tag","embeddable":true,"href":"https:\/\/now-news.de\/de\/wp-json\/wp\/v2\/tags?post=5459"}],"curies":[{"name":"wp","href":"https:\/\/api.w.org\/{rel}","templated":true}]}}