{"id":54552,"date":"2024-02-02T15:11:49","date_gmt":"2024-02-02T13:11:49","guid":{"rendered":"https:\/\/just-now.news\/de\/deutschland\/nach-geldstrafe-wegen-beleidigung-gruener-politiker-bayerischer-unternehmer-legt-einspruch-ein\/"},"modified":"2024-02-02T15:11:49","modified_gmt":"2024-02-02T13:11:49","slug":"nach-geldstrafe-wegen-beleidigung-gruener-politiker-bayerischer-unternehmer-legt-einspruch-ein","status":"publish","type":"post","link":"https:\/\/now-news.de\/de\/deutschland\/nach-geldstrafe-wegen-beleidigung-gruener-politiker-bayerischer-unternehmer-legt-einspruch-ein\/","title":{"rendered":"Nach Geldstrafe wegen Beleidigung gr\u00fcner Politiker: Bayerischer Unternehmer legt Einspruch ein"},"content":{"rendered":"<div class=\"Text-root Text-type_1 \">\n                Ein bayerischer Unternehmer bestellte im vergangenen September zwei gr\u00f6\u00dfere Banner, die unmissverst\u00e4ndlich seine pers\u00f6nliche Meinung zu leitenden Gr\u00fcnen-Politikern vermittelten. Diese wurden auf einem Privatgrundst\u00fcck platziert, von der Polizei konfisziert und im Anschluss mit einer Geldstrafe bewertet. Im M\u00e4rz erfolgt die n\u00e4chste Gerichtsrunde.\n            <\/div>\n<p><\/p>\n<div class=\"Text-root Text-type_5 ArticleView-text ViewText-root \">\n<p>Die Vorgeschichte eines neuen Kapitels einer d\u00fcnnh\u00e4utigen Politikergeneration\u00a0begann am 26. September 2023. In der bayerischen Gemeinde Gmund bestellte sich\u00a0ein Unternehmer zwei gro\u00dfformatige Banner, die sich inhaltlich mit Politikern der Partei B\u00fcndnis 90\/Die Gr\u00fcnen auseinandersetzen. Nach Erhalt platzierte der kritische B\u00fcrger diese auf\u00a0seinem Privatgrundst\u00fcck am beschaulichen Tegernsee. Der ungest\u00f6rte Blick auf die Aussagen der Banner ist gegeben, damit auch gewollt, also einkalkuliert. Mitb\u00fcrger wie st\u00e4dtische Beh\u00f6rden befanden die Aussagen als weniger gelungen, es kam zur polizeilichen Entfernung und anschlie\u00dfenden &#8220;Strafanzeige wegen Beleidigung (Paragraf 188 StGB) in vier tateinheitlichen F\u00e4llen&#8221;. Strafh\u00f6he: 6.000 Euro. Der Unternehmer reichte Einspruch ein, nun erfolgt am\u00a021. M\u00e4rz die Verhandlung.\u00a0<\/p>\n<p>Die\u00a0demnach inakzeptablen Abbildungen zeigten zum einen\u00a0die Gr\u00fcnen-Parteichefin Ricarda Lang\u00a0auf einer Dampfwalze abgebildet. Daneben in einer Collage platziert: die Gr\u00fcnen-Minister Cem \u00d6zdemir, Robert Habeck und Annalena Baerbock. \u00dcber den karikierten Politikern steht der Satz &#8220;Wir machen alles platt&#8221; und darunter das Habeck-Zitat &#8220;Vaterlandsliebe fand ich stets zum Kotzen&#8221;.<\/p>\n<figure class=\"RTImage-root\">\n<div class=\"RTImage-image RTImage-original\"><picture class=\"Picture-root Picture-original\"><!--[if IE 9]><video style=\"display: none;\"><![endif]--><source media=\"(-webkit-min-device-pixel-ratio: 2) and (min-resolution: 120dpi)\" data-srcset=\" \nhttp:\/\/just-now.news\/de\/wp-content\/uploads\/sites\/3\/2024\/02\/65bcac9fb480cc456f18d721.JPG 850w,\n                http:\/\/just-now.news\/de\/wp-content\/uploads\/sites\/3\/2024\/02\/65bcac9fb480cc456f18d721.JPG 1960w,            \" ><source data-srcset=\" \nhttp:\/\/just-now.news\/de\/wp-content\/uploads\/sites\/3\/2024\/02\/65bcac9fb480cc456f18d721.JPG 460w,\n              http:\/\/just-now.news\/de\/wp-content\/uploads\/sites\/3\/2024\/02\/65bcac9fb480cc456f18d721.JPG 980w,\n            \" ><!--[if IE 9]><\/video><![endif]--><img decoding=\"async\" data- src=\"data:image\/png;base64,iVBORw0KGgoAAAANSUhEUgAAABAAAAAJCAQAAACRI2S5AAAAEElEQVR42mNkIAAYRxWAAQAG9gAKqv6+AwAAAABJRU5ErkJggg==\" class=\"Picture-root Picture-original lazyload\" data-src=\"http:\/\/just-now.news\/de\/wp-content\/uploads\/sites\/3\/2024\/02\/65bcac9fb480cc456f18d721.JPG\" alt=\"\"><\/source><\/source><\/picture><!-- noscript pattern --><noscript><img decoding=\"async\" src=\"http:\/\/just-now.news\/de\/wp-content\/uploads\/sites\/3\/2024\/02\/65bcac9fb480cc456f18d721.JPG\" alt=\"\"><\/noscript><\/div><figcaption class=\"RTImage-footer\"><span class=\"RTImage-caption\"><span class=\"RTImage-captionItem\">Das zweite Objekt staatsanwaltlicher Ermittlungen \u2012 Beleidigung (Paragraf 188 StGB), hier in D\u00fcren gesichtet<\/span><\/span><span class=\"RTImage-source\"><span class=\"RTImage-captionItem\">Screenshot: TikTok\/babbelnett<\/span><\/span><\/figcaption><\/figure>\n<p>Auf dem zweiten Banner (siehe Titelbild) war Minister Habeck alleinig abgebildet, dies in Verbindung mit seiner mittlerweile legend\u00e4ren Aussage &#8220;Unternehmen gehen nicht insolvent, sie h\u00f6ren nur auf zu produzieren&#8221;. Eine provokative Frage lautete zudem: &#8220;Kann er \u00fcberhaupt bis 3 z\u00e4hlen?&#8221;.\u00a0 \u00a0<\/p>\n<p>Es folgte die erw\u00e4hnte Entfernung durch die Polizei. Das Lokalblatt <em>M\u00fcnchner Merkur<\/em>\u00a0<a rel=\"nofollow noopener\" target=\"_blank\" href=\"https:\/\/www.merkur.de\/lokales\/region-tegernsee\/dasgelbeblatt\/wahlwerbung-in-gmund-zerstoerte-plakate-und-schmaeh-banner-92549909.html\">informierte<\/a>\u00a0im September 2023 zum Vorfall:<\/p>\n<p><em>&#8220;Am Dienstag (26. September) erhielt die Polizei eine Meldung &#8216;\u00fcber beleidigende Werbebanner, welche \u00c4hnlichkeit mit regul\u00e4ren Wahlplakaten der Partei B\u00fcndnis90\/Die Gr\u00fcnen haben&#8217;, hei\u00dft es im Bericht. Die Werbebanner seien gut sichtbar an zwei extra aufgestellten Bauz\u00e4unen auf dem Grundst\u00fcck Tegernseer Stra\u00dfe 14 in Gmund angebracht gewesen.&#8221;<\/em><\/p>\n<p>Mehr als aufschlussreich \u00fcber eine vorliegende Stimmung im Land werden die Folgedynamiken erkenntnisreich weiter dokumentiert und dargestellt.\u00a0Da die \u00f6ffentliche Platzierung eine Straftat nach \u00a7188 StGB darstellte, wurden die Banner von der Polizei entfernt und sichergestellt. So hei\u00dft es im Artikel:<\/p>\n<p><em>&#8220;Der Staatsschutz der Polizei Bad Wiessee ermittele nun, wer die Banner gefertigt und aufgestellt hat. Die Beamten gehen davon aus, dass die Banner dort mindestens seit Freitag (22. September) hingen.&#8221;<\/em><\/p>\n<p>Die Polizei Bad Wiessee bat demnach offiziell darum, dass sich &#8220;Zeugen, die beobachtet haben, wer die Banner aufgestellt hat&#8221;, unter einer abgebildeten Telefonnummer melden. Weitere Ermittlungsunterst\u00fctzung erhoffte man sich durch die zweite Bitte, also Aufforderung, an &#8220;Zeugen, die Angaben zu der Firma, welche die Banner gefertigt hat, machen k\u00f6nnen&#8221;.\u00a0Das zust\u00e4ndige Amtsgericht Miesbach hat dann den eingeleiteten Strafbefehl im November 2023 erlassen. Der bayerische Unternehmer musste letztendlich eine Geldstrafe von 6.000 Euro (40 Tagess\u00e4tze) zahlen, so ein aktueller <em>Cicero<\/em>&#8211;<a rel=\"nofollow noopener\" target=\"_blank\" href=\"https:\/\/www.cicero.de\/wirtschaft\/beleidigung-grune-ricarda-lang-robert-habeck-strafbefehl-geldstrafe-bayern-gericht\">Artikel<\/a>. Der Beklagte und zur Geldstrafe verurteilte Unternehmer legte wiederum Einspruch ein. Die Hauptverhandlung ist f\u00fcr den 21. M\u00e4rz dieses Jahres angesetzt, teilte ein Sprecher des Amtsgerichts der <em>Cicero<\/em>-Redaktion mit.<\/p>\n<p>Der Verteidiger des Beschuldigten, der Berliner Rechtsanwalt Christoph Partsch, erkl\u00e4rte laut <em>Cicero<\/em>-Redaktion zum kommenden Gerichtstermin:<\/p>\n<p><em>&#8220;Der Inhalt des Plakats ist vollumf\u00e4nglich von der in Artikel 5 des Grundgesetzes verb\u00fcrgten Meinungsfreiheit gedeckt. Diese gilt auch in Bayern.&#8221;<\/em><\/p>\n<p>Der bekannte K\u00f6lner Medienrechtler Ralf H\u00f6cker reagierte im Rahmen eines X-Postings auf den <em>Cicero<\/em>-Artikel:<\/p>\n<div class=\"EmbedBlock-root EmbedBlock-twitter\">\n<div class=\"TwitterEmbed\">\n<blockquote class=\"twitter-tweet lazyload\" data-twitter=\"twitter-tweet\">\n<p lang=\"de\" dir=\"ltr\">Kritik an den Gr\u00fcnen soll jetzt strafbar sein. Wegen dieser rechtlich vollkommen zul\u00e4ssigen Plakate hat ein Unternehmer wegen angeblicher Beleidigung einen Strafbefehl kassiert. Die Entscheidung ist ein Witz und wird keinen Bestand haben. <a rel=\"nofollow noopener\" target=\"_blank\" href=\"https:\/\/t.co\/QuCyKLyWyc\">https:\/\/t.co\/QuCyKLyWyc<\/a><\/p>\n<p>\u2014 Prof. Dr. Ralf H\u00f6cker (@Ralf_Hoecker) <a rel=\"nofollow noopener\" target=\"_blank\" href=\"https:\/\/twitter.com\/Ralf_Hoecker\/status\/1753037028013335033?ref_src=twsrc%5Etfw\">February 1, 2024<\/a><\/p><\/blockquote>\n<\/div>\n<\/div>\n<p>Bereits im Dezember\u00a02023 musste ein B\u00fcrger aus dem oberbayerischen\u00a0Hohenlinden lernen, dass die freie Meinungs\u00e4u\u00dferung im Land nur eingeschr\u00e4nkt praktizierbar ist. Seine kritische Wahrnehmung zu den Gr\u00fcnen wurde demnach bis ins rund 600 Kilometer entfernte Berlin getragen. So <a rel=\"nofollow noopener\" target=\"_blank\" href=\"https:\/\/www.merkur.de\/lokales\/ebersberg\/hohenlinden-ort28823\/plakate-aktion-habeck-zeigt-hohenlindener-an-2400-euro-strafe-gruene-beleidigung-92749405.html\">informierte<\/a> auch hier der <em>M\u00fcnchner Merkur <\/em>am 29. Dezember:<\/p>\n<p><em>&#8220;2.400 Euro hat es Pfaller gekostet, dass er im Fr\u00fchjahr an seinem Haus direkt an der Hauptstra\u00dfe gegen die Ampelregierung und speziell die Gr\u00fcnen plakatiert hatte [&#8230;] Dass der Fall auf dem Schreibtisch des Vizekanzlers, oder wahrscheinlicher bei seinen Anw\u00e4lten landete, habe die Gr\u00fcnen vor Ort \u00fcberrascht. Strafantrag habe man nicht gestellt [&#8230;] Wahrscheinlich haben Polizei oder Staatsanwaltschaft, wie es bei Antragsdelikten Routine ist, den Hinweis auf eine m\u00f6gliche Beleidigung an Habecks Ministerium gegeben.&#8221;<\/em><\/p>\n<p>Aus der Hauptstadt abgesegnet, in diesem Fall seitens der Parteizentrale von B\u00fcndnis 90\/Die Gr\u00fcnen, hie\u00df es dann schriftlich laut <em>Merkur<\/em>-Artikel an den St\u00f6renfried gerichtet:<\/p>\n<p><em>&#8220;&#8216;Strafantrag wurde seitens Dr. Robert Habeck form- und fristgerecht gestellt&#8217;, hei\u00dft es im Strafbefehl der M\u00fcnchner Staatsanwaltschaft, der der Redaktion vorliegt. Darin legt die Beh\u00f6rde die Strafe auf 30 Tagess\u00e4tze zu je 80 Euro fest.&#8221;<\/em><\/p>\n<p><strong>Mehr zum Thema &#8211; <\/strong><a rel=\"nofollow noopener\" target=\"_blank\" href=\"https:\/\/freedert.online\/inland\/193864-ricarda-lang-will-gegen-verfassungsfeinde\/\">Ricarda Lang will gegen &#8220;Verfassungsfeinde&#8221; vorgehen<\/a><\/p>\n<\/div>\n<p><script async src=\"https:\/\/platform.twitter.com\/widgets.js\" charset=\"utf-8\"><\/script><br \/>\n<br \/><br \/>\n<br \/><a href=\"https:\/\/de.rt.com\/inland\/194828-gerichtsverhandlung-einspruchsklage-von-buerger-nach\/\">Source link <\/a><\/p>\n","protected":false},"excerpt":{"rendered":"<p>Ein bayerischer Unternehmer bestellte im vergangenen September zwei gr\u00f6\u00dfere Banner, die unmissverst\u00e4ndlich seine pers\u00f6nliche Meinung zu leitenden Gr\u00fcnen-Politikern vermittelten. Diese wurden auf einem Privatgrundst\u00fcck platziert, von der Polizei konfisziert und im Anschluss mit einer Geldstrafe bewertet. Im M\u00e4rz erfolgt die n\u00e4chste Gerichtsrunde. Die Vorgeschichte eines neuen Kapitels einer d\u00fcnnh\u00e4utigen Politikergeneration\u00a0begann am 26. September 2023. In [&hellip;]<\/p>\n","protected":false},"author":3,"featured_media":54553,"comment_status":"open","ping_status":"open","sticky":false,"template":"","format":"standard","meta":{"_yoast_indexnow_last_ping":["1706880097"],"wp_automatic_camp":["217"],"555cc85f0096bf066e9c5f8eaac73c62":["Nach Geldstrafe wegen Beleidigung gr\u00fcner Politiker: Bayerischer Unternehmer legt Einspruch ein"],"original_link":["https:\/\/de.rt.com\/inland\/194828-gerichtsverhandlung-einspruchsklage-von-buerger-nach\/"],"_thumbnail_id":["54553"],"jnews_social_counter_last_update":["1777201895"],"_wptgpro_p2tg_sent2tg":["a:1:{i:23737;s:19:\"2024-02-02 15:23:49\";}"]},"categories":[19,23],"tags":[48899,20390,357,21838,9994,12313,5552,979,5679,7625,145],"yoast_head":"<!-- This site is optimized with the Yoast SEO Premium plugin v22.7 (Yoast SEO v22.7) - https:\/\/yoast.com\/wordpress\/plugins\/seo\/ -->\n<title>Nach Geldstrafe wegen Beleidigung gr\u00fcner Politiker: Bayerischer Unternehmer legt Einspruch ein - just-now.NEWS Deutschland<\/title>\n<meta name=\"robots\" content=\"index, follow, max-snippet:-1, max-image-preview:large, max-video-preview:-1\" \/>\n<link rel=\"canonical\" href=\"https:\/\/now-news.de\/de\/deutschland\/nach-geldstrafe-wegen-beleidigung-gruener-politiker-bayerischer-unternehmer-legt-einspruch-ein\/\" \/>\n<meta property=\"og:locale\" content=\"de_DE\" \/>\n<meta property=\"og:type\" content=\"article\" \/>\n<meta property=\"og:title\" content=\"Nach Geldstrafe wegen Beleidigung gr\u00fcner Politiker: Bayerischer Unternehmer legt Einspruch ein\" \/>\n<meta property=\"og:description\" content=\"Ein bayerischer Unternehmer bestellte im vergangenen September zwei gr\u00f6\u00dfere Banner, die unmissverst\u00e4ndlich seine pers\u00f6nliche Meinung zu leitenden Gr\u00fcnen-Politikern vermittelten. Diese wurden auf einem Privatgrundst\u00fcck platziert, von der Polizei konfisziert und im Anschluss mit einer Geldstrafe bewertet. Im M\u00e4rz erfolgt die n\u00e4chste Gerichtsrunde. Die Vorgeschichte eines neuen Kapitels einer d\u00fcnnh\u00e4utigen Politikergeneration\u00a0begann am 26. September 2023. In [&hellip;]\" \/>\n<meta property=\"og:url\" content=\"https:\/\/now-news.de\/de\/deutschland\/nach-geldstrafe-wegen-beleidigung-gruener-politiker-bayerischer-unternehmer-legt-einspruch-ein\/\" \/>\n<meta property=\"og:site_name\" content=\"just-now.NEWS Deutschland\" \/>\n<meta property=\"article:publisher\" content=\"https:\/\/www.facebook.com\/wirmachenauf\" \/>\n<meta property=\"article:published_time\" content=\"2024-02-02T13:11:49+00:00\" \/>\n<meta property=\"og:image\" content=\"https:\/\/now-news.de\/de\/wp-content\/uploads\/sites\/3\/2024\/02\/Nach-Geldstrafe-wegen-Beleidigung-gruener-Politiker-Bayerischer-Unternehmer-legt-Einspruch.JPG\" \/>\n\t<meta property=\"og:image:width\" content=\"982\" \/>\n\t<meta property=\"og:image:height\" content=\"528\" \/>\n\t<meta property=\"og:image:type\" content=\"image\/jpeg\" \/>\n<meta name=\"author\" content=\"rtnews\" \/>\n<meta name=\"twitter:card\" content=\"summary_large_image\" \/>\n<meta name=\"twitter:creator\" content=\"@WirMachenAuf_de\" \/>\n<meta name=\"twitter:site\" content=\"@WirMachenAuf_de\" \/>\n<meta name=\"twitter:label1\" content=\"Verfasst von\" \/>\n\t<meta name=\"twitter:data1\" content=\"rtnews\" \/>\n\t<meta name=\"twitter:label2\" content=\"Gesch\u00e4tzte Lesezeit\" \/>\n\t<meta name=\"twitter:data2\" content=\"4\u00a0Minuten\" \/>\n<script type=\"application\/ld+json\" class=\"yoast-schema-graph\">{\"@context\":\"https:\/\/schema.org\",\"@graph\":[{\"@type\":\"Article\",\"@id\":\"https:\/\/now-news.de\/de\/deutschland\/nach-geldstrafe-wegen-beleidigung-gruener-politiker-bayerischer-unternehmer-legt-einspruch-ein\/#article\",\"isPartOf\":{\"@id\":\"https:\/\/now-news.de\/de\/deutschland\/nach-geldstrafe-wegen-beleidigung-gruener-politiker-bayerischer-unternehmer-legt-einspruch-ein\/\"},\"author\":{\"name\":\"rtnews\",\"@id\":\"https:\/\/now-news.de\/de\/#\/schema\/person\/fb534a4e865501d8b3285208df34a9b5\"},\"headline\":\"Nach Geldstrafe wegen Beleidigung gr\u00fcner Politiker: Bayerischer Unternehmer legt Einspruch ein\",\"datePublished\":\"2024-02-02T13:11:49+00:00\",\"dateModified\":\"2024-02-02T13:11:49+00:00\",\"mainEntityOfPage\":{\"@id\":\"https:\/\/now-news.de\/de\/deutschland\/nach-geldstrafe-wegen-beleidigung-gruener-politiker-bayerischer-unternehmer-legt-einspruch-ein\/\"},\"wordCount\":844,\"commentCount\":0,\"publisher\":{\"@id\":\"https:\/\/now-news.de\/de\/#organization\"},\"image\":{\"@id\":\"https:\/\/now-news.de\/de\/deutschland\/nach-geldstrafe-wegen-beleidigung-gruener-politiker-bayerischer-unternehmer-legt-einspruch-ein\/#primaryimage\"},\"thumbnailUrl\":\"https:\/\/now-news.de\/de\/wp-content\/uploads\/sites\/3\/2024\/02\/Nach-Geldstrafe-wegen-Beleidigung-gruener-Politiker-Bayerischer-Unternehmer-legt-Einspruch.JPG\",\"keywords\":[\"Bayerischer\",\"Beleidigung\",\"ein\",\"Einspruch\",\"Geldstrafe\",\"gr\u00fcner\",\"legt\",\"nach\",\"Politiker\",\"Unternehmer\",\"wegen\"],\"articleSection\":[\"Deutschland\",\"Russland\"],\"inLanguage\":\"de\",\"potentialAction\":[{\"@type\":\"CommentAction\",\"name\":\"Comment\",\"target\":[\"https:\/\/now-news.de\/de\/deutschland\/nach-geldstrafe-wegen-beleidigung-gruener-politiker-bayerischer-unternehmer-legt-einspruch-ein\/#respond\"]}]},{\"@type\":\"WebPage\",\"@id\":\"https:\/\/now-news.de\/de\/deutschland\/nach-geldstrafe-wegen-beleidigung-gruener-politiker-bayerischer-unternehmer-legt-einspruch-ein\/\",\"url\":\"https:\/\/now-news.de\/de\/deutschland\/nach-geldstrafe-wegen-beleidigung-gruener-politiker-bayerischer-unternehmer-legt-einspruch-ein\/\",\"name\":\"Nach Geldstrafe wegen Beleidigung gr\u00fcner Politiker: Bayerischer Unternehmer legt Einspruch ein - just-now.NEWS Deutschland\",\"isPartOf\":{\"@id\":\"https:\/\/now-news.de\/de\/#website\"},\"primaryImageOfPage\":{\"@id\":\"https:\/\/now-news.de\/de\/deutschland\/nach-geldstrafe-wegen-beleidigung-gruener-politiker-bayerischer-unternehmer-legt-einspruch-ein\/#primaryimage\"},\"image\":{\"@id\":\"https:\/\/now-news.de\/de\/deutschland\/nach-geldstrafe-wegen-beleidigung-gruener-politiker-bayerischer-unternehmer-legt-einspruch-ein\/#primaryimage\"},\"thumbnailUrl\":\"https:\/\/now-news.de\/de\/wp-content\/uploads\/sites\/3\/2024\/02\/Nach-Geldstrafe-wegen-Beleidigung-gruener-Politiker-Bayerischer-Unternehmer-legt-Einspruch.JPG\",\"datePublished\":\"2024-02-02T13:11:49+00:00\",\"dateModified\":\"2024-02-02T13:11:49+00:00\",\"breadcrumb\":{\"@id\":\"https:\/\/now-news.de\/de\/deutschland\/nach-geldstrafe-wegen-beleidigung-gruener-politiker-bayerischer-unternehmer-legt-einspruch-ein\/#breadcrumb\"},\"inLanguage\":\"de\",\"potentialAction\":[{\"@type\":\"ReadAction\",\"target\":[\"https:\/\/now-news.de\/de\/deutschland\/nach-geldstrafe-wegen-beleidigung-gruener-politiker-bayerischer-unternehmer-legt-einspruch-ein\/\"]}]},{\"@type\":\"ImageObject\",\"inLanguage\":\"de\",\"@id\":\"https:\/\/now-news.de\/de\/deutschland\/nach-geldstrafe-wegen-beleidigung-gruener-politiker-bayerischer-unternehmer-legt-einspruch-ein\/#primaryimage\",\"url\":\"https:\/\/now-news.de\/de\/wp-content\/uploads\/sites\/3\/2024\/02\/Nach-Geldstrafe-wegen-Beleidigung-gruener-Politiker-Bayerischer-Unternehmer-legt-Einspruch.JPG\",\"contentUrl\":\"https:\/\/now-news.de\/de\/wp-content\/uploads\/sites\/3\/2024\/02\/Nach-Geldstrafe-wegen-Beleidigung-gruener-Politiker-Bayerischer-Unternehmer-legt-Einspruch.JPG\",\"width\":982,\"height\":528,\"caption\":\"Nach Geldstrafe wegen Beleidigung gr\u00fcner Politiker: Bayerischer Unternehmer legt Einspruch ein\"},{\"@type\":\"BreadcrumbList\",\"@id\":\"https:\/\/now-news.de\/de\/deutschland\/nach-geldstrafe-wegen-beleidigung-gruener-politiker-bayerischer-unternehmer-legt-einspruch-ein\/#breadcrumb\",\"itemListElement\":[{\"@type\":\"ListItem\",\"position\":1,\"name\":\"Home\",\"item\":\"https:\/\/now-news.de\/de\/\"},{\"@type\":\"ListItem\",\"position\":2,\"name\":\"Nach Geldstrafe wegen Beleidigung gr\u00fcner Politiker: Bayerischer Unternehmer legt Einspruch ein\"}]},{\"@type\":\"WebSite\",\"@id\":\"https:\/\/now-news.de\/de\/#website\",\"url\":\"https:\/\/now-news.de\/de\/\",\"name\":\"just-now.NEWS Deutschland\",\"description\":\"Das Portal f\u00fcr unzensierte Nachrichten aus der Welt\",\"publisher\":{\"@id\":\"https:\/\/now-news.de\/de\/#organization\"},\"potentialAction\":[{\"@type\":\"SearchAction\",\"target\":{\"@type\":\"EntryPoint\",\"urlTemplate\":\"https:\/\/now-news.de\/de\/?s={search_term_string}\"},\"query-input\":\"required name=search_term_string\"}],\"inLanguage\":\"de\"},{\"@type\":\"Organization\",\"@id\":\"https:\/\/now-news.de\/de\/#organization\",\"name\":\"Just Now News\",\"url\":\"https:\/\/now-news.de\/de\/\",\"logo\":{\"@type\":\"ImageObject\",\"inLanguage\":\"de\",\"@id\":\"https:\/\/now-news.de\/de\/#\/schema\/logo\/image\/\",\"url\":\"http:\/\/just-now.news\/de\/wp-content\/uploads\/sites\/3\/2022\/04\/logo500x500.jpg\",\"contentUrl\":\"http:\/\/just-now.news\/de\/wp-content\/uploads\/sites\/3\/2022\/04\/logo500x500.jpg\",\"width\":500,\"height\":500,\"caption\":\"Just Now News\"},\"image\":{\"@id\":\"https:\/\/now-news.de\/de\/#\/schema\/logo\/image\/\"},\"sameAs\":[\"https:\/\/www.facebook.com\/wirmachenauf\",\"https:\/\/x.com\/WirMachenAuf_de\"]},{\"@type\":\"Person\",\"@id\":\"https:\/\/now-news.de\/de\/#\/schema\/person\/fb534a4e865501d8b3285208df34a9b5\",\"name\":\"rtnews\",\"image\":{\"@type\":\"ImageObject\",\"inLanguage\":\"de\",\"@id\":\"https:\/\/now-news.de\/de\/#\/schema\/person\/image\/\",\"url\":\"https:\/\/secure.gravatar.com\/avatar\/82aafea7d8127119dd649515f56e2117?s=96&d=mm&r=g\",\"contentUrl\":\"https:\/\/secure.gravatar.com\/avatar\/82aafea7d8127119dd649515f56e2117?s=96&d=mm&r=g\",\"caption\":\"rtnews\"},\"url\":\"https:\/\/now-news.de\/de\/author\/rnews\/\"}]}<\/script>\n<!-- \/ Yoast SEO Premium plugin. -->","yoast_head_json":{"title":"Nach Geldstrafe wegen Beleidigung gr\u00fcner Politiker: Bayerischer Unternehmer legt Einspruch ein - just-now.NEWS Deutschland","robots":{"index":"index","follow":"follow","max-snippet":"max-snippet:-1","max-image-preview":"max-image-preview:large","max-video-preview":"max-video-preview:-1"},"canonical":"https:\/\/now-news.de\/de\/deutschland\/nach-geldstrafe-wegen-beleidigung-gruener-politiker-bayerischer-unternehmer-legt-einspruch-ein\/","og_locale":"de_DE","og_type":"article","og_title":"Nach Geldstrafe wegen Beleidigung gr\u00fcner Politiker: Bayerischer Unternehmer legt Einspruch ein","og_description":"Ein bayerischer Unternehmer bestellte im vergangenen September zwei gr\u00f6\u00dfere Banner, die unmissverst\u00e4ndlich seine pers\u00f6nliche Meinung zu leitenden Gr\u00fcnen-Politikern vermittelten. Diese wurden auf einem Privatgrundst\u00fcck platziert, von der Polizei konfisziert und im Anschluss mit einer Geldstrafe bewertet. Im M\u00e4rz erfolgt die n\u00e4chste Gerichtsrunde. Die Vorgeschichte eines neuen Kapitels einer d\u00fcnnh\u00e4utigen Politikergeneration\u00a0begann am 26. September 2023. In [&hellip;]","og_url":"https:\/\/now-news.de\/de\/deutschland\/nach-geldstrafe-wegen-beleidigung-gruener-politiker-bayerischer-unternehmer-legt-einspruch-ein\/","og_site_name":"just-now.NEWS Deutschland","article_publisher":"https:\/\/www.facebook.com\/wirmachenauf","article_published_time":"2024-02-02T13:11:49+00:00","og_image":[{"width":982,"height":528,"url":"https:\/\/now-news.de\/de\/wp-content\/uploads\/sites\/3\/2024\/02\/Nach-Geldstrafe-wegen-Beleidigung-gruener-Politiker-Bayerischer-Unternehmer-legt-Einspruch.JPG","type":"image\/jpeg"}],"author":"rtnews","twitter_card":"summary_large_image","twitter_creator":"@WirMachenAuf_de","twitter_site":"@WirMachenAuf_de","twitter_misc":{"Verfasst von":"rtnews","Gesch\u00e4tzte Lesezeit":"4\u00a0Minuten"},"schema":{"@context":"https:\/\/schema.org","@graph":[{"@type":"Article","@id":"https:\/\/now-news.de\/de\/deutschland\/nach-geldstrafe-wegen-beleidigung-gruener-politiker-bayerischer-unternehmer-legt-einspruch-ein\/#article","isPartOf":{"@id":"https:\/\/now-news.de\/de\/deutschland\/nach-geldstrafe-wegen-beleidigung-gruener-politiker-bayerischer-unternehmer-legt-einspruch-ein\/"},"author":{"name":"rtnews","@id":"https:\/\/now-news.de\/de\/#\/schema\/person\/fb534a4e865501d8b3285208df34a9b5"},"headline":"Nach Geldstrafe wegen Beleidigung gr\u00fcner Politiker: Bayerischer Unternehmer legt Einspruch ein","datePublished":"2024-02-02T13:11:49+00:00","dateModified":"2024-02-02T13:11:49+00:00","mainEntityOfPage":{"@id":"https:\/\/now-news.de\/de\/deutschland\/nach-geldstrafe-wegen-beleidigung-gruener-politiker-bayerischer-unternehmer-legt-einspruch-ein\/"},"wordCount":844,"commentCount":0,"publisher":{"@id":"https:\/\/now-news.de\/de\/#organization"},"image":{"@id":"https:\/\/now-news.de\/de\/deutschland\/nach-geldstrafe-wegen-beleidigung-gruener-politiker-bayerischer-unternehmer-legt-einspruch-ein\/#primaryimage"},"thumbnailUrl":"https:\/\/now-news.de\/de\/wp-content\/uploads\/sites\/3\/2024\/02\/Nach-Geldstrafe-wegen-Beleidigung-gruener-Politiker-Bayerischer-Unternehmer-legt-Einspruch.JPG","keywords":["Bayerischer","Beleidigung","ein","Einspruch","Geldstrafe","gr\u00fcner","legt","nach","Politiker","Unternehmer","wegen"],"articleSection":["Deutschland","Russland"],"inLanguage":"de","potentialAction":[{"@type":"CommentAction","name":"Comment","target":["https:\/\/now-news.de\/de\/deutschland\/nach-geldstrafe-wegen-beleidigung-gruener-politiker-bayerischer-unternehmer-legt-einspruch-ein\/#respond"]}]},{"@type":"WebPage","@id":"https:\/\/now-news.de\/de\/deutschland\/nach-geldstrafe-wegen-beleidigung-gruener-politiker-bayerischer-unternehmer-legt-einspruch-ein\/","url":"https:\/\/now-news.de\/de\/deutschland\/nach-geldstrafe-wegen-beleidigung-gruener-politiker-bayerischer-unternehmer-legt-einspruch-ein\/","name":"Nach Geldstrafe wegen Beleidigung gr\u00fcner Politiker: Bayerischer Unternehmer legt Einspruch ein - just-now.NEWS Deutschland","isPartOf":{"@id":"https:\/\/now-news.de\/de\/#website"},"primaryImageOfPage":{"@id":"https:\/\/now-news.de\/de\/deutschland\/nach-geldstrafe-wegen-beleidigung-gruener-politiker-bayerischer-unternehmer-legt-einspruch-ein\/#primaryimage"},"image":{"@id":"https:\/\/now-news.de\/de\/deutschland\/nach-geldstrafe-wegen-beleidigung-gruener-politiker-bayerischer-unternehmer-legt-einspruch-ein\/#primaryimage"},"thumbnailUrl":"https:\/\/now-news.de\/de\/wp-content\/uploads\/sites\/3\/2024\/02\/Nach-Geldstrafe-wegen-Beleidigung-gruener-Politiker-Bayerischer-Unternehmer-legt-Einspruch.JPG","datePublished":"2024-02-02T13:11:49+00:00","dateModified":"2024-02-02T13:11:49+00:00","breadcrumb":{"@id":"https:\/\/now-news.de\/de\/deutschland\/nach-geldstrafe-wegen-beleidigung-gruener-politiker-bayerischer-unternehmer-legt-einspruch-ein\/#breadcrumb"},"inLanguage":"de","potentialAction":[{"@type":"ReadAction","target":["https:\/\/now-news.de\/de\/deutschland\/nach-geldstrafe-wegen-beleidigung-gruener-politiker-bayerischer-unternehmer-legt-einspruch-ein\/"]}]},{"@type":"ImageObject","inLanguage":"de","@id":"https:\/\/now-news.de\/de\/deutschland\/nach-geldstrafe-wegen-beleidigung-gruener-politiker-bayerischer-unternehmer-legt-einspruch-ein\/#primaryimage","url":"https:\/\/now-news.de\/de\/wp-content\/uploads\/sites\/3\/2024\/02\/Nach-Geldstrafe-wegen-Beleidigung-gruener-Politiker-Bayerischer-Unternehmer-legt-Einspruch.JPG","contentUrl":"https:\/\/now-news.de\/de\/wp-content\/uploads\/sites\/3\/2024\/02\/Nach-Geldstrafe-wegen-Beleidigung-gruener-Politiker-Bayerischer-Unternehmer-legt-Einspruch.JPG","width":982,"height":528,"caption":"Nach Geldstrafe wegen Beleidigung gr\u00fcner Politiker: Bayerischer Unternehmer legt Einspruch ein"},{"@type":"BreadcrumbList","@id":"https:\/\/now-news.de\/de\/deutschland\/nach-geldstrafe-wegen-beleidigung-gruener-politiker-bayerischer-unternehmer-legt-einspruch-ein\/#breadcrumb","itemListElement":[{"@type":"ListItem","position":1,"name":"Home","item":"https:\/\/now-news.de\/de\/"},{"@type":"ListItem","position":2,"name":"Nach Geldstrafe wegen Beleidigung gr\u00fcner Politiker: Bayerischer Unternehmer legt Einspruch ein"}]},{"@type":"WebSite","@id":"https:\/\/now-news.de\/de\/#website","url":"https:\/\/now-news.de\/de\/","name":"just-now.NEWS Deutschland","description":"Das Portal f\u00fcr unzensierte Nachrichten aus der Welt","publisher":{"@id":"https:\/\/now-news.de\/de\/#organization"},"potentialAction":[{"@type":"SearchAction","target":{"@type":"EntryPoint","urlTemplate":"https:\/\/now-news.de\/de\/?s={search_term_string}"},"query-input":"required name=search_term_string"}],"inLanguage":"de"},{"@type":"Organization","@id":"https:\/\/now-news.de\/de\/#organization","name":"Just Now News","url":"https:\/\/now-news.de\/de\/","logo":{"@type":"ImageObject","inLanguage":"de","@id":"https:\/\/now-news.de\/de\/#\/schema\/logo\/image\/","url":"http:\/\/just-now.news\/de\/wp-content\/uploads\/sites\/3\/2022\/04\/logo500x500.jpg","contentUrl":"http:\/\/just-now.news\/de\/wp-content\/uploads\/sites\/3\/2022\/04\/logo500x500.jpg","width":500,"height":500,"caption":"Just Now News"},"image":{"@id":"https:\/\/now-news.de\/de\/#\/schema\/logo\/image\/"},"sameAs":["https:\/\/www.facebook.com\/wirmachenauf","https:\/\/x.com\/WirMachenAuf_de"]},{"@type":"Person","@id":"https:\/\/now-news.de\/de\/#\/schema\/person\/fb534a4e865501d8b3285208df34a9b5","name":"rtnews","image":{"@type":"ImageObject","inLanguage":"de","@id":"https:\/\/now-news.de\/de\/#\/schema\/person\/image\/","url":"https:\/\/secure.gravatar.com\/avatar\/82aafea7d8127119dd649515f56e2117?s=96&d=mm&r=g","contentUrl":"https:\/\/secure.gravatar.com\/avatar\/82aafea7d8127119dd649515f56e2117?s=96&d=mm&r=g","caption":"rtnews"},"url":"https:\/\/now-news.de\/de\/author\/rnews\/"}]}},"_links":{"self":[{"href":"https:\/\/now-news.de\/de\/wp-json\/wp\/v2\/posts\/54552"}],"collection":[{"href":"https:\/\/now-news.de\/de\/wp-json\/wp\/v2\/posts"}],"about":[{"href":"https:\/\/now-news.de\/de\/wp-json\/wp\/v2\/types\/post"}],"author":[{"embeddable":true,"href":"https:\/\/now-news.de\/de\/wp-json\/wp\/v2\/users\/3"}],"replies":[{"embeddable":true,"href":"https:\/\/now-news.de\/de\/wp-json\/wp\/v2\/comments?post=54552"}],"version-history":[{"count":0,"href":"https:\/\/now-news.de\/de\/wp-json\/wp\/v2\/posts\/54552\/revisions"}],"wp:featuredmedia":[{"embeddable":true,"href":"https:\/\/now-news.de\/de\/wp-json\/wp\/v2\/media\/54553"}],"wp:attachment":[{"href":"https:\/\/now-news.de\/de\/wp-json\/wp\/v2\/media?parent=54552"}],"wp:term":[{"taxonomy":"category","embeddable":true,"href":"https:\/\/now-news.de\/de\/wp-json\/wp\/v2\/categories?post=54552"},{"taxonomy":"post_tag","embeddable":true,"href":"https:\/\/now-news.de\/de\/wp-json\/wp\/v2\/tags?post=54552"}],"curies":[{"name":"wp","href":"https:\/\/api.w.org\/{rel}","templated":true}]}}