{"id":54519,"date":"2024-02-01T21:06:15","date_gmt":"2024-02-01T19:06:15","guid":{"rendered":"https:\/\/just-now.news\/de\/deutschland\/dkp-spricht-sich-gegen-afd-verbot-aus\/"},"modified":"2024-02-01T21:06:15","modified_gmt":"2024-02-01T19:06:15","slug":"dkp-spricht-sich-gegen-afd-verbot-aus","status":"publish","type":"post","link":"https:\/\/now-news.de\/de\/deutschland\/dkp-spricht-sich-gegen-afd-verbot-aus\/","title":{"rendered":"DKP spricht sich gegen AfD-Verbot aus"},"content":{"rendered":"<p><img decoding=\"async\" src=\"http:\/\/just-now.news\/de\/wp-content\/uploads\/sites\/3\/2024\/02\/65bbb33f48fbef411c79c853.jpg\" \/><\/p>\n<div class=\"Text-root Text-type_1 \">\n                Die Deutsche Kommunistische Partei (DKP) hat sich am Mittwoch gegen ein Verbot der AfD ausgesprochen. Die Kriegstreiberparteien der Ampelkoalition und der CDU\/CSU versuchten damit lediglich von ihrem eigenen Kurs abzulenken und ein &#8220;Antifawashing&#8221; f\u00fcr sich und ihre Politik zu erlangen, hie\u00df es in der Erkl\u00e4rung.\n            <\/div>\n<p><\/p>\n<div class=\"Text-root Text-type_5 ArticleView-text ViewText-root \">\n<p>Die Deutsche Kommunistische Partei (DKP) spricht sich gegen ein m\u00f6gliches Verbot der Alternative f\u00fcr Deutschland (AfD) aus. Das geht aus einer am Mittwoch ver\u00f6ffentlichten Erkl\u00e4rung des Parteivorstandes hervor.<\/p>\n<p>In der Erkl\u00e4rung hei\u00dft es unter anderem:\u00a0<\/p>\n<blockquote>\n<p><em>&#8220;Die Deutsche Kommunistische Partei (DKP) schlie\u00dft sich den Verbotsforderungen von Ampel und CDU nicht an. Es handelt sich um Kriegstreiberparteien, die nun eine Art &#8216;Antifawashing&#8217; betreiben, indem sie eine andere, von ihnen selbst hochgep\u00e4ppelte Kriegstreiberpartei verbieten wollen. Antifaschismus und Friedensfrage k\u00f6nnen jedoch nicht voneinander getrennt werden.&#8221;<\/em><\/p>\n<\/blockquote>\n<p>Weiter hei\u00dft es, die DKP trete Versuchen entgegen, &#8220;eine Politik der Aufr\u00fcstung, des sozialen Kahlschlags und der imperialistischen Aggression&#8221; durch eine &#8220;von jedem politischen Inhalt und der Klassenfrage entkernte&#8221; Kampagne &#8220;gegen rechts&#8221; zu legitimieren.<\/p>\n<p>Forderungen nach einem Verbot einer Partei m\u00fcssten im historischen Kontext betrachtet werden, erkl\u00e4ren die deutschen Kommunisten, und erinnern an das eigene Schicksal, und zwar an das Verbot der KPD im Westen Deutschlands im Jahr 1956:<\/p>\n<blockquote>\n<p><em>&#8220;Ein Parteiverbot nach Artikel 21 des Grundgesetzes wurde in der Geschichte der BRD genau einmal mit Brachialgewalt angewendet: beim verfassungswidrigen Verbot der KPD im Jahre 1956. Das vorangegangene Verbot der SRP war eher ein Feigenblatt f\u00fcr das KPD-Verbot und die SRP selbst war von Agenten des Verfassungsschutzes durchsetzt.&#8221;<\/em><\/p>\n<\/blockquote>\n<p>In letzter Konsequenz zielten Verbotsbestrebungen stets auf Kommunistinnen und Kommunisten, mutma\u00dft der DKP-Parteivorstand, und deutet damit an, dass sich die Geschichte insoweit wiederholen k\u00f6nnte:<\/p>\n<blockquote>\n<p><em>&#8220;Wer (&#8230;) weitere Instrumente zum Verbot von Organisationen schaffen will, hat nicht den Antifaschismus im Sinn, sondern die n\u00e4chste Phase des reaktion\u00e4r-militaristischen Staatsumbaus.&#8221;<\/em><\/p>\n<\/blockquote>\n<p><strong>Mehr zum Thema<\/strong> &#8211; <a rel=\"nofollow noopener\" target=\"_blank\" href=\"https:\/\/freedert.online\/inland\/177970-geboten-ist-widerstand-hans-bauer\/\">&#8220;Geboten ist Widerstand&#8221;: Hans Bauer zur Verfassungsbeschwerde der DKP<\/a><\/p>\n<\/div>\n<p><br \/>\n<br \/><a href=\"https:\/\/de.rt.com\/inland\/194762-dkp-spricht-sich-gegen-afd-verbot-aus\/\">Source link <\/a><\/p>\n","protected":false},"excerpt":{"rendered":"<p>Die Deutsche Kommunistische Partei (DKP) hat sich am Mittwoch gegen ein Verbot der AfD ausgesprochen. Die Kriegstreiberparteien der Ampelkoalition und der CDU\/CSU versuchten damit lediglich von ihrem eigenen Kurs abzulenken und ein &#8220;Antifawashing&#8221; f\u00fcr sich und ihre Politik zu erlangen, hie\u00df es in der Erkl\u00e4rung. Die Deutsche Kommunistische Partei (DKP) spricht sich gegen ein m\u00f6gliches [&hellip;]<\/p>\n","protected":false},"author":3,"featured_media":54520,"comment_status":"open","ping_status":"open","sticky":false,"template":"","format":"standard","meta":{"_yoast_indexnow_last_ping":["1706821155"],"wp_automatic_camp":["217"],"64a57889a1b49ee96362488fb9d71c2a":["DKP spricht sich gegen AfD-Verbot aus"],"original_link":["https:\/\/de.rt.com\/inland\/194762-dkp-spricht-sich-gegen-afd-verbot-aus\/"],"_thumbnail_id":["54520"],"_wptgpro_p2tg_sent2tg":["a:1:{i:23737;s:19:\"2024-02-01 23:00:50\";}"],"jnews_social_counter_last_update":["1777430330"]},"categories":[19,23],"tags":[34226,679,47802,278,434,4067],"yoast_head":"<!-- This site is optimized with the Yoast SEO Premium plugin v22.7 (Yoast SEO v22.7) - https:\/\/yoast.com\/wordpress\/plugins\/seo\/ -->\n<title>DKP spricht sich gegen AfD-Verbot aus - just-now.NEWS Deutschland<\/title>\n<meta name=\"robots\" content=\"index, follow, max-snippet:-1, max-image-preview:large, max-video-preview:-1\" \/>\n<link rel=\"canonical\" href=\"https:\/\/now-news.de\/de\/deutschland\/dkp-spricht-sich-gegen-afd-verbot-aus\/\" \/>\n<meta property=\"og:locale\" content=\"de_DE\" \/>\n<meta property=\"og:type\" content=\"article\" \/>\n<meta property=\"og:title\" content=\"DKP spricht sich gegen AfD-Verbot aus\" \/>\n<meta property=\"og:description\" content=\"Die Deutsche Kommunistische Partei (DKP) hat sich am Mittwoch gegen ein Verbot der AfD ausgesprochen. Die Kriegstreiberparteien der Ampelkoalition und der CDU\/CSU versuchten damit lediglich von ihrem eigenen Kurs abzulenken und ein &#8220;Antifawashing&#8221; f\u00fcr sich und ihre Politik zu erlangen, hie\u00df es in der Erkl\u00e4rung. Die Deutsche Kommunistische Partei (DKP) spricht sich gegen ein m\u00f6gliches [&hellip;]\" \/>\n<meta property=\"og:url\" content=\"https:\/\/now-news.de\/de\/deutschland\/dkp-spricht-sich-gegen-afd-verbot-aus\/\" \/>\n<meta property=\"og:site_name\" content=\"just-now.NEWS Deutschland\" \/>\n<meta property=\"article:publisher\" content=\"https:\/\/www.facebook.com\/wirmachenauf\" \/>\n<meta property=\"article:published_time\" content=\"2024-02-01T19:06:15+00:00\" \/>\n<meta property=\"og:image\" content=\"https:\/\/now-news.de\/de\/wp-content\/uploads\/sites\/3\/2024\/02\/DKP-spricht-sich-gegen-AfD-Verbot-aus.jpg\" \/>\n\t<meta property=\"og:image:width\" content=\"460\" \/>\n\t<meta property=\"og:image:height\" content=\"259\" \/>\n\t<meta property=\"og:image:type\" content=\"image\/jpeg\" \/>\n<meta name=\"author\" content=\"rtnews\" \/>\n<meta name=\"twitter:card\" content=\"summary_large_image\" \/>\n<meta name=\"twitter:creator\" content=\"@WirMachenAuf_de\" \/>\n<meta name=\"twitter:site\" content=\"@WirMachenAuf_de\" \/>\n<meta name=\"twitter:label1\" content=\"Verfasst von\" \/>\n\t<meta name=\"twitter:data1\" content=\"rtnews\" \/>\n\t<meta name=\"twitter:label2\" content=\"Gesch\u00e4tzte Lesezeit\" \/>\n\t<meta name=\"twitter:data2\" content=\"2\u00a0Minuten\" \/>\n<script type=\"application\/ld+json\" class=\"yoast-schema-graph\">{\"@context\":\"https:\/\/schema.org\",\"@graph\":[{\"@type\":\"Article\",\"@id\":\"https:\/\/now-news.de\/de\/deutschland\/dkp-spricht-sich-gegen-afd-verbot-aus\/#article\",\"isPartOf\":{\"@id\":\"https:\/\/now-news.de\/de\/deutschland\/dkp-spricht-sich-gegen-afd-verbot-aus\/\"},\"author\":{\"name\":\"rtnews\",\"@id\":\"https:\/\/now-news.de\/de\/#\/schema\/person\/fb534a4e865501d8b3285208df34a9b5\"},\"headline\":\"DKP spricht sich gegen AfD-Verbot aus\",\"datePublished\":\"2024-02-01T19:06:15+00:00\",\"dateModified\":\"2024-02-01T19:06:15+00:00\",\"mainEntityOfPage\":{\"@id\":\"https:\/\/now-news.de\/de\/deutschland\/dkp-spricht-sich-gegen-afd-verbot-aus\/\"},\"wordCount\":329,\"commentCount\":0,\"publisher\":{\"@id\":\"https:\/\/now-news.de\/de\/#organization\"},\"image\":{\"@id\":\"https:\/\/now-news.de\/de\/deutschland\/dkp-spricht-sich-gegen-afd-verbot-aus\/#primaryimage\"},\"thumbnailUrl\":\"https:\/\/now-news.de\/de\/wp-content\/uploads\/sites\/3\/2024\/02\/DKP-spricht-sich-gegen-AfD-Verbot-aus.jpg\",\"keywords\":[\"AfDVerbot\",\"aus\",\"DKP\",\"gegen\",\"sich\",\"spricht\"],\"articleSection\":[\"Deutschland\",\"Russland\"],\"inLanguage\":\"de\",\"potentialAction\":[{\"@type\":\"CommentAction\",\"name\":\"Comment\",\"target\":[\"https:\/\/now-news.de\/de\/deutschland\/dkp-spricht-sich-gegen-afd-verbot-aus\/#respond\"]}]},{\"@type\":\"WebPage\",\"@id\":\"https:\/\/now-news.de\/de\/deutschland\/dkp-spricht-sich-gegen-afd-verbot-aus\/\",\"url\":\"https:\/\/now-news.de\/de\/deutschland\/dkp-spricht-sich-gegen-afd-verbot-aus\/\",\"name\":\"DKP spricht sich gegen AfD-Verbot aus - just-now.NEWS Deutschland\",\"isPartOf\":{\"@id\":\"https:\/\/now-news.de\/de\/#website\"},\"primaryImageOfPage\":{\"@id\":\"https:\/\/now-news.de\/de\/deutschland\/dkp-spricht-sich-gegen-afd-verbot-aus\/#primaryimage\"},\"image\":{\"@id\":\"https:\/\/now-news.de\/de\/deutschland\/dkp-spricht-sich-gegen-afd-verbot-aus\/#primaryimage\"},\"thumbnailUrl\":\"https:\/\/now-news.de\/de\/wp-content\/uploads\/sites\/3\/2024\/02\/DKP-spricht-sich-gegen-AfD-Verbot-aus.jpg\",\"datePublished\":\"2024-02-01T19:06:15+00:00\",\"dateModified\":\"2024-02-01T19:06:15+00:00\",\"breadcrumb\":{\"@id\":\"https:\/\/now-news.de\/de\/deutschland\/dkp-spricht-sich-gegen-afd-verbot-aus\/#breadcrumb\"},\"inLanguage\":\"de\",\"potentialAction\":[{\"@type\":\"ReadAction\",\"target\":[\"https:\/\/now-news.de\/de\/deutschland\/dkp-spricht-sich-gegen-afd-verbot-aus\/\"]}]},{\"@type\":\"ImageObject\",\"inLanguage\":\"de\",\"@id\":\"https:\/\/now-news.de\/de\/deutschland\/dkp-spricht-sich-gegen-afd-verbot-aus\/#primaryimage\",\"url\":\"https:\/\/now-news.de\/de\/wp-content\/uploads\/sites\/3\/2024\/02\/DKP-spricht-sich-gegen-AfD-Verbot-aus.jpg\",\"contentUrl\":\"https:\/\/now-news.de\/de\/wp-content\/uploads\/sites\/3\/2024\/02\/DKP-spricht-sich-gegen-AfD-Verbot-aus.jpg\",\"width\":460,\"height\":259,\"caption\":\"DKP spricht sich gegen AfD-Verbot aus\"},{\"@type\":\"BreadcrumbList\",\"@id\":\"https:\/\/now-news.de\/de\/deutschland\/dkp-spricht-sich-gegen-afd-verbot-aus\/#breadcrumb\",\"itemListElement\":[{\"@type\":\"ListItem\",\"position\":1,\"name\":\"Home\",\"item\":\"https:\/\/now-news.de\/de\/\"},{\"@type\":\"ListItem\",\"position\":2,\"name\":\"DKP spricht sich gegen AfD-Verbot aus\"}]},{\"@type\":\"WebSite\",\"@id\":\"https:\/\/now-news.de\/de\/#website\",\"url\":\"https:\/\/now-news.de\/de\/\",\"name\":\"just-now.NEWS Deutschland\",\"description\":\"Das Portal f\u00fcr unzensierte Nachrichten aus der Welt\",\"publisher\":{\"@id\":\"https:\/\/now-news.de\/de\/#organization\"},\"potentialAction\":[{\"@type\":\"SearchAction\",\"target\":{\"@type\":\"EntryPoint\",\"urlTemplate\":\"https:\/\/now-news.de\/de\/?s={search_term_string}\"},\"query-input\":\"required name=search_term_string\"}],\"inLanguage\":\"de\"},{\"@type\":\"Organization\",\"@id\":\"https:\/\/now-news.de\/de\/#organization\",\"name\":\"Just Now News\",\"url\":\"https:\/\/now-news.de\/de\/\",\"logo\":{\"@type\":\"ImageObject\",\"inLanguage\":\"de\",\"@id\":\"https:\/\/now-news.de\/de\/#\/schema\/logo\/image\/\",\"url\":\"http:\/\/just-now.news\/de\/wp-content\/uploads\/sites\/3\/2022\/04\/logo500x500.jpg\",\"contentUrl\":\"http:\/\/just-now.news\/de\/wp-content\/uploads\/sites\/3\/2022\/04\/logo500x500.jpg\",\"width\":500,\"height\":500,\"caption\":\"Just Now News\"},\"image\":{\"@id\":\"https:\/\/now-news.de\/de\/#\/schema\/logo\/image\/\"},\"sameAs\":[\"https:\/\/www.facebook.com\/wirmachenauf\",\"https:\/\/x.com\/WirMachenAuf_de\"]},{\"@type\":\"Person\",\"@id\":\"https:\/\/now-news.de\/de\/#\/schema\/person\/fb534a4e865501d8b3285208df34a9b5\",\"name\":\"rtnews\",\"image\":{\"@type\":\"ImageObject\",\"inLanguage\":\"de\",\"@id\":\"https:\/\/now-news.de\/de\/#\/schema\/person\/image\/\",\"url\":\"https:\/\/secure.gravatar.com\/avatar\/82aafea7d8127119dd649515f56e2117?s=96&d=mm&r=g\",\"contentUrl\":\"https:\/\/secure.gravatar.com\/avatar\/82aafea7d8127119dd649515f56e2117?s=96&d=mm&r=g\",\"caption\":\"rtnews\"},\"url\":\"https:\/\/now-news.de\/de\/author\/rnews\/\"}]}<\/script>\n<!-- \/ Yoast SEO Premium plugin. -->","yoast_head_json":{"title":"DKP spricht sich gegen AfD-Verbot aus - just-now.NEWS Deutschland","robots":{"index":"index","follow":"follow","max-snippet":"max-snippet:-1","max-image-preview":"max-image-preview:large","max-video-preview":"max-video-preview:-1"},"canonical":"https:\/\/now-news.de\/de\/deutschland\/dkp-spricht-sich-gegen-afd-verbot-aus\/","og_locale":"de_DE","og_type":"article","og_title":"DKP spricht sich gegen AfD-Verbot aus","og_description":"Die Deutsche Kommunistische Partei (DKP) hat sich am Mittwoch gegen ein Verbot der AfD ausgesprochen. Die Kriegstreiberparteien der Ampelkoalition und der CDU\/CSU versuchten damit lediglich von ihrem eigenen Kurs abzulenken und ein &#8220;Antifawashing&#8221; f\u00fcr sich und ihre Politik zu erlangen, hie\u00df es in der Erkl\u00e4rung. Die Deutsche Kommunistische Partei (DKP) spricht sich gegen ein m\u00f6gliches [&hellip;]","og_url":"https:\/\/now-news.de\/de\/deutschland\/dkp-spricht-sich-gegen-afd-verbot-aus\/","og_site_name":"just-now.NEWS Deutschland","article_publisher":"https:\/\/www.facebook.com\/wirmachenauf","article_published_time":"2024-02-01T19:06:15+00:00","og_image":[{"width":460,"height":259,"url":"https:\/\/now-news.de\/de\/wp-content\/uploads\/sites\/3\/2024\/02\/DKP-spricht-sich-gegen-AfD-Verbot-aus.jpg","type":"image\/jpeg"}],"author":"rtnews","twitter_card":"summary_large_image","twitter_creator":"@WirMachenAuf_de","twitter_site":"@WirMachenAuf_de","twitter_misc":{"Verfasst von":"rtnews","Gesch\u00e4tzte Lesezeit":"2\u00a0Minuten"},"schema":{"@context":"https:\/\/schema.org","@graph":[{"@type":"Article","@id":"https:\/\/now-news.de\/de\/deutschland\/dkp-spricht-sich-gegen-afd-verbot-aus\/#article","isPartOf":{"@id":"https:\/\/now-news.de\/de\/deutschland\/dkp-spricht-sich-gegen-afd-verbot-aus\/"},"author":{"name":"rtnews","@id":"https:\/\/now-news.de\/de\/#\/schema\/person\/fb534a4e865501d8b3285208df34a9b5"},"headline":"DKP spricht sich gegen AfD-Verbot aus","datePublished":"2024-02-01T19:06:15+00:00","dateModified":"2024-02-01T19:06:15+00:00","mainEntityOfPage":{"@id":"https:\/\/now-news.de\/de\/deutschland\/dkp-spricht-sich-gegen-afd-verbot-aus\/"},"wordCount":329,"commentCount":0,"publisher":{"@id":"https:\/\/now-news.de\/de\/#organization"},"image":{"@id":"https:\/\/now-news.de\/de\/deutschland\/dkp-spricht-sich-gegen-afd-verbot-aus\/#primaryimage"},"thumbnailUrl":"https:\/\/now-news.de\/de\/wp-content\/uploads\/sites\/3\/2024\/02\/DKP-spricht-sich-gegen-AfD-Verbot-aus.jpg","keywords":["AfDVerbot","aus","DKP","gegen","sich","spricht"],"articleSection":["Deutschland","Russland"],"inLanguage":"de","potentialAction":[{"@type":"CommentAction","name":"Comment","target":["https:\/\/now-news.de\/de\/deutschland\/dkp-spricht-sich-gegen-afd-verbot-aus\/#respond"]}]},{"@type":"WebPage","@id":"https:\/\/now-news.de\/de\/deutschland\/dkp-spricht-sich-gegen-afd-verbot-aus\/","url":"https:\/\/now-news.de\/de\/deutschland\/dkp-spricht-sich-gegen-afd-verbot-aus\/","name":"DKP spricht sich gegen AfD-Verbot aus - just-now.NEWS Deutschland","isPartOf":{"@id":"https:\/\/now-news.de\/de\/#website"},"primaryImageOfPage":{"@id":"https:\/\/now-news.de\/de\/deutschland\/dkp-spricht-sich-gegen-afd-verbot-aus\/#primaryimage"},"image":{"@id":"https:\/\/now-news.de\/de\/deutschland\/dkp-spricht-sich-gegen-afd-verbot-aus\/#primaryimage"},"thumbnailUrl":"https:\/\/now-news.de\/de\/wp-content\/uploads\/sites\/3\/2024\/02\/DKP-spricht-sich-gegen-AfD-Verbot-aus.jpg","datePublished":"2024-02-01T19:06:15+00:00","dateModified":"2024-02-01T19:06:15+00:00","breadcrumb":{"@id":"https:\/\/now-news.de\/de\/deutschland\/dkp-spricht-sich-gegen-afd-verbot-aus\/#breadcrumb"},"inLanguage":"de","potentialAction":[{"@type":"ReadAction","target":["https:\/\/now-news.de\/de\/deutschland\/dkp-spricht-sich-gegen-afd-verbot-aus\/"]}]},{"@type":"ImageObject","inLanguage":"de","@id":"https:\/\/now-news.de\/de\/deutschland\/dkp-spricht-sich-gegen-afd-verbot-aus\/#primaryimage","url":"https:\/\/now-news.de\/de\/wp-content\/uploads\/sites\/3\/2024\/02\/DKP-spricht-sich-gegen-AfD-Verbot-aus.jpg","contentUrl":"https:\/\/now-news.de\/de\/wp-content\/uploads\/sites\/3\/2024\/02\/DKP-spricht-sich-gegen-AfD-Verbot-aus.jpg","width":460,"height":259,"caption":"DKP spricht sich gegen AfD-Verbot aus"},{"@type":"BreadcrumbList","@id":"https:\/\/now-news.de\/de\/deutschland\/dkp-spricht-sich-gegen-afd-verbot-aus\/#breadcrumb","itemListElement":[{"@type":"ListItem","position":1,"name":"Home","item":"https:\/\/now-news.de\/de\/"},{"@type":"ListItem","position":2,"name":"DKP spricht sich gegen AfD-Verbot aus"}]},{"@type":"WebSite","@id":"https:\/\/now-news.de\/de\/#website","url":"https:\/\/now-news.de\/de\/","name":"just-now.NEWS Deutschland","description":"Das Portal f\u00fcr unzensierte Nachrichten aus der Welt","publisher":{"@id":"https:\/\/now-news.de\/de\/#organization"},"potentialAction":[{"@type":"SearchAction","target":{"@type":"EntryPoint","urlTemplate":"https:\/\/now-news.de\/de\/?s={search_term_string}"},"query-input":"required name=search_term_string"}],"inLanguage":"de"},{"@type":"Organization","@id":"https:\/\/now-news.de\/de\/#organization","name":"Just Now News","url":"https:\/\/now-news.de\/de\/","logo":{"@type":"ImageObject","inLanguage":"de","@id":"https:\/\/now-news.de\/de\/#\/schema\/logo\/image\/","url":"http:\/\/just-now.news\/de\/wp-content\/uploads\/sites\/3\/2022\/04\/logo500x500.jpg","contentUrl":"http:\/\/just-now.news\/de\/wp-content\/uploads\/sites\/3\/2022\/04\/logo500x500.jpg","width":500,"height":500,"caption":"Just Now News"},"image":{"@id":"https:\/\/now-news.de\/de\/#\/schema\/logo\/image\/"},"sameAs":["https:\/\/www.facebook.com\/wirmachenauf","https:\/\/x.com\/WirMachenAuf_de"]},{"@type":"Person","@id":"https:\/\/now-news.de\/de\/#\/schema\/person\/fb534a4e865501d8b3285208df34a9b5","name":"rtnews","image":{"@type":"ImageObject","inLanguage":"de","@id":"https:\/\/now-news.de\/de\/#\/schema\/person\/image\/","url":"https:\/\/secure.gravatar.com\/avatar\/82aafea7d8127119dd649515f56e2117?s=96&d=mm&r=g","contentUrl":"https:\/\/secure.gravatar.com\/avatar\/82aafea7d8127119dd649515f56e2117?s=96&d=mm&r=g","caption":"rtnews"},"url":"https:\/\/now-news.de\/de\/author\/rnews\/"}]}},"_links":{"self":[{"href":"https:\/\/now-news.de\/de\/wp-json\/wp\/v2\/posts\/54519"}],"collection":[{"href":"https:\/\/now-news.de\/de\/wp-json\/wp\/v2\/posts"}],"about":[{"href":"https:\/\/now-news.de\/de\/wp-json\/wp\/v2\/types\/post"}],"author":[{"embeddable":true,"href":"https:\/\/now-news.de\/de\/wp-json\/wp\/v2\/users\/3"}],"replies":[{"embeddable":true,"href":"https:\/\/now-news.de\/de\/wp-json\/wp\/v2\/comments?post=54519"}],"version-history":[{"count":0,"href":"https:\/\/now-news.de\/de\/wp-json\/wp\/v2\/posts\/54519\/revisions"}],"wp:featuredmedia":[{"embeddable":true,"href":"https:\/\/now-news.de\/de\/wp-json\/wp\/v2\/media\/54520"}],"wp:attachment":[{"href":"https:\/\/now-news.de\/de\/wp-json\/wp\/v2\/media?parent=54519"}],"wp:term":[{"taxonomy":"category","embeddable":true,"href":"https:\/\/now-news.de\/de\/wp-json\/wp\/v2\/categories?post=54519"},{"taxonomy":"post_tag","embeddable":true,"href":"https:\/\/now-news.de\/de\/wp-json\/wp\/v2\/tags?post=54519"}],"curies":[{"name":"wp","href":"https:\/\/api.w.org\/{rel}","templated":true}]}}