{"id":54466,"date":"2024-02-01T14:51:21","date_gmt":"2024-02-01T12:51:21","guid":{"rendered":"https:\/\/just-now.news\/de\/deutschland\/eu-sondergipfel-in-bruessel-bauern-blockieren-mit-traktoren-den-zugang-zum-europaeischen-parlament\/"},"modified":"2024-02-01T14:51:21","modified_gmt":"2024-02-01T12:51:21","slug":"eu-sondergipfel-in-bruessel-bauern-blockieren-mit-traktoren-den-zugang-zum-europaeischen-parlament","status":"publish","type":"post","link":"https:\/\/now-news.de\/de\/deutschland\/eu-sondergipfel-in-bruessel-bauern-blockieren-mit-traktoren-den-zugang-zum-europaeischen-parlament\/","title":{"rendered":"EU-Sondergipfel in Br\u00fcssel: Bauern blockieren mit Traktoren den Zugang zum Europ\u00e4ischen Parlament"},"content":{"rendered":"<p><img decoding=\"async\" src=\"http:\/\/just-now.news\/de\/wp-content\/uploads\/sites\/3\/2024\/02\/65bb7ed348fbef0f0540a4eb.jpg\" \/><\/p>\n<div class=\"Text-root Text-type_1 \">\n                Landwirte blockieren die Zufahrt zum EU-Parlament in Br\u00fcssel. Sie fordern unter anderem den Stopp ukrainischer Billigimporte. Gleichzeitig beschlie\u00dfen die EU-Staats- und Regierungschefs weitere 50 Milliarden Euro Milit\u00e4rhilfe f\u00fcr die Ukraine &#8220;als Schub&#8221; f\u00fcr die europ\u00e4ische R\u00fcstungsindustrie.\n            <\/div>\n<p><\/p>\n<div class=\"Text-root Text-type_5 ArticleView-text ViewText-root \">\n<p>Zum Sondergipfel des Europ\u00e4ischen Rats am 1. Februar reisten am Morgen nicht nur die Staats- und Regierungschefs der 27 EU-Mitgliedsstaaten in die\u00a0belgische Hauptstadt. \u00dcber Nacht zogen auch Tausende Landwirte mit ihren Traktoren <a rel=\"nofollow noopener\" target=\"_blank\" href=\"https:\/\/francais.rt.com\/international\/109204-bruxelles-millier-tracteurs-rues-europe\">in Br\u00fcssel <\/a>ein.\u00a0<\/p>\n<p>Dort\u00a0haben\u00a0sie mehrere Stra\u00dfen vor dem Gipfeltreffen der Staats- und Regierungschefs der 27 EU-Mitgliedstaaten blockiert, um ihren Unmut\u00a0\u00fcber die EU-Politik zu zeigen. &#8220;Es gibt 1.000 Traktoren oder landwirtschaftliche Maschinen&#8221;, sagte ein Polizeisprecher der Nachrichtenagentur <em>AFP<\/em> und erkl\u00e4rte, dass die Landwirte haupts\u00e4chlich aus Belgien stammen w\u00fcrden.<\/p>\n<p>&#8220;Die Zufahrt zum Parlament ist nun unm\u00f6glich&#8221;, sagte der franz\u00f6sische Europaabgeordnete Thierry Mariani in einem Video, das er auf X <a rel=\"nofollow noopener\" target=\"_blank\" href=\"https:\/\/twitter.com\/ThierryMARIANI\/status\/1752836862366937479\">gepostet hat<\/a>. Laut einem aktuellen <a rel=\"nofollow noopener\" target=\"_blank\" href=\"https:\/\/news.sky.com\/story\/fires-erupt-as-farmers-protest-outside-european-parliament-in-brussels-13061212\">Bericht<\/a> auf <em>Skynews<\/em> vom Donnerstag legten die Bauern\u00a0vor dem EU-Parlament Feuer: &#8220;W\u00fctende Landwirte haben vor dem Europ\u00e4ischen Parlament in Br\u00fcssel Feuer gelegt, um gegen Steuern, steigende Kosten und billige <br \/>Importe zu protestieren.&#8221; Auf Transparenten forderten Bauern die B\u00fcrger auf, sie zu unterst\u00fctzen: &#8220;Wenn du die Erde liebst, unterst\u00fctze diejenigen, die sie bewirtschaften&#8221;, zitierte <em>Skynews<\/em> die Landwirte. Bereits am Mittwoch kursierten in den sozialen Netzwerken erste Videos, die Traktoren in den Stra\u00dfen der belgischen Hauptstadt zeigen, <a rel=\"nofollow noopener\" target=\"_blank\" href=\"https:\/\/francais.rt.com\/international\/109204-bruxelles-millier-tracteurs-rues-europe\">berichtete<\/a>\u00a0<em>RT<\/em>\u00a0<em>France<\/em>.<\/p>\n<p>In seinem <a rel=\"nofollow noopener\" target=\"_blank\" href=\"https:\/\/www.consilium.europa.eu\/de\/press\/press-releases\/2024\/01\/31\/invitation-letter-by-president-charles-michel-to-the-members-of-the-european-council\/\">\u00f6ffentlichen Einladungsschreiben<\/a> vom 31. Januar informierte der Pr\u00e4sident des Europ\u00e4ischen Rats, Charles Michel, die EU-Regierungschefs \u00fcber\u00a0die Programmpunkte der Tagung. In erster Linie werde es um die &#8220;Unterst\u00fctzung f\u00fcr die Ukraine, Migrationssteuerung und ihre externe Dimension, Unterst\u00fctzung f\u00fcr den Westbalkan und unsere Reaktion auf Naturkatastrophen&#8221; gehen.<\/p>\n<p>Der Fokus l\u00e4ge dabei auf der vereinten &#8220;unverbr\u00fcchlichen&#8221; Unterst\u00fctzung f\u00fcr die Ukraine. &#8220;Unsere Einigkeit ist ausschlaggebend f\u00fcr unsere Glaubw\u00fcrdigkeit\u00a0\u2013 und nicht zuletzt f\u00fcr unsere Zusage, die Ukraine unverbr\u00fcchlich zu unterst\u00fctzen&#8221;, so Michel. Zur milit\u00e4rischen Unterst\u00fctzung geh\u00f6re die Lieferung von Munition gem\u00e4\u00df den Schlussfolgerungen des Europ\u00e4ischen Rats vom M\u00e4rz 2023. Damit w\u00fcrde man auch die europ\u00e4ische R\u00fcstungsindustrie ankurbeln, motivierte der Ratspr\u00e4sident die Staatschefs f\u00fcr die Waffenlieferungen in die Ukraine. Zur Ukraine-Unterst\u00fctzung schlug er konkret vor:<\/p>\n<blockquote>\n<p><em>&#8220;Um das zu erreichen, m\u00fcssen wir unsere Spenden fortsetzen, Auftr\u00e4ge anpassen und neue Auftr\u00e4ge erteilen\u00a0\u2013 das wird auch unserer europ\u00e4ischen Verteidigungsindustrie einen Schub geben.&#8221;<\/em><\/p>\n<\/blockquote>\n<p>Zur Entwicklung im Nahen Osten forderte Michel die Regierungschefs auf, sich f\u00fcr die bedingungslose Freilassung der israelischen Geiseln einzusetzen: &#8220;Alle von der Hamas festgehaltenen Geiseln m\u00fcssen ohne Vorbedingungen freigelassen werden.&#8221; Insgesamt sollten die europ\u00e4ischen Bem\u00fchungen darauf ausgerichtet sein, daf\u00fcr zu sorgen, dass das V\u00f6lkerrecht und das humanit\u00e4re V\u00f6lkerrecht von den Israelis und Pal\u00e4stinensern eingehalten werden. Schlie\u00dflich werde man auf dem Sondergipfel &#8220;Ma\u00dfnahmen er\u00f6rtern, um eine weitere regionale Eskalation, insbesondere im Roten Meer, zu verhindern&#8221;, k\u00fcndigte Michel an.<\/p>\n<p>Im\u00a0Einladungsschreiben des Ratspr\u00e4sidenten war in den geplanten Programmpunkten von den zunehmenden Bauernprotesten in Europa, die insbesondere nicht mit der Zollbefreiung ukrainischer Importprodukte einverstanden sind, jedoch keine Rede.<\/p>\n<p><strong>Mehr zum Thema<\/strong> &#8211; <a rel=\"nofollow noopener\" target=\"_blank\" href=\"https:\/\/freedert.online\/international\/194719-eu-einigt-sich-auf-ukraine-hilfen-von-50-milliarden-euro\/\">EU einigt sich auf Ukraine-Hilfen von 50 Milliarden Euro <\/a><\/p>\n<\/div>\n<p><script async src=\"https:\/\/platform.twitter.com\/widgets.js\" charset=\"utf-8\"><\/script><br \/>\n<br \/><br \/>\n<br \/><a href=\"https:\/\/de.rt.com\/europa\/194716-eu-sondergipfel-in-bruessel-bauern\/\">Source link <\/a><\/p>\n","protected":false},"excerpt":{"rendered":"<p>Landwirte blockieren die Zufahrt zum EU-Parlament in Br\u00fcssel. Sie fordern unter anderem den Stopp ukrainischer Billigimporte. Gleichzeitig beschlie\u00dfen die EU-Staats- und Regierungschefs weitere 50 Milliarden Euro Milit\u00e4rhilfe f\u00fcr die Ukraine &#8220;als Schub&#8221; f\u00fcr die europ\u00e4ische R\u00fcstungsindustrie. Zum Sondergipfel des Europ\u00e4ischen Rats am 1. Februar reisten am Morgen nicht nur die Staats- und Regierungschefs der 27 [&hellip;]<\/p>\n","protected":false},"author":3,"featured_media":54467,"comment_status":"open","ping_status":"open","sticky":false,"template":"","format":"standard","meta":{"_yoast_indexnow_last_ping":["1706793120"],"wp_automatic_camp":["217"],"3db68d813c324acba502246eae997049":["EU-Sondergipfel in Br\u00fcssel: Bauern blockieren mit Traktoren den Zugang zum Europ\u00e4ischen Parlament"],"original_link":["https:\/\/de.rt.com\/europa\/194716-eu-sondergipfel-in-bruessel-bauern\/"],"_thumbnail_id":["54467"],"_wptgpro_p2tg_sent2tg":["a:1:{i:23737;s:19:\"2024-02-01 15:13:08\";}"],"jnews_social_counter_last_update":["1777256003"]},"categories":[19,23],"tags":[22707,9046,17026,48,20513,53054,419,3832,53055,424,565],"yoast_head":"<!-- This site is optimized with the Yoast SEO Premium plugin v22.7 (Yoast SEO v22.7) - https:\/\/yoast.com\/wordpress\/plugins\/seo\/ -->\n<title>EU-Sondergipfel in Br\u00fcssel: Bauern blockieren mit Traktoren den Zugang zum Europ\u00e4ischen Parlament - just-now.NEWS Deutschland<\/title>\n<meta name=\"robots\" content=\"index, follow, max-snippet:-1, max-image-preview:large, max-video-preview:-1\" \/>\n<link rel=\"canonical\" href=\"https:\/\/now-news.de\/de\/deutschland\/eu-sondergipfel-in-bruessel-bauern-blockieren-mit-traktoren-den-zugang-zum-europaeischen-parlament\/\" \/>\n<meta property=\"og:locale\" content=\"de_DE\" \/>\n<meta property=\"og:type\" content=\"article\" \/>\n<meta property=\"og:title\" content=\"EU-Sondergipfel in Br\u00fcssel: Bauern blockieren mit Traktoren den Zugang zum Europ\u00e4ischen Parlament\" \/>\n<meta property=\"og:description\" content=\"Landwirte blockieren die Zufahrt zum EU-Parlament in Br\u00fcssel. Sie fordern unter anderem den Stopp ukrainischer Billigimporte. Gleichzeitig beschlie\u00dfen die EU-Staats- und Regierungschefs weitere 50 Milliarden Euro Milit\u00e4rhilfe f\u00fcr die Ukraine &#8220;als Schub&#8221; f\u00fcr die europ\u00e4ische R\u00fcstungsindustrie. Zum Sondergipfel des Europ\u00e4ischen Rats am 1. Februar reisten am Morgen nicht nur die Staats- und Regierungschefs der 27 [&hellip;]\" \/>\n<meta property=\"og:url\" content=\"https:\/\/now-news.de\/de\/deutschland\/eu-sondergipfel-in-bruessel-bauern-blockieren-mit-traktoren-den-zugang-zum-europaeischen-parlament\/\" \/>\n<meta property=\"og:site_name\" content=\"just-now.NEWS Deutschland\" \/>\n<meta property=\"article:publisher\" content=\"https:\/\/www.facebook.com\/wirmachenauf\" \/>\n<meta property=\"article:published_time\" content=\"2024-02-01T12:51:21+00:00\" \/>\n<meta property=\"og:image\" content=\"https:\/\/now-news.de\/de\/wp-content\/uploads\/sites\/3\/2024\/02\/EU-Sondergipfel-in-Bruessel-Bauern-blockieren-mit-Traktoren-den-Zugang-zum.jpg\" \/>\n\t<meta property=\"og:image:width\" content=\"460\" \/>\n\t<meta property=\"og:image:height\" content=\"259\" \/>\n\t<meta property=\"og:image:type\" content=\"image\/jpeg\" \/>\n<meta name=\"author\" content=\"rtnews\" \/>\n<meta name=\"twitter:card\" content=\"summary_large_image\" \/>\n<meta name=\"twitter:creator\" content=\"@WirMachenAuf_de\" \/>\n<meta name=\"twitter:site\" content=\"@WirMachenAuf_de\" \/>\n<meta name=\"twitter:label1\" content=\"Verfasst von\" \/>\n\t<meta name=\"twitter:data1\" content=\"rtnews\" \/>\n\t<meta name=\"twitter:label2\" content=\"Gesch\u00e4tzte Lesezeit\" \/>\n\t<meta name=\"twitter:data2\" content=\"3\u00a0Minuten\" \/>\n<script type=\"application\/ld+json\" class=\"yoast-schema-graph\">{\"@context\":\"https:\/\/schema.org\",\"@graph\":[{\"@type\":\"Article\",\"@id\":\"https:\/\/now-news.de\/de\/deutschland\/eu-sondergipfel-in-bruessel-bauern-blockieren-mit-traktoren-den-zugang-zum-europaeischen-parlament\/#article\",\"isPartOf\":{\"@id\":\"https:\/\/now-news.de\/de\/deutschland\/eu-sondergipfel-in-bruessel-bauern-blockieren-mit-traktoren-den-zugang-zum-europaeischen-parlament\/\"},\"author\":{\"name\":\"rtnews\",\"@id\":\"https:\/\/now-news.de\/de\/#\/schema\/person\/fb534a4e865501d8b3285208df34a9b5\"},\"headline\":\"EU-Sondergipfel in Br\u00fcssel: Bauern blockieren mit Traktoren den Zugang zum Europ\u00e4ischen Parlament\",\"datePublished\":\"2024-02-01T12:51:21+00:00\",\"dateModified\":\"2024-02-01T12:51:21+00:00\",\"mainEntityOfPage\":{\"@id\":\"https:\/\/now-news.de\/de\/deutschland\/eu-sondergipfel-in-bruessel-bauern-blockieren-mit-traktoren-den-zugang-zum-europaeischen-parlament\/\"},\"wordCount\":562,\"commentCount\":0,\"publisher\":{\"@id\":\"https:\/\/now-news.de\/de\/#organization\"},\"image\":{\"@id\":\"https:\/\/now-news.de\/de\/deutschland\/eu-sondergipfel-in-bruessel-bauern-blockieren-mit-traktoren-den-zugang-zum-europaeischen-parlament\/#primaryimage\"},\"thumbnailUrl\":\"https:\/\/now-news.de\/de\/wp-content\/uploads\/sites\/3\/2024\/02\/EU-Sondergipfel-in-Bruessel-Bauern-blockieren-mit-Traktoren-den-Zugang-zum.jpg\",\"keywords\":[\"Bauern\",\"blockieren\",\"Br\u00fcssel\",\"den\",\"Europ\u00e4ischen\",\"EUSondergipfel\",\"mit\",\"Parlament\",\"Traktoren\",\"Zugang\",\"zum\"],\"articleSection\":[\"Deutschland\",\"Russland\"],\"inLanguage\":\"de\",\"potentialAction\":[{\"@type\":\"CommentAction\",\"name\":\"Comment\",\"target\":[\"https:\/\/now-news.de\/de\/deutschland\/eu-sondergipfel-in-bruessel-bauern-blockieren-mit-traktoren-den-zugang-zum-europaeischen-parlament\/#respond\"]}]},{\"@type\":\"WebPage\",\"@id\":\"https:\/\/now-news.de\/de\/deutschland\/eu-sondergipfel-in-bruessel-bauern-blockieren-mit-traktoren-den-zugang-zum-europaeischen-parlament\/\",\"url\":\"https:\/\/now-news.de\/de\/deutschland\/eu-sondergipfel-in-bruessel-bauern-blockieren-mit-traktoren-den-zugang-zum-europaeischen-parlament\/\",\"name\":\"EU-Sondergipfel in Br\u00fcssel: Bauern blockieren mit Traktoren den Zugang zum Europ\u00e4ischen Parlament - just-now.NEWS Deutschland\",\"isPartOf\":{\"@id\":\"https:\/\/now-news.de\/de\/#website\"},\"primaryImageOfPage\":{\"@id\":\"https:\/\/now-news.de\/de\/deutschland\/eu-sondergipfel-in-bruessel-bauern-blockieren-mit-traktoren-den-zugang-zum-europaeischen-parlament\/#primaryimage\"},\"image\":{\"@id\":\"https:\/\/now-news.de\/de\/deutschland\/eu-sondergipfel-in-bruessel-bauern-blockieren-mit-traktoren-den-zugang-zum-europaeischen-parlament\/#primaryimage\"},\"thumbnailUrl\":\"https:\/\/now-news.de\/de\/wp-content\/uploads\/sites\/3\/2024\/02\/EU-Sondergipfel-in-Bruessel-Bauern-blockieren-mit-Traktoren-den-Zugang-zum.jpg\",\"datePublished\":\"2024-02-01T12:51:21+00:00\",\"dateModified\":\"2024-02-01T12:51:21+00:00\",\"breadcrumb\":{\"@id\":\"https:\/\/now-news.de\/de\/deutschland\/eu-sondergipfel-in-bruessel-bauern-blockieren-mit-traktoren-den-zugang-zum-europaeischen-parlament\/#breadcrumb\"},\"inLanguage\":\"de\",\"potentialAction\":[{\"@type\":\"ReadAction\",\"target\":[\"https:\/\/now-news.de\/de\/deutschland\/eu-sondergipfel-in-bruessel-bauern-blockieren-mit-traktoren-den-zugang-zum-europaeischen-parlament\/\"]}]},{\"@type\":\"ImageObject\",\"inLanguage\":\"de\",\"@id\":\"https:\/\/now-news.de\/de\/deutschland\/eu-sondergipfel-in-bruessel-bauern-blockieren-mit-traktoren-den-zugang-zum-europaeischen-parlament\/#primaryimage\",\"url\":\"https:\/\/now-news.de\/de\/wp-content\/uploads\/sites\/3\/2024\/02\/EU-Sondergipfel-in-Bruessel-Bauern-blockieren-mit-Traktoren-den-Zugang-zum.jpg\",\"contentUrl\":\"https:\/\/now-news.de\/de\/wp-content\/uploads\/sites\/3\/2024\/02\/EU-Sondergipfel-in-Bruessel-Bauern-blockieren-mit-Traktoren-den-Zugang-zum.jpg\",\"width\":460,\"height\":259,\"caption\":\"EU-Sondergipfel in Br\u00fcssel: Bauern blockieren mit Traktoren den Zugang zum Europ\u00e4ischen Parlament\"},{\"@type\":\"BreadcrumbList\",\"@id\":\"https:\/\/now-news.de\/de\/deutschland\/eu-sondergipfel-in-bruessel-bauern-blockieren-mit-traktoren-den-zugang-zum-europaeischen-parlament\/#breadcrumb\",\"itemListElement\":[{\"@type\":\"ListItem\",\"position\":1,\"name\":\"Home\",\"item\":\"https:\/\/now-news.de\/de\/\"},{\"@type\":\"ListItem\",\"position\":2,\"name\":\"EU-Sondergipfel in Br\u00fcssel: Bauern blockieren mit Traktoren den Zugang zum Europ\u00e4ischen Parlament\"}]},{\"@type\":\"WebSite\",\"@id\":\"https:\/\/now-news.de\/de\/#website\",\"url\":\"https:\/\/now-news.de\/de\/\",\"name\":\"just-now.NEWS Deutschland\",\"description\":\"Das Portal f\u00fcr unzensierte Nachrichten aus der Welt\",\"publisher\":{\"@id\":\"https:\/\/now-news.de\/de\/#organization\"},\"potentialAction\":[{\"@type\":\"SearchAction\",\"target\":{\"@type\":\"EntryPoint\",\"urlTemplate\":\"https:\/\/now-news.de\/de\/?s={search_term_string}\"},\"query-input\":\"required name=search_term_string\"}],\"inLanguage\":\"de\"},{\"@type\":\"Organization\",\"@id\":\"https:\/\/now-news.de\/de\/#organization\",\"name\":\"Just Now News\",\"url\":\"https:\/\/now-news.de\/de\/\",\"logo\":{\"@type\":\"ImageObject\",\"inLanguage\":\"de\",\"@id\":\"https:\/\/now-news.de\/de\/#\/schema\/logo\/image\/\",\"url\":\"http:\/\/just-now.news\/de\/wp-content\/uploads\/sites\/3\/2022\/04\/logo500x500.jpg\",\"contentUrl\":\"http:\/\/just-now.news\/de\/wp-content\/uploads\/sites\/3\/2022\/04\/logo500x500.jpg\",\"width\":500,\"height\":500,\"caption\":\"Just Now News\"},\"image\":{\"@id\":\"https:\/\/now-news.de\/de\/#\/schema\/logo\/image\/\"},\"sameAs\":[\"https:\/\/www.facebook.com\/wirmachenauf\",\"https:\/\/x.com\/WirMachenAuf_de\"]},{\"@type\":\"Person\",\"@id\":\"https:\/\/now-news.de\/de\/#\/schema\/person\/fb534a4e865501d8b3285208df34a9b5\",\"name\":\"rtnews\",\"image\":{\"@type\":\"ImageObject\",\"inLanguage\":\"de\",\"@id\":\"https:\/\/now-news.de\/de\/#\/schema\/person\/image\/\",\"url\":\"https:\/\/secure.gravatar.com\/avatar\/82aafea7d8127119dd649515f56e2117?s=96&d=mm&r=g\",\"contentUrl\":\"https:\/\/secure.gravatar.com\/avatar\/82aafea7d8127119dd649515f56e2117?s=96&d=mm&r=g\",\"caption\":\"rtnews\"},\"url\":\"https:\/\/now-news.de\/de\/author\/rnews\/\"}]}<\/script>\n<!-- \/ Yoast SEO Premium plugin. -->","yoast_head_json":{"title":"EU-Sondergipfel in Br\u00fcssel: Bauern blockieren mit Traktoren den Zugang zum Europ\u00e4ischen Parlament - just-now.NEWS Deutschland","robots":{"index":"index","follow":"follow","max-snippet":"max-snippet:-1","max-image-preview":"max-image-preview:large","max-video-preview":"max-video-preview:-1"},"canonical":"https:\/\/now-news.de\/de\/deutschland\/eu-sondergipfel-in-bruessel-bauern-blockieren-mit-traktoren-den-zugang-zum-europaeischen-parlament\/","og_locale":"de_DE","og_type":"article","og_title":"EU-Sondergipfel in Br\u00fcssel: Bauern blockieren mit Traktoren den Zugang zum Europ\u00e4ischen Parlament","og_description":"Landwirte blockieren die Zufahrt zum EU-Parlament in Br\u00fcssel. Sie fordern unter anderem den Stopp ukrainischer Billigimporte. Gleichzeitig beschlie\u00dfen die EU-Staats- und Regierungschefs weitere 50 Milliarden Euro Milit\u00e4rhilfe f\u00fcr die Ukraine &#8220;als Schub&#8221; f\u00fcr die europ\u00e4ische R\u00fcstungsindustrie. Zum Sondergipfel des Europ\u00e4ischen Rats am 1. Februar reisten am Morgen nicht nur die Staats- und Regierungschefs der 27 [&hellip;]","og_url":"https:\/\/now-news.de\/de\/deutschland\/eu-sondergipfel-in-bruessel-bauern-blockieren-mit-traktoren-den-zugang-zum-europaeischen-parlament\/","og_site_name":"just-now.NEWS Deutschland","article_publisher":"https:\/\/www.facebook.com\/wirmachenauf","article_published_time":"2024-02-01T12:51:21+00:00","og_image":[{"width":460,"height":259,"url":"https:\/\/now-news.de\/de\/wp-content\/uploads\/sites\/3\/2024\/02\/EU-Sondergipfel-in-Bruessel-Bauern-blockieren-mit-Traktoren-den-Zugang-zum.jpg","type":"image\/jpeg"}],"author":"rtnews","twitter_card":"summary_large_image","twitter_creator":"@WirMachenAuf_de","twitter_site":"@WirMachenAuf_de","twitter_misc":{"Verfasst von":"rtnews","Gesch\u00e4tzte Lesezeit":"3\u00a0Minuten"},"schema":{"@context":"https:\/\/schema.org","@graph":[{"@type":"Article","@id":"https:\/\/now-news.de\/de\/deutschland\/eu-sondergipfel-in-bruessel-bauern-blockieren-mit-traktoren-den-zugang-zum-europaeischen-parlament\/#article","isPartOf":{"@id":"https:\/\/now-news.de\/de\/deutschland\/eu-sondergipfel-in-bruessel-bauern-blockieren-mit-traktoren-den-zugang-zum-europaeischen-parlament\/"},"author":{"name":"rtnews","@id":"https:\/\/now-news.de\/de\/#\/schema\/person\/fb534a4e865501d8b3285208df34a9b5"},"headline":"EU-Sondergipfel in Br\u00fcssel: Bauern blockieren mit Traktoren den Zugang zum Europ\u00e4ischen Parlament","datePublished":"2024-02-01T12:51:21+00:00","dateModified":"2024-02-01T12:51:21+00:00","mainEntityOfPage":{"@id":"https:\/\/now-news.de\/de\/deutschland\/eu-sondergipfel-in-bruessel-bauern-blockieren-mit-traktoren-den-zugang-zum-europaeischen-parlament\/"},"wordCount":562,"commentCount":0,"publisher":{"@id":"https:\/\/now-news.de\/de\/#organization"},"image":{"@id":"https:\/\/now-news.de\/de\/deutschland\/eu-sondergipfel-in-bruessel-bauern-blockieren-mit-traktoren-den-zugang-zum-europaeischen-parlament\/#primaryimage"},"thumbnailUrl":"https:\/\/now-news.de\/de\/wp-content\/uploads\/sites\/3\/2024\/02\/EU-Sondergipfel-in-Bruessel-Bauern-blockieren-mit-Traktoren-den-Zugang-zum.jpg","keywords":["Bauern","blockieren","Br\u00fcssel","den","Europ\u00e4ischen","EUSondergipfel","mit","Parlament","Traktoren","Zugang","zum"],"articleSection":["Deutschland","Russland"],"inLanguage":"de","potentialAction":[{"@type":"CommentAction","name":"Comment","target":["https:\/\/now-news.de\/de\/deutschland\/eu-sondergipfel-in-bruessel-bauern-blockieren-mit-traktoren-den-zugang-zum-europaeischen-parlament\/#respond"]}]},{"@type":"WebPage","@id":"https:\/\/now-news.de\/de\/deutschland\/eu-sondergipfel-in-bruessel-bauern-blockieren-mit-traktoren-den-zugang-zum-europaeischen-parlament\/","url":"https:\/\/now-news.de\/de\/deutschland\/eu-sondergipfel-in-bruessel-bauern-blockieren-mit-traktoren-den-zugang-zum-europaeischen-parlament\/","name":"EU-Sondergipfel in Br\u00fcssel: Bauern blockieren mit Traktoren den Zugang zum Europ\u00e4ischen Parlament - just-now.NEWS Deutschland","isPartOf":{"@id":"https:\/\/now-news.de\/de\/#website"},"primaryImageOfPage":{"@id":"https:\/\/now-news.de\/de\/deutschland\/eu-sondergipfel-in-bruessel-bauern-blockieren-mit-traktoren-den-zugang-zum-europaeischen-parlament\/#primaryimage"},"image":{"@id":"https:\/\/now-news.de\/de\/deutschland\/eu-sondergipfel-in-bruessel-bauern-blockieren-mit-traktoren-den-zugang-zum-europaeischen-parlament\/#primaryimage"},"thumbnailUrl":"https:\/\/now-news.de\/de\/wp-content\/uploads\/sites\/3\/2024\/02\/EU-Sondergipfel-in-Bruessel-Bauern-blockieren-mit-Traktoren-den-Zugang-zum.jpg","datePublished":"2024-02-01T12:51:21+00:00","dateModified":"2024-02-01T12:51:21+00:00","breadcrumb":{"@id":"https:\/\/now-news.de\/de\/deutschland\/eu-sondergipfel-in-bruessel-bauern-blockieren-mit-traktoren-den-zugang-zum-europaeischen-parlament\/#breadcrumb"},"inLanguage":"de","potentialAction":[{"@type":"ReadAction","target":["https:\/\/now-news.de\/de\/deutschland\/eu-sondergipfel-in-bruessel-bauern-blockieren-mit-traktoren-den-zugang-zum-europaeischen-parlament\/"]}]},{"@type":"ImageObject","inLanguage":"de","@id":"https:\/\/now-news.de\/de\/deutschland\/eu-sondergipfel-in-bruessel-bauern-blockieren-mit-traktoren-den-zugang-zum-europaeischen-parlament\/#primaryimage","url":"https:\/\/now-news.de\/de\/wp-content\/uploads\/sites\/3\/2024\/02\/EU-Sondergipfel-in-Bruessel-Bauern-blockieren-mit-Traktoren-den-Zugang-zum.jpg","contentUrl":"https:\/\/now-news.de\/de\/wp-content\/uploads\/sites\/3\/2024\/02\/EU-Sondergipfel-in-Bruessel-Bauern-blockieren-mit-Traktoren-den-Zugang-zum.jpg","width":460,"height":259,"caption":"EU-Sondergipfel in Br\u00fcssel: Bauern blockieren mit Traktoren den Zugang zum Europ\u00e4ischen Parlament"},{"@type":"BreadcrumbList","@id":"https:\/\/now-news.de\/de\/deutschland\/eu-sondergipfel-in-bruessel-bauern-blockieren-mit-traktoren-den-zugang-zum-europaeischen-parlament\/#breadcrumb","itemListElement":[{"@type":"ListItem","position":1,"name":"Home","item":"https:\/\/now-news.de\/de\/"},{"@type":"ListItem","position":2,"name":"EU-Sondergipfel in Br\u00fcssel: Bauern blockieren mit Traktoren den Zugang zum Europ\u00e4ischen Parlament"}]},{"@type":"WebSite","@id":"https:\/\/now-news.de\/de\/#website","url":"https:\/\/now-news.de\/de\/","name":"just-now.NEWS Deutschland","description":"Das Portal f\u00fcr unzensierte Nachrichten aus der Welt","publisher":{"@id":"https:\/\/now-news.de\/de\/#organization"},"potentialAction":[{"@type":"SearchAction","target":{"@type":"EntryPoint","urlTemplate":"https:\/\/now-news.de\/de\/?s={search_term_string}"},"query-input":"required name=search_term_string"}],"inLanguage":"de"},{"@type":"Organization","@id":"https:\/\/now-news.de\/de\/#organization","name":"Just Now News","url":"https:\/\/now-news.de\/de\/","logo":{"@type":"ImageObject","inLanguage":"de","@id":"https:\/\/now-news.de\/de\/#\/schema\/logo\/image\/","url":"http:\/\/just-now.news\/de\/wp-content\/uploads\/sites\/3\/2022\/04\/logo500x500.jpg","contentUrl":"http:\/\/just-now.news\/de\/wp-content\/uploads\/sites\/3\/2022\/04\/logo500x500.jpg","width":500,"height":500,"caption":"Just Now News"},"image":{"@id":"https:\/\/now-news.de\/de\/#\/schema\/logo\/image\/"},"sameAs":["https:\/\/www.facebook.com\/wirmachenauf","https:\/\/x.com\/WirMachenAuf_de"]},{"@type":"Person","@id":"https:\/\/now-news.de\/de\/#\/schema\/person\/fb534a4e865501d8b3285208df34a9b5","name":"rtnews","image":{"@type":"ImageObject","inLanguage":"de","@id":"https:\/\/now-news.de\/de\/#\/schema\/person\/image\/","url":"https:\/\/secure.gravatar.com\/avatar\/82aafea7d8127119dd649515f56e2117?s=96&d=mm&r=g","contentUrl":"https:\/\/secure.gravatar.com\/avatar\/82aafea7d8127119dd649515f56e2117?s=96&d=mm&r=g","caption":"rtnews"},"url":"https:\/\/now-news.de\/de\/author\/rnews\/"}]}},"_links":{"self":[{"href":"https:\/\/now-news.de\/de\/wp-json\/wp\/v2\/posts\/54466"}],"collection":[{"href":"https:\/\/now-news.de\/de\/wp-json\/wp\/v2\/posts"}],"about":[{"href":"https:\/\/now-news.de\/de\/wp-json\/wp\/v2\/types\/post"}],"author":[{"embeddable":true,"href":"https:\/\/now-news.de\/de\/wp-json\/wp\/v2\/users\/3"}],"replies":[{"embeddable":true,"href":"https:\/\/now-news.de\/de\/wp-json\/wp\/v2\/comments?post=54466"}],"version-history":[{"count":0,"href":"https:\/\/now-news.de\/de\/wp-json\/wp\/v2\/posts\/54466\/revisions"}],"wp:featuredmedia":[{"embeddable":true,"href":"https:\/\/now-news.de\/de\/wp-json\/wp\/v2\/media\/54467"}],"wp:attachment":[{"href":"https:\/\/now-news.de\/de\/wp-json\/wp\/v2\/media?parent=54466"}],"wp:term":[{"taxonomy":"category","embeddable":true,"href":"https:\/\/now-news.de\/de\/wp-json\/wp\/v2\/categories?post=54466"},{"taxonomy":"post_tag","embeddable":true,"href":"https:\/\/now-news.de\/de\/wp-json\/wp\/v2\/tags?post=54466"}],"curies":[{"name":"wp","href":"https:\/\/api.w.org\/{rel}","templated":true}]}}