{"id":54410,"date":"2024-01-31T19:04:53","date_gmt":"2024-01-31T17:04:53","guid":{"rendered":"https:\/\/just-now.news\/de\/deutschland\/spekulationen-ueber-absetzung-ukrainischer-armeefuehrung-spannungen-zwischen-saluschny-und-selenskij\/"},"modified":"2024-01-31T19:04:53","modified_gmt":"2024-01-31T17:04:53","slug":"spekulationen-ueber-absetzung-ukrainischer-armeefuehrung-spannungen-zwischen-saluschny-und-selenskij","status":"publish","type":"post","link":"https:\/\/now-news.de\/de\/deutschland\/spekulationen-ueber-absetzung-ukrainischer-armeefuehrung-spannungen-zwischen-saluschny-und-selenskij\/","title":{"rendered":"Spekulationen \u00fcber Absetzung ukrainischer Armeef\u00fchrung: Spannungen zwischen Saluschny und Selenskij"},"content":{"rendered":"<p><img decoding=\"async\" src=\"http:\/\/just-now.news\/de\/wp-content\/uploads\/sites\/3\/2024\/01\/65ba32c0b480cc4b020b9243.jpg\" \/><\/p>\n<div class=\"Text-root Text-type_1 \">\n                Zwischen der ukrainischen Regierung und der Armeef\u00fchrung gibt es Spannungen. Experten sehen in dem Machtkampf eine &#8220;Trag\u00f6die f\u00fcr die Ukraine&#8221;. Im Falle eines R\u00fccktritts w\u00fcrde Saluschny automatisch zu einem politischen Schwergewicht.\n            <\/div>\n<p><\/p>\n<div class=\"Text-root Text-type_5 ArticleView-text ViewText-root \">\n<p>Die\u00a0Ukraine\u00a0k\u00e4mpft im zweiten Kriegswinter.\u00a0Derzeit sind die russischen Soldaten wieder auf dem Vormarsch. Eine gro\u00dfe ukrainische Gegenoffensive war im vergangenen Jahr krachend gescheitert. Im Zusammenhang mit diesen vergeblichen Bem\u00fchungen im Sommer 2023 gibt es nun erhebliche Spannungen zwischen der Regierung in Kiew und der ukrainischen Armeef\u00fchrung.<\/p>\n<p>In der Ukraine kursieren derzeit Berichte, wonach der ukrainische Pr\u00e4sident seinen Armeechef absetzen wolle. Verschiedene Medien berichten von solchen Pl\u00e4nen. Selenskij aber schweigt dazu.\u00a0Dass Selenskij\u00a0sich bisher nicht dazu ge\u00e4u\u00dfert hat, ist bemerkenswert. Immerhin hat er sich, seitdem die Ger\u00fcchte am Montagabend die Runde machten, bereits wieder zweimal mit seinen t\u00e4glichen Videoansprachen an die \u00d6ffentlichkeit gewandt.<\/p>\n<p>Ein neuer Bericht des Portals <em>ZN.ua<\/em> gibt eine m\u00f6gliche Erkl\u00e4rung f\u00fcr die Zuspitzung der letzten Tage. Demnach gab es am Montag ein Treffen zwischen Selenskij und Saluschny. Dabei habe der Pr\u00e4sident dem General dessen R\u00fccktritt nahegelegt. Saluschny habe angeblich darauf entgegnet, dass Selenskij selbst entscheiden k\u00f6nne, mit wem er zusammenarbeiten wolle. Saluschny habe jedoch daraufhin kein R\u00fccktrittsschreiben verfasst, und er habe auch gar nicht die Absicht, dies zu tun. Berichten zufolge soll bislang nur\u00a0das Eingreifen der USA und Gro\u00dfbritanniens\u00a0die tats\u00e4chliche Absetzung Saluschnys verhindert haben.\u00a0<\/p>\n<p>Der australische Milit\u00e4rexperte Mick Ryan sieht in dem Machtkampf eine &#8220;Trag\u00f6die f\u00fcr die Ukraine&#8221;: &#8220;Wenn diese Spekulationen weitergehen, k\u00f6nnte Saluschnys Beziehung zu Selenskij bald nicht mehr zu retten sein&#8221;, kommentiert er das Geschehen auf X:<\/p>\n<div class=\"EmbedBlock-root EmbedBlock-twitter\">\n<div class=\"TwitterEmbed\">\n<blockquote class=\"twitter-tweet lazyload\" data-twitter=\"twitter-tweet\">\n<p lang=\"en\" dir=\"ltr\">The past 48 hours have seen much speculation about President Zelenskyy having decided to remove General Zaluzhnyi from his appointment as Commander in Chief of the Ukrainian Armed Forces. Of course, this is not a new story. But what might be the implications? 1\/25 \ud83e\uddf5 <a rel=\"nofollow noopener\" target=\"_blank\" href=\"https:\/\/t.co\/dfQ0OirL9u\">pic.twitter.com\/dfQ0OirL9u<\/a><\/p>\n<p>\u2014 Mick Ryan, AM (@WarintheFuture) <a rel=\"nofollow noopener\" target=\"_blank\" href=\"https:\/\/twitter.com\/WarintheFuture\/status\/1752482925688582469?ref_src=twsrc%5Etfw\">January 31, 2024<\/a><\/p><\/blockquote>\n<\/div>\n<\/div>\n<p>Tats\u00e4chlich gilt General Saluschny im Land als &#8220;beliebt&#8221;. Nicht wenige Ukrainer sagen ihm neben den milit\u00e4rischen auch politische Ambitionen nach. Im November hatte der General einen\u00a0Gastbeitrag f\u00fcr den britischen <em>Economist<\/em> geschrieben. Darin verglich er die derzeitigen K\u00e4mpfe mit denen im Ersten Weltkrieg: Sie seien schwer und blutig, aber statisch, und das komme\u00a0Russland\u00a0zugute. &#8220;Es kann seine milit\u00e4rischen Kr\u00e4fte wiederaufbauen&#8221; und schlie\u00dflich wieder &#8220;die ukrainische Armee und den Staat selbst bedrohen&#8221;, meinte Saluschny.\u00a0Zudem verwendete er die Formulierung &#8220;Patt&#8221; f\u00fcr die Beschreibung der Lage an den Fronten. Der ukrainische Pr\u00e4sident Selenskij hatte diese Einsch\u00e4tzung harsch zur\u00fcckgewiesen.<\/p>\n<p>Vertraute aus der Luftwaffe im Verteidigungssektor der Ukraine sagen, dass der R\u00fccktritt des Oberbefehlshabers der Streitkr\u00e4fte unter den gegenw\u00e4rtigen Umst\u00e4nden nur noch eine Frage der Zeit sei.\u00a0Saluschnys R\u00fccktritt w\u00e4re aber nicht nur die Ersetzung eines Generals durch einen anderen: Er w\u00fcrde einen Versto\u00df gegen eine informelle Vereinbarung der ukrainischen Beh\u00f6rden mit der Gesellschaft darstellen, wonach die politische F\u00fchrung nicht dem Milit\u00e4r das K\u00e4mpfen beibringt und das Milit\u00e4r sich nicht in politische Angelegenheiten einmischt.\u00a0Im Falle eines R\u00fccktritts w\u00fcrde Saluschny automatisch zu einem politischen Schwergewicht, zum Favoriten aller Wahlen, egal wann diese stattfinden, kommentierte das die <em>BBC<\/em>.<\/p>\n<p><strong>Mehr zum Thema<\/strong> &#8211; <a rel=\"nofollow noopener\" target=\"_blank\" href=\"https:\/\/freeassange.rtde.life\/international\/190444-nach-gescheiterten-gegenoffensive-ukrainische-armee\/\">Trotz schwerer Verluste bei Gegenoffensive: Ukrainische Armee fordert 450.000 neue Soldaten<\/a><\/p>\n<div class=\"EmbedBlock-root EmbedBlock-externalVideo EmbedBlock-odysee\">\n<div class=\"VkEmbed\"><iframe class=\"lazyload\" data-src=\"https:\/\/odysee.com\/%24\/embed\/%40RTDE%3Ae%2FMacron--Europa-muss-in-der-Lage-sein%2C-die-Ukraine-auch-ohne-die-USA-voll-zu-unterst%C3%BCtzen%3Af\" frameborder=\"0\" width=\"853\" height=\"480\" allowfullscreen><\/iframe><\/div>\n<\/div>\n<\/div>\n<p><script async src=\"https:\/\/platform.twitter.com\/widgets.js\" charset=\"utf-8\"><\/script><br \/>\n<br \/><br \/>\n<br \/><a href=\"https:\/\/de.rt.com\/europa\/194575-berichte-ueber-absetzung-armeespitze-in\/\">Source link <\/a><\/p>\n","protected":false},"excerpt":{"rendered":"<p>Zwischen der ukrainischen Regierung und der Armeef\u00fchrung gibt es Spannungen. Experten sehen in dem Machtkampf eine &#8220;Trag\u00f6die f\u00fcr die Ukraine&#8221;. Im Falle eines R\u00fccktritts w\u00fcrde Saluschny automatisch zu einem politischen Schwergewicht. Die\u00a0Ukraine\u00a0k\u00e4mpft im zweiten Kriegswinter.\u00a0Derzeit sind die russischen Soldaten wieder auf dem Vormarsch. Eine gro\u00dfe ukrainische Gegenoffensive war im vergangenen Jahr krachend gescheitert. Im Zusammenhang [&hellip;]<\/p>\n","protected":false},"author":3,"featured_media":54411,"comment_status":"open","ping_status":"open","sticky":false,"template":"","format":"standard","meta":{"_yoast_indexnow_last_ping":["1706721027"],"wp_automatic_camp":["217"],"c6f353614400c9bc1266bb605058863e":["Spekulationen \u00fcber Absetzung ukrainischer Armeef\u00fchrung: Spannungen zwischen Saluschny und Selenskij"],"original_link":["https:\/\/de.rt.com\/europa\/194575-berichte-ueber-absetzung-armeespitze-in\/"],"_thumbnail_id":["54411"],"jnews_social_counter_last_update":["1777557199"],"_wptgpro_p2tg_sent2tg":["a:1:{i:23737;s:19:\"2024-01-31 19:11:37\";}"]},"categories":[19,23],"tags":[53031,53032,38976,6158,4832,28759,139,488,140,436],"yoast_head":"<!-- This site is optimized with the Yoast SEO Premium plugin v22.7 (Yoast SEO v22.7) - https:\/\/yoast.com\/wordpress\/plugins\/seo\/ -->\n<title>Spekulationen \u00fcber Absetzung ukrainischer Armeef\u00fchrung: Spannungen zwischen Saluschny und Selenskij - just-now.NEWS Deutschland<\/title>\n<meta name=\"robots\" content=\"index, follow, max-snippet:-1, max-image-preview:large, max-video-preview:-1\" \/>\n<link rel=\"canonical\" href=\"https:\/\/now-news.de\/de\/deutschland\/spekulationen-ueber-absetzung-ukrainischer-armeefuehrung-spannungen-zwischen-saluschny-und-selenskij\/\" \/>\n<meta property=\"og:locale\" content=\"de_DE\" \/>\n<meta property=\"og:type\" content=\"article\" \/>\n<meta property=\"og:title\" content=\"Spekulationen \u00fcber Absetzung ukrainischer Armeef\u00fchrung: Spannungen zwischen Saluschny und Selenskij\" \/>\n<meta property=\"og:description\" content=\"Zwischen der ukrainischen Regierung und der Armeef\u00fchrung gibt es Spannungen. Experten sehen in dem Machtkampf eine &#8220;Trag\u00f6die f\u00fcr die Ukraine&#8221;. Im Falle eines R\u00fccktritts w\u00fcrde Saluschny automatisch zu einem politischen Schwergewicht. Die\u00a0Ukraine\u00a0k\u00e4mpft im zweiten Kriegswinter.\u00a0Derzeit sind die russischen Soldaten wieder auf dem Vormarsch. Eine gro\u00dfe ukrainische Gegenoffensive war im vergangenen Jahr krachend gescheitert. Im Zusammenhang [&hellip;]\" \/>\n<meta property=\"og:url\" content=\"https:\/\/now-news.de\/de\/deutschland\/spekulationen-ueber-absetzung-ukrainischer-armeefuehrung-spannungen-zwischen-saluschny-und-selenskij\/\" \/>\n<meta property=\"og:site_name\" content=\"just-now.NEWS Deutschland\" \/>\n<meta property=\"article:publisher\" content=\"https:\/\/www.facebook.com\/wirmachenauf\" \/>\n<meta property=\"article:published_time\" content=\"2024-01-31T17:04:53+00:00\" \/>\n<meta property=\"og:image\" content=\"https:\/\/now-news.de\/de\/wp-content\/uploads\/sites\/3\/2024\/01\/Spekulationen-ueber-Absetzung-ukrainischer-Armeefuehrung-Spannungen-zwischen-Saluschny-und-Selenskij.jpg\" \/>\n\t<meta property=\"og:image:width\" content=\"460\" \/>\n\t<meta property=\"og:image:height\" content=\"259\" \/>\n\t<meta property=\"og:image:type\" content=\"image\/jpeg\" \/>\n<meta name=\"author\" content=\"rtnews\" \/>\n<meta name=\"twitter:card\" content=\"summary_large_image\" \/>\n<meta name=\"twitter:creator\" content=\"@WirMachenAuf_de\" \/>\n<meta name=\"twitter:site\" content=\"@WirMachenAuf_de\" \/>\n<meta name=\"twitter:label1\" content=\"Verfasst von\" \/>\n\t<meta name=\"twitter:data1\" content=\"rtnews\" \/>\n\t<meta name=\"twitter:label2\" content=\"Gesch\u00e4tzte Lesezeit\" \/>\n\t<meta name=\"twitter:data2\" content=\"3\u00a0Minuten\" \/>\n<script type=\"application\/ld+json\" class=\"yoast-schema-graph\">{\"@context\":\"https:\/\/schema.org\",\"@graph\":[{\"@type\":\"Article\",\"@id\":\"https:\/\/now-news.de\/de\/deutschland\/spekulationen-ueber-absetzung-ukrainischer-armeefuehrung-spannungen-zwischen-saluschny-und-selenskij\/#article\",\"isPartOf\":{\"@id\":\"https:\/\/now-news.de\/de\/deutschland\/spekulationen-ueber-absetzung-ukrainischer-armeefuehrung-spannungen-zwischen-saluschny-und-selenskij\/\"},\"author\":{\"name\":\"rtnews\",\"@id\":\"https:\/\/now-news.de\/de\/#\/schema\/person\/fb534a4e865501d8b3285208df34a9b5\"},\"headline\":\"Spekulationen \u00fcber Absetzung ukrainischer Armeef\u00fchrung: Spannungen zwischen Saluschny und Selenskij\",\"datePublished\":\"2024-01-31T17:04:53+00:00\",\"dateModified\":\"2024-01-31T17:04:53+00:00\",\"mainEntityOfPage\":{\"@id\":\"https:\/\/now-news.de\/de\/deutschland\/spekulationen-ueber-absetzung-ukrainischer-armeefuehrung-spannungen-zwischen-saluschny-und-selenskij\/\"},\"wordCount\":585,\"commentCount\":0,\"publisher\":{\"@id\":\"https:\/\/now-news.de\/de\/#organization\"},\"image\":{\"@id\":\"https:\/\/now-news.de\/de\/deutschland\/spekulationen-ueber-absetzung-ukrainischer-armeefuehrung-spannungen-zwischen-saluschny-und-selenskij\/#primaryimage\"},\"thumbnailUrl\":\"https:\/\/now-news.de\/de\/wp-content\/uploads\/sites\/3\/2024\/01\/Spekulationen-ueber-Absetzung-ukrainischer-Armeefuehrung-Spannungen-zwischen-Saluschny-und-Selenskij.jpg\",\"keywords\":[\"Absetzung\",\"Armeef\u00fchrung\",\"Saluschny\",\"Selenskij\",\"Spannungen\",\"Spekulationen\",\"\u00fcber\",\"Ukrainischer\",\"und\",\"zwischen\"],\"articleSection\":[\"Deutschland\",\"Russland\"],\"inLanguage\":\"de\",\"potentialAction\":[{\"@type\":\"CommentAction\",\"name\":\"Comment\",\"target\":[\"https:\/\/now-news.de\/de\/deutschland\/spekulationen-ueber-absetzung-ukrainischer-armeefuehrung-spannungen-zwischen-saluschny-und-selenskij\/#respond\"]}]},{\"@type\":\"WebPage\",\"@id\":\"https:\/\/now-news.de\/de\/deutschland\/spekulationen-ueber-absetzung-ukrainischer-armeefuehrung-spannungen-zwischen-saluschny-und-selenskij\/\",\"url\":\"https:\/\/now-news.de\/de\/deutschland\/spekulationen-ueber-absetzung-ukrainischer-armeefuehrung-spannungen-zwischen-saluschny-und-selenskij\/\",\"name\":\"Spekulationen \u00fcber Absetzung ukrainischer Armeef\u00fchrung: Spannungen zwischen Saluschny und Selenskij - just-now.NEWS Deutschland\",\"isPartOf\":{\"@id\":\"https:\/\/now-news.de\/de\/#website\"},\"primaryImageOfPage\":{\"@id\":\"https:\/\/now-news.de\/de\/deutschland\/spekulationen-ueber-absetzung-ukrainischer-armeefuehrung-spannungen-zwischen-saluschny-und-selenskij\/#primaryimage\"},\"image\":{\"@id\":\"https:\/\/now-news.de\/de\/deutschland\/spekulationen-ueber-absetzung-ukrainischer-armeefuehrung-spannungen-zwischen-saluschny-und-selenskij\/#primaryimage\"},\"thumbnailUrl\":\"https:\/\/now-news.de\/de\/wp-content\/uploads\/sites\/3\/2024\/01\/Spekulationen-ueber-Absetzung-ukrainischer-Armeefuehrung-Spannungen-zwischen-Saluschny-und-Selenskij.jpg\",\"datePublished\":\"2024-01-31T17:04:53+00:00\",\"dateModified\":\"2024-01-31T17:04:53+00:00\",\"breadcrumb\":{\"@id\":\"https:\/\/now-news.de\/de\/deutschland\/spekulationen-ueber-absetzung-ukrainischer-armeefuehrung-spannungen-zwischen-saluschny-und-selenskij\/#breadcrumb\"},\"inLanguage\":\"de\",\"potentialAction\":[{\"@type\":\"ReadAction\",\"target\":[\"https:\/\/now-news.de\/de\/deutschland\/spekulationen-ueber-absetzung-ukrainischer-armeefuehrung-spannungen-zwischen-saluschny-und-selenskij\/\"]}]},{\"@type\":\"ImageObject\",\"inLanguage\":\"de\",\"@id\":\"https:\/\/now-news.de\/de\/deutschland\/spekulationen-ueber-absetzung-ukrainischer-armeefuehrung-spannungen-zwischen-saluschny-und-selenskij\/#primaryimage\",\"url\":\"https:\/\/now-news.de\/de\/wp-content\/uploads\/sites\/3\/2024\/01\/Spekulationen-ueber-Absetzung-ukrainischer-Armeefuehrung-Spannungen-zwischen-Saluschny-und-Selenskij.jpg\",\"contentUrl\":\"https:\/\/now-news.de\/de\/wp-content\/uploads\/sites\/3\/2024\/01\/Spekulationen-ueber-Absetzung-ukrainischer-Armeefuehrung-Spannungen-zwischen-Saluschny-und-Selenskij.jpg\",\"width\":460,\"height\":259,\"caption\":\"Spekulationen \u00fcber Absetzung ukrainischer Armeef\u00fchrung: Spannungen zwischen Saluschny und Selenskij\"},{\"@type\":\"BreadcrumbList\",\"@id\":\"https:\/\/now-news.de\/de\/deutschland\/spekulationen-ueber-absetzung-ukrainischer-armeefuehrung-spannungen-zwischen-saluschny-und-selenskij\/#breadcrumb\",\"itemListElement\":[{\"@type\":\"ListItem\",\"position\":1,\"name\":\"Home\",\"item\":\"https:\/\/now-news.de\/de\/\"},{\"@type\":\"ListItem\",\"position\":2,\"name\":\"Spekulationen \u00fcber Absetzung ukrainischer Armeef\u00fchrung: Spannungen zwischen Saluschny und Selenskij\"}]},{\"@type\":\"WebSite\",\"@id\":\"https:\/\/now-news.de\/de\/#website\",\"url\":\"https:\/\/now-news.de\/de\/\",\"name\":\"just-now.NEWS Deutschland\",\"description\":\"Das Portal f\u00fcr unzensierte Nachrichten aus der Welt\",\"publisher\":{\"@id\":\"https:\/\/now-news.de\/de\/#organization\"},\"potentialAction\":[{\"@type\":\"SearchAction\",\"target\":{\"@type\":\"EntryPoint\",\"urlTemplate\":\"https:\/\/now-news.de\/de\/?s={search_term_string}\"},\"query-input\":\"required name=search_term_string\"}],\"inLanguage\":\"de\"},{\"@type\":\"Organization\",\"@id\":\"https:\/\/now-news.de\/de\/#organization\",\"name\":\"Just Now News\",\"url\":\"https:\/\/now-news.de\/de\/\",\"logo\":{\"@type\":\"ImageObject\",\"inLanguage\":\"de\",\"@id\":\"https:\/\/now-news.de\/de\/#\/schema\/logo\/image\/\",\"url\":\"http:\/\/just-now.news\/de\/wp-content\/uploads\/sites\/3\/2022\/04\/logo500x500.jpg\",\"contentUrl\":\"http:\/\/just-now.news\/de\/wp-content\/uploads\/sites\/3\/2022\/04\/logo500x500.jpg\",\"width\":500,\"height\":500,\"caption\":\"Just Now News\"},\"image\":{\"@id\":\"https:\/\/now-news.de\/de\/#\/schema\/logo\/image\/\"},\"sameAs\":[\"https:\/\/www.facebook.com\/wirmachenauf\",\"https:\/\/x.com\/WirMachenAuf_de\"]},{\"@type\":\"Person\",\"@id\":\"https:\/\/now-news.de\/de\/#\/schema\/person\/fb534a4e865501d8b3285208df34a9b5\",\"name\":\"rtnews\",\"image\":{\"@type\":\"ImageObject\",\"inLanguage\":\"de\",\"@id\":\"https:\/\/now-news.de\/de\/#\/schema\/person\/image\/\",\"url\":\"https:\/\/secure.gravatar.com\/avatar\/82aafea7d8127119dd649515f56e2117?s=96&d=mm&r=g\",\"contentUrl\":\"https:\/\/secure.gravatar.com\/avatar\/82aafea7d8127119dd649515f56e2117?s=96&d=mm&r=g\",\"caption\":\"rtnews\"},\"url\":\"https:\/\/now-news.de\/de\/author\/rnews\/\"}]}<\/script>\n<!-- \/ Yoast SEO Premium plugin. -->","yoast_head_json":{"title":"Spekulationen \u00fcber Absetzung ukrainischer Armeef\u00fchrung: Spannungen zwischen Saluschny und Selenskij - just-now.NEWS Deutschland","robots":{"index":"index","follow":"follow","max-snippet":"max-snippet:-1","max-image-preview":"max-image-preview:large","max-video-preview":"max-video-preview:-1"},"canonical":"https:\/\/now-news.de\/de\/deutschland\/spekulationen-ueber-absetzung-ukrainischer-armeefuehrung-spannungen-zwischen-saluschny-und-selenskij\/","og_locale":"de_DE","og_type":"article","og_title":"Spekulationen \u00fcber Absetzung ukrainischer Armeef\u00fchrung: Spannungen zwischen Saluschny und Selenskij","og_description":"Zwischen der ukrainischen Regierung und der Armeef\u00fchrung gibt es Spannungen. Experten sehen in dem Machtkampf eine &#8220;Trag\u00f6die f\u00fcr die Ukraine&#8221;. Im Falle eines R\u00fccktritts w\u00fcrde Saluschny automatisch zu einem politischen Schwergewicht. Die\u00a0Ukraine\u00a0k\u00e4mpft im zweiten Kriegswinter.\u00a0Derzeit sind die russischen Soldaten wieder auf dem Vormarsch. Eine gro\u00dfe ukrainische Gegenoffensive war im vergangenen Jahr krachend gescheitert. Im Zusammenhang [&hellip;]","og_url":"https:\/\/now-news.de\/de\/deutschland\/spekulationen-ueber-absetzung-ukrainischer-armeefuehrung-spannungen-zwischen-saluschny-und-selenskij\/","og_site_name":"just-now.NEWS Deutschland","article_publisher":"https:\/\/www.facebook.com\/wirmachenauf","article_published_time":"2024-01-31T17:04:53+00:00","og_image":[{"width":460,"height":259,"url":"https:\/\/now-news.de\/de\/wp-content\/uploads\/sites\/3\/2024\/01\/Spekulationen-ueber-Absetzung-ukrainischer-Armeefuehrung-Spannungen-zwischen-Saluschny-und-Selenskij.jpg","type":"image\/jpeg"}],"author":"rtnews","twitter_card":"summary_large_image","twitter_creator":"@WirMachenAuf_de","twitter_site":"@WirMachenAuf_de","twitter_misc":{"Verfasst von":"rtnews","Gesch\u00e4tzte Lesezeit":"3\u00a0Minuten"},"schema":{"@context":"https:\/\/schema.org","@graph":[{"@type":"Article","@id":"https:\/\/now-news.de\/de\/deutschland\/spekulationen-ueber-absetzung-ukrainischer-armeefuehrung-spannungen-zwischen-saluschny-und-selenskij\/#article","isPartOf":{"@id":"https:\/\/now-news.de\/de\/deutschland\/spekulationen-ueber-absetzung-ukrainischer-armeefuehrung-spannungen-zwischen-saluschny-und-selenskij\/"},"author":{"name":"rtnews","@id":"https:\/\/now-news.de\/de\/#\/schema\/person\/fb534a4e865501d8b3285208df34a9b5"},"headline":"Spekulationen \u00fcber Absetzung ukrainischer Armeef\u00fchrung: Spannungen zwischen Saluschny und Selenskij","datePublished":"2024-01-31T17:04:53+00:00","dateModified":"2024-01-31T17:04:53+00:00","mainEntityOfPage":{"@id":"https:\/\/now-news.de\/de\/deutschland\/spekulationen-ueber-absetzung-ukrainischer-armeefuehrung-spannungen-zwischen-saluschny-und-selenskij\/"},"wordCount":585,"commentCount":0,"publisher":{"@id":"https:\/\/now-news.de\/de\/#organization"},"image":{"@id":"https:\/\/now-news.de\/de\/deutschland\/spekulationen-ueber-absetzung-ukrainischer-armeefuehrung-spannungen-zwischen-saluschny-und-selenskij\/#primaryimage"},"thumbnailUrl":"https:\/\/now-news.de\/de\/wp-content\/uploads\/sites\/3\/2024\/01\/Spekulationen-ueber-Absetzung-ukrainischer-Armeefuehrung-Spannungen-zwischen-Saluschny-und-Selenskij.jpg","keywords":["Absetzung","Armeef\u00fchrung","Saluschny","Selenskij","Spannungen","Spekulationen","\u00fcber","Ukrainischer","und","zwischen"],"articleSection":["Deutschland","Russland"],"inLanguage":"de","potentialAction":[{"@type":"CommentAction","name":"Comment","target":["https:\/\/now-news.de\/de\/deutschland\/spekulationen-ueber-absetzung-ukrainischer-armeefuehrung-spannungen-zwischen-saluschny-und-selenskij\/#respond"]}]},{"@type":"WebPage","@id":"https:\/\/now-news.de\/de\/deutschland\/spekulationen-ueber-absetzung-ukrainischer-armeefuehrung-spannungen-zwischen-saluschny-und-selenskij\/","url":"https:\/\/now-news.de\/de\/deutschland\/spekulationen-ueber-absetzung-ukrainischer-armeefuehrung-spannungen-zwischen-saluschny-und-selenskij\/","name":"Spekulationen \u00fcber Absetzung ukrainischer Armeef\u00fchrung: Spannungen zwischen Saluschny und Selenskij - just-now.NEWS Deutschland","isPartOf":{"@id":"https:\/\/now-news.de\/de\/#website"},"primaryImageOfPage":{"@id":"https:\/\/now-news.de\/de\/deutschland\/spekulationen-ueber-absetzung-ukrainischer-armeefuehrung-spannungen-zwischen-saluschny-und-selenskij\/#primaryimage"},"image":{"@id":"https:\/\/now-news.de\/de\/deutschland\/spekulationen-ueber-absetzung-ukrainischer-armeefuehrung-spannungen-zwischen-saluschny-und-selenskij\/#primaryimage"},"thumbnailUrl":"https:\/\/now-news.de\/de\/wp-content\/uploads\/sites\/3\/2024\/01\/Spekulationen-ueber-Absetzung-ukrainischer-Armeefuehrung-Spannungen-zwischen-Saluschny-und-Selenskij.jpg","datePublished":"2024-01-31T17:04:53+00:00","dateModified":"2024-01-31T17:04:53+00:00","breadcrumb":{"@id":"https:\/\/now-news.de\/de\/deutschland\/spekulationen-ueber-absetzung-ukrainischer-armeefuehrung-spannungen-zwischen-saluschny-und-selenskij\/#breadcrumb"},"inLanguage":"de","potentialAction":[{"@type":"ReadAction","target":["https:\/\/now-news.de\/de\/deutschland\/spekulationen-ueber-absetzung-ukrainischer-armeefuehrung-spannungen-zwischen-saluschny-und-selenskij\/"]}]},{"@type":"ImageObject","inLanguage":"de","@id":"https:\/\/now-news.de\/de\/deutschland\/spekulationen-ueber-absetzung-ukrainischer-armeefuehrung-spannungen-zwischen-saluschny-und-selenskij\/#primaryimage","url":"https:\/\/now-news.de\/de\/wp-content\/uploads\/sites\/3\/2024\/01\/Spekulationen-ueber-Absetzung-ukrainischer-Armeefuehrung-Spannungen-zwischen-Saluschny-und-Selenskij.jpg","contentUrl":"https:\/\/now-news.de\/de\/wp-content\/uploads\/sites\/3\/2024\/01\/Spekulationen-ueber-Absetzung-ukrainischer-Armeefuehrung-Spannungen-zwischen-Saluschny-und-Selenskij.jpg","width":460,"height":259,"caption":"Spekulationen \u00fcber Absetzung ukrainischer Armeef\u00fchrung: Spannungen zwischen Saluschny und Selenskij"},{"@type":"BreadcrumbList","@id":"https:\/\/now-news.de\/de\/deutschland\/spekulationen-ueber-absetzung-ukrainischer-armeefuehrung-spannungen-zwischen-saluschny-und-selenskij\/#breadcrumb","itemListElement":[{"@type":"ListItem","position":1,"name":"Home","item":"https:\/\/now-news.de\/de\/"},{"@type":"ListItem","position":2,"name":"Spekulationen \u00fcber Absetzung ukrainischer Armeef\u00fchrung: Spannungen zwischen Saluschny und Selenskij"}]},{"@type":"WebSite","@id":"https:\/\/now-news.de\/de\/#website","url":"https:\/\/now-news.de\/de\/","name":"just-now.NEWS Deutschland","description":"Das Portal f\u00fcr unzensierte Nachrichten aus der Welt","publisher":{"@id":"https:\/\/now-news.de\/de\/#organization"},"potentialAction":[{"@type":"SearchAction","target":{"@type":"EntryPoint","urlTemplate":"https:\/\/now-news.de\/de\/?s={search_term_string}"},"query-input":"required name=search_term_string"}],"inLanguage":"de"},{"@type":"Organization","@id":"https:\/\/now-news.de\/de\/#organization","name":"Just Now News","url":"https:\/\/now-news.de\/de\/","logo":{"@type":"ImageObject","inLanguage":"de","@id":"https:\/\/now-news.de\/de\/#\/schema\/logo\/image\/","url":"http:\/\/just-now.news\/de\/wp-content\/uploads\/sites\/3\/2022\/04\/logo500x500.jpg","contentUrl":"http:\/\/just-now.news\/de\/wp-content\/uploads\/sites\/3\/2022\/04\/logo500x500.jpg","width":500,"height":500,"caption":"Just Now News"},"image":{"@id":"https:\/\/now-news.de\/de\/#\/schema\/logo\/image\/"},"sameAs":["https:\/\/www.facebook.com\/wirmachenauf","https:\/\/x.com\/WirMachenAuf_de"]},{"@type":"Person","@id":"https:\/\/now-news.de\/de\/#\/schema\/person\/fb534a4e865501d8b3285208df34a9b5","name":"rtnews","image":{"@type":"ImageObject","inLanguage":"de","@id":"https:\/\/now-news.de\/de\/#\/schema\/person\/image\/","url":"https:\/\/secure.gravatar.com\/avatar\/82aafea7d8127119dd649515f56e2117?s=96&d=mm&r=g","contentUrl":"https:\/\/secure.gravatar.com\/avatar\/82aafea7d8127119dd649515f56e2117?s=96&d=mm&r=g","caption":"rtnews"},"url":"https:\/\/now-news.de\/de\/author\/rnews\/"}]}},"_links":{"self":[{"href":"https:\/\/now-news.de\/de\/wp-json\/wp\/v2\/posts\/54410"}],"collection":[{"href":"https:\/\/now-news.de\/de\/wp-json\/wp\/v2\/posts"}],"about":[{"href":"https:\/\/now-news.de\/de\/wp-json\/wp\/v2\/types\/post"}],"author":[{"embeddable":true,"href":"https:\/\/now-news.de\/de\/wp-json\/wp\/v2\/users\/3"}],"replies":[{"embeddable":true,"href":"https:\/\/now-news.de\/de\/wp-json\/wp\/v2\/comments?post=54410"}],"version-history":[{"count":0,"href":"https:\/\/now-news.de\/de\/wp-json\/wp\/v2\/posts\/54410\/revisions"}],"wp:featuredmedia":[{"embeddable":true,"href":"https:\/\/now-news.de\/de\/wp-json\/wp\/v2\/media\/54411"}],"wp:attachment":[{"href":"https:\/\/now-news.de\/de\/wp-json\/wp\/v2\/media?parent=54410"}],"wp:term":[{"taxonomy":"category","embeddable":true,"href":"https:\/\/now-news.de\/de\/wp-json\/wp\/v2\/categories?post=54410"},{"taxonomy":"post_tag","embeddable":true,"href":"https:\/\/now-news.de\/de\/wp-json\/wp\/v2\/tags?post=54410"}],"curies":[{"name":"wp","href":"https:\/\/api.w.org\/{rel}","templated":true}]}}