{"id":54378,"date":"2024-01-31T14:03:09","date_gmt":"2024-01-31T12:03:09","guid":{"rendered":"https:\/\/just-now.news\/de\/deutschland\/kuenstliche-intelligenz-bundesregierung-stimmt-eu-massenueberwachungsgesetz-durch-ai-act-zu\/"},"modified":"2024-01-31T14:03:09","modified_gmt":"2024-01-31T12:03:09","slug":"kuenstliche-intelligenz-bundesregierung-stimmt-eu-massenueberwachungsgesetz-durch-ai-act-zu","status":"publish","type":"post","link":"https:\/\/now-news.de\/de\/deutschland\/kuenstliche-intelligenz-bundesregierung-stimmt-eu-massenueberwachungsgesetz-durch-ai-act-zu\/","title":{"rendered":"K\u00fcnstliche Intelligenz: Bundesregierung stimmt EU-Massen\u00fcberwachungsgesetz durch &quot;AI Act&quot; zu"},"content":{"rendered":"<p><img decoding=\"async\" src=\"http:\/\/just-now.news\/de\/wp-content\/uploads\/sites\/3\/2024\/01\/65ba2510b480cc4c0b452d3f.jpg\" \/><\/p>\n<div class=\"Text-root Text-type_1 \">\n                Zuletzt hatte es noch Bedenken gegeben. Jetzt hat sich die deutsche Bundesregierung angeblich &#8220;per Kompromiss&#8221; auf ihre Zustimmung zum geplanten EU-Gesetz zur K\u00fcnstlichen Intelligenz geeinigt. Man wolle am Freitag zun\u00e4chst zustimmen und &#8220;offene Fragen&#8221; erst anschlie\u00dfend bei der EU-Kommission vortragen.\n            <\/div>\n<p><\/p>\n<div class=\"Text-root Text-type_5 ArticleView-text ViewText-root \">\n<p>Am kommenden Freitag soll in Br\u00fcssel das neue Gesetzespaket zur K\u00fcnstlichen Intelligenz (KI oder AI f\u00fcr Artificial Intelligence) beschlossen werden. Nachdem die FDP zuvor noch Bedenken ge\u00e4u\u00dfert hatte, wollen jetzt auch die Freien Demokraten dem sogenannten &#8220;AI Act&#8221; zustimmen. Damit wird auch die Bundesregierung in die geplante EU-Gesetzgebung zur K\u00fcnstlichen Intelligenz einwilligen. Wie <em>Der Spiegel<\/em>\u00a0<a rel=\"nofollow noopener\" target=\"_blank\" href=\"https:\/\/www.spiegel.de\/netzwelt\/netzpolitik\/ai-act-bundesregierung-will-europaeischem-ki-gesetz-doch-zustimmen-a-86cfff74-6d38-45f3-a772-ef65dff6e95f\">berichtete<\/a>, soll das Bundesministerium f\u00fcr Wirtschaft und Klimaschutz am Dienstag in einer Pressemitteilung bekannt gegeben haben, dass die Bundesregierung der KI-Verordnung jetzt zustimme.<\/p>\n<p><em>Der Spiegel<\/em> bewertete das so, als h\u00e4tte Deutschland ansonsten die gesamte westliche Welt in der Entwicklung der K\u00fcnstlichen Intelligenz (KI) behindert. Die Redaktion kommentierte die Presseerkl\u00e4rung des Wirtschaftsministeriums fast so, als w\u00e4re sie \u00fcber die Entscheidung der Regierung erleichtert und als handele es sich dabei um eine gemeinsame Entscheidung der deutschen Bev\u00f6lkerung:\u00a0<\/p>\n<blockquote>\n<p><em>&#8220;Deutschland will dem ersten umfassenden Gesetzespaket zu k\u00fcnstlicher Intelligenz in der westlichen Welt nicht im Weg stehen.&#8221;<\/em><\/p>\n<\/blockquote>\n<p>Der Bundeswirtschaftsminister Robert Habeck lobte ausdr\u00fccklich den Einsatz Deutschlands f\u00fcr eine &#8220;vertrauensw\u00fcrdige&#8221; K\u00fcnstliche Intelligenz: &#8220;Mit der deutschen Zustimmung zur KI-Verordnung setzen wir uns f\u00fcr Rechtssicherheit und vertrauensw\u00fcrdige KI made in Europe ein.&#8221; Der Bundesminister der Justiz Marco Buschmann (FDP) hob den sicheren Rechtsrahmen und die angemessenen Risiken bei der Anwendung hervor: &#8220;Mit der europ\u00e4ischen KI-Verordnung machen wir den Weg frei f\u00fcr einen sicheren Rechtsrahmen f\u00fcr k\u00fcnstliche Intelligenz, der Innovationen f\u00f6rdert und gleichzeitig Risiken in der Anwendung angemessen adressiert.&#8221;<\/p>\n<p>Bis Mitte Januar soll insbesondere von der FDP und so auch seitens des Bundesministeriums f\u00fcr Digitales und Verkehr unter Volker Wissing noch Widerstand gegen das geplante Gesetz gegeben haben. Schlie\u00dflich hatte der B\u00fcrgerrechtsaktivist, Journalist und Unternehmer Matthias Spielkamp zuletzt noch im Dezember das geplante Gesetz als <a rel=\"nofollow noopener\" target=\"_blank\" href=\"https:\/\/www.spiegel.de\/netzwelt\/netzpolitik\/matthias-spielkamp-zum-ki-gesetz-riesenschritt-in-eine-ueberwachungsgesellschaft-a-4802b72c-dcfa-4c83-80f0-81111bf7891b\">Riesenschritt in eine \u00dcberwachungsgesellschaft<\/a> bezeichnet. Insbesondere der massive Einsatz von Gesichtserkennung werde zu Menschenrechtsverst\u00f6\u00dfen f\u00fchren, hatte Spielkamp gewarnt.<\/p>\n<p>Nach Informationen beim <em>Spiegel<\/em> habe aber am Dienstag &#8220;eine Runde der Staatssekret\u00e4rinnen und Staatssekret\u00e4re einen Kompromiss gefunden&#8221;. Entsprechend dieses Kompromisses werde Deutschland dem EU-Gesetzespaket am Freitag zustimmen. Aber gleichzeitig w\u00fcrde die &#8220;Ampel&#8221;-Regierung die EU-Kommission dazu auffordern, nach der Ratifizierung des EU-Gesetzes noch offene Fragen hinsichtlich der Anwendung der KI zu kl\u00e4ren. Mittlerweile tendiere auch Frankreich zu einer Akzeptanz des geplanten &#8220;europ\u00e4ischen&#8221; KI-Gesetzes.<\/p>\n<p>F\u00fcr den fraktionslosen EU-Abgeordneten <a rel=\"nofollow noopener\" target=\"_blank\" href=\"https:\/\/martinsonneborn.de\/\">Martin Sonneborn<\/a> soll mit dem &#8220;AI Act&#8221; die biometrische Massen\u00fcberwachung gesetzlich abgedeckt werden. Auf seinem X-Account <a rel=\"nofollow noopener\" target=\"_blank\" href=\"https:\/\/twitter.com\/MartinSonneborn\/status\/1750216479079801006\">schrieb Sonneborn dazu<\/a>:<\/p>\n<blockquote>\n<p><em>&#8220;EU-Kommission, Mitgliedsstaaten im Rat und alle (!) gr\u00f6\u00dferen Fraktionen des EU-Parlaments wollen ein KI-Gesetz einf\u00fchren, mit dem der \u00f6ffentliche Raum in Europa fl\u00e4chendeckend &amp; permanent unter biometrische Massen\u00fcberwachung gestellt werden kann.&#8221;<\/em><\/p>\n<\/blockquote>\n<p>Solche Massen\u00fcberwachung geh\u00f6re nicht zu einer liberalen Demokratie, warnt Sonneborn. In einer Demokratie sollte der Staat f\u00fcr die B\u00fcrger transparent sein und sollten nicht die B\u00fcrger immer mehr durch den Staat \u00fcberwacht werden. Deshalb fordere er umgehend die biometrische Massen\u00fcberwachung aller 40.000 EU-Bediensteten. Auch der SMS-Schriftverkehr von Frau von der Leyen und von Albert Bourla als CEO von Pfizer\u00a0m\u00fcsse fortan \u00fcberwacht werden:<\/p>\n<p>&#8220;Wir fordern daher die umgehende biometrische Massen\u00fcberwachung der 40.000 Bediensteten der Europ\u00e4ischen Union \u2013 v.a. nat\u00fcrlich die Frau von der Leyens und ihres Handys (inklusive des haushaltsrelevanten SMS-Verkehrs mit ihrem Kumpel Albert Bourla vom Potenzmittelhersteller Pfizer).&#8221;<\/p>\n<p><strong>Mehr zum Thema<\/strong> &#8211; <a rel=\"nofollow noopener\" target=\"_blank\" href=\"https:\/\/freedert.online\/inland\/192032-berlin-2021-who-global-hub\/\">Berlin als zuverl\u00e4ssiger Panikpartner: Erst WHO-Dependance, nun noch das WEF-Forum GovTech-Center<\/a><\/p>\n<\/div>\n<p><script async src=\"https:\/\/platform.twitter.com\/widgets.js\" charset=\"utf-8\"><\/script><br \/>\n<br \/><br \/>\n<br \/><a href=\"https:\/\/de.rt.com\/europa\/194579-bundesrepublik-stimmt-eu-massenueberwachungsgesetz-durch-ki-gesetz-zu\/\">Source link <\/a><\/p>\n","protected":false},"excerpt":{"rendered":"<p>Zuletzt hatte es noch Bedenken gegeben. Jetzt hat sich die deutsche Bundesregierung angeblich &#8220;per Kompromiss&#8221; auf ihre Zustimmung zum geplanten EU-Gesetz zur K\u00fcnstlichen Intelligenz geeinigt. Man wolle am Freitag zun\u00e4chst zustimmen und &#8220;offene Fragen&#8221; erst anschlie\u00dfend bei der EU-Kommission vortragen. Am kommenden Freitag soll in Br\u00fcssel das neue Gesetzespaket zur K\u00fcnstlichen Intelligenz (KI oder AI [&hellip;]<\/p>\n","protected":false},"author":3,"featured_media":54379,"comment_status":"open","ping_status":"open","sticky":false,"template":"","format":"standard","meta":{"_yoast_indexnow_last_ping":["1706702754"],"wp_automatic_camp":["217"],"2d3c1c1e59b139b5ddb1ee420f55ac76":["K\u00fcnstliche Intelligenz: Bundesregierung stimmt EU-Massen\u00fcberwachungsgesetz durch &quot;AI Act&quot; zu"],"original_link":["https:\/\/de.rt.com\/europa\/194579-bundesrepublik-stimmt-eu-massenueberwachungsgesetz-durch-ki-gesetz-zu\/"],"_thumbnail_id":["54379"],"_wptgpro_p2tg_sent2tg":["a:1:{i:23737;s:19:\"2024-01-31 14:07:30\";}"],"jnews_social_counter_last_update":["1777379804"]},"categories":[19,23],"tags":[35603,3807,1024,53014,775,774,53015,12453],"yoast_head":"<!-- This site is optimized with the Yoast SEO Premium plugin v22.7 (Yoast SEO v22.7) - https:\/\/yoast.com\/wordpress\/plugins\/seo\/ -->\n<title>K\u00fcnstliche Intelligenz: Bundesregierung stimmt EU-Massen\u00fcberwachungsgesetz durch &quot;AI Act&quot; zu - just-now.NEWS Deutschland<\/title>\n<meta name=\"robots\" content=\"index, follow, max-snippet:-1, max-image-preview:large, max-video-preview:-1\" \/>\n<link rel=\"canonical\" href=\"https:\/\/now-news.de\/de\/deutschland\/kuenstliche-intelligenz-bundesregierung-stimmt-eu-massenueberwachungsgesetz-durch-ai-act-zu\/\" \/>\n<meta property=\"og:locale\" content=\"de_DE\" \/>\n<meta property=\"og:type\" content=\"article\" \/>\n<meta property=\"og:title\" content=\"K\u00fcnstliche Intelligenz: Bundesregierung stimmt EU-Massen\u00fcberwachungsgesetz durch &quot;AI Act&quot; zu\" \/>\n<meta property=\"og:description\" content=\"Zuletzt hatte es noch Bedenken gegeben. Jetzt hat sich die deutsche Bundesregierung angeblich &#8220;per Kompromiss&#8221; auf ihre Zustimmung zum geplanten EU-Gesetz zur K\u00fcnstlichen Intelligenz geeinigt. Man wolle am Freitag zun\u00e4chst zustimmen und &#8220;offene Fragen&#8221; erst anschlie\u00dfend bei der EU-Kommission vortragen. Am kommenden Freitag soll in Br\u00fcssel das neue Gesetzespaket zur K\u00fcnstlichen Intelligenz (KI oder AI [&hellip;]\" \/>\n<meta property=\"og:url\" content=\"https:\/\/now-news.de\/de\/deutschland\/kuenstliche-intelligenz-bundesregierung-stimmt-eu-massenueberwachungsgesetz-durch-ai-act-zu\/\" \/>\n<meta property=\"og:site_name\" content=\"just-now.NEWS Deutschland\" \/>\n<meta property=\"article:publisher\" content=\"https:\/\/www.facebook.com\/wirmachenauf\" \/>\n<meta property=\"article:published_time\" content=\"2024-01-31T12:03:09+00:00\" \/>\n<meta property=\"og:image\" content=\"https:\/\/now-news.de\/de\/wp-content\/uploads\/sites\/3\/2024\/01\/Kuenstliche-Intelligenz-Bundesregierung-stimmt-EU-Massenueberwachungsgesetz-durch-quotAI-Actquot-zu.jpg\" \/>\n\t<meta property=\"og:image:width\" content=\"460\" \/>\n\t<meta property=\"og:image:height\" content=\"259\" \/>\n\t<meta property=\"og:image:type\" content=\"image\/jpeg\" \/>\n<meta name=\"author\" content=\"rtnews\" \/>\n<meta name=\"twitter:card\" content=\"summary_large_image\" \/>\n<meta name=\"twitter:creator\" content=\"@WirMachenAuf_de\" \/>\n<meta name=\"twitter:site\" content=\"@WirMachenAuf_de\" \/>\n<meta name=\"twitter:label1\" content=\"Verfasst von\" \/>\n\t<meta name=\"twitter:data1\" content=\"rtnews\" \/>\n\t<meta name=\"twitter:label2\" content=\"Gesch\u00e4tzte Lesezeit\" \/>\n\t<meta name=\"twitter:data2\" content=\"3\u00a0Minuten\" \/>\n<script type=\"application\/ld+json\" class=\"yoast-schema-graph\">{\"@context\":\"https:\/\/schema.org\",\"@graph\":[{\"@type\":\"Article\",\"@id\":\"https:\/\/now-news.de\/de\/deutschland\/kuenstliche-intelligenz-bundesregierung-stimmt-eu-massenueberwachungsgesetz-durch-ai-act-zu\/#article\",\"isPartOf\":{\"@id\":\"https:\/\/now-news.de\/de\/deutschland\/kuenstliche-intelligenz-bundesregierung-stimmt-eu-massenueberwachungsgesetz-durch-ai-act-zu\/\"},\"author\":{\"name\":\"rtnews\",\"@id\":\"https:\/\/now-news.de\/de\/#\/schema\/person\/fb534a4e865501d8b3285208df34a9b5\"},\"headline\":\"K\u00fcnstliche Intelligenz: Bundesregierung stimmt EU-Massen\u00fcberwachungsgesetz durch &quot;AI Act&quot; zu\",\"datePublished\":\"2024-01-31T12:03:09+00:00\",\"dateModified\":\"2024-01-31T12:03:09+00:00\",\"mainEntityOfPage\":{\"@id\":\"https:\/\/now-news.de\/de\/deutschland\/kuenstliche-intelligenz-bundesregierung-stimmt-eu-massenueberwachungsgesetz-durch-ai-act-zu\/\"},\"wordCount\":627,\"commentCount\":0,\"publisher\":{\"@id\":\"https:\/\/now-news.de\/de\/#organization\"},\"image\":{\"@id\":\"https:\/\/now-news.de\/de\/deutschland\/kuenstliche-intelligenz-bundesregierung-stimmt-eu-massenueberwachungsgesetz-durch-ai-act-zu\/#primaryimage\"},\"thumbnailUrl\":\"https:\/\/now-news.de\/de\/wp-content\/uploads\/sites\/3\/2024\/01\/Kuenstliche-Intelligenz-Bundesregierung-stimmt-EU-Massenueberwachungsgesetz-durch-quotAI-Actquot-zu.jpg\",\"keywords\":[\"Actquot\",\"Bundesregierung\",\"durch\",\"EUMassen\u00fcberwachungsgesetz\",\"Intelligenz\",\"K\u00fcnstliche\",\"quotAI\",\"stimmt\"],\"articleSection\":[\"Deutschland\",\"Russland\"],\"inLanguage\":\"de\",\"potentialAction\":[{\"@type\":\"CommentAction\",\"name\":\"Comment\",\"target\":[\"https:\/\/now-news.de\/de\/deutschland\/kuenstliche-intelligenz-bundesregierung-stimmt-eu-massenueberwachungsgesetz-durch-ai-act-zu\/#respond\"]}]},{\"@type\":\"WebPage\",\"@id\":\"https:\/\/now-news.de\/de\/deutschland\/kuenstliche-intelligenz-bundesregierung-stimmt-eu-massenueberwachungsgesetz-durch-ai-act-zu\/\",\"url\":\"https:\/\/now-news.de\/de\/deutschland\/kuenstliche-intelligenz-bundesregierung-stimmt-eu-massenueberwachungsgesetz-durch-ai-act-zu\/\",\"name\":\"K\u00fcnstliche Intelligenz: Bundesregierung stimmt EU-Massen\u00fcberwachungsgesetz durch &quot;AI Act&quot; zu - just-now.NEWS Deutschland\",\"isPartOf\":{\"@id\":\"https:\/\/now-news.de\/de\/#website\"},\"primaryImageOfPage\":{\"@id\":\"https:\/\/now-news.de\/de\/deutschland\/kuenstliche-intelligenz-bundesregierung-stimmt-eu-massenueberwachungsgesetz-durch-ai-act-zu\/#primaryimage\"},\"image\":{\"@id\":\"https:\/\/now-news.de\/de\/deutschland\/kuenstliche-intelligenz-bundesregierung-stimmt-eu-massenueberwachungsgesetz-durch-ai-act-zu\/#primaryimage\"},\"thumbnailUrl\":\"https:\/\/now-news.de\/de\/wp-content\/uploads\/sites\/3\/2024\/01\/Kuenstliche-Intelligenz-Bundesregierung-stimmt-EU-Massenueberwachungsgesetz-durch-quotAI-Actquot-zu.jpg\",\"datePublished\":\"2024-01-31T12:03:09+00:00\",\"dateModified\":\"2024-01-31T12:03:09+00:00\",\"breadcrumb\":{\"@id\":\"https:\/\/now-news.de\/de\/deutschland\/kuenstliche-intelligenz-bundesregierung-stimmt-eu-massenueberwachungsgesetz-durch-ai-act-zu\/#breadcrumb\"},\"inLanguage\":\"de\",\"potentialAction\":[{\"@type\":\"ReadAction\",\"target\":[\"https:\/\/now-news.de\/de\/deutschland\/kuenstliche-intelligenz-bundesregierung-stimmt-eu-massenueberwachungsgesetz-durch-ai-act-zu\/\"]}]},{\"@type\":\"ImageObject\",\"inLanguage\":\"de\",\"@id\":\"https:\/\/now-news.de\/de\/deutschland\/kuenstliche-intelligenz-bundesregierung-stimmt-eu-massenueberwachungsgesetz-durch-ai-act-zu\/#primaryimage\",\"url\":\"https:\/\/now-news.de\/de\/wp-content\/uploads\/sites\/3\/2024\/01\/Kuenstliche-Intelligenz-Bundesregierung-stimmt-EU-Massenueberwachungsgesetz-durch-quotAI-Actquot-zu.jpg\",\"contentUrl\":\"https:\/\/now-news.de\/de\/wp-content\/uploads\/sites\/3\/2024\/01\/Kuenstliche-Intelligenz-Bundesregierung-stimmt-EU-Massenueberwachungsgesetz-durch-quotAI-Actquot-zu.jpg\",\"width\":460,\"height\":259,\"caption\":\"K\u00fcnstliche Intelligenz: Bundesregierung stimmt EU-Massen\u00fcberwachungsgesetz durch &quot;AI Act&quot; zu\"},{\"@type\":\"BreadcrumbList\",\"@id\":\"https:\/\/now-news.de\/de\/deutschland\/kuenstliche-intelligenz-bundesregierung-stimmt-eu-massenueberwachungsgesetz-durch-ai-act-zu\/#breadcrumb\",\"itemListElement\":[{\"@type\":\"ListItem\",\"position\":1,\"name\":\"Home\",\"item\":\"https:\/\/now-news.de\/de\/\"},{\"@type\":\"ListItem\",\"position\":2,\"name\":\"K\u00fcnstliche Intelligenz: Bundesregierung stimmt EU-Massen\u00fcberwachungsgesetz durch &quot;AI Act&quot; zu\"}]},{\"@type\":\"WebSite\",\"@id\":\"https:\/\/now-news.de\/de\/#website\",\"url\":\"https:\/\/now-news.de\/de\/\",\"name\":\"just-now.NEWS Deutschland\",\"description\":\"Das Portal f\u00fcr unzensierte Nachrichten aus der Welt\",\"publisher\":{\"@id\":\"https:\/\/now-news.de\/de\/#organization\"},\"potentialAction\":[{\"@type\":\"SearchAction\",\"target\":{\"@type\":\"EntryPoint\",\"urlTemplate\":\"https:\/\/now-news.de\/de\/?s={search_term_string}\"},\"query-input\":\"required name=search_term_string\"}],\"inLanguage\":\"de\"},{\"@type\":\"Organization\",\"@id\":\"https:\/\/now-news.de\/de\/#organization\",\"name\":\"Just Now News\",\"url\":\"https:\/\/now-news.de\/de\/\",\"logo\":{\"@type\":\"ImageObject\",\"inLanguage\":\"de\",\"@id\":\"https:\/\/now-news.de\/de\/#\/schema\/logo\/image\/\",\"url\":\"http:\/\/just-now.news\/de\/wp-content\/uploads\/sites\/3\/2022\/04\/logo500x500.jpg\",\"contentUrl\":\"http:\/\/just-now.news\/de\/wp-content\/uploads\/sites\/3\/2022\/04\/logo500x500.jpg\",\"width\":500,\"height\":500,\"caption\":\"Just Now News\"},\"image\":{\"@id\":\"https:\/\/now-news.de\/de\/#\/schema\/logo\/image\/\"},\"sameAs\":[\"https:\/\/www.facebook.com\/wirmachenauf\",\"https:\/\/x.com\/WirMachenAuf_de\"]},{\"@type\":\"Person\",\"@id\":\"https:\/\/now-news.de\/de\/#\/schema\/person\/fb534a4e865501d8b3285208df34a9b5\",\"name\":\"rtnews\",\"image\":{\"@type\":\"ImageObject\",\"inLanguage\":\"de\",\"@id\":\"https:\/\/now-news.de\/de\/#\/schema\/person\/image\/\",\"url\":\"https:\/\/secure.gravatar.com\/avatar\/82aafea7d8127119dd649515f56e2117?s=96&d=mm&r=g\",\"contentUrl\":\"https:\/\/secure.gravatar.com\/avatar\/82aafea7d8127119dd649515f56e2117?s=96&d=mm&r=g\",\"caption\":\"rtnews\"},\"url\":\"https:\/\/now-news.de\/de\/author\/rnews\/\"}]}<\/script>\n<!-- \/ Yoast SEO Premium plugin. -->","yoast_head_json":{"title":"K\u00fcnstliche Intelligenz: Bundesregierung stimmt EU-Massen\u00fcberwachungsgesetz durch &quot;AI Act&quot; zu - just-now.NEWS Deutschland","robots":{"index":"index","follow":"follow","max-snippet":"max-snippet:-1","max-image-preview":"max-image-preview:large","max-video-preview":"max-video-preview:-1"},"canonical":"https:\/\/now-news.de\/de\/deutschland\/kuenstliche-intelligenz-bundesregierung-stimmt-eu-massenueberwachungsgesetz-durch-ai-act-zu\/","og_locale":"de_DE","og_type":"article","og_title":"K\u00fcnstliche Intelligenz: Bundesregierung stimmt EU-Massen\u00fcberwachungsgesetz durch &quot;AI Act&quot; zu","og_description":"Zuletzt hatte es noch Bedenken gegeben. Jetzt hat sich die deutsche Bundesregierung angeblich &#8220;per Kompromiss&#8221; auf ihre Zustimmung zum geplanten EU-Gesetz zur K\u00fcnstlichen Intelligenz geeinigt. Man wolle am Freitag zun\u00e4chst zustimmen und &#8220;offene Fragen&#8221; erst anschlie\u00dfend bei der EU-Kommission vortragen. Am kommenden Freitag soll in Br\u00fcssel das neue Gesetzespaket zur K\u00fcnstlichen Intelligenz (KI oder AI [&hellip;]","og_url":"https:\/\/now-news.de\/de\/deutschland\/kuenstliche-intelligenz-bundesregierung-stimmt-eu-massenueberwachungsgesetz-durch-ai-act-zu\/","og_site_name":"just-now.NEWS Deutschland","article_publisher":"https:\/\/www.facebook.com\/wirmachenauf","article_published_time":"2024-01-31T12:03:09+00:00","og_image":[{"width":460,"height":259,"url":"https:\/\/now-news.de\/de\/wp-content\/uploads\/sites\/3\/2024\/01\/Kuenstliche-Intelligenz-Bundesregierung-stimmt-EU-Massenueberwachungsgesetz-durch-quotAI-Actquot-zu.jpg","type":"image\/jpeg"}],"author":"rtnews","twitter_card":"summary_large_image","twitter_creator":"@WirMachenAuf_de","twitter_site":"@WirMachenAuf_de","twitter_misc":{"Verfasst von":"rtnews","Gesch\u00e4tzte Lesezeit":"3\u00a0Minuten"},"schema":{"@context":"https:\/\/schema.org","@graph":[{"@type":"Article","@id":"https:\/\/now-news.de\/de\/deutschland\/kuenstliche-intelligenz-bundesregierung-stimmt-eu-massenueberwachungsgesetz-durch-ai-act-zu\/#article","isPartOf":{"@id":"https:\/\/now-news.de\/de\/deutschland\/kuenstliche-intelligenz-bundesregierung-stimmt-eu-massenueberwachungsgesetz-durch-ai-act-zu\/"},"author":{"name":"rtnews","@id":"https:\/\/now-news.de\/de\/#\/schema\/person\/fb534a4e865501d8b3285208df34a9b5"},"headline":"K\u00fcnstliche Intelligenz: Bundesregierung stimmt EU-Massen\u00fcberwachungsgesetz durch &quot;AI Act&quot; zu","datePublished":"2024-01-31T12:03:09+00:00","dateModified":"2024-01-31T12:03:09+00:00","mainEntityOfPage":{"@id":"https:\/\/now-news.de\/de\/deutschland\/kuenstliche-intelligenz-bundesregierung-stimmt-eu-massenueberwachungsgesetz-durch-ai-act-zu\/"},"wordCount":627,"commentCount":0,"publisher":{"@id":"https:\/\/now-news.de\/de\/#organization"},"image":{"@id":"https:\/\/now-news.de\/de\/deutschland\/kuenstliche-intelligenz-bundesregierung-stimmt-eu-massenueberwachungsgesetz-durch-ai-act-zu\/#primaryimage"},"thumbnailUrl":"https:\/\/now-news.de\/de\/wp-content\/uploads\/sites\/3\/2024\/01\/Kuenstliche-Intelligenz-Bundesregierung-stimmt-EU-Massenueberwachungsgesetz-durch-quotAI-Actquot-zu.jpg","keywords":["Actquot","Bundesregierung","durch","EUMassen\u00fcberwachungsgesetz","Intelligenz","K\u00fcnstliche","quotAI","stimmt"],"articleSection":["Deutschland","Russland"],"inLanguage":"de","potentialAction":[{"@type":"CommentAction","name":"Comment","target":["https:\/\/now-news.de\/de\/deutschland\/kuenstliche-intelligenz-bundesregierung-stimmt-eu-massenueberwachungsgesetz-durch-ai-act-zu\/#respond"]}]},{"@type":"WebPage","@id":"https:\/\/now-news.de\/de\/deutschland\/kuenstliche-intelligenz-bundesregierung-stimmt-eu-massenueberwachungsgesetz-durch-ai-act-zu\/","url":"https:\/\/now-news.de\/de\/deutschland\/kuenstliche-intelligenz-bundesregierung-stimmt-eu-massenueberwachungsgesetz-durch-ai-act-zu\/","name":"K\u00fcnstliche Intelligenz: Bundesregierung stimmt EU-Massen\u00fcberwachungsgesetz durch &quot;AI Act&quot; zu - just-now.NEWS Deutschland","isPartOf":{"@id":"https:\/\/now-news.de\/de\/#website"},"primaryImageOfPage":{"@id":"https:\/\/now-news.de\/de\/deutschland\/kuenstliche-intelligenz-bundesregierung-stimmt-eu-massenueberwachungsgesetz-durch-ai-act-zu\/#primaryimage"},"image":{"@id":"https:\/\/now-news.de\/de\/deutschland\/kuenstliche-intelligenz-bundesregierung-stimmt-eu-massenueberwachungsgesetz-durch-ai-act-zu\/#primaryimage"},"thumbnailUrl":"https:\/\/now-news.de\/de\/wp-content\/uploads\/sites\/3\/2024\/01\/Kuenstliche-Intelligenz-Bundesregierung-stimmt-EU-Massenueberwachungsgesetz-durch-quotAI-Actquot-zu.jpg","datePublished":"2024-01-31T12:03:09+00:00","dateModified":"2024-01-31T12:03:09+00:00","breadcrumb":{"@id":"https:\/\/now-news.de\/de\/deutschland\/kuenstliche-intelligenz-bundesregierung-stimmt-eu-massenueberwachungsgesetz-durch-ai-act-zu\/#breadcrumb"},"inLanguage":"de","potentialAction":[{"@type":"ReadAction","target":["https:\/\/now-news.de\/de\/deutschland\/kuenstliche-intelligenz-bundesregierung-stimmt-eu-massenueberwachungsgesetz-durch-ai-act-zu\/"]}]},{"@type":"ImageObject","inLanguage":"de","@id":"https:\/\/now-news.de\/de\/deutschland\/kuenstliche-intelligenz-bundesregierung-stimmt-eu-massenueberwachungsgesetz-durch-ai-act-zu\/#primaryimage","url":"https:\/\/now-news.de\/de\/wp-content\/uploads\/sites\/3\/2024\/01\/Kuenstliche-Intelligenz-Bundesregierung-stimmt-EU-Massenueberwachungsgesetz-durch-quotAI-Actquot-zu.jpg","contentUrl":"https:\/\/now-news.de\/de\/wp-content\/uploads\/sites\/3\/2024\/01\/Kuenstliche-Intelligenz-Bundesregierung-stimmt-EU-Massenueberwachungsgesetz-durch-quotAI-Actquot-zu.jpg","width":460,"height":259,"caption":"K\u00fcnstliche Intelligenz: Bundesregierung stimmt EU-Massen\u00fcberwachungsgesetz durch &quot;AI Act&quot; zu"},{"@type":"BreadcrumbList","@id":"https:\/\/now-news.de\/de\/deutschland\/kuenstliche-intelligenz-bundesregierung-stimmt-eu-massenueberwachungsgesetz-durch-ai-act-zu\/#breadcrumb","itemListElement":[{"@type":"ListItem","position":1,"name":"Home","item":"https:\/\/now-news.de\/de\/"},{"@type":"ListItem","position":2,"name":"K\u00fcnstliche Intelligenz: Bundesregierung stimmt EU-Massen\u00fcberwachungsgesetz durch &quot;AI Act&quot; zu"}]},{"@type":"WebSite","@id":"https:\/\/now-news.de\/de\/#website","url":"https:\/\/now-news.de\/de\/","name":"just-now.NEWS Deutschland","description":"Das Portal f\u00fcr unzensierte Nachrichten aus der Welt","publisher":{"@id":"https:\/\/now-news.de\/de\/#organization"},"potentialAction":[{"@type":"SearchAction","target":{"@type":"EntryPoint","urlTemplate":"https:\/\/now-news.de\/de\/?s={search_term_string}"},"query-input":"required name=search_term_string"}],"inLanguage":"de"},{"@type":"Organization","@id":"https:\/\/now-news.de\/de\/#organization","name":"Just Now News","url":"https:\/\/now-news.de\/de\/","logo":{"@type":"ImageObject","inLanguage":"de","@id":"https:\/\/now-news.de\/de\/#\/schema\/logo\/image\/","url":"http:\/\/just-now.news\/de\/wp-content\/uploads\/sites\/3\/2022\/04\/logo500x500.jpg","contentUrl":"http:\/\/just-now.news\/de\/wp-content\/uploads\/sites\/3\/2022\/04\/logo500x500.jpg","width":500,"height":500,"caption":"Just Now News"},"image":{"@id":"https:\/\/now-news.de\/de\/#\/schema\/logo\/image\/"},"sameAs":["https:\/\/www.facebook.com\/wirmachenauf","https:\/\/x.com\/WirMachenAuf_de"]},{"@type":"Person","@id":"https:\/\/now-news.de\/de\/#\/schema\/person\/fb534a4e865501d8b3285208df34a9b5","name":"rtnews","image":{"@type":"ImageObject","inLanguage":"de","@id":"https:\/\/now-news.de\/de\/#\/schema\/person\/image\/","url":"https:\/\/secure.gravatar.com\/avatar\/82aafea7d8127119dd649515f56e2117?s=96&d=mm&r=g","contentUrl":"https:\/\/secure.gravatar.com\/avatar\/82aafea7d8127119dd649515f56e2117?s=96&d=mm&r=g","caption":"rtnews"},"url":"https:\/\/now-news.de\/de\/author\/rnews\/"}]}},"_links":{"self":[{"href":"https:\/\/now-news.de\/de\/wp-json\/wp\/v2\/posts\/54378"}],"collection":[{"href":"https:\/\/now-news.de\/de\/wp-json\/wp\/v2\/posts"}],"about":[{"href":"https:\/\/now-news.de\/de\/wp-json\/wp\/v2\/types\/post"}],"author":[{"embeddable":true,"href":"https:\/\/now-news.de\/de\/wp-json\/wp\/v2\/users\/3"}],"replies":[{"embeddable":true,"href":"https:\/\/now-news.de\/de\/wp-json\/wp\/v2\/comments?post=54378"}],"version-history":[{"count":0,"href":"https:\/\/now-news.de\/de\/wp-json\/wp\/v2\/posts\/54378\/revisions"}],"wp:featuredmedia":[{"embeddable":true,"href":"https:\/\/now-news.de\/de\/wp-json\/wp\/v2\/media\/54379"}],"wp:attachment":[{"href":"https:\/\/now-news.de\/de\/wp-json\/wp\/v2\/media?parent=54378"}],"wp:term":[{"taxonomy":"category","embeddable":true,"href":"https:\/\/now-news.de\/de\/wp-json\/wp\/v2\/categories?post=54378"},{"taxonomy":"post_tag","embeddable":true,"href":"https:\/\/now-news.de\/de\/wp-json\/wp\/v2\/tags?post=54378"}],"curies":[{"name":"wp","href":"https:\/\/api.w.org\/{rel}","templated":true}]}}