{"id":54360,"date":"2024-01-31T10:47:26","date_gmt":"2024-01-31T08:47:26","guid":{"rendered":"https:\/\/just-now.news\/de\/deutschland\/suedkorea-us-kampfjet-f-16-stuerzt-vor-der-kueste-ab\/"},"modified":"2024-01-31T10:47:26","modified_gmt":"2024-01-31T08:47:26","slug":"suedkorea-us-kampfjet-f-16-stuerzt-vor-der-kueste-ab","status":"publish","type":"post","link":"https:\/\/now-news.de\/de\/deutschland\/suedkorea-us-kampfjet-f-16-stuerzt-vor-der-kueste-ab\/","title":{"rendered":"S\u00fcdkorea: US-Kampfjet F-16 st\u00fcrzt vor der K\u00fcste ab"},"content":{"rendered":"<p><img decoding=\"async\" src=\"http:\/\/just-now.news\/de\/wp-content\/uploads\/sites\/3\/2024\/01\/65b9fd5e48fbef0d0476a9f4.png\" \/><\/p>\n<div class=\"Text-root Text-type_1 \">\n                Ein US-Kampfflugzeug vom Typ F-16 st\u00fcrzte am Mittwoch vor der Westk\u00fcste S\u00fcdkoreas ins Meer. Der Pilot konnte nach Bet\u00e4tigung des Schleudersitzes gerettet werden, wie eine in S\u00fcdkorea stationierte Einheit der US Air Force mitteilte.\n            <\/div>\n<p><\/p>\n<div class=\"Text-root Text-type_5 ArticleView-text ViewText-root \">\n<p>Ein US-Kampfflugzeug vom Typ F-16 von Lockheed Martin ist in die Gew\u00e4sser vor S\u00fcdkorea abgest\u00fcrzt, wie das US-Milit\u00e4r best\u00e4tigte. Dies ist der dritte Absturz eines US-Kampfjets in der Region in weniger als einem Jahr. Die Maschine st\u00fcrzte in die Gew\u00e4sser vor der K\u00fcste von Gunsan, S\u00fcdkorea, in der N\u00e4he der US Air Base Kunsan, berichtete die s\u00fcdkoreanische Nachrichtenagentur <em>Yonhap<\/em>.\u00a0In der Stadt Gunsan an der Westk\u00fcste befindet sich die Kunsan Air Base, einer der beiden wichtigsten St\u00fctzpunkte der US Air Force in S\u00fcdkorea.<\/p>\n<p>Die dem 8. Jagdgeschwader zugeh\u00f6rige F-16 &#8220;Fighting Falcon&#8221; erlitt nach ersten Ermittlungen zufolge \u00fcber dem Meer einen &#8220;Notfall w\u00e4hrend des Fluges&#8221; und st\u00fcrzte dann ab, wie die zust\u00e4ndige Einheit in einer <a rel=\"nofollow noopener\" target=\"_blank\" href=\"https:\/\/www.kunsan.af.mil\/-Wolf-Pack-News\/Press-Releases\/Article\/3661406\/f-16-crashes-near-kunsan-air-base\/\">Erkl\u00e4rung<\/a> mitteilte. Der Pilot, der sich mit dem Schleudersitz in Sicherheit brachte und etwa eine Stunde sp\u00e4ter gerettet wurde, war demnach noch bei Bewusstsein und wurde zur Untersuchung in eine medizinische Einrichtung gebracht.<\/p>\n<div class=\"EmbedBlock-root EmbedBlock-twitter\">\n<div class=\"TwitterEmbed\">\n<blockquote class=\"twitter-tweet lazyload\" data-twitter=\"twitter-tweet\">\n<p lang=\"zxx\" dir=\"ltr\"><a rel=\"nofollow noopener\" target=\"_blank\" href=\"https:\/\/t.co\/WKYj63YvnL\">pic.twitter.com\/WKYj63YvnL<\/a><\/p>\n<p>\u2014 8th Fighter Wing \u2014 Wolf Pack (@KunsanAirBase) <a rel=\"nofollow noopener\" target=\"_blank\" href=\"https:\/\/twitter.com\/KunsanAirBase\/status\/1752519530616902143?ref_src=twsrc%5Etfw\">January 31, 2024<\/a><\/p><\/blockquote>\n<\/div>\n<\/div>\n<p>Der Kommandeur des 8. Jagdgeschwaders, Oberst Matthew Gaetke, dankte &#8220;den s\u00fcdkoreanischen Rettungskr\u00e4ften&#8221;. So hei\u00dft es in der Mitteilung:<\/p>\n<p><em>&#8220;&#8216;Wir sind den Rettungskr\u00e4ften der Republik Korea und all unseren Kameraden, die die rasche Bergung unseres Piloten erm\u00f6glicht haben, sehr dankbar&#8217;, sagte Oberst Matthew C. Gaetke, Kommandeur des 8. Kampfgeschwaders. &#8216;Jetzt werden wir uns auf die Suche und Bergung des Flugzeugs konzentrieren.'&#8221;<\/em><\/p>\n<p>Der j\u00fcngste Absturz folgt auf \u00e4hnliche Vorf\u00e4lle in den letzten Monaten mit demselben Typ von US-Kampfflugzeugen. So st\u00fcrzte bereits im Dezember des Vorjahres eine andere F-16 w\u00e4hrend einer \u00dcbung \u00fcber dem Gelben Meer ab. Auch dieses Flugzeug war als Maschine des 8. US-Kampfgeschwaders in Kusan stationiert.\u00a0<\/p>\n<p>Im Mai 2023 war bereits eine F-16 in der N\u00e4he des Luftwaffenst\u00fctzpunkts Osan im Nordwesten S\u00fcdkoreas abgest\u00fcrzt. Die Beh\u00f6rden gaben nur wenige Einzelheiten \u00fcber diesen Vorfall bekannt, erkl\u00e4rten aber, dass der Pilot w\u00e4hrend des Unfalls einen Routine-Trainingsflug absolvierte und sich sicher aus dem Flugzeug retten konnte.<\/p>\n<p><strong>Mehr zum Thema &#8211;<\/strong>\u00a0<a rel=\"nofollow noopener\" target=\"_blank\" href=\"https:\/\/freedert.online\/asien\/191804-suedkorea-ordnet-evakuierung-von-insel\/\">S\u00fcdkorea ordnet Evakuierung von Insel wegen &#8220;Provokation&#8221; an<\/a><\/p>\n<\/div>\n<p><script async src=\"https:\/\/platform.twitter.com\/widgets.js\" charset=\"utf-8\"><\/script><br \/>\n<br \/><br \/>\n<br \/><a href=\"https:\/\/de.rt.com\/asien\/194556-us-kampfflugzeug-modell-f-16\/\">Source link <\/a><\/p>\n","protected":false},"excerpt":{"rendered":"<p>Ein US-Kampfflugzeug vom Typ F-16 st\u00fcrzte am Mittwoch vor der Westk\u00fcste S\u00fcdkoreas ins Meer. Der Pilot konnte nach Bet\u00e4tigung des Schleudersitzes gerettet werden, wie eine in S\u00fcdkorea stationierte Einheit der US Air Force mitteilte. Ein US-Kampfflugzeug vom Typ F-16 von Lockheed Martin ist in die Gew\u00e4sser vor S\u00fcdkorea abgest\u00fcrzt, wie das US-Milit\u00e4r best\u00e4tigte. Dies ist [&hellip;]<\/p>\n","protected":false},"author":3,"featured_media":54361,"comment_status":"open","ping_status":"open","sticky":false,"template":"","format":"standard","meta":{"_yoast_indexnow_last_ping":["1706693112"],"wp_automatic_camp":["217"],"25a688526d39627b58a20d46efc68fda":["S\u00fcdkorea: US-Kampfjet F-16 st\u00fcrzt vor der K\u00fcste ab"],"original_link":["https:\/\/de.rt.com\/asien\/194556-us-kampfflugzeug-modell-f-16\/"],"_thumbnail_id":["54361"],"_wptgpro_p2tg_sent2tg":["a:1:{i:23737;s:19:\"2024-01-31 11:26:15\";}"],"jnews_social_counter_last_update":["1777411697"]},"categories":[19,23],"tags":[82,26456,29086,24847,18576,40967,320],"yoast_head":"<!-- This site is optimized with the Yoast SEO Premium plugin v22.7 (Yoast SEO v22.7) - https:\/\/yoast.com\/wordpress\/plugins\/seo\/ -->\n<title>S\u00fcdkorea: US-Kampfjet F-16 st\u00fcrzt vor der K\u00fcste ab - just-now.NEWS Deutschland<\/title>\n<meta name=\"robots\" content=\"index, follow, max-snippet:-1, max-image-preview:large, max-video-preview:-1\" \/>\n<link rel=\"canonical\" href=\"https:\/\/now-news.de\/de\/deutschland\/suedkorea-us-kampfjet-f-16-stuerzt-vor-der-kueste-ab\/\" \/>\n<meta property=\"og:locale\" content=\"de_DE\" \/>\n<meta property=\"og:type\" content=\"article\" \/>\n<meta property=\"og:title\" content=\"S\u00fcdkorea: US-Kampfjet F-16 st\u00fcrzt vor der K\u00fcste ab\" \/>\n<meta property=\"og:description\" content=\"Ein US-Kampfflugzeug vom Typ F-16 st\u00fcrzte am Mittwoch vor der Westk\u00fcste S\u00fcdkoreas ins Meer. Der Pilot konnte nach Bet\u00e4tigung des Schleudersitzes gerettet werden, wie eine in S\u00fcdkorea stationierte Einheit der US Air Force mitteilte. Ein US-Kampfflugzeug vom Typ F-16 von Lockheed Martin ist in die Gew\u00e4sser vor S\u00fcdkorea abgest\u00fcrzt, wie das US-Milit\u00e4r best\u00e4tigte. Dies ist [&hellip;]\" \/>\n<meta property=\"og:url\" content=\"https:\/\/now-news.de\/de\/deutschland\/suedkorea-us-kampfjet-f-16-stuerzt-vor-der-kueste-ab\/\" \/>\n<meta property=\"og:site_name\" content=\"just-now.NEWS Deutschland\" \/>\n<meta property=\"article:publisher\" content=\"https:\/\/www.facebook.com\/wirmachenauf\" \/>\n<meta property=\"article:published_time\" content=\"2024-01-31T08:47:26+00:00\" \/>\n<meta property=\"og:image\" content=\"https:\/\/now-news.de\/de\/wp-content\/uploads\/sites\/3\/2024\/01\/Suedkorea-US-Kampfjet-F-16-stuerzt-vor-der-Kueste-ab.png\" \/>\n\t<meta property=\"og:image:width\" content=\"460\" \/>\n\t<meta property=\"og:image:height\" content=\"259\" \/>\n\t<meta property=\"og:image:type\" content=\"image\/png\" \/>\n<meta name=\"author\" content=\"rtnews\" \/>\n<meta name=\"twitter:card\" content=\"summary_large_image\" \/>\n<meta name=\"twitter:creator\" content=\"@WirMachenAuf_de\" \/>\n<meta name=\"twitter:site\" content=\"@WirMachenAuf_de\" \/>\n<meta name=\"twitter:label1\" content=\"Verfasst von\" \/>\n\t<meta name=\"twitter:data1\" content=\"rtnews\" \/>\n\t<meta name=\"twitter:label2\" content=\"Gesch\u00e4tzte Lesezeit\" \/>\n\t<meta name=\"twitter:data2\" content=\"2\u00a0Minuten\" \/>\n<script type=\"application\/ld+json\" class=\"yoast-schema-graph\">{\"@context\":\"https:\/\/schema.org\",\"@graph\":[{\"@type\":\"Article\",\"@id\":\"https:\/\/now-news.de\/de\/deutschland\/suedkorea-us-kampfjet-f-16-stuerzt-vor-der-kueste-ab\/#article\",\"isPartOf\":{\"@id\":\"https:\/\/now-news.de\/de\/deutschland\/suedkorea-us-kampfjet-f-16-stuerzt-vor-der-kueste-ab\/\"},\"author\":{\"name\":\"rtnews\",\"@id\":\"https:\/\/now-news.de\/de\/#\/schema\/person\/fb534a4e865501d8b3285208df34a9b5\"},\"headline\":\"S\u00fcdkorea: US-Kampfjet F-16 st\u00fcrzt vor der K\u00fcste ab\",\"datePublished\":\"2024-01-31T08:47:26+00:00\",\"dateModified\":\"2024-01-31T08:47:26+00:00\",\"mainEntityOfPage\":{\"@id\":\"https:\/\/now-news.de\/de\/deutschland\/suedkorea-us-kampfjet-f-16-stuerzt-vor-der-kueste-ab\/\"},\"wordCount\":408,\"commentCount\":0,\"publisher\":{\"@id\":\"https:\/\/now-news.de\/de\/#organization\"},\"image\":{\"@id\":\"https:\/\/now-news.de\/de\/deutschland\/suedkorea-us-kampfjet-f-16-stuerzt-vor-der-kueste-ab\/#primaryimage\"},\"thumbnailUrl\":\"https:\/\/now-news.de\/de\/wp-content\/uploads\/sites\/3\/2024\/01\/Suedkorea-US-Kampfjet-F-16-stuerzt-vor-der-Kueste-ab.png\",\"keywords\":[\"der\",\"F16\",\"K\u00fcste\",\"st\u00fcrzt\",\"S\u00fcdkorea\",\"USKampfjet\",\"vor\"],\"articleSection\":[\"Deutschland\",\"Russland\"],\"inLanguage\":\"de\",\"potentialAction\":[{\"@type\":\"CommentAction\",\"name\":\"Comment\",\"target\":[\"https:\/\/now-news.de\/de\/deutschland\/suedkorea-us-kampfjet-f-16-stuerzt-vor-der-kueste-ab\/#respond\"]}]},{\"@type\":\"WebPage\",\"@id\":\"https:\/\/now-news.de\/de\/deutschland\/suedkorea-us-kampfjet-f-16-stuerzt-vor-der-kueste-ab\/\",\"url\":\"https:\/\/now-news.de\/de\/deutschland\/suedkorea-us-kampfjet-f-16-stuerzt-vor-der-kueste-ab\/\",\"name\":\"S\u00fcdkorea: US-Kampfjet F-16 st\u00fcrzt vor der K\u00fcste ab - just-now.NEWS Deutschland\",\"isPartOf\":{\"@id\":\"https:\/\/now-news.de\/de\/#website\"},\"primaryImageOfPage\":{\"@id\":\"https:\/\/now-news.de\/de\/deutschland\/suedkorea-us-kampfjet-f-16-stuerzt-vor-der-kueste-ab\/#primaryimage\"},\"image\":{\"@id\":\"https:\/\/now-news.de\/de\/deutschland\/suedkorea-us-kampfjet-f-16-stuerzt-vor-der-kueste-ab\/#primaryimage\"},\"thumbnailUrl\":\"https:\/\/now-news.de\/de\/wp-content\/uploads\/sites\/3\/2024\/01\/Suedkorea-US-Kampfjet-F-16-stuerzt-vor-der-Kueste-ab.png\",\"datePublished\":\"2024-01-31T08:47:26+00:00\",\"dateModified\":\"2024-01-31T08:47:26+00:00\",\"breadcrumb\":{\"@id\":\"https:\/\/now-news.de\/de\/deutschland\/suedkorea-us-kampfjet-f-16-stuerzt-vor-der-kueste-ab\/#breadcrumb\"},\"inLanguage\":\"de\",\"potentialAction\":[{\"@type\":\"ReadAction\",\"target\":[\"https:\/\/now-news.de\/de\/deutschland\/suedkorea-us-kampfjet-f-16-stuerzt-vor-der-kueste-ab\/\"]}]},{\"@type\":\"ImageObject\",\"inLanguage\":\"de\",\"@id\":\"https:\/\/now-news.de\/de\/deutschland\/suedkorea-us-kampfjet-f-16-stuerzt-vor-der-kueste-ab\/#primaryimage\",\"url\":\"https:\/\/now-news.de\/de\/wp-content\/uploads\/sites\/3\/2024\/01\/Suedkorea-US-Kampfjet-F-16-stuerzt-vor-der-Kueste-ab.png\",\"contentUrl\":\"https:\/\/now-news.de\/de\/wp-content\/uploads\/sites\/3\/2024\/01\/Suedkorea-US-Kampfjet-F-16-stuerzt-vor-der-Kueste-ab.png\",\"width\":460,\"height\":259,\"caption\":\"S\u00fcdkorea: US-Kampfjet F-16 st\u00fcrzt vor der K\u00fcste ab\"},{\"@type\":\"BreadcrumbList\",\"@id\":\"https:\/\/now-news.de\/de\/deutschland\/suedkorea-us-kampfjet-f-16-stuerzt-vor-der-kueste-ab\/#breadcrumb\",\"itemListElement\":[{\"@type\":\"ListItem\",\"position\":1,\"name\":\"Home\",\"item\":\"https:\/\/now-news.de\/de\/\"},{\"@type\":\"ListItem\",\"position\":2,\"name\":\"S\u00fcdkorea: US-Kampfjet F-16 st\u00fcrzt vor der K\u00fcste ab\"}]},{\"@type\":\"WebSite\",\"@id\":\"https:\/\/now-news.de\/de\/#website\",\"url\":\"https:\/\/now-news.de\/de\/\",\"name\":\"just-now.NEWS Deutschland\",\"description\":\"Das Portal f\u00fcr unzensierte Nachrichten aus der Welt\",\"publisher\":{\"@id\":\"https:\/\/now-news.de\/de\/#organization\"},\"potentialAction\":[{\"@type\":\"SearchAction\",\"target\":{\"@type\":\"EntryPoint\",\"urlTemplate\":\"https:\/\/now-news.de\/de\/?s={search_term_string}\"},\"query-input\":\"required name=search_term_string\"}],\"inLanguage\":\"de\"},{\"@type\":\"Organization\",\"@id\":\"https:\/\/now-news.de\/de\/#organization\",\"name\":\"Just Now News\",\"url\":\"https:\/\/now-news.de\/de\/\",\"logo\":{\"@type\":\"ImageObject\",\"inLanguage\":\"de\",\"@id\":\"https:\/\/now-news.de\/de\/#\/schema\/logo\/image\/\",\"url\":\"http:\/\/just-now.news\/de\/wp-content\/uploads\/sites\/3\/2022\/04\/logo500x500.jpg\",\"contentUrl\":\"http:\/\/just-now.news\/de\/wp-content\/uploads\/sites\/3\/2022\/04\/logo500x500.jpg\",\"width\":500,\"height\":500,\"caption\":\"Just Now News\"},\"image\":{\"@id\":\"https:\/\/now-news.de\/de\/#\/schema\/logo\/image\/\"},\"sameAs\":[\"https:\/\/www.facebook.com\/wirmachenauf\",\"https:\/\/x.com\/WirMachenAuf_de\"]},{\"@type\":\"Person\",\"@id\":\"https:\/\/now-news.de\/de\/#\/schema\/person\/fb534a4e865501d8b3285208df34a9b5\",\"name\":\"rtnews\",\"image\":{\"@type\":\"ImageObject\",\"inLanguage\":\"de\",\"@id\":\"https:\/\/now-news.de\/de\/#\/schema\/person\/image\/\",\"url\":\"https:\/\/secure.gravatar.com\/avatar\/82aafea7d8127119dd649515f56e2117?s=96&d=mm&r=g\",\"contentUrl\":\"https:\/\/secure.gravatar.com\/avatar\/82aafea7d8127119dd649515f56e2117?s=96&d=mm&r=g\",\"caption\":\"rtnews\"},\"url\":\"https:\/\/now-news.de\/de\/author\/rnews\/\"}]}<\/script>\n<!-- \/ Yoast SEO Premium plugin. -->","yoast_head_json":{"title":"S\u00fcdkorea: US-Kampfjet F-16 st\u00fcrzt vor der K\u00fcste ab - just-now.NEWS Deutschland","robots":{"index":"index","follow":"follow","max-snippet":"max-snippet:-1","max-image-preview":"max-image-preview:large","max-video-preview":"max-video-preview:-1"},"canonical":"https:\/\/now-news.de\/de\/deutschland\/suedkorea-us-kampfjet-f-16-stuerzt-vor-der-kueste-ab\/","og_locale":"de_DE","og_type":"article","og_title":"S\u00fcdkorea: US-Kampfjet F-16 st\u00fcrzt vor der K\u00fcste ab","og_description":"Ein US-Kampfflugzeug vom Typ F-16 st\u00fcrzte am Mittwoch vor der Westk\u00fcste S\u00fcdkoreas ins Meer. Der Pilot konnte nach Bet\u00e4tigung des Schleudersitzes gerettet werden, wie eine in S\u00fcdkorea stationierte Einheit der US Air Force mitteilte. Ein US-Kampfflugzeug vom Typ F-16 von Lockheed Martin ist in die Gew\u00e4sser vor S\u00fcdkorea abgest\u00fcrzt, wie das US-Milit\u00e4r best\u00e4tigte. Dies ist [&hellip;]","og_url":"https:\/\/now-news.de\/de\/deutschland\/suedkorea-us-kampfjet-f-16-stuerzt-vor-der-kueste-ab\/","og_site_name":"just-now.NEWS Deutschland","article_publisher":"https:\/\/www.facebook.com\/wirmachenauf","article_published_time":"2024-01-31T08:47:26+00:00","og_image":[{"width":460,"height":259,"url":"https:\/\/now-news.de\/de\/wp-content\/uploads\/sites\/3\/2024\/01\/Suedkorea-US-Kampfjet-F-16-stuerzt-vor-der-Kueste-ab.png","type":"image\/png"}],"author":"rtnews","twitter_card":"summary_large_image","twitter_creator":"@WirMachenAuf_de","twitter_site":"@WirMachenAuf_de","twitter_misc":{"Verfasst von":"rtnews","Gesch\u00e4tzte Lesezeit":"2\u00a0Minuten"},"schema":{"@context":"https:\/\/schema.org","@graph":[{"@type":"Article","@id":"https:\/\/now-news.de\/de\/deutschland\/suedkorea-us-kampfjet-f-16-stuerzt-vor-der-kueste-ab\/#article","isPartOf":{"@id":"https:\/\/now-news.de\/de\/deutschland\/suedkorea-us-kampfjet-f-16-stuerzt-vor-der-kueste-ab\/"},"author":{"name":"rtnews","@id":"https:\/\/now-news.de\/de\/#\/schema\/person\/fb534a4e865501d8b3285208df34a9b5"},"headline":"S\u00fcdkorea: US-Kampfjet F-16 st\u00fcrzt vor der K\u00fcste ab","datePublished":"2024-01-31T08:47:26+00:00","dateModified":"2024-01-31T08:47:26+00:00","mainEntityOfPage":{"@id":"https:\/\/now-news.de\/de\/deutschland\/suedkorea-us-kampfjet-f-16-stuerzt-vor-der-kueste-ab\/"},"wordCount":408,"commentCount":0,"publisher":{"@id":"https:\/\/now-news.de\/de\/#organization"},"image":{"@id":"https:\/\/now-news.de\/de\/deutschland\/suedkorea-us-kampfjet-f-16-stuerzt-vor-der-kueste-ab\/#primaryimage"},"thumbnailUrl":"https:\/\/now-news.de\/de\/wp-content\/uploads\/sites\/3\/2024\/01\/Suedkorea-US-Kampfjet-F-16-stuerzt-vor-der-Kueste-ab.png","keywords":["der","F16","K\u00fcste","st\u00fcrzt","S\u00fcdkorea","USKampfjet","vor"],"articleSection":["Deutschland","Russland"],"inLanguage":"de","potentialAction":[{"@type":"CommentAction","name":"Comment","target":["https:\/\/now-news.de\/de\/deutschland\/suedkorea-us-kampfjet-f-16-stuerzt-vor-der-kueste-ab\/#respond"]}]},{"@type":"WebPage","@id":"https:\/\/now-news.de\/de\/deutschland\/suedkorea-us-kampfjet-f-16-stuerzt-vor-der-kueste-ab\/","url":"https:\/\/now-news.de\/de\/deutschland\/suedkorea-us-kampfjet-f-16-stuerzt-vor-der-kueste-ab\/","name":"S\u00fcdkorea: US-Kampfjet F-16 st\u00fcrzt vor der K\u00fcste ab - just-now.NEWS Deutschland","isPartOf":{"@id":"https:\/\/now-news.de\/de\/#website"},"primaryImageOfPage":{"@id":"https:\/\/now-news.de\/de\/deutschland\/suedkorea-us-kampfjet-f-16-stuerzt-vor-der-kueste-ab\/#primaryimage"},"image":{"@id":"https:\/\/now-news.de\/de\/deutschland\/suedkorea-us-kampfjet-f-16-stuerzt-vor-der-kueste-ab\/#primaryimage"},"thumbnailUrl":"https:\/\/now-news.de\/de\/wp-content\/uploads\/sites\/3\/2024\/01\/Suedkorea-US-Kampfjet-F-16-stuerzt-vor-der-Kueste-ab.png","datePublished":"2024-01-31T08:47:26+00:00","dateModified":"2024-01-31T08:47:26+00:00","breadcrumb":{"@id":"https:\/\/now-news.de\/de\/deutschland\/suedkorea-us-kampfjet-f-16-stuerzt-vor-der-kueste-ab\/#breadcrumb"},"inLanguage":"de","potentialAction":[{"@type":"ReadAction","target":["https:\/\/now-news.de\/de\/deutschland\/suedkorea-us-kampfjet-f-16-stuerzt-vor-der-kueste-ab\/"]}]},{"@type":"ImageObject","inLanguage":"de","@id":"https:\/\/now-news.de\/de\/deutschland\/suedkorea-us-kampfjet-f-16-stuerzt-vor-der-kueste-ab\/#primaryimage","url":"https:\/\/now-news.de\/de\/wp-content\/uploads\/sites\/3\/2024\/01\/Suedkorea-US-Kampfjet-F-16-stuerzt-vor-der-Kueste-ab.png","contentUrl":"https:\/\/now-news.de\/de\/wp-content\/uploads\/sites\/3\/2024\/01\/Suedkorea-US-Kampfjet-F-16-stuerzt-vor-der-Kueste-ab.png","width":460,"height":259,"caption":"S\u00fcdkorea: US-Kampfjet F-16 st\u00fcrzt vor der K\u00fcste ab"},{"@type":"BreadcrumbList","@id":"https:\/\/now-news.de\/de\/deutschland\/suedkorea-us-kampfjet-f-16-stuerzt-vor-der-kueste-ab\/#breadcrumb","itemListElement":[{"@type":"ListItem","position":1,"name":"Home","item":"https:\/\/now-news.de\/de\/"},{"@type":"ListItem","position":2,"name":"S\u00fcdkorea: US-Kampfjet F-16 st\u00fcrzt vor der K\u00fcste ab"}]},{"@type":"WebSite","@id":"https:\/\/now-news.de\/de\/#website","url":"https:\/\/now-news.de\/de\/","name":"just-now.NEWS Deutschland","description":"Das Portal f\u00fcr unzensierte Nachrichten aus der Welt","publisher":{"@id":"https:\/\/now-news.de\/de\/#organization"},"potentialAction":[{"@type":"SearchAction","target":{"@type":"EntryPoint","urlTemplate":"https:\/\/now-news.de\/de\/?s={search_term_string}"},"query-input":"required name=search_term_string"}],"inLanguage":"de"},{"@type":"Organization","@id":"https:\/\/now-news.de\/de\/#organization","name":"Just Now News","url":"https:\/\/now-news.de\/de\/","logo":{"@type":"ImageObject","inLanguage":"de","@id":"https:\/\/now-news.de\/de\/#\/schema\/logo\/image\/","url":"http:\/\/just-now.news\/de\/wp-content\/uploads\/sites\/3\/2022\/04\/logo500x500.jpg","contentUrl":"http:\/\/just-now.news\/de\/wp-content\/uploads\/sites\/3\/2022\/04\/logo500x500.jpg","width":500,"height":500,"caption":"Just Now News"},"image":{"@id":"https:\/\/now-news.de\/de\/#\/schema\/logo\/image\/"},"sameAs":["https:\/\/www.facebook.com\/wirmachenauf","https:\/\/x.com\/WirMachenAuf_de"]},{"@type":"Person","@id":"https:\/\/now-news.de\/de\/#\/schema\/person\/fb534a4e865501d8b3285208df34a9b5","name":"rtnews","image":{"@type":"ImageObject","inLanguage":"de","@id":"https:\/\/now-news.de\/de\/#\/schema\/person\/image\/","url":"https:\/\/secure.gravatar.com\/avatar\/82aafea7d8127119dd649515f56e2117?s=96&d=mm&r=g","contentUrl":"https:\/\/secure.gravatar.com\/avatar\/82aafea7d8127119dd649515f56e2117?s=96&d=mm&r=g","caption":"rtnews"},"url":"https:\/\/now-news.de\/de\/author\/rnews\/"}]}},"_links":{"self":[{"href":"https:\/\/now-news.de\/de\/wp-json\/wp\/v2\/posts\/54360"}],"collection":[{"href":"https:\/\/now-news.de\/de\/wp-json\/wp\/v2\/posts"}],"about":[{"href":"https:\/\/now-news.de\/de\/wp-json\/wp\/v2\/types\/post"}],"author":[{"embeddable":true,"href":"https:\/\/now-news.de\/de\/wp-json\/wp\/v2\/users\/3"}],"replies":[{"embeddable":true,"href":"https:\/\/now-news.de\/de\/wp-json\/wp\/v2\/comments?post=54360"}],"version-history":[{"count":0,"href":"https:\/\/now-news.de\/de\/wp-json\/wp\/v2\/posts\/54360\/revisions"}],"wp:featuredmedia":[{"embeddable":true,"href":"https:\/\/now-news.de\/de\/wp-json\/wp\/v2\/media\/54361"}],"wp:attachment":[{"href":"https:\/\/now-news.de\/de\/wp-json\/wp\/v2\/media?parent=54360"}],"wp:term":[{"taxonomy":"category","embeddable":true,"href":"https:\/\/now-news.de\/de\/wp-json\/wp\/v2\/categories?post=54360"},{"taxonomy":"post_tag","embeddable":true,"href":"https:\/\/now-news.de\/de\/wp-json\/wp\/v2\/tags?post=54360"}],"curies":[{"name":"wp","href":"https:\/\/api.w.org\/{rel}","templated":true}]}}