{"id":54291,"date":"2024-01-30T10:36:46","date_gmt":"2024-01-30T08:36:46","guid":{"rendered":"https:\/\/just-now.news\/de\/deutschland\/anti-nazi-strategie-wie-man-bauernproteste-durch-regierungsclaqueure-ersetzt\/"},"modified":"2024-01-30T10:36:46","modified_gmt":"2024-01-30T08:36:46","slug":"anti-nazi-strategie-wie-man-bauernproteste-durch-regierungsclaqueure-ersetzt","status":"publish","type":"post","link":"https:\/\/now-news.de\/de\/deutschland\/anti-nazi-strategie-wie-man-bauernproteste-durch-regierungsclaqueure-ersetzt\/","title":{"rendered":"&quot;Anti-Nazi&quot;-Strategie: Wie man Bauernproteste durch Regierungsclaqueure ersetzt"},"content":{"rendered":"<p><img decoding=\"async\" src=\"http:\/\/just-now.news\/de\/wp-content\/uploads\/sites\/3\/2024\/01\/65b8a558b480cc363a2060e2.jpg\" \/><\/p>\n<div class=\"Text-root Text-type_1 \">\n                Mit &#8220;Anti-Rechts&#8221;-Demos schl\u00e4gt man mehrere Fliegen mit einer Klappe: Die &#8220;Buntb\u00fcrger&#8221; k\u00f6nnen endlich gegen\u00fcber allen als rechts diffamierten Andersdenkenden &#8220;Haltung&#8221; demonstrieren \u2013 Seite an Seite mit der Regierung. Zudem l\u00f6sen die Anti-AFD-Proteste die zunehmenden Arbeitsk\u00e4mpfe ab.\n            <\/div>\n<p><\/p>\n<div class=\"Text-root Text-type_5 ArticleView-text ViewText-root \">\n<p><em>Von Felicitas Rabe<\/em><\/p>\n<p>Hand in Hand mit den Ampelpolitikern gehen die &#8220;Buntb\u00fcrger&#8221; der Republik seit gut einer Woche &#8220;gegen rechts&#8221; auf die Stra\u00dfe. Allein in <a rel=\"nofollow noopener\" target=\"_blank\" href=\"https:\/\/www.rundschau-online.de\/politik\/duesseldorf-hunderttausend-teilnehmer-bei-anti-afd-demo-727266\">D\u00fcsseldorf<\/a> sollen am Samstag 100.000 Demonstranten auf einer Kundgebung gegen rechtsgesinnte B\u00fcrger den Worten der stellvertretenden Ministerpr\u00e4sidentin Mona Neubaur gelauscht haben, als sie da sagte:<\/p>\n<blockquote>\n<p><em> &#8220;Es ist unser Land, unsere freiheitliche Demokratie \u2013 die verteidigen wir zusammen!&#8221;<\/em><\/p>\n<\/blockquote>\n<p>Bundesweit demonstrierten Teilnehmer die Einigkeit eines Gro\u00dfteils der B\u00fcrger mit der Politik der Bundesregierung. Das konnte man von den vorhergehenden Massendemonstrationen f\u00fcr den Erhalt des Grundgesetzes, gegen Bauernausbeutung und Streiks f\u00fcr h\u00f6here L\u00f6hne nicht unbedingt sagen. Dabei ging es um Beschwerden gegen die Regierung. In den letzten Tagen aber, da konnte man meinen, und es auch auf den Stra\u00dfen sehen, das gr\u00f6\u00dfte Problem hierzulande seien Nazitum und Rechtsradikalismus. Folgerichtig m\u00fcsse also das Hauptanliegen aller Menschen der Kampf gegen rechts sein. Dem m\u00fcsse sich nun alles unterordnen \u2013 auch die Gewerkschaften.<\/p>\n<p>Dieser Eindruck entstand nicht aus dem Nichts.\u00a0Glaubt man den Medien,\u00a0bedrohte zuletzt sogar ein <a rel=\"nofollow noopener\" target=\"_blank\" href=\"https:\/\/www.morgenpost.de\/politik\/article241358844\/Mob-gegen-Habeck-Wie-radikal-werden-die-Bauern.html\">rechter Bauernmob<\/a> die Nation. In Norddeutschland wollten Traktornazis angeblich den Wirtschaftsminister lynchen. Und nicht nur die Rechtsextremen vom Lande w\u00fcrden den Medien zufolge obendrein auch noch vom russischen Pr\u00e4sidenten gesteuert. Immer wieder hie\u00df es, Andersdenkende seien entweder von vorneherein rechts oder von Rechtsextremen unterwandert \u2013 sowie von <a rel=\"nofollow noopener\" target=\"_blank\" href=\"https:\/\/www.berliner-zeitung.de\/wirtschaft-verantwortung\/bauernproteste-russischer-landwirt-im-gespraech-wir-beneiden-gut-organisierte-deutsche-bauern-li.2176940\">Russland organisiert<\/a>.<\/p>\n<p>Dementsprechend wurden auch die sogenannten Klimaleugner \u2013 also die Menschen, welche die offizielle Darstellung \u00fcber das Ausma\u00df menschlich verursachter &#8220;Klimasch\u00e4den&#8221; infrage stellten \u2013 <a rel=\"nofollow noopener\" target=\"_blank\" href=\"https:\/\/taz.de\/Debatte-Rechte-Klimaleugner\/!5572372\/\">als Nazis diffamiert<\/a>. Bei den &#8220;Coronaleugnern&#8221; stand schon mit dem ersten Demo-Spaziergang fest, dass diese &#8220;Oma-M\u00f6rder&#8221; von <a rel=\"nofollow noopener\" target=\"_blank\" href=\"https:\/\/www.deutschlandfunk.de\/antisemitismus-warnung-vor-judenhass-bei-den-corona-100.html\">anti-semitischen Nazis unterwandert<\/a> waren. Gleichzeitig wurde jeder teilnehmende Demonstrant per Kontaktschuld ebenfalls zum Nazi oder zumindest als rechtsoffen deklariert.<\/p>\n<p><strong><\/strong><\/p>\n<p><strong>Warum wurde das Correctiv-Bespitzelungsprotokoll vom November ausgerechnet jetzt aus der Schublade gezogen?<\/strong><\/p>\n<p>Man kann sich fragen, warum es seit ein paar Tagen so massiv die AfD-Partei und ihre W\u00e4hler erwischt. Wieso wurde das Correctiv-Bespitzelungsprotokoll vom November ausgerechnet jetzt aus der Schublade gezogen? Schlie\u00dflich ist das AfD-Parteiprogramm objektiv betrachtet auch nicht ausl\u00e4nderfeindlicher als das fr\u00fchere Programm der CDU\/CSU. Was haben die Christdemokraten fr\u00fcher f\u00fcr die Abschiebung von Migranten gek\u00e4mpft, die aus Drittl\u00e4ndern nach Deutschland einreisten! Wobei man die CDU wahrscheinlich schon deshalb nicht als Nazis diffamieren durfte, weil in der Partei jahrelang noch <a rel=\"nofollow noopener\" target=\"_blank\" href=\"https:\/\/www.bundestag.de\/resource\/blob\/823832\/26a913f11f7ea76bce00be1c39057b43\/WD-1-463-09-pdf-data.pdf\">echte alte Nazis<\/a> waren. W\u00e4hrend sich die AfD politisch \u2013 was zumindest <a rel=\"nofollow noopener\" target=\"_blank\" href=\"https:\/\/afdbundestag.de\/tino-chrupalla-waffenlieferungen-sind-nicht-in-deutschem-interesse\/\">die Waffenlieferungen<\/a> aus Deutschland betrifft \u2013 auf die Seite Russlands stellt, dessen Milit\u00e4r in der Ukraine heutzutage echte Nazis bek\u00e4mpft.<\/p>\n<p>Die Frage bleibt: Schon seit Jahren werden hierzulande Andersdenkende als Nazis beschimpft. Also wieso muss ausgerechnet jetzt mit Correctiv-Bespitzelungsunterlagen gegen angebliche AfD-Nazis demonstriert werden?<\/p>\n<p>Offensichtlich war die Bev\u00f6lkerung trotz medialer Bauernproteste-sind-rechts-Kampagnen im Fall der massiven Bauerndemonstrationen nicht so leicht davon zu \u00fcberzeugen, dass es sich dabei um einen rechten Nazimob handelt. Entweder war das Rechtsextrem-Narrativ schon ein bisschen ausgeleiert, oder die Bauern hatten einfach zu viel positiven R\u00fcckhalt in der Bev\u00f6lkerung. Jedenfalls erfuhren sie bei ihren Protesten bundesweite Unterst\u00fctzung. Neben den Spediteuren, den Handwerkern und den J\u00e4gern schlossen sich immer mehr Organisationen und Menschen dem Protest an. Da half kein rechtes Framing mehr. Der Staat und seine WEF-Hinterm\u00e4nner hatten zu bef\u00fcrchten, dass die B\u00fcrger dieses Landes die Forderungen der Bauern nicht nur weiter unterst\u00fctzen, sondern auf andere Wirtschaftszweige ausdehnen k\u00f6nnten.<\/p>\n<p>Zun\u00e4chst schien guter Rat teuer. Aber dann konnte man ja zum Gl\u00fcck f\u00fcr die Herrschenden das monatealte Spitzeldokument von Correctiv aus der Schublade ziehen. Mit dieser erb\u00e4rmlichen Skandalisierung eines privaten Treffens konnte man endlich die Stimmung von der Unterst\u00fctzung der Bauern auf die Diffamierung gegen alles, was zuletzt irgendwie als rechts diffamiert wurde, umlenken: Also praktisch gegen alle, die anders denken als die Regierung.<\/p>\n<p>Andersdenkende wurden in den letzten Jahren so inflation\u00e4r als rechtsextrem definiert, dass man sich schon bei den Opfern von echten Nazis entschuldigen m\u00fcsste. Schlie\u00dflich wird die Diffamierung von angeblichen Rechtsextremen als Instrument einer immer sch\u00e4rferen Ausbeutung der Bev\u00f6lkerung missbraucht. Wer sich gegen Ausbeutung und Armut wehrt, ist rechts \u2013 so einfach geht das heutzutage. Dazu konnte man im Hinblick auf die steigenden Zahlen der AfD-W\u00e4hlerschaft mit derselben Klappe auch noch die drohende Erfolgsfliege dieser Volkspartei schlagen.<\/p>\n<p>Die Verdr\u00e4ngung der Bauernproteste durch die &#8220;Anti-Rechts-Proteste&#8221; hat augenscheinlich super geklappt. Dabei spielte es gar keine Rolle, dass bei dem widerrechtlich bespitzelten privaten Treffen neben den AfD-Abgeordneten auch <a rel=\"nofollow noopener\" target=\"_blank\" href=\"https:\/\/web.de\/magazine\/politik\/potsdamer-radikalen-treffen-details-einblick-recherche-39075348\">Abgeordnete der CDU<\/a> teilnahmen. Es interessierte auch nicht, dass keiner der teilnehmenden AfD-Abgeordneten bei dem Treffen das ihnen unterstellte Wort &#8220;Deportation&#8221; verwendet hat.<\/p>\n<p><strong><\/strong><\/p>\n<p><strong>Bundespr\u00e4sident Frank-Walter Steinmeier stimmt Gewerkschaften und Arbeitgeber auf eine Linie ein<\/strong><\/p>\n<p>Einen gr\u00f6\u00dferen Treffer konnte die Regierung in diesen Tagen wirklich nicht landen. Die B\u00fcrger gehen auf Zuruf der Politiker und der Medien auf die Stra\u00dfe und diffamieren Andersdenkende. Der Bundespr\u00e4sident nutzte die Gunst der Stimmung und <a rel=\"nofollow noopener\" target=\"_blank\" href=\"https:\/\/www.bundespraesident.de\/SharedDocs\/Berichte\/DE\/Frank-Walter-Steinmeier\/2024\/01\/240129-Gespraech-Wirtschaft.html\">lud am Montag<\/a>\u00a0nach der Riesendemo in D\u00fcsseldorf gleich mal Gewerkschaftsvertreter und Arbeitgeber zu einem Treffen f\u00fcr &#8220;den gesellschaftlichen Zusammenhalt&#8221; ein. Bei einer so gro\u00dfen Bedrohung von rechts m\u00fcssten unterschiedliche Interessen von Arbeitgebern und Besch\u00e4ftigten jetzt schlie\u00dflich hintanstehen. Frank-Walter Steinmeier erkl\u00e4rte das so:<\/p>\n<blockquote>\n<p><em>&#8220;Ganz gleich ob Vorstand oder Vorarbeiter und ganz unabh\u00e4ngig von der Parteizugeh\u00f6rigkeit: Wenn unsere Demokratie angegriffen wird, dann ist eine Grenze \u00fcberschritten, bei der Gegens\u00e4tze hinten anstehen&#8230;.&#8221;<\/em>\u00a0<\/p>\n<\/blockquote>\n<p>Am Treffen mit Steinmeier nahmen teil: Daniela Cavallo, Vorsitzende des Gesamt- und Konzernbetriebsrates der Volkswagen AG; J\u00f6rg Dittrich, Pr\u00e4sident des Zentralverbands des Deutschen Handwerks (ZDH); Dr. Rainer Dulger, Pr\u00e4sident der Bundesvereinigung der Deutschen Arbeitgeberverb\u00e4nde (BDA); Yasmin Fahimi, Vorsitzende des Deutschen Gewerkschaftsbunds (DGB); Michael H\u00e4berle, Vorsitzender des Betriebsrates Mercedes-Benz Werk Untert\u00fcrkheim und Mitglied des Aufsichtsrats Mercedes-Benz Group AG; Professor Dr.-Ing. Siegfried Russwurm, Pr\u00e4sident des Bundesverbands der Deutschen Industrie (BDI); und Dr. Katja Scharpwinkel, Leiterin der Region Europa, Naher Osten und Afrika bei BASF.<\/p>\n<p>Nicht zuletzt konnte man mit dieser &#8220;Anti-Nazi-Klappe&#8221; noch eine weitere Fliege schlagen. Die zuletzt auch als rechts geframten Pro-Pal\u00e4stina-Demos, und damit ein m\u00f6gliches Kritikpotenzial an der israelischen Regierung, gehen in der Anti-Rechtsbesoffenheit von Politik und Medien ebenfalls unter.<\/p>\n<p><strong>Mehr zum Thema<\/strong> &#8211; <a rel=\"nofollow noopener\" target=\"_blank\" href=\"https:\/\/freedert.online\/meinung\/193472-mit-rechten-gegen-rechts-ampel\/\">Mit Rechten &#8220;gegen rechts&#8221;: Die Ampel und ihre Scheinopposition <\/a><\/p>\n<p>\u00a0<\/p>\n<p>\u00a0<\/p>\n<\/div>\n<p><br \/>\n<br \/><a href=\"https:\/\/de.rt.com\/meinung\/194387-anti-nazi-strategie-wie-man\/\">Source link <\/a><\/p>\n","protected":false},"excerpt":{"rendered":"<p>Mit &#8220;Anti-Rechts&#8221;-Demos schl\u00e4gt man mehrere Fliegen mit einer Klappe: Die &#8220;Buntb\u00fcrger&#8221; k\u00f6nnen endlich gegen\u00fcber allen als rechts diffamierten Andersdenkenden &#8220;Haltung&#8221; demonstrieren \u2013 Seite an Seite mit der Regierung. Zudem l\u00f6sen die Anti-AFD-Proteste die zunehmenden Arbeitsk\u00e4mpfe ab. Von Felicitas Rabe Hand in Hand mit den Ampelpolitikern gehen die &#8220;Buntb\u00fcrger&#8221; der Republik seit gut einer Woche &#8220;gegen [&hellip;]<\/p>\n","protected":false},"author":3,"featured_media":54292,"comment_status":"open","ping_status":"open","sticky":false,"template":"","format":"standard","meta":{"_yoast_indexnow_last_ping":["1706612477"],"wp_automatic_camp":["217"],"772b76a7af367eb7ae1ef67b7c9a9c74":["&quot;Anti-Nazi&quot;-Strategie: Wie man Bauernproteste durch Regierungsclaqueure ersetzt"],"original_link":["https:\/\/de.rt.com\/meinung\/194387-anti-nazi-strategie-wie-man\/"],"_thumbnail_id":["54292"],"_wptgpro_p2tg_sent2tg":["a:1:{i:23737;s:19:\"2024-01-30 13:02:26\";}"],"jnews_social_counter_last_update":["1777629108"]},"categories":[19,23],"tags":[26317,1024,11887,3676,52969,52970,579],"yoast_head":"<!-- This site is optimized with the Yoast SEO Premium plugin v22.7 (Yoast SEO v22.7) - https:\/\/yoast.com\/wordpress\/plugins\/seo\/ -->\n<title>&quot;Anti-Nazi&quot;-Strategie: Wie man Bauernproteste durch Regierungsclaqueure ersetzt - just-now.NEWS Deutschland<\/title>\n<meta name=\"robots\" content=\"index, follow, max-snippet:-1, max-image-preview:large, max-video-preview:-1\" \/>\n<link rel=\"canonical\" href=\"https:\/\/now-news.de\/de\/deutschland\/anti-nazi-strategie-wie-man-bauernproteste-durch-regierungsclaqueure-ersetzt\/\" \/>\n<meta property=\"og:locale\" content=\"de_DE\" \/>\n<meta property=\"og:type\" content=\"article\" \/>\n<meta property=\"og:title\" content=\"&quot;Anti-Nazi&quot;-Strategie: Wie man Bauernproteste durch Regierungsclaqueure ersetzt\" \/>\n<meta property=\"og:description\" content=\"Mit &#8220;Anti-Rechts&#8221;-Demos schl\u00e4gt man mehrere Fliegen mit einer Klappe: Die &#8220;Buntb\u00fcrger&#8221; k\u00f6nnen endlich gegen\u00fcber allen als rechts diffamierten Andersdenkenden &#8220;Haltung&#8221; demonstrieren \u2013 Seite an Seite mit der Regierung. Zudem l\u00f6sen die Anti-AFD-Proteste die zunehmenden Arbeitsk\u00e4mpfe ab. Von Felicitas Rabe Hand in Hand mit den Ampelpolitikern gehen die &#8220;Buntb\u00fcrger&#8221; der Republik seit gut einer Woche &#8220;gegen [&hellip;]\" \/>\n<meta property=\"og:url\" content=\"https:\/\/now-news.de\/de\/deutschland\/anti-nazi-strategie-wie-man-bauernproteste-durch-regierungsclaqueure-ersetzt\/\" \/>\n<meta property=\"og:site_name\" content=\"just-now.NEWS Deutschland\" \/>\n<meta property=\"article:publisher\" content=\"https:\/\/www.facebook.com\/wirmachenauf\" \/>\n<meta property=\"article:published_time\" content=\"2024-01-30T08:36:46+00:00\" \/>\n<meta property=\"og:image\" content=\"https:\/\/now-news.de\/de\/wp-content\/uploads\/sites\/3\/2024\/01\/quotAnti-Naziquot-Strategie-Wie-man-Bauernproteste-durch-Regierungsclaqueure-ersetzt.jpg\" \/>\n\t<meta property=\"og:image:width\" content=\"460\" \/>\n\t<meta property=\"og:image:height\" content=\"259\" \/>\n\t<meta property=\"og:image:type\" content=\"image\/jpeg\" \/>\n<meta name=\"author\" content=\"rtnews\" \/>\n<meta name=\"twitter:card\" content=\"summary_large_image\" \/>\n<meta name=\"twitter:creator\" content=\"@WirMachenAuf_de\" \/>\n<meta name=\"twitter:site\" content=\"@WirMachenAuf_de\" \/>\n<meta name=\"twitter:label1\" content=\"Verfasst von\" \/>\n\t<meta name=\"twitter:data1\" content=\"rtnews\" \/>\n\t<meta name=\"twitter:label2\" content=\"Gesch\u00e4tzte Lesezeit\" \/>\n\t<meta name=\"twitter:data2\" content=\"5\u00a0Minuten\" \/>\n<script type=\"application\/ld+json\" class=\"yoast-schema-graph\">{\"@context\":\"https:\/\/schema.org\",\"@graph\":[{\"@type\":\"Article\",\"@id\":\"https:\/\/now-news.de\/de\/deutschland\/anti-nazi-strategie-wie-man-bauernproteste-durch-regierungsclaqueure-ersetzt\/#article\",\"isPartOf\":{\"@id\":\"https:\/\/now-news.de\/de\/deutschland\/anti-nazi-strategie-wie-man-bauernproteste-durch-regierungsclaqueure-ersetzt\/\"},\"author\":{\"name\":\"rtnews\",\"@id\":\"https:\/\/now-news.de\/de\/#\/schema\/person\/fb534a4e865501d8b3285208df34a9b5\"},\"headline\":\"&quot;Anti-Nazi&quot;-Strategie: Wie man Bauernproteste durch Regierungsclaqueure ersetzt\",\"datePublished\":\"2024-01-30T08:36:46+00:00\",\"dateModified\":\"2024-01-30T08:36:46+00:00\",\"mainEntityOfPage\":{\"@id\":\"https:\/\/now-news.de\/de\/deutschland\/anti-nazi-strategie-wie-man-bauernproteste-durch-regierungsclaqueure-ersetzt\/\"},\"wordCount\":1094,\"commentCount\":0,\"publisher\":{\"@id\":\"https:\/\/now-news.de\/de\/#organization\"},\"image\":{\"@id\":\"https:\/\/now-news.de\/de\/deutschland\/anti-nazi-strategie-wie-man-bauernproteste-durch-regierungsclaqueure-ersetzt\/#primaryimage\"},\"thumbnailUrl\":\"https:\/\/now-news.de\/de\/wp-content\/uploads\/sites\/3\/2024\/01\/quotAnti-Naziquot-Strategie-Wie-man-Bauernproteste-durch-Regierungsclaqueure-ersetzt.jpg\",\"keywords\":[\"Bauernproteste\",\"durch\",\"ersetzt\",\"Man\",\"quotAntiNaziquotStrategie\",\"Regierungsclaqueure\",\"Wie\"],\"articleSection\":[\"Deutschland\",\"Russland\"],\"inLanguage\":\"de\",\"potentialAction\":[{\"@type\":\"CommentAction\",\"name\":\"Comment\",\"target\":[\"https:\/\/now-news.de\/de\/deutschland\/anti-nazi-strategie-wie-man-bauernproteste-durch-regierungsclaqueure-ersetzt\/#respond\"]}]},{\"@type\":\"WebPage\",\"@id\":\"https:\/\/now-news.de\/de\/deutschland\/anti-nazi-strategie-wie-man-bauernproteste-durch-regierungsclaqueure-ersetzt\/\",\"url\":\"https:\/\/now-news.de\/de\/deutschland\/anti-nazi-strategie-wie-man-bauernproteste-durch-regierungsclaqueure-ersetzt\/\",\"name\":\"&quot;Anti-Nazi&quot;-Strategie: Wie man Bauernproteste durch Regierungsclaqueure ersetzt - just-now.NEWS Deutschland\",\"isPartOf\":{\"@id\":\"https:\/\/now-news.de\/de\/#website\"},\"primaryImageOfPage\":{\"@id\":\"https:\/\/now-news.de\/de\/deutschland\/anti-nazi-strategie-wie-man-bauernproteste-durch-regierungsclaqueure-ersetzt\/#primaryimage\"},\"image\":{\"@id\":\"https:\/\/now-news.de\/de\/deutschland\/anti-nazi-strategie-wie-man-bauernproteste-durch-regierungsclaqueure-ersetzt\/#primaryimage\"},\"thumbnailUrl\":\"https:\/\/now-news.de\/de\/wp-content\/uploads\/sites\/3\/2024\/01\/quotAnti-Naziquot-Strategie-Wie-man-Bauernproteste-durch-Regierungsclaqueure-ersetzt.jpg\",\"datePublished\":\"2024-01-30T08:36:46+00:00\",\"dateModified\":\"2024-01-30T08:36:46+00:00\",\"breadcrumb\":{\"@id\":\"https:\/\/now-news.de\/de\/deutschland\/anti-nazi-strategie-wie-man-bauernproteste-durch-regierungsclaqueure-ersetzt\/#breadcrumb\"},\"inLanguage\":\"de\",\"potentialAction\":[{\"@type\":\"ReadAction\",\"target\":[\"https:\/\/now-news.de\/de\/deutschland\/anti-nazi-strategie-wie-man-bauernproteste-durch-regierungsclaqueure-ersetzt\/\"]}]},{\"@type\":\"ImageObject\",\"inLanguage\":\"de\",\"@id\":\"https:\/\/now-news.de\/de\/deutschland\/anti-nazi-strategie-wie-man-bauernproteste-durch-regierungsclaqueure-ersetzt\/#primaryimage\",\"url\":\"https:\/\/now-news.de\/de\/wp-content\/uploads\/sites\/3\/2024\/01\/quotAnti-Naziquot-Strategie-Wie-man-Bauernproteste-durch-Regierungsclaqueure-ersetzt.jpg\",\"contentUrl\":\"https:\/\/now-news.de\/de\/wp-content\/uploads\/sites\/3\/2024\/01\/quotAnti-Naziquot-Strategie-Wie-man-Bauernproteste-durch-Regierungsclaqueure-ersetzt.jpg\",\"width\":460,\"height\":259,\"caption\":\"&quot;Anti-Nazi&quot;-Strategie: Wie man Bauernproteste durch Regierungsclaqueure ersetzt\"},{\"@type\":\"BreadcrumbList\",\"@id\":\"https:\/\/now-news.de\/de\/deutschland\/anti-nazi-strategie-wie-man-bauernproteste-durch-regierungsclaqueure-ersetzt\/#breadcrumb\",\"itemListElement\":[{\"@type\":\"ListItem\",\"position\":1,\"name\":\"Home\",\"item\":\"https:\/\/now-news.de\/de\/\"},{\"@type\":\"ListItem\",\"position\":2,\"name\":\"&quot;Anti-Nazi&quot;-Strategie: Wie man Bauernproteste durch Regierungsclaqueure ersetzt\"}]},{\"@type\":\"WebSite\",\"@id\":\"https:\/\/now-news.de\/de\/#website\",\"url\":\"https:\/\/now-news.de\/de\/\",\"name\":\"just-now.NEWS Deutschland\",\"description\":\"Das Portal f\u00fcr unzensierte Nachrichten aus der Welt\",\"publisher\":{\"@id\":\"https:\/\/now-news.de\/de\/#organization\"},\"potentialAction\":[{\"@type\":\"SearchAction\",\"target\":{\"@type\":\"EntryPoint\",\"urlTemplate\":\"https:\/\/now-news.de\/de\/?s={search_term_string}\"},\"query-input\":\"required name=search_term_string\"}],\"inLanguage\":\"de\"},{\"@type\":\"Organization\",\"@id\":\"https:\/\/now-news.de\/de\/#organization\",\"name\":\"Just Now News\",\"url\":\"https:\/\/now-news.de\/de\/\",\"logo\":{\"@type\":\"ImageObject\",\"inLanguage\":\"de\",\"@id\":\"https:\/\/now-news.de\/de\/#\/schema\/logo\/image\/\",\"url\":\"http:\/\/just-now.news\/de\/wp-content\/uploads\/sites\/3\/2022\/04\/logo500x500.jpg\",\"contentUrl\":\"http:\/\/just-now.news\/de\/wp-content\/uploads\/sites\/3\/2022\/04\/logo500x500.jpg\",\"width\":500,\"height\":500,\"caption\":\"Just Now News\"},\"image\":{\"@id\":\"https:\/\/now-news.de\/de\/#\/schema\/logo\/image\/\"},\"sameAs\":[\"https:\/\/www.facebook.com\/wirmachenauf\",\"https:\/\/x.com\/WirMachenAuf_de\"]},{\"@type\":\"Person\",\"@id\":\"https:\/\/now-news.de\/de\/#\/schema\/person\/fb534a4e865501d8b3285208df34a9b5\",\"name\":\"rtnews\",\"image\":{\"@type\":\"ImageObject\",\"inLanguage\":\"de\",\"@id\":\"https:\/\/now-news.de\/de\/#\/schema\/person\/image\/\",\"url\":\"https:\/\/secure.gravatar.com\/avatar\/82aafea7d8127119dd649515f56e2117?s=96&d=mm&r=g\",\"contentUrl\":\"https:\/\/secure.gravatar.com\/avatar\/82aafea7d8127119dd649515f56e2117?s=96&d=mm&r=g\",\"caption\":\"rtnews\"},\"url\":\"https:\/\/now-news.de\/de\/author\/rnews\/\"}]}<\/script>\n<!-- \/ Yoast SEO Premium plugin. -->","yoast_head_json":{"title":"&quot;Anti-Nazi&quot;-Strategie: Wie man Bauernproteste durch Regierungsclaqueure ersetzt - just-now.NEWS Deutschland","robots":{"index":"index","follow":"follow","max-snippet":"max-snippet:-1","max-image-preview":"max-image-preview:large","max-video-preview":"max-video-preview:-1"},"canonical":"https:\/\/now-news.de\/de\/deutschland\/anti-nazi-strategie-wie-man-bauernproteste-durch-regierungsclaqueure-ersetzt\/","og_locale":"de_DE","og_type":"article","og_title":"&quot;Anti-Nazi&quot;-Strategie: Wie man Bauernproteste durch Regierungsclaqueure ersetzt","og_description":"Mit &#8220;Anti-Rechts&#8221;-Demos schl\u00e4gt man mehrere Fliegen mit einer Klappe: Die &#8220;Buntb\u00fcrger&#8221; k\u00f6nnen endlich gegen\u00fcber allen als rechts diffamierten Andersdenkenden &#8220;Haltung&#8221; demonstrieren \u2013 Seite an Seite mit der Regierung. Zudem l\u00f6sen die Anti-AFD-Proteste die zunehmenden Arbeitsk\u00e4mpfe ab. Von Felicitas Rabe Hand in Hand mit den Ampelpolitikern gehen die &#8220;Buntb\u00fcrger&#8221; der Republik seit gut einer Woche &#8220;gegen [&hellip;]","og_url":"https:\/\/now-news.de\/de\/deutschland\/anti-nazi-strategie-wie-man-bauernproteste-durch-regierungsclaqueure-ersetzt\/","og_site_name":"just-now.NEWS Deutschland","article_publisher":"https:\/\/www.facebook.com\/wirmachenauf","article_published_time":"2024-01-30T08:36:46+00:00","og_image":[{"width":460,"height":259,"url":"https:\/\/now-news.de\/de\/wp-content\/uploads\/sites\/3\/2024\/01\/quotAnti-Naziquot-Strategie-Wie-man-Bauernproteste-durch-Regierungsclaqueure-ersetzt.jpg","type":"image\/jpeg"}],"author":"rtnews","twitter_card":"summary_large_image","twitter_creator":"@WirMachenAuf_de","twitter_site":"@WirMachenAuf_de","twitter_misc":{"Verfasst von":"rtnews","Gesch\u00e4tzte Lesezeit":"5\u00a0Minuten"},"schema":{"@context":"https:\/\/schema.org","@graph":[{"@type":"Article","@id":"https:\/\/now-news.de\/de\/deutschland\/anti-nazi-strategie-wie-man-bauernproteste-durch-regierungsclaqueure-ersetzt\/#article","isPartOf":{"@id":"https:\/\/now-news.de\/de\/deutschland\/anti-nazi-strategie-wie-man-bauernproteste-durch-regierungsclaqueure-ersetzt\/"},"author":{"name":"rtnews","@id":"https:\/\/now-news.de\/de\/#\/schema\/person\/fb534a4e865501d8b3285208df34a9b5"},"headline":"&quot;Anti-Nazi&quot;-Strategie: Wie man Bauernproteste durch Regierungsclaqueure ersetzt","datePublished":"2024-01-30T08:36:46+00:00","dateModified":"2024-01-30T08:36:46+00:00","mainEntityOfPage":{"@id":"https:\/\/now-news.de\/de\/deutschland\/anti-nazi-strategie-wie-man-bauernproteste-durch-regierungsclaqueure-ersetzt\/"},"wordCount":1094,"commentCount":0,"publisher":{"@id":"https:\/\/now-news.de\/de\/#organization"},"image":{"@id":"https:\/\/now-news.de\/de\/deutschland\/anti-nazi-strategie-wie-man-bauernproteste-durch-regierungsclaqueure-ersetzt\/#primaryimage"},"thumbnailUrl":"https:\/\/now-news.de\/de\/wp-content\/uploads\/sites\/3\/2024\/01\/quotAnti-Naziquot-Strategie-Wie-man-Bauernproteste-durch-Regierungsclaqueure-ersetzt.jpg","keywords":["Bauernproteste","durch","ersetzt","Man","quotAntiNaziquotStrategie","Regierungsclaqueure","Wie"],"articleSection":["Deutschland","Russland"],"inLanguage":"de","potentialAction":[{"@type":"CommentAction","name":"Comment","target":["https:\/\/now-news.de\/de\/deutschland\/anti-nazi-strategie-wie-man-bauernproteste-durch-regierungsclaqueure-ersetzt\/#respond"]}]},{"@type":"WebPage","@id":"https:\/\/now-news.de\/de\/deutschland\/anti-nazi-strategie-wie-man-bauernproteste-durch-regierungsclaqueure-ersetzt\/","url":"https:\/\/now-news.de\/de\/deutschland\/anti-nazi-strategie-wie-man-bauernproteste-durch-regierungsclaqueure-ersetzt\/","name":"&quot;Anti-Nazi&quot;-Strategie: Wie man Bauernproteste durch Regierungsclaqueure ersetzt - just-now.NEWS Deutschland","isPartOf":{"@id":"https:\/\/now-news.de\/de\/#website"},"primaryImageOfPage":{"@id":"https:\/\/now-news.de\/de\/deutschland\/anti-nazi-strategie-wie-man-bauernproteste-durch-regierungsclaqueure-ersetzt\/#primaryimage"},"image":{"@id":"https:\/\/now-news.de\/de\/deutschland\/anti-nazi-strategie-wie-man-bauernproteste-durch-regierungsclaqueure-ersetzt\/#primaryimage"},"thumbnailUrl":"https:\/\/now-news.de\/de\/wp-content\/uploads\/sites\/3\/2024\/01\/quotAnti-Naziquot-Strategie-Wie-man-Bauernproteste-durch-Regierungsclaqueure-ersetzt.jpg","datePublished":"2024-01-30T08:36:46+00:00","dateModified":"2024-01-30T08:36:46+00:00","breadcrumb":{"@id":"https:\/\/now-news.de\/de\/deutschland\/anti-nazi-strategie-wie-man-bauernproteste-durch-regierungsclaqueure-ersetzt\/#breadcrumb"},"inLanguage":"de","potentialAction":[{"@type":"ReadAction","target":["https:\/\/now-news.de\/de\/deutschland\/anti-nazi-strategie-wie-man-bauernproteste-durch-regierungsclaqueure-ersetzt\/"]}]},{"@type":"ImageObject","inLanguage":"de","@id":"https:\/\/now-news.de\/de\/deutschland\/anti-nazi-strategie-wie-man-bauernproteste-durch-regierungsclaqueure-ersetzt\/#primaryimage","url":"https:\/\/now-news.de\/de\/wp-content\/uploads\/sites\/3\/2024\/01\/quotAnti-Naziquot-Strategie-Wie-man-Bauernproteste-durch-Regierungsclaqueure-ersetzt.jpg","contentUrl":"https:\/\/now-news.de\/de\/wp-content\/uploads\/sites\/3\/2024\/01\/quotAnti-Naziquot-Strategie-Wie-man-Bauernproteste-durch-Regierungsclaqueure-ersetzt.jpg","width":460,"height":259,"caption":"&quot;Anti-Nazi&quot;-Strategie: Wie man Bauernproteste durch Regierungsclaqueure ersetzt"},{"@type":"BreadcrumbList","@id":"https:\/\/now-news.de\/de\/deutschland\/anti-nazi-strategie-wie-man-bauernproteste-durch-regierungsclaqueure-ersetzt\/#breadcrumb","itemListElement":[{"@type":"ListItem","position":1,"name":"Home","item":"https:\/\/now-news.de\/de\/"},{"@type":"ListItem","position":2,"name":"&quot;Anti-Nazi&quot;-Strategie: Wie man Bauernproteste durch Regierungsclaqueure ersetzt"}]},{"@type":"WebSite","@id":"https:\/\/now-news.de\/de\/#website","url":"https:\/\/now-news.de\/de\/","name":"just-now.NEWS Deutschland","description":"Das Portal f\u00fcr unzensierte Nachrichten aus der Welt","publisher":{"@id":"https:\/\/now-news.de\/de\/#organization"},"potentialAction":[{"@type":"SearchAction","target":{"@type":"EntryPoint","urlTemplate":"https:\/\/now-news.de\/de\/?s={search_term_string}"},"query-input":"required name=search_term_string"}],"inLanguage":"de"},{"@type":"Organization","@id":"https:\/\/now-news.de\/de\/#organization","name":"Just Now News","url":"https:\/\/now-news.de\/de\/","logo":{"@type":"ImageObject","inLanguage":"de","@id":"https:\/\/now-news.de\/de\/#\/schema\/logo\/image\/","url":"http:\/\/just-now.news\/de\/wp-content\/uploads\/sites\/3\/2022\/04\/logo500x500.jpg","contentUrl":"http:\/\/just-now.news\/de\/wp-content\/uploads\/sites\/3\/2022\/04\/logo500x500.jpg","width":500,"height":500,"caption":"Just Now News"},"image":{"@id":"https:\/\/now-news.de\/de\/#\/schema\/logo\/image\/"},"sameAs":["https:\/\/www.facebook.com\/wirmachenauf","https:\/\/x.com\/WirMachenAuf_de"]},{"@type":"Person","@id":"https:\/\/now-news.de\/de\/#\/schema\/person\/fb534a4e865501d8b3285208df34a9b5","name":"rtnews","image":{"@type":"ImageObject","inLanguage":"de","@id":"https:\/\/now-news.de\/de\/#\/schema\/person\/image\/","url":"https:\/\/secure.gravatar.com\/avatar\/82aafea7d8127119dd649515f56e2117?s=96&d=mm&r=g","contentUrl":"https:\/\/secure.gravatar.com\/avatar\/82aafea7d8127119dd649515f56e2117?s=96&d=mm&r=g","caption":"rtnews"},"url":"https:\/\/now-news.de\/de\/author\/rnews\/"}]}},"_links":{"self":[{"href":"https:\/\/now-news.de\/de\/wp-json\/wp\/v2\/posts\/54291"}],"collection":[{"href":"https:\/\/now-news.de\/de\/wp-json\/wp\/v2\/posts"}],"about":[{"href":"https:\/\/now-news.de\/de\/wp-json\/wp\/v2\/types\/post"}],"author":[{"embeddable":true,"href":"https:\/\/now-news.de\/de\/wp-json\/wp\/v2\/users\/3"}],"replies":[{"embeddable":true,"href":"https:\/\/now-news.de\/de\/wp-json\/wp\/v2\/comments?post=54291"}],"version-history":[{"count":0,"href":"https:\/\/now-news.de\/de\/wp-json\/wp\/v2\/posts\/54291\/revisions"}],"wp:featuredmedia":[{"embeddable":true,"href":"https:\/\/now-news.de\/de\/wp-json\/wp\/v2\/media\/54292"}],"wp:attachment":[{"href":"https:\/\/now-news.de\/de\/wp-json\/wp\/v2\/media?parent=54291"}],"wp:term":[{"taxonomy":"category","embeddable":true,"href":"https:\/\/now-news.de\/de\/wp-json\/wp\/v2\/categories?post=54291"},{"taxonomy":"post_tag","embeddable":true,"href":"https:\/\/now-news.de\/de\/wp-json\/wp\/v2\/tags?post=54291"}],"curies":[{"name":"wp","href":"https:\/\/api.w.org\/{rel}","templated":true}]}}