{"id":54282,"date":"2024-01-30T11:29:55","date_gmt":"2024-01-30T09:29:55","guid":{"rendered":"https:\/\/just-now.news\/de\/deutschland\/kolumbianische-regierung-und-guerilla-bewegung-eln-verlaengern-waffenruhe\/"},"modified":"2024-01-30T11:29:55","modified_gmt":"2024-01-30T09:29:55","slug":"kolumbianische-regierung-und-guerilla-bewegung-eln-verlaengern-waffenruhe","status":"publish","type":"post","link":"https:\/\/now-news.de\/de\/deutschland\/kolumbianische-regierung-und-guerilla-bewegung-eln-verlaengern-waffenruhe\/","title":{"rendered":"Kolumbianische Regierung und Guerilla-Bewegung ELN verl\u00e4ngern Waffenruhe"},"content":{"rendered":"<p><img decoding=\"async\" src=\"http:\/\/just-now.news\/de\/wp-content\/uploads\/sites\/3\/2024\/01\/65b8b91c48fbef44c839b188.jpg\" \/><\/p>\n<div class=\"Text-root Text-type_1 \">\n                Seit Jahren f\u00fchrt die Regierung in Bogot\u00e1 Friedensgespr\u00e4che mit der linken Guerilla ELN. Eine endg\u00fcltige Beilegung des langj\u00e4hrigen Konflikts bleibt zwar noch aus, den Seiten gelingt es aber, Waffenpausen zu vereinbaren. Kuba spielt dabei eine wichtige Vermittlerrolle.\n            <\/div>\n<p><\/p>\n<div class=\"Text-root Text-type_5 ArticleView-text ViewText-root \">\n<p>Nach der j\u00fcngsten Vereinbarung zwischen der kolumbianischen Regierung und der Guerillabewegung ELN sollen die Waffen in dem s\u00fcdamerikanischen Land nun bis zum 5. Februar ruhen. Die Einigung wurde an diesem Montag bei der inzwischen sechsten Gespr\u00e4chsrunde in der kubanischen Hauptstadt Havanna getroffen. Somit einigten sich die Konfliktseiten, einen im Sommer 2023 von Pr\u00e4sident Gustavo Petro und ELN-Kommandeur Antonio Garcia f\u00fcr zun\u00e4chst 180 Tage geschlossenen Waffenstillstand zu verl\u00e4ngern.<\/p>\n<p>Auf der Plattform X <a rel=\"nofollow noopener\" target=\"_blank\" href=\"https:\/\/twitter.com\/DelegacionEln\/status\/1752073302938407372\">ver\u00f6ffentlichte<\/a> die ELN-Delegation das entsprechende Dokument. Wie es hei\u00dft, wollte die Miliz zun\u00e4chst einmal das sogenannte &#8220;Abkommen \u00fcber den bilateralen, nationalen und befristeten Waffenstillstand&#8221; auswerten. Danach stellte sie eine weitere Verl\u00e4ngerung des am 9. Juni getroffenen Abkommens in Aussicht.<\/p>\n<p>Noch vor kurzem hatten sich die beiden Seiten einander vorgeworfen, gegen den Waffenstillstand zu versto\u00dfen. Die ELN\u00a0beschwerte sich dar\u00fcber, dass das kolumbianische Milit\u00e4r den vereinbarten Garantien nicht nachkomme. Pr\u00e4sident Petro kn\u00fcpfte dabei die Verl\u00e4ngerung an die Bedingung, dass die Guerilla auf Gewalt verzichten solle. Wie dem auch sei, war der bilaterale Waffenstillstand eines der zentralen Themen der Gespr\u00e4che in Havanna.<\/p>\n<p>Im Februar 2017 noch unter der Pr\u00e4sidentschaft von Juan Manuel Santos hatten die aktiven Verhandlungen zwischen der ELN und der Regierung in Bogot\u00e1 begonnen. Zuerst fanden die Gespr\u00e4che in der ecuadorianischen Hauptstadt Quito statt. Im April 2018 erkl\u00e4rte der damalige ecuadorianische Staatschef Len\u00edn Moreno jedoch, sein Land werde nicht mehr als Austragungsort und Garant der Verhandlungen fungieren.<\/p>\n<p>Ab Mai 2018 wurden die Gespr\u00e4che in der kubanischen Hauptstadt Havanna durchgef\u00fchrt. Am 7. August desselben Jahres l\u00f6ste Iv\u00e1n Duque Santos als Staatschef ab und k\u00fcndigte an, er werde die Bedingungen des Dialogs mit der ELN revidieren. Sp\u00e4ter forderte der Politiker die Guerilla auf, alle Geiseln zu befreien und eine einseitige Waffenruhe auszurufen. Im Januar 2019 k\u00fcndigte Duque den Dialog mit der ELN endg\u00fcltig auf, nachdem bei einem Anschlag auf eine Kadettenschule in der Hauptstadt Bogot\u00e1 mehr als 20 Menschen get\u00f6tet und 60 weitere verletzt worden waren.<\/p>\n<p>Bei der ELN handelt es sich um eine marxistisch-leninistische Guerilla. Sch\u00e4tzungsweise z\u00e4hlt sie etwa 5.000 K\u00e4mpfer. Sie ist vor allem im Osten des s\u00fcdamerikanischen Landes aktiv. Nach ihrer Gr\u00fcndung im Jahr 1964 geh\u00f6rt die ELN zu den \u00e4ltesten noch aktiven Guerilla-Bewegungen Lateinamerikas.<\/p>\n<p><strong>Mehr zum Thema<\/strong> &#8211;\u00a0<a rel=\"nofollow noopener\" target=\"_blank\" href=\"https:\/\/freeassange.rtde.life\/amerika\/160104-farc-dissidenten-entfuehren-drei-kolumbianische-armeeangehoerige\/\">FARC-Dissidenten entf\u00fchren drei kolumbianische Armeeangeh\u00f6rige \u2013 Friedensprozess in Gefahr?<\/a><\/p>\n<\/p>\n<\/div>\n<p><script async src=\"https:\/\/platform.twitter.com\/widgets.js\" charset=\"utf-8\"><\/script><br \/>\n<br \/><br \/>\n<br \/><a href=\"https:\/\/de.rt.com\/amerika\/194426-kolumbianische-regierung-und-guerilla-bewegung\/\">Source link <\/a><\/p>\n","protected":false},"excerpt":{"rendered":"<p>Seit Jahren f\u00fchrt die Regierung in Bogot\u00e1 Friedensgespr\u00e4che mit der linken Guerilla ELN. Eine endg\u00fcltige Beilegung des langj\u00e4hrigen Konflikts bleibt zwar noch aus, den Seiten gelingt es aber, Waffenpausen zu vereinbaren. Kuba spielt dabei eine wichtige Vermittlerrolle. Nach der j\u00fcngsten Vereinbarung zwischen der kolumbianischen Regierung und der Guerillabewegung ELN sollen die Waffen in dem s\u00fcdamerikanischen [&hellip;]<\/p>\n","protected":false},"author":3,"featured_media":54283,"comment_status":"open","ping_status":"open","sticky":false,"template":"","format":"standard","meta":{"_yoast_indexnow_last_ping":["1706607671"],"wp_automatic_camp":["217"],"28d3212b38e698f86f731c97f42558df":["Kolumbianische Regierung und Guerilla-Bewegung ELN verl\u00e4ngern Waffenruhe"],"original_link":["https:\/\/de.rt.com\/amerika\/194426-kolumbianische-regierung-und-guerilla-bewegung\/"],"_thumbnail_id":["54283"],"_wptgpro_p2tg_sent2tg":["a:1:{i:23737;s:19:\"2024-01-30 11:42:11\";}"],"jnews_social_counter_last_update":["1776872260"]},"categories":[19,23],"tags":[38072,52968,39181,46,140,20111,9691],"yoast_head":"<!-- This site is optimized with the Yoast SEO Premium plugin v22.7 (Yoast SEO v22.7) - https:\/\/yoast.com\/wordpress\/plugins\/seo\/ -->\n<title>Kolumbianische Regierung und Guerilla-Bewegung ELN verl\u00e4ngern Waffenruhe - just-now.NEWS Deutschland<\/title>\n<meta name=\"robots\" content=\"index, follow, max-snippet:-1, max-image-preview:large, max-video-preview:-1\" \/>\n<link rel=\"canonical\" href=\"https:\/\/now-news.de\/de\/deutschland\/kolumbianische-regierung-und-guerilla-bewegung-eln-verlaengern-waffenruhe\/\" \/>\n<meta property=\"og:locale\" content=\"de_DE\" \/>\n<meta property=\"og:type\" content=\"article\" \/>\n<meta property=\"og:title\" content=\"Kolumbianische Regierung und Guerilla-Bewegung ELN verl\u00e4ngern Waffenruhe\" \/>\n<meta property=\"og:description\" content=\"Seit Jahren f\u00fchrt die Regierung in Bogot\u00e1 Friedensgespr\u00e4che mit der linken Guerilla ELN. Eine endg\u00fcltige Beilegung des langj\u00e4hrigen Konflikts bleibt zwar noch aus, den Seiten gelingt es aber, Waffenpausen zu vereinbaren. Kuba spielt dabei eine wichtige Vermittlerrolle. Nach der j\u00fcngsten Vereinbarung zwischen der kolumbianischen Regierung und der Guerillabewegung ELN sollen die Waffen in dem s\u00fcdamerikanischen [&hellip;]\" \/>\n<meta property=\"og:url\" content=\"https:\/\/now-news.de\/de\/deutschland\/kolumbianische-regierung-und-guerilla-bewegung-eln-verlaengern-waffenruhe\/\" \/>\n<meta property=\"og:site_name\" content=\"just-now.NEWS Deutschland\" \/>\n<meta property=\"article:publisher\" content=\"https:\/\/www.facebook.com\/wirmachenauf\" \/>\n<meta property=\"article:published_time\" content=\"2024-01-30T09:29:55+00:00\" \/>\n<meta property=\"og:image\" content=\"https:\/\/now-news.de\/de\/wp-content\/uploads\/sites\/3\/2024\/01\/Kolumbianische-Regierung-und-Guerilla-Bewegung-ELN-verlaengern-Waffenruhe.jpg\" \/>\n\t<meta property=\"og:image:width\" content=\"460\" \/>\n\t<meta property=\"og:image:height\" content=\"259\" \/>\n\t<meta property=\"og:image:type\" content=\"image\/jpeg\" \/>\n<meta name=\"author\" content=\"rtnews\" \/>\n<meta name=\"twitter:card\" content=\"summary_large_image\" \/>\n<meta name=\"twitter:creator\" content=\"@WirMachenAuf_de\" \/>\n<meta name=\"twitter:site\" content=\"@WirMachenAuf_de\" \/>\n<meta name=\"twitter:label1\" content=\"Verfasst von\" \/>\n\t<meta name=\"twitter:data1\" content=\"rtnews\" \/>\n\t<meta name=\"twitter:label2\" content=\"Gesch\u00e4tzte Lesezeit\" \/>\n\t<meta name=\"twitter:data2\" content=\"2\u00a0Minuten\" \/>\n<script type=\"application\/ld+json\" class=\"yoast-schema-graph\">{\"@context\":\"https:\/\/schema.org\",\"@graph\":[{\"@type\":\"Article\",\"@id\":\"https:\/\/now-news.de\/de\/deutschland\/kolumbianische-regierung-und-guerilla-bewegung-eln-verlaengern-waffenruhe\/#article\",\"isPartOf\":{\"@id\":\"https:\/\/now-news.de\/de\/deutschland\/kolumbianische-regierung-und-guerilla-bewegung-eln-verlaengern-waffenruhe\/\"},\"author\":{\"name\":\"rtnews\",\"@id\":\"https:\/\/now-news.de\/de\/#\/schema\/person\/fb534a4e865501d8b3285208df34a9b5\"},\"headline\":\"Kolumbianische Regierung und Guerilla-Bewegung ELN verl\u00e4ngern Waffenruhe\",\"datePublished\":\"2024-01-30T09:29:55+00:00\",\"dateModified\":\"2024-01-30T09:29:55+00:00\",\"mainEntityOfPage\":{\"@id\":\"https:\/\/now-news.de\/de\/deutschland\/kolumbianische-regierung-und-guerilla-bewegung-eln-verlaengern-waffenruhe\/\"},\"wordCount\":447,\"commentCount\":0,\"publisher\":{\"@id\":\"https:\/\/now-news.de\/de\/#organization\"},\"image\":{\"@id\":\"https:\/\/now-news.de\/de\/deutschland\/kolumbianische-regierung-und-guerilla-bewegung-eln-verlaengern-waffenruhe\/#primaryimage\"},\"thumbnailUrl\":\"https:\/\/now-news.de\/de\/wp-content\/uploads\/sites\/3\/2024\/01\/Kolumbianische-Regierung-und-Guerilla-Bewegung-ELN-verlaengern-Waffenruhe.jpg\",\"keywords\":[\"ELN\",\"GuerillaBewegung\",\"kolumbianische\",\"Regierung\",\"und\",\"verl\u00e4ngern\",\"Waffenruhe\"],\"articleSection\":[\"Deutschland\",\"Russland\"],\"inLanguage\":\"de\",\"potentialAction\":[{\"@type\":\"CommentAction\",\"name\":\"Comment\",\"target\":[\"https:\/\/now-news.de\/de\/deutschland\/kolumbianische-regierung-und-guerilla-bewegung-eln-verlaengern-waffenruhe\/#respond\"]}]},{\"@type\":\"WebPage\",\"@id\":\"https:\/\/now-news.de\/de\/deutschland\/kolumbianische-regierung-und-guerilla-bewegung-eln-verlaengern-waffenruhe\/\",\"url\":\"https:\/\/now-news.de\/de\/deutschland\/kolumbianische-regierung-und-guerilla-bewegung-eln-verlaengern-waffenruhe\/\",\"name\":\"Kolumbianische Regierung und Guerilla-Bewegung ELN verl\u00e4ngern Waffenruhe - just-now.NEWS Deutschland\",\"isPartOf\":{\"@id\":\"https:\/\/now-news.de\/de\/#website\"},\"primaryImageOfPage\":{\"@id\":\"https:\/\/now-news.de\/de\/deutschland\/kolumbianische-regierung-und-guerilla-bewegung-eln-verlaengern-waffenruhe\/#primaryimage\"},\"image\":{\"@id\":\"https:\/\/now-news.de\/de\/deutschland\/kolumbianische-regierung-und-guerilla-bewegung-eln-verlaengern-waffenruhe\/#primaryimage\"},\"thumbnailUrl\":\"https:\/\/now-news.de\/de\/wp-content\/uploads\/sites\/3\/2024\/01\/Kolumbianische-Regierung-und-Guerilla-Bewegung-ELN-verlaengern-Waffenruhe.jpg\",\"datePublished\":\"2024-01-30T09:29:55+00:00\",\"dateModified\":\"2024-01-30T09:29:55+00:00\",\"breadcrumb\":{\"@id\":\"https:\/\/now-news.de\/de\/deutschland\/kolumbianische-regierung-und-guerilla-bewegung-eln-verlaengern-waffenruhe\/#breadcrumb\"},\"inLanguage\":\"de\",\"potentialAction\":[{\"@type\":\"ReadAction\",\"target\":[\"https:\/\/now-news.de\/de\/deutschland\/kolumbianische-regierung-und-guerilla-bewegung-eln-verlaengern-waffenruhe\/\"]}]},{\"@type\":\"ImageObject\",\"inLanguage\":\"de\",\"@id\":\"https:\/\/now-news.de\/de\/deutschland\/kolumbianische-regierung-und-guerilla-bewegung-eln-verlaengern-waffenruhe\/#primaryimage\",\"url\":\"https:\/\/now-news.de\/de\/wp-content\/uploads\/sites\/3\/2024\/01\/Kolumbianische-Regierung-und-Guerilla-Bewegung-ELN-verlaengern-Waffenruhe.jpg\",\"contentUrl\":\"https:\/\/now-news.de\/de\/wp-content\/uploads\/sites\/3\/2024\/01\/Kolumbianische-Regierung-und-Guerilla-Bewegung-ELN-verlaengern-Waffenruhe.jpg\",\"width\":460,\"height\":259,\"caption\":\"Kolumbianische Regierung und Guerilla-Bewegung ELN verl\u00e4ngern Waffenruhe\"},{\"@type\":\"BreadcrumbList\",\"@id\":\"https:\/\/now-news.de\/de\/deutschland\/kolumbianische-regierung-und-guerilla-bewegung-eln-verlaengern-waffenruhe\/#breadcrumb\",\"itemListElement\":[{\"@type\":\"ListItem\",\"position\":1,\"name\":\"Home\",\"item\":\"https:\/\/now-news.de\/de\/\"},{\"@type\":\"ListItem\",\"position\":2,\"name\":\"Kolumbianische Regierung und Guerilla-Bewegung ELN verl\u00e4ngern Waffenruhe\"}]},{\"@type\":\"WebSite\",\"@id\":\"https:\/\/now-news.de\/de\/#website\",\"url\":\"https:\/\/now-news.de\/de\/\",\"name\":\"just-now.NEWS Deutschland\",\"description\":\"Das Portal f\u00fcr unzensierte Nachrichten aus der Welt\",\"publisher\":{\"@id\":\"https:\/\/now-news.de\/de\/#organization\"},\"potentialAction\":[{\"@type\":\"SearchAction\",\"target\":{\"@type\":\"EntryPoint\",\"urlTemplate\":\"https:\/\/now-news.de\/de\/?s={search_term_string}\"},\"query-input\":\"required name=search_term_string\"}],\"inLanguage\":\"de\"},{\"@type\":\"Organization\",\"@id\":\"https:\/\/now-news.de\/de\/#organization\",\"name\":\"Just Now News\",\"url\":\"https:\/\/now-news.de\/de\/\",\"logo\":{\"@type\":\"ImageObject\",\"inLanguage\":\"de\",\"@id\":\"https:\/\/now-news.de\/de\/#\/schema\/logo\/image\/\",\"url\":\"http:\/\/just-now.news\/de\/wp-content\/uploads\/sites\/3\/2022\/04\/logo500x500.jpg\",\"contentUrl\":\"http:\/\/just-now.news\/de\/wp-content\/uploads\/sites\/3\/2022\/04\/logo500x500.jpg\",\"width\":500,\"height\":500,\"caption\":\"Just Now News\"},\"image\":{\"@id\":\"https:\/\/now-news.de\/de\/#\/schema\/logo\/image\/\"},\"sameAs\":[\"https:\/\/www.facebook.com\/wirmachenauf\",\"https:\/\/x.com\/WirMachenAuf_de\"]},{\"@type\":\"Person\",\"@id\":\"https:\/\/now-news.de\/de\/#\/schema\/person\/fb534a4e865501d8b3285208df34a9b5\",\"name\":\"rtnews\",\"image\":{\"@type\":\"ImageObject\",\"inLanguage\":\"de\",\"@id\":\"https:\/\/now-news.de\/de\/#\/schema\/person\/image\/\",\"url\":\"https:\/\/secure.gravatar.com\/avatar\/82aafea7d8127119dd649515f56e2117?s=96&d=mm&r=g\",\"contentUrl\":\"https:\/\/secure.gravatar.com\/avatar\/82aafea7d8127119dd649515f56e2117?s=96&d=mm&r=g\",\"caption\":\"rtnews\"},\"url\":\"https:\/\/now-news.de\/de\/author\/rnews\/\"}]}<\/script>\n<!-- \/ Yoast SEO Premium plugin. -->","yoast_head_json":{"title":"Kolumbianische Regierung und Guerilla-Bewegung ELN verl\u00e4ngern Waffenruhe - just-now.NEWS Deutschland","robots":{"index":"index","follow":"follow","max-snippet":"max-snippet:-1","max-image-preview":"max-image-preview:large","max-video-preview":"max-video-preview:-1"},"canonical":"https:\/\/now-news.de\/de\/deutschland\/kolumbianische-regierung-und-guerilla-bewegung-eln-verlaengern-waffenruhe\/","og_locale":"de_DE","og_type":"article","og_title":"Kolumbianische Regierung und Guerilla-Bewegung ELN verl\u00e4ngern Waffenruhe","og_description":"Seit Jahren f\u00fchrt die Regierung in Bogot\u00e1 Friedensgespr\u00e4che mit der linken Guerilla ELN. Eine endg\u00fcltige Beilegung des langj\u00e4hrigen Konflikts bleibt zwar noch aus, den Seiten gelingt es aber, Waffenpausen zu vereinbaren. Kuba spielt dabei eine wichtige Vermittlerrolle. Nach der j\u00fcngsten Vereinbarung zwischen der kolumbianischen Regierung und der Guerillabewegung ELN sollen die Waffen in dem s\u00fcdamerikanischen [&hellip;]","og_url":"https:\/\/now-news.de\/de\/deutschland\/kolumbianische-regierung-und-guerilla-bewegung-eln-verlaengern-waffenruhe\/","og_site_name":"just-now.NEWS Deutschland","article_publisher":"https:\/\/www.facebook.com\/wirmachenauf","article_published_time":"2024-01-30T09:29:55+00:00","og_image":[{"width":460,"height":259,"url":"https:\/\/now-news.de\/de\/wp-content\/uploads\/sites\/3\/2024\/01\/Kolumbianische-Regierung-und-Guerilla-Bewegung-ELN-verlaengern-Waffenruhe.jpg","type":"image\/jpeg"}],"author":"rtnews","twitter_card":"summary_large_image","twitter_creator":"@WirMachenAuf_de","twitter_site":"@WirMachenAuf_de","twitter_misc":{"Verfasst von":"rtnews","Gesch\u00e4tzte Lesezeit":"2\u00a0Minuten"},"schema":{"@context":"https:\/\/schema.org","@graph":[{"@type":"Article","@id":"https:\/\/now-news.de\/de\/deutschland\/kolumbianische-regierung-und-guerilla-bewegung-eln-verlaengern-waffenruhe\/#article","isPartOf":{"@id":"https:\/\/now-news.de\/de\/deutschland\/kolumbianische-regierung-und-guerilla-bewegung-eln-verlaengern-waffenruhe\/"},"author":{"name":"rtnews","@id":"https:\/\/now-news.de\/de\/#\/schema\/person\/fb534a4e865501d8b3285208df34a9b5"},"headline":"Kolumbianische Regierung und Guerilla-Bewegung ELN verl\u00e4ngern Waffenruhe","datePublished":"2024-01-30T09:29:55+00:00","dateModified":"2024-01-30T09:29:55+00:00","mainEntityOfPage":{"@id":"https:\/\/now-news.de\/de\/deutschland\/kolumbianische-regierung-und-guerilla-bewegung-eln-verlaengern-waffenruhe\/"},"wordCount":447,"commentCount":0,"publisher":{"@id":"https:\/\/now-news.de\/de\/#organization"},"image":{"@id":"https:\/\/now-news.de\/de\/deutschland\/kolumbianische-regierung-und-guerilla-bewegung-eln-verlaengern-waffenruhe\/#primaryimage"},"thumbnailUrl":"https:\/\/now-news.de\/de\/wp-content\/uploads\/sites\/3\/2024\/01\/Kolumbianische-Regierung-und-Guerilla-Bewegung-ELN-verlaengern-Waffenruhe.jpg","keywords":["ELN","GuerillaBewegung","kolumbianische","Regierung","und","verl\u00e4ngern","Waffenruhe"],"articleSection":["Deutschland","Russland"],"inLanguage":"de","potentialAction":[{"@type":"CommentAction","name":"Comment","target":["https:\/\/now-news.de\/de\/deutschland\/kolumbianische-regierung-und-guerilla-bewegung-eln-verlaengern-waffenruhe\/#respond"]}]},{"@type":"WebPage","@id":"https:\/\/now-news.de\/de\/deutschland\/kolumbianische-regierung-und-guerilla-bewegung-eln-verlaengern-waffenruhe\/","url":"https:\/\/now-news.de\/de\/deutschland\/kolumbianische-regierung-und-guerilla-bewegung-eln-verlaengern-waffenruhe\/","name":"Kolumbianische Regierung und Guerilla-Bewegung ELN verl\u00e4ngern Waffenruhe - just-now.NEWS Deutschland","isPartOf":{"@id":"https:\/\/now-news.de\/de\/#website"},"primaryImageOfPage":{"@id":"https:\/\/now-news.de\/de\/deutschland\/kolumbianische-regierung-und-guerilla-bewegung-eln-verlaengern-waffenruhe\/#primaryimage"},"image":{"@id":"https:\/\/now-news.de\/de\/deutschland\/kolumbianische-regierung-und-guerilla-bewegung-eln-verlaengern-waffenruhe\/#primaryimage"},"thumbnailUrl":"https:\/\/now-news.de\/de\/wp-content\/uploads\/sites\/3\/2024\/01\/Kolumbianische-Regierung-und-Guerilla-Bewegung-ELN-verlaengern-Waffenruhe.jpg","datePublished":"2024-01-30T09:29:55+00:00","dateModified":"2024-01-30T09:29:55+00:00","breadcrumb":{"@id":"https:\/\/now-news.de\/de\/deutschland\/kolumbianische-regierung-und-guerilla-bewegung-eln-verlaengern-waffenruhe\/#breadcrumb"},"inLanguage":"de","potentialAction":[{"@type":"ReadAction","target":["https:\/\/now-news.de\/de\/deutschland\/kolumbianische-regierung-und-guerilla-bewegung-eln-verlaengern-waffenruhe\/"]}]},{"@type":"ImageObject","inLanguage":"de","@id":"https:\/\/now-news.de\/de\/deutschland\/kolumbianische-regierung-und-guerilla-bewegung-eln-verlaengern-waffenruhe\/#primaryimage","url":"https:\/\/now-news.de\/de\/wp-content\/uploads\/sites\/3\/2024\/01\/Kolumbianische-Regierung-und-Guerilla-Bewegung-ELN-verlaengern-Waffenruhe.jpg","contentUrl":"https:\/\/now-news.de\/de\/wp-content\/uploads\/sites\/3\/2024\/01\/Kolumbianische-Regierung-und-Guerilla-Bewegung-ELN-verlaengern-Waffenruhe.jpg","width":460,"height":259,"caption":"Kolumbianische Regierung und Guerilla-Bewegung ELN verl\u00e4ngern Waffenruhe"},{"@type":"BreadcrumbList","@id":"https:\/\/now-news.de\/de\/deutschland\/kolumbianische-regierung-und-guerilla-bewegung-eln-verlaengern-waffenruhe\/#breadcrumb","itemListElement":[{"@type":"ListItem","position":1,"name":"Home","item":"https:\/\/now-news.de\/de\/"},{"@type":"ListItem","position":2,"name":"Kolumbianische Regierung und Guerilla-Bewegung ELN verl\u00e4ngern Waffenruhe"}]},{"@type":"WebSite","@id":"https:\/\/now-news.de\/de\/#website","url":"https:\/\/now-news.de\/de\/","name":"just-now.NEWS Deutschland","description":"Das Portal f\u00fcr unzensierte Nachrichten aus der Welt","publisher":{"@id":"https:\/\/now-news.de\/de\/#organization"},"potentialAction":[{"@type":"SearchAction","target":{"@type":"EntryPoint","urlTemplate":"https:\/\/now-news.de\/de\/?s={search_term_string}"},"query-input":"required name=search_term_string"}],"inLanguage":"de"},{"@type":"Organization","@id":"https:\/\/now-news.de\/de\/#organization","name":"Just Now News","url":"https:\/\/now-news.de\/de\/","logo":{"@type":"ImageObject","inLanguage":"de","@id":"https:\/\/now-news.de\/de\/#\/schema\/logo\/image\/","url":"http:\/\/just-now.news\/de\/wp-content\/uploads\/sites\/3\/2022\/04\/logo500x500.jpg","contentUrl":"http:\/\/just-now.news\/de\/wp-content\/uploads\/sites\/3\/2022\/04\/logo500x500.jpg","width":500,"height":500,"caption":"Just Now News"},"image":{"@id":"https:\/\/now-news.de\/de\/#\/schema\/logo\/image\/"},"sameAs":["https:\/\/www.facebook.com\/wirmachenauf","https:\/\/x.com\/WirMachenAuf_de"]},{"@type":"Person","@id":"https:\/\/now-news.de\/de\/#\/schema\/person\/fb534a4e865501d8b3285208df34a9b5","name":"rtnews","image":{"@type":"ImageObject","inLanguage":"de","@id":"https:\/\/now-news.de\/de\/#\/schema\/person\/image\/","url":"https:\/\/secure.gravatar.com\/avatar\/82aafea7d8127119dd649515f56e2117?s=96&d=mm&r=g","contentUrl":"https:\/\/secure.gravatar.com\/avatar\/82aafea7d8127119dd649515f56e2117?s=96&d=mm&r=g","caption":"rtnews"},"url":"https:\/\/now-news.de\/de\/author\/rnews\/"}]}},"_links":{"self":[{"href":"https:\/\/now-news.de\/de\/wp-json\/wp\/v2\/posts\/54282"}],"collection":[{"href":"https:\/\/now-news.de\/de\/wp-json\/wp\/v2\/posts"}],"about":[{"href":"https:\/\/now-news.de\/de\/wp-json\/wp\/v2\/types\/post"}],"author":[{"embeddable":true,"href":"https:\/\/now-news.de\/de\/wp-json\/wp\/v2\/users\/3"}],"replies":[{"embeddable":true,"href":"https:\/\/now-news.de\/de\/wp-json\/wp\/v2\/comments?post=54282"}],"version-history":[{"count":0,"href":"https:\/\/now-news.de\/de\/wp-json\/wp\/v2\/posts\/54282\/revisions"}],"wp:featuredmedia":[{"embeddable":true,"href":"https:\/\/now-news.de\/de\/wp-json\/wp\/v2\/media\/54283"}],"wp:attachment":[{"href":"https:\/\/now-news.de\/de\/wp-json\/wp\/v2\/media?parent=54282"}],"wp:term":[{"taxonomy":"category","embeddable":true,"href":"https:\/\/now-news.de\/de\/wp-json\/wp\/v2\/categories?post=54282"},{"taxonomy":"post_tag","embeddable":true,"href":"https:\/\/now-news.de\/de\/wp-json\/wp\/v2\/tags?post=54282"}],"curies":[{"name":"wp","href":"https:\/\/api.w.org\/{rel}","templated":true}]}}