{"id":54251,"date":"2024-01-29T20:59:50","date_gmt":"2024-01-29T18:59:50","guid":{"rendered":"https:\/\/just-now.news\/de\/deutschland\/afd-plant-kabinett-in-sachsen-%e2%80%92-und-startet-parteiausschlussverfahren-gegen-landtagsabgeordneten\/"},"modified":"2024-01-29T20:59:50","modified_gmt":"2024-01-29T18:59:50","slug":"afd-plant-kabinett-in-sachsen-%e2%80%92-und-startet-parteiausschlussverfahren-gegen-landtagsabgeordneten","status":"publish","type":"post","link":"https:\/\/now-news.de\/de\/deutschland\/afd-plant-kabinett-in-sachsen-%e2%80%92-und-startet-parteiausschlussverfahren-gegen-landtagsabgeordneten\/","title":{"rendered":"AfD plant Kabinett in Sachsen \u2012 und startet Parteiausschlussverfahren gegen Landtagsabgeordneten"},"content":{"rendered":"<p><img decoding=\"async\" src=\"http:\/\/just-now.news\/de\/wp-content\/uploads\/sites\/3\/2024\/01\/65b7df10b480cc6172632cd1.jpg\" \/><\/p>\n<div class=\"Text-root Text-type_1 \">\n                Mit 35 Prozent steht die AfD in Sachsen deutlich vor der CDU auf Platz eins in Umfragen. Nun plant man bereits f\u00fcr einen m\u00f6glichen Wahlsieg im September 2024. Gleichzeitig werden die Reihen auf &#8220;extremistische&#8221; Mitglieder \u00fcberpr\u00fcft: So l\u00e4uft ein Parteiausschlussverfahren gegen Roland Ulbrich.\n            <\/div>\n<p><\/p>\n<div class=\"Text-root Text-type_5 ArticleView-text ViewText-root \">\n<p>Die\u00a0AfD\u00a0in Sachsen <a rel=\"nofollow noopener\" target=\"_blank\" href=\"https:\/\/www.bild.de\/bild-plus\/politik\/inland\/politik-inland\/interne-geheim-plaene-aufgetaucht-afd-bereitet-erste-macht-uebernahme-im-osten-v-86941800.bild.html\">bereitet<\/a>\u00a0sich offensichtlich auf einen Triumph\u00a0bei den anstehenden Landtagswahlen im September vor. Das berichtet die\u00a0<em>Bild<\/em> unter Berufung auf Parteikreise. Landesparteichef J\u00f6rg Urban soll bereits eine Kabinettsliste zusammenstellen, die er allerdings weitgehend geheim halte. &#8220;Alles andere w\u00fcrde schlie\u00dflich nur Unruhe in die Partei bringen. Und die k\u00f6nnen wir nun gar nicht gebrauchen&#8221;, meint ein Mitglied des Landesvorstands.<\/p>\n<p>F\u00fcnf M\u00e4nner aus dem Umfeld von Urban gelten\u00a0laut dem Boulevardblatt\u00a0demnach als gesetzt: der Landtagsabgeordnete Joachim Keiler f\u00fcr das Justizministerium, Landtags-Fraktionsvize Sebastian Wippel f\u00fcr das Innenministerium sowie die Landtagsabgeordneten Andr\u00e9 Barth und Rolf Weigand f\u00fcr das Finanz- und das Kultusministerium. Der aktuelle Landtagsvize Andr\u00e9 Wendt k\u00f6nnte das Amt des Landtagspr\u00e4sidenten \u00fcbernehmen.<\/p>\n<p>Wer im Fall eines entscheidenden Wahlsiegs Ministerpr\u00e4sident werden k\u00f6nnte, ist allerdings noch fraglich. &#8220;Sollten wir wirklich allein regieren, erwarten alle, dass Chrupalla den Job des Ministerpr\u00e4sidenten beansprucht&#8221;, zitiert die Springer-Presse aus der Parteispitze. Dem steht entgegen, dass Sachsens aktueller AfD-Chef Urban als Spitzenkandidat der Partei in den Wahlkampf ziehen soll und dass AfD-Bundeschef Chrupalla Meldungen,\u00a0wonach er als m\u00f6glicher s\u00e4chsischer Ministerpr\u00e4sident gehandelt wird, noch vor wenigen Wochen\u00a0hatte dementieren lassen.<\/p>\n<p>Daneben sucht man bereits unter den Mitgliedern nach erfahrenem Verwaltungspersonal\u00a0\u2012 wie offenbar ein Rundbrief\u00a0aufgezeigt hat \u2012 und r\u00e4umt in den eigenen Reihen auf.<\/p>\n<p>In Dresden hat man ein\u00a0Parteiausschlussverfahren gegen den AfD-Landtagsabgeordneten Roland Ulbrich er\u00f6ffnet. Dieses erfolge in Abstimmung mit dem AfD-Bundesvorstand, teilte die Partei ebenfalls am Montag mit. Bei der n\u00e4chsten Fraktionssitzung am Mittwoch soll auch \u00fcber den Antrag des Fraktionsvorstandes zum Ausschluss aus der s\u00e4chsischen Landtagsfraktion entschieden werden, <a rel=\"nofollow noopener\" target=\"_blank\" href=\"https:\/\/www.mdr.de\/nachrichten\/sachsen\/rauswurf-afd-partei-ausschluss-verfahren-roland-ulbrich-100.html\">sagte<\/a> Pressesprecher Felix Menzel\u00a0dem <em>MDR<\/em>. Was genau die AfD dem Rechtsanwalt Ulbrich vorwirft, verriet Menzel nicht:<\/p>\n<blockquote>\n<p><em>&#8220;Ich kann das zum jetzigen Zeitpunkt nicht sagen.&#8221;\u00a0<\/em><\/p>\n<\/blockquote>\n<p>Der Generalsekret\u00e4r der AfD in Sachsen und parlamentarische Gesch\u00e4ftsf\u00fchrer der Landtagsfraktion, Jan-Oliver Zwerg, wird dazu folgenderma\u00dfen zitiert:<\/p>\n<blockquote>\n<p><em> &#8220;Roland Ulbrich hat in schwerwiegender Weise gegen die Parteigrunds\u00e4tze versto\u00dfen. Wir sind deshalb zum Handeln gezwungen. [&#8230;] Jeder, der sich extremistisch \u00e4u\u00dfert\u00a0\u2012 ganz gleich, ob rechts- oder linksextremistisch\u00a0\u2012 schadet der AfD massiv.&#8221; <\/em><\/p>\n<\/blockquote>\n<p>Ob eine angebliche &#8220;Reichsb\u00fcrger-N\u00e4he&#8221; damit zusammenh\u00e4ngt, wie der<em>\u00a0MDR<\/em> vermutet, ist bislang ausschlie\u00dflich im spekulativen Rahmen zu verorten.<\/p>\n<p><strong>Mehr zum Thema<\/strong>\u00a0&#8211;\u00a0<a rel=\"nofollow noopener\" target=\"_blank\" href=\"https:\/\/freedert.online\/inland\/193704-philosoph-nida-ruemelin-warnt-vor\/\">Philosoph Nida-R\u00fcmelin warnt vor linksradikalen &#8220;Hasspredigern&#8221; auf Anti-AfD-Demonstrationen<\/a><\/p>\n<\/p>\n<\/div>\n<p><br \/>\n<br \/><a href=\"https:\/\/de.rt.com\/inland\/194383-afd-plant-kabinett-in-sachsen\/\">Source link <\/a><\/p>\n","protected":false},"excerpt":{"rendered":"<p>Mit 35 Prozent steht die AfD in Sachsen deutlich vor der CDU auf Platz eins in Umfragen. Nun plant man bereits f\u00fcr einen m\u00f6glichen Wahlsieg im September 2024. Gleichzeitig werden die Reihen auf &#8220;extremistische&#8221; Mitglieder \u00fcberpr\u00fcft: So l\u00e4uft ein Parteiausschlussverfahren gegen Roland Ulbrich. Die\u00a0AfD\u00a0in Sachsen bereitet\u00a0sich offensichtlich auf einen Triumph\u00a0bei den anstehenden Landtagswahlen im September [&hellip;]<\/p>\n","protected":false},"author":3,"featured_media":54252,"comment_status":"open","ping_status":"open","sticky":false,"template":"","format":"standard","meta":{"_yoast_indexnow_last_ping":["1706555649"],"wp_automatic_camp":["217"],"4179ce0f58f589dbedbb28d4b212eb1f":["AfD plant Kabinett in Sachsen \u2012 und startet Parteiausschlussverfahren gegen Landtagsabgeordneten"],"original_link":["https:\/\/de.rt.com\/inland\/194383-afd-plant-kabinett-in-sachsen\/"],"_thumbnail_id":["54252"],"_wptgpro_p2tg_sent2tg":["a:1:{i:23737;s:19:\"2024-01-29 21:15:14\";}"],"jnews_social_counter_last_update":["1777573359"]},"categories":[19,23],"tags":[3815,278,48522,52496,52949,2559,5488,1338,140],"yoast_head":"<!-- This site is optimized with the Yoast SEO Premium plugin v22.7 (Yoast SEO v22.7) - https:\/\/yoast.com\/wordpress\/plugins\/seo\/ -->\n<title>AfD plant Kabinett in Sachsen \u2012 und startet Parteiausschlussverfahren gegen Landtagsabgeordneten - just-now.NEWS Deutschland<\/title>\n<meta name=\"robots\" content=\"index, follow, max-snippet:-1, max-image-preview:large, max-video-preview:-1\" \/>\n<link rel=\"canonical\" href=\"https:\/\/now-news.de\/de\/deutschland\/afd-plant-kabinett-in-sachsen-\u2012-und-startet-parteiausschlussverfahren-gegen-landtagsabgeordneten\/\" \/>\n<meta property=\"og:locale\" content=\"de_DE\" \/>\n<meta property=\"og:type\" content=\"article\" \/>\n<meta property=\"og:title\" content=\"AfD plant Kabinett in Sachsen \u2012 und startet Parteiausschlussverfahren gegen Landtagsabgeordneten\" \/>\n<meta property=\"og:description\" content=\"Mit 35 Prozent steht die AfD in Sachsen deutlich vor der CDU auf Platz eins in Umfragen. Nun plant man bereits f\u00fcr einen m\u00f6glichen Wahlsieg im September 2024. Gleichzeitig werden die Reihen auf &#8220;extremistische&#8221; Mitglieder \u00fcberpr\u00fcft: So l\u00e4uft ein Parteiausschlussverfahren gegen Roland Ulbrich. Die\u00a0AfD\u00a0in Sachsen bereitet\u00a0sich offensichtlich auf einen Triumph\u00a0bei den anstehenden Landtagswahlen im September [&hellip;]\" \/>\n<meta property=\"og:url\" content=\"https:\/\/now-news.de\/de\/deutschland\/afd-plant-kabinett-in-sachsen-\u2012-und-startet-parteiausschlussverfahren-gegen-landtagsabgeordneten\/\" \/>\n<meta property=\"og:site_name\" content=\"just-now.NEWS Deutschland\" \/>\n<meta property=\"article:publisher\" content=\"https:\/\/www.facebook.com\/wirmachenauf\" \/>\n<meta property=\"article:published_time\" content=\"2024-01-29T18:59:50+00:00\" \/>\n<meta property=\"og:image\" content=\"https:\/\/now-news.de\/de\/wp-content\/uploads\/sites\/3\/2024\/01\/AfD-plant-Kabinett-in-Sachsen-\u2012-und-startet-Parteiausschlussverfahren-gegen.jpg\" \/>\n\t<meta property=\"og:image:width\" content=\"460\" \/>\n\t<meta property=\"og:image:height\" content=\"259\" \/>\n\t<meta property=\"og:image:type\" content=\"image\/jpeg\" \/>\n<meta name=\"author\" content=\"rtnews\" \/>\n<meta name=\"twitter:card\" content=\"summary_large_image\" \/>\n<meta name=\"twitter:creator\" content=\"@WirMachenAuf_de\" \/>\n<meta name=\"twitter:site\" content=\"@WirMachenAuf_de\" \/>\n<meta name=\"twitter:label1\" content=\"Verfasst von\" \/>\n\t<meta name=\"twitter:data1\" content=\"rtnews\" \/>\n\t<meta name=\"twitter:label2\" content=\"Gesch\u00e4tzte Lesezeit\" \/>\n\t<meta name=\"twitter:data2\" content=\"2\u00a0Minuten\" \/>\n<script type=\"application\/ld+json\" class=\"yoast-schema-graph\">{\"@context\":\"https:\/\/schema.org\",\"@graph\":[{\"@type\":\"Article\",\"@id\":\"https:\/\/now-news.de\/de\/deutschland\/afd-plant-kabinett-in-sachsen-%e2%80%92-und-startet-parteiausschlussverfahren-gegen-landtagsabgeordneten\/#article\",\"isPartOf\":{\"@id\":\"https:\/\/now-news.de\/de\/deutschland\/afd-plant-kabinett-in-sachsen-%e2%80%92-und-startet-parteiausschlussverfahren-gegen-landtagsabgeordneten\/\"},\"author\":{\"name\":\"rtnews\",\"@id\":\"https:\/\/now-news.de\/de\/#\/schema\/person\/fb534a4e865501d8b3285208df34a9b5\"},\"headline\":\"AfD plant Kabinett in Sachsen \u2012 und startet Parteiausschlussverfahren gegen Landtagsabgeordneten\",\"datePublished\":\"2024-01-29T18:59:50+00:00\",\"dateModified\":\"2024-01-29T18:59:50+00:00\",\"mainEntityOfPage\":{\"@id\":\"https:\/\/now-news.de\/de\/deutschland\/afd-plant-kabinett-in-sachsen-%e2%80%92-und-startet-parteiausschlussverfahren-gegen-landtagsabgeordneten\/\"},\"wordCount\":448,\"commentCount\":0,\"publisher\":{\"@id\":\"https:\/\/now-news.de\/de\/#organization\"},\"image\":{\"@id\":\"https:\/\/now-news.de\/de\/deutschland\/afd-plant-kabinett-in-sachsen-%e2%80%92-und-startet-parteiausschlussverfahren-gegen-landtagsabgeordneten\/#primaryimage\"},\"thumbnailUrl\":\"https:\/\/now-news.de\/de\/wp-content\/uploads\/sites\/3\/2024\/01\/AfD-plant-Kabinett-in-Sachsen-\u2012-und-startet-Parteiausschlussverfahren-gegen.jpg\",\"keywords\":[\"AfD\",\"gegen\",\"Kabinett\",\"Landtagsabgeordneten\",\"Parteiausschlussverfahren\",\"plant\",\"Sachsen\",\"startet\",\"und\"],\"articleSection\":[\"Deutschland\",\"Russland\"],\"inLanguage\":\"de\",\"potentialAction\":[{\"@type\":\"CommentAction\",\"name\":\"Comment\",\"target\":[\"https:\/\/now-news.de\/de\/deutschland\/afd-plant-kabinett-in-sachsen-%e2%80%92-und-startet-parteiausschlussverfahren-gegen-landtagsabgeordneten\/#respond\"]}]},{\"@type\":\"WebPage\",\"@id\":\"https:\/\/now-news.de\/de\/deutschland\/afd-plant-kabinett-in-sachsen-%e2%80%92-und-startet-parteiausschlussverfahren-gegen-landtagsabgeordneten\/\",\"url\":\"https:\/\/now-news.de\/de\/deutschland\/afd-plant-kabinett-in-sachsen-%e2%80%92-und-startet-parteiausschlussverfahren-gegen-landtagsabgeordneten\/\",\"name\":\"AfD plant Kabinett in Sachsen \u2012 und startet Parteiausschlussverfahren gegen Landtagsabgeordneten - just-now.NEWS Deutschland\",\"isPartOf\":{\"@id\":\"https:\/\/now-news.de\/de\/#website\"},\"primaryImageOfPage\":{\"@id\":\"https:\/\/now-news.de\/de\/deutschland\/afd-plant-kabinett-in-sachsen-%e2%80%92-und-startet-parteiausschlussverfahren-gegen-landtagsabgeordneten\/#primaryimage\"},\"image\":{\"@id\":\"https:\/\/now-news.de\/de\/deutschland\/afd-plant-kabinett-in-sachsen-%e2%80%92-und-startet-parteiausschlussverfahren-gegen-landtagsabgeordneten\/#primaryimage\"},\"thumbnailUrl\":\"https:\/\/now-news.de\/de\/wp-content\/uploads\/sites\/3\/2024\/01\/AfD-plant-Kabinett-in-Sachsen-\u2012-und-startet-Parteiausschlussverfahren-gegen.jpg\",\"datePublished\":\"2024-01-29T18:59:50+00:00\",\"dateModified\":\"2024-01-29T18:59:50+00:00\",\"breadcrumb\":{\"@id\":\"https:\/\/now-news.de\/de\/deutschland\/afd-plant-kabinett-in-sachsen-%e2%80%92-und-startet-parteiausschlussverfahren-gegen-landtagsabgeordneten\/#breadcrumb\"},\"inLanguage\":\"de\",\"potentialAction\":[{\"@type\":\"ReadAction\",\"target\":[\"https:\/\/now-news.de\/de\/deutschland\/afd-plant-kabinett-in-sachsen-%e2%80%92-und-startet-parteiausschlussverfahren-gegen-landtagsabgeordneten\/\"]}]},{\"@type\":\"ImageObject\",\"inLanguage\":\"de\",\"@id\":\"https:\/\/now-news.de\/de\/deutschland\/afd-plant-kabinett-in-sachsen-%e2%80%92-und-startet-parteiausschlussverfahren-gegen-landtagsabgeordneten\/#primaryimage\",\"url\":\"https:\/\/now-news.de\/de\/wp-content\/uploads\/sites\/3\/2024\/01\/AfD-plant-Kabinett-in-Sachsen-\u2012-und-startet-Parteiausschlussverfahren-gegen.jpg\",\"contentUrl\":\"https:\/\/now-news.de\/de\/wp-content\/uploads\/sites\/3\/2024\/01\/AfD-plant-Kabinett-in-Sachsen-\u2012-und-startet-Parteiausschlussverfahren-gegen.jpg\",\"width\":460,\"height\":259,\"caption\":\"AfD plant Kabinett in Sachsen \u2012 und startet Parteiausschlussverfahren gegen Landtagsabgeordneten\"},{\"@type\":\"BreadcrumbList\",\"@id\":\"https:\/\/now-news.de\/de\/deutschland\/afd-plant-kabinett-in-sachsen-%e2%80%92-und-startet-parteiausschlussverfahren-gegen-landtagsabgeordneten\/#breadcrumb\",\"itemListElement\":[{\"@type\":\"ListItem\",\"position\":1,\"name\":\"Home\",\"item\":\"https:\/\/now-news.de\/de\/\"},{\"@type\":\"ListItem\",\"position\":2,\"name\":\"AfD plant Kabinett in Sachsen \u2012 und startet Parteiausschlussverfahren gegen Landtagsabgeordneten\"}]},{\"@type\":\"WebSite\",\"@id\":\"https:\/\/now-news.de\/de\/#website\",\"url\":\"https:\/\/now-news.de\/de\/\",\"name\":\"just-now.NEWS Deutschland\",\"description\":\"Das Portal f\u00fcr unzensierte Nachrichten aus der Welt\",\"publisher\":{\"@id\":\"https:\/\/now-news.de\/de\/#organization\"},\"potentialAction\":[{\"@type\":\"SearchAction\",\"target\":{\"@type\":\"EntryPoint\",\"urlTemplate\":\"https:\/\/now-news.de\/de\/?s={search_term_string}\"},\"query-input\":\"required name=search_term_string\"}],\"inLanguage\":\"de\"},{\"@type\":\"Organization\",\"@id\":\"https:\/\/now-news.de\/de\/#organization\",\"name\":\"Just Now News\",\"url\":\"https:\/\/now-news.de\/de\/\",\"logo\":{\"@type\":\"ImageObject\",\"inLanguage\":\"de\",\"@id\":\"https:\/\/now-news.de\/de\/#\/schema\/logo\/image\/\",\"url\":\"http:\/\/just-now.news\/de\/wp-content\/uploads\/sites\/3\/2022\/04\/logo500x500.jpg\",\"contentUrl\":\"http:\/\/just-now.news\/de\/wp-content\/uploads\/sites\/3\/2022\/04\/logo500x500.jpg\",\"width\":500,\"height\":500,\"caption\":\"Just Now News\"},\"image\":{\"@id\":\"https:\/\/now-news.de\/de\/#\/schema\/logo\/image\/\"},\"sameAs\":[\"https:\/\/www.facebook.com\/wirmachenauf\",\"https:\/\/x.com\/WirMachenAuf_de\"]},{\"@type\":\"Person\",\"@id\":\"https:\/\/now-news.de\/de\/#\/schema\/person\/fb534a4e865501d8b3285208df34a9b5\",\"name\":\"rtnews\",\"image\":{\"@type\":\"ImageObject\",\"inLanguage\":\"de\",\"@id\":\"https:\/\/now-news.de\/de\/#\/schema\/person\/image\/\",\"url\":\"https:\/\/secure.gravatar.com\/avatar\/82aafea7d8127119dd649515f56e2117?s=96&d=mm&r=g\",\"contentUrl\":\"https:\/\/secure.gravatar.com\/avatar\/82aafea7d8127119dd649515f56e2117?s=96&d=mm&r=g\",\"caption\":\"rtnews\"},\"url\":\"https:\/\/now-news.de\/de\/author\/rnews\/\"}]}<\/script>\n<!-- \/ Yoast SEO Premium plugin. -->","yoast_head_json":{"title":"AfD plant Kabinett in Sachsen \u2012 und startet Parteiausschlussverfahren gegen Landtagsabgeordneten - just-now.NEWS Deutschland","robots":{"index":"index","follow":"follow","max-snippet":"max-snippet:-1","max-image-preview":"max-image-preview:large","max-video-preview":"max-video-preview:-1"},"canonical":"https:\/\/now-news.de\/de\/deutschland\/afd-plant-kabinett-in-sachsen-\u2012-und-startet-parteiausschlussverfahren-gegen-landtagsabgeordneten\/","og_locale":"de_DE","og_type":"article","og_title":"AfD plant Kabinett in Sachsen \u2012 und startet Parteiausschlussverfahren gegen Landtagsabgeordneten","og_description":"Mit 35 Prozent steht die AfD in Sachsen deutlich vor der CDU auf Platz eins in Umfragen. Nun plant man bereits f\u00fcr einen m\u00f6glichen Wahlsieg im September 2024. Gleichzeitig werden die Reihen auf &#8220;extremistische&#8221; Mitglieder \u00fcberpr\u00fcft: So l\u00e4uft ein Parteiausschlussverfahren gegen Roland Ulbrich. Die\u00a0AfD\u00a0in Sachsen bereitet\u00a0sich offensichtlich auf einen Triumph\u00a0bei den anstehenden Landtagswahlen im September [&hellip;]","og_url":"https:\/\/now-news.de\/de\/deutschland\/afd-plant-kabinett-in-sachsen-\u2012-und-startet-parteiausschlussverfahren-gegen-landtagsabgeordneten\/","og_site_name":"just-now.NEWS Deutschland","article_publisher":"https:\/\/www.facebook.com\/wirmachenauf","article_published_time":"2024-01-29T18:59:50+00:00","og_image":[{"width":460,"height":259,"url":"https:\/\/now-news.de\/de\/wp-content\/uploads\/sites\/3\/2024\/01\/AfD-plant-Kabinett-in-Sachsen-\u2012-und-startet-Parteiausschlussverfahren-gegen.jpg","type":"image\/jpeg"}],"author":"rtnews","twitter_card":"summary_large_image","twitter_creator":"@WirMachenAuf_de","twitter_site":"@WirMachenAuf_de","twitter_misc":{"Verfasst von":"rtnews","Gesch\u00e4tzte Lesezeit":"2\u00a0Minuten"},"schema":{"@context":"https:\/\/schema.org","@graph":[{"@type":"Article","@id":"https:\/\/now-news.de\/de\/deutschland\/afd-plant-kabinett-in-sachsen-%e2%80%92-und-startet-parteiausschlussverfahren-gegen-landtagsabgeordneten\/#article","isPartOf":{"@id":"https:\/\/now-news.de\/de\/deutschland\/afd-plant-kabinett-in-sachsen-%e2%80%92-und-startet-parteiausschlussverfahren-gegen-landtagsabgeordneten\/"},"author":{"name":"rtnews","@id":"https:\/\/now-news.de\/de\/#\/schema\/person\/fb534a4e865501d8b3285208df34a9b5"},"headline":"AfD plant Kabinett in Sachsen \u2012 und startet Parteiausschlussverfahren gegen Landtagsabgeordneten","datePublished":"2024-01-29T18:59:50+00:00","dateModified":"2024-01-29T18:59:50+00:00","mainEntityOfPage":{"@id":"https:\/\/now-news.de\/de\/deutschland\/afd-plant-kabinett-in-sachsen-%e2%80%92-und-startet-parteiausschlussverfahren-gegen-landtagsabgeordneten\/"},"wordCount":448,"commentCount":0,"publisher":{"@id":"https:\/\/now-news.de\/de\/#organization"},"image":{"@id":"https:\/\/now-news.de\/de\/deutschland\/afd-plant-kabinett-in-sachsen-%e2%80%92-und-startet-parteiausschlussverfahren-gegen-landtagsabgeordneten\/#primaryimage"},"thumbnailUrl":"https:\/\/now-news.de\/de\/wp-content\/uploads\/sites\/3\/2024\/01\/AfD-plant-Kabinett-in-Sachsen-\u2012-und-startet-Parteiausschlussverfahren-gegen.jpg","keywords":["AfD","gegen","Kabinett","Landtagsabgeordneten","Parteiausschlussverfahren","plant","Sachsen","startet","und"],"articleSection":["Deutschland","Russland"],"inLanguage":"de","potentialAction":[{"@type":"CommentAction","name":"Comment","target":["https:\/\/now-news.de\/de\/deutschland\/afd-plant-kabinett-in-sachsen-%e2%80%92-und-startet-parteiausschlussverfahren-gegen-landtagsabgeordneten\/#respond"]}]},{"@type":"WebPage","@id":"https:\/\/now-news.de\/de\/deutschland\/afd-plant-kabinett-in-sachsen-%e2%80%92-und-startet-parteiausschlussverfahren-gegen-landtagsabgeordneten\/","url":"https:\/\/now-news.de\/de\/deutschland\/afd-plant-kabinett-in-sachsen-%e2%80%92-und-startet-parteiausschlussverfahren-gegen-landtagsabgeordneten\/","name":"AfD plant Kabinett in Sachsen \u2012 und startet Parteiausschlussverfahren gegen Landtagsabgeordneten - just-now.NEWS Deutschland","isPartOf":{"@id":"https:\/\/now-news.de\/de\/#website"},"primaryImageOfPage":{"@id":"https:\/\/now-news.de\/de\/deutschland\/afd-plant-kabinett-in-sachsen-%e2%80%92-und-startet-parteiausschlussverfahren-gegen-landtagsabgeordneten\/#primaryimage"},"image":{"@id":"https:\/\/now-news.de\/de\/deutschland\/afd-plant-kabinett-in-sachsen-%e2%80%92-und-startet-parteiausschlussverfahren-gegen-landtagsabgeordneten\/#primaryimage"},"thumbnailUrl":"https:\/\/now-news.de\/de\/wp-content\/uploads\/sites\/3\/2024\/01\/AfD-plant-Kabinett-in-Sachsen-\u2012-und-startet-Parteiausschlussverfahren-gegen.jpg","datePublished":"2024-01-29T18:59:50+00:00","dateModified":"2024-01-29T18:59:50+00:00","breadcrumb":{"@id":"https:\/\/now-news.de\/de\/deutschland\/afd-plant-kabinett-in-sachsen-%e2%80%92-und-startet-parteiausschlussverfahren-gegen-landtagsabgeordneten\/#breadcrumb"},"inLanguage":"de","potentialAction":[{"@type":"ReadAction","target":["https:\/\/now-news.de\/de\/deutschland\/afd-plant-kabinett-in-sachsen-%e2%80%92-und-startet-parteiausschlussverfahren-gegen-landtagsabgeordneten\/"]}]},{"@type":"ImageObject","inLanguage":"de","@id":"https:\/\/now-news.de\/de\/deutschland\/afd-plant-kabinett-in-sachsen-%e2%80%92-und-startet-parteiausschlussverfahren-gegen-landtagsabgeordneten\/#primaryimage","url":"https:\/\/now-news.de\/de\/wp-content\/uploads\/sites\/3\/2024\/01\/AfD-plant-Kabinett-in-Sachsen-\u2012-und-startet-Parteiausschlussverfahren-gegen.jpg","contentUrl":"https:\/\/now-news.de\/de\/wp-content\/uploads\/sites\/3\/2024\/01\/AfD-plant-Kabinett-in-Sachsen-\u2012-und-startet-Parteiausschlussverfahren-gegen.jpg","width":460,"height":259,"caption":"AfD plant Kabinett in Sachsen \u2012 und startet Parteiausschlussverfahren gegen Landtagsabgeordneten"},{"@type":"BreadcrumbList","@id":"https:\/\/now-news.de\/de\/deutschland\/afd-plant-kabinett-in-sachsen-%e2%80%92-und-startet-parteiausschlussverfahren-gegen-landtagsabgeordneten\/#breadcrumb","itemListElement":[{"@type":"ListItem","position":1,"name":"Home","item":"https:\/\/now-news.de\/de\/"},{"@type":"ListItem","position":2,"name":"AfD plant Kabinett in Sachsen \u2012 und startet Parteiausschlussverfahren gegen Landtagsabgeordneten"}]},{"@type":"WebSite","@id":"https:\/\/now-news.de\/de\/#website","url":"https:\/\/now-news.de\/de\/","name":"just-now.NEWS Deutschland","description":"Das Portal f\u00fcr unzensierte Nachrichten aus der Welt","publisher":{"@id":"https:\/\/now-news.de\/de\/#organization"},"potentialAction":[{"@type":"SearchAction","target":{"@type":"EntryPoint","urlTemplate":"https:\/\/now-news.de\/de\/?s={search_term_string}"},"query-input":"required name=search_term_string"}],"inLanguage":"de"},{"@type":"Organization","@id":"https:\/\/now-news.de\/de\/#organization","name":"Just Now News","url":"https:\/\/now-news.de\/de\/","logo":{"@type":"ImageObject","inLanguage":"de","@id":"https:\/\/now-news.de\/de\/#\/schema\/logo\/image\/","url":"http:\/\/just-now.news\/de\/wp-content\/uploads\/sites\/3\/2022\/04\/logo500x500.jpg","contentUrl":"http:\/\/just-now.news\/de\/wp-content\/uploads\/sites\/3\/2022\/04\/logo500x500.jpg","width":500,"height":500,"caption":"Just Now News"},"image":{"@id":"https:\/\/now-news.de\/de\/#\/schema\/logo\/image\/"},"sameAs":["https:\/\/www.facebook.com\/wirmachenauf","https:\/\/x.com\/WirMachenAuf_de"]},{"@type":"Person","@id":"https:\/\/now-news.de\/de\/#\/schema\/person\/fb534a4e865501d8b3285208df34a9b5","name":"rtnews","image":{"@type":"ImageObject","inLanguage":"de","@id":"https:\/\/now-news.de\/de\/#\/schema\/person\/image\/","url":"https:\/\/secure.gravatar.com\/avatar\/82aafea7d8127119dd649515f56e2117?s=96&d=mm&r=g","contentUrl":"https:\/\/secure.gravatar.com\/avatar\/82aafea7d8127119dd649515f56e2117?s=96&d=mm&r=g","caption":"rtnews"},"url":"https:\/\/now-news.de\/de\/author\/rnews\/"}]}},"_links":{"self":[{"href":"https:\/\/now-news.de\/de\/wp-json\/wp\/v2\/posts\/54251"}],"collection":[{"href":"https:\/\/now-news.de\/de\/wp-json\/wp\/v2\/posts"}],"about":[{"href":"https:\/\/now-news.de\/de\/wp-json\/wp\/v2\/types\/post"}],"author":[{"embeddable":true,"href":"https:\/\/now-news.de\/de\/wp-json\/wp\/v2\/users\/3"}],"replies":[{"embeddable":true,"href":"https:\/\/now-news.de\/de\/wp-json\/wp\/v2\/comments?post=54251"}],"version-history":[{"count":0,"href":"https:\/\/now-news.de\/de\/wp-json\/wp\/v2\/posts\/54251\/revisions"}],"wp:featuredmedia":[{"embeddable":true,"href":"https:\/\/now-news.de\/de\/wp-json\/wp\/v2\/media\/54252"}],"wp:attachment":[{"href":"https:\/\/now-news.de\/de\/wp-json\/wp\/v2\/media?parent=54251"}],"wp:term":[{"taxonomy":"category","embeddable":true,"href":"https:\/\/now-news.de\/de\/wp-json\/wp\/v2\/categories?post=54251"},{"taxonomy":"post_tag","embeddable":true,"href":"https:\/\/now-news.de\/de\/wp-json\/wp\/v2\/tags?post=54251"}],"curies":[{"name":"wp","href":"https:\/\/api.w.org\/{rel}","templated":true}]}}