{"id":54195,"date":"2024-01-29T10:01:13","date_gmt":"2024-01-29T08:01:13","guid":{"rendered":"https:\/\/just-now.news\/de\/deutschland\/nach-correctiv-bericht-zum-potsdamer-geheimtreffen-was-wusste-der-verfassungsschutz\/"},"modified":"2024-01-29T10:01:13","modified_gmt":"2024-01-29T08:01:13","slug":"nach-correctiv-bericht-zum-potsdamer-geheimtreffen-was-wusste-der-verfassungsschutz","status":"publish","type":"post","link":"https:\/\/now-news.de\/de\/deutschland\/nach-correctiv-bericht-zum-potsdamer-geheimtreffen-was-wusste-der-verfassungsschutz\/","title":{"rendered":"Nach &quot;Correctiv&quot;-Bericht zum Potsdamer &quot;Geheimtreffen&quot;: Was wusste der Verfassungsschutz?"},"content":{"rendered":"<p><img decoding=\"async\" src=\"http:\/\/just-now.news\/de\/wp-content\/uploads\/sites\/3\/2024\/01\/65b6d5d848fbef42f36fc708.jpg\" \/><\/p>\n<div class=\"Text-root Text-type_1 \">\n                Laut einem Bericht des Magazins &#8220;Tichys Einblick&#8221; soll das Bundesamt f\u00fcr Verfassungsschutz bereits im Vorfeld vom &#8220;Geheimtreffen&#8221; rechter Akteure im Potsdamer Hotel &#8220;Landhaus Adlon&#8221; gewusst haben. Demnach wusste man bereits seit Anfang November von diesem geplanten Treffen.\n            <\/div>\n<p><\/p>\n<div class=\"Text-root Text-type_5 ArticleView-text ViewText-root \">\n<p>Einem Medienbericht zufolge soll das Bundesamt f\u00fcr Verfassungsschutz bereits im Vorfeld von dem &#8220;Geheimtreffen&#8221; im Potsdamer Hotel Landhaus Adlon gewusst haben. Das Treffen von rechten Akteuren, bei dem es um das Thema &#8220;Remigration&#8221; gegangen sein soll und an dem auch Vertreter der AfD und CDU teilnahmen, wurde durch Ver\u00f6ffentlichungen des &#8220;<em>Recherchenetzwerks Correctiv<\/em>&#8221; bekannt und ist seitdem Teil einer politischen und Medien-Kampagne.<\/p>\n<p>Nun soll bei einer Veranstaltung des Deutschen Presseclubs soll der Pr\u00e4sident des Bundesamtes f\u00fcr Verfassungsschutz Thomas Haldenwang vor Pressevertretern erkl\u00e4rt haben, er sei &#8220;beeindruckt&#8221; \u00fcber das jetzige Engagement vieler B\u00fcrger, die jetzt gegen die &#8220;Gefahr durch die Alternative f\u00fcr Deutschland demonstrierten&#8221;.<\/p>\n<p>Laut einem am Donnerstag ver\u00f6ffentlichten <a rel=\"nofollow noopener\" target=\"_blank\" href=\"https:\/\/www.tichyseinblick.de\/daili-es-sentials\/verfassungsschutz-treffen-landhaus-adlon\/\">Bericht<\/a> des konservativen Magazins <em>Tichys Einblick <\/em>soll der Verfassungsschutz-Pr\u00e4sident Haldenwang anschlie\u00dfend vor ausgew\u00e4hlten Medienvertretern erkl\u00e4rt haben, dass man in seiner Beh\u00f6rde bereits seit Anfang November \u2013 also lange vor dem vermeintlichen &#8220;Geheimtreffen&#8221; im Potsdamer Hotel Landhaus Adlon am 25. November 2023 \u2013 von diesem verabredeten Treffen gewusst haben will. Demnach soll der Verfassungsschutz auch \u00fcber die Gruppe der eingeladenen Personen genau Bescheid gewusst haben. Man kannte demnach sowohl die Teilnehmer als auch die Zeit und den Ort. Im Artikel f\u00e4llt dazu das Zitat:<\/p>\n<blockquote>\n<p><em>&#8220;Wir kennen sie alle.&#8221;<\/em><\/p>\n<\/blockquote>\n<p>Der Verfassungsschutz soll auch gewusst haben, dass die Eingeladenen des Potsdamer Treffens ausdr\u00fccklich keine Aufzeichnungen vereinbart hatten. Unter Berufung auf &#8220;Sicherheitsinsider&#8221;, die sich vertraulich an das Magazin gewandt haben sollen, hei\u00dft es im Artikel von <em>Tichys Einblick<\/em> auch, dass <em>Correctiv<\/em> nach eigenen Angaben Wortprotokolle des Treffens besitze. Die &#8220;Sicherheitsinsider&#8221; erkl\u00e4rten <em>Tichys Einblick <\/em>zufolge auch, dass ein &#8220;nachrichtendienstliches Mittel&#8221; in einer Wanduhr des Konferenzraumes im Potsdamer Hotel gefunden worden w\u00e4re \u2013 also wom\u00f6glich eine sogenannte &#8220;Wanze&#8221;.<\/p>\n<p>Bisher ist jedoch unklar \u2013 wie auch zahlreiche andere Details an den &#8220;Enth\u00fcllungen&#8221; von <em>Correctiv<\/em> unklar sind \u2013, ob tats\u00e4chlich eine &#8220;Wanze&#8221; zum Einsatz kam. Am Tag nach dem Erscheinen des Artikels behauptete Roland Tichy, dass <em>Tichys Einblick <\/em>\u00a0&#8220;gezwungen werde, diese Meldung zu l\u00f6schen&#8221;:<\/p>\n<blockquote>\n<p><em>&#8220;Aufregung in Berlin: Offizielle Best\u00e4tigung, dass Verfassungsschutz das private &#8216;Wannsee-Treffen&#8217; abgeh\u00f6rt und wom\u00f6glich an <\/em>Correctiv<em> weitergegeben hat. TE soll gezwungen werden, diese Meldung zu l\u00f6schen. Wir werden f\u00fcr die Pressefreiheit k\u00e4mpfen und weiter \u00fcber diese Machenschaften informieren.&#8221;<\/em><\/p>\n<\/blockquote>\n<div class=\"EmbedBlock-root EmbedBlock-twitter\">\n<div class=\"TwitterEmbed\">\n<blockquote class=\"twitter-tweet lazyload\" data-twitter=\"twitter-tweet\">\n<p lang=\"de\" dir=\"ltr\">Aufregung in Berlin: Offizielle Best\u00e4tigung, dass Verfassungsschutz das private &#8220;Wannsee-Treffen&#8221; abgeh\u00f6rt und wom\u00f6glich an Correctiv weitergegeben hat. TE soll gezwungen werden, diese Meldung zu l\u00f6schen. Wir werden f\u00fcr die Pressefreiheit k\u00e4mpfen und weiter \u00fcber diese\u2026<\/p>\n<p>\u2014 Roland Tichy (@RolandTichy) <a rel=\"nofollow noopener\" target=\"_blank\" href=\"https:\/\/twitter.com\/RolandTichy\/status\/1750971554651943400?ref_src=twsrc%5Etfw\">January 26, 2024<\/a><\/p><\/blockquote>\n<\/div>\n<\/div>\n<p>Vertreter von <em>Correctiv<\/em> schrieben daraufhin auf X (Twitter), dass Tichy &#8220;Unsinn&#8221; \u00fcber ihre sogenannte Recherche verbreite und es sich daher nicht lohne, sich &#8220;inhaltlich mit ihm auseinanderzusetzen&#8221;.<\/p>\n<p><strong>Mehr zum Thema &#8211;<\/strong>\u00a0<a rel=\"nofollow noopener\" target=\"_blank\" href=\"https:\/\/freedert.online\/meinung\/193347-remigration-ich-habe-fragen\/\">Remigration? Ich habe Fragen! <\/a><\/p>\n<\/div>\n<p><script async src=\"https:\/\/platform.twitter.com\/widgets.js\" charset=\"utf-8\"><\/script><br \/>\n<br \/><br \/>\n<br \/><a href=\"https:\/\/de.rt.com\/inland\/194290-nach-correctiv-bericht-zum-potsdamer\/\">Source link <\/a><\/p>\n","protected":false},"excerpt":{"rendered":"<p>Laut einem Bericht des Magazins &#8220;Tichys Einblick&#8221; soll das Bundesamt f\u00fcr Verfassungsschutz bereits im Vorfeld vom &#8220;Geheimtreffen&#8221; rechter Akteure im Potsdamer Hotel &#8220;Landhaus Adlon&#8221; gewusst haben. Demnach wusste man bereits seit Anfang November von diesem geplanten Treffen. Einem Medienbericht zufolge soll das Bundesamt f\u00fcr Verfassungsschutz bereits im Vorfeld von dem &#8220;Geheimtreffen&#8221; im Potsdamer Hotel Landhaus [&hellip;]<\/p>\n","protected":false},"author":3,"featured_media":54196,"comment_status":"open","ping_status":"open","sticky":false,"template":"","format":"standard","meta":{"_yoast_indexnow_last_ping":["1706516100"],"wp_automatic_camp":["217"],"586af030fd4c23dbb9403c20fd2987ed":["Nach &quot;Correctiv&quot;-Bericht zum Potsdamer &quot;Geheimtreffen&quot;: Was wusste der Verfassungsschutz?"],"original_link":["https:\/\/de.rt.com\/inland\/194290-nach-correctiv-bericht-zum-potsdamer\/"],"_thumbnail_id":["54196"],"_wptgpro_p2tg_sent2tg":["a:1:{i:23737;s:19:\"2024-01-29 10:16:07\";}"],"jnews_social_counter_last_update":["1777384608"]},"categories":[19,23],"tags":[82,979,32397,52924,52623,1231,27472,565],"yoast_head":"<!-- This site is optimized with the Yoast SEO Premium plugin v22.7 (Yoast SEO v22.7) - https:\/\/yoast.com\/wordpress\/plugins\/seo\/ -->\n<title>Nach &quot;Correctiv&quot;-Bericht zum Potsdamer &quot;Geheimtreffen&quot;: Was wusste der Verfassungsschutz? - just-now.NEWS Deutschland<\/title>\n<meta name=\"robots\" content=\"index, follow, max-snippet:-1, max-image-preview:large, max-video-preview:-1\" \/>\n<link rel=\"canonical\" href=\"https:\/\/now-news.de\/de\/deutschland\/nach-correctiv-bericht-zum-potsdamer-geheimtreffen-was-wusste-der-verfassungsschutz\/\" \/>\n<meta property=\"og:locale\" content=\"de_DE\" \/>\n<meta property=\"og:type\" content=\"article\" \/>\n<meta property=\"og:title\" content=\"Nach &quot;Correctiv&quot;-Bericht zum Potsdamer &quot;Geheimtreffen&quot;: Was wusste der Verfassungsschutz?\" \/>\n<meta property=\"og:description\" content=\"Laut einem Bericht des Magazins &#8220;Tichys Einblick&#8221; soll das Bundesamt f\u00fcr Verfassungsschutz bereits im Vorfeld vom &#8220;Geheimtreffen&#8221; rechter Akteure im Potsdamer Hotel &#8220;Landhaus Adlon&#8221; gewusst haben. Demnach wusste man bereits seit Anfang November von diesem geplanten Treffen. Einem Medienbericht zufolge soll das Bundesamt f\u00fcr Verfassungsschutz bereits im Vorfeld von dem &#8220;Geheimtreffen&#8221; im Potsdamer Hotel Landhaus [&hellip;]\" \/>\n<meta property=\"og:url\" content=\"https:\/\/now-news.de\/de\/deutschland\/nach-correctiv-bericht-zum-potsdamer-geheimtreffen-was-wusste-der-verfassungsschutz\/\" \/>\n<meta property=\"og:site_name\" content=\"just-now.NEWS Deutschland\" \/>\n<meta property=\"article:publisher\" content=\"https:\/\/www.facebook.com\/wirmachenauf\" \/>\n<meta property=\"article:published_time\" content=\"2024-01-29T08:01:13+00:00\" \/>\n<meta property=\"og:image\" content=\"https:\/\/now-news.de\/de\/wp-content\/uploads\/sites\/3\/2024\/01\/Nach-quotCorrectivquot-Bericht-zum-Potsdamer-quotGeheimtreffenquot-Was-wusste-der-Verfassungsschutz.jpg\" \/>\n\t<meta property=\"og:image:width\" content=\"460\" \/>\n\t<meta property=\"og:image:height\" content=\"259\" \/>\n\t<meta property=\"og:image:type\" content=\"image\/jpeg\" \/>\n<meta name=\"author\" content=\"rtnews\" \/>\n<meta name=\"twitter:card\" content=\"summary_large_image\" \/>\n<meta name=\"twitter:creator\" content=\"@WirMachenAuf_de\" \/>\n<meta name=\"twitter:site\" content=\"@WirMachenAuf_de\" \/>\n<meta name=\"twitter:label1\" content=\"Verfasst von\" \/>\n\t<meta name=\"twitter:data1\" content=\"rtnews\" \/>\n\t<meta name=\"twitter:label2\" content=\"Gesch\u00e4tzte Lesezeit\" \/>\n\t<meta name=\"twitter:data2\" content=\"2\u00a0Minuten\" \/>\n<script type=\"application\/ld+json\" class=\"yoast-schema-graph\">{\"@context\":\"https:\/\/schema.org\",\"@graph\":[{\"@type\":\"Article\",\"@id\":\"https:\/\/now-news.de\/de\/deutschland\/nach-correctiv-bericht-zum-potsdamer-geheimtreffen-was-wusste-der-verfassungsschutz\/#article\",\"isPartOf\":{\"@id\":\"https:\/\/now-news.de\/de\/deutschland\/nach-correctiv-bericht-zum-potsdamer-geheimtreffen-was-wusste-der-verfassungsschutz\/\"},\"author\":{\"name\":\"rtnews\",\"@id\":\"https:\/\/now-news.de\/de\/#\/schema\/person\/fb534a4e865501d8b3285208df34a9b5\"},\"headline\":\"Nach &quot;Correctiv&quot;-Bericht zum Potsdamer &quot;Geheimtreffen&quot;: Was wusste der Verfassungsschutz?\",\"datePublished\":\"2024-01-29T08:01:13+00:00\",\"dateModified\":\"2024-01-29T08:01:13+00:00\",\"mainEntityOfPage\":{\"@id\":\"https:\/\/now-news.de\/de\/deutschland\/nach-correctiv-bericht-zum-potsdamer-geheimtreffen-was-wusste-der-verfassungsschutz\/\"},\"wordCount\":506,\"commentCount\":0,\"publisher\":{\"@id\":\"https:\/\/now-news.de\/de\/#organization\"},\"image\":{\"@id\":\"https:\/\/now-news.de\/de\/deutschland\/nach-correctiv-bericht-zum-potsdamer-geheimtreffen-was-wusste-der-verfassungsschutz\/#primaryimage\"},\"thumbnailUrl\":\"https:\/\/now-news.de\/de\/wp-content\/uploads\/sites\/3\/2024\/01\/Nach-quotCorrectivquot-Bericht-zum-Potsdamer-quotGeheimtreffenquot-Was-wusste-der-Verfassungsschutz.jpg\",\"keywords\":[\"der\",\"nach\",\"Potsdamer\",\"quotCorrectivquotBericht\",\"quotGeheimtreffenquot\",\"Verfassungsschutz\",\"wusste\",\"zum\"],\"articleSection\":[\"Deutschland\",\"Russland\"],\"inLanguage\":\"de\",\"potentialAction\":[{\"@type\":\"CommentAction\",\"name\":\"Comment\",\"target\":[\"https:\/\/now-news.de\/de\/deutschland\/nach-correctiv-bericht-zum-potsdamer-geheimtreffen-was-wusste-der-verfassungsschutz\/#respond\"]}]},{\"@type\":\"WebPage\",\"@id\":\"https:\/\/now-news.de\/de\/deutschland\/nach-correctiv-bericht-zum-potsdamer-geheimtreffen-was-wusste-der-verfassungsschutz\/\",\"url\":\"https:\/\/now-news.de\/de\/deutschland\/nach-correctiv-bericht-zum-potsdamer-geheimtreffen-was-wusste-der-verfassungsschutz\/\",\"name\":\"Nach &quot;Correctiv&quot;-Bericht zum Potsdamer &quot;Geheimtreffen&quot;: Was wusste der Verfassungsschutz? - just-now.NEWS Deutschland\",\"isPartOf\":{\"@id\":\"https:\/\/now-news.de\/de\/#website\"},\"primaryImageOfPage\":{\"@id\":\"https:\/\/now-news.de\/de\/deutschland\/nach-correctiv-bericht-zum-potsdamer-geheimtreffen-was-wusste-der-verfassungsschutz\/#primaryimage\"},\"image\":{\"@id\":\"https:\/\/now-news.de\/de\/deutschland\/nach-correctiv-bericht-zum-potsdamer-geheimtreffen-was-wusste-der-verfassungsschutz\/#primaryimage\"},\"thumbnailUrl\":\"https:\/\/now-news.de\/de\/wp-content\/uploads\/sites\/3\/2024\/01\/Nach-quotCorrectivquot-Bericht-zum-Potsdamer-quotGeheimtreffenquot-Was-wusste-der-Verfassungsschutz.jpg\",\"datePublished\":\"2024-01-29T08:01:13+00:00\",\"dateModified\":\"2024-01-29T08:01:13+00:00\",\"breadcrumb\":{\"@id\":\"https:\/\/now-news.de\/de\/deutschland\/nach-correctiv-bericht-zum-potsdamer-geheimtreffen-was-wusste-der-verfassungsschutz\/#breadcrumb\"},\"inLanguage\":\"de\",\"potentialAction\":[{\"@type\":\"ReadAction\",\"target\":[\"https:\/\/now-news.de\/de\/deutschland\/nach-correctiv-bericht-zum-potsdamer-geheimtreffen-was-wusste-der-verfassungsschutz\/\"]}]},{\"@type\":\"ImageObject\",\"inLanguage\":\"de\",\"@id\":\"https:\/\/now-news.de\/de\/deutschland\/nach-correctiv-bericht-zum-potsdamer-geheimtreffen-was-wusste-der-verfassungsschutz\/#primaryimage\",\"url\":\"https:\/\/now-news.de\/de\/wp-content\/uploads\/sites\/3\/2024\/01\/Nach-quotCorrectivquot-Bericht-zum-Potsdamer-quotGeheimtreffenquot-Was-wusste-der-Verfassungsschutz.jpg\",\"contentUrl\":\"https:\/\/now-news.de\/de\/wp-content\/uploads\/sites\/3\/2024\/01\/Nach-quotCorrectivquot-Bericht-zum-Potsdamer-quotGeheimtreffenquot-Was-wusste-der-Verfassungsschutz.jpg\",\"width\":460,\"height\":259,\"caption\":\"Nach &quot;Correctiv&quot;-Bericht zum Potsdamer &quot;Geheimtreffen&quot;: Was wusste der Verfassungsschutz?\"},{\"@type\":\"BreadcrumbList\",\"@id\":\"https:\/\/now-news.de\/de\/deutschland\/nach-correctiv-bericht-zum-potsdamer-geheimtreffen-was-wusste-der-verfassungsschutz\/#breadcrumb\",\"itemListElement\":[{\"@type\":\"ListItem\",\"position\":1,\"name\":\"Home\",\"item\":\"https:\/\/now-news.de\/de\/\"},{\"@type\":\"ListItem\",\"position\":2,\"name\":\"Nach &quot;Correctiv&quot;-Bericht zum Potsdamer &quot;Geheimtreffen&quot;: Was wusste der Verfassungsschutz?\"}]},{\"@type\":\"WebSite\",\"@id\":\"https:\/\/now-news.de\/de\/#website\",\"url\":\"https:\/\/now-news.de\/de\/\",\"name\":\"just-now.NEWS Deutschland\",\"description\":\"Das Portal f\u00fcr unzensierte Nachrichten aus der Welt\",\"publisher\":{\"@id\":\"https:\/\/now-news.de\/de\/#organization\"},\"potentialAction\":[{\"@type\":\"SearchAction\",\"target\":{\"@type\":\"EntryPoint\",\"urlTemplate\":\"https:\/\/now-news.de\/de\/?s={search_term_string}\"},\"query-input\":\"required name=search_term_string\"}],\"inLanguage\":\"de\"},{\"@type\":\"Organization\",\"@id\":\"https:\/\/now-news.de\/de\/#organization\",\"name\":\"Just Now News\",\"url\":\"https:\/\/now-news.de\/de\/\",\"logo\":{\"@type\":\"ImageObject\",\"inLanguage\":\"de\",\"@id\":\"https:\/\/now-news.de\/de\/#\/schema\/logo\/image\/\",\"url\":\"http:\/\/just-now.news\/de\/wp-content\/uploads\/sites\/3\/2022\/04\/logo500x500.jpg\",\"contentUrl\":\"http:\/\/just-now.news\/de\/wp-content\/uploads\/sites\/3\/2022\/04\/logo500x500.jpg\",\"width\":500,\"height\":500,\"caption\":\"Just Now News\"},\"image\":{\"@id\":\"https:\/\/now-news.de\/de\/#\/schema\/logo\/image\/\"},\"sameAs\":[\"https:\/\/www.facebook.com\/wirmachenauf\",\"https:\/\/x.com\/WirMachenAuf_de\"]},{\"@type\":\"Person\",\"@id\":\"https:\/\/now-news.de\/de\/#\/schema\/person\/fb534a4e865501d8b3285208df34a9b5\",\"name\":\"rtnews\",\"image\":{\"@type\":\"ImageObject\",\"inLanguage\":\"de\",\"@id\":\"https:\/\/now-news.de\/de\/#\/schema\/person\/image\/\",\"url\":\"https:\/\/secure.gravatar.com\/avatar\/82aafea7d8127119dd649515f56e2117?s=96&d=mm&r=g\",\"contentUrl\":\"https:\/\/secure.gravatar.com\/avatar\/82aafea7d8127119dd649515f56e2117?s=96&d=mm&r=g\",\"caption\":\"rtnews\"},\"url\":\"https:\/\/now-news.de\/de\/author\/rnews\/\"}]}<\/script>\n<!-- \/ Yoast SEO Premium plugin. -->","yoast_head_json":{"title":"Nach &quot;Correctiv&quot;-Bericht zum Potsdamer &quot;Geheimtreffen&quot;: Was wusste der Verfassungsschutz? - just-now.NEWS Deutschland","robots":{"index":"index","follow":"follow","max-snippet":"max-snippet:-1","max-image-preview":"max-image-preview:large","max-video-preview":"max-video-preview:-1"},"canonical":"https:\/\/now-news.de\/de\/deutschland\/nach-correctiv-bericht-zum-potsdamer-geheimtreffen-was-wusste-der-verfassungsschutz\/","og_locale":"de_DE","og_type":"article","og_title":"Nach &quot;Correctiv&quot;-Bericht zum Potsdamer &quot;Geheimtreffen&quot;: Was wusste der Verfassungsschutz?","og_description":"Laut einem Bericht des Magazins &#8220;Tichys Einblick&#8221; soll das Bundesamt f\u00fcr Verfassungsschutz bereits im Vorfeld vom &#8220;Geheimtreffen&#8221; rechter Akteure im Potsdamer Hotel &#8220;Landhaus Adlon&#8221; gewusst haben. Demnach wusste man bereits seit Anfang November von diesem geplanten Treffen. Einem Medienbericht zufolge soll das Bundesamt f\u00fcr Verfassungsschutz bereits im Vorfeld von dem &#8220;Geheimtreffen&#8221; im Potsdamer Hotel Landhaus [&hellip;]","og_url":"https:\/\/now-news.de\/de\/deutschland\/nach-correctiv-bericht-zum-potsdamer-geheimtreffen-was-wusste-der-verfassungsschutz\/","og_site_name":"just-now.NEWS Deutschland","article_publisher":"https:\/\/www.facebook.com\/wirmachenauf","article_published_time":"2024-01-29T08:01:13+00:00","og_image":[{"width":460,"height":259,"url":"https:\/\/now-news.de\/de\/wp-content\/uploads\/sites\/3\/2024\/01\/Nach-quotCorrectivquot-Bericht-zum-Potsdamer-quotGeheimtreffenquot-Was-wusste-der-Verfassungsschutz.jpg","type":"image\/jpeg"}],"author":"rtnews","twitter_card":"summary_large_image","twitter_creator":"@WirMachenAuf_de","twitter_site":"@WirMachenAuf_de","twitter_misc":{"Verfasst von":"rtnews","Gesch\u00e4tzte Lesezeit":"2\u00a0Minuten"},"schema":{"@context":"https:\/\/schema.org","@graph":[{"@type":"Article","@id":"https:\/\/now-news.de\/de\/deutschland\/nach-correctiv-bericht-zum-potsdamer-geheimtreffen-was-wusste-der-verfassungsschutz\/#article","isPartOf":{"@id":"https:\/\/now-news.de\/de\/deutschland\/nach-correctiv-bericht-zum-potsdamer-geheimtreffen-was-wusste-der-verfassungsschutz\/"},"author":{"name":"rtnews","@id":"https:\/\/now-news.de\/de\/#\/schema\/person\/fb534a4e865501d8b3285208df34a9b5"},"headline":"Nach &quot;Correctiv&quot;-Bericht zum Potsdamer &quot;Geheimtreffen&quot;: Was wusste der Verfassungsschutz?","datePublished":"2024-01-29T08:01:13+00:00","dateModified":"2024-01-29T08:01:13+00:00","mainEntityOfPage":{"@id":"https:\/\/now-news.de\/de\/deutschland\/nach-correctiv-bericht-zum-potsdamer-geheimtreffen-was-wusste-der-verfassungsschutz\/"},"wordCount":506,"commentCount":0,"publisher":{"@id":"https:\/\/now-news.de\/de\/#organization"},"image":{"@id":"https:\/\/now-news.de\/de\/deutschland\/nach-correctiv-bericht-zum-potsdamer-geheimtreffen-was-wusste-der-verfassungsschutz\/#primaryimage"},"thumbnailUrl":"https:\/\/now-news.de\/de\/wp-content\/uploads\/sites\/3\/2024\/01\/Nach-quotCorrectivquot-Bericht-zum-Potsdamer-quotGeheimtreffenquot-Was-wusste-der-Verfassungsschutz.jpg","keywords":["der","nach","Potsdamer","quotCorrectivquotBericht","quotGeheimtreffenquot","Verfassungsschutz","wusste","zum"],"articleSection":["Deutschland","Russland"],"inLanguage":"de","potentialAction":[{"@type":"CommentAction","name":"Comment","target":["https:\/\/now-news.de\/de\/deutschland\/nach-correctiv-bericht-zum-potsdamer-geheimtreffen-was-wusste-der-verfassungsschutz\/#respond"]}]},{"@type":"WebPage","@id":"https:\/\/now-news.de\/de\/deutschland\/nach-correctiv-bericht-zum-potsdamer-geheimtreffen-was-wusste-der-verfassungsschutz\/","url":"https:\/\/now-news.de\/de\/deutschland\/nach-correctiv-bericht-zum-potsdamer-geheimtreffen-was-wusste-der-verfassungsschutz\/","name":"Nach &quot;Correctiv&quot;-Bericht zum Potsdamer &quot;Geheimtreffen&quot;: Was wusste der Verfassungsschutz? - just-now.NEWS Deutschland","isPartOf":{"@id":"https:\/\/now-news.de\/de\/#website"},"primaryImageOfPage":{"@id":"https:\/\/now-news.de\/de\/deutschland\/nach-correctiv-bericht-zum-potsdamer-geheimtreffen-was-wusste-der-verfassungsschutz\/#primaryimage"},"image":{"@id":"https:\/\/now-news.de\/de\/deutschland\/nach-correctiv-bericht-zum-potsdamer-geheimtreffen-was-wusste-der-verfassungsschutz\/#primaryimage"},"thumbnailUrl":"https:\/\/now-news.de\/de\/wp-content\/uploads\/sites\/3\/2024\/01\/Nach-quotCorrectivquot-Bericht-zum-Potsdamer-quotGeheimtreffenquot-Was-wusste-der-Verfassungsschutz.jpg","datePublished":"2024-01-29T08:01:13+00:00","dateModified":"2024-01-29T08:01:13+00:00","breadcrumb":{"@id":"https:\/\/now-news.de\/de\/deutschland\/nach-correctiv-bericht-zum-potsdamer-geheimtreffen-was-wusste-der-verfassungsschutz\/#breadcrumb"},"inLanguage":"de","potentialAction":[{"@type":"ReadAction","target":["https:\/\/now-news.de\/de\/deutschland\/nach-correctiv-bericht-zum-potsdamer-geheimtreffen-was-wusste-der-verfassungsschutz\/"]}]},{"@type":"ImageObject","inLanguage":"de","@id":"https:\/\/now-news.de\/de\/deutschland\/nach-correctiv-bericht-zum-potsdamer-geheimtreffen-was-wusste-der-verfassungsschutz\/#primaryimage","url":"https:\/\/now-news.de\/de\/wp-content\/uploads\/sites\/3\/2024\/01\/Nach-quotCorrectivquot-Bericht-zum-Potsdamer-quotGeheimtreffenquot-Was-wusste-der-Verfassungsschutz.jpg","contentUrl":"https:\/\/now-news.de\/de\/wp-content\/uploads\/sites\/3\/2024\/01\/Nach-quotCorrectivquot-Bericht-zum-Potsdamer-quotGeheimtreffenquot-Was-wusste-der-Verfassungsschutz.jpg","width":460,"height":259,"caption":"Nach &quot;Correctiv&quot;-Bericht zum Potsdamer &quot;Geheimtreffen&quot;: Was wusste der Verfassungsschutz?"},{"@type":"BreadcrumbList","@id":"https:\/\/now-news.de\/de\/deutschland\/nach-correctiv-bericht-zum-potsdamer-geheimtreffen-was-wusste-der-verfassungsschutz\/#breadcrumb","itemListElement":[{"@type":"ListItem","position":1,"name":"Home","item":"https:\/\/now-news.de\/de\/"},{"@type":"ListItem","position":2,"name":"Nach &quot;Correctiv&quot;-Bericht zum Potsdamer &quot;Geheimtreffen&quot;: Was wusste der Verfassungsschutz?"}]},{"@type":"WebSite","@id":"https:\/\/now-news.de\/de\/#website","url":"https:\/\/now-news.de\/de\/","name":"just-now.NEWS Deutschland","description":"Das Portal f\u00fcr unzensierte Nachrichten aus der Welt","publisher":{"@id":"https:\/\/now-news.de\/de\/#organization"},"potentialAction":[{"@type":"SearchAction","target":{"@type":"EntryPoint","urlTemplate":"https:\/\/now-news.de\/de\/?s={search_term_string}"},"query-input":"required name=search_term_string"}],"inLanguage":"de"},{"@type":"Organization","@id":"https:\/\/now-news.de\/de\/#organization","name":"Just Now News","url":"https:\/\/now-news.de\/de\/","logo":{"@type":"ImageObject","inLanguage":"de","@id":"https:\/\/now-news.de\/de\/#\/schema\/logo\/image\/","url":"http:\/\/just-now.news\/de\/wp-content\/uploads\/sites\/3\/2022\/04\/logo500x500.jpg","contentUrl":"http:\/\/just-now.news\/de\/wp-content\/uploads\/sites\/3\/2022\/04\/logo500x500.jpg","width":500,"height":500,"caption":"Just Now News"},"image":{"@id":"https:\/\/now-news.de\/de\/#\/schema\/logo\/image\/"},"sameAs":["https:\/\/www.facebook.com\/wirmachenauf","https:\/\/x.com\/WirMachenAuf_de"]},{"@type":"Person","@id":"https:\/\/now-news.de\/de\/#\/schema\/person\/fb534a4e865501d8b3285208df34a9b5","name":"rtnews","image":{"@type":"ImageObject","inLanguage":"de","@id":"https:\/\/now-news.de\/de\/#\/schema\/person\/image\/","url":"https:\/\/secure.gravatar.com\/avatar\/82aafea7d8127119dd649515f56e2117?s=96&d=mm&r=g","contentUrl":"https:\/\/secure.gravatar.com\/avatar\/82aafea7d8127119dd649515f56e2117?s=96&d=mm&r=g","caption":"rtnews"},"url":"https:\/\/now-news.de\/de\/author\/rnews\/"}]}},"_links":{"self":[{"href":"https:\/\/now-news.de\/de\/wp-json\/wp\/v2\/posts\/54195"}],"collection":[{"href":"https:\/\/now-news.de\/de\/wp-json\/wp\/v2\/posts"}],"about":[{"href":"https:\/\/now-news.de\/de\/wp-json\/wp\/v2\/types\/post"}],"author":[{"embeddable":true,"href":"https:\/\/now-news.de\/de\/wp-json\/wp\/v2\/users\/3"}],"replies":[{"embeddable":true,"href":"https:\/\/now-news.de\/de\/wp-json\/wp\/v2\/comments?post=54195"}],"version-history":[{"count":0,"href":"https:\/\/now-news.de\/de\/wp-json\/wp\/v2\/posts\/54195\/revisions"}],"wp:featuredmedia":[{"embeddable":true,"href":"https:\/\/now-news.de\/de\/wp-json\/wp\/v2\/media\/54196"}],"wp:attachment":[{"href":"https:\/\/now-news.de\/de\/wp-json\/wp\/v2\/media?parent=54195"}],"wp:term":[{"taxonomy":"category","embeddable":true,"href":"https:\/\/now-news.de\/de\/wp-json\/wp\/v2\/categories?post=54195"},{"taxonomy":"post_tag","embeddable":true,"href":"https:\/\/now-news.de\/de\/wp-json\/wp\/v2\/tags?post=54195"}],"curies":[{"name":"wp","href":"https:\/\/api.w.org\/{rel}","templated":true}]}}