{"id":54183,"date":"2024-01-28T21:36:55","date_gmt":"2024-01-28T19:36:55","guid":{"rendered":"https:\/\/just-now.news\/de\/deutschland\/die-franzoesischen-bauern-saeen-den-samen-der-revolution-gegen-die-eliten-in-paris\/"},"modified":"2024-01-28T21:36:55","modified_gmt":"2024-01-28T19:36:55","slug":"die-franzoesischen-bauern-saeen-den-samen-der-revolution-gegen-die-eliten-in-paris","status":"publish","type":"post","link":"https:\/\/now-news.de\/de\/deutschland\/die-franzoesischen-bauern-saeen-den-samen-der-revolution-gegen-die-eliten-in-paris\/","title":{"rendered":"Die franz\u00f6sischen Bauern s\u00e4en den Samen der Revolution gegen die Eliten in Paris"},"content":{"rendered":"<p><img decoding=\"async\" src=\"http:\/\/just-now.news\/de\/wp-content\/uploads\/sites\/3\/2024\/01\/65b6063bb480cc43cd34fff2.jpg\" \/><\/p>\n<div class=\"Text-root Text-type_1 \">\n                Paris bewertet das Br\u00fcsseler Diktat h\u00f6her als die Interessen der Menschen, die Frankreich mit Nahrungsmitteln versorgen und die Landschaft pflegen. An erster Stelle der EU steht, dem Klimawandel entgegenzuwirken und die Ukraine zu unterst\u00fctzen.\n            <\/div>\n<p><\/p>\n<div class=\"Text-root Text-type_5 ArticleView-text ViewText-root \">\n<p><em>Von Rachel Marsden<\/em><\/p>\n<p><strong><\/strong>Die franz\u00f6sische Regierung bem\u00fcht sich darum, eine ganze Flotte von Traktoren von den Hauptstra\u00dfen des Landes fernzuhalten. Viel Gl\u00fcck damit, denn laut einer neuen Umfrage des Instituts Odoxa <a rel=\"nofollow noopener\" target=\"_blank\" href=\"http:\/\/www.apple.com\/de\/\">unterst\u00fctzen<\/a> 89 Prozent der franz\u00f6sischen B\u00fcrger die protestierenden Bauern.<\/p>\n<p><strong><\/strong>Frankreich schlie\u00dft sich einer Bewegung an, die mittlerweile auf fast ein F\u00fcnftel der EU \u00fcbergegriffen hat, wobei Landwirte in f\u00fcnf der 27 L\u00e4nder der Union entweder durch das Fahren mit Traktoren im Konvoi die Hauptstra\u00dfen verstopfen oder diese gleich g\u00e4nzlich blockieren. Zu den Landwirten in Polen, Rum\u00e4nien, Deutschland und den Niederlanden gesellen sich nun auch ihre Kollegen aus jenem Land, das praktisch ein Synonym f\u00fcr Revolution ist. Und ein besonderer Vorfall hier in Frankreich hat die entstehende Bewegung gerade erst auf Hochtouren gebracht.<\/p>\n<p><strong><\/strong>Alexandra Sonac, eine 35-j\u00e4hrige Rinder- und Maisb\u00e4uerin aus S\u00fcdfrankreich, und zwei ihrer drei Familienmitglieder wurden am 23. Januar in den fr\u00fchen Morgenstunden bei einer Blockade einer Stra\u00dfe in der N\u00e4he von Toulouse von einem Auto <a rel=\"nofollow noopener\" target=\"_blank\" href=\"https:\/\/www.bbc.com\/news\/world-europe-68066310\">gerammt<\/a>. Sonac und ihre 12-j\u00e4hrige Tochter wurden auf der Stelle get\u00f6tet, w\u00e4hrend ihr Mann noch immer auf der Intensivstation liegt. Der Vorfall wird\u00a0derzeit untersucht, aber was dem Ganzen noch eine zus\u00e4tzliche Brisanz verleiht, ist, dass gegen die drei armenischen Insassen des Fahrzeugs, das die Familie umgefahren hat, Berichten zufolge Verf\u00fcgungen zur Ausweisung aus Frankreich vorliegen.<\/p>\n<p><strong><\/strong>Die Symbolik hier ist eklatant. Eine produktive B\u00e4uerin, die sich der wirtschaftlichen Unterdr\u00fcckung durch die Regierung widersetzen wollte, wurde von jemandem get\u00f6tet, der die Vorteile der Nachl\u00e4ssigkeit derselben Regierung genie\u00dft. Laut aktuellen Statistiken wurden zwischen 2015 und 2021 nur zw\u00f6lf Prozent der Verf\u00fcgungen zur Ausweisung aus Frankreich vollzogen, eine der niedrigsten Quoten in Europa.<\/p>\n<p><strong><\/strong>Die Klagen franz\u00f6sischer Landwirte stimmen mit jenen ihrer Kollegen in der gesamten EU \u00fcberein. Sie sind w\u00fctend auf ihre Regierungen, und zwar deshalb, weil ihre gew\u00e4hlten Staatsvertreter darauf bestanden haben, dass sie sich die enge Zwangsjacke anlegen, die ihnen von nicht gew\u00e4hlten technokratischen Tyrannen in Br\u00fcssel und ihrer von oben nach unten gerichteten, ideologisch gesteuerten Politik auferlegt wurde. Es gibt einen guten Grund, warum franz\u00f6sische Landwirte in den vergangenen Tagen dieselbe EU-Flagge zerrissen oder <a rel=\"nofollow noopener\" target=\"_blank\" href=\"https:\/\/twitter.com\/f_philippot\/status\/1750133942441709612\">verbrannt<\/a> haben, die Pr\u00e4sident Emmanuel Macron bei seinen verschiedenen Auftritten unbedingt neben der franz\u00f6sischen Trikolore platziert haben m\u00f6chte.<\/p>\n<p><strong><\/strong>Die Forderungen der Landwirte in der EU sind \u00fcberall \u00e4hnlich. Sie wollen einen kompetitiven und fairen Preis f\u00fcr Treibstoff und Energie bezahlen, w\u00e4hrend die EU nicht nur eine kostspielige Klimapolitik durchgepaukt hat, die fossile Brennstoffe wie die Pest behandelt, sondern gleichzeitig auch beschlossen hat, &#8220;f\u00fcr die Ukraine&#8221; ihre eigene Versorgung mit g\u00fcnstigem russischem Gas zu kappen, durch das die europ\u00e4ische Wirtschaft angetrieben wurde. Dann wiederum beschloss man in Br\u00fcssel, die Einfuhrz\u00f6lle und Steuern auf Waren und Dienstleistungen aus der Ukraine aufzuheben, woraufhin die EU mit Lkw-Fahrten aus diesem Land \u00fcberschwemmt wurde,\u00a0die billiger sind als die lokalen Anbieter. Dasselbe Lied bei den landwirtschaftlichen Produkten, die den EU-Preis unterbieten und nicht einmal den EU-Standards entsprechen, die europ\u00e4ische Landwirte auf eigene Kosten gezwungen sind, einzuhalten.<\/p>\n<p><strong><\/strong>Die Landwirte wollen keine Almosen, aber sie wollen, dass die Regierungen auf die zunehmend h\u00f6here Besteuerung auf Kraftstoffe und Energie verzichten, mit denen sie die Staatskassen auff\u00fcllen wollen, die aufgrund ihrer st\u00e4ndig verfehlten Priorit\u00e4ten so gut wie leer sind. Sie m\u00f6chten auch, dass ihre nationalen Regierungen ihre Interessen gegen die Versuche Br\u00fcssels verteidigen, endlose Freihandelsabkommen mit L\u00e4ndern abzuschlie\u00dfen, deren Landwirte nicht denselben Regulierungsdiktaten unterliegen wie jene in der EU. Gleichzeitig setzt Br\u00fcssel die Mitgliedstaaten unter Druck \u2013 insbesondere die Niederlande \u2013, um dort landwirtschaftliche Betriebe stillzulegen, weil die Ausscheidungen und Absonderungen ihrer Viehbest\u00e4nde nicht den Zielen ihrer Klimaschutzpolitik dienen.<\/p>\n<p><strong><\/strong>Es ist keine \u00dcberraschung, dass der Durchschnittsb\u00fcrger mit den Landwirten sympathisiert, da er es ebenso satthat, dass seine inkompetente, sture Regierung als wei\u00dfer Samthandschuh f\u00fcr Br\u00fcssels eiserne Faust dient. Die B\u00fcrger sehen, wie ihre Gas- und Stromkosten ins Endlose steigen und ihre Kaufkraft br\u00f6ckelt, w\u00e4hrend der franz\u00f6sische Verteidigungsminister beispielsweise dar\u00fcber spricht, wie der Ukraine-Konflikt eine wunderbare Chance f\u00fcr den milit\u00e4risch-industriellen Komplex darstellt, der jedoch bisher vor allem als bequemer Vorfall f\u00fcr einen Verm\u00f6genstransfer vom Volk hin zu den Eliten gedient hat. Und als sich schlie\u00dflich die Abgeordneten der franz\u00f6sischen Nationalversammlung vergangene Woche eine monatliche Erh\u00f6hung ihrer Zulagen um 300 Euro genehmigten, um jene Inflation auszugleichen, die den Durchschnittsb\u00fcrger erdrosselt, wurde ein weiteres Zeichen f\u00fcr ihre v\u00f6llige Taubheit gesetzt.<\/p>\n<p><strong><\/strong>Am Nachmittag des 24. Januar z\u00fcndeten w\u00fctende franz\u00f6sische Bauern direkt am Eingang zur Pr\u00e4fektur in Agen, im S\u00fcdwesten Frankreichs, einen riesigen Haufen von alten Reifen und Stallmist an. Einige anwesende Landwirte verurteilten die Aktion, andere \u00e4u\u00dferten ihre Unterst\u00fctzung \u2013 aber alle waren sich einig, dass sie die Nase voll haben. Bezeichnend ist, dass die Polizei und die Feuerwehr, die vor Ort waren, nur schleppend reagierten, als der Rauch fast die H\u00f6he des Geb\u00e4udes erreichte, das als Symbol des franz\u00f6sischen Staates gilt. Anscheinend haben sogar die Mitarbeiter an vorderster Front, die den staatlichen Institutionen dienen, die Nase voll von den Eliten des Establishments. Und das nicht nur in Europa, sondern auch anderswo im Westen.<\/p>\n<p><strong><\/strong>Trucker des Canadian Freedom Convoy und ihre Unterst\u00fctzer wurden vergangene Woche vor dem kanadischen Bundesgericht entlastet, nachdem ein Richter entschieden hatte, dass die Regierung von Premierminister Justin Trudeau verfassungsm\u00e4\u00dfige Grundrechte und Grundfreiheiten verletzte, als sie das Notstandsgesetz gegen protestierende Gegner der COVID-Mandate der Regierung ausrief. Die Tatsache, dass die kanadische Regierung die Sperrung von Bankkonten von Teilnehmern des Freedom Convoy anordnete, um von weiteren Protesten abzuschrecken, h\u00e4tte der erste gro\u00dfe Hinweis auf einen zunehmenden Autoritarismus sein m\u00fcssen, doch offenbar bedurfte es eines Bundesrichters, um dies deutlich zu machen.<\/p>\n<p><strong><\/strong>Deutsche Landwirte und Lkw-Fahrer, die Anfang dieses Monats damit begannen, Konvois zu bilden und quer durch das Land zu fahren, erz\u00e4hlten mir in Berlin, dass sie sich vom Freedom Convoy haben inspirieren lassen, als sie beschlossen, gegen die Anhebung der Steuern durch die Bundesregierung auf den Dieselkraftstoff ihrer landwirtschaftlichen Fahrzeuge zu protestieren. Dieser war ohnehin schon teuer genug wegen der fehlgeleiteten Energiepolitik der Regierung in Berlin, die auf einer ideologischen, reflexartigen Opposition gegen fossile Brennstoffe und g\u00fcnstigem Gas aus Russland beruht. Sowohl im Fall des Freedom Convoys als auch im Fall der Landwirte scheiterten groteske Versuche von Regierungen, die Demonstranten als eine Art Rechtsradikale darzustellen und die Eliten von ihrer Verantwortung zu entbinden.<\/p>\n<p><strong><\/strong>Lastwagenfahrer, B\u00e4cker, Studenten, Feuerwehrleute und Polizisten zeigten Zeichen der Solidarit\u00e4t mit den Bauern, unterst\u00fctzt von einer \u00fcberw\u00e4ltigenden und quantifizierten schweigenden Mehrheit. Und diese nationalen Bewegungen haben in Europa und der westlichen Welt einen gemeinsamen Nenner. Versuche, Spaltungen herbeizuf\u00fchren, indem Gro\u00dfbetriebe gegen Kleinbauern oder rechts gegen links aufgewiegelt werden, scheitern.<\/p>\n<p><strong><\/strong>Der franz\u00f6sische Premierminister Gabriel Attal, der sein Amt erst am 9. Januar angetreten hat und sehr wahrscheinlich noch nicht mal den Weg zu den Toiletten in seinem neuen B\u00fcrokomplex kennt, bewegte sich am vergangenen Wochenende in die l\u00e4ndliche Region im S\u00fcden der Rhone. Dort sagte er: &#8220;Unsere Bauern sind keine Banditen, keine Umweltverschmutzer, keine Menschen, die Tiere qu\u00e4len, wie man uns das manchmal erz\u00e4hlt.&#8221; Wo erz\u00e4hlt man das? In Br\u00fcssel? An seiner Technik der Einschmeichelei k\u00f6nnte er durchaus noch etwas arbeiten. Es ist, als w\u00fcrde man zu einem Date erscheinen und sagen: &#8220;Hey, du bist ja gar nicht so verr\u00fcckt, wie ich geh\u00f6rt habe.&#8221; Was f\u00fcr ein Charmeur. Ich kann es kaum erwarten, zu sehen, wie dieses diplomatische Genie dieses ganze Chaos l\u00f6sen wird.<\/p>\n<p><strong><\/strong>An einem Treffen zwischen Attal und Vertretern der Landwirtschaft am vergangenen Montag nahm auch ein Delegierter der Union junger franz\u00f6sischer Bauern teil. Ich habe mit mehreren ihrer Berufskollegen in Berlin bei der Protestkundgebung Anfang des Monats gesprochen \u2013 junge Landwirtschaftsunternehmer, die redegewandt und gebildet sind. Diese jungen Landwirte sagen, dass sie 80 Stunden die Woche arbeiten und das Gef\u00fchl haben, dass es derma\u00dfen viel B\u00fcrokratie oder Verbote seitens der EU gibt, dass es l\u00e4hmend ist. Und doch ist Frankreich verzweifelt daran interessiert, junge Menschen zu ermutigen, die Landwirtschaft als Beruf zu ergreifen, in einer Zeit, in der sich das Bauerntum hin zu einem aussterbenden Stand bewegt. Meine G\u00fcte! Ein gro\u00dfes R\u00e4tsel, warum das wohl so sein k\u00f6nnte, ihr Genies.<\/p>\n<p><strong><\/strong>Der tragische Tod von Alexandra Sonac und ihrer Tochter wird f\u00fcr immer als Symbol des Kampfes gegen die Unterdr\u00fcckung der Arbeiterklasse durch eine autorit\u00e4re Weltregierung gelten, die Chaos kreiert, weil sie Sonderinteressen bedient, die sich zunehmend von denen des Durchschnittsb\u00fcrgers unterscheiden. Die zunehmenden Unruhen lassen sich durch noch so gro\u00dfe Manipulationen der Regierungen nicht unterdr\u00fccken. Nur ein tiefgreifendes und grundlegendes \u00dcberdenken ihrer Beziehung zu ihren B\u00fcrgern, deren Interessen sie ausschlie\u00dflich dienen sollten, k\u00f6nnte Hoffnung auf eine L\u00f6sung in dieser sich versch\u00e4rfenden Krise geben.<\/p>\n<p><strong><\/strong><em>Aus dem <a rel=\"nofollow noopener\" target=\"_blank\" href=\"https:\/\/www.rt.com\/news\/591270-brussels-support-ukraine-paris-farmers\/\">Englischen<\/a>.<\/em><\/p>\n<p><em>Rachel Marsden ist eine Kolumnistin, politische Strategin und Moderatorin eines unabh\u00e4ngig produzierten franz\u00f6sischsprachigen Programms, das auf Sputnik France ausgestrahlt wird. Ihre Website findet man unter\u00a0<a rel=\"nofollow noopener\" target=\"_blank\" href=\"http:\/\/rachelmarsden.com\/\">rachelmarsden.com<\/a><\/em><\/p>\n<p><strong>Mehr zum Thema<\/strong> \u2013 <a rel=\"nofollow noopener\" target=\"_blank\" href=\"https:\/\/freedert.online\/kurzclips\/video\/193716-bauernproteste-weiten-sich-auf-europa-aus\/\">Landwirt im Interview: Bauern sind Restgeldempf\u00e4nger, nachdem sich alle anderen bedient haben<\/a><\/p>\n<\/p>\n<\/div>\n<p><script async src=\"https:\/\/platform.twitter.com\/widgets.js\" charset=\"utf-8\"><\/script><br \/>\n<br \/><br \/>\n<br \/><a href=\"https:\/\/de.rt.com\/meinung\/194199-franzoesischen-bauern-saeen-samen-revolution\/\">Source link <\/a><\/p>\n","protected":false},"excerpt":{"rendered":"<p>Paris bewertet das Br\u00fcsseler Diktat h\u00f6her als die Interessen der Menschen, die Frankreich mit Nahrungsmitteln versorgen und die Landschaft pflegen. An erster Stelle der EU steht, dem Klimawandel entgegenzuwirken und die Ukraine zu unterst\u00fctzen. Von Rachel Marsden Die franz\u00f6sische Regierung bem\u00fcht sich darum, eine ganze Flotte von Traktoren von den Hauptstra\u00dfen des Landes fernzuhalten. Viel [&hellip;]<\/p>\n","protected":false},"author":3,"featured_media":54184,"comment_status":"open","ping_status":"open","sticky":false,"template":"","format":"standard","meta":{"_yoast_indexnow_last_ping":["1706470895"],"wp_automatic_camp":["217"],"1c04c1c5be59d853c1a4428c5fe1494c":["Die franz\u00f6sischen Bauern s\u00e4en den Samen der Revolution gegen die Eliten in Paris"],"original_link":["https:\/\/de.rt.com\/meinung\/194199-franzoesischen-bauern-saeen-samen-revolution\/"],"_thumbnail_id":["54184"],"jnews_social_counter_last_update":["1777176385"],"_wptgpro_p2tg_sent2tg":["a:1:{i:23737;s:19:\"2024-01-28 21:43:14\";}"]},"categories":[19,23],"tags":[22707,48,82,45,4435,18875,278,9609,773,44055,52918],"yoast_head":"<!-- This site is optimized with the Yoast SEO Premium plugin v22.7 (Yoast SEO v22.7) - https:\/\/yoast.com\/wordpress\/plugins\/seo\/ -->\n<title>Die franz\u00f6sischen Bauern s\u00e4en den Samen der Revolution gegen die Eliten in Paris - just-now.NEWS Deutschland<\/title>\n<meta name=\"robots\" content=\"index, follow, max-snippet:-1, max-image-preview:large, max-video-preview:-1\" \/>\n<link rel=\"canonical\" href=\"https:\/\/now-news.de\/de\/deutschland\/die-franzoesischen-bauern-saeen-den-samen-der-revolution-gegen-die-eliten-in-paris\/\" \/>\n<meta property=\"og:locale\" content=\"de_DE\" \/>\n<meta property=\"og:type\" content=\"article\" \/>\n<meta property=\"og:title\" content=\"Die franz\u00f6sischen Bauern s\u00e4en den Samen der Revolution gegen die Eliten in Paris\" \/>\n<meta property=\"og:description\" content=\"Paris bewertet das Br\u00fcsseler Diktat h\u00f6her als die Interessen der Menschen, die Frankreich mit Nahrungsmitteln versorgen und die Landschaft pflegen. An erster Stelle der EU steht, dem Klimawandel entgegenzuwirken und die Ukraine zu unterst\u00fctzen. Von Rachel Marsden Die franz\u00f6sische Regierung bem\u00fcht sich darum, eine ganze Flotte von Traktoren von den Hauptstra\u00dfen des Landes fernzuhalten. Viel [&hellip;]\" \/>\n<meta property=\"og:url\" content=\"https:\/\/now-news.de\/de\/deutschland\/die-franzoesischen-bauern-saeen-den-samen-der-revolution-gegen-die-eliten-in-paris\/\" \/>\n<meta property=\"og:site_name\" content=\"just-now.NEWS Deutschland\" \/>\n<meta property=\"article:publisher\" content=\"https:\/\/www.facebook.com\/wirmachenauf\" \/>\n<meta property=\"article:published_time\" content=\"2024-01-28T19:36:55+00:00\" \/>\n<meta property=\"og:image\" content=\"https:\/\/now-news.de\/de\/wp-content\/uploads\/sites\/3\/2024\/01\/Die-franzoesischen-Bauern-saeen-den-Samen-der-Revolution-gegen-die.jpg\" \/>\n\t<meta property=\"og:image:width\" content=\"460\" \/>\n\t<meta property=\"og:image:height\" content=\"259\" \/>\n\t<meta property=\"og:image:type\" content=\"image\/jpeg\" \/>\n<meta name=\"author\" content=\"rtnews\" \/>\n<meta name=\"twitter:card\" content=\"summary_large_image\" \/>\n<meta name=\"twitter:creator\" content=\"@WirMachenAuf_de\" \/>\n<meta name=\"twitter:site\" content=\"@WirMachenAuf_de\" \/>\n<meta name=\"twitter:label1\" content=\"Verfasst von\" \/>\n\t<meta name=\"twitter:data1\" content=\"rtnews\" \/>\n\t<meta name=\"twitter:label2\" content=\"Gesch\u00e4tzte Lesezeit\" \/>\n\t<meta name=\"twitter:data2\" content=\"8\u00a0Minuten\" \/>\n<script type=\"application\/ld+json\" class=\"yoast-schema-graph\">{\"@context\":\"https:\/\/schema.org\",\"@graph\":[{\"@type\":\"Article\",\"@id\":\"https:\/\/now-news.de\/de\/deutschland\/die-franzoesischen-bauern-saeen-den-samen-der-revolution-gegen-die-eliten-in-paris\/#article\",\"isPartOf\":{\"@id\":\"https:\/\/now-news.de\/de\/deutschland\/die-franzoesischen-bauern-saeen-den-samen-der-revolution-gegen-die-eliten-in-paris\/\"},\"author\":{\"name\":\"rtnews\",\"@id\":\"https:\/\/now-news.de\/de\/#\/schema\/person\/fb534a4e865501d8b3285208df34a9b5\"},\"headline\":\"Die franz\u00f6sischen Bauern s\u00e4en den Samen der Revolution gegen die Eliten in Paris\",\"datePublished\":\"2024-01-28T19:36:55+00:00\",\"dateModified\":\"2024-01-28T19:36:55+00:00\",\"mainEntityOfPage\":{\"@id\":\"https:\/\/now-news.de\/de\/deutschland\/die-franzoesischen-bauern-saeen-den-samen-der-revolution-gegen-die-eliten-in-paris\/\"},\"wordCount\":1615,\"commentCount\":0,\"publisher\":{\"@id\":\"https:\/\/now-news.de\/de\/#organization\"},\"image\":{\"@id\":\"https:\/\/now-news.de\/de\/deutschland\/die-franzoesischen-bauern-saeen-den-samen-der-revolution-gegen-die-eliten-in-paris\/#primaryimage\"},\"thumbnailUrl\":\"https:\/\/now-news.de\/de\/wp-content\/uploads\/sites\/3\/2024\/01\/Die-franzoesischen-Bauern-saeen-den-Samen-der-Revolution-gegen-die.jpg\",\"keywords\":[\"Bauern\",\"den\",\"der\",\"die\",\"Eliten\",\"franz\u00f6sischen\",\"gegen\",\"Paris\",\"Revolution\",\"s\u00e4en\",\"Samen\"],\"articleSection\":[\"Deutschland\",\"Russland\"],\"inLanguage\":\"de\",\"potentialAction\":[{\"@type\":\"CommentAction\",\"name\":\"Comment\",\"target\":[\"https:\/\/now-news.de\/de\/deutschland\/die-franzoesischen-bauern-saeen-den-samen-der-revolution-gegen-die-eliten-in-paris\/#respond\"]}]},{\"@type\":\"WebPage\",\"@id\":\"https:\/\/now-news.de\/de\/deutschland\/die-franzoesischen-bauern-saeen-den-samen-der-revolution-gegen-die-eliten-in-paris\/\",\"url\":\"https:\/\/now-news.de\/de\/deutschland\/die-franzoesischen-bauern-saeen-den-samen-der-revolution-gegen-die-eliten-in-paris\/\",\"name\":\"Die franz\u00f6sischen Bauern s\u00e4en den Samen der Revolution gegen die Eliten in Paris - just-now.NEWS Deutschland\",\"isPartOf\":{\"@id\":\"https:\/\/now-news.de\/de\/#website\"},\"primaryImageOfPage\":{\"@id\":\"https:\/\/now-news.de\/de\/deutschland\/die-franzoesischen-bauern-saeen-den-samen-der-revolution-gegen-die-eliten-in-paris\/#primaryimage\"},\"image\":{\"@id\":\"https:\/\/now-news.de\/de\/deutschland\/die-franzoesischen-bauern-saeen-den-samen-der-revolution-gegen-die-eliten-in-paris\/#primaryimage\"},\"thumbnailUrl\":\"https:\/\/now-news.de\/de\/wp-content\/uploads\/sites\/3\/2024\/01\/Die-franzoesischen-Bauern-saeen-den-Samen-der-Revolution-gegen-die.jpg\",\"datePublished\":\"2024-01-28T19:36:55+00:00\",\"dateModified\":\"2024-01-28T19:36:55+00:00\",\"breadcrumb\":{\"@id\":\"https:\/\/now-news.de\/de\/deutschland\/die-franzoesischen-bauern-saeen-den-samen-der-revolution-gegen-die-eliten-in-paris\/#breadcrumb\"},\"inLanguage\":\"de\",\"potentialAction\":[{\"@type\":\"ReadAction\",\"target\":[\"https:\/\/now-news.de\/de\/deutschland\/die-franzoesischen-bauern-saeen-den-samen-der-revolution-gegen-die-eliten-in-paris\/\"]}]},{\"@type\":\"ImageObject\",\"inLanguage\":\"de\",\"@id\":\"https:\/\/now-news.de\/de\/deutschland\/die-franzoesischen-bauern-saeen-den-samen-der-revolution-gegen-die-eliten-in-paris\/#primaryimage\",\"url\":\"https:\/\/now-news.de\/de\/wp-content\/uploads\/sites\/3\/2024\/01\/Die-franzoesischen-Bauern-saeen-den-Samen-der-Revolution-gegen-die.jpg\",\"contentUrl\":\"https:\/\/now-news.de\/de\/wp-content\/uploads\/sites\/3\/2024\/01\/Die-franzoesischen-Bauern-saeen-den-Samen-der-Revolution-gegen-die.jpg\",\"width\":460,\"height\":259,\"caption\":\"Die franz\u00f6sischen Bauern s\u00e4en den Samen der Revolution gegen die Eliten in Paris\"},{\"@type\":\"BreadcrumbList\",\"@id\":\"https:\/\/now-news.de\/de\/deutschland\/die-franzoesischen-bauern-saeen-den-samen-der-revolution-gegen-die-eliten-in-paris\/#breadcrumb\",\"itemListElement\":[{\"@type\":\"ListItem\",\"position\":1,\"name\":\"Home\",\"item\":\"https:\/\/now-news.de\/de\/\"},{\"@type\":\"ListItem\",\"position\":2,\"name\":\"Die franz\u00f6sischen Bauern s\u00e4en den Samen der Revolution gegen die Eliten in Paris\"}]},{\"@type\":\"WebSite\",\"@id\":\"https:\/\/now-news.de\/de\/#website\",\"url\":\"https:\/\/now-news.de\/de\/\",\"name\":\"just-now.NEWS Deutschland\",\"description\":\"Das Portal f\u00fcr unzensierte Nachrichten aus der Welt\",\"publisher\":{\"@id\":\"https:\/\/now-news.de\/de\/#organization\"},\"potentialAction\":[{\"@type\":\"SearchAction\",\"target\":{\"@type\":\"EntryPoint\",\"urlTemplate\":\"https:\/\/now-news.de\/de\/?s={search_term_string}\"},\"query-input\":\"required name=search_term_string\"}],\"inLanguage\":\"de\"},{\"@type\":\"Organization\",\"@id\":\"https:\/\/now-news.de\/de\/#organization\",\"name\":\"Just Now News\",\"url\":\"https:\/\/now-news.de\/de\/\",\"logo\":{\"@type\":\"ImageObject\",\"inLanguage\":\"de\",\"@id\":\"https:\/\/now-news.de\/de\/#\/schema\/logo\/image\/\",\"url\":\"http:\/\/just-now.news\/de\/wp-content\/uploads\/sites\/3\/2022\/04\/logo500x500.jpg\",\"contentUrl\":\"http:\/\/just-now.news\/de\/wp-content\/uploads\/sites\/3\/2022\/04\/logo500x500.jpg\",\"width\":500,\"height\":500,\"caption\":\"Just Now News\"},\"image\":{\"@id\":\"https:\/\/now-news.de\/de\/#\/schema\/logo\/image\/\"},\"sameAs\":[\"https:\/\/www.facebook.com\/wirmachenauf\",\"https:\/\/x.com\/WirMachenAuf_de\"]},{\"@type\":\"Person\",\"@id\":\"https:\/\/now-news.de\/de\/#\/schema\/person\/fb534a4e865501d8b3285208df34a9b5\",\"name\":\"rtnews\",\"image\":{\"@type\":\"ImageObject\",\"inLanguage\":\"de\",\"@id\":\"https:\/\/now-news.de\/de\/#\/schema\/person\/image\/\",\"url\":\"https:\/\/secure.gravatar.com\/avatar\/82aafea7d8127119dd649515f56e2117?s=96&d=mm&r=g\",\"contentUrl\":\"https:\/\/secure.gravatar.com\/avatar\/82aafea7d8127119dd649515f56e2117?s=96&d=mm&r=g\",\"caption\":\"rtnews\"},\"url\":\"https:\/\/now-news.de\/de\/author\/rnews\/\"}]}<\/script>\n<!-- \/ Yoast SEO Premium plugin. -->","yoast_head_json":{"title":"Die franz\u00f6sischen Bauern s\u00e4en den Samen der Revolution gegen die Eliten in Paris - just-now.NEWS Deutschland","robots":{"index":"index","follow":"follow","max-snippet":"max-snippet:-1","max-image-preview":"max-image-preview:large","max-video-preview":"max-video-preview:-1"},"canonical":"https:\/\/now-news.de\/de\/deutschland\/die-franzoesischen-bauern-saeen-den-samen-der-revolution-gegen-die-eliten-in-paris\/","og_locale":"de_DE","og_type":"article","og_title":"Die franz\u00f6sischen Bauern s\u00e4en den Samen der Revolution gegen die Eliten in Paris","og_description":"Paris bewertet das Br\u00fcsseler Diktat h\u00f6her als die Interessen der Menschen, die Frankreich mit Nahrungsmitteln versorgen und die Landschaft pflegen. An erster Stelle der EU steht, dem Klimawandel entgegenzuwirken und die Ukraine zu unterst\u00fctzen. Von Rachel Marsden Die franz\u00f6sische Regierung bem\u00fcht sich darum, eine ganze Flotte von Traktoren von den Hauptstra\u00dfen des Landes fernzuhalten. Viel [&hellip;]","og_url":"https:\/\/now-news.de\/de\/deutschland\/die-franzoesischen-bauern-saeen-den-samen-der-revolution-gegen-die-eliten-in-paris\/","og_site_name":"just-now.NEWS Deutschland","article_publisher":"https:\/\/www.facebook.com\/wirmachenauf","article_published_time":"2024-01-28T19:36:55+00:00","og_image":[{"width":460,"height":259,"url":"https:\/\/now-news.de\/de\/wp-content\/uploads\/sites\/3\/2024\/01\/Die-franzoesischen-Bauern-saeen-den-Samen-der-Revolution-gegen-die.jpg","type":"image\/jpeg"}],"author":"rtnews","twitter_card":"summary_large_image","twitter_creator":"@WirMachenAuf_de","twitter_site":"@WirMachenAuf_de","twitter_misc":{"Verfasst von":"rtnews","Gesch\u00e4tzte Lesezeit":"8\u00a0Minuten"},"schema":{"@context":"https:\/\/schema.org","@graph":[{"@type":"Article","@id":"https:\/\/now-news.de\/de\/deutschland\/die-franzoesischen-bauern-saeen-den-samen-der-revolution-gegen-die-eliten-in-paris\/#article","isPartOf":{"@id":"https:\/\/now-news.de\/de\/deutschland\/die-franzoesischen-bauern-saeen-den-samen-der-revolution-gegen-die-eliten-in-paris\/"},"author":{"name":"rtnews","@id":"https:\/\/now-news.de\/de\/#\/schema\/person\/fb534a4e865501d8b3285208df34a9b5"},"headline":"Die franz\u00f6sischen Bauern s\u00e4en den Samen der Revolution gegen die Eliten in Paris","datePublished":"2024-01-28T19:36:55+00:00","dateModified":"2024-01-28T19:36:55+00:00","mainEntityOfPage":{"@id":"https:\/\/now-news.de\/de\/deutschland\/die-franzoesischen-bauern-saeen-den-samen-der-revolution-gegen-die-eliten-in-paris\/"},"wordCount":1615,"commentCount":0,"publisher":{"@id":"https:\/\/now-news.de\/de\/#organization"},"image":{"@id":"https:\/\/now-news.de\/de\/deutschland\/die-franzoesischen-bauern-saeen-den-samen-der-revolution-gegen-die-eliten-in-paris\/#primaryimage"},"thumbnailUrl":"https:\/\/now-news.de\/de\/wp-content\/uploads\/sites\/3\/2024\/01\/Die-franzoesischen-Bauern-saeen-den-Samen-der-Revolution-gegen-die.jpg","keywords":["Bauern","den","der","die","Eliten","franz\u00f6sischen","gegen","Paris","Revolution","s\u00e4en","Samen"],"articleSection":["Deutschland","Russland"],"inLanguage":"de","potentialAction":[{"@type":"CommentAction","name":"Comment","target":["https:\/\/now-news.de\/de\/deutschland\/die-franzoesischen-bauern-saeen-den-samen-der-revolution-gegen-die-eliten-in-paris\/#respond"]}]},{"@type":"WebPage","@id":"https:\/\/now-news.de\/de\/deutschland\/die-franzoesischen-bauern-saeen-den-samen-der-revolution-gegen-die-eliten-in-paris\/","url":"https:\/\/now-news.de\/de\/deutschland\/die-franzoesischen-bauern-saeen-den-samen-der-revolution-gegen-die-eliten-in-paris\/","name":"Die franz\u00f6sischen Bauern s\u00e4en den Samen der Revolution gegen die Eliten in Paris - just-now.NEWS Deutschland","isPartOf":{"@id":"https:\/\/now-news.de\/de\/#website"},"primaryImageOfPage":{"@id":"https:\/\/now-news.de\/de\/deutschland\/die-franzoesischen-bauern-saeen-den-samen-der-revolution-gegen-die-eliten-in-paris\/#primaryimage"},"image":{"@id":"https:\/\/now-news.de\/de\/deutschland\/die-franzoesischen-bauern-saeen-den-samen-der-revolution-gegen-die-eliten-in-paris\/#primaryimage"},"thumbnailUrl":"https:\/\/now-news.de\/de\/wp-content\/uploads\/sites\/3\/2024\/01\/Die-franzoesischen-Bauern-saeen-den-Samen-der-Revolution-gegen-die.jpg","datePublished":"2024-01-28T19:36:55+00:00","dateModified":"2024-01-28T19:36:55+00:00","breadcrumb":{"@id":"https:\/\/now-news.de\/de\/deutschland\/die-franzoesischen-bauern-saeen-den-samen-der-revolution-gegen-die-eliten-in-paris\/#breadcrumb"},"inLanguage":"de","potentialAction":[{"@type":"ReadAction","target":["https:\/\/now-news.de\/de\/deutschland\/die-franzoesischen-bauern-saeen-den-samen-der-revolution-gegen-die-eliten-in-paris\/"]}]},{"@type":"ImageObject","inLanguage":"de","@id":"https:\/\/now-news.de\/de\/deutschland\/die-franzoesischen-bauern-saeen-den-samen-der-revolution-gegen-die-eliten-in-paris\/#primaryimage","url":"https:\/\/now-news.de\/de\/wp-content\/uploads\/sites\/3\/2024\/01\/Die-franzoesischen-Bauern-saeen-den-Samen-der-Revolution-gegen-die.jpg","contentUrl":"https:\/\/now-news.de\/de\/wp-content\/uploads\/sites\/3\/2024\/01\/Die-franzoesischen-Bauern-saeen-den-Samen-der-Revolution-gegen-die.jpg","width":460,"height":259,"caption":"Die franz\u00f6sischen Bauern s\u00e4en den Samen der Revolution gegen die Eliten in Paris"},{"@type":"BreadcrumbList","@id":"https:\/\/now-news.de\/de\/deutschland\/die-franzoesischen-bauern-saeen-den-samen-der-revolution-gegen-die-eliten-in-paris\/#breadcrumb","itemListElement":[{"@type":"ListItem","position":1,"name":"Home","item":"https:\/\/now-news.de\/de\/"},{"@type":"ListItem","position":2,"name":"Die franz\u00f6sischen Bauern s\u00e4en den Samen der Revolution gegen die Eliten in Paris"}]},{"@type":"WebSite","@id":"https:\/\/now-news.de\/de\/#website","url":"https:\/\/now-news.de\/de\/","name":"just-now.NEWS Deutschland","description":"Das Portal f\u00fcr unzensierte Nachrichten aus der Welt","publisher":{"@id":"https:\/\/now-news.de\/de\/#organization"},"potentialAction":[{"@type":"SearchAction","target":{"@type":"EntryPoint","urlTemplate":"https:\/\/now-news.de\/de\/?s={search_term_string}"},"query-input":"required name=search_term_string"}],"inLanguage":"de"},{"@type":"Organization","@id":"https:\/\/now-news.de\/de\/#organization","name":"Just Now News","url":"https:\/\/now-news.de\/de\/","logo":{"@type":"ImageObject","inLanguage":"de","@id":"https:\/\/now-news.de\/de\/#\/schema\/logo\/image\/","url":"http:\/\/just-now.news\/de\/wp-content\/uploads\/sites\/3\/2022\/04\/logo500x500.jpg","contentUrl":"http:\/\/just-now.news\/de\/wp-content\/uploads\/sites\/3\/2022\/04\/logo500x500.jpg","width":500,"height":500,"caption":"Just Now News"},"image":{"@id":"https:\/\/now-news.de\/de\/#\/schema\/logo\/image\/"},"sameAs":["https:\/\/www.facebook.com\/wirmachenauf","https:\/\/x.com\/WirMachenAuf_de"]},{"@type":"Person","@id":"https:\/\/now-news.de\/de\/#\/schema\/person\/fb534a4e865501d8b3285208df34a9b5","name":"rtnews","image":{"@type":"ImageObject","inLanguage":"de","@id":"https:\/\/now-news.de\/de\/#\/schema\/person\/image\/","url":"https:\/\/secure.gravatar.com\/avatar\/82aafea7d8127119dd649515f56e2117?s=96&d=mm&r=g","contentUrl":"https:\/\/secure.gravatar.com\/avatar\/82aafea7d8127119dd649515f56e2117?s=96&d=mm&r=g","caption":"rtnews"},"url":"https:\/\/now-news.de\/de\/author\/rnews\/"}]}},"_links":{"self":[{"href":"https:\/\/now-news.de\/de\/wp-json\/wp\/v2\/posts\/54183"}],"collection":[{"href":"https:\/\/now-news.de\/de\/wp-json\/wp\/v2\/posts"}],"about":[{"href":"https:\/\/now-news.de\/de\/wp-json\/wp\/v2\/types\/post"}],"author":[{"embeddable":true,"href":"https:\/\/now-news.de\/de\/wp-json\/wp\/v2\/users\/3"}],"replies":[{"embeddable":true,"href":"https:\/\/now-news.de\/de\/wp-json\/wp\/v2\/comments?post=54183"}],"version-history":[{"count":0,"href":"https:\/\/now-news.de\/de\/wp-json\/wp\/v2\/posts\/54183\/revisions"}],"wp:featuredmedia":[{"embeddable":true,"href":"https:\/\/now-news.de\/de\/wp-json\/wp\/v2\/media\/54184"}],"wp:attachment":[{"href":"https:\/\/now-news.de\/de\/wp-json\/wp\/v2\/media?parent=54183"}],"wp:term":[{"taxonomy":"category","embeddable":true,"href":"https:\/\/now-news.de\/de\/wp-json\/wp\/v2\/categories?post=54183"},{"taxonomy":"post_tag","embeddable":true,"href":"https:\/\/now-news.de\/de\/wp-json\/wp\/v2\/tags?post=54183"}],"curies":[{"name":"wp","href":"https:\/\/api.w.org\/{rel}","templated":true}]}}