{"id":54111,"date":"2024-01-27T19:03:30","date_gmt":"2024-01-27T17:03:30","guid":{"rendered":"https:\/\/just-now.news\/de\/deutschland\/jan-boehmermann-als-propagandist-des-jahres-ausgezeichnet\/"},"modified":"2024-01-27T19:03:30","modified_gmt":"2024-01-27T17:03:30","slug":"jan-boehmermann-als-propagandist-des-jahres-ausgezeichnet","status":"publish","type":"post","link":"https:\/\/now-news.de\/de\/deutschland\/jan-boehmermann-als-propagandist-des-jahres-ausgezeichnet\/","title":{"rendered":"Jan B\u00f6hmermann als Propagandist des Jahres ausgezeichnet"},"content":{"rendered":"<div class=\"Text-root Text-type_1 \">\n                Der TV-Satiriker Jan B\u00f6hmermann sahnt einen Preis ab, den er wohl lieber nicht bekommen h\u00e4tte. Er wird ausgezeichnet f\u00fcr den &#8220;skandal\u00f6sesten Schwindel-Journalismus&#8221;.\n            <\/div>\n<p><\/p>\n<div class=\"Text-root Text-type_5 ArticleView-text ViewText-root \">\n<p><em>Von <a rel=\"nofollow noopener\" target=\"_blank\" href=\"https:\/\/twitter.com\/runews\">Russian Market<\/a><\/em><\/p>\n<p>Nun, wer h\u00e4tte das gedacht? B\u00f6hmermann wird tats\u00e4chlich als Propagandist des Jahres ausgezeichnet. Als Schweizer Zuschauer fand ich pers\u00f6nlich seine Witze nie besonders am\u00fcsant \u2013 vielleicht liegt es an einer pers\u00f6nlichen Pr\u00e4ferenz oder daran, dass ich nicht viel Zeit mit deutschem Fernsehen verbringe. Wie dem auch sei, die Zuschauer haben ihre Stimmen abgegeben, und B\u00f6hmermann ist nun offiziell Preistr\u00e4ger des Karl-Eduard-von-Schnitzler-Preises f\u00fcr Propaganda-Journalismus.<\/p>\n<p>Das ist bereits der zweite Negativ-Preis f\u00fcr Jan B\u00f6hmermann. Der <em>ZDF<\/em>-Moderator wurde nach seiner Kritik an Alice Schwarzer bereits von dem feministischen Magazin <em>Emma <\/em>als &#8220;Sexist Man Alive 2023&#8221; (sexistischster Mann des Jahres) ausgezeichnet. Das Magazin begr\u00fcndete diese Entscheidung unter anderem mit der Berichterstattung des <em>&#8220;ZDF Magazin Royale&#8221;<\/em> \u00fcber Schwarzer, wobei B\u00f6hmermann als &#8220;Gipfel aufgeblasener M\u00e4nnlichkeit&#8221; bezeichnet wurde. Die Publizistin Alice Schwarzer hatte zuvor gegen den Moderator ausgeteilt, womit sie auf dessen Kritik an ihr reagierte. Insgesamt ist dies bereits der zweite kontroverse Preis, den B\u00f6hmermann in kurzer Zeit erh\u00e4lt.<\/p>\n<p>Hans-Georg Maa\u00dfen gratuliert ironisch auf Twitter: &#8220;Herzlichen Gl\u00fcckwunsch, Jan B\u00f6hmermann!&#8221;<\/p>\n<div class=\"EmbedBlock-root EmbedBlock-twitter\">\n<div class=\"TwitterEmbed\">\n<blockquote class=\"twitter-tweet lazyload\" data-twitter=\"twitter-tweet\" data-media-max-width=\"560\">\n<p lang=\"de\" dir=\"ltr\">Herzlichen Gl\u00fcckwunsch, Jan B\u00f6hmermann! &#8220;Jan B\u00f6hmermann Preistr\u00e4ger des Karl-Eduard-von-Schnitzler-Preises f\u00fcr Desinformation, Meinungsmanipulatiin und Propaganda&#8221;.<a rel=\"nofollow noopener\" target=\"_blank\" href=\"https:\/\/twitter.com\/hashtag\/janboehm?src=hash&amp;ref_src=twsrc%5Etfw\">#janboehm<\/a><a rel=\"nofollow noopener\" target=\"_blank\" href=\"https:\/\/twitter.com\/hashtag\/Desinformation?src=hash&amp;ref_src=twsrc%5Etfw\">#Desinformation<\/a><a rel=\"nofollow noopener\" target=\"_blank\" href=\"https:\/\/twitter.com\/hashtag\/SchnitzlerPreis?src=hash&amp;ref_src=twsrc%5Etfw\">#SchnitzlerPreis<\/a><a rel=\"nofollow noopener\" target=\"_blank\" href=\"https:\/\/t.co\/CVOh54P1IB\">https:\/\/t.co\/CVOh54P1IB<\/a><a rel=\"nofollow noopener\" target=\"_blank\" href=\"https:\/\/t.co\/8Vj57HkuJ7\">https:\/\/t.co\/8Vj57HkuJ7<\/a><\/p>\n<p>\u2014 Hans-Georg Maa\u00dfen (@HGMaassen) <a rel=\"nofollow noopener\" target=\"_blank\" href=\"https:\/\/twitter.com\/HGMaassen\/status\/1750306861197283721?ref_src=twsrc%5Etfw\">January 24, 2024<\/a><\/p><\/blockquote>\n<\/div>\n<\/div>\n<p><strong>Was ist der Karl-Eduard von Schnitzler-Preis?<\/strong><\/p>\n<p>Erfundene Zitate und Tweets; Fernsehger\u00e4te, die Strom erzeugen; zuf\u00e4llig vorbeikommende B\u00fcrger, die sich im Nachhinein als Parteifunktion\u00e4re herausstellen; Gr\u00fcne, denen als &#8220;Experten&#8221; hofiert wird; manipulierte Schmerzensschreie und ein prallvoller Gardasee, der angeblich austrocknet: Nicht einmal der Wetterbericht bei <em>ARD<\/em> und <em>ZDF<\/em> informiert noch \u00fcber das Geschehen vor unseren Fenstern, sondern manipuliert Daten, die nicht ins &#8220;Narrativ&#8221; passen. Die Gr\u00fcnder <a rel=\"nofollow noopener\" target=\"_blank\" href=\"https:\/\/schnitzler-preis.de\/#Hintergrund\">erkl\u00e4ren<\/a> den Hintergrund dieses Preises damit, dass skandal\u00f6se F\u00e4lle von Desinformation und Manipulation heute im Alltag deutscher Medien zur Regel geworden sind.<\/p>\n<p>Der Alltag wird verf\u00e4lscht; missliebige Nachrichten werden verschwiegen, Kritiker verleumdet. Die Stiftung Meinung und Freiheit wird k\u00fcnftig den &#8220;Karl-Eduard von Schnitzler-Preis&#8221; f\u00fcr die skandal\u00f6sesten Schwindel-Journalisten vergeben. Eine unabh\u00e4ngige Jury unter Beteiligung von Lesern und Zuschauern wird Propaganda-Journalismus dokumentieren und pr\u00e4mieren.<\/p>\n<p>&#8220;Der Preis ist nach Karl-Eduard von Schnitzler benannt, dem Chefkommentator des DDR-Fernsehens und Moderator des <em>Schwarzen Kanals<\/em>; einem scheinheiligen Journalisten, der regelm\u00e4\u00dfig zur Deckung seines Konsumbedarfs in West-Berlin mit D-Mark einkaufte und Nachtlokale besuchte&#8221;, so die Initiatoren. Bei der Befragung haben 9.435 kritische B\u00fcrger ihre Stimme f\u00fcr einen Wunschkandidaten abgegeben. B\u00f6hmermann erhielt mit 3.666 Stimmen rund 40 Prozent aller Stimmen. Die feierliche Preisverleihung f\u00fcr herausragende Desinformation, Meinungsmanipulation und Propaganda ist f\u00fcr den 24. Februar 2024 im Frankfurter <em>PresseClub<\/em> in Frankfurt am Main geplant und wird in Anwesenheit von \u00fcber 100 geladenen Ehreng\u00e4sten stattfinden.<\/p>\n<p>Gewiss, der Propagandist des Jahres scheint wenig kritikf\u00e4hig zu sein, doch daf\u00fcr flie\u00dft ein betr\u00e4chtliches Honorar vom Sender, der durch Beitragszahler finanziert wird. Jan B\u00f6hmermann erh\u00e4lt eine Verg\u00fctung von 651.000 Euro zuz\u00fcglich Mehrwertsteuer, wie aus dem von der <a rel=\"nofollow noopener\" target=\"_blank\" href=\"https:\/\/amp.focus.de\/kultur\/kino_tv\/bericht-enthuellt-verdienste-lanz-topverdiener-drei-bei-ueber-einer-million-die-geheimen-honorare-der-zdf-stars_id_259614527.html\"><em>Welt<\/em><\/a> enth\u00fcllten Vertrag hervorgeht. Diese Summe wird im Jahr 2024 um 31.000 Euro erh\u00f6ht, und im Jahr 2025 soll B\u00f6hmermann eine Verg\u00fctung von 713.000 Euro erhalten.<\/p>\n<p>Und als ob das nicht genug w\u00e4re, hat der als freidenkend, aufgeschlossen und kritikliebend geltende Propagandist des Jahres mich gerade auf Twitter blockiert, um weiteren kritischen Fragen aus dem Weg zu gehen.<\/p>\n<figure class=\"RTImage-root\">\n<div class=\"RTImage-image RTImage-original\"><picture class=\"Picture-root Picture-original\"><!--[if IE 9]><video style=\"display: none;\"><![endif]--><source media=\"(-webkit-min-device-pixel-ratio: 2) and (min-resolution: 120dpi)\" data-srcset=\" \nhttp:\/\/just-now.news\/de\/wp-content\/uploads\/sites\/3\/2024\/01\/65b4cd8148fbef3bc67a8e8f.png 850w,\n                http:\/\/just-now.news\/de\/wp-content\/uploads\/sites\/3\/2024\/01\/65b4cd8148fbef3bc67a8e8f.png 1960w,            \" ><source data-srcset=\" \nhttp:\/\/just-now.news\/de\/wp-content\/uploads\/sites\/3\/2024\/01\/65b4cd8148fbef3bc67a8e8f.png 460w,\n              http:\/\/just-now.news\/de\/wp-content\/uploads\/sites\/3\/2024\/01\/65b4cd8148fbef3bc67a8e8f.png 980w,\n            \" ><!--[if IE 9]><\/video><![endif]--><img decoding=\"async\" data- src=\"data:image\/png;base64,iVBORw0KGgoAAAANSUhEUgAAABAAAAAJCAQAAACRI2S5AAAAEElEQVR42mNkIAAYRxWAAQAG9gAKqv6+AwAAAABJRU5ErkJggg==\" class=\"Picture-root Picture-original lazyload\" data-src=\"http:\/\/just-now.news\/de\/wp-content\/uploads\/sites\/3\/2024\/01\/65b4cd8148fbef3bc67a8e8f.png\" alt=\"\"><\/source><\/source><\/picture><!-- noscript pattern --><noscript><img decoding=\"async\" src=\"http:\/\/just-now.news\/de\/wp-content\/uploads\/sites\/3\/2024\/01\/65b4cd8148fbef3bc67a8e8f.png\" alt=\"\"><\/noscript><\/div><figcaption class=\"RTImage-footer\"><span class=\"RTImage-caption\"><\/span><span class=\"RTImage-source\"><a rel=\"nofollow noopener\" target=\"_blank\" class=\"RTImage-captionItem Link-root\" href=\"https:\/\/twitter.com\/runews\">@X Russian Market<\/a><\/span><\/figcaption><\/figure>\n<p><strong>Mehr zum Thema<\/strong>\u00a0&#8211;\u00a0<a rel=\"nofollow noopener\" target=\"_blank\" href=\"https:\/\/freedert.online\/inland\/180378-verfassungsschutz-veranstaltung-meinungsbildung-20-inkl\/\">&#8220;Trainingsprogramm f\u00fcr Journalist:innen&#8221;: Verfassungsschutz tagt zum Thema &#8220;Meinungsbildung 2.0&#8221;<\/a><\/p>\n<\/div>\n<p><script async src=\"https:\/\/platform.twitter.com\/widgets.js\" charset=\"utf-8\"><\/script><br \/>\n<br \/><br \/>\n<br \/><a href=\"https:\/\/de.rt.com\/meinung\/194139-jan-boehmermann-als-propagandist-jahres\/\">Source link <\/a><\/p>\n","protected":false},"excerpt":{"rendered":"<p>Der TV-Satiriker Jan B\u00f6hmermann sahnt einen Preis ab, den er wohl lieber nicht bekommen h\u00e4tte. Er wird ausgezeichnet f\u00fcr den &#8220;skandal\u00f6sesten Schwindel-Journalismus&#8221;. Von Russian Market Nun, wer h\u00e4tte das gedacht? B\u00f6hmermann wird tats\u00e4chlich als Propagandist des Jahres ausgezeichnet. Als Schweizer Zuschauer fand ich pers\u00f6nlich seine Witze nie besonders am\u00fcsant \u2013 vielleicht liegt es an einer [&hellip;]<\/p>\n","protected":false},"author":3,"featured_media":54112,"comment_status":"open","ping_status":"open","sticky":false,"template":"","format":"standard","meta":{"_yoast_indexnow_last_ping":["1706375810"],"wp_automatic_camp":["217"],"4005536e8bcfb707a34a6d899c826896":["Jan B\u00f6hmermann als Propagandist des Jahres ausgezeichnet"],"original_link":["https:\/\/de.rt.com\/meinung\/194139-jan-boehmermann-als-propagandist-jahres\/"],"_thumbnail_id":["54112"],"jnews_social_counter_last_update":["1777447597"],"_wptgpro_p2tg_sent2tg":["a:1:{i:23737;s:19:\"2024-01-27 19:17:59\";}"]},"categories":[19,23],"tags":[273,44322,35065,583,22878,7164,52883],"yoast_head":"<!-- This site is optimized with the Yoast SEO Premium plugin v22.7 (Yoast SEO v22.7) - https:\/\/yoast.com\/wordpress\/plugins\/seo\/ -->\n<title>Jan B\u00f6hmermann als Propagandist des Jahres ausgezeichnet - just-now.NEWS Deutschland<\/title>\n<meta name=\"robots\" content=\"index, follow, max-snippet:-1, max-image-preview:large, max-video-preview:-1\" \/>\n<link rel=\"canonical\" href=\"https:\/\/now-news.de\/de\/deutschland\/jan-boehmermann-als-propagandist-des-jahres-ausgezeichnet\/\" \/>\n<meta property=\"og:locale\" content=\"de_DE\" \/>\n<meta property=\"og:type\" content=\"article\" \/>\n<meta property=\"og:title\" content=\"Jan B\u00f6hmermann als Propagandist des Jahres ausgezeichnet\" \/>\n<meta property=\"og:description\" content=\"Der TV-Satiriker Jan B\u00f6hmermann sahnt einen Preis ab, den er wohl lieber nicht bekommen h\u00e4tte. Er wird ausgezeichnet f\u00fcr den &#8220;skandal\u00f6sesten Schwindel-Journalismus&#8221;. Von Russian Market Nun, wer h\u00e4tte das gedacht? B\u00f6hmermann wird tats\u00e4chlich als Propagandist des Jahres ausgezeichnet. Als Schweizer Zuschauer fand ich pers\u00f6nlich seine Witze nie besonders am\u00fcsant \u2013 vielleicht liegt es an einer [&hellip;]\" \/>\n<meta property=\"og:url\" content=\"https:\/\/now-news.de\/de\/deutschland\/jan-boehmermann-als-propagandist-des-jahres-ausgezeichnet\/\" \/>\n<meta property=\"og:site_name\" content=\"just-now.NEWS Deutschland\" \/>\n<meta property=\"article:publisher\" content=\"https:\/\/www.facebook.com\/wirmachenauf\" \/>\n<meta property=\"article:published_time\" content=\"2024-01-27T17:03:30+00:00\" \/>\n<meta property=\"og:image\" content=\"https:\/\/now-news.de\/de\/wp-content\/uploads\/sites\/3\/2024\/01\/Jan-Boehmermann-als-Propagandist-des-Jahres-ausgezeichnet.png\" \/>\n\t<meta property=\"og:image:width\" content=\"825\" \/>\n\t<meta property=\"og:image:height\" content=\"1080\" \/>\n\t<meta property=\"og:image:type\" content=\"image\/png\" \/>\n<meta name=\"author\" content=\"rtnews\" \/>\n<meta name=\"twitter:card\" content=\"summary_large_image\" \/>\n<meta name=\"twitter:creator\" content=\"@WirMachenAuf_de\" \/>\n<meta name=\"twitter:site\" content=\"@WirMachenAuf_de\" \/>\n<meta name=\"twitter:label1\" content=\"Verfasst von\" \/>\n\t<meta name=\"twitter:data1\" content=\"rtnews\" \/>\n\t<meta name=\"twitter:label2\" content=\"Gesch\u00e4tzte Lesezeit\" \/>\n\t<meta name=\"twitter:data2\" content=\"3\u00a0Minuten\" \/>\n<script type=\"application\/ld+json\" class=\"yoast-schema-graph\">{\"@context\":\"https:\/\/schema.org\",\"@graph\":[{\"@type\":\"Article\",\"@id\":\"https:\/\/now-news.de\/de\/deutschland\/jan-boehmermann-als-propagandist-des-jahres-ausgezeichnet\/#article\",\"isPartOf\":{\"@id\":\"https:\/\/now-news.de\/de\/deutschland\/jan-boehmermann-als-propagandist-des-jahres-ausgezeichnet\/\"},\"author\":{\"name\":\"rtnews\",\"@id\":\"https:\/\/now-news.de\/de\/#\/schema\/person\/fb534a4e865501d8b3285208df34a9b5\"},\"headline\":\"Jan B\u00f6hmermann als Propagandist des Jahres ausgezeichnet\",\"datePublished\":\"2024-01-27T17:03:30+00:00\",\"dateModified\":\"2024-01-27T17:03:30+00:00\",\"mainEntityOfPage\":{\"@id\":\"https:\/\/now-news.de\/de\/deutschland\/jan-boehmermann-als-propagandist-des-jahres-ausgezeichnet\/\"},\"wordCount\":616,\"commentCount\":0,\"publisher\":{\"@id\":\"https:\/\/now-news.de\/de\/#organization\"},\"image\":{\"@id\":\"https:\/\/now-news.de\/de\/deutschland\/jan-boehmermann-als-propagandist-des-jahres-ausgezeichnet\/#primaryimage\"},\"thumbnailUrl\":\"https:\/\/now-news.de\/de\/wp-content\/uploads\/sites\/3\/2024\/01\/Jan-Boehmermann-als-Propagandist-des-Jahres-ausgezeichnet.png\",\"keywords\":[\"als\",\"ausgezeichnet\",\"B\u00f6hmermann\",\"des\",\"Jahres\",\"Jan\",\"Propagandist\"],\"articleSection\":[\"Deutschland\",\"Russland\"],\"inLanguage\":\"de\",\"potentialAction\":[{\"@type\":\"CommentAction\",\"name\":\"Comment\",\"target\":[\"https:\/\/now-news.de\/de\/deutschland\/jan-boehmermann-als-propagandist-des-jahres-ausgezeichnet\/#respond\"]}]},{\"@type\":\"WebPage\",\"@id\":\"https:\/\/now-news.de\/de\/deutschland\/jan-boehmermann-als-propagandist-des-jahres-ausgezeichnet\/\",\"url\":\"https:\/\/now-news.de\/de\/deutschland\/jan-boehmermann-als-propagandist-des-jahres-ausgezeichnet\/\",\"name\":\"Jan B\u00f6hmermann als Propagandist des Jahres ausgezeichnet - just-now.NEWS Deutschland\",\"isPartOf\":{\"@id\":\"https:\/\/now-news.de\/de\/#website\"},\"primaryImageOfPage\":{\"@id\":\"https:\/\/now-news.de\/de\/deutschland\/jan-boehmermann-als-propagandist-des-jahres-ausgezeichnet\/#primaryimage\"},\"image\":{\"@id\":\"https:\/\/now-news.de\/de\/deutschland\/jan-boehmermann-als-propagandist-des-jahres-ausgezeichnet\/#primaryimage\"},\"thumbnailUrl\":\"https:\/\/now-news.de\/de\/wp-content\/uploads\/sites\/3\/2024\/01\/Jan-Boehmermann-als-Propagandist-des-Jahres-ausgezeichnet.png\",\"datePublished\":\"2024-01-27T17:03:30+00:00\",\"dateModified\":\"2024-01-27T17:03:30+00:00\",\"breadcrumb\":{\"@id\":\"https:\/\/now-news.de\/de\/deutschland\/jan-boehmermann-als-propagandist-des-jahres-ausgezeichnet\/#breadcrumb\"},\"inLanguage\":\"de\",\"potentialAction\":[{\"@type\":\"ReadAction\",\"target\":[\"https:\/\/now-news.de\/de\/deutschland\/jan-boehmermann-als-propagandist-des-jahres-ausgezeichnet\/\"]}]},{\"@type\":\"ImageObject\",\"inLanguage\":\"de\",\"@id\":\"https:\/\/now-news.de\/de\/deutschland\/jan-boehmermann-als-propagandist-des-jahres-ausgezeichnet\/#primaryimage\",\"url\":\"https:\/\/now-news.de\/de\/wp-content\/uploads\/sites\/3\/2024\/01\/Jan-Boehmermann-als-Propagandist-des-Jahres-ausgezeichnet.png\",\"contentUrl\":\"https:\/\/now-news.de\/de\/wp-content\/uploads\/sites\/3\/2024\/01\/Jan-Boehmermann-als-Propagandist-des-Jahres-ausgezeichnet.png\",\"width\":825,\"height\":1080,\"caption\":\"Jan B\u00f6hmermann als Propagandist des Jahres ausgezeichnet\"},{\"@type\":\"BreadcrumbList\",\"@id\":\"https:\/\/now-news.de\/de\/deutschland\/jan-boehmermann-als-propagandist-des-jahres-ausgezeichnet\/#breadcrumb\",\"itemListElement\":[{\"@type\":\"ListItem\",\"position\":1,\"name\":\"Home\",\"item\":\"https:\/\/now-news.de\/de\/\"},{\"@type\":\"ListItem\",\"position\":2,\"name\":\"Jan B\u00f6hmermann als Propagandist des Jahres ausgezeichnet\"}]},{\"@type\":\"WebSite\",\"@id\":\"https:\/\/now-news.de\/de\/#website\",\"url\":\"https:\/\/now-news.de\/de\/\",\"name\":\"just-now.NEWS Deutschland\",\"description\":\"Das Portal f\u00fcr unzensierte Nachrichten aus der Welt\",\"publisher\":{\"@id\":\"https:\/\/now-news.de\/de\/#organization\"},\"potentialAction\":[{\"@type\":\"SearchAction\",\"target\":{\"@type\":\"EntryPoint\",\"urlTemplate\":\"https:\/\/now-news.de\/de\/?s={search_term_string}\"},\"query-input\":\"required name=search_term_string\"}],\"inLanguage\":\"de\"},{\"@type\":\"Organization\",\"@id\":\"https:\/\/now-news.de\/de\/#organization\",\"name\":\"Just Now News\",\"url\":\"https:\/\/now-news.de\/de\/\",\"logo\":{\"@type\":\"ImageObject\",\"inLanguage\":\"de\",\"@id\":\"https:\/\/now-news.de\/de\/#\/schema\/logo\/image\/\",\"url\":\"http:\/\/just-now.news\/de\/wp-content\/uploads\/sites\/3\/2022\/04\/logo500x500.jpg\",\"contentUrl\":\"http:\/\/just-now.news\/de\/wp-content\/uploads\/sites\/3\/2022\/04\/logo500x500.jpg\",\"width\":500,\"height\":500,\"caption\":\"Just Now News\"},\"image\":{\"@id\":\"https:\/\/now-news.de\/de\/#\/schema\/logo\/image\/\"},\"sameAs\":[\"https:\/\/www.facebook.com\/wirmachenauf\",\"https:\/\/x.com\/WirMachenAuf_de\"]},{\"@type\":\"Person\",\"@id\":\"https:\/\/now-news.de\/de\/#\/schema\/person\/fb534a4e865501d8b3285208df34a9b5\",\"name\":\"rtnews\",\"image\":{\"@type\":\"ImageObject\",\"inLanguage\":\"de\",\"@id\":\"https:\/\/now-news.de\/de\/#\/schema\/person\/image\/\",\"url\":\"https:\/\/secure.gravatar.com\/avatar\/82aafea7d8127119dd649515f56e2117?s=96&d=mm&r=g\",\"contentUrl\":\"https:\/\/secure.gravatar.com\/avatar\/82aafea7d8127119dd649515f56e2117?s=96&d=mm&r=g\",\"caption\":\"rtnews\"},\"url\":\"https:\/\/now-news.de\/de\/author\/rnews\/\"}]}<\/script>\n<!-- \/ Yoast SEO Premium plugin. -->","yoast_head_json":{"title":"Jan B\u00f6hmermann als Propagandist des Jahres ausgezeichnet - just-now.NEWS Deutschland","robots":{"index":"index","follow":"follow","max-snippet":"max-snippet:-1","max-image-preview":"max-image-preview:large","max-video-preview":"max-video-preview:-1"},"canonical":"https:\/\/now-news.de\/de\/deutschland\/jan-boehmermann-als-propagandist-des-jahres-ausgezeichnet\/","og_locale":"de_DE","og_type":"article","og_title":"Jan B\u00f6hmermann als Propagandist des Jahres ausgezeichnet","og_description":"Der TV-Satiriker Jan B\u00f6hmermann sahnt einen Preis ab, den er wohl lieber nicht bekommen h\u00e4tte. Er wird ausgezeichnet f\u00fcr den &#8220;skandal\u00f6sesten Schwindel-Journalismus&#8221;. Von Russian Market Nun, wer h\u00e4tte das gedacht? B\u00f6hmermann wird tats\u00e4chlich als Propagandist des Jahres ausgezeichnet. Als Schweizer Zuschauer fand ich pers\u00f6nlich seine Witze nie besonders am\u00fcsant \u2013 vielleicht liegt es an einer [&hellip;]","og_url":"https:\/\/now-news.de\/de\/deutschland\/jan-boehmermann-als-propagandist-des-jahres-ausgezeichnet\/","og_site_name":"just-now.NEWS Deutschland","article_publisher":"https:\/\/www.facebook.com\/wirmachenauf","article_published_time":"2024-01-27T17:03:30+00:00","og_image":[{"width":825,"height":1080,"url":"https:\/\/now-news.de\/de\/wp-content\/uploads\/sites\/3\/2024\/01\/Jan-Boehmermann-als-Propagandist-des-Jahres-ausgezeichnet.png","type":"image\/png"}],"author":"rtnews","twitter_card":"summary_large_image","twitter_creator":"@WirMachenAuf_de","twitter_site":"@WirMachenAuf_de","twitter_misc":{"Verfasst von":"rtnews","Gesch\u00e4tzte Lesezeit":"3\u00a0Minuten"},"schema":{"@context":"https:\/\/schema.org","@graph":[{"@type":"Article","@id":"https:\/\/now-news.de\/de\/deutschland\/jan-boehmermann-als-propagandist-des-jahres-ausgezeichnet\/#article","isPartOf":{"@id":"https:\/\/now-news.de\/de\/deutschland\/jan-boehmermann-als-propagandist-des-jahres-ausgezeichnet\/"},"author":{"name":"rtnews","@id":"https:\/\/now-news.de\/de\/#\/schema\/person\/fb534a4e865501d8b3285208df34a9b5"},"headline":"Jan B\u00f6hmermann als Propagandist des Jahres ausgezeichnet","datePublished":"2024-01-27T17:03:30+00:00","dateModified":"2024-01-27T17:03:30+00:00","mainEntityOfPage":{"@id":"https:\/\/now-news.de\/de\/deutschland\/jan-boehmermann-als-propagandist-des-jahres-ausgezeichnet\/"},"wordCount":616,"commentCount":0,"publisher":{"@id":"https:\/\/now-news.de\/de\/#organization"},"image":{"@id":"https:\/\/now-news.de\/de\/deutschland\/jan-boehmermann-als-propagandist-des-jahres-ausgezeichnet\/#primaryimage"},"thumbnailUrl":"https:\/\/now-news.de\/de\/wp-content\/uploads\/sites\/3\/2024\/01\/Jan-Boehmermann-als-Propagandist-des-Jahres-ausgezeichnet.png","keywords":["als","ausgezeichnet","B\u00f6hmermann","des","Jahres","Jan","Propagandist"],"articleSection":["Deutschland","Russland"],"inLanguage":"de","potentialAction":[{"@type":"CommentAction","name":"Comment","target":["https:\/\/now-news.de\/de\/deutschland\/jan-boehmermann-als-propagandist-des-jahres-ausgezeichnet\/#respond"]}]},{"@type":"WebPage","@id":"https:\/\/now-news.de\/de\/deutschland\/jan-boehmermann-als-propagandist-des-jahres-ausgezeichnet\/","url":"https:\/\/now-news.de\/de\/deutschland\/jan-boehmermann-als-propagandist-des-jahres-ausgezeichnet\/","name":"Jan B\u00f6hmermann als Propagandist des Jahres ausgezeichnet - just-now.NEWS Deutschland","isPartOf":{"@id":"https:\/\/now-news.de\/de\/#website"},"primaryImageOfPage":{"@id":"https:\/\/now-news.de\/de\/deutschland\/jan-boehmermann-als-propagandist-des-jahres-ausgezeichnet\/#primaryimage"},"image":{"@id":"https:\/\/now-news.de\/de\/deutschland\/jan-boehmermann-als-propagandist-des-jahres-ausgezeichnet\/#primaryimage"},"thumbnailUrl":"https:\/\/now-news.de\/de\/wp-content\/uploads\/sites\/3\/2024\/01\/Jan-Boehmermann-als-Propagandist-des-Jahres-ausgezeichnet.png","datePublished":"2024-01-27T17:03:30+00:00","dateModified":"2024-01-27T17:03:30+00:00","breadcrumb":{"@id":"https:\/\/now-news.de\/de\/deutschland\/jan-boehmermann-als-propagandist-des-jahres-ausgezeichnet\/#breadcrumb"},"inLanguage":"de","potentialAction":[{"@type":"ReadAction","target":["https:\/\/now-news.de\/de\/deutschland\/jan-boehmermann-als-propagandist-des-jahres-ausgezeichnet\/"]}]},{"@type":"ImageObject","inLanguage":"de","@id":"https:\/\/now-news.de\/de\/deutschland\/jan-boehmermann-als-propagandist-des-jahres-ausgezeichnet\/#primaryimage","url":"https:\/\/now-news.de\/de\/wp-content\/uploads\/sites\/3\/2024\/01\/Jan-Boehmermann-als-Propagandist-des-Jahres-ausgezeichnet.png","contentUrl":"https:\/\/now-news.de\/de\/wp-content\/uploads\/sites\/3\/2024\/01\/Jan-Boehmermann-als-Propagandist-des-Jahres-ausgezeichnet.png","width":825,"height":1080,"caption":"Jan B\u00f6hmermann als Propagandist des Jahres ausgezeichnet"},{"@type":"BreadcrumbList","@id":"https:\/\/now-news.de\/de\/deutschland\/jan-boehmermann-als-propagandist-des-jahres-ausgezeichnet\/#breadcrumb","itemListElement":[{"@type":"ListItem","position":1,"name":"Home","item":"https:\/\/now-news.de\/de\/"},{"@type":"ListItem","position":2,"name":"Jan B\u00f6hmermann als Propagandist des Jahres ausgezeichnet"}]},{"@type":"WebSite","@id":"https:\/\/now-news.de\/de\/#website","url":"https:\/\/now-news.de\/de\/","name":"just-now.NEWS Deutschland","description":"Das Portal f\u00fcr unzensierte Nachrichten aus der Welt","publisher":{"@id":"https:\/\/now-news.de\/de\/#organization"},"potentialAction":[{"@type":"SearchAction","target":{"@type":"EntryPoint","urlTemplate":"https:\/\/now-news.de\/de\/?s={search_term_string}"},"query-input":"required name=search_term_string"}],"inLanguage":"de"},{"@type":"Organization","@id":"https:\/\/now-news.de\/de\/#organization","name":"Just Now News","url":"https:\/\/now-news.de\/de\/","logo":{"@type":"ImageObject","inLanguage":"de","@id":"https:\/\/now-news.de\/de\/#\/schema\/logo\/image\/","url":"http:\/\/just-now.news\/de\/wp-content\/uploads\/sites\/3\/2022\/04\/logo500x500.jpg","contentUrl":"http:\/\/just-now.news\/de\/wp-content\/uploads\/sites\/3\/2022\/04\/logo500x500.jpg","width":500,"height":500,"caption":"Just Now News"},"image":{"@id":"https:\/\/now-news.de\/de\/#\/schema\/logo\/image\/"},"sameAs":["https:\/\/www.facebook.com\/wirmachenauf","https:\/\/x.com\/WirMachenAuf_de"]},{"@type":"Person","@id":"https:\/\/now-news.de\/de\/#\/schema\/person\/fb534a4e865501d8b3285208df34a9b5","name":"rtnews","image":{"@type":"ImageObject","inLanguage":"de","@id":"https:\/\/now-news.de\/de\/#\/schema\/person\/image\/","url":"https:\/\/secure.gravatar.com\/avatar\/82aafea7d8127119dd649515f56e2117?s=96&d=mm&r=g","contentUrl":"https:\/\/secure.gravatar.com\/avatar\/82aafea7d8127119dd649515f56e2117?s=96&d=mm&r=g","caption":"rtnews"},"url":"https:\/\/now-news.de\/de\/author\/rnews\/"}]}},"_links":{"self":[{"href":"https:\/\/now-news.de\/de\/wp-json\/wp\/v2\/posts\/54111"}],"collection":[{"href":"https:\/\/now-news.de\/de\/wp-json\/wp\/v2\/posts"}],"about":[{"href":"https:\/\/now-news.de\/de\/wp-json\/wp\/v2\/types\/post"}],"author":[{"embeddable":true,"href":"https:\/\/now-news.de\/de\/wp-json\/wp\/v2\/users\/3"}],"replies":[{"embeddable":true,"href":"https:\/\/now-news.de\/de\/wp-json\/wp\/v2\/comments?post=54111"}],"version-history":[{"count":0,"href":"https:\/\/now-news.de\/de\/wp-json\/wp\/v2\/posts\/54111\/revisions"}],"wp:featuredmedia":[{"embeddable":true,"href":"https:\/\/now-news.de\/de\/wp-json\/wp\/v2\/media\/54112"}],"wp:attachment":[{"href":"https:\/\/now-news.de\/de\/wp-json\/wp\/v2\/media?parent=54111"}],"wp:term":[{"taxonomy":"category","embeddable":true,"href":"https:\/\/now-news.de\/de\/wp-json\/wp\/v2\/categories?post=54111"},{"taxonomy":"post_tag","embeddable":true,"href":"https:\/\/now-news.de\/de\/wp-json\/wp\/v2\/tags?post=54111"}],"curies":[{"name":"wp","href":"https:\/\/api.w.org\/{rel}","templated":true}]}}