{"id":54109,"date":"2024-01-27T18:37:48","date_gmt":"2024-01-27T16:37:48","guid":{"rendered":"https:\/\/just-now.news\/de\/deutschland\/us-aussenministerium-genehmigt-f-16-verkauf-an-tuerkei\/"},"modified":"2024-01-27T18:37:48","modified_gmt":"2024-01-27T16:37:48","slug":"us-aussenministerium-genehmigt-f-16-verkauf-an-tuerkei","status":"publish","type":"post","link":"https:\/\/now-news.de\/de\/deutschland\/us-aussenministerium-genehmigt-f-16-verkauf-an-tuerkei\/","title":{"rendered":"US-Au\u00dfenministerium genehmigt F-16-Verkauf an T\u00fcrkei"},"content":{"rendered":"<p><img decoding=\"async\" src=\"http:\/\/just-now.news\/de\/wp-content\/uploads\/sites\/3\/2024\/01\/65b52025b480cc097f32079d.jpg\" \/><\/p>\n<div class=\"Text-root Text-type_1 \">\n                Nach einem langen Tauziehen erteilt das US-Au\u00dfenministerium eine Genehmigung f\u00fcr den Verkauf von F-16-Kampfjets an die T\u00fcrkei, nachdem Ankara dem NATO-Beitritt Schwedens zugesagt hat. Der US-Kongress hat 30 Tage, um den Deal im Wert von 23 Milliarden US-Dollar zu pr\u00fcfen.\n            <\/div>\n<p><\/p>\n<div class=\"Text-root Text-type_5 ArticleView-text ViewText-root \">\n<p>Das US-Au\u00dfenministerium hat gr\u00fcnes Licht f\u00fcr den Verkauf von Kampfflugzeugen des Typs F-16 an die T\u00fcrkei gegeben. Der US-Kongress wurde nach Angaben der US-Beh\u00f6rde f\u00fcr Kooperation im Verteidigungs- und Sicherheitsbereich (DSCA) \u00fcber diese Entscheidung bereits unterrichtet. Die entsprechende <a rel=\"nofollow noopener\" target=\"_blank\" href=\"https:\/\/www.dsca.mil\/press-media\/major-arms-sales\/turkiye-f-16-aircraft-acquisition-and-modernization\">Mitteilung<\/a> wurde am 26. Januar ver\u00f6ffentlicht.<\/p>\n<div class=\"EmbedBlock-root EmbedBlock-twitter\">\n<div class=\"TwitterEmbed\">\n<blockquote class=\"twitter-tweet lazyload\" data-twitter=\"twitter-tweet\">\n<p lang=\"en\" dir=\"ltr\">.<a rel=\"nofollow noopener\" target=\"_blank\" href=\"https:\/\/twitter.com\/StateDept?ref_src=twsrc%5Etfw\">@StateDept<\/a> \ud83c\uddfa\ud83c\uddf8 authorized a proposed Foreign Military Sale <a rel=\"nofollow noopener\" target=\"_blank\" href=\"https:\/\/twitter.com\/hashtag\/FMS?src=hash&amp;ref_src=twsrc%5Etfw\">#FMS<\/a> to <a rel=\"nofollow noopener\" target=\"_blank\" href=\"https:\/\/twitter.com\/hashtag\/T%C3%BCrkiye?src=hash&amp;ref_src=twsrc%5Etfw\">#T\u00fcrkiye<\/a> \ud83c\uddf9\ud83c\uddf7 for their purchase up to 40 new F-16s and the upgrade of 79 of its existing aircraft and related equipment and services for an estimated cost of up to $23 billion |<a rel=\"nofollow noopener\" target=\"_blank\" href=\"https:\/\/twitter.com\/hashtag\/FMSUpdate?src=hash&amp;ref_src=twsrc%5Etfw\">#FMSUpdate<\/a> &#8212;<a rel=\"nofollow noopener\" target=\"_blank\" href=\"https:\/\/t.co\/AAwPNLHyVu\">https:\/\/t.co\/AAwPNLHyVu<\/a><a rel=\"nofollow noopener\" target=\"_blank\" href=\"https:\/\/t.co\/Qn9locthHS\">pic.twitter.com\/Qn9locthHS<\/a><\/p>\n<p>\u2014 Political-Military Affairs, US Dept of State (@StateDeptPM) <a rel=\"nofollow noopener\" target=\"_blank\" href=\"https:\/\/twitter.com\/StateDeptPM\/status\/1751055100259279016?ref_src=twsrc%5Etfw\">January 27, 2024<\/a><\/p><\/blockquote>\n<\/div>\n<\/div>\n<p>Der positive Bescheid des State Department kam einen Tag, nachdem die T\u00fcrkei am 25. Januar dem Beitritt Schwedens zum westlichen Milit\u00e4rb\u00fcndnis zugestimmt hatte. Als Begr\u00fcndung hie\u00df es:<\/p>\n<blockquote>\n<p><em>&#8220;Der vorgeschlagene Verkauf dieser Ausr\u00fcstung samt Unterst\u00fctzung wird das grundlegende milit\u00e4rische Gleichgewicht in der Region nicht st\u00f6ren.&#8221;<\/em><\/p>\n<\/blockquote>\n<p>Die neuen Jagdflugzeuge w\u00fcrden es der T\u00fcrkei erm\u00f6glichen, die Verteidigung ihres Luftraums zu sichern, zu eventuellen NATO-Missionen zur Gew\u00e4hrleistung der regionalen Sicherheit beizutragen, die NATO-Verb\u00fcndeten zu sch\u00fctzen und die Interoperabilit\u00e4t mit den US- und B\u00fcndniskr\u00e4ften aufrechtzuerhalten, wurde im Dokument betont.<\/p>\n<p>Am selben Tag rief US-Pr\u00e4sident Joe Biden den Kongress dazu auf, den Verkauf von F-16 an die T\u00fcrkei ohne Verz\u00f6gerung zu genehmigen. Die US-Legislative hat nun 30 Tage Zeit, um den Deal mit dem US-R\u00fcstungsunternehmen Lockheed Martin zu pr\u00fcfen.<\/p>\n<p>Ankara hatte bei Washington 40 neue F-16 und eine Modernisierung von 79 bereits vorhandenen Jagdflugzeugen beantragt. Der euroasiatische NATO-Staat bestellte dar\u00fcber hinaus Navigationssysteme, Waffen, Munition, Raketen, Ersatzteile und Trainingssysteme. Der Deal wird auf 23 Milliarden US-Dollar gesch\u00e4tzt. Seit dem Jahr 2021 blockierten aber die USA den Kauf wegen einiger Diskrepanzen zwischen Ankara und Washington. Der US-Regierung missfiel, dass die T\u00fcrkei bei Russland Flugabwehrkomplexe vom Typ S-400 gekauft hatte. Dar\u00fcber hinaus wurden das enge wirtschaftliche Verh\u00e4ltnis zwischen Ankara und Moskau und die Spannungen mit dem NATO-Partner Griechenland bem\u00e4ngelt.<\/p>\n<p><strong>Mehr zum Thema<\/strong> \u2013 <a rel=\"nofollow noopener\" target=\"_blank\" href=\"https:\/\/freedert.online\/international\/178203-usa-genehmigen-lieferung-von-f-16-jets-aus-niederlanden-und-daenemark-an-ukraine\/\">USA genehmigen Lieferung von F-16-Jets aus Niederlanden und D\u00e4nemark an Ukraine<\/a><\/p>\n<\/div>\n<p><script async src=\"https:\/\/platform.twitter.com\/widgets.js\" charset=\"utf-8\"><\/script><br \/>\n<br \/><br \/>\n<br \/><a href=\"https:\/\/de.rt.com\/international\/194167-us-aussenministerium-genehmigt-f-16-verkauf-an-tuerkei\/\">Source link <\/a><\/p>\n","protected":false},"excerpt":{"rendered":"<p>Nach einem langen Tauziehen erteilt das US-Au\u00dfenministerium eine Genehmigung f\u00fcr den Verkauf von F-16-Kampfjets an die T\u00fcrkei, nachdem Ankara dem NATO-Beitritt Schwedens zugesagt hat. Der US-Kongress hat 30 Tage, um den Deal im Wert von 23 Milliarden US-Dollar zu pr\u00fcfen. Das US-Au\u00dfenministerium hat gr\u00fcnes Licht f\u00fcr den Verkauf von Kampfflugzeugen des Typs F-16 an die [&hellip;]<\/p>\n","protected":false},"author":3,"featured_media":54110,"comment_status":"open","ping_status":"open","sticky":false,"template":"","format":"standard","meta":{"_yoast_indexnow_last_ping":["1706373910"],"wp_automatic_camp":["217"],"69263270f23d6bfbc0e8fc19591eb4da":["US-Au\u00dfenministerium genehmigt F-16-Verkauf an T\u00fcrkei"],"original_link":["https:\/\/de.rt.com\/international\/194167-us-aussenministerium-genehmigt-f-16-verkauf-an-tuerkei\/"],"_thumbnail_id":["54110"],"jnews_social_counter_last_update":["1776874890"],"_wptgpro_p2tg_sent2tg":["a:1:{i:23737;s:19:\"2024-01-27 18:47:20\";}"]},"categories":[19,23],"tags":[52882,279,1897,22025],"yoast_head":"<!-- This site is optimized with the Yoast SEO Premium plugin v22.7 (Yoast SEO v22.7) - https:\/\/yoast.com\/wordpress\/plugins\/seo\/ -->\n<title>US-Au\u00dfenministerium genehmigt F-16-Verkauf an T\u00fcrkei - just-now.NEWS Deutschland<\/title>\n<meta name=\"robots\" content=\"index, follow, max-snippet:-1, max-image-preview:large, max-video-preview:-1\" \/>\n<link rel=\"canonical\" href=\"https:\/\/now-news.de\/de\/deutschland\/us-aussenministerium-genehmigt-f-16-verkauf-an-tuerkei\/\" \/>\n<meta property=\"og:locale\" content=\"de_DE\" \/>\n<meta property=\"og:type\" content=\"article\" \/>\n<meta property=\"og:title\" content=\"US-Au\u00dfenministerium genehmigt F-16-Verkauf an T\u00fcrkei\" \/>\n<meta property=\"og:description\" content=\"Nach einem langen Tauziehen erteilt das US-Au\u00dfenministerium eine Genehmigung f\u00fcr den Verkauf von F-16-Kampfjets an die T\u00fcrkei, nachdem Ankara dem NATO-Beitritt Schwedens zugesagt hat. Der US-Kongress hat 30 Tage, um den Deal im Wert von 23 Milliarden US-Dollar zu pr\u00fcfen. Das US-Au\u00dfenministerium hat gr\u00fcnes Licht f\u00fcr den Verkauf von Kampfflugzeugen des Typs F-16 an die [&hellip;]\" \/>\n<meta property=\"og:url\" content=\"https:\/\/now-news.de\/de\/deutschland\/us-aussenministerium-genehmigt-f-16-verkauf-an-tuerkei\/\" \/>\n<meta property=\"og:site_name\" content=\"just-now.NEWS Deutschland\" \/>\n<meta property=\"article:publisher\" content=\"https:\/\/www.facebook.com\/wirmachenauf\" \/>\n<meta property=\"article:published_time\" content=\"2024-01-27T16:37:48+00:00\" \/>\n<meta property=\"og:image\" content=\"https:\/\/now-news.de\/de\/wp-content\/uploads\/sites\/3\/2024\/01\/US-Aussenministerium-genehmigt-F-16-Verkauf-an-Tuerkei.jpg\" \/>\n\t<meta property=\"og:image:width\" content=\"460\" \/>\n\t<meta property=\"og:image:height\" content=\"259\" \/>\n\t<meta property=\"og:image:type\" content=\"image\/jpeg\" \/>\n<meta name=\"author\" content=\"rtnews\" \/>\n<meta name=\"twitter:card\" content=\"summary_large_image\" \/>\n<meta name=\"twitter:creator\" content=\"@WirMachenAuf_de\" \/>\n<meta name=\"twitter:site\" content=\"@WirMachenAuf_de\" \/>\n<meta name=\"twitter:label1\" content=\"Verfasst von\" \/>\n\t<meta name=\"twitter:data1\" content=\"rtnews\" \/>\n\t<meta name=\"twitter:label2\" content=\"Gesch\u00e4tzte Lesezeit\" \/>\n\t<meta name=\"twitter:data2\" content=\"2\u00a0Minuten\" \/>\n<script type=\"application\/ld+json\" class=\"yoast-schema-graph\">{\"@context\":\"https:\/\/schema.org\",\"@graph\":[{\"@type\":\"Article\",\"@id\":\"https:\/\/now-news.de\/de\/deutschland\/us-aussenministerium-genehmigt-f-16-verkauf-an-tuerkei\/#article\",\"isPartOf\":{\"@id\":\"https:\/\/now-news.de\/de\/deutschland\/us-aussenministerium-genehmigt-f-16-verkauf-an-tuerkei\/\"},\"author\":{\"name\":\"rtnews\",\"@id\":\"https:\/\/now-news.de\/de\/#\/schema\/person\/fb534a4e865501d8b3285208df34a9b5\"},\"headline\":\"US-Au\u00dfenministerium genehmigt F-16-Verkauf an T\u00fcrkei\",\"datePublished\":\"2024-01-27T16:37:48+00:00\",\"dateModified\":\"2024-01-27T16:37:48+00:00\",\"mainEntityOfPage\":{\"@id\":\"https:\/\/now-news.de\/de\/deutschland\/us-aussenministerium-genehmigt-f-16-verkauf-an-tuerkei\/\"},\"wordCount\":410,\"commentCount\":0,\"publisher\":{\"@id\":\"https:\/\/now-news.de\/de\/#organization\"},\"image\":{\"@id\":\"https:\/\/now-news.de\/de\/deutschland\/us-aussenministerium-genehmigt-f-16-verkauf-an-tuerkei\/#primaryimage\"},\"thumbnailUrl\":\"https:\/\/now-news.de\/de\/wp-content\/uploads\/sites\/3\/2024\/01\/US-Aussenministerium-genehmigt-F-16-Verkauf-an-Tuerkei.jpg\",\"keywords\":[\"F16Verkauf\",\"genehmigt\",\"T\u00fcrkei\",\"USAu\u00dfenministerium\"],\"articleSection\":[\"Deutschland\",\"Russland\"],\"inLanguage\":\"de\",\"potentialAction\":[{\"@type\":\"CommentAction\",\"name\":\"Comment\",\"target\":[\"https:\/\/now-news.de\/de\/deutschland\/us-aussenministerium-genehmigt-f-16-verkauf-an-tuerkei\/#respond\"]}]},{\"@type\":\"WebPage\",\"@id\":\"https:\/\/now-news.de\/de\/deutschland\/us-aussenministerium-genehmigt-f-16-verkauf-an-tuerkei\/\",\"url\":\"https:\/\/now-news.de\/de\/deutschland\/us-aussenministerium-genehmigt-f-16-verkauf-an-tuerkei\/\",\"name\":\"US-Au\u00dfenministerium genehmigt F-16-Verkauf an T\u00fcrkei - just-now.NEWS Deutschland\",\"isPartOf\":{\"@id\":\"https:\/\/now-news.de\/de\/#website\"},\"primaryImageOfPage\":{\"@id\":\"https:\/\/now-news.de\/de\/deutschland\/us-aussenministerium-genehmigt-f-16-verkauf-an-tuerkei\/#primaryimage\"},\"image\":{\"@id\":\"https:\/\/now-news.de\/de\/deutschland\/us-aussenministerium-genehmigt-f-16-verkauf-an-tuerkei\/#primaryimage\"},\"thumbnailUrl\":\"https:\/\/now-news.de\/de\/wp-content\/uploads\/sites\/3\/2024\/01\/US-Aussenministerium-genehmigt-F-16-Verkauf-an-Tuerkei.jpg\",\"datePublished\":\"2024-01-27T16:37:48+00:00\",\"dateModified\":\"2024-01-27T16:37:48+00:00\",\"breadcrumb\":{\"@id\":\"https:\/\/now-news.de\/de\/deutschland\/us-aussenministerium-genehmigt-f-16-verkauf-an-tuerkei\/#breadcrumb\"},\"inLanguage\":\"de\",\"potentialAction\":[{\"@type\":\"ReadAction\",\"target\":[\"https:\/\/now-news.de\/de\/deutschland\/us-aussenministerium-genehmigt-f-16-verkauf-an-tuerkei\/\"]}]},{\"@type\":\"ImageObject\",\"inLanguage\":\"de\",\"@id\":\"https:\/\/now-news.de\/de\/deutschland\/us-aussenministerium-genehmigt-f-16-verkauf-an-tuerkei\/#primaryimage\",\"url\":\"https:\/\/now-news.de\/de\/wp-content\/uploads\/sites\/3\/2024\/01\/US-Aussenministerium-genehmigt-F-16-Verkauf-an-Tuerkei.jpg\",\"contentUrl\":\"https:\/\/now-news.de\/de\/wp-content\/uploads\/sites\/3\/2024\/01\/US-Aussenministerium-genehmigt-F-16-Verkauf-an-Tuerkei.jpg\",\"width\":460,\"height\":259,\"caption\":\"US-Au\u00dfenministerium genehmigt F-16-Verkauf an T\u00fcrkei\"},{\"@type\":\"BreadcrumbList\",\"@id\":\"https:\/\/now-news.de\/de\/deutschland\/us-aussenministerium-genehmigt-f-16-verkauf-an-tuerkei\/#breadcrumb\",\"itemListElement\":[{\"@type\":\"ListItem\",\"position\":1,\"name\":\"Home\",\"item\":\"https:\/\/now-news.de\/de\/\"},{\"@type\":\"ListItem\",\"position\":2,\"name\":\"US-Au\u00dfenministerium genehmigt F-16-Verkauf an T\u00fcrkei\"}]},{\"@type\":\"WebSite\",\"@id\":\"https:\/\/now-news.de\/de\/#website\",\"url\":\"https:\/\/now-news.de\/de\/\",\"name\":\"just-now.NEWS Deutschland\",\"description\":\"Das Portal f\u00fcr unzensierte Nachrichten aus der Welt\",\"publisher\":{\"@id\":\"https:\/\/now-news.de\/de\/#organization\"},\"potentialAction\":[{\"@type\":\"SearchAction\",\"target\":{\"@type\":\"EntryPoint\",\"urlTemplate\":\"https:\/\/now-news.de\/de\/?s={search_term_string}\"},\"query-input\":\"required name=search_term_string\"}],\"inLanguage\":\"de\"},{\"@type\":\"Organization\",\"@id\":\"https:\/\/now-news.de\/de\/#organization\",\"name\":\"Just Now News\",\"url\":\"https:\/\/now-news.de\/de\/\",\"logo\":{\"@type\":\"ImageObject\",\"inLanguage\":\"de\",\"@id\":\"https:\/\/now-news.de\/de\/#\/schema\/logo\/image\/\",\"url\":\"http:\/\/just-now.news\/de\/wp-content\/uploads\/sites\/3\/2022\/04\/logo500x500.jpg\",\"contentUrl\":\"http:\/\/just-now.news\/de\/wp-content\/uploads\/sites\/3\/2022\/04\/logo500x500.jpg\",\"width\":500,\"height\":500,\"caption\":\"Just Now News\"},\"image\":{\"@id\":\"https:\/\/now-news.de\/de\/#\/schema\/logo\/image\/\"},\"sameAs\":[\"https:\/\/www.facebook.com\/wirmachenauf\",\"https:\/\/x.com\/WirMachenAuf_de\"]},{\"@type\":\"Person\",\"@id\":\"https:\/\/now-news.de\/de\/#\/schema\/person\/fb534a4e865501d8b3285208df34a9b5\",\"name\":\"rtnews\",\"image\":{\"@type\":\"ImageObject\",\"inLanguage\":\"de\",\"@id\":\"https:\/\/now-news.de\/de\/#\/schema\/person\/image\/\",\"url\":\"https:\/\/secure.gravatar.com\/avatar\/82aafea7d8127119dd649515f56e2117?s=96&d=mm&r=g\",\"contentUrl\":\"https:\/\/secure.gravatar.com\/avatar\/82aafea7d8127119dd649515f56e2117?s=96&d=mm&r=g\",\"caption\":\"rtnews\"},\"url\":\"https:\/\/now-news.de\/de\/author\/rnews\/\"}]}<\/script>\n<!-- \/ Yoast SEO Premium plugin. -->","yoast_head_json":{"title":"US-Au\u00dfenministerium genehmigt F-16-Verkauf an T\u00fcrkei - just-now.NEWS Deutschland","robots":{"index":"index","follow":"follow","max-snippet":"max-snippet:-1","max-image-preview":"max-image-preview:large","max-video-preview":"max-video-preview:-1"},"canonical":"https:\/\/now-news.de\/de\/deutschland\/us-aussenministerium-genehmigt-f-16-verkauf-an-tuerkei\/","og_locale":"de_DE","og_type":"article","og_title":"US-Au\u00dfenministerium genehmigt F-16-Verkauf an T\u00fcrkei","og_description":"Nach einem langen Tauziehen erteilt das US-Au\u00dfenministerium eine Genehmigung f\u00fcr den Verkauf von F-16-Kampfjets an die T\u00fcrkei, nachdem Ankara dem NATO-Beitritt Schwedens zugesagt hat. Der US-Kongress hat 30 Tage, um den Deal im Wert von 23 Milliarden US-Dollar zu pr\u00fcfen. Das US-Au\u00dfenministerium hat gr\u00fcnes Licht f\u00fcr den Verkauf von Kampfflugzeugen des Typs F-16 an die [&hellip;]","og_url":"https:\/\/now-news.de\/de\/deutschland\/us-aussenministerium-genehmigt-f-16-verkauf-an-tuerkei\/","og_site_name":"just-now.NEWS Deutschland","article_publisher":"https:\/\/www.facebook.com\/wirmachenauf","article_published_time":"2024-01-27T16:37:48+00:00","og_image":[{"width":460,"height":259,"url":"https:\/\/now-news.de\/de\/wp-content\/uploads\/sites\/3\/2024\/01\/US-Aussenministerium-genehmigt-F-16-Verkauf-an-Tuerkei.jpg","type":"image\/jpeg"}],"author":"rtnews","twitter_card":"summary_large_image","twitter_creator":"@WirMachenAuf_de","twitter_site":"@WirMachenAuf_de","twitter_misc":{"Verfasst von":"rtnews","Gesch\u00e4tzte Lesezeit":"2\u00a0Minuten"},"schema":{"@context":"https:\/\/schema.org","@graph":[{"@type":"Article","@id":"https:\/\/now-news.de\/de\/deutschland\/us-aussenministerium-genehmigt-f-16-verkauf-an-tuerkei\/#article","isPartOf":{"@id":"https:\/\/now-news.de\/de\/deutschland\/us-aussenministerium-genehmigt-f-16-verkauf-an-tuerkei\/"},"author":{"name":"rtnews","@id":"https:\/\/now-news.de\/de\/#\/schema\/person\/fb534a4e865501d8b3285208df34a9b5"},"headline":"US-Au\u00dfenministerium genehmigt F-16-Verkauf an T\u00fcrkei","datePublished":"2024-01-27T16:37:48+00:00","dateModified":"2024-01-27T16:37:48+00:00","mainEntityOfPage":{"@id":"https:\/\/now-news.de\/de\/deutschland\/us-aussenministerium-genehmigt-f-16-verkauf-an-tuerkei\/"},"wordCount":410,"commentCount":0,"publisher":{"@id":"https:\/\/now-news.de\/de\/#organization"},"image":{"@id":"https:\/\/now-news.de\/de\/deutschland\/us-aussenministerium-genehmigt-f-16-verkauf-an-tuerkei\/#primaryimage"},"thumbnailUrl":"https:\/\/now-news.de\/de\/wp-content\/uploads\/sites\/3\/2024\/01\/US-Aussenministerium-genehmigt-F-16-Verkauf-an-Tuerkei.jpg","keywords":["F16Verkauf","genehmigt","T\u00fcrkei","USAu\u00dfenministerium"],"articleSection":["Deutschland","Russland"],"inLanguage":"de","potentialAction":[{"@type":"CommentAction","name":"Comment","target":["https:\/\/now-news.de\/de\/deutschland\/us-aussenministerium-genehmigt-f-16-verkauf-an-tuerkei\/#respond"]}]},{"@type":"WebPage","@id":"https:\/\/now-news.de\/de\/deutschland\/us-aussenministerium-genehmigt-f-16-verkauf-an-tuerkei\/","url":"https:\/\/now-news.de\/de\/deutschland\/us-aussenministerium-genehmigt-f-16-verkauf-an-tuerkei\/","name":"US-Au\u00dfenministerium genehmigt F-16-Verkauf an T\u00fcrkei - just-now.NEWS Deutschland","isPartOf":{"@id":"https:\/\/now-news.de\/de\/#website"},"primaryImageOfPage":{"@id":"https:\/\/now-news.de\/de\/deutschland\/us-aussenministerium-genehmigt-f-16-verkauf-an-tuerkei\/#primaryimage"},"image":{"@id":"https:\/\/now-news.de\/de\/deutschland\/us-aussenministerium-genehmigt-f-16-verkauf-an-tuerkei\/#primaryimage"},"thumbnailUrl":"https:\/\/now-news.de\/de\/wp-content\/uploads\/sites\/3\/2024\/01\/US-Aussenministerium-genehmigt-F-16-Verkauf-an-Tuerkei.jpg","datePublished":"2024-01-27T16:37:48+00:00","dateModified":"2024-01-27T16:37:48+00:00","breadcrumb":{"@id":"https:\/\/now-news.de\/de\/deutschland\/us-aussenministerium-genehmigt-f-16-verkauf-an-tuerkei\/#breadcrumb"},"inLanguage":"de","potentialAction":[{"@type":"ReadAction","target":["https:\/\/now-news.de\/de\/deutschland\/us-aussenministerium-genehmigt-f-16-verkauf-an-tuerkei\/"]}]},{"@type":"ImageObject","inLanguage":"de","@id":"https:\/\/now-news.de\/de\/deutschland\/us-aussenministerium-genehmigt-f-16-verkauf-an-tuerkei\/#primaryimage","url":"https:\/\/now-news.de\/de\/wp-content\/uploads\/sites\/3\/2024\/01\/US-Aussenministerium-genehmigt-F-16-Verkauf-an-Tuerkei.jpg","contentUrl":"https:\/\/now-news.de\/de\/wp-content\/uploads\/sites\/3\/2024\/01\/US-Aussenministerium-genehmigt-F-16-Verkauf-an-Tuerkei.jpg","width":460,"height":259,"caption":"US-Au\u00dfenministerium genehmigt F-16-Verkauf an T\u00fcrkei"},{"@type":"BreadcrumbList","@id":"https:\/\/now-news.de\/de\/deutschland\/us-aussenministerium-genehmigt-f-16-verkauf-an-tuerkei\/#breadcrumb","itemListElement":[{"@type":"ListItem","position":1,"name":"Home","item":"https:\/\/now-news.de\/de\/"},{"@type":"ListItem","position":2,"name":"US-Au\u00dfenministerium genehmigt F-16-Verkauf an T\u00fcrkei"}]},{"@type":"WebSite","@id":"https:\/\/now-news.de\/de\/#website","url":"https:\/\/now-news.de\/de\/","name":"just-now.NEWS Deutschland","description":"Das Portal f\u00fcr unzensierte Nachrichten aus der Welt","publisher":{"@id":"https:\/\/now-news.de\/de\/#organization"},"potentialAction":[{"@type":"SearchAction","target":{"@type":"EntryPoint","urlTemplate":"https:\/\/now-news.de\/de\/?s={search_term_string}"},"query-input":"required name=search_term_string"}],"inLanguage":"de"},{"@type":"Organization","@id":"https:\/\/now-news.de\/de\/#organization","name":"Just Now News","url":"https:\/\/now-news.de\/de\/","logo":{"@type":"ImageObject","inLanguage":"de","@id":"https:\/\/now-news.de\/de\/#\/schema\/logo\/image\/","url":"http:\/\/just-now.news\/de\/wp-content\/uploads\/sites\/3\/2022\/04\/logo500x500.jpg","contentUrl":"http:\/\/just-now.news\/de\/wp-content\/uploads\/sites\/3\/2022\/04\/logo500x500.jpg","width":500,"height":500,"caption":"Just Now News"},"image":{"@id":"https:\/\/now-news.de\/de\/#\/schema\/logo\/image\/"},"sameAs":["https:\/\/www.facebook.com\/wirmachenauf","https:\/\/x.com\/WirMachenAuf_de"]},{"@type":"Person","@id":"https:\/\/now-news.de\/de\/#\/schema\/person\/fb534a4e865501d8b3285208df34a9b5","name":"rtnews","image":{"@type":"ImageObject","inLanguage":"de","@id":"https:\/\/now-news.de\/de\/#\/schema\/person\/image\/","url":"https:\/\/secure.gravatar.com\/avatar\/82aafea7d8127119dd649515f56e2117?s=96&d=mm&r=g","contentUrl":"https:\/\/secure.gravatar.com\/avatar\/82aafea7d8127119dd649515f56e2117?s=96&d=mm&r=g","caption":"rtnews"},"url":"https:\/\/now-news.de\/de\/author\/rnews\/"}]}},"_links":{"self":[{"href":"https:\/\/now-news.de\/de\/wp-json\/wp\/v2\/posts\/54109"}],"collection":[{"href":"https:\/\/now-news.de\/de\/wp-json\/wp\/v2\/posts"}],"about":[{"href":"https:\/\/now-news.de\/de\/wp-json\/wp\/v2\/types\/post"}],"author":[{"embeddable":true,"href":"https:\/\/now-news.de\/de\/wp-json\/wp\/v2\/users\/3"}],"replies":[{"embeddable":true,"href":"https:\/\/now-news.de\/de\/wp-json\/wp\/v2\/comments?post=54109"}],"version-history":[{"count":0,"href":"https:\/\/now-news.de\/de\/wp-json\/wp\/v2\/posts\/54109\/revisions"}],"wp:featuredmedia":[{"embeddable":true,"href":"https:\/\/now-news.de\/de\/wp-json\/wp\/v2\/media\/54110"}],"wp:attachment":[{"href":"https:\/\/now-news.de\/de\/wp-json\/wp\/v2\/media?parent=54109"}],"wp:term":[{"taxonomy":"category","embeddable":true,"href":"https:\/\/now-news.de\/de\/wp-json\/wp\/v2\/categories?post=54109"},{"taxonomy":"post_tag","embeddable":true,"href":"https:\/\/now-news.de\/de\/wp-json\/wp\/v2\/tags?post=54109"}],"curies":[{"name":"wp","href":"https:\/\/api.w.org\/{rel}","templated":true}]}}