{"id":54065,"date":"2024-01-26T22:32:05","date_gmt":"2024-01-26T20:32:05","guid":{"rendered":"https:\/\/just-now.news\/de\/deutschland\/putin-zum-abschuss-von-il-76-ukrainischer-geheimdienst-wusste-vom-flug-mit-kriegsgefangenen\/"},"modified":"2024-01-26T22:32:05","modified_gmt":"2024-01-26T20:32:05","slug":"putin-zum-abschuss-von-il-76-ukrainischer-geheimdienst-wusste-vom-flug-mit-kriegsgefangenen","status":"publish","type":"post","link":"https:\/\/now-news.de\/de\/deutschland\/putin-zum-abschuss-von-il-76-ukrainischer-geheimdienst-wusste-vom-flug-mit-kriegsgefangenen\/","title":{"rendered":"Putin zum Abschuss von Il-76: Ukrainischer Geheimdienst wusste vom Flug mit Kriegsgefangenen"},"content":{"rendered":"<p><img decoding=\"async\" src=\"http:\/\/just-now.news\/de\/wp-content\/uploads\/sites\/3\/2024\/01\/65b3fb4b48fbef443f230f29.jpg\" \/><\/p>\n<div class=\"Text-root Text-type_1 \">\n                Der russische Pr\u00e4sident Wladimir Putin gab dem ukrainischen Milit\u00e4r die Schuld am Tod der ukrainischen Kriegsgefangenen. Ihm zufolge war es \u00fcber den Gefangenentransport vorher informiert gewesen. Den Abschuss nannte er Verbrechen gegen die eigenen B\u00fcrger.\n            <\/div>\n<p><\/p>\n<div class=\"Text-root Text-type_5 ArticleView-text ViewText-root \">\n<p>Der russische Pr\u00e4sident Wladimir Putin \u00e4u\u00dferte sich zum ersten Mal pers\u00f6nlich zum Absturz des russischen Transportflugzeugs Il-76.\u00a0Der Hauptnachrichtendienst des ukrainischen Verteidigungsministeriums (GUR) wusste, dass sich an Bord der russischen Il-76 Kriegsgefangene der ukrainischen Streitkr\u00e4fte befunden hatten, sagte er beim <a rel=\"nofollow noopener\" target=\"_blank\" href=\"https:\/\/vk.com\/video-134310637_456273967\">Treffen<\/a> mit studentischen Teilnehmern an der Milit\u00e4roperation in St. Petersburg.<\/p>\n<p>&#8220;Das gesamte derzeitige Kiewer Regime basiert auf die eine oder andere Weise auf Verbrechen, die t\u00e4glich begangen werden. Auch gegen die eigenen B\u00fcrger. (&#8230;) Sie haben unsere Il-76 mit ihren Soldaten abgeschossen. (&#8230;) Die Hauptdirektion des Geheimdienstes wusste, dass wir Soldaten dorthin bringen w\u00fcrden, 65 Personen, und die Gesamtzahl der Soldaten war geplant, ich glaube, 190. Und weil sie das wussten, haben sie das Flugzeug angegriffen&#8221;, sagte das Staatsoberhaupt.<\/p>\n<p>Putins Wortwahl in der Beurteilung des Vorfalls fiel im Vergleich mit seinem Pressesprecher Dmitri Peskow mild aus. Am Vortag hatte dieser den Abschuss als &#8220;absolut ungeheuerliche Tat&#8221; bezeichnet, die sich jeglichem Verst\u00e4ndnis entzieht.<\/p>\n<p>Putin lie\u00df offen, ob die Ukrainer die russische Maschine mit eigenen Soldaten &#8220;absichtlich, aus Versehen oder heimt\u00fcckisch&#8221; abgeschossen haben. Als Beweis f\u00fchrte er die vom russischen Radarsystem aufgezeichneten zwei Raketenstarts aus von Kiew kontrolliertem Gebiet um 11:10 Uhr am Mittwoch an. &#8220;Das Flugzeug wurde zwei oder drei Minuten sp\u00e4ter getroffen. Es war praktisch unm\u00f6glich, zu reagieren.&#8221; Beschuss aus eigenen Reihen, das sogenannte &#8220;Friendly Fire&#8221; schloss er ausdr\u00fccklich aus \u2013 &#8220;unsere Luftabwehrsysteme k\u00f6nnen per definitionem nicht ihre eigenen Flugzeuge treffen&#8221;.<\/p>\n<div class=\"EmbedBlock-root EmbedBlock-externalVideo EmbedBlock-vk\">\n<div class=\"VkEmbed\"><iframe class=\"lazyload\" data-src=\"https:\/\/vk.com\/video_ext.php?oid=-134310637&amp;id=456273967\" frameborder=\"0\" width=\"853\" height=\"480\" allowfullscreen><\/iframe><\/div>\n<\/div>\n<p>Putin pr\u00e4zisierte, dass die an der Absturzstelle sichergestellten Zerst\u00f6rungsmittel darauf hindeuten, dass es sich um eine Rakete handelte, die entweder vom US-Luftabwehrsystem Patriot oder von einem Komplex franz\u00f6sischer Bauart abgefeuert worden war. &#8220;Eine genaue Antwort wird in ein paar Tagen gegeben werden&#8221;, versprach Putin. Er betonte auch, dass\u00a0Ergebnisse der Ermittlungen im Fall der Il-76 &#8220;in vollem Umfang&#8221; \u00f6ffentlich gemacht werden \u2013 &#8220;damit die Menschen in der Ukraine wissen, was wirklich passiert ist&#8221;. Abschlie\u00dfend sprach der Pr\u00e4sident den Familien der beim Absturz des Flugzeugs ums Leben gekommenen Russen sein Beileid aus.<\/p>\n<p>Am 24. Januar hatte die ukrainische Luftabwehr \u00fcber der Region Belgorod ein Milit\u00e4rtransportflugzeug vom Typ Il-76 abgeschossen, das 65 ukrainische Gefangene zum Austausch transportiert hatte. Dieser h\u00e4tte an der russisch-ukrainischen Grenze gegen 15 Uhr stattfinden sollen. An Bord hatten sich auch sechs Besatzungsmitglieder und drei Milit\u00e4rpolizisten befunden, von denen niemand \u00fcberlebt hatte. Vor dem Absturz hatte das russische Milit\u00e4r den Abschuss zweier Flugabwehrraketen aus der Region Charkow registriert. Nach Angaben von Wiktor Bondarew, dem Vorsitzenden des Verteidigungskomitees im F\u00f6derationsrat, hatte die Besatzung noch Zeit gehabt, den Au\u00dfeneinschlag zu melden.<\/p>\n<p>Die ukrainische Seite hat die Verantwortung f\u00fcr den Abschuss bislang weder bestritten noch best\u00e4tigt. Der ukrainische Pr\u00e4sident Wladimir Selenskij forderte eine internationale Untersuchung des Vorfalls und informationelle Hilfe der westlichen Partnerl\u00e4nder. Die Anwesenheit ukrainischer Kriegsgefangener an Bord der russischen Maschine wird in der Ukraine stark angezweifelt. Dieser Erz\u00e4hlung folgen auch deutsche Medien, die Russland &#8220;Desinformation und Propaganda&#8221; vorwerfen.<\/p>\n<p><strong>Mehr zum Thema<\/strong> \u2013 <a rel=\"nofollow noopener\" target=\"_blank\" href=\"https:\/\/freedert.online\/kurzclips\/video\/193848-terrorakt-russlands-verteidigungsministerium-wirft-ukraine-abschuss-vor\/\">&#8220;Terrorakt&#8221; \u2013 Russlands Verteidigungsministerium wirft Ukraine Abschuss der IL-76 vor<\/a><\/p>\n<div class=\"EmbedBlock-root EmbedBlock-externalVideo EmbedBlock-odysee\">\n<div class=\"VkEmbed\"><iframe class=\"lazyload\" data-src=\"https:\/\/odysee.com\/%24\/embed\/%40RTDE%3Ae%2FPoljanski-zum-Il-76-Abschuss-Alle-Verantwortlichen-m%C3%BCssen-bestraft-werden%3A1\" frameborder=\"0\" width=\"853\" height=\"480\" allowfullscreen><\/iframe><\/div>\n<\/div>\n<\/div>\n<p><br \/>\n<br \/><a href=\"https:\/\/de.rt.com\/europa\/194112-putin-ukrainischer-geheimdienst-wusste-vom-flug-mit-kriegsgefangenen\/\">Source link <\/a><\/p>\n","protected":false},"excerpt":{"rendered":"<p>Der russische Pr\u00e4sident Wladimir Putin gab dem ukrainischen Milit\u00e4r die Schuld am Tod der ukrainischen Kriegsgefangenen. Ihm zufolge war es \u00fcber den Gefangenentransport vorher informiert gewesen. Den Abschuss nannte er Verbrechen gegen die eigenen B\u00fcrger. Der russische Pr\u00e4sident Wladimir Putin \u00e4u\u00dferte sich zum ersten Mal pers\u00f6nlich zum Absturz des russischen Transportflugzeugs Il-76.\u00a0Der Hauptnachrichtendienst des ukrainischen [&hellip;]<\/p>\n","protected":false},"author":3,"featured_media":54066,"comment_status":"open","ping_status":"open","sticky":false,"template":"","format":"standard","meta":{"_yoast_indexnow_last_ping":["1706301892"],"wp_automatic_camp":["217"],"8e919fb1e599f83149d1e91bc8a5f20e":["Putin zum Abschuss von Il-76: Ukrainischer Geheimdienst wusste vom Flug mit Kriegsgefangenen"],"original_link":["https:\/\/de.rt.com\/europa\/194112-putin-ukrainischer-geheimdienst-wusste-vom-flug-mit-kriegsgefangenen\/"],"_thumbnail_id":["54066"],"_wptgpro_p2tg_sent2tg":["a:1:{i:23737;s:19:\"2024-01-26 22:45:57\";}"],"jnews_social_counter_last_update":["1777263871"]},"categories":[19,23],"tags":[29903,23340,5188,52757,29656,419,125,488,1010,50,27472,565],"yoast_head":"<!-- This site is optimized with the Yoast SEO Premium plugin v22.7 (Yoast SEO v22.7) - https:\/\/yoast.com\/wordpress\/plugins\/seo\/ -->\n<title>Putin zum Abschuss von Il-76: Ukrainischer Geheimdienst wusste vom Flug mit Kriegsgefangenen - just-now.NEWS Deutschland<\/title>\n<meta name=\"robots\" content=\"index, follow, max-snippet:-1, max-image-preview:large, max-video-preview:-1\" \/>\n<link rel=\"canonical\" href=\"https:\/\/now-news.de\/de\/deutschland\/putin-zum-abschuss-von-il-76-ukrainischer-geheimdienst-wusste-vom-flug-mit-kriegsgefangenen\/\" \/>\n<meta property=\"og:locale\" content=\"de_DE\" \/>\n<meta property=\"og:type\" content=\"article\" \/>\n<meta property=\"og:title\" content=\"Putin zum Abschuss von Il-76: Ukrainischer Geheimdienst wusste vom Flug mit Kriegsgefangenen\" \/>\n<meta property=\"og:description\" content=\"Der russische Pr\u00e4sident Wladimir Putin gab dem ukrainischen Milit\u00e4r die Schuld am Tod der ukrainischen Kriegsgefangenen. Ihm zufolge war es \u00fcber den Gefangenentransport vorher informiert gewesen. Den Abschuss nannte er Verbrechen gegen die eigenen B\u00fcrger. Der russische Pr\u00e4sident Wladimir Putin \u00e4u\u00dferte sich zum ersten Mal pers\u00f6nlich zum Absturz des russischen Transportflugzeugs Il-76.\u00a0Der Hauptnachrichtendienst des ukrainischen [&hellip;]\" \/>\n<meta property=\"og:url\" content=\"https:\/\/now-news.de\/de\/deutschland\/putin-zum-abschuss-von-il-76-ukrainischer-geheimdienst-wusste-vom-flug-mit-kriegsgefangenen\/\" \/>\n<meta property=\"og:site_name\" content=\"just-now.NEWS Deutschland\" \/>\n<meta property=\"article:publisher\" content=\"https:\/\/www.facebook.com\/wirmachenauf\" \/>\n<meta property=\"article:published_time\" content=\"2024-01-26T20:32:05+00:00\" \/>\n<meta property=\"og:image\" content=\"https:\/\/now-news.de\/de\/wp-content\/uploads\/sites\/3\/2024\/01\/Putin-zum-Abschuss-von-Il-76-Ukrainischer-Geheimdienst-wusste-vom-Flug.jpg\" \/>\n\t<meta property=\"og:image:width\" content=\"460\" \/>\n\t<meta property=\"og:image:height\" content=\"259\" \/>\n\t<meta property=\"og:image:type\" content=\"image\/jpeg\" \/>\n<meta name=\"author\" content=\"rtnews\" \/>\n<meta name=\"twitter:card\" content=\"summary_large_image\" \/>\n<meta name=\"twitter:creator\" content=\"@WirMachenAuf_de\" \/>\n<meta name=\"twitter:site\" content=\"@WirMachenAuf_de\" \/>\n<meta name=\"twitter:label1\" content=\"Verfasst von\" \/>\n\t<meta name=\"twitter:data1\" content=\"rtnews\" \/>\n\t<meta name=\"twitter:label2\" content=\"Gesch\u00e4tzte Lesezeit\" \/>\n\t<meta name=\"twitter:data2\" content=\"3\u00a0Minuten\" \/>\n<script type=\"application\/ld+json\" class=\"yoast-schema-graph\">{\"@context\":\"https:\/\/schema.org\",\"@graph\":[{\"@type\":\"Article\",\"@id\":\"https:\/\/now-news.de\/de\/deutschland\/putin-zum-abschuss-von-il-76-ukrainischer-geheimdienst-wusste-vom-flug-mit-kriegsgefangenen\/#article\",\"isPartOf\":{\"@id\":\"https:\/\/now-news.de\/de\/deutschland\/putin-zum-abschuss-von-il-76-ukrainischer-geheimdienst-wusste-vom-flug-mit-kriegsgefangenen\/\"},\"author\":{\"name\":\"rtnews\",\"@id\":\"https:\/\/now-news.de\/de\/#\/schema\/person\/fb534a4e865501d8b3285208df34a9b5\"},\"headline\":\"Putin zum Abschuss von Il-76: Ukrainischer Geheimdienst wusste vom Flug mit Kriegsgefangenen\",\"datePublished\":\"2024-01-26T20:32:05+00:00\",\"dateModified\":\"2024-01-26T20:32:05+00:00\",\"mainEntityOfPage\":{\"@id\":\"https:\/\/now-news.de\/de\/deutschland\/putin-zum-abschuss-von-il-76-ukrainischer-geheimdienst-wusste-vom-flug-mit-kriegsgefangenen\/\"},\"wordCount\":555,\"commentCount\":0,\"publisher\":{\"@id\":\"https:\/\/now-news.de\/de\/#organization\"},\"image\":{\"@id\":\"https:\/\/now-news.de\/de\/deutschland\/putin-zum-abschuss-von-il-76-ukrainischer-geheimdienst-wusste-vom-flug-mit-kriegsgefangenen\/#primaryimage\"},\"thumbnailUrl\":\"https:\/\/now-news.de\/de\/wp-content\/uploads\/sites\/3\/2024\/01\/Putin-zum-Abschuss-von-Il-76-Ukrainischer-Geheimdienst-wusste-vom-Flug.jpg\",\"keywords\":[\"Abschuss\",\"Flug\",\"Geheimdienst\",\"IL76\",\"Kriegsgefangenen\",\"mit\",\"putin\",\"Ukrainischer\",\"vom\",\"von\",\"wusste\",\"zum\"],\"articleSection\":[\"Deutschland\",\"Russland\"],\"inLanguage\":\"de\",\"potentialAction\":[{\"@type\":\"CommentAction\",\"name\":\"Comment\",\"target\":[\"https:\/\/now-news.de\/de\/deutschland\/putin-zum-abschuss-von-il-76-ukrainischer-geheimdienst-wusste-vom-flug-mit-kriegsgefangenen\/#respond\"]}]},{\"@type\":\"WebPage\",\"@id\":\"https:\/\/now-news.de\/de\/deutschland\/putin-zum-abschuss-von-il-76-ukrainischer-geheimdienst-wusste-vom-flug-mit-kriegsgefangenen\/\",\"url\":\"https:\/\/now-news.de\/de\/deutschland\/putin-zum-abschuss-von-il-76-ukrainischer-geheimdienst-wusste-vom-flug-mit-kriegsgefangenen\/\",\"name\":\"Putin zum Abschuss von Il-76: Ukrainischer Geheimdienst wusste vom Flug mit Kriegsgefangenen - just-now.NEWS Deutschland\",\"isPartOf\":{\"@id\":\"https:\/\/now-news.de\/de\/#website\"},\"primaryImageOfPage\":{\"@id\":\"https:\/\/now-news.de\/de\/deutschland\/putin-zum-abschuss-von-il-76-ukrainischer-geheimdienst-wusste-vom-flug-mit-kriegsgefangenen\/#primaryimage\"},\"image\":{\"@id\":\"https:\/\/now-news.de\/de\/deutschland\/putin-zum-abschuss-von-il-76-ukrainischer-geheimdienst-wusste-vom-flug-mit-kriegsgefangenen\/#primaryimage\"},\"thumbnailUrl\":\"https:\/\/now-news.de\/de\/wp-content\/uploads\/sites\/3\/2024\/01\/Putin-zum-Abschuss-von-Il-76-Ukrainischer-Geheimdienst-wusste-vom-Flug.jpg\",\"datePublished\":\"2024-01-26T20:32:05+00:00\",\"dateModified\":\"2024-01-26T20:32:05+00:00\",\"breadcrumb\":{\"@id\":\"https:\/\/now-news.de\/de\/deutschland\/putin-zum-abschuss-von-il-76-ukrainischer-geheimdienst-wusste-vom-flug-mit-kriegsgefangenen\/#breadcrumb\"},\"inLanguage\":\"de\",\"potentialAction\":[{\"@type\":\"ReadAction\",\"target\":[\"https:\/\/now-news.de\/de\/deutschland\/putin-zum-abschuss-von-il-76-ukrainischer-geheimdienst-wusste-vom-flug-mit-kriegsgefangenen\/\"]}]},{\"@type\":\"ImageObject\",\"inLanguage\":\"de\",\"@id\":\"https:\/\/now-news.de\/de\/deutschland\/putin-zum-abschuss-von-il-76-ukrainischer-geheimdienst-wusste-vom-flug-mit-kriegsgefangenen\/#primaryimage\",\"url\":\"https:\/\/now-news.de\/de\/wp-content\/uploads\/sites\/3\/2024\/01\/Putin-zum-Abschuss-von-Il-76-Ukrainischer-Geheimdienst-wusste-vom-Flug.jpg\",\"contentUrl\":\"https:\/\/now-news.de\/de\/wp-content\/uploads\/sites\/3\/2024\/01\/Putin-zum-Abschuss-von-Il-76-Ukrainischer-Geheimdienst-wusste-vom-Flug.jpg\",\"width\":460,\"height\":259,\"caption\":\"Putin zum Abschuss von Il-76: Ukrainischer Geheimdienst wusste vom Flug mit Kriegsgefangenen\"},{\"@type\":\"BreadcrumbList\",\"@id\":\"https:\/\/now-news.de\/de\/deutschland\/putin-zum-abschuss-von-il-76-ukrainischer-geheimdienst-wusste-vom-flug-mit-kriegsgefangenen\/#breadcrumb\",\"itemListElement\":[{\"@type\":\"ListItem\",\"position\":1,\"name\":\"Home\",\"item\":\"https:\/\/now-news.de\/de\/\"},{\"@type\":\"ListItem\",\"position\":2,\"name\":\"Putin zum Abschuss von Il-76: Ukrainischer Geheimdienst wusste vom Flug mit Kriegsgefangenen\"}]},{\"@type\":\"WebSite\",\"@id\":\"https:\/\/now-news.de\/de\/#website\",\"url\":\"https:\/\/now-news.de\/de\/\",\"name\":\"just-now.NEWS Deutschland\",\"description\":\"Das Portal f\u00fcr unzensierte Nachrichten aus der Welt\",\"publisher\":{\"@id\":\"https:\/\/now-news.de\/de\/#organization\"},\"potentialAction\":[{\"@type\":\"SearchAction\",\"target\":{\"@type\":\"EntryPoint\",\"urlTemplate\":\"https:\/\/now-news.de\/de\/?s={search_term_string}\"},\"query-input\":\"required name=search_term_string\"}],\"inLanguage\":\"de\"},{\"@type\":\"Organization\",\"@id\":\"https:\/\/now-news.de\/de\/#organization\",\"name\":\"Just Now News\",\"url\":\"https:\/\/now-news.de\/de\/\",\"logo\":{\"@type\":\"ImageObject\",\"inLanguage\":\"de\",\"@id\":\"https:\/\/now-news.de\/de\/#\/schema\/logo\/image\/\",\"url\":\"http:\/\/just-now.news\/de\/wp-content\/uploads\/sites\/3\/2022\/04\/logo500x500.jpg\",\"contentUrl\":\"http:\/\/just-now.news\/de\/wp-content\/uploads\/sites\/3\/2022\/04\/logo500x500.jpg\",\"width\":500,\"height\":500,\"caption\":\"Just Now News\"},\"image\":{\"@id\":\"https:\/\/now-news.de\/de\/#\/schema\/logo\/image\/\"},\"sameAs\":[\"https:\/\/www.facebook.com\/wirmachenauf\",\"https:\/\/x.com\/WirMachenAuf_de\"]},{\"@type\":\"Person\",\"@id\":\"https:\/\/now-news.de\/de\/#\/schema\/person\/fb534a4e865501d8b3285208df34a9b5\",\"name\":\"rtnews\",\"image\":{\"@type\":\"ImageObject\",\"inLanguage\":\"de\",\"@id\":\"https:\/\/now-news.de\/de\/#\/schema\/person\/image\/\",\"url\":\"https:\/\/secure.gravatar.com\/avatar\/82aafea7d8127119dd649515f56e2117?s=96&d=mm&r=g\",\"contentUrl\":\"https:\/\/secure.gravatar.com\/avatar\/82aafea7d8127119dd649515f56e2117?s=96&d=mm&r=g\",\"caption\":\"rtnews\"},\"url\":\"https:\/\/now-news.de\/de\/author\/rnews\/\"}]}<\/script>\n<!-- \/ Yoast SEO Premium plugin. -->","yoast_head_json":{"title":"Putin zum Abschuss von Il-76: Ukrainischer Geheimdienst wusste vom Flug mit Kriegsgefangenen - just-now.NEWS Deutschland","robots":{"index":"index","follow":"follow","max-snippet":"max-snippet:-1","max-image-preview":"max-image-preview:large","max-video-preview":"max-video-preview:-1"},"canonical":"https:\/\/now-news.de\/de\/deutschland\/putin-zum-abschuss-von-il-76-ukrainischer-geheimdienst-wusste-vom-flug-mit-kriegsgefangenen\/","og_locale":"de_DE","og_type":"article","og_title":"Putin zum Abschuss von Il-76: Ukrainischer Geheimdienst wusste vom Flug mit Kriegsgefangenen","og_description":"Der russische Pr\u00e4sident Wladimir Putin gab dem ukrainischen Milit\u00e4r die Schuld am Tod der ukrainischen Kriegsgefangenen. Ihm zufolge war es \u00fcber den Gefangenentransport vorher informiert gewesen. Den Abschuss nannte er Verbrechen gegen die eigenen B\u00fcrger. Der russische Pr\u00e4sident Wladimir Putin \u00e4u\u00dferte sich zum ersten Mal pers\u00f6nlich zum Absturz des russischen Transportflugzeugs Il-76.\u00a0Der Hauptnachrichtendienst des ukrainischen [&hellip;]","og_url":"https:\/\/now-news.de\/de\/deutschland\/putin-zum-abschuss-von-il-76-ukrainischer-geheimdienst-wusste-vom-flug-mit-kriegsgefangenen\/","og_site_name":"just-now.NEWS Deutschland","article_publisher":"https:\/\/www.facebook.com\/wirmachenauf","article_published_time":"2024-01-26T20:32:05+00:00","og_image":[{"width":460,"height":259,"url":"https:\/\/now-news.de\/de\/wp-content\/uploads\/sites\/3\/2024\/01\/Putin-zum-Abschuss-von-Il-76-Ukrainischer-Geheimdienst-wusste-vom-Flug.jpg","type":"image\/jpeg"}],"author":"rtnews","twitter_card":"summary_large_image","twitter_creator":"@WirMachenAuf_de","twitter_site":"@WirMachenAuf_de","twitter_misc":{"Verfasst von":"rtnews","Gesch\u00e4tzte Lesezeit":"3\u00a0Minuten"},"schema":{"@context":"https:\/\/schema.org","@graph":[{"@type":"Article","@id":"https:\/\/now-news.de\/de\/deutschland\/putin-zum-abschuss-von-il-76-ukrainischer-geheimdienst-wusste-vom-flug-mit-kriegsgefangenen\/#article","isPartOf":{"@id":"https:\/\/now-news.de\/de\/deutschland\/putin-zum-abschuss-von-il-76-ukrainischer-geheimdienst-wusste-vom-flug-mit-kriegsgefangenen\/"},"author":{"name":"rtnews","@id":"https:\/\/now-news.de\/de\/#\/schema\/person\/fb534a4e865501d8b3285208df34a9b5"},"headline":"Putin zum Abschuss von Il-76: Ukrainischer Geheimdienst wusste vom Flug mit Kriegsgefangenen","datePublished":"2024-01-26T20:32:05+00:00","dateModified":"2024-01-26T20:32:05+00:00","mainEntityOfPage":{"@id":"https:\/\/now-news.de\/de\/deutschland\/putin-zum-abschuss-von-il-76-ukrainischer-geheimdienst-wusste-vom-flug-mit-kriegsgefangenen\/"},"wordCount":555,"commentCount":0,"publisher":{"@id":"https:\/\/now-news.de\/de\/#organization"},"image":{"@id":"https:\/\/now-news.de\/de\/deutschland\/putin-zum-abschuss-von-il-76-ukrainischer-geheimdienst-wusste-vom-flug-mit-kriegsgefangenen\/#primaryimage"},"thumbnailUrl":"https:\/\/now-news.de\/de\/wp-content\/uploads\/sites\/3\/2024\/01\/Putin-zum-Abschuss-von-Il-76-Ukrainischer-Geheimdienst-wusste-vom-Flug.jpg","keywords":["Abschuss","Flug","Geheimdienst","IL76","Kriegsgefangenen","mit","putin","Ukrainischer","vom","von","wusste","zum"],"articleSection":["Deutschland","Russland"],"inLanguage":"de","potentialAction":[{"@type":"CommentAction","name":"Comment","target":["https:\/\/now-news.de\/de\/deutschland\/putin-zum-abschuss-von-il-76-ukrainischer-geheimdienst-wusste-vom-flug-mit-kriegsgefangenen\/#respond"]}]},{"@type":"WebPage","@id":"https:\/\/now-news.de\/de\/deutschland\/putin-zum-abschuss-von-il-76-ukrainischer-geheimdienst-wusste-vom-flug-mit-kriegsgefangenen\/","url":"https:\/\/now-news.de\/de\/deutschland\/putin-zum-abschuss-von-il-76-ukrainischer-geheimdienst-wusste-vom-flug-mit-kriegsgefangenen\/","name":"Putin zum Abschuss von Il-76: Ukrainischer Geheimdienst wusste vom Flug mit Kriegsgefangenen - just-now.NEWS Deutschland","isPartOf":{"@id":"https:\/\/now-news.de\/de\/#website"},"primaryImageOfPage":{"@id":"https:\/\/now-news.de\/de\/deutschland\/putin-zum-abschuss-von-il-76-ukrainischer-geheimdienst-wusste-vom-flug-mit-kriegsgefangenen\/#primaryimage"},"image":{"@id":"https:\/\/now-news.de\/de\/deutschland\/putin-zum-abschuss-von-il-76-ukrainischer-geheimdienst-wusste-vom-flug-mit-kriegsgefangenen\/#primaryimage"},"thumbnailUrl":"https:\/\/now-news.de\/de\/wp-content\/uploads\/sites\/3\/2024\/01\/Putin-zum-Abschuss-von-Il-76-Ukrainischer-Geheimdienst-wusste-vom-Flug.jpg","datePublished":"2024-01-26T20:32:05+00:00","dateModified":"2024-01-26T20:32:05+00:00","breadcrumb":{"@id":"https:\/\/now-news.de\/de\/deutschland\/putin-zum-abschuss-von-il-76-ukrainischer-geheimdienst-wusste-vom-flug-mit-kriegsgefangenen\/#breadcrumb"},"inLanguage":"de","potentialAction":[{"@type":"ReadAction","target":["https:\/\/now-news.de\/de\/deutschland\/putin-zum-abschuss-von-il-76-ukrainischer-geheimdienst-wusste-vom-flug-mit-kriegsgefangenen\/"]}]},{"@type":"ImageObject","inLanguage":"de","@id":"https:\/\/now-news.de\/de\/deutschland\/putin-zum-abschuss-von-il-76-ukrainischer-geheimdienst-wusste-vom-flug-mit-kriegsgefangenen\/#primaryimage","url":"https:\/\/now-news.de\/de\/wp-content\/uploads\/sites\/3\/2024\/01\/Putin-zum-Abschuss-von-Il-76-Ukrainischer-Geheimdienst-wusste-vom-Flug.jpg","contentUrl":"https:\/\/now-news.de\/de\/wp-content\/uploads\/sites\/3\/2024\/01\/Putin-zum-Abschuss-von-Il-76-Ukrainischer-Geheimdienst-wusste-vom-Flug.jpg","width":460,"height":259,"caption":"Putin zum Abschuss von Il-76: Ukrainischer Geheimdienst wusste vom Flug mit Kriegsgefangenen"},{"@type":"BreadcrumbList","@id":"https:\/\/now-news.de\/de\/deutschland\/putin-zum-abschuss-von-il-76-ukrainischer-geheimdienst-wusste-vom-flug-mit-kriegsgefangenen\/#breadcrumb","itemListElement":[{"@type":"ListItem","position":1,"name":"Home","item":"https:\/\/now-news.de\/de\/"},{"@type":"ListItem","position":2,"name":"Putin zum Abschuss von Il-76: Ukrainischer Geheimdienst wusste vom Flug mit Kriegsgefangenen"}]},{"@type":"WebSite","@id":"https:\/\/now-news.de\/de\/#website","url":"https:\/\/now-news.de\/de\/","name":"just-now.NEWS Deutschland","description":"Das Portal f\u00fcr unzensierte Nachrichten aus der Welt","publisher":{"@id":"https:\/\/now-news.de\/de\/#organization"},"potentialAction":[{"@type":"SearchAction","target":{"@type":"EntryPoint","urlTemplate":"https:\/\/now-news.de\/de\/?s={search_term_string}"},"query-input":"required name=search_term_string"}],"inLanguage":"de"},{"@type":"Organization","@id":"https:\/\/now-news.de\/de\/#organization","name":"Just Now News","url":"https:\/\/now-news.de\/de\/","logo":{"@type":"ImageObject","inLanguage":"de","@id":"https:\/\/now-news.de\/de\/#\/schema\/logo\/image\/","url":"http:\/\/just-now.news\/de\/wp-content\/uploads\/sites\/3\/2022\/04\/logo500x500.jpg","contentUrl":"http:\/\/just-now.news\/de\/wp-content\/uploads\/sites\/3\/2022\/04\/logo500x500.jpg","width":500,"height":500,"caption":"Just Now News"},"image":{"@id":"https:\/\/now-news.de\/de\/#\/schema\/logo\/image\/"},"sameAs":["https:\/\/www.facebook.com\/wirmachenauf","https:\/\/x.com\/WirMachenAuf_de"]},{"@type":"Person","@id":"https:\/\/now-news.de\/de\/#\/schema\/person\/fb534a4e865501d8b3285208df34a9b5","name":"rtnews","image":{"@type":"ImageObject","inLanguage":"de","@id":"https:\/\/now-news.de\/de\/#\/schema\/person\/image\/","url":"https:\/\/secure.gravatar.com\/avatar\/82aafea7d8127119dd649515f56e2117?s=96&d=mm&r=g","contentUrl":"https:\/\/secure.gravatar.com\/avatar\/82aafea7d8127119dd649515f56e2117?s=96&d=mm&r=g","caption":"rtnews"},"url":"https:\/\/now-news.de\/de\/author\/rnews\/"}]}},"_links":{"self":[{"href":"https:\/\/now-news.de\/de\/wp-json\/wp\/v2\/posts\/54065"}],"collection":[{"href":"https:\/\/now-news.de\/de\/wp-json\/wp\/v2\/posts"}],"about":[{"href":"https:\/\/now-news.de\/de\/wp-json\/wp\/v2\/types\/post"}],"author":[{"embeddable":true,"href":"https:\/\/now-news.de\/de\/wp-json\/wp\/v2\/users\/3"}],"replies":[{"embeddable":true,"href":"https:\/\/now-news.de\/de\/wp-json\/wp\/v2\/comments?post=54065"}],"version-history":[{"count":0,"href":"https:\/\/now-news.de\/de\/wp-json\/wp\/v2\/posts\/54065\/revisions"}],"wp:featuredmedia":[{"embeddable":true,"href":"https:\/\/now-news.de\/de\/wp-json\/wp\/v2\/media\/54066"}],"wp:attachment":[{"href":"https:\/\/now-news.de\/de\/wp-json\/wp\/v2\/media?parent=54065"}],"wp:term":[{"taxonomy":"category","embeddable":true,"href":"https:\/\/now-news.de\/de\/wp-json\/wp\/v2\/categories?post=54065"},{"taxonomy":"post_tag","embeddable":true,"href":"https:\/\/now-news.de\/de\/wp-json\/wp\/v2\/tags?post=54065"}],"curies":[{"name":"wp","href":"https:\/\/api.w.org\/{rel}","templated":true}]}}