{"id":54017,"date":"2024-01-26T13:13:06","date_gmt":"2024-01-26T11:13:06","guid":{"rendered":"https:\/\/just-now.news\/de\/deutschland\/corona-aufarbeitung-rueckblick-auf-reden-verantwortlicher-politiker-lang-und-lauterbach\/"},"modified":"2024-01-26T13:13:06","modified_gmt":"2024-01-26T11:13:06","slug":"corona-aufarbeitung-rueckblick-auf-reden-verantwortlicher-politiker-lang-und-lauterbach","status":"publish","type":"post","link":"https:\/\/now-news.de\/de\/deutschland\/corona-aufarbeitung-rueckblick-auf-reden-verantwortlicher-politiker-lang-und-lauterbach\/","title":{"rendered":"Corona-Aufarbeitung: R\u00fcckblick auf Reden verantwortlicher Politiker \u2013 Lang und Lauterbach"},"content":{"rendered":"<p><img decoding=\"async\" src=\"http:\/\/just-now.news\/de\/wp-content\/uploads\/sites\/3\/2024\/01\/65b38414b480cc46b4385e8a.jpeg\" \/><\/p>\n<div class=\"Text-root Text-type_1 \">\n                In den Jahren 2020 bis 2022 fielen verantwortliche Politiker mit ungeahnter H\u00e4rte in der Wortwahl und subjektiven politischen Forderungen gegen\u00fcber ma\u00dfnahmenkritischen B\u00fcrgern auf. Am 26. Januar 2022 erfolgte im Bundestag die &#8220;Orientierungsdebatte zur allgemeinen Impfpflicht&#8221;. Es war die erste Rede von Ricarda Land im Reichstag.\n            <\/div>\n<p><\/p>\n<div class=\"Text-root Text-type_5 ArticleView-text ViewText-root \">\n<p>Die zehrende Gesellschaftskrise drei langer Jahre, im Rahmen einer politisch initiierten medizinischen Sondersituation, besch\u00e4ftigt weiterhin die Menschen in Deutschland. Medial-politische Verantwortliche verwehren sich mehrheitlich weiterhin gegen eine Aufarbeitung. Eine kritische R\u00fcckbetrachtung bleibt unerw\u00fcnscht. Leidende B\u00fcrger, in allen erdenklichen Altersstrukturen von jung bis alt, werden sich selbst \u00fcberlassen, erfahren wenig Aufmerksamkeit und Verst\u00e4ndnis.\u00a0<\/p>\n<p>Um die Radikalit\u00e4t und zum Teil irritierende bis schockierende\u00a0Inhumanit\u00e4t jener Zeit in Erinnerung zu rufen\u00a0\u2013 um m\u00f6glichen abschw\u00e4chenden Argumenten \u00e0 la Variante: &#8220;So schlimm war es nun auch nicht&#8221;, variabel: &#8220;Nun \u00fcbertreib mal nicht&#8221;\u00a0\u2013 einen argumentativen Gegenpol zu setzen, soll \u00fcber Zitate aggressiv agierender Politiker, als treibende Hauptkr\u00e4fte einer bewussten gesellschaftlichen Ausgrenzung von kritischen B\u00fcrgern, die Stimmung jener Zeit widergespiegelt werden.<\/p>\n<p>Als historisches\u00a0<a rel=\"nofollow noopener\" target=\"_blank\" href=\"https:\/\/freeassange.rtde.life\/inland\/189332-corona-aufarbeitung-rueckblick-auf-reden\/\">Zeitdokument<\/a>\u00a0folgen\u00a0Ausz\u00fcge der Rede\u00a0der Gr\u00fcnen-Politikerin Ricarda Lang, wie auch des SPD-Bundesgesundheitsministers Karl Lauterbach vom 26. Januar 2022 im Rahmen der &#8220;Orientierungsdebatte zur allgemeinen Impfpflicht im Deutschen Bundestag&#8221;.<\/p>\n<p><strong><a rel=\"nofollow noopener\" target=\"_blank\" href=\"https:\/\/www.gruene-bundestag.de\/parlament\/bundestagsreden\/orientierungsdebatte-zur-impfpflicht-3\">Ricarda Lang<\/a>:<\/strong><\/p>\n<p><em>&#8220;Sehr geehrte Frau Pr\u00e4sidentin! Liebe Kolleginnen und Kollegen! Wenn ich vor 12 oder 24\u00a0Monaten hier gestanden h\u00e4tte, dann h\u00e4tte ich gegen eine allgemeine Impfpflicht gesprochen.\u00a0Auch heute noch w\u00e4re ich froh, wenn sie nicht notwendig w\u00e4re.<\/em><\/p>\n<p><em>Doch ich bin davon \u00fcberzeugt, dass Politikerinnen bereit sein m\u00fcssen, zu lernen und auf eine sich ver\u00e4ndernde Realit\u00e4t zu reagieren. Und diese Realit\u00e4t zeigt uns doch, dass wir eine verdammt hohe Impfquote brauchen, um der \u00dcberlastung unseres Gesundheitssystems vorzubeugen und um zu verhindern, dass wir unkontrolliert von Welle zu Welle rutschen.<\/em><\/p>\n<p><em>Deshalb stehe ich heute hier und werbe daf\u00fcr, dass wir das Hamsterrad dieser Pandemie verlassen und eine allgemeine Impfpflicht ab 18 auf den Weg bringen.<\/em><\/p>\n<p>(Bundestagsprotokoll: Beifall beim B\u00dcNDNIS\u00a090\/DIE GR\u00dcNEN und bei der SPD sowie der Abgeordneten Katrin Helling-Plahr [FDP])<\/p>\n<p><em>Ja, das ist eine Frage der Freiheit, aber nicht nur eine abstrakte Abw\u00e4gung zwischen Freiheit und Solidarit\u00e4t. Sondern es geht um die ganz konkrete Frage, welche Ma\u00dfnahmen wir brauchen, um die gr\u00f6\u00dftm\u00f6gliche Freiheit zu erreichen.<\/em><\/p>\n<p><em>Denn auf der einen Seite steht der Eingriff durch die Impfpflicht, doch auf der anderen Seite stehen die massiven Freiheitseinschr\u00e4nkungen durch die Ma\u00dfnahmen, die immer wieder notwendig sind, von der Absage von Kulturveranstaltungen bis zur Schlie\u00dfung von Gesch\u00e4ften. Und diese Einschr\u00e4nkungen treffen uns alle, egal ob geimpft oder ungeimpft. Die allgemeine Impfpflicht hat damit eine positive Freiheitsbilanz. Die allgemeine Impfpflicht sch\u00fctzt unsere Freiheit\u00a0(\u2026).<\/em><\/p>\n<p><em>An den rechten Rand dieses Saals: Sie k\u00f6nnen hier schreien und Sie k\u00f6nnen schimpfen, soviel Sie wollen\u00a0\u2013 Sie werden damit nicht verhindern, dass die Demokratinnen und Demokraten des Deutschen Bundestages heute eine respektvolle und eine komplexe Debatte zum Wohle der Menschen in diesem Land f\u00fchren.<\/em><\/p>\n<p>(Beifall beim B\u00dcNDNIS\u00a090\/DIE GR\u00dcNEN, bei der SPD und der FDP sowie bei Abgeordneten der LINKEN)<\/p>\n<p><em>Denn dadurch zeigen wir, wozu dieses Parlament in der Lage ist (\u2026). Deshalb lassen Sie uns gemeinsam f\u00fcr diese Menschen eine allgemeine Impfpflicht ab 18 auf den Weg bringen!&#8221;<\/em><\/p>\n<p><strong><a rel=\"nofollow noopener\" target=\"_blank\" href=\"https:\/\/www.bundesgesundheitsministerium.de\/presse\/reden\/rede\/bundestag-260122.html\">Karl Lauterbach<\/a>:<\/strong><\/p>\n<p><em>&#8220;Frau Pr\u00e4sidentin! Meine sehr verehrten Damen und Herren! Meine lieben Kolleginnen und Kollegen!<\/em><\/p>\n<p><em>(\u2026)\u00a0Wir k\u00e4mpfen derzeit mit einer neuen Variante, mit der Omikron-Variante. Die Omikron-Variante bef\u00e4llt auch Geimpfte, und die Verl\u00e4ufe sind leichter. Vielleicht ist das die Alternative zur Impfung. Vielleicht brauchen wir die Impfpflicht gar nicht mehr;\u00a0vielleicht ist die Omikron-Variante der Weg aus der Pandemie heraus in die Endemie, ohne dass wir die Impfpflicht n\u00f6tig h\u00e4tten. Das ist leider nicht so.<\/em><\/p>\n<p><em>Zum Ersten ist es bereits jetzt so, dass die Modelle des Robert Koch-Instituts zeigen, dass diejenigen, die nicht geimpft sind, von der Omikron-Variante bedroht sind und wir wahrscheinlich mit Belegungen der Intensivstationen mit bis zu 5.000\u00a0Menschen rechnen m\u00fcssen. Zum Zweiten gibt es international so gut wie keinen Wissenschaftler, der mir bekannt w\u00e4re, der sagt, die Omikron-Variante w\u00e4re die letzte Variante, mit der wir zu rechnen haben (\u2026).<\/em><\/p>\n<p><em>Wenn wir dies im Herbst sicher vermeiden wollen, dann ist der einzige Weg eine Impfpflicht, mit der wir uns alle gegenseitig sch\u00fctzen. Und damit m\u00fcssen wir jetzt beginnen. Ich m\u00f6chte auch ausdr\u00fccklich darauf hinweisen: Wir kommen nicht weiter, indem wir das Problem von uns wegschieben.<\/em><\/p>\n<p><em>Wenn wir das Problem von uns wegschieben, dann wird das Problem mit voller St\u00e4rke zur\u00fcckkommen. Das k\u00f6nnen wir den Kindern, den Pflegekr\u00e4ften, den \u00c4rzten und den gef\u00e4hrdeten und belasteten Menschen, die wir nicht impfen k\u00f6nnen, nicht weiter zumuten. Wir m\u00fcssen handeln! (\u2026)<\/em><\/p>\n<p><em>Ich h\u00f6re auch immer wieder, dass f\u00e4lschlicherweise behauptet wird, die Impfpflicht st\u00fcnde der Freiheit im Wege, sie st\u00fcnde der Freiheit entgegen. Ich sage so viel: Die Freiheit gewinnen wir durch die Impfung zur\u00fcck.<\/em><\/p>\n<p><em>Es ist das Virus, das uns belagert. Hegel hat einmal gesagt \u2013 und er hatte in dieser Hinsicht recht \u2013 &#8216;Freiheit ist die Einsicht in die Notwendigkeit.&#8217; Das ist der Punkt, an dem wir derzeit sind. Wir werden nicht zur\u00fcckkommen zu dem Leben, das wir geliebt und gesch\u00e4tzt haben, ohne dass wir jetzt den Spaten drehen, ohne dass wir uns gemeinsam entscheiden. Die dreifache Impfung ist der sichere Weg, diese Freiheit zur\u00fcckzuerlangen.&#8221;<\/em><\/p>\n<p>Beide Politiker, im Speziellen Karl Lauterbach, mussten sich seit dem offiziellen Ende der &#8220;Corona-Pandemie&#8221;,\u00a0<a rel=\"nofollow noopener\" target=\"_blank\" href=\"https:\/\/www.spiegel.de\/politik\/deutschland\/coronavirus-karl-lauterbach-erklaert-pandemie-fuer-beendet-a-00305a6a-f771-4a55-a3e8-4201d3c35a3e\">verk\u00fcndet<\/a>\u00a0durch den verantwortlichen SPD-Minister im April 2023, vor einem offiziellen Untersuchungsausschuss zu ihren Fehlinformationen, Fehldeutungen und unmissverst\u00e4ndlichen Aufforderungen zur &#8220;COVID-Impfung&#8221; \u00e4u\u00dfern oder rechtfertigen.<\/p>\n<p><strong>Mehr zum Thema &#8211;<\/strong>\u00a0<a rel=\"nofollow noopener\" target=\"_blank\" href=\"https:\/\/freedert.online\/meinung\/192386-corona-aufarbeitung-naechste-doppelehrung-weitere\/\">Corona-Aufarbeitung: Orden f\u00fcr Wieler und Co. \u2013 die Opfer leiden im Stillen<\/a><\/p>\n<\/div>\n<p><br \/>\n<br \/><a href=\"https:\/\/de.rt.com\/inland\/194041-corona-aufarbeitung-rueckblick-auf-reden\/\">Source link <\/a><\/p>\n","protected":false},"excerpt":{"rendered":"<p>In den Jahren 2020 bis 2022 fielen verantwortliche Politiker mit ungeahnter H\u00e4rte in der Wortwahl und subjektiven politischen Forderungen gegen\u00fcber ma\u00dfnahmenkritischen B\u00fcrgern auf. Am 26. Januar 2022 erfolgte im Bundestag die &#8220;Orientierungsdebatte zur allgemeinen Impfpflicht&#8221;. Es war die erste Rede von Ricarda Land im Reichstag. Die zehrende Gesellschaftskrise drei langer Jahre, im Rahmen einer politisch [&hellip;]<\/p>\n","protected":false},"author":3,"featured_media":54018,"comment_status":"open","ping_status":"open","sticky":false,"template":"","format":"standard","meta":{"_yoast_indexnow_last_ping":["1706268158"],"wp_automatic_camp":["217"],"0c047a051827e0e871e39d7481dc9a7f":["Corona-Aufarbeitung: R\u00fcckblick auf Reden verantwortlicher Politiker \u2013 Lang und Lauterbach"],"original_link":["https:\/\/de.rt.com\/inland\/194041-corona-aufarbeitung-rueckblick-auf-reden\/"],"_thumbnail_id":["54018"],"_wptgpro_p2tg_sent2tg":["a:1:{i:23737;s:19:\"2024-01-26 13:23:49\";}"],"jnews_social_counter_last_update":["1777602371"]},"categories":[19,23],"tags":[133,43269,3655,1748,5679,19378,8343,140,30766],"yoast_head":"<!-- This site is optimized with the Yoast SEO Premium plugin v22.7 (Yoast SEO v22.7) - https:\/\/yoast.com\/wordpress\/plugins\/seo\/ -->\n<title>Corona-Aufarbeitung: R\u00fcckblick auf Reden verantwortlicher Politiker \u2013 Lang und Lauterbach - just-now.NEWS Deutschland<\/title>\n<meta name=\"robots\" content=\"index, follow, max-snippet:-1, max-image-preview:large, max-video-preview:-1\" \/>\n<link rel=\"canonical\" href=\"https:\/\/now-news.de\/de\/deutschland\/corona-aufarbeitung-rueckblick-auf-reden-verantwortlicher-politiker-lang-und-lauterbach\/\" \/>\n<meta property=\"og:locale\" content=\"de_DE\" \/>\n<meta property=\"og:type\" content=\"article\" \/>\n<meta property=\"og:title\" content=\"Corona-Aufarbeitung: R\u00fcckblick auf Reden verantwortlicher Politiker \u2013 Lang und Lauterbach\" \/>\n<meta property=\"og:description\" content=\"In den Jahren 2020 bis 2022 fielen verantwortliche Politiker mit ungeahnter H\u00e4rte in der Wortwahl und subjektiven politischen Forderungen gegen\u00fcber ma\u00dfnahmenkritischen B\u00fcrgern auf. Am 26. Januar 2022 erfolgte im Bundestag die &#8220;Orientierungsdebatte zur allgemeinen Impfpflicht&#8221;. Es war die erste Rede von Ricarda Land im Reichstag. Die zehrende Gesellschaftskrise drei langer Jahre, im Rahmen einer politisch [&hellip;]\" \/>\n<meta property=\"og:url\" content=\"https:\/\/now-news.de\/de\/deutschland\/corona-aufarbeitung-rueckblick-auf-reden-verantwortlicher-politiker-lang-und-lauterbach\/\" \/>\n<meta property=\"og:site_name\" content=\"just-now.NEWS Deutschland\" \/>\n<meta property=\"article:publisher\" content=\"https:\/\/www.facebook.com\/wirmachenauf\" \/>\n<meta property=\"article:published_time\" content=\"2024-01-26T11:13:06+00:00\" \/>\n<meta property=\"og:image\" content=\"https:\/\/now-news.de\/de\/wp-content\/uploads\/sites\/3\/2024\/01\/Corona-Aufarbeitung-Rueckblick-auf-Reden-verantwortlicher-Politiker-\u2013-Lang-und-Lauterbach.jpeg\" \/>\n\t<meta property=\"og:image:width\" content=\"460\" \/>\n\t<meta property=\"og:image:height\" content=\"259\" \/>\n\t<meta property=\"og:image:type\" content=\"image\/jpeg\" \/>\n<meta name=\"author\" content=\"rtnews\" \/>\n<meta name=\"twitter:card\" content=\"summary_large_image\" \/>\n<meta name=\"twitter:creator\" content=\"@WirMachenAuf_de\" \/>\n<meta name=\"twitter:site\" content=\"@WirMachenAuf_de\" \/>\n<meta name=\"twitter:label1\" content=\"Verfasst von\" \/>\n\t<meta name=\"twitter:data1\" content=\"rtnews\" \/>\n\t<meta name=\"twitter:label2\" content=\"Gesch\u00e4tzte Lesezeit\" \/>\n\t<meta name=\"twitter:data2\" content=\"5\u00a0Minuten\" \/>\n<script type=\"application\/ld+json\" class=\"yoast-schema-graph\">{\"@context\":\"https:\/\/schema.org\",\"@graph\":[{\"@type\":\"Article\",\"@id\":\"https:\/\/now-news.de\/de\/deutschland\/corona-aufarbeitung-rueckblick-auf-reden-verantwortlicher-politiker-lang-und-lauterbach\/#article\",\"isPartOf\":{\"@id\":\"https:\/\/now-news.de\/de\/deutschland\/corona-aufarbeitung-rueckblick-auf-reden-verantwortlicher-politiker-lang-und-lauterbach\/\"},\"author\":{\"name\":\"rtnews\",\"@id\":\"https:\/\/now-news.de\/de\/#\/schema\/person\/fb534a4e865501d8b3285208df34a9b5\"},\"headline\":\"Corona-Aufarbeitung: R\u00fcckblick auf Reden verantwortlicher Politiker \u2013 Lang und Lauterbach\",\"datePublished\":\"2024-01-26T11:13:06+00:00\",\"dateModified\":\"2024-01-26T11:13:06+00:00\",\"mainEntityOfPage\":{\"@id\":\"https:\/\/now-news.de\/de\/deutschland\/corona-aufarbeitung-rueckblick-auf-reden-verantwortlicher-politiker-lang-und-lauterbach\/\"},\"wordCount\":970,\"commentCount\":0,\"publisher\":{\"@id\":\"https:\/\/now-news.de\/de\/#organization\"},\"image\":{\"@id\":\"https:\/\/now-news.de\/de\/deutschland\/corona-aufarbeitung-rueckblick-auf-reden-verantwortlicher-politiker-lang-und-lauterbach\/#primaryimage\"},\"thumbnailUrl\":\"https:\/\/now-news.de\/de\/wp-content\/uploads\/sites\/3\/2024\/01\/Corona-Aufarbeitung-Rueckblick-auf-Reden-verantwortlicher-Politiker-\u2013-Lang-und-Lauterbach.jpeg\",\"keywords\":[\"AUF\",\"CoronaAufarbeitung\",\"lang\",\"Lauterbach\",\"Politiker\",\"Reden\",\"R\u00dcCKBLICK\",\"und\",\"Verantwortlicher\"],\"articleSection\":[\"Deutschland\",\"Russland\"],\"inLanguage\":\"de\",\"potentialAction\":[{\"@type\":\"CommentAction\",\"name\":\"Comment\",\"target\":[\"https:\/\/now-news.de\/de\/deutschland\/corona-aufarbeitung-rueckblick-auf-reden-verantwortlicher-politiker-lang-und-lauterbach\/#respond\"]}]},{\"@type\":\"WebPage\",\"@id\":\"https:\/\/now-news.de\/de\/deutschland\/corona-aufarbeitung-rueckblick-auf-reden-verantwortlicher-politiker-lang-und-lauterbach\/\",\"url\":\"https:\/\/now-news.de\/de\/deutschland\/corona-aufarbeitung-rueckblick-auf-reden-verantwortlicher-politiker-lang-und-lauterbach\/\",\"name\":\"Corona-Aufarbeitung: R\u00fcckblick auf Reden verantwortlicher Politiker \u2013 Lang und Lauterbach - just-now.NEWS Deutschland\",\"isPartOf\":{\"@id\":\"https:\/\/now-news.de\/de\/#website\"},\"primaryImageOfPage\":{\"@id\":\"https:\/\/now-news.de\/de\/deutschland\/corona-aufarbeitung-rueckblick-auf-reden-verantwortlicher-politiker-lang-und-lauterbach\/#primaryimage\"},\"image\":{\"@id\":\"https:\/\/now-news.de\/de\/deutschland\/corona-aufarbeitung-rueckblick-auf-reden-verantwortlicher-politiker-lang-und-lauterbach\/#primaryimage\"},\"thumbnailUrl\":\"https:\/\/now-news.de\/de\/wp-content\/uploads\/sites\/3\/2024\/01\/Corona-Aufarbeitung-Rueckblick-auf-Reden-verantwortlicher-Politiker-\u2013-Lang-und-Lauterbach.jpeg\",\"datePublished\":\"2024-01-26T11:13:06+00:00\",\"dateModified\":\"2024-01-26T11:13:06+00:00\",\"breadcrumb\":{\"@id\":\"https:\/\/now-news.de\/de\/deutschland\/corona-aufarbeitung-rueckblick-auf-reden-verantwortlicher-politiker-lang-und-lauterbach\/#breadcrumb\"},\"inLanguage\":\"de\",\"potentialAction\":[{\"@type\":\"ReadAction\",\"target\":[\"https:\/\/now-news.de\/de\/deutschland\/corona-aufarbeitung-rueckblick-auf-reden-verantwortlicher-politiker-lang-und-lauterbach\/\"]}]},{\"@type\":\"ImageObject\",\"inLanguage\":\"de\",\"@id\":\"https:\/\/now-news.de\/de\/deutschland\/corona-aufarbeitung-rueckblick-auf-reden-verantwortlicher-politiker-lang-und-lauterbach\/#primaryimage\",\"url\":\"https:\/\/now-news.de\/de\/wp-content\/uploads\/sites\/3\/2024\/01\/Corona-Aufarbeitung-Rueckblick-auf-Reden-verantwortlicher-Politiker-\u2013-Lang-und-Lauterbach.jpeg\",\"contentUrl\":\"https:\/\/now-news.de\/de\/wp-content\/uploads\/sites\/3\/2024\/01\/Corona-Aufarbeitung-Rueckblick-auf-Reden-verantwortlicher-Politiker-\u2013-Lang-und-Lauterbach.jpeg\",\"width\":460,\"height\":259,\"caption\":\"Corona-Aufarbeitung: R\u00fcckblick auf Reden verantwortlicher Politiker \u2013 Lang und Lauterbach\"},{\"@type\":\"BreadcrumbList\",\"@id\":\"https:\/\/now-news.de\/de\/deutschland\/corona-aufarbeitung-rueckblick-auf-reden-verantwortlicher-politiker-lang-und-lauterbach\/#breadcrumb\",\"itemListElement\":[{\"@type\":\"ListItem\",\"position\":1,\"name\":\"Home\",\"item\":\"https:\/\/now-news.de\/de\/\"},{\"@type\":\"ListItem\",\"position\":2,\"name\":\"Corona-Aufarbeitung: R\u00fcckblick auf Reden verantwortlicher Politiker \u2013 Lang und Lauterbach\"}]},{\"@type\":\"WebSite\",\"@id\":\"https:\/\/now-news.de\/de\/#website\",\"url\":\"https:\/\/now-news.de\/de\/\",\"name\":\"just-now.NEWS Deutschland\",\"description\":\"Das Portal f\u00fcr unzensierte Nachrichten aus der Welt\",\"publisher\":{\"@id\":\"https:\/\/now-news.de\/de\/#organization\"},\"potentialAction\":[{\"@type\":\"SearchAction\",\"target\":{\"@type\":\"EntryPoint\",\"urlTemplate\":\"https:\/\/now-news.de\/de\/?s={search_term_string}\"},\"query-input\":\"required name=search_term_string\"}],\"inLanguage\":\"de\"},{\"@type\":\"Organization\",\"@id\":\"https:\/\/now-news.de\/de\/#organization\",\"name\":\"Just Now News\",\"url\":\"https:\/\/now-news.de\/de\/\",\"logo\":{\"@type\":\"ImageObject\",\"inLanguage\":\"de\",\"@id\":\"https:\/\/now-news.de\/de\/#\/schema\/logo\/image\/\",\"url\":\"http:\/\/just-now.news\/de\/wp-content\/uploads\/sites\/3\/2022\/04\/logo500x500.jpg\",\"contentUrl\":\"http:\/\/just-now.news\/de\/wp-content\/uploads\/sites\/3\/2022\/04\/logo500x500.jpg\",\"width\":500,\"height\":500,\"caption\":\"Just Now News\"},\"image\":{\"@id\":\"https:\/\/now-news.de\/de\/#\/schema\/logo\/image\/\"},\"sameAs\":[\"https:\/\/www.facebook.com\/wirmachenauf\",\"https:\/\/x.com\/WirMachenAuf_de\"]},{\"@type\":\"Person\",\"@id\":\"https:\/\/now-news.de\/de\/#\/schema\/person\/fb534a4e865501d8b3285208df34a9b5\",\"name\":\"rtnews\",\"image\":{\"@type\":\"ImageObject\",\"inLanguage\":\"de\",\"@id\":\"https:\/\/now-news.de\/de\/#\/schema\/person\/image\/\",\"url\":\"https:\/\/secure.gravatar.com\/avatar\/82aafea7d8127119dd649515f56e2117?s=96&d=mm&r=g\",\"contentUrl\":\"https:\/\/secure.gravatar.com\/avatar\/82aafea7d8127119dd649515f56e2117?s=96&d=mm&r=g\",\"caption\":\"rtnews\"},\"url\":\"https:\/\/now-news.de\/de\/author\/rnews\/\"}]}<\/script>\n<!-- \/ Yoast SEO Premium plugin. -->","yoast_head_json":{"title":"Corona-Aufarbeitung: R\u00fcckblick auf Reden verantwortlicher Politiker \u2013 Lang und Lauterbach - just-now.NEWS Deutschland","robots":{"index":"index","follow":"follow","max-snippet":"max-snippet:-1","max-image-preview":"max-image-preview:large","max-video-preview":"max-video-preview:-1"},"canonical":"https:\/\/now-news.de\/de\/deutschland\/corona-aufarbeitung-rueckblick-auf-reden-verantwortlicher-politiker-lang-und-lauterbach\/","og_locale":"de_DE","og_type":"article","og_title":"Corona-Aufarbeitung: R\u00fcckblick auf Reden verantwortlicher Politiker \u2013 Lang und Lauterbach","og_description":"In den Jahren 2020 bis 2022 fielen verantwortliche Politiker mit ungeahnter H\u00e4rte in der Wortwahl und subjektiven politischen Forderungen gegen\u00fcber ma\u00dfnahmenkritischen B\u00fcrgern auf. Am 26. Januar 2022 erfolgte im Bundestag die &#8220;Orientierungsdebatte zur allgemeinen Impfpflicht&#8221;. Es war die erste Rede von Ricarda Land im Reichstag. Die zehrende Gesellschaftskrise drei langer Jahre, im Rahmen einer politisch [&hellip;]","og_url":"https:\/\/now-news.de\/de\/deutschland\/corona-aufarbeitung-rueckblick-auf-reden-verantwortlicher-politiker-lang-und-lauterbach\/","og_site_name":"just-now.NEWS Deutschland","article_publisher":"https:\/\/www.facebook.com\/wirmachenauf","article_published_time":"2024-01-26T11:13:06+00:00","og_image":[{"width":460,"height":259,"url":"https:\/\/now-news.de\/de\/wp-content\/uploads\/sites\/3\/2024\/01\/Corona-Aufarbeitung-Rueckblick-auf-Reden-verantwortlicher-Politiker-\u2013-Lang-und-Lauterbach.jpeg","type":"image\/jpeg"}],"author":"rtnews","twitter_card":"summary_large_image","twitter_creator":"@WirMachenAuf_de","twitter_site":"@WirMachenAuf_de","twitter_misc":{"Verfasst von":"rtnews","Gesch\u00e4tzte Lesezeit":"5\u00a0Minuten"},"schema":{"@context":"https:\/\/schema.org","@graph":[{"@type":"Article","@id":"https:\/\/now-news.de\/de\/deutschland\/corona-aufarbeitung-rueckblick-auf-reden-verantwortlicher-politiker-lang-und-lauterbach\/#article","isPartOf":{"@id":"https:\/\/now-news.de\/de\/deutschland\/corona-aufarbeitung-rueckblick-auf-reden-verantwortlicher-politiker-lang-und-lauterbach\/"},"author":{"name":"rtnews","@id":"https:\/\/now-news.de\/de\/#\/schema\/person\/fb534a4e865501d8b3285208df34a9b5"},"headline":"Corona-Aufarbeitung: R\u00fcckblick auf Reden verantwortlicher Politiker \u2013 Lang und Lauterbach","datePublished":"2024-01-26T11:13:06+00:00","dateModified":"2024-01-26T11:13:06+00:00","mainEntityOfPage":{"@id":"https:\/\/now-news.de\/de\/deutschland\/corona-aufarbeitung-rueckblick-auf-reden-verantwortlicher-politiker-lang-und-lauterbach\/"},"wordCount":970,"commentCount":0,"publisher":{"@id":"https:\/\/now-news.de\/de\/#organization"},"image":{"@id":"https:\/\/now-news.de\/de\/deutschland\/corona-aufarbeitung-rueckblick-auf-reden-verantwortlicher-politiker-lang-und-lauterbach\/#primaryimage"},"thumbnailUrl":"https:\/\/now-news.de\/de\/wp-content\/uploads\/sites\/3\/2024\/01\/Corona-Aufarbeitung-Rueckblick-auf-Reden-verantwortlicher-Politiker-\u2013-Lang-und-Lauterbach.jpeg","keywords":["AUF","CoronaAufarbeitung","lang","Lauterbach","Politiker","Reden","R\u00dcCKBLICK","und","Verantwortlicher"],"articleSection":["Deutschland","Russland"],"inLanguage":"de","potentialAction":[{"@type":"CommentAction","name":"Comment","target":["https:\/\/now-news.de\/de\/deutschland\/corona-aufarbeitung-rueckblick-auf-reden-verantwortlicher-politiker-lang-und-lauterbach\/#respond"]}]},{"@type":"WebPage","@id":"https:\/\/now-news.de\/de\/deutschland\/corona-aufarbeitung-rueckblick-auf-reden-verantwortlicher-politiker-lang-und-lauterbach\/","url":"https:\/\/now-news.de\/de\/deutschland\/corona-aufarbeitung-rueckblick-auf-reden-verantwortlicher-politiker-lang-und-lauterbach\/","name":"Corona-Aufarbeitung: R\u00fcckblick auf Reden verantwortlicher Politiker \u2013 Lang und Lauterbach - just-now.NEWS Deutschland","isPartOf":{"@id":"https:\/\/now-news.de\/de\/#website"},"primaryImageOfPage":{"@id":"https:\/\/now-news.de\/de\/deutschland\/corona-aufarbeitung-rueckblick-auf-reden-verantwortlicher-politiker-lang-und-lauterbach\/#primaryimage"},"image":{"@id":"https:\/\/now-news.de\/de\/deutschland\/corona-aufarbeitung-rueckblick-auf-reden-verantwortlicher-politiker-lang-und-lauterbach\/#primaryimage"},"thumbnailUrl":"https:\/\/now-news.de\/de\/wp-content\/uploads\/sites\/3\/2024\/01\/Corona-Aufarbeitung-Rueckblick-auf-Reden-verantwortlicher-Politiker-\u2013-Lang-und-Lauterbach.jpeg","datePublished":"2024-01-26T11:13:06+00:00","dateModified":"2024-01-26T11:13:06+00:00","breadcrumb":{"@id":"https:\/\/now-news.de\/de\/deutschland\/corona-aufarbeitung-rueckblick-auf-reden-verantwortlicher-politiker-lang-und-lauterbach\/#breadcrumb"},"inLanguage":"de","potentialAction":[{"@type":"ReadAction","target":["https:\/\/now-news.de\/de\/deutschland\/corona-aufarbeitung-rueckblick-auf-reden-verantwortlicher-politiker-lang-und-lauterbach\/"]}]},{"@type":"ImageObject","inLanguage":"de","@id":"https:\/\/now-news.de\/de\/deutschland\/corona-aufarbeitung-rueckblick-auf-reden-verantwortlicher-politiker-lang-und-lauterbach\/#primaryimage","url":"https:\/\/now-news.de\/de\/wp-content\/uploads\/sites\/3\/2024\/01\/Corona-Aufarbeitung-Rueckblick-auf-Reden-verantwortlicher-Politiker-\u2013-Lang-und-Lauterbach.jpeg","contentUrl":"https:\/\/now-news.de\/de\/wp-content\/uploads\/sites\/3\/2024\/01\/Corona-Aufarbeitung-Rueckblick-auf-Reden-verantwortlicher-Politiker-\u2013-Lang-und-Lauterbach.jpeg","width":460,"height":259,"caption":"Corona-Aufarbeitung: R\u00fcckblick auf Reden verantwortlicher Politiker \u2013 Lang und Lauterbach"},{"@type":"BreadcrumbList","@id":"https:\/\/now-news.de\/de\/deutschland\/corona-aufarbeitung-rueckblick-auf-reden-verantwortlicher-politiker-lang-und-lauterbach\/#breadcrumb","itemListElement":[{"@type":"ListItem","position":1,"name":"Home","item":"https:\/\/now-news.de\/de\/"},{"@type":"ListItem","position":2,"name":"Corona-Aufarbeitung: R\u00fcckblick auf Reden verantwortlicher Politiker \u2013 Lang und Lauterbach"}]},{"@type":"WebSite","@id":"https:\/\/now-news.de\/de\/#website","url":"https:\/\/now-news.de\/de\/","name":"just-now.NEWS Deutschland","description":"Das Portal f\u00fcr unzensierte Nachrichten aus der Welt","publisher":{"@id":"https:\/\/now-news.de\/de\/#organization"},"potentialAction":[{"@type":"SearchAction","target":{"@type":"EntryPoint","urlTemplate":"https:\/\/now-news.de\/de\/?s={search_term_string}"},"query-input":"required name=search_term_string"}],"inLanguage":"de"},{"@type":"Organization","@id":"https:\/\/now-news.de\/de\/#organization","name":"Just Now News","url":"https:\/\/now-news.de\/de\/","logo":{"@type":"ImageObject","inLanguage":"de","@id":"https:\/\/now-news.de\/de\/#\/schema\/logo\/image\/","url":"http:\/\/just-now.news\/de\/wp-content\/uploads\/sites\/3\/2022\/04\/logo500x500.jpg","contentUrl":"http:\/\/just-now.news\/de\/wp-content\/uploads\/sites\/3\/2022\/04\/logo500x500.jpg","width":500,"height":500,"caption":"Just Now News"},"image":{"@id":"https:\/\/now-news.de\/de\/#\/schema\/logo\/image\/"},"sameAs":["https:\/\/www.facebook.com\/wirmachenauf","https:\/\/x.com\/WirMachenAuf_de"]},{"@type":"Person","@id":"https:\/\/now-news.de\/de\/#\/schema\/person\/fb534a4e865501d8b3285208df34a9b5","name":"rtnews","image":{"@type":"ImageObject","inLanguage":"de","@id":"https:\/\/now-news.de\/de\/#\/schema\/person\/image\/","url":"https:\/\/secure.gravatar.com\/avatar\/82aafea7d8127119dd649515f56e2117?s=96&d=mm&r=g","contentUrl":"https:\/\/secure.gravatar.com\/avatar\/82aafea7d8127119dd649515f56e2117?s=96&d=mm&r=g","caption":"rtnews"},"url":"https:\/\/now-news.de\/de\/author\/rnews\/"}]}},"_links":{"self":[{"href":"https:\/\/now-news.de\/de\/wp-json\/wp\/v2\/posts\/54017"}],"collection":[{"href":"https:\/\/now-news.de\/de\/wp-json\/wp\/v2\/posts"}],"about":[{"href":"https:\/\/now-news.de\/de\/wp-json\/wp\/v2\/types\/post"}],"author":[{"embeddable":true,"href":"https:\/\/now-news.de\/de\/wp-json\/wp\/v2\/users\/3"}],"replies":[{"embeddable":true,"href":"https:\/\/now-news.de\/de\/wp-json\/wp\/v2\/comments?post=54017"}],"version-history":[{"count":0,"href":"https:\/\/now-news.de\/de\/wp-json\/wp\/v2\/posts\/54017\/revisions"}],"wp:featuredmedia":[{"embeddable":true,"href":"https:\/\/now-news.de\/de\/wp-json\/wp\/v2\/media\/54018"}],"wp:attachment":[{"href":"https:\/\/now-news.de\/de\/wp-json\/wp\/v2\/media?parent=54017"}],"wp:term":[{"taxonomy":"category","embeddable":true,"href":"https:\/\/now-news.de\/de\/wp-json\/wp\/v2\/categories?post=54017"},{"taxonomy":"post_tag","embeddable":true,"href":"https:\/\/now-news.de\/de\/wp-json\/wp\/v2\/tags?post=54017"}],"curies":[{"name":"wp","href":"https:\/\/api.w.org\/{rel}","templated":true}]}}