{"id":53994,"date":"2024-01-25T22:39:01","date_gmt":"2024-01-25T20:39:01","guid":{"rendered":"https:\/\/just-now.news\/de\/deutschland\/herz-und-hirntot-maassen-tritt-aus-der-cdu-aus-%e2%80%92-und-macht-den-weg-fuer-die-werteunion-frei\/"},"modified":"2024-01-25T22:39:01","modified_gmt":"2024-01-25T20:39:01","slug":"herz-und-hirntot-maassen-tritt-aus-der-cdu-aus-%e2%80%92-und-macht-den-weg-fuer-die-werteunion-frei","status":"publish","type":"post","link":"https:\/\/now-news.de\/de\/deutschland\/herz-und-hirntot-maassen-tritt-aus-der-cdu-aus-%e2%80%92-und-macht-den-weg-fuer-die-werteunion-frei\/","title":{"rendered":"&quot;Herz- und hirntot&quot;: Maa\u00dfen tritt aus der CDU aus \u2012 und macht den Weg f\u00fcr die Werteunion frei"},"content":{"rendered":"<p><img decoding=\"async\" src=\"http:\/\/just-now.news\/de\/wp-content\/uploads\/sites\/3\/2024\/01\/65b2c385b480cc17710b21b0.jpg\" \/><\/p>\n<div class=\"Text-root Text-type_1 \">\n                Hans-Georg Maa\u00dfen kehrt der CDU den R\u00fccken und will sich mit der Werteunion auf die Gr\u00fcndung einer neuen Partei konzentrieren. F\u00fcr seine langj\u00e4hrige politische Heimat hat er nur noch Verachtung \u00fcbrig.\n            <\/div>\n<p><\/p>\n<div class=\"Text-root Text-type_5 ArticleView-text ViewText-root \">\n<p>Es ist vollbracht: Nach der eingeleiteten Gr\u00fcndung einer eigenen Partei hat Ex-Verfassungsschutzchef Hans-Georg Maa\u00dfen den Austritt aus seiner langj\u00e4hrigen CDU am Donnerstag angek\u00fcndigt. Gegen\u00fcber der Website <em>Nius<\/em>\u00a0<a rel=\"nofollow noopener\" target=\"_blank\" href=\"https:\/\/www.nius.de\/news\/die-merz-union-ist-nicht-reformierbar-ex-verfassungsschutzchef-maassen-verlaesst-die-cdu\/32444e5c-3dd9-4273-8eeb-61fd71047fd8\">sagte<\/a> er:<\/p>\n<p>&#8220;Ich habe heute entschieden, die Mitgliedschaft in der CDU zu beenden.&#8221;<\/p>\n<p>Der Vorsitzende der rechtskonservativen &#8220;Werteunion&#8221; werde seinem Kreisverband am Freitag seinen Austritt mitteilen.\u00a0Gegen\u00fcber der <em>NZZ<\/em>\u00a0<a rel=\"nofollow noopener\" target=\"_blank\" href=\"https:\/\/www.nzz.ch\/international\/hans-georg-maassen-verlaesst-die-cdu-ld.1775978\">teilte<\/a> Maa\u00dfen gegen\u00fcber seiner langj\u00e4hrigen politischen Heimat noch einmal aus:<\/p>\n<blockquote><p><em>&#8220;Wenn ein Gaul tot ist, muss man absatteln \u2013 und die CDU ist nicht nur herz-, sondern mittlerweile auch hirntot.&#8221;\u00a0<\/em><\/p><\/blockquote>\n<p>&#8220;Die Merz-Union ist nicht mehr reformierbar&#8221;, begr\u00fcndete Maa\u00dfen seinen bevorstehenden Austritt aus der CDU. Diese habe &#8220;in den letzten Jahren ihre Werte und Grund\u00fcberzeugungen aufgegeben. Sie erweckt nur den Anschein, eine b\u00fcrgerliche Alternative zu Rot-Gr\u00fcn zu sein, ist aber letztlich nur ihre Variante&#8221;. Er wolle sich nun auf den Aufbau der Werteunion als \u2013 so w\u00f6rtlich \u2013 &#8220;neue b\u00fcrgerliche Partei konzentrieren&#8221;. Mit dabei ist beispielsweise der Finanzfachmann Markus Krall, der auch ein prominentes Gesicht in den alternativen Medien ist.<\/p>\n<p>Vergangenes Wochenende\u00a0hatte eine Mitgliederversammlung der bisher als Verein eingetragenen Werteunion auf Wunsch Maa\u00dfens die Umwandlung in eine Partei beschlossen. Sie soll bereits\u00a0dieses Jahr bei den anstehenden Landtagswahlen w\u00e4hlbar sein.\u00a0<\/p>\n<p><strong>Mehr zum Thema<\/strong>\u00a0&#8211;\u00a0<a rel=\"nofollow noopener\" target=\"_blank\" href=\"https:\/\/freedert.online\/inland\/191735-ex-verfassungsschutzchef-hans-georg-maassen\/\">Hans-Georg Maa\u00dfen macht aus &#8220;Werteunion&#8221; neue Partei<\/a><\/p>\n<\/p>\n<\/div>\n<p><br \/>\n<br \/><a href=\"https:\/\/de.rt.com\/inland\/193994-herz-und-hirntot-maassen-tritt\/\">Source link <\/a><\/p>\n","protected":false},"excerpt":{"rendered":"<p>Hans-Georg Maa\u00dfen kehrt der CDU den R\u00fccken und will sich mit der Werteunion auf die Gr\u00fcndung einer neuen Partei konzentrieren. F\u00fcr seine langj\u00e4hrige politische Heimat hat er nur noch Verachtung \u00fcbrig. Es ist vollbracht: Nach der eingeleiteten Gr\u00fcndung einer eigenen Partei hat Ex-Verfassungsschutzchef Hans-Georg Maa\u00dfen den Austritt aus seiner langj\u00e4hrigen CDU am Donnerstag angek\u00fcndigt. Gegen\u00fcber [&hellip;]<\/p>\n","protected":false},"author":3,"featured_media":53995,"comment_status":"open","ping_status":"open","sticky":false,"template":"","format":"standard","meta":{"_yoast_indexnow_last_ping":["1706215202"],"wp_automatic_camp":["217"],"60df29eabd88cf331243a5f0463558f9":["&quot;Herz- und hirntot&quot;: Maa\u00dfen tritt aus der CDU aus \u2012 und macht den Weg f\u00fcr die Werteunion frei"],"original_link":["https:\/\/de.rt.com\/inland\/193994-herz-und-hirntot-maassen-tritt\/"],"_thumbnail_id":["53995"],"_wptgpro_p2tg_sent2tg":["a:1:{i:23737;s:19:\"2024-01-25 22:41:09\";}"],"jnews_social_counter_last_update":["1777268753"]},"categories":[19,23],"tags":[679,3795,48,82,45,1008,221,52838,39594,4847,52837,3470,140,2404,9680],"yoast_head":"<!-- This site is optimized with the Yoast SEO Premium plugin v22.7 (Yoast SEO v22.7) - https:\/\/yoast.com\/wordpress\/plugins\/seo\/ -->\n<title>&quot;Herz- und hirntot&quot;: Maa\u00dfen tritt aus der CDU aus \u2012 und macht den Weg f\u00fcr die Werteunion frei - just-now.NEWS Deutschland<\/title>\n<meta name=\"robots\" content=\"index, follow, max-snippet:-1, max-image-preview:large, max-video-preview:-1\" \/>\n<link rel=\"canonical\" href=\"https:\/\/now-news.de\/de\/deutschland\/herz-und-hirntot-maassen-tritt-aus-der-cdu-aus-\u2012-und-macht-den-weg-fuer-die-werteunion-frei\/\" \/>\n<meta property=\"og:locale\" content=\"de_DE\" \/>\n<meta property=\"og:type\" content=\"article\" \/>\n<meta property=\"og:title\" content=\"&quot;Herz- und hirntot&quot;: Maa\u00dfen tritt aus der CDU aus \u2012 und macht den Weg f\u00fcr die Werteunion frei\" \/>\n<meta property=\"og:description\" content=\"Hans-Georg Maa\u00dfen kehrt der CDU den R\u00fccken und will sich mit der Werteunion auf die Gr\u00fcndung einer neuen Partei konzentrieren. F\u00fcr seine langj\u00e4hrige politische Heimat hat er nur noch Verachtung \u00fcbrig. Es ist vollbracht: Nach der eingeleiteten Gr\u00fcndung einer eigenen Partei hat Ex-Verfassungsschutzchef Hans-Georg Maa\u00dfen den Austritt aus seiner langj\u00e4hrigen CDU am Donnerstag angek\u00fcndigt. Gegen\u00fcber [&hellip;]\" \/>\n<meta property=\"og:url\" content=\"https:\/\/now-news.de\/de\/deutschland\/herz-und-hirntot-maassen-tritt-aus-der-cdu-aus-\u2012-und-macht-den-weg-fuer-die-werteunion-frei\/\" \/>\n<meta property=\"og:site_name\" content=\"just-now.NEWS Deutschland\" \/>\n<meta property=\"article:publisher\" content=\"https:\/\/www.facebook.com\/wirmachenauf\" \/>\n<meta property=\"article:published_time\" content=\"2024-01-25T20:39:01+00:00\" \/>\n<meta property=\"og:image\" content=\"https:\/\/now-news.de\/de\/wp-content\/uploads\/sites\/3\/2024\/01\/quotHerz-und-hirntotquot-Maassen-tritt-aus-der-CDU-aus-\u2012.jpg\" \/>\n\t<meta property=\"og:image:width\" content=\"460\" \/>\n\t<meta property=\"og:image:height\" content=\"259\" \/>\n\t<meta property=\"og:image:type\" content=\"image\/jpeg\" \/>\n<meta name=\"author\" content=\"rtnews\" \/>\n<meta name=\"twitter:card\" content=\"summary_large_image\" \/>\n<meta name=\"twitter:creator\" content=\"@WirMachenAuf_de\" \/>\n<meta name=\"twitter:site\" content=\"@WirMachenAuf_de\" \/>\n<meta name=\"twitter:label1\" content=\"Verfasst von\" \/>\n\t<meta name=\"twitter:data1\" content=\"rtnews\" \/>\n\t<meta name=\"twitter:label2\" content=\"Gesch\u00e4tzte Lesezeit\" \/>\n\t<meta name=\"twitter:data2\" content=\"1\u00a0Minute\" \/>\n<script type=\"application\/ld+json\" class=\"yoast-schema-graph\">{\"@context\":\"https:\/\/schema.org\",\"@graph\":[{\"@type\":\"Article\",\"@id\":\"https:\/\/now-news.de\/de\/deutschland\/herz-und-hirntot-maassen-tritt-aus-der-cdu-aus-%e2%80%92-und-macht-den-weg-fuer-die-werteunion-frei\/#article\",\"isPartOf\":{\"@id\":\"https:\/\/now-news.de\/de\/deutschland\/herz-und-hirntot-maassen-tritt-aus-der-cdu-aus-%e2%80%92-und-macht-den-weg-fuer-die-werteunion-frei\/\"},\"author\":{\"name\":\"rtnews\",\"@id\":\"https:\/\/now-news.de\/de\/#\/schema\/person\/fb534a4e865501d8b3285208df34a9b5\"},\"headline\":\"&quot;Herz- und hirntot&quot;: Maa\u00dfen tritt aus der CDU aus \u2012 und macht den Weg f\u00fcr die Werteunion frei\",\"datePublished\":\"2024-01-25T20:39:01+00:00\",\"dateModified\":\"2024-01-25T20:39:01+00:00\",\"mainEntityOfPage\":{\"@id\":\"https:\/\/now-news.de\/de\/deutschland\/herz-und-hirntot-maassen-tritt-aus-der-cdu-aus-%e2%80%92-und-macht-den-weg-fuer-die-werteunion-frei\/\"},\"wordCount\":283,\"commentCount\":0,\"publisher\":{\"@id\":\"https:\/\/now-news.de\/de\/#organization\"},\"image\":{\"@id\":\"https:\/\/now-news.de\/de\/deutschland\/herz-und-hirntot-maassen-tritt-aus-der-cdu-aus-%e2%80%92-und-macht-den-weg-fuer-die-werteunion-frei\/#primaryimage\"},\"thumbnailUrl\":\"https:\/\/now-news.de\/de\/wp-content\/uploads\/sites\/3\/2024\/01\/quotHerz-und-hirntotquot-Maassen-tritt-aus-der-CDU-aus-\u2012.jpg\",\"keywords\":[\"aus\",\"CDU\",\"den\",\"der\",\"die\",\"frei\",\"f\u00fcr\",\"hirntotquot\",\"Maa\u00dfen\",\"Macht\",\"quotHerz\",\"tritt\",\"und\",\"Weg\",\"werteunion\"],\"articleSection\":[\"Deutschland\",\"Russland\"],\"inLanguage\":\"de\",\"potentialAction\":[{\"@type\":\"CommentAction\",\"name\":\"Comment\",\"target\":[\"https:\/\/now-news.de\/de\/deutschland\/herz-und-hirntot-maassen-tritt-aus-der-cdu-aus-%e2%80%92-und-macht-den-weg-fuer-die-werteunion-frei\/#respond\"]}]},{\"@type\":\"WebPage\",\"@id\":\"https:\/\/now-news.de\/de\/deutschland\/herz-und-hirntot-maassen-tritt-aus-der-cdu-aus-%e2%80%92-und-macht-den-weg-fuer-die-werteunion-frei\/\",\"url\":\"https:\/\/now-news.de\/de\/deutschland\/herz-und-hirntot-maassen-tritt-aus-der-cdu-aus-%e2%80%92-und-macht-den-weg-fuer-die-werteunion-frei\/\",\"name\":\"&quot;Herz- und hirntot&quot;: Maa\u00dfen tritt aus der CDU aus \u2012 und macht den Weg f\u00fcr die Werteunion frei - just-now.NEWS Deutschland\",\"isPartOf\":{\"@id\":\"https:\/\/now-news.de\/de\/#website\"},\"primaryImageOfPage\":{\"@id\":\"https:\/\/now-news.de\/de\/deutschland\/herz-und-hirntot-maassen-tritt-aus-der-cdu-aus-%e2%80%92-und-macht-den-weg-fuer-die-werteunion-frei\/#primaryimage\"},\"image\":{\"@id\":\"https:\/\/now-news.de\/de\/deutschland\/herz-und-hirntot-maassen-tritt-aus-der-cdu-aus-%e2%80%92-und-macht-den-weg-fuer-die-werteunion-frei\/#primaryimage\"},\"thumbnailUrl\":\"https:\/\/now-news.de\/de\/wp-content\/uploads\/sites\/3\/2024\/01\/quotHerz-und-hirntotquot-Maassen-tritt-aus-der-CDU-aus-\u2012.jpg\",\"datePublished\":\"2024-01-25T20:39:01+00:00\",\"dateModified\":\"2024-01-25T20:39:01+00:00\",\"breadcrumb\":{\"@id\":\"https:\/\/now-news.de\/de\/deutschland\/herz-und-hirntot-maassen-tritt-aus-der-cdu-aus-%e2%80%92-und-macht-den-weg-fuer-die-werteunion-frei\/#breadcrumb\"},\"inLanguage\":\"de\",\"potentialAction\":[{\"@type\":\"ReadAction\",\"target\":[\"https:\/\/now-news.de\/de\/deutschland\/herz-und-hirntot-maassen-tritt-aus-der-cdu-aus-%e2%80%92-und-macht-den-weg-fuer-die-werteunion-frei\/\"]}]},{\"@type\":\"ImageObject\",\"inLanguage\":\"de\",\"@id\":\"https:\/\/now-news.de\/de\/deutschland\/herz-und-hirntot-maassen-tritt-aus-der-cdu-aus-%e2%80%92-und-macht-den-weg-fuer-die-werteunion-frei\/#primaryimage\",\"url\":\"https:\/\/now-news.de\/de\/wp-content\/uploads\/sites\/3\/2024\/01\/quotHerz-und-hirntotquot-Maassen-tritt-aus-der-CDU-aus-\u2012.jpg\",\"contentUrl\":\"https:\/\/now-news.de\/de\/wp-content\/uploads\/sites\/3\/2024\/01\/quotHerz-und-hirntotquot-Maassen-tritt-aus-der-CDU-aus-\u2012.jpg\",\"width\":460,\"height\":259,\"caption\":\"&quot;Herz- und hirntot&quot;: Maa\u00dfen tritt aus der CDU aus \u2012 und macht den Weg f\u00fcr die Werteunion frei\"},{\"@type\":\"BreadcrumbList\",\"@id\":\"https:\/\/now-news.de\/de\/deutschland\/herz-und-hirntot-maassen-tritt-aus-der-cdu-aus-%e2%80%92-und-macht-den-weg-fuer-die-werteunion-frei\/#breadcrumb\",\"itemListElement\":[{\"@type\":\"ListItem\",\"position\":1,\"name\":\"Home\",\"item\":\"https:\/\/now-news.de\/de\/\"},{\"@type\":\"ListItem\",\"position\":2,\"name\":\"&quot;Herz- und hirntot&quot;: Maa\u00dfen tritt aus der CDU aus \u2012 und macht den Weg f\u00fcr die Werteunion frei\"}]},{\"@type\":\"WebSite\",\"@id\":\"https:\/\/now-news.de\/de\/#website\",\"url\":\"https:\/\/now-news.de\/de\/\",\"name\":\"just-now.NEWS Deutschland\",\"description\":\"Das Portal f\u00fcr unzensierte Nachrichten aus der Welt\",\"publisher\":{\"@id\":\"https:\/\/now-news.de\/de\/#organization\"},\"potentialAction\":[{\"@type\":\"SearchAction\",\"target\":{\"@type\":\"EntryPoint\",\"urlTemplate\":\"https:\/\/now-news.de\/de\/?s={search_term_string}\"},\"query-input\":\"required name=search_term_string\"}],\"inLanguage\":\"de\"},{\"@type\":\"Organization\",\"@id\":\"https:\/\/now-news.de\/de\/#organization\",\"name\":\"Just Now News\",\"url\":\"https:\/\/now-news.de\/de\/\",\"logo\":{\"@type\":\"ImageObject\",\"inLanguage\":\"de\",\"@id\":\"https:\/\/now-news.de\/de\/#\/schema\/logo\/image\/\",\"url\":\"http:\/\/just-now.news\/de\/wp-content\/uploads\/sites\/3\/2022\/04\/logo500x500.jpg\",\"contentUrl\":\"http:\/\/just-now.news\/de\/wp-content\/uploads\/sites\/3\/2022\/04\/logo500x500.jpg\",\"width\":500,\"height\":500,\"caption\":\"Just Now News\"},\"image\":{\"@id\":\"https:\/\/now-news.de\/de\/#\/schema\/logo\/image\/\"},\"sameAs\":[\"https:\/\/www.facebook.com\/wirmachenauf\",\"https:\/\/x.com\/WirMachenAuf_de\"]},{\"@type\":\"Person\",\"@id\":\"https:\/\/now-news.de\/de\/#\/schema\/person\/fb534a4e865501d8b3285208df34a9b5\",\"name\":\"rtnews\",\"image\":{\"@type\":\"ImageObject\",\"inLanguage\":\"de\",\"@id\":\"https:\/\/now-news.de\/de\/#\/schema\/person\/image\/\",\"url\":\"https:\/\/secure.gravatar.com\/avatar\/82aafea7d8127119dd649515f56e2117?s=96&d=mm&r=g\",\"contentUrl\":\"https:\/\/secure.gravatar.com\/avatar\/82aafea7d8127119dd649515f56e2117?s=96&d=mm&r=g\",\"caption\":\"rtnews\"},\"url\":\"https:\/\/now-news.de\/de\/author\/rnews\/\"}]}<\/script>\n<!-- \/ Yoast SEO Premium plugin. -->","yoast_head_json":{"title":"&quot;Herz- und hirntot&quot;: Maa\u00dfen tritt aus der CDU aus \u2012 und macht den Weg f\u00fcr die Werteunion frei - just-now.NEWS Deutschland","robots":{"index":"index","follow":"follow","max-snippet":"max-snippet:-1","max-image-preview":"max-image-preview:large","max-video-preview":"max-video-preview:-1"},"canonical":"https:\/\/now-news.de\/de\/deutschland\/herz-und-hirntot-maassen-tritt-aus-der-cdu-aus-\u2012-und-macht-den-weg-fuer-die-werteunion-frei\/","og_locale":"de_DE","og_type":"article","og_title":"&quot;Herz- und hirntot&quot;: Maa\u00dfen tritt aus der CDU aus \u2012 und macht den Weg f\u00fcr die Werteunion frei","og_description":"Hans-Georg Maa\u00dfen kehrt der CDU den R\u00fccken und will sich mit der Werteunion auf die Gr\u00fcndung einer neuen Partei konzentrieren. F\u00fcr seine langj\u00e4hrige politische Heimat hat er nur noch Verachtung \u00fcbrig. Es ist vollbracht: Nach der eingeleiteten Gr\u00fcndung einer eigenen Partei hat Ex-Verfassungsschutzchef Hans-Georg Maa\u00dfen den Austritt aus seiner langj\u00e4hrigen CDU am Donnerstag angek\u00fcndigt. Gegen\u00fcber [&hellip;]","og_url":"https:\/\/now-news.de\/de\/deutschland\/herz-und-hirntot-maassen-tritt-aus-der-cdu-aus-\u2012-und-macht-den-weg-fuer-die-werteunion-frei\/","og_site_name":"just-now.NEWS Deutschland","article_publisher":"https:\/\/www.facebook.com\/wirmachenauf","article_published_time":"2024-01-25T20:39:01+00:00","og_image":[{"width":460,"height":259,"url":"https:\/\/now-news.de\/de\/wp-content\/uploads\/sites\/3\/2024\/01\/quotHerz-und-hirntotquot-Maassen-tritt-aus-der-CDU-aus-\u2012.jpg","type":"image\/jpeg"}],"author":"rtnews","twitter_card":"summary_large_image","twitter_creator":"@WirMachenAuf_de","twitter_site":"@WirMachenAuf_de","twitter_misc":{"Verfasst von":"rtnews","Gesch\u00e4tzte Lesezeit":"1\u00a0Minute"},"schema":{"@context":"https:\/\/schema.org","@graph":[{"@type":"Article","@id":"https:\/\/now-news.de\/de\/deutschland\/herz-und-hirntot-maassen-tritt-aus-der-cdu-aus-%e2%80%92-und-macht-den-weg-fuer-die-werteunion-frei\/#article","isPartOf":{"@id":"https:\/\/now-news.de\/de\/deutschland\/herz-und-hirntot-maassen-tritt-aus-der-cdu-aus-%e2%80%92-und-macht-den-weg-fuer-die-werteunion-frei\/"},"author":{"name":"rtnews","@id":"https:\/\/now-news.de\/de\/#\/schema\/person\/fb534a4e865501d8b3285208df34a9b5"},"headline":"&quot;Herz- und hirntot&quot;: Maa\u00dfen tritt aus der CDU aus \u2012 und macht den Weg f\u00fcr die Werteunion frei","datePublished":"2024-01-25T20:39:01+00:00","dateModified":"2024-01-25T20:39:01+00:00","mainEntityOfPage":{"@id":"https:\/\/now-news.de\/de\/deutschland\/herz-und-hirntot-maassen-tritt-aus-der-cdu-aus-%e2%80%92-und-macht-den-weg-fuer-die-werteunion-frei\/"},"wordCount":283,"commentCount":0,"publisher":{"@id":"https:\/\/now-news.de\/de\/#organization"},"image":{"@id":"https:\/\/now-news.de\/de\/deutschland\/herz-und-hirntot-maassen-tritt-aus-der-cdu-aus-%e2%80%92-und-macht-den-weg-fuer-die-werteunion-frei\/#primaryimage"},"thumbnailUrl":"https:\/\/now-news.de\/de\/wp-content\/uploads\/sites\/3\/2024\/01\/quotHerz-und-hirntotquot-Maassen-tritt-aus-der-CDU-aus-\u2012.jpg","keywords":["aus","CDU","den","der","die","frei","f\u00fcr","hirntotquot","Maa\u00dfen","Macht","quotHerz","tritt","und","Weg","werteunion"],"articleSection":["Deutschland","Russland"],"inLanguage":"de","potentialAction":[{"@type":"CommentAction","name":"Comment","target":["https:\/\/now-news.de\/de\/deutschland\/herz-und-hirntot-maassen-tritt-aus-der-cdu-aus-%e2%80%92-und-macht-den-weg-fuer-die-werteunion-frei\/#respond"]}]},{"@type":"WebPage","@id":"https:\/\/now-news.de\/de\/deutschland\/herz-und-hirntot-maassen-tritt-aus-der-cdu-aus-%e2%80%92-und-macht-den-weg-fuer-die-werteunion-frei\/","url":"https:\/\/now-news.de\/de\/deutschland\/herz-und-hirntot-maassen-tritt-aus-der-cdu-aus-%e2%80%92-und-macht-den-weg-fuer-die-werteunion-frei\/","name":"&quot;Herz- und hirntot&quot;: Maa\u00dfen tritt aus der CDU aus \u2012 und macht den Weg f\u00fcr die Werteunion frei - just-now.NEWS Deutschland","isPartOf":{"@id":"https:\/\/now-news.de\/de\/#website"},"primaryImageOfPage":{"@id":"https:\/\/now-news.de\/de\/deutschland\/herz-und-hirntot-maassen-tritt-aus-der-cdu-aus-%e2%80%92-und-macht-den-weg-fuer-die-werteunion-frei\/#primaryimage"},"image":{"@id":"https:\/\/now-news.de\/de\/deutschland\/herz-und-hirntot-maassen-tritt-aus-der-cdu-aus-%e2%80%92-und-macht-den-weg-fuer-die-werteunion-frei\/#primaryimage"},"thumbnailUrl":"https:\/\/now-news.de\/de\/wp-content\/uploads\/sites\/3\/2024\/01\/quotHerz-und-hirntotquot-Maassen-tritt-aus-der-CDU-aus-\u2012.jpg","datePublished":"2024-01-25T20:39:01+00:00","dateModified":"2024-01-25T20:39:01+00:00","breadcrumb":{"@id":"https:\/\/now-news.de\/de\/deutschland\/herz-und-hirntot-maassen-tritt-aus-der-cdu-aus-%e2%80%92-und-macht-den-weg-fuer-die-werteunion-frei\/#breadcrumb"},"inLanguage":"de","potentialAction":[{"@type":"ReadAction","target":["https:\/\/now-news.de\/de\/deutschland\/herz-und-hirntot-maassen-tritt-aus-der-cdu-aus-%e2%80%92-und-macht-den-weg-fuer-die-werteunion-frei\/"]}]},{"@type":"ImageObject","inLanguage":"de","@id":"https:\/\/now-news.de\/de\/deutschland\/herz-und-hirntot-maassen-tritt-aus-der-cdu-aus-%e2%80%92-und-macht-den-weg-fuer-die-werteunion-frei\/#primaryimage","url":"https:\/\/now-news.de\/de\/wp-content\/uploads\/sites\/3\/2024\/01\/quotHerz-und-hirntotquot-Maassen-tritt-aus-der-CDU-aus-\u2012.jpg","contentUrl":"https:\/\/now-news.de\/de\/wp-content\/uploads\/sites\/3\/2024\/01\/quotHerz-und-hirntotquot-Maassen-tritt-aus-der-CDU-aus-\u2012.jpg","width":460,"height":259,"caption":"&quot;Herz- und hirntot&quot;: Maa\u00dfen tritt aus der CDU aus \u2012 und macht den Weg f\u00fcr die Werteunion frei"},{"@type":"BreadcrumbList","@id":"https:\/\/now-news.de\/de\/deutschland\/herz-und-hirntot-maassen-tritt-aus-der-cdu-aus-%e2%80%92-und-macht-den-weg-fuer-die-werteunion-frei\/#breadcrumb","itemListElement":[{"@type":"ListItem","position":1,"name":"Home","item":"https:\/\/now-news.de\/de\/"},{"@type":"ListItem","position":2,"name":"&quot;Herz- und hirntot&quot;: Maa\u00dfen tritt aus der CDU aus \u2012 und macht den Weg f\u00fcr die Werteunion frei"}]},{"@type":"WebSite","@id":"https:\/\/now-news.de\/de\/#website","url":"https:\/\/now-news.de\/de\/","name":"just-now.NEWS Deutschland","description":"Das Portal f\u00fcr unzensierte Nachrichten aus der Welt","publisher":{"@id":"https:\/\/now-news.de\/de\/#organization"},"potentialAction":[{"@type":"SearchAction","target":{"@type":"EntryPoint","urlTemplate":"https:\/\/now-news.de\/de\/?s={search_term_string}"},"query-input":"required name=search_term_string"}],"inLanguage":"de"},{"@type":"Organization","@id":"https:\/\/now-news.de\/de\/#organization","name":"Just Now News","url":"https:\/\/now-news.de\/de\/","logo":{"@type":"ImageObject","inLanguage":"de","@id":"https:\/\/now-news.de\/de\/#\/schema\/logo\/image\/","url":"http:\/\/just-now.news\/de\/wp-content\/uploads\/sites\/3\/2022\/04\/logo500x500.jpg","contentUrl":"http:\/\/just-now.news\/de\/wp-content\/uploads\/sites\/3\/2022\/04\/logo500x500.jpg","width":500,"height":500,"caption":"Just Now News"},"image":{"@id":"https:\/\/now-news.de\/de\/#\/schema\/logo\/image\/"},"sameAs":["https:\/\/www.facebook.com\/wirmachenauf","https:\/\/x.com\/WirMachenAuf_de"]},{"@type":"Person","@id":"https:\/\/now-news.de\/de\/#\/schema\/person\/fb534a4e865501d8b3285208df34a9b5","name":"rtnews","image":{"@type":"ImageObject","inLanguage":"de","@id":"https:\/\/now-news.de\/de\/#\/schema\/person\/image\/","url":"https:\/\/secure.gravatar.com\/avatar\/82aafea7d8127119dd649515f56e2117?s=96&d=mm&r=g","contentUrl":"https:\/\/secure.gravatar.com\/avatar\/82aafea7d8127119dd649515f56e2117?s=96&d=mm&r=g","caption":"rtnews"},"url":"https:\/\/now-news.de\/de\/author\/rnews\/"}]}},"_links":{"self":[{"href":"https:\/\/now-news.de\/de\/wp-json\/wp\/v2\/posts\/53994"}],"collection":[{"href":"https:\/\/now-news.de\/de\/wp-json\/wp\/v2\/posts"}],"about":[{"href":"https:\/\/now-news.de\/de\/wp-json\/wp\/v2\/types\/post"}],"author":[{"embeddable":true,"href":"https:\/\/now-news.de\/de\/wp-json\/wp\/v2\/users\/3"}],"replies":[{"embeddable":true,"href":"https:\/\/now-news.de\/de\/wp-json\/wp\/v2\/comments?post=53994"}],"version-history":[{"count":0,"href":"https:\/\/now-news.de\/de\/wp-json\/wp\/v2\/posts\/53994\/revisions"}],"wp:featuredmedia":[{"embeddable":true,"href":"https:\/\/now-news.de\/de\/wp-json\/wp\/v2\/media\/53995"}],"wp:attachment":[{"href":"https:\/\/now-news.de\/de\/wp-json\/wp\/v2\/media?parent=53994"}],"wp:term":[{"taxonomy":"category","embeddable":true,"href":"https:\/\/now-news.de\/de\/wp-json\/wp\/v2\/categories?post=53994"},{"taxonomy":"post_tag","embeddable":true,"href":"https:\/\/now-news.de\/de\/wp-json\/wp\/v2\/tags?post=53994"}],"curies":[{"name":"wp","href":"https:\/\/api.w.org\/{rel}","templated":true}]}}