{"id":53964,"date":"2024-01-25T18:37:33","date_gmt":"2024-01-25T16:37:33","guid":{"rendered":"https:\/\/just-now.news\/de\/deutschland\/der-abschuss-einer-il-76-durch-eine-us-patriot-rakete-koennte-weitreichende-folgen-haben\/"},"modified":"2024-01-25T18:37:33","modified_gmt":"2024-01-25T16:37:33","slug":"der-abschuss-einer-il-76-durch-eine-us-patriot-rakete-koennte-weitreichende-folgen-haben","status":"publish","type":"post","link":"https:\/\/now-news.de\/de\/deutschland\/der-abschuss-einer-il-76-durch-eine-us-patriot-rakete-koennte-weitreichende-folgen-haben\/","title":{"rendered":"Der Abschuss einer Il-76 durch eine US-Patriot-Rakete k\u00f6nnte weitreichende Folgen haben"},"content":{"rendered":"<p><img decoding=\"async\" src=\"http:\/\/just-now.news\/de\/wp-content\/uploads\/sites\/3\/2024\/01\/65b270aa48fbef2f7b074f93.jpg\" \/><\/p>\n<div class=\"Text-root Text-type_1 \">\n                Alles in allem ist es f\u00fcr Selenskij und seine US-Paten die politisch bequemste Option, Saluschny die Schuld f\u00fcr den Abschuss der Il-76 zu geben. Es bleibt aber abzuwarten, warum die von den USA unterst\u00fctzte ukrainische Luftverteidigung es dennoch abgeschossen hat.\n            <\/div>\n<p><\/p>\n<div class=\"Text-root Text-type_5 ArticleView-text ViewText-root \">\n<p><em>Von Andrew Korybko<\/em><\/p>\n<p><strong><\/strong>Kiew hat am vergangenen Mittwoch ein Transportflugzeug des russischen Milit\u00e4rs vom Typ Il-76 mit 65 ukrainischen Kriegsgefangenen an Bord <a rel=\"nofollow noopener\" target=\"_blank\" href=\"https:\/\/pressefreiheit.rtde.live\/meinung\/193846-zum-tod-ukrainischen-kriegsgefangenen-ukraine-verschont-niemanden\/\">abgeschossen<\/a>, als es die Grenzregion in der N\u00e4he der russischen Stadt Belgorod \u00fcberflog. Berichten zufolge wurden bei dem Abschuss, der mit gro\u00dfer Sicherheit mithilfe US-amerikanischer Hilfe durchgef\u00fchrt wurde, eine Rakete vom Typ Patriot eingesetzt. Das Regime in Kiew war im Voraus \u00fcber diesen Flug informiert und wusste, dass es gefangen genommene ukrainische Soldaten an Bord hatte. Der geplante Gefangenenaustausch wurde in der Folge abgesagt, und es kamen Fragen auf, warum Kiew seine eigenen Leute t\u00f6ten l\u00e4sst.<\/p>\n<p><strong><\/strong>Der US-Nachrichtensender <em>CNN<\/em>\u00a0<a rel=\"nofollow noopener\" target=\"_blank\" href=\"https:\/\/edition.cnn.com\/europe\/live-news\/russia-military-plane-belgorod-ukraine-updates-intl\/index.html\">deutete<\/a> l\u00e4cherlicherweise an, dass es sich um einen Fall von &#8220;Friendly Fire&#8221; \u2013 Eigenbeschuss \u2013 gehandelt haben k\u00f6nnte, ausgel\u00f6st durch eine kurz zuvor erlassene Warnung vor einem ukrainischen Luftangriff und den Abschuss einer ukrainischen Drohne, rund eine Stunde vor dem Vorfall. Ukrainische Quellen hingegen haben die Verschw\u00f6rungstheorie verbreitet, dass das Flugzeug angeblich Raketen f\u00fcr das S-300-Luftverteidigungssystem an Bord hatte. Das erste Narrativ soll am Ruf der russischen Streitkr\u00e4fte kratzen, w\u00e4hrend das zweite Narrativ eine &#8220;gesichtswahrende&#8221; Version darstellt, um von der Schuld Kiews an dem, was passiert ist, abzulenken.<\/p>\n<p><strong><\/strong>Eine realistischere Interpretation ist, dass sich die Taktik der USA in ihrem Stellvertreterkrieg in der Ukraine gegen Russland ge\u00e4ndert hat, nachdem die Kriegshandlungen Ende vergangenen Jahres in ihrer Intensit\u00e4t nachlie\u00dfen und nach der gescheiterten ukrainischen Gegenoffensive die Ukraine wieder in die Defensive gedr\u00e4ngt wurde. Diese Theorie hat jedoch auch ihre Schwachstellen, nachdem Berichten zufolge im vergangenen Mai f\u00fcnf russische Milit\u00e4rflugzeuge von Patriot-Raketen \u00fcber der Grenzregion Brjansk <a rel=\"nofollow noopener\" target=\"_blank\" href=\"https:\/\/news.yahoo.com\/air-force-confirms-destroying-5-171700543.html\">abgeschossen<\/a> wurden. Der j\u00fcngste Vorfall w\u00e4re vorneweg genommen somit nichts Neues, au\u00dfer dass 65 ukrainische Kriegsgefangene bei diesem Abschuss umgebracht wurden, obwohl Kiew davon wusste, dass sie an Bord waren.<\/p>\n<p><strong><\/strong>Die Einzelheiten dieses Vorfalls lassen daher den Verdacht aufkommen, dass diese bemitleidenswerten Kriegsgefangenen absichtlich von der ukrainischen Luftverteidigung ins Ziel genommen wurden. Der Hintergrund des Geschehens ist wohl, dass der russische Auslandsgeheimdienst am vergangenen Montag eine anstehende b\u00fcrokratische Umbildung in Kiew vorhersagte \u2013 einen Tag bevor ein ehemaliger Beamter des Pentagons \u00fcber Ger\u00fcchte <a rel=\"nofollow noopener\" target=\"_blank\" href=\"https:\/\/asiatimes.com\/2024\/01\/ukraine-zelensky-may-soon-oust-military-chief-zaluzhny\/\">berichtete<\/a>, dass Selenskij seinen Oberbefehlshaber der Streitkr\u00e4fte, Waleri Saluschny, aus dem Amt entfernen m\u00f6chte.<\/p>\n<p><strong><\/strong>Stephen Bryen, der als Stabsdirektor des Unterausschusses f\u00fcr den Nahen Osten im Ausschuss f\u00fcr ausw\u00e4rtige Beziehungen des US-Senats und als stellvertretender Verteidigungsminister diente, ist derzeit am Zentrum f\u00fcr Sicherheitsstrategie am Yorktown Institut t\u00e4tig. In dieser Funktion ver\u00f6ffentlichte er einen Artikel auf seinem Substack-Blog. Ihm zufolge m\u00f6chte der ukrainische Staatschef den Oberbefehlshaber seiner Armee durch den Chef des Milit\u00e4rgeheimdienstes, Kirill Budanow, ersetzen und versucht dies, indem er Saluschny f\u00fcr die Verluste auf dem Schlachtfeld in der N\u00e4he von Awdejewka verantwortlich macht.<\/p>\n<p><strong><\/strong>Als Selenskijs gr\u00f6\u00dfter Rivale genie\u00dft Saluschny bei den Streitkr\u00e4ften und in der Zivilgesellschaft gro\u00dfen Respekt. Die Streitkr\u00e4fte sind \u00fcber die milit\u00e4rische Vorgehensweise der ukrainischen Regierung derma\u00dfen ver\u00e4rgert, dass in einem Bericht der <em>New York Times<\/em> vom vergangenen Monat \u00fcber das Debakel bei Kyrnki am Ufer des Dnjepr sogar ein Anflug von Meuterei zu <a rel=\"nofollow noopener\" target=\"_blank\" href=\"https:\/\/archive.is\/twUL4\">erkennen<\/a> war. Ein weiterer Experte der einflussreichen Denkfabrik Atlantic Council hat ins Bewusstsein gebracht, wie sehr die ohnehin fragile milit\u00e4risch-politische Dynamik der Ukraine durch die gescheiterte Gegenoffensive destabilisiert wurde, und forderte Selenskij vor einem Monat auf, eine &#8220;Regierung der nationalen Einheit&#8221; zu bilden.<\/p>\n<p><strong><\/strong>Die Aufforderung von Adrian Karatnycky wurde in seinem Artikel f\u00fcr <em>Politico<\/em>\u00a0<a rel=\"nofollow noopener\" target=\"_blank\" href=\"https:\/\/www.politico.eu\/article\/ukraine-volodymyr-zelenskyy-needs-a-government-of-national-unity\/\">get\u00e4tigt<\/a> und als beste M\u00f6glichkeit verkauft, potenziell bevorstehende Aufst\u00e4nde in der Ukraine pr\u00e4ventiv abzuwenden. Nicht fehlen durfte die Anspielung darauf, dass dadurch auch alle m\u00f6glicherweise bevorstehenden Pl\u00e4ne f\u00fcr einen Milit\u00e4rputsch neutralisiert werden, die unabh\u00e4ngig von diesen Aufst\u00e4nden stattfinden k\u00f6nnten. Das Dilemma, in dem sich Selenskij nun befindet, besteht darin, dass eine Zustimmung zum Vorschlag von Karatnycky eine Schw\u00e4che seinerseits signalisieren und dies das Ende seiner politischen Karriere bedeuten w\u00fcrde, w\u00e4hrend gleichzeitig die Absetzung von Saluschny zu einer Meuterei innerhalb der Streitkr\u00e4fte f\u00fchren k\u00f6nnte.<\/p>\n<p><strong><\/strong>Das Aufschieben jeglicher Ma\u00dfnahmen hat ebenfalls Nachteile, da der Druck von der Basis und aus dem Milit\u00e4r in naher Zukunft unkontrollierbare Ausma\u00dfe annehmen k\u00f6nnte, w\u00e4hrend sich die strategische Situation an der Front weiterhin verschlechtert. Russlands Auslandsgeheimdienst erw\u00e4hnte in einer zuvor ver\u00f6ffentlichten Erkl\u00e4rung keine Pl\u00e4ne \u00fcber milit\u00e4rische Umstrukturierungen in der Ukraine. Dies kann jedoch daran liegen, dass man sich entweder dessen nicht bewusst ist oder sich darauf geeinigt hat, dass es besser sei, keine \u00c4u\u00dferungen dazu abzugeben, da dies den laufenden Prozess in einer Weise beeinflussen k\u00f6nnte, die den russischen Interessen zuwiderl\u00e4uft.<\/p>\n<p><strong><\/strong>Auf jeden Fall deutet die Abfolge der Ereignisse von Mitte Dezember bis hin zum Abschuss der Il-76 am vergangenen Mittwoch darauf hin, dass die Intrigen in Kiew sich vertieft haben. Nach dem Abschuss eines Flugzeugs voller ukrainischer Kriegsgefangener hat Selenskij nun einen Vorwand, Saluschny abzusetzen \u2013 sofern er das m\u00f6chte.<\/p>\n<p><strong><\/strong>Das hei\u00dft nicht, dass Selenskij dies mit Sicherheit tun wird, da ein solcher Schritt aufgrund der Beliebtheit von Saluschny mit der sehr realen Gefahr einhergeht, dass ein solcher Schritt nach hinten losgehen k\u00f6nnte. Andererseits d\u00fcrften die Unterst\u00fctzer von Saluschny nur lauen Widerstand leisten, wenn es Selenskij gelingt, ihn f\u00fcr diesen Vorfall mit der Il-76 verantwortlich zu machen. Es ist nicht undenkbar, dass Selenskij entweder ihm direkt die Schuld daf\u00fcr gibt oder er dies \u00fcber Stellvertreter in den Massenmedien erledigen lassen wird. Selenskij selbst will sich jeglicher Verantwortung entziehen und auf keinen Fall riskieren, dass jemand mit dem Finger auf die USA zeigt.<\/p>\n<p><strong><\/strong>Alles in allem ist es f\u00fcr Selenskij und seinen US-Paten die politisch bequemste Option, Saluschny die Schuld f\u00fcr den Abschuss der Il-76 in die Schuhe zu schieben. So k\u00f6nnten sie die Verantwortung von sich selbst auf Saluschny abw\u00e4lzen und die Besetzung seines Postens durch Kirill Budanow erleichtern, ohne gro\u00dfen Widerstand seitens der Streitkr\u00e4fte oder der Zivilgesellschaft zu erwarten.<\/p>\n<p><strong><\/strong>Was den Grund angeht, warum die USA vielleicht m\u00f6chten, dass Saluschny die B\u00fchne verl\u00e4sst, so k\u00f6nnte es sein, dass er als kompromissbereiter angesehen wird bei eventuellen erneuten Friedensgespr\u00e4chen mit Russland, etwas, was die f\u00fchrende liberal-globalistische Fraktion in den USA immer noch mit allen Mitteln zu verhindern versucht. Im Falle eines Waffenstillstands zwischen der Ukraine und Russland m\u00fcssen sie bef\u00fcrchten, dass ein m\u00f6glicher darauf folgender Regierungsumsturz in der Ukraine ihre Pl\u00e4ne im Stellvertreterkrieg durchkreuzen w\u00fcrde und dadurch Joe Bidens Wiederwahl scheitern w\u00fcrde. Andererseits k\u00f6nnten sie nat\u00fcrlich auch berechnet haben, dass das Risiko eines Regierungsumsturzes, dem m\u00f6glicherweise landesweite Massenproteste zur Unterst\u00fctzung von Saluschny vorausgehen k\u00f6nnten, mit seiner Absetzung zunehmen k\u00f6nnten.<\/p>\n<p><strong><\/strong>Was auch immer letztendlich passieren wird: Es ist wichtig f\u00fcr Beobachter, <em>CNN<\/em> und den Verschw\u00f6rungstheoretikern in der Ukraine, wonach Russland versehentlich sein eigenes Flugzeug abgeschossen hat und das Flugzeug angeblich nur Waffen an Bord hatte, nicht zu glauben, weil Kiew definitiv wusste, dass sich ukrainische Kriegsgefangene an Bord befanden. Es bleibt aber abzuwarten, warum die von den USA unterst\u00fctzte ukrainische Luftverteidigung es dennoch abgeschossen hat. Mit der Zeit und dem Bekanntwerden der milit\u00e4rischen und\/oder politischen Konsequenzen dieses Vorfalls ist jedoch mehr Klarheit in diesem Fall zu erwarten.<\/p>\n<p><strong><\/strong><em>\u00dcbersetzt aus dem <a rel=\"nofollow noopener\" target=\"_blank\" href=\"https:\/\/korybko.substack.com\/p\/the-il-76-shootdown-by-a-us-patriot\">Englischen<\/a>.<\/em><\/p>\n<p><em><strong><\/strong>Andrew Korybko ist ein in Moskau ans\u00e4ssiger amerikanischer Politologe, der sich auf die US-Strategie in Afrika und Eurasien sowie auf Chinas Belt&amp;Road-Initiative, Russlands geopolitischen Balanceakt und hybride Kriegsf\u00fchrung spezialisiert hat.<\/em><\/p>\n<p><strong>Mehr zum Thema<\/strong>\u00a0\u2013\u00a0<a rel=\"nofollow noopener\" target=\"_blank\" href=\"https:\/\/freedert.online\/international\/193804-abschuss-transports-ukrainischer-kriegsgefangener-ukrainische-medien-triumphierten\/\">Abschuss des Fliegers mit ukrainischen Kriegsgefangenen: Ukrainische Medien triumphierten zun\u00e4chst<\/a><\/p>\n<div class=\"EmbedBlock-root EmbedBlock-externalVideo EmbedBlock-vk\">\n<div class=\"VkEmbed\"><iframe class=\"lazyload\" data-src=\"https:\/\/vk.com\/video_ext.php?oid=-134310637&amp;id=456273902\" frameborder=\"0\" width=\"853\" height=\"480\" allowfullscreen><\/iframe><\/div>\n<\/div>\n<\/div>\n<p><br \/>\n<br \/><a href=\"https:\/\/de.rt.com\/europa\/193964-abschuss-il-76-durch-us\/\">Source link <\/a><\/p>\n","protected":false},"excerpt":{"rendered":"<p>Alles in allem ist es f\u00fcr Selenskij und seine US-Paten die politisch bequemste Option, Saluschny die Schuld f\u00fcr den Abschuss der Il-76 zu geben. Es bleibt aber abzuwarten, warum die von den USA unterst\u00fctzte ukrainische Luftverteidigung es dennoch abgeschossen hat. Von Andrew Korybko Kiew hat am vergangenen Mittwoch ein Transportflugzeug des russischen Milit\u00e4rs vom Typ [&hellip;]<\/p>\n","protected":false},"author":3,"featured_media":53965,"comment_status":"open","ping_status":"open","sticky":false,"template":"","format":"standard","meta":{"_yoast_indexnow_last_ping":["1706200719"],"wp_automatic_camp":["217"],"250f257de8fa66eda60f7823e157969e":["Der Abschuss einer Il-76 durch eine US-Patriot-Rakete k\u00f6nnte weitreichende Folgen haben"],"original_link":["https:\/\/de.rt.com\/europa\/193964-abschuss-il-76-durch-us\/"],"_thumbnail_id":["53965"],"_wptgpro_p2tg_sent2tg":["a:1:{i:23737;s:19:\"2024-01-25 18:39:52\";}"],"jnews_social_counter_last_update":["1776534249"]},"categories":[19,23],"tags":[29903,82,1024,275,212,2378,771,52757,970,52814,24812],"yoast_head":"<!-- This site is optimized with the Yoast SEO Premium plugin v22.7 (Yoast SEO v22.7) - https:\/\/yoast.com\/wordpress\/plugins\/seo\/ -->\n<title>Der Abschuss einer Il-76 durch eine US-Patriot-Rakete k\u00f6nnte weitreichende Folgen haben - just-now.NEWS Deutschland<\/title>\n<meta name=\"robots\" content=\"index, follow, max-snippet:-1, max-image-preview:large, max-video-preview:-1\" \/>\n<link rel=\"canonical\" href=\"https:\/\/now-news.de\/de\/deutschland\/der-abschuss-einer-il-76-durch-eine-us-patriot-rakete-koennte-weitreichende-folgen-haben\/\" \/>\n<meta property=\"og:locale\" content=\"de_DE\" \/>\n<meta property=\"og:type\" content=\"article\" \/>\n<meta property=\"og:title\" content=\"Der Abschuss einer Il-76 durch eine US-Patriot-Rakete k\u00f6nnte weitreichende Folgen haben\" \/>\n<meta property=\"og:description\" content=\"Alles in allem ist es f\u00fcr Selenskij und seine US-Paten die politisch bequemste Option, Saluschny die Schuld f\u00fcr den Abschuss der Il-76 zu geben. Es bleibt aber abzuwarten, warum die von den USA unterst\u00fctzte ukrainische Luftverteidigung es dennoch abgeschossen hat. Von Andrew Korybko Kiew hat am vergangenen Mittwoch ein Transportflugzeug des russischen Milit\u00e4rs vom Typ [&hellip;]\" \/>\n<meta property=\"og:url\" content=\"https:\/\/now-news.de\/de\/deutschland\/der-abschuss-einer-il-76-durch-eine-us-patriot-rakete-koennte-weitreichende-folgen-haben\/\" \/>\n<meta property=\"og:site_name\" content=\"just-now.NEWS Deutschland\" \/>\n<meta property=\"article:publisher\" content=\"https:\/\/www.facebook.com\/wirmachenauf\" \/>\n<meta property=\"article:published_time\" content=\"2024-01-25T16:37:33+00:00\" \/>\n<meta property=\"og:image\" content=\"https:\/\/now-news.de\/de\/wp-content\/uploads\/sites\/3\/2024\/01\/Der-Abschuss-einer-Il-76-durch-eine-US-Patriot-Rakete-koennte-weitreichende-Folgen.jpg\" \/>\n\t<meta property=\"og:image:width\" content=\"460\" \/>\n\t<meta property=\"og:image:height\" content=\"259\" \/>\n\t<meta property=\"og:image:type\" content=\"image\/jpeg\" \/>\n<meta name=\"author\" content=\"rtnews\" \/>\n<meta name=\"twitter:card\" content=\"summary_large_image\" \/>\n<meta name=\"twitter:creator\" content=\"@WirMachenAuf_de\" \/>\n<meta name=\"twitter:site\" content=\"@WirMachenAuf_de\" \/>\n<meta name=\"twitter:label1\" content=\"Verfasst von\" \/>\n\t<meta name=\"twitter:data1\" content=\"rtnews\" \/>\n\t<meta name=\"twitter:label2\" content=\"Gesch\u00e4tzte Lesezeit\" \/>\n\t<meta name=\"twitter:data2\" content=\"7\u00a0Minuten\" \/>\n<script type=\"application\/ld+json\" class=\"yoast-schema-graph\">{\"@context\":\"https:\/\/schema.org\",\"@graph\":[{\"@type\":\"Article\",\"@id\":\"https:\/\/now-news.de\/de\/deutschland\/der-abschuss-einer-il-76-durch-eine-us-patriot-rakete-koennte-weitreichende-folgen-haben\/#article\",\"isPartOf\":{\"@id\":\"https:\/\/now-news.de\/de\/deutschland\/der-abschuss-einer-il-76-durch-eine-us-patriot-rakete-koennte-weitreichende-folgen-haben\/\"},\"author\":{\"name\":\"rtnews\",\"@id\":\"https:\/\/now-news.de\/de\/#\/schema\/person\/fb534a4e865501d8b3285208df34a9b5\"},\"headline\":\"Der Abschuss einer Il-76 durch eine US-Patriot-Rakete k\u00f6nnte weitreichende Folgen haben\",\"datePublished\":\"2024-01-25T16:37:33+00:00\",\"dateModified\":\"2024-01-25T16:37:33+00:00\",\"mainEntityOfPage\":{\"@id\":\"https:\/\/now-news.de\/de\/deutschland\/der-abschuss-einer-il-76-durch-eine-us-patriot-rakete-koennte-weitreichende-folgen-haben\/\"},\"wordCount\":1335,\"commentCount\":0,\"publisher\":{\"@id\":\"https:\/\/now-news.de\/de\/#organization\"},\"image\":{\"@id\":\"https:\/\/now-news.de\/de\/deutschland\/der-abschuss-einer-il-76-durch-eine-us-patriot-rakete-koennte-weitreichende-folgen-haben\/#primaryimage\"},\"thumbnailUrl\":\"https:\/\/now-news.de\/de\/wp-content\/uploads\/sites\/3\/2024\/01\/Der-Abschuss-einer-Il-76-durch-eine-US-Patriot-Rakete-koennte-weitreichende-Folgen.jpg\",\"keywords\":[\"Abschuss\",\"der\",\"durch\",\"eine\",\"einer\",\"Folgen\",\"haben\",\"IL76\",\"K\u00f6nnte\",\"USPatriotRakete\",\"weitreichende\"],\"articleSection\":[\"Deutschland\",\"Russland\"],\"inLanguage\":\"de\",\"potentialAction\":[{\"@type\":\"CommentAction\",\"name\":\"Comment\",\"target\":[\"https:\/\/now-news.de\/de\/deutschland\/der-abschuss-einer-il-76-durch-eine-us-patriot-rakete-koennte-weitreichende-folgen-haben\/#respond\"]}]},{\"@type\":\"WebPage\",\"@id\":\"https:\/\/now-news.de\/de\/deutschland\/der-abschuss-einer-il-76-durch-eine-us-patriot-rakete-koennte-weitreichende-folgen-haben\/\",\"url\":\"https:\/\/now-news.de\/de\/deutschland\/der-abschuss-einer-il-76-durch-eine-us-patriot-rakete-koennte-weitreichende-folgen-haben\/\",\"name\":\"Der Abschuss einer Il-76 durch eine US-Patriot-Rakete k\u00f6nnte weitreichende Folgen haben - just-now.NEWS Deutschland\",\"isPartOf\":{\"@id\":\"https:\/\/now-news.de\/de\/#website\"},\"primaryImageOfPage\":{\"@id\":\"https:\/\/now-news.de\/de\/deutschland\/der-abschuss-einer-il-76-durch-eine-us-patriot-rakete-koennte-weitreichende-folgen-haben\/#primaryimage\"},\"image\":{\"@id\":\"https:\/\/now-news.de\/de\/deutschland\/der-abschuss-einer-il-76-durch-eine-us-patriot-rakete-koennte-weitreichende-folgen-haben\/#primaryimage\"},\"thumbnailUrl\":\"https:\/\/now-news.de\/de\/wp-content\/uploads\/sites\/3\/2024\/01\/Der-Abschuss-einer-Il-76-durch-eine-US-Patriot-Rakete-koennte-weitreichende-Folgen.jpg\",\"datePublished\":\"2024-01-25T16:37:33+00:00\",\"dateModified\":\"2024-01-25T16:37:33+00:00\",\"breadcrumb\":{\"@id\":\"https:\/\/now-news.de\/de\/deutschland\/der-abschuss-einer-il-76-durch-eine-us-patriot-rakete-koennte-weitreichende-folgen-haben\/#breadcrumb\"},\"inLanguage\":\"de\",\"potentialAction\":[{\"@type\":\"ReadAction\",\"target\":[\"https:\/\/now-news.de\/de\/deutschland\/der-abschuss-einer-il-76-durch-eine-us-patriot-rakete-koennte-weitreichende-folgen-haben\/\"]}]},{\"@type\":\"ImageObject\",\"inLanguage\":\"de\",\"@id\":\"https:\/\/now-news.de\/de\/deutschland\/der-abschuss-einer-il-76-durch-eine-us-patriot-rakete-koennte-weitreichende-folgen-haben\/#primaryimage\",\"url\":\"https:\/\/now-news.de\/de\/wp-content\/uploads\/sites\/3\/2024\/01\/Der-Abschuss-einer-Il-76-durch-eine-US-Patriot-Rakete-koennte-weitreichende-Folgen.jpg\",\"contentUrl\":\"https:\/\/now-news.de\/de\/wp-content\/uploads\/sites\/3\/2024\/01\/Der-Abschuss-einer-Il-76-durch-eine-US-Patriot-Rakete-koennte-weitreichende-Folgen.jpg\",\"width\":460,\"height\":259,\"caption\":\"Der Abschuss einer Il-76 durch eine US-Patriot-Rakete k\u00f6nnte weitreichende Folgen haben\"},{\"@type\":\"BreadcrumbList\",\"@id\":\"https:\/\/now-news.de\/de\/deutschland\/der-abschuss-einer-il-76-durch-eine-us-patriot-rakete-koennte-weitreichende-folgen-haben\/#breadcrumb\",\"itemListElement\":[{\"@type\":\"ListItem\",\"position\":1,\"name\":\"Home\",\"item\":\"https:\/\/now-news.de\/de\/\"},{\"@type\":\"ListItem\",\"position\":2,\"name\":\"Der Abschuss einer Il-76 durch eine US-Patriot-Rakete k\u00f6nnte weitreichende Folgen haben\"}]},{\"@type\":\"WebSite\",\"@id\":\"https:\/\/now-news.de\/de\/#website\",\"url\":\"https:\/\/now-news.de\/de\/\",\"name\":\"just-now.NEWS Deutschland\",\"description\":\"Das Portal f\u00fcr unzensierte Nachrichten aus der Welt\",\"publisher\":{\"@id\":\"https:\/\/now-news.de\/de\/#organization\"},\"potentialAction\":[{\"@type\":\"SearchAction\",\"target\":{\"@type\":\"EntryPoint\",\"urlTemplate\":\"https:\/\/now-news.de\/de\/?s={search_term_string}\"},\"query-input\":\"required name=search_term_string\"}],\"inLanguage\":\"de\"},{\"@type\":\"Organization\",\"@id\":\"https:\/\/now-news.de\/de\/#organization\",\"name\":\"Just Now News\",\"url\":\"https:\/\/now-news.de\/de\/\",\"logo\":{\"@type\":\"ImageObject\",\"inLanguage\":\"de\",\"@id\":\"https:\/\/now-news.de\/de\/#\/schema\/logo\/image\/\",\"url\":\"http:\/\/just-now.news\/de\/wp-content\/uploads\/sites\/3\/2022\/04\/logo500x500.jpg\",\"contentUrl\":\"http:\/\/just-now.news\/de\/wp-content\/uploads\/sites\/3\/2022\/04\/logo500x500.jpg\",\"width\":500,\"height\":500,\"caption\":\"Just Now News\"},\"image\":{\"@id\":\"https:\/\/now-news.de\/de\/#\/schema\/logo\/image\/\"},\"sameAs\":[\"https:\/\/www.facebook.com\/wirmachenauf\",\"https:\/\/x.com\/WirMachenAuf_de\"]},{\"@type\":\"Person\",\"@id\":\"https:\/\/now-news.de\/de\/#\/schema\/person\/fb534a4e865501d8b3285208df34a9b5\",\"name\":\"rtnews\",\"image\":{\"@type\":\"ImageObject\",\"inLanguage\":\"de\",\"@id\":\"https:\/\/now-news.de\/de\/#\/schema\/person\/image\/\",\"url\":\"https:\/\/secure.gravatar.com\/avatar\/82aafea7d8127119dd649515f56e2117?s=96&d=mm&r=g\",\"contentUrl\":\"https:\/\/secure.gravatar.com\/avatar\/82aafea7d8127119dd649515f56e2117?s=96&d=mm&r=g\",\"caption\":\"rtnews\"},\"url\":\"https:\/\/now-news.de\/de\/author\/rnews\/\"}]}<\/script>\n<!-- \/ Yoast SEO Premium plugin. -->","yoast_head_json":{"title":"Der Abschuss einer Il-76 durch eine US-Patriot-Rakete k\u00f6nnte weitreichende Folgen haben - just-now.NEWS Deutschland","robots":{"index":"index","follow":"follow","max-snippet":"max-snippet:-1","max-image-preview":"max-image-preview:large","max-video-preview":"max-video-preview:-1"},"canonical":"https:\/\/now-news.de\/de\/deutschland\/der-abschuss-einer-il-76-durch-eine-us-patriot-rakete-koennte-weitreichende-folgen-haben\/","og_locale":"de_DE","og_type":"article","og_title":"Der Abschuss einer Il-76 durch eine US-Patriot-Rakete k\u00f6nnte weitreichende Folgen haben","og_description":"Alles in allem ist es f\u00fcr Selenskij und seine US-Paten die politisch bequemste Option, Saluschny die Schuld f\u00fcr den Abschuss der Il-76 zu geben. Es bleibt aber abzuwarten, warum die von den USA unterst\u00fctzte ukrainische Luftverteidigung es dennoch abgeschossen hat. Von Andrew Korybko Kiew hat am vergangenen Mittwoch ein Transportflugzeug des russischen Milit\u00e4rs vom Typ [&hellip;]","og_url":"https:\/\/now-news.de\/de\/deutschland\/der-abschuss-einer-il-76-durch-eine-us-patriot-rakete-koennte-weitreichende-folgen-haben\/","og_site_name":"just-now.NEWS Deutschland","article_publisher":"https:\/\/www.facebook.com\/wirmachenauf","article_published_time":"2024-01-25T16:37:33+00:00","og_image":[{"width":460,"height":259,"url":"https:\/\/now-news.de\/de\/wp-content\/uploads\/sites\/3\/2024\/01\/Der-Abschuss-einer-Il-76-durch-eine-US-Patriot-Rakete-koennte-weitreichende-Folgen.jpg","type":"image\/jpeg"}],"author":"rtnews","twitter_card":"summary_large_image","twitter_creator":"@WirMachenAuf_de","twitter_site":"@WirMachenAuf_de","twitter_misc":{"Verfasst von":"rtnews","Gesch\u00e4tzte Lesezeit":"7\u00a0Minuten"},"schema":{"@context":"https:\/\/schema.org","@graph":[{"@type":"Article","@id":"https:\/\/now-news.de\/de\/deutschland\/der-abschuss-einer-il-76-durch-eine-us-patriot-rakete-koennte-weitreichende-folgen-haben\/#article","isPartOf":{"@id":"https:\/\/now-news.de\/de\/deutschland\/der-abschuss-einer-il-76-durch-eine-us-patriot-rakete-koennte-weitreichende-folgen-haben\/"},"author":{"name":"rtnews","@id":"https:\/\/now-news.de\/de\/#\/schema\/person\/fb534a4e865501d8b3285208df34a9b5"},"headline":"Der Abschuss einer Il-76 durch eine US-Patriot-Rakete k\u00f6nnte weitreichende Folgen haben","datePublished":"2024-01-25T16:37:33+00:00","dateModified":"2024-01-25T16:37:33+00:00","mainEntityOfPage":{"@id":"https:\/\/now-news.de\/de\/deutschland\/der-abschuss-einer-il-76-durch-eine-us-patriot-rakete-koennte-weitreichende-folgen-haben\/"},"wordCount":1335,"commentCount":0,"publisher":{"@id":"https:\/\/now-news.de\/de\/#organization"},"image":{"@id":"https:\/\/now-news.de\/de\/deutschland\/der-abschuss-einer-il-76-durch-eine-us-patriot-rakete-koennte-weitreichende-folgen-haben\/#primaryimage"},"thumbnailUrl":"https:\/\/now-news.de\/de\/wp-content\/uploads\/sites\/3\/2024\/01\/Der-Abschuss-einer-Il-76-durch-eine-US-Patriot-Rakete-koennte-weitreichende-Folgen.jpg","keywords":["Abschuss","der","durch","eine","einer","Folgen","haben","IL76","K\u00f6nnte","USPatriotRakete","weitreichende"],"articleSection":["Deutschland","Russland"],"inLanguage":"de","potentialAction":[{"@type":"CommentAction","name":"Comment","target":["https:\/\/now-news.de\/de\/deutschland\/der-abschuss-einer-il-76-durch-eine-us-patriot-rakete-koennte-weitreichende-folgen-haben\/#respond"]}]},{"@type":"WebPage","@id":"https:\/\/now-news.de\/de\/deutschland\/der-abschuss-einer-il-76-durch-eine-us-patriot-rakete-koennte-weitreichende-folgen-haben\/","url":"https:\/\/now-news.de\/de\/deutschland\/der-abschuss-einer-il-76-durch-eine-us-patriot-rakete-koennte-weitreichende-folgen-haben\/","name":"Der Abschuss einer Il-76 durch eine US-Patriot-Rakete k\u00f6nnte weitreichende Folgen haben - just-now.NEWS Deutschland","isPartOf":{"@id":"https:\/\/now-news.de\/de\/#website"},"primaryImageOfPage":{"@id":"https:\/\/now-news.de\/de\/deutschland\/der-abschuss-einer-il-76-durch-eine-us-patriot-rakete-koennte-weitreichende-folgen-haben\/#primaryimage"},"image":{"@id":"https:\/\/now-news.de\/de\/deutschland\/der-abschuss-einer-il-76-durch-eine-us-patriot-rakete-koennte-weitreichende-folgen-haben\/#primaryimage"},"thumbnailUrl":"https:\/\/now-news.de\/de\/wp-content\/uploads\/sites\/3\/2024\/01\/Der-Abschuss-einer-Il-76-durch-eine-US-Patriot-Rakete-koennte-weitreichende-Folgen.jpg","datePublished":"2024-01-25T16:37:33+00:00","dateModified":"2024-01-25T16:37:33+00:00","breadcrumb":{"@id":"https:\/\/now-news.de\/de\/deutschland\/der-abschuss-einer-il-76-durch-eine-us-patriot-rakete-koennte-weitreichende-folgen-haben\/#breadcrumb"},"inLanguage":"de","potentialAction":[{"@type":"ReadAction","target":["https:\/\/now-news.de\/de\/deutschland\/der-abschuss-einer-il-76-durch-eine-us-patriot-rakete-koennte-weitreichende-folgen-haben\/"]}]},{"@type":"ImageObject","inLanguage":"de","@id":"https:\/\/now-news.de\/de\/deutschland\/der-abschuss-einer-il-76-durch-eine-us-patriot-rakete-koennte-weitreichende-folgen-haben\/#primaryimage","url":"https:\/\/now-news.de\/de\/wp-content\/uploads\/sites\/3\/2024\/01\/Der-Abschuss-einer-Il-76-durch-eine-US-Patriot-Rakete-koennte-weitreichende-Folgen.jpg","contentUrl":"https:\/\/now-news.de\/de\/wp-content\/uploads\/sites\/3\/2024\/01\/Der-Abschuss-einer-Il-76-durch-eine-US-Patriot-Rakete-koennte-weitreichende-Folgen.jpg","width":460,"height":259,"caption":"Der Abschuss einer Il-76 durch eine US-Patriot-Rakete k\u00f6nnte weitreichende Folgen haben"},{"@type":"BreadcrumbList","@id":"https:\/\/now-news.de\/de\/deutschland\/der-abschuss-einer-il-76-durch-eine-us-patriot-rakete-koennte-weitreichende-folgen-haben\/#breadcrumb","itemListElement":[{"@type":"ListItem","position":1,"name":"Home","item":"https:\/\/now-news.de\/de\/"},{"@type":"ListItem","position":2,"name":"Der Abschuss einer Il-76 durch eine US-Patriot-Rakete k\u00f6nnte weitreichende Folgen haben"}]},{"@type":"WebSite","@id":"https:\/\/now-news.de\/de\/#website","url":"https:\/\/now-news.de\/de\/","name":"just-now.NEWS Deutschland","description":"Das Portal f\u00fcr unzensierte Nachrichten aus der Welt","publisher":{"@id":"https:\/\/now-news.de\/de\/#organization"},"potentialAction":[{"@type":"SearchAction","target":{"@type":"EntryPoint","urlTemplate":"https:\/\/now-news.de\/de\/?s={search_term_string}"},"query-input":"required name=search_term_string"}],"inLanguage":"de"},{"@type":"Organization","@id":"https:\/\/now-news.de\/de\/#organization","name":"Just Now News","url":"https:\/\/now-news.de\/de\/","logo":{"@type":"ImageObject","inLanguage":"de","@id":"https:\/\/now-news.de\/de\/#\/schema\/logo\/image\/","url":"http:\/\/just-now.news\/de\/wp-content\/uploads\/sites\/3\/2022\/04\/logo500x500.jpg","contentUrl":"http:\/\/just-now.news\/de\/wp-content\/uploads\/sites\/3\/2022\/04\/logo500x500.jpg","width":500,"height":500,"caption":"Just Now News"},"image":{"@id":"https:\/\/now-news.de\/de\/#\/schema\/logo\/image\/"},"sameAs":["https:\/\/www.facebook.com\/wirmachenauf","https:\/\/x.com\/WirMachenAuf_de"]},{"@type":"Person","@id":"https:\/\/now-news.de\/de\/#\/schema\/person\/fb534a4e865501d8b3285208df34a9b5","name":"rtnews","image":{"@type":"ImageObject","inLanguage":"de","@id":"https:\/\/now-news.de\/de\/#\/schema\/person\/image\/","url":"https:\/\/secure.gravatar.com\/avatar\/82aafea7d8127119dd649515f56e2117?s=96&d=mm&r=g","contentUrl":"https:\/\/secure.gravatar.com\/avatar\/82aafea7d8127119dd649515f56e2117?s=96&d=mm&r=g","caption":"rtnews"},"url":"https:\/\/now-news.de\/de\/author\/rnews\/"}]}},"_links":{"self":[{"href":"https:\/\/now-news.de\/de\/wp-json\/wp\/v2\/posts\/53964"}],"collection":[{"href":"https:\/\/now-news.de\/de\/wp-json\/wp\/v2\/posts"}],"about":[{"href":"https:\/\/now-news.de\/de\/wp-json\/wp\/v2\/types\/post"}],"author":[{"embeddable":true,"href":"https:\/\/now-news.de\/de\/wp-json\/wp\/v2\/users\/3"}],"replies":[{"embeddable":true,"href":"https:\/\/now-news.de\/de\/wp-json\/wp\/v2\/comments?post=53964"}],"version-history":[{"count":0,"href":"https:\/\/now-news.de\/de\/wp-json\/wp\/v2\/posts\/53964\/revisions"}],"wp:featuredmedia":[{"embeddable":true,"href":"https:\/\/now-news.de\/de\/wp-json\/wp\/v2\/media\/53965"}],"wp:attachment":[{"href":"https:\/\/now-news.de\/de\/wp-json\/wp\/v2\/media?parent=53964"}],"wp:term":[{"taxonomy":"category","embeddable":true,"href":"https:\/\/now-news.de\/de\/wp-json\/wp\/v2\/categories?post=53964"},{"taxonomy":"post_tag","embeddable":true,"href":"https:\/\/now-news.de\/de\/wp-json\/wp\/v2\/tags?post=53964"}],"curies":[{"name":"wp","href":"https:\/\/api.w.org\/{rel}","templated":true}]}}