{"id":53950,"date":"2024-01-25T16:23:41","date_gmt":"2024-01-25T14:23:41","guid":{"rendered":"https:\/\/just-now.news\/de\/deutschland\/lehrerverband-warnt-vor-antisemitismus-und-homophobie-bei-schuelern-mit-muslimischem-hintergrund\/"},"modified":"2024-01-25T16:23:41","modified_gmt":"2024-01-25T14:23:41","slug":"lehrerverband-warnt-vor-antisemitismus-und-homophobie-bei-schuelern-mit-muslimischem-hintergrund","status":"publish","type":"post","link":"https:\/\/now-news.de\/de\/deutschland\/lehrerverband-warnt-vor-antisemitismus-und-homophobie-bei-schuelern-mit-muslimischem-hintergrund\/","title":{"rendered":"Lehrerverband warnt vor Antisemitismus und Homophobie bei Sch\u00fclern mit muslimischem Hintergrund"},"content":{"rendered":"<p><img decoding=\"async\" src=\"http:\/\/just-now.news\/de\/wp-content\/uploads\/sites\/3\/2024\/01\/65b22795b480cc140155cf95.jpg\" \/><\/p>\n<div class=\"Text-root Text-type_1 \">\n                Laut Einsch\u00e4tzung des Deutschen Lehrerverbands w\u00fcrden an Schulen und Bildungseinrichtungen zusehends &#8220;gesellschaftliche Grundwerte&#8221; verdr\u00e4ngt. Alarmierend sei demgegen\u00fcber ein Zuwachs von Antisemitismus, Homophobie oder Sexismus. Verantwortlich &#8220;h\u00e4ufig auch Sch\u00fcler mit muslimischem Hintergrund&#8221;.\n            <\/div>\n<p><\/p>\n<div class=\"Text-root Text-type_5 ArticleView-text ViewText-root \">\n<p>Die verlagseigene\u00a0<em>Neue Osnabr\u00fccker Zeitung<\/em> (<em>NOZ<\/em>) zitiert in einem aktuellen <a rel=\"nofollow noopener\" target=\"_blank\" href=\"https:\/\/www.noz.de\/deutschland-welt\/politik\/artikel\/lehrer-warnen-immer-mehr-schueler-lehnen-deutsche-grundwerte-ab-46329027\">Artikel<\/a> Sorgen, N\u00f6te und Bef\u00fcrchtungen des\u00a0Deutschen Lehrerverbands (Bezahlschranke). Die \u00dcberschrift lautet zusammenfassend: &#8220;Lehrer-Pr\u00e4sident warnt: Immer mehr Sch\u00fcler teilen gesellschaftliche Grundwerte nicht&#8221;. Alarmierend\u00a0w\u00e4ren dabei j\u00fcngste Dynamiken an deutschen Bildungseinrichtungen seit Beginn der Ereignisse vom 7. Oktober im Gazastreifen.\u00a0Besonders eine Sch\u00fclergruppe steht demnach laut Verband im Fokus der P\u00e4dagogen. Dies seien Sch\u00fcler und Sch\u00fclerinnen\u00a0mit muslimischem Hintergrund.<\/p>\n<p>Bereits im Oktober des Vorjahres berichtete ein <em>NOZ<\/em>-Artikel \u00fcber die Realproblematik an deutschen Schulen.\u00a0Stefan D\u00fcll, Chef des Deutschen Lehrerverbands, teilte in diesem Artikel seine Einsch\u00e4tzung mit, dass die Lage &#8220;immer angespannter werde&#8221;. Dort, wo viele Sch\u00fcler mit arabischen Wurzeln lebten, seien &#8220;die Probleme gro\u00df&#8221;, so D\u00fcll. In diesem <a rel=\"nofollow noopener\" target=\"_blank\" href=\"https:\/\/www.noz.de\/deutschland-welt\/politik\/artikel\/lehrer-chef-warnt-vor-wachsendem-antisemitismus-an-schulen-45666382\">Artikel<\/a> erfolgte jedoch auch die Erg\u00e4nzung, &#8220;auch dort, wo die AfD stark sei&#8221;. So behauptete der Verbandschef weiter:\u00a0<\/p>\n<blockquote>\n<p><em>&#8220;Wir beobachten auch: Wo rechte Parteien wie die AfD bei Wahlen gut abschneiden, ist auch der Anteil an Sch\u00fclern mit antisemitischen oder rassistischen \u00dcberzeugungen h\u00f6her.&#8221; <\/em><\/p>\n<\/blockquote>\n<p>Der <em>NOZ<\/em>-Artikel res\u00fcmierte erl\u00e4uternd, dass &#8220;die Kinder und Jugendlichen offenbar die \u00dcberzeugungen von den Eltern \u00fcbernehmen&#8221;. In dem aktuellen <em>NOZ<\/em>-Artikel vom 25. Januar findet sich nun keinerlei Verweis auf diesbez\u00fcgliche Auff\u00e4lligkeiten manipulativer Einwirkungen von &#8220;AfD-Eltern&#8221; auf ihre Kinder. So hei\u00dft es einleitend darlegend:<\/p>\n<blockquote>\n<p><em>&#8220;Pr\u00e4sident Stefan D\u00fcll sagte unserer Redaktion: &#8216;Hier ein antisemitischer Spruch, dort offen gezeigte Abneigung gegen\u00fcber Homosexuellen: Es ist so, dass ein Teil der Sch\u00fcler an Deutschlands Schulen nicht auf dem Wertefundament des Grundgesetzes steht&#8217;.&#8221;<\/em><\/p>\n<\/blockquote>\n<p>Seit den Gaza-Israel-Ereignissen w\u00e4re nun zu beobachten, dass &#8220;Probleme besonders offenkundig seien&#8221;. Dies bezogen auf &#8220;antisemitische Vorf\u00e4lle an mehreren Schulen in Deutschland&#8221;. Der Verbandschef D\u00fcll w\u00fcrde aktuell &#8220;betonen: &#8216;Aber Antisemitismus ist nur ein Bereich, in dem eine Verachtung der Grundwerte zu beobachten ist'&#8221;. Dazu hei\u00dft es:<\/p>\n<blockquote>\n<p><em>&#8220;Nach Einsch\u00e4tzung D\u00fclls handelt es sich dabei h\u00e4ufig auch um Sch\u00fcler mit muslimischem Hintergrund, darunter selbst solche, die nach Deutschland gefl\u00fcchtet sind in den vergangenen Jahren. Besonders herausfordernd sei die Lage f\u00fcr Lehrer dort,\u00a0wo teils mehr als 50 Prozent der Sch\u00fcler einer Klasse Migrationshintergrund haben.&#8221;<\/em><\/p>\n<\/blockquote>\n<p>Die <em>NOZ<\/em>-Redaktion verlinkt unterst\u00fctzend zu einem hauseigenen Artikel aus dem Mai 2023. Dieser tr\u00e4gt die \u00dcberschrift: &#8220;Wenn fast alle Sch\u00fcler Migrationshintergrund haben \u2013 Das fordern Rektoren&#8221; (Bezahlschranke). D\u00fcll m\u00f6chte aktuell festgestellt wissen, dass die Thematisierung &#8220;nichts mit Fremden- oder Islamfeindlichkeit zu tun&#8221; h\u00e4tte, um klarzustellen: &#8220;Da war man zu lange mit politisch korrekten Scheuklappen unterwegs&#8221;. So muss unmittelbar entwarnend erg\u00e4nzt werden, dass &#8220;allerdings auch manche junge Leute ohne muslimischen Hintergrund ihre Verachtung f\u00fcr die Wertekultur des Grundgesetzes zeigten&#8221;. Der Hinweis auf famili\u00e4re &#8220;AfD-Hintergr\u00fcnde&#8221; erfolgt, wie erw\u00e4hnt, diesmal jedoch nicht.\u00a0<\/p>\n<p>Der Verbandspr\u00e4sident erl\u00e4utert gegen\u00fcber der NOZ, dass sich &#8220;solche Sch\u00fcler&#8221; zum Teil &#8220;in einer Parallel-Wirklichkeit&#8221; bewegen w\u00fcrden. Diese w\u00e4ren vorzufinden in &#8220;digitalen Blasen&#8221;. Gerade in &#8220;sozialen Netzwerken bekommen sie gespiegelt, dass ein derartiges Verhalten, ob nun homophob, rassistisch, antisemitisch oder sexistisch, vollkommen normal ist&#8221;. Besonders kritisch sei zu beobachten, wenn es sich dann um &#8220;extremistische oder islamistische Influencer handle, die den Kindern und Jugendlichen ihr Weltbild vermitteln&#8221;.<\/p>\n<p>Die <em>ARD-Tagesschau<\/em>\u00a0<a rel=\"nofollow noopener\" target=\"_blank\" href=\"https:\/\/www.tagesschau.de\/inland\/gesellschaft\/schueler-wollten-scharia-regeln-an-neusser-schule-durchsetzen-100.html\">informierte<\/a> am 12. Januar \u00fcber folgende Realit\u00e4t an deutschen Schulen:<\/p>\n<blockquote>\n<p><em>&#8220;Nordrhein-Westfalen:\u00a0Vier muslimische Sch\u00fcler sollen die Einf\u00fchrung strenger, islamischer Regeln an der Schule gefordert haben \u2013 unter anderem die Geschlechtertrennung im Unterricht. Die Polizei ermittelt. Auch NRW-Innenminister Reul \u00e4u\u00dferte sich zu dem Vorfall.&#8221;<\/em><\/p>\n<\/blockquote>\n<p>NRW-Innenminister Herbert Reul bezeichnete demnach den\u00a0Fall als &#8220;gravierend&#8221;. Er rief laut <em>Tagesschau<\/em>-Artikel &#8220;Eltern, Lehrkr\u00e4fte und Jugendbetreuer zu mehr Wachsamkeit gegen\u00fcber islamistischer Radikalisierung von Jugendlichen auf&#8221;, um aufzufordern: &#8220;Wenn man merkt, da tut sich was: Fr\u00fchzeitig drum k\u00fcmmern.&#8221;\u00a0<\/p>\n<p>Der Chef des Deutschen Lehrerverbands appelliere nun laut <em>NOZ<\/em>-Artikel an die Kultusminister der L\u00e4nder, &#8220;Schulen den Raum zu geben&#8221; f\u00fcr eine zeitgem\u00e4\u00dfe Medienbildung: &#8220;Wir wollen aus Sch\u00fclern emanzipierte Staatsb\u00fcrger machen. Das umfasst auch, dass sie im Umgang mit sozialen Netzwerken sensibilisiert werden.&#8221;\u00a0<\/p>\n<p>Im Jahr 2019 wiesen 1,6 Millionen der 5,3 Millionen 19- bis unter 25-J\u00e4hrigen einen Migrationshintergrund auf, dies entspricht einem Anteil von 30 Prozent. Dabei sind\u00a0796.000 junge Menschen mit Migrationshintergrund in Deutschland geboren und 410.000 in einem Alter von unter 19 Jahren zugezogen. Weitere 362.000 junge Erwachsene sind im Alter von \u00fcber 19 Jahren zugewandert, so das Statistische Bundesamt <a rel=\"nofollow noopener\" target=\"_blank\" href=\"https:\/\/www.destatis.de\/DE\/Methoden\/WISTA-Wirtschaft-und-Statistik\/2021\/02\/bildungsbeteiligung-022021.pdf?__blob=publicationFile#:~:text=Im%20Jahr%202019%20wiesen%201,von%20unter%2019%20Jahren%20zugezogen.\">informierend<\/a>.<\/p>\n<p>Von &#8220;rund 13,5 Millionen Kindern unter 18 Jahren&#8221; in Deutschland hatten im Jahr 2021 &#8220;5,3 Millionen einen Migrationshintergrund (39 Prozent)&#8221;, so die Bundeszentrale f\u00fcr politische Bildung <a rel=\"nofollow noopener\" target=\"_blank\" href=\"https:\/\/www.bpb.de\/kurz-knapp\/zahlen-und-fakten\/datenreport-2021\/bevoelkerung-und-demografie\/329526\/kinder-mit-migrationshintergrund\/#:~:text=Sie%20wollen%20einen%20Inhalt%20von%20bpb.de%20nutzen%3F%20In,der%20Kinder%20mit%20Migrationshintergrund%20hatte%20einen%20deutschen%20Pass.\">darlegend<\/a>. Die \u00fcberwiegende Mehrheit der Kinder mit Migrationshintergrund hatte dabei &#8220;einen deutschen Pass (70 Prozent)&#8221;. Nur jedes f\u00fcnfte Kind mit Migrationshintergrund hat demnach &#8220;eigene Migrationserfahrung, ist also im Ausland geboren und dann zugewandert (21 Prozent)&#8221;.<\/p>\n<p>Im <a rel=\"nofollow noopener\" target=\"_blank\" href=\"https:\/\/de.statista.com\/statistik\/daten\/studie\/245651\/umfrage\/bildungsstand-verteilung-der-bevoelkerung-nach-migrationshintergrund-und-schulabschluss\/\">Jahr 2022<\/a> hatten 21,7 Prozent der Jugendlichen mit Realschulabschluss oder gleichwertigem Abschluss der 10. Klasse einen Migrationshintergrund. Den Abschluss einer Fachhochschul- oder Hochschulreife hatten 38,5 Prozent und 20,5 Prozent den einer Hauptschule.\u00a0<\/p>\n<p><strong>Mehr zum Thema &#8211;<\/strong>\u00a0<a rel=\"nofollow noopener\" target=\"_blank\" href=\"https:\/\/freedert.online\/meinung\/190483-aus-angst-muslimische-schueler-zu\/\">Aus Angst, muslimische Sch\u00fcler zu ver\u00e4rgern: Frankreichs Lehrer k\u00f6nnen ihre Arbeit nicht machen<\/a><\/p>\n<\/p>\n<\/div>\n<p><br \/>\n<br \/><a href=\"https:\/\/de.rt.com\/inland\/193887-lehrerverband-warnt-vor-antisemitismus-und\/\">Source link <\/a><\/p>\n","protected":false},"excerpt":{"rendered":"<p>Laut Einsch\u00e4tzung des Deutschen Lehrerverbands w\u00fcrden an Schulen und Bildungseinrichtungen zusehends &#8220;gesellschaftliche Grundwerte&#8221; verdr\u00e4ngt. Alarmierend sei demgegen\u00fcber ein Zuwachs von Antisemitismus, Homophobie oder Sexismus. Verantwortlich &#8220;h\u00e4ufig auch Sch\u00fcler mit muslimischem Hintergrund&#8221;. Die verlagseigene\u00a0Neue Osnabr\u00fccker Zeitung (NOZ) zitiert in einem aktuellen Artikel Sorgen, N\u00f6te und Bef\u00fcrchtungen des\u00a0Deutschen Lehrerverbands (Bezahlschranke). Die \u00dcberschrift lautet zusammenfassend: &#8220;Lehrer-Pr\u00e4sident warnt: Immer [&hellip;]<\/p>\n","protected":false},"author":3,"featured_media":53951,"comment_status":"open","ping_status":"open","sticky":false,"template":"","format":"standard","meta":{"_yoast_indexnow_last_ping":["1706192911"],"wp_automatic_camp":["217"],"3ffc6ef45449997b848eeb73dedca177":["Lehrerverband warnt vor Antisemitismus und Homophobie bei Sch\u00fclern mit muslimischem Hintergrund"],"original_link":["https:\/\/de.rt.com\/inland\/193887-lehrerverband-warnt-vor-antisemitismus-und\/"],"_thumbnail_id":["53951"],"jnews_social_counter_last_update":["1777365052"],"_wptgpro_p2tg_sent2tg":["a:1:{i:23737;s:19:\"2024-01-25 16:29:36\";}"]},"categories":[19,23],"tags":[25786,363,27125,52805,39769,419,52806,8219,140,320,912],"yoast_head":"<!-- This site is optimized with the Yoast SEO Premium plugin v22.7 (Yoast SEO v22.7) - https:\/\/yoast.com\/wordpress\/plugins\/seo\/ -->\n<title>Lehrerverband warnt vor Antisemitismus und Homophobie bei Sch\u00fclern mit muslimischem Hintergrund - just-now.NEWS Deutschland<\/title>\n<meta name=\"robots\" content=\"index, follow, max-snippet:-1, max-image-preview:large, max-video-preview:-1\" \/>\n<link rel=\"canonical\" href=\"https:\/\/now-news.de\/de\/deutschland\/lehrerverband-warnt-vor-antisemitismus-und-homophobie-bei-schuelern-mit-muslimischem-hintergrund\/\" \/>\n<meta property=\"og:locale\" content=\"de_DE\" \/>\n<meta property=\"og:type\" content=\"article\" \/>\n<meta property=\"og:title\" content=\"Lehrerverband warnt vor Antisemitismus und Homophobie bei Sch\u00fclern mit muslimischem Hintergrund\" \/>\n<meta property=\"og:description\" content=\"Laut Einsch\u00e4tzung des Deutschen Lehrerverbands w\u00fcrden an Schulen und Bildungseinrichtungen zusehends &#8220;gesellschaftliche Grundwerte&#8221; verdr\u00e4ngt. Alarmierend sei demgegen\u00fcber ein Zuwachs von Antisemitismus, Homophobie oder Sexismus. Verantwortlich &#8220;h\u00e4ufig auch Sch\u00fcler mit muslimischem Hintergrund&#8221;. Die verlagseigene\u00a0Neue Osnabr\u00fccker Zeitung (NOZ) zitiert in einem aktuellen Artikel Sorgen, N\u00f6te und Bef\u00fcrchtungen des\u00a0Deutschen Lehrerverbands (Bezahlschranke). Die \u00dcberschrift lautet zusammenfassend: &#8220;Lehrer-Pr\u00e4sident warnt: Immer [&hellip;]\" \/>\n<meta property=\"og:url\" content=\"https:\/\/now-news.de\/de\/deutschland\/lehrerverband-warnt-vor-antisemitismus-und-homophobie-bei-schuelern-mit-muslimischem-hintergrund\/\" \/>\n<meta property=\"og:site_name\" content=\"just-now.NEWS Deutschland\" \/>\n<meta property=\"article:publisher\" content=\"https:\/\/www.facebook.com\/wirmachenauf\" \/>\n<meta property=\"article:published_time\" content=\"2024-01-25T14:23:41+00:00\" \/>\n<meta property=\"og:image\" content=\"https:\/\/now-news.de\/de\/wp-content\/uploads\/sites\/3\/2024\/01\/Lehrerverband-warnt-vor-Antisemitismus-und-Homophobie-bei-Schuelern-mit-muslimischem.jpg\" \/>\n\t<meta property=\"og:image:width\" content=\"460\" \/>\n\t<meta property=\"og:image:height\" content=\"259\" \/>\n\t<meta property=\"og:image:type\" content=\"image\/jpeg\" \/>\n<meta name=\"author\" content=\"rtnews\" \/>\n<meta name=\"twitter:card\" content=\"summary_large_image\" \/>\n<meta name=\"twitter:creator\" content=\"@WirMachenAuf_de\" \/>\n<meta name=\"twitter:site\" content=\"@WirMachenAuf_de\" \/>\n<meta name=\"twitter:label1\" content=\"Verfasst von\" \/>\n\t<meta name=\"twitter:data1\" content=\"rtnews\" \/>\n\t<meta name=\"twitter:label2\" content=\"Gesch\u00e4tzte Lesezeit\" \/>\n\t<meta name=\"twitter:data2\" content=\"4\u00a0Minuten\" \/>\n<script type=\"application\/ld+json\" class=\"yoast-schema-graph\">{\"@context\":\"https:\/\/schema.org\",\"@graph\":[{\"@type\":\"Article\",\"@id\":\"https:\/\/now-news.de\/de\/deutschland\/lehrerverband-warnt-vor-antisemitismus-und-homophobie-bei-schuelern-mit-muslimischem-hintergrund\/#article\",\"isPartOf\":{\"@id\":\"https:\/\/now-news.de\/de\/deutschland\/lehrerverband-warnt-vor-antisemitismus-und-homophobie-bei-schuelern-mit-muslimischem-hintergrund\/\"},\"author\":{\"name\":\"rtnews\",\"@id\":\"https:\/\/now-news.de\/de\/#\/schema\/person\/fb534a4e865501d8b3285208df34a9b5\"},\"headline\":\"Lehrerverband warnt vor Antisemitismus und Homophobie bei Sch\u00fclern mit muslimischem Hintergrund\",\"datePublished\":\"2024-01-25T14:23:41+00:00\",\"dateModified\":\"2024-01-25T14:23:41+00:00\",\"mainEntityOfPage\":{\"@id\":\"https:\/\/now-news.de\/de\/deutschland\/lehrerverband-warnt-vor-antisemitismus-und-homophobie-bei-schuelern-mit-muslimischem-hintergrund\/\"},\"wordCount\":880,\"commentCount\":0,\"publisher\":{\"@id\":\"https:\/\/now-news.de\/de\/#organization\"},\"image\":{\"@id\":\"https:\/\/now-news.de\/de\/deutschland\/lehrerverband-warnt-vor-antisemitismus-und-homophobie-bei-schuelern-mit-muslimischem-hintergrund\/#primaryimage\"},\"thumbnailUrl\":\"https:\/\/now-news.de\/de\/wp-content\/uploads\/sites\/3\/2024\/01\/Lehrerverband-warnt-vor-Antisemitismus-und-Homophobie-bei-Schuelern-mit-muslimischem.jpg\",\"keywords\":[\"Antisemitismus\",\"bei\",\"Hintergrund\",\"Homophobie\",\"Lehrerverband\",\"mit\",\"muslimischem\",\"Sch\u00fclern\",\"und\",\"vor\",\"warnt\"],\"articleSection\":[\"Deutschland\",\"Russland\"],\"inLanguage\":\"de\",\"potentialAction\":[{\"@type\":\"CommentAction\",\"name\":\"Comment\",\"target\":[\"https:\/\/now-news.de\/de\/deutschland\/lehrerverband-warnt-vor-antisemitismus-und-homophobie-bei-schuelern-mit-muslimischem-hintergrund\/#respond\"]}]},{\"@type\":\"WebPage\",\"@id\":\"https:\/\/now-news.de\/de\/deutschland\/lehrerverband-warnt-vor-antisemitismus-und-homophobie-bei-schuelern-mit-muslimischem-hintergrund\/\",\"url\":\"https:\/\/now-news.de\/de\/deutschland\/lehrerverband-warnt-vor-antisemitismus-und-homophobie-bei-schuelern-mit-muslimischem-hintergrund\/\",\"name\":\"Lehrerverband warnt vor Antisemitismus und Homophobie bei Sch\u00fclern mit muslimischem Hintergrund - just-now.NEWS Deutschland\",\"isPartOf\":{\"@id\":\"https:\/\/now-news.de\/de\/#website\"},\"primaryImageOfPage\":{\"@id\":\"https:\/\/now-news.de\/de\/deutschland\/lehrerverband-warnt-vor-antisemitismus-und-homophobie-bei-schuelern-mit-muslimischem-hintergrund\/#primaryimage\"},\"image\":{\"@id\":\"https:\/\/now-news.de\/de\/deutschland\/lehrerverband-warnt-vor-antisemitismus-und-homophobie-bei-schuelern-mit-muslimischem-hintergrund\/#primaryimage\"},\"thumbnailUrl\":\"https:\/\/now-news.de\/de\/wp-content\/uploads\/sites\/3\/2024\/01\/Lehrerverband-warnt-vor-Antisemitismus-und-Homophobie-bei-Schuelern-mit-muslimischem.jpg\",\"datePublished\":\"2024-01-25T14:23:41+00:00\",\"dateModified\":\"2024-01-25T14:23:41+00:00\",\"breadcrumb\":{\"@id\":\"https:\/\/now-news.de\/de\/deutschland\/lehrerverband-warnt-vor-antisemitismus-und-homophobie-bei-schuelern-mit-muslimischem-hintergrund\/#breadcrumb\"},\"inLanguage\":\"de\",\"potentialAction\":[{\"@type\":\"ReadAction\",\"target\":[\"https:\/\/now-news.de\/de\/deutschland\/lehrerverband-warnt-vor-antisemitismus-und-homophobie-bei-schuelern-mit-muslimischem-hintergrund\/\"]}]},{\"@type\":\"ImageObject\",\"inLanguage\":\"de\",\"@id\":\"https:\/\/now-news.de\/de\/deutschland\/lehrerverband-warnt-vor-antisemitismus-und-homophobie-bei-schuelern-mit-muslimischem-hintergrund\/#primaryimage\",\"url\":\"https:\/\/now-news.de\/de\/wp-content\/uploads\/sites\/3\/2024\/01\/Lehrerverband-warnt-vor-Antisemitismus-und-Homophobie-bei-Schuelern-mit-muslimischem.jpg\",\"contentUrl\":\"https:\/\/now-news.de\/de\/wp-content\/uploads\/sites\/3\/2024\/01\/Lehrerverband-warnt-vor-Antisemitismus-und-Homophobie-bei-Schuelern-mit-muslimischem.jpg\",\"width\":460,\"height\":259,\"caption\":\"Lehrerverband warnt vor Antisemitismus und Homophobie bei Sch\u00fclern mit muslimischem Hintergrund\"},{\"@type\":\"BreadcrumbList\",\"@id\":\"https:\/\/now-news.de\/de\/deutschland\/lehrerverband-warnt-vor-antisemitismus-und-homophobie-bei-schuelern-mit-muslimischem-hintergrund\/#breadcrumb\",\"itemListElement\":[{\"@type\":\"ListItem\",\"position\":1,\"name\":\"Home\",\"item\":\"https:\/\/now-news.de\/de\/\"},{\"@type\":\"ListItem\",\"position\":2,\"name\":\"Lehrerverband warnt vor Antisemitismus und Homophobie bei Sch\u00fclern mit muslimischem Hintergrund\"}]},{\"@type\":\"WebSite\",\"@id\":\"https:\/\/now-news.de\/de\/#website\",\"url\":\"https:\/\/now-news.de\/de\/\",\"name\":\"just-now.NEWS Deutschland\",\"description\":\"Das Portal f\u00fcr unzensierte Nachrichten aus der Welt\",\"publisher\":{\"@id\":\"https:\/\/now-news.de\/de\/#organization\"},\"potentialAction\":[{\"@type\":\"SearchAction\",\"target\":{\"@type\":\"EntryPoint\",\"urlTemplate\":\"https:\/\/now-news.de\/de\/?s={search_term_string}\"},\"query-input\":\"required name=search_term_string\"}],\"inLanguage\":\"de\"},{\"@type\":\"Organization\",\"@id\":\"https:\/\/now-news.de\/de\/#organization\",\"name\":\"Just Now News\",\"url\":\"https:\/\/now-news.de\/de\/\",\"logo\":{\"@type\":\"ImageObject\",\"inLanguage\":\"de\",\"@id\":\"https:\/\/now-news.de\/de\/#\/schema\/logo\/image\/\",\"url\":\"http:\/\/just-now.news\/de\/wp-content\/uploads\/sites\/3\/2022\/04\/logo500x500.jpg\",\"contentUrl\":\"http:\/\/just-now.news\/de\/wp-content\/uploads\/sites\/3\/2022\/04\/logo500x500.jpg\",\"width\":500,\"height\":500,\"caption\":\"Just Now News\"},\"image\":{\"@id\":\"https:\/\/now-news.de\/de\/#\/schema\/logo\/image\/\"},\"sameAs\":[\"https:\/\/www.facebook.com\/wirmachenauf\",\"https:\/\/x.com\/WirMachenAuf_de\"]},{\"@type\":\"Person\",\"@id\":\"https:\/\/now-news.de\/de\/#\/schema\/person\/fb534a4e865501d8b3285208df34a9b5\",\"name\":\"rtnews\",\"image\":{\"@type\":\"ImageObject\",\"inLanguage\":\"de\",\"@id\":\"https:\/\/now-news.de\/de\/#\/schema\/person\/image\/\",\"url\":\"https:\/\/secure.gravatar.com\/avatar\/82aafea7d8127119dd649515f56e2117?s=96&d=mm&r=g\",\"contentUrl\":\"https:\/\/secure.gravatar.com\/avatar\/82aafea7d8127119dd649515f56e2117?s=96&d=mm&r=g\",\"caption\":\"rtnews\"},\"url\":\"https:\/\/now-news.de\/de\/author\/rnews\/\"}]}<\/script>\n<!-- \/ Yoast SEO Premium plugin. -->","yoast_head_json":{"title":"Lehrerverband warnt vor Antisemitismus und Homophobie bei Sch\u00fclern mit muslimischem Hintergrund - just-now.NEWS Deutschland","robots":{"index":"index","follow":"follow","max-snippet":"max-snippet:-1","max-image-preview":"max-image-preview:large","max-video-preview":"max-video-preview:-1"},"canonical":"https:\/\/now-news.de\/de\/deutschland\/lehrerverband-warnt-vor-antisemitismus-und-homophobie-bei-schuelern-mit-muslimischem-hintergrund\/","og_locale":"de_DE","og_type":"article","og_title":"Lehrerverband warnt vor Antisemitismus und Homophobie bei Sch\u00fclern mit muslimischem Hintergrund","og_description":"Laut Einsch\u00e4tzung des Deutschen Lehrerverbands w\u00fcrden an Schulen und Bildungseinrichtungen zusehends &#8220;gesellschaftliche Grundwerte&#8221; verdr\u00e4ngt. Alarmierend sei demgegen\u00fcber ein Zuwachs von Antisemitismus, Homophobie oder Sexismus. Verantwortlich &#8220;h\u00e4ufig auch Sch\u00fcler mit muslimischem Hintergrund&#8221;. Die verlagseigene\u00a0Neue Osnabr\u00fccker Zeitung (NOZ) zitiert in einem aktuellen Artikel Sorgen, N\u00f6te und Bef\u00fcrchtungen des\u00a0Deutschen Lehrerverbands (Bezahlschranke). Die \u00dcberschrift lautet zusammenfassend: &#8220;Lehrer-Pr\u00e4sident warnt: Immer [&hellip;]","og_url":"https:\/\/now-news.de\/de\/deutschland\/lehrerverband-warnt-vor-antisemitismus-und-homophobie-bei-schuelern-mit-muslimischem-hintergrund\/","og_site_name":"just-now.NEWS Deutschland","article_publisher":"https:\/\/www.facebook.com\/wirmachenauf","article_published_time":"2024-01-25T14:23:41+00:00","og_image":[{"width":460,"height":259,"url":"https:\/\/now-news.de\/de\/wp-content\/uploads\/sites\/3\/2024\/01\/Lehrerverband-warnt-vor-Antisemitismus-und-Homophobie-bei-Schuelern-mit-muslimischem.jpg","type":"image\/jpeg"}],"author":"rtnews","twitter_card":"summary_large_image","twitter_creator":"@WirMachenAuf_de","twitter_site":"@WirMachenAuf_de","twitter_misc":{"Verfasst von":"rtnews","Gesch\u00e4tzte Lesezeit":"4\u00a0Minuten"},"schema":{"@context":"https:\/\/schema.org","@graph":[{"@type":"Article","@id":"https:\/\/now-news.de\/de\/deutschland\/lehrerverband-warnt-vor-antisemitismus-und-homophobie-bei-schuelern-mit-muslimischem-hintergrund\/#article","isPartOf":{"@id":"https:\/\/now-news.de\/de\/deutschland\/lehrerverband-warnt-vor-antisemitismus-und-homophobie-bei-schuelern-mit-muslimischem-hintergrund\/"},"author":{"name":"rtnews","@id":"https:\/\/now-news.de\/de\/#\/schema\/person\/fb534a4e865501d8b3285208df34a9b5"},"headline":"Lehrerverband warnt vor Antisemitismus und Homophobie bei Sch\u00fclern mit muslimischem Hintergrund","datePublished":"2024-01-25T14:23:41+00:00","dateModified":"2024-01-25T14:23:41+00:00","mainEntityOfPage":{"@id":"https:\/\/now-news.de\/de\/deutschland\/lehrerverband-warnt-vor-antisemitismus-und-homophobie-bei-schuelern-mit-muslimischem-hintergrund\/"},"wordCount":880,"commentCount":0,"publisher":{"@id":"https:\/\/now-news.de\/de\/#organization"},"image":{"@id":"https:\/\/now-news.de\/de\/deutschland\/lehrerverband-warnt-vor-antisemitismus-und-homophobie-bei-schuelern-mit-muslimischem-hintergrund\/#primaryimage"},"thumbnailUrl":"https:\/\/now-news.de\/de\/wp-content\/uploads\/sites\/3\/2024\/01\/Lehrerverband-warnt-vor-Antisemitismus-und-Homophobie-bei-Schuelern-mit-muslimischem.jpg","keywords":["Antisemitismus","bei","Hintergrund","Homophobie","Lehrerverband","mit","muslimischem","Sch\u00fclern","und","vor","warnt"],"articleSection":["Deutschland","Russland"],"inLanguage":"de","potentialAction":[{"@type":"CommentAction","name":"Comment","target":["https:\/\/now-news.de\/de\/deutschland\/lehrerverband-warnt-vor-antisemitismus-und-homophobie-bei-schuelern-mit-muslimischem-hintergrund\/#respond"]}]},{"@type":"WebPage","@id":"https:\/\/now-news.de\/de\/deutschland\/lehrerverband-warnt-vor-antisemitismus-und-homophobie-bei-schuelern-mit-muslimischem-hintergrund\/","url":"https:\/\/now-news.de\/de\/deutschland\/lehrerverband-warnt-vor-antisemitismus-und-homophobie-bei-schuelern-mit-muslimischem-hintergrund\/","name":"Lehrerverband warnt vor Antisemitismus und Homophobie bei Sch\u00fclern mit muslimischem Hintergrund - just-now.NEWS Deutschland","isPartOf":{"@id":"https:\/\/now-news.de\/de\/#website"},"primaryImageOfPage":{"@id":"https:\/\/now-news.de\/de\/deutschland\/lehrerverband-warnt-vor-antisemitismus-und-homophobie-bei-schuelern-mit-muslimischem-hintergrund\/#primaryimage"},"image":{"@id":"https:\/\/now-news.de\/de\/deutschland\/lehrerverband-warnt-vor-antisemitismus-und-homophobie-bei-schuelern-mit-muslimischem-hintergrund\/#primaryimage"},"thumbnailUrl":"https:\/\/now-news.de\/de\/wp-content\/uploads\/sites\/3\/2024\/01\/Lehrerverband-warnt-vor-Antisemitismus-und-Homophobie-bei-Schuelern-mit-muslimischem.jpg","datePublished":"2024-01-25T14:23:41+00:00","dateModified":"2024-01-25T14:23:41+00:00","breadcrumb":{"@id":"https:\/\/now-news.de\/de\/deutschland\/lehrerverband-warnt-vor-antisemitismus-und-homophobie-bei-schuelern-mit-muslimischem-hintergrund\/#breadcrumb"},"inLanguage":"de","potentialAction":[{"@type":"ReadAction","target":["https:\/\/now-news.de\/de\/deutschland\/lehrerverband-warnt-vor-antisemitismus-und-homophobie-bei-schuelern-mit-muslimischem-hintergrund\/"]}]},{"@type":"ImageObject","inLanguage":"de","@id":"https:\/\/now-news.de\/de\/deutschland\/lehrerverband-warnt-vor-antisemitismus-und-homophobie-bei-schuelern-mit-muslimischem-hintergrund\/#primaryimage","url":"https:\/\/now-news.de\/de\/wp-content\/uploads\/sites\/3\/2024\/01\/Lehrerverband-warnt-vor-Antisemitismus-und-Homophobie-bei-Schuelern-mit-muslimischem.jpg","contentUrl":"https:\/\/now-news.de\/de\/wp-content\/uploads\/sites\/3\/2024\/01\/Lehrerverband-warnt-vor-Antisemitismus-und-Homophobie-bei-Schuelern-mit-muslimischem.jpg","width":460,"height":259,"caption":"Lehrerverband warnt vor Antisemitismus und Homophobie bei Sch\u00fclern mit muslimischem Hintergrund"},{"@type":"BreadcrumbList","@id":"https:\/\/now-news.de\/de\/deutschland\/lehrerverband-warnt-vor-antisemitismus-und-homophobie-bei-schuelern-mit-muslimischem-hintergrund\/#breadcrumb","itemListElement":[{"@type":"ListItem","position":1,"name":"Home","item":"https:\/\/now-news.de\/de\/"},{"@type":"ListItem","position":2,"name":"Lehrerverband warnt vor Antisemitismus und Homophobie bei Sch\u00fclern mit muslimischem Hintergrund"}]},{"@type":"WebSite","@id":"https:\/\/now-news.de\/de\/#website","url":"https:\/\/now-news.de\/de\/","name":"just-now.NEWS Deutschland","description":"Das Portal f\u00fcr unzensierte Nachrichten aus der Welt","publisher":{"@id":"https:\/\/now-news.de\/de\/#organization"},"potentialAction":[{"@type":"SearchAction","target":{"@type":"EntryPoint","urlTemplate":"https:\/\/now-news.de\/de\/?s={search_term_string}"},"query-input":"required name=search_term_string"}],"inLanguage":"de"},{"@type":"Organization","@id":"https:\/\/now-news.de\/de\/#organization","name":"Just Now News","url":"https:\/\/now-news.de\/de\/","logo":{"@type":"ImageObject","inLanguage":"de","@id":"https:\/\/now-news.de\/de\/#\/schema\/logo\/image\/","url":"http:\/\/just-now.news\/de\/wp-content\/uploads\/sites\/3\/2022\/04\/logo500x500.jpg","contentUrl":"http:\/\/just-now.news\/de\/wp-content\/uploads\/sites\/3\/2022\/04\/logo500x500.jpg","width":500,"height":500,"caption":"Just Now News"},"image":{"@id":"https:\/\/now-news.de\/de\/#\/schema\/logo\/image\/"},"sameAs":["https:\/\/www.facebook.com\/wirmachenauf","https:\/\/x.com\/WirMachenAuf_de"]},{"@type":"Person","@id":"https:\/\/now-news.de\/de\/#\/schema\/person\/fb534a4e865501d8b3285208df34a9b5","name":"rtnews","image":{"@type":"ImageObject","inLanguage":"de","@id":"https:\/\/now-news.de\/de\/#\/schema\/person\/image\/","url":"https:\/\/secure.gravatar.com\/avatar\/82aafea7d8127119dd649515f56e2117?s=96&d=mm&r=g","contentUrl":"https:\/\/secure.gravatar.com\/avatar\/82aafea7d8127119dd649515f56e2117?s=96&d=mm&r=g","caption":"rtnews"},"url":"https:\/\/now-news.de\/de\/author\/rnews\/"}]}},"_links":{"self":[{"href":"https:\/\/now-news.de\/de\/wp-json\/wp\/v2\/posts\/53950"}],"collection":[{"href":"https:\/\/now-news.de\/de\/wp-json\/wp\/v2\/posts"}],"about":[{"href":"https:\/\/now-news.de\/de\/wp-json\/wp\/v2\/types\/post"}],"author":[{"embeddable":true,"href":"https:\/\/now-news.de\/de\/wp-json\/wp\/v2\/users\/3"}],"replies":[{"embeddable":true,"href":"https:\/\/now-news.de\/de\/wp-json\/wp\/v2\/comments?post=53950"}],"version-history":[{"count":0,"href":"https:\/\/now-news.de\/de\/wp-json\/wp\/v2\/posts\/53950\/revisions"}],"wp:featuredmedia":[{"embeddable":true,"href":"https:\/\/now-news.de\/de\/wp-json\/wp\/v2\/media\/53951"}],"wp:attachment":[{"href":"https:\/\/now-news.de\/de\/wp-json\/wp\/v2\/media?parent=53950"}],"wp:term":[{"taxonomy":"category","embeddable":true,"href":"https:\/\/now-news.de\/de\/wp-json\/wp\/v2\/categories?post=53950"},{"taxonomy":"post_tag","embeddable":true,"href":"https:\/\/now-news.de\/de\/wp-json\/wp\/v2\/tags?post=53950"}],"curies":[{"name":"wp","href":"https:\/\/api.w.org\/{rel}","templated":true}]}}