{"id":53869,"date":"2024-01-24T17:02:45","date_gmt":"2024-01-24T15:02:45","guid":{"rendered":"https:\/\/just-now.news\/de\/deutschland\/ungarn-zoegert-noch-ankara-stimmt-fuer-schwedens-nato-beitritt\/"},"modified":"2024-01-24T17:02:45","modified_gmt":"2024-01-24T15:02:45","slug":"ungarn-zoegert-noch-ankara-stimmt-fuer-schwedens-nato-beitritt","status":"publish","type":"post","link":"https:\/\/now-news.de\/de\/deutschland\/ungarn-zoegert-noch-ankara-stimmt-fuer-schwedens-nato-beitritt\/","title":{"rendered":"Ungarn z\u00f6gert noch: Ankara stimmt f\u00fcr Schwedens NATO-Beitritt"},"content":{"rendered":"<p><img decoding=\"async\" src=\"http:\/\/just-now.news\/de\/wp-content\/uploads\/sites\/3\/2024\/01\/65b10730b480cc21b4336b1f.jpg\" \/><\/p>\n<div class=\"Text-root Text-type_1 \">\n                Mit der Zustimmung des t\u00fcrkischen Parlaments zum NATO-Beitritt der Schweden endet eine monatelange Blockade. Ungarns Pr\u00e4sident Viktor Orb\u00e1n will noch mit Ministerpr\u00e4sident Ulf Kristersson \u00fcber Schwedens NATO-Beitritt verhandeln.\n            <\/div>\n<p><\/p>\n<div class=\"Text-root Text-type_5 ArticleView-text ViewText-root \">\n<p>Das t\u00fcrkische Parlament stimmte am Dienstag zu, Schweden in das B\u00fcndnis aufzunehmen,\u00a0und damit nach 20-monatiger Verz\u00f6gerung das gr\u00f6\u00dfte Hindernis f\u00fcr die nordische Nation aus dem Weg zu r\u00e4umen. Damit fehlt nur noch die Zustimmung Ungarns.<\/p>\n<p>&#8220;Wir unterst\u00fctzen die NATO-Erweiterung, um die Abschreckungsbem\u00fchungen des B\u00fcndnisses zu verbessern [\u2026] wir hoffen, dass die Haltung Finnlands und Schwedens im Kampf gegen den Terrorismus ein Beispiel f\u00fcr unsere anderen Verb\u00fcndeten ist&#8221;, sagte der Vorsitzende des Ausschusses f\u00fcr ausw\u00e4rtige Angelegenheiten des Parlaments und Mitglied der regierenden AK-Partei, Fuat Oktay. Der schwedische Au\u00dfenminister Tobias Billstrom begr\u00fc\u00dfte die Zustimmung und sagte: &#8220;Wir freuen uns nun darauf, dass Pr\u00e4sident [Recep Tayyip] Erdo\u011fan das Ratifizierungsdokument unterzeichnet.&#8221;<\/p>\n<p>287 Parlamentarier stimmten am Abend in Ankara f\u00fcr den Beitritt Schwedens, 55 dagegen, 4 Abgeordnete enthielten sich. Nun muss Pr\u00e4sident Recep Tayyip Erdo\u011fan das sogenannte Beitrittsprotokoll noch unterschreiben, was als nahezu sicher gilt. Ob er die t\u00fcrkische Ratifizierung zeitnah abschlie\u00dft, bleibt aber abzuwarten. Nach Erdo\u011fans Unterschrift wird der Beschluss im Amtsblatt ver\u00f6ffentlicht.<\/p>\n<p>Um den NATO-Beitritt Schwedens herrscht ein seit mehr als anderthalb Jahren anhaltendes Tauziehen.\u00a0Die\u00a0T\u00fcrkei\u00a0verz\u00f6gerte die Ratifizierung unter anderem mit der Begr\u00fcndung, Schweden zeige mangelnden Einsatz gegen Terrororganisationen wie die kurdische Arbeiterpartei\u00a0PKK. Zuletzt hatte der t\u00fcrkische Pr\u00e4sident die Zustimmung daran gekn\u00fcpft, dass die\u00a0USA\u00a0moderne Kampfjets vom Typ F-16 an die T\u00fcrkei liefern.\u00a0Ungarn st\u00f6rt sich vor allem daran, dass schwedische Politiker in der\u00a0EU zu den Kritikern in Bezug auf den Zustand der Rechtsstaatlichkeit in Budapest geh\u00f6ren und zudem mutma\u00dfliche &#8220;Korruption&#8221; in dem Land anprangern.<\/p>\n<p>Der ungarische Ministerpr\u00e4sident Viktor Orb\u00e1n wies am Dienstag zuvor darauf hin, dass er den schwedischen Ministerpr\u00e4sidenten Ulf Kristersson zu einem Besuch in Budapest eingeladen habe, um \u00fcber den Beitritt Stockholms zum Milit\u00e4rb\u00fcndnis zu verhandeln. Am Dienstag erhielt Ungarns Ministerpr\u00e4sident eine implizite Ermahnung durch den britischen Au\u00dfenminister David Cameron. Dieser betonte nach einem Gespr\u00e4ch mit Orb\u00e1n\u00a0auf der Plattform X die &#8220;Bedeutung von Schwedens schnellem Beitritt zur NATO&#8221;. Auch hochrangige Vertreter der t\u00fcrkischen und ungarischen Au\u00dfenministerien sollen sich laut einer Mitteilung aus Ankara am Dienstag getroffen haben.<\/p>\n<p><strong>Mehr zum Thema<\/strong> \u2013 <a rel=\"nofollow noopener\" target=\"_blank\" href=\"https:\/\/de.rt.com\/international\/193673-tuerkisches-parlament-vor-abstimmung-zu-schwedens-nato-beitritt\/\">T\u00fcrkisches Parlament vor Abstimmung zu Schwedens NATO-Beitritt<\/a><\/p>\n<div class=\"EmbedBlock-root EmbedBlock-externalVideo EmbedBlock-vk\">\n<div class=\"VkEmbed\"><iframe class=\"lazyload\" data-src=\"https:\/\/vk.com\/video_ext.php?oid=-134310637&amp;id=456273900\" frameborder=\"0\" width=\"853\" height=\"480\" allowfullscreen><\/iframe><\/div>\n<\/div>\n<\/div>\n<p><br \/>\n<br \/><a href=\"https:\/\/de.rt.com\/international\/193799-ungarn-zoegert-noch-ankara-stimmt\/\">Source link <\/a><\/p>\n","protected":false},"excerpt":{"rendered":"<p>Mit der Zustimmung des t\u00fcrkischen Parlaments zum NATO-Beitritt der Schweden endet eine monatelange Blockade. Ungarns Pr\u00e4sident Viktor Orb\u00e1n will noch mit Ministerpr\u00e4sident Ulf Kristersson \u00fcber Schwedens NATO-Beitritt verhandeln. Das t\u00fcrkische Parlament stimmte am Dienstag zu, Schweden in das B\u00fcndnis aufzunehmen,\u00a0und damit nach 20-monatiger Verz\u00f6gerung das gr\u00f6\u00dfte Hindernis f\u00fcr die nordische Nation aus dem Weg zu [&hellip;]<\/p>\n","protected":false},"author":3,"featured_media":53870,"comment_status":"open","ping_status":"open","sticky":false,"template":"","format":"standard","meta":{"_yoast_indexnow_last_ping":["1706110096"],"wp_automatic_camp":["217"],"defcd9b7c63693517637255826738dcd":["Ungarn z\u00f6gert noch: Ankara stimmt f\u00fcr Schwedens NATO-Beitritt"],"original_link":["https:\/\/de.rt.com\/international\/193799-ungarn-zoegert-noch-ankara-stimmt\/"],"_thumbnail_id":["53870"],"_wptgpro_p2tg_sent2tg":["a:1:{i:23737;s:19:\"2024-01-24 17:29:16\";}"],"jnews_social_counter_last_update":["1777170664"]},"categories":[19,23],"tags":[1800,221,10665,1674,11593,12453,11664,33322],"yoast_head":"<!-- This site is optimized with the Yoast SEO Premium plugin v22.7 (Yoast SEO v22.7) - https:\/\/yoast.com\/wordpress\/plugins\/seo\/ -->\n<title>Ungarn z\u00f6gert noch: Ankara stimmt f\u00fcr Schwedens NATO-Beitritt - just-now.NEWS Deutschland<\/title>\n<meta name=\"robots\" content=\"index, follow, max-snippet:-1, max-image-preview:large, max-video-preview:-1\" \/>\n<link rel=\"canonical\" href=\"https:\/\/now-news.de\/de\/deutschland\/ungarn-zoegert-noch-ankara-stimmt-fuer-schwedens-nato-beitritt\/\" \/>\n<meta property=\"og:locale\" content=\"de_DE\" \/>\n<meta property=\"og:type\" content=\"article\" \/>\n<meta property=\"og:title\" content=\"Ungarn z\u00f6gert noch: Ankara stimmt f\u00fcr Schwedens NATO-Beitritt\" \/>\n<meta property=\"og:description\" content=\"Mit der Zustimmung des t\u00fcrkischen Parlaments zum NATO-Beitritt der Schweden endet eine monatelange Blockade. Ungarns Pr\u00e4sident Viktor Orb\u00e1n will noch mit Ministerpr\u00e4sident Ulf Kristersson \u00fcber Schwedens NATO-Beitritt verhandeln. Das t\u00fcrkische Parlament stimmte am Dienstag zu, Schweden in das B\u00fcndnis aufzunehmen,\u00a0und damit nach 20-monatiger Verz\u00f6gerung das gr\u00f6\u00dfte Hindernis f\u00fcr die nordische Nation aus dem Weg zu [&hellip;]\" \/>\n<meta property=\"og:url\" content=\"https:\/\/now-news.de\/de\/deutschland\/ungarn-zoegert-noch-ankara-stimmt-fuer-schwedens-nato-beitritt\/\" \/>\n<meta property=\"og:site_name\" content=\"just-now.NEWS Deutschland\" \/>\n<meta property=\"article:publisher\" content=\"https:\/\/www.facebook.com\/wirmachenauf\" \/>\n<meta property=\"article:published_time\" content=\"2024-01-24T15:02:45+00:00\" \/>\n<meta property=\"og:image\" content=\"https:\/\/now-news.de\/de\/wp-content\/uploads\/sites\/3\/2024\/01\/Ungarn-zoegert-noch-Ankara-stimmt-fuer-Schwedens-NATO-Beitritt.jpg\" \/>\n\t<meta property=\"og:image:width\" content=\"460\" \/>\n\t<meta property=\"og:image:height\" content=\"259\" \/>\n\t<meta property=\"og:image:type\" content=\"image\/jpeg\" \/>\n<meta name=\"author\" content=\"rtnews\" \/>\n<meta name=\"twitter:card\" content=\"summary_large_image\" \/>\n<meta name=\"twitter:creator\" content=\"@WirMachenAuf_de\" \/>\n<meta name=\"twitter:site\" content=\"@WirMachenAuf_de\" \/>\n<meta name=\"twitter:label1\" content=\"Verfasst von\" \/>\n\t<meta name=\"twitter:data1\" content=\"rtnews\" \/>\n\t<meta name=\"twitter:label2\" content=\"Gesch\u00e4tzte Lesezeit\" \/>\n\t<meta name=\"twitter:data2\" content=\"2\u00a0Minuten\" \/>\n<script type=\"application\/ld+json\" class=\"yoast-schema-graph\">{\"@context\":\"https:\/\/schema.org\",\"@graph\":[{\"@type\":\"Article\",\"@id\":\"https:\/\/now-news.de\/de\/deutschland\/ungarn-zoegert-noch-ankara-stimmt-fuer-schwedens-nato-beitritt\/#article\",\"isPartOf\":{\"@id\":\"https:\/\/now-news.de\/de\/deutschland\/ungarn-zoegert-noch-ankara-stimmt-fuer-schwedens-nato-beitritt\/\"},\"author\":{\"name\":\"rtnews\",\"@id\":\"https:\/\/now-news.de\/de\/#\/schema\/person\/fb534a4e865501d8b3285208df34a9b5\"},\"headline\":\"Ungarn z\u00f6gert noch: Ankara stimmt f\u00fcr Schwedens NATO-Beitritt\",\"datePublished\":\"2024-01-24T15:02:45+00:00\",\"dateModified\":\"2024-01-24T15:02:45+00:00\",\"mainEntityOfPage\":{\"@id\":\"https:\/\/now-news.de\/de\/deutschland\/ungarn-zoegert-noch-ankara-stimmt-fuer-schwedens-nato-beitritt\/\"},\"wordCount\":431,\"commentCount\":0,\"publisher\":{\"@id\":\"https:\/\/now-news.de\/de\/#organization\"},\"image\":{\"@id\":\"https:\/\/now-news.de\/de\/deutschland\/ungarn-zoegert-noch-ankara-stimmt-fuer-schwedens-nato-beitritt\/#primaryimage\"},\"thumbnailUrl\":\"https:\/\/now-news.de\/de\/wp-content\/uploads\/sites\/3\/2024\/01\/Ungarn-zoegert-noch-Ankara-stimmt-fuer-Schwedens-NATO-Beitritt.jpg\",\"keywords\":[\"Ankara\",\"f\u00fcr\",\"NATOBeitritt\",\"noch\",\"Schwedens\",\"stimmt\",\"Ungarn\",\"z\u00f6gert\"],\"articleSection\":[\"Deutschland\",\"Russland\"],\"inLanguage\":\"de\",\"potentialAction\":[{\"@type\":\"CommentAction\",\"name\":\"Comment\",\"target\":[\"https:\/\/now-news.de\/de\/deutschland\/ungarn-zoegert-noch-ankara-stimmt-fuer-schwedens-nato-beitritt\/#respond\"]}]},{\"@type\":\"WebPage\",\"@id\":\"https:\/\/now-news.de\/de\/deutschland\/ungarn-zoegert-noch-ankara-stimmt-fuer-schwedens-nato-beitritt\/\",\"url\":\"https:\/\/now-news.de\/de\/deutschland\/ungarn-zoegert-noch-ankara-stimmt-fuer-schwedens-nato-beitritt\/\",\"name\":\"Ungarn z\u00f6gert noch: Ankara stimmt f\u00fcr Schwedens NATO-Beitritt - just-now.NEWS Deutschland\",\"isPartOf\":{\"@id\":\"https:\/\/now-news.de\/de\/#website\"},\"primaryImageOfPage\":{\"@id\":\"https:\/\/now-news.de\/de\/deutschland\/ungarn-zoegert-noch-ankara-stimmt-fuer-schwedens-nato-beitritt\/#primaryimage\"},\"image\":{\"@id\":\"https:\/\/now-news.de\/de\/deutschland\/ungarn-zoegert-noch-ankara-stimmt-fuer-schwedens-nato-beitritt\/#primaryimage\"},\"thumbnailUrl\":\"https:\/\/now-news.de\/de\/wp-content\/uploads\/sites\/3\/2024\/01\/Ungarn-zoegert-noch-Ankara-stimmt-fuer-Schwedens-NATO-Beitritt.jpg\",\"datePublished\":\"2024-01-24T15:02:45+00:00\",\"dateModified\":\"2024-01-24T15:02:45+00:00\",\"breadcrumb\":{\"@id\":\"https:\/\/now-news.de\/de\/deutschland\/ungarn-zoegert-noch-ankara-stimmt-fuer-schwedens-nato-beitritt\/#breadcrumb\"},\"inLanguage\":\"de\",\"potentialAction\":[{\"@type\":\"ReadAction\",\"target\":[\"https:\/\/now-news.de\/de\/deutschland\/ungarn-zoegert-noch-ankara-stimmt-fuer-schwedens-nato-beitritt\/\"]}]},{\"@type\":\"ImageObject\",\"inLanguage\":\"de\",\"@id\":\"https:\/\/now-news.de\/de\/deutschland\/ungarn-zoegert-noch-ankara-stimmt-fuer-schwedens-nato-beitritt\/#primaryimage\",\"url\":\"https:\/\/now-news.de\/de\/wp-content\/uploads\/sites\/3\/2024\/01\/Ungarn-zoegert-noch-Ankara-stimmt-fuer-Schwedens-NATO-Beitritt.jpg\",\"contentUrl\":\"https:\/\/now-news.de\/de\/wp-content\/uploads\/sites\/3\/2024\/01\/Ungarn-zoegert-noch-Ankara-stimmt-fuer-Schwedens-NATO-Beitritt.jpg\",\"width\":460,\"height\":259,\"caption\":\"Ungarn z\u00f6gert noch: Ankara stimmt f\u00fcr Schwedens NATO-Beitritt\"},{\"@type\":\"BreadcrumbList\",\"@id\":\"https:\/\/now-news.de\/de\/deutschland\/ungarn-zoegert-noch-ankara-stimmt-fuer-schwedens-nato-beitritt\/#breadcrumb\",\"itemListElement\":[{\"@type\":\"ListItem\",\"position\":1,\"name\":\"Home\",\"item\":\"https:\/\/now-news.de\/de\/\"},{\"@type\":\"ListItem\",\"position\":2,\"name\":\"Ungarn z\u00f6gert noch: Ankara stimmt f\u00fcr Schwedens NATO-Beitritt\"}]},{\"@type\":\"WebSite\",\"@id\":\"https:\/\/now-news.de\/de\/#website\",\"url\":\"https:\/\/now-news.de\/de\/\",\"name\":\"just-now.NEWS Deutschland\",\"description\":\"Das Portal f\u00fcr unzensierte Nachrichten aus der Welt\",\"publisher\":{\"@id\":\"https:\/\/now-news.de\/de\/#organization\"},\"potentialAction\":[{\"@type\":\"SearchAction\",\"target\":{\"@type\":\"EntryPoint\",\"urlTemplate\":\"https:\/\/now-news.de\/de\/?s={search_term_string}\"},\"query-input\":\"required name=search_term_string\"}],\"inLanguage\":\"de\"},{\"@type\":\"Organization\",\"@id\":\"https:\/\/now-news.de\/de\/#organization\",\"name\":\"Just Now News\",\"url\":\"https:\/\/now-news.de\/de\/\",\"logo\":{\"@type\":\"ImageObject\",\"inLanguage\":\"de\",\"@id\":\"https:\/\/now-news.de\/de\/#\/schema\/logo\/image\/\",\"url\":\"http:\/\/just-now.news\/de\/wp-content\/uploads\/sites\/3\/2022\/04\/logo500x500.jpg\",\"contentUrl\":\"http:\/\/just-now.news\/de\/wp-content\/uploads\/sites\/3\/2022\/04\/logo500x500.jpg\",\"width\":500,\"height\":500,\"caption\":\"Just Now News\"},\"image\":{\"@id\":\"https:\/\/now-news.de\/de\/#\/schema\/logo\/image\/\"},\"sameAs\":[\"https:\/\/www.facebook.com\/wirmachenauf\",\"https:\/\/x.com\/WirMachenAuf_de\"]},{\"@type\":\"Person\",\"@id\":\"https:\/\/now-news.de\/de\/#\/schema\/person\/fb534a4e865501d8b3285208df34a9b5\",\"name\":\"rtnews\",\"image\":{\"@type\":\"ImageObject\",\"inLanguage\":\"de\",\"@id\":\"https:\/\/now-news.de\/de\/#\/schema\/person\/image\/\",\"url\":\"https:\/\/secure.gravatar.com\/avatar\/82aafea7d8127119dd649515f56e2117?s=96&d=mm&r=g\",\"contentUrl\":\"https:\/\/secure.gravatar.com\/avatar\/82aafea7d8127119dd649515f56e2117?s=96&d=mm&r=g\",\"caption\":\"rtnews\"},\"url\":\"https:\/\/now-news.de\/de\/author\/rnews\/\"}]}<\/script>\n<!-- \/ Yoast SEO Premium plugin. -->","yoast_head_json":{"title":"Ungarn z\u00f6gert noch: Ankara stimmt f\u00fcr Schwedens NATO-Beitritt - just-now.NEWS Deutschland","robots":{"index":"index","follow":"follow","max-snippet":"max-snippet:-1","max-image-preview":"max-image-preview:large","max-video-preview":"max-video-preview:-1"},"canonical":"https:\/\/now-news.de\/de\/deutschland\/ungarn-zoegert-noch-ankara-stimmt-fuer-schwedens-nato-beitritt\/","og_locale":"de_DE","og_type":"article","og_title":"Ungarn z\u00f6gert noch: Ankara stimmt f\u00fcr Schwedens NATO-Beitritt","og_description":"Mit der Zustimmung des t\u00fcrkischen Parlaments zum NATO-Beitritt der Schweden endet eine monatelange Blockade. Ungarns Pr\u00e4sident Viktor Orb\u00e1n will noch mit Ministerpr\u00e4sident Ulf Kristersson \u00fcber Schwedens NATO-Beitritt verhandeln. Das t\u00fcrkische Parlament stimmte am Dienstag zu, Schweden in das B\u00fcndnis aufzunehmen,\u00a0und damit nach 20-monatiger Verz\u00f6gerung das gr\u00f6\u00dfte Hindernis f\u00fcr die nordische Nation aus dem Weg zu [&hellip;]","og_url":"https:\/\/now-news.de\/de\/deutschland\/ungarn-zoegert-noch-ankara-stimmt-fuer-schwedens-nato-beitritt\/","og_site_name":"just-now.NEWS Deutschland","article_publisher":"https:\/\/www.facebook.com\/wirmachenauf","article_published_time":"2024-01-24T15:02:45+00:00","og_image":[{"width":460,"height":259,"url":"https:\/\/now-news.de\/de\/wp-content\/uploads\/sites\/3\/2024\/01\/Ungarn-zoegert-noch-Ankara-stimmt-fuer-Schwedens-NATO-Beitritt.jpg","type":"image\/jpeg"}],"author":"rtnews","twitter_card":"summary_large_image","twitter_creator":"@WirMachenAuf_de","twitter_site":"@WirMachenAuf_de","twitter_misc":{"Verfasst von":"rtnews","Gesch\u00e4tzte Lesezeit":"2\u00a0Minuten"},"schema":{"@context":"https:\/\/schema.org","@graph":[{"@type":"Article","@id":"https:\/\/now-news.de\/de\/deutschland\/ungarn-zoegert-noch-ankara-stimmt-fuer-schwedens-nato-beitritt\/#article","isPartOf":{"@id":"https:\/\/now-news.de\/de\/deutschland\/ungarn-zoegert-noch-ankara-stimmt-fuer-schwedens-nato-beitritt\/"},"author":{"name":"rtnews","@id":"https:\/\/now-news.de\/de\/#\/schema\/person\/fb534a4e865501d8b3285208df34a9b5"},"headline":"Ungarn z\u00f6gert noch: Ankara stimmt f\u00fcr Schwedens NATO-Beitritt","datePublished":"2024-01-24T15:02:45+00:00","dateModified":"2024-01-24T15:02:45+00:00","mainEntityOfPage":{"@id":"https:\/\/now-news.de\/de\/deutschland\/ungarn-zoegert-noch-ankara-stimmt-fuer-schwedens-nato-beitritt\/"},"wordCount":431,"commentCount":0,"publisher":{"@id":"https:\/\/now-news.de\/de\/#organization"},"image":{"@id":"https:\/\/now-news.de\/de\/deutschland\/ungarn-zoegert-noch-ankara-stimmt-fuer-schwedens-nato-beitritt\/#primaryimage"},"thumbnailUrl":"https:\/\/now-news.de\/de\/wp-content\/uploads\/sites\/3\/2024\/01\/Ungarn-zoegert-noch-Ankara-stimmt-fuer-Schwedens-NATO-Beitritt.jpg","keywords":["Ankara","f\u00fcr","NATOBeitritt","noch","Schwedens","stimmt","Ungarn","z\u00f6gert"],"articleSection":["Deutschland","Russland"],"inLanguage":"de","potentialAction":[{"@type":"CommentAction","name":"Comment","target":["https:\/\/now-news.de\/de\/deutschland\/ungarn-zoegert-noch-ankara-stimmt-fuer-schwedens-nato-beitritt\/#respond"]}]},{"@type":"WebPage","@id":"https:\/\/now-news.de\/de\/deutschland\/ungarn-zoegert-noch-ankara-stimmt-fuer-schwedens-nato-beitritt\/","url":"https:\/\/now-news.de\/de\/deutschland\/ungarn-zoegert-noch-ankara-stimmt-fuer-schwedens-nato-beitritt\/","name":"Ungarn z\u00f6gert noch: Ankara stimmt f\u00fcr Schwedens NATO-Beitritt - just-now.NEWS Deutschland","isPartOf":{"@id":"https:\/\/now-news.de\/de\/#website"},"primaryImageOfPage":{"@id":"https:\/\/now-news.de\/de\/deutschland\/ungarn-zoegert-noch-ankara-stimmt-fuer-schwedens-nato-beitritt\/#primaryimage"},"image":{"@id":"https:\/\/now-news.de\/de\/deutschland\/ungarn-zoegert-noch-ankara-stimmt-fuer-schwedens-nato-beitritt\/#primaryimage"},"thumbnailUrl":"https:\/\/now-news.de\/de\/wp-content\/uploads\/sites\/3\/2024\/01\/Ungarn-zoegert-noch-Ankara-stimmt-fuer-Schwedens-NATO-Beitritt.jpg","datePublished":"2024-01-24T15:02:45+00:00","dateModified":"2024-01-24T15:02:45+00:00","breadcrumb":{"@id":"https:\/\/now-news.de\/de\/deutschland\/ungarn-zoegert-noch-ankara-stimmt-fuer-schwedens-nato-beitritt\/#breadcrumb"},"inLanguage":"de","potentialAction":[{"@type":"ReadAction","target":["https:\/\/now-news.de\/de\/deutschland\/ungarn-zoegert-noch-ankara-stimmt-fuer-schwedens-nato-beitritt\/"]}]},{"@type":"ImageObject","inLanguage":"de","@id":"https:\/\/now-news.de\/de\/deutschland\/ungarn-zoegert-noch-ankara-stimmt-fuer-schwedens-nato-beitritt\/#primaryimage","url":"https:\/\/now-news.de\/de\/wp-content\/uploads\/sites\/3\/2024\/01\/Ungarn-zoegert-noch-Ankara-stimmt-fuer-Schwedens-NATO-Beitritt.jpg","contentUrl":"https:\/\/now-news.de\/de\/wp-content\/uploads\/sites\/3\/2024\/01\/Ungarn-zoegert-noch-Ankara-stimmt-fuer-Schwedens-NATO-Beitritt.jpg","width":460,"height":259,"caption":"Ungarn z\u00f6gert noch: Ankara stimmt f\u00fcr Schwedens NATO-Beitritt"},{"@type":"BreadcrumbList","@id":"https:\/\/now-news.de\/de\/deutschland\/ungarn-zoegert-noch-ankara-stimmt-fuer-schwedens-nato-beitritt\/#breadcrumb","itemListElement":[{"@type":"ListItem","position":1,"name":"Home","item":"https:\/\/now-news.de\/de\/"},{"@type":"ListItem","position":2,"name":"Ungarn z\u00f6gert noch: Ankara stimmt f\u00fcr Schwedens NATO-Beitritt"}]},{"@type":"WebSite","@id":"https:\/\/now-news.de\/de\/#website","url":"https:\/\/now-news.de\/de\/","name":"just-now.NEWS Deutschland","description":"Das Portal f\u00fcr unzensierte Nachrichten aus der Welt","publisher":{"@id":"https:\/\/now-news.de\/de\/#organization"},"potentialAction":[{"@type":"SearchAction","target":{"@type":"EntryPoint","urlTemplate":"https:\/\/now-news.de\/de\/?s={search_term_string}"},"query-input":"required name=search_term_string"}],"inLanguage":"de"},{"@type":"Organization","@id":"https:\/\/now-news.de\/de\/#organization","name":"Just Now News","url":"https:\/\/now-news.de\/de\/","logo":{"@type":"ImageObject","inLanguage":"de","@id":"https:\/\/now-news.de\/de\/#\/schema\/logo\/image\/","url":"http:\/\/just-now.news\/de\/wp-content\/uploads\/sites\/3\/2022\/04\/logo500x500.jpg","contentUrl":"http:\/\/just-now.news\/de\/wp-content\/uploads\/sites\/3\/2022\/04\/logo500x500.jpg","width":500,"height":500,"caption":"Just Now News"},"image":{"@id":"https:\/\/now-news.de\/de\/#\/schema\/logo\/image\/"},"sameAs":["https:\/\/www.facebook.com\/wirmachenauf","https:\/\/x.com\/WirMachenAuf_de"]},{"@type":"Person","@id":"https:\/\/now-news.de\/de\/#\/schema\/person\/fb534a4e865501d8b3285208df34a9b5","name":"rtnews","image":{"@type":"ImageObject","inLanguage":"de","@id":"https:\/\/now-news.de\/de\/#\/schema\/person\/image\/","url":"https:\/\/secure.gravatar.com\/avatar\/82aafea7d8127119dd649515f56e2117?s=96&d=mm&r=g","contentUrl":"https:\/\/secure.gravatar.com\/avatar\/82aafea7d8127119dd649515f56e2117?s=96&d=mm&r=g","caption":"rtnews"},"url":"https:\/\/now-news.de\/de\/author\/rnews\/"}]}},"_links":{"self":[{"href":"https:\/\/now-news.de\/de\/wp-json\/wp\/v2\/posts\/53869"}],"collection":[{"href":"https:\/\/now-news.de\/de\/wp-json\/wp\/v2\/posts"}],"about":[{"href":"https:\/\/now-news.de\/de\/wp-json\/wp\/v2\/types\/post"}],"author":[{"embeddable":true,"href":"https:\/\/now-news.de\/de\/wp-json\/wp\/v2\/users\/3"}],"replies":[{"embeddable":true,"href":"https:\/\/now-news.de\/de\/wp-json\/wp\/v2\/comments?post=53869"}],"version-history":[{"count":0,"href":"https:\/\/now-news.de\/de\/wp-json\/wp\/v2\/posts\/53869\/revisions"}],"wp:featuredmedia":[{"embeddable":true,"href":"https:\/\/now-news.de\/de\/wp-json\/wp\/v2\/media\/53870"}],"wp:attachment":[{"href":"https:\/\/now-news.de\/de\/wp-json\/wp\/v2\/media?parent=53869"}],"wp:term":[{"taxonomy":"category","embeddable":true,"href":"https:\/\/now-news.de\/de\/wp-json\/wp\/v2\/categories?post=53869"},{"taxonomy":"post_tag","embeddable":true,"href":"https:\/\/now-news.de\/de\/wp-json\/wp\/v2\/tags?post=53869"}],"curies":[{"name":"wp","href":"https:\/\/api.w.org\/{rel}","templated":true}]}}