{"id":53855,"date":"2024-01-24T14:16:39","date_gmt":"2024-01-24T12:16:39","guid":{"rendered":"https:\/\/just-now.news\/de\/deutschland\/premier-fico-wir-werden-der-slowakischen-oeffentlichkeit-sagen-was-waehrend-covid-geschehen-ist\/"},"modified":"2024-01-24T14:16:39","modified_gmt":"2024-01-24T12:16:39","slug":"premier-fico-wir-werden-der-slowakischen-oeffentlichkeit-sagen-was-waehrend-covid-geschehen-ist","status":"publish","type":"post","link":"https:\/\/now-news.de\/de\/deutschland\/premier-fico-wir-werden-der-slowakischen-oeffentlichkeit-sagen-was-waehrend-covid-geschehen-ist\/","title":{"rendered":"Premier Fico: &quot;Wir werden der slowakischen \u00d6ffentlichkeit sagen, was w\u00e4hrend Covid geschehen ist&quot;"},"content":{"rendered":"<p><img decoding=\"async\" src=\"http:\/\/just-now.news\/de\/wp-content\/uploads\/sites\/3\/2024\/01\/65b0f4e848fbef25477e299e.jpg\" \/><\/p>\n<div class=\"Text-root Text-type_1 \">\n                Der slowakische Premier gab im Parlament das Programm zur Untersuchung der Coronapolitik bekannt. Es wird aufgekl\u00e4rt, wer, wo und f\u00fcr wie viel Geld Tests und Impfstoffe gekauft hat \u2013 und warum Menschen mit experimentellen Impfstoffen behandelt wurden, die Herzversagen verursachten.\n            <\/div>\n<p><\/p>\n<div class=\"Text-root Text-type_5 ArticleView-text ViewText-root \">\n<p>Am Montag stellte der slowakische Premierminister Robert Fico im Parlament seines Landes vor, mit welchem Programm die Coronapandemie und die Ma\u00dfnahmen in der Slowakei aufgearbeitet werden. Bislang sei bereits statistisch nachgewiesen, dass die Todesf\u00e4lle durch Herzerkrankungen aufgrund der Impfungen angestiegen seien. Aber viele Hintergr\u00fcnde zu Ma\u00dfnahmen der slowakischen Vorg\u00e4ngerregierung w\u00e4hrend der Coronazeit, seien nach wie vor unbekannt. In seiner Parlamentsrede stellte Fico zun\u00e4chst Fragen zur Coronapolitik vor, die noch beantwortet werden m\u00fcssen:\u00a0<\/p>\n<p>&#8220;Was wissen Sie dar\u00fcber, wie viele Impfungen wir noch haben, und wie viel Geld insgesamt verschwendet wurde?&#8221;, fragte er die Abgeordneten. &#8220;Was wissen Sie \u00fcber die verschiedenen Ma\u00dfnahmen, die nach unserer Meinung, die Todesrate wesentlich erh\u00f6ht haben?&#8221;<\/p>\n<p>All das m\u00fcsse untersucht werden. So sei die Bew\u00e4ltigung der Pandemie in Russland zum Beispiel viel besser gelaufen als in der Slowakei. So h\u00e4tten die \u00c4rzte in Russland den Patienten individuelle Besuche abgestattet. W\u00e4hrenddessen habe man in der Slowakei einen Haufen Geld f\u00fcr unn\u00f6tige medizinische Ger\u00e4te und gro\u00dfe Mengen an Impfstoffen ausgegeben.<\/p>\n<p>Die Impfstoffeink\u00e4ufe in der Europ\u00e4ischen Union seien der gr\u00f6\u00dfte Kauf in der Geschichte der EU gewesen, erl\u00e4uterte Fico das Handelsvolumen der Impfungen. Gleichzeitig k\u00f6nne man dar\u00fcber wenig erfahren, denn die geheimen Textnachrichten der EU-Pr\u00e4sidentin mit dem Pharmakonzern Pfizer zu diesem Deal seien im Bericht geschw\u00e4rzt worden. &#8220;Wir werden einfach nie die Wahrheit dar\u00fcber erfahren, welche Rolle die pharmazeutischen Unternehmen gespielt haben und wer diesen ganzen Zirkus beschlossen hat.&#8221;<\/p>\n<p>Deshalb habe sich die slowakische Regierung im Regierungsprogramm zu einer Untersuchung verpflichtet. Die slowakische \u00d6ffentlichkeit m\u00fcsse wissen, was es mit den Impfungen auf sich habe. Diesbez\u00fcglich seien noch offene Fragen:<\/p>\n<blockquote>\n<p><em>&#8220;Warum wurden Menschen mit verschiedenen experimentellen Impfstoffen geimpft, die nicht getestet waren? Wer kaufte die Tests? Welche Mengen wurden gekauft? Wie viel Geld hat das gekostet?&#8221;<\/em><\/p>\n<\/blockquote>\n<p>Ein Untersuchungsb\u00fcro w\u00fcrde all diese Fragen beleuchten. Dr. Kotl\u00e1r werde mit der Leitung der Untersuchung bevollm\u00e4chtigt. Daf\u00fcr stelle er ein Team zusammen, das Informationen von verschiedenen Staatsbeh\u00f6rden einholen werde, insbesondere von staatlichen Gesundheitsbeh\u00f6rden. Die Ergebnisse der Untersuchung werden wir ver\u00f6ffentlichen. Dazu erkl\u00e4rt Fico: &#8220;Wir wollen auf der Grundlage der uns zur Verf\u00fcgung stehenden Mittel immer noch wissen, was tats\u00e4chlich geschehen ist.&#8221; Die Bev\u00f6lkerung seines Landes solle wissen, was in der Coronazeit passiert sei:<\/p>\n<blockquote>\n<p><em>&#8220;Wir werden der slowakischen \u00d6ffentlichkeit sagen, was w\u00e4hrend Covid geschehen ist.&#8221;<\/em><\/p>\n<\/blockquote>\n<p>Der Journalist Thomas Oysm\u00fcller\u00a0<a rel=\"nofollow noopener\" target=\"_blank\" href=\"https:\/\/tkp.at\/2024\/01\/23\/slowakei-covid-zirkus-wird-untersucht\/\">bewertete<\/a>\u00a0die Rede des slowakischen Ministerpr\u00e4sidenten am Dienstag im \u00f6sterreichischen Nachrichtenmagazin\u00a0<em>tkp<\/em>. Demnach habe Fico als Premierminister in der Slowakei einen schweren Stand. Die Opposition w\u00fcrde von der EU darin gef\u00f6rdert, immer st\u00e4rkeren Widerstand zu leisten.<\/p>\n<p>Oysm\u00fcller schreibt dazu: &#8220;Fico, der sich w\u00e4hrend der Covid-Jahre in der Opposition befunden hatte, versucht eine klare Wende in der Politik. Ob es ihm gelingt, wird sich zeigen. Seine Ansagen, auch im Parlament, sind jedenfalls sehr deutlich und steigern die Erwartungen. Zugleich k\u00e4mpft er mit immer st\u00e4rkerem Widerstand von der durch Br\u00fcssel unterst\u00fctzten Opposition. Eine Anklage steht im Raum.&#8221;<\/p>\n<p><strong>Mehr zum Thema<\/strong> &#8211; <a rel=\"nofollow noopener\" target=\"_blank\" href=\"https:\/\/freedert.online\/international\/193695-who-chef-tedros-neue-pandemievertrag\/\">WHO-Chef Tedros: Der neue Pandemievertrag k\u00f6nnte scheitern <\/a><\/p>\n<\/div>\n<p><br \/>\n<br \/><a href=\"https:\/\/de.rt.com\/europa\/193782-premier-fico-wir-werden-slowakischen\/\">Source link <\/a><\/p>\n","protected":false},"excerpt":{"rendered":"<p>Der slowakische Premier gab im Parlament das Programm zur Untersuchung der Coronapolitik bekannt. Es wird aufgekl\u00e4rt, wer, wo und f\u00fcr wie viel Geld Tests und Impfstoffe gekauft hat \u2013 und warum Menschen mit experimentellen Impfstoffen behandelt wurden, die Herzversagen verursachten. Am Montag stellte der slowakische Premierminister Robert Fico im Parlament seines Landes vor, mit welchem [&hellip;]<\/p>\n","protected":false},"author":3,"featured_media":53856,"comment_status":"open","ping_status":"open","sticky":false,"template":"","format":"standard","meta":{"_yoast_indexnow_last_ping":["1706099539"],"wp_automatic_camp":["217"],"7ccd04f78661a4e597977f6b1a00b6e3":["Premier Fico: &quot;Wir werden der slowakischen \u00d6ffentlichkeit sagen, was w\u00e4hrend Covid geschehen ist&quot;"],"original_link":["https:\/\/de.rt.com\/europa\/193782-premier-fico-wir-werden-slowakischen\/"],"_thumbnail_id":["53856"],"jnews_social_counter_last_update":["1777119906"],"_wptgpro_p2tg_sent2tg":["a:1:{i:23737;s:19:\"2024-01-24 14:33:21\";}"]},"categories":[19,23],"tags":[730,82,49719,49010,24403,790,9770,5451,3278,52760,3647,1040],"yoast_head":"<!-- This site is optimized with the Yoast SEO Premium plugin v22.7 (Yoast SEO v22.7) - https:\/\/yoast.com\/wordpress\/plugins\/seo\/ -->\n<title>Premier Fico: &quot;Wir werden der slowakischen \u00d6ffentlichkeit sagen, was w\u00e4hrend Covid geschehen ist&quot; - just-now.NEWS Deutschland<\/title>\n<meta name=\"robots\" content=\"index, follow, max-snippet:-1, max-image-preview:large, max-video-preview:-1\" \/>\n<link rel=\"canonical\" href=\"https:\/\/now-news.de\/de\/deutschland\/premier-fico-wir-werden-der-slowakischen-oeffentlichkeit-sagen-was-waehrend-covid-geschehen-ist\/\" \/>\n<meta property=\"og:locale\" content=\"de_DE\" \/>\n<meta property=\"og:type\" content=\"article\" \/>\n<meta property=\"og:title\" content=\"Premier Fico: &quot;Wir werden der slowakischen \u00d6ffentlichkeit sagen, was w\u00e4hrend Covid geschehen ist&quot;\" \/>\n<meta property=\"og:description\" content=\"Der slowakische Premier gab im Parlament das Programm zur Untersuchung der Coronapolitik bekannt. Es wird aufgekl\u00e4rt, wer, wo und f\u00fcr wie viel Geld Tests und Impfstoffe gekauft hat \u2013 und warum Menschen mit experimentellen Impfstoffen behandelt wurden, die Herzversagen verursachten. Am Montag stellte der slowakische Premierminister Robert Fico im Parlament seines Landes vor, mit welchem [&hellip;]\" \/>\n<meta property=\"og:url\" content=\"https:\/\/now-news.de\/de\/deutschland\/premier-fico-wir-werden-der-slowakischen-oeffentlichkeit-sagen-was-waehrend-covid-geschehen-ist\/\" \/>\n<meta property=\"og:site_name\" content=\"just-now.NEWS Deutschland\" \/>\n<meta property=\"article:publisher\" content=\"https:\/\/www.facebook.com\/wirmachenauf\" \/>\n<meta property=\"article:published_time\" content=\"2024-01-24T12:16:39+00:00\" \/>\n<meta property=\"og:image\" content=\"https:\/\/now-news.de\/de\/wp-content\/uploads\/sites\/3\/2024\/01\/Premier-Fico-quotWir-werden-der-slowakischen-Oeffentlichkeit-sagen-was-waehrend.jpg\" \/>\n\t<meta property=\"og:image:width\" content=\"460\" \/>\n\t<meta property=\"og:image:height\" content=\"259\" \/>\n\t<meta property=\"og:image:type\" content=\"image\/jpeg\" \/>\n<meta name=\"author\" content=\"rtnews\" \/>\n<meta name=\"twitter:card\" content=\"summary_large_image\" \/>\n<meta name=\"twitter:creator\" content=\"@WirMachenAuf_de\" \/>\n<meta name=\"twitter:site\" content=\"@WirMachenAuf_de\" \/>\n<meta name=\"twitter:label1\" content=\"Verfasst von\" \/>\n\t<meta name=\"twitter:data1\" content=\"rtnews\" \/>\n\t<meta name=\"twitter:label2\" content=\"Gesch\u00e4tzte Lesezeit\" \/>\n\t<meta name=\"twitter:data2\" content=\"3\u00a0Minuten\" \/>\n<script type=\"application\/ld+json\" class=\"yoast-schema-graph\">{\"@context\":\"https:\/\/schema.org\",\"@graph\":[{\"@type\":\"Article\",\"@id\":\"https:\/\/now-news.de\/de\/deutschland\/premier-fico-wir-werden-der-slowakischen-oeffentlichkeit-sagen-was-waehrend-covid-geschehen-ist\/#article\",\"isPartOf\":{\"@id\":\"https:\/\/now-news.de\/de\/deutschland\/premier-fico-wir-werden-der-slowakischen-oeffentlichkeit-sagen-was-waehrend-covid-geschehen-ist\/\"},\"author\":{\"name\":\"rtnews\",\"@id\":\"https:\/\/now-news.de\/de\/#\/schema\/person\/fb534a4e865501d8b3285208df34a9b5\"},\"headline\":\"Premier Fico: &quot;Wir werden der slowakischen \u00d6ffentlichkeit sagen, was w\u00e4hrend Covid geschehen ist&quot;\",\"datePublished\":\"2024-01-24T12:16:39+00:00\",\"dateModified\":\"2024-01-24T12:16:39+00:00\",\"mainEntityOfPage\":{\"@id\":\"https:\/\/now-news.de\/de\/deutschland\/premier-fico-wir-werden-der-slowakischen-oeffentlichkeit-sagen-was-waehrend-covid-geschehen-ist\/\"},\"wordCount\":594,\"commentCount\":0,\"publisher\":{\"@id\":\"https:\/\/now-news.de\/de\/#organization\"},\"image\":{\"@id\":\"https:\/\/now-news.de\/de\/deutschland\/premier-fico-wir-werden-der-slowakischen-oeffentlichkeit-sagen-was-waehrend-covid-geschehen-ist\/#primaryimage\"},\"thumbnailUrl\":\"https:\/\/now-news.de\/de\/wp-content\/uploads\/sites\/3\/2024\/01\/Premier-Fico-quotWir-werden-der-slowakischen-Oeffentlichkeit-sagen-was-waehrend.jpg\",\"keywords\":[\"covid\",\"der\",\"Fico\",\"Geschehen\",\"istquot\",\"\u00d6ffentlichkeit\",\"Premier\",\"quotWir\",\"sagen\",\"slowakischen\",\"w\u00e4hrend\",\"Werden\"],\"articleSection\":[\"Deutschland\",\"Russland\"],\"inLanguage\":\"de\",\"potentialAction\":[{\"@type\":\"CommentAction\",\"name\":\"Comment\",\"target\":[\"https:\/\/now-news.de\/de\/deutschland\/premier-fico-wir-werden-der-slowakischen-oeffentlichkeit-sagen-was-waehrend-covid-geschehen-ist\/#respond\"]}]},{\"@type\":\"WebPage\",\"@id\":\"https:\/\/now-news.de\/de\/deutschland\/premier-fico-wir-werden-der-slowakischen-oeffentlichkeit-sagen-was-waehrend-covid-geschehen-ist\/\",\"url\":\"https:\/\/now-news.de\/de\/deutschland\/premier-fico-wir-werden-der-slowakischen-oeffentlichkeit-sagen-was-waehrend-covid-geschehen-ist\/\",\"name\":\"Premier Fico: &quot;Wir werden der slowakischen \u00d6ffentlichkeit sagen, was w\u00e4hrend Covid geschehen ist&quot; - just-now.NEWS Deutschland\",\"isPartOf\":{\"@id\":\"https:\/\/now-news.de\/de\/#website\"},\"primaryImageOfPage\":{\"@id\":\"https:\/\/now-news.de\/de\/deutschland\/premier-fico-wir-werden-der-slowakischen-oeffentlichkeit-sagen-was-waehrend-covid-geschehen-ist\/#primaryimage\"},\"image\":{\"@id\":\"https:\/\/now-news.de\/de\/deutschland\/premier-fico-wir-werden-der-slowakischen-oeffentlichkeit-sagen-was-waehrend-covid-geschehen-ist\/#primaryimage\"},\"thumbnailUrl\":\"https:\/\/now-news.de\/de\/wp-content\/uploads\/sites\/3\/2024\/01\/Premier-Fico-quotWir-werden-der-slowakischen-Oeffentlichkeit-sagen-was-waehrend.jpg\",\"datePublished\":\"2024-01-24T12:16:39+00:00\",\"dateModified\":\"2024-01-24T12:16:39+00:00\",\"breadcrumb\":{\"@id\":\"https:\/\/now-news.de\/de\/deutschland\/premier-fico-wir-werden-der-slowakischen-oeffentlichkeit-sagen-was-waehrend-covid-geschehen-ist\/#breadcrumb\"},\"inLanguage\":\"de\",\"potentialAction\":[{\"@type\":\"ReadAction\",\"target\":[\"https:\/\/now-news.de\/de\/deutschland\/premier-fico-wir-werden-der-slowakischen-oeffentlichkeit-sagen-was-waehrend-covid-geschehen-ist\/\"]}]},{\"@type\":\"ImageObject\",\"inLanguage\":\"de\",\"@id\":\"https:\/\/now-news.de\/de\/deutschland\/premier-fico-wir-werden-der-slowakischen-oeffentlichkeit-sagen-was-waehrend-covid-geschehen-ist\/#primaryimage\",\"url\":\"https:\/\/now-news.de\/de\/wp-content\/uploads\/sites\/3\/2024\/01\/Premier-Fico-quotWir-werden-der-slowakischen-Oeffentlichkeit-sagen-was-waehrend.jpg\",\"contentUrl\":\"https:\/\/now-news.de\/de\/wp-content\/uploads\/sites\/3\/2024\/01\/Premier-Fico-quotWir-werden-der-slowakischen-Oeffentlichkeit-sagen-was-waehrend.jpg\",\"width\":460,\"height\":259,\"caption\":\"Premier Fico: &quot;Wir werden der slowakischen \u00d6ffentlichkeit sagen, was w\u00e4hrend Covid geschehen ist&quot;\"},{\"@type\":\"BreadcrumbList\",\"@id\":\"https:\/\/now-news.de\/de\/deutschland\/premier-fico-wir-werden-der-slowakischen-oeffentlichkeit-sagen-was-waehrend-covid-geschehen-ist\/#breadcrumb\",\"itemListElement\":[{\"@type\":\"ListItem\",\"position\":1,\"name\":\"Home\",\"item\":\"https:\/\/now-news.de\/de\/\"},{\"@type\":\"ListItem\",\"position\":2,\"name\":\"Premier Fico: &quot;Wir werden der slowakischen \u00d6ffentlichkeit sagen, was w\u00e4hrend Covid geschehen ist&quot;\"}]},{\"@type\":\"WebSite\",\"@id\":\"https:\/\/now-news.de\/de\/#website\",\"url\":\"https:\/\/now-news.de\/de\/\",\"name\":\"just-now.NEWS Deutschland\",\"description\":\"Das Portal f\u00fcr unzensierte Nachrichten aus der Welt\",\"publisher\":{\"@id\":\"https:\/\/now-news.de\/de\/#organization\"},\"potentialAction\":[{\"@type\":\"SearchAction\",\"target\":{\"@type\":\"EntryPoint\",\"urlTemplate\":\"https:\/\/now-news.de\/de\/?s={search_term_string}\"},\"query-input\":\"required name=search_term_string\"}],\"inLanguage\":\"de\"},{\"@type\":\"Organization\",\"@id\":\"https:\/\/now-news.de\/de\/#organization\",\"name\":\"Just Now News\",\"url\":\"https:\/\/now-news.de\/de\/\",\"logo\":{\"@type\":\"ImageObject\",\"inLanguage\":\"de\",\"@id\":\"https:\/\/now-news.de\/de\/#\/schema\/logo\/image\/\",\"url\":\"http:\/\/just-now.news\/de\/wp-content\/uploads\/sites\/3\/2022\/04\/logo500x500.jpg\",\"contentUrl\":\"http:\/\/just-now.news\/de\/wp-content\/uploads\/sites\/3\/2022\/04\/logo500x500.jpg\",\"width\":500,\"height\":500,\"caption\":\"Just Now News\"},\"image\":{\"@id\":\"https:\/\/now-news.de\/de\/#\/schema\/logo\/image\/\"},\"sameAs\":[\"https:\/\/www.facebook.com\/wirmachenauf\",\"https:\/\/x.com\/WirMachenAuf_de\"]},{\"@type\":\"Person\",\"@id\":\"https:\/\/now-news.de\/de\/#\/schema\/person\/fb534a4e865501d8b3285208df34a9b5\",\"name\":\"rtnews\",\"image\":{\"@type\":\"ImageObject\",\"inLanguage\":\"de\",\"@id\":\"https:\/\/now-news.de\/de\/#\/schema\/person\/image\/\",\"url\":\"https:\/\/secure.gravatar.com\/avatar\/82aafea7d8127119dd649515f56e2117?s=96&d=mm&r=g\",\"contentUrl\":\"https:\/\/secure.gravatar.com\/avatar\/82aafea7d8127119dd649515f56e2117?s=96&d=mm&r=g\",\"caption\":\"rtnews\"},\"url\":\"https:\/\/now-news.de\/de\/author\/rnews\/\"}]}<\/script>\n<!-- \/ Yoast SEO Premium plugin. -->","yoast_head_json":{"title":"Premier Fico: &quot;Wir werden der slowakischen \u00d6ffentlichkeit sagen, was w\u00e4hrend Covid geschehen ist&quot; - just-now.NEWS Deutschland","robots":{"index":"index","follow":"follow","max-snippet":"max-snippet:-1","max-image-preview":"max-image-preview:large","max-video-preview":"max-video-preview:-1"},"canonical":"https:\/\/now-news.de\/de\/deutschland\/premier-fico-wir-werden-der-slowakischen-oeffentlichkeit-sagen-was-waehrend-covid-geschehen-ist\/","og_locale":"de_DE","og_type":"article","og_title":"Premier Fico: &quot;Wir werden der slowakischen \u00d6ffentlichkeit sagen, was w\u00e4hrend Covid geschehen ist&quot;","og_description":"Der slowakische Premier gab im Parlament das Programm zur Untersuchung der Coronapolitik bekannt. Es wird aufgekl\u00e4rt, wer, wo und f\u00fcr wie viel Geld Tests und Impfstoffe gekauft hat \u2013 und warum Menschen mit experimentellen Impfstoffen behandelt wurden, die Herzversagen verursachten. Am Montag stellte der slowakische Premierminister Robert Fico im Parlament seines Landes vor, mit welchem [&hellip;]","og_url":"https:\/\/now-news.de\/de\/deutschland\/premier-fico-wir-werden-der-slowakischen-oeffentlichkeit-sagen-was-waehrend-covid-geschehen-ist\/","og_site_name":"just-now.NEWS Deutschland","article_publisher":"https:\/\/www.facebook.com\/wirmachenauf","article_published_time":"2024-01-24T12:16:39+00:00","og_image":[{"width":460,"height":259,"url":"https:\/\/now-news.de\/de\/wp-content\/uploads\/sites\/3\/2024\/01\/Premier-Fico-quotWir-werden-der-slowakischen-Oeffentlichkeit-sagen-was-waehrend.jpg","type":"image\/jpeg"}],"author":"rtnews","twitter_card":"summary_large_image","twitter_creator":"@WirMachenAuf_de","twitter_site":"@WirMachenAuf_de","twitter_misc":{"Verfasst von":"rtnews","Gesch\u00e4tzte Lesezeit":"3\u00a0Minuten"},"schema":{"@context":"https:\/\/schema.org","@graph":[{"@type":"Article","@id":"https:\/\/now-news.de\/de\/deutschland\/premier-fico-wir-werden-der-slowakischen-oeffentlichkeit-sagen-was-waehrend-covid-geschehen-ist\/#article","isPartOf":{"@id":"https:\/\/now-news.de\/de\/deutschland\/premier-fico-wir-werden-der-slowakischen-oeffentlichkeit-sagen-was-waehrend-covid-geschehen-ist\/"},"author":{"name":"rtnews","@id":"https:\/\/now-news.de\/de\/#\/schema\/person\/fb534a4e865501d8b3285208df34a9b5"},"headline":"Premier Fico: &quot;Wir werden der slowakischen \u00d6ffentlichkeit sagen, was w\u00e4hrend Covid geschehen ist&quot;","datePublished":"2024-01-24T12:16:39+00:00","dateModified":"2024-01-24T12:16:39+00:00","mainEntityOfPage":{"@id":"https:\/\/now-news.de\/de\/deutschland\/premier-fico-wir-werden-der-slowakischen-oeffentlichkeit-sagen-was-waehrend-covid-geschehen-ist\/"},"wordCount":594,"commentCount":0,"publisher":{"@id":"https:\/\/now-news.de\/de\/#organization"},"image":{"@id":"https:\/\/now-news.de\/de\/deutschland\/premier-fico-wir-werden-der-slowakischen-oeffentlichkeit-sagen-was-waehrend-covid-geschehen-ist\/#primaryimage"},"thumbnailUrl":"https:\/\/now-news.de\/de\/wp-content\/uploads\/sites\/3\/2024\/01\/Premier-Fico-quotWir-werden-der-slowakischen-Oeffentlichkeit-sagen-was-waehrend.jpg","keywords":["covid","der","Fico","Geschehen","istquot","\u00d6ffentlichkeit","Premier","quotWir","sagen","slowakischen","w\u00e4hrend","Werden"],"articleSection":["Deutschland","Russland"],"inLanguage":"de","potentialAction":[{"@type":"CommentAction","name":"Comment","target":["https:\/\/now-news.de\/de\/deutschland\/premier-fico-wir-werden-der-slowakischen-oeffentlichkeit-sagen-was-waehrend-covid-geschehen-ist\/#respond"]}]},{"@type":"WebPage","@id":"https:\/\/now-news.de\/de\/deutschland\/premier-fico-wir-werden-der-slowakischen-oeffentlichkeit-sagen-was-waehrend-covid-geschehen-ist\/","url":"https:\/\/now-news.de\/de\/deutschland\/premier-fico-wir-werden-der-slowakischen-oeffentlichkeit-sagen-was-waehrend-covid-geschehen-ist\/","name":"Premier Fico: &quot;Wir werden der slowakischen \u00d6ffentlichkeit sagen, was w\u00e4hrend Covid geschehen ist&quot; - just-now.NEWS Deutschland","isPartOf":{"@id":"https:\/\/now-news.de\/de\/#website"},"primaryImageOfPage":{"@id":"https:\/\/now-news.de\/de\/deutschland\/premier-fico-wir-werden-der-slowakischen-oeffentlichkeit-sagen-was-waehrend-covid-geschehen-ist\/#primaryimage"},"image":{"@id":"https:\/\/now-news.de\/de\/deutschland\/premier-fico-wir-werden-der-slowakischen-oeffentlichkeit-sagen-was-waehrend-covid-geschehen-ist\/#primaryimage"},"thumbnailUrl":"https:\/\/now-news.de\/de\/wp-content\/uploads\/sites\/3\/2024\/01\/Premier-Fico-quotWir-werden-der-slowakischen-Oeffentlichkeit-sagen-was-waehrend.jpg","datePublished":"2024-01-24T12:16:39+00:00","dateModified":"2024-01-24T12:16:39+00:00","breadcrumb":{"@id":"https:\/\/now-news.de\/de\/deutschland\/premier-fico-wir-werden-der-slowakischen-oeffentlichkeit-sagen-was-waehrend-covid-geschehen-ist\/#breadcrumb"},"inLanguage":"de","potentialAction":[{"@type":"ReadAction","target":["https:\/\/now-news.de\/de\/deutschland\/premier-fico-wir-werden-der-slowakischen-oeffentlichkeit-sagen-was-waehrend-covid-geschehen-ist\/"]}]},{"@type":"ImageObject","inLanguage":"de","@id":"https:\/\/now-news.de\/de\/deutschland\/premier-fico-wir-werden-der-slowakischen-oeffentlichkeit-sagen-was-waehrend-covid-geschehen-ist\/#primaryimage","url":"https:\/\/now-news.de\/de\/wp-content\/uploads\/sites\/3\/2024\/01\/Premier-Fico-quotWir-werden-der-slowakischen-Oeffentlichkeit-sagen-was-waehrend.jpg","contentUrl":"https:\/\/now-news.de\/de\/wp-content\/uploads\/sites\/3\/2024\/01\/Premier-Fico-quotWir-werden-der-slowakischen-Oeffentlichkeit-sagen-was-waehrend.jpg","width":460,"height":259,"caption":"Premier Fico: &quot;Wir werden der slowakischen \u00d6ffentlichkeit sagen, was w\u00e4hrend Covid geschehen ist&quot;"},{"@type":"BreadcrumbList","@id":"https:\/\/now-news.de\/de\/deutschland\/premier-fico-wir-werden-der-slowakischen-oeffentlichkeit-sagen-was-waehrend-covid-geschehen-ist\/#breadcrumb","itemListElement":[{"@type":"ListItem","position":1,"name":"Home","item":"https:\/\/now-news.de\/de\/"},{"@type":"ListItem","position":2,"name":"Premier Fico: &quot;Wir werden der slowakischen \u00d6ffentlichkeit sagen, was w\u00e4hrend Covid geschehen ist&quot;"}]},{"@type":"WebSite","@id":"https:\/\/now-news.de\/de\/#website","url":"https:\/\/now-news.de\/de\/","name":"just-now.NEWS Deutschland","description":"Das Portal f\u00fcr unzensierte Nachrichten aus der Welt","publisher":{"@id":"https:\/\/now-news.de\/de\/#organization"},"potentialAction":[{"@type":"SearchAction","target":{"@type":"EntryPoint","urlTemplate":"https:\/\/now-news.de\/de\/?s={search_term_string}"},"query-input":"required name=search_term_string"}],"inLanguage":"de"},{"@type":"Organization","@id":"https:\/\/now-news.de\/de\/#organization","name":"Just Now News","url":"https:\/\/now-news.de\/de\/","logo":{"@type":"ImageObject","inLanguage":"de","@id":"https:\/\/now-news.de\/de\/#\/schema\/logo\/image\/","url":"http:\/\/just-now.news\/de\/wp-content\/uploads\/sites\/3\/2022\/04\/logo500x500.jpg","contentUrl":"http:\/\/just-now.news\/de\/wp-content\/uploads\/sites\/3\/2022\/04\/logo500x500.jpg","width":500,"height":500,"caption":"Just Now News"},"image":{"@id":"https:\/\/now-news.de\/de\/#\/schema\/logo\/image\/"},"sameAs":["https:\/\/www.facebook.com\/wirmachenauf","https:\/\/x.com\/WirMachenAuf_de"]},{"@type":"Person","@id":"https:\/\/now-news.de\/de\/#\/schema\/person\/fb534a4e865501d8b3285208df34a9b5","name":"rtnews","image":{"@type":"ImageObject","inLanguage":"de","@id":"https:\/\/now-news.de\/de\/#\/schema\/person\/image\/","url":"https:\/\/secure.gravatar.com\/avatar\/82aafea7d8127119dd649515f56e2117?s=96&d=mm&r=g","contentUrl":"https:\/\/secure.gravatar.com\/avatar\/82aafea7d8127119dd649515f56e2117?s=96&d=mm&r=g","caption":"rtnews"},"url":"https:\/\/now-news.de\/de\/author\/rnews\/"}]}},"_links":{"self":[{"href":"https:\/\/now-news.de\/de\/wp-json\/wp\/v2\/posts\/53855"}],"collection":[{"href":"https:\/\/now-news.de\/de\/wp-json\/wp\/v2\/posts"}],"about":[{"href":"https:\/\/now-news.de\/de\/wp-json\/wp\/v2\/types\/post"}],"author":[{"embeddable":true,"href":"https:\/\/now-news.de\/de\/wp-json\/wp\/v2\/users\/3"}],"replies":[{"embeddable":true,"href":"https:\/\/now-news.de\/de\/wp-json\/wp\/v2\/comments?post=53855"}],"version-history":[{"count":0,"href":"https:\/\/now-news.de\/de\/wp-json\/wp\/v2\/posts\/53855\/revisions"}],"wp:featuredmedia":[{"embeddable":true,"href":"https:\/\/now-news.de\/de\/wp-json\/wp\/v2\/media\/53856"}],"wp:attachment":[{"href":"https:\/\/now-news.de\/de\/wp-json\/wp\/v2\/media?parent=53855"}],"wp:term":[{"taxonomy":"category","embeddable":true,"href":"https:\/\/now-news.de\/de\/wp-json\/wp\/v2\/categories?post=53855"},{"taxonomy":"post_tag","embeddable":true,"href":"https:\/\/now-news.de\/de\/wp-json\/wp\/v2\/tags?post=53855"}],"curies":[{"name":"wp","href":"https:\/\/api.w.org\/{rel}","templated":true}]}}