{"id":53806,"date":"2024-01-23T19:56:42","date_gmt":"2024-01-23T17:56:42","guid":{"rendered":"https:\/\/just-now.news\/de\/deutschland\/ukraine-strafverfahren-gegen-kommunistenfuehrer-petro-simonenko-eroeffnet\/"},"modified":"2024-01-23T19:56:42","modified_gmt":"2024-01-23T17:56:42","slug":"ukraine-strafverfahren-gegen-kommunistenfuehrer-petro-simonenko-eroeffnet","status":"publish","type":"post","link":"https:\/\/now-news.de\/de\/deutschland\/ukraine-strafverfahren-gegen-kommunistenfuehrer-petro-simonenko-eroeffnet\/","title":{"rendered":"Ukraine: Strafverfahren gegen Kommunistenf\u00fchrer Petro Simonenko er\u00f6ffnet"},"content":{"rendered":"<p><img decoding=\"async\" src=\"http:\/\/just-now.news\/de\/wp-content\/uploads\/sites\/3\/2024\/01\/65afed87b480cc2f5063bf71.jpg\" \/><\/p>\n<div class=\"Text-root Text-type_1 \">\n                Der ukrainische Geheimdienst SBU hat den Vorsitzenden der verbotenen Kommunistischen Partei der Ukraine, Petro Simonenko, zur Fahndung ausgeschrieben. Gegen Simonenko wurde im August 2023 ein Strafverfahren eingeleitet. Seitdem ist er abgetaucht.\n            <\/div>\n<p><\/p>\n<div class=\"Text-root Text-type_5 ArticleView-text ViewText-root \">\n<p>Der Sicherheitsdienst der Ukraine (SBU) hat den ehemaligen Vorsitzenden der im Land verbotenen Kommunistischen Partei der Ukraine (KPU), Petro Simonenko, auf die Fahndungsliste gesetzt, wie aus der Datenbank des ukrainischen Innenministeriums hervorgeht.<\/p>\n<p>Das &#8220;Datum des Verschwindens&#8221; von Simonenko ist der 19. August 2023. Der Politiker wird aufgrund von Artikel 19 Teil 3 des ukrainischen Strafgesetzbuchs (\u00f6ffentliche Aufrufe zu einer gewaltsamen \u00c4nderung der verfassungsm\u00e4\u00dfigen Ordnung oder zur \u00dcbernahme der Staatsgewalt) gesucht. Nach diesem Artikel drohen ihm bis zu f\u00fcnf Jahre Gef\u00e4ngnis.<\/p>\n<p>Der SBU berichtete am 11. August vergangenen Jahres \u00fcber die Anklage gegen Simonenko. Nach Angaben des ukrainischen Sicherheitsdienstes wurde Simonenko, der die russische Spezialoperation unterst\u00fctzte, kurz nach Ausbruch der Feindseligkeiten auf eigenen Wunsch von russischen Spezialkr\u00e4ften \u00fcber Belarus nach Russland gebracht. Gegen ihn wurde auch ein Strafverfahren wegen Rechtfertigung der russischen Sonderoperation eingeleitet.<\/p>\n<p><strong>Mehr zum Thema<\/strong> \u2013 <a rel=\"nofollow noopener\" target=\"_blank\" href=\"https:\/\/freedert.online\/europa\/157228-durchsuchungen-auch-in-raeumen-kommunistischen-partei\/\">Durchsuchungen auch in R\u00e4umen der Kommunistischen Partei der Ukraine<\/a><\/p>\n<\/div>\n<p><br \/>\n<br \/><a href=\"https:\/\/de.rt.com\/international\/193689-ukraine-strafverfahren-gegen-kommunistenfuehrer-simonenko\/\">Source link <\/a><\/p>\n","protected":false},"excerpt":{"rendered":"<p>Der ukrainische Geheimdienst SBU hat den Vorsitzenden der verbotenen Kommunistischen Partei der Ukraine, Petro Simonenko, zur Fahndung ausgeschrieben. Gegen Simonenko wurde im August 2023 ein Strafverfahren eingeleitet. Seitdem ist er abgetaucht. Der Sicherheitsdienst der Ukraine (SBU) hat den ehemaligen Vorsitzenden der im Land verbotenen Kommunistischen Partei der Ukraine (KPU), Petro Simonenko, auf die Fahndungsliste gesetzt, [&hellip;]<\/p>\n","protected":false},"author":3,"featured_media":53807,"comment_status":"open","ping_status":"open","sticky":false,"template":"","format":"standard","meta":{"_yoast_indexnow_last_ping":["1706033814"],"wp_automatic_camp":["217"],"b0e7512db714736f81b85f51e837c6a9":["Ukraine: Strafverfahren gegen Kommunistenf\u00fchrer Petro Simonenko er\u00f6ffnet"],"original_link":["https:\/\/de.rt.com\/international\/193689-ukraine-strafverfahren-gegen-kommunistenfuehrer-simonenko\/"],"_thumbnail_id":["53807"],"jnews_social_counter_last_update":["1777112118"],"_wptgpro_p2tg_sent2tg":["a:1:{i:23737;s:19:\"2024-01-23 20:19:24\";}"]},"categories":[19,23],"tags":[11662,278,52735,26776,52736,26844,127],"yoast_head":"<!-- This site is optimized with the Yoast SEO Premium plugin v22.7 (Yoast SEO v22.7) - https:\/\/yoast.com\/wordpress\/plugins\/seo\/ -->\n<title>Ukraine: Strafverfahren gegen Kommunistenf\u00fchrer Petro Simonenko er\u00f6ffnet - just-now.NEWS Deutschland<\/title>\n<meta name=\"robots\" content=\"index, follow, max-snippet:-1, max-image-preview:large, max-video-preview:-1\" \/>\n<link rel=\"canonical\" href=\"https:\/\/now-news.de\/de\/deutschland\/ukraine-strafverfahren-gegen-kommunistenfuehrer-petro-simonenko-eroeffnet\/\" \/>\n<meta property=\"og:locale\" content=\"de_DE\" \/>\n<meta property=\"og:type\" content=\"article\" \/>\n<meta property=\"og:title\" content=\"Ukraine: Strafverfahren gegen Kommunistenf\u00fchrer Petro Simonenko er\u00f6ffnet\" \/>\n<meta property=\"og:description\" content=\"Der ukrainische Geheimdienst SBU hat den Vorsitzenden der verbotenen Kommunistischen Partei der Ukraine, Petro Simonenko, zur Fahndung ausgeschrieben. Gegen Simonenko wurde im August 2023 ein Strafverfahren eingeleitet. Seitdem ist er abgetaucht. Der Sicherheitsdienst der Ukraine (SBU) hat den ehemaligen Vorsitzenden der im Land verbotenen Kommunistischen Partei der Ukraine (KPU), Petro Simonenko, auf die Fahndungsliste gesetzt, [&hellip;]\" \/>\n<meta property=\"og:url\" content=\"https:\/\/now-news.de\/de\/deutschland\/ukraine-strafverfahren-gegen-kommunistenfuehrer-petro-simonenko-eroeffnet\/\" \/>\n<meta property=\"og:site_name\" content=\"just-now.NEWS Deutschland\" \/>\n<meta property=\"article:publisher\" content=\"https:\/\/www.facebook.com\/wirmachenauf\" \/>\n<meta property=\"article:published_time\" content=\"2024-01-23T17:56:42+00:00\" \/>\n<meta property=\"og:image\" content=\"https:\/\/now-news.de\/de\/wp-content\/uploads\/sites\/3\/2024\/01\/Ukraine-Strafverfahren-gegen-Kommunistenfuehrer-Petro-Simonenko-eroeffnet.jpg\" \/>\n\t<meta property=\"og:image:width\" content=\"460\" \/>\n\t<meta property=\"og:image:height\" content=\"259\" \/>\n\t<meta property=\"og:image:type\" content=\"image\/jpeg\" \/>\n<meta name=\"author\" content=\"rtnews\" \/>\n<meta name=\"twitter:card\" content=\"summary_large_image\" \/>\n<meta name=\"twitter:creator\" content=\"@WirMachenAuf_de\" \/>\n<meta name=\"twitter:site\" content=\"@WirMachenAuf_de\" \/>\n<meta name=\"twitter:label1\" content=\"Verfasst von\" \/>\n\t<meta name=\"twitter:data1\" content=\"rtnews\" \/>\n\t<meta name=\"twitter:label2\" content=\"Gesch\u00e4tzte Lesezeit\" \/>\n\t<meta name=\"twitter:data2\" content=\"1\u00a0Minute\" \/>\n<script type=\"application\/ld+json\" class=\"yoast-schema-graph\">{\"@context\":\"https:\/\/schema.org\",\"@graph\":[{\"@type\":\"Article\",\"@id\":\"https:\/\/now-news.de\/de\/deutschland\/ukraine-strafverfahren-gegen-kommunistenfuehrer-petro-simonenko-eroeffnet\/#article\",\"isPartOf\":{\"@id\":\"https:\/\/now-news.de\/de\/deutschland\/ukraine-strafverfahren-gegen-kommunistenfuehrer-petro-simonenko-eroeffnet\/\"},\"author\":{\"name\":\"rtnews\",\"@id\":\"https:\/\/now-news.de\/de\/#\/schema\/person\/fb534a4e865501d8b3285208df34a9b5\"},\"headline\":\"Ukraine: Strafverfahren gegen Kommunistenf\u00fchrer Petro Simonenko er\u00f6ffnet\",\"datePublished\":\"2024-01-23T17:56:42+00:00\",\"dateModified\":\"2024-01-23T17:56:42+00:00\",\"mainEntityOfPage\":{\"@id\":\"https:\/\/now-news.de\/de\/deutschland\/ukraine-strafverfahren-gegen-kommunistenfuehrer-petro-simonenko-eroeffnet\/\"},\"wordCount\":188,\"commentCount\":0,\"publisher\":{\"@id\":\"https:\/\/now-news.de\/de\/#organization\"},\"image\":{\"@id\":\"https:\/\/now-news.de\/de\/deutschland\/ukraine-strafverfahren-gegen-kommunistenfuehrer-petro-simonenko-eroeffnet\/#primaryimage\"},\"thumbnailUrl\":\"https:\/\/now-news.de\/de\/wp-content\/uploads\/sites\/3\/2024\/01\/Ukraine-Strafverfahren-gegen-Kommunistenfuehrer-Petro-Simonenko-eroeffnet.jpg\",\"keywords\":[\"er\u00f6ffnet\",\"gegen\",\"Kommunistenf\u00fchrer\",\"Petro\",\"Simonenko\",\"Strafverfahren\",\"ukraine\"],\"articleSection\":[\"Deutschland\",\"Russland\"],\"inLanguage\":\"de\",\"potentialAction\":[{\"@type\":\"CommentAction\",\"name\":\"Comment\",\"target\":[\"https:\/\/now-news.de\/de\/deutschland\/ukraine-strafverfahren-gegen-kommunistenfuehrer-petro-simonenko-eroeffnet\/#respond\"]}]},{\"@type\":\"WebPage\",\"@id\":\"https:\/\/now-news.de\/de\/deutschland\/ukraine-strafverfahren-gegen-kommunistenfuehrer-petro-simonenko-eroeffnet\/\",\"url\":\"https:\/\/now-news.de\/de\/deutschland\/ukraine-strafverfahren-gegen-kommunistenfuehrer-petro-simonenko-eroeffnet\/\",\"name\":\"Ukraine: Strafverfahren gegen Kommunistenf\u00fchrer Petro Simonenko er\u00f6ffnet - just-now.NEWS Deutschland\",\"isPartOf\":{\"@id\":\"https:\/\/now-news.de\/de\/#website\"},\"primaryImageOfPage\":{\"@id\":\"https:\/\/now-news.de\/de\/deutschland\/ukraine-strafverfahren-gegen-kommunistenfuehrer-petro-simonenko-eroeffnet\/#primaryimage\"},\"image\":{\"@id\":\"https:\/\/now-news.de\/de\/deutschland\/ukraine-strafverfahren-gegen-kommunistenfuehrer-petro-simonenko-eroeffnet\/#primaryimage\"},\"thumbnailUrl\":\"https:\/\/now-news.de\/de\/wp-content\/uploads\/sites\/3\/2024\/01\/Ukraine-Strafverfahren-gegen-Kommunistenfuehrer-Petro-Simonenko-eroeffnet.jpg\",\"datePublished\":\"2024-01-23T17:56:42+00:00\",\"dateModified\":\"2024-01-23T17:56:42+00:00\",\"breadcrumb\":{\"@id\":\"https:\/\/now-news.de\/de\/deutschland\/ukraine-strafverfahren-gegen-kommunistenfuehrer-petro-simonenko-eroeffnet\/#breadcrumb\"},\"inLanguage\":\"de\",\"potentialAction\":[{\"@type\":\"ReadAction\",\"target\":[\"https:\/\/now-news.de\/de\/deutschland\/ukraine-strafverfahren-gegen-kommunistenfuehrer-petro-simonenko-eroeffnet\/\"]}]},{\"@type\":\"ImageObject\",\"inLanguage\":\"de\",\"@id\":\"https:\/\/now-news.de\/de\/deutschland\/ukraine-strafverfahren-gegen-kommunistenfuehrer-petro-simonenko-eroeffnet\/#primaryimage\",\"url\":\"https:\/\/now-news.de\/de\/wp-content\/uploads\/sites\/3\/2024\/01\/Ukraine-Strafverfahren-gegen-Kommunistenfuehrer-Petro-Simonenko-eroeffnet.jpg\",\"contentUrl\":\"https:\/\/now-news.de\/de\/wp-content\/uploads\/sites\/3\/2024\/01\/Ukraine-Strafverfahren-gegen-Kommunistenfuehrer-Petro-Simonenko-eroeffnet.jpg\",\"width\":460,\"height\":259,\"caption\":\"Ukraine: Strafverfahren gegen Kommunistenf\u00fchrer Petro Simonenko er\u00f6ffnet\"},{\"@type\":\"BreadcrumbList\",\"@id\":\"https:\/\/now-news.de\/de\/deutschland\/ukraine-strafverfahren-gegen-kommunistenfuehrer-petro-simonenko-eroeffnet\/#breadcrumb\",\"itemListElement\":[{\"@type\":\"ListItem\",\"position\":1,\"name\":\"Home\",\"item\":\"https:\/\/now-news.de\/de\/\"},{\"@type\":\"ListItem\",\"position\":2,\"name\":\"Ukraine: Strafverfahren gegen Kommunistenf\u00fchrer Petro Simonenko er\u00f6ffnet\"}]},{\"@type\":\"WebSite\",\"@id\":\"https:\/\/now-news.de\/de\/#website\",\"url\":\"https:\/\/now-news.de\/de\/\",\"name\":\"just-now.NEWS Deutschland\",\"description\":\"Das Portal f\u00fcr unzensierte Nachrichten aus der Welt\",\"publisher\":{\"@id\":\"https:\/\/now-news.de\/de\/#organization\"},\"potentialAction\":[{\"@type\":\"SearchAction\",\"target\":{\"@type\":\"EntryPoint\",\"urlTemplate\":\"https:\/\/now-news.de\/de\/?s={search_term_string}\"},\"query-input\":\"required name=search_term_string\"}],\"inLanguage\":\"de\"},{\"@type\":\"Organization\",\"@id\":\"https:\/\/now-news.de\/de\/#organization\",\"name\":\"Just Now News\",\"url\":\"https:\/\/now-news.de\/de\/\",\"logo\":{\"@type\":\"ImageObject\",\"inLanguage\":\"de\",\"@id\":\"https:\/\/now-news.de\/de\/#\/schema\/logo\/image\/\",\"url\":\"http:\/\/just-now.news\/de\/wp-content\/uploads\/sites\/3\/2022\/04\/logo500x500.jpg\",\"contentUrl\":\"http:\/\/just-now.news\/de\/wp-content\/uploads\/sites\/3\/2022\/04\/logo500x500.jpg\",\"width\":500,\"height\":500,\"caption\":\"Just Now News\"},\"image\":{\"@id\":\"https:\/\/now-news.de\/de\/#\/schema\/logo\/image\/\"},\"sameAs\":[\"https:\/\/www.facebook.com\/wirmachenauf\",\"https:\/\/x.com\/WirMachenAuf_de\"]},{\"@type\":\"Person\",\"@id\":\"https:\/\/now-news.de\/de\/#\/schema\/person\/fb534a4e865501d8b3285208df34a9b5\",\"name\":\"rtnews\",\"image\":{\"@type\":\"ImageObject\",\"inLanguage\":\"de\",\"@id\":\"https:\/\/now-news.de\/de\/#\/schema\/person\/image\/\",\"url\":\"https:\/\/secure.gravatar.com\/avatar\/82aafea7d8127119dd649515f56e2117?s=96&d=mm&r=g\",\"contentUrl\":\"https:\/\/secure.gravatar.com\/avatar\/82aafea7d8127119dd649515f56e2117?s=96&d=mm&r=g\",\"caption\":\"rtnews\"},\"url\":\"https:\/\/now-news.de\/de\/author\/rnews\/\"}]}<\/script>\n<!-- \/ Yoast SEO Premium plugin. -->","yoast_head_json":{"title":"Ukraine: Strafverfahren gegen Kommunistenf\u00fchrer Petro Simonenko er\u00f6ffnet - just-now.NEWS Deutschland","robots":{"index":"index","follow":"follow","max-snippet":"max-snippet:-1","max-image-preview":"max-image-preview:large","max-video-preview":"max-video-preview:-1"},"canonical":"https:\/\/now-news.de\/de\/deutschland\/ukraine-strafverfahren-gegen-kommunistenfuehrer-petro-simonenko-eroeffnet\/","og_locale":"de_DE","og_type":"article","og_title":"Ukraine: Strafverfahren gegen Kommunistenf\u00fchrer Petro Simonenko er\u00f6ffnet","og_description":"Der ukrainische Geheimdienst SBU hat den Vorsitzenden der verbotenen Kommunistischen Partei der Ukraine, Petro Simonenko, zur Fahndung ausgeschrieben. Gegen Simonenko wurde im August 2023 ein Strafverfahren eingeleitet. Seitdem ist er abgetaucht. Der Sicherheitsdienst der Ukraine (SBU) hat den ehemaligen Vorsitzenden der im Land verbotenen Kommunistischen Partei der Ukraine (KPU), Petro Simonenko, auf die Fahndungsliste gesetzt, [&hellip;]","og_url":"https:\/\/now-news.de\/de\/deutschland\/ukraine-strafverfahren-gegen-kommunistenfuehrer-petro-simonenko-eroeffnet\/","og_site_name":"just-now.NEWS Deutschland","article_publisher":"https:\/\/www.facebook.com\/wirmachenauf","article_published_time":"2024-01-23T17:56:42+00:00","og_image":[{"width":460,"height":259,"url":"https:\/\/now-news.de\/de\/wp-content\/uploads\/sites\/3\/2024\/01\/Ukraine-Strafverfahren-gegen-Kommunistenfuehrer-Petro-Simonenko-eroeffnet.jpg","type":"image\/jpeg"}],"author":"rtnews","twitter_card":"summary_large_image","twitter_creator":"@WirMachenAuf_de","twitter_site":"@WirMachenAuf_de","twitter_misc":{"Verfasst von":"rtnews","Gesch\u00e4tzte Lesezeit":"1\u00a0Minute"},"schema":{"@context":"https:\/\/schema.org","@graph":[{"@type":"Article","@id":"https:\/\/now-news.de\/de\/deutschland\/ukraine-strafverfahren-gegen-kommunistenfuehrer-petro-simonenko-eroeffnet\/#article","isPartOf":{"@id":"https:\/\/now-news.de\/de\/deutschland\/ukraine-strafverfahren-gegen-kommunistenfuehrer-petro-simonenko-eroeffnet\/"},"author":{"name":"rtnews","@id":"https:\/\/now-news.de\/de\/#\/schema\/person\/fb534a4e865501d8b3285208df34a9b5"},"headline":"Ukraine: Strafverfahren gegen Kommunistenf\u00fchrer Petro Simonenko er\u00f6ffnet","datePublished":"2024-01-23T17:56:42+00:00","dateModified":"2024-01-23T17:56:42+00:00","mainEntityOfPage":{"@id":"https:\/\/now-news.de\/de\/deutschland\/ukraine-strafverfahren-gegen-kommunistenfuehrer-petro-simonenko-eroeffnet\/"},"wordCount":188,"commentCount":0,"publisher":{"@id":"https:\/\/now-news.de\/de\/#organization"},"image":{"@id":"https:\/\/now-news.de\/de\/deutschland\/ukraine-strafverfahren-gegen-kommunistenfuehrer-petro-simonenko-eroeffnet\/#primaryimage"},"thumbnailUrl":"https:\/\/now-news.de\/de\/wp-content\/uploads\/sites\/3\/2024\/01\/Ukraine-Strafverfahren-gegen-Kommunistenfuehrer-Petro-Simonenko-eroeffnet.jpg","keywords":["er\u00f6ffnet","gegen","Kommunistenf\u00fchrer","Petro","Simonenko","Strafverfahren","ukraine"],"articleSection":["Deutschland","Russland"],"inLanguage":"de","potentialAction":[{"@type":"CommentAction","name":"Comment","target":["https:\/\/now-news.de\/de\/deutschland\/ukraine-strafverfahren-gegen-kommunistenfuehrer-petro-simonenko-eroeffnet\/#respond"]}]},{"@type":"WebPage","@id":"https:\/\/now-news.de\/de\/deutschland\/ukraine-strafverfahren-gegen-kommunistenfuehrer-petro-simonenko-eroeffnet\/","url":"https:\/\/now-news.de\/de\/deutschland\/ukraine-strafverfahren-gegen-kommunistenfuehrer-petro-simonenko-eroeffnet\/","name":"Ukraine: Strafverfahren gegen Kommunistenf\u00fchrer Petro Simonenko er\u00f6ffnet - just-now.NEWS Deutschland","isPartOf":{"@id":"https:\/\/now-news.de\/de\/#website"},"primaryImageOfPage":{"@id":"https:\/\/now-news.de\/de\/deutschland\/ukraine-strafverfahren-gegen-kommunistenfuehrer-petro-simonenko-eroeffnet\/#primaryimage"},"image":{"@id":"https:\/\/now-news.de\/de\/deutschland\/ukraine-strafverfahren-gegen-kommunistenfuehrer-petro-simonenko-eroeffnet\/#primaryimage"},"thumbnailUrl":"https:\/\/now-news.de\/de\/wp-content\/uploads\/sites\/3\/2024\/01\/Ukraine-Strafverfahren-gegen-Kommunistenfuehrer-Petro-Simonenko-eroeffnet.jpg","datePublished":"2024-01-23T17:56:42+00:00","dateModified":"2024-01-23T17:56:42+00:00","breadcrumb":{"@id":"https:\/\/now-news.de\/de\/deutschland\/ukraine-strafverfahren-gegen-kommunistenfuehrer-petro-simonenko-eroeffnet\/#breadcrumb"},"inLanguage":"de","potentialAction":[{"@type":"ReadAction","target":["https:\/\/now-news.de\/de\/deutschland\/ukraine-strafverfahren-gegen-kommunistenfuehrer-petro-simonenko-eroeffnet\/"]}]},{"@type":"ImageObject","inLanguage":"de","@id":"https:\/\/now-news.de\/de\/deutschland\/ukraine-strafverfahren-gegen-kommunistenfuehrer-petro-simonenko-eroeffnet\/#primaryimage","url":"https:\/\/now-news.de\/de\/wp-content\/uploads\/sites\/3\/2024\/01\/Ukraine-Strafverfahren-gegen-Kommunistenfuehrer-Petro-Simonenko-eroeffnet.jpg","contentUrl":"https:\/\/now-news.de\/de\/wp-content\/uploads\/sites\/3\/2024\/01\/Ukraine-Strafverfahren-gegen-Kommunistenfuehrer-Petro-Simonenko-eroeffnet.jpg","width":460,"height":259,"caption":"Ukraine: Strafverfahren gegen Kommunistenf\u00fchrer Petro Simonenko er\u00f6ffnet"},{"@type":"BreadcrumbList","@id":"https:\/\/now-news.de\/de\/deutschland\/ukraine-strafverfahren-gegen-kommunistenfuehrer-petro-simonenko-eroeffnet\/#breadcrumb","itemListElement":[{"@type":"ListItem","position":1,"name":"Home","item":"https:\/\/now-news.de\/de\/"},{"@type":"ListItem","position":2,"name":"Ukraine: Strafverfahren gegen Kommunistenf\u00fchrer Petro Simonenko er\u00f6ffnet"}]},{"@type":"WebSite","@id":"https:\/\/now-news.de\/de\/#website","url":"https:\/\/now-news.de\/de\/","name":"just-now.NEWS Deutschland","description":"Das Portal f\u00fcr unzensierte Nachrichten aus der Welt","publisher":{"@id":"https:\/\/now-news.de\/de\/#organization"},"potentialAction":[{"@type":"SearchAction","target":{"@type":"EntryPoint","urlTemplate":"https:\/\/now-news.de\/de\/?s={search_term_string}"},"query-input":"required name=search_term_string"}],"inLanguage":"de"},{"@type":"Organization","@id":"https:\/\/now-news.de\/de\/#organization","name":"Just Now News","url":"https:\/\/now-news.de\/de\/","logo":{"@type":"ImageObject","inLanguage":"de","@id":"https:\/\/now-news.de\/de\/#\/schema\/logo\/image\/","url":"http:\/\/just-now.news\/de\/wp-content\/uploads\/sites\/3\/2022\/04\/logo500x500.jpg","contentUrl":"http:\/\/just-now.news\/de\/wp-content\/uploads\/sites\/3\/2022\/04\/logo500x500.jpg","width":500,"height":500,"caption":"Just Now News"},"image":{"@id":"https:\/\/now-news.de\/de\/#\/schema\/logo\/image\/"},"sameAs":["https:\/\/www.facebook.com\/wirmachenauf","https:\/\/x.com\/WirMachenAuf_de"]},{"@type":"Person","@id":"https:\/\/now-news.de\/de\/#\/schema\/person\/fb534a4e865501d8b3285208df34a9b5","name":"rtnews","image":{"@type":"ImageObject","inLanguage":"de","@id":"https:\/\/now-news.de\/de\/#\/schema\/person\/image\/","url":"https:\/\/secure.gravatar.com\/avatar\/82aafea7d8127119dd649515f56e2117?s=96&d=mm&r=g","contentUrl":"https:\/\/secure.gravatar.com\/avatar\/82aafea7d8127119dd649515f56e2117?s=96&d=mm&r=g","caption":"rtnews"},"url":"https:\/\/now-news.de\/de\/author\/rnews\/"}]}},"_links":{"self":[{"href":"https:\/\/now-news.de\/de\/wp-json\/wp\/v2\/posts\/53806"}],"collection":[{"href":"https:\/\/now-news.de\/de\/wp-json\/wp\/v2\/posts"}],"about":[{"href":"https:\/\/now-news.de\/de\/wp-json\/wp\/v2\/types\/post"}],"author":[{"embeddable":true,"href":"https:\/\/now-news.de\/de\/wp-json\/wp\/v2\/users\/3"}],"replies":[{"embeddable":true,"href":"https:\/\/now-news.de\/de\/wp-json\/wp\/v2\/comments?post=53806"}],"version-history":[{"count":0,"href":"https:\/\/now-news.de\/de\/wp-json\/wp\/v2\/posts\/53806\/revisions"}],"wp:featuredmedia":[{"embeddable":true,"href":"https:\/\/now-news.de\/de\/wp-json\/wp\/v2\/media\/53807"}],"wp:attachment":[{"href":"https:\/\/now-news.de\/de\/wp-json\/wp\/v2\/media?parent=53806"}],"wp:term":[{"taxonomy":"category","embeddable":true,"href":"https:\/\/now-news.de\/de\/wp-json\/wp\/v2\/categories?post=53806"},{"taxonomy":"post_tag","embeddable":true,"href":"https:\/\/now-news.de\/de\/wp-json\/wp\/v2\/tags?post=53806"}],"curies":[{"name":"wp","href":"https:\/\/api.w.org\/{rel}","templated":true}]}}