{"id":53784,"date":"2024-01-23T15:55:41","date_gmt":"2024-01-23T13:55:41","guid":{"rendered":"https:\/\/just-now.news\/de\/deutschland\/oesterreichs-bundeskanzler-will-geschlechtergerechte-sprache-in-der-verwaltung-abschaffen\/"},"modified":"2024-01-23T15:55:41","modified_gmt":"2024-01-23T13:55:41","slug":"oesterreichs-bundeskanzler-will-geschlechtergerechte-sprache-in-der-verwaltung-abschaffen","status":"publish","type":"post","link":"https:\/\/now-news.de\/de\/deutschland\/oesterreichs-bundeskanzler-will-geschlechtergerechte-sprache-in-der-verwaltung-abschaffen\/","title":{"rendered":"\u00d6sterreichs Bundeskanzler will geschlechtergerechte Sprache in der Verwaltung abschaffen"},"content":{"rendered":"<p><img decoding=\"async\" src=\"http:\/\/just-now.news\/de\/wp-content\/uploads\/sites\/3\/2024\/01\/65afb17bb480cc68ac6a425e.jpg\" \/><\/p>\n<div class=\"Text-root Text-type_1 \">\n                Eine geschlechtergerechte Sprache, wie das Binnen-I, Sternchen und Doppelpunkt, soll laut dem \u00f6sterreichischen Kanzler in der Verwaltung und in den Bildungseinrichtungen bis 2030 Geschichte sein. Das Ausschreiben beider Geschlechterformulierungen h\u00e4lt er hingegen f\u00fcr &#8220;sinnvoll&#8221;.\n            <\/div>\n<p><\/p>\n<div class=\"Text-root Text-type_5 ArticleView-text ViewText-root \">\n<p>Die \u00d6sterreichische Volkspartei (\u00d6VP) will \u2013 wie in Bayern \u2013\u00a0ein Genderverbot in der Verwaltung. Einen entsprechenden Vorschlag werde \u00d6VP-Chef und Bundeskanzler Karl Nehammer am Freitag im Vorfeld der Nationalratswahl pr\u00e4sentieren, berichtet die Gratis-Zeitung <em>Heute<\/em>.\u00a0<\/p>\n<p>Au\u00dferdem pl\u00e4diert er dem Bericht zufolge f\u00fcr ein Verbot von &#8220;Gender-Missbrauch&#8221; und will &#8220;eine klare rechtliche Konkretisierung des Genderns&#8221;.\u00a0Nehammer will sein Vorhaben auch in den Bildungseinrichtungen durchsetzen: &#8220;Gendern darf nicht pr\u00fcfungsrelevant und in wissenschaftlichen Arbeiten verpflichtend vorgeschrieben sein&#8221;.\u00a0<\/p>\n<p>Das Ausschreiben beider Geschlechterformen halte der Kanzler hingegen f\u00fcr &#8220;sinnvoll&#8221;.\u00a0<\/p>\n<p>Die Reaktionen in anderen \u00f6sterreichischen Parteien fielen\u00a0gemischt aus. Frauensprecherin Meri Disoski (Gr\u00fcne) spottete, der Bundeskanzler f\u00fcrchte sich &#8220;vor Buchstaben, Doppelpunkten &amp; Sternchen. Mit dieser Themensetzung konzentriert sich der Bundeskanzler auf Probleme, die es gar nicht gibt, um nicht \u00fcber das Zukunftsthema Nummer 1 reden zu m\u00fcssen: das \u00dcberleben unseres Planeten&#8221;, erg\u00e4nzte sie. Auch Klimaschutzministerin Leonore Gewessler sieht darin eine &#8220;reine Ablenkungsdebatte&#8221;, die man aus Wahlk\u00e4mpfen in anderen L\u00e4ndern kenne.<\/p>\n<p>Aus der Sozialdemokratischen Partei \u00d6sterreichs (SP\u00d6) hie\u00df es: &#8220;Nehammer ist der einzige Regierungschef in Europa, der sich mit Schreibregeln statt mit der Bek\u00e4mpfung der Teuerung besch\u00e4ftigt. Er ist schuld daran, dass \u00d6sterreich die h\u00f6chste Inflation in Westeuropa hat. Er sollte sich darum k\u00fcmmern, dass Wohnen und Energie wieder leistbar werden und dass Menschen ihre Arzt- und OP-Termine rasch bekommen&#8221;. Die SP\u00d6 werde sich nicht an diese &#8220;absurden, peinlichen Debatte&#8221; beteiligen.\u00a0<\/p>\n<p>Ganz gegenteilig fiel die Reaktion der Freiheitlichen Partei \u00d6sterreichs (FP\u00d6)\u00a0aus. Es m\u00fcsse noch sch\u00e4rfer vorgegangen werden, meinte Bildungssprecher Hermann Br\u00fcckl: &#8220;Tats\u00e4chlich w\u00e4re n\u00e4mlich ein Verbot von Asterisk, Binnenmajuskel, Doppelpunkt und den sonstigen orthografischen Unsinnigkeiten in den Schulen das eigentliche Gebot der Stunde.&#8221; Ein generelles Genderverbot m\u00fcsse daher schon im n\u00e4chsten Schuljahr kommen. Er sieht einen Zusammenhang mit den schlechten Ergebnissen \u00f6sterreichischer Sch\u00fcler beim Lesen und Schreiben.<\/p>\n<p><strong>Mehr zum Thema\u00a0<\/strong>\u2013 <a rel=\"nofollow noopener\" target=\"_blank\" href=\"https:\/\/freedert.online\/kurzclips\/video\/192039-rtl-trendbarometer-mehrheit-deutschen-gegen-genderneutrale-sprache\/\">RTL-Trendbarometer: Mehrheit der Deutschen gegen genderneutrale Sprache<\/a><\/p>\n<\/div>\n<p><br \/>\n<br \/><a href=\"https:\/\/de.rt.com\/europa\/193683-oesterreichs-bundeskanzler-will-geschlechtergerechte-sprache\/\">Source link <\/a><\/p>\n","protected":false},"excerpt":{"rendered":"<p>Eine geschlechtergerechte Sprache, wie das Binnen-I, Sternchen und Doppelpunkt, soll laut dem \u00f6sterreichischen Kanzler in der Verwaltung und in den Bildungseinrichtungen bis 2030 Geschichte sein. Das Ausschreiben beider Geschlechterformulierungen h\u00e4lt er hingegen f\u00fcr &#8220;sinnvoll&#8221;. Die \u00d6sterreichische Volkspartei (\u00d6VP) will \u2013 wie in Bayern \u2013\u00a0ein Genderverbot in der Verwaltung. Einen entsprechenden Vorschlag werde \u00d6VP-Chef und Bundeskanzler [&hellip;]<\/p>\n","protected":false},"author":3,"featured_media":53785,"comment_status":"open","ping_status":"open","sticky":false,"template":"","format":"standard","meta":{"_yoast_indexnow_last_ping":["1706018238"],"wp_automatic_camp":["217"],"ed3f82ceef51a3e54d9a98db23c8a269":["\u00d6sterreichs Bundeskanzler will geschlechtergerechte Sprache in der Verwaltung abschaffen"],"original_link":["https:\/\/de.rt.com\/europa\/193683-oesterreichs-bundeskanzler-will-geschlechtergerechte-sprache\/"],"_thumbnail_id":["53785"],"jnews_social_counter_last_update":["1777611764"],"_wptgpro_p2tg_sent2tg":["a:1:{i:23737;s:19:\"2024-01-23 15:58:47\";}"]},"categories":[19,23],"tags":[23515,8976,82,52723,8354,23357,25068],"yoast_head":"<!-- This site is optimized with the Yoast SEO Premium plugin v22.7 (Yoast SEO v22.7) - https:\/\/yoast.com\/wordpress\/plugins\/seo\/ -->\n<title>\u00d6sterreichs Bundeskanzler will geschlechtergerechte Sprache in der Verwaltung abschaffen - just-now.NEWS Deutschland<\/title>\n<meta name=\"robots\" content=\"index, follow, max-snippet:-1, max-image-preview:large, max-video-preview:-1\" \/>\n<link rel=\"canonical\" href=\"https:\/\/now-news.de\/de\/deutschland\/oesterreichs-bundeskanzler-will-geschlechtergerechte-sprache-in-der-verwaltung-abschaffen\/\" \/>\n<meta property=\"og:locale\" content=\"de_DE\" \/>\n<meta property=\"og:type\" content=\"article\" \/>\n<meta property=\"og:title\" content=\"\u00d6sterreichs Bundeskanzler will geschlechtergerechte Sprache in der Verwaltung abschaffen\" \/>\n<meta property=\"og:description\" content=\"Eine geschlechtergerechte Sprache, wie das Binnen-I, Sternchen und Doppelpunkt, soll laut dem \u00f6sterreichischen Kanzler in der Verwaltung und in den Bildungseinrichtungen bis 2030 Geschichte sein. Das Ausschreiben beider Geschlechterformulierungen h\u00e4lt er hingegen f\u00fcr &#8220;sinnvoll&#8221;. Die \u00d6sterreichische Volkspartei (\u00d6VP) will \u2013 wie in Bayern \u2013\u00a0ein Genderverbot in der Verwaltung. Einen entsprechenden Vorschlag werde \u00d6VP-Chef und Bundeskanzler [&hellip;]\" \/>\n<meta property=\"og:url\" content=\"https:\/\/now-news.de\/de\/deutschland\/oesterreichs-bundeskanzler-will-geschlechtergerechte-sprache-in-der-verwaltung-abschaffen\/\" \/>\n<meta property=\"og:site_name\" content=\"just-now.NEWS Deutschland\" \/>\n<meta property=\"article:publisher\" content=\"https:\/\/www.facebook.com\/wirmachenauf\" \/>\n<meta property=\"article:published_time\" content=\"2024-01-23T13:55:41+00:00\" \/>\n<meta property=\"og:image\" content=\"https:\/\/now-news.de\/de\/wp-content\/uploads\/sites\/3\/2024\/01\/Oesterreichs-Bundeskanzler-will-geschlechtergerechte-Sprache-in-der-Verwaltung-abschaffen.jpg\" \/>\n\t<meta property=\"og:image:width\" content=\"460\" \/>\n\t<meta property=\"og:image:height\" content=\"259\" \/>\n\t<meta property=\"og:image:type\" content=\"image\/jpeg\" \/>\n<meta name=\"author\" content=\"rtnews\" \/>\n<meta name=\"twitter:card\" content=\"summary_large_image\" \/>\n<meta name=\"twitter:creator\" content=\"@WirMachenAuf_de\" \/>\n<meta name=\"twitter:site\" content=\"@WirMachenAuf_de\" \/>\n<meta name=\"twitter:label1\" content=\"Verfasst von\" \/>\n\t<meta name=\"twitter:data1\" content=\"rtnews\" \/>\n\t<meta name=\"twitter:label2\" content=\"Gesch\u00e4tzte Lesezeit\" \/>\n\t<meta name=\"twitter:data2\" content=\"2\u00a0Minuten\" \/>\n<script type=\"application\/ld+json\" class=\"yoast-schema-graph\">{\"@context\":\"https:\/\/schema.org\",\"@graph\":[{\"@type\":\"Article\",\"@id\":\"https:\/\/now-news.de\/de\/deutschland\/oesterreichs-bundeskanzler-will-geschlechtergerechte-sprache-in-der-verwaltung-abschaffen\/#article\",\"isPartOf\":{\"@id\":\"https:\/\/now-news.de\/de\/deutschland\/oesterreichs-bundeskanzler-will-geschlechtergerechte-sprache-in-der-verwaltung-abschaffen\/\"},\"author\":{\"name\":\"rtnews\",\"@id\":\"https:\/\/now-news.de\/de\/#\/schema\/person\/fb534a4e865501d8b3285208df34a9b5\"},\"headline\":\"\u00d6sterreichs Bundeskanzler will geschlechtergerechte Sprache in der Verwaltung abschaffen\",\"datePublished\":\"2024-01-23T13:55:41+00:00\",\"dateModified\":\"2024-01-23T13:55:41+00:00\",\"mainEntityOfPage\":{\"@id\":\"https:\/\/now-news.de\/de\/deutschland\/oesterreichs-bundeskanzler-will-geschlechtergerechte-sprache-in-der-verwaltung-abschaffen\/\"},\"wordCount\":370,\"commentCount\":0,\"publisher\":{\"@id\":\"https:\/\/now-news.de\/de\/#organization\"},\"image\":{\"@id\":\"https:\/\/now-news.de\/de\/deutschland\/oesterreichs-bundeskanzler-will-geschlechtergerechte-sprache-in-der-verwaltung-abschaffen\/#primaryimage\"},\"thumbnailUrl\":\"https:\/\/now-news.de\/de\/wp-content\/uploads\/sites\/3\/2024\/01\/Oesterreichs-Bundeskanzler-will-geschlechtergerechte-Sprache-in-der-Verwaltung-abschaffen.jpg\",\"keywords\":[\"abschaffen\",\"Bundeskanzler\",\"der\",\"geschlechtergerechte\",\"\u00d6sterreichs\",\"Sprache\",\"Verwaltung\"],\"articleSection\":[\"Deutschland\",\"Russland\"],\"inLanguage\":\"de\",\"potentialAction\":[{\"@type\":\"CommentAction\",\"name\":\"Comment\",\"target\":[\"https:\/\/now-news.de\/de\/deutschland\/oesterreichs-bundeskanzler-will-geschlechtergerechte-sprache-in-der-verwaltung-abschaffen\/#respond\"]}]},{\"@type\":\"WebPage\",\"@id\":\"https:\/\/now-news.de\/de\/deutschland\/oesterreichs-bundeskanzler-will-geschlechtergerechte-sprache-in-der-verwaltung-abschaffen\/\",\"url\":\"https:\/\/now-news.de\/de\/deutschland\/oesterreichs-bundeskanzler-will-geschlechtergerechte-sprache-in-der-verwaltung-abschaffen\/\",\"name\":\"\u00d6sterreichs Bundeskanzler will geschlechtergerechte Sprache in der Verwaltung abschaffen - just-now.NEWS Deutschland\",\"isPartOf\":{\"@id\":\"https:\/\/now-news.de\/de\/#website\"},\"primaryImageOfPage\":{\"@id\":\"https:\/\/now-news.de\/de\/deutschland\/oesterreichs-bundeskanzler-will-geschlechtergerechte-sprache-in-der-verwaltung-abschaffen\/#primaryimage\"},\"image\":{\"@id\":\"https:\/\/now-news.de\/de\/deutschland\/oesterreichs-bundeskanzler-will-geschlechtergerechte-sprache-in-der-verwaltung-abschaffen\/#primaryimage\"},\"thumbnailUrl\":\"https:\/\/now-news.de\/de\/wp-content\/uploads\/sites\/3\/2024\/01\/Oesterreichs-Bundeskanzler-will-geschlechtergerechte-Sprache-in-der-Verwaltung-abschaffen.jpg\",\"datePublished\":\"2024-01-23T13:55:41+00:00\",\"dateModified\":\"2024-01-23T13:55:41+00:00\",\"breadcrumb\":{\"@id\":\"https:\/\/now-news.de\/de\/deutschland\/oesterreichs-bundeskanzler-will-geschlechtergerechte-sprache-in-der-verwaltung-abschaffen\/#breadcrumb\"},\"inLanguage\":\"de\",\"potentialAction\":[{\"@type\":\"ReadAction\",\"target\":[\"https:\/\/now-news.de\/de\/deutschland\/oesterreichs-bundeskanzler-will-geschlechtergerechte-sprache-in-der-verwaltung-abschaffen\/\"]}]},{\"@type\":\"ImageObject\",\"inLanguage\":\"de\",\"@id\":\"https:\/\/now-news.de\/de\/deutschland\/oesterreichs-bundeskanzler-will-geschlechtergerechte-sprache-in-der-verwaltung-abschaffen\/#primaryimage\",\"url\":\"https:\/\/now-news.de\/de\/wp-content\/uploads\/sites\/3\/2024\/01\/Oesterreichs-Bundeskanzler-will-geschlechtergerechte-Sprache-in-der-Verwaltung-abschaffen.jpg\",\"contentUrl\":\"https:\/\/now-news.de\/de\/wp-content\/uploads\/sites\/3\/2024\/01\/Oesterreichs-Bundeskanzler-will-geschlechtergerechte-Sprache-in-der-Verwaltung-abschaffen.jpg\",\"width\":460,\"height\":259,\"caption\":\"\u00d6sterreichs Bundeskanzler will geschlechtergerechte Sprache in der Verwaltung abschaffen\"},{\"@type\":\"BreadcrumbList\",\"@id\":\"https:\/\/now-news.de\/de\/deutschland\/oesterreichs-bundeskanzler-will-geschlechtergerechte-sprache-in-der-verwaltung-abschaffen\/#breadcrumb\",\"itemListElement\":[{\"@type\":\"ListItem\",\"position\":1,\"name\":\"Home\",\"item\":\"https:\/\/now-news.de\/de\/\"},{\"@type\":\"ListItem\",\"position\":2,\"name\":\"\u00d6sterreichs Bundeskanzler will geschlechtergerechte Sprache in der Verwaltung abschaffen\"}]},{\"@type\":\"WebSite\",\"@id\":\"https:\/\/now-news.de\/de\/#website\",\"url\":\"https:\/\/now-news.de\/de\/\",\"name\":\"just-now.NEWS Deutschland\",\"description\":\"Das Portal f\u00fcr unzensierte Nachrichten aus der Welt\",\"publisher\":{\"@id\":\"https:\/\/now-news.de\/de\/#organization\"},\"potentialAction\":[{\"@type\":\"SearchAction\",\"target\":{\"@type\":\"EntryPoint\",\"urlTemplate\":\"https:\/\/now-news.de\/de\/?s={search_term_string}\"},\"query-input\":\"required name=search_term_string\"}],\"inLanguage\":\"de\"},{\"@type\":\"Organization\",\"@id\":\"https:\/\/now-news.de\/de\/#organization\",\"name\":\"Just Now News\",\"url\":\"https:\/\/now-news.de\/de\/\",\"logo\":{\"@type\":\"ImageObject\",\"inLanguage\":\"de\",\"@id\":\"https:\/\/now-news.de\/de\/#\/schema\/logo\/image\/\",\"url\":\"http:\/\/just-now.news\/de\/wp-content\/uploads\/sites\/3\/2022\/04\/logo500x500.jpg\",\"contentUrl\":\"http:\/\/just-now.news\/de\/wp-content\/uploads\/sites\/3\/2022\/04\/logo500x500.jpg\",\"width\":500,\"height\":500,\"caption\":\"Just Now News\"},\"image\":{\"@id\":\"https:\/\/now-news.de\/de\/#\/schema\/logo\/image\/\"},\"sameAs\":[\"https:\/\/www.facebook.com\/wirmachenauf\",\"https:\/\/x.com\/WirMachenAuf_de\"]},{\"@type\":\"Person\",\"@id\":\"https:\/\/now-news.de\/de\/#\/schema\/person\/fb534a4e865501d8b3285208df34a9b5\",\"name\":\"rtnews\",\"image\":{\"@type\":\"ImageObject\",\"inLanguage\":\"de\",\"@id\":\"https:\/\/now-news.de\/de\/#\/schema\/person\/image\/\",\"url\":\"https:\/\/secure.gravatar.com\/avatar\/82aafea7d8127119dd649515f56e2117?s=96&d=mm&r=g\",\"contentUrl\":\"https:\/\/secure.gravatar.com\/avatar\/82aafea7d8127119dd649515f56e2117?s=96&d=mm&r=g\",\"caption\":\"rtnews\"},\"url\":\"https:\/\/now-news.de\/de\/author\/rnews\/\"}]}<\/script>\n<!-- \/ Yoast SEO Premium plugin. -->","yoast_head_json":{"title":"\u00d6sterreichs Bundeskanzler will geschlechtergerechte Sprache in der Verwaltung abschaffen - just-now.NEWS Deutschland","robots":{"index":"index","follow":"follow","max-snippet":"max-snippet:-1","max-image-preview":"max-image-preview:large","max-video-preview":"max-video-preview:-1"},"canonical":"https:\/\/now-news.de\/de\/deutschland\/oesterreichs-bundeskanzler-will-geschlechtergerechte-sprache-in-der-verwaltung-abschaffen\/","og_locale":"de_DE","og_type":"article","og_title":"\u00d6sterreichs Bundeskanzler will geschlechtergerechte Sprache in der Verwaltung abschaffen","og_description":"Eine geschlechtergerechte Sprache, wie das Binnen-I, Sternchen und Doppelpunkt, soll laut dem \u00f6sterreichischen Kanzler in der Verwaltung und in den Bildungseinrichtungen bis 2030 Geschichte sein. Das Ausschreiben beider Geschlechterformulierungen h\u00e4lt er hingegen f\u00fcr &#8220;sinnvoll&#8221;. Die \u00d6sterreichische Volkspartei (\u00d6VP) will \u2013 wie in Bayern \u2013\u00a0ein Genderverbot in der Verwaltung. Einen entsprechenden Vorschlag werde \u00d6VP-Chef und Bundeskanzler [&hellip;]","og_url":"https:\/\/now-news.de\/de\/deutschland\/oesterreichs-bundeskanzler-will-geschlechtergerechte-sprache-in-der-verwaltung-abschaffen\/","og_site_name":"just-now.NEWS Deutschland","article_publisher":"https:\/\/www.facebook.com\/wirmachenauf","article_published_time":"2024-01-23T13:55:41+00:00","og_image":[{"width":460,"height":259,"url":"https:\/\/now-news.de\/de\/wp-content\/uploads\/sites\/3\/2024\/01\/Oesterreichs-Bundeskanzler-will-geschlechtergerechte-Sprache-in-der-Verwaltung-abschaffen.jpg","type":"image\/jpeg"}],"author":"rtnews","twitter_card":"summary_large_image","twitter_creator":"@WirMachenAuf_de","twitter_site":"@WirMachenAuf_de","twitter_misc":{"Verfasst von":"rtnews","Gesch\u00e4tzte Lesezeit":"2\u00a0Minuten"},"schema":{"@context":"https:\/\/schema.org","@graph":[{"@type":"Article","@id":"https:\/\/now-news.de\/de\/deutschland\/oesterreichs-bundeskanzler-will-geschlechtergerechte-sprache-in-der-verwaltung-abschaffen\/#article","isPartOf":{"@id":"https:\/\/now-news.de\/de\/deutschland\/oesterreichs-bundeskanzler-will-geschlechtergerechte-sprache-in-der-verwaltung-abschaffen\/"},"author":{"name":"rtnews","@id":"https:\/\/now-news.de\/de\/#\/schema\/person\/fb534a4e865501d8b3285208df34a9b5"},"headline":"\u00d6sterreichs Bundeskanzler will geschlechtergerechte Sprache in der Verwaltung abschaffen","datePublished":"2024-01-23T13:55:41+00:00","dateModified":"2024-01-23T13:55:41+00:00","mainEntityOfPage":{"@id":"https:\/\/now-news.de\/de\/deutschland\/oesterreichs-bundeskanzler-will-geschlechtergerechte-sprache-in-der-verwaltung-abschaffen\/"},"wordCount":370,"commentCount":0,"publisher":{"@id":"https:\/\/now-news.de\/de\/#organization"},"image":{"@id":"https:\/\/now-news.de\/de\/deutschland\/oesterreichs-bundeskanzler-will-geschlechtergerechte-sprache-in-der-verwaltung-abschaffen\/#primaryimage"},"thumbnailUrl":"https:\/\/now-news.de\/de\/wp-content\/uploads\/sites\/3\/2024\/01\/Oesterreichs-Bundeskanzler-will-geschlechtergerechte-Sprache-in-der-Verwaltung-abschaffen.jpg","keywords":["abschaffen","Bundeskanzler","der","geschlechtergerechte","\u00d6sterreichs","Sprache","Verwaltung"],"articleSection":["Deutschland","Russland"],"inLanguage":"de","potentialAction":[{"@type":"CommentAction","name":"Comment","target":["https:\/\/now-news.de\/de\/deutschland\/oesterreichs-bundeskanzler-will-geschlechtergerechte-sprache-in-der-verwaltung-abschaffen\/#respond"]}]},{"@type":"WebPage","@id":"https:\/\/now-news.de\/de\/deutschland\/oesterreichs-bundeskanzler-will-geschlechtergerechte-sprache-in-der-verwaltung-abschaffen\/","url":"https:\/\/now-news.de\/de\/deutschland\/oesterreichs-bundeskanzler-will-geschlechtergerechte-sprache-in-der-verwaltung-abschaffen\/","name":"\u00d6sterreichs Bundeskanzler will geschlechtergerechte Sprache in der Verwaltung abschaffen - just-now.NEWS Deutschland","isPartOf":{"@id":"https:\/\/now-news.de\/de\/#website"},"primaryImageOfPage":{"@id":"https:\/\/now-news.de\/de\/deutschland\/oesterreichs-bundeskanzler-will-geschlechtergerechte-sprache-in-der-verwaltung-abschaffen\/#primaryimage"},"image":{"@id":"https:\/\/now-news.de\/de\/deutschland\/oesterreichs-bundeskanzler-will-geschlechtergerechte-sprache-in-der-verwaltung-abschaffen\/#primaryimage"},"thumbnailUrl":"https:\/\/now-news.de\/de\/wp-content\/uploads\/sites\/3\/2024\/01\/Oesterreichs-Bundeskanzler-will-geschlechtergerechte-Sprache-in-der-Verwaltung-abschaffen.jpg","datePublished":"2024-01-23T13:55:41+00:00","dateModified":"2024-01-23T13:55:41+00:00","breadcrumb":{"@id":"https:\/\/now-news.de\/de\/deutschland\/oesterreichs-bundeskanzler-will-geschlechtergerechte-sprache-in-der-verwaltung-abschaffen\/#breadcrumb"},"inLanguage":"de","potentialAction":[{"@type":"ReadAction","target":["https:\/\/now-news.de\/de\/deutschland\/oesterreichs-bundeskanzler-will-geschlechtergerechte-sprache-in-der-verwaltung-abschaffen\/"]}]},{"@type":"ImageObject","inLanguage":"de","@id":"https:\/\/now-news.de\/de\/deutschland\/oesterreichs-bundeskanzler-will-geschlechtergerechte-sprache-in-der-verwaltung-abschaffen\/#primaryimage","url":"https:\/\/now-news.de\/de\/wp-content\/uploads\/sites\/3\/2024\/01\/Oesterreichs-Bundeskanzler-will-geschlechtergerechte-Sprache-in-der-Verwaltung-abschaffen.jpg","contentUrl":"https:\/\/now-news.de\/de\/wp-content\/uploads\/sites\/3\/2024\/01\/Oesterreichs-Bundeskanzler-will-geschlechtergerechte-Sprache-in-der-Verwaltung-abschaffen.jpg","width":460,"height":259,"caption":"\u00d6sterreichs Bundeskanzler will geschlechtergerechte Sprache in der Verwaltung abschaffen"},{"@type":"BreadcrumbList","@id":"https:\/\/now-news.de\/de\/deutschland\/oesterreichs-bundeskanzler-will-geschlechtergerechte-sprache-in-der-verwaltung-abschaffen\/#breadcrumb","itemListElement":[{"@type":"ListItem","position":1,"name":"Home","item":"https:\/\/now-news.de\/de\/"},{"@type":"ListItem","position":2,"name":"\u00d6sterreichs Bundeskanzler will geschlechtergerechte Sprache in der Verwaltung abschaffen"}]},{"@type":"WebSite","@id":"https:\/\/now-news.de\/de\/#website","url":"https:\/\/now-news.de\/de\/","name":"just-now.NEWS Deutschland","description":"Das Portal f\u00fcr unzensierte Nachrichten aus der Welt","publisher":{"@id":"https:\/\/now-news.de\/de\/#organization"},"potentialAction":[{"@type":"SearchAction","target":{"@type":"EntryPoint","urlTemplate":"https:\/\/now-news.de\/de\/?s={search_term_string}"},"query-input":"required name=search_term_string"}],"inLanguage":"de"},{"@type":"Organization","@id":"https:\/\/now-news.de\/de\/#organization","name":"Just Now News","url":"https:\/\/now-news.de\/de\/","logo":{"@type":"ImageObject","inLanguage":"de","@id":"https:\/\/now-news.de\/de\/#\/schema\/logo\/image\/","url":"http:\/\/just-now.news\/de\/wp-content\/uploads\/sites\/3\/2022\/04\/logo500x500.jpg","contentUrl":"http:\/\/just-now.news\/de\/wp-content\/uploads\/sites\/3\/2022\/04\/logo500x500.jpg","width":500,"height":500,"caption":"Just Now News"},"image":{"@id":"https:\/\/now-news.de\/de\/#\/schema\/logo\/image\/"},"sameAs":["https:\/\/www.facebook.com\/wirmachenauf","https:\/\/x.com\/WirMachenAuf_de"]},{"@type":"Person","@id":"https:\/\/now-news.de\/de\/#\/schema\/person\/fb534a4e865501d8b3285208df34a9b5","name":"rtnews","image":{"@type":"ImageObject","inLanguage":"de","@id":"https:\/\/now-news.de\/de\/#\/schema\/person\/image\/","url":"https:\/\/secure.gravatar.com\/avatar\/82aafea7d8127119dd649515f56e2117?s=96&d=mm&r=g","contentUrl":"https:\/\/secure.gravatar.com\/avatar\/82aafea7d8127119dd649515f56e2117?s=96&d=mm&r=g","caption":"rtnews"},"url":"https:\/\/now-news.de\/de\/author\/rnews\/"}]}},"_links":{"self":[{"href":"https:\/\/now-news.de\/de\/wp-json\/wp\/v2\/posts\/53784"}],"collection":[{"href":"https:\/\/now-news.de\/de\/wp-json\/wp\/v2\/posts"}],"about":[{"href":"https:\/\/now-news.de\/de\/wp-json\/wp\/v2\/types\/post"}],"author":[{"embeddable":true,"href":"https:\/\/now-news.de\/de\/wp-json\/wp\/v2\/users\/3"}],"replies":[{"embeddable":true,"href":"https:\/\/now-news.de\/de\/wp-json\/wp\/v2\/comments?post=53784"}],"version-history":[{"count":0,"href":"https:\/\/now-news.de\/de\/wp-json\/wp\/v2\/posts\/53784\/revisions"}],"wp:featuredmedia":[{"embeddable":true,"href":"https:\/\/now-news.de\/de\/wp-json\/wp\/v2\/media\/53785"}],"wp:attachment":[{"href":"https:\/\/now-news.de\/de\/wp-json\/wp\/v2\/media?parent=53784"}],"wp:term":[{"taxonomy":"category","embeddable":true,"href":"https:\/\/now-news.de\/de\/wp-json\/wp\/v2\/categories?post=53784"},{"taxonomy":"post_tag","embeddable":true,"href":"https:\/\/now-news.de\/de\/wp-json\/wp\/v2\/tags?post=53784"}],"curies":[{"name":"wp","href":"https:\/\/api.w.org\/{rel}","templated":true}]}}