{"id":53780,"date":"2024-01-23T14:59:06","date_gmt":"2024-01-23T12:59:06","guid":{"rendered":"https:\/\/just-now.news\/de\/deutschland\/komisches-deutschland-rechte-demonstrationen-gegen-rechts\/"},"modified":"2024-01-23T14:59:06","modified_gmt":"2024-01-23T12:59:06","slug":"komisches-deutschland-rechte-demonstrationen-gegen-rechts","status":"publish","type":"post","link":"https:\/\/now-news.de\/de\/deutschland\/komisches-deutschland-rechte-demonstrationen-gegen-rechts\/","title":{"rendered":"Komisches Deutschland: Rechte Demonstrationen &quot;gegen rechts&quot;"},"content":{"rendered":"<p><img decoding=\"async\" src=\"http:\/\/just-now.news\/de\/wp-content\/uploads\/sites\/3\/2024\/01\/65afb88448fbef3c1e662f2c.jpg\" \/><\/p>\n<div class=\"Text-root Text-type_1 \">\n                In Deutschland geht man auf die Stra\u00dfe \u2013 &#8220;gegen rechts&#8221; hei\u00dft die Losung. Vom Ausland her betrachtet wirkt das bizarr, denn die deutsche Au\u00dfenpolitik selbst ist l\u00e4ngst ganz weit rechts angekommen. Auch innenpolitisch ist das Eintreten vornehmlich f\u00fcr die Interessen der Regierung einem mangelnden Demokratieverst\u00e4ndnis geschuldet.\n            <\/div>\n<p><\/p>\n<div class=\"Text-root Text-type_5 ArticleView-text ViewText-root \">\n<p><em>Von Gert Ewen Ungar<\/em><\/p>\n<p>Wenn man wissen m\u00f6chte, wes Geistes Kind die Bundesregierung und die deutsche Gesellschaft als Ganzes sind, empfiehlt sich ein Blick darauf, wie Deutschland aus dem Ausland wahrgenommen wird. Dieser Blick von au\u00dfen l\u00e4sst sich aktuell recht knackig zusammenfassen. Deutschland unterst\u00fctzt den V\u00f6lkermord Israels an den Pal\u00e4stinensern und strebt durch Waffenlieferungen an die Ukraine einen Sieg \u00fcber Russland an. Dabei nimmt Deutschland den Tod einer ganzen Generation ukrainischer M\u00e4nner billigend in Kauf.<\/p>\n<p>Ernstzunehmende Vorschl\u00e4ge f\u00fcr eine friedliche L\u00f6sung beider Konflikte gibt es aus Deutschland nicht. Deutschland ist ein rechter, reaktion\u00e4rer Staat, der in Gewalt ein Mittel zur L\u00f6sung von Konflikten sieht und Diplomatie und Verhandlungen ablehnt. Deutschland ist daher international weitgehend isoliert.<\/p>\n<p>Tja, so sieht es aus. Damit k\u00f6nnte der Text eigentlich auch enden, w\u00e4re da nicht die Selbstwahrnehmung vieler Deutscher.<\/p>\n<p>In Deutschland sehen das n\u00e4mlich trotz der unleugbaren Tatsachen viele anders. Man w\u00e4hnt sich auf der Seite der Guten und behauptet, aus der eigenen Geschichte gelernt zu haben. Das ist moralische Hybris in ihrer reinen Form. Der Irrtum, dem ein gro\u00dfer Teil der deutschen Gesellschaft dabei unterliegt, wird in diesen Tagen auf besonders skurrile Weise deutlich.<\/p>\n<p>Die Bundesregierung bl\u00e4st gemeinsam mit den Medien des deutschen Mainstream zum &#8220;Kampf gegen rechts&#8221;. Es handelt sich dabei um eine konzertierte Kampagne vor allem gegen die AfD und deren potenzielle W\u00e4hler. Eine gro\u00dfe Zahl Deutscher folgt dem Aufruf dieser Regierung und f\u00fchlt sich dabei sogar auf den Pfaden von Sophie Scholl wandelnd mit dem Ruf &#8220;Wehret den Anf\u00e4ngen&#8221;. Man bekenne sich zur Demokratie, fordert zugleich Zensur und Parteienverbot zu deren Schutz. Den sich darin offenbarenden Widerspruch bemerkt der gleichgeschaltete Deutsche nicht mehr. Meinungsfreiheit ist f\u00fcr ihn und seine Regierung dann verwirklicht, wenn alle \u00f6ffentlich die gleiche Meinung \u00e4u\u00dfern.\u00a0<\/p>\n<p>Nun gibt es zwischen all den Teilnehmern der aktuellen Demonstrationen gegen rechts einerseits und der legend\u00e4ren Sophie Scholl andererseits vor allem einen gro\u00dfen Unterschied: Sophie Scholl hat gegen die Interessen der damaligen Regierung protestiert \u2013 unter Inkaufnahme gr\u00f6\u00dfter Gefahr f\u00fcr ihr eigenes Leben. Die Teilnehmer der heutigen Massenveranstaltungen demonstrieren im Interesse der Bundesregierung und zwar ohne jedes Risiko f\u00fcr sich und ihre Karriere, geschweige denn f\u00fcr ihr Leben. Sie sind die neuen Mitl\u00e4ufer. Jeder bekennende AfD-W\u00e4hler, jeder Kritiker der staatlichen Corona-Ma\u00dfnahmen, jeder \u00f6ffentlich erkennbare Leser von <em>RT DE<\/em> setzt sich einem gr\u00f6\u00dferen Risiko f\u00fcr das eigene Wohlergehen aus.\u00a0<\/p>\n<p>Es geht bei den organisierten Protesten um den Ausschluss einer Opposition mit dem Argument, es handele sich dabei um Rechte und Nazis. Folgt man allerdings der Wahrnehmung aus dem Ausland, dann sitzen wirklich Rechte und Reaktion\u00e4re in Deutschland l\u00e4ngst auf der Regierungsbank. Die Waffenlieferungen in Kriegs- und Krisengebiete, das Leugnen der Genozid-Absichten sowohl in Israel als auch in der Ukraine, der feuchte Wunschtraum der deutschen Au\u00dfenministerin, Russland ruinieren zu wollen \u2013 all das ist zutiefst reaktion\u00e4r und ganz weit rechts. Bei der &#8220;oppositionellen&#8221; CDU sieht es nicht besser aus. &#8220;Russland muss verlieren lernen&#8221; w\u00fcnscht man sich dort. Dieser Revanchismus kommt nicht von der AfD und nicht von den als Schwurbler diskriminierten Kritikern der Regierung. All dieses rechte Gedankengut repr\u00e4sentiert die aktuelle Ampel-Regierung einvernehmlich mit der Oppositionsfraktion der CDU\/CSU.<\/p>\n<p>Mit dem Blick von au\u00dfen ergibt sich vielmehr: Das, was in Deutschland gerade passiert, ist das genaue Gegenteil von einem angeblichen &#8220;Widerstand gegen rechts&#8221;. Die Demonstrationen haben \u2013 um im zeitlichen Horizont des Vergleichs mit Sophie Scholl zu bleiben \u2013 eher etwas von den Aufm\u00e4rschen auf dem Reichsparteitagsgel\u00e4nde in N\u00fcrnberg an sich. Sie dienen nicht dem Schutz der Demokratie, sondern ihrem R\u00fcckbau.<\/p>\n<p>Ein relevant gro\u00dfer Teil der Deutschen macht sich erneut etwas vor: \u00fcber sich selbst, \u00fcber die deutsche Regierung und \u00fcber die Stellung Deutschlands in der Welt. Deutschland ist heute ein rechtes, ein reaktion\u00e4res Land, das \u00fcberall in der Welt bei Bedarf mit jedem rechten und reaktion\u00e4ren Regime kooperiert, das sich aber das Recht herausnimmt, andere Regierungen zu destabilisieren, wenn sie sich deutschen Interessen widersetzen. Man m\u00f6chte in anderen L\u00e4ndern durchaus auch durch Sanktionen Mangel und Hungerrevolten ausl\u00f6sen, um dort nicht genehme Regierungen zu st\u00fcrzen. Russland ist daf\u00fcr ein Beispiel, Syrien ein anderes.<\/p>\n<p>Deutschlands Bundesminister f\u00fcr Wirtschaft und Klimaschutz Robert Habeck (B\u00fcndnis 90\/Die Gr\u00fcnen) hoffte im ersten Jahr des Ukraine-Krieges, die russische Wirtschaft w\u00fcrde durch diese Sanktionen im Umfang zweistelliger prozentualer Anteile einbrechen. Jeder B\u00fcrger Russlands, der den Zusammenbruch der Sowjetunion miterlebt hat, wei\u00df, was das f\u00fcr die russische Gesellschaft bedeutet h\u00e4tte und kann den Geist, von dem Habeck beseelt ist, sofort ganz klar einordnen.\u00a0Viele Deutsche fanden auch das allerdings bereits richtig.<\/p>\n<p>Dass Menschen in anderen L\u00e4ndern andere Ideen von gutem Leben haben, als man sie in Kassel, Gelsenkirchen oder Bielefeld pflegt, \u00fcberfordert die Vorstellungskraft vieler Deutscher heutzutage. Genau das ist aber das Problem. Dieses Nicht-sein-lassen-K\u00f6nnen, dieser Mangel an Toleranz und Empathie gegen\u00fcber Unterschiedlichkeit von Kulturen und Traditionen, dieser Drang nach Gleichschaltung und angeblicher &#8220;Ordnung&#8221; in der Welt nach deutschen Vorstellungen ist\u00a0der alte kolonialistische Geist. Man hat da in Deutschland in den letzten hundert Jahren allem Anschein nach nichts dazugelernt.\u00a0<\/p>\n<p>In vielen L\u00e4ndern teilt man nicht diese deutsche Sicht auf vieles, was momentan in Deutschland als tolle Errungenschaft gilt. Man h\u00e4lt die deutsche Sicht auch nicht f\u00fcr besonders frei, besonders klug oder besonders erstrebenswert. Das trifft beispielsweise f\u00fcr den LGBT-Hype zu. Es gilt aber ebenso\u00a0f\u00fcr die in Deutschland verbreitete Vorstellung, dass Deutschland eine Demokratie in Vollendung sei. Andere L\u00e4nder sehen in Deutschland keineswegs ein leuchtendes Vorbild und w\u00fcnschen sich auch nicht, durch Deutschland von ihren angeblichen Diktatoren befreit zu werden. In Deutschland besteht man jedoch darauf, es dennoch zu versuchen.\u00a0<\/p>\n<p>In Deutschland herrscht zum angeblichen Schutz der Pressefreiheit derzeit eine strenge Zensur. Daher rangiert das Wissen vieler Deutscher um die tats\u00e4chlichen Vorg\u00e4nge in anderen L\u00e4ndern bestenfalls auf ganz provinziellem Niveau. Das ist ein Nebeneffekt, wenn man mediale Vielfalt nicht zul\u00e4sst. Die Gesellschaft verbl\u00f6det ein bisschen. Nat\u00fcrlich gibt es auch diejenigen, die sich von der Bundesregierung nicht vorschreiben lassen, welche Medien f\u00fcr sie gut und welche schlecht sind. Sie sind besser informiert, haben in Deutschland aber einen schweren Stand. Der soziale Druck ist gro\u00df. Auch die Existenz dieses Drucks deutet nicht darauf hin, dass es sich bei Deutschland um eine besonders freie und offene Gesellschaft handelt.<\/p>\n<p>Man nimmt im Ausland Deutschland auch nicht als einen souver\u00e4nen Staat wahr. Deutschland ist vielmehr ein Vasall der USA, der noch nicht einmal den Anschlag auf die eigenen Ostseepipelines Nord Stream aufkl\u00e4ren darf. Jeder wei\u00df wer es war, aber in Deutschland darf man es nicht sagen. Wer sich au\u00dferhalb Deutschlands aktuell mit diesem Land besch\u00e4ftigt, h\u00f6rt von Zensur und auch durchaus von Protesten gegen die amtierende Regierung aufgrund von immer umfassenderem Mangel und eklatanter Misswirtschaft. Der h\u00f6rt, dass die deutsche Regierung \u00fcberall auf der Welt das westliche Sanktionsregime durchsetzen will, das die Weltwirtschaft in Mitleidenschaft zieht und gegen das der UN-Menschenrechtsrat scharf protestiert hat. Der wei\u00df, dass Deutschland den Energiemarkt umkrempeln will, was bereits zu gro\u00dfen Verwerfungen f\u00fchrt \u2013 zum Nachteil vor allem armer L\u00e4nder. Deutschland geht dabei ohne jede R\u00fccksicht und ohne jedes Mitgef\u00fchl vor. Man wei\u00df mit dem \u00a0Blick von au\u00dfen, dass Deutschland allen L\u00e4ndern der Welt seine Sicht und seine Weise zu Leben oktroyieren will \u2013 die &#8220;One-Love-Armbinde&#8221; mit der sich Deutschland w\u00e4hrend der Fu\u00dfballweltmeisterschaft in Katar der L\u00e4cherlichkeit preisgegeben hat, gr\u00fc\u00dft an dieser Stelle noch einmal. Deutschland agiert \u00fcbergriffig und autorit\u00e4r. Deutschland ist daher in keiner Weise ein angesehenes Land, keines, das Sympathien genie\u00dft, denn Deutschland gilt selbst in seinem aufgesetzt wirkenden Bekenntnis zur Buntheit als reaktion\u00e4r.<\/p>\n<p>W\u00e4hrend deutsche Demonstranten meinen, gegen rechts zu demonstrieren, sieht man aus dem Ausland in den M\u00e4rschen das Wiedererstarken eines rechten Deutschlands, das sich gegen Demokratie und deren Werte wendet, denn an der heutigen deutschen Au\u00dfenpolitik wurde f\u00fcr das Ausland l\u00e4ngst in aller Deutlichkeit jener Geist sichtbar, der in Deutschland wieder aus der Flasche ist.<\/p>\n<p><strong>Mehr zum Thema<\/strong>\u00a0\u2013<a rel=\"nofollow noopener\" target=\"_blank\" href=\"https:\/\/freedert.online\/kurzclips\/video\/193610-ganz-deutschland-hasst-afd-hunderttausende-demonstrieren\/\">\u00a0&#8220;Ganz Deutschland hasst die AfD&#8221; \u2013 Hunderttausende protestieren gegen &#8220;Hass und Hetze&#8221;<\/a><\/p>\n<\/div>\n<p><br \/>\n<br \/><a href=\"https:\/\/de.rt.com\/meinung\/193660-aussenblick-rechte-demonstrationen-gegen-rechts\/\">Source link <\/a><\/p>\n","protected":false},"excerpt":{"rendered":"<p>In Deutschland geht man auf die Stra\u00dfe \u2013 &#8220;gegen rechts&#8221; hei\u00dft die Losung. Vom Ausland her betrachtet wirkt das bizarr, denn die deutsche Au\u00dfenpolitik selbst ist l\u00e4ngst ganz weit rechts angekommen. Auch innenpolitisch ist das Eintreten vornehmlich f\u00fcr die Interessen der Regierung einem mangelnden Demokratieverst\u00e4ndnis geschuldet. Von Gert Ewen Ungar Wenn man wissen m\u00f6chte, wes [&hellip;]<\/p>\n","protected":false},"author":3,"featured_media":53781,"comment_status":"open","ping_status":"open","sticky":false,"template":"","format":"standard","meta":{"_yoast_indexnow_last_ping":["1706015220"],"wp_automatic_camp":["217"],"537442d512015231f464dcfc148b79e8":["Komisches Deutschland: Rechte Demonstrationen &quot;gegen rechts&quot;"],"original_link":["https:\/\/de.rt.com\/meinung\/193660-aussenblick-rechte-demonstrationen-gegen-rechts\/"],"_thumbnail_id":["53781"],"_wptgpro_p2tg_sent2tg":["a:1:{i:23737;s:19:\"2024-01-23 15:08:17\";}"],"jnews_social_counter_last_update":["1776891629"]},"categories":[19,23],"tags":[10571,179,52722,31953,143,25075],"yoast_head":"<!-- This site is optimized with the Yoast SEO Premium plugin v22.7 (Yoast SEO v22.7) - https:\/\/yoast.com\/wordpress\/plugins\/seo\/ -->\n<title>Komisches Deutschland: Rechte Demonstrationen &quot;gegen rechts&quot; - just-now.NEWS Deutschland<\/title>\n<meta name=\"robots\" content=\"index, follow, max-snippet:-1, max-image-preview:large, max-video-preview:-1\" \/>\n<link rel=\"canonical\" href=\"https:\/\/now-news.de\/de\/deutschland\/komisches-deutschland-rechte-demonstrationen-gegen-rechts\/\" \/>\n<meta property=\"og:locale\" content=\"de_DE\" \/>\n<meta property=\"og:type\" content=\"article\" \/>\n<meta property=\"og:title\" content=\"Komisches Deutschland: Rechte Demonstrationen &quot;gegen rechts&quot;\" \/>\n<meta property=\"og:description\" content=\"In Deutschland geht man auf die Stra\u00dfe \u2013 &#8220;gegen rechts&#8221; hei\u00dft die Losung. Vom Ausland her betrachtet wirkt das bizarr, denn die deutsche Au\u00dfenpolitik selbst ist l\u00e4ngst ganz weit rechts angekommen. Auch innenpolitisch ist das Eintreten vornehmlich f\u00fcr die Interessen der Regierung einem mangelnden Demokratieverst\u00e4ndnis geschuldet. Von Gert Ewen Ungar Wenn man wissen m\u00f6chte, wes [&hellip;]\" \/>\n<meta property=\"og:url\" content=\"https:\/\/now-news.de\/de\/deutschland\/komisches-deutschland-rechte-demonstrationen-gegen-rechts\/\" \/>\n<meta property=\"og:site_name\" content=\"just-now.NEWS Deutschland\" \/>\n<meta property=\"article:publisher\" content=\"https:\/\/www.facebook.com\/wirmachenauf\" \/>\n<meta property=\"article:published_time\" content=\"2024-01-23T12:59:06+00:00\" \/>\n<meta property=\"og:image\" content=\"https:\/\/now-news.de\/de\/wp-content\/uploads\/sites\/3\/2024\/01\/Komisches-Deutschland-Rechte-Demonstrationen-quotgegen-rechtsquot.jpg\" \/>\n\t<meta property=\"og:image:width\" content=\"460\" \/>\n\t<meta property=\"og:image:height\" content=\"259\" \/>\n\t<meta property=\"og:image:type\" content=\"image\/jpeg\" \/>\n<meta name=\"author\" content=\"rtnews\" \/>\n<meta name=\"twitter:card\" content=\"summary_large_image\" \/>\n<meta name=\"twitter:creator\" content=\"@WirMachenAuf_de\" \/>\n<meta name=\"twitter:site\" content=\"@WirMachenAuf_de\" \/>\n<meta name=\"twitter:label1\" content=\"Verfasst von\" \/>\n\t<meta name=\"twitter:data1\" content=\"rtnews\" \/>\n\t<meta name=\"twitter:label2\" content=\"Gesch\u00e4tzte Lesezeit\" \/>\n\t<meta name=\"twitter:data2\" content=\"7\u00a0Minuten\" \/>\n<script type=\"application\/ld+json\" class=\"yoast-schema-graph\">{\"@context\":\"https:\/\/schema.org\",\"@graph\":[{\"@type\":\"Article\",\"@id\":\"https:\/\/now-news.de\/de\/deutschland\/komisches-deutschland-rechte-demonstrationen-gegen-rechts\/#article\",\"isPartOf\":{\"@id\":\"https:\/\/now-news.de\/de\/deutschland\/komisches-deutschland-rechte-demonstrationen-gegen-rechts\/\"},\"author\":{\"name\":\"rtnews\",\"@id\":\"https:\/\/now-news.de\/de\/#\/schema\/person\/fb534a4e865501d8b3285208df34a9b5\"},\"headline\":\"Komisches Deutschland: Rechte Demonstrationen &quot;gegen rechts&quot;\",\"datePublished\":\"2024-01-23T12:59:06+00:00\",\"dateModified\":\"2024-01-23T12:59:06+00:00\",\"mainEntityOfPage\":{\"@id\":\"https:\/\/now-news.de\/de\/deutschland\/komisches-deutschland-rechte-demonstrationen-gegen-rechts\/\"},\"wordCount\":1452,\"commentCount\":0,\"publisher\":{\"@id\":\"https:\/\/now-news.de\/de\/#organization\"},\"image\":{\"@id\":\"https:\/\/now-news.de\/de\/deutschland\/komisches-deutschland-rechte-demonstrationen-gegen-rechts\/#primaryimage\"},\"thumbnailUrl\":\"https:\/\/now-news.de\/de\/wp-content\/uploads\/sites\/3\/2024\/01\/Komisches-Deutschland-Rechte-Demonstrationen-quotgegen-rechtsquot.jpg\",\"keywords\":[\"demonstrationen\",\"Deutschland\",\"Komisches\",\"quotGegen\",\"Rechte\",\"Rechtsquot\"],\"articleSection\":[\"Deutschland\",\"Russland\"],\"inLanguage\":\"de\",\"potentialAction\":[{\"@type\":\"CommentAction\",\"name\":\"Comment\",\"target\":[\"https:\/\/now-news.de\/de\/deutschland\/komisches-deutschland-rechte-demonstrationen-gegen-rechts\/#respond\"]}]},{\"@type\":\"WebPage\",\"@id\":\"https:\/\/now-news.de\/de\/deutschland\/komisches-deutschland-rechte-demonstrationen-gegen-rechts\/\",\"url\":\"https:\/\/now-news.de\/de\/deutschland\/komisches-deutschland-rechte-demonstrationen-gegen-rechts\/\",\"name\":\"Komisches Deutschland: Rechte Demonstrationen &quot;gegen rechts&quot; - just-now.NEWS Deutschland\",\"isPartOf\":{\"@id\":\"https:\/\/now-news.de\/de\/#website\"},\"primaryImageOfPage\":{\"@id\":\"https:\/\/now-news.de\/de\/deutschland\/komisches-deutschland-rechte-demonstrationen-gegen-rechts\/#primaryimage\"},\"image\":{\"@id\":\"https:\/\/now-news.de\/de\/deutschland\/komisches-deutschland-rechte-demonstrationen-gegen-rechts\/#primaryimage\"},\"thumbnailUrl\":\"https:\/\/now-news.de\/de\/wp-content\/uploads\/sites\/3\/2024\/01\/Komisches-Deutschland-Rechte-Demonstrationen-quotgegen-rechtsquot.jpg\",\"datePublished\":\"2024-01-23T12:59:06+00:00\",\"dateModified\":\"2024-01-23T12:59:06+00:00\",\"breadcrumb\":{\"@id\":\"https:\/\/now-news.de\/de\/deutschland\/komisches-deutschland-rechte-demonstrationen-gegen-rechts\/#breadcrumb\"},\"inLanguage\":\"de\",\"potentialAction\":[{\"@type\":\"ReadAction\",\"target\":[\"https:\/\/now-news.de\/de\/deutschland\/komisches-deutschland-rechte-demonstrationen-gegen-rechts\/\"]}]},{\"@type\":\"ImageObject\",\"inLanguage\":\"de\",\"@id\":\"https:\/\/now-news.de\/de\/deutschland\/komisches-deutschland-rechte-demonstrationen-gegen-rechts\/#primaryimage\",\"url\":\"https:\/\/now-news.de\/de\/wp-content\/uploads\/sites\/3\/2024\/01\/Komisches-Deutschland-Rechte-Demonstrationen-quotgegen-rechtsquot.jpg\",\"contentUrl\":\"https:\/\/now-news.de\/de\/wp-content\/uploads\/sites\/3\/2024\/01\/Komisches-Deutschland-Rechte-Demonstrationen-quotgegen-rechtsquot.jpg\",\"width\":460,\"height\":259,\"caption\":\"Komisches Deutschland: Rechte Demonstrationen &quot;gegen rechts&quot;\"},{\"@type\":\"BreadcrumbList\",\"@id\":\"https:\/\/now-news.de\/de\/deutschland\/komisches-deutschland-rechte-demonstrationen-gegen-rechts\/#breadcrumb\",\"itemListElement\":[{\"@type\":\"ListItem\",\"position\":1,\"name\":\"Home\",\"item\":\"https:\/\/now-news.de\/de\/\"},{\"@type\":\"ListItem\",\"position\":2,\"name\":\"Komisches Deutschland: Rechte Demonstrationen &quot;gegen rechts&quot;\"}]},{\"@type\":\"WebSite\",\"@id\":\"https:\/\/now-news.de\/de\/#website\",\"url\":\"https:\/\/now-news.de\/de\/\",\"name\":\"just-now.NEWS Deutschland\",\"description\":\"Das Portal f\u00fcr unzensierte Nachrichten aus der Welt\",\"publisher\":{\"@id\":\"https:\/\/now-news.de\/de\/#organization\"},\"potentialAction\":[{\"@type\":\"SearchAction\",\"target\":{\"@type\":\"EntryPoint\",\"urlTemplate\":\"https:\/\/now-news.de\/de\/?s={search_term_string}\"},\"query-input\":\"required name=search_term_string\"}],\"inLanguage\":\"de\"},{\"@type\":\"Organization\",\"@id\":\"https:\/\/now-news.de\/de\/#organization\",\"name\":\"Just Now News\",\"url\":\"https:\/\/now-news.de\/de\/\",\"logo\":{\"@type\":\"ImageObject\",\"inLanguage\":\"de\",\"@id\":\"https:\/\/now-news.de\/de\/#\/schema\/logo\/image\/\",\"url\":\"http:\/\/just-now.news\/de\/wp-content\/uploads\/sites\/3\/2022\/04\/logo500x500.jpg\",\"contentUrl\":\"http:\/\/just-now.news\/de\/wp-content\/uploads\/sites\/3\/2022\/04\/logo500x500.jpg\",\"width\":500,\"height\":500,\"caption\":\"Just Now News\"},\"image\":{\"@id\":\"https:\/\/now-news.de\/de\/#\/schema\/logo\/image\/\"},\"sameAs\":[\"https:\/\/www.facebook.com\/wirmachenauf\",\"https:\/\/x.com\/WirMachenAuf_de\"]},{\"@type\":\"Person\",\"@id\":\"https:\/\/now-news.de\/de\/#\/schema\/person\/fb534a4e865501d8b3285208df34a9b5\",\"name\":\"rtnews\",\"image\":{\"@type\":\"ImageObject\",\"inLanguage\":\"de\",\"@id\":\"https:\/\/now-news.de\/de\/#\/schema\/person\/image\/\",\"url\":\"https:\/\/secure.gravatar.com\/avatar\/82aafea7d8127119dd649515f56e2117?s=96&d=mm&r=g\",\"contentUrl\":\"https:\/\/secure.gravatar.com\/avatar\/82aafea7d8127119dd649515f56e2117?s=96&d=mm&r=g\",\"caption\":\"rtnews\"},\"url\":\"https:\/\/now-news.de\/de\/author\/rnews\/\"}]}<\/script>\n<!-- \/ Yoast SEO Premium plugin. -->","yoast_head_json":{"title":"Komisches Deutschland: Rechte Demonstrationen &quot;gegen rechts&quot; - just-now.NEWS Deutschland","robots":{"index":"index","follow":"follow","max-snippet":"max-snippet:-1","max-image-preview":"max-image-preview:large","max-video-preview":"max-video-preview:-1"},"canonical":"https:\/\/now-news.de\/de\/deutschland\/komisches-deutschland-rechte-demonstrationen-gegen-rechts\/","og_locale":"de_DE","og_type":"article","og_title":"Komisches Deutschland: Rechte Demonstrationen &quot;gegen rechts&quot;","og_description":"In Deutschland geht man auf die Stra\u00dfe \u2013 &#8220;gegen rechts&#8221; hei\u00dft die Losung. Vom Ausland her betrachtet wirkt das bizarr, denn die deutsche Au\u00dfenpolitik selbst ist l\u00e4ngst ganz weit rechts angekommen. Auch innenpolitisch ist das Eintreten vornehmlich f\u00fcr die Interessen der Regierung einem mangelnden Demokratieverst\u00e4ndnis geschuldet. Von Gert Ewen Ungar Wenn man wissen m\u00f6chte, wes [&hellip;]","og_url":"https:\/\/now-news.de\/de\/deutschland\/komisches-deutschland-rechte-demonstrationen-gegen-rechts\/","og_site_name":"just-now.NEWS Deutschland","article_publisher":"https:\/\/www.facebook.com\/wirmachenauf","article_published_time":"2024-01-23T12:59:06+00:00","og_image":[{"width":460,"height":259,"url":"https:\/\/now-news.de\/de\/wp-content\/uploads\/sites\/3\/2024\/01\/Komisches-Deutschland-Rechte-Demonstrationen-quotgegen-rechtsquot.jpg","type":"image\/jpeg"}],"author":"rtnews","twitter_card":"summary_large_image","twitter_creator":"@WirMachenAuf_de","twitter_site":"@WirMachenAuf_de","twitter_misc":{"Verfasst von":"rtnews","Gesch\u00e4tzte Lesezeit":"7\u00a0Minuten"},"schema":{"@context":"https:\/\/schema.org","@graph":[{"@type":"Article","@id":"https:\/\/now-news.de\/de\/deutschland\/komisches-deutschland-rechte-demonstrationen-gegen-rechts\/#article","isPartOf":{"@id":"https:\/\/now-news.de\/de\/deutschland\/komisches-deutschland-rechte-demonstrationen-gegen-rechts\/"},"author":{"name":"rtnews","@id":"https:\/\/now-news.de\/de\/#\/schema\/person\/fb534a4e865501d8b3285208df34a9b5"},"headline":"Komisches Deutschland: Rechte Demonstrationen &quot;gegen rechts&quot;","datePublished":"2024-01-23T12:59:06+00:00","dateModified":"2024-01-23T12:59:06+00:00","mainEntityOfPage":{"@id":"https:\/\/now-news.de\/de\/deutschland\/komisches-deutschland-rechte-demonstrationen-gegen-rechts\/"},"wordCount":1452,"commentCount":0,"publisher":{"@id":"https:\/\/now-news.de\/de\/#organization"},"image":{"@id":"https:\/\/now-news.de\/de\/deutschland\/komisches-deutschland-rechte-demonstrationen-gegen-rechts\/#primaryimage"},"thumbnailUrl":"https:\/\/now-news.de\/de\/wp-content\/uploads\/sites\/3\/2024\/01\/Komisches-Deutschland-Rechte-Demonstrationen-quotgegen-rechtsquot.jpg","keywords":["demonstrationen","Deutschland","Komisches","quotGegen","Rechte","Rechtsquot"],"articleSection":["Deutschland","Russland"],"inLanguage":"de","potentialAction":[{"@type":"CommentAction","name":"Comment","target":["https:\/\/now-news.de\/de\/deutschland\/komisches-deutschland-rechte-demonstrationen-gegen-rechts\/#respond"]}]},{"@type":"WebPage","@id":"https:\/\/now-news.de\/de\/deutschland\/komisches-deutschland-rechte-demonstrationen-gegen-rechts\/","url":"https:\/\/now-news.de\/de\/deutschland\/komisches-deutschland-rechte-demonstrationen-gegen-rechts\/","name":"Komisches Deutschland: Rechte Demonstrationen &quot;gegen rechts&quot; - just-now.NEWS Deutschland","isPartOf":{"@id":"https:\/\/now-news.de\/de\/#website"},"primaryImageOfPage":{"@id":"https:\/\/now-news.de\/de\/deutschland\/komisches-deutschland-rechte-demonstrationen-gegen-rechts\/#primaryimage"},"image":{"@id":"https:\/\/now-news.de\/de\/deutschland\/komisches-deutschland-rechte-demonstrationen-gegen-rechts\/#primaryimage"},"thumbnailUrl":"https:\/\/now-news.de\/de\/wp-content\/uploads\/sites\/3\/2024\/01\/Komisches-Deutschland-Rechte-Demonstrationen-quotgegen-rechtsquot.jpg","datePublished":"2024-01-23T12:59:06+00:00","dateModified":"2024-01-23T12:59:06+00:00","breadcrumb":{"@id":"https:\/\/now-news.de\/de\/deutschland\/komisches-deutschland-rechte-demonstrationen-gegen-rechts\/#breadcrumb"},"inLanguage":"de","potentialAction":[{"@type":"ReadAction","target":["https:\/\/now-news.de\/de\/deutschland\/komisches-deutschland-rechte-demonstrationen-gegen-rechts\/"]}]},{"@type":"ImageObject","inLanguage":"de","@id":"https:\/\/now-news.de\/de\/deutschland\/komisches-deutschland-rechte-demonstrationen-gegen-rechts\/#primaryimage","url":"https:\/\/now-news.de\/de\/wp-content\/uploads\/sites\/3\/2024\/01\/Komisches-Deutschland-Rechte-Demonstrationen-quotgegen-rechtsquot.jpg","contentUrl":"https:\/\/now-news.de\/de\/wp-content\/uploads\/sites\/3\/2024\/01\/Komisches-Deutschland-Rechte-Demonstrationen-quotgegen-rechtsquot.jpg","width":460,"height":259,"caption":"Komisches Deutschland: Rechte Demonstrationen &quot;gegen rechts&quot;"},{"@type":"BreadcrumbList","@id":"https:\/\/now-news.de\/de\/deutschland\/komisches-deutschland-rechte-demonstrationen-gegen-rechts\/#breadcrumb","itemListElement":[{"@type":"ListItem","position":1,"name":"Home","item":"https:\/\/now-news.de\/de\/"},{"@type":"ListItem","position":2,"name":"Komisches Deutschland: Rechte Demonstrationen &quot;gegen rechts&quot;"}]},{"@type":"WebSite","@id":"https:\/\/now-news.de\/de\/#website","url":"https:\/\/now-news.de\/de\/","name":"just-now.NEWS Deutschland","description":"Das Portal f\u00fcr unzensierte Nachrichten aus der Welt","publisher":{"@id":"https:\/\/now-news.de\/de\/#organization"},"potentialAction":[{"@type":"SearchAction","target":{"@type":"EntryPoint","urlTemplate":"https:\/\/now-news.de\/de\/?s={search_term_string}"},"query-input":"required name=search_term_string"}],"inLanguage":"de"},{"@type":"Organization","@id":"https:\/\/now-news.de\/de\/#organization","name":"Just Now News","url":"https:\/\/now-news.de\/de\/","logo":{"@type":"ImageObject","inLanguage":"de","@id":"https:\/\/now-news.de\/de\/#\/schema\/logo\/image\/","url":"http:\/\/just-now.news\/de\/wp-content\/uploads\/sites\/3\/2022\/04\/logo500x500.jpg","contentUrl":"http:\/\/just-now.news\/de\/wp-content\/uploads\/sites\/3\/2022\/04\/logo500x500.jpg","width":500,"height":500,"caption":"Just Now News"},"image":{"@id":"https:\/\/now-news.de\/de\/#\/schema\/logo\/image\/"},"sameAs":["https:\/\/www.facebook.com\/wirmachenauf","https:\/\/x.com\/WirMachenAuf_de"]},{"@type":"Person","@id":"https:\/\/now-news.de\/de\/#\/schema\/person\/fb534a4e865501d8b3285208df34a9b5","name":"rtnews","image":{"@type":"ImageObject","inLanguage":"de","@id":"https:\/\/now-news.de\/de\/#\/schema\/person\/image\/","url":"https:\/\/secure.gravatar.com\/avatar\/82aafea7d8127119dd649515f56e2117?s=96&d=mm&r=g","contentUrl":"https:\/\/secure.gravatar.com\/avatar\/82aafea7d8127119dd649515f56e2117?s=96&d=mm&r=g","caption":"rtnews"},"url":"https:\/\/now-news.de\/de\/author\/rnews\/"}]}},"_links":{"self":[{"href":"https:\/\/now-news.de\/de\/wp-json\/wp\/v2\/posts\/53780"}],"collection":[{"href":"https:\/\/now-news.de\/de\/wp-json\/wp\/v2\/posts"}],"about":[{"href":"https:\/\/now-news.de\/de\/wp-json\/wp\/v2\/types\/post"}],"author":[{"embeddable":true,"href":"https:\/\/now-news.de\/de\/wp-json\/wp\/v2\/users\/3"}],"replies":[{"embeddable":true,"href":"https:\/\/now-news.de\/de\/wp-json\/wp\/v2\/comments?post=53780"}],"version-history":[{"count":0,"href":"https:\/\/now-news.de\/de\/wp-json\/wp\/v2\/posts\/53780\/revisions"}],"wp:featuredmedia":[{"embeddable":true,"href":"https:\/\/now-news.de\/de\/wp-json\/wp\/v2\/media\/53781"}],"wp:attachment":[{"href":"https:\/\/now-news.de\/de\/wp-json\/wp\/v2\/media?parent=53780"}],"wp:term":[{"taxonomy":"category","embeddable":true,"href":"https:\/\/now-news.de\/de\/wp-json\/wp\/v2\/categories?post=53780"},{"taxonomy":"post_tag","embeddable":true,"href":"https:\/\/now-news.de\/de\/wp-json\/wp\/v2\/tags?post=53780"}],"curies":[{"name":"wp","href":"https:\/\/api.w.org\/{rel}","templated":true}]}}