{"id":53754,"date":"2024-01-23T08:30:00","date_gmt":"2024-01-23T06:30:00","guid":{"rendered":"https:\/\/just-now.news\/de\/deutschland\/ukraine-konflikt-appell-von-tusk-soll-von-innenpolitischer-krise-ablenken\/"},"modified":"2024-01-23T08:30:00","modified_gmt":"2024-01-23T06:30:00","slug":"ukraine-konflikt-appell-von-tusk-soll-von-innenpolitischer-krise-ablenken","status":"publish","type":"post","link":"https:\/\/now-news.de\/de\/deutschland\/ukraine-konflikt-appell-von-tusk-soll-von-innenpolitischer-krise-ablenken\/","title":{"rendered":"Ukraine-Konflikt: Appell von Tusk soll von innenpolitischer Krise ablenken"},"content":{"rendered":"<p><img decoding=\"async\" src=\"http:\/\/just-now.news\/de\/wp-content\/uploads\/sites\/3\/2024\/01\/65ae506fb480cc6e212ad54e.jpg\" \/><\/p>\n<div class=\"Text-root Text-type_1 \">\n                Die \u00c4u\u00dferungen des polnischen Ministerpr\u00e4sidenten zielten eindeutig darauf ab, von der schlimmsten politischen Krise seines Landes seit den 1980er-Jahren abzulenken und gleichzeitig seinen Vorg\u00e4nger zu diskreditieren, der sich gegen die Ukraine ge\u00e4u\u00dfert hat.\n            <\/div>\n<p><\/p>\n<div class=\"Text-root Text-type_5 ArticleView-text ViewText-root \">\n<p><em>Von Andrew Korybko<\/em><\/p>\n<p>Der polnische Premierminister Donald Tusk erkl\u00e4rte k\u00fcrzlich in einem Interview: &#8220;Jeder polnische Patriot muss erkennen, dass es keinen Zweifel am Krieg und an unserem Engagement \u2013 und dem der gesamten westlichen Welt \u2013 f\u00fcr die Ukraine in ihrer Konfrontation mit Russland geben kann.&#8221; Anschlie\u00dfend behauptete er, dass &#8220;die Lage in der Ukraine und an der Front absolut das zentralste Thema f\u00fcr die polnische Sicherheit ist&#8221;. Seine \u00c4u\u00dferungen erfolgten im Vorfeld einer geplanten Reise nach Kiew, nachdem sich der Konflikt in der Ukraine Ende vergangenen Jahres begonnen hatte zu beruhigen.<\/p>\n<p>Sein Appell an das polnische Volk, die Ukraine zu unterst\u00fctzen, ist ein Versuch, von der schlimmsten politischen Krise seines Landes seit den 1980er-Jahren abzulenken, die durch seinen \u00dcbergriff auf nationale Medien und die Verhaftung zweier ehemaliger Minister unter rechtlich zweifelhaften Vorw\u00e4nden ausgel\u00f6st wurde. Der spezifischere Kontext, in dem Tusk versuchte, Unterst\u00fctzung f\u00fcr die Ukraine herbeizutrommeln, betrifft die anhaltende Blockade der Grenze seines Landes zur Ukraine durch polnische Bauern und Lastwagenfahrer, die damit gegen die Auswirkungen der EU-Politik zugunsten Kiews auf ihre Lebensgrundlage protestieren. Auch der fr\u00fchere Premierminister Mateusz Morawiecki gab\u00a0<a rel=\"nofollow noopener\" target=\"_blank\" href=\"https:\/\/www.express.co.uk\/news\/politics\/1854961\/rishi-sunak-ukraine-visit-poland\">k\u00fcrzlich<\/a>\u00a0in einem Interview mit einem britischen Medium zu, dass der Konflikt in der Ukraine &#8220;nicht in die gew\u00fcnschte Richtung geht&#8221;, nachdem Kiews Gegenoffensive &#8220;nicht erfolgreich&#8221; darin war, das Blatt zu wenden.<\/p>\n<p>W\u00e4hrend Morawiecki behauptete, dass der Silberstreifen am Horizont darin liege, dass sich der Westen gegen Russland vereint habe, war der allgemeine Ton seiner \u00c4u\u00dferungen durchweg negativ gepr\u00e4gt und implizierte eine zunehmende Ersch\u00f6pfung angesichts dieses Konflikts, was mit dem im vergangenen Vierteljahr aufkommenden Narrativ in den Mainstream-Medien \u00fcbereinstimmt. Der Tonfall von Tusk hingegen klang g\u00e4nzlich anders. Er sagte, dass er eine &#8220;antiukrainische Stimmung&#8221; in seiner Regierung nicht dulden werde, anders als jene, die seiner Meinung nach die Regierung von Morawiecki kurz vor ihrem Ende charakterisiert habe. Die Anspielung, die Tusk damit machte, ist, dass jeder Pole, der einen ewigen Krieg in der Ukraine nicht unterst\u00fctzt, die nationalen Interessen seines Landes verr\u00e4t. Zuvor hatte er erkl\u00e4rt: &#8220;Solange sich die Ukraine im Krieg mit Russland befindet, sind wir Polen relativ sicher.&#8221;<\/p>\n<p>Objektiv betrachtet ist die Realit\u00e4t tats\u00e4chlich das Gegenteil, da ein langwieriger Konflikt die wirtschaftlichen und milit\u00e4rischen Ressourcen Polens weiter belasten wird und gleichzeitig das Risiko eines sich in die L\u00e4nge ziehenden Konflikts erh\u00f6ht, der au\u00dfer Kontrolle ger\u00e4t, was durch einen russischen Durchbruch an der Front oder einen weiteren Raketeneinschlag in Polen beschleunigt werden k\u00f6nnte. Dennoch setzt Donald Tusk seine Karten weiterhin auf die Ukraine, obwohl sich der Gro\u00dfteil des Westens von Kiew zu distanzieren beginnt. Tusk tut dies wohl deshalb, um deutsche hegemoniale Interessen statt polnischer nationaler Interessen voranzutreiben.<\/p>\n<p>Der fr\u00fchere Vorsitzende der Regierungspartei, Jaros\u0142aw Kaczy\u0144ski, warnte wiederholt davor, dass Tusk ein &#8220;deutscher Agent&#8221; sei, der auf Gehei\u00df Berlins aus Br\u00fcssel, wo er fr\u00fcher als Pr\u00e4sident des Europ\u00e4ischen Rates diente, nach Polen zur\u00fcckgeschickt wurde, um in seinem Heimatland gem\u00e4\u00df den W\u00fcnschen aus dem Kanzleramt zu handeln. Im ukrainischen Kontext betrachtet, dient die Aufrechterhaltung des Konflikts in der Ukraine dazu, dem Plan eines deutschen NATO-Offiziellen ein Gef\u00fchl der Dringlichkeit zu verleihen, der die Bildung eines &#8220;milit\u00e4risches Schengen&#8221;\u00a0<a rel=\"nofollow noopener\" target=\"_blank\" href=\"https:\/\/pressefreiheit.rtde.live\/international\/193321-deutsche-kriegsplaene-gegen-russland-zielen-auf-ein-militaerisches-schengen-abkommen\/\">vorsieht<\/a>, was im Wesentlichen in einer gro\u00dfangelegten R\u00fcckkehr deutscher Truppen nach Polen m\u00fcnden w\u00fcrde.<\/p>\n<p>Diese Truppen k\u00f6nnten Tusk dabei helfen, die Kontrolle im eigenen Land aufrechtzuerhalten, sollte er den Sicherheitskr\u00e4ften und\/oder den Streitkr\u00e4ften nicht \u00fcber den Weg trauen, falls sich eine neue breite Oppositionsbewegung zusammenschlie\u00dft, was die konservativ-nationalistische Opposition inoffiziell versucht. Vor diesem Hintergrund liegt die patriotischste Position, die ein Pole derzeit einnehmen kann, darin, Friedensgespr\u00e4che zwischen Russland und der Ukraine zu unterst\u00fctzen, die darauf abzielen, diesen Konflikt genau so einzufrieren, wie es ein ehemaliger Oberbefehlshaber der NATO vorgeschlagen hat.<\/p>\n<p>Admiral James Stavridis schlug diese L\u00f6sung Mitte vergangenen November in einem Leitartikel f\u00fcr Bloomberg vor, den er mit der aufrichtigen Absicht vorbrachte, die kollektiven Interessen des Westens, einschlie\u00dflich jener Polens, voranzutreiben. Die j\u00fcngsten \u00c4u\u00dferungen von Donald Tusk deuten auf skandal\u00f6se Weise darauf hin, dass der ehemalige Oberbefehlshaber der NATO mit Bedrohungen f\u00fcr die &#8220;polnische Sicherheit&#8221; kokettierte und die nur abgewendet werden k\u00f6nnen, &#8220;solange sich die Ukraine im Krieg mit Russland befindet&#8221;.<\/p>\n<p>Es ist tats\u00e4chlich besch\u00e4mend, so etwas auch nur anzudeuten, ebenso wie die Vorstellung, dass Polen nur dann &#8220;relativ sicher&#8221; bleiben kann, solange in seinem Nachbarland ein bewaffneter Konflikt tobt. Der einzige Grund, warum Tusk zu einer solchen Rhetorik griff, ist die Verzweiflung, seine Gegner zu diskreditieren und von der schlimmsten politischen Krise seines Landes seit den 1980er-Jahren abzulenken. Das zeigt, dass er den Gegenwind der breiten Proteste in Warschau von vor zwei Wochen sp\u00fcrt und dass die polnischen Patrioten daher ihre Bem\u00fchungen verst\u00e4rken sollten, die polnische Demokratie zu sch\u00fctzen.<\/p>\n<p><em>Aus dem\u00a0<a rel=\"nofollow noopener\" target=\"_blank\" href=\"https:\/\/korybko.substack.com\/p\/tusks-appeal-for-patriots-to-support\">Englischen<\/a>.<\/em><\/p>\n<p><em>Andrew Korybko ist ein in Moskau ans\u00e4ssiger amerikanischer Politologe, der sich auf die US-Strategie in Afrika und Eurasien sowie auf Chinas Belt &amp; Road-Initiative, Russlands geopolitischen Balanceakt und hybride Kriegsf\u00fchrung spezialisiert hat.<\/em><\/p>\n<p><strong>Mehr zum Thema<\/strong>\u00a0\u2013 <a rel=\"nofollow noopener\" target=\"_blank\" href=\"https:\/\/freedert.online\/meinung\/193477-warum-neue-britisch-ukrainische-verteidigungsabkommen\/\">Warum das neue britisch-ukrainische Verteidigungsabkommen eine gute Nachricht f\u00fcr Russland ist<\/a><em><br \/><\/em><\/p>\n<\/div>\n<p><br \/>\n<br \/><a href=\"https:\/\/de.rt.com\/europa\/193525-juengste-appell-von-donald-tusk\/\">Source link <\/a><\/p>\n","protected":false},"excerpt":{"rendered":"<p>Die \u00c4u\u00dferungen des polnischen Ministerpr\u00e4sidenten zielten eindeutig darauf ab, von der schlimmsten politischen Krise seines Landes seit den 1980er-Jahren abzulenken und gleichzeitig seinen Vorg\u00e4nger zu diskreditieren, der sich gegen die Ukraine ge\u00e4u\u00dfert hat. Von Andrew Korybko Der polnische Premierminister Donald Tusk erkl\u00e4rte k\u00fcrzlich in einem Interview: &#8220;Jeder polnische Patriot muss erkennen, dass es keinen Zweifel [&hellip;]<\/p>\n","protected":false},"author":3,"featured_media":53755,"comment_status":"open","ping_status":"open","sticky":false,"template":"","format":"standard","meta":{"_yoast_indexnow_last_ping":["1705991898"],"wp_automatic_camp":["217"],"cf9b06bc8f0fb05abb7cf8ec0462622b":["Ukraine-Konflikt: Appell von Tusk soll von innenpolitischer Krise ablenken"],"original_link":["https:\/\/de.rt.com\/europa\/193525-juengste-appell-von-donald-tusk\/"],"_thumbnail_id":["53755"],"_wptgpro_p2tg_sent2tg":["a:1:{i:23737;s:19:\"2024-01-23 08:39:20\";}"],"jnews_social_counter_last_update":["1777599954"]},"categories":[19,23],"tags":[44678,24702,52711,861,766,32121,1173,50],"yoast_head":"<!-- This site is optimized with the Yoast SEO Premium plugin v22.7 (Yoast SEO v22.7) - https:\/\/yoast.com\/wordpress\/plugins\/seo\/ -->\n<title>Ukraine-Konflikt: Appell von Tusk soll von innenpolitischer Krise ablenken - just-now.NEWS Deutschland<\/title>\n<meta name=\"robots\" content=\"index, follow, max-snippet:-1, max-image-preview:large, max-video-preview:-1\" \/>\n<link rel=\"canonical\" href=\"https:\/\/now-news.de\/de\/deutschland\/ukraine-konflikt-appell-von-tusk-soll-von-innenpolitischer-krise-ablenken\/\" \/>\n<meta property=\"og:locale\" content=\"de_DE\" \/>\n<meta property=\"og:type\" content=\"article\" \/>\n<meta property=\"og:title\" content=\"Ukraine-Konflikt: Appell von Tusk soll von innenpolitischer Krise ablenken\" \/>\n<meta property=\"og:description\" content=\"Die \u00c4u\u00dferungen des polnischen Ministerpr\u00e4sidenten zielten eindeutig darauf ab, von der schlimmsten politischen Krise seines Landes seit den 1980er-Jahren abzulenken und gleichzeitig seinen Vorg\u00e4nger zu diskreditieren, der sich gegen die Ukraine ge\u00e4u\u00dfert hat. Von Andrew Korybko Der polnische Premierminister Donald Tusk erkl\u00e4rte k\u00fcrzlich in einem Interview: &#8220;Jeder polnische Patriot muss erkennen, dass es keinen Zweifel [&hellip;]\" \/>\n<meta property=\"og:url\" content=\"https:\/\/now-news.de\/de\/deutschland\/ukraine-konflikt-appell-von-tusk-soll-von-innenpolitischer-krise-ablenken\/\" \/>\n<meta property=\"og:site_name\" content=\"just-now.NEWS Deutschland\" \/>\n<meta property=\"article:publisher\" content=\"https:\/\/www.facebook.com\/wirmachenauf\" \/>\n<meta property=\"article:published_time\" content=\"2024-01-23T06:30:00+00:00\" \/>\n<meta property=\"og:image\" content=\"https:\/\/now-news.de\/de\/wp-content\/uploads\/sites\/3\/2024\/01\/Ukraine-Konflikt-Appell-von-Tusk-soll-von-innenpolitischer-Krise-ablenken.jpg\" \/>\n\t<meta property=\"og:image:width\" content=\"460\" \/>\n\t<meta property=\"og:image:height\" content=\"259\" \/>\n\t<meta property=\"og:image:type\" content=\"image\/jpeg\" \/>\n<meta name=\"author\" content=\"rtnews\" \/>\n<meta name=\"twitter:card\" content=\"summary_large_image\" \/>\n<meta name=\"twitter:creator\" content=\"@WirMachenAuf_de\" \/>\n<meta name=\"twitter:site\" content=\"@WirMachenAuf_de\" \/>\n<meta name=\"twitter:label1\" content=\"Verfasst von\" \/>\n\t<meta name=\"twitter:data1\" content=\"rtnews\" \/>\n\t<meta name=\"twitter:label2\" content=\"Gesch\u00e4tzte Lesezeit\" \/>\n\t<meta name=\"twitter:data2\" content=\"5\u00a0Minuten\" \/>\n<script type=\"application\/ld+json\" class=\"yoast-schema-graph\">{\"@context\":\"https:\/\/schema.org\",\"@graph\":[{\"@type\":\"Article\",\"@id\":\"https:\/\/now-news.de\/de\/deutschland\/ukraine-konflikt-appell-von-tusk-soll-von-innenpolitischer-krise-ablenken\/#article\",\"isPartOf\":{\"@id\":\"https:\/\/now-news.de\/de\/deutschland\/ukraine-konflikt-appell-von-tusk-soll-von-innenpolitischer-krise-ablenken\/\"},\"author\":{\"name\":\"rtnews\",\"@id\":\"https:\/\/now-news.de\/de\/#\/schema\/person\/fb534a4e865501d8b3285208df34a9b5\"},\"headline\":\"Ukraine-Konflikt: Appell von Tusk soll von innenpolitischer Krise ablenken\",\"datePublished\":\"2024-01-23T06:30:00+00:00\",\"dateModified\":\"2024-01-23T06:30:00+00:00\",\"mainEntityOfPage\":{\"@id\":\"https:\/\/now-news.de\/de\/deutschland\/ukraine-konflikt-appell-von-tusk-soll-von-innenpolitischer-krise-ablenken\/\"},\"wordCount\":925,\"commentCount\":0,\"publisher\":{\"@id\":\"https:\/\/now-news.de\/de\/#organization\"},\"image\":{\"@id\":\"https:\/\/now-news.de\/de\/deutschland\/ukraine-konflikt-appell-von-tusk-soll-von-innenpolitischer-krise-ablenken\/#primaryimage\"},\"thumbnailUrl\":\"https:\/\/now-news.de\/de\/wp-content\/uploads\/sites\/3\/2024\/01\/Ukraine-Konflikt-Appell-von-Tusk-soll-von-innenpolitischer-Krise-ablenken.jpg\",\"keywords\":[\"ablenken\",\"Appell\",\"innenpolitischer\",\"krise\",\"soll\",\"Tusk\",\"UkraineKonflikt\",\"von\"],\"articleSection\":[\"Deutschland\",\"Russland\"],\"inLanguage\":\"de\",\"potentialAction\":[{\"@type\":\"CommentAction\",\"name\":\"Comment\",\"target\":[\"https:\/\/now-news.de\/de\/deutschland\/ukraine-konflikt-appell-von-tusk-soll-von-innenpolitischer-krise-ablenken\/#respond\"]}]},{\"@type\":\"WebPage\",\"@id\":\"https:\/\/now-news.de\/de\/deutschland\/ukraine-konflikt-appell-von-tusk-soll-von-innenpolitischer-krise-ablenken\/\",\"url\":\"https:\/\/now-news.de\/de\/deutschland\/ukraine-konflikt-appell-von-tusk-soll-von-innenpolitischer-krise-ablenken\/\",\"name\":\"Ukraine-Konflikt: Appell von Tusk soll von innenpolitischer Krise ablenken - just-now.NEWS Deutschland\",\"isPartOf\":{\"@id\":\"https:\/\/now-news.de\/de\/#website\"},\"primaryImageOfPage\":{\"@id\":\"https:\/\/now-news.de\/de\/deutschland\/ukraine-konflikt-appell-von-tusk-soll-von-innenpolitischer-krise-ablenken\/#primaryimage\"},\"image\":{\"@id\":\"https:\/\/now-news.de\/de\/deutschland\/ukraine-konflikt-appell-von-tusk-soll-von-innenpolitischer-krise-ablenken\/#primaryimage\"},\"thumbnailUrl\":\"https:\/\/now-news.de\/de\/wp-content\/uploads\/sites\/3\/2024\/01\/Ukraine-Konflikt-Appell-von-Tusk-soll-von-innenpolitischer-Krise-ablenken.jpg\",\"datePublished\":\"2024-01-23T06:30:00+00:00\",\"dateModified\":\"2024-01-23T06:30:00+00:00\",\"breadcrumb\":{\"@id\":\"https:\/\/now-news.de\/de\/deutschland\/ukraine-konflikt-appell-von-tusk-soll-von-innenpolitischer-krise-ablenken\/#breadcrumb\"},\"inLanguage\":\"de\",\"potentialAction\":[{\"@type\":\"ReadAction\",\"target\":[\"https:\/\/now-news.de\/de\/deutschland\/ukraine-konflikt-appell-von-tusk-soll-von-innenpolitischer-krise-ablenken\/\"]}]},{\"@type\":\"ImageObject\",\"inLanguage\":\"de\",\"@id\":\"https:\/\/now-news.de\/de\/deutschland\/ukraine-konflikt-appell-von-tusk-soll-von-innenpolitischer-krise-ablenken\/#primaryimage\",\"url\":\"https:\/\/now-news.de\/de\/wp-content\/uploads\/sites\/3\/2024\/01\/Ukraine-Konflikt-Appell-von-Tusk-soll-von-innenpolitischer-Krise-ablenken.jpg\",\"contentUrl\":\"https:\/\/now-news.de\/de\/wp-content\/uploads\/sites\/3\/2024\/01\/Ukraine-Konflikt-Appell-von-Tusk-soll-von-innenpolitischer-Krise-ablenken.jpg\",\"width\":460,\"height\":259,\"caption\":\"Ukraine-Konflikt: Appell von Tusk soll von innenpolitischer Krise ablenken\"},{\"@type\":\"BreadcrumbList\",\"@id\":\"https:\/\/now-news.de\/de\/deutschland\/ukraine-konflikt-appell-von-tusk-soll-von-innenpolitischer-krise-ablenken\/#breadcrumb\",\"itemListElement\":[{\"@type\":\"ListItem\",\"position\":1,\"name\":\"Home\",\"item\":\"https:\/\/now-news.de\/de\/\"},{\"@type\":\"ListItem\",\"position\":2,\"name\":\"Ukraine-Konflikt: Appell von Tusk soll von innenpolitischer Krise ablenken\"}]},{\"@type\":\"WebSite\",\"@id\":\"https:\/\/now-news.de\/de\/#website\",\"url\":\"https:\/\/now-news.de\/de\/\",\"name\":\"just-now.NEWS Deutschland\",\"description\":\"Das Portal f\u00fcr unzensierte Nachrichten aus der Welt\",\"publisher\":{\"@id\":\"https:\/\/now-news.de\/de\/#organization\"},\"potentialAction\":[{\"@type\":\"SearchAction\",\"target\":{\"@type\":\"EntryPoint\",\"urlTemplate\":\"https:\/\/now-news.de\/de\/?s={search_term_string}\"},\"query-input\":\"required name=search_term_string\"}],\"inLanguage\":\"de\"},{\"@type\":\"Organization\",\"@id\":\"https:\/\/now-news.de\/de\/#organization\",\"name\":\"Just Now News\",\"url\":\"https:\/\/now-news.de\/de\/\",\"logo\":{\"@type\":\"ImageObject\",\"inLanguage\":\"de\",\"@id\":\"https:\/\/now-news.de\/de\/#\/schema\/logo\/image\/\",\"url\":\"http:\/\/just-now.news\/de\/wp-content\/uploads\/sites\/3\/2022\/04\/logo500x500.jpg\",\"contentUrl\":\"http:\/\/just-now.news\/de\/wp-content\/uploads\/sites\/3\/2022\/04\/logo500x500.jpg\",\"width\":500,\"height\":500,\"caption\":\"Just Now News\"},\"image\":{\"@id\":\"https:\/\/now-news.de\/de\/#\/schema\/logo\/image\/\"},\"sameAs\":[\"https:\/\/www.facebook.com\/wirmachenauf\",\"https:\/\/x.com\/WirMachenAuf_de\"]},{\"@type\":\"Person\",\"@id\":\"https:\/\/now-news.de\/de\/#\/schema\/person\/fb534a4e865501d8b3285208df34a9b5\",\"name\":\"rtnews\",\"image\":{\"@type\":\"ImageObject\",\"inLanguage\":\"de\",\"@id\":\"https:\/\/now-news.de\/de\/#\/schema\/person\/image\/\",\"url\":\"https:\/\/secure.gravatar.com\/avatar\/82aafea7d8127119dd649515f56e2117?s=96&d=mm&r=g\",\"contentUrl\":\"https:\/\/secure.gravatar.com\/avatar\/82aafea7d8127119dd649515f56e2117?s=96&d=mm&r=g\",\"caption\":\"rtnews\"},\"url\":\"https:\/\/now-news.de\/de\/author\/rnews\/\"}]}<\/script>\n<!-- \/ Yoast SEO Premium plugin. -->","yoast_head_json":{"title":"Ukraine-Konflikt: Appell von Tusk soll von innenpolitischer Krise ablenken - just-now.NEWS Deutschland","robots":{"index":"index","follow":"follow","max-snippet":"max-snippet:-1","max-image-preview":"max-image-preview:large","max-video-preview":"max-video-preview:-1"},"canonical":"https:\/\/now-news.de\/de\/deutschland\/ukraine-konflikt-appell-von-tusk-soll-von-innenpolitischer-krise-ablenken\/","og_locale":"de_DE","og_type":"article","og_title":"Ukraine-Konflikt: Appell von Tusk soll von innenpolitischer Krise ablenken","og_description":"Die \u00c4u\u00dferungen des polnischen Ministerpr\u00e4sidenten zielten eindeutig darauf ab, von der schlimmsten politischen Krise seines Landes seit den 1980er-Jahren abzulenken und gleichzeitig seinen Vorg\u00e4nger zu diskreditieren, der sich gegen die Ukraine ge\u00e4u\u00dfert hat. Von Andrew Korybko Der polnische Premierminister Donald Tusk erkl\u00e4rte k\u00fcrzlich in einem Interview: &#8220;Jeder polnische Patriot muss erkennen, dass es keinen Zweifel [&hellip;]","og_url":"https:\/\/now-news.de\/de\/deutschland\/ukraine-konflikt-appell-von-tusk-soll-von-innenpolitischer-krise-ablenken\/","og_site_name":"just-now.NEWS Deutschland","article_publisher":"https:\/\/www.facebook.com\/wirmachenauf","article_published_time":"2024-01-23T06:30:00+00:00","og_image":[{"width":460,"height":259,"url":"https:\/\/now-news.de\/de\/wp-content\/uploads\/sites\/3\/2024\/01\/Ukraine-Konflikt-Appell-von-Tusk-soll-von-innenpolitischer-Krise-ablenken.jpg","type":"image\/jpeg"}],"author":"rtnews","twitter_card":"summary_large_image","twitter_creator":"@WirMachenAuf_de","twitter_site":"@WirMachenAuf_de","twitter_misc":{"Verfasst von":"rtnews","Gesch\u00e4tzte Lesezeit":"5\u00a0Minuten"},"schema":{"@context":"https:\/\/schema.org","@graph":[{"@type":"Article","@id":"https:\/\/now-news.de\/de\/deutschland\/ukraine-konflikt-appell-von-tusk-soll-von-innenpolitischer-krise-ablenken\/#article","isPartOf":{"@id":"https:\/\/now-news.de\/de\/deutschland\/ukraine-konflikt-appell-von-tusk-soll-von-innenpolitischer-krise-ablenken\/"},"author":{"name":"rtnews","@id":"https:\/\/now-news.de\/de\/#\/schema\/person\/fb534a4e865501d8b3285208df34a9b5"},"headline":"Ukraine-Konflikt: Appell von Tusk soll von innenpolitischer Krise ablenken","datePublished":"2024-01-23T06:30:00+00:00","dateModified":"2024-01-23T06:30:00+00:00","mainEntityOfPage":{"@id":"https:\/\/now-news.de\/de\/deutschland\/ukraine-konflikt-appell-von-tusk-soll-von-innenpolitischer-krise-ablenken\/"},"wordCount":925,"commentCount":0,"publisher":{"@id":"https:\/\/now-news.de\/de\/#organization"},"image":{"@id":"https:\/\/now-news.de\/de\/deutschland\/ukraine-konflikt-appell-von-tusk-soll-von-innenpolitischer-krise-ablenken\/#primaryimage"},"thumbnailUrl":"https:\/\/now-news.de\/de\/wp-content\/uploads\/sites\/3\/2024\/01\/Ukraine-Konflikt-Appell-von-Tusk-soll-von-innenpolitischer-Krise-ablenken.jpg","keywords":["ablenken","Appell","innenpolitischer","krise","soll","Tusk","UkraineKonflikt","von"],"articleSection":["Deutschland","Russland"],"inLanguage":"de","potentialAction":[{"@type":"CommentAction","name":"Comment","target":["https:\/\/now-news.de\/de\/deutschland\/ukraine-konflikt-appell-von-tusk-soll-von-innenpolitischer-krise-ablenken\/#respond"]}]},{"@type":"WebPage","@id":"https:\/\/now-news.de\/de\/deutschland\/ukraine-konflikt-appell-von-tusk-soll-von-innenpolitischer-krise-ablenken\/","url":"https:\/\/now-news.de\/de\/deutschland\/ukraine-konflikt-appell-von-tusk-soll-von-innenpolitischer-krise-ablenken\/","name":"Ukraine-Konflikt: Appell von Tusk soll von innenpolitischer Krise ablenken - just-now.NEWS Deutschland","isPartOf":{"@id":"https:\/\/now-news.de\/de\/#website"},"primaryImageOfPage":{"@id":"https:\/\/now-news.de\/de\/deutschland\/ukraine-konflikt-appell-von-tusk-soll-von-innenpolitischer-krise-ablenken\/#primaryimage"},"image":{"@id":"https:\/\/now-news.de\/de\/deutschland\/ukraine-konflikt-appell-von-tusk-soll-von-innenpolitischer-krise-ablenken\/#primaryimage"},"thumbnailUrl":"https:\/\/now-news.de\/de\/wp-content\/uploads\/sites\/3\/2024\/01\/Ukraine-Konflikt-Appell-von-Tusk-soll-von-innenpolitischer-Krise-ablenken.jpg","datePublished":"2024-01-23T06:30:00+00:00","dateModified":"2024-01-23T06:30:00+00:00","breadcrumb":{"@id":"https:\/\/now-news.de\/de\/deutschland\/ukraine-konflikt-appell-von-tusk-soll-von-innenpolitischer-krise-ablenken\/#breadcrumb"},"inLanguage":"de","potentialAction":[{"@type":"ReadAction","target":["https:\/\/now-news.de\/de\/deutschland\/ukraine-konflikt-appell-von-tusk-soll-von-innenpolitischer-krise-ablenken\/"]}]},{"@type":"ImageObject","inLanguage":"de","@id":"https:\/\/now-news.de\/de\/deutschland\/ukraine-konflikt-appell-von-tusk-soll-von-innenpolitischer-krise-ablenken\/#primaryimage","url":"https:\/\/now-news.de\/de\/wp-content\/uploads\/sites\/3\/2024\/01\/Ukraine-Konflikt-Appell-von-Tusk-soll-von-innenpolitischer-Krise-ablenken.jpg","contentUrl":"https:\/\/now-news.de\/de\/wp-content\/uploads\/sites\/3\/2024\/01\/Ukraine-Konflikt-Appell-von-Tusk-soll-von-innenpolitischer-Krise-ablenken.jpg","width":460,"height":259,"caption":"Ukraine-Konflikt: Appell von Tusk soll von innenpolitischer Krise ablenken"},{"@type":"BreadcrumbList","@id":"https:\/\/now-news.de\/de\/deutschland\/ukraine-konflikt-appell-von-tusk-soll-von-innenpolitischer-krise-ablenken\/#breadcrumb","itemListElement":[{"@type":"ListItem","position":1,"name":"Home","item":"https:\/\/now-news.de\/de\/"},{"@type":"ListItem","position":2,"name":"Ukraine-Konflikt: Appell von Tusk soll von innenpolitischer Krise ablenken"}]},{"@type":"WebSite","@id":"https:\/\/now-news.de\/de\/#website","url":"https:\/\/now-news.de\/de\/","name":"just-now.NEWS Deutschland","description":"Das Portal f\u00fcr unzensierte Nachrichten aus der Welt","publisher":{"@id":"https:\/\/now-news.de\/de\/#organization"},"potentialAction":[{"@type":"SearchAction","target":{"@type":"EntryPoint","urlTemplate":"https:\/\/now-news.de\/de\/?s={search_term_string}"},"query-input":"required name=search_term_string"}],"inLanguage":"de"},{"@type":"Organization","@id":"https:\/\/now-news.de\/de\/#organization","name":"Just Now News","url":"https:\/\/now-news.de\/de\/","logo":{"@type":"ImageObject","inLanguage":"de","@id":"https:\/\/now-news.de\/de\/#\/schema\/logo\/image\/","url":"http:\/\/just-now.news\/de\/wp-content\/uploads\/sites\/3\/2022\/04\/logo500x500.jpg","contentUrl":"http:\/\/just-now.news\/de\/wp-content\/uploads\/sites\/3\/2022\/04\/logo500x500.jpg","width":500,"height":500,"caption":"Just Now News"},"image":{"@id":"https:\/\/now-news.de\/de\/#\/schema\/logo\/image\/"},"sameAs":["https:\/\/www.facebook.com\/wirmachenauf","https:\/\/x.com\/WirMachenAuf_de"]},{"@type":"Person","@id":"https:\/\/now-news.de\/de\/#\/schema\/person\/fb534a4e865501d8b3285208df34a9b5","name":"rtnews","image":{"@type":"ImageObject","inLanguage":"de","@id":"https:\/\/now-news.de\/de\/#\/schema\/person\/image\/","url":"https:\/\/secure.gravatar.com\/avatar\/82aafea7d8127119dd649515f56e2117?s=96&d=mm&r=g","contentUrl":"https:\/\/secure.gravatar.com\/avatar\/82aafea7d8127119dd649515f56e2117?s=96&d=mm&r=g","caption":"rtnews"},"url":"https:\/\/now-news.de\/de\/author\/rnews\/"}]}},"_links":{"self":[{"href":"https:\/\/now-news.de\/de\/wp-json\/wp\/v2\/posts\/53754"}],"collection":[{"href":"https:\/\/now-news.de\/de\/wp-json\/wp\/v2\/posts"}],"about":[{"href":"https:\/\/now-news.de\/de\/wp-json\/wp\/v2\/types\/post"}],"author":[{"embeddable":true,"href":"https:\/\/now-news.de\/de\/wp-json\/wp\/v2\/users\/3"}],"replies":[{"embeddable":true,"href":"https:\/\/now-news.de\/de\/wp-json\/wp\/v2\/comments?post=53754"}],"version-history":[{"count":0,"href":"https:\/\/now-news.de\/de\/wp-json\/wp\/v2\/posts\/53754\/revisions"}],"wp:featuredmedia":[{"embeddable":true,"href":"https:\/\/now-news.de\/de\/wp-json\/wp\/v2\/media\/53755"}],"wp:attachment":[{"href":"https:\/\/now-news.de\/de\/wp-json\/wp\/v2\/media?parent=53754"}],"wp:term":[{"taxonomy":"category","embeddable":true,"href":"https:\/\/now-news.de\/de\/wp-json\/wp\/v2\/categories?post=53754"},{"taxonomy":"post_tag","embeddable":true,"href":"https:\/\/now-news.de\/de\/wp-json\/wp\/v2\/tags?post=53754"}],"curies":[{"name":"wp","href":"https:\/\/api.w.org\/{rel}","templated":true}]}}