{"id":53740,"date":"2024-01-22T21:54:25","date_gmt":"2024-01-22T19:54:25","guid":{"rendered":"https:\/\/just-now.news\/de\/deutschland\/rekrutierungsoffiziere-der-ukrainischen-wehrbehoerde-wie-die-einstigen-kapos\/"},"modified":"2024-01-22T21:54:25","modified_gmt":"2024-01-22T19:54:25","slug":"rekrutierungsoffiziere-der-ukrainischen-wehrbehoerde-wie-die-einstigen-kapos","status":"publish","type":"post","link":"https:\/\/now-news.de\/de\/deutschland\/rekrutierungsoffiziere-der-ukrainischen-wehrbehoerde-wie-die-einstigen-kapos\/","title":{"rendered":"Rekrutierungsoffiziere der ukrainischen Wehrbeh\u00f6rde \u2013 wie die einstigen &quot;Kapos&quot;?"},"content":{"rendered":"<p><img decoding=\"async\" src=\"http:\/\/just-now.news\/de\/wp-content\/uploads\/sites\/3\/2024\/01\/65aea39fb480cc0b34511d96.jpg\" \/><\/p>\n<div class=\"Text-root Text-type_1 \">\n                Wegen der hohen Verluste soll die Ukraine laut Forderung der westlichen Staaten f\u00fcr weiteres Personal in der Armee sorgen. Um dem nachzukommen, bedient sich Kiews Wehrbeh\u00f6rde inzwischen drastischer Ma\u00dfnahmen. Dabei werden Parallelen zur Kapo aus der Zeit des Nationalsozialismus deutlich.\n            <\/div>\n<p><\/p>\n<div class=\"Text-root Text-type_5 ArticleView-text ViewText-root \">\n<p><em>Von Sergei Fomichev<\/em><\/p>\n<p>Seit dem Beginn der Kampfhandlungen vor fast zwei Jahren mussten die Ukraine und Russland hohe Verluste hinnehmen. Doch die Zahl der Todesopfer auf ukrainischer Seite ist bei Weitem h\u00f6her als bei ihrem Gegner: Nach Sch\u00e4tzungen sollen \u00fcber eine halbe Million ukrainischer Soldaten get\u00f6tet worden sein, weshalb die entstandene Personalsituation in der Armee als kritisch gilt. Dies macht einen Zusammenbruch der Streitkr\u00e4fte immer wahrscheinlicher.<\/p>\n<p>Dass dieser Zusammenbruch aber verhindert und der Krieg weitergef\u00fchrt werden muss, wurde Kiew vonseiten westlicher Staaten unmissverst\u00e4ndlich klargemacht. Vorrangig forderten die USA die ukrainische F\u00fchrung auf, die Mobilisierung auszuweiten, um die enormen Verluste auszugleichen. Obwohl die Beh\u00f6rden in Kiew zwar offiziell keine genaue Zahl nennen, gehen Beobachter von mehreren Hunderttausend Rekruten aus, die in den kommenden Wochen und Monaten eingezogen werden sollen.<\/p>\n<p>Dies erweist sich jedoch als \u00e4u\u00dferst schwierig, da der Gro\u00dfteil der ukrainischen M\u00e4nner im kampff\u00e4higen Alter zwischen 18 und 60 Jahren, die im Rahmen der Generalmobilmachung der Einberufung unterliegen und deshalb das Land nicht verlassen d\u00fcrfen, entweder schon ins Ausland geflohen ist oder die Einberufung ignoriert. Daher verl\u00e4uft die Mobilmachung eher schlecht als recht, weshalb Kiew inzwischen zu drastischeren Ma\u00dfnahmen greift \u2013 wie der sogenannten Zwangsrekrutierung, bei der die Ukrainer von den Mitarbeitern der Wehrbeh\u00f6rde unter anderem mit Gewalt zum Dienst in der Arme eingezogen werden. Abgesehen davon verteilen die Rekrutierungsoffiziere die Vorladungen und Einberufungen inzwischen fast \u00fcberall: auf der Stra\u00dfe, in Gesch\u00e4ften, in der U-Bahn oder in Sporthallen. Im Netz kursieren unz\u00e4hlige Videoaufnahmen, die solche Aktionen zeigen sollen. Sogar einige westliche\u00a0<a rel=\"nofollow noopener\" target=\"_blank\" href=\"https:\/\/www.faz.net\/aktuell\/politik\/ausland\/rekrutierungen-in-der-ukraine-neue-maenner-fuer-die-front-18880888.html\">Medien<\/a>\u00a0kamen nicht umhin, als von unrechtm\u00e4\u00dfigen Einberufungsbescheiden, brutalen Situationen oder Zwangsmobilisierungstaktiken der ukrainischen Beh\u00f6rden zu\u00a0<a rel=\"nofollow noopener\" target=\"_blank\" href=\"https:\/\/www.merkur.de\/politik\/ukraine-krieg-russland-soldante-rekruten-mobilmachung-front-einsatz-methoden-92196808.html\">berichten<\/a>.<\/p>\n<p>In Anbetracht dessen ist es keine \u00dcbertreibung zu sagen, dass in vielen St\u00e4dten der Ukraine wegen der Mobilisierung inzwischen ein regelrechter Zustand der Angst herrscht. Denn viele ukrainische M\u00e4nner f\u00fcrchten sich davor, auf die Rekrutierer zu treffen und so an die Front zu kommen.<\/p>\n<p><strong>Parallelen zum Vorgehen der &#8220;Kapo&#8221;?<\/strong><\/p>\n<p>In diesem Zusammenhang kommt ein interessanter Vergleich in den Sinn: Die vom Westen quasi verordneten Ma\u00dfnahmen zur Ausweitung der Mobilmachung, das harte Durchgreifen der ukrainischen Rekrutierer, die Angst, die sie unter den ukrainischen M\u00e4nnern verbreiten, die ihrerseits aus dem Krisenland nicht raus d\u00fcrfen \u2013 da werden doch gewisse Parallelen zum Vorgehen der Kameradschafts-Polizei (Kapo) aus der Zeit des Nationalsozialismus deutlich.<\/p>\n<p>Die Kapo waren sogenannte Funktionsh\u00e4ftlinge in einem Konzentrationslager w\u00e4hrend der Naziherrschaft, die die Befehle der Lagerleitung erledigen und von der SS etwa als Aufseher f\u00fcr andere H\u00e4ftlinge eingesetzt wurden. Um mit dem Leben davonzukommen und sich mit den Nazis zu arrangieren, waren die Kapos meist zu allem bereit und \u00fcbertrafen hinsichtlich der Grausamkeit gegen\u00fcber den Lagerh\u00e4ftlingen oft die Nazis selbst, wie aus zahlreichen Dokumenten hervorgeht. Etwa 10 Prozent der H\u00e4ftlinge in den KZs waren &#8220;Funktionsh\u00e4ftlinge&#8221;.<\/p>\n<p>Interessanterweise wurde dazu von einem russischen Polit-Blogger im Netz k\u00fcrzlich derselbe Vergleich gezogen. In einem Artikel, der auf dem Portal <em>News-Front<\/em> am Samstag\u00a0<a rel=\"nofollow noopener\" target=\"_blank\" href=\"https:\/\/news-front.su\/2024\/01\/20\/sovremennye-ukrainskie-kapo-golos-mordora\">ver\u00f6ffentlicht<\/a>\u00a0wurde, rechnet der Autor mit dem Vorgehen der ukrainischen Rekrutierungsoffiziere ab und prophezeit ihnen ein sehr unr\u00fchmliches Ende.<\/p>\n<p>In einem Auszug hei\u00dft es: &#8220;Genau so [\u2026] helfen die Rekrutierer den westlichen Herren, ihre (ukrainischen \u2013 <em>Anm. d.<\/em>\u00a0<em>Red.<\/em>) Mitb\u00fcrger zu t\u00f6ten. Diese molligen, wohlgen\u00e4hrten Schurken, die denken, dass sie selbst niemals an die Front kommen werden, die ihre eigenen B\u00fcrger fangen und zur Schlachtung schicken. Wie am Flie\u00dfband. Und das ist auch ein Verm\u00e4chtnis der ukrainischen Geschichte, weil es in der Geschichte der Ukraine immer genug von solchem Abschaum gab, zu allen Zeiten. Bestimmt hat irgendjemand einst den Polen, Schweden, T\u00fcrken und zuletzt auch Deutschen genauso gedient. Ein ziemlich hoher Prozentsatz der Einwohner des Landes erweist sich (heute \u2013 <em>Anm. d.<\/em>\u00a0<em>Red.<\/em>) als Verr\u00e4ter, die bereit sind, ihr Volk zu t\u00f6ten. Das sind nat\u00fcrlich nicht die meisten B\u00fcrger, aber dennoch gibt es viele von ihnen.<\/p>\n<p>Aber man muss sich zugleich unbedingt daran erinnern, was mit der Kapo passiert, wenn die Herren aus dem Konzentrationslager fliehen. Sie nehmen keine Kapos mit, weil diese f\u00fcr sie auch Untermenschen sind, und zudem professionelle Verr\u00e4ter.<\/p>\n<p>Am Ende des Zweiten Weltkriegs, als die H\u00e4ftlinge die Konzentrationslager \u00fcbernahmen, taten sie mit den Kapos schreckliche Dinge, \u00fcbrigens zu Recht. Diese wurden geh\u00e4ngt, in St\u00fccke gerissen, zu Tode gepr\u00fcgelt \u2013 es ist unwahrscheinlich, dass jemand dem Zorn ehemaliger Gefangener entgehen konnte.&#8221;<\/p>\n<p><strong>Mehr zum Thema<\/strong> &#8211; <a rel=\"nofollow noopener\" target=\"_blank\" href=\"https:\/\/freeassange.rtde.live\/international\/193520-auch-welt-raeumt-nun-lage\/\">Auch die &#8220;Welt&#8221; r\u00e4umt nun ein: Lage an der Front f\u00fcr die Ukraine ist &#8220;dramatisch&#8221; <\/a><\/p>\n<p>\u00a0<\/p>\n<\/div>\n<p><br \/>\n<br \/><a href=\"https:\/\/de.rt.com\/meinung\/193596-rekrutierungsoffiziere-ukrainischen-wehrbehoerde-wie-einstigen\/\">Source link <\/a><\/p>\n","protected":false},"excerpt":{"rendered":"<p>Wegen der hohen Verluste soll die Ukraine laut Forderung der westlichen Staaten f\u00fcr weiteres Personal in der Armee sorgen. Um dem nachzukommen, bedient sich Kiews Wehrbeh\u00f6rde inzwischen drastischer Ma\u00dfnahmen. Dabei werden Parallelen zur Kapo aus der Zeit des Nationalsozialismus deutlich. Von Sergei Fomichev Seit dem Beginn der Kampfhandlungen vor fast zwei Jahren mussten die Ukraine [&hellip;]<\/p>\n","protected":false},"author":3,"featured_media":53741,"comment_status":"open","ping_status":"open","sticky":false,"template":"","format":"standard","meta":{"_yoast_indexnow_last_ping":["1705953385"],"wp_automatic_camp":["217"],"9b1fe1c6e29dd7513d1c0ece202c0129":["Rekrutierungsoffiziere der ukrainischen Wehrbeh\u00f6rde \u2013 wie die einstigen &quot;Kapos&quot;?"],"original_link":["https:\/\/de.rt.com\/meinung\/193596-rekrutierungsoffiziere-ukrainischen-wehrbehoerde-wie-einstigen\/"],"_thumbnail_id":["53741"],"_wptgpro_p2tg_sent2tg":["a:1:{i:23737;s:19:\"2024-01-22 21:57:41\";}"],"jnews_social_counter_last_update":["1777350054"]},"categories":[19,23],"tags":[82,45,41564,52709,52707,2332,52708,579],"yoast_head":"<!-- This site is optimized with the Yoast SEO Premium plugin v22.7 (Yoast SEO v22.7) - https:\/\/yoast.com\/wordpress\/plugins\/seo\/ -->\n<title>Rekrutierungsoffiziere der ukrainischen Wehrbeh\u00f6rde \u2013 wie die einstigen &quot;Kapos&quot;? - just-now.NEWS Deutschland<\/title>\n<meta name=\"robots\" content=\"index, follow, max-snippet:-1, max-image-preview:large, max-video-preview:-1\" \/>\n<link rel=\"canonical\" href=\"https:\/\/now-news.de\/de\/deutschland\/rekrutierungsoffiziere-der-ukrainischen-wehrbehoerde-wie-die-einstigen-kapos\/\" \/>\n<meta property=\"og:locale\" content=\"de_DE\" \/>\n<meta property=\"og:type\" content=\"article\" \/>\n<meta property=\"og:title\" content=\"Rekrutierungsoffiziere der ukrainischen Wehrbeh\u00f6rde \u2013 wie die einstigen &quot;Kapos&quot;?\" \/>\n<meta property=\"og:description\" content=\"Wegen der hohen Verluste soll die Ukraine laut Forderung der westlichen Staaten f\u00fcr weiteres Personal in der Armee sorgen. Um dem nachzukommen, bedient sich Kiews Wehrbeh\u00f6rde inzwischen drastischer Ma\u00dfnahmen. Dabei werden Parallelen zur Kapo aus der Zeit des Nationalsozialismus deutlich. Von Sergei Fomichev Seit dem Beginn der Kampfhandlungen vor fast zwei Jahren mussten die Ukraine [&hellip;]\" \/>\n<meta property=\"og:url\" content=\"https:\/\/now-news.de\/de\/deutschland\/rekrutierungsoffiziere-der-ukrainischen-wehrbehoerde-wie-die-einstigen-kapos\/\" \/>\n<meta property=\"og:site_name\" content=\"just-now.NEWS Deutschland\" \/>\n<meta property=\"article:publisher\" content=\"https:\/\/www.facebook.com\/wirmachenauf\" \/>\n<meta property=\"article:published_time\" content=\"2024-01-22T19:54:25+00:00\" \/>\n<meta property=\"og:image\" content=\"https:\/\/now-news.de\/de\/wp-content\/uploads\/sites\/3\/2024\/01\/Rekrutierungsoffiziere-der-ukrainischen-Wehrbehoerde-\u2013-wie-die-einstigen-quotKaposquot.jpg\" \/>\n\t<meta property=\"og:image:width\" content=\"460\" \/>\n\t<meta property=\"og:image:height\" content=\"259\" \/>\n\t<meta property=\"og:image:type\" content=\"image\/jpeg\" \/>\n<meta name=\"author\" content=\"rtnews\" \/>\n<meta name=\"twitter:card\" content=\"summary_large_image\" \/>\n<meta name=\"twitter:creator\" content=\"@WirMachenAuf_de\" \/>\n<meta name=\"twitter:site\" content=\"@WirMachenAuf_de\" \/>\n<meta name=\"twitter:label1\" content=\"Verfasst von\" \/>\n\t<meta name=\"twitter:data1\" content=\"rtnews\" \/>\n\t<meta name=\"twitter:label2\" content=\"Gesch\u00e4tzte Lesezeit\" \/>\n\t<meta name=\"twitter:data2\" content=\"4\u00a0Minuten\" \/>\n<script type=\"application\/ld+json\" class=\"yoast-schema-graph\">{\"@context\":\"https:\/\/schema.org\",\"@graph\":[{\"@type\":\"Article\",\"@id\":\"https:\/\/now-news.de\/de\/deutschland\/rekrutierungsoffiziere-der-ukrainischen-wehrbehoerde-wie-die-einstigen-kapos\/#article\",\"isPartOf\":{\"@id\":\"https:\/\/now-news.de\/de\/deutschland\/rekrutierungsoffiziere-der-ukrainischen-wehrbehoerde-wie-die-einstigen-kapos\/\"},\"author\":{\"name\":\"rtnews\",\"@id\":\"https:\/\/now-news.de\/de\/#\/schema\/person\/fb534a4e865501d8b3285208df34a9b5\"},\"headline\":\"Rekrutierungsoffiziere der ukrainischen Wehrbeh\u00f6rde \u2013 wie die einstigen &quot;Kapos&quot;?\",\"datePublished\":\"2024-01-22T19:54:25+00:00\",\"dateModified\":\"2024-01-22T19:54:25+00:00\",\"mainEntityOfPage\":{\"@id\":\"https:\/\/now-news.de\/de\/deutschland\/rekrutierungsoffiziere-der-ukrainischen-wehrbehoerde-wie-die-einstigen-kapos\/\"},\"wordCount\":823,\"commentCount\":0,\"publisher\":{\"@id\":\"https:\/\/now-news.de\/de\/#organization\"},\"image\":{\"@id\":\"https:\/\/now-news.de\/de\/deutschland\/rekrutierungsoffiziere-der-ukrainischen-wehrbehoerde-wie-die-einstigen-kapos\/#primaryimage\"},\"thumbnailUrl\":\"https:\/\/now-news.de\/de\/wp-content\/uploads\/sites\/3\/2024\/01\/Rekrutierungsoffiziere-der-ukrainischen-Wehrbehoerde-\u2013-wie-die-einstigen-quotKaposquot.jpg\",\"keywords\":[\"der\",\"die\",\"einstigen\",\"quotKaposquot\",\"Rekrutierungsoffiziere\",\"ukrainischen\",\"Wehrbeh\u00f6rde\",\"Wie\"],\"articleSection\":[\"Deutschland\",\"Russland\"],\"inLanguage\":\"de\",\"potentialAction\":[{\"@type\":\"CommentAction\",\"name\":\"Comment\",\"target\":[\"https:\/\/now-news.de\/de\/deutschland\/rekrutierungsoffiziere-der-ukrainischen-wehrbehoerde-wie-die-einstigen-kapos\/#respond\"]}]},{\"@type\":\"WebPage\",\"@id\":\"https:\/\/now-news.de\/de\/deutschland\/rekrutierungsoffiziere-der-ukrainischen-wehrbehoerde-wie-die-einstigen-kapos\/\",\"url\":\"https:\/\/now-news.de\/de\/deutschland\/rekrutierungsoffiziere-der-ukrainischen-wehrbehoerde-wie-die-einstigen-kapos\/\",\"name\":\"Rekrutierungsoffiziere der ukrainischen Wehrbeh\u00f6rde \u2013 wie die einstigen &quot;Kapos&quot;? - just-now.NEWS Deutschland\",\"isPartOf\":{\"@id\":\"https:\/\/now-news.de\/de\/#website\"},\"primaryImageOfPage\":{\"@id\":\"https:\/\/now-news.de\/de\/deutschland\/rekrutierungsoffiziere-der-ukrainischen-wehrbehoerde-wie-die-einstigen-kapos\/#primaryimage\"},\"image\":{\"@id\":\"https:\/\/now-news.de\/de\/deutschland\/rekrutierungsoffiziere-der-ukrainischen-wehrbehoerde-wie-die-einstigen-kapos\/#primaryimage\"},\"thumbnailUrl\":\"https:\/\/now-news.de\/de\/wp-content\/uploads\/sites\/3\/2024\/01\/Rekrutierungsoffiziere-der-ukrainischen-Wehrbehoerde-\u2013-wie-die-einstigen-quotKaposquot.jpg\",\"datePublished\":\"2024-01-22T19:54:25+00:00\",\"dateModified\":\"2024-01-22T19:54:25+00:00\",\"breadcrumb\":{\"@id\":\"https:\/\/now-news.de\/de\/deutschland\/rekrutierungsoffiziere-der-ukrainischen-wehrbehoerde-wie-die-einstigen-kapos\/#breadcrumb\"},\"inLanguage\":\"de\",\"potentialAction\":[{\"@type\":\"ReadAction\",\"target\":[\"https:\/\/now-news.de\/de\/deutschland\/rekrutierungsoffiziere-der-ukrainischen-wehrbehoerde-wie-die-einstigen-kapos\/\"]}]},{\"@type\":\"ImageObject\",\"inLanguage\":\"de\",\"@id\":\"https:\/\/now-news.de\/de\/deutschland\/rekrutierungsoffiziere-der-ukrainischen-wehrbehoerde-wie-die-einstigen-kapos\/#primaryimage\",\"url\":\"https:\/\/now-news.de\/de\/wp-content\/uploads\/sites\/3\/2024\/01\/Rekrutierungsoffiziere-der-ukrainischen-Wehrbehoerde-\u2013-wie-die-einstigen-quotKaposquot.jpg\",\"contentUrl\":\"https:\/\/now-news.de\/de\/wp-content\/uploads\/sites\/3\/2024\/01\/Rekrutierungsoffiziere-der-ukrainischen-Wehrbehoerde-\u2013-wie-die-einstigen-quotKaposquot.jpg\",\"width\":460,\"height\":259,\"caption\":\"Rekrutierungsoffiziere der ukrainischen Wehrbeh\u00f6rde \u2013 wie die einstigen &quot;Kapos&quot;?\"},{\"@type\":\"BreadcrumbList\",\"@id\":\"https:\/\/now-news.de\/de\/deutschland\/rekrutierungsoffiziere-der-ukrainischen-wehrbehoerde-wie-die-einstigen-kapos\/#breadcrumb\",\"itemListElement\":[{\"@type\":\"ListItem\",\"position\":1,\"name\":\"Home\",\"item\":\"https:\/\/now-news.de\/de\/\"},{\"@type\":\"ListItem\",\"position\":2,\"name\":\"Rekrutierungsoffiziere der ukrainischen Wehrbeh\u00f6rde \u2013 wie die einstigen &quot;Kapos&quot;?\"}]},{\"@type\":\"WebSite\",\"@id\":\"https:\/\/now-news.de\/de\/#website\",\"url\":\"https:\/\/now-news.de\/de\/\",\"name\":\"just-now.NEWS Deutschland\",\"description\":\"Das Portal f\u00fcr unzensierte Nachrichten aus der Welt\",\"publisher\":{\"@id\":\"https:\/\/now-news.de\/de\/#organization\"},\"potentialAction\":[{\"@type\":\"SearchAction\",\"target\":{\"@type\":\"EntryPoint\",\"urlTemplate\":\"https:\/\/now-news.de\/de\/?s={search_term_string}\"},\"query-input\":\"required name=search_term_string\"}],\"inLanguage\":\"de\"},{\"@type\":\"Organization\",\"@id\":\"https:\/\/now-news.de\/de\/#organization\",\"name\":\"Just Now News\",\"url\":\"https:\/\/now-news.de\/de\/\",\"logo\":{\"@type\":\"ImageObject\",\"inLanguage\":\"de\",\"@id\":\"https:\/\/now-news.de\/de\/#\/schema\/logo\/image\/\",\"url\":\"http:\/\/just-now.news\/de\/wp-content\/uploads\/sites\/3\/2022\/04\/logo500x500.jpg\",\"contentUrl\":\"http:\/\/just-now.news\/de\/wp-content\/uploads\/sites\/3\/2022\/04\/logo500x500.jpg\",\"width\":500,\"height\":500,\"caption\":\"Just Now News\"},\"image\":{\"@id\":\"https:\/\/now-news.de\/de\/#\/schema\/logo\/image\/\"},\"sameAs\":[\"https:\/\/www.facebook.com\/wirmachenauf\",\"https:\/\/x.com\/WirMachenAuf_de\"]},{\"@type\":\"Person\",\"@id\":\"https:\/\/now-news.de\/de\/#\/schema\/person\/fb534a4e865501d8b3285208df34a9b5\",\"name\":\"rtnews\",\"image\":{\"@type\":\"ImageObject\",\"inLanguage\":\"de\",\"@id\":\"https:\/\/now-news.de\/de\/#\/schema\/person\/image\/\",\"url\":\"https:\/\/secure.gravatar.com\/avatar\/82aafea7d8127119dd649515f56e2117?s=96&d=mm&r=g\",\"contentUrl\":\"https:\/\/secure.gravatar.com\/avatar\/82aafea7d8127119dd649515f56e2117?s=96&d=mm&r=g\",\"caption\":\"rtnews\"},\"url\":\"https:\/\/now-news.de\/de\/author\/rnews\/\"}]}<\/script>\n<!-- \/ Yoast SEO Premium plugin. -->","yoast_head_json":{"title":"Rekrutierungsoffiziere der ukrainischen Wehrbeh\u00f6rde \u2013 wie die einstigen &quot;Kapos&quot;? - just-now.NEWS Deutschland","robots":{"index":"index","follow":"follow","max-snippet":"max-snippet:-1","max-image-preview":"max-image-preview:large","max-video-preview":"max-video-preview:-1"},"canonical":"https:\/\/now-news.de\/de\/deutschland\/rekrutierungsoffiziere-der-ukrainischen-wehrbehoerde-wie-die-einstigen-kapos\/","og_locale":"de_DE","og_type":"article","og_title":"Rekrutierungsoffiziere der ukrainischen Wehrbeh\u00f6rde \u2013 wie die einstigen &quot;Kapos&quot;?","og_description":"Wegen der hohen Verluste soll die Ukraine laut Forderung der westlichen Staaten f\u00fcr weiteres Personal in der Armee sorgen. Um dem nachzukommen, bedient sich Kiews Wehrbeh\u00f6rde inzwischen drastischer Ma\u00dfnahmen. Dabei werden Parallelen zur Kapo aus der Zeit des Nationalsozialismus deutlich. Von Sergei Fomichev Seit dem Beginn der Kampfhandlungen vor fast zwei Jahren mussten die Ukraine [&hellip;]","og_url":"https:\/\/now-news.de\/de\/deutschland\/rekrutierungsoffiziere-der-ukrainischen-wehrbehoerde-wie-die-einstigen-kapos\/","og_site_name":"just-now.NEWS Deutschland","article_publisher":"https:\/\/www.facebook.com\/wirmachenauf","article_published_time":"2024-01-22T19:54:25+00:00","og_image":[{"width":460,"height":259,"url":"https:\/\/now-news.de\/de\/wp-content\/uploads\/sites\/3\/2024\/01\/Rekrutierungsoffiziere-der-ukrainischen-Wehrbehoerde-\u2013-wie-die-einstigen-quotKaposquot.jpg","type":"image\/jpeg"}],"author":"rtnews","twitter_card":"summary_large_image","twitter_creator":"@WirMachenAuf_de","twitter_site":"@WirMachenAuf_de","twitter_misc":{"Verfasst von":"rtnews","Gesch\u00e4tzte Lesezeit":"4\u00a0Minuten"},"schema":{"@context":"https:\/\/schema.org","@graph":[{"@type":"Article","@id":"https:\/\/now-news.de\/de\/deutschland\/rekrutierungsoffiziere-der-ukrainischen-wehrbehoerde-wie-die-einstigen-kapos\/#article","isPartOf":{"@id":"https:\/\/now-news.de\/de\/deutschland\/rekrutierungsoffiziere-der-ukrainischen-wehrbehoerde-wie-die-einstigen-kapos\/"},"author":{"name":"rtnews","@id":"https:\/\/now-news.de\/de\/#\/schema\/person\/fb534a4e865501d8b3285208df34a9b5"},"headline":"Rekrutierungsoffiziere der ukrainischen Wehrbeh\u00f6rde \u2013 wie die einstigen &quot;Kapos&quot;?","datePublished":"2024-01-22T19:54:25+00:00","dateModified":"2024-01-22T19:54:25+00:00","mainEntityOfPage":{"@id":"https:\/\/now-news.de\/de\/deutschland\/rekrutierungsoffiziere-der-ukrainischen-wehrbehoerde-wie-die-einstigen-kapos\/"},"wordCount":823,"commentCount":0,"publisher":{"@id":"https:\/\/now-news.de\/de\/#organization"},"image":{"@id":"https:\/\/now-news.de\/de\/deutschland\/rekrutierungsoffiziere-der-ukrainischen-wehrbehoerde-wie-die-einstigen-kapos\/#primaryimage"},"thumbnailUrl":"https:\/\/now-news.de\/de\/wp-content\/uploads\/sites\/3\/2024\/01\/Rekrutierungsoffiziere-der-ukrainischen-Wehrbehoerde-\u2013-wie-die-einstigen-quotKaposquot.jpg","keywords":["der","die","einstigen","quotKaposquot","Rekrutierungsoffiziere","ukrainischen","Wehrbeh\u00f6rde","Wie"],"articleSection":["Deutschland","Russland"],"inLanguage":"de","potentialAction":[{"@type":"CommentAction","name":"Comment","target":["https:\/\/now-news.de\/de\/deutschland\/rekrutierungsoffiziere-der-ukrainischen-wehrbehoerde-wie-die-einstigen-kapos\/#respond"]}]},{"@type":"WebPage","@id":"https:\/\/now-news.de\/de\/deutschland\/rekrutierungsoffiziere-der-ukrainischen-wehrbehoerde-wie-die-einstigen-kapos\/","url":"https:\/\/now-news.de\/de\/deutschland\/rekrutierungsoffiziere-der-ukrainischen-wehrbehoerde-wie-die-einstigen-kapos\/","name":"Rekrutierungsoffiziere der ukrainischen Wehrbeh\u00f6rde \u2013 wie die einstigen &quot;Kapos&quot;? - just-now.NEWS Deutschland","isPartOf":{"@id":"https:\/\/now-news.de\/de\/#website"},"primaryImageOfPage":{"@id":"https:\/\/now-news.de\/de\/deutschland\/rekrutierungsoffiziere-der-ukrainischen-wehrbehoerde-wie-die-einstigen-kapos\/#primaryimage"},"image":{"@id":"https:\/\/now-news.de\/de\/deutschland\/rekrutierungsoffiziere-der-ukrainischen-wehrbehoerde-wie-die-einstigen-kapos\/#primaryimage"},"thumbnailUrl":"https:\/\/now-news.de\/de\/wp-content\/uploads\/sites\/3\/2024\/01\/Rekrutierungsoffiziere-der-ukrainischen-Wehrbehoerde-\u2013-wie-die-einstigen-quotKaposquot.jpg","datePublished":"2024-01-22T19:54:25+00:00","dateModified":"2024-01-22T19:54:25+00:00","breadcrumb":{"@id":"https:\/\/now-news.de\/de\/deutschland\/rekrutierungsoffiziere-der-ukrainischen-wehrbehoerde-wie-die-einstigen-kapos\/#breadcrumb"},"inLanguage":"de","potentialAction":[{"@type":"ReadAction","target":["https:\/\/now-news.de\/de\/deutschland\/rekrutierungsoffiziere-der-ukrainischen-wehrbehoerde-wie-die-einstigen-kapos\/"]}]},{"@type":"ImageObject","inLanguage":"de","@id":"https:\/\/now-news.de\/de\/deutschland\/rekrutierungsoffiziere-der-ukrainischen-wehrbehoerde-wie-die-einstigen-kapos\/#primaryimage","url":"https:\/\/now-news.de\/de\/wp-content\/uploads\/sites\/3\/2024\/01\/Rekrutierungsoffiziere-der-ukrainischen-Wehrbehoerde-\u2013-wie-die-einstigen-quotKaposquot.jpg","contentUrl":"https:\/\/now-news.de\/de\/wp-content\/uploads\/sites\/3\/2024\/01\/Rekrutierungsoffiziere-der-ukrainischen-Wehrbehoerde-\u2013-wie-die-einstigen-quotKaposquot.jpg","width":460,"height":259,"caption":"Rekrutierungsoffiziere der ukrainischen Wehrbeh\u00f6rde \u2013 wie die einstigen &quot;Kapos&quot;?"},{"@type":"BreadcrumbList","@id":"https:\/\/now-news.de\/de\/deutschland\/rekrutierungsoffiziere-der-ukrainischen-wehrbehoerde-wie-die-einstigen-kapos\/#breadcrumb","itemListElement":[{"@type":"ListItem","position":1,"name":"Home","item":"https:\/\/now-news.de\/de\/"},{"@type":"ListItem","position":2,"name":"Rekrutierungsoffiziere der ukrainischen Wehrbeh\u00f6rde \u2013 wie die einstigen &quot;Kapos&quot;?"}]},{"@type":"WebSite","@id":"https:\/\/now-news.de\/de\/#website","url":"https:\/\/now-news.de\/de\/","name":"just-now.NEWS Deutschland","description":"Das Portal f\u00fcr unzensierte Nachrichten aus der Welt","publisher":{"@id":"https:\/\/now-news.de\/de\/#organization"},"potentialAction":[{"@type":"SearchAction","target":{"@type":"EntryPoint","urlTemplate":"https:\/\/now-news.de\/de\/?s={search_term_string}"},"query-input":"required name=search_term_string"}],"inLanguage":"de"},{"@type":"Organization","@id":"https:\/\/now-news.de\/de\/#organization","name":"Just Now News","url":"https:\/\/now-news.de\/de\/","logo":{"@type":"ImageObject","inLanguage":"de","@id":"https:\/\/now-news.de\/de\/#\/schema\/logo\/image\/","url":"http:\/\/just-now.news\/de\/wp-content\/uploads\/sites\/3\/2022\/04\/logo500x500.jpg","contentUrl":"http:\/\/just-now.news\/de\/wp-content\/uploads\/sites\/3\/2022\/04\/logo500x500.jpg","width":500,"height":500,"caption":"Just Now News"},"image":{"@id":"https:\/\/now-news.de\/de\/#\/schema\/logo\/image\/"},"sameAs":["https:\/\/www.facebook.com\/wirmachenauf","https:\/\/x.com\/WirMachenAuf_de"]},{"@type":"Person","@id":"https:\/\/now-news.de\/de\/#\/schema\/person\/fb534a4e865501d8b3285208df34a9b5","name":"rtnews","image":{"@type":"ImageObject","inLanguage":"de","@id":"https:\/\/now-news.de\/de\/#\/schema\/person\/image\/","url":"https:\/\/secure.gravatar.com\/avatar\/82aafea7d8127119dd649515f56e2117?s=96&d=mm&r=g","contentUrl":"https:\/\/secure.gravatar.com\/avatar\/82aafea7d8127119dd649515f56e2117?s=96&d=mm&r=g","caption":"rtnews"},"url":"https:\/\/now-news.de\/de\/author\/rnews\/"}]}},"_links":{"self":[{"href":"https:\/\/now-news.de\/de\/wp-json\/wp\/v2\/posts\/53740"}],"collection":[{"href":"https:\/\/now-news.de\/de\/wp-json\/wp\/v2\/posts"}],"about":[{"href":"https:\/\/now-news.de\/de\/wp-json\/wp\/v2\/types\/post"}],"author":[{"embeddable":true,"href":"https:\/\/now-news.de\/de\/wp-json\/wp\/v2\/users\/3"}],"replies":[{"embeddable":true,"href":"https:\/\/now-news.de\/de\/wp-json\/wp\/v2\/comments?post=53740"}],"version-history":[{"count":0,"href":"https:\/\/now-news.de\/de\/wp-json\/wp\/v2\/posts\/53740\/revisions"}],"wp:featuredmedia":[{"embeddable":true,"href":"https:\/\/now-news.de\/de\/wp-json\/wp\/v2\/media\/53741"}],"wp:attachment":[{"href":"https:\/\/now-news.de\/de\/wp-json\/wp\/v2\/media?parent=53740"}],"wp:term":[{"taxonomy":"category","embeddable":true,"href":"https:\/\/now-news.de\/de\/wp-json\/wp\/v2\/categories?post=53740"},{"taxonomy":"post_tag","embeddable":true,"href":"https:\/\/now-news.de\/de\/wp-json\/wp\/v2\/tags?post=53740"}],"curies":[{"name":"wp","href":"https:\/\/api.w.org\/{rel}","templated":true}]}}