{"id":53713,"date":"2024-01-22T15:02:06","date_gmt":"2024-01-22T13:02:06","guid":{"rendered":"https:\/\/just-now.news\/de\/deutschland\/oskar-lafontaine-usa-fuehren-wirtschaftskrieg-gegen-deutschland-und-europa\/"},"modified":"2024-01-22T15:02:06","modified_gmt":"2024-01-22T13:02:06","slug":"oskar-lafontaine-usa-fuehren-wirtschaftskrieg-gegen-deutschland-und-europa","status":"publish","type":"post","link":"https:\/\/now-news.de\/de\/deutschland\/oskar-lafontaine-usa-fuehren-wirtschaftskrieg-gegen-deutschland-und-europa\/","title":{"rendered":"Oskar Lafontaine: USA f\u00fchren Wirtschaftskrieg gegen Deutschland und Europa"},"content":{"rendered":"<p><img decoding=\"async\" src=\"http:\/\/just-now.news\/de\/wp-content\/uploads\/sites\/3\/2024\/01\/65ae443d48fbef365f47caab.jpg\" \/><\/p>\n<div class=\"Text-root Text-type_1 \">\n                Die USA sind als Nation zu aggressiv um ein Milit\u00e4rb\u00fcndnis anzuf\u00fchren, warnt Oskar Lafontaine. Er fordert eine eigenst\u00e4ndige europ\u00e4ische Politik, die sich den Machtanspr\u00fcchen des Hegemonen in \u00dcbersee widersetzt. Der zielt unter anderem auf die Zerst\u00f6rung der deutschen Wirtschaft.\n            <\/div>\n<p><\/p>\n<div class=\"Text-root Text-type_5 ArticleView-text ViewText-root \">\n<p>Die USA f\u00fchren nicht nur gegen China und Russland, sondern\u00a0vor allem\u00a0gegen Europa und Deutschland einen Wirtschaftskrieg, <a rel=\"nofollow noopener\" target=\"_blank\" href=\"https:\/\/www.nachdenkseiten.de\/?p=109821\">schreibt<\/a> der ehemalige Linken-Politiker Oskar Lafontaine auf den <em>NachDenkSeiten<\/em>. Ziel\u00a0sei die hegemoniale Vormachtstellung in einem sich ver\u00e4ndernden geopolitischen Umfeld m\u00f6glichst lange aufrecht zu erhalten.<\/p>\n<p>Faktisch werden Westeuropa und Deutschland damit zu Vasallen, die wie in der Geschichte schon oft gesehen, zugunsten des Hegemonen auf Wachstum und Wohlstand verzichten m\u00fcssen. Lafontaine f\u00fchrt als Beispiel den Inflation Reduction Act an, mit dem die USA nicht nur die eigenen Wirtschaft beg\u00fcnstigen, sondern zudem die Voraussetzung geschaffen haben, die Ansiedlung von Industrie aus dem Ausland zu f\u00f6rdern. Die USA locken mit Zugang zum US-Markt, Subventionen und mit niedrigen Preisen f\u00fcr Energie, w\u00e4hrend sie gleichzeitig f\u00fcr Produzenten in der EU den Marktzugang erschweren. In der Folge kam es unter anderem zu Produktionsverlagerungen aus Deutschland in die USA.<\/p>\n<p>Aber auch milit\u00e4risch arbeiten die USA gegen die Verb\u00fcndeten, stellt Oskar Lafontaine mit Verweis auf den franz\u00f6sischen Historiker Emmanuel Todd fest. Der schrieb in seinem Bestseller &#8220;Weltmacht USA. Ein Nachruf&#8221; im Jahr 2003 bereits, die NATO-Osterweiterung w\u00e4re nicht in erster Linie gegen Russland, sondern gegen Deutschland gerichtet. Jeder, auch in Deutschland, w\u00fcrde wissen, wer f\u00fcr die Sprengung von Nord Stream verantwortlich ist. Die USA wollten Deutschland vom Zugang zum g\u00fcnstigen russischen Gas abkoppeln. Bereits mit dem Eintritt in den Zweiten Weltkrieg w\u00e4ren die USA bestrebt gewesen, Einfluss in Europa zu gewinnen und den &#8220;Alten Kontinent&#8221; in der Folgezeit an einer eigenst\u00e4ndigen Politik zu hindern. Der gr\u00f6\u00dfte Feind einer souver\u00e4nen europ\u00e4ischen Politik seien nicht Russland oder China, sondern sind die USA.<\/p>\n<p>Die USA w\u00fcrden den europ\u00e4ischen Kontinent mit ihrer Propaganda \u00fcberziehen. Ziel sei es, die Europ\u00e4er in alle Kriege der USA hineinzuziehen und sie auch noch dazu zu bringen, f\u00fcr die Folgen der v\u00f6lkerrechtswidrigen Interventionen aufzukommen.\u00a0<\/p>\n<blockquote>\n<p><em>&#8220;Der gr\u00f6\u00dfte Schaden f\u00fcr die Europ\u00e4er entsteht aber dadurch, dass die Vereinigten Staaten sie in alle ihre v\u00f6lkerrechtswidrigen Angriffskriege hineinziehen. Das gilt f\u00fcr Jugoslawien, Afghanistan, den Irak, Syrien, Libyen und f\u00fcr den durch die Nato-Osterweiterung, den Putsch auf dem Maidan und die jahrelange Aufr\u00fcstung der Ukraine provozierten, ebenfalls v\u00f6lkerrechtswidrigen russischen Angriffskrieg gegen die Ukraine. Bei all diesen Kriegen versuchen die Vereinigten Staaten, den europ\u00e4ischen Vasallen einen m\u00f6glichst gro\u00dfen Anteil der Kriegskosten aufzub\u00fcrden. Selbstverst\u00e4ndlich sind die Europ\u00e4er immer f\u00fcr die Aufnahme der Fl\u00fcchtlinge zust\u00e4ndig.&#8221;<\/em><\/p>\n<\/blockquote>\n<p>Lafontaine verweist darauf, die Kriegsgefahr f\u00fcr Europa bleibe solange hoch, solange die USA dort \u00fcber Milit\u00e4rbasen verf\u00fcgen. Ihre Konfrontationen k\u00f6nnten die USA stets in anderen L\u00e4ndern austragen. Diese w\u00fcrden dann als erste zum Ziel von Gegenschl\u00e4gen durch den jeweiligen milit\u00e4rischen Gegner der USA. Die USA seien eine hoch aggressive Nation, von der st\u00e4ndige Gefahr f\u00fcr die Sicherheit Europas ausgehe. Aufgrund ihrer Aggressivit\u00e4t\u00a0seien die\u00a0USA nicht geeignet, eine F\u00fchrungsrolle in einem Milit\u00e4rb\u00fcndnis wie der NATO einzunehmen.\u00a0<\/p>\n<blockquote>\n<p><em>&#8220;Eine aggressive Weltmacht kann daher niemals ein Verteidigungsb\u00fcndnis anf\u00fchren, und deshalb sind die Europ\u00e4er gezwungen, wenn sie \u00fcberleben wollen, eine eigenst\u00e4ndige Politik zu entwickeln und sich aus der Vormundschaft der USA zu befreien.&#8221;<\/em><\/p>\n<\/blockquote>\n<p><strong>Mehr zum Thema<\/strong>\u00a0\u2013 <a rel=\"nofollow noopener\" target=\"_blank\" href=\"https:\/\/freedert.online\/kurzclips\/video\/193495-36-stunden-ueberleben-nato-admiral\/\">&#8220;36 Stunden \u00dcberleben&#8221; \u2013 NATO-Admiral ruft Zivilisten zur Kriegsvorsorge auf<\/a><\/p>\n<\/div>\n<p><br \/>\n<br \/><a href=\"https:\/\/de.rt.com\/inland\/193561-oskar-lafontaine-usa-fuehren-krieg\/\">Source link <\/a><\/p>\n","protected":false},"excerpt":{"rendered":"<p>Die USA sind als Nation zu aggressiv um ein Milit\u00e4rb\u00fcndnis anzuf\u00fchren, warnt Oskar Lafontaine. Er fordert eine eigenst\u00e4ndige europ\u00e4ische Politik, die sich den Machtanspr\u00fcchen des Hegemonen in \u00dcbersee widersetzt. Der zielt unter anderem auf die Zerst\u00f6rung der deutschen Wirtschaft. Die USA f\u00fchren nicht nur gegen China und Russland, sondern\u00a0vor allem\u00a0gegen Europa und Deutschland einen Wirtschaftskrieg, [&hellip;]<\/p>\n","protected":false},"author":3,"featured_media":53714,"comment_status":"open","ping_status":"open","sticky":false,"template":"","format":"standard","meta":{"_yoast_indexnow_last_ping":["1705929213"],"wp_automatic_camp":["217"],"296cef408314a4beb010ff63983fe513":["Oskar Lafontaine: USA f\u00fchren Wirtschaftskrieg gegen Deutschland und Europa"],"original_link":["https:\/\/de.rt.com\/inland\/193561-oskar-lafontaine-usa-fuehren-krieg\/"],"_thumbnail_id":["53714"],"_wptgpro_p2tg_sent2tg":["a:1:{i:23737;s:19:\"2024-01-22 15:14:51\";}"],"jnews_social_counter_last_update":["1777581398"]},"categories":[19,23],"tags":[179,1370,1402,278,16010,3830,140,193,31315],"yoast_head":"<!-- This site is optimized with the Yoast SEO Premium plugin v22.7 (Yoast SEO v22.7) - https:\/\/yoast.com\/wordpress\/plugins\/seo\/ -->\n<title>Oskar Lafontaine: USA f\u00fchren Wirtschaftskrieg gegen Deutschland und Europa - just-now.NEWS Deutschland<\/title>\n<meta name=\"robots\" content=\"index, follow, max-snippet:-1, max-image-preview:large, max-video-preview:-1\" \/>\n<link rel=\"canonical\" href=\"https:\/\/now-news.de\/de\/deutschland\/oskar-lafontaine-usa-fuehren-wirtschaftskrieg-gegen-deutschland-und-europa\/\" \/>\n<meta property=\"og:locale\" content=\"de_DE\" \/>\n<meta property=\"og:type\" content=\"article\" \/>\n<meta property=\"og:title\" content=\"Oskar Lafontaine: USA f\u00fchren Wirtschaftskrieg gegen Deutschland und Europa\" \/>\n<meta property=\"og:description\" content=\"Die USA sind als Nation zu aggressiv um ein Milit\u00e4rb\u00fcndnis anzuf\u00fchren, warnt Oskar Lafontaine. Er fordert eine eigenst\u00e4ndige europ\u00e4ische Politik, die sich den Machtanspr\u00fcchen des Hegemonen in \u00dcbersee widersetzt. Der zielt unter anderem auf die Zerst\u00f6rung der deutschen Wirtschaft. Die USA f\u00fchren nicht nur gegen China und Russland, sondern\u00a0vor allem\u00a0gegen Europa und Deutschland einen Wirtschaftskrieg, [&hellip;]\" \/>\n<meta property=\"og:url\" content=\"https:\/\/now-news.de\/de\/deutschland\/oskar-lafontaine-usa-fuehren-wirtschaftskrieg-gegen-deutschland-und-europa\/\" \/>\n<meta property=\"og:site_name\" content=\"just-now.NEWS Deutschland\" \/>\n<meta property=\"article:publisher\" content=\"https:\/\/www.facebook.com\/wirmachenauf\" \/>\n<meta property=\"article:published_time\" content=\"2024-01-22T13:02:06+00:00\" \/>\n<meta property=\"og:image\" content=\"https:\/\/now-news.de\/de\/wp-content\/uploads\/sites\/3\/2024\/01\/Oskar-Lafontaine-USA-fuehren-Wirtschaftskrieg-gegen-Deutschland-und-Europa.jpg\" \/>\n\t<meta property=\"og:image:width\" content=\"460\" \/>\n\t<meta property=\"og:image:height\" content=\"259\" \/>\n\t<meta property=\"og:image:type\" content=\"image\/jpeg\" \/>\n<meta name=\"author\" content=\"rtnews\" \/>\n<meta name=\"twitter:card\" content=\"summary_large_image\" \/>\n<meta name=\"twitter:creator\" content=\"@WirMachenAuf_de\" \/>\n<meta name=\"twitter:site\" content=\"@WirMachenAuf_de\" \/>\n<meta name=\"twitter:label1\" content=\"Verfasst von\" \/>\n\t<meta name=\"twitter:data1\" content=\"rtnews\" \/>\n\t<meta name=\"twitter:label2\" content=\"Gesch\u00e4tzte Lesezeit\" \/>\n\t<meta name=\"twitter:data2\" content=\"3\u00a0Minuten\" \/>\n<script type=\"application\/ld+json\" class=\"yoast-schema-graph\">{\"@context\":\"https:\/\/schema.org\",\"@graph\":[{\"@type\":\"Article\",\"@id\":\"https:\/\/now-news.de\/de\/deutschland\/oskar-lafontaine-usa-fuehren-wirtschaftskrieg-gegen-deutschland-und-europa\/#article\",\"isPartOf\":{\"@id\":\"https:\/\/now-news.de\/de\/deutschland\/oskar-lafontaine-usa-fuehren-wirtschaftskrieg-gegen-deutschland-und-europa\/\"},\"author\":{\"name\":\"rtnews\",\"@id\":\"https:\/\/now-news.de\/de\/#\/schema\/person\/fb534a4e865501d8b3285208df34a9b5\"},\"headline\":\"Oskar Lafontaine: USA f\u00fchren Wirtschaftskrieg gegen Deutschland und Europa\",\"datePublished\":\"2024-01-22T13:02:06+00:00\",\"dateModified\":\"2024-01-22T13:02:06+00:00\",\"mainEntityOfPage\":{\"@id\":\"https:\/\/now-news.de\/de\/deutschland\/oskar-lafontaine-usa-fuehren-wirtschaftskrieg-gegen-deutschland-und-europa\/\"},\"wordCount\":619,\"commentCount\":0,\"publisher\":{\"@id\":\"https:\/\/now-news.de\/de\/#organization\"},\"image\":{\"@id\":\"https:\/\/now-news.de\/de\/deutschland\/oskar-lafontaine-usa-fuehren-wirtschaftskrieg-gegen-deutschland-und-europa\/#primaryimage\"},\"thumbnailUrl\":\"https:\/\/now-news.de\/de\/wp-content\/uploads\/sites\/3\/2024\/01\/Oskar-Lafontaine-USA-fuehren-Wirtschaftskrieg-gegen-Deutschland-und-Europa.jpg\",\"keywords\":[\"Deutschland\",\"Europa\",\"f\u00fchren\",\"gegen\",\"Lafontaine\",\"Oskar\",\"und\",\"USA\",\"Wirtschaftskrieg\"],\"articleSection\":[\"Deutschland\",\"Russland\"],\"inLanguage\":\"de\",\"potentialAction\":[{\"@type\":\"CommentAction\",\"name\":\"Comment\",\"target\":[\"https:\/\/now-news.de\/de\/deutschland\/oskar-lafontaine-usa-fuehren-wirtschaftskrieg-gegen-deutschland-und-europa\/#respond\"]}]},{\"@type\":\"WebPage\",\"@id\":\"https:\/\/now-news.de\/de\/deutschland\/oskar-lafontaine-usa-fuehren-wirtschaftskrieg-gegen-deutschland-und-europa\/\",\"url\":\"https:\/\/now-news.de\/de\/deutschland\/oskar-lafontaine-usa-fuehren-wirtschaftskrieg-gegen-deutschland-und-europa\/\",\"name\":\"Oskar Lafontaine: USA f\u00fchren Wirtschaftskrieg gegen Deutschland und Europa - just-now.NEWS Deutschland\",\"isPartOf\":{\"@id\":\"https:\/\/now-news.de\/de\/#website\"},\"primaryImageOfPage\":{\"@id\":\"https:\/\/now-news.de\/de\/deutschland\/oskar-lafontaine-usa-fuehren-wirtschaftskrieg-gegen-deutschland-und-europa\/#primaryimage\"},\"image\":{\"@id\":\"https:\/\/now-news.de\/de\/deutschland\/oskar-lafontaine-usa-fuehren-wirtschaftskrieg-gegen-deutschland-und-europa\/#primaryimage\"},\"thumbnailUrl\":\"https:\/\/now-news.de\/de\/wp-content\/uploads\/sites\/3\/2024\/01\/Oskar-Lafontaine-USA-fuehren-Wirtschaftskrieg-gegen-Deutschland-und-Europa.jpg\",\"datePublished\":\"2024-01-22T13:02:06+00:00\",\"dateModified\":\"2024-01-22T13:02:06+00:00\",\"breadcrumb\":{\"@id\":\"https:\/\/now-news.de\/de\/deutschland\/oskar-lafontaine-usa-fuehren-wirtschaftskrieg-gegen-deutschland-und-europa\/#breadcrumb\"},\"inLanguage\":\"de\",\"potentialAction\":[{\"@type\":\"ReadAction\",\"target\":[\"https:\/\/now-news.de\/de\/deutschland\/oskar-lafontaine-usa-fuehren-wirtschaftskrieg-gegen-deutschland-und-europa\/\"]}]},{\"@type\":\"ImageObject\",\"inLanguage\":\"de\",\"@id\":\"https:\/\/now-news.de\/de\/deutschland\/oskar-lafontaine-usa-fuehren-wirtschaftskrieg-gegen-deutschland-und-europa\/#primaryimage\",\"url\":\"https:\/\/now-news.de\/de\/wp-content\/uploads\/sites\/3\/2024\/01\/Oskar-Lafontaine-USA-fuehren-Wirtschaftskrieg-gegen-Deutschland-und-Europa.jpg\",\"contentUrl\":\"https:\/\/now-news.de\/de\/wp-content\/uploads\/sites\/3\/2024\/01\/Oskar-Lafontaine-USA-fuehren-Wirtschaftskrieg-gegen-Deutschland-und-Europa.jpg\",\"width\":460,\"height\":259,\"caption\":\"Oskar Lafontaine: USA f\u00fchren Wirtschaftskrieg gegen Deutschland und Europa\"},{\"@type\":\"BreadcrumbList\",\"@id\":\"https:\/\/now-news.de\/de\/deutschland\/oskar-lafontaine-usa-fuehren-wirtschaftskrieg-gegen-deutschland-und-europa\/#breadcrumb\",\"itemListElement\":[{\"@type\":\"ListItem\",\"position\":1,\"name\":\"Home\",\"item\":\"https:\/\/now-news.de\/de\/\"},{\"@type\":\"ListItem\",\"position\":2,\"name\":\"Oskar Lafontaine: USA f\u00fchren Wirtschaftskrieg gegen Deutschland und Europa\"}]},{\"@type\":\"WebSite\",\"@id\":\"https:\/\/now-news.de\/de\/#website\",\"url\":\"https:\/\/now-news.de\/de\/\",\"name\":\"just-now.NEWS Deutschland\",\"description\":\"Das Portal f\u00fcr unzensierte Nachrichten aus der Welt\",\"publisher\":{\"@id\":\"https:\/\/now-news.de\/de\/#organization\"},\"potentialAction\":[{\"@type\":\"SearchAction\",\"target\":{\"@type\":\"EntryPoint\",\"urlTemplate\":\"https:\/\/now-news.de\/de\/?s={search_term_string}\"},\"query-input\":\"required name=search_term_string\"}],\"inLanguage\":\"de\"},{\"@type\":\"Organization\",\"@id\":\"https:\/\/now-news.de\/de\/#organization\",\"name\":\"Just Now News\",\"url\":\"https:\/\/now-news.de\/de\/\",\"logo\":{\"@type\":\"ImageObject\",\"inLanguage\":\"de\",\"@id\":\"https:\/\/now-news.de\/de\/#\/schema\/logo\/image\/\",\"url\":\"http:\/\/just-now.news\/de\/wp-content\/uploads\/sites\/3\/2022\/04\/logo500x500.jpg\",\"contentUrl\":\"http:\/\/just-now.news\/de\/wp-content\/uploads\/sites\/3\/2022\/04\/logo500x500.jpg\",\"width\":500,\"height\":500,\"caption\":\"Just Now News\"},\"image\":{\"@id\":\"https:\/\/now-news.de\/de\/#\/schema\/logo\/image\/\"},\"sameAs\":[\"https:\/\/www.facebook.com\/wirmachenauf\",\"https:\/\/x.com\/WirMachenAuf_de\"]},{\"@type\":\"Person\",\"@id\":\"https:\/\/now-news.de\/de\/#\/schema\/person\/fb534a4e865501d8b3285208df34a9b5\",\"name\":\"rtnews\",\"image\":{\"@type\":\"ImageObject\",\"inLanguage\":\"de\",\"@id\":\"https:\/\/now-news.de\/de\/#\/schema\/person\/image\/\",\"url\":\"https:\/\/secure.gravatar.com\/avatar\/82aafea7d8127119dd649515f56e2117?s=96&d=mm&r=g\",\"contentUrl\":\"https:\/\/secure.gravatar.com\/avatar\/82aafea7d8127119dd649515f56e2117?s=96&d=mm&r=g\",\"caption\":\"rtnews\"},\"url\":\"https:\/\/now-news.de\/de\/author\/rnews\/\"}]}<\/script>\n<!-- \/ Yoast SEO Premium plugin. -->","yoast_head_json":{"title":"Oskar Lafontaine: USA f\u00fchren Wirtschaftskrieg gegen Deutschland und Europa - just-now.NEWS Deutschland","robots":{"index":"index","follow":"follow","max-snippet":"max-snippet:-1","max-image-preview":"max-image-preview:large","max-video-preview":"max-video-preview:-1"},"canonical":"https:\/\/now-news.de\/de\/deutschland\/oskar-lafontaine-usa-fuehren-wirtschaftskrieg-gegen-deutschland-und-europa\/","og_locale":"de_DE","og_type":"article","og_title":"Oskar Lafontaine: USA f\u00fchren Wirtschaftskrieg gegen Deutschland und Europa","og_description":"Die USA sind als Nation zu aggressiv um ein Milit\u00e4rb\u00fcndnis anzuf\u00fchren, warnt Oskar Lafontaine. Er fordert eine eigenst\u00e4ndige europ\u00e4ische Politik, die sich den Machtanspr\u00fcchen des Hegemonen in \u00dcbersee widersetzt. Der zielt unter anderem auf die Zerst\u00f6rung der deutschen Wirtschaft. Die USA f\u00fchren nicht nur gegen China und Russland, sondern\u00a0vor allem\u00a0gegen Europa und Deutschland einen Wirtschaftskrieg, [&hellip;]","og_url":"https:\/\/now-news.de\/de\/deutschland\/oskar-lafontaine-usa-fuehren-wirtschaftskrieg-gegen-deutschland-und-europa\/","og_site_name":"just-now.NEWS Deutschland","article_publisher":"https:\/\/www.facebook.com\/wirmachenauf","article_published_time":"2024-01-22T13:02:06+00:00","og_image":[{"width":460,"height":259,"url":"https:\/\/now-news.de\/de\/wp-content\/uploads\/sites\/3\/2024\/01\/Oskar-Lafontaine-USA-fuehren-Wirtschaftskrieg-gegen-Deutschland-und-Europa.jpg","type":"image\/jpeg"}],"author":"rtnews","twitter_card":"summary_large_image","twitter_creator":"@WirMachenAuf_de","twitter_site":"@WirMachenAuf_de","twitter_misc":{"Verfasst von":"rtnews","Gesch\u00e4tzte Lesezeit":"3\u00a0Minuten"},"schema":{"@context":"https:\/\/schema.org","@graph":[{"@type":"Article","@id":"https:\/\/now-news.de\/de\/deutschland\/oskar-lafontaine-usa-fuehren-wirtschaftskrieg-gegen-deutschland-und-europa\/#article","isPartOf":{"@id":"https:\/\/now-news.de\/de\/deutschland\/oskar-lafontaine-usa-fuehren-wirtschaftskrieg-gegen-deutschland-und-europa\/"},"author":{"name":"rtnews","@id":"https:\/\/now-news.de\/de\/#\/schema\/person\/fb534a4e865501d8b3285208df34a9b5"},"headline":"Oskar Lafontaine: USA f\u00fchren Wirtschaftskrieg gegen Deutschland und Europa","datePublished":"2024-01-22T13:02:06+00:00","dateModified":"2024-01-22T13:02:06+00:00","mainEntityOfPage":{"@id":"https:\/\/now-news.de\/de\/deutschland\/oskar-lafontaine-usa-fuehren-wirtschaftskrieg-gegen-deutschland-und-europa\/"},"wordCount":619,"commentCount":0,"publisher":{"@id":"https:\/\/now-news.de\/de\/#organization"},"image":{"@id":"https:\/\/now-news.de\/de\/deutschland\/oskar-lafontaine-usa-fuehren-wirtschaftskrieg-gegen-deutschland-und-europa\/#primaryimage"},"thumbnailUrl":"https:\/\/now-news.de\/de\/wp-content\/uploads\/sites\/3\/2024\/01\/Oskar-Lafontaine-USA-fuehren-Wirtschaftskrieg-gegen-Deutschland-und-Europa.jpg","keywords":["Deutschland","Europa","f\u00fchren","gegen","Lafontaine","Oskar","und","USA","Wirtschaftskrieg"],"articleSection":["Deutschland","Russland"],"inLanguage":"de","potentialAction":[{"@type":"CommentAction","name":"Comment","target":["https:\/\/now-news.de\/de\/deutschland\/oskar-lafontaine-usa-fuehren-wirtschaftskrieg-gegen-deutschland-und-europa\/#respond"]}]},{"@type":"WebPage","@id":"https:\/\/now-news.de\/de\/deutschland\/oskar-lafontaine-usa-fuehren-wirtschaftskrieg-gegen-deutschland-und-europa\/","url":"https:\/\/now-news.de\/de\/deutschland\/oskar-lafontaine-usa-fuehren-wirtschaftskrieg-gegen-deutschland-und-europa\/","name":"Oskar Lafontaine: USA f\u00fchren Wirtschaftskrieg gegen Deutschland und Europa - just-now.NEWS Deutschland","isPartOf":{"@id":"https:\/\/now-news.de\/de\/#website"},"primaryImageOfPage":{"@id":"https:\/\/now-news.de\/de\/deutschland\/oskar-lafontaine-usa-fuehren-wirtschaftskrieg-gegen-deutschland-und-europa\/#primaryimage"},"image":{"@id":"https:\/\/now-news.de\/de\/deutschland\/oskar-lafontaine-usa-fuehren-wirtschaftskrieg-gegen-deutschland-und-europa\/#primaryimage"},"thumbnailUrl":"https:\/\/now-news.de\/de\/wp-content\/uploads\/sites\/3\/2024\/01\/Oskar-Lafontaine-USA-fuehren-Wirtschaftskrieg-gegen-Deutschland-und-Europa.jpg","datePublished":"2024-01-22T13:02:06+00:00","dateModified":"2024-01-22T13:02:06+00:00","breadcrumb":{"@id":"https:\/\/now-news.de\/de\/deutschland\/oskar-lafontaine-usa-fuehren-wirtschaftskrieg-gegen-deutschland-und-europa\/#breadcrumb"},"inLanguage":"de","potentialAction":[{"@type":"ReadAction","target":["https:\/\/now-news.de\/de\/deutschland\/oskar-lafontaine-usa-fuehren-wirtschaftskrieg-gegen-deutschland-und-europa\/"]}]},{"@type":"ImageObject","inLanguage":"de","@id":"https:\/\/now-news.de\/de\/deutschland\/oskar-lafontaine-usa-fuehren-wirtschaftskrieg-gegen-deutschland-und-europa\/#primaryimage","url":"https:\/\/now-news.de\/de\/wp-content\/uploads\/sites\/3\/2024\/01\/Oskar-Lafontaine-USA-fuehren-Wirtschaftskrieg-gegen-Deutschland-und-Europa.jpg","contentUrl":"https:\/\/now-news.de\/de\/wp-content\/uploads\/sites\/3\/2024\/01\/Oskar-Lafontaine-USA-fuehren-Wirtschaftskrieg-gegen-Deutschland-und-Europa.jpg","width":460,"height":259,"caption":"Oskar Lafontaine: USA f\u00fchren Wirtschaftskrieg gegen Deutschland und Europa"},{"@type":"BreadcrumbList","@id":"https:\/\/now-news.de\/de\/deutschland\/oskar-lafontaine-usa-fuehren-wirtschaftskrieg-gegen-deutschland-und-europa\/#breadcrumb","itemListElement":[{"@type":"ListItem","position":1,"name":"Home","item":"https:\/\/now-news.de\/de\/"},{"@type":"ListItem","position":2,"name":"Oskar Lafontaine: USA f\u00fchren Wirtschaftskrieg gegen Deutschland und Europa"}]},{"@type":"WebSite","@id":"https:\/\/now-news.de\/de\/#website","url":"https:\/\/now-news.de\/de\/","name":"just-now.NEWS Deutschland","description":"Das Portal f\u00fcr unzensierte Nachrichten aus der Welt","publisher":{"@id":"https:\/\/now-news.de\/de\/#organization"},"potentialAction":[{"@type":"SearchAction","target":{"@type":"EntryPoint","urlTemplate":"https:\/\/now-news.de\/de\/?s={search_term_string}"},"query-input":"required name=search_term_string"}],"inLanguage":"de"},{"@type":"Organization","@id":"https:\/\/now-news.de\/de\/#organization","name":"Just Now News","url":"https:\/\/now-news.de\/de\/","logo":{"@type":"ImageObject","inLanguage":"de","@id":"https:\/\/now-news.de\/de\/#\/schema\/logo\/image\/","url":"http:\/\/just-now.news\/de\/wp-content\/uploads\/sites\/3\/2022\/04\/logo500x500.jpg","contentUrl":"http:\/\/just-now.news\/de\/wp-content\/uploads\/sites\/3\/2022\/04\/logo500x500.jpg","width":500,"height":500,"caption":"Just Now News"},"image":{"@id":"https:\/\/now-news.de\/de\/#\/schema\/logo\/image\/"},"sameAs":["https:\/\/www.facebook.com\/wirmachenauf","https:\/\/x.com\/WirMachenAuf_de"]},{"@type":"Person","@id":"https:\/\/now-news.de\/de\/#\/schema\/person\/fb534a4e865501d8b3285208df34a9b5","name":"rtnews","image":{"@type":"ImageObject","inLanguage":"de","@id":"https:\/\/now-news.de\/de\/#\/schema\/person\/image\/","url":"https:\/\/secure.gravatar.com\/avatar\/82aafea7d8127119dd649515f56e2117?s=96&d=mm&r=g","contentUrl":"https:\/\/secure.gravatar.com\/avatar\/82aafea7d8127119dd649515f56e2117?s=96&d=mm&r=g","caption":"rtnews"},"url":"https:\/\/now-news.de\/de\/author\/rnews\/"}]}},"_links":{"self":[{"href":"https:\/\/now-news.de\/de\/wp-json\/wp\/v2\/posts\/53713"}],"collection":[{"href":"https:\/\/now-news.de\/de\/wp-json\/wp\/v2\/posts"}],"about":[{"href":"https:\/\/now-news.de\/de\/wp-json\/wp\/v2\/types\/post"}],"author":[{"embeddable":true,"href":"https:\/\/now-news.de\/de\/wp-json\/wp\/v2\/users\/3"}],"replies":[{"embeddable":true,"href":"https:\/\/now-news.de\/de\/wp-json\/wp\/v2\/comments?post=53713"}],"version-history":[{"count":0,"href":"https:\/\/now-news.de\/de\/wp-json\/wp\/v2\/posts\/53713\/revisions"}],"wp:featuredmedia":[{"embeddable":true,"href":"https:\/\/now-news.de\/de\/wp-json\/wp\/v2\/media\/53714"}],"wp:attachment":[{"href":"https:\/\/now-news.de\/de\/wp-json\/wp\/v2\/media?parent=53713"}],"wp:term":[{"taxonomy":"category","embeddable":true,"href":"https:\/\/now-news.de\/de\/wp-json\/wp\/v2\/categories?post=53713"},{"taxonomy":"post_tag","embeddable":true,"href":"https:\/\/now-news.de\/de\/wp-json\/wp\/v2\/tags?post=53713"}],"curies":[{"name":"wp","href":"https:\/\/api.w.org\/{rel}","templated":true}]}}