{"id":53688,"date":"2024-01-22T08:00:00","date_gmt":"2024-01-22T06:00:00","guid":{"rendered":"https:\/\/just-now.news\/de\/deutschland\/europa-der-verteidigung-die-geplante-aufruestung-der-eu\/"},"modified":"2024-01-22T08:00:00","modified_gmt":"2024-01-22T06:00:00","slug":"europa-der-verteidigung-die-geplante-aufruestung-der-eu","status":"publish","type":"post","link":"https:\/\/now-news.de\/de\/deutschland\/europa-der-verteidigung-die-geplante-aufruestung-der-eu\/","title":{"rendered":"&quot;Europa der Verteidigung&quot; \u2013 Die geplante Aufr\u00fcstung der EU"},"content":{"rendered":"<p><img decoding=\"async\" src=\"http:\/\/just-now.news\/de\/wp-content\/uploads\/sites\/3\/2024\/01\/65a91b23b480cc1c2d7382d6.jpg\" \/><\/p>\n<div class=\"Text-root Text-type_1 \">\n                Die Friedensnobelpreistr\u00e4gerin EU versucht aktuell, sich mit einem massiven R\u00fcstungsprogramm neuen Schwung zu geben.  Kann es \u2013 von der dadurch verst\u00e4rkten Kriegsgefahr abgesehen \u2013 gelingen, die 27 Mitgliedstaaten auf diesem Weg fester aneinander zu binden?\n            <\/div>\n<p><\/p>\n<div class=\"Text-root Text-type_5 ArticleView-text ViewText-root \">\n<p><em>Von Pierre L\u00e9vy<\/em><\/p>\n<p>In der EU wird viel gestritten:\u00a0Stabilit\u00e4tspakt, Migrationspolitik, Erh\u00f6hung des mehrj\u00e4hrigen Gemeinschaftshaushalts, zollfreie Einfuhr ukrainischer Agrarprodukte, Erweiterung, &#8220;Green Deal&#8221; und so weiter. Die Liste der Dossiers, \u00fcber die sich die 27 offen oder diskret streiten, ist noch l\u00e4nger.<\/p>\n<p>Hat der franz\u00f6sische EU-Binnenmarktkommissar Thierry Breton in diesem zumindest unruhigen Umfeld einen Bereich gefunden, in dem sich die Mitgliedsl\u00e4nder endlich einig sind? Am 11. Januar schlug er vor, das &#8220;Europa der Verteidigung&#8221; \u2013 richtiger w\u00e4re es, von einem Europa der R\u00fcstung zu sprechen \u2013 durch die Schaffung eines mit 100 Milliarden Euro ausgestatteten Fonds zu st\u00e4rken. Die Summe ist nicht ganz unbedeutend: Wenn man sie auf die in der EU lebende Bev\u00f6lkerung bezieht, entspricht sie mehr als 200 Euro pro Person, Babys eingeschlossen.<\/p>\n<p>Laut dem Kommissar \u2013 der in seiner Zeit als franz\u00f6sischer Finanzminister (2005\u00a0bis 2007) ein gro\u00dfer Bef\u00fcrworter von K\u00fcrzungen der \u00f6ffentlichen Ausgaben war \u2013 geht es zum einen darum, &#8220;unsere industrielle Verteidigungsbasis deutlich zu st\u00e4rken&#8221;, und zum anderen darum, &#8220;gemeinsame Sicherheitsinfrastrukturen zu entwickeln&#8221;. Zu letzteren k\u00f6nnten beispielsweise der Einsatz von Weltraum\u00fcberwachungssatelliten, gemeinsame Luftverteidigungssysteme, der m\u00f6gliche Start eines europ\u00e4ischen Flugzeugtr\u00e4gers oder gemeinsame Zentren f\u00fcr Cybersicherheit geh\u00f6ren.<\/p>\n<p>Der direkte Kauf von Waffen, Munition und Ausr\u00fcstung durch die EU ist nach den Vertr\u00e4gen nicht zul\u00e4ssig. Um diese ungl\u00fcckliche H\u00fcrde zu umgehen, gibt es schon mehrere Fonds, wie den Europ\u00e4ischen Verteidigungsfonds, der die milit\u00e4rische Forschung finanziert; den ASAP-Fonds, der Investitionen von R\u00fcstungsunternehmen f\u00f6rdert, die Munition herstellen; und den EDIP-Fonds, der die gemeinsame Beschaffung von milit\u00e4rischer Ausr\u00fcstung durch mindestens drei Mitgliedstaaten beg\u00fcnstigt.<\/p>\n<p>Man k\u00f6nnte auch die &#8220;Europ\u00e4ische Friedensfazilit\u00e4t&#8221; [sic!] nennen, ein \u00e4lteres Instrument, das den milit\u00e4rischen Bedarf von L\u00e4ndern oder Regimen decken soll, die Br\u00fcssel unterst\u00fctzen m\u00f6chte, was nicht aus dem allgemeinen EU-Haushalt geschehen kann. Das Problem ist, dass dieser Fonds durch die Hilfe f\u00fcr die Ukraine weitgehend geleert wurde und ein Konsens gefunden werden m\u00fcsste, um ihn wieder aufzuf\u00fcllen.<\/p>\n<p>Mit seinem im Januar vorgelegten Entwurf (der ohnehin nicht vor Ende des Jahres Gestalt annehmen wird) m\u00f6chte Br\u00fcssel Waffen- und Ausr\u00fcstungshersteller subventionieren, die aus mehreren Mitgliedstaaten stammen und sich zur Zusammenarbeit verpflichten.<\/p>\n<blockquote>\n<p><em>&#8220;Wir sind bereit, den Unternehmen zu helfen, bestimmte Risiken einzugehen, insbesondere in neue Kapazit\u00e4ten zu investieren, ohne dass sie von Anfang an \u00fcber Auftr\u00e4ge der verschiedenen Armeen verf\u00fcgen&#8221;, erkl\u00e4rte Breton. <\/em><\/p>\n<\/blockquote>\n<p>Im Klartext: Das Geld der Steuerzahler wird riskiert, damit die Firmen sicher sein k\u00f6nnen, ihre Kosten zu decken, auch wenn die Auftr\u00e4ge nicht so zahlreich wie erwartet ausfallen.<\/p>\n<p>Hierbei k\u00f6nnte angemerkt werden, dass es sich um staatliche Beihilfen handelt, die im Prinzip nicht sehr konform mit dem von den Vertr\u00e4gen vorgeschriebenen Liberalismus sind. Einige Regierungen k\u00f6nnten dieses Argument \u00fcbrigens vorbringen, um das Projekt anzufechten. Aber f\u00fcr Herrn Breton und viele andere europ\u00e4ische Politiker (darunter Emmanuel Macron) ist es diese Ausnahme wert.<\/p>\n<p>Wenn keiner von ihnen mehr von einer gemeinsamen EU-Armee zu tr\u00e4umen wagt, verfolgt dieses &#8220;Europa der Verteidigung&#8221; in Wirklichkeit zwei Ziele: die Kanonenh\u00e4ndler zufriedenzustellen und sie insbesondere gegen\u00fcber den gro\u00dfen amerikanischen Konzernen zu unterst\u00fctzen, die mehr denn je auf europ\u00e4ische Auftr\u00e4ge schielen; und die Fantasien von der &#8220;Macht Europa&#8221;, dem neuen globalen Horizont, von dem die EU-Eliten tr\u00e4umen, zu erf\u00fcllen. Am 27. Februar wird die Kommission in diesem Zusammenhang ihre &#8220;neue Verteidigungsstrategie&#8221; erl\u00e4utern.<\/p>\n<p>Das erste Ziel ist umso ausschlaggebender, als zahlreiche Mitgliedstaaten nicht z\u00f6gern, sich jenseits des Atlantiks einzudecken, sehr zum Leidwesen der europ\u00e4ischen Firmen (ADS\/Airbus, Dassault, Thales, KMW, Rheinmetall &#8230;).<\/p>\n<p>Erst k\u00fcrzlich besuchte der bulgarische Verteidigungsminister Washington und anschlie\u00dfend die Fabriken des Riesen Lockheed Martin. Auf seiner Einkaufsliste stehen F-16-Kampfjets, Kampffahrzeuge, modernste Radaranlagen, Raketen f\u00fcr die K\u00fcstenwache und so weiter. Sofia plant, bis 2032\u00a0zehn Milliarden US-Dollar in diese Bereiche zu investieren. Bulgarien gilt als das \u00e4rmste Land der EU (aber auch als eines der L\u00e4nder, in denen der Anteil der Bev\u00f6lkerung, der als &#8220;prorussisch&#8221; \u2013 in Wirklichkeit kriegsgegnerisch \u2013 bezeichnet wird, am h\u00f6chsten ist).<\/p>\n<p>Polen wiederum hatte im Juli 2022 den &#8220;Vertrag des Jahrhunderts&#8221; (Flugzeuge, Panzer, Haubitzen &#8230;) mit s\u00fcdkoreanischen Firmen unterzeichnet, sehr zum Leidwesen der europ\u00e4ischen Lieferanten.<\/p>\n<p>Das zweite Ziel wurde durch eine Erkl\u00e4rung des neuen franz\u00f6sischen Verteidigungsministers am 12. Januar wieder verdeutlicht. St\u00e9phane S\u00e9journ\u00e9, ein enger Vertrauter des Pr\u00e4sidenten (der \u00fcbrigens der Lebensgef\u00e4hrte des neuen Premierministers Gabriel Attal war), betonte erneut die Bedeutung der &#8220;Macht Europa&#8221; und betonte: &#8220;Die Wiederbewaffnung Frankreichs erfolgt nat\u00fcrlich durch die Wiederbewaffnung Europas.&#8221;<\/p>\n<p>Der Zufall wollte es, dass sechs Tage sp\u00e4ter der Essay eines franz\u00f6sischen Journalisten, der sich auf milit\u00e4rische Fragen spezialisiert hat, in die Buchhandlungen kommen sollte. Der Titel lautet: &#8220;Sind wir bereit f\u00fcr den Krieg?&#8221;<\/p>\n<p>Fr\u00fcher verk\u00fcndeten die Propagandisten der EWG und sp\u00e4ter der EU: &#8220;Europa ist Wohlstand&#8221; und &#8220;Europa ist Frieden&#8221;.<\/p>\n<p>Der zweite Slogan ist nun auf dem besten Weg, genauso beruhigend zu werden wie der erste.<\/p>\n<p><strong>Mehr zum Thema<\/strong> &#8211; <a rel=\"nofollow noopener\" target=\"_blank\" href=\"https:\/\/freedert.online\/international\/189527-problemkind-ukraine-ausblick-auf-tagung-eu-rats\/\">Problemkind Ukraine &#8211; EU-Ratssitzung mit brisanter Tagesordnung<\/a><\/p>\n<\/div>\n<p><br \/>\n<br \/><a href=\"https:\/\/de.rt.com\/europa\/193186-europa-verteidigung-geplante-aufruestung-eu\/\">Source link <\/a><\/p>\n","protected":false},"excerpt":{"rendered":"<p>Die Friedensnobelpreistr\u00e4gerin EU versucht aktuell, sich mit einem massiven R\u00fcstungsprogramm neuen Schwung zu geben. Kann es \u2013 von der dadurch verst\u00e4rkten Kriegsgefahr abgesehen \u2013 gelingen, die 27 Mitgliedstaaten auf diesem Weg fester aneinander zu binden? Von Pierre L\u00e9vy In der EU wird viel gestritten:\u00a0Stabilit\u00e4tspakt, Migrationspolitik, Erh\u00f6hung des mehrj\u00e4hrigen Gemeinschaftshaushalts, zollfreie Einfuhr ukrainischer Agrarprodukte, Erweiterung, &#8220;Green [&hellip;]<\/p>\n","protected":false},"author":3,"featured_media":53689,"comment_status":"open","ping_status":"open","sticky":false,"template":"","format":"standard","meta":{"_yoast_indexnow_last_ping":["1705903738"],"wp_automatic_camp":["217"],"184e19787e5d4b913ff0b7065b501431":["&quot;Europa der Verteidigung&quot; \u2013 Die geplante Aufr\u00fcstung der EU"],"original_link":["https:\/\/de.rt.com\/europa\/193186-europa-verteidigung-geplante-aufruestung-eu\/"],"_thumbnail_id":["53689"],"_wptgpro_p2tg_sent2tg":["a:1:{i:23737;s:19:\"2024-01-22 08:12:41\";}"],"jnews_social_counter_last_update":["1777118415"]},"categories":[19,23],"tags":[24790,82,45,10358,23034,52686],"yoast_head":"<!-- This site is optimized with the Yoast SEO Premium plugin v22.7 (Yoast SEO v22.7) - https:\/\/yoast.com\/wordpress\/plugins\/seo\/ -->\n<title>&quot;Europa der Verteidigung&quot; \u2013 Die geplante Aufr\u00fcstung der EU - just-now.NEWS Deutschland<\/title>\n<meta name=\"robots\" content=\"index, follow, max-snippet:-1, max-image-preview:large, max-video-preview:-1\" \/>\n<link rel=\"canonical\" href=\"https:\/\/now-news.de\/de\/deutschland\/europa-der-verteidigung-die-geplante-aufruestung-der-eu\/\" \/>\n<meta property=\"og:locale\" content=\"de_DE\" \/>\n<meta property=\"og:type\" content=\"article\" \/>\n<meta property=\"og:title\" content=\"&quot;Europa der Verteidigung&quot; \u2013 Die geplante Aufr\u00fcstung der EU\" \/>\n<meta property=\"og:description\" content=\"Die Friedensnobelpreistr\u00e4gerin EU versucht aktuell, sich mit einem massiven R\u00fcstungsprogramm neuen Schwung zu geben. Kann es \u2013 von der dadurch verst\u00e4rkten Kriegsgefahr abgesehen \u2013 gelingen, die 27 Mitgliedstaaten auf diesem Weg fester aneinander zu binden? Von Pierre L\u00e9vy In der EU wird viel gestritten:\u00a0Stabilit\u00e4tspakt, Migrationspolitik, Erh\u00f6hung des mehrj\u00e4hrigen Gemeinschaftshaushalts, zollfreie Einfuhr ukrainischer Agrarprodukte, Erweiterung, &#8220;Green [&hellip;]\" \/>\n<meta property=\"og:url\" content=\"https:\/\/now-news.de\/de\/deutschland\/europa-der-verteidigung-die-geplante-aufruestung-der-eu\/\" \/>\n<meta property=\"og:site_name\" content=\"just-now.NEWS Deutschland\" \/>\n<meta property=\"article:publisher\" content=\"https:\/\/www.facebook.com\/wirmachenauf\" \/>\n<meta property=\"article:published_time\" content=\"2024-01-22T06:00:00+00:00\" \/>\n<meta property=\"og:image\" content=\"https:\/\/now-news.de\/de\/wp-content\/uploads\/sites\/3\/2024\/01\/quotEuropa-der-Verteidigungquot-\u2013-Die-geplante-Aufruestung-der-EU.jpg\" \/>\n\t<meta property=\"og:image:width\" content=\"460\" \/>\n\t<meta property=\"og:image:height\" content=\"259\" \/>\n\t<meta property=\"og:image:type\" content=\"image\/jpeg\" \/>\n<meta name=\"author\" content=\"rtnews\" \/>\n<meta name=\"twitter:card\" content=\"summary_large_image\" \/>\n<meta name=\"twitter:creator\" content=\"@WirMachenAuf_de\" \/>\n<meta name=\"twitter:site\" content=\"@WirMachenAuf_de\" \/>\n<meta name=\"twitter:label1\" content=\"Verfasst von\" \/>\n\t<meta name=\"twitter:data1\" content=\"rtnews\" \/>\n\t<meta name=\"twitter:label2\" content=\"Gesch\u00e4tzte Lesezeit\" \/>\n\t<meta name=\"twitter:data2\" content=\"4\u00a0Minuten\" \/>\n<script type=\"application\/ld+json\" class=\"yoast-schema-graph\">{\"@context\":\"https:\/\/schema.org\",\"@graph\":[{\"@type\":\"Article\",\"@id\":\"https:\/\/now-news.de\/de\/deutschland\/europa-der-verteidigung-die-geplante-aufruestung-der-eu\/#article\",\"isPartOf\":{\"@id\":\"https:\/\/now-news.de\/de\/deutschland\/europa-der-verteidigung-die-geplante-aufruestung-der-eu\/\"},\"author\":{\"name\":\"rtnews\",\"@id\":\"https:\/\/now-news.de\/de\/#\/schema\/person\/fb534a4e865501d8b3285208df34a9b5\"},\"headline\":\"&quot;Europa der Verteidigung&quot; \u2013 Die geplante Aufr\u00fcstung der EU\",\"datePublished\":\"2024-01-22T06:00:00+00:00\",\"dateModified\":\"2024-01-22T06:00:00+00:00\",\"mainEntityOfPage\":{\"@id\":\"https:\/\/now-news.de\/de\/deutschland\/europa-der-verteidigung-die-geplante-aufruestung-der-eu\/\"},\"wordCount\":909,\"commentCount\":0,\"publisher\":{\"@id\":\"https:\/\/now-news.de\/de\/#organization\"},\"image\":{\"@id\":\"https:\/\/now-news.de\/de\/deutschland\/europa-der-verteidigung-die-geplante-aufruestung-der-eu\/#primaryimage\"},\"thumbnailUrl\":\"https:\/\/now-news.de\/de\/wp-content\/uploads\/sites\/3\/2024\/01\/quotEuropa-der-Verteidigungquot-\u2013-Die-geplante-Aufruestung-der-EU.jpg\",\"keywords\":[\"Aufr\u00fcstung\",\"der\",\"die\",\"geplante\",\"quotEuropa\",\"Verteidigungquot\"],\"articleSection\":[\"Deutschland\",\"Russland\"],\"inLanguage\":\"de\",\"potentialAction\":[{\"@type\":\"CommentAction\",\"name\":\"Comment\",\"target\":[\"https:\/\/now-news.de\/de\/deutschland\/europa-der-verteidigung-die-geplante-aufruestung-der-eu\/#respond\"]}]},{\"@type\":\"WebPage\",\"@id\":\"https:\/\/now-news.de\/de\/deutschland\/europa-der-verteidigung-die-geplante-aufruestung-der-eu\/\",\"url\":\"https:\/\/now-news.de\/de\/deutschland\/europa-der-verteidigung-die-geplante-aufruestung-der-eu\/\",\"name\":\"&quot;Europa der Verteidigung&quot; \u2013 Die geplante Aufr\u00fcstung der EU - just-now.NEWS Deutschland\",\"isPartOf\":{\"@id\":\"https:\/\/now-news.de\/de\/#website\"},\"primaryImageOfPage\":{\"@id\":\"https:\/\/now-news.de\/de\/deutschland\/europa-der-verteidigung-die-geplante-aufruestung-der-eu\/#primaryimage\"},\"image\":{\"@id\":\"https:\/\/now-news.de\/de\/deutschland\/europa-der-verteidigung-die-geplante-aufruestung-der-eu\/#primaryimage\"},\"thumbnailUrl\":\"https:\/\/now-news.de\/de\/wp-content\/uploads\/sites\/3\/2024\/01\/quotEuropa-der-Verteidigungquot-\u2013-Die-geplante-Aufruestung-der-EU.jpg\",\"datePublished\":\"2024-01-22T06:00:00+00:00\",\"dateModified\":\"2024-01-22T06:00:00+00:00\",\"breadcrumb\":{\"@id\":\"https:\/\/now-news.de\/de\/deutschland\/europa-der-verteidigung-die-geplante-aufruestung-der-eu\/#breadcrumb\"},\"inLanguage\":\"de\",\"potentialAction\":[{\"@type\":\"ReadAction\",\"target\":[\"https:\/\/now-news.de\/de\/deutschland\/europa-der-verteidigung-die-geplante-aufruestung-der-eu\/\"]}]},{\"@type\":\"ImageObject\",\"inLanguage\":\"de\",\"@id\":\"https:\/\/now-news.de\/de\/deutschland\/europa-der-verteidigung-die-geplante-aufruestung-der-eu\/#primaryimage\",\"url\":\"https:\/\/now-news.de\/de\/wp-content\/uploads\/sites\/3\/2024\/01\/quotEuropa-der-Verteidigungquot-\u2013-Die-geplante-Aufruestung-der-EU.jpg\",\"contentUrl\":\"https:\/\/now-news.de\/de\/wp-content\/uploads\/sites\/3\/2024\/01\/quotEuropa-der-Verteidigungquot-\u2013-Die-geplante-Aufruestung-der-EU.jpg\",\"width\":460,\"height\":259,\"caption\":\"&quot;Europa der Verteidigung&quot; \u2013 Die geplante Aufr\u00fcstung der EU\"},{\"@type\":\"BreadcrumbList\",\"@id\":\"https:\/\/now-news.de\/de\/deutschland\/europa-der-verteidigung-die-geplante-aufruestung-der-eu\/#breadcrumb\",\"itemListElement\":[{\"@type\":\"ListItem\",\"position\":1,\"name\":\"Home\",\"item\":\"https:\/\/now-news.de\/de\/\"},{\"@type\":\"ListItem\",\"position\":2,\"name\":\"&quot;Europa der Verteidigung&quot; \u2013 Die geplante Aufr\u00fcstung der EU\"}]},{\"@type\":\"WebSite\",\"@id\":\"https:\/\/now-news.de\/de\/#website\",\"url\":\"https:\/\/now-news.de\/de\/\",\"name\":\"just-now.NEWS Deutschland\",\"description\":\"Das Portal f\u00fcr unzensierte Nachrichten aus der Welt\",\"publisher\":{\"@id\":\"https:\/\/now-news.de\/de\/#organization\"},\"potentialAction\":[{\"@type\":\"SearchAction\",\"target\":{\"@type\":\"EntryPoint\",\"urlTemplate\":\"https:\/\/now-news.de\/de\/?s={search_term_string}\"},\"query-input\":\"required name=search_term_string\"}],\"inLanguage\":\"de\"},{\"@type\":\"Organization\",\"@id\":\"https:\/\/now-news.de\/de\/#organization\",\"name\":\"Just Now News\",\"url\":\"https:\/\/now-news.de\/de\/\",\"logo\":{\"@type\":\"ImageObject\",\"inLanguage\":\"de\",\"@id\":\"https:\/\/now-news.de\/de\/#\/schema\/logo\/image\/\",\"url\":\"http:\/\/just-now.news\/de\/wp-content\/uploads\/sites\/3\/2022\/04\/logo500x500.jpg\",\"contentUrl\":\"http:\/\/just-now.news\/de\/wp-content\/uploads\/sites\/3\/2022\/04\/logo500x500.jpg\",\"width\":500,\"height\":500,\"caption\":\"Just Now News\"},\"image\":{\"@id\":\"https:\/\/now-news.de\/de\/#\/schema\/logo\/image\/\"},\"sameAs\":[\"https:\/\/www.facebook.com\/wirmachenauf\",\"https:\/\/x.com\/WirMachenAuf_de\"]},{\"@type\":\"Person\",\"@id\":\"https:\/\/now-news.de\/de\/#\/schema\/person\/fb534a4e865501d8b3285208df34a9b5\",\"name\":\"rtnews\",\"image\":{\"@type\":\"ImageObject\",\"inLanguage\":\"de\",\"@id\":\"https:\/\/now-news.de\/de\/#\/schema\/person\/image\/\",\"url\":\"https:\/\/secure.gravatar.com\/avatar\/82aafea7d8127119dd649515f56e2117?s=96&d=mm&r=g\",\"contentUrl\":\"https:\/\/secure.gravatar.com\/avatar\/82aafea7d8127119dd649515f56e2117?s=96&d=mm&r=g\",\"caption\":\"rtnews\"},\"url\":\"https:\/\/now-news.de\/de\/author\/rnews\/\"}]}<\/script>\n<!-- \/ Yoast SEO Premium plugin. -->","yoast_head_json":{"title":"&quot;Europa der Verteidigung&quot; \u2013 Die geplante Aufr\u00fcstung der EU - just-now.NEWS Deutschland","robots":{"index":"index","follow":"follow","max-snippet":"max-snippet:-1","max-image-preview":"max-image-preview:large","max-video-preview":"max-video-preview:-1"},"canonical":"https:\/\/now-news.de\/de\/deutschland\/europa-der-verteidigung-die-geplante-aufruestung-der-eu\/","og_locale":"de_DE","og_type":"article","og_title":"&quot;Europa der Verteidigung&quot; \u2013 Die geplante Aufr\u00fcstung der EU","og_description":"Die Friedensnobelpreistr\u00e4gerin EU versucht aktuell, sich mit einem massiven R\u00fcstungsprogramm neuen Schwung zu geben. Kann es \u2013 von der dadurch verst\u00e4rkten Kriegsgefahr abgesehen \u2013 gelingen, die 27 Mitgliedstaaten auf diesem Weg fester aneinander zu binden? Von Pierre L\u00e9vy In der EU wird viel gestritten:\u00a0Stabilit\u00e4tspakt, Migrationspolitik, Erh\u00f6hung des mehrj\u00e4hrigen Gemeinschaftshaushalts, zollfreie Einfuhr ukrainischer Agrarprodukte, Erweiterung, &#8220;Green [&hellip;]","og_url":"https:\/\/now-news.de\/de\/deutschland\/europa-der-verteidigung-die-geplante-aufruestung-der-eu\/","og_site_name":"just-now.NEWS Deutschland","article_publisher":"https:\/\/www.facebook.com\/wirmachenauf","article_published_time":"2024-01-22T06:00:00+00:00","og_image":[{"width":460,"height":259,"url":"https:\/\/now-news.de\/de\/wp-content\/uploads\/sites\/3\/2024\/01\/quotEuropa-der-Verteidigungquot-\u2013-Die-geplante-Aufruestung-der-EU.jpg","type":"image\/jpeg"}],"author":"rtnews","twitter_card":"summary_large_image","twitter_creator":"@WirMachenAuf_de","twitter_site":"@WirMachenAuf_de","twitter_misc":{"Verfasst von":"rtnews","Gesch\u00e4tzte Lesezeit":"4\u00a0Minuten"},"schema":{"@context":"https:\/\/schema.org","@graph":[{"@type":"Article","@id":"https:\/\/now-news.de\/de\/deutschland\/europa-der-verteidigung-die-geplante-aufruestung-der-eu\/#article","isPartOf":{"@id":"https:\/\/now-news.de\/de\/deutschland\/europa-der-verteidigung-die-geplante-aufruestung-der-eu\/"},"author":{"name":"rtnews","@id":"https:\/\/now-news.de\/de\/#\/schema\/person\/fb534a4e865501d8b3285208df34a9b5"},"headline":"&quot;Europa der Verteidigung&quot; \u2013 Die geplante Aufr\u00fcstung der EU","datePublished":"2024-01-22T06:00:00+00:00","dateModified":"2024-01-22T06:00:00+00:00","mainEntityOfPage":{"@id":"https:\/\/now-news.de\/de\/deutschland\/europa-der-verteidigung-die-geplante-aufruestung-der-eu\/"},"wordCount":909,"commentCount":0,"publisher":{"@id":"https:\/\/now-news.de\/de\/#organization"},"image":{"@id":"https:\/\/now-news.de\/de\/deutschland\/europa-der-verteidigung-die-geplante-aufruestung-der-eu\/#primaryimage"},"thumbnailUrl":"https:\/\/now-news.de\/de\/wp-content\/uploads\/sites\/3\/2024\/01\/quotEuropa-der-Verteidigungquot-\u2013-Die-geplante-Aufruestung-der-EU.jpg","keywords":["Aufr\u00fcstung","der","die","geplante","quotEuropa","Verteidigungquot"],"articleSection":["Deutschland","Russland"],"inLanguage":"de","potentialAction":[{"@type":"CommentAction","name":"Comment","target":["https:\/\/now-news.de\/de\/deutschland\/europa-der-verteidigung-die-geplante-aufruestung-der-eu\/#respond"]}]},{"@type":"WebPage","@id":"https:\/\/now-news.de\/de\/deutschland\/europa-der-verteidigung-die-geplante-aufruestung-der-eu\/","url":"https:\/\/now-news.de\/de\/deutschland\/europa-der-verteidigung-die-geplante-aufruestung-der-eu\/","name":"&quot;Europa der Verteidigung&quot; \u2013 Die geplante Aufr\u00fcstung der EU - just-now.NEWS Deutschland","isPartOf":{"@id":"https:\/\/now-news.de\/de\/#website"},"primaryImageOfPage":{"@id":"https:\/\/now-news.de\/de\/deutschland\/europa-der-verteidigung-die-geplante-aufruestung-der-eu\/#primaryimage"},"image":{"@id":"https:\/\/now-news.de\/de\/deutschland\/europa-der-verteidigung-die-geplante-aufruestung-der-eu\/#primaryimage"},"thumbnailUrl":"https:\/\/now-news.de\/de\/wp-content\/uploads\/sites\/3\/2024\/01\/quotEuropa-der-Verteidigungquot-\u2013-Die-geplante-Aufruestung-der-EU.jpg","datePublished":"2024-01-22T06:00:00+00:00","dateModified":"2024-01-22T06:00:00+00:00","breadcrumb":{"@id":"https:\/\/now-news.de\/de\/deutschland\/europa-der-verteidigung-die-geplante-aufruestung-der-eu\/#breadcrumb"},"inLanguage":"de","potentialAction":[{"@type":"ReadAction","target":["https:\/\/now-news.de\/de\/deutschland\/europa-der-verteidigung-die-geplante-aufruestung-der-eu\/"]}]},{"@type":"ImageObject","inLanguage":"de","@id":"https:\/\/now-news.de\/de\/deutschland\/europa-der-verteidigung-die-geplante-aufruestung-der-eu\/#primaryimage","url":"https:\/\/now-news.de\/de\/wp-content\/uploads\/sites\/3\/2024\/01\/quotEuropa-der-Verteidigungquot-\u2013-Die-geplante-Aufruestung-der-EU.jpg","contentUrl":"https:\/\/now-news.de\/de\/wp-content\/uploads\/sites\/3\/2024\/01\/quotEuropa-der-Verteidigungquot-\u2013-Die-geplante-Aufruestung-der-EU.jpg","width":460,"height":259,"caption":"&quot;Europa der Verteidigung&quot; \u2013 Die geplante Aufr\u00fcstung der EU"},{"@type":"BreadcrumbList","@id":"https:\/\/now-news.de\/de\/deutschland\/europa-der-verteidigung-die-geplante-aufruestung-der-eu\/#breadcrumb","itemListElement":[{"@type":"ListItem","position":1,"name":"Home","item":"https:\/\/now-news.de\/de\/"},{"@type":"ListItem","position":2,"name":"&quot;Europa der Verteidigung&quot; \u2013 Die geplante Aufr\u00fcstung der EU"}]},{"@type":"WebSite","@id":"https:\/\/now-news.de\/de\/#website","url":"https:\/\/now-news.de\/de\/","name":"just-now.NEWS Deutschland","description":"Das Portal f\u00fcr unzensierte Nachrichten aus der Welt","publisher":{"@id":"https:\/\/now-news.de\/de\/#organization"},"potentialAction":[{"@type":"SearchAction","target":{"@type":"EntryPoint","urlTemplate":"https:\/\/now-news.de\/de\/?s={search_term_string}"},"query-input":"required name=search_term_string"}],"inLanguage":"de"},{"@type":"Organization","@id":"https:\/\/now-news.de\/de\/#organization","name":"Just Now News","url":"https:\/\/now-news.de\/de\/","logo":{"@type":"ImageObject","inLanguage":"de","@id":"https:\/\/now-news.de\/de\/#\/schema\/logo\/image\/","url":"http:\/\/just-now.news\/de\/wp-content\/uploads\/sites\/3\/2022\/04\/logo500x500.jpg","contentUrl":"http:\/\/just-now.news\/de\/wp-content\/uploads\/sites\/3\/2022\/04\/logo500x500.jpg","width":500,"height":500,"caption":"Just Now News"},"image":{"@id":"https:\/\/now-news.de\/de\/#\/schema\/logo\/image\/"},"sameAs":["https:\/\/www.facebook.com\/wirmachenauf","https:\/\/x.com\/WirMachenAuf_de"]},{"@type":"Person","@id":"https:\/\/now-news.de\/de\/#\/schema\/person\/fb534a4e865501d8b3285208df34a9b5","name":"rtnews","image":{"@type":"ImageObject","inLanguage":"de","@id":"https:\/\/now-news.de\/de\/#\/schema\/person\/image\/","url":"https:\/\/secure.gravatar.com\/avatar\/82aafea7d8127119dd649515f56e2117?s=96&d=mm&r=g","contentUrl":"https:\/\/secure.gravatar.com\/avatar\/82aafea7d8127119dd649515f56e2117?s=96&d=mm&r=g","caption":"rtnews"},"url":"https:\/\/now-news.de\/de\/author\/rnews\/"}]}},"_links":{"self":[{"href":"https:\/\/now-news.de\/de\/wp-json\/wp\/v2\/posts\/53688"}],"collection":[{"href":"https:\/\/now-news.de\/de\/wp-json\/wp\/v2\/posts"}],"about":[{"href":"https:\/\/now-news.de\/de\/wp-json\/wp\/v2\/types\/post"}],"author":[{"embeddable":true,"href":"https:\/\/now-news.de\/de\/wp-json\/wp\/v2\/users\/3"}],"replies":[{"embeddable":true,"href":"https:\/\/now-news.de\/de\/wp-json\/wp\/v2\/comments?post=53688"}],"version-history":[{"count":0,"href":"https:\/\/now-news.de\/de\/wp-json\/wp\/v2\/posts\/53688\/revisions"}],"wp:featuredmedia":[{"embeddable":true,"href":"https:\/\/now-news.de\/de\/wp-json\/wp\/v2\/media\/53689"}],"wp:attachment":[{"href":"https:\/\/now-news.de\/de\/wp-json\/wp\/v2\/media?parent=53688"}],"wp:term":[{"taxonomy":"category","embeddable":true,"href":"https:\/\/now-news.de\/de\/wp-json\/wp\/v2\/categories?post=53688"},{"taxonomy":"post_tag","embeddable":true,"href":"https:\/\/now-news.de\/de\/wp-json\/wp\/v2\/tags?post=53688"}],"curies":[{"name":"wp","href":"https:\/\/api.w.org\/{rel}","templated":true}]}}