{"id":53684,"date":"2024-01-21T22:31:48","date_gmt":"2024-01-21T20:31:48","guid":{"rendered":"https:\/\/just-now.news\/de\/deutschland\/praesident-milei-uebereinkuenfte-mit-dem-iwf-in-davos-proteste-und-strassenblockaden-in-argentinien\/"},"modified":"2024-01-21T22:31:48","modified_gmt":"2024-01-21T20:31:48","slug":"praesident-milei-uebereinkuenfte-mit-dem-iwf-in-davos-proteste-und-strassenblockaden-in-argentinien","status":"publish","type":"post","link":"https:\/\/now-news.de\/de\/deutschland\/praesident-milei-uebereinkuenfte-mit-dem-iwf-in-davos-proteste-und-strassenblockaden-in-argentinien\/","title":{"rendered":"Pr\u00e4sident Milei: \u00dcbereink\u00fcnfte mit dem IWF in Davos, Proteste und Stra\u00dfenblockaden in Argentinien"},"content":{"rendered":"<p><img decoding=\"async\" src=\"http:\/\/just-now.news\/de\/wp-content\/uploads\/sites\/3\/2024\/01\/65ad44f948fbef2e36725655.jpg\" \/><\/p>\n<div class=\"Text-root Text-type_1 \">\n                In Argentinien w\u00e4chst der B\u00fcrgerprotest, Demonstrationen und Stra\u00dfenblockaden in und um Buenos Aires sind erste Anzeichen f\u00fcr zu erwartende Auseinandersetzungen. Inflation und Lebenshaltungskosten sind f\u00fcr die Masse der Bev\u00f6lkerung nicht mehr tragbar. Die Menschen hungern.\n            <\/div>\n<p><\/p>\n<div class=\"Text-root Text-type_5 ArticleView-text ViewText-root \">\n<p><em>Von Maria M\u00fcller<\/em><\/p>\n<p>W\u00e4hrend die sozialen Proteste in Argentinien anwachsen, ist der Internationale W\u00e4hrungsfonds (IWF) mit den radikalen Ma\u00dfnahmen des argentinischen Pr\u00e4sidenten Javier Milei einverstanden. Am vergangenen Mittwoch trafen sich die beiden Hauptakteure, Milei und die <a rel=\"nofollow noopener\" target=\"_blank\" href=\"https:\/\/actualidad.rt.com\/actualidad\/496089-milei-reune-davos-kristalina-georgieva-fmi\">Generaldirektorin des IWF<\/a>, Kristalina Georgieva, im Rahmen des Weltwirtschaftsforums in Davos. Sie besprachen die Pl\u00e4ne des neuen Pr\u00e4sidenten, mit denen laut IWF die &#8220;tiefgreifenden wirtschaftlichen und sozialen Herausforderungen&#8221; des Landes beantwortet werden sollen. <a rel=\"nofollow noopener\" target=\"_blank\" href=\"https:\/\/actualidad.rt.com\/actualidad\/496089-milei-reune-davos-kristalina-georgieva-fmi\"><\/a><\/p>\n<p>In Argentinien w\u00e4chst indessen der B\u00fcrgerprotest, Demonstrationen und Stra\u00dfensperren in Buenos Aires und Umgebung sind die ersten Anzeichen der zu erwartenden Auseinandersetzungen. Die Menschen haben Hunger.<\/p>\n<blockquote>\n<p><em>&#8220;Heute sind alle Suppenk\u00fcchen, <\/em><a rel=\"nofollow noopener\" target=\"_blank\" href=\"https:\/\/actualidad.rt.com\/actualidad\/496064-nueva-jornada-protestas-argentina-decreto-milei\"><em>Abertausende von Suppenk\u00fcchen<\/em><\/a><em>\u00a0im ganzen Land, ihrem Schicksal \u00fcberlassen, Entwicklungsprogramme wie das der Vereinten Nationen sind auch ihrem Schicksal \u00fcberlassen. Wir sind nur noch traurig und w\u00fctend!<\/em><em>&#8220;,<\/em>\u00a0<em>sagte der Gewerkschaftsf\u00fchrer Luis D\u2019Elia vor der Presse.\u00a0<\/em><\/p>\n<\/blockquote>\n<p><strong>Widerstand gegen ein unmenschliches Diktat <\/strong><a rel=\"nofollow noopener\" target=\"_blank\" href=\"https:\/\/actualidad.rt.com\/actualidad\/496064-nueva-jornada-protestas-argentina-decreto-milei\"><strong><\/strong><\/a><\/p>\n<p>Die 10.000 \u00f6ffentlichen Tafeln erhalten keine staatliche Unterst\u00fctzung mehr. Die Inflation und die Lebenshaltungskosten sind f\u00fcr die Masse der Bev\u00f6lkerung nicht mehr zu ertragen. Soziale Organisationen, Gewerkschaften und unorganisierte B\u00fcrger f\u00fchrten am Tag des Treffens in Davos neuerlich Protestaktionen gegen das sogenannte &#8220;Omnibus-Gesetz&#8221; und gegen die &#8220;Nationale Dringlichkeitsverordnung&#8221;\u00a0(DNU) des Pr\u00e4sidenten Javier Milei durch. Die angeblich &#8220;libert\u00e4ren&#8221; Ma\u00dfnahmen sind in Argentinien stark umstritten. Die Gewerkschaften haben f\u00fcr den 24. Januar einen landesweiten Streik angek\u00fcndigt, wenn der rechtsextreme Pr\u00e4sident keine Abhilfe schafft. Seine Ma\u00dfnahmen sind f\u00fcr die B\u00fcrger ein R\u00fcckschlag f\u00fcr ihre Sozial-, Arbeits- und Menschenrechte.<\/p>\n<p>Die DNU-Verordnung enth\u00e4lt Paragrafen f\u00fcr ein neues Arbeitsrecht, mit dem die bisherigen Rechte der Arbeitnehmer au\u00dfer Kraft gesetzt werden. Das Projekt kommt den gro\u00dfen Unternehmen zugute, greift elementare demokratische Rechte an und zielt darauf ab, eine drastische \u00c4nderung der sozialen, arbeitsrechtlichen und vertraglichen Beziehungen zum Nachteil der Bev\u00f6lkerungsmehrheiten durchzusetzen.<\/p>\n<p>Das umstrittene Omnibus-Gesetz, ein weiteres <a rel=\"nofollow noopener\" target=\"_blank\" href=\"https:\/\/www.bbc.com\/mundo\/articles\/cm508rg4d3ro\">Paket mit 664 Gesetzen<\/a>, will im Eilverfahren am Parlament vorbei Verfassungs\u00e4nderungen durchsetzen, internationale Vertr\u00e4ge aushebeln und zahlreiche geltende Gesetze und Verordnungen ver\u00e4ndern.\u00a0Mit dem Gesetz soll die Deregulierung einer Vielzahl von Wirtschaftsbereichen wie Arbeit, Handel, Immobilien, Luftfahrt und Gesundheitswesen m\u00f6glich werden.\u00a0<a rel=\"nofollow noopener\" target=\"_blank\" href=\"https:\/\/www.bbc.com\/mundo\/articles\/cm508rg4d3ro\"><strong><\/strong><\/a><\/p>\n<p><strong>Heftige Debatten im Kongress gegen das Aushebeln der Demokratie<\/strong><strong><\/strong><\/p>\n<p>Die Abgeordnete Myriam Bregman (Linke Einheitsfront) sagte in einer Debatte im Kongress \u00fcber das sogenannte Dringlichkeitsgesetz und die neue Regierung:<\/p>\n<blockquote>\n<p><em>&#8220;Sie fordern die <\/em><a rel=\"nofollow noopener\" target=\"_blank\" href=\"https:\/\/www.laizquierdadiario.com\/Ley-omnibus-por-que-la-izquierda-la-rechaza-en-Diputados\"><em>Errichtung einer Autokratie<\/em><\/a><em>. Eine Autokratie, in der der Pr\u00e4sident f\u00fcr ein oder zwei Jahre entscheiden k\u00f6nnte, ob er die Renten in einem Monat erh\u00f6ht oder das gesamte Rentensystem \u00e4ndert, die Bestimmungen f\u00fcr die innere Sicherheit und f\u00fcr das Milit\u00e4r \u00e4ndert,\u00a0<\/em><em>oder \u2013 wie vorgesehen \u2013 41 staatliche Unternehmen mit mehr als 90.000 Arbeitnehmern privatisiert und diejenigen entlassen werden, die er will.<\/em><\/p>\n<p><em><\/em><\/p>\n<p><em>Das hei\u00dft, dieses Sammelgesetz greift zusammen mit der DNU-Verordnung die Rechte an, f\u00fcr die wir gek\u00e4mpft haben, f\u00fcr die wir auf die Stra\u00dfe gegangen sind. M\u00f6glicherweise kann sich diese Autokratie ohne zeitliche Begrenzung auf seine gesamte Regierungszeit ausweiten.<\/em><em>&#8220;<\/em><em>\u200b<\/em><em><\/em><\/p>\n<\/blockquote>\n<p><em><\/em>Andere Abgeordnete kritisierten, dass Milei unter dem Vorwand der Dringlichkeit ohne das Parlament regieren wolle. Doch viele Ma\u00dfnahmen m\u00fcssten unbedingt vom Kongress verabschiedet werden und h\u00e4tten nichts mit der angeblichen Dringlichkeit zu tun. Mileis Partei ist im Kongress in der Minderheit.<\/p>\n<p><strong>IWF-Chefin sorgt sich in Davos um die Armen in Argentinien<\/strong><strong><\/strong><\/p>\n<p>Die IWF-Chefin Georgieva m\u00f6chte ihre H\u00e4nde in Unschuld waschen und das Image des IWF als eine Institution f\u00fcr die F\u00f6rderung von Entwicklung und Wachstum m\u00f6glichst aufrechterhalten. Sie betonte in einem Interview mit der <a rel=\"nofollow noopener\" target=\"_blank\" href=\"https:\/\/actualidad.rt.com\/actualidad\/495986-directora-fmi-apoyar-medidas-ajuste-milei\">Nachrichtenagentur <em>Bloomberg<\/em><\/a>, das Ma\u00dfnahmenpaket m\u00fcsse die Lage der \u00e4rmsten Bev\u00f6lkerungsschichten ber\u00fccksichtigen.\u00a0<\/p>\n<blockquote>\n<p><em>&#8220;<\/em><em>Der Internationale W\u00e4hrungsfonds ist zutiefst besorgt dar\u00fcber, wie die Schockma\u00dfnahmen und wirtschaftlichen Deregulierungen die am st\u00e4rksten gef\u00e4hrdeten B\u00fcrger treffen werden \u2013 und wie der Staat sie unterst\u00fctzen kann.<\/em><em>&#8220;<\/em><em><\/em><\/p>\n<\/blockquote>\n<p>Georgieva betonte, dass die Milei-Regierung &#8220;einige der Defizite, die wir alle sehen, sehr aggressiv angeht&#8221;, darunter das Haushaltsdefizit und der Mangel an Reserven. Die Reformen seien &#8220;sehr wagemutig&#8221;. Doch insgesamt &#8220;<a rel=\"nofollow noopener\" target=\"_blank\" href=\"https:\/\/actualidad.rt.com\/actualidad\/495986-directora-fmi-apoyar-medidas-ajuste-milei\">l\u00e4uft alles gut&#8221; mit den Anpassungsma\u00dfnahmen<\/a>.\u00a0<\/p>\n<p>In Bezug auf ihre Unterredung mit Milei in Davos sagte sie: \u00a0<\/p>\n<blockquote>\n<p><em>&#8220;Wir haben \u00fcber die entscheidenden Ma\u00dfnahmen gegen die Inflation gesprochen, \u00fcber die F\u00f6rderung des vom privaten Sektor getragenen Wachstums, und wie die knappen \u00f6ffentlichen Gelder zu verwenden sind, um den am st\u00e4rksten gef\u00e4hrdeten Menschen zu helfen.<\/em><em>&#8220;<\/em><\/p>\n<\/blockquote>\n<p><strong>Die unzul\u00e4ssige Schuldenlast muss neu verhandelt werden<\/strong><strong><\/strong><\/p>\n<p>In der Woche vor dem Treffen in Davos fand eine Zusammenkunft mit angereisten &#8220;technischen Experten&#8221;\u00a0des IWF in Buenos Aires statt. Sie haben das neue Programm der Regierung zur <a rel=\"nofollow noopener\" target=\"_blank\" href=\"https:\/\/actualidad.rt.com\/actualidad\/495309-fmi-anuncia-nuevo-acuerdo-gobierno\">Schuldentilgung Argentiniens<\/a>\u00a0wohlwollend zur Pr\u00fcfung entgegengenommen. Im Mittelpunkt der Verhandlungen steht die Frage, wie die zwischen dem Fonds und der fr\u00fcheren Regierung des Pr\u00e4sidenten Mauricio Macri 2018 unterzeichnete Vereinbarung von \u00fcber 54 Milliarden US-Dollar neu geregelt werden kann. Auch der im Jahr 2020 mit der progressiven Regierung von Alberto Fern\u00e1ndez vereinbarte Zahlungsplan ist neu auszuhandeln.<\/p>\n<p>Sobald das Programm des Javier Milei endg\u00fcltig akzeptiert ist, k\u00f6nnte seine Regierung eine IWF-Auszahlung von rund 4,7 Milliarden US-Dollar erhalten. Ein Teil dieses Betrags muss dazu verwendet werden, eine Verpflichtung in H\u00f6he von 1,95 Milliarden US-Dollar zu bezahlen, die Ende Januar ausl\u00e4uft. Zuvor hielt der argentinische Pr\u00e4sident seine erste Rede auf dem Weltforum in Davos, in der er versicherte, dass der Kapitalismus das einzig m\u00f6gliche Modell zur Beendigung von Hunger und Armut in der Welt sei. Er kritisierte jegliche staatliche Regulierung sowie Sozialismus und Feminismus.<\/p>\n<p><strong>In Argentinien w\u00e4chst der Widerstand<\/strong><strong><\/strong><\/p>\n<p><strong><\/strong>Luis D&#8217;Elia, Vorsitzender der argentinischen F\u00f6deration f\u00fcr Land, Wohnung und Lebensraum (FTV), rief dazu auf, am vergangenen Mittwoch, dem 17.\u00a0Januar 2024, die Nationalstra\u00dfe 3 in der Stadt La Matanza, in der Provinz Buenos Aires, zu blockieren.<\/p>\n<blockquote>\n<p><em>&#8220;<\/em><em>Wir sind mit Kollegen von mehr als 40 Organisationen zusammen, die die Nationale Dringlichkeitsverordnung und das Omnibus-Gesetz ablehnen. Die Lebenshaltungskosten sind in die H\u00f6he geschnellt, und das Einkommen der unteren Schichten wird immer weniger. In einem Monat gab es den gr\u00f6\u00dften <\/em><a rel=\"nofollow noopener\" target=\"_blank\" href=\"https:\/\/www.laizquierdadiario.com\/Trabajadores-protagonizaron-nueva-jornada-de-lucha-contra-el-plan-de-guerra-de-Milei\"><em>Verlust an Kaufkraft<\/em><\/a><em>\u00a0im ganzen Land: 13,8 Prozent. Weil sie den Peso abgewertet haben, weil sie Preise f\u00fcr Kraftstoffe und Lebensmittel freigaben. Das Land wird zweifellos in tausend St\u00fccke explodieren.<\/em><em>&#8220;<\/em><em>\u00a0\u00a0<\/em><em><\/em><\/p>\n<\/blockquote>\n<p><a rel=\"nofollow noopener\" target=\"_blank\" href=\"https:\/\/www.laizquierdadiario.com\/Trabajadores-protagonizaron-nueva-jornada-de-lucha-contra-el-plan-de-guerra-de-Milei\"><\/a>Schon am 27. Dezember kam es zur ersten gro\u00dfen Massenkundgebung auf dem Platz vor dem Bundesgerichtshof in der Hauptstadt. Zehntausende zogen mit Fahnen und Transparenten \u00fcber den Platz, die Zufahrtsstra\u00dfen waren voller Menschen. Es ging dabei um die Unterst\u00fctzung der vom Gewerkschaftsbund CGT eingebrachten Eilverfahren gegen die Dringlichkeitsverordnung von Milei.<\/p>\n<p>Die Dringlichkeitsforderungen der Menschen bedeuten sofortige, an die Inflation angepasste Lohn- und Rentenerh\u00f6hungen sowie Sozialprogramme. Der Ruf nach einem Generalstreik wird immer lauter. Grunds\u00e4tzlich m\u00fcsse ein gewerkschaftlicher Kampfplan entwickelt und so lange umgesetzt werden, bis die Mega-Verordnung DNU von Milei vom Tisch ist.<\/p>\n<p>Vielleicht hat das Massenaufgebot vor dem Bundesgerichtshof Argentiniens mitgeholfen \u2013 jedenfalls entschied das Gericht positiv \u00fcber einen Antrag der Gewerkschaftszentrale CGT. Die arbeitsrechtlichen \u00c4nderungen von Milei vom 20. Dezember sollen vorl\u00e4ufig ung\u00fcltig sein. Des Weiteren <a rel=\"nofollow noopener\" target=\"_blank\" href=\"https:\/\/www.pagina12.com.ar\/701071-otro-freno-judicial-al-dnu-de-milei\">bremste das argentinische Bundesarbeitsgericht<\/a>\u00a0auf Antrag der Gewerkschaftsorganisation CTA, ebenso die von Milei verordneten \u00c4nderungen im Arbeitsrecht. Zehn weitere solcher Antr\u00e4ge liegen den Gerichten vor.<\/p>\n<p><strong>Die verz\u00f6gerte interne Pr\u00fcfung der <\/strong><strong>&#8220;<\/strong><strong>gescheiterten Kreditvergabe<\/strong><strong>&#8220;<\/strong><strong>\u00a0des IWF<\/strong><strong><\/strong><\/p>\n<p>Gegen Ende seiner Amtszeit hatte Mileis Amtsvorg\u00e4nger Alberto Fern\u00e1ndez erreicht, dass der Internationale W\u00e4hrungsfonds eine Untersuchung durchf\u00fchrt, um die <a rel=\"nofollow noopener\" target=\"_blank\" href=\"https:\/\/www.elobservador.com.uy\/nota\/el-fmi-confirmo-el-inicio-de-la-investigacion-sobre-el-prestamo-otorgado-a-macri-2023117102828\">Rechtm\u00e4\u00dfigkeit des 54 Milliarden US-Dollar schweren Sonderkredits<\/a>\u00a0an den damaligen Pr\u00e4sidenten Mauricio Macri zu pr\u00fcfen. Endlich, am 7. November 2023, erschien in einigen Pressemedien die Meldung, dass die Experten des IWF nach Argentinien reisen w\u00fcrden, um die Rechtm\u00e4\u00dfigkeit \u2013 nach den Regeln des IWF \u2013 des damaligen Ausnahmekredits an die Regierung Macri zu pr\u00fcfen. Der Kredit war mit einem Bruch der argentinischen Verfassung verbunden: Macri hat ihn ohne Pr\u00fcfung und Erlaubnis des Kongresses beantragt und einkassiert.<\/p>\n<p>Eine Woche nach dem Wahlsieg von Javier Milei am 20. November verschob der Pr\u00fcfungsausschuss des IWF am 28. November seine Reise nach Argentinien. Er beabsichtige nun, diese Pr\u00fcfung Anfang 2024 vorzunehmen, ohne ein konkretes Datum zu nennen. Immerhin sind seit 2018 f\u00fcnf Jahre vergangen, ohne dass der IWF seine &#8220;gescheiterte Kreditvergabe&#8221;\u00a0(interne Bezeichnung) offiziell zu \u00fcberpr\u00fcfen bereit ist. Dessen ungeachtet verhandelt der IWF nun auf der Grundlage eines immer noch rechtlich ungekl\u00e4rten Milliardenkredits neue Milliardenkredite, um die bisherigen \u2013 wom\u00f6glich illegalen \u2013 Kredite zu tilgen. Ohne R\u00fccksicht auf den Hunger.<\/p>\n<p><strong>Mehr zum Thema &#8211;<\/strong>\u00a0<a rel=\"nofollow noopener\" target=\"_blank\" href=\"https:\/\/freedert.online\/amerika\/192113-argentinien-praesident-ist-keineswegs-der-libertaere-als-der-er-sich-gerne-ausgibt\/\">Argentinien: Der Pr\u00e4sident ist keineswegs der Libert\u00e4re, als der er sich gerne ausgibt <\/a><\/p>\n<\/div>\n<p><br \/>\n<br \/><a href=\"https:\/\/de.rt.com\/amerika\/193490-praesident-milei-uebereinkuenfte-mit-iwf\/\">Source link <\/a><\/p>\n","protected":false},"excerpt":{"rendered":"<p>In Argentinien w\u00e4chst der B\u00fcrgerprotest, Demonstrationen und Stra\u00dfenblockaden in und um Buenos Aires sind erste Anzeichen f\u00fcr zu erwartende Auseinandersetzungen. Inflation und Lebenshaltungskosten sind f\u00fcr die Masse der Bev\u00f6lkerung nicht mehr tragbar. Die Menschen hungern. Von Maria M\u00fcller W\u00e4hrend die sozialen Proteste in Argentinien anwachsen, ist der Internationale W\u00e4hrungsfonds (IWF) mit den radikalen Ma\u00dfnahmen des [&hellip;]<\/p>\n","protected":false},"author":3,"featured_media":53685,"comment_status":"open","ping_status":"open","sticky":false,"template":"","format":"standard","meta":{"_yoast_indexnow_last_ping":["1705869855"],"wp_automatic_camp":["217"],"f86b294ad51367a4aa715c0177711325":["Pr\u00e4sident Milei: \u00dcbereink\u00fcnfte mit dem IWF in Davos, Proteste und Stra\u00dfenblockaden in Argentinien"],"original_link":["https:\/\/de.rt.com\/amerika\/193490-praesident-milei-uebereinkuenfte-mit-iwf\/"],"_thumbnail_id":["53685"],"jnews_social_counter_last_update":["1777357834"],"_wptgpro_p2tg_sent2tg":["a:1:{i:23737;s:19:\"2024-01-21 22:45:26\";}"]},"categories":[19,23],"tags":[21891,92,134,144,14656,419,3464,3824,52684,52683,140],"yoast_head":"<!-- This site is optimized with the Yoast SEO Premium plugin v22.7 (Yoast SEO v22.7) - https:\/\/yoast.com\/wordpress\/plugins\/seo\/ -->\n<title>Pr\u00e4sident Milei: \u00dcbereink\u00fcnfte mit dem IWF in Davos, Proteste und Stra\u00dfenblockaden in Argentinien - just-now.NEWS Deutschland<\/title>\n<meta name=\"robots\" content=\"index, follow, max-snippet:-1, max-image-preview:large, max-video-preview:-1\" \/>\n<link rel=\"canonical\" href=\"https:\/\/now-news.de\/de\/deutschland\/praesident-milei-uebereinkuenfte-mit-dem-iwf-in-davos-proteste-und-strassenblockaden-in-argentinien\/\" \/>\n<meta property=\"og:locale\" content=\"de_DE\" \/>\n<meta property=\"og:type\" content=\"article\" \/>\n<meta property=\"og:title\" content=\"Pr\u00e4sident Milei: \u00dcbereink\u00fcnfte mit dem IWF in Davos, Proteste und Stra\u00dfenblockaden in Argentinien\" \/>\n<meta property=\"og:description\" content=\"In Argentinien w\u00e4chst der B\u00fcrgerprotest, Demonstrationen und Stra\u00dfenblockaden in und um Buenos Aires sind erste Anzeichen f\u00fcr zu erwartende Auseinandersetzungen. Inflation und Lebenshaltungskosten sind f\u00fcr die Masse der Bev\u00f6lkerung nicht mehr tragbar. Die Menschen hungern. Von Maria M\u00fcller W\u00e4hrend die sozialen Proteste in Argentinien anwachsen, ist der Internationale W\u00e4hrungsfonds (IWF) mit den radikalen Ma\u00dfnahmen des [&hellip;]\" \/>\n<meta property=\"og:url\" content=\"https:\/\/now-news.de\/de\/deutschland\/praesident-milei-uebereinkuenfte-mit-dem-iwf-in-davos-proteste-und-strassenblockaden-in-argentinien\/\" \/>\n<meta property=\"og:site_name\" content=\"just-now.NEWS Deutschland\" \/>\n<meta property=\"article:publisher\" content=\"https:\/\/www.facebook.com\/wirmachenauf\" \/>\n<meta property=\"article:published_time\" content=\"2024-01-21T20:31:48+00:00\" \/>\n<meta property=\"og:image\" content=\"https:\/\/now-news.de\/de\/wp-content\/uploads\/sites\/3\/2024\/01\/Praesident-Milei-Uebereinkuenfte-mit-dem-IWF-in-Davos-Proteste-und.jpg\" \/>\n\t<meta property=\"og:image:width\" content=\"460\" \/>\n\t<meta property=\"og:image:height\" content=\"259\" \/>\n\t<meta property=\"og:image:type\" content=\"image\/jpeg\" \/>\n<meta name=\"author\" content=\"rtnews\" \/>\n<meta name=\"twitter:card\" content=\"summary_large_image\" \/>\n<meta name=\"twitter:creator\" content=\"@WirMachenAuf_de\" \/>\n<meta name=\"twitter:site\" content=\"@WirMachenAuf_de\" \/>\n<meta name=\"twitter:label1\" content=\"Verfasst von\" \/>\n\t<meta name=\"twitter:data1\" content=\"rtnews\" \/>\n\t<meta name=\"twitter:label2\" content=\"Gesch\u00e4tzte Lesezeit\" \/>\n\t<meta name=\"twitter:data2\" content=\"7\u00a0Minuten\" \/>\n<script type=\"application\/ld+json\" class=\"yoast-schema-graph\">{\"@context\":\"https:\/\/schema.org\",\"@graph\":[{\"@type\":\"Article\",\"@id\":\"https:\/\/now-news.de\/de\/deutschland\/praesident-milei-uebereinkuenfte-mit-dem-iwf-in-davos-proteste-und-strassenblockaden-in-argentinien\/#article\",\"isPartOf\":{\"@id\":\"https:\/\/now-news.de\/de\/deutschland\/praesident-milei-uebereinkuenfte-mit-dem-iwf-in-davos-proteste-und-strassenblockaden-in-argentinien\/\"},\"author\":{\"name\":\"rtnews\",\"@id\":\"https:\/\/now-news.de\/de\/#\/schema\/person\/fb534a4e865501d8b3285208df34a9b5\"},\"headline\":\"Pr\u00e4sident Milei: \u00dcbereink\u00fcnfte mit dem IWF in Davos, Proteste und Stra\u00dfenblockaden in Argentinien\",\"datePublished\":\"2024-01-21T20:31:48+00:00\",\"dateModified\":\"2024-01-21T20:31:48+00:00\",\"mainEntityOfPage\":{\"@id\":\"https:\/\/now-news.de\/de\/deutschland\/praesident-milei-uebereinkuenfte-mit-dem-iwf-in-davos-proteste-und-strassenblockaden-in-argentinien\/\"},\"wordCount\":1476,\"commentCount\":0,\"publisher\":{\"@id\":\"https:\/\/now-news.de\/de\/#organization\"},\"image\":{\"@id\":\"https:\/\/now-news.de\/de\/deutschland\/praesident-milei-uebereinkuenfte-mit-dem-iwf-in-davos-proteste-und-strassenblockaden-in-argentinien\/#primaryimage\"},\"thumbnailUrl\":\"https:\/\/now-news.de\/de\/wp-content\/uploads\/sites\/3\/2024\/01\/Praesident-Milei-Uebereinkuenfte-mit-dem-IWF-in-Davos-Proteste-und.jpg\",\"keywords\":[\"Argentinien\",\"Davos\",\"DEM\",\"IWF\",\"Milei\",\"mit\",\"Pr\u00e4sident\",\"Proteste\",\"Stra\u00dfenblockaden\",\"\u00dcbereink\u00fcnfte\",\"und\"],\"articleSection\":[\"Deutschland\",\"Russland\"],\"inLanguage\":\"de\",\"potentialAction\":[{\"@type\":\"CommentAction\",\"name\":\"Comment\",\"target\":[\"https:\/\/now-news.de\/de\/deutschland\/praesident-milei-uebereinkuenfte-mit-dem-iwf-in-davos-proteste-und-strassenblockaden-in-argentinien\/#respond\"]}]},{\"@type\":\"WebPage\",\"@id\":\"https:\/\/now-news.de\/de\/deutschland\/praesident-milei-uebereinkuenfte-mit-dem-iwf-in-davos-proteste-und-strassenblockaden-in-argentinien\/\",\"url\":\"https:\/\/now-news.de\/de\/deutschland\/praesident-milei-uebereinkuenfte-mit-dem-iwf-in-davos-proteste-und-strassenblockaden-in-argentinien\/\",\"name\":\"Pr\u00e4sident Milei: \u00dcbereink\u00fcnfte mit dem IWF in Davos, Proteste und Stra\u00dfenblockaden in Argentinien - just-now.NEWS Deutschland\",\"isPartOf\":{\"@id\":\"https:\/\/now-news.de\/de\/#website\"},\"primaryImageOfPage\":{\"@id\":\"https:\/\/now-news.de\/de\/deutschland\/praesident-milei-uebereinkuenfte-mit-dem-iwf-in-davos-proteste-und-strassenblockaden-in-argentinien\/#primaryimage\"},\"image\":{\"@id\":\"https:\/\/now-news.de\/de\/deutschland\/praesident-milei-uebereinkuenfte-mit-dem-iwf-in-davos-proteste-und-strassenblockaden-in-argentinien\/#primaryimage\"},\"thumbnailUrl\":\"https:\/\/now-news.de\/de\/wp-content\/uploads\/sites\/3\/2024\/01\/Praesident-Milei-Uebereinkuenfte-mit-dem-IWF-in-Davos-Proteste-und.jpg\",\"datePublished\":\"2024-01-21T20:31:48+00:00\",\"dateModified\":\"2024-01-21T20:31:48+00:00\",\"breadcrumb\":{\"@id\":\"https:\/\/now-news.de\/de\/deutschland\/praesident-milei-uebereinkuenfte-mit-dem-iwf-in-davos-proteste-und-strassenblockaden-in-argentinien\/#breadcrumb\"},\"inLanguage\":\"de\",\"potentialAction\":[{\"@type\":\"ReadAction\",\"target\":[\"https:\/\/now-news.de\/de\/deutschland\/praesident-milei-uebereinkuenfte-mit-dem-iwf-in-davos-proteste-und-strassenblockaden-in-argentinien\/\"]}]},{\"@type\":\"ImageObject\",\"inLanguage\":\"de\",\"@id\":\"https:\/\/now-news.de\/de\/deutschland\/praesident-milei-uebereinkuenfte-mit-dem-iwf-in-davos-proteste-und-strassenblockaden-in-argentinien\/#primaryimage\",\"url\":\"https:\/\/now-news.de\/de\/wp-content\/uploads\/sites\/3\/2024\/01\/Praesident-Milei-Uebereinkuenfte-mit-dem-IWF-in-Davos-Proteste-und.jpg\",\"contentUrl\":\"https:\/\/now-news.de\/de\/wp-content\/uploads\/sites\/3\/2024\/01\/Praesident-Milei-Uebereinkuenfte-mit-dem-IWF-in-Davos-Proteste-und.jpg\",\"width\":460,\"height\":259,\"caption\":\"Pr\u00e4sident Milei: \u00dcbereink\u00fcnfte mit dem IWF in Davos, Proteste und Stra\u00dfenblockaden in Argentinien\"},{\"@type\":\"BreadcrumbList\",\"@id\":\"https:\/\/now-news.de\/de\/deutschland\/praesident-milei-uebereinkuenfte-mit-dem-iwf-in-davos-proteste-und-strassenblockaden-in-argentinien\/#breadcrumb\",\"itemListElement\":[{\"@type\":\"ListItem\",\"position\":1,\"name\":\"Home\",\"item\":\"https:\/\/now-news.de\/de\/\"},{\"@type\":\"ListItem\",\"position\":2,\"name\":\"Pr\u00e4sident Milei: \u00dcbereink\u00fcnfte mit dem IWF in Davos, Proteste und Stra\u00dfenblockaden in Argentinien\"}]},{\"@type\":\"WebSite\",\"@id\":\"https:\/\/now-news.de\/de\/#website\",\"url\":\"https:\/\/now-news.de\/de\/\",\"name\":\"just-now.NEWS Deutschland\",\"description\":\"Das Portal f\u00fcr unzensierte Nachrichten aus der Welt\",\"publisher\":{\"@id\":\"https:\/\/now-news.de\/de\/#organization\"},\"potentialAction\":[{\"@type\":\"SearchAction\",\"target\":{\"@type\":\"EntryPoint\",\"urlTemplate\":\"https:\/\/now-news.de\/de\/?s={search_term_string}\"},\"query-input\":\"required name=search_term_string\"}],\"inLanguage\":\"de\"},{\"@type\":\"Organization\",\"@id\":\"https:\/\/now-news.de\/de\/#organization\",\"name\":\"Just Now News\",\"url\":\"https:\/\/now-news.de\/de\/\",\"logo\":{\"@type\":\"ImageObject\",\"inLanguage\":\"de\",\"@id\":\"https:\/\/now-news.de\/de\/#\/schema\/logo\/image\/\",\"url\":\"http:\/\/just-now.news\/de\/wp-content\/uploads\/sites\/3\/2022\/04\/logo500x500.jpg\",\"contentUrl\":\"http:\/\/just-now.news\/de\/wp-content\/uploads\/sites\/3\/2022\/04\/logo500x500.jpg\",\"width\":500,\"height\":500,\"caption\":\"Just Now News\"},\"image\":{\"@id\":\"https:\/\/now-news.de\/de\/#\/schema\/logo\/image\/\"},\"sameAs\":[\"https:\/\/www.facebook.com\/wirmachenauf\",\"https:\/\/x.com\/WirMachenAuf_de\"]},{\"@type\":\"Person\",\"@id\":\"https:\/\/now-news.de\/de\/#\/schema\/person\/fb534a4e865501d8b3285208df34a9b5\",\"name\":\"rtnews\",\"image\":{\"@type\":\"ImageObject\",\"inLanguage\":\"de\",\"@id\":\"https:\/\/now-news.de\/de\/#\/schema\/person\/image\/\",\"url\":\"https:\/\/secure.gravatar.com\/avatar\/82aafea7d8127119dd649515f56e2117?s=96&d=mm&r=g\",\"contentUrl\":\"https:\/\/secure.gravatar.com\/avatar\/82aafea7d8127119dd649515f56e2117?s=96&d=mm&r=g\",\"caption\":\"rtnews\"},\"url\":\"https:\/\/now-news.de\/de\/author\/rnews\/\"}]}<\/script>\n<!-- \/ Yoast SEO Premium plugin. -->","yoast_head_json":{"title":"Pr\u00e4sident Milei: \u00dcbereink\u00fcnfte mit dem IWF in Davos, Proteste und Stra\u00dfenblockaden in Argentinien - just-now.NEWS Deutschland","robots":{"index":"index","follow":"follow","max-snippet":"max-snippet:-1","max-image-preview":"max-image-preview:large","max-video-preview":"max-video-preview:-1"},"canonical":"https:\/\/now-news.de\/de\/deutschland\/praesident-milei-uebereinkuenfte-mit-dem-iwf-in-davos-proteste-und-strassenblockaden-in-argentinien\/","og_locale":"de_DE","og_type":"article","og_title":"Pr\u00e4sident Milei: \u00dcbereink\u00fcnfte mit dem IWF in Davos, Proteste und Stra\u00dfenblockaden in Argentinien","og_description":"In Argentinien w\u00e4chst der B\u00fcrgerprotest, Demonstrationen und Stra\u00dfenblockaden in und um Buenos Aires sind erste Anzeichen f\u00fcr zu erwartende Auseinandersetzungen. Inflation und Lebenshaltungskosten sind f\u00fcr die Masse der Bev\u00f6lkerung nicht mehr tragbar. Die Menschen hungern. Von Maria M\u00fcller W\u00e4hrend die sozialen Proteste in Argentinien anwachsen, ist der Internationale W\u00e4hrungsfonds (IWF) mit den radikalen Ma\u00dfnahmen des [&hellip;]","og_url":"https:\/\/now-news.de\/de\/deutschland\/praesident-milei-uebereinkuenfte-mit-dem-iwf-in-davos-proteste-und-strassenblockaden-in-argentinien\/","og_site_name":"just-now.NEWS Deutschland","article_publisher":"https:\/\/www.facebook.com\/wirmachenauf","article_published_time":"2024-01-21T20:31:48+00:00","og_image":[{"width":460,"height":259,"url":"https:\/\/now-news.de\/de\/wp-content\/uploads\/sites\/3\/2024\/01\/Praesident-Milei-Uebereinkuenfte-mit-dem-IWF-in-Davos-Proteste-und.jpg","type":"image\/jpeg"}],"author":"rtnews","twitter_card":"summary_large_image","twitter_creator":"@WirMachenAuf_de","twitter_site":"@WirMachenAuf_de","twitter_misc":{"Verfasst von":"rtnews","Gesch\u00e4tzte Lesezeit":"7\u00a0Minuten"},"schema":{"@context":"https:\/\/schema.org","@graph":[{"@type":"Article","@id":"https:\/\/now-news.de\/de\/deutschland\/praesident-milei-uebereinkuenfte-mit-dem-iwf-in-davos-proteste-und-strassenblockaden-in-argentinien\/#article","isPartOf":{"@id":"https:\/\/now-news.de\/de\/deutschland\/praesident-milei-uebereinkuenfte-mit-dem-iwf-in-davos-proteste-und-strassenblockaden-in-argentinien\/"},"author":{"name":"rtnews","@id":"https:\/\/now-news.de\/de\/#\/schema\/person\/fb534a4e865501d8b3285208df34a9b5"},"headline":"Pr\u00e4sident Milei: \u00dcbereink\u00fcnfte mit dem IWF in Davos, Proteste und Stra\u00dfenblockaden in Argentinien","datePublished":"2024-01-21T20:31:48+00:00","dateModified":"2024-01-21T20:31:48+00:00","mainEntityOfPage":{"@id":"https:\/\/now-news.de\/de\/deutschland\/praesident-milei-uebereinkuenfte-mit-dem-iwf-in-davos-proteste-und-strassenblockaden-in-argentinien\/"},"wordCount":1476,"commentCount":0,"publisher":{"@id":"https:\/\/now-news.de\/de\/#organization"},"image":{"@id":"https:\/\/now-news.de\/de\/deutschland\/praesident-milei-uebereinkuenfte-mit-dem-iwf-in-davos-proteste-und-strassenblockaden-in-argentinien\/#primaryimage"},"thumbnailUrl":"https:\/\/now-news.de\/de\/wp-content\/uploads\/sites\/3\/2024\/01\/Praesident-Milei-Uebereinkuenfte-mit-dem-IWF-in-Davos-Proteste-und.jpg","keywords":["Argentinien","Davos","DEM","IWF","Milei","mit","Pr\u00e4sident","Proteste","Stra\u00dfenblockaden","\u00dcbereink\u00fcnfte","und"],"articleSection":["Deutschland","Russland"],"inLanguage":"de","potentialAction":[{"@type":"CommentAction","name":"Comment","target":["https:\/\/now-news.de\/de\/deutschland\/praesident-milei-uebereinkuenfte-mit-dem-iwf-in-davos-proteste-und-strassenblockaden-in-argentinien\/#respond"]}]},{"@type":"WebPage","@id":"https:\/\/now-news.de\/de\/deutschland\/praesident-milei-uebereinkuenfte-mit-dem-iwf-in-davos-proteste-und-strassenblockaden-in-argentinien\/","url":"https:\/\/now-news.de\/de\/deutschland\/praesident-milei-uebereinkuenfte-mit-dem-iwf-in-davos-proteste-und-strassenblockaden-in-argentinien\/","name":"Pr\u00e4sident Milei: \u00dcbereink\u00fcnfte mit dem IWF in Davos, Proteste und Stra\u00dfenblockaden in Argentinien - just-now.NEWS Deutschland","isPartOf":{"@id":"https:\/\/now-news.de\/de\/#website"},"primaryImageOfPage":{"@id":"https:\/\/now-news.de\/de\/deutschland\/praesident-milei-uebereinkuenfte-mit-dem-iwf-in-davos-proteste-und-strassenblockaden-in-argentinien\/#primaryimage"},"image":{"@id":"https:\/\/now-news.de\/de\/deutschland\/praesident-milei-uebereinkuenfte-mit-dem-iwf-in-davos-proteste-und-strassenblockaden-in-argentinien\/#primaryimage"},"thumbnailUrl":"https:\/\/now-news.de\/de\/wp-content\/uploads\/sites\/3\/2024\/01\/Praesident-Milei-Uebereinkuenfte-mit-dem-IWF-in-Davos-Proteste-und.jpg","datePublished":"2024-01-21T20:31:48+00:00","dateModified":"2024-01-21T20:31:48+00:00","breadcrumb":{"@id":"https:\/\/now-news.de\/de\/deutschland\/praesident-milei-uebereinkuenfte-mit-dem-iwf-in-davos-proteste-und-strassenblockaden-in-argentinien\/#breadcrumb"},"inLanguage":"de","potentialAction":[{"@type":"ReadAction","target":["https:\/\/now-news.de\/de\/deutschland\/praesident-milei-uebereinkuenfte-mit-dem-iwf-in-davos-proteste-und-strassenblockaden-in-argentinien\/"]}]},{"@type":"ImageObject","inLanguage":"de","@id":"https:\/\/now-news.de\/de\/deutschland\/praesident-milei-uebereinkuenfte-mit-dem-iwf-in-davos-proteste-und-strassenblockaden-in-argentinien\/#primaryimage","url":"https:\/\/now-news.de\/de\/wp-content\/uploads\/sites\/3\/2024\/01\/Praesident-Milei-Uebereinkuenfte-mit-dem-IWF-in-Davos-Proteste-und.jpg","contentUrl":"https:\/\/now-news.de\/de\/wp-content\/uploads\/sites\/3\/2024\/01\/Praesident-Milei-Uebereinkuenfte-mit-dem-IWF-in-Davos-Proteste-und.jpg","width":460,"height":259,"caption":"Pr\u00e4sident Milei: \u00dcbereink\u00fcnfte mit dem IWF in Davos, Proteste und Stra\u00dfenblockaden in Argentinien"},{"@type":"BreadcrumbList","@id":"https:\/\/now-news.de\/de\/deutschland\/praesident-milei-uebereinkuenfte-mit-dem-iwf-in-davos-proteste-und-strassenblockaden-in-argentinien\/#breadcrumb","itemListElement":[{"@type":"ListItem","position":1,"name":"Home","item":"https:\/\/now-news.de\/de\/"},{"@type":"ListItem","position":2,"name":"Pr\u00e4sident Milei: \u00dcbereink\u00fcnfte mit dem IWF in Davos, Proteste und Stra\u00dfenblockaden in Argentinien"}]},{"@type":"WebSite","@id":"https:\/\/now-news.de\/de\/#website","url":"https:\/\/now-news.de\/de\/","name":"just-now.NEWS Deutschland","description":"Das Portal f\u00fcr unzensierte Nachrichten aus der Welt","publisher":{"@id":"https:\/\/now-news.de\/de\/#organization"},"potentialAction":[{"@type":"SearchAction","target":{"@type":"EntryPoint","urlTemplate":"https:\/\/now-news.de\/de\/?s={search_term_string}"},"query-input":"required name=search_term_string"}],"inLanguage":"de"},{"@type":"Organization","@id":"https:\/\/now-news.de\/de\/#organization","name":"Just Now News","url":"https:\/\/now-news.de\/de\/","logo":{"@type":"ImageObject","inLanguage":"de","@id":"https:\/\/now-news.de\/de\/#\/schema\/logo\/image\/","url":"http:\/\/just-now.news\/de\/wp-content\/uploads\/sites\/3\/2022\/04\/logo500x500.jpg","contentUrl":"http:\/\/just-now.news\/de\/wp-content\/uploads\/sites\/3\/2022\/04\/logo500x500.jpg","width":500,"height":500,"caption":"Just Now News"},"image":{"@id":"https:\/\/now-news.de\/de\/#\/schema\/logo\/image\/"},"sameAs":["https:\/\/www.facebook.com\/wirmachenauf","https:\/\/x.com\/WirMachenAuf_de"]},{"@type":"Person","@id":"https:\/\/now-news.de\/de\/#\/schema\/person\/fb534a4e865501d8b3285208df34a9b5","name":"rtnews","image":{"@type":"ImageObject","inLanguage":"de","@id":"https:\/\/now-news.de\/de\/#\/schema\/person\/image\/","url":"https:\/\/secure.gravatar.com\/avatar\/82aafea7d8127119dd649515f56e2117?s=96&d=mm&r=g","contentUrl":"https:\/\/secure.gravatar.com\/avatar\/82aafea7d8127119dd649515f56e2117?s=96&d=mm&r=g","caption":"rtnews"},"url":"https:\/\/now-news.de\/de\/author\/rnews\/"}]}},"_links":{"self":[{"href":"https:\/\/now-news.de\/de\/wp-json\/wp\/v2\/posts\/53684"}],"collection":[{"href":"https:\/\/now-news.de\/de\/wp-json\/wp\/v2\/posts"}],"about":[{"href":"https:\/\/now-news.de\/de\/wp-json\/wp\/v2\/types\/post"}],"author":[{"embeddable":true,"href":"https:\/\/now-news.de\/de\/wp-json\/wp\/v2\/users\/3"}],"replies":[{"embeddable":true,"href":"https:\/\/now-news.de\/de\/wp-json\/wp\/v2\/comments?post=53684"}],"version-history":[{"count":0,"href":"https:\/\/now-news.de\/de\/wp-json\/wp\/v2\/posts\/53684\/revisions"}],"wp:featuredmedia":[{"embeddable":true,"href":"https:\/\/now-news.de\/de\/wp-json\/wp\/v2\/media\/53685"}],"wp:attachment":[{"href":"https:\/\/now-news.de\/de\/wp-json\/wp\/v2\/media?parent=53684"}],"wp:term":[{"taxonomy":"category","embeddable":true,"href":"https:\/\/now-news.de\/de\/wp-json\/wp\/v2\/categories?post=53684"},{"taxonomy":"post_tag","embeddable":true,"href":"https:\/\/now-news.de\/de\/wp-json\/wp\/v2\/tags?post=53684"}],"curies":[{"name":"wp","href":"https:\/\/api.w.org\/{rel}","templated":true}]}}