{"id":53658,"date":"2024-01-21T12:23:51","date_gmt":"2024-01-21T10:23:51","guid":{"rendered":"https:\/\/just-now.news\/de\/deutschland\/mercedes-will-alle-autohaeuser-in-deutschland-verkaufen-%e2%80%92-8-000-beschaeftigte-sind-betroffen\/"},"modified":"2024-01-21T12:23:51","modified_gmt":"2024-01-21T10:23:51","slug":"mercedes-will-alle-autohaeuser-in-deutschland-verkaufen-%e2%80%92-8-000-beschaeftigte-sind-betroffen","status":"publish","type":"post","link":"https:\/\/now-news.de\/de\/deutschland\/mercedes-will-alle-autohaeuser-in-deutschland-verkaufen-%e2%80%92-8-000-beschaeftigte-sind-betroffen\/","title":{"rendered":"Mercedes will alle Autoh\u00e4user in Deutschland verkaufen \u2012 8.000 Besch\u00e4ftigte sind betroffen"},"content":{"rendered":"<p><img decoding=\"async\" src=\"http:\/\/just-now.news\/de\/wp-content\/uploads\/sites\/3\/2024\/01\/65ace66348fbef0e30359cd4.jpg\" \/><\/p>\n<div class=\"Text-root Text-type_1 \">\n                Bis 2029 sollen bei Mercedes die Arbeitspl\u00e4tze von 8.000 Mitarbeitern in 80 eigenen Verkaufsstellen noch gesichert sein. Der Stuttgarter Autobauer sucht nach Investoren f\u00fcr seine Niederlassungen, die die Besch\u00e4ftigten \u00fcbernehmen und die Gesch\u00e4fte &#8220;nachhaltig&#8221; weiterf\u00fchren.\n            <\/div>\n<p><\/p>\n<div class=\"Text-root Text-type_5 ArticleView-text ViewText-root \">\n<p>Am Freitag erkl\u00e4rte der Autohersteller Mercedes-Benz, das Unternehmen plane den Verkauf aller eigenen Autoh\u00e4user und Servicestellen. Digitalisierung und wandelnde Kundenbed\u00fcrfnisse h\u00e4tten zu dieser Entscheidung gef\u00fchrt. Laut einem <a rel=\"nofollow noopener\" target=\"_blank\" href=\"https:\/\/www.welt.de\/wirtschaft\/article249637228\/Mercedes-Benz-erwaegt-Verkauf-konzerneigener-Autohaeuser.html\">Bericht<\/a> der Welt solle es darum gehen, &#8220;sich vor dem Hintergrund von Elektrifizierung, Digitalisierung und stetig wandelnden Kundenbed\u00fcrfnissen&#8221; anzupassen, so die Zeitung am Freitag. K\u00fcndigungen solle es vorerst nicht geben. Die zugesagte Besch\u00e4ftigungssicherung f\u00fcr alle Tarifmitarbeiter gelte bis Ende 2029.<\/p>\n<p>Nach Aussage des Unternehmens suche man f\u00fcr die Verkaufsniederlassungen Investoren mit einer ausgewiesenen Expertise und einer nachhaltigen Investitionsbereitschaft. Man wolle die Standorte &#8220;nicht gesamthaft an einen Erwerber \u00fcbergeben&#8221;.<\/p>\n<p>Der Plan sei &#8220;ein Schlag ins Gesicht&#8221; f\u00fcr die rund 8.000 Besch\u00e4ftigten in 80 unternehmenseigenen Autoh\u00e4usern in Deutschland, erkl\u00e4rte der Betriebsrat des Stuttgarter Autobauers. F\u00fcr Betriebsratschef Ergun L\u00fcmali seien die Pl\u00e4ne nicht akzeptabel. Er k\u00f6nne die Entscheidung nicht nachvollziehen. Schlie\u00dflich h\u00e4tten die Besch\u00e4ftigten jahrelang verzichtet, damit die Niederlassungen profitabel wurden, und somit einen Beitrag zum Profit des Konzerns geleistet.<\/p>\n<p>Am Sonntag <a rel=\"nofollow noopener\" target=\"_blank\" href=\"https:\/\/www.bild.de\/politik\/inland\/politik-inland\/mercedes-will-alle-autohaeuser-verkaufen-8000-mitarbeiter-betroffen-86829938.bild.html\">hie\u00df es <\/a>in die <em>BILD<\/em>-Zeitung, dass der neue Eigent\u00fcmer die 8.000 Mitarbeiter \u00fcbernehmen w\u00fcrde. Allerdings k\u00f6nne es Verdiensteinschr\u00e4nkungen geben. Auch Teilabfindungen seien im Gespr\u00e4ch. Mit dem Verkauf wolle Mercedes die Personalkosten senken. In anderen europ\u00e4ischen L\u00e4ndern habe das Unternehmen seine Niederlassungen bereits verkauft. Ein Konzernsprecher erkl\u00e4rte:<\/p>\n<blockquote>\n<p><em>&#8220;Wir wollen die Wettbewerbsf\u00e4higkeit und den Bestand eines erfolgreichen Mercedes-Benz-Vertriebs in Deutschland sicherstellen.&#8221;<\/em><\/p>\n<\/blockquote>\n<\/div>\n<p><br \/>\n<br \/><a href=\"https:\/\/de.rt.com\/inland\/193470-mercedes-will-alle-verkaufsniederlassugen-verkaufen\/\">Source link <\/a><\/p>\n","protected":false},"excerpt":{"rendered":"<p>Bis 2029 sollen bei Mercedes die Arbeitspl\u00e4tze von 8.000 Mitarbeitern in 80 eigenen Verkaufsstellen noch gesichert sein. Der Stuttgarter Autobauer sucht nach Investoren f\u00fcr seine Niederlassungen, die die Besch\u00e4ftigten \u00fcbernehmen und die Gesch\u00e4fte &#8220;nachhaltig&#8221; weiterf\u00fchren. Am Freitag erkl\u00e4rte der Autohersteller Mercedes-Benz, das Unternehmen plane den Verkauf aller eigenen Autoh\u00e4user und Servicestellen. Digitalisierung und wandelnde Kundenbed\u00fcrfnisse [&hellip;]<\/p>\n","protected":false},"author":3,"featured_media":53659,"comment_status":"open","ping_status":"open","sticky":false,"template":"","format":"standard","meta":{"_yoast_indexnow_last_ping":["1705833090"],"wp_automatic_camp":["217"],"6c38156d40c5e5464f6863c04c72d7ee":["Mercedes will alle Autoh\u00e4user in Deutschland verkaufen \u2012 8.000 Besch\u00e4ftigte sind betroffen"],"original_link":["https:\/\/de.rt.com\/inland\/193470-mercedes-will-alle-verkaufsniederlassugen-verkaufen\/"],"_thumbnail_id":["53659"],"jnews_social_counter_last_update":["1777189336"],"_wptgpro_p2tg_sent2tg":["a:1:{i:23737;s:19:\"2024-01-21 12:32:39\";}"]},"categories":[19,23],"tags":[271,52671,24739,6137,179,44146,1046,19002],"yoast_head":"<!-- This site is optimized with the Yoast SEO Premium plugin v22.7 (Yoast SEO v22.7) - https:\/\/yoast.com\/wordpress\/plugins\/seo\/ -->\n<title>Mercedes will alle Autoh\u00e4user in Deutschland verkaufen \u2012 8.000 Besch\u00e4ftigte sind betroffen - just-now.NEWS Deutschland<\/title>\n<meta name=\"robots\" content=\"index, follow, max-snippet:-1, max-image-preview:large, max-video-preview:-1\" \/>\n<link rel=\"canonical\" href=\"https:\/\/now-news.de\/de\/deutschland\/mercedes-will-alle-autohaeuser-in-deutschland-verkaufen-\u2012-8-000-beschaeftigte-sind-betroffen\/\" \/>\n<meta property=\"og:locale\" content=\"de_DE\" \/>\n<meta property=\"og:type\" content=\"article\" \/>\n<meta property=\"og:title\" content=\"Mercedes will alle Autoh\u00e4user in Deutschland verkaufen \u2012 8.000 Besch\u00e4ftigte sind betroffen\" \/>\n<meta property=\"og:description\" content=\"Bis 2029 sollen bei Mercedes die Arbeitspl\u00e4tze von 8.000 Mitarbeitern in 80 eigenen Verkaufsstellen noch gesichert sein. Der Stuttgarter Autobauer sucht nach Investoren f\u00fcr seine Niederlassungen, die die Besch\u00e4ftigten \u00fcbernehmen und die Gesch\u00e4fte &#8220;nachhaltig&#8221; weiterf\u00fchren. Am Freitag erkl\u00e4rte der Autohersteller Mercedes-Benz, das Unternehmen plane den Verkauf aller eigenen Autoh\u00e4user und Servicestellen. Digitalisierung und wandelnde Kundenbed\u00fcrfnisse [&hellip;]\" \/>\n<meta property=\"og:url\" content=\"https:\/\/now-news.de\/de\/deutschland\/mercedes-will-alle-autohaeuser-in-deutschland-verkaufen-\u2012-8-000-beschaeftigte-sind-betroffen\/\" \/>\n<meta property=\"og:site_name\" content=\"just-now.NEWS Deutschland\" \/>\n<meta property=\"article:publisher\" content=\"https:\/\/www.facebook.com\/wirmachenauf\" \/>\n<meta property=\"article:published_time\" content=\"2024-01-21T10:23:51+00:00\" \/>\n<meta property=\"og:image\" content=\"https:\/\/now-news.de\/de\/wp-content\/uploads\/sites\/3\/2024\/01\/Mercedes-will-alle-Autohaeuser-in-Deutschland-verkaufen-\u2012-8000-Beschaeftigte.jpg\" \/>\n\t<meta property=\"og:image:width\" content=\"460\" \/>\n\t<meta property=\"og:image:height\" content=\"259\" \/>\n\t<meta property=\"og:image:type\" content=\"image\/jpeg\" \/>\n<meta name=\"author\" content=\"rtnews\" \/>\n<meta name=\"twitter:card\" content=\"summary_large_image\" \/>\n<meta name=\"twitter:creator\" content=\"@WirMachenAuf_de\" \/>\n<meta name=\"twitter:site\" content=\"@WirMachenAuf_de\" \/>\n<meta name=\"twitter:label1\" content=\"Verfasst von\" \/>\n\t<meta name=\"twitter:data1\" content=\"rtnews\" \/>\n\t<meta name=\"twitter:label2\" content=\"Gesch\u00e4tzte Lesezeit\" \/>\n\t<meta name=\"twitter:data2\" content=\"1\u00a0Minute\" \/>\n<script type=\"application\/ld+json\" class=\"yoast-schema-graph\">{\"@context\":\"https:\/\/schema.org\",\"@graph\":[{\"@type\":\"Article\",\"@id\":\"https:\/\/now-news.de\/de\/deutschland\/mercedes-will-alle-autohaeuser-in-deutschland-verkaufen-%e2%80%92-8-000-beschaeftigte-sind-betroffen\/#article\",\"isPartOf\":{\"@id\":\"https:\/\/now-news.de\/de\/deutschland\/mercedes-will-alle-autohaeuser-in-deutschland-verkaufen-%e2%80%92-8-000-beschaeftigte-sind-betroffen\/\"},\"author\":{\"name\":\"rtnews\",\"@id\":\"https:\/\/now-news.de\/de\/#\/schema\/person\/fb534a4e865501d8b3285208df34a9b5\"},\"headline\":\"Mercedes will alle Autoh\u00e4user in Deutschland verkaufen \u2012 8.000 Besch\u00e4ftigte sind betroffen\",\"datePublished\":\"2024-01-21T10:23:51+00:00\",\"dateModified\":\"2024-01-21T10:23:51+00:00\",\"mainEntityOfPage\":{\"@id\":\"https:\/\/now-news.de\/de\/deutschland\/mercedes-will-alle-autohaeuser-in-deutschland-verkaufen-%e2%80%92-8-000-beschaeftigte-sind-betroffen\/\"},\"wordCount\":293,\"commentCount\":0,\"publisher\":{\"@id\":\"https:\/\/now-news.de\/de\/#organization\"},\"image\":{\"@id\":\"https:\/\/now-news.de\/de\/deutschland\/mercedes-will-alle-autohaeuser-in-deutschland-verkaufen-%e2%80%92-8-000-beschaeftigte-sind-betroffen\/#primaryimage\"},\"thumbnailUrl\":\"https:\/\/now-news.de\/de\/wp-content\/uploads\/sites\/3\/2024\/01\/Mercedes-will-alle-Autohaeuser-in-Deutschland-verkaufen-\u2012-8000-Beschaeftigte.jpg\",\"keywords\":[\"ALLE\",\"Autoh\u00e4user\",\"Besch\u00e4ftigte\",\"betroffen\",\"Deutschland\",\"Mercedes\",\"sind\",\"verkaufen\"],\"articleSection\":[\"Deutschland\",\"Russland\"],\"inLanguage\":\"de\",\"potentialAction\":[{\"@type\":\"CommentAction\",\"name\":\"Comment\",\"target\":[\"https:\/\/now-news.de\/de\/deutschland\/mercedes-will-alle-autohaeuser-in-deutschland-verkaufen-%e2%80%92-8-000-beschaeftigte-sind-betroffen\/#respond\"]}]},{\"@type\":\"WebPage\",\"@id\":\"https:\/\/now-news.de\/de\/deutschland\/mercedes-will-alle-autohaeuser-in-deutschland-verkaufen-%e2%80%92-8-000-beschaeftigte-sind-betroffen\/\",\"url\":\"https:\/\/now-news.de\/de\/deutschland\/mercedes-will-alle-autohaeuser-in-deutschland-verkaufen-%e2%80%92-8-000-beschaeftigte-sind-betroffen\/\",\"name\":\"Mercedes will alle Autoh\u00e4user in Deutschland verkaufen \u2012 8.000 Besch\u00e4ftigte sind betroffen - just-now.NEWS Deutschland\",\"isPartOf\":{\"@id\":\"https:\/\/now-news.de\/de\/#website\"},\"primaryImageOfPage\":{\"@id\":\"https:\/\/now-news.de\/de\/deutschland\/mercedes-will-alle-autohaeuser-in-deutschland-verkaufen-%e2%80%92-8-000-beschaeftigte-sind-betroffen\/#primaryimage\"},\"image\":{\"@id\":\"https:\/\/now-news.de\/de\/deutschland\/mercedes-will-alle-autohaeuser-in-deutschland-verkaufen-%e2%80%92-8-000-beschaeftigte-sind-betroffen\/#primaryimage\"},\"thumbnailUrl\":\"https:\/\/now-news.de\/de\/wp-content\/uploads\/sites\/3\/2024\/01\/Mercedes-will-alle-Autohaeuser-in-Deutschland-verkaufen-\u2012-8000-Beschaeftigte.jpg\",\"datePublished\":\"2024-01-21T10:23:51+00:00\",\"dateModified\":\"2024-01-21T10:23:51+00:00\",\"breadcrumb\":{\"@id\":\"https:\/\/now-news.de\/de\/deutschland\/mercedes-will-alle-autohaeuser-in-deutschland-verkaufen-%e2%80%92-8-000-beschaeftigte-sind-betroffen\/#breadcrumb\"},\"inLanguage\":\"de\",\"potentialAction\":[{\"@type\":\"ReadAction\",\"target\":[\"https:\/\/now-news.de\/de\/deutschland\/mercedes-will-alle-autohaeuser-in-deutschland-verkaufen-%e2%80%92-8-000-beschaeftigte-sind-betroffen\/\"]}]},{\"@type\":\"ImageObject\",\"inLanguage\":\"de\",\"@id\":\"https:\/\/now-news.de\/de\/deutschland\/mercedes-will-alle-autohaeuser-in-deutschland-verkaufen-%e2%80%92-8-000-beschaeftigte-sind-betroffen\/#primaryimage\",\"url\":\"https:\/\/now-news.de\/de\/wp-content\/uploads\/sites\/3\/2024\/01\/Mercedes-will-alle-Autohaeuser-in-Deutschland-verkaufen-\u2012-8000-Beschaeftigte.jpg\",\"contentUrl\":\"https:\/\/now-news.de\/de\/wp-content\/uploads\/sites\/3\/2024\/01\/Mercedes-will-alle-Autohaeuser-in-Deutschland-verkaufen-\u2012-8000-Beschaeftigte.jpg\",\"width\":460,\"height\":259,\"caption\":\"Mercedes will alle Autoh\u00e4user in Deutschland verkaufen \u2012 8.000 Besch\u00e4ftigte sind betroffen\"},{\"@type\":\"BreadcrumbList\",\"@id\":\"https:\/\/now-news.de\/de\/deutschland\/mercedes-will-alle-autohaeuser-in-deutschland-verkaufen-%e2%80%92-8-000-beschaeftigte-sind-betroffen\/#breadcrumb\",\"itemListElement\":[{\"@type\":\"ListItem\",\"position\":1,\"name\":\"Home\",\"item\":\"https:\/\/now-news.de\/de\/\"},{\"@type\":\"ListItem\",\"position\":2,\"name\":\"Mercedes will alle Autoh\u00e4user in Deutschland verkaufen \u2012 8.000 Besch\u00e4ftigte sind betroffen\"}]},{\"@type\":\"WebSite\",\"@id\":\"https:\/\/now-news.de\/de\/#website\",\"url\":\"https:\/\/now-news.de\/de\/\",\"name\":\"just-now.NEWS Deutschland\",\"description\":\"Das Portal f\u00fcr unzensierte Nachrichten aus der Welt\",\"publisher\":{\"@id\":\"https:\/\/now-news.de\/de\/#organization\"},\"potentialAction\":[{\"@type\":\"SearchAction\",\"target\":{\"@type\":\"EntryPoint\",\"urlTemplate\":\"https:\/\/now-news.de\/de\/?s={search_term_string}\"},\"query-input\":\"required name=search_term_string\"}],\"inLanguage\":\"de\"},{\"@type\":\"Organization\",\"@id\":\"https:\/\/now-news.de\/de\/#organization\",\"name\":\"Just Now News\",\"url\":\"https:\/\/now-news.de\/de\/\",\"logo\":{\"@type\":\"ImageObject\",\"inLanguage\":\"de\",\"@id\":\"https:\/\/now-news.de\/de\/#\/schema\/logo\/image\/\",\"url\":\"http:\/\/just-now.news\/de\/wp-content\/uploads\/sites\/3\/2022\/04\/logo500x500.jpg\",\"contentUrl\":\"http:\/\/just-now.news\/de\/wp-content\/uploads\/sites\/3\/2022\/04\/logo500x500.jpg\",\"width\":500,\"height\":500,\"caption\":\"Just Now News\"},\"image\":{\"@id\":\"https:\/\/now-news.de\/de\/#\/schema\/logo\/image\/\"},\"sameAs\":[\"https:\/\/www.facebook.com\/wirmachenauf\",\"https:\/\/x.com\/WirMachenAuf_de\"]},{\"@type\":\"Person\",\"@id\":\"https:\/\/now-news.de\/de\/#\/schema\/person\/fb534a4e865501d8b3285208df34a9b5\",\"name\":\"rtnews\",\"image\":{\"@type\":\"ImageObject\",\"inLanguage\":\"de\",\"@id\":\"https:\/\/now-news.de\/de\/#\/schema\/person\/image\/\",\"url\":\"https:\/\/secure.gravatar.com\/avatar\/82aafea7d8127119dd649515f56e2117?s=96&d=mm&r=g\",\"contentUrl\":\"https:\/\/secure.gravatar.com\/avatar\/82aafea7d8127119dd649515f56e2117?s=96&d=mm&r=g\",\"caption\":\"rtnews\"},\"url\":\"https:\/\/now-news.de\/de\/author\/rnews\/\"}]}<\/script>\n<!-- \/ Yoast SEO Premium plugin. -->","yoast_head_json":{"title":"Mercedes will alle Autoh\u00e4user in Deutschland verkaufen \u2012 8.000 Besch\u00e4ftigte sind betroffen - just-now.NEWS Deutschland","robots":{"index":"index","follow":"follow","max-snippet":"max-snippet:-1","max-image-preview":"max-image-preview:large","max-video-preview":"max-video-preview:-1"},"canonical":"https:\/\/now-news.de\/de\/deutschland\/mercedes-will-alle-autohaeuser-in-deutschland-verkaufen-\u2012-8-000-beschaeftigte-sind-betroffen\/","og_locale":"de_DE","og_type":"article","og_title":"Mercedes will alle Autoh\u00e4user in Deutschland verkaufen \u2012 8.000 Besch\u00e4ftigte sind betroffen","og_description":"Bis 2029 sollen bei Mercedes die Arbeitspl\u00e4tze von 8.000 Mitarbeitern in 80 eigenen Verkaufsstellen noch gesichert sein. Der Stuttgarter Autobauer sucht nach Investoren f\u00fcr seine Niederlassungen, die die Besch\u00e4ftigten \u00fcbernehmen und die Gesch\u00e4fte &#8220;nachhaltig&#8221; weiterf\u00fchren. Am Freitag erkl\u00e4rte der Autohersteller Mercedes-Benz, das Unternehmen plane den Verkauf aller eigenen Autoh\u00e4user und Servicestellen. Digitalisierung und wandelnde Kundenbed\u00fcrfnisse [&hellip;]","og_url":"https:\/\/now-news.de\/de\/deutschland\/mercedes-will-alle-autohaeuser-in-deutschland-verkaufen-\u2012-8-000-beschaeftigte-sind-betroffen\/","og_site_name":"just-now.NEWS Deutschland","article_publisher":"https:\/\/www.facebook.com\/wirmachenauf","article_published_time":"2024-01-21T10:23:51+00:00","og_image":[{"width":460,"height":259,"url":"https:\/\/now-news.de\/de\/wp-content\/uploads\/sites\/3\/2024\/01\/Mercedes-will-alle-Autohaeuser-in-Deutschland-verkaufen-\u2012-8000-Beschaeftigte.jpg","type":"image\/jpeg"}],"author":"rtnews","twitter_card":"summary_large_image","twitter_creator":"@WirMachenAuf_de","twitter_site":"@WirMachenAuf_de","twitter_misc":{"Verfasst von":"rtnews","Gesch\u00e4tzte Lesezeit":"1\u00a0Minute"},"schema":{"@context":"https:\/\/schema.org","@graph":[{"@type":"Article","@id":"https:\/\/now-news.de\/de\/deutschland\/mercedes-will-alle-autohaeuser-in-deutschland-verkaufen-%e2%80%92-8-000-beschaeftigte-sind-betroffen\/#article","isPartOf":{"@id":"https:\/\/now-news.de\/de\/deutschland\/mercedes-will-alle-autohaeuser-in-deutschland-verkaufen-%e2%80%92-8-000-beschaeftigte-sind-betroffen\/"},"author":{"name":"rtnews","@id":"https:\/\/now-news.de\/de\/#\/schema\/person\/fb534a4e865501d8b3285208df34a9b5"},"headline":"Mercedes will alle Autoh\u00e4user in Deutschland verkaufen \u2012 8.000 Besch\u00e4ftigte sind betroffen","datePublished":"2024-01-21T10:23:51+00:00","dateModified":"2024-01-21T10:23:51+00:00","mainEntityOfPage":{"@id":"https:\/\/now-news.de\/de\/deutschland\/mercedes-will-alle-autohaeuser-in-deutschland-verkaufen-%e2%80%92-8-000-beschaeftigte-sind-betroffen\/"},"wordCount":293,"commentCount":0,"publisher":{"@id":"https:\/\/now-news.de\/de\/#organization"},"image":{"@id":"https:\/\/now-news.de\/de\/deutschland\/mercedes-will-alle-autohaeuser-in-deutschland-verkaufen-%e2%80%92-8-000-beschaeftigte-sind-betroffen\/#primaryimage"},"thumbnailUrl":"https:\/\/now-news.de\/de\/wp-content\/uploads\/sites\/3\/2024\/01\/Mercedes-will-alle-Autohaeuser-in-Deutschland-verkaufen-\u2012-8000-Beschaeftigte.jpg","keywords":["ALLE","Autoh\u00e4user","Besch\u00e4ftigte","betroffen","Deutschland","Mercedes","sind","verkaufen"],"articleSection":["Deutschland","Russland"],"inLanguage":"de","potentialAction":[{"@type":"CommentAction","name":"Comment","target":["https:\/\/now-news.de\/de\/deutschland\/mercedes-will-alle-autohaeuser-in-deutschland-verkaufen-%e2%80%92-8-000-beschaeftigte-sind-betroffen\/#respond"]}]},{"@type":"WebPage","@id":"https:\/\/now-news.de\/de\/deutschland\/mercedes-will-alle-autohaeuser-in-deutschland-verkaufen-%e2%80%92-8-000-beschaeftigte-sind-betroffen\/","url":"https:\/\/now-news.de\/de\/deutschland\/mercedes-will-alle-autohaeuser-in-deutschland-verkaufen-%e2%80%92-8-000-beschaeftigte-sind-betroffen\/","name":"Mercedes will alle Autoh\u00e4user in Deutschland verkaufen \u2012 8.000 Besch\u00e4ftigte sind betroffen - just-now.NEWS Deutschland","isPartOf":{"@id":"https:\/\/now-news.de\/de\/#website"},"primaryImageOfPage":{"@id":"https:\/\/now-news.de\/de\/deutschland\/mercedes-will-alle-autohaeuser-in-deutschland-verkaufen-%e2%80%92-8-000-beschaeftigte-sind-betroffen\/#primaryimage"},"image":{"@id":"https:\/\/now-news.de\/de\/deutschland\/mercedes-will-alle-autohaeuser-in-deutschland-verkaufen-%e2%80%92-8-000-beschaeftigte-sind-betroffen\/#primaryimage"},"thumbnailUrl":"https:\/\/now-news.de\/de\/wp-content\/uploads\/sites\/3\/2024\/01\/Mercedes-will-alle-Autohaeuser-in-Deutschland-verkaufen-\u2012-8000-Beschaeftigte.jpg","datePublished":"2024-01-21T10:23:51+00:00","dateModified":"2024-01-21T10:23:51+00:00","breadcrumb":{"@id":"https:\/\/now-news.de\/de\/deutschland\/mercedes-will-alle-autohaeuser-in-deutschland-verkaufen-%e2%80%92-8-000-beschaeftigte-sind-betroffen\/#breadcrumb"},"inLanguage":"de","potentialAction":[{"@type":"ReadAction","target":["https:\/\/now-news.de\/de\/deutschland\/mercedes-will-alle-autohaeuser-in-deutschland-verkaufen-%e2%80%92-8-000-beschaeftigte-sind-betroffen\/"]}]},{"@type":"ImageObject","inLanguage":"de","@id":"https:\/\/now-news.de\/de\/deutschland\/mercedes-will-alle-autohaeuser-in-deutschland-verkaufen-%e2%80%92-8-000-beschaeftigte-sind-betroffen\/#primaryimage","url":"https:\/\/now-news.de\/de\/wp-content\/uploads\/sites\/3\/2024\/01\/Mercedes-will-alle-Autohaeuser-in-Deutschland-verkaufen-\u2012-8000-Beschaeftigte.jpg","contentUrl":"https:\/\/now-news.de\/de\/wp-content\/uploads\/sites\/3\/2024\/01\/Mercedes-will-alle-Autohaeuser-in-Deutschland-verkaufen-\u2012-8000-Beschaeftigte.jpg","width":460,"height":259,"caption":"Mercedes will alle Autoh\u00e4user in Deutschland verkaufen \u2012 8.000 Besch\u00e4ftigte sind betroffen"},{"@type":"BreadcrumbList","@id":"https:\/\/now-news.de\/de\/deutschland\/mercedes-will-alle-autohaeuser-in-deutschland-verkaufen-%e2%80%92-8-000-beschaeftigte-sind-betroffen\/#breadcrumb","itemListElement":[{"@type":"ListItem","position":1,"name":"Home","item":"https:\/\/now-news.de\/de\/"},{"@type":"ListItem","position":2,"name":"Mercedes will alle Autoh\u00e4user in Deutschland verkaufen \u2012 8.000 Besch\u00e4ftigte sind betroffen"}]},{"@type":"WebSite","@id":"https:\/\/now-news.de\/de\/#website","url":"https:\/\/now-news.de\/de\/","name":"just-now.NEWS Deutschland","description":"Das Portal f\u00fcr unzensierte Nachrichten aus der Welt","publisher":{"@id":"https:\/\/now-news.de\/de\/#organization"},"potentialAction":[{"@type":"SearchAction","target":{"@type":"EntryPoint","urlTemplate":"https:\/\/now-news.de\/de\/?s={search_term_string}"},"query-input":"required name=search_term_string"}],"inLanguage":"de"},{"@type":"Organization","@id":"https:\/\/now-news.de\/de\/#organization","name":"Just Now News","url":"https:\/\/now-news.de\/de\/","logo":{"@type":"ImageObject","inLanguage":"de","@id":"https:\/\/now-news.de\/de\/#\/schema\/logo\/image\/","url":"http:\/\/just-now.news\/de\/wp-content\/uploads\/sites\/3\/2022\/04\/logo500x500.jpg","contentUrl":"http:\/\/just-now.news\/de\/wp-content\/uploads\/sites\/3\/2022\/04\/logo500x500.jpg","width":500,"height":500,"caption":"Just Now News"},"image":{"@id":"https:\/\/now-news.de\/de\/#\/schema\/logo\/image\/"},"sameAs":["https:\/\/www.facebook.com\/wirmachenauf","https:\/\/x.com\/WirMachenAuf_de"]},{"@type":"Person","@id":"https:\/\/now-news.de\/de\/#\/schema\/person\/fb534a4e865501d8b3285208df34a9b5","name":"rtnews","image":{"@type":"ImageObject","inLanguage":"de","@id":"https:\/\/now-news.de\/de\/#\/schema\/person\/image\/","url":"https:\/\/secure.gravatar.com\/avatar\/82aafea7d8127119dd649515f56e2117?s=96&d=mm&r=g","contentUrl":"https:\/\/secure.gravatar.com\/avatar\/82aafea7d8127119dd649515f56e2117?s=96&d=mm&r=g","caption":"rtnews"},"url":"https:\/\/now-news.de\/de\/author\/rnews\/"}]}},"_links":{"self":[{"href":"https:\/\/now-news.de\/de\/wp-json\/wp\/v2\/posts\/53658"}],"collection":[{"href":"https:\/\/now-news.de\/de\/wp-json\/wp\/v2\/posts"}],"about":[{"href":"https:\/\/now-news.de\/de\/wp-json\/wp\/v2\/types\/post"}],"author":[{"embeddable":true,"href":"https:\/\/now-news.de\/de\/wp-json\/wp\/v2\/users\/3"}],"replies":[{"embeddable":true,"href":"https:\/\/now-news.de\/de\/wp-json\/wp\/v2\/comments?post=53658"}],"version-history":[{"count":0,"href":"https:\/\/now-news.de\/de\/wp-json\/wp\/v2\/posts\/53658\/revisions"}],"wp:featuredmedia":[{"embeddable":true,"href":"https:\/\/now-news.de\/de\/wp-json\/wp\/v2\/media\/53659"}],"wp:attachment":[{"href":"https:\/\/now-news.de\/de\/wp-json\/wp\/v2\/media?parent=53658"}],"wp:term":[{"taxonomy":"category","embeddable":true,"href":"https:\/\/now-news.de\/de\/wp-json\/wp\/v2\/categories?post=53658"},{"taxonomy":"post_tag","embeddable":true,"href":"https:\/\/now-news.de\/de\/wp-json\/wp\/v2\/tags?post=53658"}],"curies":[{"name":"wp","href":"https:\/\/api.w.org\/{rel}","templated":true}]}}