{"id":53651,"date":"2024-01-21T08:30:59","date_gmt":"2024-01-21T06:30:59","guid":{"rendered":"https:\/\/just-now.news\/de\/deutschland\/remigration-ich-habe-fragen\/"},"modified":"2024-01-21T08:30:59","modified_gmt":"2024-01-21T06:30:59","slug":"remigration-ich-habe-fragen","status":"publish","type":"post","link":"https:\/\/now-news.de\/de\/deutschland\/remigration-ich-habe-fragen\/","title":{"rendered":"Remigration? Ich habe Fragen!"},"content":{"rendered":"<p><img decoding=\"async\" src=\"http:\/\/just-now.news\/de\/wp-content\/uploads\/sites\/3\/2024\/01\/65aaa76cb480cc65f55f6604.jpg\" \/><\/p>\n<div class=\"Text-root Text-type_1 \">\n                Die sogenannte &#8220;Recherche&#8221; der staatlich finanzierten Denunzianten-Bude &#8220;Correctiv&#8221; hat zu bundesweiter Emp\u00f6rung und jeder Menge heldenhafter Demonstrationen gegen Nazis gef\u00fchrt. Aber irgendwas stimmt nicht bei dieser Sache.\n            <\/div>\n<p><\/p>\n<div class=\"Text-root Text-type_5 ArticleView-text ViewText-root \">\n<p><em>Von Tom J. Wellbrock<\/em><\/p>\n<p>Sind eine Handvoll Leute, die sich in einem Hotel treffen, in der Lage, 25 Millionen Menschen abzuschieben, zu remigrieren, zu deportieren? Es muss wohl so sein, glaubt man den entr\u00fcsteten Politikern, Medienvertretern und sonstigen M\u00f6chtegern-Promis, die jetzt Sophie Scholl spielen.<\/p>\n<p><strong>Ich habe Fragen<\/strong><\/p>\n<p>Was mich zun\u00e4chst einmal wundert, ist die Tatsache, dass &#8220;Correctiv&#8221; genau wissen will, was hinter den verschlossenen T\u00fcren der privaten Veranstaltung in Potsdam vor sich ging. Denn in ihrer einem Groschenroman \u00e4hnelnden Geschichte auf der Website hei\u00dft es:<\/p>\n<p><em>&#8220;Das Treffen soll geheim bleiben. Die Kommunikation zwischen Organisatoren und G\u00e4sten sollte nur \u00fcber Briefe laufen. Kopien davon wurden aber CORRECTIV zugespielt. Und wir haben Bilder gemacht. Vor und hinter dem Haus. Auch im Haus konnten wir verdeckt filmen. Ein Reporter war mit einer Kamera <\/em><a rel=\"nofollow noopener\" target=\"_blank\" href=\"https:\/\/correctiv.org\/aktuelles\/neue-rechte\/2024\/01\/10\/making-of-zur-geheimplan-recherche\/\"><em>undercover vor Ort<\/em><\/a><em> und [hat] unter anderem Namen im Hotel eingecheckt. Er verfolgte das Treffen aus direkter N\u00e4he und konnte beobachten, wer anreiste und an dem Treffen teilnahm. Dazu kam, dass Greenpeace zu dem Treffen recherchierte und CORRECTIV Fotos und Kopien von Dokumenten \u00fcberlie\u00df. Unsere Reporter redeten mit mehreren AfD-Mitgliedern; Quellen belegten gegen\u00fcber CORRECTIV die Aussagen der Teilnehmenden.<\/em><\/p>\n<p><em>So konnten wir die Zusammenkunft genau rekonstruieren.&#8221;<\/em><\/p>\n<p>Das ist zwar nett formuliert, bedeutet aber letztlich nur, dass niemand von &#8220;Correctiv&#8221; bei dem Treffen wirklich dabei war. S\u00e4mtliche Aussagen, die also von den Teilnehmern gemacht sein sollen, basieren auf der Anwesenheit irgendwelcher &#8220;Correctiv&#8221;-Leute im Foyer des Hotels und auf Fotos, die durch die Fenster des Raumes des Treffens gemacht wurden. Selbst wenn man die freundliche Unterst\u00fctzung von Greenpeace ber\u00fccksichtigt, bleibt am Ende die Tatsache, dass das Treffen privat war, also ohne die Teilnahme von Leuten der Denunzianten-Bude stattfand. Gleichwohl behauptet &#8220;Correctiv&#8221;, man habe &#8220;die Zusammenkunft genau rekonstruieren k\u00f6nnen&#8221;. Das ist d\u00fcnn, sehr d\u00fcnn.<\/p>\n<p><strong>Aussage gegen Aussage<\/strong><\/p>\n<p>Wir wissen jetzt also, wer nicht bei dem Treffen dabei war: die &#8220;Correctiv&#8221;-Leute. Mit dabei war aber der Staatsrechtler Ulrich Vosgerau. Der soll ganz begeistert gewesen sein \u00fcber die &#8220;Remigrationspl\u00e4ne&#8221; von Martin Sellner &amp; Co. &#8220;Correctiv&#8221; schreibt dazu:<\/p>\n<p><em>&#8220;Der Verfassungsrechtler spricht \u00fcber Briefwahlen, es geht um Prozesse, um das Wahlgeheimnis, um seine Bedenken in Bezug auf junge W\u00e4hlerinnen t\u00fcrkischer Herkunft, die sich keine unabh\u00e4ngige Meinung bilden k\u00f6nnten. Auf CORRECTIV-Fragen hin best\u00e4tigt er diesen Satz sp\u00e4ter. An die Sache mit der Ausb\u00fcrgerungsidee von Staatsb\u00fcrgern in Sellners Vortrag will er sich aber nicht erinnern k\u00f6nnen.<\/em><\/p>\n<p><em>Den Vorschlag, man k\u00f6nne vor den kommenden Wahlen ein Musterschreiben entwickeln, um die Rechtm\u00e4\u00dfigkeit von Wahlen in Zweifel zu ziehen, h\u00e4lt Vosgerau f\u00fcr denkbar: Je mehr mitmachten, stimmt er zu, umso h\u00f6her die Erfolgswahrscheinlichkeit. Als er schlie\u00dft, gibt es Applaus.&#8221;<\/em><\/p>\n<p>Schrecklich, oder? Dieser Schuft will offenbar gleich das Wahlrecht abschaffen! Dagegen muss man zu Tausenden auf die Stra\u00dfe gehen. Einerseits.<\/p>\n<p>Andererseits <a rel=\"nofollow noopener\" target=\"_blank\" href=\"https:\/\/www.tichyseinblick.de\/interviews\/ulrich-vosgerau-ich-werde-rechtlich-gegen-correctiv-vorgehen\/\">schildert Vosgerau<\/a> die Sache ganz anders:<\/p>\n<p><em>&#8220;Es war so: Weil ein Vortrag ausgefallen war, bat mich der Veranstalter dann, einen Spontanvortrag \u00fcber Probleme der Briefwahl zu halten. Bei der letzten Bundestagswahl war der Briefw\u00e4hleranteil exorbitant hoch, die Briefwahl ist jedoch im GG gar nicht vorgesehen, und dessen Wahlrechtsgrunds\u00e4tze k\u00f6nnen durchweg nicht eingehalten werden, beziehungsweise, sie sind in den staatlich nicht kontrollierbaren privaten Bereich verlegt. Es gibt zur Briefwahl drei Urteile des Bundesverfassungsgerichts. Ich vertrete in diesem Zusammenhang mehrere Wahlpr\u00fcfungsbeschwerden. Im j\u00fcngsten Urteil hat das Bundesverfassungsgericht gesagt, die Briefwahl d\u00fcrfe nie der Regelfall werden. Das war sie aber 2021. In meinem Vortrag habe ich die Wahlrechtsgrunds\u00e4tze des Grundgesetzes, die Problematik ihrer Einhaltung bei der Briefwahl und die Rechtsprechung des Verfassungsgerichts erl\u00e4utert.<\/em><\/p>\n<p><em>Und in diesem Zusammenhang habe ich \u2013 nebenher \u2013 sinngem\u00e4\u00df auch gesagt: Wenn eine Jungw\u00e4hlerin t\u00fcrkischer Herkunft ihren Wahlzettel zu Hause in der K\u00fcche und unter Aufsicht ihres Vaters und mehrerer Br\u00fcder ankreuzt, dann mag sie das nicht immer und zwingend in derjenigen Freiheit tun, die die Verfassung eigentlich voraussetzt.<\/em><\/p>\n<p><em>Ich finde also durchaus, dass Jungw\u00e4hlerinnen t\u00fcrkischer Herkunft selbstst\u00e4ndig entscheiden k\u00f6nnen und dies auch tun sollten \u2013 und daf\u00fcr sind eben Wahllokale und Wahlkabinen da. Die Briefwahl ist unter Umst\u00e4nden nicht hilfreich. Darum ging es in meinem Vortrag.<\/em><\/p>\n<p><em>Dass ein Briefw\u00e4hleranteil von etwa 50 Prozent bundesweit, in manchen Bundesl\u00e4ndern \u00fcber 60 Prozent, verfassungsrechtlich problematisch ist, ist nicht nur meine pers\u00f6nliche Auffassung, sondern entspricht der st\u00e4ndigen Rechtsprechung des Bundesverfassungsgerichts.<\/em><\/p>\n<p><em>Und nie habe ich gesagt, massenhaftes Vorgehen erh\u00f6he die Erfolgswahrscheinlichkeit von Wahlpr\u00fcfungsbeschwerden. Ich wurde in der Tat aus dem Publikum gefragt, ob es sinnvoll sei, massenhafte Wahlpr\u00fcfungsbeschwerden mit Formularvordrucken herzustellen. Dazu sagte ich, dass &#8216;massenweises&#8217; Vorgehen gerade\u00a0nicht\u00a0sinnvoll sei. Der Erfolg einer Beschwerde h\u00e4nge nicht davon ab, wie oft sie eingereicht werde, sondern davon, wie gut sie begr\u00fcndet sei. Daher sei es auch nicht sinnvoll, wenn ein Rechtsanwalt zum Beispiel 1.000 Beschwerden vertrete, die dann auch alle unter denselben M\u00e4ngeln litten, sondern am besten sollten f\u00fcnf Rechtsanw\u00e4lte jeweils einige wenige Wahlpr\u00fcfungsbeschwerden vertreten. Dann sei die Wahrscheinlichkeit am h\u00f6chsten, dass die Argumente das Bundesverfassungsgericht am Ende \u00fcberzeugen. Ich habe also exakt das Gegenteil dessen gesagt, was &#8216;Correctiv&#8217; mir in den Mund legt.&#8221;<\/em><\/p>\n<p>Vosgerau widersprach auch der Behauptung, auf dem Treffen seien Begriffe wie &#8220;Vertreibung&#8221; oder &#8220;Deportation&#8221; gefallen. Es sei eher um das gegangen, was Bundeskanzler Olaf Scholz als &#8220;gro\u00dfe R\u00fcckf\u00fchrungsoffensive&#8221; angek\u00fcndigt habe.<\/p>\n<p>Vosgerau will \u00fcbrigens gegen &#8220;Correctiv&#8221; rechtlich vorgehen.<\/p>\n<p><strong>M\u00f6ring oder M\u00f6rig?<\/strong><\/p>\n<p>In einer Folge <a rel=\"nofollow noopener\" target=\"_blank\" href=\"https:\/\/www.zdf.de\/gesellschaft\/markus-lanz\/markus-lanz-vom-17-januar-2024-100.html\">&#8220;Pranger-TV&#8221; mit Markus Lanz<\/a>, in der Sahra Wagenknecht gegrillt wurde, war einer der Schwertschwinger der Journalist Marcus Bensmann. Er ist einer der Schl\u00fcssellochgucker, der das &#8220;Geheimtreffen&#8221; aufgedeckt haben will. Abgesehen davon, dass Wagenknecht ins Kreuzverh\u00f6r genommen wurde, weil sie vor Jahren einmal den Zahnarzt Gernot M\u00f6rig getroffen und auch noch mit ihrer neuen Partei ein Konto bei der Volksbank Pirna er\u00f6ffnet hat, die wiederum selbst ganz b\u00f6se ist und ganz b\u00f6se Kunden hat, wurde wenig subtil eine geistige N\u00e4he zwischen Wagenknecht und den richtig b\u00f6sen Jungs des &#8220;Geheimtreffens&#8221; konstruiert.<\/p>\n<p>Kalter Kaffee, so ist der Lanz halt. Interessant aber ist anzumerken, dass Bensmann wiederholt von Gernot &#8220;M\u00f6ring&#8221; sprach, was ja nun mal falsch ist. Dieser Fauxpas passt sehr gut zu den anderen Stammeleien, die Bensmann abgesondert hat. Das war nichts Strukturiertes, nichts Handfestes, nichts Belegtes, sondern nur das Gebrabbel eines Journalisten, der \u00fcber Dinge spricht, von denen er keine Ahnung hat, weil er ja nicht dabei war.<\/p>\n<p>Wenngleich die Lanz-Sendung ein weiterer Tiefpunkt der deutschen Polit-Talkshow-Landschaft ist, lohnt es sich, reinzuschauen, denn Bensmann demonstriert journalistische Unf\u00e4higkeit, gepaart mit ekelerregendem Denunziantentum und inhaltlicher Leere.<\/p>\n<p><strong>Ohne Druck arbeiten<\/strong><\/p>\n<p>Journalismus hat es in Deutschland schwer, das wei\u00df auch &#8220;Correctiv&#8221; und schreibt dazu <a rel=\"nofollow noopener\" target=\"_blank\" href=\"https:\/\/correctiv.org\/ueber-uns\/finanzen\/\">auf seiner Website<\/a>:<\/p>\n<p><em>&#8220;Unser Finanzierungsmodell ist eine Reaktion auf den enormen finanziellen Druck, dem der Journalismus ausgesetzt ist.&#8221;<\/em><\/p>\n<p>Ja, es ist hart. Doch &#8220;Correctiv&#8221; hat eine L\u00f6sung gefunden. Die Recherche-Profis lassen sich unter anderem von der Bundeskasse mit rund 431.000 Euro, von der Landeshauptkasse NRW mit gut 145.000 Euro und von Google mit mehr als 115.000 Euro unterst\u00fctzen. Das sind aber Peanuts, allein im Jahr 2023 kamen fast 1,9 Millionen Euro von Spenden durch &#8220;Unterst\u00fctzerinnen und Unterst\u00fctzer&#8221; hinzu. N\u00e4her aufgeschl\u00fcsselt sind diese nicht.<\/p>\n<p>Wie auch immer: Um fehlendes Geld muss sich &#8220;Correctiv&#8221; keine Sorgen machen, und ganz offensichtlich auch nicht dar\u00fcber, ob sauber gearbeitet wird. Die lange Erz\u00e4hlung \u00fcber das &#8220;Geheimtreffen&#8221; ist gespickt mit Behauptungen, Unterstellungen und L\u00fcgen, wie das Beispiel Ulrich Vosgerau zeigt. Man muss im \u00dcbrigen davon ausgehen, dass auch alles andere, was uns an &#8220;Enth\u00fcllungen&#8221; von &#8220;Correctiv&#8221; pr\u00e4sentiert wurde, mindestens mit Vorsicht genossen werden sollte.<\/p>\n<p><strong>Priorit\u00e4ten<\/strong><\/p>\n<p>Inmitten der Bauernproteste, inmitten von Kriegen, an denen Deutschland sich beteiligt, und inmitten eines Wohlstandsverlustes, den die Bundesrepublik seit ihrem Bestehen noch nicht erlebt hat, kommen &#8220;Correctiv&#8221; und Politik um die Ecke und lenken von ihren Gr\u00e4ueltaten erfolgreich ab, indem eine Geschichte publiziert wird, die jede journalistische Sorgfaltspflicht vermissen l\u00e4sst und politisch und gesellschaftlich komplett irrelevant ist.<\/p>\n<p>Denn machen wir uns nichts vor: Selbst wenn jedes Wort von &#8220;Correctiv&#8221; wahr w\u00e4re, was f\u00fcr Folgen h\u00e4tte das? \u00dcberhaupt keine. Und was w\u00e4re wohl los, wenn bekannt werden w\u00fcrde, was Scholz, Habeck und Lindner auf ihren &#8220;Geheimtreffen&#8221; so alles besprechen, wenn sie sich mal wieder verabredet haben, um der Bev\u00f6lkerung das n\u00e4chste finanzielle Messer an die Kehle zu legen?<\/p>\n<p><em><strong>Tom J. Wellbrock<\/strong> ist Journalist, Sprecher, Texter, Podcaster, Moderator und Mitherausgeber des Blogs <\/em><a rel=\"nofollow noopener\" target=\"_blank\" href=\"https:\/\/lkto.ru\/uv\/service\/hvtrs8%2F-wuw%2Cngunaldpe%60enlgn%2Cdg%2F\"><em>neulandrebellen<\/em><\/a><em>.<\/em><\/p>\n<p><strong>Mehr zum Thema<\/strong> &#8211; <a rel=\"nofollow noopener\" target=\"_blank\" href=\"https:\/\/freeassange.rtde.live\/gesellschaft\/193255-remigration-denunziationen-in-sprachverein-potsdamer\/\">Remigration: Denunziationen in Sprachverein \u2013 Potsdamer Hotelbesitzerin droht Existenzverlust<em><\/em><\/a><\/p>\n<\/p>\n<\/div>\n<p><br \/>\n<br \/><a href=\"https:\/\/de.rt.com\/meinung\/193347-remigration-ich-habe-fragen\/\">Source link <\/a><\/p>\n","protected":false},"excerpt":{"rendered":"<p>Die sogenannte &#8220;Recherche&#8221; der staatlich finanzierten Denunzianten-Bude &#8220;Correctiv&#8221; hat zu bundesweiter Emp\u00f6rung und jeder Menge heldenhafter Demonstrationen gegen Nazis gef\u00fchrt. Aber irgendwas stimmt nicht bei dieser Sache. Von Tom J. Wellbrock Sind eine Handvoll Leute, die sich in einem Hotel treffen, in der Lage, 25 Millionen Menschen abzuschieben, zu remigrieren, zu deportieren? Es muss wohl [&hellip;]<\/p>\n","protected":false},"author":3,"featured_media":53652,"comment_status":"open","ping_status":"open","sticky":false,"template":"","format":"standard","meta":{"_yoast_indexnow_last_ping":["1705819399"],"wp_automatic_camp":["217"],"5c7abbdc7c81ec89e40aeb63ede9630d":["Remigration? Ich habe Fragen!"],"original_link":["https:\/\/de.rt.com\/meinung\/193347-remigration-ich-habe-fragen\/"],"_thumbnail_id":["53652"],"jnews_social_counter_last_update":["1777376268"],"_wptgpro_p2tg_sent2tg":["a:1:{i:23737;s:19:\"2024-01-21 08:45:50\";}"]},"categories":[19,23],"tags":[13035,9899,410,52468],"yoast_head":"<!-- This site is optimized with the Yoast SEO Premium plugin v22.7 (Yoast SEO v22.7) - https:\/\/yoast.com\/wordpress\/plugins\/seo\/ -->\n<title>Remigration? Ich habe Fragen! - just-now.NEWS Deutschland<\/title>\n<meta name=\"robots\" content=\"index, follow, max-snippet:-1, max-image-preview:large, max-video-preview:-1\" \/>\n<link rel=\"canonical\" href=\"https:\/\/now-news.de\/de\/deutschland\/remigration-ich-habe-fragen\/\" \/>\n<meta property=\"og:locale\" content=\"de_DE\" \/>\n<meta property=\"og:type\" content=\"article\" \/>\n<meta property=\"og:title\" content=\"Remigration? Ich habe Fragen!\" \/>\n<meta property=\"og:description\" content=\"Die sogenannte &#8220;Recherche&#8221; der staatlich finanzierten Denunzianten-Bude &#8220;Correctiv&#8221; hat zu bundesweiter Emp\u00f6rung und jeder Menge heldenhafter Demonstrationen gegen Nazis gef\u00fchrt. Aber irgendwas stimmt nicht bei dieser Sache. Von Tom J. Wellbrock Sind eine Handvoll Leute, die sich in einem Hotel treffen, in der Lage, 25 Millionen Menschen abzuschieben, zu remigrieren, zu deportieren? Es muss wohl [&hellip;]\" \/>\n<meta property=\"og:url\" content=\"https:\/\/now-news.de\/de\/deutschland\/remigration-ich-habe-fragen\/\" \/>\n<meta property=\"og:site_name\" content=\"just-now.NEWS Deutschland\" \/>\n<meta property=\"article:publisher\" content=\"https:\/\/www.facebook.com\/wirmachenauf\" \/>\n<meta property=\"article:published_time\" content=\"2024-01-21T06:30:59+00:00\" \/>\n<meta property=\"og:image\" content=\"https:\/\/now-news.de\/de\/wp-content\/uploads\/sites\/3\/2024\/01\/Remigration-Ich-habe-Fragen.jpg\" \/>\n\t<meta property=\"og:image:width\" content=\"460\" \/>\n\t<meta property=\"og:image:height\" content=\"259\" \/>\n\t<meta property=\"og:image:type\" content=\"image\/jpeg\" \/>\n<meta name=\"author\" content=\"rtnews\" \/>\n<meta name=\"twitter:card\" content=\"summary_large_image\" \/>\n<meta name=\"twitter:creator\" content=\"@WirMachenAuf_de\" \/>\n<meta name=\"twitter:site\" content=\"@WirMachenAuf_de\" \/>\n<meta name=\"twitter:label1\" content=\"Verfasst von\" \/>\n\t<meta name=\"twitter:data1\" content=\"rtnews\" \/>\n\t<meta name=\"twitter:label2\" content=\"Gesch\u00e4tzte Lesezeit\" \/>\n\t<meta name=\"twitter:data2\" content=\"7\u00a0Minuten\" \/>\n<script type=\"application\/ld+json\" class=\"yoast-schema-graph\">{\"@context\":\"https:\/\/schema.org\",\"@graph\":[{\"@type\":\"Article\",\"@id\":\"https:\/\/now-news.de\/de\/deutschland\/remigration-ich-habe-fragen\/#article\",\"isPartOf\":{\"@id\":\"https:\/\/now-news.de\/de\/deutschland\/remigration-ich-habe-fragen\/\"},\"author\":{\"name\":\"rtnews\",\"@id\":\"https:\/\/now-news.de\/de\/#\/schema\/person\/fb534a4e865501d8b3285208df34a9b5\"},\"headline\":\"Remigration? Ich habe Fragen!\",\"datePublished\":\"2024-01-21T06:30:59+00:00\",\"dateModified\":\"2024-01-21T06:30:59+00:00\",\"mainEntityOfPage\":{\"@id\":\"https:\/\/now-news.de\/de\/deutschland\/remigration-ich-habe-fragen\/\"},\"wordCount\":1465,\"commentCount\":0,\"publisher\":{\"@id\":\"https:\/\/now-news.de\/de\/#organization\"},\"image\":{\"@id\":\"https:\/\/now-news.de\/de\/deutschland\/remigration-ich-habe-fragen\/#primaryimage\"},\"thumbnailUrl\":\"https:\/\/now-news.de\/de\/wp-content\/uploads\/sites\/3\/2024\/01\/Remigration-Ich-habe-Fragen.jpg\",\"keywords\":[\"Fragen\",\"habe\",\"Ich\",\"Remigration\"],\"articleSection\":[\"Deutschland\",\"Russland\"],\"inLanguage\":\"de\",\"potentialAction\":[{\"@type\":\"CommentAction\",\"name\":\"Comment\",\"target\":[\"https:\/\/now-news.de\/de\/deutschland\/remigration-ich-habe-fragen\/#respond\"]}]},{\"@type\":\"WebPage\",\"@id\":\"https:\/\/now-news.de\/de\/deutschland\/remigration-ich-habe-fragen\/\",\"url\":\"https:\/\/now-news.de\/de\/deutschland\/remigration-ich-habe-fragen\/\",\"name\":\"Remigration? Ich habe Fragen! - just-now.NEWS Deutschland\",\"isPartOf\":{\"@id\":\"https:\/\/now-news.de\/de\/#website\"},\"primaryImageOfPage\":{\"@id\":\"https:\/\/now-news.de\/de\/deutschland\/remigration-ich-habe-fragen\/#primaryimage\"},\"image\":{\"@id\":\"https:\/\/now-news.de\/de\/deutschland\/remigration-ich-habe-fragen\/#primaryimage\"},\"thumbnailUrl\":\"https:\/\/now-news.de\/de\/wp-content\/uploads\/sites\/3\/2024\/01\/Remigration-Ich-habe-Fragen.jpg\",\"datePublished\":\"2024-01-21T06:30:59+00:00\",\"dateModified\":\"2024-01-21T06:30:59+00:00\",\"breadcrumb\":{\"@id\":\"https:\/\/now-news.de\/de\/deutschland\/remigration-ich-habe-fragen\/#breadcrumb\"},\"inLanguage\":\"de\",\"potentialAction\":[{\"@type\":\"ReadAction\",\"target\":[\"https:\/\/now-news.de\/de\/deutschland\/remigration-ich-habe-fragen\/\"]}]},{\"@type\":\"ImageObject\",\"inLanguage\":\"de\",\"@id\":\"https:\/\/now-news.de\/de\/deutschland\/remigration-ich-habe-fragen\/#primaryimage\",\"url\":\"https:\/\/now-news.de\/de\/wp-content\/uploads\/sites\/3\/2024\/01\/Remigration-Ich-habe-Fragen.jpg\",\"contentUrl\":\"https:\/\/now-news.de\/de\/wp-content\/uploads\/sites\/3\/2024\/01\/Remigration-Ich-habe-Fragen.jpg\",\"width\":460,\"height\":259,\"caption\":\"Remigration? Ich habe Fragen!\"},{\"@type\":\"BreadcrumbList\",\"@id\":\"https:\/\/now-news.de\/de\/deutschland\/remigration-ich-habe-fragen\/#breadcrumb\",\"itemListElement\":[{\"@type\":\"ListItem\",\"position\":1,\"name\":\"Home\",\"item\":\"https:\/\/now-news.de\/de\/\"},{\"@type\":\"ListItem\",\"position\":2,\"name\":\"Remigration? Ich habe Fragen!\"}]},{\"@type\":\"WebSite\",\"@id\":\"https:\/\/now-news.de\/de\/#website\",\"url\":\"https:\/\/now-news.de\/de\/\",\"name\":\"just-now.NEWS Deutschland\",\"description\":\"Das Portal f\u00fcr unzensierte Nachrichten aus der Welt\",\"publisher\":{\"@id\":\"https:\/\/now-news.de\/de\/#organization\"},\"potentialAction\":[{\"@type\":\"SearchAction\",\"target\":{\"@type\":\"EntryPoint\",\"urlTemplate\":\"https:\/\/now-news.de\/de\/?s={search_term_string}\"},\"query-input\":\"required name=search_term_string\"}],\"inLanguage\":\"de\"},{\"@type\":\"Organization\",\"@id\":\"https:\/\/now-news.de\/de\/#organization\",\"name\":\"Just Now News\",\"url\":\"https:\/\/now-news.de\/de\/\",\"logo\":{\"@type\":\"ImageObject\",\"inLanguage\":\"de\",\"@id\":\"https:\/\/now-news.de\/de\/#\/schema\/logo\/image\/\",\"url\":\"http:\/\/just-now.news\/de\/wp-content\/uploads\/sites\/3\/2022\/04\/logo500x500.jpg\",\"contentUrl\":\"http:\/\/just-now.news\/de\/wp-content\/uploads\/sites\/3\/2022\/04\/logo500x500.jpg\",\"width\":500,\"height\":500,\"caption\":\"Just Now News\"},\"image\":{\"@id\":\"https:\/\/now-news.de\/de\/#\/schema\/logo\/image\/\"},\"sameAs\":[\"https:\/\/www.facebook.com\/wirmachenauf\",\"https:\/\/x.com\/WirMachenAuf_de\"]},{\"@type\":\"Person\",\"@id\":\"https:\/\/now-news.de\/de\/#\/schema\/person\/fb534a4e865501d8b3285208df34a9b5\",\"name\":\"rtnews\",\"image\":{\"@type\":\"ImageObject\",\"inLanguage\":\"de\",\"@id\":\"https:\/\/now-news.de\/de\/#\/schema\/person\/image\/\",\"url\":\"https:\/\/secure.gravatar.com\/avatar\/82aafea7d8127119dd649515f56e2117?s=96&d=mm&r=g\",\"contentUrl\":\"https:\/\/secure.gravatar.com\/avatar\/82aafea7d8127119dd649515f56e2117?s=96&d=mm&r=g\",\"caption\":\"rtnews\"},\"url\":\"https:\/\/now-news.de\/de\/author\/rnews\/\"}]}<\/script>\n<!-- \/ Yoast SEO Premium plugin. -->","yoast_head_json":{"title":"Remigration? Ich habe Fragen! - just-now.NEWS Deutschland","robots":{"index":"index","follow":"follow","max-snippet":"max-snippet:-1","max-image-preview":"max-image-preview:large","max-video-preview":"max-video-preview:-1"},"canonical":"https:\/\/now-news.de\/de\/deutschland\/remigration-ich-habe-fragen\/","og_locale":"de_DE","og_type":"article","og_title":"Remigration? Ich habe Fragen!","og_description":"Die sogenannte &#8220;Recherche&#8221; der staatlich finanzierten Denunzianten-Bude &#8220;Correctiv&#8221; hat zu bundesweiter Emp\u00f6rung und jeder Menge heldenhafter Demonstrationen gegen Nazis gef\u00fchrt. Aber irgendwas stimmt nicht bei dieser Sache. Von Tom J. Wellbrock Sind eine Handvoll Leute, die sich in einem Hotel treffen, in der Lage, 25 Millionen Menschen abzuschieben, zu remigrieren, zu deportieren? Es muss wohl [&hellip;]","og_url":"https:\/\/now-news.de\/de\/deutschland\/remigration-ich-habe-fragen\/","og_site_name":"just-now.NEWS Deutschland","article_publisher":"https:\/\/www.facebook.com\/wirmachenauf","article_published_time":"2024-01-21T06:30:59+00:00","og_image":[{"width":460,"height":259,"url":"https:\/\/now-news.de\/de\/wp-content\/uploads\/sites\/3\/2024\/01\/Remigration-Ich-habe-Fragen.jpg","type":"image\/jpeg"}],"author":"rtnews","twitter_card":"summary_large_image","twitter_creator":"@WirMachenAuf_de","twitter_site":"@WirMachenAuf_de","twitter_misc":{"Verfasst von":"rtnews","Gesch\u00e4tzte Lesezeit":"7\u00a0Minuten"},"schema":{"@context":"https:\/\/schema.org","@graph":[{"@type":"Article","@id":"https:\/\/now-news.de\/de\/deutschland\/remigration-ich-habe-fragen\/#article","isPartOf":{"@id":"https:\/\/now-news.de\/de\/deutschland\/remigration-ich-habe-fragen\/"},"author":{"name":"rtnews","@id":"https:\/\/now-news.de\/de\/#\/schema\/person\/fb534a4e865501d8b3285208df34a9b5"},"headline":"Remigration? Ich habe Fragen!","datePublished":"2024-01-21T06:30:59+00:00","dateModified":"2024-01-21T06:30:59+00:00","mainEntityOfPage":{"@id":"https:\/\/now-news.de\/de\/deutschland\/remigration-ich-habe-fragen\/"},"wordCount":1465,"commentCount":0,"publisher":{"@id":"https:\/\/now-news.de\/de\/#organization"},"image":{"@id":"https:\/\/now-news.de\/de\/deutschland\/remigration-ich-habe-fragen\/#primaryimage"},"thumbnailUrl":"https:\/\/now-news.de\/de\/wp-content\/uploads\/sites\/3\/2024\/01\/Remigration-Ich-habe-Fragen.jpg","keywords":["Fragen","habe","Ich","Remigration"],"articleSection":["Deutschland","Russland"],"inLanguage":"de","potentialAction":[{"@type":"CommentAction","name":"Comment","target":["https:\/\/now-news.de\/de\/deutschland\/remigration-ich-habe-fragen\/#respond"]}]},{"@type":"WebPage","@id":"https:\/\/now-news.de\/de\/deutschland\/remigration-ich-habe-fragen\/","url":"https:\/\/now-news.de\/de\/deutschland\/remigration-ich-habe-fragen\/","name":"Remigration? Ich habe Fragen! - just-now.NEWS Deutschland","isPartOf":{"@id":"https:\/\/now-news.de\/de\/#website"},"primaryImageOfPage":{"@id":"https:\/\/now-news.de\/de\/deutschland\/remigration-ich-habe-fragen\/#primaryimage"},"image":{"@id":"https:\/\/now-news.de\/de\/deutschland\/remigration-ich-habe-fragen\/#primaryimage"},"thumbnailUrl":"https:\/\/now-news.de\/de\/wp-content\/uploads\/sites\/3\/2024\/01\/Remigration-Ich-habe-Fragen.jpg","datePublished":"2024-01-21T06:30:59+00:00","dateModified":"2024-01-21T06:30:59+00:00","breadcrumb":{"@id":"https:\/\/now-news.de\/de\/deutschland\/remigration-ich-habe-fragen\/#breadcrumb"},"inLanguage":"de","potentialAction":[{"@type":"ReadAction","target":["https:\/\/now-news.de\/de\/deutschland\/remigration-ich-habe-fragen\/"]}]},{"@type":"ImageObject","inLanguage":"de","@id":"https:\/\/now-news.de\/de\/deutschland\/remigration-ich-habe-fragen\/#primaryimage","url":"https:\/\/now-news.de\/de\/wp-content\/uploads\/sites\/3\/2024\/01\/Remigration-Ich-habe-Fragen.jpg","contentUrl":"https:\/\/now-news.de\/de\/wp-content\/uploads\/sites\/3\/2024\/01\/Remigration-Ich-habe-Fragen.jpg","width":460,"height":259,"caption":"Remigration? Ich habe Fragen!"},{"@type":"BreadcrumbList","@id":"https:\/\/now-news.de\/de\/deutschland\/remigration-ich-habe-fragen\/#breadcrumb","itemListElement":[{"@type":"ListItem","position":1,"name":"Home","item":"https:\/\/now-news.de\/de\/"},{"@type":"ListItem","position":2,"name":"Remigration? Ich habe Fragen!"}]},{"@type":"WebSite","@id":"https:\/\/now-news.de\/de\/#website","url":"https:\/\/now-news.de\/de\/","name":"just-now.NEWS Deutschland","description":"Das Portal f\u00fcr unzensierte Nachrichten aus der Welt","publisher":{"@id":"https:\/\/now-news.de\/de\/#organization"},"potentialAction":[{"@type":"SearchAction","target":{"@type":"EntryPoint","urlTemplate":"https:\/\/now-news.de\/de\/?s={search_term_string}"},"query-input":"required name=search_term_string"}],"inLanguage":"de"},{"@type":"Organization","@id":"https:\/\/now-news.de\/de\/#organization","name":"Just Now News","url":"https:\/\/now-news.de\/de\/","logo":{"@type":"ImageObject","inLanguage":"de","@id":"https:\/\/now-news.de\/de\/#\/schema\/logo\/image\/","url":"http:\/\/just-now.news\/de\/wp-content\/uploads\/sites\/3\/2022\/04\/logo500x500.jpg","contentUrl":"http:\/\/just-now.news\/de\/wp-content\/uploads\/sites\/3\/2022\/04\/logo500x500.jpg","width":500,"height":500,"caption":"Just Now News"},"image":{"@id":"https:\/\/now-news.de\/de\/#\/schema\/logo\/image\/"},"sameAs":["https:\/\/www.facebook.com\/wirmachenauf","https:\/\/x.com\/WirMachenAuf_de"]},{"@type":"Person","@id":"https:\/\/now-news.de\/de\/#\/schema\/person\/fb534a4e865501d8b3285208df34a9b5","name":"rtnews","image":{"@type":"ImageObject","inLanguage":"de","@id":"https:\/\/now-news.de\/de\/#\/schema\/person\/image\/","url":"https:\/\/secure.gravatar.com\/avatar\/82aafea7d8127119dd649515f56e2117?s=96&d=mm&r=g","contentUrl":"https:\/\/secure.gravatar.com\/avatar\/82aafea7d8127119dd649515f56e2117?s=96&d=mm&r=g","caption":"rtnews"},"url":"https:\/\/now-news.de\/de\/author\/rnews\/"}]}},"_links":{"self":[{"href":"https:\/\/now-news.de\/de\/wp-json\/wp\/v2\/posts\/53651"}],"collection":[{"href":"https:\/\/now-news.de\/de\/wp-json\/wp\/v2\/posts"}],"about":[{"href":"https:\/\/now-news.de\/de\/wp-json\/wp\/v2\/types\/post"}],"author":[{"embeddable":true,"href":"https:\/\/now-news.de\/de\/wp-json\/wp\/v2\/users\/3"}],"replies":[{"embeddable":true,"href":"https:\/\/now-news.de\/de\/wp-json\/wp\/v2\/comments?post=53651"}],"version-history":[{"count":0,"href":"https:\/\/now-news.de\/de\/wp-json\/wp\/v2\/posts\/53651\/revisions"}],"wp:featuredmedia":[{"embeddable":true,"href":"https:\/\/now-news.de\/de\/wp-json\/wp\/v2\/media\/53652"}],"wp:attachment":[{"href":"https:\/\/now-news.de\/de\/wp-json\/wp\/v2\/media?parent=53651"}],"wp:term":[{"taxonomy":"category","embeddable":true,"href":"https:\/\/now-news.de\/de\/wp-json\/wp\/v2\/categories?post=53651"},{"taxonomy":"post_tag","embeddable":true,"href":"https:\/\/now-news.de\/de\/wp-json\/wp\/v2\/tags?post=53651"}],"curies":[{"name":"wp","href":"https:\/\/api.w.org\/{rel}","templated":true}]}}