{"id":53643,"date":"2024-01-20T20:23:50","date_gmt":"2024-01-20T18:23:50","guid":{"rendered":"https:\/\/just-now.news\/de\/deutschland\/politik-und-medien-feiern-sich-selbst-und-die-proteste-gegen-rechts\/"},"modified":"2024-01-20T20:23:50","modified_gmt":"2024-01-20T18:23:50","slug":"politik-und-medien-feiern-sich-selbst-und-die-proteste-gegen-rechts","status":"publish","type":"post","link":"https:\/\/now-news.de\/de\/deutschland\/politik-und-medien-feiern-sich-selbst-und-die-proteste-gegen-rechts\/","title":{"rendered":"Politik und Medien feiern sich selbst \u2013 und die Proteste &quot;gegen Rechts&quot;"},"content":{"rendered":"<p><img decoding=\"async\" src=\"http:\/\/just-now.news\/de\/wp-content\/uploads\/sites\/3\/2024\/01\/65abd9c648fbef0bf44f323e.jpg\" \/><\/p>\n<div class=\"Text-root Text-type_1 \">\n                Landauf, landab finden am heutigen Sonnabend Demonstrationen &#8220;gegen Rechtsextremismus&#8221; statt. Politik und Medien zeigen sich hocherfreut und feiern geradezu die Proteste \u2013 ganz im Unterschied zu den Kundgebungen der Bauern und Lkw-Fahrer, die nicht eine solch wohlwollende Begleitung erfuhren.\n            <\/div>\n<p><\/p>\n<div class=\"Text-root Text-type_5 ArticleView-text ViewText-root \">\n<p>Heute und an diesem Wochenende finden in vielen deutschen St\u00e4dten Proteste &#8220;gegen Rechtsextremismus&#8221; statt. Die Kundgebungen werden als &#8220;antifaschistischer Widerstand&#8221; gegen angebliche &#8220;Deportationspl\u00e4ne&#8221; f\u00fcr Ausl\u00e4nder oder Deutsche mit Migrationsgeschichte ausgegeben, die das Denunziationsportal <em>Correctiv<\/em> w\u00e4hrend eines vermeintlichen Geheimtreffens in einem Landhotel bei Potsdam entdeckt haben will (<em>RT DE<\/em>\u00a0<a rel=\"nofollow noopener\" target=\"_blank\" href=\"https:\/\/freedert.online\/meinung\/192455-demokratie-und-ihre-feinde-deutsche\/\">berichtete<\/a>). Seit Tagen berichten die Mainstream-Medien \u00fcber das Ereignis, das bereits am 25. November 2023 stattgefunden hatte. Ebenso finden seit etlichen Tagen an verschiedenen Orten in Deutschland Proteste gegen die AfD statt, ungeachtet der Tatsache, dass die besagte Potsdamer Tagung keine Parteiveranstaltung der AfD war.<\/p>\n<p>\u00dcber die heutigen bundesweit stattfindenden Kundgebungen berichten die Mainstream-Medien sehr ausf\u00fchrlich und wohlwollend, etwa die <em>Tagesschau<\/em>, mit <a rel=\"nofollow noopener\" target=\"_blank\" href=\"https:\/\/www.tagesschau.de\/inland\/gesellschaft\/demonstrationen-gegen-rechts-100.html\">Reportagen<\/a> aus verschiedenen Bundesl\u00e4ndern. Einige von ihnen haben Live-<a rel=\"nofollow noopener\" target=\"_blank\" href=\"https:\/\/www.faz.net\/aktuell\/politik\/inland\/liveblog-zu-demos-gegen-rechtsextremismus-35-000-menschen-demonstrieren-in-frankfurt-19462616.html\">Blogs<\/a> oder &#8211;<a rel=\"nofollow noopener\" target=\"_blank\" href=\"https:\/\/www.spiegel.de\/panorama\/gesellschaft\/demos-gegen-rechts-bundesweite-proteste-gegen-rechtsextremismus-und-die-afd-a-51470834-c106-471a-ab58-3bcc0b17d4bd\">Ticker<\/a> eingerichtet, beispielsweise der <em>Spiegel<\/em> oder auch die <em>FAZ<\/em>. Deutschland sei &#8220;in Demolaune&#8221;, <a rel=\"nofollow noopener\" target=\"_blank\" href=\"https:\/\/taz.de\/Proteste-gegen-rechts\/!5986385\/\">verk\u00fcndet<\/a> die <em>taz<\/em>. Der <em>Deutschlandfunk<\/em>\u00a0<a rel=\"nofollow noopener\" target=\"_blank\" href=\"https:\/\/www.deutschlandfunk.de\/proteste-gegen-bedrohung-von-rechts-interview-andreas-zick-konfliktforscher-dlf-1683f051-100.html\">zitiert<\/a> einen &#8220;Konfliktforscher&#8221; mit der Behauptung, es gebe ein &#8220;Potenzial&#8221; f\u00fcr eine &#8220;breite demokratische Bewegung&#8221;. Die Protestwelle k\u00f6nne wom\u00f6glich &#8220;Menschen von rechts zur\u00fcck in die Mitte bewegen&#8221;. Als eine Art besonderen &#8220;Service&#8221; <a rel=\"nofollow noopener\" target=\"_blank\" href=\"https:\/\/www.rbb24.de\/politik\/beitrag\/2024\/01\/berlin-brandenburg-demos-rechtsextremismus-nach-geheimtreffen.html\">listet<\/a> beispielsweise der \u00f6ffentlich-rechtliche <em>RBB<\/em> die Orte und Uhrzeiten von Kundgebungen in Berlin und Brandenburg an diesem Wochenende auf.<\/p>\n<p>Auch das Springer-Blatt <em>Welt<\/em>\u00a0<a rel=\"nofollow noopener\" target=\"_blank\" href=\"https:\/\/www.welt.de\/politik\/deutschland\/article249643178\/Politiker-begruessen-Demos-gegen-Rechtsextremismus-Jetzt-bekommen-sie-Widerstand.html\">berichtet<\/a> \u00fcber einen gro\u00dfen Konsens in der etablierten Politik und die demonstrative offizielle Genugtuung \u00fcber die organisierten Proteste. Die Geschlossenheit &#8220;aller Demokraten&#8221; reiche von der Union bis zu den Gr\u00fcnen.<\/p>\n<p>So habe die Gr\u00fcnen-Chefin Ricarda Lang alle Parteien &#8220;au\u00dfer die AfD&#8221; (<em>Welt<\/em>) zum &#8220;gemeinsamen Aufstehen gegen rechts&#8221; aufgerufen. Lang forderte:<\/p>\n<p>&#8220;Jetzt m\u00fcssen alle demokratischen Parteien offen f\u00fcr Kompromisse sein, aber geschlossen gegen rechts.&#8221; Weiter habe die Ko-Vorsitzende erkl\u00e4rt: &#8220;Die Mehrheit in diesem Land steht auf f\u00fcr Demokratie und gegen Rechtsextremismus.&#8221; Die Abgeordnete behauptete au\u00dferdem:<\/p>\n<blockquote>\n<p><em>&#8220;Das, wovon die Nazis leben, ist Gleichg\u00fcltigkeit. Sie w\u00fcnschen sich Gleichg\u00fcltigkeit und jetzt bekommen sie Widerstand.&#8221;<\/em><\/p>\n<\/blockquote>\n<p>In Anspielung auf das skandalisierte Potsdamer Treffen meinte Ricarda Lang:<\/p>\n<p>&#8220;Wir werden daf\u00fcr sorgen, dass Nazis nie wieder an die Macht kommen \u2013 nicht hier in Potsdam, nicht in Brandenburg und nicht in Deutschland.&#8221; Lang wandte sich auch an Deutsche mit sogenanntem Migrationshintergrund und versicherte, diese seien &#8220;Teil von diesem Land&#8221; und man werde sie sch\u00fctzen. Die Gr\u00fcnen-Politikerin sagte weiter: &#8220;Wir unterscheiden nicht in Staatsb\u00fcrger erster oder zweiter Klasse \u2013 egal ob ihr Cosima oder Samira hei\u00dft.&#8221;<\/p>\n<p>Die Proteste sind nicht nur den in der Ampelkoalition mitregierenden Gr\u00fcnen genehm, sondern auch den Regierungschefs von CDU-gef\u00fchrten Bundesl\u00e4ndern. Beispielsweise \u00e4u\u00dferte sich auch der Ministerpr\u00e4sident von Nordrhein-Westfalen, Hendrik W\u00fcst (CDU), ganz \u00e4hnlich wie Ricarda Lang \u2013 und zwar auf dem Neujahrsempfang der nordrhein-westf\u00e4lischen CDU in D\u00fcsseldorf. Im Wahljahr 2024 m\u00fcsse die &#8220;Demokratie&#8221;, deren St\u00e4rke &#8220;Konsens und Kompromiss&#8221; seien, gegen den &#8220;Rechtsextremismus&#8221; verteidigt werden. In diesem Sinne begr\u00fc\u00dfte auch W\u00fcst die bundesweiten Proteste, die f\u00fcr &#8220;eine breite Allianz&#8221; in der gesellschaftlichen Mitte st\u00fcnden, und rief zum &#8220;Schulterschluss der Demokraten&#8221; auf.<\/p>\n<p>Auch der Ministerpr\u00e4sident von Schleswig-Holstein, Daniel G\u00fcnther (CDU), zeigte sich mit den Demonstrationen zufrieden: &#8220;Die Demonstrationen der letzten Tage, die Zehntausenden auf den Stra\u00dfen, die sich stark machen f\u00fcr unsere Demokratie, sind ein ermutigendes Zeichen.&#8221; Jeder Einzelne solle in der Familie, unter Freunden und am Arbeitsplatz &#8220;Haltung zeigen&#8221;, erkl\u00e4rte laut der <em>Welt <\/em>der Ministerpr\u00e4sident dem SPD-nahen <em>Redaktionsnetzwerk Deutschland<\/em>. Nun gebe es keine Ausreden mehr f\u00fcr das Wegsehen und daf\u00fcr, seine Stimme nicht gegen den Rechtsextremismus zu erheben. Die offizielle Ansage aus Kiel lautet demnach: &#8220;Wir alle m\u00fcssen aufstehen und unsere Demokratie und unsere Werte sch\u00fctzen und verteidigen&#8221;, so G\u00fcnther.<\/p>\n<p>Gegen\u00fcber der <em>Deutschen Presse-Agentur<\/em> habe der fr\u00fchere BlackRock-Manager und heutige CDU-Vorsitzende Friedrich Merz erkl\u00e4rt:<\/p>\n<blockquote>\n<p><em>&#8220;Die &#8216;schweigende&#8217; Mehrheit erhebt ihre Stimme und zeigt, dass sie in einem Land leben m\u00f6chte, das weltoffen und frei ist.&#8221;<\/em><\/p>\n<\/blockquote>\n<p>Wie Ricarda Lang appellierte auch Merz an ein nicht n\u00e4her bezeichnetes &#8220;Wir&#8221; beziehungsweise nahm f\u00fcr sich in Anspruch, f\u00fcr dieses &#8220;Wir&#8221; zu sprechen:<\/p>\n<p>&#8220;Wir stehen an der Seite derer, die sich f\u00fcr unsere Demokratie, unseren Rechtsstaat und unsere offene Gesellschaft einsetzen.&#8221; Merz sprach sich daf\u00fcr aus, die Grenzen des Sagbaren einzuschr\u00e4nken, ohne allerdings konkret zu werden:<\/p>\n<blockquote>\n<p><em>&#8220;Lassen wir gemeinsam keine diskriminierenden Spr\u00fcche oder rechte Parolen zu. Wir zeigen gemeinsam ein Stoppschild gegen jede Form von Extremismus und Rassismus: gegen jede Form von Hass, gegen Hetze und gegen Geschichtsvergessenheit.&#8221;<\/em><\/p>\n<\/blockquote>\n<p>Ein weiteres Beispiel f\u00fcr den regierungsamtlichen Konsens mit den aktuellen Protesten lieferte Bundesinnenministerin Nancy Faeser (SPD). Diese habe sich erfreut \u00fcber die bundesweiten Kundgebungen gegen &#8220;Rechtsextremismus&#8221; gezeigt. Die <em>Welt<\/em> zitiert sie mit folgender Bemerkung:<\/p>\n<p>&#8220;Es stimmt mich sehr positiv, dass so viele Menschen in den vergangenen Tagen f\u00fcr die Demokratie auf die Stra\u00dfe gegangen sind.&#8221; Gegen\u00fcber der <em>Funke Mediengruppe<\/em> habe die Bundesinnenministerin weiter erkl\u00e4rt, die Demokratie werde angegriffen und stehe vor gro\u00dfen Herausforderungen. Auch Faeser appellierte an das &#8220;Wir&#8221;: &#8220;Wir m\u00fcssen sie aktiv verteidigen.&#8221;<\/p>\n<p>Der &#8220;Rechtsextremismus&#8221; sei die gr\u00f6\u00dfte Gefahr f\u00fcr die Demokratie, so Faeser. Zwar gebe es auch Bedrohungen durch Islamismus oder Linksextremismus, doch das &#8220;Wesen des Rechtsextremismus&#8221; sei die &#8220;\u00dcberwindung unserer demokratischen Ordnung&#8221;.<\/p>\n<p>Inwieweit die Markierung der vom Mainstream abweichenden politischen Positionen als &#8220;rechts&#8221; tats\u00e4chlich Konsens bei einer gesellschaftlichen Mehrheit ist, lie\u00df sich anhand der Teilnehmerzahlen an den Protesten, die von den etablierten Medien berichtet wurden, nicht ablesen. Augenscheinlich fielen viele zentrale Kundgebungen &#8220;gegen Rechts&#8221; kleiner als die j\u00fcngsten Proteste von Landwirten und Lkw-Fahrern aus.<\/p>\n<p><strong>Mehr zum Thema<\/strong> &#8211; <a rel=\"nofollow noopener\" target=\"_blank\" href=\"https:\/\/freedert.online\/gesellschaft\/193142-voelkische-massenbasis-oder-bunter-nato-faschismus\/\">&#8220;V\u00f6lkische&#8221; Massenbasis oder &#8220;bunter&#8221; NATO-Faschismus?<\/a><\/p>\n<\/div>\n<p><br \/>\n<br \/><a href=\"https:\/\/de.rt.com\/gesellschaft\/193440-politik-und-medien-feiern-sich\/\">Source link <\/a><\/p>\n","protected":false},"excerpt":{"rendered":"<p>Landauf, landab finden am heutigen Sonnabend Demonstrationen &#8220;gegen Rechtsextremismus&#8221; statt. Politik und Medien zeigen sich hocherfreut und feiern geradezu die Proteste \u2013 ganz im Unterschied zu den Kundgebungen der Bauern und Lkw-Fahrer, die nicht eine solch wohlwollende Begleitung erfuhren. Heute und an diesem Wochenende finden in vielen deutschen St\u00e4dten Proteste &#8220;gegen Rechtsextremismus&#8221; statt. Die Kundgebungen [&hellip;]<\/p>\n","protected":false},"author":3,"featured_media":53644,"comment_status":"open","ping_status":"open","sticky":false,"template":"","format":"standard","meta":{"_yoast_indexnow_last_ping":["1705775718"],"wp_automatic_camp":["217"],"f875ee92102d1c4eb17a0effd1fc0a0c":["Politik und Medien feiern sich selbst \u2013 und die Proteste &quot;gegen Rechts&quot;"],"original_link":["https:\/\/de.rt.com\/gesellschaft\/193440-politik-und-medien-feiern-sich\/"],"_thumbnail_id":["53644"],"_wptgpro_p2tg_sent2tg":["a:1:{i:23737;s:19:\"2024-01-20 20:36:28\";}"],"jnews_social_counter_last_update":["1777605737"]},"categories":[19,23],"tags":[45,6363,580,592,3824,31953,25075,7618,434,140],"yoast_head":"<!-- This site is optimized with the Yoast SEO Premium plugin v22.7 (Yoast SEO v22.7) - https:\/\/yoast.com\/wordpress\/plugins\/seo\/ -->\n<title>Politik und Medien feiern sich selbst \u2013 und die Proteste &quot;gegen Rechts&quot; - just-now.NEWS Deutschland<\/title>\n<meta name=\"robots\" content=\"index, follow, max-snippet:-1, max-image-preview:large, max-video-preview:-1\" \/>\n<link rel=\"canonical\" href=\"https:\/\/now-news.de\/de\/deutschland\/politik-und-medien-feiern-sich-selbst-und-die-proteste-gegen-rechts\/\" \/>\n<meta property=\"og:locale\" content=\"de_DE\" \/>\n<meta property=\"og:type\" content=\"article\" \/>\n<meta property=\"og:title\" content=\"Politik und Medien feiern sich selbst \u2013 und die Proteste &quot;gegen Rechts&quot;\" \/>\n<meta property=\"og:description\" content=\"Landauf, landab finden am heutigen Sonnabend Demonstrationen &#8220;gegen Rechtsextremismus&#8221; statt. Politik und Medien zeigen sich hocherfreut und feiern geradezu die Proteste \u2013 ganz im Unterschied zu den Kundgebungen der Bauern und Lkw-Fahrer, die nicht eine solch wohlwollende Begleitung erfuhren. Heute und an diesem Wochenende finden in vielen deutschen St\u00e4dten Proteste &#8220;gegen Rechtsextremismus&#8221; statt. Die Kundgebungen [&hellip;]\" \/>\n<meta property=\"og:url\" content=\"https:\/\/now-news.de\/de\/deutschland\/politik-und-medien-feiern-sich-selbst-und-die-proteste-gegen-rechts\/\" \/>\n<meta property=\"og:site_name\" content=\"just-now.NEWS Deutschland\" \/>\n<meta property=\"article:publisher\" content=\"https:\/\/www.facebook.com\/wirmachenauf\" \/>\n<meta property=\"article:published_time\" content=\"2024-01-20T18:23:50+00:00\" \/>\n<meta property=\"og:image\" content=\"https:\/\/now-news.de\/de\/wp-content\/uploads\/sites\/3\/2024\/01\/Politik-und-Medien-feiern-sich-selbst-\u2013-und-die-Proteste.jpg\" \/>\n\t<meta property=\"og:image:width\" content=\"460\" \/>\n\t<meta property=\"og:image:height\" content=\"259\" \/>\n\t<meta property=\"og:image:type\" content=\"image\/jpeg\" \/>\n<meta name=\"author\" content=\"rtnews\" \/>\n<meta name=\"twitter:card\" content=\"summary_large_image\" \/>\n<meta name=\"twitter:creator\" content=\"@WirMachenAuf_de\" \/>\n<meta name=\"twitter:site\" content=\"@WirMachenAuf_de\" \/>\n<meta name=\"twitter:label1\" content=\"Verfasst von\" \/>\n\t<meta name=\"twitter:data1\" content=\"rtnews\" \/>\n\t<meta name=\"twitter:label2\" content=\"Gesch\u00e4tzte Lesezeit\" \/>\n\t<meta name=\"twitter:data2\" content=\"5\u00a0Minuten\" \/>\n<script type=\"application\/ld+json\" class=\"yoast-schema-graph\">{\"@context\":\"https:\/\/schema.org\",\"@graph\":[{\"@type\":\"Article\",\"@id\":\"https:\/\/now-news.de\/de\/deutschland\/politik-und-medien-feiern-sich-selbst-und-die-proteste-gegen-rechts\/#article\",\"isPartOf\":{\"@id\":\"https:\/\/now-news.de\/de\/deutschland\/politik-und-medien-feiern-sich-selbst-und-die-proteste-gegen-rechts\/\"},\"author\":{\"name\":\"rtnews\",\"@id\":\"https:\/\/now-news.de\/de\/#\/schema\/person\/fb534a4e865501d8b3285208df34a9b5\"},\"headline\":\"Politik und Medien feiern sich selbst \u2013 und die Proteste &quot;gegen Rechts&quot;\",\"datePublished\":\"2024-01-20T18:23:50+00:00\",\"dateModified\":\"2024-01-20T18:23:50+00:00\",\"mainEntityOfPage\":{\"@id\":\"https:\/\/now-news.de\/de\/deutschland\/politik-und-medien-feiern-sich-selbst-und-die-proteste-gegen-rechts\/\"},\"wordCount\":981,\"commentCount\":0,\"publisher\":{\"@id\":\"https:\/\/now-news.de\/de\/#organization\"},\"image\":{\"@id\":\"https:\/\/now-news.de\/de\/deutschland\/politik-und-medien-feiern-sich-selbst-und-die-proteste-gegen-rechts\/#primaryimage\"},\"thumbnailUrl\":\"https:\/\/now-news.de\/de\/wp-content\/uploads\/sites\/3\/2024\/01\/Politik-und-Medien-feiern-sich-selbst-\u2013-und-die-Proteste.jpg\",\"keywords\":[\"die\",\"Feiern\",\"Medien\",\"Politik\",\"Proteste\",\"quotGegen\",\"Rechtsquot\",\"selbst\",\"sich\",\"und\"],\"articleSection\":[\"Deutschland\",\"Russland\"],\"inLanguage\":\"de\",\"potentialAction\":[{\"@type\":\"CommentAction\",\"name\":\"Comment\",\"target\":[\"https:\/\/now-news.de\/de\/deutschland\/politik-und-medien-feiern-sich-selbst-und-die-proteste-gegen-rechts\/#respond\"]}]},{\"@type\":\"WebPage\",\"@id\":\"https:\/\/now-news.de\/de\/deutschland\/politik-und-medien-feiern-sich-selbst-und-die-proteste-gegen-rechts\/\",\"url\":\"https:\/\/now-news.de\/de\/deutschland\/politik-und-medien-feiern-sich-selbst-und-die-proteste-gegen-rechts\/\",\"name\":\"Politik und Medien feiern sich selbst \u2013 und die Proteste &quot;gegen Rechts&quot; - just-now.NEWS Deutschland\",\"isPartOf\":{\"@id\":\"https:\/\/now-news.de\/de\/#website\"},\"primaryImageOfPage\":{\"@id\":\"https:\/\/now-news.de\/de\/deutschland\/politik-und-medien-feiern-sich-selbst-und-die-proteste-gegen-rechts\/#primaryimage\"},\"image\":{\"@id\":\"https:\/\/now-news.de\/de\/deutschland\/politik-und-medien-feiern-sich-selbst-und-die-proteste-gegen-rechts\/#primaryimage\"},\"thumbnailUrl\":\"https:\/\/now-news.de\/de\/wp-content\/uploads\/sites\/3\/2024\/01\/Politik-und-Medien-feiern-sich-selbst-\u2013-und-die-Proteste.jpg\",\"datePublished\":\"2024-01-20T18:23:50+00:00\",\"dateModified\":\"2024-01-20T18:23:50+00:00\",\"breadcrumb\":{\"@id\":\"https:\/\/now-news.de\/de\/deutschland\/politik-und-medien-feiern-sich-selbst-und-die-proteste-gegen-rechts\/#breadcrumb\"},\"inLanguage\":\"de\",\"potentialAction\":[{\"@type\":\"ReadAction\",\"target\":[\"https:\/\/now-news.de\/de\/deutschland\/politik-und-medien-feiern-sich-selbst-und-die-proteste-gegen-rechts\/\"]}]},{\"@type\":\"ImageObject\",\"inLanguage\":\"de\",\"@id\":\"https:\/\/now-news.de\/de\/deutschland\/politik-und-medien-feiern-sich-selbst-und-die-proteste-gegen-rechts\/#primaryimage\",\"url\":\"https:\/\/now-news.de\/de\/wp-content\/uploads\/sites\/3\/2024\/01\/Politik-und-Medien-feiern-sich-selbst-\u2013-und-die-Proteste.jpg\",\"contentUrl\":\"https:\/\/now-news.de\/de\/wp-content\/uploads\/sites\/3\/2024\/01\/Politik-und-Medien-feiern-sich-selbst-\u2013-und-die-Proteste.jpg\",\"width\":460,\"height\":259,\"caption\":\"Politik und Medien feiern sich selbst \u2013 und die Proteste &quot;gegen Rechts&quot;\"},{\"@type\":\"BreadcrumbList\",\"@id\":\"https:\/\/now-news.de\/de\/deutschland\/politik-und-medien-feiern-sich-selbst-und-die-proteste-gegen-rechts\/#breadcrumb\",\"itemListElement\":[{\"@type\":\"ListItem\",\"position\":1,\"name\":\"Home\",\"item\":\"https:\/\/now-news.de\/de\/\"},{\"@type\":\"ListItem\",\"position\":2,\"name\":\"Politik und Medien feiern sich selbst \u2013 und die Proteste &quot;gegen Rechts&quot;\"}]},{\"@type\":\"WebSite\",\"@id\":\"https:\/\/now-news.de\/de\/#website\",\"url\":\"https:\/\/now-news.de\/de\/\",\"name\":\"just-now.NEWS Deutschland\",\"description\":\"Das Portal f\u00fcr unzensierte Nachrichten aus der Welt\",\"publisher\":{\"@id\":\"https:\/\/now-news.de\/de\/#organization\"},\"potentialAction\":[{\"@type\":\"SearchAction\",\"target\":{\"@type\":\"EntryPoint\",\"urlTemplate\":\"https:\/\/now-news.de\/de\/?s={search_term_string}\"},\"query-input\":\"required name=search_term_string\"}],\"inLanguage\":\"de\"},{\"@type\":\"Organization\",\"@id\":\"https:\/\/now-news.de\/de\/#organization\",\"name\":\"Just Now News\",\"url\":\"https:\/\/now-news.de\/de\/\",\"logo\":{\"@type\":\"ImageObject\",\"inLanguage\":\"de\",\"@id\":\"https:\/\/now-news.de\/de\/#\/schema\/logo\/image\/\",\"url\":\"http:\/\/just-now.news\/de\/wp-content\/uploads\/sites\/3\/2022\/04\/logo500x500.jpg\",\"contentUrl\":\"http:\/\/just-now.news\/de\/wp-content\/uploads\/sites\/3\/2022\/04\/logo500x500.jpg\",\"width\":500,\"height\":500,\"caption\":\"Just Now News\"},\"image\":{\"@id\":\"https:\/\/now-news.de\/de\/#\/schema\/logo\/image\/\"},\"sameAs\":[\"https:\/\/www.facebook.com\/wirmachenauf\",\"https:\/\/x.com\/WirMachenAuf_de\"]},{\"@type\":\"Person\",\"@id\":\"https:\/\/now-news.de\/de\/#\/schema\/person\/fb534a4e865501d8b3285208df34a9b5\",\"name\":\"rtnews\",\"image\":{\"@type\":\"ImageObject\",\"inLanguage\":\"de\",\"@id\":\"https:\/\/now-news.de\/de\/#\/schema\/person\/image\/\",\"url\":\"https:\/\/secure.gravatar.com\/avatar\/82aafea7d8127119dd649515f56e2117?s=96&d=mm&r=g\",\"contentUrl\":\"https:\/\/secure.gravatar.com\/avatar\/82aafea7d8127119dd649515f56e2117?s=96&d=mm&r=g\",\"caption\":\"rtnews\"},\"url\":\"https:\/\/now-news.de\/de\/author\/rnews\/\"}]}<\/script>\n<!-- \/ Yoast SEO Premium plugin. -->","yoast_head_json":{"title":"Politik und Medien feiern sich selbst \u2013 und die Proteste &quot;gegen Rechts&quot; - just-now.NEWS Deutschland","robots":{"index":"index","follow":"follow","max-snippet":"max-snippet:-1","max-image-preview":"max-image-preview:large","max-video-preview":"max-video-preview:-1"},"canonical":"https:\/\/now-news.de\/de\/deutschland\/politik-und-medien-feiern-sich-selbst-und-die-proteste-gegen-rechts\/","og_locale":"de_DE","og_type":"article","og_title":"Politik und Medien feiern sich selbst \u2013 und die Proteste &quot;gegen Rechts&quot;","og_description":"Landauf, landab finden am heutigen Sonnabend Demonstrationen &#8220;gegen Rechtsextremismus&#8221; statt. Politik und Medien zeigen sich hocherfreut und feiern geradezu die Proteste \u2013 ganz im Unterschied zu den Kundgebungen der Bauern und Lkw-Fahrer, die nicht eine solch wohlwollende Begleitung erfuhren. Heute und an diesem Wochenende finden in vielen deutschen St\u00e4dten Proteste &#8220;gegen Rechtsextremismus&#8221; statt. Die Kundgebungen [&hellip;]","og_url":"https:\/\/now-news.de\/de\/deutschland\/politik-und-medien-feiern-sich-selbst-und-die-proteste-gegen-rechts\/","og_site_name":"just-now.NEWS Deutschland","article_publisher":"https:\/\/www.facebook.com\/wirmachenauf","article_published_time":"2024-01-20T18:23:50+00:00","og_image":[{"width":460,"height":259,"url":"https:\/\/now-news.de\/de\/wp-content\/uploads\/sites\/3\/2024\/01\/Politik-und-Medien-feiern-sich-selbst-\u2013-und-die-Proteste.jpg","type":"image\/jpeg"}],"author":"rtnews","twitter_card":"summary_large_image","twitter_creator":"@WirMachenAuf_de","twitter_site":"@WirMachenAuf_de","twitter_misc":{"Verfasst von":"rtnews","Gesch\u00e4tzte Lesezeit":"5\u00a0Minuten"},"schema":{"@context":"https:\/\/schema.org","@graph":[{"@type":"Article","@id":"https:\/\/now-news.de\/de\/deutschland\/politik-und-medien-feiern-sich-selbst-und-die-proteste-gegen-rechts\/#article","isPartOf":{"@id":"https:\/\/now-news.de\/de\/deutschland\/politik-und-medien-feiern-sich-selbst-und-die-proteste-gegen-rechts\/"},"author":{"name":"rtnews","@id":"https:\/\/now-news.de\/de\/#\/schema\/person\/fb534a4e865501d8b3285208df34a9b5"},"headline":"Politik und Medien feiern sich selbst \u2013 und die Proteste &quot;gegen Rechts&quot;","datePublished":"2024-01-20T18:23:50+00:00","dateModified":"2024-01-20T18:23:50+00:00","mainEntityOfPage":{"@id":"https:\/\/now-news.de\/de\/deutschland\/politik-und-medien-feiern-sich-selbst-und-die-proteste-gegen-rechts\/"},"wordCount":981,"commentCount":0,"publisher":{"@id":"https:\/\/now-news.de\/de\/#organization"},"image":{"@id":"https:\/\/now-news.de\/de\/deutschland\/politik-und-medien-feiern-sich-selbst-und-die-proteste-gegen-rechts\/#primaryimage"},"thumbnailUrl":"https:\/\/now-news.de\/de\/wp-content\/uploads\/sites\/3\/2024\/01\/Politik-und-Medien-feiern-sich-selbst-\u2013-und-die-Proteste.jpg","keywords":["die","Feiern","Medien","Politik","Proteste","quotGegen","Rechtsquot","selbst","sich","und"],"articleSection":["Deutschland","Russland"],"inLanguage":"de","potentialAction":[{"@type":"CommentAction","name":"Comment","target":["https:\/\/now-news.de\/de\/deutschland\/politik-und-medien-feiern-sich-selbst-und-die-proteste-gegen-rechts\/#respond"]}]},{"@type":"WebPage","@id":"https:\/\/now-news.de\/de\/deutschland\/politik-und-medien-feiern-sich-selbst-und-die-proteste-gegen-rechts\/","url":"https:\/\/now-news.de\/de\/deutschland\/politik-und-medien-feiern-sich-selbst-und-die-proteste-gegen-rechts\/","name":"Politik und Medien feiern sich selbst \u2013 und die Proteste &quot;gegen Rechts&quot; - just-now.NEWS Deutschland","isPartOf":{"@id":"https:\/\/now-news.de\/de\/#website"},"primaryImageOfPage":{"@id":"https:\/\/now-news.de\/de\/deutschland\/politik-und-medien-feiern-sich-selbst-und-die-proteste-gegen-rechts\/#primaryimage"},"image":{"@id":"https:\/\/now-news.de\/de\/deutschland\/politik-und-medien-feiern-sich-selbst-und-die-proteste-gegen-rechts\/#primaryimage"},"thumbnailUrl":"https:\/\/now-news.de\/de\/wp-content\/uploads\/sites\/3\/2024\/01\/Politik-und-Medien-feiern-sich-selbst-\u2013-und-die-Proteste.jpg","datePublished":"2024-01-20T18:23:50+00:00","dateModified":"2024-01-20T18:23:50+00:00","breadcrumb":{"@id":"https:\/\/now-news.de\/de\/deutschland\/politik-und-medien-feiern-sich-selbst-und-die-proteste-gegen-rechts\/#breadcrumb"},"inLanguage":"de","potentialAction":[{"@type":"ReadAction","target":["https:\/\/now-news.de\/de\/deutschland\/politik-und-medien-feiern-sich-selbst-und-die-proteste-gegen-rechts\/"]}]},{"@type":"ImageObject","inLanguage":"de","@id":"https:\/\/now-news.de\/de\/deutschland\/politik-und-medien-feiern-sich-selbst-und-die-proteste-gegen-rechts\/#primaryimage","url":"https:\/\/now-news.de\/de\/wp-content\/uploads\/sites\/3\/2024\/01\/Politik-und-Medien-feiern-sich-selbst-\u2013-und-die-Proteste.jpg","contentUrl":"https:\/\/now-news.de\/de\/wp-content\/uploads\/sites\/3\/2024\/01\/Politik-und-Medien-feiern-sich-selbst-\u2013-und-die-Proteste.jpg","width":460,"height":259,"caption":"Politik und Medien feiern sich selbst \u2013 und die Proteste &quot;gegen Rechts&quot;"},{"@type":"BreadcrumbList","@id":"https:\/\/now-news.de\/de\/deutschland\/politik-und-medien-feiern-sich-selbst-und-die-proteste-gegen-rechts\/#breadcrumb","itemListElement":[{"@type":"ListItem","position":1,"name":"Home","item":"https:\/\/now-news.de\/de\/"},{"@type":"ListItem","position":2,"name":"Politik und Medien feiern sich selbst \u2013 und die Proteste &quot;gegen Rechts&quot;"}]},{"@type":"WebSite","@id":"https:\/\/now-news.de\/de\/#website","url":"https:\/\/now-news.de\/de\/","name":"just-now.NEWS Deutschland","description":"Das Portal f\u00fcr unzensierte Nachrichten aus der Welt","publisher":{"@id":"https:\/\/now-news.de\/de\/#organization"},"potentialAction":[{"@type":"SearchAction","target":{"@type":"EntryPoint","urlTemplate":"https:\/\/now-news.de\/de\/?s={search_term_string}"},"query-input":"required name=search_term_string"}],"inLanguage":"de"},{"@type":"Organization","@id":"https:\/\/now-news.de\/de\/#organization","name":"Just Now News","url":"https:\/\/now-news.de\/de\/","logo":{"@type":"ImageObject","inLanguage":"de","@id":"https:\/\/now-news.de\/de\/#\/schema\/logo\/image\/","url":"http:\/\/just-now.news\/de\/wp-content\/uploads\/sites\/3\/2022\/04\/logo500x500.jpg","contentUrl":"http:\/\/just-now.news\/de\/wp-content\/uploads\/sites\/3\/2022\/04\/logo500x500.jpg","width":500,"height":500,"caption":"Just Now News"},"image":{"@id":"https:\/\/now-news.de\/de\/#\/schema\/logo\/image\/"},"sameAs":["https:\/\/www.facebook.com\/wirmachenauf","https:\/\/x.com\/WirMachenAuf_de"]},{"@type":"Person","@id":"https:\/\/now-news.de\/de\/#\/schema\/person\/fb534a4e865501d8b3285208df34a9b5","name":"rtnews","image":{"@type":"ImageObject","inLanguage":"de","@id":"https:\/\/now-news.de\/de\/#\/schema\/person\/image\/","url":"https:\/\/secure.gravatar.com\/avatar\/82aafea7d8127119dd649515f56e2117?s=96&d=mm&r=g","contentUrl":"https:\/\/secure.gravatar.com\/avatar\/82aafea7d8127119dd649515f56e2117?s=96&d=mm&r=g","caption":"rtnews"},"url":"https:\/\/now-news.de\/de\/author\/rnews\/"}]}},"_links":{"self":[{"href":"https:\/\/now-news.de\/de\/wp-json\/wp\/v2\/posts\/53643"}],"collection":[{"href":"https:\/\/now-news.de\/de\/wp-json\/wp\/v2\/posts"}],"about":[{"href":"https:\/\/now-news.de\/de\/wp-json\/wp\/v2\/types\/post"}],"author":[{"embeddable":true,"href":"https:\/\/now-news.de\/de\/wp-json\/wp\/v2\/users\/3"}],"replies":[{"embeddable":true,"href":"https:\/\/now-news.de\/de\/wp-json\/wp\/v2\/comments?post=53643"}],"version-history":[{"count":0,"href":"https:\/\/now-news.de\/de\/wp-json\/wp\/v2\/posts\/53643\/revisions"}],"wp:featuredmedia":[{"embeddable":true,"href":"https:\/\/now-news.de\/de\/wp-json\/wp\/v2\/media\/53644"}],"wp:attachment":[{"href":"https:\/\/now-news.de\/de\/wp-json\/wp\/v2\/media?parent=53643"}],"wp:term":[{"taxonomy":"category","embeddable":true,"href":"https:\/\/now-news.de\/de\/wp-json\/wp\/v2\/categories?post=53643"},{"taxonomy":"post_tag","embeddable":true,"href":"https:\/\/now-news.de\/de\/wp-json\/wp\/v2\/tags?post=53643"}],"curies":[{"name":"wp","href":"https:\/\/api.w.org\/{rel}","templated":true}]}}