{"id":53614,"date":"2024-01-20T09:45:57","date_gmt":"2024-01-20T07:45:57","guid":{"rendered":"https:\/\/just-now.news\/de\/deutschland\/das-weltwirtschaftsforum-und-die-elite-der-welt\/"},"modified":"2024-01-20T09:45:57","modified_gmt":"2024-01-20T07:45:57","slug":"das-weltwirtschaftsforum-und-die-elite-der-welt","status":"publish","type":"post","link":"https:\/\/now-news.de\/de\/deutschland\/das-weltwirtschaftsforum-und-die-elite-der-welt\/","title":{"rendered":"Das Weltwirtschaftsforum und die &quot;Elite&quot; der Welt"},"content":{"rendered":"<p><img decoding=\"async\" src=\"http:\/\/just-now.news\/de\/wp-content\/uploads\/sites\/3\/2024\/01\/65a8e9c7b480cc1b3a3049e3.jpg\" \/><\/p>\n<div class=\"Text-root Text-type_1 \">\n                Ist das Weltwirtschaftsforum (WWF) tats\u00e4chlich eine Kombination aus kapitalistischer Beratungsfirma und gigantischer Lobby? Der Schriftsteller Wolfgang Bittner wirft einen sezierenden Blick auf dieses Konstrukt und dessen Bestrebungen, eine globalisierte, privatrechtliche, nicht demokratische Weltordnung zu schaffen.\n            <\/div>\n<p><\/p>\n<div class=\"Text-root Text-type_5 ArticleView-text ViewText-root \">\n<p><em>Von Wolfgang Bittner<\/em><\/p>\n<p>Vom 15. bis 19. Januar findet in Davos wieder ein Treffen des \u00fcberaus einflussreichen Weltwirtschaftsforums (World Economic Forum; WEF) statt, zu dem mehr als 2.800 Teilnehmer angereist sind, darunter mehr als 60 Staats- und Regierungschefs. Diesmal lautet das Motto: Rebuildung Trust (Vertrauen wiederherstellen).<\/p>\n<p>In der Bev\u00f6lkerung kaum bekannt sind die verst\u00f6renden Pl\u00e4ne dieses Forums zu einer grundlegenden Neuordnung der gesamten menschlichen Gesellschaft. Sie werden \u00fcberdeckt von einem die Menschen verwirrenden Informationschaos, der Klima-Panik und den Kriegen in der Ukraine und dem Nahen Osten. Das WEF, eine Stiftung und weltweit vernetzte Lobbyorganisation, hat seinen Hauptsitz in der Schweiz bei Genf und veranstaltet j\u00e4hrliche Treffen, zumeist in Davos, an denen die &#8220;Elite&#8221; der Welt teilnimmt. Es unterh\u00e4lt B\u00fcros in New York, Tokio und Peking. Die Macht dieser Organisation wird \u2013 ebenso wie die der &#8220;<a rel=\"nofollow noopener\" target=\"_blank\" href=\"https:\/\/de.wikipedia.org\/wiki\/Bilderberg-Konferenz#Organisation\">Bilderberg-Gruppe<\/a>&#8221; \u2013 oft untersch\u00e4tzt. Denn es ist keine harmlose Honoratiorengesellschaft, die sich in den schweizerischen Bergen trifft, um nett miteinander zu plaudern.<\/p>\n<p>Ziel eines jeweils parallel zum Jahrestreffen stattfindenden &#8220;Open Forum&#8221; ist nach eigenem Bekunden, &#8220;die \u00d6ffentlichkeit an den Diskussionen zwischen Entscheidungstr\u00e4gerInnen aus Politik, Wirtschaft, Wissenschaft und Zivilgesellschaft teilhaben zu lassen&#8221;. Weiter <a rel=\"nofollow noopener\" target=\"_blank\" href=\"https:\/\/www.weforum.org\/de\/open-forum\/pages\/about\/\">hei\u00dft<\/a> es dazu:<\/p>\n<blockquote>\n<p><em>&#8220;Zu unsern Panelisten z\u00e4hlen wir regelm\u00e4ssig hochrangige RegierungsvertreterInnen, Unternehmensf\u00fchrerInnen, WissenschaftlerInnen, K\u00fcnstlerInnen und AktivistInnen, welche ihre Geschichten und Sichtweisen mit dem Publikum teilen. Im Sinne des \u201aSpirit of Davos\u2018 soll das Open Forum den Dialog zwischen Entscheidungstr\u00e4gerInnen aus unterschiedlichen Sparten und Lebenslagen f\u00f6rdern, um L\u00f6sungen zu den dringlichsten globalen Herausforderungen unserer Zeit zu suchen.&#8221;<\/em><\/p>\n<\/blockquote>\n<p>Das klingt keineswegs nach Verschw\u00f6rung. Aber etwas deutlicher, und damit problematisch, wird die Zielsetzung, wenn das WEF in seinem &#8220;Global Redesign&#8221;-Bericht aus dem Jahr 2010 fordert, &#8220;dass eine globalisierte Welt am besten von einer Koalition aus multinationalen Unternehmen, Regierungen (auch \u00fcber das System der Vereinten Nationen (UN) und ausgew\u00e4hlten zivilgesellschaftlichen Organisationen (CSOs) gesteuert wird&#8221;. Regierungen <a rel=\"nofollow noopener\" target=\"_blank\" href=\"https:\/\/link.springer.com\/chapter\/10.1007\/978-3-030-30469-0_12\">seien nicht mehr<\/a> &#8220;die \u00fcberw\u00e4ltigend dominierenden Akteure auf der Weltb\u00fchne&#8221;, sodass &#8220;die Zeit f\u00fcr ein neues Stakeholder-Paradigma der internationalen Governance gekommen ist&#8221;.<\/p>\n<p>Mit anderen Worten: Das WEF plant, jene bisherigen demokratischen Organisationsformen, in denen die Macht im Staat vom Volk mittels gew\u00e4hlter Vertreter ausgehen soll, durch ein Herrschaftssystem zu ersetzen, in dem dann nur noch eine Gruppe von &#8220;Stakeholdern&#8221;, also &#8220;f\u00fchrenden Pers\u00f6nlichkeiten&#8221;, ein globales Entscheidungsgremium bildet. Positiv gesehen, w\u00e4re das eine Herrschaft der Weisen, wer auch immer das sein mag. Kritisch gesehen, bedeutet es eine plutokratische Diktatur in einer (wortw\u00f6rtlich) grenzenlosen, \u00fcbernationalen Welt. Eine selbsternannte &#8220;Elite&#8221; w\u00fcrde also die Macht \u00fcbernehmen und eine Art Weltregierung bilden. Insofern stellt sich das WEF als eine au\u00dferordentlich einflussreiche quasimafi\u00f6se Organisation dar, die eine Macht\u00fcbernahme nicht demokratisch legitimierter &#8220;F\u00fchrungspers\u00f6nlichkeiten&#8221; in globalem Ausma\u00df anstrebt und auch vorbereitet. Zur Durchsetzung der Programmatik k\u00f6nnen dann Phasen globaler Instabilit\u00e4t genutzt werden, zum Beispiel die Corona-Pandemie, Hungersn\u00f6te oder die Auswirkungen des Krieges in der Ukraine. Der Kommunikationsforscher und Autor Nick Buxton, der sich eingehend mit den Absichten des WEF befasst hat, kommt zu dem Ergebnis, &#8220;dass wir zunehmend in eine Welt eintreten, in der Zusammenk\u00fcnfte wie Davos keine l\u00e4cherlichen Milliard\u00e4rsspielpl\u00e4tze sind, sondern die Zukunft der Global Governance&#8221;. Es <a rel=\"nofollow noopener\" target=\"_blank\" href=\"https:\/\/www.tni.org\/en\/article\/davos-and-its-danger-to-democracy\">sei<\/a> &#8220;nichts weniger als ein stiller Staatsstreich&#8221;.\u00a0<\/p>\n<p>Besonders deutlich werden Zielsetzung und die Macht des WEF, wenn man sieht, wer sich in welcher Weise am WEF beteiligt. Es sind etwa 1.000 Mitgliedsunternehmen mit einem\u00a0<a rel=\"nofollow noopener\" target=\"_blank\" href=\"https:\/\/de.wikipedia.org\/wiki\/Weltwirtschaftsforum\">Umsatz von jeweils \u00fcber 5 Milliarden US-Dollar<\/a>, darunter die wichtigsten Unternehmen ihrer Branche, die auch politisch eine Rolle spielen. Die Basis-Mitgliedsgeb\u00fchr betr\u00e4gt 42.000 Schweizer Franken sowie eine Geb\u00fchr von 18.000 Schweizer Franken f\u00fcr die Teilnahme des jeweiligen Pr\u00e4sidenten am Jahrestreffen. Mitglieder aus der Industrie und strategische Partner bezahlen 250.000 Schweizer Franken bzw. 500.000 Schweizer Franken, um ma\u00dfgeblich an den Initiativen des Forums <a rel=\"nofollow noopener\" target=\"_blank\" href=\"https:\/\/www.amazon.de\/-\/en\/Geoffrey-Allen-Pigman\/dp\/0415702038\">mitwirken zu k\u00f6nnen<\/a>. Strategische Partner <a rel=\"nofollow noopener\" target=\"_blank\" href=\"https:\/\/www.weforum.org\/communities\/strategic-partnership-b5337725-fac7-4f8a-9a4f-c89072b96a0d\/\">sind<\/a> zum Beispiel BlackRock, die Gates Foundation, Goldman Sachs, Google, The Coca Cola Company, Allianz, Bank of America, BP (samt fr\u00fcherer American Oil Company), Credit Suisse, Deutsche Bank, Deutsche Post DHL, Facebook, der Pharmakonzern Johnson &amp; Johnson, Mastercard, Mitsubishi Corporation, PayPal, SAP, Saudi Aramco, Siemens oder auch der Medienkonzern Thomson Reuters.<\/p>\n<p>1992 startete das WEF ein Programm f\u00fcr &#8220;Global Leaders of Tomorrow&#8221;, das seit 2004 &#8220;Young Global Leaders&#8221; hei\u00dft \u2013 zur F\u00f6rderung geeigneter zuk\u00fcnftiger F\u00fchrungskr\u00e4fte. Dadurch entstand ein globales Netzwerk mit bedeutenden F\u00fchrungskr\u00e4ften aus Politik, Wirtschaft, Medien, Kunst und Kultur, Adel und so weiter, die sich f\u00fcr die Pl\u00e4ne des WEF engagieren. In einem Interview <a rel=\"nofollow noopener\" target=\"_blank\" href=\"https:\/\/www.bitchute.com\/video\/Md4l9RsMwxr5\/\">renommierte<\/a> dessen Gr\u00fcnder Klaus Schwab: &#8220;Worauf wir sehr stolz sind \u2026, dass wir mit unsern Young Global Leaders in die Kabinette eindringen&#8221;. Auf diese Weise nimmt das WEF weltweit Einfluss auf das \u00f6ffentliche Leben.<\/p>\n<p>Bereits am ersten Programm 1992 nahmen sp\u00e4ter sehr bekannt gewordene Pers\u00f6nlichkeiten teil wie Angela Merkel, Tony Blair, Nicolas Sarkozy, Manuel Barroso oder Bill Gates. In den folgenden Jahren kamen Hunderte hinzu, die nach und nach wichtige Positionen einnahmen: Emmanuel Macron, David Cameron, Sebastian Kurz, Annalena Baerbock, Mark Zuckerberg (Gr\u00fcnder von Facebook), Jacinda Ardern (Premierministerin von Neuseeland), Sanna Marin (Ministerpr\u00e4sidentin von Finnland), Ida Auken (Ex-Umweltministerin von D\u00e4nemark), Kronprinz Haakon von Norwegen, Larry Page (Mitgr\u00fcnder von Google), Leonardo DiCaprio (Schauspieler), Niklas Zennstr\u00f6m (Mitentwickler von Skype) und Jimmy Wales (Mitgr\u00fcnder von Wikipedia).<\/p>\n<p>Im Jahre 2019 wandten sich mehr als 400 zivilgesellschaftliche Organisationen und 40 internationale Netzwerke gegen ein Partnerschaftsabkommen zwischen dem WEF und den Vereinten Nationen. Der UN-Generalsekret\u00e4r <a rel=\"nofollow noopener\" target=\"_blank\" href=\"https:\/\/www.tni.org\/de\/node\/13225\">wurde aufgefordert<\/a>, das Abkommen zu beenden, da es eine <em>&#8220;beunruhigende unternehmerische Vereinnahmung&#8221;<\/em> der UN sei, die &#8220;die Welt gef\u00e4hrlich in Richtung einer privatisierten und undemokratischen Global Governance&#8221; bewege.<\/p>\n<p>Die US-amerikanische Journalistin Diana Johnstone h\u00e4lt das WEF f\u00fcr eine &#8220;Kombination aus kapitalistischer Beratungsfirma und gigantischer Lobby&#8221;<em>, <\/em>konzentriert auf &#8220;digitale Innovation, massive Automatisierung durch &#8216;K\u00fcnstliche Intelligenz&#8217; und schlie\u00dflich sogar auf die &#8216;Verbesserung&#8217; des Menschen, indem sie ihn k\u00fcnstlich mit einigen Eigenschaften von Robotern ausstatten: z.\u00a0B. Probleml\u00f6sung ohne ethische Ablenkungen&#8221;. Sie warnt vor der &#8220;Stimme der M\u00f6chtegern-Global Governance&#8221; und <a rel=\"nofollow noopener\" target=\"_blank\" href=\"https:\/\/apolut.net\/the-great-pretext-der-grosse-vorwand-fuer-eine-dystopie-von-diana-johnstone\/\">schreibt<\/a>: &#8220;Von oben entscheiden Experten, was die Massen wollen sollen, und verdrehen die angeblichen W\u00fcnsche des Volkes, damit sie in die Profitschemata passen, mit denen sie hausieren gehen.&#8221;<\/p>\n<p>Im Jahre 2021 meldete sich der ehemalige Pr\u00e4fekt der Kongregation f\u00fcr die Glaubenslehre, Kardinal Gerhard Ludwig M\u00fcller, zu Wort und kritisierte, dass Menschen wie Klaus Schwab &#8220;auf dem Thron ihres Reichtums&#8221; s\u00e4\u00dfen und von den allt\u00e4glichen Schwierigkeiten und Leiden der Menschen durch die Corona-Pandemie nicht ber\u00fchrt w\u00fcrden. Vielmehr s\u00e4hen sie in solchen Krisen eine Chance, ihre Programmatik eines meritokratischen globalen &#8220;Great Reset&#8221; mit zunehmender Kontrolle \u00fcber die Gesellschaft <a rel=\"nofollow noopener\" target=\"_blank\" href=\"https:\/\/www.sueddeutsche.de\/politik\/antisemitismus-kritik-an-kardinal-mueller-1.5489031\">durchzusetzen<\/a>. M\u00fcller kritisierte eine Unterst\u00fctzung unter anderem aus Bereichen des <a rel=\"nofollow noopener\" target=\"_blank\" href=\"https:\/\/de.wikipedia.org\/wiki\/Transhumanismus\">Transhumanismus<\/a>. Ihm wurde Antisemitismus entgegengehalten.<\/p>\n<p>Klaus Schwab und der franz\u00f6sische \u00d6konom und &#8220;Globalstratege&#8221; Thierry Malleret <a rel=\"nofollow noopener\" target=\"_blank\" href=\"https:\/\/www.amazon.de\/-\/en\/Klaus-Schwab\/dp\/2940631123\">schrieben<\/a> in ihrem 2020 gemeinsam ver\u00f6ffentlichten Bestseller &#8220;Der gro\u00dfe Umbruch&#8221; (englisch &#8220;The Great Reset&#8221;) zu den Intentionen des WEF: &#8220;Es geht darum, die Welt weniger gespalten, weniger verschmutzend, weniger zerst\u00f6rerisch, integrativer, gerechter und fairer zu machen, als wir sie in der Zeit vor der Pandemie hinter uns gelassen haben.&#8221; Es k\u00f6nne zu Ver\u00e4nderungen kommen, &#8220;die vor dem Ausbruch der Pandemie unvorstellbar schienen&#8221;<em>,<\/em> es werde eine &#8220;neue Normalit\u00e4t&#8221; (S. 293) geben.<\/p>\n<p>In einem Interview vom 19.\u00a0November 2020 nach seinen Vorstellungen f\u00fcr den beabsichtigten &#8220;globalen Neuanfang&#8221; befragt, <a rel=\"nofollow noopener\" target=\"_blank\" href=\"https:\/\/www.youtube.com\/watch?v=q3M2CjHn5N8\">antwortete<\/a> Schwab: &#8220;Ich finde das Wort &#8216;Reset&#8217; passend \u2026 Denn eines ist klar: Wir k\u00f6nnen nicht zur alten Normalit\u00e4t zur\u00fcckkehren.&#8221; Hinsichtlich der Bek\u00e4mpfung der Corona-Pandemie vertrat er die Ansicht: &#8220;Was wir also in unserer Welt brauchen, ist ein verst\u00e4rkt systemischer Ansatz, \u2026 eine Reform des internationalen Systems.&#8221;<\/p>\n<p>Die Phase der Corona-Pandemie wird demnach als Epochenwechsel angesehen, mit dem sich die Verh\u00e4ltnisse in der Welt entsprechend der dargestellten Agenda des WEF grundlegend \u00e4ndern sollen. Wie das nach einer Beendigung des Ukraine-Krieges geschehen soll, bleibt abzuwarten. Inzwischen sind die Staaten v\u00f6llig verschuldet, Wirtschaft und Finanzen sind zerr\u00fcttet, und viele Menschen wissen nicht ein noch aus, sodass die Vorstellungen der Sachwalter des Weltwirtschaftsforums zunehmend an Gewicht gewinnen \u2013 ganz einerlei, ob es den &#8220;gro\u00dfen Krieg&#8221; geben wird oder nicht.<\/p>\n<p>Das optimal vernetzte WEF zielt auf eine globalisierte, privatrechtliche, also nicht demokratisch gesteuerte Weltordnung. Die Vorstellungen gehen <a rel=\"nofollow noopener\" target=\"_blank\" href=\"https:\/\/www.buecher.de\/shop\/fachbuecher\/deutschland-verraten-und-verkauft\/bittner-wolfgang\/products_products\/detail\/prod_id\/60727472\/\">nach Meinung informierter Kreise<\/a> in Richtung einer umfassenden Digitalisierung, Zentralisierung und \u00dcberwachung. Diese Planungen gilt es zu verhindern und den Blick auf humane, angemessenere Formen des menschlichen Zusammenlebens zu richten.<\/p>\n<p><strong>Mehr zum Thema<\/strong> \u2013 <a rel=\"nofollow noopener\" target=\"_blank\" href=\"https:\/\/freeassange.rtde.life\/meinung\/192872-davos-ist-nicht-wie-frueher\/\">Davos ist nicht wie fr\u00fcher: Die geopolitischen Pfaue haben den Kampf verloren <\/a><\/p>\n<div class=\"EmbedBlock-root EmbedBlock-externalVideo EmbedBlock-odysee\">\n<div class=\"VkEmbed\"><iframe class=\"lazyload\" data-src=\"https:\/\/odysee.com\/%24\/embed\/%40RTDE%3Ae%2FSelenskij-beim-WEF--Treffen-mit-BlackRock%2C-JPMorgan-und-Blackstone%3Ab\" frameborder=\"0\" width=\"853\" height=\"480\" allowfullscreen><\/iframe><\/div>\n<\/div>\n<p><em>Von <strong>Wolfgang Bittner<\/strong> erschienen im Jahr 2014 &#8220;Die Eroberung Europas durch die USA&#8221;, 2019 &#8220;Die Heimat, der Krieg und der Goldene Westen&#8221; sowie &#8220;Der neue West-Ost-Konflikt&#8221; und 2021 &#8220;Deutschland \u2013 verraten und verkauft. Hintergr\u00fcnde und Analysen&#8221;. Der vorstehende Artikel ist weitgehend ein Auszug aus dem 2023 erschienenen Buch &#8220;Ausnahmezustand \u2013 Geopolitische Einsichten und Analysen unter Ber\u00fccksichtigung des Ukraine-Konflikts&#8221;.<\/em><\/p>\n<p><strong><em><\/em><\/strong><\/p>\n<\/div>\n<p><br \/>\n<br \/><a href=\"https:\/\/de.rt.com\/meinung\/193163-weltwirtschaftsforum-und-die-elite-der-welt\/\">Source link <\/a><\/p>\n","protected":false},"excerpt":{"rendered":"<p>Ist das Weltwirtschaftsforum (WWF) tats\u00e4chlich eine Kombination aus kapitalistischer Beratungsfirma und gigantischer Lobby? Der Schriftsteller Wolfgang Bittner wirft einen sezierenden Blick auf dieses Konstrukt und dessen Bestrebungen, eine globalisierte, privatrechtliche, nicht demokratische Weltordnung zu schaffen. Von Wolfgang Bittner Vom 15. bis 19. Januar findet in Davos wieder ein Treffen des \u00fcberaus einflussreichen Weltwirtschaftsforums (World Economic [&hellip;]<\/p>\n","protected":false},"author":3,"featured_media":53615,"comment_status":"open","ping_status":"open","sticky":false,"template":"","format":"standard","meta":{"_yoast_indexnow_last_ping":["1705737016"],"wp_automatic_camp":["217"],"1782a6e2f5f24001d5b319158786f267":["Das Weltwirtschaftsforum und die &quot;Elite&quot; der Welt"],"original_link":["https:\/\/de.rt.com\/meinung\/193163-weltwirtschaftsforum-und-die-elite-der-welt\/"],"_thumbnail_id":["53615"],"_wptgpro_p2tg_sent2tg":["a:1:{i:23737;s:19:\"2024-01-20 09:51:32\";}"],"jnews_social_counter_last_update":["1777262966"]},"categories":[19,23],"tags":[427,82,45,52649,140,778,61],"yoast_head":"<!-- This site is optimized with the Yoast SEO Premium plugin v22.7 (Yoast SEO v22.7) - https:\/\/yoast.com\/wordpress\/plugins\/seo\/ -->\n<title>Das Weltwirtschaftsforum und die &quot;Elite&quot; der Welt - just-now.NEWS Deutschland<\/title>\n<meta name=\"robots\" content=\"index, follow, max-snippet:-1, max-image-preview:large, max-video-preview:-1\" \/>\n<link rel=\"canonical\" href=\"https:\/\/now-news.de\/de\/deutschland\/das-weltwirtschaftsforum-und-die-elite-der-welt\/\" \/>\n<meta property=\"og:locale\" content=\"de_DE\" \/>\n<meta property=\"og:type\" content=\"article\" \/>\n<meta property=\"og:title\" content=\"Das Weltwirtschaftsforum und die &quot;Elite&quot; der Welt\" \/>\n<meta property=\"og:description\" content=\"Ist das Weltwirtschaftsforum (WWF) tats\u00e4chlich eine Kombination aus kapitalistischer Beratungsfirma und gigantischer Lobby? Der Schriftsteller Wolfgang Bittner wirft einen sezierenden Blick auf dieses Konstrukt und dessen Bestrebungen, eine globalisierte, privatrechtliche, nicht demokratische Weltordnung zu schaffen. Von Wolfgang Bittner Vom 15. bis 19. Januar findet in Davos wieder ein Treffen des \u00fcberaus einflussreichen Weltwirtschaftsforums (World Economic [&hellip;]\" \/>\n<meta property=\"og:url\" content=\"https:\/\/now-news.de\/de\/deutschland\/das-weltwirtschaftsforum-und-die-elite-der-welt\/\" \/>\n<meta property=\"og:site_name\" content=\"just-now.NEWS Deutschland\" \/>\n<meta property=\"article:publisher\" content=\"https:\/\/www.facebook.com\/wirmachenauf\" \/>\n<meta property=\"article:published_time\" content=\"2024-01-20T07:45:57+00:00\" \/>\n<meta property=\"og:image\" content=\"https:\/\/now-news.de\/de\/wp-content\/uploads\/sites\/3\/2024\/01\/Das-Weltwirtschaftsforum-und-die-quotElitequot-der-Welt.jpg\" \/>\n\t<meta property=\"og:image:width\" content=\"460\" \/>\n\t<meta property=\"og:image:height\" content=\"259\" \/>\n\t<meta property=\"og:image:type\" content=\"image\/jpeg\" \/>\n<meta name=\"author\" content=\"rtnews\" \/>\n<meta name=\"twitter:card\" content=\"summary_large_image\" \/>\n<meta name=\"twitter:creator\" content=\"@WirMachenAuf_de\" \/>\n<meta name=\"twitter:site\" content=\"@WirMachenAuf_de\" \/>\n<meta name=\"twitter:label1\" content=\"Verfasst von\" \/>\n\t<meta name=\"twitter:data1\" content=\"rtnews\" \/>\n\t<meta name=\"twitter:label2\" content=\"Gesch\u00e4tzte Lesezeit\" \/>\n\t<meta name=\"twitter:data2\" content=\"8\u00a0Minuten\" \/>\n<script type=\"application\/ld+json\" class=\"yoast-schema-graph\">{\"@context\":\"https:\/\/schema.org\",\"@graph\":[{\"@type\":\"Article\",\"@id\":\"https:\/\/now-news.de\/de\/deutschland\/das-weltwirtschaftsforum-und-die-elite-der-welt\/#article\",\"isPartOf\":{\"@id\":\"https:\/\/now-news.de\/de\/deutschland\/das-weltwirtschaftsforum-und-die-elite-der-welt\/\"},\"author\":{\"name\":\"rtnews\",\"@id\":\"https:\/\/now-news.de\/de\/#\/schema\/person\/fb534a4e865501d8b3285208df34a9b5\"},\"headline\":\"Das Weltwirtschaftsforum und die &quot;Elite&quot; der Welt\",\"datePublished\":\"2024-01-20T07:45:57+00:00\",\"dateModified\":\"2024-01-20T07:45:57+00:00\",\"mainEntityOfPage\":{\"@id\":\"https:\/\/now-news.de\/de\/deutschland\/das-weltwirtschaftsforum-und-die-elite-der-welt\/\"},\"wordCount\":1512,\"commentCount\":0,\"publisher\":{\"@id\":\"https:\/\/now-news.de\/de\/#organization\"},\"image\":{\"@id\":\"https:\/\/now-news.de\/de\/deutschland\/das-weltwirtschaftsforum-und-die-elite-der-welt\/#primaryimage\"},\"thumbnailUrl\":\"https:\/\/now-news.de\/de\/wp-content\/uploads\/sites\/3\/2024\/01\/Das-Weltwirtschaftsforum-und-die-quotElitequot-der-Welt.jpg\",\"keywords\":[\"das\",\"der\",\"die\",\"quotElitequot\",\"und\",\"Welt\",\"Weltwirtschaftsforum\"],\"articleSection\":[\"Deutschland\",\"Russland\"],\"inLanguage\":\"de\",\"potentialAction\":[{\"@type\":\"CommentAction\",\"name\":\"Comment\",\"target\":[\"https:\/\/now-news.de\/de\/deutschland\/das-weltwirtschaftsforum-und-die-elite-der-welt\/#respond\"]}]},{\"@type\":\"WebPage\",\"@id\":\"https:\/\/now-news.de\/de\/deutschland\/das-weltwirtschaftsforum-und-die-elite-der-welt\/\",\"url\":\"https:\/\/now-news.de\/de\/deutschland\/das-weltwirtschaftsforum-und-die-elite-der-welt\/\",\"name\":\"Das Weltwirtschaftsforum und die &quot;Elite&quot; der Welt - just-now.NEWS Deutschland\",\"isPartOf\":{\"@id\":\"https:\/\/now-news.de\/de\/#website\"},\"primaryImageOfPage\":{\"@id\":\"https:\/\/now-news.de\/de\/deutschland\/das-weltwirtschaftsforum-und-die-elite-der-welt\/#primaryimage\"},\"image\":{\"@id\":\"https:\/\/now-news.de\/de\/deutschland\/das-weltwirtschaftsforum-und-die-elite-der-welt\/#primaryimage\"},\"thumbnailUrl\":\"https:\/\/now-news.de\/de\/wp-content\/uploads\/sites\/3\/2024\/01\/Das-Weltwirtschaftsforum-und-die-quotElitequot-der-Welt.jpg\",\"datePublished\":\"2024-01-20T07:45:57+00:00\",\"dateModified\":\"2024-01-20T07:45:57+00:00\",\"breadcrumb\":{\"@id\":\"https:\/\/now-news.de\/de\/deutschland\/das-weltwirtschaftsforum-und-die-elite-der-welt\/#breadcrumb\"},\"inLanguage\":\"de\",\"potentialAction\":[{\"@type\":\"ReadAction\",\"target\":[\"https:\/\/now-news.de\/de\/deutschland\/das-weltwirtschaftsforum-und-die-elite-der-welt\/\"]}]},{\"@type\":\"ImageObject\",\"inLanguage\":\"de\",\"@id\":\"https:\/\/now-news.de\/de\/deutschland\/das-weltwirtschaftsforum-und-die-elite-der-welt\/#primaryimage\",\"url\":\"https:\/\/now-news.de\/de\/wp-content\/uploads\/sites\/3\/2024\/01\/Das-Weltwirtschaftsforum-und-die-quotElitequot-der-Welt.jpg\",\"contentUrl\":\"https:\/\/now-news.de\/de\/wp-content\/uploads\/sites\/3\/2024\/01\/Das-Weltwirtschaftsforum-und-die-quotElitequot-der-Welt.jpg\",\"width\":460,\"height\":259,\"caption\":\"Das Weltwirtschaftsforum und die &quot;Elite&quot; der Welt\"},{\"@type\":\"BreadcrumbList\",\"@id\":\"https:\/\/now-news.de\/de\/deutschland\/das-weltwirtschaftsforum-und-die-elite-der-welt\/#breadcrumb\",\"itemListElement\":[{\"@type\":\"ListItem\",\"position\":1,\"name\":\"Home\",\"item\":\"https:\/\/now-news.de\/de\/\"},{\"@type\":\"ListItem\",\"position\":2,\"name\":\"Das Weltwirtschaftsforum und die &quot;Elite&quot; der Welt\"}]},{\"@type\":\"WebSite\",\"@id\":\"https:\/\/now-news.de\/de\/#website\",\"url\":\"https:\/\/now-news.de\/de\/\",\"name\":\"just-now.NEWS Deutschland\",\"description\":\"Das Portal f\u00fcr unzensierte Nachrichten aus der Welt\",\"publisher\":{\"@id\":\"https:\/\/now-news.de\/de\/#organization\"},\"potentialAction\":[{\"@type\":\"SearchAction\",\"target\":{\"@type\":\"EntryPoint\",\"urlTemplate\":\"https:\/\/now-news.de\/de\/?s={search_term_string}\"},\"query-input\":\"required name=search_term_string\"}],\"inLanguage\":\"de\"},{\"@type\":\"Organization\",\"@id\":\"https:\/\/now-news.de\/de\/#organization\",\"name\":\"Just Now News\",\"url\":\"https:\/\/now-news.de\/de\/\",\"logo\":{\"@type\":\"ImageObject\",\"inLanguage\":\"de\",\"@id\":\"https:\/\/now-news.de\/de\/#\/schema\/logo\/image\/\",\"url\":\"http:\/\/just-now.news\/de\/wp-content\/uploads\/sites\/3\/2022\/04\/logo500x500.jpg\",\"contentUrl\":\"http:\/\/just-now.news\/de\/wp-content\/uploads\/sites\/3\/2022\/04\/logo500x500.jpg\",\"width\":500,\"height\":500,\"caption\":\"Just Now News\"},\"image\":{\"@id\":\"https:\/\/now-news.de\/de\/#\/schema\/logo\/image\/\"},\"sameAs\":[\"https:\/\/www.facebook.com\/wirmachenauf\",\"https:\/\/x.com\/WirMachenAuf_de\"]},{\"@type\":\"Person\",\"@id\":\"https:\/\/now-news.de\/de\/#\/schema\/person\/fb534a4e865501d8b3285208df34a9b5\",\"name\":\"rtnews\",\"image\":{\"@type\":\"ImageObject\",\"inLanguage\":\"de\",\"@id\":\"https:\/\/now-news.de\/de\/#\/schema\/person\/image\/\",\"url\":\"https:\/\/secure.gravatar.com\/avatar\/82aafea7d8127119dd649515f56e2117?s=96&d=mm&r=g\",\"contentUrl\":\"https:\/\/secure.gravatar.com\/avatar\/82aafea7d8127119dd649515f56e2117?s=96&d=mm&r=g\",\"caption\":\"rtnews\"},\"url\":\"https:\/\/now-news.de\/de\/author\/rnews\/\"}]}<\/script>\n<!-- \/ Yoast SEO Premium plugin. -->","yoast_head_json":{"title":"Das Weltwirtschaftsforum und die &quot;Elite&quot; der Welt - just-now.NEWS Deutschland","robots":{"index":"index","follow":"follow","max-snippet":"max-snippet:-1","max-image-preview":"max-image-preview:large","max-video-preview":"max-video-preview:-1"},"canonical":"https:\/\/now-news.de\/de\/deutschland\/das-weltwirtschaftsforum-und-die-elite-der-welt\/","og_locale":"de_DE","og_type":"article","og_title":"Das Weltwirtschaftsforum und die &quot;Elite&quot; der Welt","og_description":"Ist das Weltwirtschaftsforum (WWF) tats\u00e4chlich eine Kombination aus kapitalistischer Beratungsfirma und gigantischer Lobby? Der Schriftsteller Wolfgang Bittner wirft einen sezierenden Blick auf dieses Konstrukt und dessen Bestrebungen, eine globalisierte, privatrechtliche, nicht demokratische Weltordnung zu schaffen. Von Wolfgang Bittner Vom 15. bis 19. Januar findet in Davos wieder ein Treffen des \u00fcberaus einflussreichen Weltwirtschaftsforums (World Economic [&hellip;]","og_url":"https:\/\/now-news.de\/de\/deutschland\/das-weltwirtschaftsforum-und-die-elite-der-welt\/","og_site_name":"just-now.NEWS Deutschland","article_publisher":"https:\/\/www.facebook.com\/wirmachenauf","article_published_time":"2024-01-20T07:45:57+00:00","og_image":[{"width":460,"height":259,"url":"https:\/\/now-news.de\/de\/wp-content\/uploads\/sites\/3\/2024\/01\/Das-Weltwirtschaftsforum-und-die-quotElitequot-der-Welt.jpg","type":"image\/jpeg"}],"author":"rtnews","twitter_card":"summary_large_image","twitter_creator":"@WirMachenAuf_de","twitter_site":"@WirMachenAuf_de","twitter_misc":{"Verfasst von":"rtnews","Gesch\u00e4tzte Lesezeit":"8\u00a0Minuten"},"schema":{"@context":"https:\/\/schema.org","@graph":[{"@type":"Article","@id":"https:\/\/now-news.de\/de\/deutschland\/das-weltwirtschaftsforum-und-die-elite-der-welt\/#article","isPartOf":{"@id":"https:\/\/now-news.de\/de\/deutschland\/das-weltwirtschaftsforum-und-die-elite-der-welt\/"},"author":{"name":"rtnews","@id":"https:\/\/now-news.de\/de\/#\/schema\/person\/fb534a4e865501d8b3285208df34a9b5"},"headline":"Das Weltwirtschaftsforum und die &quot;Elite&quot; der Welt","datePublished":"2024-01-20T07:45:57+00:00","dateModified":"2024-01-20T07:45:57+00:00","mainEntityOfPage":{"@id":"https:\/\/now-news.de\/de\/deutschland\/das-weltwirtschaftsforum-und-die-elite-der-welt\/"},"wordCount":1512,"commentCount":0,"publisher":{"@id":"https:\/\/now-news.de\/de\/#organization"},"image":{"@id":"https:\/\/now-news.de\/de\/deutschland\/das-weltwirtschaftsforum-und-die-elite-der-welt\/#primaryimage"},"thumbnailUrl":"https:\/\/now-news.de\/de\/wp-content\/uploads\/sites\/3\/2024\/01\/Das-Weltwirtschaftsforum-und-die-quotElitequot-der-Welt.jpg","keywords":["das","der","die","quotElitequot","und","Welt","Weltwirtschaftsforum"],"articleSection":["Deutschland","Russland"],"inLanguage":"de","potentialAction":[{"@type":"CommentAction","name":"Comment","target":["https:\/\/now-news.de\/de\/deutschland\/das-weltwirtschaftsforum-und-die-elite-der-welt\/#respond"]}]},{"@type":"WebPage","@id":"https:\/\/now-news.de\/de\/deutschland\/das-weltwirtschaftsforum-und-die-elite-der-welt\/","url":"https:\/\/now-news.de\/de\/deutschland\/das-weltwirtschaftsforum-und-die-elite-der-welt\/","name":"Das Weltwirtschaftsforum und die &quot;Elite&quot; der Welt - just-now.NEWS Deutschland","isPartOf":{"@id":"https:\/\/now-news.de\/de\/#website"},"primaryImageOfPage":{"@id":"https:\/\/now-news.de\/de\/deutschland\/das-weltwirtschaftsforum-und-die-elite-der-welt\/#primaryimage"},"image":{"@id":"https:\/\/now-news.de\/de\/deutschland\/das-weltwirtschaftsforum-und-die-elite-der-welt\/#primaryimage"},"thumbnailUrl":"https:\/\/now-news.de\/de\/wp-content\/uploads\/sites\/3\/2024\/01\/Das-Weltwirtschaftsforum-und-die-quotElitequot-der-Welt.jpg","datePublished":"2024-01-20T07:45:57+00:00","dateModified":"2024-01-20T07:45:57+00:00","breadcrumb":{"@id":"https:\/\/now-news.de\/de\/deutschland\/das-weltwirtschaftsforum-und-die-elite-der-welt\/#breadcrumb"},"inLanguage":"de","potentialAction":[{"@type":"ReadAction","target":["https:\/\/now-news.de\/de\/deutschland\/das-weltwirtschaftsforum-und-die-elite-der-welt\/"]}]},{"@type":"ImageObject","inLanguage":"de","@id":"https:\/\/now-news.de\/de\/deutschland\/das-weltwirtschaftsforum-und-die-elite-der-welt\/#primaryimage","url":"https:\/\/now-news.de\/de\/wp-content\/uploads\/sites\/3\/2024\/01\/Das-Weltwirtschaftsforum-und-die-quotElitequot-der-Welt.jpg","contentUrl":"https:\/\/now-news.de\/de\/wp-content\/uploads\/sites\/3\/2024\/01\/Das-Weltwirtschaftsforum-und-die-quotElitequot-der-Welt.jpg","width":460,"height":259,"caption":"Das Weltwirtschaftsforum und die &quot;Elite&quot; der Welt"},{"@type":"BreadcrumbList","@id":"https:\/\/now-news.de\/de\/deutschland\/das-weltwirtschaftsforum-und-die-elite-der-welt\/#breadcrumb","itemListElement":[{"@type":"ListItem","position":1,"name":"Home","item":"https:\/\/now-news.de\/de\/"},{"@type":"ListItem","position":2,"name":"Das Weltwirtschaftsforum und die &quot;Elite&quot; der Welt"}]},{"@type":"WebSite","@id":"https:\/\/now-news.de\/de\/#website","url":"https:\/\/now-news.de\/de\/","name":"just-now.NEWS Deutschland","description":"Das Portal f\u00fcr unzensierte Nachrichten aus der Welt","publisher":{"@id":"https:\/\/now-news.de\/de\/#organization"},"potentialAction":[{"@type":"SearchAction","target":{"@type":"EntryPoint","urlTemplate":"https:\/\/now-news.de\/de\/?s={search_term_string}"},"query-input":"required name=search_term_string"}],"inLanguage":"de"},{"@type":"Organization","@id":"https:\/\/now-news.de\/de\/#organization","name":"Just Now News","url":"https:\/\/now-news.de\/de\/","logo":{"@type":"ImageObject","inLanguage":"de","@id":"https:\/\/now-news.de\/de\/#\/schema\/logo\/image\/","url":"http:\/\/just-now.news\/de\/wp-content\/uploads\/sites\/3\/2022\/04\/logo500x500.jpg","contentUrl":"http:\/\/just-now.news\/de\/wp-content\/uploads\/sites\/3\/2022\/04\/logo500x500.jpg","width":500,"height":500,"caption":"Just Now News"},"image":{"@id":"https:\/\/now-news.de\/de\/#\/schema\/logo\/image\/"},"sameAs":["https:\/\/www.facebook.com\/wirmachenauf","https:\/\/x.com\/WirMachenAuf_de"]},{"@type":"Person","@id":"https:\/\/now-news.de\/de\/#\/schema\/person\/fb534a4e865501d8b3285208df34a9b5","name":"rtnews","image":{"@type":"ImageObject","inLanguage":"de","@id":"https:\/\/now-news.de\/de\/#\/schema\/person\/image\/","url":"https:\/\/secure.gravatar.com\/avatar\/82aafea7d8127119dd649515f56e2117?s=96&d=mm&r=g","contentUrl":"https:\/\/secure.gravatar.com\/avatar\/82aafea7d8127119dd649515f56e2117?s=96&d=mm&r=g","caption":"rtnews"},"url":"https:\/\/now-news.de\/de\/author\/rnews\/"}]}},"_links":{"self":[{"href":"https:\/\/now-news.de\/de\/wp-json\/wp\/v2\/posts\/53614"}],"collection":[{"href":"https:\/\/now-news.de\/de\/wp-json\/wp\/v2\/posts"}],"about":[{"href":"https:\/\/now-news.de\/de\/wp-json\/wp\/v2\/types\/post"}],"author":[{"embeddable":true,"href":"https:\/\/now-news.de\/de\/wp-json\/wp\/v2\/users\/3"}],"replies":[{"embeddable":true,"href":"https:\/\/now-news.de\/de\/wp-json\/wp\/v2\/comments?post=53614"}],"version-history":[{"count":0,"href":"https:\/\/now-news.de\/de\/wp-json\/wp\/v2\/posts\/53614\/revisions"}],"wp:featuredmedia":[{"embeddable":true,"href":"https:\/\/now-news.de\/de\/wp-json\/wp\/v2\/media\/53615"}],"wp:attachment":[{"href":"https:\/\/now-news.de\/de\/wp-json\/wp\/v2\/media?parent=53614"}],"wp:term":[{"taxonomy":"category","embeddable":true,"href":"https:\/\/now-news.de\/de\/wp-json\/wp\/v2\/categories?post=53614"},{"taxonomy":"post_tag","embeddable":true,"href":"https:\/\/now-news.de\/de\/wp-json\/wp\/v2\/tags?post=53614"}],"curies":[{"name":"wp","href":"https:\/\/api.w.org\/{rel}","templated":true}]}}